{"id":20931,"date":"2025-08-16T08:00:00","date_gmt":"2025-08-16T06:00:00","guid":{"rendered":"https:\/\/www.macapflag.com\/blog\/?p=20931"},"modified":"2025-07-11T10:20:57","modified_gmt":"2025-07-11T08:20:57","slug":"offre-promotionnelle-rentree-affichage-loi-peillon-loi-blanquer","status":"publish","type":"post","link":"https:\/\/www.macapflag.com\/blog\/offre-promotionnelle-rentree-affichage-loi-peillon-loi-blanquer\/","title":{"rendered":"Offre promotionnelle rentr\u00e9e affichage loi Peillon loi Blanquer"},"content":{"rendered":"\n<p>La rentr\u00e9e scolaire approche pour les \u00e9l\u00e8ves comme pour les responsables d\u2019\u00e9tablissements. La loi Peillon de 2013 puis la loi Blanquer en 2019 imposent aux \u00e9tablissements certaines r\u00e8gles d\u2019affichage.<\/p>\n\n\n\n<div style=\"height:28px\" aria-hidden=\"true\" class=\"wp-block-spacer\"><\/div>\n\n\n\n<h2 class=\"wp-block-heading\">Que dit la loi Peillon ?<\/h2>\n\n\n\n<p>Cette loi du 8 juillet 2013 demande aux \u00e9tablissements scolaires d\u2019afficher clairement sur leur fa\u00e7ade :<\/p>\n\n\n\n<ul class=\"wp-block-list\">\n<li>Le drapeau fran\u00e7ais<\/li>\n\n\n\n<li>Le drapeau europ\u00e9en<\/li>\n\n\n\n<li>La devise de la France : libert\u00e9, \u00e9galit\u00e9, fraternit\u00e9,<\/li>\n<\/ul>\n\n\n\n<p>Et de mani\u00e8re lisible dans les locaux, une plaque ou affiche de :<\/p>\n\n\n\n<ul class=\"wp-block-list\">\n<li>La d\u00e9claration des droits de l\u2019homme et du citoyen,<\/li>\n\n\n\n<li>La charte de la la\u00efcit\u00e9<\/li>\n<\/ul>\n\n\n\n<div style=\"height:28px\" aria-hidden=\"true\" class=\"wp-block-spacer\"><\/div>\n\n\n\n<h2 class=\"wp-block-heading\">Que dit la loi Blanquer ?<\/h2>\n\n\n\n<p>Promulgu\u00e9e le 28 juillet 2019, la loi Blanquer demande \u00e0 tous les \u00e9tablissements publics ou priv\u00e9s sous contrat avec l\u2019\u00c9tat sont tenus de respecter, entre autres, l\u2019article L. 111-1-2. : \u00ab L\u2019embl\u00e8me national de la R\u00e9publique fran\u00e7aise, le drapeau tricolore, bleu, blanc, rouge, le drapeau europ\u00e9en, la devise de la R\u00e9publique et les paroles de l\u2019hymne national sont affich\u00e9s dans chacune des salles de classe des \u00e9tablissements du premier et du second degr\u00e9, publics ou priv\u00e9s sous contrat. \u00bb<\/p>\n\n\n\n<div style=\"height:27px\" aria-hidden=\"true\" class=\"wp-block-spacer\"><\/div>\n\n\n\n<h2 class=\"wp-block-heading\">Les solutions Macap<\/h2>\n\n\n\n<p>Sur son site internet, <a href=\"https:\/\/www.macapflag.com\/369-drapeau-ecole-mairie\" target=\"_blank\" rel=\"noreferrer noopener\">Macap<\/a> vous propose une large gamme de solutions pour r\u00e9pondre aux exigences des lois Blanquer et Peillon en mati\u00e8re d\u2019affichage : Drapeau fran\u00e7ais, drapeau europ\u00e9en, paroles de la Marseillaise, charte de la la\u00efcit\u00e9, retrouvez chaque \u00e9l\u00e9ment vendu s\u00e9par\u00e9ment ou sous la forme de kits complets.<\/p>\n\n\n\n<div style=\"height:29px\" aria-hidden=\"true\" class=\"wp-block-spacer\"><\/div>\n\n\n\n<h2 class=\"wp-block-heading\">Une offre promotionnelle pour bien pr\u00e9parer la rentr\u00e9e<\/h2>\n\n\n\n<p><strong>Du samedi 16 au dimanche 31 ao\u00fbt 2025, b\u00e9n\u00e9ficiez de 15\u2009% de remise sur tous les supports d\u2019affichage loi Peillon loi Blanquer.<\/strong><\/p>\n\n\n\n<p>Pour b\u00e9n\u00e9ficier de cet avantage, commandez simplement en ligne vos <a href=\"https:\/\/www.macapflag.com\/kit-loi-peillon-loi-blanquer\/56908-drapeaux-pour-kit-loi-peillon.html\" target=\"_blank\" rel=\"noreferrer noopener\">drapeaux<\/a>, <a href=\"https:\/\/www.macapflag.com\/kit-loi-peillon-loi-blanquer\/1402-declaration-des-droits-de-l-homme-et-du-citoyen.html\" target=\"_blank\" rel=\"noreferrer noopener\">plaques<\/a>, devise de la R\u00e9publique fran\u00e7aise. La remise de 15% s\u2019applique automatiquement sur ces produits pendant la p\u00e9riode de promotion.<\/p>\n\n\n\n<p>En quelques clics, recevez les meilleures solutions de pavoisement et d\u2019affichage pour r\u00e9pondre \u00e0 la l\u00e9gislation en vigueur. <\/p>\n\n\n\n<p><strong>Profitez-en vite !<\/strong><\/p>\n\n\n\n<div class=\"wp-block-columns is-layout-flex wp-container-core-columns-is-layout-9d6595d7 wp-block-columns-is-layout-flex\">\n<div class=\"wp-block-column is-layout-flow wp-block-column-is-layout-flow\"><div class=\"container p-0 m-0\">\n    <div class=\"row m-0 border\">\n        <div class=\"col-12 grid-didpd-body text-center\">\n            <img decoding=\"async\" src=\"https:\/\/www.macapflag.com\/232032-home_default\/kit-complet-loi-peillon.jpg\" alt=\"Kit complet loi Peillon\" class=\"mx-auto\" \/>\n            <div class=\"grid-didpd-text\">\n                <a href=\"https:\/\/www.macapflag.com\/kit-loi-peillon-loi-blanquer\/199-kit-complet-loi-peillon.html\" target=\"_blank\" class=\"stretched-link\">\n                    <h3>Kit complet loi Peillon<\/h3>\n                <\/a>\n            <\/div>\n                        <p class=\"text-center font-weight-bold\">118,00 \u20ac HT<\/p>            <div class=\"text-center\">\n                <button class=\"btn btn-primary\">Achat Kit complet loi Peillon<\/button>\n            <\/div>\n        <\/div>\n    <\/div>\n<\/div>\n\n<\/div>\n\n\n\n<div class=\"wp-block-column is-layout-flow wp-block-column-is-layout-flow\"><div class=\"container p-0 m-0\">\n    <div class=\"row m-0 border\">\n        <div class=\"col-12 grid-didpd-body text-center\">\n            <img decoding=\"async\" src=\"https:\/\/www.macapflag.com\/1853101-home_default\/kit-loi-blanquer-affiche-pvc-2-drapeaux-ecole-secondaire.jpg\" alt=\"Kit complet loi Blanquer\" class=\"mx-auto\" \/>\n            <div class=\"grid-didpd-text\">\n                <a href=\"https:\/\/www.macapflag.com\/kit-loi-peillon-loi-blanquer\/790456-kit-loi-blanquer-affiche-pvc-2-drapeaux-ecole-secondaire.html\" target=\"_blank\" class=\"stretched-link\">\n                    <h3>Kit complet loi Blanquer<\/h3>\n                <\/a>\n            <\/div>\n                        <p class=\"text-center font-weight-bold\">35,00 \u20ac HT<\/p>            <div class=\"text-center\">\n                <button class=\"btn btn-primary\">Achat Kit loi Blanquer<\/button>\n            <\/div>\n        <\/div>\n    <\/div>\n<\/div>\n\n<\/div>\n\n\n\n<div class=\"wp-block-column is-layout-flow wp-block-column-is-layout-flow\"><div class=\"container p-0 m-0\">\n    <div class=\"row m-0 border\">\n        <div class=\"col-12 grid-didpd-body text-center\">\n            <img decoding=\"async\" src=\"https:\/\/www.macapflag.com\/139078-home_default\/drapeaux-pour-kit-loi-peillon.jpg\" alt=\"Kit drapeaux loi Peillon\" class=\"mx-auto\" \/>\n            <div class=\"grid-didpd-text\">\n                <a href=\"https:\/\/www.macapflag.com\/kit-loi-peillon-loi-blanquer\/56908-drapeaux-pour-kit-loi-peillon.html\" target=\"_blank\" class=\"stretched-link\">\n                    <h3>Kit drapeaux loi Peillon<\/h3>\n                <\/a>\n            <\/div>\n                        <p class=\"text-center font-weight-bold\">11,50 \u20ac HT<\/p>            <div class=\"text-center\">\n                <button class=\"btn btn-primary\">Achat kit drapeaux France et EU<\/button>\n            <\/div>\n        <\/div>\n    <\/div>\n<\/div>\n\n<\/div>\n<\/div>\n\n\n\n<div style=\"height:20px\" aria-hidden=\"true\" class=\"wp-block-spacer\"><\/div>\n\n\n\n<div class=\"wp-block-columns is-layout-flex wp-container-core-columns-is-layout-9d6595d7 wp-block-columns-is-layout-flex\">\n<div class=\"wp-block-column is-layout-flow wp-block-column-is-layout-flow\"><div class=\"container p-0 m-0\">\n    <div class=\"row m-0 border\">\n        <div class=\"col-12 grid-didpd-body text-center\">\n            <img decoding=\"async\" src=\"https:\/\/www.macapflag.com\/232041-home_default\/charte-de-la-laicite.jpg\" alt=\"Charte de la la&iuml;cit&eacute;\" class=\"mx-auto\" \/>\n            <div class=\"grid-didpd-text\">\n                <a href=\"https:\/\/www.macapflag.com\/kit-loi-peillon-loi-blanquer\/1405-charte-de-la-laicite.html\" target=\"_blank\" class=\"stretched-link\">\n                    <h3>Charte de la la\u00efcit\u00e9<\/h3>\n                <\/a>\n            <\/div>\n                        <p class=\"text-center font-weight-bold\">26,00 \u20ac HT<\/p>            <div class=\"text-center\">\n                <button class=\"btn btn-primary\">Achat Affiche PVC Charte de la la\u00efcit\u00e9<\/button>\n            <\/div>\n        <\/div>\n    <\/div>\n<\/div>\n\n<\/div>\n\n\n\n<div class=\"wp-block-column is-layout-flow wp-block-column-is-layout-flow\"><div class=\"container p-0 m-0\">\n    <div class=\"row m-0 border\">\n        <div class=\"col-12 grid-didpd-body text-center\">\n            <img decoding=\"async\" src=\"https:\/\/www.macapflag.com\/1853100-home_default\/kit-loi-blanquer-affiche-pvc-2-drapeaux-ecole-primaire.jpg\" alt=\"Kit complet loi Blanquer\" class=\"mx-auto\" \/>\n            <div class=\"grid-didpd-text\">\n                <a href=\"https:\/\/www.macapflag.com\/kit-loi-peillon-loi-blanquer\/790455-kit-loi-blanquer-affiche-pvc-2-drapeaux-ecole-primaire.html\" target=\"_blank\" class=\"stretched-link\">\n                    <h3>Kit complet loi Blanquer<\/h3>\n                <\/a>\n            <\/div>\n                        <p class=\"text-center font-weight-bold\">35,00 \u20ac HT<\/p>            <div class=\"text-center\">\n                <button class=\"btn btn-primary\">Achat Kit loi Blanquer<\/button>\n            <\/div>\n        <\/div>\n    <\/div>\n<\/div>\n\n<\/div>\n\n\n\n<div class=\"wp-block-column is-layout-flow wp-block-column-is-layout-flow\"><div class=\"container p-0 m-0\">\n    <div class=\"row m-0 border\">\n        <div class=\"col-12 grid-didpd-body text-center\">\n            <img decoding=\"async\" src=\"https:\/\/www.macapflag.com\/1853098-home_default\/loi-blanquer-affiche-pvc-special-ecole-secondaire.jpg\" alt=\"Paroles Marseillaise\" class=\"mx-auto\" \/>\n            <div class=\"grid-didpd-text\">\n                <a href=\"https:\/\/www.macapflag.com\/kit-loi-peillon-loi-blanquer\/790453-loi-blanquer-affiche-pvc-special-ecole-secondaire.html\" target=\"_blank\" class=\"stretched-link\">\n                    <h3>Paroles Marseillaise<\/h3>\n                <\/a>\n            <\/div>\n                        <p class=\"text-center font-weight-bold\">28,00 \u20ac HT<\/p>            <div class=\"text-center\">\n                <button class=\"btn btn-primary\">Achat Affiche Marseillaise<\/button>\n            <\/div>\n        <\/div>\n    <\/div>\n<\/div>\n\n<\/div>\n<\/div>\n\n\n\n<div style=\"height:20px\" aria-hidden=\"true\" class=\"wp-block-spacer\"><\/div>\n\n\n\n<div class=\"wp-block-columns is-layout-flex wp-container-core-columns-is-layout-9d6595d7 wp-block-columns-is-layout-flex\">\n<div class=\"wp-block-column is-layout-flow wp-block-column-is-layout-flow\"><div class=\"container p-0 m-0\">\n    <div class=\"row m-0 border\">\n        <div class=\"col-12 grid-didpd-body text-center\">\n            <img decoding=\"async\" src=\"https:\/\/www.macapflag.com\/1296283-home_default\/ecusson-porte-drapeau.jpg\" alt=\"Ecusson porte drapeaux France\" class=\"mx-auto\" \/>\n            <div class=\"grid-didpd-text\">\n                <a href=\"https:\/\/www.macapflag.com\/drapeau-mairie\/58388-ecusson-porte-drapeau.html\" target=\"_blank\" class=\"stretched-link\">\n                    <h3>Ecusson porte drapeaux France<\/h3>\n                <\/a>\n            <\/div>\n                        <p class=\"text-center font-weight-bold\">56,00 \u20ac HT<\/p>            <div class=\"text-center\">\n                <button class=\"btn btn-primary\">Achat \u00c9cusson France<\/button>\n            <\/div>\n        <\/div>\n    <\/div>\n<\/div>\n\n<\/div>\n\n\n\n<div class=\"wp-block-column is-layout-flow wp-block-column-is-layout-flow\"><div class=\"container p-0 m-0\">\n    <div class=\"row m-0 border\">\n        <div class=\"col-12 grid-didpd-body text-center\">\n            <img decoding=\"async\" src=\"https:\/\/www.macapflag.com\/1860569-home_default\/kit-1-drapeau-france-ou-ue-avec-mat-fixation-de-facade-officiel.jpg\" alt=\"Kit drapeau France et m&acirc;t de fa&ccedil;ade\" class=\"mx-auto\" \/>\n            <div class=\"grid-didpd-text\">\n                <a href=\"https:\/\/www.macapflag.com\/drapeau-mairie\/792378-kit-1-drapeau-france-ou-ue-avec-mat-fixation-de-facade-officiel.html\" target=\"_blank\" class=\"stretched-link\">\n                    <h3>Kit drapeau France et m\u00e2t de fa\u00e7ade<\/h3>\n                <\/a>\n            <\/div>\n                        <p class=\"text-center font-weight-bold\">70,00 \u20ac HT<\/p>            <div class=\"text-center\">\n                <button class=\"btn btn-primary\">Achat Kit drapeau France pour fa\u00e7ade<\/button>\n            <\/div>\n        <\/div>\n    <\/div>\n<\/div>\n\n<\/div>\n\n\n\n<div class=\"wp-block-column is-layout-flow wp-block-column-is-layout-flow\"><div class=\"container p-0 m-0\">\n    <div class=\"row m-0 border\">\n        <div class=\"col-12 grid-didpd-body text-center\">\n            <img decoding=\"async\" src=\"https:\/\/www.macapflag.com\/1860558-home_default\/kit-2-drapeaux-france-ue-avec-fixation-de-facade-officiel.jpg\" alt=\"Kit drapeaux France UE + fixation\" class=\"mx-auto\" \/>\n            <div class=\"grid-didpd-text\">\n                <a href=\"https:\/\/www.macapflag.com\/drapeau-ecole-mairie\/792377-kit-2-drapeaux-france-ue-avec-fixation-de-facade-officiel.html\" target=\"_blank\" class=\"stretched-link\">\n                    <h3>Kit drapeaux France UE + fixation<\/h3>\n                <\/a>\n            <\/div>\n                        <p class=\"text-center font-weight-bold\">60,00 \u20ac HT<\/p>            <div class=\"text-center\">\n                <button class=\"btn btn-primary\">Achat Kit drapeaux + fixation de fa\u00e7ade<\/button>\n            <\/div>\n        <\/div>\n    <\/div>\n<\/div>\n\n<\/div>\n<\/div>\n","protected":false},"excerpt":{"rendered":"<div class=\"tmnf_excerpt\"><p>La rentr\u00e9e scolaire approche pour les \u00e9l\u00e8ves comme pour les responsables d\u2019\u00e9tablissements. La loi Peillon de 2013 puis la loi Blanquer en 2019 imposent aux \u00e9tablissements certaines r\u00e8gles d\u2019affichage. Que dit la loi Peillon ? Cette loi du 8 juillet 2013 demande aux \u00e9tablissements scolaires d\u2019afficher clairement sur leur fa\u00e7ade : Et de mani\u00e8re lisible &hellip;<\/p>\n<\/div>","protected":false},"author":2,"featured_media":21166,"comment_status":"closed","ping_status":"open","sticky":false,"template":"template-fullwidth.php","format":"standard","meta":{"footnotes":""},"categories":[93],"tags":[],"class_list":["post-20931","post","type-post","status-publish","format-standard","has-post-thumbnail","hentry","category-com"],"yoast_head":"<!-- This site is optimized with the Yoast SEO plugin v26.4 - https:\/\/yoast.com\/wordpress\/plugins\/seo\/ -->\n<title>Offre promotionnelle rentr\u00e9e affichage loi Peillon loi Blanquer - Blog - Macap<\/title>\n<meta name=\"description\" content=\"Achetez tous vos supports d&#039;affichage pour l&#039;\u00e9cole de la R\u00e9publique r\u00e9pondant aux obligations de la loi Peillon et Blanquer\" \/>\n<meta name=\"robots\" content=\"index, follow, max-snippet:-1, max-image-preview:large, max-video-preview:-1\" \/>\n<link rel=\"canonical\" href=\"https:\/\/www.macapflag.com\/blog\/offre-promotionnelle-rentree-affichage-loi-peillon-loi-blanquer\/\" \/>\n<meta property=\"og:locale\" content=\"fr_FR\" \/>\n<meta property=\"og:type\" content=\"article\" \/>\n<meta property=\"og:title\" content=\"Offre promotionnelle rentr\u00e9e affichage loi Peillon loi Blanquer - Blog - Macap\" \/>\n<meta property=\"og:description\" content=\"Achetez tous vos supports d&#039;affichage pour l&#039;\u00e9cole de la R\u00e9publique r\u00e9pondant aux obligations de la loi Peillon et Blanquer\" \/>\n<meta property=\"og:url\" content=\"https:\/\/www.macapflag.com\/blog\/offre-promotionnelle-rentree-affichage-loi-peillon-loi-blanquer\/\" \/>\n<meta property=\"og:site_name\" content=\"Blog - Macap\" \/>\n<meta property=\"article:publisher\" content=\"https:\/\/www.facebook.com\/macap.pavoisement\/\" \/>\n<meta property=\"article:published_time\" content=\"2025-08-16T06:00:00+00:00\" \/>\n<meta property=\"og:image\" content=\"https:\/\/www.macapflag.com\/blog\/wp-content\/uploads\/2025\/08\/offre-titre-loi-peillon-2025.jpg\" \/>\n\t<meta property=\"og:image:width\" content=\"870\" \/>\n\t<meta property=\"og:image:height\" content=\"600\" \/>\n\t<meta property=\"og:image:type\" content=\"image\/jpeg\" \/>\n<meta name=\"author\" content=\"Blog Macap\" \/>\n<meta name=\"twitter:card\" content=\"summary_large_image\" \/>\n<meta name=\"twitter:label1\" content=\"\u00c9crit par\" \/>\n\t<meta name=\"twitter:data1\" content=\"Blog Macap\" \/>\n\t<meta name=\"twitter:label2\" content=\"Dur\u00e9e de lecture estim\u00e9e\" \/>\n\t<meta name=\"twitter:data2\" content=\"3 minutes\" \/>\n<script type=\"application\/ld+json\" class=\"yoast-schema-graph\">{\"@context\":\"https:\/\/schema.org\",\"@graph\":[{\"@type\":\"Article\",\"@id\":\"https:\/\/www.macapflag.com\/blog\/offre-promotionnelle-rentree-affichage-loi-peillon-loi-blanquer\/#article\",\"isPartOf\":{\"@id\":\"https:\/\/www.macapflag.com\/blog\/offre-promotionnelle-rentree-affichage-loi-peillon-loi-blanquer\/\"},\"author\":{\"name\":\"Blog Macap\",\"@id\":\"https:\/\/www.macapflag.com\/blog\/#\/schema\/person\/3fea701f2603875e651e6b662578fc3c\"},\"headline\":\"Offre promotionnelle rentr\u00e9e affichage loi Peillon loi Blanquer\",\"datePublished\":\"2025-08-16T06:00:00+00:00\",\"mainEntityOfPage\":{\"@id\":\"https:\/\/www.macapflag.com\/blog\/offre-promotionnelle-rentree-affichage-loi-peillon-loi-blanquer\/\"},\"wordCount\":563,\"publisher\":{\"@id\":\"https:\/\/www.macapflag.com\/blog\/#organization\"},\"image\":{\"@id\":\"https:\/\/www.macapflag.com\/blog\/offre-promotionnelle-rentree-affichage-loi-peillon-loi-blanquer\/#primaryimage\"},\"thumbnailUrl\":\"https:\/\/www.macapflag.com\/blog\/wp-content\/uploads\/2025\/08\/offre-titre-loi-peillon-2025.jpg\",\"articleSection\":[\"Le monde de la Com'\"],\"inLanguage\":\"fr-FR\"},{\"@type\":\"WebPage\",\"@id\":\"https:\/\/www.macapflag.com\/blog\/offre-promotionnelle-rentree-affichage-loi-peillon-loi-blanquer\/\",\"url\":\"https:\/\/www.macapflag.com\/blog\/offre-promotionnelle-rentree-affichage-loi-peillon-loi-blanquer\/\",\"name\":\"Offre promotionnelle rentr\u00e9e affichage loi Peillon loi Blanquer - Blog - Macap\",\"isPartOf\":{\"@id\":\"https:\/\/www.macapflag.com\/blog\/#website\"},\"primaryImageOfPage\":{\"@id\":\"https:\/\/www.macapflag.com\/blog\/offre-promotionnelle-rentree-affichage-loi-peillon-loi-blanquer\/#primaryimage\"},\"image\":{\"@id\":\"https:\/\/www.macapflag.com\/blog\/offre-promotionnelle-rentree-affichage-loi-peillon-loi-blanquer\/#primaryimage\"},\"thumbnailUrl\":\"https:\/\/www.macapflag.com\/blog\/wp-content\/uploads\/2025\/08\/offre-titre-loi-peillon-2025.jpg\",\"datePublished\":\"2025-08-16T06:00:00+00:00\",\"description\":\"Achetez tous vos supports d'affichage pour l'\u00e9cole de la R\u00e9publique r\u00e9pondant aux obligations de la loi Peillon et Blanquer\",\"breadcrumb\":{\"@id\":\"https:\/\/www.macapflag.com\/blog\/offre-promotionnelle-rentree-affichage-loi-peillon-loi-blanquer\/#breadcrumb\"},\"inLanguage\":\"fr-FR\",\"potentialAction\":[{\"@type\":\"ReadAction\",\"target\":[\"https:\/\/www.macapflag.com\/blog\/offre-promotionnelle-rentree-affichage-loi-peillon-loi-blanquer\/\"]}]},{\"@type\":\"ImageObject\",\"inLanguage\":\"fr-FR\",\"@id\":\"https:\/\/www.macapflag.com\/blog\/offre-promotionnelle-rentree-affichage-loi-peillon-loi-blanquer\/#primaryimage\",\"url\":\"https:\/\/www.macapflag.com\/blog\/wp-content\/uploads\/2025\/08\/offre-titre-loi-peillon-2025.jpg\",\"contentUrl\":\"https:\/\/www.macapflag.com\/blog\/wp-content\/uploads\/2025\/08\/offre-titre-loi-peillon-2025.jpg\",\"width\":870,\"height\":600,\"caption\":\"supports peillon blanquer en promotion\"},{\"@type\":\"BreadcrumbList\",\"@id\":\"https:\/\/www.macapflag.com\/blog\/offre-promotionnelle-rentree-affichage-loi-peillon-loi-blanquer\/#breadcrumb\",\"itemListElement\":[{\"@type\":\"ListItem\",\"position\":1,\"name\":\"Accueil\",\"item\":\"https:\/\/www.macapflag.com\/blog\/\"},{\"@type\":\"ListItem\",\"position\":2,\"name\":\"Offre promotionnelle rentr\u00e9e affichage loi Peillon loi Blanquer\"}]},{\"@type\":\"WebSite\",\"@id\":\"https:\/\/www.macapflag.com\/blog\/#website\",\"url\":\"https:\/\/www.macapflag.com\/blog\/\",\"name\":\"Blog - Macap\",\"description\":\"Tous nos articles\",\"publisher\":{\"@id\":\"https:\/\/www.macapflag.com\/blog\/#organization\"},\"potentialAction\":[{\"@type\":\"SearchAction\",\"target\":{\"@type\":\"EntryPoint\",\"urlTemplate\":\"https:\/\/www.macapflag.com\/blog\/?s={search_term_string}\"},\"query-input\":{\"@type\":\"PropertyValueSpecification\",\"valueRequired\":true,\"valueName\":\"search_term_string\"}}],\"inLanguage\":\"fr-FR\"},{\"@type\":\"Organization\",\"@id\":\"https:\/\/www.macapflag.com\/blog\/#organization\",\"name\":\"macapflag\",\"url\":\"https:\/\/www.macapflag.com\/blog\/\",\"logo\":{\"@type\":\"ImageObject\",\"inLanguage\":\"fr-FR\",\"@id\":\"https:\/\/www.macapflag.com\/blog\/#\/schema\/logo\/image\/\",\"url\":\"https:\/\/www.macapflag.com\/blog\/wp-content\/uploads\/2020\/12\/cropped-M-512-1.png\",\"contentUrl\":\"https:\/\/www.macapflag.com\/blog\/wp-content\/uploads\/2020\/12\/cropped-M-512-1.png\",\"width\":512,\"height\":512,\"caption\":\"macapflag\"},\"image\":{\"@id\":\"https:\/\/www.macapflag.com\/blog\/#\/schema\/logo\/image\/\"},\"sameAs\":[\"https:\/\/www.facebook.com\/macap.pavoisement\/\",\"https:\/\/www.instagram.com\/macapflag\/?hl=fr\",\"https:\/\/www.linkedin.com\/company\/macap\/?originalSubdomain=fr\",\"https:\/\/www.youtube.com\/channel\/UCXNzTIdZh9poEBjSXEqDtNw\"]},{\"@type\":\"Person\",\"@id\":\"https:\/\/www.macapflag.com\/blog\/#\/schema\/person\/3fea701f2603875e651e6b662578fc3c\",\"name\":\"Blog Macap\",\"image\":{\"@type\":\"ImageObject\",\"inLanguage\":\"fr-FR\",\"@id\":\"https:\/\/www.macapflag.com\/blog\/#\/schema\/person\/image\/\",\"url\":\"https:\/\/secure.gravatar.com\/avatar\/c12551f2dc51f0db049633b03e7856985477a70da834cc8967dea4ce54bdd6a2?s=96&d=mm&r=g\",\"contentUrl\":\"https:\/\/secure.gravatar.com\/avatar\/c12551f2dc51f0db049633b03e7856985477a70da834cc8967dea4ce54bdd6a2?s=96&d=mm&r=g\",\"caption\":\"Blog Macap\"},\"url\":\"https:\/\/www.macapflag.com\/blog\/author\/macap\/\"}]}<\/script>\n<!-- \/ Yoast SEO plugin. -->","yoast_head_json":{"title":"Offre promotionnelle rentr\u00e9e affichage loi Peillon loi Blanquer - Blog - Macap","description":"Achetez tous vos supports d'affichage pour l'\u00e9cole de la R\u00e9publique r\u00e9pondant aux obligations de la loi Peillon et Blanquer","robots":{"index":"index","follow":"follow","max-snippet":"max-snippet:-1","max-image-preview":"max-image-preview:large","max-video-preview":"max-video-preview:-1"},"canonical":"https:\/\/www.macapflag.com\/blog\/offre-promotionnelle-rentree-affichage-loi-peillon-loi-blanquer\/","og_locale":"fr_FR","og_type":"article","og_title":"Offre promotionnelle rentr\u00e9e affichage loi Peillon loi Blanquer - Blog - Macap","og_description":"Achetez tous vos supports d'affichage pour l'\u00e9cole de la R\u00e9publique r\u00e9pondant aux obligations de la loi Peillon et Blanquer","og_url":"https:\/\/www.macapflag.com\/blog\/offre-promotionnelle-rentree-affichage-loi-peillon-loi-blanquer\/","og_site_name":"Blog - Macap","article_publisher":"https:\/\/www.facebook.com\/macap.pavoisement\/","article_published_time":"2025-08-16T06:00:00+00:00","og_image":[{"width":870,"height":600,"url":"https:\/\/www.macapflag.com\/blog\/wp-content\/uploads\/2025\/08\/offre-titre-loi-peillon-2025.jpg","type":"image\/jpeg"}],"author":"Blog Macap","twitter_card":"summary_large_image","twitter_misc":{"\u00c9crit par":"Blog Macap","Dur\u00e9e de lecture estim\u00e9e":"3 minutes"},"schema":{"@context":"https:\/\/schema.org","@graph":[{"@type":"Article","@id":"https:\/\/www.macapflag.com\/blog\/offre-promotionnelle-rentree-affichage-loi-peillon-loi-blanquer\/#article","isPartOf":{"@id":"https:\/\/www.macapflag.com\/blog\/offre-promotionnelle-rentree-affichage-loi-peillon-loi-blanquer\/"},"author":{"name":"Blog Macap","@id":"https:\/\/www.macapflag.com\/blog\/#\/schema\/person\/3fea701f2603875e651e6b662578fc3c"},"headline":"Offre promotionnelle rentr\u00e9e affichage loi Peillon loi Blanquer","datePublished":"2025-08-16T06:00:00+00:00","mainEntityOfPage":{"@id":"https:\/\/www.macapflag.com\/blog\/offre-promotionnelle-rentree-affichage-loi-peillon-loi-blanquer\/"},"wordCount":563,"publisher":{"@id":"https:\/\/www.macapflag.com\/blog\/#organization"},"image":{"@id":"https:\/\/www.macapflag.com\/blog\/offre-promotionnelle-rentree-affichage-loi-peillon-loi-blanquer\/#primaryimage"},"thumbnailUrl":"https:\/\/www.macapflag.com\/blog\/wp-content\/uploads\/2025\/08\/offre-titre-loi-peillon-2025.jpg","articleSection":["Le monde de la Com'"],"inLanguage":"fr-FR"},{"@type":"WebPage","@id":"https:\/\/www.macapflag.com\/blog\/offre-promotionnelle-rentree-affichage-loi-peillon-loi-blanquer\/","url":"https:\/\/www.macapflag.com\/blog\/offre-promotionnelle-rentree-affichage-loi-peillon-loi-blanquer\/","name":"Offre promotionnelle rentr\u00e9e affichage loi Peillon loi Blanquer - Blog - Macap","isPartOf":{"@id":"https:\/\/www.macapflag.com\/blog\/#website"},"primaryImageOfPage":{"@id":"https:\/\/www.macapflag.com\/blog\/offre-promotionnelle-rentree-affichage-loi-peillon-loi-blanquer\/#primaryimage"},"image":{"@id":"https:\/\/www.macapflag.com\/blog\/offre-promotionnelle-rentree-affichage-loi-peillon-loi-blanquer\/#primaryimage"},"thumbnailUrl":"https:\/\/www.macapflag.com\/blog\/wp-content\/uploads\/2025\/08\/offre-titre-loi-peillon-2025.jpg","datePublished":"2025-08-16T06:00:00+00:00","description":"Achetez tous vos supports d'affichage pour l'\u00e9cole de la R\u00e9publique r\u00e9pondant aux obligations de la loi Peillon et Blanquer","breadcrumb":{"@id":"https:\/\/www.macapflag.com\/blog\/offre-promotionnelle-rentree-affichage-loi-peillon-loi-blanquer\/#breadcrumb"},"inLanguage":"fr-FR","potentialAction":[{"@type":"ReadAction","target":["https:\/\/www.macapflag.com\/blog\/offre-promotionnelle-rentree-affichage-loi-peillon-loi-blanquer\/"]}]},{"@type":"ImageObject","inLanguage":"fr-FR","@id":"https:\/\/www.macapflag.com\/blog\/offre-promotionnelle-rentree-affichage-loi-peillon-loi-blanquer\/#primaryimage","url":"https:\/\/www.macapflag.com\/blog\/wp-content\/uploads\/2025\/08\/offre-titre-loi-peillon-2025.jpg","contentUrl":"https:\/\/www.macapflag.com\/blog\/wp-content\/uploads\/2025\/08\/offre-titre-loi-peillon-2025.jpg","width":870,"height":600,"caption":"supports peillon blanquer en promotion"},{"@type":"BreadcrumbList","@id":"https:\/\/www.macapflag.com\/blog\/offre-promotionnelle-rentree-affichage-loi-peillon-loi-blanquer\/#breadcrumb","itemListElement":[{"@type":"ListItem","position":1,"name":"Accueil","item":"https:\/\/www.macapflag.com\/blog\/"},{"@type":"ListItem","position":2,"name":"Offre promotionnelle rentr\u00e9e affichage loi Peillon loi Blanquer"}]},{"@type":"WebSite","@id":"https:\/\/www.macapflag.com\/blog\/#website","url":"https:\/\/www.macapflag.com\/blog\/","name":"Blog - Macap","description":"Tous nos articles","publisher":{"@id":"https:\/\/www.macapflag.com\/blog\/#organization"},"potentialAction":[{"@type":"SearchAction","target":{"@type":"EntryPoint","urlTemplate":"https:\/\/www.macapflag.com\/blog\/?s={search_term_string}"},"query-input":{"@type":"PropertyValueSpecification","valueRequired":true,"valueName":"search_term_string"}}],"inLanguage":"fr-FR"},{"@type":"Organization","@id":"https:\/\/www.macapflag.com\/blog\/#organization","name":"macapflag","url":"https:\/\/www.macapflag.com\/blog\/","logo":{"@type":"ImageObject","inLanguage":"fr-FR","@id":"https:\/\/www.macapflag.com\/blog\/#\/schema\/logo\/image\/","url":"https:\/\/www.macapflag.com\/blog\/wp-content\/uploads\/2020\/12\/cropped-M-512-1.png","contentUrl":"https:\/\/www.macapflag.com\/blog\/wp-content\/uploads\/2020\/12\/cropped-M-512-1.png","width":512,"height":512,"caption":"macapflag"},"image":{"@id":"https:\/\/www.macapflag.com\/blog\/#\/schema\/logo\/image\/"},"sameAs":["https:\/\/www.facebook.com\/macap.pavoisement\/","https:\/\/www.instagram.com\/macapflag\/?hl=fr","https:\/\/www.linkedin.com\/company\/macap\/?originalSubdomain=fr","https:\/\/www.youtube.com\/channel\/UCXNzTIdZh9poEBjSXEqDtNw"]},{"@type":"Person","@id":"https:\/\/www.macapflag.com\/blog\/#\/schema\/person\/3fea701f2603875e651e6b662578fc3c","name":"Blog Macap","image":{"@type":"ImageObject","inLanguage":"fr-FR","@id":"https:\/\/www.macapflag.com\/blog\/#\/schema\/person\/image\/","url":"https:\/\/secure.gravatar.com\/avatar\/c12551f2dc51f0db049633b03e7856985477a70da834cc8967dea4ce54bdd6a2?s=96&d=mm&r=g","contentUrl":"https:\/\/secure.gravatar.com\/avatar\/c12551f2dc51f0db049633b03e7856985477a70da834cc8967dea4ce54bdd6a2?s=96&d=mm&r=g","caption":"Blog Macap"},"url":"https:\/\/www.macapflag.com\/blog\/author\/macap\/"}]}},"_links":{"self":[{"href":"https:\/\/www.macapflag.com\/blog\/wp-json\/wp\/v2\/posts\/20931","targetHints":{"allow":["GET"]}}],"collection":[{"href":"https:\/\/www.macapflag.com\/blog\/wp-json\/wp\/v2\/posts"}],"about":[{"href":"https:\/\/www.macapflag.com\/blog\/wp-json\/wp\/v2\/types\/post"}],"author":[{"embeddable":true,"href":"https:\/\/www.macapflag.com\/blog\/wp-json\/wp\/v2\/users\/2"}],"replies":[{"embeddable":true,"href":"https:\/\/www.macapflag.com\/blog\/wp-json\/wp\/v2\/comments?post=20931"}],"version-history":[{"count":18,"href":"https:\/\/www.macapflag.com\/blog\/wp-json\/wp\/v2\/posts\/20931\/revisions"}],"predecessor-version":[{"id":21284,"href":"https:\/\/www.macapflag.com\/blog\/wp-json\/wp\/v2\/posts\/20931\/revisions\/21284"}],"wp:featuredmedia":[{"embeddable":true,"href":"https:\/\/www.macapflag.com\/blog\/wp-json\/wp\/v2\/media\/21166"}],"wp:attachment":[{"href":"https:\/\/www.macapflag.com\/blog\/wp-json\/wp\/v2\/media?parent=20931"}],"wp:term":[{"taxonomy":"category","embeddable":true,"href":"https:\/\/www.macapflag.com\/blog\/wp-json\/wp\/v2\/categories?post=20931"},{"taxonomy":"post_tag","embeddable":true,"href":"https:\/\/www.macapflag.com\/blog\/wp-json\/wp\/v2\/tags?post=20931"}],"curies":[{"name":"wp","href":"https:\/\/api.w.org\/{rel}","templated":true}]}}