{"id":21038,"date":"2025-08-25T08:00:00","date_gmt":"2025-08-25T06:00:00","guid":{"rendered":"https:\/\/www.macapflag.com\/blog\/?p=21038"},"modified":"2025-06-16T10:03:32","modified_gmt":"2025-06-16T08:03:32","slug":"uruguay-25-aout","status":"publish","type":"post","link":"https:\/\/www.macapflag.com\/blog\/uruguay-25-aout\/","title":{"rendered":"Un jour, un pays. Le 25 ao\u00fbt en Uruguay"},"content":{"rendered":"\t\t<div data-elementor-type=\"wp-post\" data-elementor-id=\"21038\" class=\"elementor elementor-21038\">\n\t\t\t\t\t\t<section class=\"elementor-section elementor-top-section elementor-element elementor-element-47b5fc0f elementor-section-boxed elementor-section-height-default elementor-section-height-default\" data-id=\"47b5fc0f\" data-element_type=\"section\">\n\t\t\t\t\t\t<div class=\"elementor-container elementor-column-gap-default\">\n\t\t\t\t\t<div class=\"elementor-column elementor-col-100 elementor-top-column elementor-element elementor-element-7d27fd3d\" data-id=\"7d27fd3d\" data-element_type=\"column\">\n\t\t\t<div class=\"elementor-widget-wrap elementor-element-populated\">\n\t\t\t\t\t\t<div class=\"elementor-element elementor-element-4aadca48 elementor-widget elementor-widget-heading\" data-id=\"4aadca48\" data-element_type=\"widget\" data-widget_type=\"heading.default\">\n\t\t\t\t<div class=\"elementor-widget-container\">\n\t\t\t\t\t<h2 class=\"elementor-heading-title elementor-size-default\">8 infos cl\u00e9s sur l'Uruguay en 2025<\/h2>\t\t\t\t<\/div>\n\t\t\t\t<\/div>\n\t\t\t\t\t<\/div>\n\t\t<\/div>\n\t\t\t\t\t<\/div>\n\t\t<\/section>\n\t\t\t\t<section class=\"elementor-section elementor-top-section elementor-element elementor-element-56c22a5a elementor-section-boxed elementor-section-height-default elementor-section-height-default\" data-id=\"56c22a5a\" data-element_type=\"section\">\n\t\t\t\t\t\t<div class=\"elementor-container elementor-column-gap-default\">\n\t\t\t\t\t<div class=\"elementor-column elementor-col-33 elementor-top-column elementor-element elementor-element-61e67f46\" data-id=\"61e67f46\" data-element_type=\"column\">\n\t\t\t<div class=\"elementor-widget-wrap elementor-element-populated\">\n\t\t\t\t\t\t<div class=\"elementor-element elementor-element-60a9bcca elementor-widget elementor-widget-image\" data-id=\"60a9bcca\" data-element_type=\"widget\" data-widget_type=\"image.default\">\n\t\t\t\t<div class=\"elementor-widget-container\">\n\t\t\t\t\t\t\t\t\t\t\t\t\t\t\t<img decoding=\"async\" width=\"171\" height=\"142\" src=\"https:\/\/www.macapflag.com\/blog\/wp-content\/uploads\/2022\/09\/localisation.jpg\" class=\"attachment-large size-large wp-image-11202\" alt=\"Localisation du pays\" \/>\t\t\t\t\t\t\t\t\t\t\t\t\t\t\t<\/div>\n\t\t\t\t<\/div>\n\t\t\t\t\t<\/div>\n\t\t<\/div>\n\t\t\t\t<div class=\"elementor-column elementor-col-66 elementor-top-column elementor-element elementor-element-63081374\" data-id=\"63081374\" data-element_type=\"column\">\n\t\t\t<div class=\"elementor-widget-wrap elementor-element-populated\">\n\t\t\t\t\t\t<div class=\"elementor-element elementor-element-47c93685 elementor-widget elementor-widget-heading\" data-id=\"47c93685\" data-element_type=\"widget\" data-widget_type=\"heading.default\">\n\t\t\t\t<div class=\"elementor-widget-container\">\n\t\t\t\t\t<h3 class=\"elementor-heading-title elementor-size-default\">Localisation\u200b<\/h3>\t\t\t\t<\/div>\n\t\t\t\t<\/div>\n\t\t\t\t<div class=\"elementor-element elementor-element-1fbeb554 elementor-widget__width-initial elementor-widget elementor-widget-text-editor\" data-id=\"1fbeb554\" data-element_type=\"widget\" data-widget_type=\"text-editor.default\">\n\t\t\t\t<div class=\"elementor-widget-container\">\n\t\t\t\t\t\t\t\t\t<p>L&#8217;Uruguay est un pays d&#8217;Am\u00e9rique du Sud qui borde l&#8217;oc\u00e9an Atlantique.<br \/><br \/>Sa capitale est <strong>Montevideo<\/strong>.<\/p>\t\t\t\t\t\t\t\t<\/div>\n\t\t\t\t<\/div>\n\t\t\t\t\t<\/div>\n\t\t<\/div>\n\t\t\t\t\t<\/div>\n\t\t<\/section>\n\t\t\t\t<section class=\"elementor-section elementor-top-section elementor-element elementor-element-bf88adc elementor-section-boxed elementor-section-height-default elementor-section-height-default\" data-id=\"bf88adc\" data-element_type=\"section\">\n\t\t\t\t\t\t<div class=\"elementor-container elementor-column-gap-default\">\n\t\t\t\t\t<div class=\"elementor-column elementor-col-33 elementor-top-column elementor-element elementor-element-303d1190\" data-id=\"303d1190\" data-element_type=\"column\">\n\t\t\t<div class=\"elementor-widget-wrap elementor-element-populated\">\n\t\t\t\t\t\t<div class=\"elementor-element elementor-element-35b5cbdb elementor-widget elementor-widget-image\" data-id=\"35b5cbdb\" data-element_type=\"widget\" data-widget_type=\"image.default\">\n\t\t\t\t<div class=\"elementor-widget-container\">\n\t\t\t\t\t\t\t\t\t\t\t\t\t\t\t<img decoding=\"async\" width=\"171\" height=\"142\" src=\"https:\/\/www.macapflag.com\/blog\/wp-content\/uploads\/2022\/09\/population.jpg\" class=\"attachment-large size-large wp-image-11204\" alt=\"Population du pays\" \/>\t\t\t\t\t\t\t\t\t\t\t\t\t\t\t<\/div>\n\t\t\t\t<\/div>\n\t\t\t\t\t<\/div>\n\t\t<\/div>\n\t\t\t\t<div class=\"elementor-column elementor-col-66 elementor-top-column elementor-element elementor-element-3297033f\" data-id=\"3297033f\" data-element_type=\"column\">\n\t\t\t<div class=\"elementor-widget-wrap elementor-element-populated\">\n\t\t\t\t\t\t<div class=\"elementor-element elementor-element-2d730d43 elementor-widget elementor-widget-heading\" data-id=\"2d730d43\" data-element_type=\"widget\" data-widget_type=\"heading.default\">\n\t\t\t\t<div class=\"elementor-widget-container\">\n\t\t\t\t\t<h3 class=\"elementor-heading-title elementor-size-default\">Population\u200b<\/h3>\t\t\t\t<\/div>\n\t\t\t\t<\/div>\n\t\t\t\t<div class=\"elementor-element elementor-element-569b8fbb elementor-widget elementor-widget-text-editor\" data-id=\"569b8fbb\" data-element_type=\"widget\" data-widget_type=\"text-editor.default\">\n\t\t\t\t<div class=\"elementor-widget-container\">\n\t\t\t\t\t\t\t\t\t<p><strong>3,4<\/strong> millions d\u2019habitants (source Banque mondiale), ce qui place le pays au <strong>133\u1d49<\/strong> rang mondial.<\/p>\t\t\t\t\t\t\t\t<\/div>\n\t\t\t\t<\/div>\n\t\t\t\t\t<\/div>\n\t\t<\/div>\n\t\t\t\t\t<\/div>\n\t\t<\/section>\n\t\t\t\t<section class=\"elementor-section elementor-top-section elementor-element elementor-element-109c575a elementor-section-boxed elementor-section-height-default elementor-section-height-default\" data-id=\"109c575a\" data-element_type=\"section\">\n\t\t\t\t\t\t<div class=\"elementor-container elementor-column-gap-default\">\n\t\t\t\t\t<div class=\"elementor-column elementor-col-33 elementor-top-column elementor-element elementor-element-1db37d28\" data-id=\"1db37d28\" data-element_type=\"column\">\n\t\t\t<div class=\"elementor-widget-wrap elementor-element-populated\">\n\t\t\t\t\t\t<div class=\"elementor-element elementor-element-4a01ba91 elementor-widget elementor-widget-image\" data-id=\"4a01ba91\" data-element_type=\"widget\" data-widget_type=\"image.default\">\n\t\t\t\t<div class=\"elementor-widget-container\">\n\t\t\t\t\t\t\t\t\t\t\t\t\t\t\t<img decoding=\"async\" width=\"171\" height=\"142\" src=\"https:\/\/www.macapflag.com\/blog\/wp-content\/uploads\/2022\/09\/langue.jpg\" class=\"attachment-large size-large wp-image-11201\" alt=\"Langue officielle du pays\" \/>\t\t\t\t\t\t\t\t\t\t\t\t\t\t\t<\/div>\n\t\t\t\t<\/div>\n\t\t\t\t\t<\/div>\n\t\t<\/div>\n\t\t\t\t<div class=\"elementor-column elementor-col-66 elementor-top-column elementor-element elementor-element-1f548343\" data-id=\"1f548343\" data-element_type=\"column\">\n\t\t\t<div class=\"elementor-widget-wrap elementor-element-populated\">\n\t\t\t\t\t\t<div class=\"elementor-element elementor-element-35cd3ba0 elementor-widget elementor-widget-heading\" data-id=\"35cd3ba0\" data-element_type=\"widget\" data-widget_type=\"heading.default\">\n\t\t\t\t<div class=\"elementor-widget-container\">\n\t\t\t\t\t<h3 class=\"elementor-heading-title elementor-size-default\">Langue officielle\u200b<\/h3>\t\t\t\t<\/div>\n\t\t\t\t<\/div>\n\t\t\t\t<div class=\"elementor-element elementor-element-7cfcc473 elementor-widget elementor-widget-text-editor\" data-id=\"7cfcc473\" data-element_type=\"widget\" data-widget_type=\"text-editor.default\">\n\t\t\t\t<div class=\"elementor-widget-container\">\n\t\t\t\t\t\t\t\t\t<p>La langue officielle de l&#8217;Uruguay est l&#8217;<strong>espagnol<\/strong>.<br \/><br \/><\/p>\t\t\t\t\t\t\t\t<\/div>\n\t\t\t\t<\/div>\n\t\t\t\t\t<\/div>\n\t\t<\/div>\n\t\t\t\t\t<\/div>\n\t\t<\/section>\n\t\t\t\t<section class=\"elementor-section elementor-top-section elementor-element elementor-element-255297e8 elementor-section-boxed elementor-section-height-default elementor-section-height-default\" data-id=\"255297e8\" data-element_type=\"section\">\n\t\t\t\t\t\t<div class=\"elementor-container elementor-column-gap-default\">\n\t\t\t\t\t<div class=\"elementor-column elementor-col-33 elementor-top-column elementor-element elementor-element-e8939d3\" data-id=\"e8939d3\" data-element_type=\"column\">\n\t\t\t<div class=\"elementor-widget-wrap elementor-element-populated\">\n\t\t\t\t\t\t<div class=\"elementor-element elementor-element-51d9bb43 elementor-widget elementor-widget-image\" data-id=\"51d9bb43\" data-element_type=\"widget\" data-widget_type=\"image.default\">\n\t\t\t\t<div class=\"elementor-widget-container\">\n\t\t\t\t\t\t\t\t\t\t\t\t\t\t\t<img loading=\"lazy\" decoding=\"async\" width=\"171\" height=\"142\" src=\"https:\/\/www.macapflag.com\/blog\/wp-content\/uploads\/2022\/09\/pib.jpg\" class=\"attachment-large size-large wp-image-11203\" alt=\"Le PIB est le produit interieur brut\" \/>\t\t\t\t\t\t\t\t\t\t\t\t\t\t\t<\/div>\n\t\t\t\t<\/div>\n\t\t\t\t\t<\/div>\n\t\t<\/div>\n\t\t\t\t<div class=\"elementor-column elementor-col-66 elementor-top-column elementor-element elementor-element-7b3eeb32\" data-id=\"7b3eeb32\" data-element_type=\"column\">\n\t\t\t<div class=\"elementor-widget-wrap elementor-element-populated\">\n\t\t\t\t\t\t<div class=\"elementor-element elementor-element-401c8198 elementor-widget elementor-widget-heading\" data-id=\"401c8198\" data-element_type=\"widget\" data-widget_type=\"heading.default\">\n\t\t\t\t<div class=\"elementor-widget-container\">\n\t\t\t\t\t<h3 class=\"elementor-heading-title elementor-size-default\">PIB\u200b<\/h3>\t\t\t\t<\/div>\n\t\t\t\t<\/div>\n\t\t\t\t<div class=\"elementor-element elementor-element-7a6be431 elementor-widget elementor-widget-text-editor\" data-id=\"7a6be431\" data-element_type=\"widget\" data-widget_type=\"text-editor.default\">\n\t\t\t\t<div class=\"elementor-widget-container\">\n\t\t\t\t\t\t\t\t\t<p>Le PIB (produit int\u00e9rieur brut) est de <strong>37 060 Dollars<\/strong> internationaux par habitant, ce qui classe le pays au <strong>57\u1d49<\/strong> rang mondial sur 193 pays. <br \/><em>Source : Wikip\u00e9dia en PPA : Parit\u00e9 pouvoir d&#8217;achat.<\/em><\/p>\t\t\t\t\t\t\t\t<\/div>\n\t\t\t\t<\/div>\n\t\t\t\t\t<\/div>\n\t\t<\/div>\n\t\t\t\t\t<\/div>\n\t\t<\/section>\n\t\t\t\t<section class=\"elementor-section elementor-top-section elementor-element elementor-element-4e0fe097 elementor-section-boxed elementor-section-height-default elementor-section-height-default\" data-id=\"4e0fe097\" data-element_type=\"section\">\n\t\t\t\t\t\t<div class=\"elementor-container elementor-column-gap-default\">\n\t\t\t\t\t<div class=\"elementor-column elementor-col-33 elementor-top-column elementor-element elementor-element-7885b954\" data-id=\"7885b954\" data-element_type=\"column\">\n\t\t\t<div class=\"elementor-widget-wrap elementor-element-populated\">\n\t\t\t\t\t\t<div class=\"elementor-element elementor-element-166436c7 elementor-widget elementor-widget-image\" data-id=\"166436c7\" data-element_type=\"widget\" data-widget_type=\"image.default\">\n\t\t\t\t<div class=\"elementor-widget-container\">\n\t\t\t\t\t\t\t\t\t\t\t\t\t\t\t<img loading=\"lazy\" decoding=\"async\" width=\"171\" height=\"142\" src=\"https:\/\/www.macapflag.com\/blog\/wp-content\/uploads\/2022\/09\/idh.jpg\" class=\"attachment-large size-large wp-image-11200\" alt=\"IDH, indice de d\u00e9veloppement humain\" \/>\t\t\t\t\t\t\t\t\t\t\t\t\t\t\t<\/div>\n\t\t\t\t<\/div>\n\t\t\t\t\t<\/div>\n\t\t<\/div>\n\t\t\t\t<div class=\"elementor-column elementor-col-66 elementor-top-column elementor-element elementor-element-6fed29fb\" data-id=\"6fed29fb\" data-element_type=\"column\">\n\t\t\t<div class=\"elementor-widget-wrap elementor-element-populated\">\n\t\t\t\t\t\t<div class=\"elementor-element elementor-element-2b9d93a5 elementor-widget elementor-widget-heading\" data-id=\"2b9d93a5\" data-element_type=\"widget\" data-widget_type=\"heading.default\">\n\t\t\t\t<div class=\"elementor-widget-container\">\n\t\t\t\t\t<h3 class=\"elementor-heading-title elementor-size-default\">IDH\u200b<\/h3>\t\t\t\t<\/div>\n\t\t\t\t<\/div>\n\t\t\t\t<div class=\"elementor-element elementor-element-526a181c elementor-widget elementor-widget-text-editor\" data-id=\"526a181c\" data-element_type=\"widget\" data-widget_type=\"text-editor.default\">\n\t\t\t\t<div class=\"elementor-widget-container\">\n\t\t\t\t\t\t\t\t\t<p>L\u2019IDH (Indice de d\u00e9veloppement humain utilis\u00e9 par l\u2019ONU pour mesurer les progr\u00e8s d\u2019un pays) \u00e9tait de <strong>0.862 pts<\/strong> en 2023 ce qui place le pays au <strong>48\u1d49<\/strong> rang sur 193 pays r\u00e9pertori\u00e9s au tableau de l\u2019IDH.<br \/><em>Source : Wikipedia Classement des pays par IDH 2022-2023<\/em><\/p>\t\t\t\t\t\t\t\t<\/div>\n\t\t\t\t<\/div>\n\t\t\t\t\t<\/div>\n\t\t<\/div>\n\t\t\t\t\t<\/div>\n\t\t<\/section>\n\t\t\t\t<section class=\"elementor-section elementor-top-section elementor-element elementor-element-2c3b3aac elementor-section-boxed elementor-section-height-default elementor-section-height-default\" data-id=\"2c3b3aac\" data-element_type=\"section\">\n\t\t\t\t\t\t<div class=\"elementor-container elementor-column-gap-default\">\n\t\t\t\t\t<div class=\"elementor-column elementor-col-33 elementor-top-column elementor-element elementor-element-7301d6a2\" data-id=\"7301d6a2\" data-element_type=\"column\">\n\t\t\t<div class=\"elementor-widget-wrap elementor-element-populated\">\n\t\t\t\t\t\t<div class=\"elementor-element elementor-element-1c4fcc5b elementor-widget elementor-widget-image\" data-id=\"1c4fcc5b\" data-element_type=\"widget\" data-widget_type=\"image.default\">\n\t\t\t\t<div class=\"elementor-widget-container\">\n\t\t\t\t\t\t\t\t\t\t\t\t\t\t\t<img loading=\"lazy\" decoding=\"async\" width=\"171\" height=\"142\" src=\"https:\/\/www.macapflag.com\/blog\/wp-content\/uploads\/2022\/09\/drapeau.jpg\" class=\"attachment-large size-large wp-image-11199\" alt=\"Jour de f\u00eate nationale du pays\" \/>\t\t\t\t\t\t\t\t\t\t\t\t\t\t\t<\/div>\n\t\t\t\t<\/div>\n\t\t\t\t\t<\/div>\n\t\t<\/div>\n\t\t\t\t<div class=\"elementor-column elementor-col-66 elementor-top-column elementor-element elementor-element-5f3c34e4\" data-id=\"5f3c34e4\" data-element_type=\"column\">\n\t\t\t<div class=\"elementor-widget-wrap elementor-element-populated\">\n\t\t\t\t\t\t<div class=\"elementor-element elementor-element-a327b3d elementor-widget elementor-widget-heading\" data-id=\"a327b3d\" data-element_type=\"widget\" data-widget_type=\"heading.default\">\n\t\t\t\t<div class=\"elementor-widget-container\">\n\t\t\t\t\t<h3 class=\"elementor-heading-title elementor-size-default\">F\u00eate nationale<\/h3>\t\t\t\t<\/div>\n\t\t\t\t<\/div>\n\t\t\t\t<div class=\"elementor-element elementor-element-4ea6d238 elementor-widget elementor-widget-text-editor\" data-id=\"4ea6d238\" data-element_type=\"widget\" data-widget_type=\"text-editor.default\">\n\t\t\t\t<div class=\"elementor-widget-container\">\n\t\t\t\t\t\t\t\t\t<p>Le<strong> 25 ao\u00fbt<\/strong> correspond \u00e0 la D\u00e9claration d\u2019ind\u00e9pendance de l\u2019Uruguay, proclam\u00e9e en 1825. Ce jour-l\u00e0, l\u2019Uruguay affirme sa s\u00e9paration du Br\u00e9sil et amorce le processus qui conduira \u00e0 sa reconnaissance en tant qu\u2019\u00c9tat ind\u00e9pendant.<\/p>\t\t\t\t\t\t\t\t<\/div>\n\t\t\t\t<\/div>\n\t\t\t\t\t<\/div>\n\t\t<\/div>\n\t\t\t\t\t<\/div>\n\t\t<\/section>\n\t\t\t\t<section class=\"elementor-section elementor-top-section elementor-element elementor-element-320b14d elementor-section-boxed elementor-section-height-default elementor-section-height-default\" data-id=\"320b14d\" data-element_type=\"section\">\n\t\t\t\t\t\t<div class=\"elementor-container elementor-column-gap-default\">\n\t\t\t\t\t<div class=\"elementor-column elementor-col-33 elementor-top-column elementor-element elementor-element-9228841\" data-id=\"9228841\" data-element_type=\"column\">\n\t\t\t<div class=\"elementor-widget-wrap elementor-element-populated\">\n\t\t\t\t\t\t<div class=\"elementor-element elementor-element-08cab35 elementor-widget elementor-widget-image\" data-id=\"08cab35\" data-element_type=\"widget\" data-widget_type=\"image.default\">\n\t\t\t\t<div class=\"elementor-widget-container\">\n\t\t\t\t\t\t\t\t\t\t\t\t\t\t\t<img loading=\"lazy\" decoding=\"async\" width=\"171\" height=\"142\" src=\"https:\/\/www.macapflag.com\/blog\/wp-content\/uploads\/2024\/01\/icone-specialite-culinaire.jpg\" class=\"attachment-large size-large wp-image-15519\" alt=\"Une sp\u00e9cialit\u00e9 culinaire par pays\" \/>\t\t\t\t\t\t\t\t\t\t\t\t\t\t\t<\/div>\n\t\t\t\t<\/div>\n\t\t\t\t\t<\/div>\n\t\t<\/div>\n\t\t\t\t<div class=\"elementor-column elementor-col-66 elementor-top-column elementor-element elementor-element-a63fbe7\" data-id=\"a63fbe7\" data-element_type=\"column\">\n\t\t\t<div class=\"elementor-widget-wrap elementor-element-populated\">\n\t\t\t\t\t\t<div class=\"elementor-element elementor-element-ef41848 elementor-widget elementor-widget-heading\" data-id=\"ef41848\" data-element_type=\"widget\" data-widget_type=\"heading.default\">\n\t\t\t\t<div class=\"elementor-widget-container\">\n\t\t\t\t\t<h3 class=\"elementor-heading-title elementor-size-default\">Sp\u00e9cialit\u00e9 culinaire<\/h3>\t\t\t\t<\/div>\n\t\t\t\t<\/div>\n\t\t\t\t<div class=\"elementor-element elementor-element-a1e3abd elementor-widget elementor-widget-text-editor\" data-id=\"a1e3abd\" data-element_type=\"widget\" data-widget_type=\"text-editor.default\">\n\t\t\t\t<div class=\"elementor-widget-container\">\n\t\t\t\t\t\t\t\t\t<p>La sp\u00e9cialit\u00e9 nationale est l\u2019<strong>asado<\/strong>, un barbecue traditionnel de viandes (notamment de b\u0153uf) grill\u00e9es au feu de bois, embl\u00e9matique de la convivialit\u00e9 uruguayenne.<\/p>\t\t\t\t\t\t\t\t<\/div>\n\t\t\t\t<\/div>\n\t\t\t\t\t<\/div>\n\t\t<\/div>\n\t\t\t\t\t<\/div>\n\t\t<\/section>\n\t\t\t\t<section class=\"elementor-section elementor-top-section elementor-element elementor-element-be8baf8 elementor-section-boxed elementor-section-height-default elementor-section-height-default\" data-id=\"be8baf8\" data-element_type=\"section\">\n\t\t\t\t\t\t<div class=\"elementor-container elementor-column-gap-default\">\n\t\t\t\t\t<div class=\"elementor-column elementor-col-33 elementor-top-column elementor-element elementor-element-f81233a\" data-id=\"f81233a\" data-element_type=\"column\">\n\t\t\t<div class=\"elementor-widget-wrap elementor-element-populated\">\n\t\t\t\t\t\t<div class=\"elementor-element elementor-element-5fc6ac3 elementor-widget elementor-widget-image\" data-id=\"5fc6ac3\" data-element_type=\"widget\" data-widget_type=\"image.default\">\n\t\t\t\t<div class=\"elementor-widget-container\">\n\t\t\t\t\t\t\t\t\t\t\t\t\t\t\t<img loading=\"lazy\" decoding=\"async\" width=\"171\" height=\"142\" src=\"https:\/\/www.macapflag.com\/blog\/wp-content\/uploads\/2024\/01\/icone-personnalite.jpg\" class=\"attachment-large size-large wp-image-15518\" alt=\"Une personnalit\u00e9 par pays\" \/>\t\t\t\t\t\t\t\t\t\t\t\t\t\t\t<\/div>\n\t\t\t\t<\/div>\n\t\t\t\t\t<\/div>\n\t\t<\/div>\n\t\t\t\t<div class=\"elementor-column elementor-col-66 elementor-top-column elementor-element elementor-element-6bc7fd9\" data-id=\"6bc7fd9\" data-element_type=\"column\">\n\t\t\t<div class=\"elementor-widget-wrap elementor-element-populated\">\n\t\t\t\t\t\t<div class=\"elementor-element elementor-element-67043aa elementor-widget elementor-widget-heading\" data-id=\"67043aa\" data-element_type=\"widget\" data-widget_type=\"heading.default\">\n\t\t\t\t<div class=\"elementor-widget-container\">\n\t\t\t\t\t<h3 class=\"elementor-heading-title elementor-size-default\">Personnalit\u00e9 c\u00e9l\u00e8bre<\/h3>\t\t\t\t<\/div>\n\t\t\t\t<\/div>\n\t\t\t\t<div class=\"elementor-element elementor-element-b660d77 elementor-widget elementor-widget-text-editor\" data-id=\"b660d77\" data-element_type=\"widget\" data-widget_type=\"text-editor.default\">\n\t\t\t\t<div class=\"elementor-widget-container\">\n\t\t\t\t\t\t\t\t\t<p>L\u2019une des personnalit\u00e9s les plus c\u00e9l\u00e8bres est <strong>Jos\u00e9 \u201cPepe\u201d Mujica<\/strong>, ancien pr\u00e9sident (2010\u20132015), connu pour son style de vie modeste et ses positions progressistes.<\/p>\t\t\t\t\t\t\t\t<\/div>\n\t\t\t\t<\/div>\n\t\t\t\t\t<\/div>\n\t\t<\/div>\n\t\t\t\t\t<\/div>\n\t\t<\/section>\n\t\t\t\t<section class=\"elementor-section elementor-top-section elementor-element elementor-element-54e53a35 elementor-section-boxed elementor-section-height-default elementor-section-height-default\" data-id=\"54e53a35\" data-element_type=\"section\">\n\t\t\t\t\t\t<div class=\"elementor-container elementor-column-gap-default\">\n\t\t\t\t\t<div class=\"elementor-column elementor-col-100 elementor-top-column elementor-element elementor-element-2dc5714e\" data-id=\"2dc5714e\" data-element_type=\"column\">\n\t\t\t<div class=\"elementor-widget-wrap elementor-element-populated\">\n\t\t\t\t\t\t<div class=\"elementor-element elementor-element-75e82df3 elementor-widget-divider--view-line elementor-widget elementor-widget-divider\" data-id=\"75e82df3\" data-element_type=\"widget\" data-widget_type=\"divider.default\">\n\t\t\t\t<div class=\"elementor-widget-container\">\n\t\t\t\t\t\t\t<div class=\"elementor-divider\">\n\t\t\t<span class=\"elementor-divider-separator\">\n\t\t\t\t\t\t<\/span>\n\t\t<\/div>\n\t\t\t\t\t\t<\/div>\n\t\t\t\t<\/div>\n\t\t\t\t\t<\/div>\n\t\t<\/div>\n\t\t\t\t\t<\/div>\n\t\t<\/section>\n\t\t\t\t<section class=\"elementor-section elementor-top-section elementor-element elementor-element-5c438d5f elementor-section-boxed elementor-section-height-default elementor-section-height-default\" data-id=\"5c438d5f\" data-element_type=\"section\">\n\t\t\t\t\t\t<div class=\"elementor-container elementor-column-gap-default\">\n\t\t\t\t\t<div class=\"elementor-column elementor-col-100 elementor-top-column elementor-element elementor-element-794de4d2\" data-id=\"794de4d2\" data-element_type=\"column\">\n\t\t\t<div class=\"elementor-widget-wrap elementor-element-populated\">\n\t\t\t\t\t\t<div class=\"elementor-element elementor-element-4fba7907 elementor-widget elementor-widget-text-editor\" data-id=\"4fba7907\" data-element_type=\"widget\" data-widget_type=\"text-editor.default\">\n\t\t\t\t<div class=\"elementor-widget-container\">\n\t\t\t\t\t\t\t\t\t<p>Petit par sa taille, mais grand par sa diversit\u00e9, l\u2019Uruguay s\u00e9duit les voyageurs en qu\u00eate d\u2019authenticit\u00e9. <br \/>Le pays offre une longue fa\u00e7ade atlantique ponctu\u00e9e de plages r\u00e9put\u00e9es comme Punta del Este, station baln\u00e9aire chic tr\u00e8s pris\u00e9e. <br \/>\u00c0 l\u2019ouest, Colonia del Sacramento, class\u00e9e au patrimoine mondial de l\u2019UNESCO, s\u00e9duit avec son centre historique d\u2019influence coloniale. <br \/>Montevideo, la capitale, m\u00e9lange traditions et modernit\u00e9 avec ses march\u00e9s anim\u00e9s, ses ramblas en bord de mer et sa sc\u00e8ne culturelle dynamique. L\u2019int\u00e9rieur du pays, plus rural, invite \u00e0 d\u00e9couvrir les estancias, domaines agricoles o\u00f9 l\u2019on peut vivre une exp\u00e9rience gaucho typique. Enfin, les amateurs d\u2019\u0153notourisme appr\u00e9cieront les vignobles uruguayens, notamment ceux sp\u00e9cialis\u00e9s dans le c\u00e9page tannat, embl\u00e9matique du pays.<\/p>\t\t\t\t\t\t\t\t<\/div>\n\t\t\t\t<\/div>\n\t\t\t\t\t<\/div>\n\t\t<\/div>\n\t\t\t\t\t<\/div>\n\t\t<\/section>\n\t\t\t\t<section class=\"elementor-section elementor-top-section elementor-element elementor-element-1d5d3e31 elementor-section-boxed elementor-section-height-default elementor-section-height-default\" data-id=\"1d5d3e31\" data-element_type=\"section\">\n\t\t\t\t\t\t<div class=\"elementor-container elementor-column-gap-default\">\n\t\t\t\t\t<div class=\"elementor-column elementor-col-100 elementor-top-column elementor-element elementor-element-53d22f2b\" data-id=\"53d22f2b\" data-element_type=\"column\">\n\t\t\t<div class=\"elementor-widget-wrap elementor-element-populated\">\n\t\t\t\t\t\t<div class=\"elementor-element elementor-element-6c657894 elementor-widget-divider--view-line elementor-widget elementor-widget-divider\" data-id=\"6c657894\" data-element_type=\"widget\" data-widget_type=\"divider.default\">\n\t\t\t\t<div class=\"elementor-widget-container\">\n\t\t\t\t\t\t\t<div class=\"elementor-divider\">\n\t\t\t<span class=\"elementor-divider-separator\">\n\t\t\t\t\t\t<\/span>\n\t\t<\/div>\n\t\t\t\t\t\t<\/div>\n\t\t\t\t<\/div>\n\t\t\t\t\t<\/div>\n\t\t<\/div>\n\t\t\t\t\t<\/div>\n\t\t<\/section>\n\t\t\t\t<section class=\"elementor-section elementor-top-section elementor-element elementor-element-45208d7 elementor-section-boxed elementor-section-height-default elementor-section-height-default\" data-id=\"45208d7\" data-element_type=\"section\">\n\t\t\t\t\t\t<div class=\"elementor-container elementor-column-gap-default\">\n\t\t\t\t\t<div class=\"elementor-column elementor-col-100 elementor-top-column elementor-element elementor-element-43c3f8c\" data-id=\"43c3f8c\" data-element_type=\"column\">\n\t\t\t<div class=\"elementor-widget-wrap elementor-element-populated\">\n\t\t\t\t\t\t<div class=\"elementor-element elementor-element-91c1ec7 elementor-widget elementor-widget-text-editor\" data-id=\"91c1ec7\" data-element_type=\"widget\" data-widget_type=\"text-editor.default\">\n\t\t\t\t<div class=\"elementor-widget-container\">\n\t\t\t\t\t\t\t\t\t<h3>Commandez en ligne le drapeau officiel <br \/>de l&#8217;Uruguay<\/h3>\t\t\t\t\t\t\t\t<\/div>\n\t\t\t\t<\/div>\n\t\t\t\t\t<\/div>\n\t\t<\/div>\n\t\t\t\t\t<\/div>\n\t\t<\/section>\n\t\t\t\t<section class=\"elementor-section elementor-top-section elementor-element elementor-element-345d511 elementor-section-boxed elementor-section-height-default elementor-section-height-default\" data-id=\"345d511\" data-element_type=\"section\">\n\t\t\t\t\t\t<div class=\"elementor-container elementor-column-gap-default\">\n\t\t\t\t\t<div class=\"elementor-column elementor-col-50 elementor-top-column elementor-element elementor-element-a41bc18\" data-id=\"a41bc18\" data-element_type=\"column\">\n\t\t\t<div class=\"elementor-widget-wrap elementor-element-populated\">\n\t\t\t\t\t\t<div class=\"elementor-element elementor-element-251944c elementor-widget elementor-widget-shortcode\" data-id=\"251944c\" data-element_type=\"widget\" data-widget_type=\"shortcode.default\">\n\t\t\t\t<div class=\"elementor-widget-container\">\n\t\t\t\t\t\t\t<div class=\"elementor-shortcode\"><div class=\"container p-0 m-0\">\n    <div class=\"row m-0 border\">\n        <div class=\"col-12 grid-didpd-body text-center\">\n            <img decoding=\"async\" src=\"https:\/\/www.macapflag.com\/1858708-home_default\/drapeau-uruguay-avec-hampe-officiel.jpg\" alt=\"Drapeau Uruguay sur hampe\" class=\"mx-auto\" \/>\n            <div class=\"grid-didpd-text\">\n                <a href=\"https:\/\/www.macapflag.com\/drapeau-pays-avec-hampe\/792005-drapeau-uruguay-avec-hampe-officiel.html\" target=\"_blank\" class=\"stretched-link\">\n                    <h3>Drapeau Uruguay sur hampe<\/h3>\n                <\/a>\n            <\/div>\n                        <p class=\"text-center font-weight-bold\">22,30 \u20ac HT<\/p>            <div class=\"text-center\">\n                <button class=\"btn btn-primary\">J'ach\u00e8te en ligne<\/button>\n            <\/div>\n        <\/div>\n    <\/div>\n<\/div>\n<\/div>\n\t\t\t\t\t\t<\/div>\n\t\t\t\t<\/div>\n\t\t\t\t\t<\/div>\n\t\t<\/div>\n\t\t\t\t<div class=\"elementor-column elementor-col-50 elementor-top-column elementor-element elementor-element-21977af\" data-id=\"21977af\" data-element_type=\"column\">\n\t\t\t<div class=\"elementor-widget-wrap elementor-element-populated\">\n\t\t\t\t\t\t<div class=\"elementor-element elementor-element-af887ed elementor-widget elementor-widget-shortcode\" data-id=\"af887ed\" data-element_type=\"widget\" data-widget_type=\"shortcode.default\">\n\t\t\t\t<div class=\"elementor-widget-container\">\n\t\t\t\t\t\t\t<div class=\"elementor-shortcode\"><div class=\"container p-0 m-0\">\n    <div class=\"row m-0 border\">\n        <div class=\"col-12 grid-didpd-body text-center\">\n            <img decoding=\"async\" src=\"https:\/\/www.macapflag.com\/1858744-home_default\/drapeau-uruguay-officiel.jpg\" alt=\"Drapeau officiel Uruguay pour m&acirc;t\" class=\"mx-auto\" \/>\n            <div class=\"grid-didpd-text\">\n                <a href=\"https:\/\/www.macapflag.com\/drapeau-pays-pour-mat\/791993-drapeau-uruguay-officiel.html\" target=\"_blank\" class=\"stretched-link\">\n                    <h3>Drapeau officiel Uruguay pour m\u00e2t<\/h3>\n                <\/a>\n            <\/div>\n                        <p class=\"text-center font-weight-bold\">17,50 \u20ac HT<\/p>            <div class=\"text-center\">\n                <button class=\"btn btn-primary\">J'ach\u00e8te en ligne<\/button>\n            <\/div>\n        <\/div>\n    <\/div>\n<\/div>\n<\/div>\n\t\t\t\t\t\t<\/div>\n\t\t\t\t<\/div>\n\t\t\t\t\t<\/div>\n\t\t<\/div>\n\t\t\t\t\t<\/div>\n\t\t<\/section>\n\t\t\t\t<section class=\"elementor-section elementor-top-section elementor-element elementor-element-8f57e7f elementor-section-boxed elementor-section-height-default elementor-section-height-default\" data-id=\"8f57e7f\" data-element_type=\"section\">\n\t\t\t\t\t\t<div class=\"elementor-container elementor-column-gap-default\">\n\t\t\t\t\t<div class=\"elementor-column elementor-col-100 elementor-top-column elementor-element elementor-element-487b278\" data-id=\"487b278\" data-element_type=\"column\">\n\t\t\t<div class=\"elementor-widget-wrap elementor-element-populated\">\n\t\t\t\t\t\t<div class=\"elementor-element elementor-element-edb76ac elementor-widget elementor-widget-text-editor\" data-id=\"edb76ac\" data-element_type=\"widget\" data-widget_type=\"text-editor.default\">\n\t\t\t\t<div class=\"elementor-widget-container\">\n\t\t\t\t\t\t\t\t\t<p><strong>Le saviez-vous ?<\/strong><br \/>Le Soleil de mai qui figure sur le drapeau uruguayen est \u00e9galement pr\u00e9sent sur le drapeau argentin. Il fait r\u00e9f\u00e9rence \u00e0 la r\u00e9volution de Mai 1810, \u00e9v\u00e9nement cl\u00e9 de l\u2019\u00e9mancipation sud-am\u00e9ricaine vis-\u00e0-vis de la monarchie espagnole. Ce symbole solaire est donc commun \u00e0 plusieurs pays du c\u00f4ne sud et incarne une m\u00e9moire partag\u00e9e d\u2019ind\u00e9pendance et de lumi\u00e8re nouvelle.<\/p>\t\t\t\t\t\t\t\t<\/div>\n\t\t\t\t<\/div>\n\t\t\t\t\t<\/div>\n\t\t<\/div>\n\t\t\t\t\t<\/div>\n\t\t<\/section>\n\t\t\t\t<\/div>\n\t\t","protected":false},"excerpt":{"rendered":"<div class=\"tmnf_excerpt\"><p>8 infos cl\u00e9s sur l&#8217;Uruguay en 2025 Localisation\u200b L&#8217;Uruguay est un pays d&#8217;Am\u00e9rique du Sud qui borde l&#8217;oc\u00e9an Atlantique. Sa capitale est Montevideo. Population\u200b 3,4 millions d\u2019habitants (source Banque mondiale), ce qui place le pays au 133\u1d49 rang mondial. Langue officielle\u200b La langue officielle de l&#8217;Uruguay est l&#8217;espagnol. PIB\u200b Le PIB (produit int\u00e9rieur brut) est &hellip;<\/p>\n<\/div>","protected":false},"author":2,"featured_media":21040,"comment_status":"closed","ping_status":"open","sticky":false,"template":"template-fullwidth.php","format":"standard","meta":{"footnotes":""},"categories":[92],"tags":[],"class_list":["post-21038","post","type-post","status-publish","format-standard","has-post-thumbnail","hentry","category-news"],"yoast_head":"<!-- This site is optimized with the Yoast SEO plugin v26.4 - https:\/\/yoast.com\/wordpress\/plugins\/seo\/ -->\n<title>Un jour, un pays. Le 25 ao\u00fbt en Uruguay jour de f\u00eate nationale<\/title>\n<meta name=\"description\" content=\"8 infos cl\u00e9s sur l&#039;Uruguay qui c\u00e9l\u00e8bre sa f\u00eate nationale le 25 aout, jour de l&#039;ind\u00e9pendance proclam\u00e9e en 1825\" \/>\n<meta name=\"robots\" content=\"index, follow, max-snippet:-1, max-image-preview:large, max-video-preview:-1\" \/>\n<link rel=\"canonical\" href=\"https:\/\/www.macapflag.com\/blog\/uruguay-25-aout\/\" \/>\n<meta property=\"og:locale\" content=\"fr_FR\" \/>\n<meta property=\"og:type\" content=\"article\" \/>\n<meta property=\"og:title\" content=\"Un jour, un pays. Le 25 ao\u00fbt en Uruguay jour de f\u00eate nationale\" \/>\n<meta property=\"og:description\" content=\"8 infos cl\u00e9s sur l&#039;Uruguay qui c\u00e9l\u00e8bre sa f\u00eate nationale le 25 aout, jour de l&#039;ind\u00e9pendance proclam\u00e9e en 1825\" \/>\n<meta property=\"og:url\" content=\"https:\/\/www.macapflag.com\/blog\/uruguay-25-aout\/\" \/>\n<meta property=\"og:site_name\" content=\"Blog - Macap\" \/>\n<meta property=\"article:publisher\" content=\"https:\/\/www.facebook.com\/macap.pavoisement\/\" \/>\n<meta property=\"article:published_time\" content=\"2025-08-25T06:00:00+00:00\" \/>\n<meta property=\"og:image\" content=\"https:\/\/www.macapflag.com\/blog\/wp-content\/uploads\/2025\/06\/un-jour-un-pays-uruguay-TITRE.jpg\" \/>\n\t<meta property=\"og:image:width\" content=\"870\" \/>\n\t<meta property=\"og:image:height\" content=\"600\" \/>\n\t<meta property=\"og:image:type\" content=\"image\/jpeg\" \/>\n<meta name=\"author\" content=\"Blog Macap\" \/>\n<meta name=\"twitter:card\" content=\"summary_large_image\" \/>\n<meta name=\"twitter:label1\" content=\"\u00c9crit par\" \/>\n\t<meta name=\"twitter:data1\" content=\"Blog Macap\" \/>\n\t<meta name=\"twitter:label2\" content=\"Dur\u00e9e de lecture estim\u00e9e\" \/>\n\t<meta name=\"twitter:data2\" content=\"4 minutes\" \/>\n<script type=\"application\/ld+json\" class=\"yoast-schema-graph\">{\"@context\":\"https:\/\/schema.org\",\"@graph\":[{\"@type\":\"Article\",\"@id\":\"https:\/\/www.macapflag.com\/blog\/uruguay-25-aout\/#article\",\"isPartOf\":{\"@id\":\"https:\/\/www.macapflag.com\/blog\/uruguay-25-aout\/\"},\"author\":{\"name\":\"Blog Macap\",\"@id\":\"https:\/\/www.macapflag.com\/blog\/#\/schema\/person\/3fea701f2603875e651e6b662578fc3c\"},\"headline\":\"Un jour, un pays. Le 25 ao\u00fbt en Uruguay\",\"datePublished\":\"2025-08-25T06:00:00+00:00\",\"mainEntityOfPage\":{\"@id\":\"https:\/\/www.macapflag.com\/blog\/uruguay-25-aout\/\"},\"wordCount\":512,\"publisher\":{\"@id\":\"https:\/\/www.macapflag.com\/blog\/#organization\"},\"image\":{\"@id\":\"https:\/\/www.macapflag.com\/blog\/uruguay-25-aout\/#primaryimage\"},\"thumbnailUrl\":\"https:\/\/www.macapflag.com\/blog\/wp-content\/uploads\/2025\/06\/un-jour-un-pays-uruguay-TITRE.jpg\",\"articleSection\":[\"News &amp; Actu\"],\"inLanguage\":\"fr-FR\"},{\"@type\":\"WebPage\",\"@id\":\"https:\/\/www.macapflag.com\/blog\/uruguay-25-aout\/\",\"url\":\"https:\/\/www.macapflag.com\/blog\/uruguay-25-aout\/\",\"name\":\"Un jour, un pays. Le 25 ao\u00fbt en Uruguay jour de f\u00eate nationale\",\"isPartOf\":{\"@id\":\"https:\/\/www.macapflag.com\/blog\/#website\"},\"primaryImageOfPage\":{\"@id\":\"https:\/\/www.macapflag.com\/blog\/uruguay-25-aout\/#primaryimage\"},\"image\":{\"@id\":\"https:\/\/www.macapflag.com\/blog\/uruguay-25-aout\/#primaryimage\"},\"thumbnailUrl\":\"https:\/\/www.macapflag.com\/blog\/wp-content\/uploads\/2025\/06\/un-jour-un-pays-uruguay-TITRE.jpg\",\"datePublished\":\"2025-08-25T06:00:00+00:00\",\"description\":\"8 infos cl\u00e9s sur l'Uruguay qui c\u00e9l\u00e8bre sa f\u00eate nationale le 25 aout, jour de l'ind\u00e9pendance proclam\u00e9e en 1825\",\"breadcrumb\":{\"@id\":\"https:\/\/www.macapflag.com\/blog\/uruguay-25-aout\/#breadcrumb\"},\"inLanguage\":\"fr-FR\",\"potentialAction\":[{\"@type\":\"ReadAction\",\"target\":[\"https:\/\/www.macapflag.com\/blog\/uruguay-25-aout\/\"]}]},{\"@type\":\"ImageObject\",\"inLanguage\":\"fr-FR\",\"@id\":\"https:\/\/www.macapflag.com\/blog\/uruguay-25-aout\/#primaryimage\",\"url\":\"https:\/\/www.macapflag.com\/blog\/wp-content\/uploads\/2025\/06\/un-jour-un-pays-uruguay-TITRE.jpg\",\"contentUrl\":\"https:\/\/www.macapflag.com\/blog\/wp-content\/uploads\/2025\/06\/un-jour-un-pays-uruguay-TITRE.jpg\",\"width\":870,\"height\":600,\"caption\":\"Uruguay f\u00eate nationale 25 aout\"},{\"@type\":\"BreadcrumbList\",\"@id\":\"https:\/\/www.macapflag.com\/blog\/uruguay-25-aout\/#breadcrumb\",\"itemListElement\":[{\"@type\":\"ListItem\",\"position\":1,\"name\":\"Accueil\",\"item\":\"https:\/\/www.macapflag.com\/blog\/\"},{\"@type\":\"ListItem\",\"position\":2,\"name\":\"Un jour, un pays. Le 25 ao\u00fbt en Uruguay\"}]},{\"@type\":\"WebSite\",\"@id\":\"https:\/\/www.macapflag.com\/blog\/#website\",\"url\":\"https:\/\/www.macapflag.com\/blog\/\",\"name\":\"Blog - Macap\",\"description\":\"Tous nos articles\",\"publisher\":{\"@id\":\"https:\/\/www.macapflag.com\/blog\/#organization\"},\"potentialAction\":[{\"@type\":\"SearchAction\",\"target\":{\"@type\":\"EntryPoint\",\"urlTemplate\":\"https:\/\/www.macapflag.com\/blog\/?s={search_term_string}\"},\"query-input\":{\"@type\":\"PropertyValueSpecification\",\"valueRequired\":true,\"valueName\":\"search_term_string\"}}],\"inLanguage\":\"fr-FR\"},{\"@type\":\"Organization\",\"@id\":\"https:\/\/www.macapflag.com\/blog\/#organization\",\"name\":\"macapflag\",\"url\":\"https:\/\/www.macapflag.com\/blog\/\",\"logo\":{\"@type\":\"ImageObject\",\"inLanguage\":\"fr-FR\",\"@id\":\"https:\/\/www.macapflag.com\/blog\/#\/schema\/logo\/image\/\",\"url\":\"https:\/\/www.macapflag.com\/blog\/wp-content\/uploads\/2020\/12\/cropped-M-512-1.png\",\"contentUrl\":\"https:\/\/www.macapflag.com\/blog\/wp-content\/uploads\/2020\/12\/cropped-M-512-1.png\",\"width\":512,\"height\":512,\"caption\":\"macapflag\"},\"image\":{\"@id\":\"https:\/\/www.macapflag.com\/blog\/#\/schema\/logo\/image\/\"},\"sameAs\":[\"https:\/\/www.facebook.com\/macap.pavoisement\/\",\"https:\/\/www.instagram.com\/macapflag\/?hl=fr\",\"https:\/\/www.linkedin.com\/company\/macap\/?originalSubdomain=fr\",\"https:\/\/www.youtube.com\/channel\/UCXNzTIdZh9poEBjSXEqDtNw\"]},{\"@type\":\"Person\",\"@id\":\"https:\/\/www.macapflag.com\/blog\/#\/schema\/person\/3fea701f2603875e651e6b662578fc3c\",\"name\":\"Blog Macap\",\"image\":{\"@type\":\"ImageObject\",\"inLanguage\":\"fr-FR\",\"@id\":\"https:\/\/www.macapflag.com\/blog\/#\/schema\/person\/image\/\",\"url\":\"https:\/\/secure.gravatar.com\/avatar\/c12551f2dc51f0db049633b03e7856985477a70da834cc8967dea4ce54bdd6a2?s=96&d=mm&r=g\",\"contentUrl\":\"https:\/\/secure.gravatar.com\/avatar\/c12551f2dc51f0db049633b03e7856985477a70da834cc8967dea4ce54bdd6a2?s=96&d=mm&r=g\",\"caption\":\"Blog Macap\"},\"url\":\"https:\/\/www.macapflag.com\/blog\/author\/macap\/\"}]}<\/script>\n<!-- \/ Yoast SEO plugin. -->","yoast_head_json":{"title":"Un jour, un pays. Le 25 ao\u00fbt en Uruguay jour de f\u00eate nationale","description":"8 infos cl\u00e9s sur l'Uruguay qui c\u00e9l\u00e8bre sa f\u00eate nationale le 25 aout, jour de l'ind\u00e9pendance proclam\u00e9e en 1825","robots":{"index":"index","follow":"follow","max-snippet":"max-snippet:-1","max-image-preview":"max-image-preview:large","max-video-preview":"max-video-preview:-1"},"canonical":"https:\/\/www.macapflag.com\/blog\/uruguay-25-aout\/","og_locale":"fr_FR","og_type":"article","og_title":"Un jour, un pays. Le 25 ao\u00fbt en Uruguay jour de f\u00eate nationale","og_description":"8 infos cl\u00e9s sur l'Uruguay qui c\u00e9l\u00e8bre sa f\u00eate nationale le 25 aout, jour de l'ind\u00e9pendance proclam\u00e9e en 1825","og_url":"https:\/\/www.macapflag.com\/blog\/uruguay-25-aout\/","og_site_name":"Blog - Macap","article_publisher":"https:\/\/www.facebook.com\/macap.pavoisement\/","article_published_time":"2025-08-25T06:00:00+00:00","og_image":[{"width":870,"height":600,"url":"https:\/\/www.macapflag.com\/blog\/wp-content\/uploads\/2025\/06\/un-jour-un-pays-uruguay-TITRE.jpg","type":"image\/jpeg"}],"author":"Blog Macap","twitter_card":"summary_large_image","twitter_misc":{"\u00c9crit par":"Blog Macap","Dur\u00e9e de lecture estim\u00e9e":"4 minutes"},"schema":{"@context":"https:\/\/schema.org","@graph":[{"@type":"Article","@id":"https:\/\/www.macapflag.com\/blog\/uruguay-25-aout\/#article","isPartOf":{"@id":"https:\/\/www.macapflag.com\/blog\/uruguay-25-aout\/"},"author":{"name":"Blog Macap","@id":"https:\/\/www.macapflag.com\/blog\/#\/schema\/person\/3fea701f2603875e651e6b662578fc3c"},"headline":"Un jour, un pays. Le 25 ao\u00fbt en Uruguay","datePublished":"2025-08-25T06:00:00+00:00","mainEntityOfPage":{"@id":"https:\/\/www.macapflag.com\/blog\/uruguay-25-aout\/"},"wordCount":512,"publisher":{"@id":"https:\/\/www.macapflag.com\/blog\/#organization"},"image":{"@id":"https:\/\/www.macapflag.com\/blog\/uruguay-25-aout\/#primaryimage"},"thumbnailUrl":"https:\/\/www.macapflag.com\/blog\/wp-content\/uploads\/2025\/06\/un-jour-un-pays-uruguay-TITRE.jpg","articleSection":["News &amp; Actu"],"inLanguage":"fr-FR"},{"@type":"WebPage","@id":"https:\/\/www.macapflag.com\/blog\/uruguay-25-aout\/","url":"https:\/\/www.macapflag.com\/blog\/uruguay-25-aout\/","name":"Un jour, un pays. Le 25 ao\u00fbt en Uruguay jour de f\u00eate nationale","isPartOf":{"@id":"https:\/\/www.macapflag.com\/blog\/#website"},"primaryImageOfPage":{"@id":"https:\/\/www.macapflag.com\/blog\/uruguay-25-aout\/#primaryimage"},"image":{"@id":"https:\/\/www.macapflag.com\/blog\/uruguay-25-aout\/#primaryimage"},"thumbnailUrl":"https:\/\/www.macapflag.com\/blog\/wp-content\/uploads\/2025\/06\/un-jour-un-pays-uruguay-TITRE.jpg","datePublished":"2025-08-25T06:00:00+00:00","description":"8 infos cl\u00e9s sur l'Uruguay qui c\u00e9l\u00e8bre sa f\u00eate nationale le 25 aout, jour de l'ind\u00e9pendance proclam\u00e9e en 1825","breadcrumb":{"@id":"https:\/\/www.macapflag.com\/blog\/uruguay-25-aout\/#breadcrumb"},"inLanguage":"fr-FR","potentialAction":[{"@type":"ReadAction","target":["https:\/\/www.macapflag.com\/blog\/uruguay-25-aout\/"]}]},{"@type":"ImageObject","inLanguage":"fr-FR","@id":"https:\/\/www.macapflag.com\/blog\/uruguay-25-aout\/#primaryimage","url":"https:\/\/www.macapflag.com\/blog\/wp-content\/uploads\/2025\/06\/un-jour-un-pays-uruguay-TITRE.jpg","contentUrl":"https:\/\/www.macapflag.com\/blog\/wp-content\/uploads\/2025\/06\/un-jour-un-pays-uruguay-TITRE.jpg","width":870,"height":600,"caption":"Uruguay f\u00eate nationale 25 aout"},{"@type":"BreadcrumbList","@id":"https:\/\/www.macapflag.com\/blog\/uruguay-25-aout\/#breadcrumb","itemListElement":[{"@type":"ListItem","position":1,"name":"Accueil","item":"https:\/\/www.macapflag.com\/blog\/"},{"@type":"ListItem","position":2,"name":"Un jour, un pays. Le 25 ao\u00fbt en Uruguay"}]},{"@type":"WebSite","@id":"https:\/\/www.macapflag.com\/blog\/#website","url":"https:\/\/www.macapflag.com\/blog\/","name":"Blog - Macap","description":"Tous nos articles","publisher":{"@id":"https:\/\/www.macapflag.com\/blog\/#organization"},"potentialAction":[{"@type":"SearchAction","target":{"@type":"EntryPoint","urlTemplate":"https:\/\/www.macapflag.com\/blog\/?s={search_term_string}"},"query-input":{"@type":"PropertyValueSpecification","valueRequired":true,"valueName":"search_term_string"}}],"inLanguage":"fr-FR"},{"@type":"Organization","@id":"https:\/\/www.macapflag.com\/blog\/#organization","name":"macapflag","url":"https:\/\/www.macapflag.com\/blog\/","logo":{"@type":"ImageObject","inLanguage":"fr-FR","@id":"https:\/\/www.macapflag.com\/blog\/#\/schema\/logo\/image\/","url":"https:\/\/www.macapflag.com\/blog\/wp-content\/uploads\/2020\/12\/cropped-M-512-1.png","contentUrl":"https:\/\/www.macapflag.com\/blog\/wp-content\/uploads\/2020\/12\/cropped-M-512-1.png","width":512,"height":512,"caption":"macapflag"},"image":{"@id":"https:\/\/www.macapflag.com\/blog\/#\/schema\/logo\/image\/"},"sameAs":["https:\/\/www.facebook.com\/macap.pavoisement\/","https:\/\/www.instagram.com\/macapflag\/?hl=fr","https:\/\/www.linkedin.com\/company\/macap\/?originalSubdomain=fr","https:\/\/www.youtube.com\/channel\/UCXNzTIdZh9poEBjSXEqDtNw"]},{"@type":"Person","@id":"https:\/\/www.macapflag.com\/blog\/#\/schema\/person\/3fea701f2603875e651e6b662578fc3c","name":"Blog Macap","image":{"@type":"ImageObject","inLanguage":"fr-FR","@id":"https:\/\/www.macapflag.com\/blog\/#\/schema\/person\/image\/","url":"https:\/\/secure.gravatar.com\/avatar\/c12551f2dc51f0db049633b03e7856985477a70da834cc8967dea4ce54bdd6a2?s=96&d=mm&r=g","contentUrl":"https:\/\/secure.gravatar.com\/avatar\/c12551f2dc51f0db049633b03e7856985477a70da834cc8967dea4ce54bdd6a2?s=96&d=mm&r=g","caption":"Blog Macap"},"url":"https:\/\/www.macapflag.com\/blog\/author\/macap\/"}]}},"_links":{"self":[{"href":"https:\/\/www.macapflag.com\/blog\/wp-json\/wp\/v2\/posts\/21038","targetHints":{"allow":["GET"]}}],"collection":[{"href":"https:\/\/www.macapflag.com\/blog\/wp-json\/wp\/v2\/posts"}],"about":[{"href":"https:\/\/www.macapflag.com\/blog\/wp-json\/wp\/v2\/types\/post"}],"author":[{"embeddable":true,"href":"https:\/\/www.macapflag.com\/blog\/wp-json\/wp\/v2\/users\/2"}],"replies":[{"embeddable":true,"href":"https:\/\/www.macapflag.com\/blog\/wp-json\/wp\/v2\/comments?post=21038"}],"version-history":[{"count":4,"href":"https:\/\/www.macapflag.com\/blog\/wp-json\/wp\/v2\/posts\/21038\/revisions"}],"predecessor-version":[{"id":21043,"href":"https:\/\/www.macapflag.com\/blog\/wp-json\/wp\/v2\/posts\/21038\/revisions\/21043"}],"wp:featuredmedia":[{"embeddable":true,"href":"https:\/\/www.macapflag.com\/blog\/wp-json\/wp\/v2\/media\/21040"}],"wp:attachment":[{"href":"https:\/\/www.macapflag.com\/blog\/wp-json\/wp\/v2\/media?parent=21038"}],"wp:term":[{"taxonomy":"category","embeddable":true,"href":"https:\/\/www.macapflag.com\/blog\/wp-json\/wp\/v2\/categories?post=21038"},{"taxonomy":"post_tag","embeddable":true,"href":"https:\/\/www.macapflag.com\/blog\/wp-json\/wp\/v2\/tags?post=21038"}],"curies":[{"name":"wp","href":"https:\/\/api.w.org\/{rel}","templated":true}]}}