{"id":21408,"date":"2025-09-24T08:05:12","date_gmt":"2025-09-24T06:05:12","guid":{"rendered":"https:\/\/www.macapflag.com\/blog\/?p=21408"},"modified":"2025-09-24T08:05:12","modified_gmt":"2025-09-24T06:05:12","slug":"espaces-sans-tabac-focus-sur-la-nouvelle-charte-graphique-et-la-signaletique-officielle","status":"publish","type":"post","link":"https:\/\/www.macapflag.com\/blog\/espaces-sans-tabac-focus-sur-la-nouvelle-charte-graphique-et-la-signaletique-officielle\/","title":{"rendered":"Espaces sans tabac : Focus sur la nouvelle charte graphique et la signal\u00e9tique officielle"},"content":{"rendered":"\n<p>Depuis le <strong>1er juillet 2025<\/strong>, la France a franchi une nouvelle \u00e9tape dans la lutte contre le tabagisme. Avec l\u2019entr\u00e9e en vigueur du <strong>d\u00e9cret n\u00b02025-582 relatif aux espaces sans tabac<\/strong>, les parcs, plages, abords des \u00e9coles, stades et biblioth\u00e8ques rejoignent la liste des lieux o\u00f9 il est interdit de fumer.<br> Pour accompagner cette \u00e9volution, le gouvernement a mis en place une <strong>charte graphique nationale<\/strong> afin d\u2019unifier et rendre imm\u00e9diatement reconnaissables les nouveaux \u00ab espaces sans tabac \u00bb.<br> Les collectivit\u00e9s, les \u00e9coles et les \u00e9tablissements recevant du public doivent d\u00e9sormais s\u2019appuyer sur cette identit\u00e9 visuelle officielle pour <strong>installer une signal\u00e9tique conforme<\/strong>. <a href=\"https:\/\/www.macapflag.com\/\">Macap<\/a>, sp\u00e9cialiste fran\u00e7ais de la communication visuelle, propose des solutions adapt\u00e9es pour r\u00e9pondre \u00e0 cette obligation.<\/p>\n\n\n\n<h2 class=\"wp-block-heading\">1. Pourquoi une charte graphique nationale ?<\/h2>\n\n\n<div class=\"wp-block-image\">\n<figure class=\"aligncenter\"><img fetchpriority=\"high\" decoding=\"async\" width=\"700\" height=\"534\" src=\"https:\/\/www.macapflag.com\/blog\/wp-content\/uploads\/2025\/09\/1_Signaletique_legale_espace_sans_tabac.jpg\" alt=\"Signal\u00e9tique l\u00e9gale espace sans tabac\" class=\"wp-image-21409\" srcset=\"https:\/\/www.macapflag.com\/blog\/wp-content\/uploads\/2025\/09\/1_Signaletique_legale_espace_sans_tabac.jpg 700w, https:\/\/www.macapflag.com\/blog\/wp-content\/uploads\/2025\/09\/1_Signaletique_legale_espace_sans_tabac-300x229.jpg 300w\" sizes=\"(max-width: 700px) 100vw, 700px\" \/><\/figure><\/div>\n\n\n<p>La g\u00e9n\u00e9ralisation des espaces sans tabac est une <strong>mesure de sant\u00e9 publique et environnementale<\/strong>. Mais pour qu\u2019elle soit comprise et respect\u00e9e, il fallait cr\u00e9er une <strong>identit\u00e9 visuelle claire et homog\u00e8ne<\/strong>.<\/p>\n\n\n\n<p>Cette charte graphique, publi\u00e9e en juin 2025, r\u00e9pond \u00e0 trois objectifs principaux :<\/p>\n\n\n\n<ul class=\"wp-block-list\">\n<li><strong>Coh\u00e9rence<\/strong> : garantir une signalisation uniforme partout en France.<\/li>\n\n\n\n<li><strong>Lisibilit\u00e9<\/strong> : permettre au public d\u2019identifier instantan\u00e9ment les zones concern\u00e9es.<\/li>\n\n\n\n<li><strong>Applicabilit\u00e9<\/strong> : faciliter le travail des collectivit\u00e9s et \u00e9tablissements qui doivent mettre en place ces affichages.<\/li>\n<\/ul>\n\n\n\n<p>Ainsi, un usager doit reconna\u00eetre au premier coup d\u2019\u0153il qu\u2019il entre dans un espace sans tabac, qu\u2019il soit dans un parc \u00e0 Marseille, une plage en Bretagne ou devant une \u00e9cole en \u00cele-de-France.<\/p>\n\n\n\n<h2 class=\"wp-block-heading\">2. Les \u00e9l\u00e9ments cl\u00e9s de l\u2019identit\u00e9 visuelle<\/h2>\n\n\n\n<p>Le c\u0153ur de la charte repose sur un <strong>logo officiel<\/strong>, pens\u00e9 pour \u00eatre \u00e0 la fois simple, moderne et universel.<\/p>\n\n\n\n<h3 class=\"wp-block-heading\">Le logo principal<\/h3>\n\n\n\n<figure class=\"wp-block-image size-full\"><img decoding=\"async\" width=\"700\" height=\"534\" src=\"https:\/\/www.macapflag.com\/blog\/wp-content\/uploads\/2025\/09\/2_Signaletique_reglementaire_espace_sans_tabac.jpg\" alt=\"Signal\u00e9tique r\u00e8glementaire espace sans tabac\" class=\"wp-image-21410\" srcset=\"https:\/\/www.macapflag.com\/blog\/wp-content\/uploads\/2025\/09\/2_Signaletique_reglementaire_espace_sans_tabac.jpg 700w, https:\/\/www.macapflag.com\/blog\/wp-content\/uploads\/2025\/09\/2_Signaletique_reglementaire_espace_sans_tabac-300x229.jpg 300w\" sizes=\"(max-width: 700px) 100vw, 700px\" \/><\/figure>\n\n\n\n<p>Il se compose de :<\/p>\n\n\n\n<ul class=\"wp-block-list\">\n<li>Une <strong>\u00e9pingle de localisation<\/strong> (rep\u00e8re g\u00e9ographique),<\/li>\n\n\n\n<li>Une <strong>cigarette barr\u00e9e<\/strong> (symbole d\u2019interdiction),<\/li>\n\n\n\n<li>Le texte \u00ab espace sans tabac \u00bb centr\u00e9 en dessous.<\/li>\n<\/ul>\n\n\n\n<p>Ce logo existe en version couleur et noir et blanc, mais la version couleur sur fond blanc reste privil\u00e9gi\u00e9e.<\/p>\n\n\n\n<h3 class=\"wp-block-heading\">Les r\u00e8gles de base<\/h3>\n\n\n\n<figure class=\"wp-block-image size-full\"><img decoding=\"async\" width=\"700\" height=\"534\" src=\"https:\/\/www.macapflag.com\/blog\/wp-content\/uploads\/2025\/09\/3_Espace_sans_tabac_charte_officielle.jpg\" alt=\"Espace sans tabac charte officielle\" class=\"wp-image-21411\" srcset=\"https:\/\/www.macapflag.com\/blog\/wp-content\/uploads\/2025\/09\/3_Espace_sans_tabac_charte_officielle.jpg 700w, https:\/\/www.macapflag.com\/blog\/wp-content\/uploads\/2025\/09\/3_Espace_sans_tabac_charte_officielle-300x229.jpg 300w\" sizes=\"(max-width: 700px) 100vw, 700px\" \/><\/figure>\n\n\n\n<ul class=\"wp-block-list\">\n<li>Une <strong>zone de protection<\/strong> doit entourer le logo pour pr\u00e9server sa lisibilit\u00e9.<\/li>\n\n\n\n<li>Le logo ne doit jamais \u00eatre d\u00e9form\u00e9, rogn\u00e9, modifi\u00e9 ou utilis\u00e9 en transparence.<\/li>\n\n\n\n<li>Il doit rester sur <strong>fond clair<\/strong>, en priorit\u00e9 blanc.<\/li>\n<\/ul>\n\n\n\n<h3 class=\"wp-block-heading\">Couleurs et typographie<\/h3>\n\n\n\n<figure class=\"wp-block-image size-full\"><img loading=\"lazy\" decoding=\"async\" width=\"700\" height=\"534\" src=\"https:\/\/www.macapflag.com\/blog\/wp-content\/uploads\/2025\/09\/4_Charte_graphique_reglementaire_espace_sans.jpg\" alt=\"Charte graphique r\u00e9glementaire espace sans tabac\" class=\"wp-image-21412\" srcset=\"https:\/\/www.macapflag.com\/blog\/wp-content\/uploads\/2025\/09\/4_Charte_graphique_reglementaire_espace_sans.jpg 700w, https:\/\/www.macapflag.com\/blog\/wp-content\/uploads\/2025\/09\/4_Charte_graphique_reglementaire_espace_sans-300x229.jpg 300w\" sizes=\"(max-width: 700px) 100vw, 700px\" \/><figcaption class=\"wp-element-caption\"> <\/figcaption><\/figure>\n\n\n\n<ul class=\"wp-block-list\">\n<li><strong>Bleu France<\/strong> (#000091) et <strong>Rouge Marianne<\/strong> (#E1000F), issus de la charte graphique de l\u2019\u00c9tat.<\/li>\n\n\n\n<li><strong>Typographie officielle<\/strong> : Marianne Expression ExtraBold, utilis\u00e9e pour le texte accompagnant le logo.<\/li>\n<\/ul>\n\n\n\n<p>Ces codes visuels garantissent l\u2019<strong>int\u00e9gration de la signal\u00e9tique dans l\u2019identit\u00e9 institutionnelle fran\u00e7aise<\/strong>, au m\u00eame titre que d\u2019autres symboles officiels.<\/p>\n\n\n\n<h2 class=\"wp-block-heading\">3. Les d\u00e9clinaisons du logo par univers<\/h2>\n\n\n<div class=\"wp-block-image\">\n<figure class=\"aligncenter\"><img loading=\"lazy\" decoding=\"async\" width=\"700\" height=\"534\" src=\"https:\/\/www.macapflag.com\/blog\/wp-content\/uploads\/2025\/09\/5_Charte_reglementaire_espace_sans_tabac.jpg\" alt=\"Charte r\u00e9glementaire espace sans tabac\" class=\"wp-image-21413\" srcset=\"https:\/\/www.macapflag.com\/blog\/wp-content\/uploads\/2025\/09\/5_Charte_reglementaire_espace_sans_tabac.jpg 700w, https:\/\/www.macapflag.com\/blog\/wp-content\/uploads\/2025\/09\/5_Charte_reglementaire_espace_sans_tabac-300x229.jpg 300w\" sizes=\"(max-width: 700px) 100vw, 700px\" \/><figcaption class=\"wp-element-caption\"> <\/figcaption><\/figure><\/div>\n\n\n<p>Afin de s\u2019adapter \u00e0 chaque contexte, plusieurs variantes th\u00e9matiques ont \u00e9t\u00e9 pr\u00e9vues :<\/p>\n\n\n\n<ul class=\"wp-block-list\">\n<li><strong>Parc &amp; jardin sans tabac<\/strong>.<\/li>\n\n\n\n<li><strong>Plage sans tabac<\/strong>.<\/li>\n\n\n\n<li><strong>\u00c9cole sans tabac<\/strong>.<\/li>\n\n\n\n<li><strong>P\u00e9rim\u00e8tre sans tabac<\/strong> (autour des \u00e9coles, biblioth\u00e8ques, \u00e9quipements sportifs).<\/li>\n\n\n\n<li><strong>Espace sans tabac<\/strong> g\u00e9n\u00e9rique.<\/li>\n\n\n\n<li><strong>Emplacement fumeur<\/strong> : seul cas autoris\u00e9, interdit aux mineurs.<\/li>\n<\/ul>\n\n\n\n<p>Chaque d\u00e9clinaison reprend la <strong>m\u00eame organisation graphique<\/strong>, mais adapte le texte pour pr\u00e9ciser le type d\u2019espace concern\u00e9.<\/p>\n\n\n\n<h2 class=\"wp-block-heading\">4. Les r\u00e8gles d\u2019utilisation et les interdits<\/h2>\n\n\n<div class=\"wp-block-image\">\n<figure class=\"aligncenter\"><img loading=\"lazy\" decoding=\"async\" width=\"700\" height=\"534\" src=\"https:\/\/www.macapflag.com\/blog\/wp-content\/uploads\/2025\/09\/6_Information_reglementaire_espace_sans_tabac.jpg\" alt=\"Information r\u00e9glementaire espace sans tabac\" class=\"wp-image-21414\" srcset=\"https:\/\/www.macapflag.com\/blog\/wp-content\/uploads\/2025\/09\/6_Information_reglementaire_espace_sans_tabac.jpg 700w, https:\/\/www.macapflag.com\/blog\/wp-content\/uploads\/2025\/09\/6_Information_reglementaire_espace_sans_tabac-300x229.jpg 300w\" sizes=\"(max-width: 700px) 100vw, 700px\" \/><figcaption class=\"wp-element-caption\"> <\/figcaption><\/figure><\/div>\n\n\n<p>La charte d\u00e9finit \u00e9galement ce qu\u2019il <strong>ne faut pas faire<\/strong> pour \u00e9viter les mauvaises interpr\u00e9tations :<\/p>\n\n\n\n<ul class=\"wp-block-list\">\n<li>Ne pas changer les couleurs officielles.<\/li>\n\n\n\n<li>Ne pas incliner, rogner ou d\u00e9former le logo.<\/li>\n\n\n\n<li>Ne pas le placer sur un fond g\u00eanant la lisibilit\u00e9.<\/li>\n\n\n\n<li>Ne pas l\u2019utiliser comme logo partenaire ou dans un autre contexte.<\/li>\n<\/ul>\n\n\n\n<p>L\u2019objectif est de pr\u00e9server l\u2019<strong>uniformit\u00e9 et la cr\u00e9dibilit\u00e9<\/strong> de cette signal\u00e9tique nationale.<\/p>\n\n\n\n<h2 class=\"wp-block-heading\">5. Quels supports sont pr\u00e9vus dans la charte graphique ?<\/h2>\n\n\n\n<p>La charte pr\u00e9voit diff\u00e9rents formats pour s\u2019adapter \u00e0 la diversit\u00e9 des lieux :<\/p>\n\n\n\n<ul class=\"wp-block-list\">\n<li><strong>Affiches A3 (297 x 420 mm)<\/strong>.<\/li>\n\n\n\n<li><strong>Panneaux 400 x 600 mm<\/strong> (format officiel de r\u00e9f\u00e9rence).<\/li>\n\n\n\n<li><strong>Banderoles horizontales 1000 x 3000 mm<\/strong>.<\/li>\n\n\n\n<li><strong>Drapeaux<\/strong> (sans d\u00e9coupage, avec d\u00e9coupage sp\u00e9cifique pour les plages, ou format 3000 x 1000 mm).<\/li>\n<\/ul>\n\n\n\n<p>Chaque collectivit\u00e9 peut ainsi choisir les supports les plus pertinents en fonction de ses espaces (mur d\u2019\u00e9cole, cl\u00f4ture de stade, entr\u00e9e de plage, abribus\u2026).<\/p>\n\n\n\n<h2 class=\"wp-block-heading\">6. Les solutions Macap pour une signal\u00e9tique conforme et visible<\/h2>\n\n\n<div class=\"wp-block-image\">\n<figure class=\"aligncenter\"><img loading=\"lazy\" decoding=\"async\" width=\"700\" height=\"534\" src=\"https:\/\/www.macapflag.com\/blog\/wp-content\/uploads\/2025\/09\/7_Affichage_information_espace_sans_tabac.jpg\" alt=\"Affichage information espace sans tabac\" class=\"wp-image-21415\" srcset=\"https:\/\/www.macapflag.com\/blog\/wp-content\/uploads\/2025\/09\/7_Affichage_information_espace_sans_tabac.jpg 700w, https:\/\/www.macapflag.com\/blog\/wp-content\/uploads\/2025\/09\/7_Affichage_information_espace_sans_tabac-300x229.jpg 300w\" sizes=\"(max-width: 700px) 100vw, 700px\" \/><figcaption class=\"wp-element-caption\">Affichage information espace sans tabac<\/figcaption><\/figure><\/div>\n\n\n<p>Macap accompagne les collectivit\u00e9s et \u00e9tablissements scolaires dans l\u2019application de cette nouvelle r\u00e9glementation gr\u00e2ce \u00e0 une gamme compl\u00e8te de supports conformes \u00e0 la charte.<\/p>\n\n\n\n<h3 class=\"wp-block-heading\">Panneaux d\u2019affichage format A3 en PVC<\/h3>\n\n\n\n<ul class=\"wp-block-list\">\n<li>Format pratique pour murs, portails, grilles.<\/li>\n\n\n\n<li>R\u00e9sistants en ext\u00e9rieur.<\/li>\n\n\n\n<li>Parfaits pour les abords d\u2019\u00e9coles, biblioth\u00e8ques, stades.<\/li>\n<\/ul>\n\n\n\n<h3 class=\"wp-block-heading\">Roll up 80 \u00d7 200 cm<\/h3>\n\n\n\n<ul class=\"wp-block-list\">\n<li>Faciles \u00e0 installer en int\u00e9rieur.<\/li>\n\n\n\n<li>Id\u00e9al pour les halls d\u2019accueil, \u00e9v\u00e9nements scolaires, gymnases.<\/li>\n\n\n\n<li>R\u00e9utilisables et transportables.<\/li>\n<\/ul>\n\n\n\n<h3 class=\"wp-block-heading\">Beach flags \/ oriflammes forme potence hauteur 3,5 m<\/h3>\n\n\n\n<ul class=\"wp-block-list\">\n<li>Grande visibilit\u00e9 \u00e0 distance.<\/li>\n\n\n\n<li>Adapt\u00e9s aux cours d\u2019\u00e9cole, stades, parcs municipaux.<\/li>\n\n\n\n<li>Donnent une signal\u00e9tique claire et moderne.<\/li>\n<\/ul>\n\n\n\n<h3 class=\"wp-block-heading\">Banderoles PVC avec \u0153illets 1m x 3 m<\/h3>\n\n\n\n<ul class=\"wp-block-list\">\n<li>Accrochage facile sur cl\u00f4tures, grillages ou rambardes.<\/li>\n\n\n\n<li>Parfaites pour entr\u00e9es de plage, parcs ou installations sportives.<\/li>\n\n\n\n<li>Grande surface pour signaler efficacement.<\/li>\n<\/ul>\n\n\n\n<p>L\u2019ensemble de ces supports sont <strong>personnalis\u00e9s<\/strong> dans le respect de la charte graphique officielle fix\u00e9e par l\u2019Etat.<\/p>\n\n\n\n<h2 class=\"wp-block-heading\">Pourquoi acheter vos supports chez Macap ?<\/h2>\n\n\n\n<ul class=\"wp-block-list\">\n<li><strong>Fabrication fran\u00e7aise<\/strong> : ateliers certifi\u00e9s ISO 9001, 14001 et 45001.<\/li>\n\n\n\n<li><strong>Expertise<\/strong> : plus de 50 ans dans la signal\u00e9tique et la communication visuelle.<\/li>\n\n\n\n<li><strong>Qualit\u00e9 durable<\/strong> : mat\u00e9riaux r\u00e9sistants aux intemp\u00e9ries, adapt\u00e9s aux installations ext\u00e9rieures.<\/li>\n\n\n\n<li><strong>R\u00e9activit\u00e9<\/strong> : commandes en ligne, d\u00e9lais rapides pour aider les collectivit\u00e9s \u00e0 se mettre en conformit\u00e9.<\/li>\n<\/ul>\n\n\n\n<p>La charte graphique des <strong>espaces sans tabac<\/strong> est un outil essentiel pour rendre visible la nouvelle r\u00e9glementation. Gr\u00e2ce \u00e0 une identit\u00e9 forte et homog\u00e8ne, chaque citoyen peut reconna\u00eetre instantan\u00e9ment un espace o\u00f9 le tabac est interdit.<br> Pour les collectivit\u00e9s et \u00e9tablissements scolaires, l\u2019enjeu est double : respecter la loi et sensibiliser le public, en particulier les jeunes.<br> Avec ses <strong>panneaux, roll-up, beach flags et banderoles<\/strong>, Macap offre une gamme compl\u00e8te de supports conformes \u00e0 la charte graphique nationale, combinant <strong>visibilit\u00e9, durabilit\u00e9 et fabrication fran\u00e7aise<\/strong>.<br>Voici quelques exemples ci-dessous :<\/p>\n\n\n\n<div class=\"wp-block-columns is-layout-flex wp-container-core-columns-is-layout-9d6595d7 wp-block-columns-is-layout-flex\">\n<div class=\"wp-block-column is-layout-flow wp-block-column-is-layout-flow\"><div class=\"container p-0 m-0\">\n    <div class=\"row m-0 border\">\n        <div class=\"col-12 grid-didpd-body text-center\">\n            <img decoding=\"async\" src=\"https:\/\/www.macapflag.com\/1861082-home_default\/affiche-espace-sans-tabac-pvc.jpg\" alt=\"Affiche A3 Espace sans tabac\" class=\"mx-auto\" \/>\n            <div class=\"grid-didpd-text\">\n                <a href=\"https:\/\/www.macapflag.com\/plv-espace-sans-tabac\/792483-affiche-espace-sans-tabac-pvc.html\" target=\"_blank\" class=\"stretched-link\">\n                    <h3>Affiche A3 Espace sans tabac<\/h3>\n                <\/a>\n            <\/div>\n                        <p class=\"text-center font-weight-bold\">12,00 \u20ac HT<\/p>            <div class=\"text-center\">\n                <button class=\"btn btn-primary\">Achat affiche A3<\/button>\n            <\/div>\n        <\/div>\n    <\/div>\n<\/div>\n\n<\/div>\n\n\n\n<div class=\"wp-block-column is-layout-flow wp-block-column-is-layout-flow\"><div class=\"container p-0 m-0\">\n    <div class=\"row m-0 border\">\n        <div class=\"col-12 grid-didpd-body text-center\">\n            <img decoding=\"async\" src=\"https:\/\/www.macapflag.com\/1861074-home_default\/roll-up-plage-sans-tabac-structure-housse.jpg\" alt=\"Roll up pliant Plage sans tabac\" class=\"mx-auto\" \/>\n            <div class=\"grid-didpd-text\">\n                <a href=\"https:\/\/www.macapflag.com\/plv-espace-sans-tabac\/792461-roll-up-plage-sans-tabac-structure-housse.html\" target=\"_blank\" class=\"stretched-link\">\n                    <h3>Roll up pliant Plage sans tabac<\/h3>\n                <\/a>\n            <\/div>\n                        <p class=\"text-center font-weight-bold\">51,30 \u20ac HT<\/p>            <div class=\"text-center\">\n                <button class=\"btn btn-primary\">Achat roll up<\/button>\n            <\/div>\n        <\/div>\n    <\/div>\n<\/div>\n\n<\/div>\n\n\n\n<div class=\"wp-block-column is-layout-flow wp-block-column-is-layout-flow\"><div class=\"container p-0 m-0\">\n    <div class=\"row m-0 border\">\n        <div class=\"col-12 grid-didpd-body text-center\">\n            <img decoding=\"async\" src=\"https:\/\/www.macapflag.com\/1861116-home_default\/beach-flag-oriflamme-potence-espace-sans-tabac-kit-complet.jpg\" alt=\"Beachflag Espace sans tabac\" class=\"mx-auto\" \/>\n            <div class=\"grid-didpd-text\">\n                <a href=\"https:\/\/www.macapflag.com\/plv-espace-sans-tabac\/792466-beach-flag-oriflamme-potence-espace-sans-tabac-kit-complet.html\" target=\"_blank\" class=\"stretched-link\">\n                    <h3>Beachflag Espace sans tabac<\/h3>\n                <\/a>\n            <\/div>\n                        <p class=\"text-center font-weight-bold\">142,50 \u20ac HT<\/p>            <div class=\"text-center\">\n                <button class=\"btn btn-primary\">Achat Beachflag<\/button>\n            <\/div>\n        <\/div>\n    <\/div>\n<\/div>\n\n<\/div>\n<\/div>\n\n\n\n<div class=\"wp-block-columns is-layout-flex wp-container-core-columns-is-layout-9d6595d7 wp-block-columns-is-layout-flex\">\n<div class=\"wp-block-column is-layout-flow wp-block-column-is-layout-flow\"><div class=\"container p-0 m-0\">\n    <div class=\"row m-0 border\">\n        <div class=\"col-12 grid-didpd-body text-center\">\n            <img decoding=\"async\" src=\"https:\/\/www.macapflag.com\/1861066-home_default\/banderole-ecole-sans-tabac-pvc-oeillets.jpg\" alt=\"Banderole Ecole sans tabac\" class=\"mx-auto\" \/>\n            <div class=\"grid-didpd-text\">\n                <a href=\"https:\/\/www.macapflag.com\/plv-espace-sans-tabac\/792468-banderole-ecole-sans-tabac-pvc-oeillets.html\" target=\"_blank\" class=\"stretched-link\">\n                    <h3>Banderole Ecole sans tabac<\/h3>\n                <\/a>\n            <\/div>\n                        <p class=\"text-center font-weight-bold\">47,50 \u20ac HT<\/p>            <div class=\"text-center\">\n                <button class=\"btn btn-primary\">Achat Banderole<\/button>\n            <\/div>\n        <\/div>\n    <\/div>\n<\/div>\n\n<\/div>\n\n\n\n<div class=\"wp-block-column is-layout-flow wp-block-column-is-layout-flow\"><div class=\"container p-0 m-0\">\n    <div class=\"row m-0 border\">\n        <div class=\"col-12 grid-didpd-body text-center\">\n            <img decoding=\"async\" src=\"https:\/\/www.macapflag.com\/1861136-home_default\/beach-flag-oriflamme-classique-parc-jardin-sans-tabac-kit-complet.jpg\" alt=\"Beachflag Parc et jardin sans tabac\" class=\"mx-auto\" \/>\n            <div class=\"grid-didpd-text\">\n                <a href=\"https:\/\/www.macapflag.com\/plv-espace-sans-tabac\/792495-beach-flag-oriflamme-classique-parc-jardin-sans-tabac-kit-complet.html\" target=\"_blank\" class=\"stretched-link\">\n                    <h3>Beachflag Parc et jardin sans tabac<\/h3>\n                <\/a>\n            <\/div>\n                        <p class=\"text-center font-weight-bold\">112,10 \u20ac HT<\/p>            <div class=\"text-center\">\n                <button class=\"btn btn-primary\">Achat Beachflag<\/button>\n            <\/div>\n        <\/div>\n    <\/div>\n<\/div>\n\n<\/div>\n\n\n\n<div class=\"wp-block-column is-layout-flow wp-block-column-is-layout-flow\"><div class=\"container p-0 m-0\">\n    <div class=\"row m-0 border\">\n        <div class=\"col-12 grid-didpd-body text-center\">\n            <img decoding=\"async\" src=\"https:\/\/www.macapflag.com\/1861078-home_default\/roll-up-espace-sans-tabac-perimetre-structure-housse.jpg\" alt=\"Roll up pliant Espace sans tabac\" class=\"mx-auto\" \/>\n            <div class=\"grid-didpd-text\">\n                <a href=\"https:\/\/www.macapflag.com\/plv-espace-sans-tabac\/792477-roll-up-espace-sans-tabac-perimetre-structure-housse.html\" target=\"_blank\" class=\"stretched-link\">\n                    <h3>Roll up pliant Espace sans tabac<\/h3>\n                <\/a>\n            <\/div>\n                        <p class=\"text-center font-weight-bold\">51,30 \u20ac HT<\/p>            <div class=\"text-center\">\n                <button class=\"btn btn-primary\">Achat roll up<\/button>\n            <\/div>\n        <\/div>\n    <\/div>\n<\/div>\n\n<\/div>\n<\/div>\n","protected":false},"excerpt":{"rendered":"<div class=\"tmnf_excerpt\"><p>Depuis le 1er juillet 2025, la France a franchi une nouvelle \u00e9tape dans la lutte contre le tabagisme. Avec l\u2019entr\u00e9e en vigueur du d\u00e9cret n\u00b02025-582 relatif aux espaces sans tabac, les parcs, plages, abords des \u00e9coles, stades et biblioth\u00e8ques rejoignent la liste des lieux o\u00f9 il est interdit de fumer. Pour accompagner cette \u00e9volution, le &hellip;<\/p>\n<\/div>","protected":false},"author":2,"featured_media":21407,"comment_status":"closed","ping_status":"open","sticky":false,"template":"template-fullwidth.php","format":"standard","meta":{"footnotes":""},"categories":[93],"tags":[],"class_list":["post-21408","post","type-post","status-publish","format-standard","has-post-thumbnail","hentry","category-com"],"yoast_head":"<!-- This site is optimized with the Yoast SEO plugin v26.4 - https:\/\/yoast.com\/wordpress\/plugins\/seo\/ -->\n<title>Espaces sans tabac : Focus sur la nouvelle charte graphique et la signal\u00e9tique officielle - Blog - Macap<\/title>\n<meta name=\"robots\" content=\"index, follow, max-snippet:-1, max-image-preview:large, max-video-preview:-1\" \/>\n<link rel=\"canonical\" href=\"https:\/\/www.macapflag.com\/blog\/espaces-sans-tabac-focus-sur-la-nouvelle-charte-graphique-et-la-signaletique-officielle\/\" \/>\n<meta property=\"og:locale\" content=\"fr_FR\" \/>\n<meta property=\"og:type\" content=\"article\" \/>\n<meta property=\"og:title\" content=\"Espaces sans tabac : Focus sur la nouvelle charte graphique et la signal\u00e9tique officielle - Blog - Macap\" \/>\n<meta property=\"og:description\" content=\"Depuis le 1er juillet 2025, la France a franchi une nouvelle \u00e9tape dans la lutte contre le tabagisme. Avec l\u2019entr\u00e9e en vigueur du d\u00e9cret n\u00b02025-582 relatif aux espaces sans tabac, les parcs, plages, abords des \u00e9coles, stades et biblioth\u00e8ques rejoignent la liste des lieux o\u00f9 il est interdit de fumer. Pour accompagner cette \u00e9volution, le &hellip;\" \/>\n<meta property=\"og:url\" content=\"https:\/\/www.macapflag.com\/blog\/espaces-sans-tabac-focus-sur-la-nouvelle-charte-graphique-et-la-signaletique-officielle\/\" \/>\n<meta property=\"og:site_name\" content=\"Blog - Macap\" \/>\n<meta property=\"article:publisher\" content=\"https:\/\/www.facebook.com\/macap.pavoisement\/\" \/>\n<meta property=\"article:published_time\" content=\"2025-09-24T06:05:12+00:00\" \/>\n<meta property=\"og:image\" content=\"https:\/\/www.macapflag.com\/blog\/wp-content\/uploads\/2025\/09\/Titre_Signaletique_obligatoire_espace_sans_tabac.jpg\" \/>\n\t<meta property=\"og:image:width\" content=\"870\" \/>\n\t<meta property=\"og:image:height\" content=\"600\" \/>\n\t<meta property=\"og:image:type\" content=\"image\/jpeg\" \/>\n<meta name=\"author\" content=\"Blog Macap\" \/>\n<meta name=\"twitter:card\" content=\"summary_large_image\" \/>\n<meta name=\"twitter:label1\" content=\"\u00c9crit par\" \/>\n\t<meta name=\"twitter:data1\" content=\"Blog Macap\" \/>\n\t<meta name=\"twitter:label2\" content=\"Dur\u00e9e de lecture estim\u00e9e\" \/>\n\t<meta name=\"twitter:data2\" content=\"7 minutes\" \/>\n<script type=\"application\/ld+json\" class=\"yoast-schema-graph\">{\"@context\":\"https:\/\/schema.org\",\"@graph\":[{\"@type\":\"Article\",\"@id\":\"https:\/\/www.macapflag.com\/blog\/espaces-sans-tabac-focus-sur-la-nouvelle-charte-graphique-et-la-signaletique-officielle\/#article\",\"isPartOf\":{\"@id\":\"https:\/\/www.macapflag.com\/blog\/espaces-sans-tabac-focus-sur-la-nouvelle-charte-graphique-et-la-signaletique-officielle\/\"},\"author\":{\"name\":\"Blog Macap\",\"@id\":\"https:\/\/www.macapflag.com\/blog\/#\/schema\/person\/3fea701f2603875e651e6b662578fc3c\"},\"headline\":\"Espaces sans tabac : Focus sur la nouvelle charte graphique et la signal\u00e9tique officielle\",\"datePublished\":\"2025-09-24T06:05:12+00:00\",\"mainEntityOfPage\":{\"@id\":\"https:\/\/www.macapflag.com\/blog\/espaces-sans-tabac-focus-sur-la-nouvelle-charte-graphique-et-la-signaletique-officielle\/\"},\"wordCount\":1139,\"publisher\":{\"@id\":\"https:\/\/www.macapflag.com\/blog\/#organization\"},\"image\":{\"@id\":\"https:\/\/www.macapflag.com\/blog\/espaces-sans-tabac-focus-sur-la-nouvelle-charte-graphique-et-la-signaletique-officielle\/#primaryimage\"},\"thumbnailUrl\":\"https:\/\/www.macapflag.com\/blog\/wp-content\/uploads\/2025\/09\/Titre_Signaletique_obligatoire_espace_sans_tabac.jpg\",\"articleSection\":[\"Le monde de la Com'\"],\"inLanguage\":\"fr-FR\"},{\"@type\":\"WebPage\",\"@id\":\"https:\/\/www.macapflag.com\/blog\/espaces-sans-tabac-focus-sur-la-nouvelle-charte-graphique-et-la-signaletique-officielle\/\",\"url\":\"https:\/\/www.macapflag.com\/blog\/espaces-sans-tabac-focus-sur-la-nouvelle-charte-graphique-et-la-signaletique-officielle\/\",\"name\":\"Espaces sans tabac : Focus sur la nouvelle charte graphique et la signal\u00e9tique officielle - Blog - Macap\",\"isPartOf\":{\"@id\":\"https:\/\/www.macapflag.com\/blog\/#website\"},\"primaryImageOfPage\":{\"@id\":\"https:\/\/www.macapflag.com\/blog\/espaces-sans-tabac-focus-sur-la-nouvelle-charte-graphique-et-la-signaletique-officielle\/#primaryimage\"},\"image\":{\"@id\":\"https:\/\/www.macapflag.com\/blog\/espaces-sans-tabac-focus-sur-la-nouvelle-charte-graphique-et-la-signaletique-officielle\/#primaryimage\"},\"thumbnailUrl\":\"https:\/\/www.macapflag.com\/blog\/wp-content\/uploads\/2025\/09\/Titre_Signaletique_obligatoire_espace_sans_tabac.jpg\",\"datePublished\":\"2025-09-24T06:05:12+00:00\",\"breadcrumb\":{\"@id\":\"https:\/\/www.macapflag.com\/blog\/espaces-sans-tabac-focus-sur-la-nouvelle-charte-graphique-et-la-signaletique-officielle\/#breadcrumb\"},\"inLanguage\":\"fr-FR\",\"potentialAction\":[{\"@type\":\"ReadAction\",\"target\":[\"https:\/\/www.macapflag.com\/blog\/espaces-sans-tabac-focus-sur-la-nouvelle-charte-graphique-et-la-signaletique-officielle\/\"]}]},{\"@type\":\"ImageObject\",\"inLanguage\":\"fr-FR\",\"@id\":\"https:\/\/www.macapflag.com\/blog\/espaces-sans-tabac-focus-sur-la-nouvelle-charte-graphique-et-la-signaletique-officielle\/#primaryimage\",\"url\":\"https:\/\/www.macapflag.com\/blog\/wp-content\/uploads\/2025\/09\/Titre_Signaletique_obligatoire_espace_sans_tabac.jpg\",\"contentUrl\":\"https:\/\/www.macapflag.com\/blog\/wp-content\/uploads\/2025\/09\/Titre_Signaletique_obligatoire_espace_sans_tabac.jpg\",\"width\":870,\"height\":600,\"caption\":\"Signal\u00e9tique obligatoire espace sans tabac\"},{\"@type\":\"BreadcrumbList\",\"@id\":\"https:\/\/www.macapflag.com\/blog\/espaces-sans-tabac-focus-sur-la-nouvelle-charte-graphique-et-la-signaletique-officielle\/#breadcrumb\",\"itemListElement\":[{\"@type\":\"ListItem\",\"position\":1,\"name\":\"Accueil\",\"item\":\"https:\/\/www.macapflag.com\/blog\/\"},{\"@type\":\"ListItem\",\"position\":2,\"name\":\"Espaces sans tabac : Focus sur la nouvelle charte graphique et la signal\u00e9tique officielle\"}]},{\"@type\":\"WebSite\",\"@id\":\"https:\/\/www.macapflag.com\/blog\/#website\",\"url\":\"https:\/\/www.macapflag.com\/blog\/\",\"name\":\"Blog - Macap\",\"description\":\"Tous nos articles\",\"publisher\":{\"@id\":\"https:\/\/www.macapflag.com\/blog\/#organization\"},\"potentialAction\":[{\"@type\":\"SearchAction\",\"target\":{\"@type\":\"EntryPoint\",\"urlTemplate\":\"https:\/\/www.macapflag.com\/blog\/?s={search_term_string}\"},\"query-input\":{\"@type\":\"PropertyValueSpecification\",\"valueRequired\":true,\"valueName\":\"search_term_string\"}}],\"inLanguage\":\"fr-FR\"},{\"@type\":\"Organization\",\"@id\":\"https:\/\/www.macapflag.com\/blog\/#organization\",\"name\":\"macapflag\",\"url\":\"https:\/\/www.macapflag.com\/blog\/\",\"logo\":{\"@type\":\"ImageObject\",\"inLanguage\":\"fr-FR\",\"@id\":\"https:\/\/www.macapflag.com\/blog\/#\/schema\/logo\/image\/\",\"url\":\"https:\/\/www.macapflag.com\/blog\/wp-content\/uploads\/2020\/12\/cropped-M-512-1.png\",\"contentUrl\":\"https:\/\/www.macapflag.com\/blog\/wp-content\/uploads\/2020\/12\/cropped-M-512-1.png\",\"width\":512,\"height\":512,\"caption\":\"macapflag\"},\"image\":{\"@id\":\"https:\/\/www.macapflag.com\/blog\/#\/schema\/logo\/image\/\"},\"sameAs\":[\"https:\/\/www.facebook.com\/macap.pavoisement\/\",\"https:\/\/www.instagram.com\/macapflag\/?hl=fr\",\"https:\/\/www.linkedin.com\/company\/macap\/?originalSubdomain=fr\",\"https:\/\/www.youtube.com\/channel\/UCXNzTIdZh9poEBjSXEqDtNw\"]},{\"@type\":\"Person\",\"@id\":\"https:\/\/www.macapflag.com\/blog\/#\/schema\/person\/3fea701f2603875e651e6b662578fc3c\",\"name\":\"Blog Macap\",\"image\":{\"@type\":\"ImageObject\",\"inLanguage\":\"fr-FR\",\"@id\":\"https:\/\/www.macapflag.com\/blog\/#\/schema\/person\/image\/\",\"url\":\"https:\/\/secure.gravatar.com\/avatar\/c12551f2dc51f0db049633b03e7856985477a70da834cc8967dea4ce54bdd6a2?s=96&d=mm&r=g\",\"contentUrl\":\"https:\/\/secure.gravatar.com\/avatar\/c12551f2dc51f0db049633b03e7856985477a70da834cc8967dea4ce54bdd6a2?s=96&d=mm&r=g\",\"caption\":\"Blog Macap\"},\"url\":\"https:\/\/www.macapflag.com\/blog\/author\/macap\/\"}]}<\/script>\n<!-- \/ Yoast SEO plugin. -->","yoast_head_json":{"title":"Espaces sans tabac : Focus sur la nouvelle charte graphique et la signal\u00e9tique officielle - Blog - Macap","robots":{"index":"index","follow":"follow","max-snippet":"max-snippet:-1","max-image-preview":"max-image-preview:large","max-video-preview":"max-video-preview:-1"},"canonical":"https:\/\/www.macapflag.com\/blog\/espaces-sans-tabac-focus-sur-la-nouvelle-charte-graphique-et-la-signaletique-officielle\/","og_locale":"fr_FR","og_type":"article","og_title":"Espaces sans tabac : Focus sur la nouvelle charte graphique et la signal\u00e9tique officielle - Blog - Macap","og_description":"Depuis le 1er juillet 2025, la France a franchi une nouvelle \u00e9tape dans la lutte contre le tabagisme. Avec l\u2019entr\u00e9e en vigueur du d\u00e9cret n\u00b02025-582 relatif aux espaces sans tabac, les parcs, plages, abords des \u00e9coles, stades et biblioth\u00e8ques rejoignent la liste des lieux o\u00f9 il est interdit de fumer. Pour accompagner cette \u00e9volution, le &hellip;","og_url":"https:\/\/www.macapflag.com\/blog\/espaces-sans-tabac-focus-sur-la-nouvelle-charte-graphique-et-la-signaletique-officielle\/","og_site_name":"Blog - Macap","article_publisher":"https:\/\/www.facebook.com\/macap.pavoisement\/","article_published_time":"2025-09-24T06:05:12+00:00","og_image":[{"width":870,"height":600,"url":"https:\/\/www.macapflag.com\/blog\/wp-content\/uploads\/2025\/09\/Titre_Signaletique_obligatoire_espace_sans_tabac.jpg","type":"image\/jpeg"}],"author":"Blog Macap","twitter_card":"summary_large_image","twitter_misc":{"\u00c9crit par":"Blog Macap","Dur\u00e9e de lecture estim\u00e9e":"7 minutes"},"schema":{"@context":"https:\/\/schema.org","@graph":[{"@type":"Article","@id":"https:\/\/www.macapflag.com\/blog\/espaces-sans-tabac-focus-sur-la-nouvelle-charte-graphique-et-la-signaletique-officielle\/#article","isPartOf":{"@id":"https:\/\/www.macapflag.com\/blog\/espaces-sans-tabac-focus-sur-la-nouvelle-charte-graphique-et-la-signaletique-officielle\/"},"author":{"name":"Blog Macap","@id":"https:\/\/www.macapflag.com\/blog\/#\/schema\/person\/3fea701f2603875e651e6b662578fc3c"},"headline":"Espaces sans tabac : Focus sur la nouvelle charte graphique et la signal\u00e9tique officielle","datePublished":"2025-09-24T06:05:12+00:00","mainEntityOfPage":{"@id":"https:\/\/www.macapflag.com\/blog\/espaces-sans-tabac-focus-sur-la-nouvelle-charte-graphique-et-la-signaletique-officielle\/"},"wordCount":1139,"publisher":{"@id":"https:\/\/www.macapflag.com\/blog\/#organization"},"image":{"@id":"https:\/\/www.macapflag.com\/blog\/espaces-sans-tabac-focus-sur-la-nouvelle-charte-graphique-et-la-signaletique-officielle\/#primaryimage"},"thumbnailUrl":"https:\/\/www.macapflag.com\/blog\/wp-content\/uploads\/2025\/09\/Titre_Signaletique_obligatoire_espace_sans_tabac.jpg","articleSection":["Le monde de la Com'"],"inLanguage":"fr-FR"},{"@type":"WebPage","@id":"https:\/\/www.macapflag.com\/blog\/espaces-sans-tabac-focus-sur-la-nouvelle-charte-graphique-et-la-signaletique-officielle\/","url":"https:\/\/www.macapflag.com\/blog\/espaces-sans-tabac-focus-sur-la-nouvelle-charte-graphique-et-la-signaletique-officielle\/","name":"Espaces sans tabac : Focus sur la nouvelle charte graphique et la signal\u00e9tique officielle - Blog - Macap","isPartOf":{"@id":"https:\/\/www.macapflag.com\/blog\/#website"},"primaryImageOfPage":{"@id":"https:\/\/www.macapflag.com\/blog\/espaces-sans-tabac-focus-sur-la-nouvelle-charte-graphique-et-la-signaletique-officielle\/#primaryimage"},"image":{"@id":"https:\/\/www.macapflag.com\/blog\/espaces-sans-tabac-focus-sur-la-nouvelle-charte-graphique-et-la-signaletique-officielle\/#primaryimage"},"thumbnailUrl":"https:\/\/www.macapflag.com\/blog\/wp-content\/uploads\/2025\/09\/Titre_Signaletique_obligatoire_espace_sans_tabac.jpg","datePublished":"2025-09-24T06:05:12+00:00","breadcrumb":{"@id":"https:\/\/www.macapflag.com\/blog\/espaces-sans-tabac-focus-sur-la-nouvelle-charte-graphique-et-la-signaletique-officielle\/#breadcrumb"},"inLanguage":"fr-FR","potentialAction":[{"@type":"ReadAction","target":["https:\/\/www.macapflag.com\/blog\/espaces-sans-tabac-focus-sur-la-nouvelle-charte-graphique-et-la-signaletique-officielle\/"]}]},{"@type":"ImageObject","inLanguage":"fr-FR","@id":"https:\/\/www.macapflag.com\/blog\/espaces-sans-tabac-focus-sur-la-nouvelle-charte-graphique-et-la-signaletique-officielle\/#primaryimage","url":"https:\/\/www.macapflag.com\/blog\/wp-content\/uploads\/2025\/09\/Titre_Signaletique_obligatoire_espace_sans_tabac.jpg","contentUrl":"https:\/\/www.macapflag.com\/blog\/wp-content\/uploads\/2025\/09\/Titre_Signaletique_obligatoire_espace_sans_tabac.jpg","width":870,"height":600,"caption":"Signal\u00e9tique obligatoire espace sans tabac"},{"@type":"BreadcrumbList","@id":"https:\/\/www.macapflag.com\/blog\/espaces-sans-tabac-focus-sur-la-nouvelle-charte-graphique-et-la-signaletique-officielle\/#breadcrumb","itemListElement":[{"@type":"ListItem","position":1,"name":"Accueil","item":"https:\/\/www.macapflag.com\/blog\/"},{"@type":"ListItem","position":2,"name":"Espaces sans tabac : Focus sur la nouvelle charte graphique et la signal\u00e9tique officielle"}]},{"@type":"WebSite","@id":"https:\/\/www.macapflag.com\/blog\/#website","url":"https:\/\/www.macapflag.com\/blog\/","name":"Blog - Macap","description":"Tous nos articles","publisher":{"@id":"https:\/\/www.macapflag.com\/blog\/#organization"},"potentialAction":[{"@type":"SearchAction","target":{"@type":"EntryPoint","urlTemplate":"https:\/\/www.macapflag.com\/blog\/?s={search_term_string}"},"query-input":{"@type":"PropertyValueSpecification","valueRequired":true,"valueName":"search_term_string"}}],"inLanguage":"fr-FR"},{"@type":"Organization","@id":"https:\/\/www.macapflag.com\/blog\/#organization","name":"macapflag","url":"https:\/\/www.macapflag.com\/blog\/","logo":{"@type":"ImageObject","inLanguage":"fr-FR","@id":"https:\/\/www.macapflag.com\/blog\/#\/schema\/logo\/image\/","url":"https:\/\/www.macapflag.com\/blog\/wp-content\/uploads\/2020\/12\/cropped-M-512-1.png","contentUrl":"https:\/\/www.macapflag.com\/blog\/wp-content\/uploads\/2020\/12\/cropped-M-512-1.png","width":512,"height":512,"caption":"macapflag"},"image":{"@id":"https:\/\/www.macapflag.com\/blog\/#\/schema\/logo\/image\/"},"sameAs":["https:\/\/www.facebook.com\/macap.pavoisement\/","https:\/\/www.instagram.com\/macapflag\/?hl=fr","https:\/\/www.linkedin.com\/company\/macap\/?originalSubdomain=fr","https:\/\/www.youtube.com\/channel\/UCXNzTIdZh9poEBjSXEqDtNw"]},{"@type":"Person","@id":"https:\/\/www.macapflag.com\/blog\/#\/schema\/person\/3fea701f2603875e651e6b662578fc3c","name":"Blog Macap","image":{"@type":"ImageObject","inLanguage":"fr-FR","@id":"https:\/\/www.macapflag.com\/blog\/#\/schema\/person\/image\/","url":"https:\/\/secure.gravatar.com\/avatar\/c12551f2dc51f0db049633b03e7856985477a70da834cc8967dea4ce54bdd6a2?s=96&d=mm&r=g","contentUrl":"https:\/\/secure.gravatar.com\/avatar\/c12551f2dc51f0db049633b03e7856985477a70da834cc8967dea4ce54bdd6a2?s=96&d=mm&r=g","caption":"Blog Macap"},"url":"https:\/\/www.macapflag.com\/blog\/author\/macap\/"}]}},"_links":{"self":[{"href":"https:\/\/www.macapflag.com\/blog\/wp-json\/wp\/v2\/posts\/21408","targetHints":{"allow":["GET"]}}],"collection":[{"href":"https:\/\/www.macapflag.com\/blog\/wp-json\/wp\/v2\/posts"}],"about":[{"href":"https:\/\/www.macapflag.com\/blog\/wp-json\/wp\/v2\/types\/post"}],"author":[{"embeddable":true,"href":"https:\/\/www.macapflag.com\/blog\/wp-json\/wp\/v2\/users\/2"}],"replies":[{"embeddable":true,"href":"https:\/\/www.macapflag.com\/blog\/wp-json\/wp\/v2\/comments?post=21408"}],"version-history":[{"count":8,"href":"https:\/\/www.macapflag.com\/blog\/wp-json\/wp\/v2\/posts\/21408\/revisions"}],"predecessor-version":[{"id":21494,"href":"https:\/\/www.macapflag.com\/blog\/wp-json\/wp\/v2\/posts\/21408\/revisions\/21494"}],"wp:featuredmedia":[{"embeddable":true,"href":"https:\/\/www.macapflag.com\/blog\/wp-json\/wp\/v2\/media\/21407"}],"wp:attachment":[{"href":"https:\/\/www.macapflag.com\/blog\/wp-json\/wp\/v2\/media?parent=21408"}],"wp:term":[{"taxonomy":"category","embeddable":true,"href":"https:\/\/www.macapflag.com\/blog\/wp-json\/wp\/v2\/categories?post=21408"},{"taxonomy":"post_tag","embeddable":true,"href":"https:\/\/www.macapflag.com\/blog\/wp-json\/wp\/v2\/tags?post=21408"}],"curies":[{"name":"wp","href":"https:\/\/api.w.org\/{rel}","templated":true}]}}