{"id":21418,"date":"2025-09-15T10:09:17","date_gmt":"2025-09-15T08:09:17","guid":{"rendered":"https:\/\/www.macapflag.com\/blog\/?p=21418"},"modified":"2025-09-15T10:09:46","modified_gmt":"2025-09-15T08:09:46","slug":"espaces-sans-tabac","status":"publish","type":"post","link":"https:\/\/www.macapflag.com\/blog\/espaces-sans-tabac\/","title":{"rendered":"Espaces sans tabac : ce que dit la loi et comment les collectivit\u00e9s et \u00e9coles doivent s\u2019\u00e9quiper"},"content":{"rendered":"\n<p>Depuis le 27 juin 2025, un nouveau d\u00e9cret marque une \u00e9tape importante dans la lutte contre le tabagisme en France. Le <strong><a href=\"https:\/\/www.legifrance.gouv.fr\/jorf\/id\/JORFTEXT000051806161\">d\u00e9cret n\u00b02025-582<\/a> relatif aux espaces sans tabac<\/strong> \u00e9largit les zones o\u00f9 il est d\u00e9sormais interdit de fumer, avec un objectif clair : <strong>prot\u00e9ger les jeunes, d\u00e9normaliser la consommation de tabac et pr\u00e9server l\u2019environnement<\/strong>.<br> Pour les collectivit\u00e9s locales et les \u00e9tablissements scolaires, cette nouvelle r\u00e9glementation implique une <strong>obligation d\u2019affichage clair et visible<\/strong> afin d\u2019informer le public et de se mettre en conformit\u00e9.<br> MACAP, sp\u00e9cialiste fran\u00e7ais de la signal\u00e9tique et de la communication visuelle, propose des solutions adapt\u00e9es pour r\u00e9pondre efficacement \u00e0 ces nouvelles exigences.<\/p>\n\n\n\n<div style=\"height:37px\" aria-hidden=\"true\" class=\"wp-block-spacer\"><\/div>\n\n\n\n<h2 class=\"wp-block-heading\">Un cadre l\u00e9gal renforc\u00e9 contre le tabagisme<\/h2>\n\n\n<div class=\"wp-block-image\">\n<figure class=\"aligncenter\"><img fetchpriority=\"high\" decoding=\"async\" width=\"700\" height=\"534\" src=\"https:\/\/www.macapflag.com\/blog\/wp-content\/uploads\/2025\/09\/1_Extension_lieux_sans_tabac_parcs.jpg\" alt=\"Extension lieux sans tabac parcs et jardins publics\" class=\"wp-image-21419\" srcset=\"https:\/\/www.macapflag.com\/blog\/wp-content\/uploads\/2025\/09\/1_Extension_lieux_sans_tabac_parcs.jpg 700w, https:\/\/www.macapflag.com\/blog\/wp-content\/uploads\/2025\/09\/1_Extension_lieux_sans_tabac_parcs-300x229.jpg 300w\" sizes=\"(max-width: 700px) 100vw, 700px\" \/><\/figure><\/div>\n\n\n<p>La France a progressivement durci sa r\u00e9glementation contre le tabac depuis plus de 30 ans.<\/p>\n\n\n\n<ul class=\"wp-block-list\">\n<li><strong>1991<\/strong> : interdiction de fumer dans les lieux collectifs (loi \u00c9vin).<\/li>\n\n\n\n<li><strong>2006<\/strong> : extension \u00e0 tous les lieux ferm\u00e9s et couverts recevant du public.<\/li>\n\n\n\n<li><strong>2016<\/strong> : interdiction dans les aires de jeux et dans les voitures en pr\u00e9sence d\u2019un mineur.<\/li>\n<\/ul>\n\n\n\n<p>Le <strong>d\u00e9cret n\u00b02025-582 du 27 juin 2025 applicable \u00e0 compter du 1er juillet de cette ann\u00e9e<\/strong> vient franchir une nouvelle \u00e9tape en s\u2019attaquant aux espaces ext\u00e9rieurs tr\u00e8s fr\u00e9quent\u00e9s par les jeunes.<br> Le non-respect de ces r\u00e8gles expose les contrevenants \u00e0 une <strong>contravention de 4e classe<\/strong> :<\/p>\n\n\n\n<ul class=\"wp-block-list\">\n<li>135 \u20ac d\u2019amende forfaitaire,<\/li>\n\n\n\n<li>Jusqu\u2019\u00e0 750 \u20ac en cas de majoration.<\/li>\n<\/ul>\n\n\n\n<p>Au-del\u00e0 de la sanction, l\u2019objectif est clair : faire reculer l\u2019initiation au tabac, qui touche encore massivement les mineurs (90 % des fumeurs commencent avant 18 ans).<\/p>\n\n\n\n<div style=\"height:37px\" aria-hidden=\"true\" class=\"wp-block-spacer\"><\/div>\n\n\n\n<h2 class=\"wp-block-heading\">Les nouveaux lieux concern\u00e9s par l\u2019interdiction<\/h2>\n\n\n<div class=\"wp-block-image\">\n<figure class=\"aligncenter\"><img decoding=\"async\" width=\"700\" height=\"534\" src=\"https:\/\/www.macapflag.com\/blog\/wp-content\/uploads\/2025\/09\/2_Extension_lieux_sans_tabac_2025.jpg\" alt=\"Extension lieux sans tabac 2025 plages\" class=\"wp-image-21420\" srcset=\"https:\/\/www.macapflag.com\/blog\/wp-content\/uploads\/2025\/09\/2_Extension_lieux_sans_tabac_2025.jpg 700w, https:\/\/www.macapflag.com\/blog\/wp-content\/uploads\/2025\/09\/2_Extension_lieux_sans_tabac_2025-300x229.jpg 300w\" sizes=\"(max-width: 700px) 100vw, 700px\" \/><\/figure><\/div>\n\n\n<p>Le d\u00e9cret \u00e9largit la liste des espaces sans tabac \u00e0 plusieurs lieux ext\u00e9rieurs :<\/p>\n\n\n\n<ul class=\"wp-block-list\">\n<li><strong>Parcs et jardins publics<\/strong>.<\/li>\n\n\n\n<li><strong>Plages bordant des eaux de baignade<\/strong>, pendant la saison baln\u00e9aire.<\/li>\n\n\n\n<li><strong>Zones d\u2019attente<\/strong> des voyageurs (abribus, arr\u00eats de bus, tram ou car), pendant les heures de service.<\/li>\n\n\n\n<li><strong>Abords imm\u00e9diats des \u00e9tablissements scolaires<\/strong>, des structures accueillant des mineurs, des biblioth\u00e8ques et \u00e9quipements sportifs (dans un rayon d\u2019au moins 10 m\u00e8tres).<\/li>\n\n\n\n<li><strong>Espaces ouverts<\/strong> des biblioth\u00e8ques, piscines, stades et installations sportives, pendant les heures d\u2019ouverture.<\/li>\n<\/ul>\n\n\n\n<p>Pour les <strong>communes<\/strong>, les <strong>\u00e9coles<\/strong>, mais aussi les gestionnaires de lieux culturels ou sportifs, cela repr\u00e9sente de nouveaux espaces \u00e0 encadrer et surtout \u00e0 <strong>\u00e9quiper en signal\u00e9tique r\u00e9glementaire<\/strong>.<\/p>\n\n\n\n<div style=\"height:36px\" aria-hidden=\"true\" class=\"wp-block-spacer\"><\/div>\n\n\n\n<h2 class=\"wp-block-heading\">Les raisons de l\u2019extension des espaces sans tabac<\/h2>\n\n\n<div class=\"wp-block-image\">\n<figure class=\"aligncenter\"><img decoding=\"async\" width=\"700\" height=\"534\" src=\"https:\/\/www.macapflag.com\/blog\/wp-content\/uploads\/2025\/09\/3_Extension_lieux_sans_tabac_2025.jpg\" alt=\"Extension lieux sans tabac 2025 \u00e9coles\" class=\"wp-image-21421\" srcset=\"https:\/\/www.macapflag.com\/blog\/wp-content\/uploads\/2025\/09\/3_Extension_lieux_sans_tabac_2025.jpg 700w, https:\/\/www.macapflag.com\/blog\/wp-content\/uploads\/2025\/09\/3_Extension_lieux_sans_tabac_2025-300x229.jpg 300w\" sizes=\"(max-width: 700px) 100vw, 700px\" \/><figcaption class=\"wp-element-caption\">Extension lieux sans tabac 2025 \u00e9coles<\/figcaption><\/figure><\/div>\n\n\n<h3 class=\"wp-block-heading\">Prot\u00e9ger la sant\u00e9 publique<\/h3>\n\n\n\n<p>Le tabac reste la <strong>premi\u00e8re cause de mortalit\u00e9 \u00e9vitable en France<\/strong> avec 75 000 d\u00e9c\u00e8s par an. Le tabagisme passif entra\u00eene chaque ann\u00e9e entre 3 000 et 5 000 morts pr\u00e9matur\u00e9es. M\u00eame en ext\u00e9rieur, l\u2019exposition n\u2019est pas sans risque, notamment pour les jeunes enfants.<\/p>\n\n\n\n<h3 class=\"wp-block-heading\">D\u00e9normaliser le tabac<\/h3>\n\n\n\n<p>Voir des adultes fumer dans des lieux publics incite les jeunes \u00e0 reproduire ce comportement. En rendant invisibles ces pratiques dans les espaces de sociabilit\u00e9, le d\u00e9cret contribue \u00e0 \u00ab d\u00e9banaliser \u00bb le tabac.<\/p>\n\n\n\n<h3 class=\"wp-block-heading\">Pr\u00e9server l\u2019environnement<\/h3>\n\n\n\n<p>Chaque ann\u00e9e en France, <strong>20 000 \u00e0 25 000 tonnes de m\u00e9gots<\/strong> sont jet\u00e9es dans la nature. Un seul m\u00e9got peut polluer jusqu\u2019\u00e0 <strong>500 litres d\u2019eau<\/strong>. L\u2019extension des espaces sans tabac vise aussi \u00e0 r\u00e9duire cette source massive de pollution.<\/p>\n\n\n\n<div style=\"height:37px\" aria-hidden=\"true\" class=\"wp-block-spacer\"><\/div>\n\n\n\n<h2 class=\"wp-block-heading\">Une signal\u00e9tique officielle obligatoire<\/h2>\n\n\n\n<p>Le d\u00e9cret s\u2019accompagne de la cr\u00e9ation d\u2019un <strong>nouveau pictogramme national \u201cEspace sans tabac\u201d<\/strong>.<\/p>\n\n\n\n<ul class=\"wp-block-list\">\n<li>Design clair et moderne : combinaison d\u2019un symbole de g\u00e9olocalisation et du cercle barr\u00e9 universel d\u2019interdiction.<\/li>\n\n\n\n<li>Objectif : garantir une signalisation <strong>uniforme et imm\u00e9diatement reconnaissable<\/strong> dans toute la France.<\/li>\n<\/ul>\n\n\n\n<h3 class=\"wp-block-heading\">Qui doit installer la signal\u00e9tique ?<\/h3>\n\n\n\n<ul class=\"wp-block-list\">\n<li><strong>Les collectivit\u00e9s territoriales<\/strong> : pour les espaces publics (parcs, plages, abribus).<\/li>\n\n\n\n<li><strong>Les \u00e9tablissements scolaires, biblioth\u00e8ques et installations sportives<\/strong> : pour leurs abords et espaces ouverts.<\/li>\n\n\n\n<li><strong>Les exploitants priv\u00e9s<\/strong> (clubs, associations, piscines, stades priv\u00e9s) : pour leurs sites.<\/li>\n\n\n\n<li><strong>Les concessionnaires<\/strong> (plages ou \u00e9quipements en d\u00e9l\u00e9gation de service public) : pour leurs zones de gestion.<\/li>\n<\/ul>\n\n\n\n<p>Sans signal\u00e9tique claire, il devient difficile de faire respecter la r\u00e9glementation, et la responsabilit\u00e9 du gestionnaire peut \u00eatre engag\u00e9e.<\/p>\n\n\n\n<div style=\"height:37px\" aria-hidden=\"true\" class=\"wp-block-spacer\"><\/div>\n\n\n\n<h2 class=\"wp-block-heading\">Comment mettre en \u0153uvre la signalisation dans vos espaces ?<\/h2>\n\n\n\n<p>Mettre en conformit\u00e9 ses espaces demande une organisation simple mais rigoureuse :<\/p>\n\n\n\n<ol class=\"wp-block-list\">\n<li><strong>Identifier les zones concern\u00e9es<\/strong> : abords d\u2019\u00e9coles, entr\u00e9es de stades, plages, parcs, abribus.<\/li>\n\n\n\n<li><strong>D\u00e9terminer les supports adapt\u00e9s<\/strong> : panneaux fixes, affiches temporaires, dispositifs mobiles.<\/li>\n\n\n\n<li><strong>Installer de mani\u00e8re visible<\/strong> : aux entr\u00e9es, aux abords directs, sur les zones de passage.<\/li>\n\n\n\n<li><strong>Assurer le suivi<\/strong> : remplacement des supports ab\u00eem\u00e9s, mise \u00e0 jour si extension du p\u00e9rim\u00e8tre.<\/li>\n<\/ol>\n\n\n\n<div style=\"height:37px\" aria-hidden=\"true\" class=\"wp-block-spacer\"><\/div>\n\n\n\n<h2 class=\"wp-block-heading\">Les solutions MACAP pour une signal\u00e9tique conforme, visible et efficace<\/h2>\n\n\n\n<p>En tant que <strong>fabricant fran\u00e7ais certifi\u00e9 ISO<\/strong>, <a href=\"https:\/\/www.macapflag.com\/\">MACAP<\/a> accompagne les collectivit\u00e9s et \u00e9tablissements scolaires avec des supports adapt\u00e9s aux diff\u00e9rents environnements :<\/p>\n\n\n\n<h3 class=\"wp-block-heading\">Panneaux d\u2019affichage format A3 en PVC<\/h3>\n\n\n\n<div class=\"wp-block-columns is-layout-flex wp-container-core-columns-is-layout-9d6595d7 wp-block-columns-is-layout-flex\">\n<div class=\"wp-block-column is-layout-flow wp-block-column-is-layout-flow\"><div class=\"container p-0 m-0\">\n    <div class=\"row m-0 border\">\n        <div class=\"col-12 grid-didpd-body text-center\">\n            <img decoding=\"async\" src=\"https:\/\/www.macapflag.com\/1861082-home_default\/affiche-espace-sans-tabac-pvc.jpg\" alt=\"Affiche A3 Espace sans tabac\" class=\"mx-auto\" \/>\n            <div class=\"grid-didpd-text\">\n                <a href=\"https:\/\/www.macapflag.com\/plv-espace-sans-tabac\/792483-affiche-espace-sans-tabac-pvc.html\" target=\"_blank\" class=\"stretched-link\">\n                    <h3>Affiche A3 Espace sans tabac<\/h3>\n                <\/a>\n            <\/div>\n                        <p class=\"text-center font-weight-bold\">12,00 \u20ac HT<\/p>            <div class=\"text-center\">\n                <button class=\"btn btn-primary\">Achat affiche A3<\/button>\n            <\/div>\n        <\/div>\n    <\/div>\n<\/div>\n\n<\/div>\n\n\n\n<div class=\"wp-block-column is-layout-flow wp-block-column-is-layout-flow\"><div class=\"container p-0 m-0\">\n    <div class=\"row m-0 border\">\n        <div class=\"col-12 grid-didpd-body text-center\">\n            <img decoding=\"async\" src=\"https:\/\/www.macapflag.com\/1861080-home_default\/affiche-plage-sans-tabac-pvc.jpg\" alt=\"Affiche A3 Plage sans tabac\" class=\"mx-auto\" \/>\n            <div class=\"grid-didpd-text\">\n                <a href=\"https:\/\/www.macapflag.com\/plv-espace-sans-tabac\/792482-affiche-plage-sans-tabac-pvc.html\" target=\"_blank\" class=\"stretched-link\">\n                    <h3>Affiche A3 Plage sans tabac<\/h3>\n                <\/a>\n            <\/div>\n                        <p class=\"text-center font-weight-bold\">12,00 \u20ac HT<\/p>            <div class=\"text-center\">\n                <button class=\"btn btn-primary\">Achat affiche A3<\/button>\n            <\/div>\n        <\/div>\n    <\/div>\n<\/div>\n\n<\/div>\n\n\n\n<div class=\"wp-block-column is-layout-flow wp-block-column-is-layout-flow\"><div class=\"container p-0 m-0\">\n    <div class=\"row m-0 border\">\n        <div class=\"col-12 grid-didpd-body text-center\">\n            <img decoding=\"async\" src=\"https:\/\/www.macapflag.com\/1861085-home_default\/affiche-ecole-sans-tabac-pvc.jpg\" alt=\"Affiche A3 Ecole sans tabac\" class=\"mx-auto\" \/>\n            <div class=\"grid-didpd-text\">\n                <a href=\"https:\/\/www.macapflag.com\/plv-espace-sans-tabac\/792481-affiche-ecole-sans-tabac-pvc.html\" target=\"_blank\" class=\"stretched-link\">\n                    <h3>Affiche A3 Ecole sans tabac<\/h3>\n                <\/a>\n            <\/div>\n                        <p class=\"text-center font-weight-bold\">12,00 \u20ac HT<\/p>            <div class=\"text-center\">\n                <button class=\"btn btn-primary\">Achat affiche A3<\/button>\n            <\/div>\n        <\/div>\n    <\/div>\n<\/div>\n\n<\/div>\n<\/div>\n\n\n\n<ul class=\"wp-block-list\">\n<li>Format pratique pour murs, portails, grilles.<\/li>\n\n\n\n<li>R\u00e9sistants en ext\u00e9rieur.<\/li>\n\n\n\n<li>Parfaits pour les abords d\u2019\u00e9coles, biblioth\u00e8ques, stades.<\/li>\n<\/ul>\n\n\n\n<h3 class=\"wp-block-heading\">Roll up 80 \u00d7 200 cm<\/h3>\n\n\n\n<div class=\"wp-block-columns is-layout-flex wp-container-core-columns-is-layout-9d6595d7 wp-block-columns-is-layout-flex\">\n<div class=\"wp-block-column is-layout-flow wp-block-column-is-layout-flow\"><div class=\"container p-0 m-0\">\n    <div class=\"row m-0 border\">\n        <div class=\"col-12 grid-didpd-body text-center\">\n            <img decoding=\"async\" src=\"https:\/\/www.macapflag.com\/1861074-home_default\/roll-up-plage-sans-tabac-structure-housse.jpg\" alt=\"Roll up Plage sans tabac\" class=\"mx-auto\" \/>\n            <div class=\"grid-didpd-text\">\n                <a href=\"https:\/\/www.macapflag.com\/plv-espace-sans-tabac\/792461-roll-up-plage-sans-tabac-structure-housse.html\" target=\"_blank\" class=\"stretched-link\">\n                    <h3>Roll up Plage sans tabac<\/h3>\n                <\/a>\n            <\/div>\n                        <p class=\"text-center font-weight-bold\">51,30 \u20ac HT<\/p>            <div class=\"text-center\">\n                <button class=\"btn btn-primary\">Achat roll up<\/button>\n            <\/div>\n        <\/div>\n    <\/div>\n<\/div>\n\n<\/div>\n\n\n\n<div class=\"wp-block-column is-layout-flow wp-block-column-is-layout-flow\"><div class=\"container p-0 m-0\">\n    <div class=\"row m-0 border\">\n        <div class=\"col-12 grid-didpd-body text-center\">\n            <img decoding=\"async\" src=\"https:\/\/www.macapflag.com\/1861078-home_default\/roll-up-espace-sans-tabac-perimetre-structure-housse.jpg\" alt=\"Roll up Espace sans tabac\" class=\"mx-auto\" \/>\n            <div class=\"grid-didpd-text\">\n                <a href=\"https:\/\/www.macapflag.com\/plv-espace-sans-tabac\/792477-roll-up-espace-sans-tabac-perimetre-structure-housse.html\" target=\"_blank\" class=\"stretched-link\">\n                    <h3>Roll up Espace sans tabac<\/h3>\n                <\/a>\n            <\/div>\n                        <p class=\"text-center font-weight-bold\">51,30 \u20ac HT<\/p>            <div class=\"text-center\">\n                <button class=\"btn btn-primary\">Achat roll up<\/button>\n            <\/div>\n        <\/div>\n    <\/div>\n<\/div>\n\n<\/div>\n\n\n\n<div class=\"wp-block-column is-layout-flow wp-block-column-is-layout-flow\"><div class=\"container p-0 m-0\">\n    <div class=\"row m-0 border\">\n        <div class=\"col-12 grid-didpd-body text-center\">\n            <img decoding=\"async\" src=\"https:\/\/www.macapflag.com\/1861074-home_default\/roll-up-plage-sans-tabac-structure-housse.jpg\" alt=\"Roll up Ecole sans tabac\" class=\"mx-auto\" \/>\n            <div class=\"grid-didpd-text\">\n                <a href=\"https:\/\/www.macapflag.com\/plv-espace-sans-tabac\/792461-roll-up-plage-sans-tabac-structure-housse.html\" target=\"_blank\" class=\"stretched-link\">\n                    <h3>Roll up Ecole sans tabac<\/h3>\n                <\/a>\n            <\/div>\n                        <p class=\"text-center font-weight-bold\">51,30 \u20ac HT<\/p>            <div class=\"text-center\">\n                <button class=\"btn btn-primary\">Achat roll up<\/button>\n            <\/div>\n        <\/div>\n    <\/div>\n<\/div>\n\n<\/div>\n<\/div>\n\n\n\n<ul class=\"wp-block-list\">\n<li>Facile \u00e0 installer en int\u00e9rieur.<\/li>\n\n\n\n<li>Id\u00e9al pour les halls d\u2019accueil, \u00e9v\u00e9nements scolaires, gymnases.<\/li>\n\n\n\n<li>R\u00e9utilisable et transportable.<\/li>\n<\/ul>\n\n\n\n<h3 class=\"wp-block-heading\">Beach flags \/ oriflammes forme potence hauteur 3,5 m<\/h3>\n\n\n\n<div class=\"wp-block-columns is-layout-flex wp-container-core-columns-is-layout-9d6595d7 wp-block-columns-is-layout-flex\">\n<div class=\"wp-block-column is-layout-flow wp-block-column-is-layout-flow\"><div class=\"container p-0 m-0\">\n    <div class=\"row m-0 border\">\n        <div class=\"col-12 grid-didpd-body text-center\">\n            <img decoding=\"async\" src=\"https:\/\/www.macapflag.com\/1861116-home_default\/beach-flag-oriflamme-potence-espace-sans-tabac-kit-complet.jpg\" alt=\"Beachflag Espace sans tabac\" class=\"mx-auto\" \/>\n            <div class=\"grid-didpd-text\">\n                <a href=\"https:\/\/www.macapflag.com\/plv-espace-sans-tabac\/792466-beach-flag-oriflamme-potence-espace-sans-tabac-kit-complet.html\" target=\"_blank\" class=\"stretched-link\">\n                    <h3>Beachflag Espace sans tabac<\/h3>\n                <\/a>\n            <\/div>\n                        <p class=\"text-center font-weight-bold\">142,50 \u20ac HT<\/p>            <div class=\"text-center\">\n                <button class=\"btn btn-primary\">Achat Beachflag<\/button>\n            <\/div>\n        <\/div>\n    <\/div>\n<\/div>\n\n<\/div>\n\n\n\n<div class=\"wp-block-column is-layout-flow wp-block-column-is-layout-flow\"><div class=\"container p-0 m-0\">\n    <div class=\"row m-0 border\">\n        <div class=\"col-12 grid-didpd-body text-center\">\n            <img decoding=\"async\" src=\"https:\/\/www.macapflag.com\/1861136-home_default\/beach-flag-oriflamme-classique-parc-jardin-sans-tabac-kit-complet.jpg\" alt=\"Beachflag Parc et jardin sans tabac\" class=\"mx-auto\" \/>\n            <div class=\"grid-didpd-text\">\n                <a href=\"https:\/\/www.macapflag.com\/plv-espace-sans-tabac\/792495-beach-flag-oriflamme-classique-parc-jardin-sans-tabac-kit-complet.html\" target=\"_blank\" class=\"stretched-link\">\n                    <h3>Beachflag Parc et jardin sans tabac<\/h3>\n                <\/a>\n            <\/div>\n                        <p class=\"text-center font-weight-bold\">112,10 \u20ac HT<\/p>            <div class=\"text-center\">\n                <button class=\"btn btn-primary\">Achat Beachflag<\/button>\n            <\/div>\n        <\/div>\n    <\/div>\n<\/div>\n\n<\/div>\n\n\n\n<div class=\"wp-block-column is-layout-flow wp-block-column-is-layout-flow\"><div class=\"container p-0 m-0\">\n    <div class=\"row m-0 border\">\n        <div class=\"col-12 grid-didpd-body text-center\">\n            <img decoding=\"async\" src=\"https:\/\/www.macapflag.com\/1861106-home_default\/beach-flag-oriflamme-potence-ecole-sans-tabac-kit-complet.jpg\" alt=\"Beachflag Ecole sans tabac\" class=\"mx-auto\" \/>\n            <div class=\"grid-didpd-text\">\n                <a href=\"https:\/\/www.macapflag.com\/plv-espace-sans-tabac\/792465-beach-flag-oriflamme-potence-ecole-sans-tabac-kit-complet.html\" target=\"_blank\" class=\"stretched-link\">\n                    <h3>Beachflag Ecole sans tabac<\/h3>\n                <\/a>\n            <\/div>\n                        <p class=\"text-center font-weight-bold\">142,50 \u20ac HT<\/p>            <div class=\"text-center\">\n                <button class=\"btn btn-primary\">Achat Beachflag<\/button>\n            <\/div>\n        <\/div>\n    <\/div>\n<\/div>\n\n<\/div>\n<\/div>\n\n\n\n<ul class=\"wp-block-list\">\n<li>Grande visibilit\u00e9 \u00e0 distance.<\/li>\n\n\n\n<li>Adapt\u00e9s aux cours d\u2019\u00e9cole, stades, parcs municipaux.<\/li>\n\n\n\n<li>Donnent une signal\u00e9tique claire et moderne.<\/li>\n<\/ul>\n\n\n\n<h3 class=\"wp-block-heading\">Banderoles PVC avec \u0153illets 1m x 3 m<\/h3>\n\n\n\n<div class=\"wp-block-columns is-layout-flex wp-container-core-columns-is-layout-9d6595d7 wp-block-columns-is-layout-flex\">\n<div class=\"wp-block-column is-layout-flow wp-block-column-is-layout-flow\"><div class=\"container p-0 m-0\">\n    <div class=\"row m-0 border\">\n        <div class=\"col-12 grid-didpd-body text-center\">\n            <img decoding=\"async\" src=\"https:\/\/www.macapflag.com\/1861062-home_default\/banderole-plage-sans-tabac-pvc-oeillets.jpg\" alt=\"Banderole Plage sans tabac\" class=\"mx-auto\" \/>\n            <div class=\"grid-didpd-text\">\n                <a href=\"https:\/\/www.macapflag.com\/plv-espace-sans-tabac\/792469-banderole-plage-sans-tabac-pvc-oeillets.html\" target=\"_blank\" class=\"stretched-link\">\n                    <h3>Banderole Plage sans tabac<\/h3>\n                <\/a>\n            <\/div>\n                        <p class=\"text-center font-weight-bold\">47,50 \u20ac HT<\/p>            <div class=\"text-center\">\n                <button class=\"btn btn-primary\">Achat Banderole<\/button>\n            <\/div>\n        <\/div>\n    <\/div>\n<\/div>\n\n<\/div>\n\n\n\n<div class=\"wp-block-column is-layout-flow wp-block-column-is-layout-flow\"><div class=\"container p-0 m-0\">\n    <div class=\"row m-0 border\">\n        <div class=\"col-12 grid-didpd-body text-center\">\n            <img decoding=\"async\" src=\"https:\/\/www.macapflag.com\/1861064-home_default\/banderole-espace-sans-tabac-pvc-oeillets.jpg\" alt=\"Banderole Espace sans tabac\" class=\"mx-auto\" \/>\n            <div class=\"grid-didpd-text\">\n                <a href=\"https:\/\/www.macapflag.com\/plv-espace-sans-tabac\/792471-banderole-espace-sans-tabac-pvc-oeillets.html\" target=\"_blank\" class=\"stretched-link\">\n                    <h3>Banderole Espace sans tabac<\/h3>\n                <\/a>\n            <\/div>\n                        <p class=\"text-center font-weight-bold\">47,50 \u20ac HT<\/p>            <div class=\"text-center\">\n                <button class=\"btn btn-primary\">Achat Banderole<\/button>\n            <\/div>\n        <\/div>\n    <\/div>\n<\/div>\n\n<\/div>\n\n\n\n<div class=\"wp-block-column is-layout-flow wp-block-column-is-layout-flow\"><div class=\"container p-0 m-0\">\n    <div class=\"row m-0 border\">\n        <div class=\"col-12 grid-didpd-body text-center\">\n            <img decoding=\"async\" src=\"https:\/\/www.macapflag.com\/1861066-home_default\/banderole-ecole-sans-tabac-pvc-oeillets.jpg\" alt=\"Banderole Ecole sans tabac\" class=\"mx-auto\" \/>\n            <div class=\"grid-didpd-text\">\n                <a href=\"https:\/\/www.macapflag.com\/plv-espace-sans-tabac\/792468-banderole-ecole-sans-tabac-pvc-oeillets.html\" target=\"_blank\" class=\"stretched-link\">\n                    <h3>Banderole Ecole sans tabac<\/h3>\n                <\/a>\n            <\/div>\n                        <p class=\"text-center font-weight-bold\">47,50 \u20ac HT<\/p>            <div class=\"text-center\">\n                <button class=\"btn btn-primary\">Achat Banderole<\/button>\n            <\/div>\n        <\/div>\n    <\/div>\n<\/div>\n\n<\/div>\n<\/div>\n\n\n\n<ul class=\"wp-block-list\">\n<li>Accrochage facile sur cl\u00f4tures, grillages ou rambardes.<\/li>\n\n\n\n<li>Parfaites pour entr\u00e9es de plage, parcs ou installations sportives.<\/li>\n\n\n\n<li>Grande surface pour signaler efficacement.<\/li>\n<\/ul>\n\n\n\n<p>L\u2019ensemble de ces supports sont <strong>personnalis\u00e9s<\/strong> dans le respect de la charte graphique officielle fix\u00e9e par l\u2019Etat.<\/p>\n\n\n\n<div style=\"height:38px\" aria-hidden=\"true\" class=\"wp-block-spacer\"><\/div>\n\n\n\n<h2 class=\"wp-block-heading\">Pourquoi faire confiance \u00e0 Macap ?<\/h2>\n\n\n\n<ul class=\"wp-block-list\">\n<li><strong>Fabrication fran\u00e7aise<\/strong> : production dans nos ateliers certifi\u00e9s ISO (9001 \u2013 qualit\u00e9, 14001 \u2013 environnement, 45001 \u2013 s\u00e9curit\u00e9).<\/li>\n\n\n\n<li><strong>Durabilit\u00e9<\/strong> : mat\u00e9riaux r\u00e9sistants aux intemp\u00e9ries, adapt\u00e9s aux installations en ext\u00e9rieur.<\/li>\n\n\n\n<li><strong>Expertise signal\u00e9tique<\/strong> : plus de 50 ans de savoir-faire dans la communication visuelle.<\/li>\n\n\n\n<li><strong>R\u00e9activit\u00e9<\/strong> : d\u00e9lais rapides pour r\u00e9pondre aux collectivit\u00e9s et \u00e9tablissements qui doivent agir d\u00e8s maintenant.<\/li>\n<\/ul>\n\n\n\n<p>Le <strong><a href=\"https:\/\/www.legifrance.gouv.fr\/jorf\/id\/JORFTEXT000051806161\">d\u00e9cret du 27 juin 2025<\/a><\/strong> marque un tournant : les espaces sans tabac deviennent la norme, et les collectivit\u00e9s comme les \u00e9tablissements scolaires doivent d\u00e9sormais s\u2019\u00e9quiper de <strong>signal\u00e9tique officielle et visible<\/strong>.<br> Au-del\u00e0 de la contrainte r\u00e9glementaire, c\u2019est un v\u00e9ritable enjeu de sant\u00e9 publique et de protection de l\u2019environnement.<br> MACAP met \u00e0 disposition une gamme compl\u00e8te de <strong>panneaux, roll-up, oriflammes et banderoles<\/strong> conformes aux nouvelles obligations.<\/p>\n\n\n\n<p>En vous appuyant sur l\u2019expertise d\u2019un <strong>fabricant fran\u00e7ais certifi\u00e9<\/strong>, vous garantissez aux citoyens et usagers une signalisation claire, durable et en totale conformit\u00e9 avec la loi.<\/p>\n","protected":false},"excerpt":{"rendered":"<div class=\"tmnf_excerpt\"><p>Depuis le 27 juin 2025, un nouveau d\u00e9cret marque une \u00e9tape importante dans la lutte contre le tabagisme en France. Le d\u00e9cret n\u00b02025-582 relatif aux espaces sans tabac \u00e9largit les zones o\u00f9 il est d\u00e9sormais interdit de fumer, avec un objectif clair : prot\u00e9ger les jeunes, d\u00e9normaliser la consommation de tabac et pr\u00e9server l\u2019environnement. Pour &hellip;<\/p>\n<\/div>","protected":false},"author":2,"featured_media":21417,"comment_status":"closed","ping_status":"open","sticky":false,"template":"template-fullwidth.php","format":"standard","meta":{"footnotes":""},"categories":[93],"tags":[],"class_list":["post-21418","post","type-post","status-publish","format-standard","has-post-thumbnail","hentry","category-com"],"yoast_head":"<!-- This site is optimized with the Yoast SEO plugin v26.4 - https:\/\/yoast.com\/wordpress\/plugins\/seo\/ -->\n<title>Espaces sans tabac, nouvelle r\u00e9glementation et mise en oeuvre<\/title>\n<meta name=\"description\" content=\"Espaces sans tabac : ce que dit le d\u00e9cret du 27 juin 2025 et comment les collectivit\u00e9s et \u00e9coles doivent s\u2019\u00e9quiper pour \u00eatre en conformit\u00e9\" \/>\n<meta name=\"robots\" content=\"index, follow, max-snippet:-1, max-image-preview:large, max-video-preview:-1\" \/>\n<link rel=\"canonical\" href=\"https:\/\/www.macapflag.com\/blog\/espaces-sans-tabac\/\" \/>\n<meta property=\"og:locale\" content=\"fr_FR\" \/>\n<meta property=\"og:type\" content=\"article\" \/>\n<meta property=\"og:title\" content=\"Espaces sans tabac, nouvelle r\u00e9glementation et mise en oeuvre\" \/>\n<meta property=\"og:description\" content=\"Espaces sans tabac : ce que dit le d\u00e9cret du 27 juin 2025 et comment les collectivit\u00e9s et \u00e9coles doivent s\u2019\u00e9quiper pour \u00eatre en conformit\u00e9\" \/>\n<meta property=\"og:url\" content=\"https:\/\/www.macapflag.com\/blog\/espaces-sans-tabac\/\" \/>\n<meta property=\"og:site_name\" content=\"Blog - Macap\" \/>\n<meta property=\"article:publisher\" content=\"https:\/\/www.facebook.com\/macap.pavoisement\/\" \/>\n<meta property=\"article:published_time\" content=\"2025-09-15T08:09:17+00:00\" \/>\n<meta property=\"article:modified_time\" content=\"2025-09-15T08:09:46+00:00\" \/>\n<meta property=\"og:image\" content=\"https:\/\/www.macapflag.com\/blog\/wp-content\/uploads\/2025\/09\/Titre_extension_des_lieux_sans_tabac.jpg\" \/>\n\t<meta property=\"og:image:width\" content=\"870\" \/>\n\t<meta property=\"og:image:height\" content=\"600\" \/>\n\t<meta property=\"og:image:type\" content=\"image\/jpeg\" \/>\n<meta name=\"author\" content=\"Blog Macap\" \/>\n<meta name=\"twitter:card\" content=\"summary_large_image\" \/>\n<meta name=\"twitter:label1\" content=\"\u00c9crit par\" \/>\n\t<meta name=\"twitter:data1\" content=\"Blog Macap\" \/>\n\t<meta name=\"twitter:label2\" content=\"Dur\u00e9e de lecture estim\u00e9e\" \/>\n\t<meta name=\"twitter:data2\" content=\"7 minutes\" \/>\n<script type=\"application\/ld+json\" class=\"yoast-schema-graph\">{\"@context\":\"https:\/\/schema.org\",\"@graph\":[{\"@type\":\"Article\",\"@id\":\"https:\/\/www.macapflag.com\/blog\/espaces-sans-tabac\/#article\",\"isPartOf\":{\"@id\":\"https:\/\/www.macapflag.com\/blog\/espaces-sans-tabac\/\"},\"author\":{\"name\":\"Blog Macap\",\"@id\":\"https:\/\/www.macapflag.com\/blog\/#\/schema\/person\/3fea701f2603875e651e6b662578fc3c\"},\"headline\":\"Espaces sans tabac : ce que dit la loi et comment les collectivit\u00e9s et \u00e9coles doivent s\u2019\u00e9quiper\",\"datePublished\":\"2025-09-15T08:09:17+00:00\",\"dateModified\":\"2025-09-15T08:09:46+00:00\",\"mainEntityOfPage\":{\"@id\":\"https:\/\/www.macapflag.com\/blog\/espaces-sans-tabac\/\"},\"wordCount\":1347,\"publisher\":{\"@id\":\"https:\/\/www.macapflag.com\/blog\/#organization\"},\"image\":{\"@id\":\"https:\/\/www.macapflag.com\/blog\/espaces-sans-tabac\/#primaryimage\"},\"thumbnailUrl\":\"https:\/\/www.macapflag.com\/blog\/wp-content\/uploads\/2025\/09\/Titre_extension_des_lieux_sans_tabac.jpg\",\"articleSection\":[\"Le monde de la Com'\"],\"inLanguage\":\"fr-FR\"},{\"@type\":\"WebPage\",\"@id\":\"https:\/\/www.macapflag.com\/blog\/espaces-sans-tabac\/\",\"url\":\"https:\/\/www.macapflag.com\/blog\/espaces-sans-tabac\/\",\"name\":\"Espaces sans tabac, nouvelle r\u00e9glementation et mise en oeuvre\",\"isPartOf\":{\"@id\":\"https:\/\/www.macapflag.com\/blog\/#website\"},\"primaryImageOfPage\":{\"@id\":\"https:\/\/www.macapflag.com\/blog\/espaces-sans-tabac\/#primaryimage\"},\"image\":{\"@id\":\"https:\/\/www.macapflag.com\/blog\/espaces-sans-tabac\/#primaryimage\"},\"thumbnailUrl\":\"https:\/\/www.macapflag.com\/blog\/wp-content\/uploads\/2025\/09\/Titre_extension_des_lieux_sans_tabac.jpg\",\"datePublished\":\"2025-09-15T08:09:17+00:00\",\"dateModified\":\"2025-09-15T08:09:46+00:00\",\"description\":\"Espaces sans tabac : ce que dit le d\u00e9cret du 27 juin 2025 et comment les collectivit\u00e9s et \u00e9coles doivent s\u2019\u00e9quiper pour \u00eatre en conformit\u00e9\",\"breadcrumb\":{\"@id\":\"https:\/\/www.macapflag.com\/blog\/espaces-sans-tabac\/#breadcrumb\"},\"inLanguage\":\"fr-FR\",\"potentialAction\":[{\"@type\":\"ReadAction\",\"target\":[\"https:\/\/www.macapflag.com\/blog\/espaces-sans-tabac\/\"]}]},{\"@type\":\"ImageObject\",\"inLanguage\":\"fr-FR\",\"@id\":\"https:\/\/www.macapflag.com\/blog\/espaces-sans-tabac\/#primaryimage\",\"url\":\"https:\/\/www.macapflag.com\/blog\/wp-content\/uploads\/2025\/09\/Titre_extension_des_lieux_sans_tabac.jpg\",\"contentUrl\":\"https:\/\/www.macapflag.com\/blog\/wp-content\/uploads\/2025\/09\/Titre_extension_des_lieux_sans_tabac.jpg\",\"width\":870,\"height\":600,\"caption\":\"extension des lieux sans tabac 2025\"},{\"@type\":\"BreadcrumbList\",\"@id\":\"https:\/\/www.macapflag.com\/blog\/espaces-sans-tabac\/#breadcrumb\",\"itemListElement\":[{\"@type\":\"ListItem\",\"position\":1,\"name\":\"Accueil\",\"item\":\"https:\/\/www.macapflag.com\/blog\/\"},{\"@type\":\"ListItem\",\"position\":2,\"name\":\"Espaces sans tabac : ce que dit la loi et comment les collectivit\u00e9s et \u00e9coles doivent s\u2019\u00e9quiper\"}]},{\"@type\":\"WebSite\",\"@id\":\"https:\/\/www.macapflag.com\/blog\/#website\",\"url\":\"https:\/\/www.macapflag.com\/blog\/\",\"name\":\"Blog - Macap\",\"description\":\"Tous nos articles\",\"publisher\":{\"@id\":\"https:\/\/www.macapflag.com\/blog\/#organization\"},\"potentialAction\":[{\"@type\":\"SearchAction\",\"target\":{\"@type\":\"EntryPoint\",\"urlTemplate\":\"https:\/\/www.macapflag.com\/blog\/?s={search_term_string}\"},\"query-input\":{\"@type\":\"PropertyValueSpecification\",\"valueRequired\":true,\"valueName\":\"search_term_string\"}}],\"inLanguage\":\"fr-FR\"},{\"@type\":\"Organization\",\"@id\":\"https:\/\/www.macapflag.com\/blog\/#organization\",\"name\":\"macapflag\",\"url\":\"https:\/\/www.macapflag.com\/blog\/\",\"logo\":{\"@type\":\"ImageObject\",\"inLanguage\":\"fr-FR\",\"@id\":\"https:\/\/www.macapflag.com\/blog\/#\/schema\/logo\/image\/\",\"url\":\"https:\/\/www.macapflag.com\/blog\/wp-content\/uploads\/2020\/12\/cropped-M-512-1.png\",\"contentUrl\":\"https:\/\/www.macapflag.com\/blog\/wp-content\/uploads\/2020\/12\/cropped-M-512-1.png\",\"width\":512,\"height\":512,\"caption\":\"macapflag\"},\"image\":{\"@id\":\"https:\/\/www.macapflag.com\/blog\/#\/schema\/logo\/image\/\"},\"sameAs\":[\"https:\/\/www.facebook.com\/macap.pavoisement\/\",\"https:\/\/www.instagram.com\/macapflag\/?hl=fr\",\"https:\/\/www.linkedin.com\/company\/macap\/?originalSubdomain=fr\",\"https:\/\/www.youtube.com\/channel\/UCXNzTIdZh9poEBjSXEqDtNw\"]},{\"@type\":\"Person\",\"@id\":\"https:\/\/www.macapflag.com\/blog\/#\/schema\/person\/3fea701f2603875e651e6b662578fc3c\",\"name\":\"Blog Macap\",\"image\":{\"@type\":\"ImageObject\",\"inLanguage\":\"fr-FR\",\"@id\":\"https:\/\/www.macapflag.com\/blog\/#\/schema\/person\/image\/\",\"url\":\"https:\/\/secure.gravatar.com\/avatar\/c12551f2dc51f0db049633b03e7856985477a70da834cc8967dea4ce54bdd6a2?s=96&d=mm&r=g\",\"contentUrl\":\"https:\/\/secure.gravatar.com\/avatar\/c12551f2dc51f0db049633b03e7856985477a70da834cc8967dea4ce54bdd6a2?s=96&d=mm&r=g\",\"caption\":\"Blog Macap\"},\"url\":\"https:\/\/www.macapflag.com\/blog\/author\/macap\/\"}]}<\/script>\n<!-- \/ Yoast SEO plugin. -->","yoast_head_json":{"title":"Espaces sans tabac, nouvelle r\u00e9glementation et mise en oeuvre","description":"Espaces sans tabac : ce que dit le d\u00e9cret du 27 juin 2025 et comment les collectivit\u00e9s et \u00e9coles doivent s\u2019\u00e9quiper pour \u00eatre en conformit\u00e9","robots":{"index":"index","follow":"follow","max-snippet":"max-snippet:-1","max-image-preview":"max-image-preview:large","max-video-preview":"max-video-preview:-1"},"canonical":"https:\/\/www.macapflag.com\/blog\/espaces-sans-tabac\/","og_locale":"fr_FR","og_type":"article","og_title":"Espaces sans tabac, nouvelle r\u00e9glementation et mise en oeuvre","og_description":"Espaces sans tabac : ce que dit le d\u00e9cret du 27 juin 2025 et comment les collectivit\u00e9s et \u00e9coles doivent s\u2019\u00e9quiper pour \u00eatre en conformit\u00e9","og_url":"https:\/\/www.macapflag.com\/blog\/espaces-sans-tabac\/","og_site_name":"Blog - Macap","article_publisher":"https:\/\/www.facebook.com\/macap.pavoisement\/","article_published_time":"2025-09-15T08:09:17+00:00","article_modified_time":"2025-09-15T08:09:46+00:00","og_image":[{"width":870,"height":600,"url":"https:\/\/www.macapflag.com\/blog\/wp-content\/uploads\/2025\/09\/Titre_extension_des_lieux_sans_tabac.jpg","type":"image\/jpeg"}],"author":"Blog Macap","twitter_card":"summary_large_image","twitter_misc":{"\u00c9crit par":"Blog Macap","Dur\u00e9e de lecture estim\u00e9e":"7 minutes"},"schema":{"@context":"https:\/\/schema.org","@graph":[{"@type":"Article","@id":"https:\/\/www.macapflag.com\/blog\/espaces-sans-tabac\/#article","isPartOf":{"@id":"https:\/\/www.macapflag.com\/blog\/espaces-sans-tabac\/"},"author":{"name":"Blog Macap","@id":"https:\/\/www.macapflag.com\/blog\/#\/schema\/person\/3fea701f2603875e651e6b662578fc3c"},"headline":"Espaces sans tabac : ce que dit la loi et comment les collectivit\u00e9s et \u00e9coles doivent s\u2019\u00e9quiper","datePublished":"2025-09-15T08:09:17+00:00","dateModified":"2025-09-15T08:09:46+00:00","mainEntityOfPage":{"@id":"https:\/\/www.macapflag.com\/blog\/espaces-sans-tabac\/"},"wordCount":1347,"publisher":{"@id":"https:\/\/www.macapflag.com\/blog\/#organization"},"image":{"@id":"https:\/\/www.macapflag.com\/blog\/espaces-sans-tabac\/#primaryimage"},"thumbnailUrl":"https:\/\/www.macapflag.com\/blog\/wp-content\/uploads\/2025\/09\/Titre_extension_des_lieux_sans_tabac.jpg","articleSection":["Le monde de la Com'"],"inLanguage":"fr-FR"},{"@type":"WebPage","@id":"https:\/\/www.macapflag.com\/blog\/espaces-sans-tabac\/","url":"https:\/\/www.macapflag.com\/blog\/espaces-sans-tabac\/","name":"Espaces sans tabac, nouvelle r\u00e9glementation et mise en oeuvre","isPartOf":{"@id":"https:\/\/www.macapflag.com\/blog\/#website"},"primaryImageOfPage":{"@id":"https:\/\/www.macapflag.com\/blog\/espaces-sans-tabac\/#primaryimage"},"image":{"@id":"https:\/\/www.macapflag.com\/blog\/espaces-sans-tabac\/#primaryimage"},"thumbnailUrl":"https:\/\/www.macapflag.com\/blog\/wp-content\/uploads\/2025\/09\/Titre_extension_des_lieux_sans_tabac.jpg","datePublished":"2025-09-15T08:09:17+00:00","dateModified":"2025-09-15T08:09:46+00:00","description":"Espaces sans tabac : ce que dit le d\u00e9cret du 27 juin 2025 et comment les collectivit\u00e9s et \u00e9coles doivent s\u2019\u00e9quiper pour \u00eatre en conformit\u00e9","breadcrumb":{"@id":"https:\/\/www.macapflag.com\/blog\/espaces-sans-tabac\/#breadcrumb"},"inLanguage":"fr-FR","potentialAction":[{"@type":"ReadAction","target":["https:\/\/www.macapflag.com\/blog\/espaces-sans-tabac\/"]}]},{"@type":"ImageObject","inLanguage":"fr-FR","@id":"https:\/\/www.macapflag.com\/blog\/espaces-sans-tabac\/#primaryimage","url":"https:\/\/www.macapflag.com\/blog\/wp-content\/uploads\/2025\/09\/Titre_extension_des_lieux_sans_tabac.jpg","contentUrl":"https:\/\/www.macapflag.com\/blog\/wp-content\/uploads\/2025\/09\/Titre_extension_des_lieux_sans_tabac.jpg","width":870,"height":600,"caption":"extension des lieux sans tabac 2025"},{"@type":"BreadcrumbList","@id":"https:\/\/www.macapflag.com\/blog\/espaces-sans-tabac\/#breadcrumb","itemListElement":[{"@type":"ListItem","position":1,"name":"Accueil","item":"https:\/\/www.macapflag.com\/blog\/"},{"@type":"ListItem","position":2,"name":"Espaces sans tabac : ce que dit la loi et comment les collectivit\u00e9s et \u00e9coles doivent s\u2019\u00e9quiper"}]},{"@type":"WebSite","@id":"https:\/\/www.macapflag.com\/blog\/#website","url":"https:\/\/www.macapflag.com\/blog\/","name":"Blog - Macap","description":"Tous nos articles","publisher":{"@id":"https:\/\/www.macapflag.com\/blog\/#organization"},"potentialAction":[{"@type":"SearchAction","target":{"@type":"EntryPoint","urlTemplate":"https:\/\/www.macapflag.com\/blog\/?s={search_term_string}"},"query-input":{"@type":"PropertyValueSpecification","valueRequired":true,"valueName":"search_term_string"}}],"inLanguage":"fr-FR"},{"@type":"Organization","@id":"https:\/\/www.macapflag.com\/blog\/#organization","name":"macapflag","url":"https:\/\/www.macapflag.com\/blog\/","logo":{"@type":"ImageObject","inLanguage":"fr-FR","@id":"https:\/\/www.macapflag.com\/blog\/#\/schema\/logo\/image\/","url":"https:\/\/www.macapflag.com\/blog\/wp-content\/uploads\/2020\/12\/cropped-M-512-1.png","contentUrl":"https:\/\/www.macapflag.com\/blog\/wp-content\/uploads\/2020\/12\/cropped-M-512-1.png","width":512,"height":512,"caption":"macapflag"},"image":{"@id":"https:\/\/www.macapflag.com\/blog\/#\/schema\/logo\/image\/"},"sameAs":["https:\/\/www.facebook.com\/macap.pavoisement\/","https:\/\/www.instagram.com\/macapflag\/?hl=fr","https:\/\/www.linkedin.com\/company\/macap\/?originalSubdomain=fr","https:\/\/www.youtube.com\/channel\/UCXNzTIdZh9poEBjSXEqDtNw"]},{"@type":"Person","@id":"https:\/\/www.macapflag.com\/blog\/#\/schema\/person\/3fea701f2603875e651e6b662578fc3c","name":"Blog Macap","image":{"@type":"ImageObject","inLanguage":"fr-FR","@id":"https:\/\/www.macapflag.com\/blog\/#\/schema\/person\/image\/","url":"https:\/\/secure.gravatar.com\/avatar\/c12551f2dc51f0db049633b03e7856985477a70da834cc8967dea4ce54bdd6a2?s=96&d=mm&r=g","contentUrl":"https:\/\/secure.gravatar.com\/avatar\/c12551f2dc51f0db049633b03e7856985477a70da834cc8967dea4ce54bdd6a2?s=96&d=mm&r=g","caption":"Blog Macap"},"url":"https:\/\/www.macapflag.com\/blog\/author\/macap\/"}]}},"_links":{"self":[{"href":"https:\/\/www.macapflag.com\/blog\/wp-json\/wp\/v2\/posts\/21418","targetHints":{"allow":["GET"]}}],"collection":[{"href":"https:\/\/www.macapflag.com\/blog\/wp-json\/wp\/v2\/posts"}],"about":[{"href":"https:\/\/www.macapflag.com\/blog\/wp-json\/wp\/v2\/types\/post"}],"author":[{"embeddable":true,"href":"https:\/\/www.macapflag.com\/blog\/wp-json\/wp\/v2\/users\/2"}],"replies":[{"embeddable":true,"href":"https:\/\/www.macapflag.com\/blog\/wp-json\/wp\/v2\/comments?post=21418"}],"version-history":[{"count":7,"href":"https:\/\/www.macapflag.com\/blog\/wp-json\/wp\/v2\/posts\/21418\/revisions"}],"predecessor-version":[{"id":21435,"href":"https:\/\/www.macapflag.com\/blog\/wp-json\/wp\/v2\/posts\/21418\/revisions\/21435"}],"wp:featuredmedia":[{"embeddable":true,"href":"https:\/\/www.macapflag.com\/blog\/wp-json\/wp\/v2\/media\/21417"}],"wp:attachment":[{"href":"https:\/\/www.macapflag.com\/blog\/wp-json\/wp\/v2\/media?parent=21418"}],"wp:term":[{"taxonomy":"category","embeddable":true,"href":"https:\/\/www.macapflag.com\/blog\/wp-json\/wp\/v2\/categories?post=21418"},{"taxonomy":"post_tag","embeddable":true,"href":"https:\/\/www.macapflag.com\/blog\/wp-json\/wp\/v2\/tags?post=21418"}],"curies":[{"name":"wp","href":"https:\/\/api.w.org\/{rel}","templated":true}]}}