{"id":21500,"date":"2025-09-22T10:40:18","date_gmt":"2025-09-22T08:40:18","guid":{"rendered":"https:\/\/www.macapflag.com\/blog\/?p=21500"},"modified":"2025-09-22T11:15:55","modified_gmt":"2025-09-22T09:15:55","slug":"macap-world-cleanup-day-2025","status":"publish","type":"post","link":"https:\/\/www.macapflag.com\/blog\/macap-world-cleanup-day-2025\/","title":{"rendered":"Macap se mobilise pour le World Cleanup Day 2025"},"content":{"rendered":"\n<p><strong>Vendredi 19 septembre 2025, les \u00e9quipes de <\/strong><a href=\"https:\/\/www.macapflag.com\/\"><strong>Macap<\/strong><\/a><strong> ont raccourci leur pause d\u00e9jeuner afin de participer \u00e0 une initiative citoyenne mondiale : le World Cleanup Day.<\/strong><br>Arm\u00e9s de gants, sacs et d\u2019une bonne dose d\u2019enthousiasme, les collaborateurs se sont lanc\u00e9s dans une v\u00e9ritable \u201cchasse aux d\u00e9chets\u201d au c\u0153ur de la ZAC des Bousquets \u00e0 Cuers, o\u00f9 se situe l\u2019entreprise.<\/p>\n\n\n\n<div style=\"height:34px\" aria-hidden=\"true\" class=\"wp-block-spacer\"><\/div>\n\n\n\n<h2 class=\"wp-block-heading\">Une initiative n\u00e9e en interne<\/h2>\n\n\n<div class=\"wp-block-image\">\n<figure class=\"aligncenter\"><img fetchpriority=\"high\" decoding=\"async\" width=\"700\" height=\"534\" src=\"https:\/\/www.macapflag.com\/blog\/wp-content\/uploads\/2025\/09\/1_Thibault_Garino_et_Luric_Nguemakoue.jpg\" alt=\"Thibault Garino et Luric Nguemakoue Macap Cuers\" class=\"wp-image-21501\" srcset=\"https:\/\/www.macapflag.com\/blog\/wp-content\/uploads\/2025\/09\/1_Thibault_Garino_et_Luric_Nguemakoue.jpg 700w, https:\/\/www.macapflag.com\/blog\/wp-content\/uploads\/2025\/09\/1_Thibault_Garino_et_Luric_Nguemakoue-300x229.jpg 300w\" sizes=\"(max-width: 700px) 100vw, 700px\" \/><\/figure><\/div>\n\n\n<p>\u00c0 l\u2019origine de ce projet collectif, deux membres de l\u2019\u00e9quipe : <strong>Thibault Garino, responsable qualit\u00e9 chez Macap et Luric Nguemakoue, \u00e9tudiant qui pr\u00e9pare un Master Manager des Risques Qualit\u00e9, S\u00e9curit\u00e9, Environnement \u00e0 l\u2019IEQT de Toulon. <\/strong><\/p>\n\n\n\n<p>Sensibles aux enjeux environnementaux, ils ont souhait\u00e9 mobiliser leurs coll\u00e8gues autour de cette journ\u00e9e internationale qui f\u00e9d\u00e8re chaque ann\u00e9e des millions de citoyens dans le monde. Leur motivation a fait \u00e9cho aupr\u00e8s des salari\u00e9s, heureux de contribuer \u00e0 la propret\u00e9 de leur environnement de travail et de leur commune.<\/p>\n\n\n\n<div style=\"height:34px\" aria-hidden=\"true\" class=\"wp-block-spacer\"><\/div>\n\n\n\n<h2 class=\"wp-block-heading\">Une action concr\u00e8te et f\u00e9d\u00e9ratrice<\/h2>\n\n\n<div class=\"wp-block-image\">\n<figure class=\"aligncenter\"><img decoding=\"async\" width=\"700\" height=\"534\" src=\"https:\/\/www.macapflag.com\/blog\/wp-content\/uploads\/2025\/09\/2_Maxime_chez_Macap.jpg\" alt=\"Maxime chez Macap\" class=\"wp-image-21502\" srcset=\"https:\/\/www.macapflag.com\/blog\/wp-content\/uploads\/2025\/09\/2_Maxime_chez_Macap.jpg 700w, https:\/\/www.macapflag.com\/blog\/wp-content\/uploads\/2025\/09\/2_Maxime_chez_Macap-300x229.jpg 300w\" sizes=\"(max-width: 700px) 100vw, 700px\" \/><\/figure><\/div>\n\n\n<p>Ce sont plus de 115 kg de d\u00e9chets qui ont \u00e9t\u00e9 ramass\u00e9s et tri\u00e9s autour de nos locaux en moins d\u2019une heure :<\/p>\n\n\n\n<ul class=\"wp-block-list\">\n<li>20 kg de d\u00e9chets plastiques<\/li>\n\n\n\n<li>10 kg de d\u00e9chets m\u00e9caniques<\/li>\n\n\n\n<li>35 kg de d\u00e9chets en verre<\/li>\n\n\n\n<li>50 kg de d\u00e9chets divers (cartons, papiers, etc.) <\/li>\n<\/ul>\n\n\n<div class=\"wp-block-image\">\n<figure class=\"aligncenter\"><img decoding=\"async\" width=\"700\" height=\"534\" src=\"https:\/\/www.macapflag.com\/blog\/wp-content\/uploads\/2025\/09\/3_Ramassage_des_dechets_chez_Macap.jpg\" alt=\"Ramassage des d\u00e9chets chez Macap\" class=\"wp-image-21503\" srcset=\"https:\/\/www.macapflag.com\/blog\/wp-content\/uploads\/2025\/09\/3_Ramassage_des_dechets_chez_Macap.jpg 700w, https:\/\/www.macapflag.com\/blog\/wp-content\/uploads\/2025\/09\/3_Ramassage_des_dechets_chez_Macap-300x229.jpg 300w\" sizes=\"(max-width: 700px) 100vw, 700px\" \/><\/figure><\/div>\n\n\n<div style=\"height:23px\" aria-hidden=\"true\" class=\"wp-block-spacer\"><\/div>\n\n\n<div class=\"wp-block-image\">\n<figure class=\"aligncenter\"><img loading=\"lazy\" decoding=\"async\" width=\"700\" height=\"534\" src=\"https:\/\/www.macapflag.com\/blog\/wp-content\/uploads\/2025\/09\/5_World_cleanup_day_2025_chez.jpg\" alt=\"World cleanup day 2025 chez Macap \" class=\"wp-image-21505\" srcset=\"https:\/\/www.macapflag.com\/blog\/wp-content\/uploads\/2025\/09\/5_World_cleanup_day_2025_chez.jpg 700w, https:\/\/www.macapflag.com\/blog\/wp-content\/uploads\/2025\/09\/5_World_cleanup_day_2025_chez-300x229.jpg 300w\" sizes=\"(max-width: 700px) 100vw, 700px\" \/><\/figure><\/div>\n\n\n<div style=\"height:21px\" aria-hidden=\"true\" class=\"wp-block-spacer\"><\/div>\n\n\n<div class=\"wp-block-image\">\n<figure class=\"aligncenter\"><img loading=\"lazy\" decoding=\"async\" width=\"700\" height=\"534\" src=\"https:\/\/www.macapflag.com\/blog\/wp-content\/uploads\/2025\/09\/6_Romain_Sparapani_World_cleanup_day.jpg\" alt=\"Romain Sparapani World cleanup day Macap\" class=\"wp-image-21506\" srcset=\"https:\/\/www.macapflag.com\/blog\/wp-content\/uploads\/2025\/09\/6_Romain_Sparapani_World_cleanup_day.jpg 700w, https:\/\/www.macapflag.com\/blog\/wp-content\/uploads\/2025\/09\/6_Romain_Sparapani_World_cleanup_day-300x229.jpg 300w\" sizes=\"(max-width: 700px) 100vw, 700px\" \/><\/figure><\/div>\n\n\n<div style=\"height:21px\" aria-hidden=\"true\" class=\"wp-block-spacer\"><\/div>\n\n\n<div class=\"wp-block-image\">\n<figure class=\"aligncenter\"><img loading=\"lazy\" decoding=\"async\" width=\"700\" height=\"534\" src=\"https:\/\/www.macapflag.com\/blog\/wp-content\/uploads\/2025\/09\/7_World_cleanup_day_des_salaries.jpg\" alt=\"World cleanup day des salari\u00e9s Macap\" class=\"wp-image-21507\" srcset=\"https:\/\/www.macapflag.com\/blog\/wp-content\/uploads\/2025\/09\/7_World_cleanup_day_des_salaries.jpg 700w, https:\/\/www.macapflag.com\/blog\/wp-content\/uploads\/2025\/09\/7_World_cleanup_day_des_salaries-300x229.jpg 300w\" sizes=\"(max-width: 700px) 100vw, 700px\" \/><\/figure><\/div>\n\n\n<p>Les d\u00e9chets ramass\u00e9s et tri\u00e9s t\u00e9moignent de l\u2019importance de rester vigilants sur nos gestes du quotidien.<br>Au-del\u00e0 de l\u2019aspect \u00e9cologique, cette op\u00e9ration a renforc\u00e9 la coh\u00e9sion entre coll\u00e8gues. L\u2019\u00e9v\u00e9nement a permis de partager un moment convivial, hors du cadre habituel, et de donner un sens concret \u00e0 la <a href=\"https:\/\/www.macapflag.com\/content\/36-developpement-durable\" target=\"_blank\" rel=\"noreferrer noopener\">d\u00e9marche RSE<\/a> (Responsabilit\u00e9 Soci\u00e9tale des Entreprises) de Macap.<\/p>\n\n\n<div class=\"wp-block-image\">\n<figure class=\"aligncenter\"><img loading=\"lazy\" decoding=\"async\" width=\"700\" height=\"534\" src=\"https:\/\/www.macapflag.com\/blog\/wp-content\/uploads\/2025\/09\/4_Ramassage_des_dechets_chez_Macap.jpg\" alt=\"Ramassage des d\u00e9chets chez Macap World cleanup day\" class=\"wp-image-21504\" srcset=\"https:\/\/www.macapflag.com\/blog\/wp-content\/uploads\/2025\/09\/4_Ramassage_des_dechets_chez_Macap.jpg 700w, https:\/\/www.macapflag.com\/blog\/wp-content\/uploads\/2025\/09\/4_Ramassage_des_dechets_chez_Macap-300x229.jpg 300w\" sizes=\"(max-width: 700px) 100vw, 700px\" \/><\/figure><\/div>\n\n\n<div style=\"height:34px\" aria-hidden=\"true\" class=\"wp-block-spacer\"><\/div>\n\n\n\n<h2 class=\"wp-block-heading\">Un engagement qui se poursuit<\/h2>\n\n\n\n<p>Cette premi\u00e8re participation au <strong>World Cleanup Day<\/strong> (\ud83d\udc49 <a href=\"https:\/\/www.worldcleanupday.fr\/\">worldcleanupday.fr<\/a>) ouvre la voie \u00e0 d\u2019autres initiatives durables. Macap, fabricant fran\u00e7ais engag\u00e9, souhaite poursuivre ses actions en faveur de l\u2019environnement et sensibiliser ses collaborateurs, partenaires et clients \u00e0 l\u2019importance de pr\u00e9server nos espaces communs.<\/p>\n\n\n<div class=\"wp-block-image\">\n<figure class=\"aligncenter\"><img loading=\"lazy\" decoding=\"async\" width=\"700\" height=\"534\" src=\"https:\/\/www.macapflag.com\/blog\/wp-content\/uploads\/2025\/09\/8_World_cleanup_day_des_equipes.jpg\" alt=\"World cleanup day des \u00e9quipes Macap\" class=\"wp-image-21508\" srcset=\"https:\/\/www.macapflag.com\/blog\/wp-content\/uploads\/2025\/09\/8_World_cleanup_day_des_equipes.jpg 700w, https:\/\/www.macapflag.com\/blog\/wp-content\/uploads\/2025\/09\/8_World_cleanup_day_des_equipes-300x229.jpg 300w\" sizes=\"(max-width: 700px) 100vw, 700px\" \/><\/figure><\/div>\n\n\n<div style=\"height:21px\" aria-hidden=\"true\" class=\"wp-block-spacer\"><\/div>\n\n\n<div class=\"wp-block-image\">\n<figure class=\"aligncenter\"><img loading=\"lazy\" decoding=\"async\" width=\"700\" height=\"534\" src=\"https:\/\/www.macapflag.com\/blog\/wp-content\/uploads\/2025\/09\/9_World_cleanup_Macap_2025.jpg\" alt=\"World cleanup Macap 2025\" class=\"wp-image-21509\" srcset=\"https:\/\/www.macapflag.com\/blog\/wp-content\/uploads\/2025\/09\/9_World_cleanup_Macap_2025.jpg 700w, https:\/\/www.macapflag.com\/blog\/wp-content\/uploads\/2025\/09\/9_World_cleanup_Macap_2025-300x229.jpg 300w\" sizes=\"(max-width: 700px) 100vw, 700px\" \/><\/figure><\/div>\n\n\n<div style=\"height:21px\" aria-hidden=\"true\" class=\"wp-block-spacer\"><\/div>\n\n\n<div class=\"wp-block-image\">\n<figure class=\"aligncenter\"><img loading=\"lazy\" decoding=\"async\" width=\"700\" height=\"534\" src=\"https:\/\/www.macapflag.com\/blog\/wp-content\/uploads\/2025\/09\/10_Les_equipiers_Macap_au_world.jpg\" alt=\"Les \u00e9quipiers Macap au world cleanup day 2025\" class=\"wp-image-21510\" srcset=\"https:\/\/www.macapflag.com\/blog\/wp-content\/uploads\/2025\/09\/10_Les_equipiers_Macap_au_world.jpg 700w, https:\/\/www.macapflag.com\/blog\/wp-content\/uploads\/2025\/09\/10_Les_equipiers_Macap_au_world-300x229.jpg 300w\" sizes=\"(max-width: 700px) 100vw, 700px\" \/><\/figure><\/div>","protected":false},"excerpt":{"rendered":"<div class=\"tmnf_excerpt\"><p>Vendredi 19 septembre 2025, les \u00e9quipes de Macap ont raccourci leur pause d\u00e9jeuner afin de participer \u00e0 une initiative citoyenne mondiale : le World Cleanup Day.Arm\u00e9s de gants, sacs et d\u2019une bonne dose d\u2019enthousiasme, les collaborateurs se sont lanc\u00e9s dans une v\u00e9ritable \u201cchasse aux d\u00e9chets\u201d au c\u0153ur de la ZAC des Bousquets \u00e0 Cuers, o\u00f9 &hellip;<\/p>\n<\/div>","protected":false},"author":2,"featured_media":21499,"comment_status":"closed","ping_status":"open","sticky":false,"template":"template-fullwidth.php","format":"standard","meta":{"footnotes":""},"categories":[93],"tags":[],"class_list":["post-21500","post","type-post","status-publish","format-standard","has-post-thumbnail","hentry","category-com"],"yoast_head":"<!-- This site is optimized with the Yoast SEO plugin v26.4 - https:\/\/yoast.com\/wordpress\/plugins\/seo\/ -->\n<title>Les salari\u00e9s de Macap s&#039;engagent pour le World cleanup day<\/title>\n<meta name=\"description\" content=\"Vendredi 19 septembre, les salari\u00e9s de l&#039;entreprise Macap \u00e0 Cuers se sont r\u00e9unis pour ramasser des d\u00e9chets dans le cadre du World cleanup day\" \/>\n<meta name=\"robots\" content=\"index, follow, max-snippet:-1, max-image-preview:large, max-video-preview:-1\" \/>\n<link rel=\"canonical\" href=\"https:\/\/www.macapflag.com\/blog\/macap-world-cleanup-day-2025\/\" \/>\n<meta property=\"og:locale\" content=\"fr_FR\" \/>\n<meta property=\"og:type\" content=\"article\" \/>\n<meta property=\"og:title\" content=\"Les salari\u00e9s de Macap s&#039;engagent pour le World cleanup day\" \/>\n<meta property=\"og:description\" content=\"Vendredi 19 septembre, les salari\u00e9s de l&#039;entreprise Macap \u00e0 Cuers se sont r\u00e9unis pour ramasser des d\u00e9chets dans le cadre du World cleanup day\" \/>\n<meta property=\"og:url\" content=\"https:\/\/www.macapflag.com\/blog\/macap-world-cleanup-day-2025\/\" \/>\n<meta property=\"og:site_name\" content=\"Blog - Macap\" \/>\n<meta property=\"article:publisher\" content=\"https:\/\/www.facebook.com\/macap.pavoisement\/\" \/>\n<meta property=\"article:published_time\" content=\"2025-09-22T08:40:18+00:00\" \/>\n<meta property=\"article:modified_time\" content=\"2025-09-22T09:15:55+00:00\" \/>\n<meta property=\"og:image\" content=\"https:\/\/www.macapflag.com\/blog\/wp-content\/uploads\/2025\/09\/Titre_Action_World_cleanup_day_chez.jpg\" \/>\n\t<meta property=\"og:image:width\" content=\"870\" \/>\n\t<meta property=\"og:image:height\" content=\"600\" \/>\n\t<meta property=\"og:image:type\" content=\"image\/jpeg\" \/>\n<meta name=\"author\" content=\"Blog Macap\" \/>\n<meta name=\"twitter:card\" content=\"summary_large_image\" \/>\n<meta name=\"twitter:label1\" content=\"\u00c9crit par\" \/>\n\t<meta name=\"twitter:data1\" content=\"Blog Macap\" \/>\n\t<meta name=\"twitter:label2\" content=\"Dur\u00e9e de lecture estim\u00e9e\" \/>\n\t<meta name=\"twitter:data2\" content=\"4 minutes\" \/>\n<script type=\"application\/ld+json\" class=\"yoast-schema-graph\">{\"@context\":\"https:\/\/schema.org\",\"@graph\":[{\"@type\":\"Article\",\"@id\":\"https:\/\/www.macapflag.com\/blog\/macap-world-cleanup-day-2025\/#article\",\"isPartOf\":{\"@id\":\"https:\/\/www.macapflag.com\/blog\/macap-world-cleanup-day-2025\/\"},\"author\":{\"name\":\"Blog Macap\",\"@id\":\"https:\/\/www.macapflag.com\/blog\/#\/schema\/person\/3fea701f2603875e651e6b662578fc3c\"},\"headline\":\"Macap se mobilise pour le World Cleanup Day 2025\",\"datePublished\":\"2025-09-22T08:40:18+00:00\",\"dateModified\":\"2025-09-22T09:15:55+00:00\",\"mainEntityOfPage\":{\"@id\":\"https:\/\/www.macapflag.com\/blog\/macap-world-cleanup-day-2025\/\"},\"wordCount\":346,\"publisher\":{\"@id\":\"https:\/\/www.macapflag.com\/blog\/#organization\"},\"image\":{\"@id\":\"https:\/\/www.macapflag.com\/blog\/macap-world-cleanup-day-2025\/#primaryimage\"},\"thumbnailUrl\":\"https:\/\/www.macapflag.com\/blog\/wp-content\/uploads\/2025\/09\/Titre_Action_World_cleanup_day_chez.jpg\",\"articleSection\":[\"Le monde de la Com'\"],\"inLanguage\":\"fr-FR\"},{\"@type\":\"WebPage\",\"@id\":\"https:\/\/www.macapflag.com\/blog\/macap-world-cleanup-day-2025\/\",\"url\":\"https:\/\/www.macapflag.com\/blog\/macap-world-cleanup-day-2025\/\",\"name\":\"Les salari\u00e9s de Macap s'engagent pour le World cleanup day\",\"isPartOf\":{\"@id\":\"https:\/\/www.macapflag.com\/blog\/#website\"},\"primaryImageOfPage\":{\"@id\":\"https:\/\/www.macapflag.com\/blog\/macap-world-cleanup-day-2025\/#primaryimage\"},\"image\":{\"@id\":\"https:\/\/www.macapflag.com\/blog\/macap-world-cleanup-day-2025\/#primaryimage\"},\"thumbnailUrl\":\"https:\/\/www.macapflag.com\/blog\/wp-content\/uploads\/2025\/09\/Titre_Action_World_cleanup_day_chez.jpg\",\"datePublished\":\"2025-09-22T08:40:18+00:00\",\"dateModified\":\"2025-09-22T09:15:55+00:00\",\"description\":\"Vendredi 19 septembre, les salari\u00e9s de l'entreprise Macap \u00e0 Cuers se sont r\u00e9unis pour ramasser des d\u00e9chets dans le cadre du World cleanup day\",\"breadcrumb\":{\"@id\":\"https:\/\/www.macapflag.com\/blog\/macap-world-cleanup-day-2025\/#breadcrumb\"},\"inLanguage\":\"fr-FR\",\"potentialAction\":[{\"@type\":\"ReadAction\",\"target\":[\"https:\/\/www.macapflag.com\/blog\/macap-world-cleanup-day-2025\/\"]}]},{\"@type\":\"ImageObject\",\"inLanguage\":\"fr-FR\",\"@id\":\"https:\/\/www.macapflag.com\/blog\/macap-world-cleanup-day-2025\/#primaryimage\",\"url\":\"https:\/\/www.macapflag.com\/blog\/wp-content\/uploads\/2025\/09\/Titre_Action_World_cleanup_day_chez.jpg\",\"contentUrl\":\"https:\/\/www.macapflag.com\/blog\/wp-content\/uploads\/2025\/09\/Titre_Action_World_cleanup_day_chez.jpg\",\"width\":870,\"height\":600,\"caption\":\"Action World cleanup day chez Macap\"},{\"@type\":\"BreadcrumbList\",\"@id\":\"https:\/\/www.macapflag.com\/blog\/macap-world-cleanup-day-2025\/#breadcrumb\",\"itemListElement\":[{\"@type\":\"ListItem\",\"position\":1,\"name\":\"Accueil\",\"item\":\"https:\/\/www.macapflag.com\/blog\/\"},{\"@type\":\"ListItem\",\"position\":2,\"name\":\"Macap se mobilise pour le World Cleanup Day 2025\"}]},{\"@type\":\"WebSite\",\"@id\":\"https:\/\/www.macapflag.com\/blog\/#website\",\"url\":\"https:\/\/www.macapflag.com\/blog\/\",\"name\":\"Blog - Macap\",\"description\":\"Tous nos articles\",\"publisher\":{\"@id\":\"https:\/\/www.macapflag.com\/blog\/#organization\"},\"potentialAction\":[{\"@type\":\"SearchAction\",\"target\":{\"@type\":\"EntryPoint\",\"urlTemplate\":\"https:\/\/www.macapflag.com\/blog\/?s={search_term_string}\"},\"query-input\":{\"@type\":\"PropertyValueSpecification\",\"valueRequired\":true,\"valueName\":\"search_term_string\"}}],\"inLanguage\":\"fr-FR\"},{\"@type\":\"Organization\",\"@id\":\"https:\/\/www.macapflag.com\/blog\/#organization\",\"name\":\"macapflag\",\"url\":\"https:\/\/www.macapflag.com\/blog\/\",\"logo\":{\"@type\":\"ImageObject\",\"inLanguage\":\"fr-FR\",\"@id\":\"https:\/\/www.macapflag.com\/blog\/#\/schema\/logo\/image\/\",\"url\":\"https:\/\/www.macapflag.com\/blog\/wp-content\/uploads\/2020\/12\/cropped-M-512-1.png\",\"contentUrl\":\"https:\/\/www.macapflag.com\/blog\/wp-content\/uploads\/2020\/12\/cropped-M-512-1.png\",\"width\":512,\"height\":512,\"caption\":\"macapflag\"},\"image\":{\"@id\":\"https:\/\/www.macapflag.com\/blog\/#\/schema\/logo\/image\/\"},\"sameAs\":[\"https:\/\/www.facebook.com\/macap.pavoisement\/\",\"https:\/\/www.instagram.com\/macapflag\/?hl=fr\",\"https:\/\/www.linkedin.com\/company\/macap\/?originalSubdomain=fr\",\"https:\/\/www.youtube.com\/channel\/UCXNzTIdZh9poEBjSXEqDtNw\"]},{\"@type\":\"Person\",\"@id\":\"https:\/\/www.macapflag.com\/blog\/#\/schema\/person\/3fea701f2603875e651e6b662578fc3c\",\"name\":\"Blog Macap\",\"image\":{\"@type\":\"ImageObject\",\"inLanguage\":\"fr-FR\",\"@id\":\"https:\/\/www.macapflag.com\/blog\/#\/schema\/person\/image\/\",\"url\":\"https:\/\/secure.gravatar.com\/avatar\/c12551f2dc51f0db049633b03e7856985477a70da834cc8967dea4ce54bdd6a2?s=96&d=mm&r=g\",\"contentUrl\":\"https:\/\/secure.gravatar.com\/avatar\/c12551f2dc51f0db049633b03e7856985477a70da834cc8967dea4ce54bdd6a2?s=96&d=mm&r=g\",\"caption\":\"Blog Macap\"},\"url\":\"https:\/\/www.macapflag.com\/blog\/author\/macap\/\"}]}<\/script>\n<!-- \/ Yoast SEO plugin. -->","yoast_head_json":{"title":"Les salari\u00e9s de Macap s'engagent pour le World cleanup day","description":"Vendredi 19 septembre, les salari\u00e9s de l'entreprise Macap \u00e0 Cuers se sont r\u00e9unis pour ramasser des d\u00e9chets dans le cadre du World cleanup day","robots":{"index":"index","follow":"follow","max-snippet":"max-snippet:-1","max-image-preview":"max-image-preview:large","max-video-preview":"max-video-preview:-1"},"canonical":"https:\/\/www.macapflag.com\/blog\/macap-world-cleanup-day-2025\/","og_locale":"fr_FR","og_type":"article","og_title":"Les salari\u00e9s de Macap s'engagent pour le World cleanup day","og_description":"Vendredi 19 septembre, les salari\u00e9s de l'entreprise Macap \u00e0 Cuers se sont r\u00e9unis pour ramasser des d\u00e9chets dans le cadre du World cleanup day","og_url":"https:\/\/www.macapflag.com\/blog\/macap-world-cleanup-day-2025\/","og_site_name":"Blog - Macap","article_publisher":"https:\/\/www.facebook.com\/macap.pavoisement\/","article_published_time":"2025-09-22T08:40:18+00:00","article_modified_time":"2025-09-22T09:15:55+00:00","og_image":[{"width":870,"height":600,"url":"https:\/\/www.macapflag.com\/blog\/wp-content\/uploads\/2025\/09\/Titre_Action_World_cleanup_day_chez.jpg","type":"image\/jpeg"}],"author":"Blog Macap","twitter_card":"summary_large_image","twitter_misc":{"\u00c9crit par":"Blog Macap","Dur\u00e9e de lecture estim\u00e9e":"4 minutes"},"schema":{"@context":"https:\/\/schema.org","@graph":[{"@type":"Article","@id":"https:\/\/www.macapflag.com\/blog\/macap-world-cleanup-day-2025\/#article","isPartOf":{"@id":"https:\/\/www.macapflag.com\/blog\/macap-world-cleanup-day-2025\/"},"author":{"name":"Blog Macap","@id":"https:\/\/www.macapflag.com\/blog\/#\/schema\/person\/3fea701f2603875e651e6b662578fc3c"},"headline":"Macap se mobilise pour le World Cleanup Day 2025","datePublished":"2025-09-22T08:40:18+00:00","dateModified":"2025-09-22T09:15:55+00:00","mainEntityOfPage":{"@id":"https:\/\/www.macapflag.com\/blog\/macap-world-cleanup-day-2025\/"},"wordCount":346,"publisher":{"@id":"https:\/\/www.macapflag.com\/blog\/#organization"},"image":{"@id":"https:\/\/www.macapflag.com\/blog\/macap-world-cleanup-day-2025\/#primaryimage"},"thumbnailUrl":"https:\/\/www.macapflag.com\/blog\/wp-content\/uploads\/2025\/09\/Titre_Action_World_cleanup_day_chez.jpg","articleSection":["Le monde de la Com'"],"inLanguage":"fr-FR"},{"@type":"WebPage","@id":"https:\/\/www.macapflag.com\/blog\/macap-world-cleanup-day-2025\/","url":"https:\/\/www.macapflag.com\/blog\/macap-world-cleanup-day-2025\/","name":"Les salari\u00e9s de Macap s'engagent pour le World cleanup day","isPartOf":{"@id":"https:\/\/www.macapflag.com\/blog\/#website"},"primaryImageOfPage":{"@id":"https:\/\/www.macapflag.com\/blog\/macap-world-cleanup-day-2025\/#primaryimage"},"image":{"@id":"https:\/\/www.macapflag.com\/blog\/macap-world-cleanup-day-2025\/#primaryimage"},"thumbnailUrl":"https:\/\/www.macapflag.com\/blog\/wp-content\/uploads\/2025\/09\/Titre_Action_World_cleanup_day_chez.jpg","datePublished":"2025-09-22T08:40:18+00:00","dateModified":"2025-09-22T09:15:55+00:00","description":"Vendredi 19 septembre, les salari\u00e9s de l'entreprise Macap \u00e0 Cuers se sont r\u00e9unis pour ramasser des d\u00e9chets dans le cadre du World cleanup day","breadcrumb":{"@id":"https:\/\/www.macapflag.com\/blog\/macap-world-cleanup-day-2025\/#breadcrumb"},"inLanguage":"fr-FR","potentialAction":[{"@type":"ReadAction","target":["https:\/\/www.macapflag.com\/blog\/macap-world-cleanup-day-2025\/"]}]},{"@type":"ImageObject","inLanguage":"fr-FR","@id":"https:\/\/www.macapflag.com\/blog\/macap-world-cleanup-day-2025\/#primaryimage","url":"https:\/\/www.macapflag.com\/blog\/wp-content\/uploads\/2025\/09\/Titre_Action_World_cleanup_day_chez.jpg","contentUrl":"https:\/\/www.macapflag.com\/blog\/wp-content\/uploads\/2025\/09\/Titre_Action_World_cleanup_day_chez.jpg","width":870,"height":600,"caption":"Action World cleanup day chez Macap"},{"@type":"BreadcrumbList","@id":"https:\/\/www.macapflag.com\/blog\/macap-world-cleanup-day-2025\/#breadcrumb","itemListElement":[{"@type":"ListItem","position":1,"name":"Accueil","item":"https:\/\/www.macapflag.com\/blog\/"},{"@type":"ListItem","position":2,"name":"Macap se mobilise pour le World Cleanup Day 2025"}]},{"@type":"WebSite","@id":"https:\/\/www.macapflag.com\/blog\/#website","url":"https:\/\/www.macapflag.com\/blog\/","name":"Blog - Macap","description":"Tous nos articles","publisher":{"@id":"https:\/\/www.macapflag.com\/blog\/#organization"},"potentialAction":[{"@type":"SearchAction","target":{"@type":"EntryPoint","urlTemplate":"https:\/\/www.macapflag.com\/blog\/?s={search_term_string}"},"query-input":{"@type":"PropertyValueSpecification","valueRequired":true,"valueName":"search_term_string"}}],"inLanguage":"fr-FR"},{"@type":"Organization","@id":"https:\/\/www.macapflag.com\/blog\/#organization","name":"macapflag","url":"https:\/\/www.macapflag.com\/blog\/","logo":{"@type":"ImageObject","inLanguage":"fr-FR","@id":"https:\/\/www.macapflag.com\/blog\/#\/schema\/logo\/image\/","url":"https:\/\/www.macapflag.com\/blog\/wp-content\/uploads\/2020\/12\/cropped-M-512-1.png","contentUrl":"https:\/\/www.macapflag.com\/blog\/wp-content\/uploads\/2020\/12\/cropped-M-512-1.png","width":512,"height":512,"caption":"macapflag"},"image":{"@id":"https:\/\/www.macapflag.com\/blog\/#\/schema\/logo\/image\/"},"sameAs":["https:\/\/www.facebook.com\/macap.pavoisement\/","https:\/\/www.instagram.com\/macapflag\/?hl=fr","https:\/\/www.linkedin.com\/company\/macap\/?originalSubdomain=fr","https:\/\/www.youtube.com\/channel\/UCXNzTIdZh9poEBjSXEqDtNw"]},{"@type":"Person","@id":"https:\/\/www.macapflag.com\/blog\/#\/schema\/person\/3fea701f2603875e651e6b662578fc3c","name":"Blog Macap","image":{"@type":"ImageObject","inLanguage":"fr-FR","@id":"https:\/\/www.macapflag.com\/blog\/#\/schema\/person\/image\/","url":"https:\/\/secure.gravatar.com\/avatar\/c12551f2dc51f0db049633b03e7856985477a70da834cc8967dea4ce54bdd6a2?s=96&d=mm&r=g","contentUrl":"https:\/\/secure.gravatar.com\/avatar\/c12551f2dc51f0db049633b03e7856985477a70da834cc8967dea4ce54bdd6a2?s=96&d=mm&r=g","caption":"Blog Macap"},"url":"https:\/\/www.macapflag.com\/blog\/author\/macap\/"}]}},"_links":{"self":[{"href":"https:\/\/www.macapflag.com\/blog\/wp-json\/wp\/v2\/posts\/21500","targetHints":{"allow":["GET"]}}],"collection":[{"href":"https:\/\/www.macapflag.com\/blog\/wp-json\/wp\/v2\/posts"}],"about":[{"href":"https:\/\/www.macapflag.com\/blog\/wp-json\/wp\/v2\/types\/post"}],"author":[{"embeddable":true,"href":"https:\/\/www.macapflag.com\/blog\/wp-json\/wp\/v2\/users\/2"}],"replies":[{"embeddable":true,"href":"https:\/\/www.macapflag.com\/blog\/wp-json\/wp\/v2\/comments?post=21500"}],"version-history":[{"count":7,"href":"https:\/\/www.macapflag.com\/blog\/wp-json\/wp\/v2\/posts\/21500\/revisions"}],"predecessor-version":[{"id":21517,"href":"https:\/\/www.macapflag.com\/blog\/wp-json\/wp\/v2\/posts\/21500\/revisions\/21517"}],"wp:featuredmedia":[{"embeddable":true,"href":"https:\/\/www.macapflag.com\/blog\/wp-json\/wp\/v2\/media\/21499"}],"wp:attachment":[{"href":"https:\/\/www.macapflag.com\/blog\/wp-json\/wp\/v2\/media?parent=21500"}],"wp:term":[{"taxonomy":"category","embeddable":true,"href":"https:\/\/www.macapflag.com\/blog\/wp-json\/wp\/v2\/categories?post=21500"},{"taxonomy":"post_tag","embeddable":true,"href":"https:\/\/www.macapflag.com\/blog\/wp-json\/wp\/v2\/tags?post=21500"}],"curies":[{"name":"wp","href":"https:\/\/api.w.org\/{rel}","templated":true}]}}