{"id":21550,"date":"2025-10-16T08:00:00","date_gmt":"2025-10-16T06:00:00","guid":{"rendered":"https:\/\/www.macapflag.com\/blog\/?p=21550"},"modified":"2025-10-03T08:39:07","modified_gmt":"2025-10-03T06:39:07","slug":"sigle-d-protection","status":"publish","type":"post","link":"https:\/\/www.macapflag.com\/blog\/sigle-d-protection\/","title":{"rendered":"Le nouveau sigle \u24b9 : une protection renforc\u00e9e des dessins et mod\u00e8les"},"content":{"rendered":"\n<p>Chez <a href=\"https:\/\/www.macapflag.com\/\">Macap<\/a>, nous savons combien les cr\u00e9ations graphiques pour vos <a href=\"https:\/\/www.macapflag.com\/41-beach-flag-oriflamme\">oriflammes<\/a>, <a href=\"https:\/\/www.macapflag.com\/53-drapeau-personnalise\">drapeaux<\/a> ou autres supports textiles &amp; PVC repr\u00e9sentent un investissement : dessin, design, choix des formes, des motifs, des supports. <\/p>\n\n\n\n<p>Prot\u00e9ger ces cr\u00e9ations, mais aussi savoir le signaler, devient une \u00e9tape essentielle pour pr\u00e9server votre identit\u00e9 visuelle, \u00e9viter la copie et valoriser votre travail. <br>Le nouveau sigle <strong>\u24b9<\/strong> (le D entour\u00e9) mis en place au niveau europ\u00e9en entre parfaitement dans ce cadre. Voici ce qu\u2019il faut en retenir, et comment s\u2019en servir efficacement pour vos supports de communication institutionnels.<\/p>\n\n\n\n<div style=\"height:33px\" aria-hidden=\"true\" class=\"wp-block-spacer\"><\/div>\n\n\n\n<h2 class=\"wp-block-heading\">Qu\u2019est-ce que le sigle \u24b9 ?<\/h2>\n\n\n\n<ul class=\"wp-block-list\">\n<li>Le \u24b9 est le nouveau pictogramme officiel introduit le <strong>1er mai 2025<\/strong> dans le droit de la propri\u00e9t\u00e9 intellectuelle de l\u2019Union europ\u00e9enne. <\/li>\n\n\n\n<li>Il signale qu\u2019un dessin ou mod\u00e8le est <strong>enregistr\u00e9<\/strong> aupr\u00e8s de l\u2019Union europ\u00e9enne. <\/li>\n\n\n\n<li>Il fonctionne un peu comme les sigles \u00ae (marque enregistr\u00e9e) ou \u00a9 (droit d\u2019auteur). <\/li>\n\n\n\n<li>Il peut \u00eatre accompagn\u00e9 d\u2019un num\u00e9ro d\u2019enregistrement ou d\u2019un lien vers le registre europ\u00e9en pour plus de transparence. <\/li>\n<\/ul>\n\n\n\n<div style=\"height:30px\" aria-hidden=\"true\" class=\"wp-block-spacer\"><\/div>\n\n\n\n<h2 class=\"wp-block-heading\">Pourquoi ce nouveau symbole \u00e9tait n\u00e9cessaire ?<\/h2>\n\n\n\n<ul class=\"wp-block-list\">\n<li>Avant, les designers, fabricants ou entreprises utilisaient des mentions parfois peu claires : \u201cRegistered Community Design (RCD)\u201d, \u201cdessin \/ mod\u00e8le communautaire\u201d, etc., qui n\u2019\u00e9taient pas toujours bien comprises, notamment par les clients ou par l\u2019ensemble des tiers. <\/li>\n\n\n\n<li>L\u2019Europe a voulu harmoniser et moderniser : simplifier les d\u00e9marches d\u2019enregistrement des dessins ou mod\u00e8les, \u00e9largir le champ de ce qui peut \u00eatre prot\u00e9g\u00e9, notamment les supports num\u00e9riques ou les objets cr\u00e9\u00e9s via impression 3D.<\/li>\n\n\n\n<li>Le droit a \u00e9t\u00e9 r\u00e9form\u00e9 par la r\u00e9vision du r\u00e8glement (CE) n\u00b0 6\/2002. <\/li>\n<\/ul>\n\n\n\n<div style=\"height:30px\" aria-hidden=\"true\" class=\"wp-block-spacer\"><\/div>\n\n\n\n<h2 class=\"wp-block-heading\">Ce que prot\u00e8ge d\u00e9sormais ce r\u00e9gime <\/h2>\n\n\n\n<ul class=\"wp-block-list\">\n<li>Le r\u00e9gime prot\u00e8ge ce qu\u2019on appelle d\u00e9sormais les <strong>dessins ou mod\u00e8les de l\u2019Union europ\u00e9enne (EUCD)<\/strong>, anciens \u201cdessins ou mod\u00e8les communautaires enregistr\u00e9s\u201d. <\/li>\n\n\n\n<li>Le champ s\u2019\u00e9largit : animations, transitions d\u2019interface, objets r\u00e9sultants de l\u2019impression 3D, etc. M\u00eame certains \u00e9l\u00e9ments non-physiques ou num\u00e9riques peuvent \u00eatre concern\u00e9s.<\/li>\n\n\n\n<li>Cela signifie que vos cr\u00e9ations graphiques ou motifs utilis\u00e9s sur drapeaux, oriflammes et vos identit\u00e9s visuelles num\u00e9riques peuvent b\u00e9n\u00e9ficier de cette protection si elles sont enregistr\u00e9es.<\/li>\n<\/ul>\n\n\n\n<div style=\"height:30px\" aria-hidden=\"true\" class=\"wp-block-spacer\"><\/div>\n\n\n\n<h2 class=\"wp-block-heading\">Que signifie ce sigle pour Macap et ses clients ?<\/h2>\n\n\n\n<p>En tant que fabricant fran\u00e7ais sp\u00e9cialis\u00e9 dans les supports de communication textile et PVC, la fabrication de drapeaux \/ oriflammes, ainsi que la fourniture de supports institutionnels, Macap et ses clients sont concern\u00e9s \u00e0 plusieurs niveaux :<\/p>\n\n\n\n<ul class=\"wp-block-list\">\n<li><strong>Valorisation de la protection<\/strong> : Apposer le sigle \u24b9 sur vos produits, emballages ou supports (textile, PVC, packaging, documentation) indique que le dessin ou mod\u00e8le est l\u00e9galement prot\u00e9g\u00e9. Cela renforce votre cr\u00e9dibilit\u00e9 aupr\u00e8s de votre environnement qui voit que vous prenez la propri\u00e9t\u00e9 intellectuelle au s\u00e9rieux.<\/li>\n\n\n\n<li><strong>Effet dissuasif contre la contrefa\u00e7on<\/strong> : Bien que le sigle ne soit pas obligatoire, sa pr\u00e9sence envoie un message clair aux concurrents ou imitations potentielles qu\u2019il s\u2019agit d\u2019un design prot\u00e9g\u00e9. Cela peut r\u00e9duire les violations, imitations ou copies non autoris\u00e9es.<\/li>\n\n\n\n<li><strong>Communication sur le symbole <\/strong>\u24b9 : Expliquez \u00e0 vos clients ce que signifie ce signe \u24b9. Cela peut \u00eatre un argument commercial suppl\u00e9mentaire : \u201cVotre design est prot\u00e9g\u00e9\u201d, \u201cJe vous livre un produit original, non copiable\u201d, etc. <br>Cela cr\u00e9e de la valeur ajout\u00e9e.<\/li>\n<\/ul>\n\n\n\n<div style=\"height:30px\" aria-hidden=\"true\" class=\"wp-block-spacer\"><\/div>\n\n\n\n<h2 class=\"wp-block-heading\">Ce qu\u2019il faut faire pour utiliser le sigle \u24b9<\/h2>\n\n\n\n<h3 class=\"wp-block-heading\">Les \u00e9tapes et les bonnes pratiques pour s\u2019en servir efficacement :<\/h3>\n\n\n\n<h4 class=\"wp-block-heading\">1. D\u00e9poser le dessin \/ mod\u00e8le<\/h4>\n\n\n\n<p>V\u00e9rifier que votre motif, dessin ou design est \u00e9ligible, pr\u00e9parer le dossier, remplir les formalit\u00e9s aupr\u00e8s de l\u2019office de propri\u00e9t\u00e9 intellectuelle comp\u00e9tent (EUIPO si protection communautaire).  <\/p>\n\n\n\n<h4 class=\"wp-block-heading\">2. Obtenir l\u2019enregistrement<\/h4>\n\n\n\n<p>Une fois le mod\u00e8le enregistr\u00e9, r\u00e9cup\u00e9rer le num\u00e9ro, \u00e9ventuellement un lien vers le registre public.  <\/p>\n\n\n\n<h4 class=\"wp-block-heading\">3. Choisir le marquage <\/h4>\n\n\n\n<p>Le \u24b9 peut \u00eatre appos\u00e9 sur le produit, sur le support physique (oriflamme, textile, PVC), sur le packaging, sur la documentation ou sur les surfaces num\u00e9riques \/ publicitaires.<\/p>\n\n\n\n<h4 class=\"wp-block-heading\">4. Ajout d\u2019informations ajout\u00e9es <\/h4>\n\n\n\n<p>Indiquer le num\u00e9ro d\u2019enregistrement, \u00e9ventuellement un lien ou r\u00e9f\u00e9rence. Cela rend le marquage plus clair et plus dissuasif.<\/p>\n\n\n\n<h4 class=\"wp-block-heading\">5. Respecter les supports et la visibilit\u00e9 <\/h4>\n\n\n\n<p><br>Le marquage doit \u00eatre bien visible, durable selon le support : textile, PVC, etc. Prendre en compte la taille, la lisibilit\u00e9 apr\u00e8s impression, lavage, exposition au vent, etc.<\/p>\n\n\n\n<h4 class=\"wp-block-heading\">6. Sensibiliser les parties prenantes<\/h4>\n\n\n\n<p>Vos clients, graphistes, designers, prestataires doivent \u00eatre inform\u00e9s du sigle, de sa signification, de sa valeur, pour \u00e9viter confusions ou utilisations mal appropri\u00e9es. <\/p>\n\n\n\n<h3 class=\"wp-block-heading\">Les limites et pr\u00e9conisations d\u2019utilisation<\/h3>\n\n\n\n<ul class=\"wp-block-list\">\n<li>Le sigle <strong>\u24b9<\/strong> n\u2019est <strong>pas obligatoire<\/strong>.<\/li>\n\n\n\n<li>Le marquage \u24b9 <strong>n\u2019est pertinent que si le dessin ou mod\u00e8le est effectivement enregistr\u00e9<\/strong>. Sinon, son usage pourrait \u00eatre trompeur ou contestable.<\/li>\n\n\n\n<li>L\u2019enregistrement peut co\u00fbter du temps et de l\u2019argent, selon la complexit\u00e9, le type de produit, le nombre d\u2019enregistrements souhait\u00e9s, etc. Les frais de renouvellement peuvent \u00eatre plus \u00e9lev\u00e9s dans la nouvelle r\u00e9forme.<\/li>\n\n\n\n<li>Le sigle ne garantit pas \u00e0 lui seul l\u2019immunit\u00e9 contre les contrefa\u00e7ons ou les imitations, mais sert surtout d\u2019outil dissuasif et d\u2019affichage de transparence.<\/li>\n<\/ul>\n\n\n\n<div style=\"height:30px\" aria-hidden=\"true\" class=\"wp-block-spacer\"><\/div>\n\n\n\n<h2 class=\"wp-block-heading\">Exemple concret d\u2019application dans la fabrication d&#8217;un drapeau personnalis\u00e9<\/h2>\n\n\n\n<p>Imaginons que vous \u00eates un client qui commande une s\u00e9rie de drapeaux personnalis\u00e9s avec un nouveau motif original.<\/p>\n\n\n\n<ul class=\"wp-block-list\">\n<li>Vous concevez le visuel avec votre graphiste. Vous v\u00e9rifiez qu\u2019il est original, nouveau, et non d\u00e9j\u00e0 prot\u00e9g\u00e9.<\/li>\n\n\n\n<li>Vous lancez la proc\u00e9dure d\u2019enregistrement aupr\u00e8s de l\u2019<a href=\"https:\/\/www.euipo.europa.eu\/fr\">EUIPO<\/a> pour obtenir la protection du dessin ou mod\u00e8le.<\/li>\n\n\n\n<li>Une fois l\u2019enregistrement valid\u00e9, vous pouvez ajouter le sigle <strong>\u24b9<\/strong> sur les drapeaux, par exemple, dans un coin discret, mais visible, sur le tissu ou bord du drapeau \u2014 ou sur l\u2019\u00e9tiquette textile.<\/li>\n\n\n\n<li>Vous pouvez aussi l\u2019ajouter sur le packaging, le bon de livraison ou le certificat fourni au client, ainsi que sur le site Internet ou la documentation de vente.<\/li>\n\n\n\n<li>En cas de revente, r\u00e9utilisation ou exposition, le client pourra revendiquer un design prot\u00e9g\u00e9, ce qui peut prot\u00e9ger contre des copies non autoris\u00e9es, ou servir de preuve en cas de litige.<\/li>\n<\/ul>\n\n\n\n<figure class=\"wp-block-image size-full\"><a href=\"https:\/\/www.macapflag.com\/\" target=\"_blank\" rel=\" noreferrer noopener\"><img fetchpriority=\"high\" decoding=\"async\" width=\"700\" height=\"320\" src=\"https:\/\/www.macapflag.com\/blog\/wp-content\/uploads\/2021\/04\/fabriquant-de-drapeaux-kakemonos-banderoles-beach-flags-oriflammes-macap.jpg\" alt=\"Macap fabriquant de drapeaux kak\u00e9mono banderole beach flag oriflamme\" class=\"wp-image-10133\" srcset=\"https:\/\/www.macapflag.com\/blog\/wp-content\/uploads\/2021\/04\/fabriquant-de-drapeaux-kakemonos-banderoles-beach-flags-oriflammes-macap.jpg 700w, https:\/\/www.macapflag.com\/blog\/wp-content\/uploads\/2021\/04\/fabriquant-de-drapeaux-kakemonos-banderoles-beach-flags-oriflammes-macap-300x137.jpg 300w\" sizes=\"(max-width: 700px) 100vw, 700px\" \/><\/a><\/figure>\n\n\n\n<p><\/p>\n","protected":false},"excerpt":{"rendered":"<div class=\"tmnf_excerpt\"><p>Chez Macap, nous savons combien les cr\u00e9ations graphiques pour vos oriflammes, drapeaux ou autres supports textiles &amp; PVC repr\u00e9sentent un investissement : dessin, design, choix des formes, des motifs, des supports. Prot\u00e9ger ces cr\u00e9ations, mais aussi savoir le signaler, devient une \u00e9tape essentielle pour pr\u00e9server votre identit\u00e9 visuelle, \u00e9viter la copie et valoriser votre travail. &hellip;<\/p>\n<\/div>","protected":false},"author":2,"featured_media":21549,"comment_status":"closed","ping_status":"open","sticky":false,"template":"template-fullwidth.php","format":"standard","meta":{"footnotes":""},"categories":[93],"tags":[],"class_list":["post-21550","post","type-post","status-publish","format-standard","has-post-thumbnail","hentry","category-com"],"yoast_head":"<!-- This site is optimized with the Yoast SEO plugin v26.4 - https:\/\/yoast.com\/wordpress\/plugins\/seo\/ -->\n<title>Sigle D protection des dessins et mod\u00e8les de l&#039;Union Europ\u00e9enne<\/title>\n<meta name=\"description\" content=\"Un nouveau symbole \u24b9 indique qu&#039;un dessin ou mod\u00e8le est enregistr\u00e9 aupr\u00e8s de l&#039;Union Europ\u00e9enne et donc prot\u00e9g\u00e9. Il \u00e9quivaut au R ou au C\" \/>\n<meta name=\"robots\" content=\"index, follow, max-snippet:-1, max-image-preview:large, max-video-preview:-1\" \/>\n<link rel=\"canonical\" href=\"https:\/\/www.macapflag.com\/blog\/sigle-d-protection\/\" \/>\n<meta property=\"og:locale\" content=\"fr_FR\" \/>\n<meta property=\"og:type\" content=\"article\" \/>\n<meta property=\"og:title\" content=\"Sigle D protection des dessins et mod\u00e8les de l&#039;Union Europ\u00e9enne\" \/>\n<meta property=\"og:description\" content=\"Un nouveau symbole \u24b9 indique qu&#039;un dessin ou mod\u00e8le est enregistr\u00e9 aupr\u00e8s de l&#039;Union Europ\u00e9enne et donc prot\u00e9g\u00e9. Il \u00e9quivaut au R ou au C\" \/>\n<meta property=\"og:url\" content=\"https:\/\/www.macapflag.com\/blog\/sigle-d-protection\/\" \/>\n<meta property=\"og:site_name\" content=\"Blog - Macap\" \/>\n<meta property=\"article:publisher\" content=\"https:\/\/www.facebook.com\/macap.pavoisement\/\" \/>\n<meta property=\"article:published_time\" content=\"2025-10-16T06:00:00+00:00\" \/>\n<meta property=\"og:image\" content=\"https:\/\/www.macapflag.com\/blog\/wp-content\/uploads\/2025\/10\/Titre_D_protection_europeenne_visuels_images.jpg\" \/>\n\t<meta property=\"og:image:width\" content=\"870\" \/>\n\t<meta property=\"og:image:height\" content=\"600\" \/>\n\t<meta property=\"og:image:type\" content=\"image\/jpeg\" \/>\n<meta name=\"author\" content=\"Blog Macap\" \/>\n<meta name=\"twitter:card\" content=\"summary_large_image\" \/>\n<meta name=\"twitter:label1\" content=\"\u00c9crit par\" \/>\n\t<meta name=\"twitter:data1\" content=\"Blog Macap\" \/>\n\t<meta name=\"twitter:label2\" content=\"Dur\u00e9e de lecture estim\u00e9e\" \/>\n\t<meta name=\"twitter:data2\" content=\"6 minutes\" \/>\n<script type=\"application\/ld+json\" class=\"yoast-schema-graph\">{\"@context\":\"https:\/\/schema.org\",\"@graph\":[{\"@type\":\"Article\",\"@id\":\"https:\/\/www.macapflag.com\/blog\/sigle-d-protection\/#article\",\"isPartOf\":{\"@id\":\"https:\/\/www.macapflag.com\/blog\/sigle-d-protection\/\"},\"author\":{\"name\":\"Blog Macap\",\"@id\":\"https:\/\/www.macapflag.com\/blog\/#\/schema\/person\/3fea701f2603875e651e6b662578fc3c\"},\"headline\":\"Le nouveau sigle \u24b9 : une protection renforc\u00e9e des dessins et mod\u00e8les\",\"datePublished\":\"2025-10-16T06:00:00+00:00\",\"mainEntityOfPage\":{\"@id\":\"https:\/\/www.macapflag.com\/blog\/sigle-d-protection\/\"},\"wordCount\":1050,\"publisher\":{\"@id\":\"https:\/\/www.macapflag.com\/blog\/#organization\"},\"image\":{\"@id\":\"https:\/\/www.macapflag.com\/blog\/sigle-d-protection\/#primaryimage\"},\"thumbnailUrl\":\"https:\/\/www.macapflag.com\/blog\/wp-content\/uploads\/2025\/10\/Titre_D_protection_europeenne_visuels_images.jpg\",\"articleSection\":[\"Le monde de la Com'\"],\"inLanguage\":\"fr-FR\"},{\"@type\":\"WebPage\",\"@id\":\"https:\/\/www.macapflag.com\/blog\/sigle-d-protection\/\",\"url\":\"https:\/\/www.macapflag.com\/blog\/sigle-d-protection\/\",\"name\":\"Sigle D protection des dessins et mod\u00e8les de l'Union Europ\u00e9enne\",\"isPartOf\":{\"@id\":\"https:\/\/www.macapflag.com\/blog\/#website\"},\"primaryImageOfPage\":{\"@id\":\"https:\/\/www.macapflag.com\/blog\/sigle-d-protection\/#primaryimage\"},\"image\":{\"@id\":\"https:\/\/www.macapflag.com\/blog\/sigle-d-protection\/#primaryimage\"},\"thumbnailUrl\":\"https:\/\/www.macapflag.com\/blog\/wp-content\/uploads\/2025\/10\/Titre_D_protection_europeenne_visuels_images.jpg\",\"datePublished\":\"2025-10-16T06:00:00+00:00\",\"description\":\"Un nouveau symbole \u24b9 indique qu'un dessin ou mod\u00e8le est enregistr\u00e9 aupr\u00e8s de l'Union Europ\u00e9enne et donc prot\u00e9g\u00e9. Il \u00e9quivaut au R ou au C\",\"breadcrumb\":{\"@id\":\"https:\/\/www.macapflag.com\/blog\/sigle-d-protection\/#breadcrumb\"},\"inLanguage\":\"fr-FR\",\"potentialAction\":[{\"@type\":\"ReadAction\",\"target\":[\"https:\/\/www.macapflag.com\/blog\/sigle-d-protection\/\"]}]},{\"@type\":\"ImageObject\",\"inLanguage\":\"fr-FR\",\"@id\":\"https:\/\/www.macapflag.com\/blog\/sigle-d-protection\/#primaryimage\",\"url\":\"https:\/\/www.macapflag.com\/blog\/wp-content\/uploads\/2025\/10\/Titre_D_protection_europeenne_visuels_images.jpg\",\"contentUrl\":\"https:\/\/www.macapflag.com\/blog\/wp-content\/uploads\/2025\/10\/Titre_D_protection_europeenne_visuels_images.jpg\",\"width\":870,\"height\":600,\"caption\":\"D protection europ\u00e9enne visuels images et cr\u00e9ations graphiques\"},{\"@type\":\"BreadcrumbList\",\"@id\":\"https:\/\/www.macapflag.com\/blog\/sigle-d-protection\/#breadcrumb\",\"itemListElement\":[{\"@type\":\"ListItem\",\"position\":1,\"name\":\"Accueil\",\"item\":\"https:\/\/www.macapflag.com\/blog\/\"},{\"@type\":\"ListItem\",\"position\":2,\"name\":\"Le nouveau sigle \u24b9 : une protection renforc\u00e9e des dessins et mod\u00e8les\"}]},{\"@type\":\"WebSite\",\"@id\":\"https:\/\/www.macapflag.com\/blog\/#website\",\"url\":\"https:\/\/www.macapflag.com\/blog\/\",\"name\":\"Blog - Macap\",\"description\":\"Tous nos articles\",\"publisher\":{\"@id\":\"https:\/\/www.macapflag.com\/blog\/#organization\"},\"potentialAction\":[{\"@type\":\"SearchAction\",\"target\":{\"@type\":\"EntryPoint\",\"urlTemplate\":\"https:\/\/www.macapflag.com\/blog\/?s={search_term_string}\"},\"query-input\":{\"@type\":\"PropertyValueSpecification\",\"valueRequired\":true,\"valueName\":\"search_term_string\"}}],\"inLanguage\":\"fr-FR\"},{\"@type\":\"Organization\",\"@id\":\"https:\/\/www.macapflag.com\/blog\/#organization\",\"name\":\"macapflag\",\"url\":\"https:\/\/www.macapflag.com\/blog\/\",\"logo\":{\"@type\":\"ImageObject\",\"inLanguage\":\"fr-FR\",\"@id\":\"https:\/\/www.macapflag.com\/blog\/#\/schema\/logo\/image\/\",\"url\":\"https:\/\/www.macapflag.com\/blog\/wp-content\/uploads\/2020\/12\/cropped-M-512-1.png\",\"contentUrl\":\"https:\/\/www.macapflag.com\/blog\/wp-content\/uploads\/2020\/12\/cropped-M-512-1.png\",\"width\":512,\"height\":512,\"caption\":\"macapflag\"},\"image\":{\"@id\":\"https:\/\/www.macapflag.com\/blog\/#\/schema\/logo\/image\/\"},\"sameAs\":[\"https:\/\/www.facebook.com\/macap.pavoisement\/\",\"https:\/\/www.instagram.com\/macapflag\/?hl=fr\",\"https:\/\/www.linkedin.com\/company\/macap\/?originalSubdomain=fr\",\"https:\/\/www.youtube.com\/channel\/UCXNzTIdZh9poEBjSXEqDtNw\"]},{\"@type\":\"Person\",\"@id\":\"https:\/\/www.macapflag.com\/blog\/#\/schema\/person\/3fea701f2603875e651e6b662578fc3c\",\"name\":\"Blog Macap\",\"image\":{\"@type\":\"ImageObject\",\"inLanguage\":\"fr-FR\",\"@id\":\"https:\/\/www.macapflag.com\/blog\/#\/schema\/person\/image\/\",\"url\":\"https:\/\/secure.gravatar.com\/avatar\/c12551f2dc51f0db049633b03e7856985477a70da834cc8967dea4ce54bdd6a2?s=96&d=mm&r=g\",\"contentUrl\":\"https:\/\/secure.gravatar.com\/avatar\/c12551f2dc51f0db049633b03e7856985477a70da834cc8967dea4ce54bdd6a2?s=96&d=mm&r=g\",\"caption\":\"Blog Macap\"},\"url\":\"https:\/\/www.macapflag.com\/blog\/author\/macap\/\"}]}<\/script>\n<!-- \/ Yoast SEO plugin. -->","yoast_head_json":{"title":"Sigle D protection des dessins et mod\u00e8les de l'Union Europ\u00e9enne","description":"Un nouveau symbole \u24b9 indique qu'un dessin ou mod\u00e8le est enregistr\u00e9 aupr\u00e8s de l'Union Europ\u00e9enne et donc prot\u00e9g\u00e9. Il \u00e9quivaut au R ou au C","robots":{"index":"index","follow":"follow","max-snippet":"max-snippet:-1","max-image-preview":"max-image-preview:large","max-video-preview":"max-video-preview:-1"},"canonical":"https:\/\/www.macapflag.com\/blog\/sigle-d-protection\/","og_locale":"fr_FR","og_type":"article","og_title":"Sigle D protection des dessins et mod\u00e8les de l'Union Europ\u00e9enne","og_description":"Un nouveau symbole \u24b9 indique qu'un dessin ou mod\u00e8le est enregistr\u00e9 aupr\u00e8s de l'Union Europ\u00e9enne et donc prot\u00e9g\u00e9. Il \u00e9quivaut au R ou au C","og_url":"https:\/\/www.macapflag.com\/blog\/sigle-d-protection\/","og_site_name":"Blog - Macap","article_publisher":"https:\/\/www.facebook.com\/macap.pavoisement\/","article_published_time":"2025-10-16T06:00:00+00:00","og_image":[{"width":870,"height":600,"url":"https:\/\/www.macapflag.com\/blog\/wp-content\/uploads\/2025\/10\/Titre_D_protection_europeenne_visuels_images.jpg","type":"image\/jpeg"}],"author":"Blog Macap","twitter_card":"summary_large_image","twitter_misc":{"\u00c9crit par":"Blog Macap","Dur\u00e9e de lecture estim\u00e9e":"6 minutes"},"schema":{"@context":"https:\/\/schema.org","@graph":[{"@type":"Article","@id":"https:\/\/www.macapflag.com\/blog\/sigle-d-protection\/#article","isPartOf":{"@id":"https:\/\/www.macapflag.com\/blog\/sigle-d-protection\/"},"author":{"name":"Blog Macap","@id":"https:\/\/www.macapflag.com\/blog\/#\/schema\/person\/3fea701f2603875e651e6b662578fc3c"},"headline":"Le nouveau sigle \u24b9 : une protection renforc\u00e9e des dessins et mod\u00e8les","datePublished":"2025-10-16T06:00:00+00:00","mainEntityOfPage":{"@id":"https:\/\/www.macapflag.com\/blog\/sigle-d-protection\/"},"wordCount":1050,"publisher":{"@id":"https:\/\/www.macapflag.com\/blog\/#organization"},"image":{"@id":"https:\/\/www.macapflag.com\/blog\/sigle-d-protection\/#primaryimage"},"thumbnailUrl":"https:\/\/www.macapflag.com\/blog\/wp-content\/uploads\/2025\/10\/Titre_D_protection_europeenne_visuels_images.jpg","articleSection":["Le monde de la Com'"],"inLanguage":"fr-FR"},{"@type":"WebPage","@id":"https:\/\/www.macapflag.com\/blog\/sigle-d-protection\/","url":"https:\/\/www.macapflag.com\/blog\/sigle-d-protection\/","name":"Sigle D protection des dessins et mod\u00e8les de l'Union Europ\u00e9enne","isPartOf":{"@id":"https:\/\/www.macapflag.com\/blog\/#website"},"primaryImageOfPage":{"@id":"https:\/\/www.macapflag.com\/blog\/sigle-d-protection\/#primaryimage"},"image":{"@id":"https:\/\/www.macapflag.com\/blog\/sigle-d-protection\/#primaryimage"},"thumbnailUrl":"https:\/\/www.macapflag.com\/blog\/wp-content\/uploads\/2025\/10\/Titre_D_protection_europeenne_visuels_images.jpg","datePublished":"2025-10-16T06:00:00+00:00","description":"Un nouveau symbole \u24b9 indique qu'un dessin ou mod\u00e8le est enregistr\u00e9 aupr\u00e8s de l'Union Europ\u00e9enne et donc prot\u00e9g\u00e9. Il \u00e9quivaut au R ou au C","breadcrumb":{"@id":"https:\/\/www.macapflag.com\/blog\/sigle-d-protection\/#breadcrumb"},"inLanguage":"fr-FR","potentialAction":[{"@type":"ReadAction","target":["https:\/\/www.macapflag.com\/blog\/sigle-d-protection\/"]}]},{"@type":"ImageObject","inLanguage":"fr-FR","@id":"https:\/\/www.macapflag.com\/blog\/sigle-d-protection\/#primaryimage","url":"https:\/\/www.macapflag.com\/blog\/wp-content\/uploads\/2025\/10\/Titre_D_protection_europeenne_visuels_images.jpg","contentUrl":"https:\/\/www.macapflag.com\/blog\/wp-content\/uploads\/2025\/10\/Titre_D_protection_europeenne_visuels_images.jpg","width":870,"height":600,"caption":"D protection europ\u00e9enne visuels images et cr\u00e9ations graphiques"},{"@type":"BreadcrumbList","@id":"https:\/\/www.macapflag.com\/blog\/sigle-d-protection\/#breadcrumb","itemListElement":[{"@type":"ListItem","position":1,"name":"Accueil","item":"https:\/\/www.macapflag.com\/blog\/"},{"@type":"ListItem","position":2,"name":"Le nouveau sigle \u24b9 : une protection renforc\u00e9e des dessins et mod\u00e8les"}]},{"@type":"WebSite","@id":"https:\/\/www.macapflag.com\/blog\/#website","url":"https:\/\/www.macapflag.com\/blog\/","name":"Blog - Macap","description":"Tous nos articles","publisher":{"@id":"https:\/\/www.macapflag.com\/blog\/#organization"},"potentialAction":[{"@type":"SearchAction","target":{"@type":"EntryPoint","urlTemplate":"https:\/\/www.macapflag.com\/blog\/?s={search_term_string}"},"query-input":{"@type":"PropertyValueSpecification","valueRequired":true,"valueName":"search_term_string"}}],"inLanguage":"fr-FR"},{"@type":"Organization","@id":"https:\/\/www.macapflag.com\/blog\/#organization","name":"macapflag","url":"https:\/\/www.macapflag.com\/blog\/","logo":{"@type":"ImageObject","inLanguage":"fr-FR","@id":"https:\/\/www.macapflag.com\/blog\/#\/schema\/logo\/image\/","url":"https:\/\/www.macapflag.com\/blog\/wp-content\/uploads\/2020\/12\/cropped-M-512-1.png","contentUrl":"https:\/\/www.macapflag.com\/blog\/wp-content\/uploads\/2020\/12\/cropped-M-512-1.png","width":512,"height":512,"caption":"macapflag"},"image":{"@id":"https:\/\/www.macapflag.com\/blog\/#\/schema\/logo\/image\/"},"sameAs":["https:\/\/www.facebook.com\/macap.pavoisement\/","https:\/\/www.instagram.com\/macapflag\/?hl=fr","https:\/\/www.linkedin.com\/company\/macap\/?originalSubdomain=fr","https:\/\/www.youtube.com\/channel\/UCXNzTIdZh9poEBjSXEqDtNw"]},{"@type":"Person","@id":"https:\/\/www.macapflag.com\/blog\/#\/schema\/person\/3fea701f2603875e651e6b662578fc3c","name":"Blog Macap","image":{"@type":"ImageObject","inLanguage":"fr-FR","@id":"https:\/\/www.macapflag.com\/blog\/#\/schema\/person\/image\/","url":"https:\/\/secure.gravatar.com\/avatar\/c12551f2dc51f0db049633b03e7856985477a70da834cc8967dea4ce54bdd6a2?s=96&d=mm&r=g","contentUrl":"https:\/\/secure.gravatar.com\/avatar\/c12551f2dc51f0db049633b03e7856985477a70da834cc8967dea4ce54bdd6a2?s=96&d=mm&r=g","caption":"Blog Macap"},"url":"https:\/\/www.macapflag.com\/blog\/author\/macap\/"}]}},"_links":{"self":[{"href":"https:\/\/www.macapflag.com\/blog\/wp-json\/wp\/v2\/posts\/21550","targetHints":{"allow":["GET"]}}],"collection":[{"href":"https:\/\/www.macapflag.com\/blog\/wp-json\/wp\/v2\/posts"}],"about":[{"href":"https:\/\/www.macapflag.com\/blog\/wp-json\/wp\/v2\/types\/post"}],"author":[{"embeddable":true,"href":"https:\/\/www.macapflag.com\/blog\/wp-json\/wp\/v2\/users\/2"}],"replies":[{"embeddable":true,"href":"https:\/\/www.macapflag.com\/blog\/wp-json\/wp\/v2\/comments?post=21550"}],"version-history":[{"count":3,"href":"https:\/\/www.macapflag.com\/blog\/wp-json\/wp\/v2\/posts\/21550\/revisions"}],"predecessor-version":[{"id":21556,"href":"https:\/\/www.macapflag.com\/blog\/wp-json\/wp\/v2\/posts\/21550\/revisions\/21556"}],"wp:featuredmedia":[{"embeddable":true,"href":"https:\/\/www.macapflag.com\/blog\/wp-json\/wp\/v2\/media\/21549"}],"wp:attachment":[{"href":"https:\/\/www.macapflag.com\/blog\/wp-json\/wp\/v2\/media?parent=21550"}],"wp:term":[{"taxonomy":"category","embeddable":true,"href":"https:\/\/www.macapflag.com\/blog\/wp-json\/wp\/v2\/categories?post=21550"},{"taxonomy":"post_tag","embeddable":true,"href":"https:\/\/www.macapflag.com\/blog\/wp-json\/wp\/v2\/tags?post=21550"}],"curies":[{"name":"wp","href":"https:\/\/api.w.org\/{rel}","templated":true}]}}