{"id":21553,"date":"2025-11-03T08:00:00","date_gmt":"2025-11-03T07:00:00","guid":{"rendered":"https:\/\/www.macapflag.com\/blog\/?p=21553"},"modified":"2025-10-03T08:56:58","modified_gmt":"2025-10-03T06:56:58","slug":"movember-quand-la-moustache-devient-symbole-de-sante-masculine","status":"publish","type":"post","link":"https:\/\/www.macapflag.com\/blog\/movember-quand-la-moustache-devient-symbole-de-sante-masculine\/","title":{"rendered":"Movember : quand la moustache devient symbole de sant\u00e9 masculine"},"content":{"rendered":"\n<p>Chaque mois de novembre, un ph\u00e9nom\u00e8ne poilu et solidaire prend d\u2019assaut les visages d\u2019hommes \u00e0 travers le monde : <strong>Movember<\/strong>. Plus qu\u2019une simple tendance ou un d\u00e9fi entre amis, Movember est un v\u00e9ritable mouvement mondial de sensibilisation \u00e0 la sant\u00e9 masculine. Derri\u00e8re chaque moustache cultiv\u00e9e se cache un message fort, un engagement pour la cause. Plongeons dans les origines, les pratiques et les anecdotes qui font d\u00e9sormais de Movember un rendez-vous annuel incontournable.<\/p>\n\n\n\n<div style=\"height:25px\" aria-hidden=\"true\" class=\"wp-block-spacer\"><\/div>\n\n\n\n<h2 class=\"wp-block-heading\">Quelles sont les origines du mouvement Movember ?<\/h2>\n\n\n\n<p>Tout commence en <strong>2003<\/strong>, \u00e0 <strong>Melbourne<\/strong>, en Australie. Deux amis, <strong>Travis Garone<\/strong> et <strong>Luke Slattery<\/strong>, se lancent un d\u00e9fi un peu farfelu : remettre la moustache \u00e0 la mode. Amus\u00e9s par la r\u00e9action de leur entourage, ils d\u00e9cident de donner un sens plus profond \u00e0 leur d\u00e9marche. Inspir\u00e9s par les campagnes de sensibilisation f\u00e9minines comme <a href=\"https:\/\/www.macapflag.com\/blog\/octobre-rose\/\">Octobre Rose<\/a>, ils cr\u00e9ent la <strong>Movember Foundation<\/strong>, avec un objectif clair : <strong>changer le visage de la sant\u00e9 masculine<\/strong>.<\/p>\n\n\n\n<p>Depuis, le mouvement s\u2019est \u00e9tendu \u00e0 plus de <strong>20 pays<\/strong>, r\u00e9coltant des <strong>centaines de millions d\u2019euros<\/strong> pour financer des projets li\u00e9s \u00e0 la sant\u00e9 des hommes, notamment la <strong>pr\u00e9vention du cancer de la prostate<\/strong>, du <strong>cancer des testicules<\/strong>, la <strong>sant\u00e9 mentale<\/strong> et la <strong>pr\u00e9vention du suicide<\/strong>.<\/p>\n\n\n\n<div style=\"height:25px\" aria-hidden=\"true\" class=\"wp-block-spacer\"><\/div>\n\n\n\n<h2 class=\"wp-block-heading\">Quelles sont les r\u00e8gles du Movember ?<\/h2>\n\n\n\n<p>Participer \u00e0 Movember est \u00e0 la port\u00e9e de tous. Les r\u00e8gles sont simples :<\/p>\n\n\n\n<ol class=\"wp-block-list\">\n<li><strong>Se raser compl\u00e8tement le 1er novembre<\/strong>.<\/li>\n\n\n\n<li><strong>Faire pousser sa moustache pendant tout le mois<\/strong>, sans la combiner avec une barbe ou un bouc.<\/li>\n\n\n\n<li><strong>Sensibiliser son entourage<\/strong> sur les enjeux de sant\u00e9 masculine.<\/li>\n\n\n\n<li><strong>Collecter des fonds<\/strong> via la <a href=\"https:\/\/fr.movember.com\/\">plateforme officielle<\/a> ou des \u00e9v\u00e9nements solidaires.<\/li>\n<\/ol>\n\n\n\n<p>Au-del\u00e0 de la moustache, la fondation encourage aussi deux autres initiatives :<\/p>\n\n\n\n<ul class=\"wp-block-list\">\n<li><strong>MOVE<\/strong> : faire de l\u2019exercice physique chaque jour du mois.<\/li>\n\n\n\n<li><strong>HOST<\/strong> : organiser un \u00e9v\u00e9nement pour rassembler, sensibiliser et collecter des dons.<\/li>\n<\/ul>\n\n\n\n<div style=\"height:25px\" aria-hidden=\"true\" class=\"wp-block-spacer\"><\/div>\n\n\n\n<h2 class=\"wp-block-heading\">Pourquoi la moustache ?<\/h2>\n\n\n\n<p>Symbole masculin par excellence, la <strong>moustache<\/strong> est visible, originale, parfois d\u00e9cal\u00e9e. Elle intrigue, fait sourire ou suscite des questions \u2014 c\u2019est pr\u00e9cis\u00e9ment ce que recherche le mouvement. C\u2019est un <strong>pr\u00e9texte pour engager la conversation<\/strong> sur des sujets souvent tabous ou ignor\u00e9s : examens m\u00e9dicaux, sant\u00e9 mentale, isolement, d\u00e9pression.<\/p>\n\n\n\n<div style=\"height:25px\" aria-hidden=\"true\" class=\"wp-block-spacer\"><\/div>\n\n\n\n<h2 class=\"wp-block-heading\">Quelques chiffres marquants<\/h2>\n\n\n\n<ul class=\"wp-block-list\">\n<li>Depuis sa cr\u00e9ation, Movember a financ\u00e9 <strong>plus de 1 250 projets de sant\u00e9<\/strong> dans le monde.<\/li>\n\n\n\n<li>Plus de <strong>6 millions de participants<\/strong>, appel\u00e9s les <strong>Mo Bros<\/strong> et <strong>Mo Sistas<\/strong>, se mobilisent chaque ann\u00e9e.<\/li>\n\n\n\n<li>En France, le mouvement gagne en popularit\u00e9, m\u00eame si la moustache y reste un d\u00e9fi de style !<\/li>\n<\/ul>\n\n\n\n<div style=\"height:25px\" aria-hidden=\"true\" class=\"wp-block-spacer\"><\/div>\n\n\n\n<h2 class=\"wp-block-heading\">Movember et les entreprises : un levier d&#8217;engagement interne<\/h2>\n\n\n\n<p>De plus en plus d&#8217;entreprises profitent de Movember pour organiser des <strong>d\u00e9fis d&#8217;\u00e9quipe<\/strong>, des <strong>ateliers sant\u00e9<\/strong>, ou des <strong>actions solidaires<\/strong> en interne. Une fa\u00e7on ludique et engag\u00e9e de renforcer la coh\u00e9sion et de sensibiliser les collaborateurs \u00e0 des sujets de fond.<\/p>\n\n\n\n<div style=\"height:25px\" aria-hidden=\"true\" class=\"wp-block-spacer\"><\/div>\n\n\n\n<h2 class=\"wp-block-heading\">Pourquoi participer \u00e0 Movember ?<\/h2>\n\n\n\n<p>Movember, c\u2019est plus qu\u2019un mois \u00e0 laisser pousser sa moustache. C\u2019est l\u2019occasion :<\/p>\n\n\n\n<ul class=\"wp-block-list\">\n<li><strong>De prendre soin de soi<\/strong>.<\/li>\n\n\n\n<li><strong>D\u2019encourager les hommes \u00e0 consulter plus t\u00f4t<\/strong>.<\/li>\n\n\n\n<li><strong>De briser les tabous sur la sant\u00e9 mentale<\/strong>.<\/li>\n\n\n\n<li><strong>De soutenir la recherche et des initiatives concr\u00e8tes<\/strong>.<\/li>\n<\/ul>\n\n\n\n<div style=\"height:25px\" aria-hidden=\"true\" class=\"wp-block-spacer\"><\/div>\n\n\n\n<h2 class=\"wp-block-heading\">Macap se met \u00e0 la page de Movember !<\/h2>\n\n\n\n<p>Les graphistes de <a href=\"https:\/\/www.macapflag.com\/\">Macap<\/a> ont aussi jou\u00e9 la carte de Movember en imaginant des cr\u00e9ations originales imprim\u00e9es sur des supports de communication pratiques \u00e0 installer partout. Pour inciter un maximum de personnes \u00e0 participer au challenge Movember, optez pour les produits brand\u00e9s aux couleurs de la moustache !<\/p>\n\n\n\n<div class=\"wp-block-columns is-layout-flex wp-container-core-columns-is-layout-9d6595d7 wp-block-columns-is-layout-flex\">\n<div class=\"wp-block-column is-layout-flow wp-block-column-is-layout-flow\"><div class=\"container p-0 m-0\">\n    <div class=\"row m-0 border\">\n        <div class=\"col-12 grid-didpd-body text-center\">\n            <img decoding=\"async\" src=\"https:\/\/www.macapflag.com\/1860417-home_default\/banderole-pvc-oeillets-80x300-cmplv-movember-modele-3.jpg\" alt=\"Banderole PVC &oelig;illets 80x300 cm\" class=\"mx-auto\" \/>\n            <div class=\"grid-didpd-text\">\n                <a href=\"https:\/\/www.macapflag.com\/plv-prevention\/792360-banderole-pvc-oeillets-80x300-cmplv-movember-modele-3.html\" target=\"_blank\" class=\"stretched-link\">\n                    <h3>Banderole PVC \u0153illets 80x300 cm<\/h3>\n                <\/a>\n            <\/div>\n                        <p class=\"text-center font-weight-bold\">42,75 \u20ac HT<\/p>            <div class=\"text-center\">\n                <button class=\"btn btn-primary\">Achat Banderole<\/button>\n            <\/div>\n        <\/div>\n    <\/div>\n<\/div>\n\n<\/div>\n\n\n\n<div class=\"wp-block-column is-layout-flow wp-block-column-is-layout-flow\"><div class=\"container p-0 m-0\">\n    <div class=\"row m-0 border\">\n        <div class=\"col-12 grid-didpd-body text-center\">\n            <img decoding=\"async\" src=\"https:\/\/www.macapflag.com\/1860398-home_default\/banderole-pvc-oeillets-80x300-cmplv-movember-modele-2.jpg\" alt=\"Banderole PVC &oelig;illets 80x300 cm\" class=\"mx-auto\" \/>\n            <div class=\"grid-didpd-text\">\n                <a href=\"https:\/\/www.macapflag.com\/plv-prevention\/792351-banderole-pvc-oeillets-80x300-cmplv-movember-modele-2.html\" target=\"_blank\" class=\"stretched-link\">\n                    <h3>Banderole PVC \u0153illets 80x300 cm<\/h3>\n                <\/a>\n            <\/div>\n                        <p class=\"text-center font-weight-bold\">42,75 \u20ac HT<\/p>            <div class=\"text-center\">\n                <button class=\"btn btn-primary\">Achat Banderole<\/button>\n            <\/div>\n        <\/div>\n    <\/div>\n<\/div>\n\n<\/div>\n\n\n\n<div class=\"wp-block-column is-layout-flow wp-block-column-is-layout-flow\"><div class=\"container p-0 m-0\">\n    <div class=\"row m-0 border\">\n        <div class=\"col-12 grid-didpd-body text-center\">\n            <img decoding=\"async\" src=\"https:\/\/www.macapflag.com\/1860381-home_default\/banderole-pvc-oeillets-100x400-cmplv-movember-modele-1.jpg\" alt=\"Banderole PVC &oelig;illets 80x300 cm\" class=\"mx-auto\" \/>\n            <div class=\"grid-didpd-text\">\n                <a href=\"https:\/\/www.macapflag.com\/plv-prevention\/792349-banderole-pvc-oeillets-100x400-cmplv-movember-modele-1.html\" target=\"_blank\" class=\"stretched-link\">\n                    <h3>Banderole PVC \u0153illets 80x300 cm<\/h3>\n                <\/a>\n            <\/div>\n                        <p class=\"text-center font-weight-bold\">57,00 \u20ac HT<\/p>            <div class=\"text-center\">\n                <button class=\"btn btn-primary\">Achat Banderole<\/button>\n            <\/div>\n        <\/div>\n    <\/div>\n<\/div>\n\n<\/div>\n<\/div>\n\n\n\n<div class=\"wp-block-columns is-layout-flex wp-container-core-columns-is-layout-9d6595d7 wp-block-columns-is-layout-flex\">\n<div class=\"wp-block-column is-layout-flow wp-block-column-is-layout-flow\"><div class=\"container p-0 m-0\">\n    <div class=\"row m-0 border\">\n        <div class=\"col-12 grid-didpd-body text-center\">\n            <img decoding=\"async\" src=\"https:\/\/www.macapflag.com\/1860383-home_default\/beach-flag-oriflamme-classique-23-mvisuel-movember-modele-1.jpg\" alt=\"Oriflamme 2.30 m&egrave;tres\" class=\"mx-auto\" \/>\n            <div class=\"grid-didpd-text\">\n                <a href=\"https:\/\/www.macapflag.com\/plv-prevention\/792347-beach-flag-oriflamme-classique-23-mvisuel-movember-modele-1.html\" target=\"_blank\" class=\"stretched-link\">\n                    <h3>Oriflamme 2.30 m\u00e8tres<\/h3>\n                <\/a>\n            <\/div>\n                        <p class=\"text-center font-weight-bold\">106,40 \u20ac HT<\/p>            <div class=\"text-center\">\n                <button class=\"btn btn-primary\">Achat Oriflamme<\/button>\n            <\/div>\n        <\/div>\n    <\/div>\n<\/div>\n\n<\/div>\n\n\n\n<div class=\"wp-block-column is-layout-flow wp-block-column-is-layout-flow\"><div class=\"container p-0 m-0\">\n    <div class=\"row m-0 border\">\n        <div class=\"col-12 grid-didpd-body text-center\">\n            <img decoding=\"async\" src=\"https:\/\/www.macapflag.com\/1860400-home_default\/beach-flag-oriflamme-classique-28-mvisuel-movember-modele-2.jpg\" alt=\"Oriflamme 2.80 m&egrave;tres\" class=\"mx-auto\" \/>\n            <div class=\"grid-didpd-text\">\n                <a href=\"https:\/\/www.macapflag.com\/plv-prevention\/792353-beach-flag-oriflamme-classique-28-mvisuel-movember-modele-2.html\" target=\"_blank\" class=\"stretched-link\">\n                    <h3>Oriflamme 2.80 m\u00e8tres<\/h3>\n                <\/a>\n            <\/div>\n                        <p class=\"text-center font-weight-bold\">112,10 \u20ac HT<\/p>            <div class=\"text-center\">\n                <button class=\"btn btn-primary\">Achat Oriflamme<\/button>\n            <\/div>\n        <\/div>\n    <\/div>\n<\/div>\n\n<\/div>\n\n\n\n<div class=\"wp-block-column is-layout-flow wp-block-column-is-layout-flow\"><div class=\"container p-0 m-0\">\n    <div class=\"row m-0 border\">\n        <div class=\"col-12 grid-didpd-body text-center\">\n            <img decoding=\"async\" src=\"https:\/\/www.macapflag.com\/1860414-home_default\/beach-flag-oriflamme-potence-350-mvisuel-movember-modele-3.jpg\" alt=\"Oriflamme 3.50 m&egrave;tres\" class=\"mx-auto\" \/>\n            <div class=\"grid-didpd-text\">\n                <a href=\"https:\/\/www.macapflag.com\/plv-prevention\/792357-beach-flag-oriflamme-potence-350-mvisuel-movember-modele-3.html\" target=\"_blank\" class=\"stretched-link\">\n                    <h3>Oriflamme 3.50 m\u00e8tres<\/h3>\n                <\/a>\n            <\/div>\n                        <p class=\"text-center font-weight-bold\">142,50 \u20ac HT<\/p>            <div class=\"text-center\">\n                <button class=\"btn btn-primary\">Achat Oriflamme<\/button>\n            <\/div>\n        <\/div>\n    <\/div>\n<\/div>\n\n<\/div>\n<\/div>\n\n\n\n<div class=\"wp-block-columns is-layout-flex wp-container-core-columns-is-layout-9d6595d7 wp-block-columns-is-layout-flex\">\n<div class=\"wp-block-column is-layout-flow wp-block-column-is-layout-flow\"><div class=\"container p-0 m-0\">\n    <div class=\"row m-0 border\">\n        <div class=\"col-12 grid-didpd-body text-center\">\n            <img decoding=\"async\" src=\"https:\/\/www.macapflag.com\/1860413-home_default\/roll-up-80x200-cmvisuel-movember-modele-3.jpg\" alt=\"Roll Up 80x200 cm\" class=\"mx-auto\" \/>\n            <div class=\"grid-didpd-text\">\n                <a href=\"https:\/\/www.macapflag.com\/plv-prevention\/792356-roll-up-80x200-cmvisuel-movember-modele-3.html\" target=\"_blank\" class=\"stretched-link\">\n                    <h3>Roll Up 80x200 cm<\/h3>\n                <\/a>\n            <\/div>\n                        <p class=\"text-center font-weight-bold\">51,30 \u20ac HT<\/p>            <div class=\"text-center\">\n                <button class=\"btn btn-primary\">Achat Rollup<\/button>\n            <\/div>\n        <\/div>\n    <\/div>\n<\/div>\n\n<\/div>\n\n\n\n<div class=\"wp-block-column is-layout-flow wp-block-column-is-layout-flow\"><div class=\"container p-0 m-0\">\n    <div class=\"row m-0 border\">\n        <div class=\"col-12 grid-didpd-body text-center\">\n            <img decoding=\"async\" src=\"https:\/\/www.macapflag.com\/1860402-home_default\/roll-up-80x200-cmvisuel-movember-modele-2.jpg\" alt=\"Roll Up 80x200 cm\" class=\"mx-auto\" \/>\n            <div class=\"grid-didpd-text\">\n                <a href=\"https:\/\/www.macapflag.com\/plv-prevention\/792355-roll-up-80x200-cmvisuel-movember-modele-2.html\" target=\"_blank\" class=\"stretched-link\">\n                    <h3>Roll Up 80x200 cm<\/h3>\n                <\/a>\n            <\/div>\n                        <p class=\"text-center font-weight-bold\">51,30 \u20ac HT<\/p>            <div class=\"text-center\">\n                <button class=\"btn btn-primary\">Achat Rollup<\/button>\n            <\/div>\n        <\/div>\n    <\/div>\n<\/div>\n\n<\/div>\n\n\n\n<div class=\"wp-block-column is-layout-flow wp-block-column-is-layout-flow\"><div class=\"container p-0 m-0\">\n    <div class=\"row m-0 border\">\n        <div class=\"col-12 grid-didpd-body text-center\">\n            <img decoding=\"async\" src=\"https:\/\/www.macapflag.com\/1860386-home_default\/roll-up-80x200-cmvisuel-movember-modele-1.jpg\" alt=\"Roll Up 80x200 cm\" class=\"mx-auto\" \/>\n            <div class=\"grid-didpd-text\">\n                <a href=\"https:\/\/www.macapflag.com\/plv-prevention\/792344-roll-up-80x200-cmvisuel-movember-modele-1.html\" target=\"_blank\" class=\"stretched-link\">\n                    <h3>Roll Up 80x200 cm<\/h3>\n                <\/a>\n            <\/div>\n                        <p class=\"text-center font-weight-bold\">51,30 \u20ac HT<\/p>            <div class=\"text-center\">\n                <button class=\"btn btn-primary\">Achat Rollup<\/button>\n            <\/div>\n        <\/div>\n    <\/div>\n<\/div>\n\n<\/div>\n<\/div>\n","protected":false},"excerpt":{"rendered":"<div class=\"tmnf_excerpt\"><p>Chaque mois de novembre, un ph\u00e9nom\u00e8ne poilu et solidaire prend d\u2019assaut les visages d\u2019hommes \u00e0 travers le monde : Movember. Plus qu\u2019une simple tendance ou un d\u00e9fi entre amis, Movember est un v\u00e9ritable mouvement mondial de sensibilisation \u00e0 la sant\u00e9 masculine. Derri\u00e8re chaque moustache cultiv\u00e9e se cache un message fort, un engagement pour la cause. &hellip;<\/p>\n<\/div>","protected":false},"author":2,"featured_media":21552,"comment_status":"closed","ping_status":"open","sticky":false,"template":"template-fullwidth.php","format":"standard","meta":{"footnotes":""},"categories":[93],"tags":[],"class_list":["post-21553","post","type-post","status-publish","format-standard","has-post-thumbnail","hentry","category-com"],"yoast_head":"<!-- This site is optimized with the Yoast SEO plugin v26.4 - https:\/\/yoast.com\/wordpress\/plugins\/seo\/ -->\n<title>Movember : quand la moustache devient symbole de sant\u00e9 masculine - Blog - Macap<\/title>\n<meta name=\"robots\" content=\"index, follow, max-snippet:-1, max-image-preview:large, max-video-preview:-1\" \/>\n<link rel=\"canonical\" href=\"https:\/\/www.macapflag.com\/blog\/movember-quand-la-moustache-devient-symbole-de-sante-masculine\/\" \/>\n<meta property=\"og:locale\" content=\"fr_FR\" \/>\n<meta property=\"og:type\" content=\"article\" \/>\n<meta property=\"og:title\" content=\"Movember : quand la moustache devient symbole de sant\u00e9 masculine - Blog - Macap\" \/>\n<meta property=\"og:description\" content=\"Chaque mois de novembre, un ph\u00e9nom\u00e8ne poilu et solidaire prend d\u2019assaut les visages d\u2019hommes \u00e0 travers le monde : Movember. Plus qu\u2019une simple tendance ou un d\u00e9fi entre amis, Movember est un v\u00e9ritable mouvement mondial de sensibilisation \u00e0 la sant\u00e9 masculine. Derri\u00e8re chaque moustache cultiv\u00e9e se cache un message fort, un engagement pour la cause. &hellip;\" \/>\n<meta property=\"og:url\" content=\"https:\/\/www.macapflag.com\/blog\/movember-quand-la-moustache-devient-symbole-de-sante-masculine\/\" \/>\n<meta property=\"og:site_name\" content=\"Blog - Macap\" \/>\n<meta property=\"article:publisher\" content=\"https:\/\/www.facebook.com\/macap.pavoisement\/\" \/>\n<meta property=\"article:published_time\" content=\"2025-11-03T07:00:00+00:00\" \/>\n<meta property=\"og:image\" content=\"https:\/\/www.macapflag.com\/blog\/wp-content\/uploads\/2025\/10\/Titre_Movember_origines_et_idees.jpg\" \/>\n\t<meta property=\"og:image:width\" content=\"870\" \/>\n\t<meta property=\"og:image:height\" content=\"600\" \/>\n\t<meta property=\"og:image:type\" content=\"image\/jpeg\" \/>\n<meta name=\"author\" content=\"Blog Macap\" \/>\n<meta name=\"twitter:card\" content=\"summary_large_image\" \/>\n<meta name=\"twitter:label1\" content=\"\u00c9crit par\" \/>\n\t<meta name=\"twitter:data1\" content=\"Blog Macap\" \/>\n\t<meta name=\"twitter:label2\" content=\"Dur\u00e9e de lecture estim\u00e9e\" \/>\n\t<meta name=\"twitter:data2\" content=\"4 minutes\" \/>\n<script type=\"application\/ld+json\" class=\"yoast-schema-graph\">{\"@context\":\"https:\/\/schema.org\",\"@graph\":[{\"@type\":\"Article\",\"@id\":\"https:\/\/www.macapflag.com\/blog\/movember-quand-la-moustache-devient-symbole-de-sante-masculine\/#article\",\"isPartOf\":{\"@id\":\"https:\/\/www.macapflag.com\/blog\/movember-quand-la-moustache-devient-symbole-de-sante-masculine\/\"},\"author\":{\"name\":\"Blog Macap\",\"@id\":\"https:\/\/www.macapflag.com\/blog\/#\/schema\/person\/3fea701f2603875e651e6b662578fc3c\"},\"headline\":\"Movember : quand la moustache devient symbole de sant\u00e9 masculine\",\"datePublished\":\"2025-11-03T07:00:00+00:00\",\"mainEntityOfPage\":{\"@id\":\"https:\/\/www.macapflag.com\/blog\/movember-quand-la-moustache-devient-symbole-de-sante-masculine\/\"},\"wordCount\":769,\"publisher\":{\"@id\":\"https:\/\/www.macapflag.com\/blog\/#organization\"},\"image\":{\"@id\":\"https:\/\/www.macapflag.com\/blog\/movember-quand-la-moustache-devient-symbole-de-sante-masculine\/#primaryimage\"},\"thumbnailUrl\":\"https:\/\/www.macapflag.com\/blog\/wp-content\/uploads\/2025\/10\/Titre_Movember_origines_et_idees.jpg\",\"articleSection\":[\"Le monde de la Com'\"],\"inLanguage\":\"fr-FR\"},{\"@type\":\"WebPage\",\"@id\":\"https:\/\/www.macapflag.com\/blog\/movember-quand-la-moustache-devient-symbole-de-sante-masculine\/\",\"url\":\"https:\/\/www.macapflag.com\/blog\/movember-quand-la-moustache-devient-symbole-de-sante-masculine\/\",\"name\":\"Movember : quand la moustache devient symbole de sant\u00e9 masculine - Blog - Macap\",\"isPartOf\":{\"@id\":\"https:\/\/www.macapflag.com\/blog\/#website\"},\"primaryImageOfPage\":{\"@id\":\"https:\/\/www.macapflag.com\/blog\/movember-quand-la-moustache-devient-symbole-de-sante-masculine\/#primaryimage\"},\"image\":{\"@id\":\"https:\/\/www.macapflag.com\/blog\/movember-quand-la-moustache-devient-symbole-de-sante-masculine\/#primaryimage\"},\"thumbnailUrl\":\"https:\/\/www.macapflag.com\/blog\/wp-content\/uploads\/2025\/10\/Titre_Movember_origines_et_idees.jpg\",\"datePublished\":\"2025-11-03T07:00:00+00:00\",\"breadcrumb\":{\"@id\":\"https:\/\/www.macapflag.com\/blog\/movember-quand-la-moustache-devient-symbole-de-sante-masculine\/#breadcrumb\"},\"inLanguage\":\"fr-FR\",\"potentialAction\":[{\"@type\":\"ReadAction\",\"target\":[\"https:\/\/www.macapflag.com\/blog\/movember-quand-la-moustache-devient-symbole-de-sante-masculine\/\"]}]},{\"@type\":\"ImageObject\",\"inLanguage\":\"fr-FR\",\"@id\":\"https:\/\/www.macapflag.com\/blog\/movember-quand-la-moustache-devient-symbole-de-sante-masculine\/#primaryimage\",\"url\":\"https:\/\/www.macapflag.com\/blog\/wp-content\/uploads\/2025\/10\/Titre_Movember_origines_et_idees.jpg\",\"contentUrl\":\"https:\/\/www.macapflag.com\/blog\/wp-content\/uploads\/2025\/10\/Titre_Movember_origines_et_idees.jpg\",\"width\":870,\"height\":600,\"caption\":\"Movember origines et id\u00e9es\"},{\"@type\":\"BreadcrumbList\",\"@id\":\"https:\/\/www.macapflag.com\/blog\/movember-quand-la-moustache-devient-symbole-de-sante-masculine\/#breadcrumb\",\"itemListElement\":[{\"@type\":\"ListItem\",\"position\":1,\"name\":\"Accueil\",\"item\":\"https:\/\/www.macapflag.com\/blog\/\"},{\"@type\":\"ListItem\",\"position\":2,\"name\":\"Movember : quand la moustache devient symbole de sant\u00e9 masculine\"}]},{\"@type\":\"WebSite\",\"@id\":\"https:\/\/www.macapflag.com\/blog\/#website\",\"url\":\"https:\/\/www.macapflag.com\/blog\/\",\"name\":\"Blog - Macap\",\"description\":\"Tous nos articles\",\"publisher\":{\"@id\":\"https:\/\/www.macapflag.com\/blog\/#organization\"},\"potentialAction\":[{\"@type\":\"SearchAction\",\"target\":{\"@type\":\"EntryPoint\",\"urlTemplate\":\"https:\/\/www.macapflag.com\/blog\/?s={search_term_string}\"},\"query-input\":{\"@type\":\"PropertyValueSpecification\",\"valueRequired\":true,\"valueName\":\"search_term_string\"}}],\"inLanguage\":\"fr-FR\"},{\"@type\":\"Organization\",\"@id\":\"https:\/\/www.macapflag.com\/blog\/#organization\",\"name\":\"macapflag\",\"url\":\"https:\/\/www.macapflag.com\/blog\/\",\"logo\":{\"@type\":\"ImageObject\",\"inLanguage\":\"fr-FR\",\"@id\":\"https:\/\/www.macapflag.com\/blog\/#\/schema\/logo\/image\/\",\"url\":\"https:\/\/www.macapflag.com\/blog\/wp-content\/uploads\/2020\/12\/cropped-M-512-1.png\",\"contentUrl\":\"https:\/\/www.macapflag.com\/blog\/wp-content\/uploads\/2020\/12\/cropped-M-512-1.png\",\"width\":512,\"height\":512,\"caption\":\"macapflag\"},\"image\":{\"@id\":\"https:\/\/www.macapflag.com\/blog\/#\/schema\/logo\/image\/\"},\"sameAs\":[\"https:\/\/www.facebook.com\/macap.pavoisement\/\",\"https:\/\/www.instagram.com\/macapflag\/?hl=fr\",\"https:\/\/www.linkedin.com\/company\/macap\/?originalSubdomain=fr\",\"https:\/\/www.youtube.com\/channel\/UCXNzTIdZh9poEBjSXEqDtNw\"]},{\"@type\":\"Person\",\"@id\":\"https:\/\/www.macapflag.com\/blog\/#\/schema\/person\/3fea701f2603875e651e6b662578fc3c\",\"name\":\"Blog Macap\",\"image\":{\"@type\":\"ImageObject\",\"inLanguage\":\"fr-FR\",\"@id\":\"https:\/\/www.macapflag.com\/blog\/#\/schema\/person\/image\/\",\"url\":\"https:\/\/secure.gravatar.com\/avatar\/c12551f2dc51f0db049633b03e7856985477a70da834cc8967dea4ce54bdd6a2?s=96&d=mm&r=g\",\"contentUrl\":\"https:\/\/secure.gravatar.com\/avatar\/c12551f2dc51f0db049633b03e7856985477a70da834cc8967dea4ce54bdd6a2?s=96&d=mm&r=g\",\"caption\":\"Blog Macap\"},\"url\":\"https:\/\/www.macapflag.com\/blog\/author\/macap\/\"}]}<\/script>\n<!-- \/ Yoast SEO plugin. -->","yoast_head_json":{"title":"Movember : quand la moustache devient symbole de sant\u00e9 masculine - Blog - Macap","robots":{"index":"index","follow":"follow","max-snippet":"max-snippet:-1","max-image-preview":"max-image-preview:large","max-video-preview":"max-video-preview:-1"},"canonical":"https:\/\/www.macapflag.com\/blog\/movember-quand-la-moustache-devient-symbole-de-sante-masculine\/","og_locale":"fr_FR","og_type":"article","og_title":"Movember : quand la moustache devient symbole de sant\u00e9 masculine - Blog - Macap","og_description":"Chaque mois de novembre, un ph\u00e9nom\u00e8ne poilu et solidaire prend d\u2019assaut les visages d\u2019hommes \u00e0 travers le monde : Movember. Plus qu\u2019une simple tendance ou un d\u00e9fi entre amis, Movember est un v\u00e9ritable mouvement mondial de sensibilisation \u00e0 la sant\u00e9 masculine. Derri\u00e8re chaque moustache cultiv\u00e9e se cache un message fort, un engagement pour la cause. &hellip;","og_url":"https:\/\/www.macapflag.com\/blog\/movember-quand-la-moustache-devient-symbole-de-sante-masculine\/","og_site_name":"Blog - Macap","article_publisher":"https:\/\/www.facebook.com\/macap.pavoisement\/","article_published_time":"2025-11-03T07:00:00+00:00","og_image":[{"width":870,"height":600,"url":"https:\/\/www.macapflag.com\/blog\/wp-content\/uploads\/2025\/10\/Titre_Movember_origines_et_idees.jpg","type":"image\/jpeg"}],"author":"Blog Macap","twitter_card":"summary_large_image","twitter_misc":{"\u00c9crit par":"Blog Macap","Dur\u00e9e de lecture estim\u00e9e":"4 minutes"},"schema":{"@context":"https:\/\/schema.org","@graph":[{"@type":"Article","@id":"https:\/\/www.macapflag.com\/blog\/movember-quand-la-moustache-devient-symbole-de-sante-masculine\/#article","isPartOf":{"@id":"https:\/\/www.macapflag.com\/blog\/movember-quand-la-moustache-devient-symbole-de-sante-masculine\/"},"author":{"name":"Blog Macap","@id":"https:\/\/www.macapflag.com\/blog\/#\/schema\/person\/3fea701f2603875e651e6b662578fc3c"},"headline":"Movember : quand la moustache devient symbole de sant\u00e9 masculine","datePublished":"2025-11-03T07:00:00+00:00","mainEntityOfPage":{"@id":"https:\/\/www.macapflag.com\/blog\/movember-quand-la-moustache-devient-symbole-de-sante-masculine\/"},"wordCount":769,"publisher":{"@id":"https:\/\/www.macapflag.com\/blog\/#organization"},"image":{"@id":"https:\/\/www.macapflag.com\/blog\/movember-quand-la-moustache-devient-symbole-de-sante-masculine\/#primaryimage"},"thumbnailUrl":"https:\/\/www.macapflag.com\/blog\/wp-content\/uploads\/2025\/10\/Titre_Movember_origines_et_idees.jpg","articleSection":["Le monde de la Com'"],"inLanguage":"fr-FR"},{"@type":"WebPage","@id":"https:\/\/www.macapflag.com\/blog\/movember-quand-la-moustache-devient-symbole-de-sante-masculine\/","url":"https:\/\/www.macapflag.com\/blog\/movember-quand-la-moustache-devient-symbole-de-sante-masculine\/","name":"Movember : quand la moustache devient symbole de sant\u00e9 masculine - Blog - Macap","isPartOf":{"@id":"https:\/\/www.macapflag.com\/blog\/#website"},"primaryImageOfPage":{"@id":"https:\/\/www.macapflag.com\/blog\/movember-quand-la-moustache-devient-symbole-de-sante-masculine\/#primaryimage"},"image":{"@id":"https:\/\/www.macapflag.com\/blog\/movember-quand-la-moustache-devient-symbole-de-sante-masculine\/#primaryimage"},"thumbnailUrl":"https:\/\/www.macapflag.com\/blog\/wp-content\/uploads\/2025\/10\/Titre_Movember_origines_et_idees.jpg","datePublished":"2025-11-03T07:00:00+00:00","breadcrumb":{"@id":"https:\/\/www.macapflag.com\/blog\/movember-quand-la-moustache-devient-symbole-de-sante-masculine\/#breadcrumb"},"inLanguage":"fr-FR","potentialAction":[{"@type":"ReadAction","target":["https:\/\/www.macapflag.com\/blog\/movember-quand-la-moustache-devient-symbole-de-sante-masculine\/"]}]},{"@type":"ImageObject","inLanguage":"fr-FR","@id":"https:\/\/www.macapflag.com\/blog\/movember-quand-la-moustache-devient-symbole-de-sante-masculine\/#primaryimage","url":"https:\/\/www.macapflag.com\/blog\/wp-content\/uploads\/2025\/10\/Titre_Movember_origines_et_idees.jpg","contentUrl":"https:\/\/www.macapflag.com\/blog\/wp-content\/uploads\/2025\/10\/Titre_Movember_origines_et_idees.jpg","width":870,"height":600,"caption":"Movember origines et id\u00e9es"},{"@type":"BreadcrumbList","@id":"https:\/\/www.macapflag.com\/blog\/movember-quand-la-moustache-devient-symbole-de-sante-masculine\/#breadcrumb","itemListElement":[{"@type":"ListItem","position":1,"name":"Accueil","item":"https:\/\/www.macapflag.com\/blog\/"},{"@type":"ListItem","position":2,"name":"Movember : quand la moustache devient symbole de sant\u00e9 masculine"}]},{"@type":"WebSite","@id":"https:\/\/www.macapflag.com\/blog\/#website","url":"https:\/\/www.macapflag.com\/blog\/","name":"Blog - Macap","description":"Tous nos articles","publisher":{"@id":"https:\/\/www.macapflag.com\/blog\/#organization"},"potentialAction":[{"@type":"SearchAction","target":{"@type":"EntryPoint","urlTemplate":"https:\/\/www.macapflag.com\/blog\/?s={search_term_string}"},"query-input":{"@type":"PropertyValueSpecification","valueRequired":true,"valueName":"search_term_string"}}],"inLanguage":"fr-FR"},{"@type":"Organization","@id":"https:\/\/www.macapflag.com\/blog\/#organization","name":"macapflag","url":"https:\/\/www.macapflag.com\/blog\/","logo":{"@type":"ImageObject","inLanguage":"fr-FR","@id":"https:\/\/www.macapflag.com\/blog\/#\/schema\/logo\/image\/","url":"https:\/\/www.macapflag.com\/blog\/wp-content\/uploads\/2020\/12\/cropped-M-512-1.png","contentUrl":"https:\/\/www.macapflag.com\/blog\/wp-content\/uploads\/2020\/12\/cropped-M-512-1.png","width":512,"height":512,"caption":"macapflag"},"image":{"@id":"https:\/\/www.macapflag.com\/blog\/#\/schema\/logo\/image\/"},"sameAs":["https:\/\/www.facebook.com\/macap.pavoisement\/","https:\/\/www.instagram.com\/macapflag\/?hl=fr","https:\/\/www.linkedin.com\/company\/macap\/?originalSubdomain=fr","https:\/\/www.youtube.com\/channel\/UCXNzTIdZh9poEBjSXEqDtNw"]},{"@type":"Person","@id":"https:\/\/www.macapflag.com\/blog\/#\/schema\/person\/3fea701f2603875e651e6b662578fc3c","name":"Blog Macap","image":{"@type":"ImageObject","inLanguage":"fr-FR","@id":"https:\/\/www.macapflag.com\/blog\/#\/schema\/person\/image\/","url":"https:\/\/secure.gravatar.com\/avatar\/c12551f2dc51f0db049633b03e7856985477a70da834cc8967dea4ce54bdd6a2?s=96&d=mm&r=g","contentUrl":"https:\/\/secure.gravatar.com\/avatar\/c12551f2dc51f0db049633b03e7856985477a70da834cc8967dea4ce54bdd6a2?s=96&d=mm&r=g","caption":"Blog Macap"},"url":"https:\/\/www.macapflag.com\/blog\/author\/macap\/"}]}},"_links":{"self":[{"href":"https:\/\/www.macapflag.com\/blog\/wp-json\/wp\/v2\/posts\/21553","targetHints":{"allow":["GET"]}}],"collection":[{"href":"https:\/\/www.macapflag.com\/blog\/wp-json\/wp\/v2\/posts"}],"about":[{"href":"https:\/\/www.macapflag.com\/blog\/wp-json\/wp\/v2\/types\/post"}],"author":[{"embeddable":true,"href":"https:\/\/www.macapflag.com\/blog\/wp-json\/wp\/v2\/users\/2"}],"replies":[{"embeddable":true,"href":"https:\/\/www.macapflag.com\/blog\/wp-json\/wp\/v2\/comments?post=21553"}],"version-history":[{"count":5,"href":"https:\/\/www.macapflag.com\/blog\/wp-json\/wp\/v2\/posts\/21553\/revisions"}],"predecessor-version":[{"id":21560,"href":"https:\/\/www.macapflag.com\/blog\/wp-json\/wp\/v2\/posts\/21553\/revisions\/21560"}],"wp:featuredmedia":[{"embeddable":true,"href":"https:\/\/www.macapflag.com\/blog\/wp-json\/wp\/v2\/media\/21552"}],"wp:attachment":[{"href":"https:\/\/www.macapflag.com\/blog\/wp-json\/wp\/v2\/media?parent=21553"}],"wp:term":[{"taxonomy":"category","embeddable":true,"href":"https:\/\/www.macapflag.com\/blog\/wp-json\/wp\/v2\/categories?post=21553"},{"taxonomy":"post_tag","embeddable":true,"href":"https:\/\/www.macapflag.com\/blog\/wp-json\/wp\/v2\/tags?post=21553"}],"curies":[{"name":"wp","href":"https:\/\/api.w.org\/{rel}","templated":true}]}}