{"id":2187,"date":"2018-08-06T09:49:18","date_gmt":"2018-08-06T07:49:18","guid":{"rendered":"https:\/\/www.macapflag.com\/blog\/?p=2187"},"modified":"2021-02-23T16:06:44","modified_gmt":"2021-02-23T15:06:44","slug":"salons-imprimerie-communication-france-monde-2018","status":"publish","type":"post","link":"https:\/\/www.macapflag.com\/blog\/salons-imprimerie-communication-france-monde-2018\/","title":{"rendered":"Salons professionnels Imprimerie et Communication &#8211; France &#038; Monde 2\u00e8me Semestre 2018"},"content":{"rendered":"\t\t<div data-elementor-type=\"wp-post\" data-elementor-id=\"2187\" class=\"elementor elementor-2187\">\n\t\t\t\t\t\t<section class=\"elementor-section elementor-top-section elementor-element elementor-element-7eb4c18 elementor-hidden-tablet elementor-hidden-phone elementor-section-boxed elementor-section-height-default elementor-section-height-default\" data-id=\"7eb4c18\" data-element_type=\"section\">\n\t\t\t\t\t\t<div class=\"elementor-container elementor-column-gap-default\">\n\t\t\t\t\t<div class=\"elementor-column elementor-col-100 elementor-top-column elementor-element elementor-element-13aa69e\" data-id=\"13aa69e\" data-element_type=\"column\">\n\t\t\t<div class=\"elementor-widget-wrap elementor-element-populated\">\n\t\t\t\t\t\t<div class=\"elementor-element elementor-element-083e38d elementor-widget elementor-widget-text-editor\" data-id=\"083e38d\" data-element_type=\"widget\" data-widget_type=\"text-editor.default\">\n\t\t\t\t<div class=\"elementor-widget-container\">\n\t\t\t\t\t\t\t\t\t<h2 style=\"text-align: center;\"><span style=\"font-size: 30pt;\"><strong><span style=\"color: #000000;\">Salons professionnels en FRANCE Septembre, Octobre, Novembre, D\u00e9cembre\u00a0<\/span><\/strong><strong>2018<\/strong><\/span><\/h2>\t\t\t\t\t\t\t\t<\/div>\n\t\t\t\t<\/div>\n\t\t\t\t\t<\/div>\n\t\t<\/div>\n\t\t\t\t\t<\/div>\n\t\t<\/section>\n\t\t\t\t<section class=\"elementor-section elementor-top-section elementor-element elementor-element-f60fa7d elementor-hidden-desktop elementor-section-boxed elementor-section-height-default elementor-section-height-default\" data-id=\"f60fa7d\" data-element_type=\"section\">\n\t\t\t\t\t\t<div class=\"elementor-container elementor-column-gap-default\">\n\t\t\t\t\t<div class=\"elementor-column elementor-col-100 elementor-top-column elementor-element elementor-element-964ec37\" data-id=\"964ec37\" data-element_type=\"column\">\n\t\t\t<div class=\"elementor-widget-wrap elementor-element-populated\">\n\t\t\t\t\t\t<div class=\"elementor-element elementor-element-a8d9664 elementor-hidden-desktop elementor-widget elementor-widget-text-editor\" data-id=\"a8d9664\" data-element_type=\"widget\" data-widget_type=\"text-editor.default\">\n\t\t\t\t<div class=\"elementor-widget-container\">\n\t\t\t\t\t\t\t\t\t<h2 style=\"text-align: center;\"><span style=\"font-size: 24pt;\"><strong><span style=\"color: #000000;\">Salons professionnels en FRANCE Septembre, Octobre, Novembre, D\u00e9cembre\u00a0<\/span><\/strong><strong>2018<\/strong><\/span><\/h2>\t\t\t\t\t\t\t\t<\/div>\n\t\t\t\t<\/div>\n\t\t\t\t\t<\/div>\n\t\t<\/div>\n\t\t\t\t\t<\/div>\n\t\t<\/section>\n\t\t\t\t<section class=\"elementor-section elementor-top-section elementor-element elementor-element-dbc8f49 elementor-section-boxed elementor-section-height-default elementor-section-height-default\" data-id=\"dbc8f49\" data-element_type=\"section\">\n\t\t\t\t\t\t<div class=\"elementor-container elementor-column-gap-default\">\n\t\t\t\t\t<div class=\"elementor-column elementor-col-100 elementor-top-column elementor-element elementor-element-819ce55\" data-id=\"819ce55\" data-element_type=\"column\">\n\t\t\t<div class=\"elementor-widget-wrap elementor-element-populated\">\n\t\t\t\t\t\t<div class=\"elementor-element elementor-element-79172a5 elementor-widget elementor-widget-spacer\" data-id=\"79172a5\" data-element_type=\"widget\" data-widget_type=\"spacer.default\">\n\t\t\t\t<div class=\"elementor-widget-container\">\n\t\t\t\t\t\t\t<div class=\"elementor-spacer\">\n\t\t\t<div class=\"elementor-spacer-inner\"><\/div>\n\t\t<\/div>\n\t\t\t\t\t\t<\/div>\n\t\t\t\t<\/div>\n\t\t\t\t\t<\/div>\n\t\t<\/div>\n\t\t\t\t\t<\/div>\n\t\t<\/section>\n\t\t\t\t<section class=\"elementor-section elementor-top-section elementor-element elementor-element-b20b543 elementor-hidden-desktop elementor-section-boxed elementor-section-height-default elementor-section-height-default elementor-invisible\" data-id=\"b20b543\" data-element_type=\"section\" data-settings=\"{&quot;animation&quot;:&quot;fadeInDown&quot;}\">\n\t\t\t\t\t\t<div class=\"elementor-container elementor-column-gap-default\">\n\t\t\t\t\t<div class=\"elementor-column elementor-col-100 elementor-top-column elementor-element elementor-element-c5bac5a\" data-id=\"c5bac5a\" data-element_type=\"column\">\n\t\t\t<div class=\"elementor-widget-wrap elementor-element-populated\">\n\t\t\t\t\t\t<div class=\"elementor-element elementor-element-313ce3c elementor-widget elementor-widget-text-editor\" data-id=\"313ce3c\" data-element_type=\"widget\" data-widget_type=\"text-editor.default\">\n\t\t\t\t<div class=\"elementor-widget-container\">\n\t\t\t\t\t\t\t\t\t<p style=\"text-align: center;\"><a href=\"https:\/\/www.parisretailweek.com\/\" target=\"_blank\" rel=\"noopener\"><img decoding=\"async\" class=\"alignnone wp-image-2199 size-medium\" src=\"https:\/\/www.macapflag.com\/blog\/wp-content\/uploads\/2018\/07\/salon-professionnel-paris-retail-week-e-commerce-2018-macap-300x74.jpg\" alt=\"\" width=\"300\" height=\"74\" srcset=\"https:\/\/www.macapflag.com\/blog\/wp-content\/uploads\/2018\/07\/salon-professionnel-paris-retail-week-e-commerce-2018-macap-300x74.jpg 300w, https:\/\/www.macapflag.com\/blog\/wp-content\/uploads\/2018\/07\/salon-professionnel-paris-retail-week-e-commerce-2018-macap.jpg 455w\" sizes=\"(max-width: 300px) 100vw, 300px\" \/><\/a><span style=\"color: #000000; font-size: 12pt;\"><br \/><span style=\"font-size: 18pt;\"><strong><a href=\"https:\/\/www.parisretailweek.com\/\" target=\"_blank\" rel=\"noopener\"><span style=\"color: #3366ff;\">Paris retail week e-commerce<\/span><\/a><\/strong><\/span><\/span><\/p><p style=\"text-align: center;\"><span style=\"font-size: 14pt; color: #000000;\"><strong>Paris expo Portes de Versailles<\/strong><\/span><br \/><span style=\"font-size: 14pt; color: #000000;\"><strong>Du 10 au 12 Septembre 2018<\/strong><\/span><\/p><p style=\"text-align: justify;\"><span style=\"color: #000000; font-size: 14pt;\">Paris Retail Week pr\u00e9sente son\u00a0secteur E-Commerce, d\u00e9di\u00e9 aux\u00a0solutions pour les e-commer\u00e7ants, du marketing digital \u00e0 la logistique.<\/span><\/p>\t\t\t\t\t\t\t\t<\/div>\n\t\t\t\t<\/div>\n\t\t\t\t\t<\/div>\n\t\t<\/div>\n\t\t\t\t\t<\/div>\n\t\t<\/section>\n\t\t\t\t<section class=\"elementor-section elementor-top-section elementor-element elementor-element-df7f884 elementor-hidden-tablet elementor-hidden-phone elementor-section-boxed elementor-section-height-default elementor-section-height-default\" data-id=\"df7f884\" data-element_type=\"section\">\n\t\t\t\t\t\t<div class=\"elementor-container elementor-column-gap-default\">\n\t\t\t\t\t<div class=\"elementor-column elementor-col-50 elementor-top-column elementor-element elementor-element-d55522e\" data-id=\"d55522e\" data-element_type=\"column\">\n\t\t\t<div class=\"elementor-widget-wrap elementor-element-populated\">\n\t\t\t\t\t\t<div class=\"elementor-element elementor-element-8d9187a animated-slow elementor-invisible elementor-widget elementor-widget-text-editor\" data-id=\"8d9187a\" data-element_type=\"widget\" data-settings=\"{&quot;_animation&quot;:&quot;fadeInLeft&quot;}\" data-widget_type=\"text-editor.default\">\n\t\t\t\t<div class=\"elementor-widget-container\">\n\t\t\t\t\t\t\t\t\t<p><a href=\"https:\/\/www.parisretailweek.com\/\" target=\"_blank\" rel=\"noopener\"><img fetchpriority=\"high\" decoding=\"async\" class=\"aligncenter wp-image-2199\" src=\"https:\/\/www.macapflag.com\/blog\/wp-content\/uploads\/2018\/07\/salon-professionnel-paris-retail-week-e-commerce-2018-macap-300x74.jpg\" alt=\"\" width=\"691\" height=\"171\" srcset=\"https:\/\/www.macapflag.com\/blog\/wp-content\/uploads\/2018\/07\/salon-professionnel-paris-retail-week-e-commerce-2018-macap-300x74.jpg 300w, https:\/\/www.macapflag.com\/blog\/wp-content\/uploads\/2018\/07\/salon-professionnel-paris-retail-week-e-commerce-2018-macap.jpg 455w\" sizes=\"(max-width: 691px) 100vw, 691px\" \/><\/a><\/p>\t\t\t\t\t\t\t\t<\/div>\n\t\t\t\t<\/div>\n\t\t\t\t\t<\/div>\n\t\t<\/div>\n\t\t\t\t<div class=\"elementor-column elementor-col-50 elementor-top-column elementor-element elementor-element-86479b7\" data-id=\"86479b7\" data-element_type=\"column\">\n\t\t\t<div class=\"elementor-widget-wrap elementor-element-populated\">\n\t\t\t\t\t\t<div class=\"elementor-element elementor-element-c3a995b animated-slow elementor-invisible elementor-widget elementor-widget-text-editor\" data-id=\"c3a995b\" data-element_type=\"widget\" data-settings=\"{&quot;_animation&quot;:&quot;fadeInRight&quot;}\" data-widget_type=\"text-editor.default\">\n\t\t\t\t<div class=\"elementor-widget-container\">\n\t\t\t\t\t\t\t\t\t<p style=\"text-align: center;\"><span style=\"font-size: 24pt;\"><strong><span style=\"color: #000000;\"><a href=\"https:\/\/www.parisretailweek.com\/\" target=\"_blank\" rel=\"noopener\"><span style=\"color: #3366ff;\">Paris retail week e-commerce<\/span><\/a><\/span><\/strong><\/span><\/p><p style=\"text-align: center;\"><span style=\"color: #000000; font-size: 14pt;\"><strong>Paris expo Portes de Versailles<\/strong><\/span><br \/><span style=\"color: #000000; font-size: 14pt;\"><strong>Du 10 au 12 Septembre 2018<\/strong><\/span><\/p><p style=\"text-align: justify;\"><span style=\"color: #000000; font-size: 14pt;\">Paris Retail Week pr\u00e9sente son\u00a0secteur E-Commerce, d\u00e9di\u00e9 aux\u00a0solutions pour les e-commer\u00e7ants, du marketing digital \u00e0 la logistique.<\/span><\/p>\t\t\t\t\t\t\t\t<\/div>\n\t\t\t\t<\/div>\n\t\t\t\t\t<\/div>\n\t\t<\/div>\n\t\t\t\t\t<\/div>\n\t\t<\/section>\n\t\t\t\t<section class=\"elementor-section elementor-top-section elementor-element elementor-element-6562757 elementor-section-boxed elementor-section-height-default elementor-section-height-default\" data-id=\"6562757\" data-element_type=\"section\">\n\t\t\t\t\t\t<div class=\"elementor-container elementor-column-gap-default\">\n\t\t\t\t\t<div class=\"elementor-column elementor-col-100 elementor-top-column elementor-element elementor-element-cbed578\" data-id=\"cbed578\" data-element_type=\"column\">\n\t\t\t<div class=\"elementor-widget-wrap elementor-element-populated\">\n\t\t\t\t\t\t<div class=\"elementor-element elementor-element-592ce01 elementor-widget elementor-widget-spacer\" data-id=\"592ce01\" data-element_type=\"widget\" data-widget_type=\"spacer.default\">\n\t\t\t\t<div class=\"elementor-widget-container\">\n\t\t\t\t\t\t\t<div class=\"elementor-spacer\">\n\t\t\t<div class=\"elementor-spacer-inner\"><\/div>\n\t\t<\/div>\n\t\t\t\t\t\t<\/div>\n\t\t\t\t<\/div>\n\t\t\t\t\t<\/div>\n\t\t<\/div>\n\t\t\t\t\t<\/div>\n\t\t<\/section>\n\t\t\t\t<section class=\"elementor-section elementor-top-section elementor-element elementor-element-6869523 elementor-hidden-desktop elementor-section-boxed elementor-section-height-default elementor-section-height-default elementor-invisible\" data-id=\"6869523\" data-element_type=\"section\" data-settings=\"{&quot;animation&quot;:&quot;fadeInDown&quot;}\">\n\t\t\t\t\t\t<div class=\"elementor-container elementor-column-gap-default\">\n\t\t\t\t\t<div class=\"elementor-column elementor-col-100 elementor-top-column elementor-element elementor-element-6863d73\" data-id=\"6863d73\" data-element_type=\"column\">\n\t\t\t<div class=\"elementor-widget-wrap elementor-element-populated\">\n\t\t\t\t\t\t<div class=\"elementor-element elementor-element-ffb53a0 elementor-widget elementor-widget-text-editor\" data-id=\"ffb53a0\" data-element_type=\"widget\" data-widget_type=\"text-editor.default\">\n\t\t\t\t<div class=\"elementor-widget-container\">\n\t\t\t\t\t\t\t\t\t<p style=\"text-align: center;\"><a href=\"https:\/\/www.parisretailweek.com\/\" target=\"_blank\" rel=\"noopener\"><img decoding=\"async\" class=\"alignnone wp-image-2200 size-medium\" src=\"https:\/\/www.macapflag.com\/blog\/wp-content\/uploads\/2018\/07\/salon-professionnel-paris-retail-week-equipmag-2018-macap-300x78.jpg\" alt=\"\" width=\"300\" height=\"78\" srcset=\"https:\/\/www.macapflag.com\/blog\/wp-content\/uploads\/2018\/07\/salon-professionnel-paris-retail-week-equipmag-2018-macap-300x78.jpg 300w, https:\/\/www.macapflag.com\/blog\/wp-content\/uploads\/2018\/07\/salon-professionnel-paris-retail-week-equipmag-2018-macap-1024x268.jpg 1024w, https:\/\/www.macapflag.com\/blog\/wp-content\/uploads\/2018\/07\/salon-professionnel-paris-retail-week-equipmag-2018-macap-768x201.jpg 768w, https:\/\/www.macapflag.com\/blog\/wp-content\/uploads\/2018\/07\/salon-professionnel-paris-retail-week-equipmag-2018-macap-1536x401.jpg 1536w, https:\/\/www.macapflag.com\/blog\/wp-content\/uploads\/2018\/07\/salon-professionnel-paris-retail-week-equipmag-2018-macap-2048x535.jpg 2048w, https:\/\/www.macapflag.com\/blog\/wp-content\/uploads\/2018\/07\/salon-professionnel-paris-retail-week-equipmag-2018-macap-696x182.jpg 696w, https:\/\/www.macapflag.com\/blog\/wp-content\/uploads\/2018\/07\/salon-professionnel-paris-retail-week-equipmag-2018-macap-1068x279.jpg 1068w, https:\/\/www.macapflag.com\/blog\/wp-content\/uploads\/2018\/07\/salon-professionnel-paris-retail-week-equipmag-2018-macap-1607x420.jpg 1607w\" sizes=\"(max-width: 300px) 100vw, 300px\" \/><\/a><span style=\"color: #000000; font-size: 12pt;\"><br \/><strong><span style=\"font-size: 18pt;\"><a href=\"https:\/\/www.parisretailweek.com\/\" target=\"_blank\" rel=\"noopener\"><span style=\"color: #3366ff;\">Paris retail week Equipmag<\/span><\/a><\/span><\/strong><\/span><\/p><p style=\"text-align: center;\"><strong><span style=\"font-size: 14pt; color: #000000;\">Paris expo Portes de Versailles<\/span><\/strong><br \/><strong><span style=\"color: #000000; font-size: 14pt;\">Du 10 au 12 Septembre 2018<\/span><\/strong><\/p><p style=\"text-align: justify;\"><span style=\"color: #000000; font-size: 14pt;\">Paris Retail Week pr\u00e9sente son\u00a0offre Equipmag \/ Store, consacr\u00e9e aux am\u00e9nagements, \u00e9quipements et technologies de surfaces de vente. Retrouvez toutes les solutions pour accompagner les enseignes dans la cr\u00e9ation, la gestion et l&#8217;optimisation de leur activit\u00e9.<\/span><\/p>\t\t\t\t\t\t\t\t<\/div>\n\t\t\t\t<\/div>\n\t\t\t\t\t<\/div>\n\t\t<\/div>\n\t\t\t\t\t<\/div>\n\t\t<\/section>\n\t\t\t\t<section class=\"elementor-section elementor-top-section elementor-element elementor-element-7372269 elementor-hidden-tablet elementor-hidden-phone elementor-section-boxed elementor-section-height-default elementor-section-height-default\" data-id=\"7372269\" data-element_type=\"section\">\n\t\t\t\t\t\t<div class=\"elementor-container elementor-column-gap-default\">\n\t\t\t\t\t<div class=\"elementor-column elementor-col-50 elementor-top-column elementor-element elementor-element-c89926e\" data-id=\"c89926e\" data-element_type=\"column\">\n\t\t\t<div class=\"elementor-widget-wrap elementor-element-populated\">\n\t\t\t\t\t\t<div class=\"elementor-element elementor-element-937bdb2 animated-slow elementor-invisible elementor-widget elementor-widget-text-editor\" data-id=\"937bdb2\" data-element_type=\"widget\" data-settings=\"{&quot;_animation&quot;:&quot;fadeInLeft&quot;}\" data-widget_type=\"text-editor.default\">\n\t\t\t\t<div class=\"elementor-widget-container\">\n\t\t\t\t\t\t\t\t\t<p style=\"text-align: center;\"><span style=\"color: #000000; font-size: 24pt;\"><a href=\"https:\/\/www.parisretailweek.com\/\" target=\"_blank\" rel=\"noopener\"><span style=\"color: #3366ff;\"><strong>Paris retail week Equipmag<\/strong><\/span><\/a><\/span><\/p><p style=\"text-align: center;\"><span style=\"font-size: 14pt; color: #000000;\"><strong>Paris expo Portes de Versailles<\/strong><\/span><br \/><span style=\"font-size: 14pt; color: #000000;\"><strong>Du 10 au 12 Septembre 2018<\/strong><\/span><\/p><p style=\"text-align: justify;\"><span style=\"color: #000000; font-size: 14pt;\">Paris Retail Week pr\u00e9sente son\u00a0offre Equipmag \/ Store, consacr\u00e9e aux am\u00e9nagements, \u00e9quipements et technologies de surfaces de vente. Retrouvez toutes les solutions pour accompagner les enseignes dans la cr\u00e9ation, la gestion et l&#8217;optimisation de leur activit\u00e9.<\/span><\/p>\t\t\t\t\t\t\t\t<\/div>\n\t\t\t\t<\/div>\n\t\t\t\t\t<\/div>\n\t\t<\/div>\n\t\t\t\t<div class=\"elementor-column elementor-col-50 elementor-top-column elementor-element elementor-element-78924a5\" data-id=\"78924a5\" data-element_type=\"column\">\n\t\t\t<div class=\"elementor-widget-wrap elementor-element-populated\">\n\t\t\t\t\t\t<div class=\"elementor-element elementor-element-88d2d54 animated-slow elementor-invisible elementor-widget elementor-widget-text-editor\" data-id=\"88d2d54\" data-element_type=\"widget\" data-settings=\"{&quot;_animation&quot;:&quot;fadeInRight&quot;}\" data-widget_type=\"text-editor.default\">\n\t\t\t\t<div class=\"elementor-widget-container\">\n\t\t\t\t\t\t\t\t\t<p><a href=\"https:\/\/www.parisretailweek.com\/\" target=\"_blank\" rel=\"noopener\"><img loading=\"lazy\" decoding=\"async\" class=\"aligncenter wp-image-2200\" src=\"https:\/\/www.macapflag.com\/blog\/wp-content\/uploads\/2018\/07\/salon-professionnel-paris-retail-week-equipmag-2018-macap-300x78.jpg\" alt=\"\" width=\"1019\" height=\"267\" srcset=\"https:\/\/www.macapflag.com\/blog\/wp-content\/uploads\/2018\/07\/salon-professionnel-paris-retail-week-equipmag-2018-macap-300x78.jpg 300w, https:\/\/www.macapflag.com\/blog\/wp-content\/uploads\/2018\/07\/salon-professionnel-paris-retail-week-equipmag-2018-macap-1024x268.jpg 1024w, https:\/\/www.macapflag.com\/blog\/wp-content\/uploads\/2018\/07\/salon-professionnel-paris-retail-week-equipmag-2018-macap-768x201.jpg 768w, https:\/\/www.macapflag.com\/blog\/wp-content\/uploads\/2018\/07\/salon-professionnel-paris-retail-week-equipmag-2018-macap-1536x401.jpg 1536w, https:\/\/www.macapflag.com\/blog\/wp-content\/uploads\/2018\/07\/salon-professionnel-paris-retail-week-equipmag-2018-macap-2048x535.jpg 2048w, https:\/\/www.macapflag.com\/blog\/wp-content\/uploads\/2018\/07\/salon-professionnel-paris-retail-week-equipmag-2018-macap-696x182.jpg 696w, https:\/\/www.macapflag.com\/blog\/wp-content\/uploads\/2018\/07\/salon-professionnel-paris-retail-week-equipmag-2018-macap-1068x279.jpg 1068w, https:\/\/www.macapflag.com\/blog\/wp-content\/uploads\/2018\/07\/salon-professionnel-paris-retail-week-equipmag-2018-macap-1607x420.jpg 1607w\" sizes=\"(max-width: 1019px) 100vw, 1019px\" \/><\/a><\/p>\t\t\t\t\t\t\t\t<\/div>\n\t\t\t\t<\/div>\n\t\t\t\t\t<\/div>\n\t\t<\/div>\n\t\t\t\t\t<\/div>\n\t\t<\/section>\n\t\t\t\t<section class=\"elementor-section elementor-top-section elementor-element elementor-element-2a0ba65 elementor-section-boxed elementor-section-height-default elementor-section-height-default\" data-id=\"2a0ba65\" data-element_type=\"section\">\n\t\t\t\t\t\t<div class=\"elementor-container elementor-column-gap-default\">\n\t\t\t\t\t<div class=\"elementor-column elementor-col-100 elementor-top-column elementor-element elementor-element-a7e9ee1\" data-id=\"a7e9ee1\" data-element_type=\"column\">\n\t\t\t<div class=\"elementor-widget-wrap elementor-element-populated\">\n\t\t\t\t\t\t<div class=\"elementor-element elementor-element-2bc623a elementor-widget elementor-widget-spacer\" data-id=\"2bc623a\" data-element_type=\"widget\" data-widget_type=\"spacer.default\">\n\t\t\t\t<div class=\"elementor-widget-container\">\n\t\t\t\t\t\t\t<div class=\"elementor-spacer\">\n\t\t\t<div class=\"elementor-spacer-inner\"><\/div>\n\t\t<\/div>\n\t\t\t\t\t\t<\/div>\n\t\t\t\t<\/div>\n\t\t\t\t\t<\/div>\n\t\t<\/div>\n\t\t\t\t\t<\/div>\n\t\t<\/section>\n\t\t\t\t<section class=\"elementor-section elementor-top-section elementor-element elementor-element-3a6d778 elementor-hidden-desktop elementor-section-boxed elementor-section-height-default elementor-section-height-default elementor-invisible\" data-id=\"3a6d778\" data-element_type=\"section\" data-settings=\"{&quot;animation&quot;:&quot;fadeInDown&quot;}\">\n\t\t\t\t\t\t<div class=\"elementor-container elementor-column-gap-default\">\n\t\t\t\t\t<div class=\"elementor-column elementor-col-100 elementor-top-column elementor-element elementor-element-0cbc810\" data-id=\"0cbc810\" data-element_type=\"column\">\n\t\t\t<div class=\"elementor-widget-wrap elementor-element-populated\">\n\t\t\t\t\t\t<div class=\"elementor-element elementor-element-7e7cd2c elementor-widget elementor-widget-text-editor\" data-id=\"7e7cd2c\" data-element_type=\"widget\" data-widget_type=\"text-editor.default\">\n\t\t\t\t<div class=\"elementor-widget-container\">\n\t\t\t\t\t\t\t\t\t<p style=\"text-align: center;\"><a href=\"https:\/\/www.parisretailweek.com\/\" target=\"_blank\" rel=\"noopener\"><img loading=\"lazy\" decoding=\"async\" class=\"alignnone wp-image-2198 size-medium\" src=\"https:\/\/www.macapflag.com\/blog\/wp-content\/uploads\/2018\/07\/salon-professionnel-paris-retail-week-digital-in-store-2018-macap-300x115.png\" alt=\"\" width=\"300\" height=\"115\" srcset=\"https:\/\/www.macapflag.com\/blog\/wp-content\/uploads\/2018\/07\/salon-professionnel-paris-retail-week-digital-in-store-2018-macap-300x115.png 300w, https:\/\/www.macapflag.com\/blog\/wp-content\/uploads\/2018\/07\/salon-professionnel-paris-retail-week-digital-in-store-2018-macap.png 305w\" sizes=\"(max-width: 300px) 100vw, 300px\" \/><\/a><span style=\"color: #000000; font-size: 12pt;\"><br \/><span style=\"font-size: 18pt;\"><strong><a href=\"https:\/\/www.parisretailweek.com\/\" target=\"_blank\" rel=\"noopener\"><span style=\"color: #3366ff;\">Paris retail week Digtial [in] Store<\/span><\/a><\/strong><\/span><\/span><\/p><p style=\"text-align: center;\"><span style=\"font-size: 14pt; color: #000000;\"><strong>Paris expo Portes de Versailles<\/strong><\/span><br \/><span style=\"font-size: 14pt; color: #000000;\"><strong>Du 10 au 12 Septembre 2018<\/strong><\/span><\/p><p style=\"text-align: justify;\"><span style=\"font-size: 14pt; color: #000000;\">L&#8217;offre Digital (in) Store fait partie du\u00a0secteur Store \/ Equipmag\u00a0de Paris Retail Week.\u00a0Les professionnels de la distribution pourront trouver toutes les solutions pour am\u00e9liorer le parcours client et optimiser l&#8217;exp\u00e9rience en magasin.<\/span><\/p>\t\t\t\t\t\t\t\t<\/div>\n\t\t\t\t<\/div>\n\t\t\t\t\t<\/div>\n\t\t<\/div>\n\t\t\t\t\t<\/div>\n\t\t<\/section>\n\t\t\t\t<section class=\"elementor-section elementor-top-section elementor-element elementor-element-7838779 elementor-hidden-tablet elementor-hidden-phone elementor-section-boxed elementor-section-height-default elementor-section-height-default\" data-id=\"7838779\" data-element_type=\"section\">\n\t\t\t\t\t\t<div class=\"elementor-container elementor-column-gap-default\">\n\t\t\t\t\t<div class=\"elementor-column elementor-col-50 elementor-top-column elementor-element elementor-element-104edae\" data-id=\"104edae\" data-element_type=\"column\">\n\t\t\t<div class=\"elementor-widget-wrap elementor-element-populated\">\n\t\t\t\t\t\t<div class=\"elementor-element elementor-element-213a42f animated-slow elementor-invisible elementor-widget elementor-widget-text-editor\" data-id=\"213a42f\" data-element_type=\"widget\" data-settings=\"{&quot;_animation&quot;:&quot;fadeInLeft&quot;}\" data-widget_type=\"text-editor.default\">\n\t\t\t\t<div class=\"elementor-widget-container\">\n\t\t\t\t\t\t\t\t\t<p><a href=\"https:\/\/www.parisretailweek.com\/\" target=\"_blank\" rel=\"noopener\"><img loading=\"lazy\" decoding=\"async\" class=\"aligncenter wp-image-2198\" src=\"https:\/\/www.macapflag.com\/blog\/wp-content\/uploads\/2018\/07\/salon-professionnel-paris-retail-week-digital-in-store-2018-macap-300x115.png\" alt=\"\" width=\"552\" height=\"213\" srcset=\"https:\/\/www.macapflag.com\/blog\/wp-content\/uploads\/2018\/07\/salon-professionnel-paris-retail-week-digital-in-store-2018-macap-300x115.png 300w, https:\/\/www.macapflag.com\/blog\/wp-content\/uploads\/2018\/07\/salon-professionnel-paris-retail-week-digital-in-store-2018-macap.png 305w\" sizes=\"(max-width: 552px) 100vw, 552px\" \/><\/a><\/p>\t\t\t\t\t\t\t\t<\/div>\n\t\t\t\t<\/div>\n\t\t\t\t\t<\/div>\n\t\t<\/div>\n\t\t\t\t<div class=\"elementor-column elementor-col-50 elementor-top-column elementor-element elementor-element-22f523e\" data-id=\"22f523e\" data-element_type=\"column\">\n\t\t\t<div class=\"elementor-widget-wrap elementor-element-populated\">\n\t\t\t\t\t\t<div class=\"elementor-element elementor-element-907abcd animated-slow elementor-invisible elementor-widget elementor-widget-text-editor\" data-id=\"907abcd\" data-element_type=\"widget\" data-settings=\"{&quot;_animation&quot;:&quot;fadeInRight&quot;}\" data-widget_type=\"text-editor.default\">\n\t\t\t\t<div class=\"elementor-widget-container\">\n\t\t\t\t\t\t\t\t\t<p style=\"text-align: center;\"><span style=\"color: #000000; font-size: 24pt;\"><strong><a href=\"https:\/\/www.parisretailweek.com\/\" target=\"_blank\" rel=\"noopener\"><span style=\"color: #3366ff;\">Paris retail week Digtial [in] Store<\/span><\/a><\/strong><\/span><\/p><p style=\"text-align: center;\"><span style=\"font-size: 14pt; color: #000000;\"><strong>Paris expo Portes de Versailles<\/strong><\/span><br \/><span style=\"font-size: 14pt; color: #000000;\"><strong>Du 10 au 12 Septembre 2018<\/strong><\/span><\/p><p style=\"text-align: justify;\"><span style=\"font-size: 14pt; color: #000000;\">L&#8217;offre Digital (in) Store fait partie du\u00a0secteur Store \/ Equipmag\u00a0de Paris Retail Week.\u00a0Les professionnels de la distribution pourront trouver toutes les solutions pour am\u00e9liorer le parcours client et optimiser l&#8217;exp\u00e9rience en magasin.<\/span><\/p>\t\t\t\t\t\t\t\t<\/div>\n\t\t\t\t<\/div>\n\t\t\t\t\t<\/div>\n\t\t<\/div>\n\t\t\t\t\t<\/div>\n\t\t<\/section>\n\t\t\t\t<section class=\"elementor-section elementor-top-section elementor-element elementor-element-3c9259d elementor-section-boxed elementor-section-height-default elementor-section-height-default\" data-id=\"3c9259d\" data-element_type=\"section\">\n\t\t\t\t\t\t<div class=\"elementor-container elementor-column-gap-default\">\n\t\t\t\t\t<div class=\"elementor-column elementor-col-100 elementor-top-column elementor-element elementor-element-1e0c3ce\" data-id=\"1e0c3ce\" data-element_type=\"column\">\n\t\t\t<div class=\"elementor-widget-wrap elementor-element-populated\">\n\t\t\t\t\t\t<div class=\"elementor-element elementor-element-bca8efb elementor-widget elementor-widget-spacer\" data-id=\"bca8efb\" data-element_type=\"widget\" data-widget_type=\"spacer.default\">\n\t\t\t\t<div class=\"elementor-widget-container\">\n\t\t\t\t\t\t\t<div class=\"elementor-spacer\">\n\t\t\t<div class=\"elementor-spacer-inner\"><\/div>\n\t\t<\/div>\n\t\t\t\t\t\t<\/div>\n\t\t\t\t<\/div>\n\t\t\t\t\t<\/div>\n\t\t<\/div>\n\t\t\t\t\t<\/div>\n\t\t<\/section>\n\t\t\t\t<section class=\"elementor-section elementor-top-section elementor-element elementor-element-5d1f01c elementor-hidden-desktop elementor-section-boxed elementor-section-height-default elementor-section-height-default elementor-invisible\" data-id=\"5d1f01c\" data-element_type=\"section\" data-settings=\"{&quot;animation&quot;:&quot;fadeInDown&quot;}\">\n\t\t\t\t\t\t<div class=\"elementor-container elementor-column-gap-default\">\n\t\t\t\t\t<div class=\"elementor-column elementor-col-100 elementor-top-column elementor-element elementor-element-5581c8e\" data-id=\"5581c8e\" data-element_type=\"column\">\n\t\t\t<div class=\"elementor-widget-wrap elementor-element-populated\">\n\t\t\t\t\t\t<div class=\"elementor-element elementor-element-0458a55 elementor-widget elementor-widget-text-editor\" data-id=\"0458a55\" data-element_type=\"widget\" data-widget_type=\"text-editor.default\">\n\t\t\t\t<div class=\"elementor-widget-container\">\n\t\t\t\t\t\t\t\t\t<p style=\"text-align: center;\"><strong><span style=\"color: #000000; font-size: 12pt;\"><span style=\"color: #3366ff; font-size: 14pt;\"><span style=\"font-size: 18pt;\"><a href=\"https:\/\/lemag-ic.fr\/\" target=\"_blank\" rel=\"noopener\"><img loading=\"lazy\" decoding=\"async\" class=\"alignnone wp-image-2201 size-medium\" src=\"https:\/\/www.macapflag.com\/blog\/wp-content\/uploads\/2018\/07\/salon-professionnel-print-in-progress-paris-event-center-2018-macap-300x72.png\" alt=\"\" width=\"300\" height=\"72\" srcset=\"https:\/\/www.macapflag.com\/blog\/wp-content\/uploads\/2018\/07\/salon-professionnel-print-in-progress-paris-event-center-2018-macap-300x72.png 300w, https:\/\/www.macapflag.com\/blog\/wp-content\/uploads\/2018\/07\/salon-professionnel-print-in-progress-paris-event-center-2018-macap.png 597w\" sizes=\"(max-width: 300px) 100vw, 300px\" \/><\/a><br \/><a href=\"https:\/\/lemag-ic.fr\/\" target=\"_blank\" rel=\"noopener\"><span style=\"color: #3366ff;\">Print in Progress<\/span><\/a><\/span><br \/><\/span><br \/><span style=\"font-size: 14pt;\">Paris Event Center, la Vilette<\/span><\/span><\/strong><br \/><span style=\"font-size: 14pt;\"><strong><span style=\"color: #000000;\">Du 10 au 11 Octobre 2018<\/span><\/strong><\/span><\/p><p style=\"text-align: justify;\"><span style=\"color: #000000; font-size: 14pt;\">Salon consacr\u00e9 \u00e0 l&#8217;impression num\u00e9rique \u00e0 Paris. Allant de la personnalisation de masse jusqu&#8217;aux packagings connect\u00e9s, de l\u2019impression num\u00e9rique textile aux techniques de d\u00e9coration communicante, Print In Progress est un salon tr\u00e8s instructif qui vous apprendra des choses \u00e0 coup s\u00fbr.<\/span><\/p>\t\t\t\t\t\t\t\t<\/div>\n\t\t\t\t<\/div>\n\t\t\t\t\t<\/div>\n\t\t<\/div>\n\t\t\t\t\t<\/div>\n\t\t<\/section>\n\t\t\t\t<section class=\"elementor-section elementor-top-section elementor-element elementor-element-eca89ba elementor-hidden-tablet elementor-hidden-phone elementor-section-boxed elementor-section-height-default elementor-section-height-default\" data-id=\"eca89ba\" data-element_type=\"section\">\n\t\t\t\t\t\t<div class=\"elementor-container elementor-column-gap-default\">\n\t\t\t\t\t<div class=\"elementor-column elementor-col-50 elementor-top-column elementor-element elementor-element-99dc0a8\" data-id=\"99dc0a8\" data-element_type=\"column\">\n\t\t\t<div class=\"elementor-widget-wrap elementor-element-populated\">\n\t\t\t\t\t\t<div class=\"elementor-element elementor-element-f31dbcd animated-slow elementor-invisible elementor-widget elementor-widget-text-editor\" data-id=\"f31dbcd\" data-element_type=\"widget\" data-settings=\"{&quot;_animation&quot;:&quot;fadeInLeft&quot;}\" data-widget_type=\"text-editor.default\">\n\t\t\t\t<div class=\"elementor-widget-container\">\n\t\t\t\t\t\t\t\t\t<p style=\"text-align: center;\"><strong><span style=\"color: #000000; font-size: 12pt;\"><span style=\"color: #3366ff; font-size: 14pt;\"><span style=\"font-size: 24pt;\"><a style=\"color: #3366ff;\" href=\"https:\/\/lemag-ic.fr\/\" target=\"_blank\" rel=\"noopener\" data-wplink-edit=\"true\">Print in Progress<\/a><\/span><br \/><\/span><br \/><span style=\"font-size: 14pt;\">Paris Event Center, la Vilette<\/span><\/span><\/strong><br \/><span style=\"font-size: 14pt;\"><strong><span style=\"color: #000000;\">Du 10 au 11 Octobre 2018<\/span><\/strong><\/span><\/p><p style=\"text-align: justify;\"><span style=\"color: #000000; font-size: 14pt;\">Salon consacr\u00e9 \u00e0 l&#8217;impression num\u00e9rique \u00e0 Paris. Allant de la personnalisation de masse jusqu&#8217;aux packagings connect\u00e9s, de l\u2019impression num\u00e9rique textile aux techniques de d\u00e9coration communicante, Print In Progress est un salon tr\u00e8s instructif qui vous apprendra des choses \u00e0 coup s\u00fbr.<\/span><\/p>\t\t\t\t\t\t\t\t<\/div>\n\t\t\t\t<\/div>\n\t\t\t\t\t<\/div>\n\t\t<\/div>\n\t\t\t\t<div class=\"elementor-column elementor-col-50 elementor-top-column elementor-element elementor-element-809cb3c\" data-id=\"809cb3c\" data-element_type=\"column\">\n\t\t\t<div class=\"elementor-widget-wrap elementor-element-populated\">\n\t\t\t\t\t\t<div class=\"elementor-element elementor-element-a55501d animated-slow elementor-invisible elementor-widget elementor-widget-text-editor\" data-id=\"a55501d\" data-element_type=\"widget\" data-settings=\"{&quot;_animation&quot;:&quot;fadeInRight&quot;}\" data-widget_type=\"text-editor.default\">\n\t\t\t\t<div class=\"elementor-widget-container\">\n\t\t\t\t\t\t\t\t\t<p><a href=\"https:\/\/lemag-ic.fr\/\" target=\"_blank\" rel=\"noopener\"><img loading=\"lazy\" decoding=\"async\" class=\"aligncenter wp-image-2201\" src=\"https:\/\/www.macapflag.com\/blog\/wp-content\/uploads\/2018\/07\/salon-professionnel-print-in-progress-paris-event-center-2018-macap-300x72.png\" alt=\"\" width=\"1218\" height=\"290\" srcset=\"https:\/\/www.macapflag.com\/blog\/wp-content\/uploads\/2018\/07\/salon-professionnel-print-in-progress-paris-event-center-2018-macap-300x72.png 300w, https:\/\/www.macapflag.com\/blog\/wp-content\/uploads\/2018\/07\/salon-professionnel-print-in-progress-paris-event-center-2018-macap.png 597w\" sizes=\"(max-width: 1218px) 100vw, 1218px\" \/><\/a><\/p>\t\t\t\t\t\t\t\t<\/div>\n\t\t\t\t<\/div>\n\t\t\t\t\t<\/div>\n\t\t<\/div>\n\t\t\t\t\t<\/div>\n\t\t<\/section>\n\t\t\t\t<section class=\"elementor-section elementor-top-section elementor-element elementor-element-195e480 elementor-section-boxed elementor-section-height-default elementor-section-height-default\" data-id=\"195e480\" data-element_type=\"section\">\n\t\t\t\t\t\t<div class=\"elementor-container elementor-column-gap-default\">\n\t\t\t\t\t<div class=\"elementor-column elementor-col-100 elementor-top-column elementor-element elementor-element-6210257\" data-id=\"6210257\" data-element_type=\"column\">\n\t\t\t<div class=\"elementor-widget-wrap elementor-element-populated\">\n\t\t\t\t\t\t<div class=\"elementor-element elementor-element-3710124 elementor-widget elementor-widget-spacer\" data-id=\"3710124\" data-element_type=\"widget\" data-widget_type=\"spacer.default\">\n\t\t\t\t<div class=\"elementor-widget-container\">\n\t\t\t\t\t\t\t<div class=\"elementor-spacer\">\n\t\t\t<div class=\"elementor-spacer-inner\"><\/div>\n\t\t<\/div>\n\t\t\t\t\t\t<\/div>\n\t\t\t\t<\/div>\n\t\t\t\t\t<\/div>\n\t\t<\/div>\n\t\t\t\t\t<\/div>\n\t\t<\/section>\n\t\t\t\t<section class=\"elementor-section elementor-top-section elementor-element elementor-element-7e501c7 elementor-hidden-tablet elementor-hidden-phone elementor-section-boxed elementor-section-height-default elementor-section-height-default\" data-id=\"7e501c7\" data-element_type=\"section\">\n\t\t\t\t\t\t<div class=\"elementor-container elementor-column-gap-default\">\n\t\t\t\t\t<div class=\"elementor-column elementor-col-100 elementor-top-column elementor-element elementor-element-056ea45\" data-id=\"056ea45\" data-element_type=\"column\">\n\t\t\t<div class=\"elementor-widget-wrap elementor-element-populated\">\n\t\t\t\t\t\t<div class=\"elementor-element elementor-element-fd1bd92 elementor-widget elementor-widget-text-editor\" data-id=\"fd1bd92\" data-element_type=\"widget\" data-widget_type=\"text-editor.default\">\n\t\t\t\t<div class=\"elementor-widget-container\">\n\t\t\t\t\t\t\t\t\t<h2 style=\"text-align: center;\"><span style=\"font-size: 30pt;\"><strong><span style=\"color: #000000;\">Salons professionnels dans le MONDE Septembre, Octobre, Novembre, D\u00e9cembre\u00a0<\/span><\/strong><strong>2018<\/strong><\/span><\/h2>\t\t\t\t\t\t\t\t<\/div>\n\t\t\t\t<\/div>\n\t\t\t\t\t<\/div>\n\t\t<\/div>\n\t\t\t\t\t<\/div>\n\t\t<\/section>\n\t\t\t\t<section class=\"elementor-section elementor-top-section elementor-element elementor-element-21778d5 elementor-hidden-desktop elementor-section-boxed elementor-section-height-default elementor-section-height-default\" data-id=\"21778d5\" data-element_type=\"section\">\n\t\t\t\t\t\t<div class=\"elementor-container elementor-column-gap-default\">\n\t\t\t\t\t<div class=\"elementor-column elementor-col-100 elementor-top-column elementor-element elementor-element-4ce9bf0\" data-id=\"4ce9bf0\" data-element_type=\"column\">\n\t\t\t<div class=\"elementor-widget-wrap elementor-element-populated\">\n\t\t\t\t\t\t<div class=\"elementor-element elementor-element-c1c2d6a elementor-widget elementor-widget-text-editor\" data-id=\"c1c2d6a\" data-element_type=\"widget\" data-widget_type=\"text-editor.default\">\n\t\t\t\t<div class=\"elementor-widget-container\">\n\t\t\t\t\t\t\t\t\t<h2 style=\"text-align: center;\"><span style=\"font-size: 24pt;\"><strong><span style=\"color: #000000;\">Salons professionnels dans le MONDE Septembre, Octobre, Novembre, D\u00e9cembre\u00a0<\/span><\/strong><strong>2018<\/strong><\/span><\/h2>\t\t\t\t\t\t\t\t<\/div>\n\t\t\t\t<\/div>\n\t\t\t\t\t<\/div>\n\t\t<\/div>\n\t\t\t\t\t<\/div>\n\t\t<\/section>\n\t\t\t\t<section class=\"elementor-section elementor-top-section elementor-element elementor-element-f3889d7 elementor-hidden-desktop elementor-section-boxed elementor-section-height-default elementor-section-height-default elementor-invisible\" data-id=\"f3889d7\" data-element_type=\"section\" data-settings=\"{&quot;animation&quot;:&quot;fadeInDown&quot;}\">\n\t\t\t\t\t\t<div class=\"elementor-container elementor-column-gap-default\">\n\t\t\t\t\t<div class=\"elementor-column elementor-col-100 elementor-top-column elementor-element elementor-element-aa1dca5\" data-id=\"aa1dca5\" data-element_type=\"column\">\n\t\t\t<div class=\"elementor-widget-wrap elementor-element-populated\">\n\t\t\t\t\t\t<div class=\"elementor-element elementor-element-6f6ed07 elementor-widget elementor-widget-text-editor\" data-id=\"6f6ed07\" data-element_type=\"widget\" data-widget_type=\"text-editor.default\">\n\t\t\t\t<div class=\"elementor-widget-container\">\n\t\t\t\t\t\t\t\t\t<p style=\"text-align: center;\"><span style=\"color: #000000; font-size: 12pt;\"><a href=\"http:\/\/www.themediaexpo.com\/\" target=\"_blank\" rel=\"noopener\"><img loading=\"lazy\" decoding=\"async\" class=\"alignnone wp-image-2214 size-medium\" src=\"https:\/\/www.macapflag.com\/blog\/wp-content\/uploads\/2018\/07\/salon-professionnel-media-expo-new-delhi-macap-300x101.png\" alt=\"\" width=\"300\" height=\"101\" srcset=\"https:\/\/www.macapflag.com\/blog\/wp-content\/uploads\/2018\/07\/salon-professionnel-media-expo-new-delhi-macap-300x101.png 300w, https:\/\/www.macapflag.com\/blog\/wp-content\/uploads\/2018\/07\/salon-professionnel-media-expo-new-delhi-macap.png 392w\" sizes=\"(max-width: 300px) 100vw, 300px\" \/><\/a><br \/><span style=\"font-size: 18pt;\"><strong><a href=\"http:\/\/www.themediaexpo.com\/\" target=\"_blank\" rel=\"noopener\"><span style=\"color: #3366ff;\">Media expo \u2013 Dehli<\/span><\/a><\/strong><\/span><\/span><\/p><p style=\"text-align: center;\"><span style=\"font-size: 14pt; color: #000000;\"><strong>New Delhi (Inde)<\/strong><\/span><br \/><span style=\"font-size: 14pt; color: #000000;\"><strong>Du 10 au 12 Septembre 2018<\/strong><\/span><\/p><p style=\"text-align: center;\"><span style=\"font-size: 14pt; color: #000000;\">Salon international de la publicit\u00e9 et de l&#8217;affichage int\u00e9rieurs et ext\u00e9rieurs.<\/span><\/p>\t\t\t\t\t\t\t\t<\/div>\n\t\t\t\t<\/div>\n\t\t\t\t\t<\/div>\n\t\t<\/div>\n\t\t\t\t\t<\/div>\n\t\t<\/section>\n\t\t\t\t<section class=\"elementor-section elementor-top-section elementor-element elementor-element-ee73b1b elementor-hidden-tablet elementor-hidden-phone elementor-section-boxed elementor-section-height-default elementor-section-height-default\" data-id=\"ee73b1b\" data-element_type=\"section\">\n\t\t\t\t\t\t<div class=\"elementor-container elementor-column-gap-default\">\n\t\t\t\t\t<div class=\"elementor-column elementor-col-50 elementor-top-column elementor-element elementor-element-756a5ad\" data-id=\"756a5ad\" data-element_type=\"column\">\n\t\t\t<div class=\"elementor-widget-wrap elementor-element-populated\">\n\t\t\t\t\t\t<div class=\"elementor-element elementor-element-bb45e1b animated-slow elementor-invisible elementor-widget elementor-widget-text-editor\" data-id=\"bb45e1b\" data-element_type=\"widget\" data-settings=\"{&quot;_animation&quot;:&quot;fadeInLeft&quot;}\" data-widget_type=\"text-editor.default\">\n\t\t\t\t<div class=\"elementor-widget-container\">\n\t\t\t\t\t\t\t\t\t<p><a href=\"http:\/\/www.themediaexpo.com\/\" target=\"_blank\" rel=\"noopener\"><img loading=\"lazy\" decoding=\"async\" class=\"aligncenter wp-image-2214\" src=\"https:\/\/www.macapflag.com\/blog\/wp-content\/uploads\/2018\/07\/salon-professionnel-media-expo-new-delhi-macap-300x101.png\" alt=\"\" width=\"583\" height=\"197\" srcset=\"https:\/\/www.macapflag.com\/blog\/wp-content\/uploads\/2018\/07\/salon-professionnel-media-expo-new-delhi-macap-300x101.png 300w, https:\/\/www.macapflag.com\/blog\/wp-content\/uploads\/2018\/07\/salon-professionnel-media-expo-new-delhi-macap.png 392w\" sizes=\"(max-width: 583px) 100vw, 583px\" \/><\/a><\/p>\t\t\t\t\t\t\t\t<\/div>\n\t\t\t\t<\/div>\n\t\t\t\t\t<\/div>\n\t\t<\/div>\n\t\t\t\t<div class=\"elementor-column elementor-col-50 elementor-top-column elementor-element elementor-element-4d4999f\" data-id=\"4d4999f\" data-element_type=\"column\">\n\t\t\t<div class=\"elementor-widget-wrap elementor-element-populated\">\n\t\t\t\t\t\t<div class=\"elementor-element elementor-element-6403abd animated-slow elementor-invisible elementor-widget elementor-widget-text-editor\" data-id=\"6403abd\" data-element_type=\"widget\" data-settings=\"{&quot;_animation&quot;:&quot;fadeInRight&quot;}\" data-widget_type=\"text-editor.default\">\n\t\t\t\t<div class=\"elementor-widget-container\">\n\t\t\t\t\t\t\t\t\t<p style=\"text-align: center;\"><span style=\"color: #000000; font-size: 12pt;\"><span style=\"font-size: 24pt;\"><strong><a href=\"http:\/\/www.themediaexpo.com\/\" target=\"_blank\" rel=\"noopener\"><span style=\"color: #3366ff;\">Media expo \u2013 Dehli<\/span><\/a><br \/><\/strong><\/span><br \/><span style=\"font-size: 14pt;\"><strong>New Delhi (Inde)<\/strong><\/span><\/span><br \/><span style=\"font-size: 14pt;\"><strong><span style=\"color: #000000;\">Du 10 au 12 Septembre 2018<\/span><\/strong><\/span><\/p><p style=\"text-align: center;\"><span style=\"font-size: 14pt; color: #000000;\">Salon international de la publicit\u00e9 et de l&#8217;affichage int\u00e9rieurs et ext\u00e9rieurs.<\/span><\/p>\t\t\t\t\t\t\t\t<\/div>\n\t\t\t\t<\/div>\n\t\t\t\t\t<\/div>\n\t\t<\/div>\n\t\t\t\t\t<\/div>\n\t\t<\/section>\n\t\t\t\t<section class=\"elementor-section elementor-top-section elementor-element elementor-element-22481b5 elementor-section-boxed elementor-section-height-default elementor-section-height-default\" data-id=\"22481b5\" data-element_type=\"section\">\n\t\t\t\t\t\t<div class=\"elementor-container elementor-column-gap-default\">\n\t\t\t\t\t<div class=\"elementor-column elementor-col-100 elementor-top-column elementor-element elementor-element-4e1bcc2\" data-id=\"4e1bcc2\" data-element_type=\"column\">\n\t\t\t<div class=\"elementor-widget-wrap elementor-element-populated\">\n\t\t\t\t\t\t<div class=\"elementor-element elementor-element-cfd126b elementor-widget elementor-widget-spacer\" data-id=\"cfd126b\" data-element_type=\"widget\" data-widget_type=\"spacer.default\">\n\t\t\t\t<div class=\"elementor-widget-container\">\n\t\t\t\t\t\t\t<div class=\"elementor-spacer\">\n\t\t\t<div class=\"elementor-spacer-inner\"><\/div>\n\t\t<\/div>\n\t\t\t\t\t\t<\/div>\n\t\t\t\t<\/div>\n\t\t\t\t\t<\/div>\n\t\t<\/div>\n\t\t\t\t\t<\/div>\n\t\t<\/section>\n\t\t\t\t<section class=\"elementor-section elementor-top-section elementor-element elementor-element-c0ab87b elementor-hidden-desktop elementor-section-boxed elementor-section-height-default elementor-section-height-default elementor-invisible\" data-id=\"c0ab87b\" data-element_type=\"section\" data-settings=\"{&quot;animation&quot;:&quot;fadeInDown&quot;}\">\n\t\t\t\t\t\t<div class=\"elementor-container elementor-column-gap-default\">\n\t\t\t\t\t<div class=\"elementor-column elementor-col-100 elementor-top-column elementor-element elementor-element-ac8c6f6\" data-id=\"ac8c6f6\" data-element_type=\"column\">\n\t\t\t<div class=\"elementor-widget-wrap elementor-element-populated\">\n\t\t\t\t\t\t<div class=\"elementor-element elementor-element-5eb966e elementor-widget elementor-widget-text-editor\" data-id=\"5eb966e\" data-element_type=\"widget\" data-widget_type=\"text-editor.default\">\n\t\t\t\t<div class=\"elementor-widget-container\">\n\t\t\t\t\t\t\t\t\t<p style=\"text-align: center;\"><span style=\"color: #000000; font-size: 12pt;\"><a href=\"https:\/\/www.t-rex.ua\/index_e.php\" target=\"_blank\" rel=\"noopener\"><img loading=\"lazy\" decoding=\"async\" class=\"alignnone wp-image-2216 size-full\" src=\"https:\/\/www.macapflag.com\/blog\/wp-content\/uploads\/2018\/07\/salon-professionnel-t-rex-kiev-2018-macap.gif\" alt=\"\" width=\"210\" height=\"60\" \/><\/a><br \/><strong><span style=\"font-size: 18pt;\"><a href=\"https:\/\/www.t-rex.ua\/index_e.php\" target=\"_blank\" rel=\"noopener\"><span style=\"color: #3366ff;\">T-rex<\/span><\/a><\/span><br \/><\/strong><br \/><\/span><span style=\"font-size: 14pt;\"><strong><span style=\"color: #000000;\">Kiev (Ukraine)<\/span><\/strong><\/span><br \/><span style=\"font-size: 14pt;\"><strong><span style=\"color: #000000;\">Du 25 au 27 Septembre 2018<\/span><\/strong><\/span><\/p><p style=\"text-align: justify;\"><span style=\"font-size: 14pt; color: #000000;\">Le salon T-REX est la principale plate-forme nationale pour la pr\u00e9sentation de toutes les nouveaut\u00e9s et les derniers d\u00e9veloppements dans le domaine de l&#8217;impression, de la publicit\u00e9 des technologies de production, de l&#8217;\u00e9change d&#8217;exp\u00e9riences et de l&#8217;\u00e9tude des besoins des clients.<\/span><\/p>\t\t\t\t\t\t\t\t<\/div>\n\t\t\t\t<\/div>\n\t\t\t\t\t<\/div>\n\t\t<\/div>\n\t\t\t\t\t<\/div>\n\t\t<\/section>\n\t\t\t\t<section class=\"elementor-section elementor-top-section elementor-element elementor-element-a6335dd elementor-hidden-tablet elementor-hidden-phone elementor-section-boxed elementor-section-height-default elementor-section-height-default\" data-id=\"a6335dd\" data-element_type=\"section\">\n\t\t\t\t\t\t<div class=\"elementor-container elementor-column-gap-default\">\n\t\t\t\t\t<div class=\"elementor-column elementor-col-50 elementor-top-column elementor-element elementor-element-7f62ced\" data-id=\"7f62ced\" data-element_type=\"column\">\n\t\t\t<div class=\"elementor-widget-wrap elementor-element-populated\">\n\t\t\t\t\t\t<div class=\"elementor-element elementor-element-241c736 animated-slow elementor-invisible elementor-widget elementor-widget-text-editor\" data-id=\"241c736\" data-element_type=\"widget\" data-settings=\"{&quot;_animation&quot;:&quot;fadeInLeft&quot;}\" data-widget_type=\"text-editor.default\">\n\t\t\t\t<div class=\"elementor-widget-container\">\n\t\t\t\t\t\t\t\t\t<p style=\"text-align: center;\"><strong><span style=\"color: #000000; font-size: 12pt;\"><span style=\"font-size: 24pt;\"><a href=\"https:\/\/www.t-rex.ua\/index_e.php\" target=\"_blank\" rel=\"noopener\"><span style=\"color: #3366ff;\">T-rex<\/span><\/a><\/span><\/span><\/strong><\/p><p style=\"text-align: center;\"><strong><span style=\"color: #000000; font-size: 14pt;\">Kiev (Ukraine)<\/span><\/strong><br \/><strong><span style=\"font-size: 14pt;\"><span style=\"color: #000000;\">Du 25 au 27 Septembre 2018<\/span><\/span><\/strong><\/p><p style=\"text-align: justify;\"><span style=\"font-size: 14pt; color: #000000;\">Le salon T-REX est la principale plate-forme nationale pour la pr\u00e9sentation de toutes les nouveaut\u00e9s et les derniers d\u00e9veloppements dans le domaine de l&#8217;impression, de la publicit\u00e9 des technologies de production, de l&#8217;\u00e9change d&#8217;exp\u00e9riences et de l&#8217;\u00e9tude des besoins des clients.<\/span><\/p>\t\t\t\t\t\t\t\t<\/div>\n\t\t\t\t<\/div>\n\t\t\t\t\t<\/div>\n\t\t<\/div>\n\t\t\t\t<div class=\"elementor-column elementor-col-50 elementor-top-column elementor-element elementor-element-3d3f4f3\" data-id=\"3d3f4f3\" data-element_type=\"column\">\n\t\t\t<div class=\"elementor-widget-wrap elementor-element-populated\">\n\t\t\t\t\t\t<div class=\"elementor-element elementor-element-329fc6c animated-slow elementor-invisible elementor-widget elementor-widget-text-editor\" data-id=\"329fc6c\" data-element_type=\"widget\" data-settings=\"{&quot;_animation&quot;:&quot;fadeInRight&quot;}\" data-widget_type=\"text-editor.default\">\n\t\t\t\t<div class=\"elementor-widget-container\">\n\t\t\t\t\t\t\t\t\t<p><a href=\"https:\/\/www.t-rex.ua\/index_e.php\" target=\"_blank\" rel=\"noopener\"><img loading=\"lazy\" decoding=\"async\" class=\"aligncenter wp-image-2216\" src=\"https:\/\/www.macapflag.com\/blog\/wp-content\/uploads\/2018\/07\/salon-professionnel-t-rex-kiev-2018-macap.gif\" alt=\"\" width=\"658\" height=\"188\" \/><\/a><\/p>\t\t\t\t\t\t\t\t<\/div>\n\t\t\t\t<\/div>\n\t\t\t\t\t<\/div>\n\t\t<\/div>\n\t\t\t\t\t<\/div>\n\t\t<\/section>\n\t\t\t\t<section class=\"elementor-section elementor-top-section elementor-element elementor-element-140f7e1 elementor-section-boxed elementor-section-height-default elementor-section-height-default\" data-id=\"140f7e1\" data-element_type=\"section\">\n\t\t\t\t\t\t<div class=\"elementor-container elementor-column-gap-default\">\n\t\t\t\t\t<div class=\"elementor-column elementor-col-100 elementor-top-column elementor-element elementor-element-3847113\" data-id=\"3847113\" data-element_type=\"column\">\n\t\t\t<div class=\"elementor-widget-wrap elementor-element-populated\">\n\t\t\t\t\t\t<div class=\"elementor-element elementor-element-2d977bc elementor-widget elementor-widget-spacer\" data-id=\"2d977bc\" data-element_type=\"widget\" data-widget_type=\"spacer.default\">\n\t\t\t\t<div class=\"elementor-widget-container\">\n\t\t\t\t\t\t\t<div class=\"elementor-spacer\">\n\t\t\t<div class=\"elementor-spacer-inner\"><\/div>\n\t\t<\/div>\n\t\t\t\t\t\t<\/div>\n\t\t\t\t<\/div>\n\t\t\t\t\t<\/div>\n\t\t<\/div>\n\t\t\t\t\t<\/div>\n\t\t<\/section>\n\t\t\t\t<section class=\"elementor-section elementor-top-section elementor-element elementor-element-f83818a elementor-hidden-desktop elementor-section-boxed elementor-section-height-default elementor-section-height-default elementor-invisible\" data-id=\"f83818a\" data-element_type=\"section\" data-settings=\"{&quot;animation&quot;:&quot;fadeInDown&quot;}\">\n\t\t\t\t\t\t<div class=\"elementor-container elementor-column-gap-default\">\n\t\t\t\t\t<div class=\"elementor-column elementor-col-100 elementor-top-column elementor-element elementor-element-1230064\" data-id=\"1230064\" data-element_type=\"column\">\n\t\t\t<div class=\"elementor-widget-wrap elementor-element-populated\">\n\t\t\t\t\t\t<div class=\"elementor-element elementor-element-3677cbb elementor-widget elementor-widget-text-editor\" data-id=\"3677cbb\" data-element_type=\"widget\" data-widget_type=\"text-editor.default\">\n\t\t\t\t<div class=\"elementor-widget-container\">\n\t\t\t\t\t\t\t\t\t<p style=\"text-align: center;\"><span style=\"color: #000000; font-size: 12pt;\"><a href=\"https:\/\/salon-cprint.es\/\" target=\"_blank\" rel=\"noopener\"><img loading=\"lazy\" decoding=\"async\" class=\"alignnone wp-image-2209 size-medium\" src=\"https:\/\/www.macapflag.com\/blog\/wp-content\/uploads\/2018\/07\/salon-professionnel-cprint-madrid-macap-300x94.png\" alt=\"\" width=\"300\" height=\"94\" \/><\/a><br \/><strong><span style=\"color: #3366ff; font-size: 14pt;\"><span style=\"font-size: 18pt;\"><a href=\"https:\/\/salon-cprint.es\/\" target=\"_blank\" rel=\"noopener\"><span style=\"color: #3366ff;\">C!Print Madrid<\/span><\/a><\/span><br \/><\/span><\/strong><br \/><\/span><span style=\"font-size: 14pt;\"><strong><span style=\"color: #000000;\">Madrir (Espagne)<\/span><\/strong><\/span><br \/><span style=\"font-size: 14pt;\"><strong><span style=\"color: #000000;\">Du 25 au 27 Septembre 2018<\/span><\/strong><\/span><\/p><p><span style=\"font-size: 14pt; color: #000000;\">Salon international des professionnels de l\u2019impression num\u00e9rique &amp; textile et de la personnalisation: s\u00e9rigraphes, brodeurs, entreprises de signal\u00e9tique et d\u2019enseigne, nouveaux professionnels utilisant ces techniques.<\/span><\/p>\t\t\t\t\t\t\t\t<\/div>\n\t\t\t\t<\/div>\n\t\t\t\t\t<\/div>\n\t\t<\/div>\n\t\t\t\t\t<\/div>\n\t\t<\/section>\n\t\t\t\t<section class=\"elementor-section elementor-top-section elementor-element elementor-element-3a6bfef elementor-hidden-tablet elementor-hidden-phone elementor-section-boxed elementor-section-height-default elementor-section-height-default\" data-id=\"3a6bfef\" data-element_type=\"section\">\n\t\t\t\t\t\t<div class=\"elementor-container elementor-column-gap-default\">\n\t\t\t\t\t<div class=\"elementor-column elementor-col-50 elementor-top-column elementor-element elementor-element-a1184db\" data-id=\"a1184db\" data-element_type=\"column\">\n\t\t\t<div class=\"elementor-widget-wrap elementor-element-populated\">\n\t\t\t\t\t\t<div class=\"elementor-element elementor-element-e34a3b8 animated-slow elementor-invisible elementor-widget elementor-widget-text-editor\" data-id=\"e34a3b8\" data-element_type=\"widget\" data-settings=\"{&quot;_animation&quot;:&quot;fadeInLeft&quot;}\" data-widget_type=\"text-editor.default\">\n\t\t\t\t<div class=\"elementor-widget-container\">\n\t\t\t\t\t\t\t\t\t<p><a href=\"https:\/\/salon-cprint.es\/\" target=\"_blank\" rel=\"noopener\"><img loading=\"lazy\" decoding=\"async\" class=\"aligncenter wp-image-2209\" src=\"https:\/\/www.macapflag.com\/blog\/wp-content\/uploads\/2018\/07\/salon-professionnel-cprint-madrid-macap-300x94.png\" alt=\"\" width=\"846\" height=\"266\" \/><\/a><\/p>\t\t\t\t\t\t\t\t<\/div>\n\t\t\t\t<\/div>\n\t\t\t\t\t<\/div>\n\t\t<\/div>\n\t\t\t\t<div class=\"elementor-column elementor-col-50 elementor-top-column elementor-element elementor-element-3edfff9\" data-id=\"3edfff9\" data-element_type=\"column\">\n\t\t\t<div class=\"elementor-widget-wrap elementor-element-populated\">\n\t\t\t\t\t\t<div class=\"elementor-element elementor-element-9758b97 animated-slow elementor-invisible elementor-widget elementor-widget-text-editor\" data-id=\"9758b97\" data-element_type=\"widget\" data-settings=\"{&quot;_animation&quot;:&quot;fadeInRight&quot;}\" data-widget_type=\"text-editor.default\">\n\t\t\t\t<div class=\"elementor-widget-container\">\n\t\t\t\t\t\t\t\t\t<p style=\"text-align: center;\"><span style=\"color: #000000; font-size: 12pt;\"><span style=\"font-size: 24pt;\"><strong><span style=\"color: #3366ff;\"><a href=\"https:\/\/salon-cprint.es\/\" target=\"_blank\" rel=\"noopener\"><span style=\"color: #3366ff;\">C!Print Madrid<\/span><\/a><br \/><\/span><\/strong><\/span><br \/><\/span><span style=\"font-size: 14pt;\"><strong><span style=\"color: #000000;\">Madrir (Espagne)<\/span><\/strong><\/span><br \/><span style=\"font-size: 14pt;\"><strong><span style=\"color: #000000;\">Du 25 au 27 Septembre 2018<\/span><\/strong><\/span><\/p><p><span style=\"font-size: 14pt; color: #000000;\">Salon international des professionnels de l\u2019impression num\u00e9rique &amp; textile et de la personnalisation: s\u00e9rigraphes, brodeurs, entreprises de signal\u00e9tique et d\u2019enseigne, nouveaux professionnels utilisant ces techniques.<\/span><\/p>\t\t\t\t\t\t\t\t<\/div>\n\t\t\t\t<\/div>\n\t\t\t\t\t<\/div>\n\t\t<\/div>\n\t\t\t\t\t<\/div>\n\t\t<\/section>\n\t\t\t\t<section class=\"elementor-section elementor-top-section elementor-element elementor-element-e0ef76e elementor-section-boxed elementor-section-height-default elementor-section-height-default\" data-id=\"e0ef76e\" data-element_type=\"section\">\n\t\t\t\t\t\t<div class=\"elementor-container elementor-column-gap-default\">\n\t\t\t\t\t<div class=\"elementor-column elementor-col-100 elementor-top-column elementor-element elementor-element-5de395d\" data-id=\"5de395d\" data-element_type=\"column\">\n\t\t\t<div class=\"elementor-widget-wrap elementor-element-populated\">\n\t\t\t\t\t\t<div class=\"elementor-element elementor-element-8156da0 elementor-widget elementor-widget-spacer\" data-id=\"8156da0\" data-element_type=\"widget\" data-widget_type=\"spacer.default\">\n\t\t\t\t<div class=\"elementor-widget-container\">\n\t\t\t\t\t\t\t<div class=\"elementor-spacer\">\n\t\t\t<div class=\"elementor-spacer-inner\"><\/div>\n\t\t<\/div>\n\t\t\t\t\t\t<\/div>\n\t\t\t\t<\/div>\n\t\t\t\t\t<\/div>\n\t\t<\/div>\n\t\t\t\t\t<\/div>\n\t\t<\/section>\n\t\t\t\t<section class=\"elementor-section elementor-top-section elementor-element elementor-element-5f8b8e3 elementor-hidden-desktop elementor-section-boxed elementor-section-height-default elementor-section-height-default elementor-invisible\" data-id=\"5f8b8e3\" data-element_type=\"section\" data-settings=\"{&quot;animation&quot;:&quot;fadeInDown&quot;}\">\n\t\t\t\t\t\t<div class=\"elementor-container elementor-column-gap-default\">\n\t\t\t\t\t<div class=\"elementor-column elementor-col-100 elementor-top-column elementor-element elementor-element-fb84747\" data-id=\"fb84747\" data-element_type=\"column\">\n\t\t\t<div class=\"elementor-widget-wrap elementor-element-populated\">\n\t\t\t\t\t\t<div class=\"elementor-element elementor-element-c5167dc elementor-widget elementor-widget-text-editor\" data-id=\"c5167dc\" data-element_type=\"widget\" data-widget_type=\"text-editor.default\">\n\t\t\t\t<div class=\"elementor-widget-container\">\n\t\t\t\t\t\t\t\t\t<p style=\"text-align: center;\"><span style=\"color: #000000; font-size: 12pt;\"><a href=\"https:\/\/www.grafinca.com\/\" target=\"_blank\" rel=\"noopener\"><img loading=\"lazy\" decoding=\"async\" class=\"alignnone wp-image-2207 size-full\" src=\"https:\/\/www.macapflag.com\/blog\/wp-content\/uploads\/2018\/07\/salon-professionnel-grafinca-lima-2018-macap.gif\" alt=\"\" width=\"210\" height=\"56\" \/><\/a><br \/><span style=\"font-size: 18pt;\"><strong><span style=\"color: #3366ff;\"><a href=\"https:\/\/www.grafinca.com\/\" target=\"_blank\" rel=\"noopener\"><span style=\"color: #3366ff;\">Grafinca<\/span><\/a>\u00a0<br \/><\/span><\/strong><\/span><br \/><\/span><span style=\"font-size: 14pt;\"><strong><span style=\"color: #000000;\">Lima (P\u00e9rou)<\/span><\/strong><\/span><br \/><span style=\"font-size: 14pt;\"><strong><span style=\"color: #000000;\">Du 27 au 30 Septembre 2018<\/span><\/strong><\/span><\/p><p style=\"text-align: center;\"><span style=\"color: #000000; font-size: 14pt;\">Salon de la communication visuelle et de la publicit\u00e9.<\/span><\/p>\t\t\t\t\t\t\t\t<\/div>\n\t\t\t\t<\/div>\n\t\t\t\t\t<\/div>\n\t\t<\/div>\n\t\t\t\t\t<\/div>\n\t\t<\/section>\n\t\t\t\t<section class=\"elementor-section elementor-top-section elementor-element elementor-element-2adf1bb elementor-hidden-tablet elementor-hidden-phone elementor-section-boxed elementor-section-height-default elementor-section-height-default\" data-id=\"2adf1bb\" data-element_type=\"section\">\n\t\t\t\t\t\t<div class=\"elementor-container elementor-column-gap-default\">\n\t\t\t\t\t<div class=\"elementor-column elementor-col-50 elementor-top-column elementor-element elementor-element-4442d12\" data-id=\"4442d12\" data-element_type=\"column\">\n\t\t\t<div class=\"elementor-widget-wrap elementor-element-populated\">\n\t\t\t\t\t\t<div class=\"elementor-element elementor-element-08d0e21 animated-slow elementor-invisible elementor-widget elementor-widget-text-editor\" data-id=\"08d0e21\" data-element_type=\"widget\" data-settings=\"{&quot;_animation&quot;:&quot;fadeInLeft&quot;}\" data-widget_type=\"text-editor.default\">\n\t\t\t\t<div class=\"elementor-widget-container\">\n\t\t\t\t\t\t\t\t\t<p style=\"text-align: center;\"><span style=\"font-size: 14pt;\"><strong><span style=\"color: #000000;\"><span style=\"color: #3366ff;\"><span style=\"font-size: 24pt;\"><a href=\"https:\/\/www.grafinca.com\/\" target=\"_blank\" rel=\"noopener\"><span style=\"color: #3366ff;\">Grafinca<\/span><\/a>\u00a0<\/span><br \/><\/span><br \/><\/span><span style=\"color: #000000;\">Lima (P\u00e9rou)<\/span><\/strong><\/span><br \/><span style=\"font-size: 14pt;\"><strong><span style=\"color: #000000;\">Du 27 au 30 Septembre 2018<\/span><\/strong><\/span><\/p><p style=\"text-align: center;\"><span style=\"color: #000000; font-size: 14pt;\">Salon de la communication visuelle et de la publicit\u00e9.<\/span><\/p>\t\t\t\t\t\t\t\t<\/div>\n\t\t\t\t<\/div>\n\t\t\t\t\t<\/div>\n\t\t<\/div>\n\t\t\t\t<div class=\"elementor-column elementor-col-50 elementor-top-column elementor-element elementor-element-d252a80\" data-id=\"d252a80\" data-element_type=\"column\">\n\t\t\t<div class=\"elementor-widget-wrap elementor-element-populated\">\n\t\t\t\t\t\t<div class=\"elementor-element elementor-element-361c88f animated-slow elementor-invisible elementor-widget elementor-widget-text-editor\" data-id=\"361c88f\" data-element_type=\"widget\" data-settings=\"{&quot;_animation&quot;:&quot;fadeInRight&quot;}\" data-widget_type=\"text-editor.default\">\n\t\t\t\t<div class=\"elementor-widget-container\">\n\t\t\t\t\t\t\t\t\t<p><a href=\"https:\/\/www.grafinca.com\/\" target=\"_blank\" rel=\"noopener\"><img loading=\"lazy\" decoding=\"async\" class=\"aligncenter wp-image-2207\" src=\"https:\/\/www.macapflag.com\/blog\/wp-content\/uploads\/2018\/07\/salon-professionnel-grafinca-lima-2018-macap.gif\" alt=\"\" width=\"926\" height=\"247\" \/><\/a><\/p>\t\t\t\t\t\t\t\t<\/div>\n\t\t\t\t<\/div>\n\t\t\t\t\t<\/div>\n\t\t<\/div>\n\t\t\t\t\t<\/div>\n\t\t<\/section>\n\t\t\t\t<section class=\"elementor-section elementor-top-section elementor-element elementor-element-6164095 elementor-section-boxed elementor-section-height-default elementor-section-height-default\" data-id=\"6164095\" data-element_type=\"section\">\n\t\t\t\t\t\t<div class=\"elementor-container elementor-column-gap-default\">\n\t\t\t\t\t<div class=\"elementor-column elementor-col-100 elementor-top-column elementor-element elementor-element-cc52e6a\" data-id=\"cc52e6a\" data-element_type=\"column\">\n\t\t\t<div class=\"elementor-widget-wrap elementor-element-populated\">\n\t\t\t\t\t\t<div class=\"elementor-element elementor-element-5a6e3dd elementor-widget elementor-widget-spacer\" data-id=\"5a6e3dd\" data-element_type=\"widget\" data-widget_type=\"spacer.default\">\n\t\t\t\t<div class=\"elementor-widget-container\">\n\t\t\t\t\t\t\t<div class=\"elementor-spacer\">\n\t\t\t<div class=\"elementor-spacer-inner\"><\/div>\n\t\t<\/div>\n\t\t\t\t\t\t<\/div>\n\t\t\t\t<\/div>\n\t\t\t\t\t<\/div>\n\t\t<\/div>\n\t\t\t\t\t<\/div>\n\t\t<\/section>\n\t\t\t\t<section class=\"elementor-section elementor-top-section elementor-element elementor-element-fc3baa5 elementor-hidden-tablet elementor-hidden-phone elementor-section-boxed elementor-section-height-default elementor-section-height-default\" data-id=\"fc3baa5\" data-element_type=\"section\">\n\t\t\t\t\t\t<div class=\"elementor-container elementor-column-gap-default\">\n\t\t\t\t\t<div class=\"elementor-column elementor-col-50 elementor-top-column elementor-element elementor-element-07b3c0b\" data-id=\"07b3c0b\" data-element_type=\"column\">\n\t\t\t<div class=\"elementor-widget-wrap elementor-element-populated\">\n\t\t\t\t\t\t<div class=\"elementor-element elementor-element-1228eec animated-slow elementor-invisible elementor-widget elementor-widget-text-editor\" data-id=\"1228eec\" data-element_type=\"widget\" data-settings=\"{&quot;_animation&quot;:&quot;fadeInLeft&quot;}\" data-widget_type=\"text-editor.default\">\n\t\t\t\t<div class=\"elementor-widget-container\">\n\t\t\t\t\t\t\t\t\t<p style=\"text-align: center;\"><span style=\"color: #000000; font-size: 12pt;\"><a href=\"https:\/\/www.fespaafrica.com\/\" target=\"_blank\" rel=\"noopener\"><img loading=\"lazy\" decoding=\"async\" class=\"wp-image-2220 aligncenter\" src=\"https:\/\/www.macapflag.com\/blog\/wp-content\/uploads\/2018\/07\/salon-professionnel-fespa-africa-2018-macap-1.jpg\" alt=\"\" width=\"191\" height=\"117\" \/><\/a><\/span><\/p><p style=\"text-align: center;\"><strong><a href=\"https:\/\/www.fespaafrica.com\/\" target=\"_blank\" rel=\"noopener\"><span style=\"color: #3366ff; font-size: 14pt;\"><span style=\"font-size: 24pt;\">Fespa Africa<\/span> <\/span><\/a><br \/><\/strong><br \/><span style=\"font-size: 14pt;\"><strong><span style=\"color: #000000;\">Johannesburg (Afrique du Sud)<\/span><\/strong><\/span><br \/><span style=\"font-size: 14pt;\"><strong><span style=\"color: #000000;\">Du 12 au 14 Septembre 2018<\/span><\/strong><\/span><\/p>\t\t\t\t\t\t\t\t<\/div>\n\t\t\t\t<\/div>\n\t\t\t\t\t<\/div>\n\t\t<\/div>\n\t\t\t\t<div class=\"elementor-column elementor-col-50 elementor-top-column elementor-element elementor-element-d7df059\" data-id=\"d7df059\" data-element_type=\"column\">\n\t\t\t<div class=\"elementor-widget-wrap elementor-element-populated\">\n\t\t\t\t\t\t<div class=\"elementor-element elementor-element-0dda684 animated-slow elementor-invisible elementor-widget elementor-widget-text-editor\" data-id=\"0dda684\" data-element_type=\"widget\" data-settings=\"{&quot;_animation&quot;:&quot;fadeInRight&quot;}\" data-widget_type=\"text-editor.default\">\n\t\t\t\t<div class=\"elementor-widget-container\">\n\t\t\t\t\t\t\t\t\t<p style=\"text-align: center;\"><a href=\"https:\/\/mexico.fespa.com\/\" target=\"_blank\" rel=\"noopener\"><img loading=\"lazy\" decoding=\"async\" class=\"aligncenter wp-image-2212\" src=\"https:\/\/www.macapflag.com\/blog\/wp-content\/uploads\/2018\/07\/salon-professionnel-fespa-mexico-2018-macap-300x298.png\" alt=\"\" width=\"112\" height=\"111\" srcset=\"https:\/\/www.macapflag.com\/blog\/wp-content\/uploads\/2018\/07\/salon-professionnel-fespa-mexico-2018-macap-300x298.png 300w, https:\/\/www.macapflag.com\/blog\/wp-content\/uploads\/2018\/07\/salon-professionnel-fespa-mexico-2018-macap-150x150.png 150w, https:\/\/www.macapflag.com\/blog\/wp-content\/uploads\/2018\/07\/salon-professionnel-fespa-mexico-2018-macap-768x762.png 768w, https:\/\/www.macapflag.com\/blog\/wp-content\/uploads\/2018\/07\/salon-professionnel-fespa-mexico-2018-macap-100x100.png 100w, https:\/\/www.macapflag.com\/blog\/wp-content\/uploads\/2018\/07\/salon-professionnel-fespa-mexico-2018-macap-696x691.png 696w, https:\/\/www.macapflag.com\/blog\/wp-content\/uploads\/2018\/07\/salon-professionnel-fespa-mexico-2018-macap-423x420.png 423w, https:\/\/www.macapflag.com\/blog\/wp-content\/uploads\/2018\/07\/salon-professionnel-fespa-mexico-2018-macap.png 800w\" sizes=\"(max-width: 112px) 100vw, 112px\" \/><\/a><span style=\"font-size: 14pt;\"><strong><a href=\"https:\/\/mexico.fespa.com\/\" target=\"_blank\" rel=\"noopener\"><span style=\"color: #3366ff;\"><span style=\"font-size: 24pt;\">Fespa Mexico<\/span><\/span><\/a><\/strong><\/span><br \/><span style=\"font-size: 14pt;\"><strong><span style=\"color: #000000;\"><br \/>Mexique<\/span><\/strong><\/span><br \/><span style=\"font-size: 14pt;\"><strong><span style=\"color: #000000;\">Du 12 au 14 Septembre 2018<\/span><\/strong><\/span><\/p>\t\t\t\t\t\t\t\t<\/div>\n\t\t\t\t<\/div>\n\t\t\t\t\t<\/div>\n\t\t<\/div>\n\t\t\t\t\t<\/div>\n\t\t<\/section>\n\t\t\t\t<section class=\"elementor-section elementor-top-section elementor-element elementor-element-e4c27bf elementor-hidden-desktop elementor-section-boxed elementor-section-height-default elementor-section-height-default elementor-invisible\" data-id=\"e4c27bf\" data-element_type=\"section\" data-settings=\"{&quot;animation&quot;:&quot;fadeInDown&quot;}\">\n\t\t\t\t\t\t<div class=\"elementor-container elementor-column-gap-default\">\n\t\t\t\t\t<div class=\"elementor-column elementor-col-50 elementor-top-column elementor-element elementor-element-cdd989b\" data-id=\"cdd989b\" data-element_type=\"column\">\n\t\t\t<div class=\"elementor-widget-wrap elementor-element-populated\">\n\t\t\t\t\t\t<div class=\"elementor-element elementor-element-b9cce56 elementor-widget elementor-widget-text-editor\" data-id=\"b9cce56\" data-element_type=\"widget\" data-widget_type=\"text-editor.default\">\n\t\t\t\t<div class=\"elementor-widget-container\">\n\t\t\t\t\t\t\t\t\t<p style=\"text-align: center;\"><span style=\"color: #000000; font-size: 12pt;\"><a href=\"https:\/\/www.fespaafrica.com\/\" target=\"_blank\" rel=\"noopener\"><img loading=\"lazy\" decoding=\"async\" class=\"wp-image-2220 aligncenter\" src=\"https:\/\/www.macapflag.com\/blog\/wp-content\/uploads\/2018\/07\/salon-professionnel-fespa-africa-2018-macap-1.jpg\" alt=\"\" width=\"191\" height=\"117\" \/><\/a><\/span><\/p><p style=\"text-align: center;\"><strong><a href=\"https:\/\/www.fespaafrica.com\/\" target=\"_blank\" rel=\"noopener\"><span style=\"color: #3366ff; font-size: 14pt;\"><span style=\"font-size: 18pt;\">Fespa Africa <\/span><\/span><\/a><br \/><\/strong><br \/><span style=\"font-size: 14pt;\"><strong><span style=\"color: #000000;\">Johannesburg (Afrique du Sud)<\/span><\/strong><\/span><br \/><span style=\"font-size: 14pt;\"><strong><span style=\"color: #000000;\">Du 12 au 14 Septembre 2018<\/span><\/strong><\/span><\/p>\t\t\t\t\t\t\t\t<\/div>\n\t\t\t\t<\/div>\n\t\t\t\t\t<\/div>\n\t\t<\/div>\n\t\t\t\t<div class=\"elementor-column elementor-col-50 elementor-top-column elementor-element elementor-element-b6c9359\" data-id=\"b6c9359\" data-element_type=\"column\">\n\t\t\t<div class=\"elementor-widget-wrap elementor-element-populated\">\n\t\t\t\t\t\t<div class=\"elementor-element elementor-element-f40bb9e elementor-widget elementor-widget-text-editor\" data-id=\"f40bb9e\" data-element_type=\"widget\" data-widget_type=\"text-editor.default\">\n\t\t\t\t<div class=\"elementor-widget-container\">\n\t\t\t\t\t\t\t\t\t<p style=\"text-align: center;\"><a href=\"https:\/\/mexico.fespa.com\/\" target=\"_blank\" rel=\"noopener\"><img loading=\"lazy\" decoding=\"async\" class=\"aligncenter wp-image-2212\" src=\"https:\/\/www.macapflag.com\/blog\/wp-content\/uploads\/2018\/07\/salon-professionnel-fespa-mexico-2018-macap-300x298.png\" alt=\"\" width=\"112\" height=\"111\" srcset=\"https:\/\/www.macapflag.com\/blog\/wp-content\/uploads\/2018\/07\/salon-professionnel-fespa-mexico-2018-macap-300x298.png 300w, https:\/\/www.macapflag.com\/blog\/wp-content\/uploads\/2018\/07\/salon-professionnel-fespa-mexico-2018-macap-150x150.png 150w, https:\/\/www.macapflag.com\/blog\/wp-content\/uploads\/2018\/07\/salon-professionnel-fespa-mexico-2018-macap-768x762.png 768w, https:\/\/www.macapflag.com\/blog\/wp-content\/uploads\/2018\/07\/salon-professionnel-fespa-mexico-2018-macap-100x100.png 100w, https:\/\/www.macapflag.com\/blog\/wp-content\/uploads\/2018\/07\/salon-professionnel-fespa-mexico-2018-macap-696x691.png 696w, https:\/\/www.macapflag.com\/blog\/wp-content\/uploads\/2018\/07\/salon-professionnel-fespa-mexico-2018-macap-423x420.png 423w, https:\/\/www.macapflag.com\/blog\/wp-content\/uploads\/2018\/07\/salon-professionnel-fespa-mexico-2018-macap.png 800w\" sizes=\"(max-width: 112px) 100vw, 112px\" \/><\/a><span style=\"font-size: 18pt;\"><strong><a href=\"https:\/\/mexico.fespa.com\/\" target=\"_blank\" rel=\"noopener\"><span style=\"color: #3366ff;\">Fespa Mexico<\/span><\/a><\/strong><\/span><br \/><span style=\"font-size: 14pt;\"><strong><span style=\"color: #000000;\"><br \/>Mexique<\/span><\/strong><\/span><br \/><span style=\"font-size: 14pt;\"><strong><span style=\"color: #000000;\">Du 12 au 14 Septembre 2018<\/span><\/strong><\/span><\/p>\t\t\t\t\t\t\t\t<\/div>\n\t\t\t\t<\/div>\n\t\t\t\t\t<\/div>\n\t\t<\/div>\n\t\t\t\t\t<\/div>\n\t\t<\/section>\n\t\t\t\t<section class=\"elementor-section elementor-top-section elementor-element elementor-element-9349d39 elementor-section-boxed elementor-section-height-default elementor-section-height-default elementor-invisible\" data-id=\"9349d39\" data-element_type=\"section\" data-settings=\"{&quot;animation&quot;:&quot;zoomIn&quot;}\">\n\t\t\t\t\t\t<div class=\"elementor-container elementor-column-gap-default\">\n\t\t\t\t\t<div class=\"elementor-column elementor-col-100 elementor-top-column elementor-element elementor-element-48becc6\" data-id=\"48becc6\" data-element_type=\"column\">\n\t\t\t<div class=\"elementor-widget-wrap elementor-element-populated\">\n\t\t\t\t\t\t<div class=\"elementor-element elementor-element-e4aa9c5 elementor-widget elementor-widget-text-editor\" data-id=\"e4aa9c5\" data-element_type=\"widget\" data-widget_type=\"text-editor.default\">\n\t\t\t\t<div class=\"elementor-widget-container\">\n\t\t\t\t\t\t\t\t\t<p style=\"text-align: center;\"><span style=\"font-size: 14pt; color: #000000;\">Salon international des technologies d&#8217;impression num\u00e9rique, par s\u00e9rigraphie et textile grand format.<\/span><\/p>\t\t\t\t\t\t\t\t<\/div>\n\t\t\t\t<\/div>\n\t\t\t\t\t<\/div>\n\t\t<\/div>\n\t\t\t\t\t<\/div>\n\t\t<\/section>\n\t\t\t\t<section class=\"elementor-section elementor-top-section elementor-element elementor-element-d2e1fee elementor-section-boxed elementor-section-height-default elementor-section-height-default\" data-id=\"d2e1fee\" data-element_type=\"section\">\n\t\t\t\t\t\t<div class=\"elementor-container elementor-column-gap-default\">\n\t\t\t\t\t<div class=\"elementor-column elementor-col-100 elementor-top-column elementor-element elementor-element-a7ed316\" data-id=\"a7ed316\" data-element_type=\"column\">\n\t\t\t<div class=\"elementor-widget-wrap elementor-element-populated\">\n\t\t\t\t\t\t<div class=\"elementor-element elementor-element-d5fff80 elementor-widget elementor-widget-spacer\" data-id=\"d5fff80\" data-element_type=\"widget\" data-widget_type=\"spacer.default\">\n\t\t\t\t<div class=\"elementor-widget-container\">\n\t\t\t\t\t\t\t<div class=\"elementor-spacer\">\n\t\t\t<div class=\"elementor-spacer-inner\"><\/div>\n\t\t<\/div>\n\t\t\t\t\t\t<\/div>\n\t\t\t\t<\/div>\n\t\t\t\t\t<\/div>\n\t\t<\/div>\n\t\t\t\t\t<\/div>\n\t\t<\/section>\n\t\t\t\t<section class=\"elementor-section elementor-top-section elementor-element elementor-element-62fa64e elementor-hidden-desktop elementor-section-boxed elementor-section-height-default elementor-section-height-default elementor-invisible\" data-id=\"62fa64e\" data-element_type=\"section\" data-settings=\"{&quot;animation&quot;:&quot;fadeInDown&quot;}\">\n\t\t\t\t\t\t<div class=\"elementor-container elementor-column-gap-default\">\n\t\t\t\t\t<div class=\"elementor-column elementor-col-100 elementor-top-column elementor-element elementor-element-91da2c6\" data-id=\"91da2c6\" data-element_type=\"column\">\n\t\t\t<div class=\"elementor-widget-wrap elementor-element-populated\">\n\t\t\t\t\t\t<div class=\"elementor-element elementor-element-f79d307 elementor-widget elementor-widget-text-editor\" data-id=\"f79d307\" data-element_type=\"widget\" data-widget_type=\"text-editor.default\">\n\t\t\t\t<div class=\"elementor-widget-container\">\n\t\t\t\t\t\t\t\t\t<p style=\"text-align: center;\"><span style=\"color: #000000; font-size: 12pt;\"><a href=\"https:\/\/www.brussels-expo.com\/en\/events\" target=\"_blank\" rel=\"noopener\"><img loading=\"lazy\" decoding=\"async\" class=\"alignnone wp-image-2210\" src=\"https:\/\/www.macapflag.com\/blog\/wp-content\/uploads\/2018\/07\/salon-professionnel-empack-brussels-2018-macap-300x143.jpg\" alt=\"\" width=\"206\" height=\"98\" srcset=\"https:\/\/www.macapflag.com\/blog\/wp-content\/uploads\/2018\/07\/salon-professionnel-empack-brussels-2018-macap-300x143.jpg 300w, https:\/\/www.macapflag.com\/blog\/wp-content\/uploads\/2018\/07\/salon-professionnel-empack-brussels-2018-macap.jpg 400w\" sizes=\"(max-width: 206px) 100vw, 206px\" \/><\/a><br \/><strong><span style=\"color: #3366ff; font-size: 18pt;\"><a href=\"https:\/\/www.brussels-expo.com\/en\/events\" target=\"_blank\" rel=\"noopener\"><span style=\"color: #3366ff;\">Empack Brussels<\/span><\/a><\/span><\/strong><\/span><\/p><p style=\"text-align: center;\"><strong><span style=\"color: #000000; font-size: 14pt;\">Bruxelles (Belgique)<\/span><\/strong><br \/><strong><span style=\"color: #000000; font-size: 14pt;\">Du 3 au 4 Octobre 2018<\/span><\/strong><\/p><p><span style=\"font-size: 14pt; color: #000000;\">Salon des solutions innovantes pour l&#8217;emballage. Empack attire les pros des \u00e9quipements et technologies pour l&#8217;emballage, du marquage et de l&#8217;imprimerie, de la cr\u00e9ation et du design, ainsi que du recyclage et des services.<\/span><\/p>\t\t\t\t\t\t\t\t<\/div>\n\t\t\t\t<\/div>\n\t\t\t\t\t<\/div>\n\t\t<\/div>\n\t\t\t\t\t<\/div>\n\t\t<\/section>\n\t\t\t\t<section class=\"elementor-section elementor-top-section elementor-element elementor-element-6c588e2 elementor-hidden-tablet elementor-hidden-phone elementor-section-boxed elementor-section-height-default elementor-section-height-default\" data-id=\"6c588e2\" data-element_type=\"section\">\n\t\t\t\t\t\t<div class=\"elementor-container elementor-column-gap-default\">\n\t\t\t\t\t<div class=\"elementor-column elementor-col-50 elementor-top-column elementor-element elementor-element-c8b0f86\" data-id=\"c8b0f86\" data-element_type=\"column\">\n\t\t\t<div class=\"elementor-widget-wrap elementor-element-populated\">\n\t\t\t\t\t\t<div class=\"elementor-element elementor-element-f102c93 animated-slow elementor-invisible elementor-widget elementor-widget-text-editor\" data-id=\"f102c93\" data-element_type=\"widget\" data-settings=\"{&quot;_animation&quot;:&quot;fadeInLeft&quot;}\" data-widget_type=\"text-editor.default\">\n\t\t\t\t<div class=\"elementor-widget-container\">\n\t\t\t\t\t\t\t\t\t<p><a href=\"https:\/\/www.brussels-expo.com\/en\/events\" target=\"_blank\" rel=\"noopener\"><img loading=\"lazy\" decoding=\"async\" class=\"alignnone wp-image-2221\" src=\"https:\/\/www.macapflag.com\/blog\/wp-content\/uploads\/2018\/07\/salon-professionnel-empack-brussels-2018-macap-1-300x74.jpg\" alt=\"\" width=\"771\" height=\"191\" srcset=\"https:\/\/www.macapflag.com\/blog\/wp-content\/uploads\/2018\/07\/salon-professionnel-empack-brussels-2018-macap-1-300x74.jpg 300w, https:\/\/www.macapflag.com\/blog\/wp-content\/uploads\/2018\/07\/salon-professionnel-empack-brussels-2018-macap-1.jpg 571w\" sizes=\"(max-width: 771px) 100vw, 771px\" \/><\/a><\/p>\t\t\t\t\t\t\t\t<\/div>\n\t\t\t\t<\/div>\n\t\t\t\t\t<\/div>\n\t\t<\/div>\n\t\t\t\t<div class=\"elementor-column elementor-col-50 elementor-top-column elementor-element elementor-element-8e3686e\" data-id=\"8e3686e\" data-element_type=\"column\">\n\t\t\t<div class=\"elementor-widget-wrap elementor-element-populated\">\n\t\t\t\t\t\t<div class=\"elementor-element elementor-element-89b441e animated-slow elementor-invisible elementor-widget elementor-widget-text-editor\" data-id=\"89b441e\" data-element_type=\"widget\" data-settings=\"{&quot;_animation&quot;:&quot;fadeInRight&quot;}\" data-widget_type=\"text-editor.default\">\n\t\t\t\t<div class=\"elementor-widget-container\">\n\t\t\t\t\t\t\t\t\t<p style=\"text-align: center;\"><span style=\"font-size: 14pt;\"><strong><a href=\"https:\/\/www.brussels-expo.com\/en\/events\" target=\"_blank\" rel=\"noopener\"><span style=\"color: #3366ff;\"><span style=\"font-size: 24pt;\">Empack Brussels\u00a0<\/span><\/span><\/a><\/strong><\/span><\/p><p><span style=\"font-size: 14pt;\"><strong><span style=\"color: #000000;\">Bruxelles (Belgique)<\/span><\/strong><\/span><br \/><span style=\"font-size: 14pt;\"><strong><span style=\"color: #000000;\">Du 3 au 4 Octobre 2018<\/span><\/strong><\/span><\/p><p><span style=\"font-size: 14pt; color: #000000;\">Salon des solutions innovantes pour l&#8217;emballage. Empack attire les pros des \u00e9quipements et technologies pour l&#8217;emballage, du marquage et de l&#8217;imprimerie, de la cr\u00e9ation et du design, ainsi que du recyclage et des services.<\/span><\/p>\t\t\t\t\t\t\t\t<\/div>\n\t\t\t\t<\/div>\n\t\t\t\t\t<\/div>\n\t\t<\/div>\n\t\t\t\t\t<\/div>\n\t\t<\/section>\n\t\t\t\t<section class=\"elementor-section elementor-top-section elementor-element elementor-element-6af2335 elementor-section-boxed elementor-section-height-default elementor-section-height-default\" data-id=\"6af2335\" data-element_type=\"section\">\n\t\t\t\t\t\t<div class=\"elementor-container elementor-column-gap-default\">\n\t\t\t\t\t<div class=\"elementor-column elementor-col-100 elementor-top-column elementor-element elementor-element-bf0de82\" data-id=\"bf0de82\" data-element_type=\"column\">\n\t\t\t<div class=\"elementor-widget-wrap elementor-element-populated\">\n\t\t\t\t\t\t<div class=\"elementor-element elementor-element-7d4a7ba elementor-widget elementor-widget-spacer\" data-id=\"7d4a7ba\" data-element_type=\"widget\" data-widget_type=\"spacer.default\">\n\t\t\t\t<div class=\"elementor-widget-container\">\n\t\t\t\t\t\t\t<div class=\"elementor-spacer\">\n\t\t\t<div class=\"elementor-spacer-inner\"><\/div>\n\t\t<\/div>\n\t\t\t\t\t\t<\/div>\n\t\t\t\t<\/div>\n\t\t\t\t\t<\/div>\n\t\t<\/div>\n\t\t\t\t\t<\/div>\n\t\t<\/section>\n\t\t\t\t<section class=\"elementor-section elementor-top-section elementor-element elementor-element-108d005 elementor-hidden-desktop elementor-section-boxed elementor-section-height-default elementor-section-height-default elementor-invisible\" data-id=\"108d005\" data-element_type=\"section\" data-settings=\"{&quot;animation&quot;:&quot;fadeInDown&quot;}\">\n\t\t\t\t\t\t<div class=\"elementor-container elementor-column-gap-default\">\n\t\t\t\t\t<div class=\"elementor-column elementor-col-100 elementor-top-column elementor-element elementor-element-e21f564\" data-id=\"e21f564\" data-element_type=\"column\">\n\t\t\t<div class=\"elementor-widget-wrap elementor-element-populated\">\n\t\t\t\t\t\t<div class=\"elementor-element elementor-element-cc65901 elementor-widget elementor-widget-text-editor\" data-id=\"cc65901\" data-element_type=\"widget\" data-widget_type=\"text-editor.default\">\n\t\t\t\t<div class=\"elementor-widget-container\">\n\t\t\t\t\t\t\t\t\t<p style=\"text-align: center;\"><span style=\"color: #000000; font-size: 12pt;\"><a href=\"https:\/\/salon-cprint.es\/\" target=\"_blank\" rel=\"noopener\"><img loading=\"lazy\" decoding=\"async\" class=\"alignnone wp-image-2217\" src=\"https:\/\/www.macapflag.com\/blog\/wp-content\/uploads\/2018\/07\/salon-professionnel-viscom-italia-2018-macap.jpg\" alt=\"\" width=\"185\" height=\"135\" \/><\/a><br \/><strong><span style=\"color: #3366ff; font-size: 18pt;\"><a href=\"https:\/\/salon-cprint.es\/\" target=\"_blank\" rel=\"noopener\"><span style=\"color: #3366ff;\">Viscom Italia<\/span><\/a><\/span><\/strong><\/span><\/p><p style=\"text-align: center;\"><span style=\"font-size: 14pt;\"><strong><span style=\"color: #000000;\">Milan (Italie)<\/span><\/strong><\/span><br \/><span style=\"font-size: 14pt;\"><strong><span style=\"color: #000000;\">Du 18 Octobre au 20 Octobre 2018<\/span><\/strong><\/span><\/p><p style=\"text-align: center;\"><span style=\"font-size: 14pt; color: #000000;\">Salon international de la communication visuelle.<\/span><\/p>\t\t\t\t\t\t\t\t<\/div>\n\t\t\t\t<\/div>\n\t\t\t\t\t<\/div>\n\t\t<\/div>\n\t\t\t\t\t<\/div>\n\t\t<\/section>\n\t\t\t\t<section class=\"elementor-section elementor-top-section elementor-element elementor-element-9708653 elementor-hidden-tablet elementor-hidden-phone elementor-section-boxed elementor-section-height-default elementor-section-height-default\" data-id=\"9708653\" data-element_type=\"section\">\n\t\t\t\t\t\t<div class=\"elementor-container elementor-column-gap-default\">\n\t\t\t\t\t<div class=\"elementor-column elementor-col-50 elementor-top-column elementor-element elementor-element-d81ebaa\" data-id=\"d81ebaa\" data-element_type=\"column\">\n\t\t\t<div class=\"elementor-widget-wrap elementor-element-populated\">\n\t\t\t\t\t\t<div class=\"elementor-element elementor-element-4041a80 animated-slow elementor-invisible elementor-widget elementor-widget-text-editor\" data-id=\"4041a80\" data-element_type=\"widget\" data-settings=\"{&quot;_animation&quot;:&quot;fadeInLeft&quot;}\" data-widget_type=\"text-editor.default\">\n\t\t\t\t<div class=\"elementor-widget-container\">\n\t\t\t\t\t\t\t\t\t<p style=\"text-align: center;\"><span style=\"font-size: 14pt;\"><strong><a href=\"https:\/\/salon-cprint.es\/\" target=\"_blank\" rel=\"noopener\"><span style=\"color: #3366ff;\"><span style=\"font-size: 24pt;\">Viscom Italia<\/span><\/span><\/a><\/strong><\/span><br \/><br \/><span style=\"font-size: 14pt;\"><strong><span style=\"color: #000000;\">Milan (Italie)<\/span><\/strong><\/span><br \/><span style=\"font-size: 14pt;\"><strong><span style=\"color: #000000;\">Du 18 Octobre au 20 Octobre 2018<\/span><\/strong><\/span><\/p><p style=\"text-align: center;\"><span style=\"font-size: 14pt; color: #000000;\">Salon international de la communication visuelle.<\/span><\/p>\t\t\t\t\t\t\t\t<\/div>\n\t\t\t\t<\/div>\n\t\t\t\t\t<\/div>\n\t\t<\/div>\n\t\t\t\t<div class=\"elementor-column elementor-col-50 elementor-top-column elementor-element elementor-element-5348062\" data-id=\"5348062\" data-element_type=\"column\">\n\t\t\t<div class=\"elementor-widget-wrap elementor-element-populated\">\n\t\t\t\t\t\t<div class=\"elementor-element elementor-element-841f4ce animated-slow elementor-invisible elementor-widget elementor-widget-text-editor\" data-id=\"841f4ce\" data-element_type=\"widget\" data-settings=\"{&quot;_animation&quot;:&quot;fadeInRight&quot;}\" data-widget_type=\"text-editor.default\">\n\t\t\t\t<div class=\"elementor-widget-container\">\n\t\t\t\t\t\t\t\t\t<p><a href=\"https:\/\/salon-cprint.es\/\" target=\"_blank\" rel=\"noopener\"><img loading=\"lazy\" decoding=\"async\" class=\"aligncenter wp-image-2217\" src=\"https:\/\/www.macapflag.com\/blog\/wp-content\/uploads\/2018\/07\/salon-professionnel-viscom-italia-2018-macap.jpg\" alt=\"\" width=\"259\" height=\"189\" \/><\/a><\/p>\t\t\t\t\t\t\t\t<\/div>\n\t\t\t\t<\/div>\n\t\t\t\t\t<\/div>\n\t\t<\/div>\n\t\t\t\t\t<\/div>\n\t\t<\/section>\n\t\t\t\t<section class=\"elementor-section elementor-top-section elementor-element elementor-element-5eecbcf elementor-section-boxed elementor-section-height-default elementor-section-height-default\" data-id=\"5eecbcf\" data-element_type=\"section\">\n\t\t\t\t\t\t<div class=\"elementor-container elementor-column-gap-default\">\n\t\t\t\t\t<div class=\"elementor-column elementor-col-100 elementor-top-column elementor-element elementor-element-3534f74\" data-id=\"3534f74\" data-element_type=\"column\">\n\t\t\t<div class=\"elementor-widget-wrap elementor-element-populated\">\n\t\t\t\t\t\t<div class=\"elementor-element elementor-element-08a94cc elementor-widget elementor-widget-spacer\" data-id=\"08a94cc\" data-element_type=\"widget\" data-widget_type=\"spacer.default\">\n\t\t\t\t<div class=\"elementor-widget-container\">\n\t\t\t\t\t\t\t<div class=\"elementor-spacer\">\n\t\t\t<div class=\"elementor-spacer-inner\"><\/div>\n\t\t<\/div>\n\t\t\t\t\t\t<\/div>\n\t\t\t\t<\/div>\n\t\t\t\t\t<\/div>\n\t\t<\/div>\n\t\t\t\t\t<\/div>\n\t\t<\/section>\n\t\t\t\t<section class=\"elementor-section elementor-top-section elementor-element elementor-element-087d949 elementor-hidden-desktop elementor-section-boxed elementor-section-height-default elementor-section-height-default elementor-invisible\" data-id=\"087d949\" data-element_type=\"section\" data-settings=\"{&quot;animation&quot;:&quot;fadeInDown&quot;}\">\n\t\t\t\t\t\t<div class=\"elementor-container elementor-column-gap-default\">\n\t\t\t\t\t<div class=\"elementor-column elementor-col-100 elementor-top-column elementor-element elementor-element-5e4c89d\" data-id=\"5e4c89d\" data-element_type=\"column\">\n\t\t\t<div class=\"elementor-widget-wrap elementor-element-populated\">\n\t\t\t\t\t\t<div class=\"elementor-element elementor-element-179a318 elementor-widget elementor-widget-text-editor\" data-id=\"179a318\" data-element_type=\"widget\" data-widget_type=\"text-editor.default\">\n\t\t\t\t<div class=\"elementor-widget-container\">\n\t\t\t\t\t\t\t\t\t<p style=\"text-align: center;\"><span style=\"color: #000000; font-size: 12pt;\"><a href=\"https:\/\/www.allinprint.com\/en\/\" target=\"_blank\" rel=\"noopener\"><img loading=\"lazy\" decoding=\"async\" class=\"alignnone wp-image-2208\" src=\"https:\/\/www.macapflag.com\/blog\/wp-content\/uploads\/2018\/07\/salon-professionnel-all-in-print-china-2018-macap-300x81.png\" alt=\"\" width=\"240\" height=\"65\" srcset=\"https:\/\/www.macapflag.com\/blog\/wp-content\/uploads\/2018\/07\/salon-professionnel-all-in-print-china-2018-macap-300x81.png 300w, https:\/\/www.macapflag.com\/blog\/wp-content\/uploads\/2018\/07\/salon-professionnel-all-in-print-china-2018-macap.png 595w\" sizes=\"(max-width: 240px) 100vw, 240px\" \/><\/a><br \/><span style=\"color: #3366ff; font-size: 14pt;\"><span style=\"font-size: 18pt;\"><a href=\"https:\/\/www.allinprint.com\/en\/\" target=\"_blank\" rel=\"noopener\"><span style=\"color: #3366ff;\"><strong>All in Print China<\/strong><\/span><\/a><\/span><\/span><\/span><\/p><p style=\"text-align: center;\"><span style=\"font-size: 14pt;\"><strong><span style=\"color: #000000;\">Bruxelles (Belgique)<\/span><\/strong><\/span><br \/><span style=\"font-size: 14pt;\"><strong><span style=\"color: #000000;\">Du 3 Octobre au 4 Octobre 2018<\/span><\/strong><\/span><\/p><p style=\"text-align: justify;\"><span style=\"font-size: 14pt; color: #000000;\">All in Print China est \u00e0 la t\u00eate du d\u00e9veloppement de l&#8217;imprimerie en Chine et promeut sa mise \u00e0 niveau technique, dans le but de construire une plate-forme int\u00e9gr\u00e9e pour l&#8217;\u00e9change et la promotion des nouvelles technologies, produits et mat\u00e9riaux dans l&#8217;industrie de l&#8217;impression.\u00a0All in Print China est bien plac\u00e9 pour apporter une plus grande contribution au d\u00e9veloppement de l&#8217;industrie mondiale de l&#8217;imprimerie.<\/span><\/p>\t\t\t\t\t\t\t\t<\/div>\n\t\t\t\t<\/div>\n\t\t\t\t\t<\/div>\n\t\t<\/div>\n\t\t\t\t\t<\/div>\n\t\t<\/section>\n\t\t\t\t<section class=\"elementor-section elementor-top-section elementor-element elementor-element-e69c072 elementor-hidden-tablet elementor-hidden-phone elementor-section-boxed elementor-section-height-default elementor-section-height-default\" data-id=\"e69c072\" data-element_type=\"section\">\n\t\t\t\t\t\t<div class=\"elementor-container elementor-column-gap-default\">\n\t\t\t\t\t<div class=\"elementor-column elementor-col-50 elementor-top-column elementor-element elementor-element-fe3d660\" data-id=\"fe3d660\" data-element_type=\"column\">\n\t\t\t<div class=\"elementor-widget-wrap elementor-element-populated\">\n\t\t\t\t\t\t<div class=\"elementor-element elementor-element-7026a54 animated-slow elementor-invisible elementor-widget elementor-widget-text-editor\" data-id=\"7026a54\" data-element_type=\"widget\" data-settings=\"{&quot;_animation&quot;:&quot;fadeInLeft&quot;}\" data-widget_type=\"text-editor.default\">\n\t\t\t\t<div class=\"elementor-widget-container\">\n\t\t\t\t\t\t\t\t\t<p><a href=\"https:\/\/www.allinprint.com\/en\/\" target=\"_blank\" rel=\"noopener\"><img loading=\"lazy\" decoding=\"async\" class=\"alignnone wp-image-2208\" src=\"https:\/\/www.macapflag.com\/blog\/wp-content\/uploads\/2018\/07\/salon-professionnel-all-in-print-china-2018-macap-300x81.png\" alt=\"\" width=\"976\" height=\"265\" srcset=\"https:\/\/www.macapflag.com\/blog\/wp-content\/uploads\/2018\/07\/salon-professionnel-all-in-print-china-2018-macap-300x81.png 300w, https:\/\/www.macapflag.com\/blog\/wp-content\/uploads\/2018\/07\/salon-professionnel-all-in-print-china-2018-macap.png 595w\" sizes=\"(max-width: 976px) 100vw, 976px\" \/><\/a><\/p>\t\t\t\t\t\t\t\t<\/div>\n\t\t\t\t<\/div>\n\t\t\t\t\t<\/div>\n\t\t<\/div>\n\t\t\t\t<div class=\"elementor-column elementor-col-50 elementor-top-column elementor-element elementor-element-0292d91\" data-id=\"0292d91\" data-element_type=\"column\">\n\t\t\t<div class=\"elementor-widget-wrap elementor-element-populated\">\n\t\t\t\t\t\t<div class=\"elementor-element elementor-element-c3bddf9 animated-slow elementor-invisible elementor-widget elementor-widget-text-editor\" data-id=\"c3bddf9\" data-element_type=\"widget\" data-settings=\"{&quot;_animation&quot;:&quot;fadeInRight&quot;}\" data-widget_type=\"text-editor.default\">\n\t\t\t\t<div class=\"elementor-widget-container\">\n\t\t\t\t\t\t\t\t\t<p style=\"text-align: center;\"><span style=\"font-size: 24pt;\"><a href=\"https:\/\/www.allinprint.com\/en\/\" target=\"_blank\" rel=\"noopener\"><span style=\"color: #3366ff;\"><strong>All in Print China<\/strong><\/span><\/a><\/span><\/p><p style=\"text-align: center;\"><span style=\"font-size: 14pt;\"><strong><span style=\"color: #000000;\">Bruxelles (Belgique)<\/span><\/strong><\/span><br \/><span style=\"font-size: 14pt;\"><strong><span style=\"color: #000000;\">Du 3 Octobre au 4 Octobre 2018<\/span><\/strong><\/span><\/p><p style=\"text-align: justify;\"><span style=\"font-size: 14pt; color: #000000;\">All in Print China est \u00e0 la t\u00eate du d\u00e9veloppement de l&#8217;imprimerie en Chine et promeut sa mise \u00e0 niveau technique, dans le but de construire une plate-forme int\u00e9gr\u00e9e pour l&#8217;\u00e9change et la promotion des nouvelles technologies, produits et mat\u00e9riaux dans l&#8217;industrie de l&#8217;impression.\u00a0All in Print China est bien plac\u00e9 pour apporter une plus grande contribution au d\u00e9veloppement de l&#8217;industrie mondiale de l&#8217;imprimerie.<\/span><\/p>\t\t\t\t\t\t\t\t<\/div>\n\t\t\t\t<\/div>\n\t\t\t\t\t<\/div>\n\t\t<\/div>\n\t\t\t\t\t<\/div>\n\t\t<\/section>\n\t\t\t\t<section class=\"elementor-section elementor-top-section elementor-element elementor-element-e863335 elementor-section-boxed elementor-section-height-default elementor-section-height-default\" data-id=\"e863335\" data-element_type=\"section\">\n\t\t\t\t\t\t<div class=\"elementor-container elementor-column-gap-default\">\n\t\t\t\t\t<div class=\"elementor-column elementor-col-100 elementor-top-column elementor-element elementor-element-8d0abe3\" data-id=\"8d0abe3\" data-element_type=\"column\">\n\t\t\t<div class=\"elementor-widget-wrap elementor-element-populated\">\n\t\t\t\t\t\t<div class=\"elementor-element elementor-element-da78170 elementor-widget elementor-widget-spacer\" data-id=\"da78170\" data-element_type=\"widget\" data-widget_type=\"spacer.default\">\n\t\t\t\t<div class=\"elementor-widget-container\">\n\t\t\t\t\t\t\t<div class=\"elementor-spacer\">\n\t\t\t<div class=\"elementor-spacer-inner\"><\/div>\n\t\t<\/div>\n\t\t\t\t\t\t<\/div>\n\t\t\t\t<\/div>\n\t\t\t\t\t<\/div>\n\t\t<\/div>\n\t\t\t\t\t<\/div>\n\t\t<\/section>\n\t\t\t\t<section class=\"elementor-section elementor-top-section elementor-element elementor-element-57126af elementor-hidden-desktop elementor-section-boxed elementor-section-height-default elementor-section-height-default elementor-invisible\" data-id=\"57126af\" data-element_type=\"section\" data-settings=\"{&quot;animation&quot;:&quot;fadeInDown&quot;}\">\n\t\t\t\t\t\t<div class=\"elementor-container elementor-column-gap-default\">\n\t\t\t\t\t<div class=\"elementor-column elementor-col-100 elementor-top-column elementor-element elementor-element-b133497\" data-id=\"b133497\" data-element_type=\"column\">\n\t\t\t<div class=\"elementor-widget-wrap elementor-element-populated\">\n\t\t\t\t\t\t<div class=\"elementor-element elementor-element-82ff897 elementor-widget elementor-widget-text-editor\" data-id=\"82ff897\" data-element_type=\"widget\" data-widget_type=\"text-editor.default\">\n\t\t\t\t<div class=\"elementor-widget-container\">\n\t\t\t\t\t\t\t\t\t<p style=\"text-align: center;\"><span style=\"color: #000000; font-size: 12pt;\"><a href=\"http:\/\/www.signtoday.biz\/#\" target=\"_blank\" rel=\"noopener\"><img loading=\"lazy\" decoding=\"async\" class=\"alignnone wp-image-2215 size-full\" src=\"https:\/\/www.macapflag.com\/blog\/wp-content\/uploads\/2018\/07\/salon-professionnel-sign-today-sri-lanka-2018-macap.gif\" alt=\"\" width=\"183\" height=\"116\" \/><\/a><br \/><span style=\"font-size: 14pt;\"><strong><span style=\"color: #3366ff;\"><span style=\"font-size: 18pt;\"><a href=\"http:\/\/www.signtoday.biz\/#\" target=\"_blank\" rel=\"noopener\"><span style=\"color: #3366ff;\">Sign today Colombo<\/span><\/a><\/span><\/span><\/strong><\/span><\/span><\/p><p style=\"text-align: center;\"><strong><span style=\"color: #000000; font-size: 14pt;\">Colombo (Sri Lanka) <\/span><\/strong><br \/><strong><span style=\"font-size: 14pt; color: #000000;\">Du 16 Novembre au 18\u00a0 Novembre 2018<\/span><\/strong><\/p><p style=\"text-align: justify;\"><span style=\"font-size: 14pt; color: #000000;\">Salon de la communication visuelle et de la publicit\u00e9. Le succ\u00e8s des pr\u00e9c\u00e9dentes \u00e9ditions de Sign Today a jet\u00e9 de solides bases pour le Salon International de la Photographie, de la Vid\u00e9ographie et de l&#8217;Imagerie Num\u00e9rique qui a eu lieu les 27, 28 et 29 juin 2018 \u00e0 Bangalore.\u00a0La signalisation est une option m\u00e9diatique importante dans le monde de la publicit\u00e9.<\/span><\/p>\t\t\t\t\t\t\t\t<\/div>\n\t\t\t\t<\/div>\n\t\t\t\t\t<\/div>\n\t\t<\/div>\n\t\t\t\t\t<\/div>\n\t\t<\/section>\n\t\t\t\t<section class=\"elementor-section elementor-top-section elementor-element elementor-element-babb8a6 elementor-hidden-tablet elementor-hidden-phone elementor-section-boxed elementor-section-height-default elementor-section-height-default\" data-id=\"babb8a6\" data-element_type=\"section\">\n\t\t\t\t\t\t<div class=\"elementor-container elementor-column-gap-default\">\n\t\t\t\t\t<div class=\"elementor-column elementor-col-50 elementor-top-column elementor-element elementor-element-2148c5a\" data-id=\"2148c5a\" data-element_type=\"column\">\n\t\t\t<div class=\"elementor-widget-wrap elementor-element-populated\">\n\t\t\t\t\t\t<div class=\"elementor-element elementor-element-b1e3016 animated-slow elementor-invisible elementor-widget elementor-widget-text-editor\" data-id=\"b1e3016\" data-element_type=\"widget\" data-settings=\"{&quot;_animation&quot;:&quot;fadeInLeft&quot;}\" data-widget_type=\"text-editor.default\">\n\t\t\t\t<div class=\"elementor-widget-container\">\n\t\t\t\t\t\t\t\t\t<p style=\"text-align: center;\"><span style=\"color: #3366ff; font-size: 24pt;\"><strong><a style=\"color: #3366ff;\" href=\"http:\/\/www.signtoday.biz\/#\" target=\"_blank\" rel=\"noopener\">Sign today Colombo<\/a><\/strong><\/span><\/p><p style=\"text-align: center;\"><span style=\"color: #000000;\"><strong><span style=\"font-size: 14pt;\">Colombo (Sri Lanka) <\/span><\/strong><\/span><br \/><span style=\"color: #000000;\"><strong><span style=\"font-size: 14pt;\">Du 16 Novembre au 18\u00a0 Novembre 2018<\/span><\/strong><\/span><\/p><p style=\"text-align: justify;\"><span style=\"font-size: 14pt; color: #000000;\">Salon de la communication visuelle et de la publicit\u00e9. Le succ\u00e8s des pr\u00e9c\u00e9dentes \u00e9ditions de Sign Today a jet\u00e9 de solides bases pour le Salon International de la Photographie, de la Vid\u00e9ographie et de l&#8217;Imagerie Num\u00e9rique qui a eu lieu les 27, 28 et 29 juin 2018 \u00e0 Bangalore.\u00a0La signalisation est une option m\u00e9diatique importante dans le monde de la publicit\u00e9.<\/span><\/p>\t\t\t\t\t\t\t\t<\/div>\n\t\t\t\t<\/div>\n\t\t\t\t\t<\/div>\n\t\t<\/div>\n\t\t\t\t<div class=\"elementor-column elementor-col-50 elementor-top-column elementor-element elementor-element-f36f31b\" data-id=\"f36f31b\" data-element_type=\"column\">\n\t\t\t<div class=\"elementor-widget-wrap elementor-element-populated\">\n\t\t\t\t\t\t<div class=\"elementor-element elementor-element-f6a45b8 animated-slow elementor-invisible elementor-widget elementor-widget-text-editor\" data-id=\"f6a45b8\" data-element_type=\"widget\" data-settings=\"{&quot;_animation&quot;:&quot;fadeInRight&quot;}\" data-widget_type=\"text-editor.default\">\n\t\t\t\t<div class=\"elementor-widget-container\">\n\t\t\t\t\t\t\t\t\t<p><a href=\"http:\/\/www.signtoday.biz\/#\" target=\"_blank\" rel=\"noopener\"><img loading=\"lazy\" decoding=\"async\" class=\"aligncenter wp-image-2215\" src=\"https:\/\/www.macapflag.com\/blog\/wp-content\/uploads\/2018\/07\/salon-professionnel-sign-today-sri-lanka-2018-macap.gif\" alt=\"\" width=\"282\" height=\"179\" \/><\/a><\/p>\t\t\t\t\t\t\t\t<\/div>\n\t\t\t\t<\/div>\n\t\t\t\t\t<\/div>\n\t\t<\/div>\n\t\t\t\t\t<\/div>\n\t\t<\/section>\n\t\t\t\t<section class=\"elementor-section elementor-top-section elementor-element elementor-element-27c0a34 elementor-section-boxed elementor-section-height-default elementor-section-height-default\" data-id=\"27c0a34\" data-element_type=\"section\">\n\t\t\t\t\t\t<div class=\"elementor-container elementor-column-gap-default\">\n\t\t\t\t\t<div class=\"elementor-column elementor-col-100 elementor-top-column elementor-element elementor-element-a558604\" data-id=\"a558604\" data-element_type=\"column\">\n\t\t\t<div class=\"elementor-widget-wrap elementor-element-populated\">\n\t\t\t\t\t\t<div class=\"elementor-element elementor-element-6c3fc3c elementor-widget elementor-widget-spacer\" data-id=\"6c3fc3c\" data-element_type=\"widget\" data-widget_type=\"spacer.default\">\n\t\t\t\t<div class=\"elementor-widget-container\">\n\t\t\t\t\t\t\t<div class=\"elementor-spacer\">\n\t\t\t<div class=\"elementor-spacer-inner\"><\/div>\n\t\t<\/div>\n\t\t\t\t\t\t<\/div>\n\t\t\t\t<\/div>\n\t\t\t\t\t<\/div>\n\t\t<\/div>\n\t\t\t\t\t<\/div>\n\t\t<\/section>\n\t\t\t\t<section class=\"elementor-section elementor-top-section elementor-element elementor-element-5697e7a elementor-hidden-desktop elementor-section-boxed elementor-section-height-default elementor-section-height-default elementor-invisible\" data-id=\"5697e7a\" data-element_type=\"section\" data-settings=\"{&quot;animation&quot;:&quot;fadeInDown&quot;}\">\n\t\t\t\t\t\t<div class=\"elementor-container elementor-column-gap-default\">\n\t\t\t\t\t<div class=\"elementor-column elementor-col-100 elementor-top-column elementor-element elementor-element-173ade5\" data-id=\"173ade5\" data-element_type=\"column\">\n\t\t\t<div class=\"elementor-widget-wrap elementor-element-populated\">\n\t\t\t\t\t\t<div class=\"elementor-element elementor-element-c2e2ee0 elementor-widget elementor-widget-text-editor\" data-id=\"c2e2ee0\" data-element_type=\"widget\" data-widget_type=\"text-editor.default\">\n\t\t\t\t<div class=\"elementor-widget-container\">\n\t\t\t\t\t\t\t\t\t<p style=\"text-align: center;\"><span style=\"color: #000000; font-size: 12pt;\"><img loading=\"lazy\" decoding=\"async\" class=\"alignnone wp-image-2213\" src=\"https:\/\/www.macapflag.com\/blog\/wp-content\/uploads\/2018\/07\/salon-professionnel-inprint-italy-milan-2018-macap-300x127.png\" alt=\"\" width=\"280\" height=\"119\" srcset=\"https:\/\/www.macapflag.com\/blog\/wp-content\/uploads\/2018\/07\/salon-professionnel-inprint-italy-milan-2018-macap-300x127.png 300w, https:\/\/www.macapflag.com\/blog\/wp-content\/uploads\/2018\/07\/salon-professionnel-inprint-italy-milan-2018-macap.png 346w\" sizes=\"(max-width: 280px) 100vw, 280px\" \/><br \/><span style=\"font-size: 14pt;\"><strong><span style=\"color: #3366ff;\"><span style=\"color: #3366ff;\"><span style=\"font-size: 18pt;\">Inprint Italy<\/span><\/span><\/span><\/strong><\/span><\/span><\/p><p>Milan (Italie)\u00a0<br \/><span style=\"font-size: 14pt;\"><strong><span style=\"color: #000000;\">Du 20 Novembre au 22\u00a0 Novembre 2018<\/span><\/strong><\/span><\/p><p style=\"text-align: center;\"><span style=\"font-size: 14pt; color: #000000;\">Salon international des technologies d&#8217;impression pour l&#8217;industrie.<\/span><\/p>\t\t\t\t\t\t\t\t<\/div>\n\t\t\t\t<\/div>\n\t\t\t\t\t<\/div>\n\t\t<\/div>\n\t\t\t\t\t<\/div>\n\t\t<\/section>\n\t\t\t\t<section class=\"elementor-section elementor-top-section elementor-element elementor-element-833fd46 elementor-hidden-tablet elementor-hidden-phone elementor-section-boxed elementor-section-height-default elementor-section-height-default\" data-id=\"833fd46\" data-element_type=\"section\">\n\t\t\t\t\t\t<div class=\"elementor-container elementor-column-gap-default\">\n\t\t\t\t\t<div class=\"elementor-column elementor-col-50 elementor-top-column elementor-element elementor-element-1f755b0\" data-id=\"1f755b0\" data-element_type=\"column\">\n\t\t\t<div class=\"elementor-widget-wrap elementor-element-populated\">\n\t\t\t\t\t\t<div class=\"elementor-element elementor-element-a42ed1e animated-slow elementor-invisible elementor-widget elementor-widget-text-editor\" data-id=\"a42ed1e\" data-element_type=\"widget\" data-settings=\"{&quot;_animation&quot;:&quot;fadeInLeft&quot;}\" data-widget_type=\"text-editor.default\">\n\t\t\t\t<div class=\"elementor-widget-container\">\n\t\t\t\t\t\t\t\t\t<p><img loading=\"lazy\" decoding=\"async\" class=\"aligncenter wp-image-2213\" src=\"https:\/\/www.macapflag.com\/blog\/wp-content\/uploads\/2018\/07\/salon-professionnel-inprint-italy-milan-2018-macap-300x127.png\" alt=\"\" width=\"413\" height=\"175\" srcset=\"https:\/\/www.macapflag.com\/blog\/wp-content\/uploads\/2018\/07\/salon-professionnel-inprint-italy-milan-2018-macap-300x127.png 300w, https:\/\/www.macapflag.com\/blog\/wp-content\/uploads\/2018\/07\/salon-professionnel-inprint-italy-milan-2018-macap.png 346w\" sizes=\"(max-width: 413px) 100vw, 413px\" \/><\/p>\t\t\t\t\t\t\t\t<\/div>\n\t\t\t\t<\/div>\n\t\t\t\t\t<\/div>\n\t\t<\/div>\n\t\t\t\t<div class=\"elementor-column elementor-col-50 elementor-top-column elementor-element elementor-element-cc05a95\" data-id=\"cc05a95\" data-element_type=\"column\">\n\t\t\t<div class=\"elementor-widget-wrap elementor-element-populated\">\n\t\t\t\t\t\t<div class=\"elementor-element elementor-element-c2259c9 animated-slow elementor-invisible elementor-widget elementor-widget-text-editor\" data-id=\"c2259c9\" data-element_type=\"widget\" data-settings=\"{&quot;_animation&quot;:&quot;fadeInRight&quot;}\" data-widget_type=\"text-editor.default\">\n\t\t\t\t<div class=\"elementor-widget-container\">\n\t\t\t\t\t\t\t\t\t<p style=\"text-align: center;\"><span style=\"color: #000000; font-size: 12pt;\"><span style=\"font-size: 14pt;\"><strong><span style=\"color: #3366ff;\"><span style=\"font-size: 24pt;\">Inprint Italy<\/span><\/span><\/strong><\/span><\/span><\/p><p>Milan (Italie)\u00a0<br \/><span style=\"font-size: 14pt;\"><strong><span style=\"color: #000000;\">Du 20 Novembre au 22\u00a0 Novembre 2018<\/span><\/strong><\/span><\/p><p style=\"text-align: center;\"><span style=\"font-size: 14pt; color: #000000;\">Salon international des technologies d&#8217;impression pour l&#8217;industrie.<\/span><\/p>\t\t\t\t\t\t\t\t<\/div>\n\t\t\t\t<\/div>\n\t\t\t\t\t<\/div>\n\t\t<\/div>\n\t\t\t\t\t<\/div>\n\t\t<\/section>\n\t\t\t\t<section class=\"elementor-section elementor-top-section elementor-element elementor-element-eb07c95 elementor-section-boxed elementor-section-height-default elementor-section-height-default\" data-id=\"eb07c95\" data-element_type=\"section\">\n\t\t\t\t\t\t<div class=\"elementor-container elementor-column-gap-default\">\n\t\t\t\t\t<div class=\"elementor-column elementor-col-100 elementor-top-column elementor-element elementor-element-8a9751f\" data-id=\"8a9751f\" data-element_type=\"column\">\n\t\t\t<div class=\"elementor-widget-wrap elementor-element-populated\">\n\t\t\t\t\t\t<div class=\"elementor-element elementor-element-d7a1776 elementor-widget elementor-widget-text-editor\" data-id=\"d7a1776\" data-element_type=\"widget\" data-widget_type=\"text-editor.default\">\n\t\t\t\t<div class=\"elementor-widget-container\">\n\t\t\t\t\t\t\t\t\t<p><img loading=\"lazy\" decoding=\"async\" class=\"size-full wp-image-2887 aligncenter\" src=\"https:\/\/www.macapflag.com\/blog\/wp-content\/uploads\/2018\/10\/picto-newsactu235x135.gif\" alt=\"\" width=\"235\" height=\"135\" \/><\/p>\t\t\t\t\t\t\t\t<\/div>\n\t\t\t\t<\/div>\n\t\t\t\t\t<\/div>\n\t\t<\/div>\n\t\t\t\t\t<\/div>\n\t\t<\/section>\n\t\t\t\t<section class=\"elementor-section elementor-top-section elementor-element elementor-element-672e7c7 elementor-section-boxed elementor-section-height-default elementor-section-height-default\" data-id=\"672e7c7\" data-element_type=\"section\">\n\t\t\t\t\t\t<div class=\"elementor-container elementor-column-gap-default\">\n\t\t\t\t\t<div class=\"elementor-column elementor-col-100 elementor-top-column elementor-element elementor-element-a3d8e62\" data-id=\"a3d8e62\" data-element_type=\"column\">\n\t\t\t<div class=\"elementor-widget-wrap elementor-element-populated\">\n\t\t\t\t\t\t<div class=\"elementor-element elementor-element-105865a elementor-widget elementor-widget-text-editor\" data-id=\"105865a\" data-element_type=\"widget\" data-widget_type=\"text-editor.default\">\n\t\t\t\t<div class=\"elementor-widget-container\">\n\t\t\t\t\t\t\t\t\t<p style=\"text-align: center;\"><span style=\"font-size: 14pt;\"><span style=\"color: #000000;\"><strong><span style=\"font-family: 'Futura Bk BT';\">Macap<\/span><\/strong><\/span> <span style=\"color: #808080;\"><strong><span style=\"font-family: 'Futura Bk BT';\">&#8211; 6 Ao\u00fbt 2018<br \/><\/span><\/strong><\/span><\/span><\/p>\t\t\t\t\t\t\t\t<\/div>\n\t\t\t\t<\/div>\n\t\t\t\t\t<\/div>\n\t\t<\/div>\n\t\t\t\t\t<\/div>\n\t\t<\/section>\n\t\t\t\t<section class=\"elementor-section elementor-top-section elementor-element elementor-element-c0274af elementor-section-boxed elementor-section-height-default elementor-section-height-default\" data-id=\"c0274af\" data-element_type=\"section\">\n\t\t\t\t\t\t<div class=\"elementor-container elementor-column-gap-default\">\n\t\t\t\t\t<div class=\"elementor-column elementor-col-100 elementor-top-column elementor-element elementor-element-a6c44a8\" data-id=\"a6c44a8\" data-element_type=\"column\">\n\t\t\t<div class=\"elementor-widget-wrap elementor-element-populated\">\n\t\t\t\t\t\t<div class=\"elementor-element elementor-element-328fc08 elementor-widget elementor-widget-spacer\" data-id=\"328fc08\" data-element_type=\"widget\" data-widget_type=\"spacer.default\">\n\t\t\t\t<div class=\"elementor-widget-container\">\n\t\t\t\t\t\t\t<div class=\"elementor-spacer\">\n\t\t\t<div class=\"elementor-spacer-inner\"><\/div>\n\t\t<\/div>\n\t\t\t\t\t\t<\/div>\n\t\t\t\t<\/div>\n\t\t\t\t\t<\/div>\n\t\t<\/div>\n\t\t\t\t\t<\/div>\n\t\t<\/section>\n\t\t\t\t<\/div>\n\t\t","protected":false},"excerpt":{"rendered":"<div class=\"tmnf_excerpt\"><p>Salons professionnels en FRANCE Septembre, Octobre, Novembre, D\u00e9cembre\u00a02018 Salons professionnels en FRANCE Septembre, Octobre, Novembre, D\u00e9cembre\u00a02018 Paris retail week e-commerce Paris expo Portes de VersaillesDu 10 au 12 Septembre 2018 Paris Retail Week pr\u00e9sente son\u00a0secteur E-Commerce, d\u00e9di\u00e9 aux\u00a0solutions pour les e-commer\u00e7ants, du marketing digital \u00e0 la logistique. Paris retail week e-commerce Paris expo Portes de &hellip;<\/p>\n<\/div>","protected":false},"author":2,"featured_media":2233,"comment_status":"closed","ping_status":"open","sticky":false,"template":"template-fullwidth.php","format":"standard","meta":{"footnotes":""},"categories":[92],"tags":[113,110,112,109,111],"class_list":["post-2187","post","type-post","status-publish","format-standard","has-post-thumbnail","hentry","category-news","tag-communication","tag-dates-salons","tag-imprimerie","tag-salons","tag-salons-professionnels"],"yoast_head":"<!-- This site is optimized with the Yoast SEO plugin v26.4 - https:\/\/yoast.com\/wordpress\/plugins\/seo\/ -->\n<title>Salons professionnels imprimerie et communication France et Monde 2018<\/title>\n<meta name=\"description\" content=\"Ne ratez pas la s\u00e9lection Macap : d\u00e9couvrez les salons de l&#039;imprimerie et de la communication en France et dans le monde pour la fin de l&#039;ann\u00e9e 2018 !\" \/>\n<meta name=\"robots\" content=\"index, follow, max-snippet:-1, max-image-preview:large, max-video-preview:-1\" \/>\n<link rel=\"canonical\" href=\"https:\/\/www.macapflag.com\/blog\/salons-imprimerie-communication-france-monde-2018\/\" \/>\n<meta property=\"og:locale\" content=\"fr_FR\" \/>\n<meta property=\"og:type\" content=\"article\" \/>\n<meta property=\"og:title\" content=\"Salons professionnels imprimerie et communication France et Monde 2018\" \/>\n<meta property=\"og:description\" content=\"Ne ratez pas la s\u00e9lection Macap : d\u00e9couvrez les salons de l&#039;imprimerie et de la communication en France et dans le monde pour la fin de l&#039;ann\u00e9e 2018 !\" \/>\n<meta property=\"og:url\" content=\"https:\/\/www.macapflag.com\/blog\/salons-imprimerie-communication-france-monde-2018\/\" \/>\n<meta property=\"og:site_name\" content=\"Blog - Macap\" \/>\n<meta property=\"article:publisher\" content=\"https:\/\/www.facebook.com\/macap.pavoisement\/\" \/>\n<meta property=\"article:published_time\" content=\"2018-08-06T07:49:18+00:00\" \/>\n<meta property=\"article:modified_time\" content=\"2021-02-23T15:06:44+00:00\" \/>\n<meta property=\"og:image\" content=\"https:\/\/www.macapflag.com\/blog\/wp-content\/uploads\/2018\/07\/salon-Cprint-Macap-imprimeur-textile-scaled.jpg\" \/>\n\t<meta property=\"og:image:width\" content=\"2560\" \/>\n\t<meta property=\"og:image:height\" content=\"1707\" \/>\n\t<meta property=\"og:image:type\" content=\"image\/jpeg\" \/>\n<meta name=\"author\" content=\"Blog Macap\" \/>\n<meta name=\"twitter:card\" content=\"summary_large_image\" \/>\n<meta name=\"twitter:label1\" content=\"\u00c9crit par\" \/>\n\t<meta name=\"twitter:data1\" content=\"Blog Macap\" \/>\n\t<meta name=\"twitter:label2\" content=\"Dur\u00e9e de lecture estim\u00e9e\" \/>\n\t<meta name=\"twitter:data2\" content=\"12 minutes\" \/>\n<script type=\"application\/ld+json\" class=\"yoast-schema-graph\">{\"@context\":\"https:\/\/schema.org\",\"@graph\":[{\"@type\":\"Article\",\"@id\":\"https:\/\/www.macapflag.com\/blog\/salons-imprimerie-communication-france-monde-2018\/#article\",\"isPartOf\":{\"@id\":\"https:\/\/www.macapflag.com\/blog\/salons-imprimerie-communication-france-monde-2018\/\"},\"author\":{\"name\":\"Blog Macap\",\"@id\":\"https:\/\/www.macapflag.com\/blog\/#\/schema\/person\/3fea701f2603875e651e6b662578fc3c\"},\"headline\":\"Salons professionnels Imprimerie et Communication &#8211; France &#038; Monde 2\u00e8me Semestre 2018\",\"datePublished\":\"2018-08-06T07:49:18+00:00\",\"dateModified\":\"2021-02-23T15:06:44+00:00\",\"mainEntityOfPage\":{\"@id\":\"https:\/\/www.macapflag.com\/blog\/salons-imprimerie-communication-france-monde-2018\/\"},\"wordCount\":1182,\"publisher\":{\"@id\":\"https:\/\/www.macapflag.com\/blog\/#organization\"},\"image\":{\"@id\":\"https:\/\/www.macapflag.com\/blog\/salons-imprimerie-communication-france-monde-2018\/#primaryimage\"},\"thumbnailUrl\":\"https:\/\/www.macapflag.com\/blog\/wp-content\/uploads\/2018\/07\/salon-Cprint-Macap-imprimeur-textile-scaled.jpg\",\"keywords\":[\"communication\",\"dates salons\",\"imprimerie\",\"salons\",\"salons professionnels\"],\"articleSection\":[\"News &amp; Actu\"],\"inLanguage\":\"fr-FR\"},{\"@type\":\"WebPage\",\"@id\":\"https:\/\/www.macapflag.com\/blog\/salons-imprimerie-communication-france-monde-2018\/\",\"url\":\"https:\/\/www.macapflag.com\/blog\/salons-imprimerie-communication-france-monde-2018\/\",\"name\":\"Salons professionnels imprimerie et communication France et Monde 2018\",\"isPartOf\":{\"@id\":\"https:\/\/www.macapflag.com\/blog\/#website\"},\"primaryImageOfPage\":{\"@id\":\"https:\/\/www.macapflag.com\/blog\/salons-imprimerie-communication-france-monde-2018\/#primaryimage\"},\"image\":{\"@id\":\"https:\/\/www.macapflag.com\/blog\/salons-imprimerie-communication-france-monde-2018\/#primaryimage\"},\"thumbnailUrl\":\"https:\/\/www.macapflag.com\/blog\/wp-content\/uploads\/2018\/07\/salon-Cprint-Macap-imprimeur-textile-scaled.jpg\",\"datePublished\":\"2018-08-06T07:49:18+00:00\",\"dateModified\":\"2021-02-23T15:06:44+00:00\",\"description\":\"Ne ratez pas la s\u00e9lection Macap : d\u00e9couvrez les salons de l'imprimerie et de la communication en France et dans le monde pour la fin de l'ann\u00e9e 2018 !\",\"breadcrumb\":{\"@id\":\"https:\/\/www.macapflag.com\/blog\/salons-imprimerie-communication-france-monde-2018\/#breadcrumb\"},\"inLanguage\":\"fr-FR\",\"potentialAction\":[{\"@type\":\"ReadAction\",\"target\":[\"https:\/\/www.macapflag.com\/blog\/salons-imprimerie-communication-france-monde-2018\/\"]}]},{\"@type\":\"ImageObject\",\"inLanguage\":\"fr-FR\",\"@id\":\"https:\/\/www.macapflag.com\/blog\/salons-imprimerie-communication-france-monde-2018\/#primaryimage\",\"url\":\"https:\/\/www.macapflag.com\/blog\/wp-content\/uploads\/2018\/07\/salon-Cprint-Macap-imprimeur-textile-scaled.jpg\",\"contentUrl\":\"https:\/\/www.macapflag.com\/blog\/wp-content\/uploads\/2018\/07\/salon-Cprint-Macap-imprimeur-textile-scaled.jpg\",\"width\":2560,\"height\":1707,\"caption\":\"salon-macap-kit-salon-visibilit\u00e9\"},{\"@type\":\"BreadcrumbList\",\"@id\":\"https:\/\/www.macapflag.com\/blog\/salons-imprimerie-communication-france-monde-2018\/#breadcrumb\",\"itemListElement\":[{\"@type\":\"ListItem\",\"position\":1,\"name\":\"Accueil\",\"item\":\"https:\/\/www.macapflag.com\/blog\/\"},{\"@type\":\"ListItem\",\"position\":2,\"name\":\"Salons professionnels Imprimerie et Communication &#8211; France &#038; Monde 2\u00e8me Semestre 2018\"}]},{\"@type\":\"WebSite\",\"@id\":\"https:\/\/www.macapflag.com\/blog\/#website\",\"url\":\"https:\/\/www.macapflag.com\/blog\/\",\"name\":\"Blog - Macap\",\"description\":\"Tous nos articles\",\"publisher\":{\"@id\":\"https:\/\/www.macapflag.com\/blog\/#organization\"},\"potentialAction\":[{\"@type\":\"SearchAction\",\"target\":{\"@type\":\"EntryPoint\",\"urlTemplate\":\"https:\/\/www.macapflag.com\/blog\/?s={search_term_string}\"},\"query-input\":{\"@type\":\"PropertyValueSpecification\",\"valueRequired\":true,\"valueName\":\"search_term_string\"}}],\"inLanguage\":\"fr-FR\"},{\"@type\":\"Organization\",\"@id\":\"https:\/\/www.macapflag.com\/blog\/#organization\",\"name\":\"macapflag\",\"url\":\"https:\/\/www.macapflag.com\/blog\/\",\"logo\":{\"@type\":\"ImageObject\",\"inLanguage\":\"fr-FR\",\"@id\":\"https:\/\/www.macapflag.com\/blog\/#\/schema\/logo\/image\/\",\"url\":\"https:\/\/www.macapflag.com\/blog\/wp-content\/uploads\/2020\/12\/cropped-M-512-1.png\",\"contentUrl\":\"https:\/\/www.macapflag.com\/blog\/wp-content\/uploads\/2020\/12\/cropped-M-512-1.png\",\"width\":512,\"height\":512,\"caption\":\"macapflag\"},\"image\":{\"@id\":\"https:\/\/www.macapflag.com\/blog\/#\/schema\/logo\/image\/\"},\"sameAs\":[\"https:\/\/www.facebook.com\/macap.pavoisement\/\",\"https:\/\/www.instagram.com\/macapflag\/?hl=fr\",\"https:\/\/www.linkedin.com\/company\/macap\/?originalSubdomain=fr\",\"https:\/\/www.youtube.com\/channel\/UCXNzTIdZh9poEBjSXEqDtNw\"]},{\"@type\":\"Person\",\"@id\":\"https:\/\/www.macapflag.com\/blog\/#\/schema\/person\/3fea701f2603875e651e6b662578fc3c\",\"name\":\"Blog Macap\",\"image\":{\"@type\":\"ImageObject\",\"inLanguage\":\"fr-FR\",\"@id\":\"https:\/\/www.macapflag.com\/blog\/#\/schema\/person\/image\/\",\"url\":\"https:\/\/secure.gravatar.com\/avatar\/c12551f2dc51f0db049633b03e7856985477a70da834cc8967dea4ce54bdd6a2?s=96&d=mm&r=g\",\"contentUrl\":\"https:\/\/secure.gravatar.com\/avatar\/c12551f2dc51f0db049633b03e7856985477a70da834cc8967dea4ce54bdd6a2?s=96&d=mm&r=g\",\"caption\":\"Blog Macap\"},\"url\":\"https:\/\/www.macapflag.com\/blog\/author\/macap\/\"}]}<\/script>\n<!-- \/ Yoast SEO plugin. -->","yoast_head_json":{"title":"Salons professionnels imprimerie et communication France et Monde 2018","description":"Ne ratez pas la s\u00e9lection Macap : d\u00e9couvrez les salons de l'imprimerie et de la communication en France et dans le monde pour la fin de l'ann\u00e9e 2018 !","robots":{"index":"index","follow":"follow","max-snippet":"max-snippet:-1","max-image-preview":"max-image-preview:large","max-video-preview":"max-video-preview:-1"},"canonical":"https:\/\/www.macapflag.com\/blog\/salons-imprimerie-communication-france-monde-2018\/","og_locale":"fr_FR","og_type":"article","og_title":"Salons professionnels imprimerie et communication France et Monde 2018","og_description":"Ne ratez pas la s\u00e9lection Macap : d\u00e9couvrez les salons de l'imprimerie et de la communication en France et dans le monde pour la fin de l'ann\u00e9e 2018 !","og_url":"https:\/\/www.macapflag.com\/blog\/salons-imprimerie-communication-france-monde-2018\/","og_site_name":"Blog - Macap","article_publisher":"https:\/\/www.facebook.com\/macap.pavoisement\/","article_published_time":"2018-08-06T07:49:18+00:00","article_modified_time":"2021-02-23T15:06:44+00:00","og_image":[{"width":2560,"height":1707,"url":"https:\/\/www.macapflag.com\/blog\/wp-content\/uploads\/2018\/07\/salon-Cprint-Macap-imprimeur-textile-scaled.jpg","type":"image\/jpeg"}],"author":"Blog Macap","twitter_card":"summary_large_image","twitter_misc":{"\u00c9crit par":"Blog Macap","Dur\u00e9e de lecture estim\u00e9e":"12 minutes"},"schema":{"@context":"https:\/\/schema.org","@graph":[{"@type":"Article","@id":"https:\/\/www.macapflag.com\/blog\/salons-imprimerie-communication-france-monde-2018\/#article","isPartOf":{"@id":"https:\/\/www.macapflag.com\/blog\/salons-imprimerie-communication-france-monde-2018\/"},"author":{"name":"Blog Macap","@id":"https:\/\/www.macapflag.com\/blog\/#\/schema\/person\/3fea701f2603875e651e6b662578fc3c"},"headline":"Salons professionnels Imprimerie et Communication &#8211; France &#038; Monde 2\u00e8me Semestre 2018","datePublished":"2018-08-06T07:49:18+00:00","dateModified":"2021-02-23T15:06:44+00:00","mainEntityOfPage":{"@id":"https:\/\/www.macapflag.com\/blog\/salons-imprimerie-communication-france-monde-2018\/"},"wordCount":1182,"publisher":{"@id":"https:\/\/www.macapflag.com\/blog\/#organization"},"image":{"@id":"https:\/\/www.macapflag.com\/blog\/salons-imprimerie-communication-france-monde-2018\/#primaryimage"},"thumbnailUrl":"https:\/\/www.macapflag.com\/blog\/wp-content\/uploads\/2018\/07\/salon-Cprint-Macap-imprimeur-textile-scaled.jpg","keywords":["communication","dates salons","imprimerie","salons","salons professionnels"],"articleSection":["News &amp; Actu"],"inLanguage":"fr-FR"},{"@type":"WebPage","@id":"https:\/\/www.macapflag.com\/blog\/salons-imprimerie-communication-france-monde-2018\/","url":"https:\/\/www.macapflag.com\/blog\/salons-imprimerie-communication-france-monde-2018\/","name":"Salons professionnels imprimerie et communication France et Monde 2018","isPartOf":{"@id":"https:\/\/www.macapflag.com\/blog\/#website"},"primaryImageOfPage":{"@id":"https:\/\/www.macapflag.com\/blog\/salons-imprimerie-communication-france-monde-2018\/#primaryimage"},"image":{"@id":"https:\/\/www.macapflag.com\/blog\/salons-imprimerie-communication-france-monde-2018\/#primaryimage"},"thumbnailUrl":"https:\/\/www.macapflag.com\/blog\/wp-content\/uploads\/2018\/07\/salon-Cprint-Macap-imprimeur-textile-scaled.jpg","datePublished":"2018-08-06T07:49:18+00:00","dateModified":"2021-02-23T15:06:44+00:00","description":"Ne ratez pas la s\u00e9lection Macap : d\u00e9couvrez les salons de l'imprimerie et de la communication en France et dans le monde pour la fin de l'ann\u00e9e 2018 !","breadcrumb":{"@id":"https:\/\/www.macapflag.com\/blog\/salons-imprimerie-communication-france-monde-2018\/#breadcrumb"},"inLanguage":"fr-FR","potentialAction":[{"@type":"ReadAction","target":["https:\/\/www.macapflag.com\/blog\/salons-imprimerie-communication-france-monde-2018\/"]}]},{"@type":"ImageObject","inLanguage":"fr-FR","@id":"https:\/\/www.macapflag.com\/blog\/salons-imprimerie-communication-france-monde-2018\/#primaryimage","url":"https:\/\/www.macapflag.com\/blog\/wp-content\/uploads\/2018\/07\/salon-Cprint-Macap-imprimeur-textile-scaled.jpg","contentUrl":"https:\/\/www.macapflag.com\/blog\/wp-content\/uploads\/2018\/07\/salon-Cprint-Macap-imprimeur-textile-scaled.jpg","width":2560,"height":1707,"caption":"salon-macap-kit-salon-visibilit\u00e9"},{"@type":"BreadcrumbList","@id":"https:\/\/www.macapflag.com\/blog\/salons-imprimerie-communication-france-monde-2018\/#breadcrumb","itemListElement":[{"@type":"ListItem","position":1,"name":"Accueil","item":"https:\/\/www.macapflag.com\/blog\/"},{"@type":"ListItem","position":2,"name":"Salons professionnels Imprimerie et Communication &#8211; France &#038; Monde 2\u00e8me Semestre 2018"}]},{"@type":"WebSite","@id":"https:\/\/www.macapflag.com\/blog\/#website","url":"https:\/\/www.macapflag.com\/blog\/","name":"Blog - Macap","description":"Tous nos articles","publisher":{"@id":"https:\/\/www.macapflag.com\/blog\/#organization"},"potentialAction":[{"@type":"SearchAction","target":{"@type":"EntryPoint","urlTemplate":"https:\/\/www.macapflag.com\/blog\/?s={search_term_string}"},"query-input":{"@type":"PropertyValueSpecification","valueRequired":true,"valueName":"search_term_string"}}],"inLanguage":"fr-FR"},{"@type":"Organization","@id":"https:\/\/www.macapflag.com\/blog\/#organization","name":"macapflag","url":"https:\/\/www.macapflag.com\/blog\/","logo":{"@type":"ImageObject","inLanguage":"fr-FR","@id":"https:\/\/www.macapflag.com\/blog\/#\/schema\/logo\/image\/","url":"https:\/\/www.macapflag.com\/blog\/wp-content\/uploads\/2020\/12\/cropped-M-512-1.png","contentUrl":"https:\/\/www.macapflag.com\/blog\/wp-content\/uploads\/2020\/12\/cropped-M-512-1.png","width":512,"height":512,"caption":"macapflag"},"image":{"@id":"https:\/\/www.macapflag.com\/blog\/#\/schema\/logo\/image\/"},"sameAs":["https:\/\/www.facebook.com\/macap.pavoisement\/","https:\/\/www.instagram.com\/macapflag\/?hl=fr","https:\/\/www.linkedin.com\/company\/macap\/?originalSubdomain=fr","https:\/\/www.youtube.com\/channel\/UCXNzTIdZh9poEBjSXEqDtNw"]},{"@type":"Person","@id":"https:\/\/www.macapflag.com\/blog\/#\/schema\/person\/3fea701f2603875e651e6b662578fc3c","name":"Blog Macap","image":{"@type":"ImageObject","inLanguage":"fr-FR","@id":"https:\/\/www.macapflag.com\/blog\/#\/schema\/person\/image\/","url":"https:\/\/secure.gravatar.com\/avatar\/c12551f2dc51f0db049633b03e7856985477a70da834cc8967dea4ce54bdd6a2?s=96&d=mm&r=g","contentUrl":"https:\/\/secure.gravatar.com\/avatar\/c12551f2dc51f0db049633b03e7856985477a70da834cc8967dea4ce54bdd6a2?s=96&d=mm&r=g","caption":"Blog Macap"},"url":"https:\/\/www.macapflag.com\/blog\/author\/macap\/"}]}},"_links":{"self":[{"href":"https:\/\/www.macapflag.com\/blog\/wp-json\/wp\/v2\/posts\/2187","targetHints":{"allow":["GET"]}}],"collection":[{"href":"https:\/\/www.macapflag.com\/blog\/wp-json\/wp\/v2\/posts"}],"about":[{"href":"https:\/\/www.macapflag.com\/blog\/wp-json\/wp\/v2\/types\/post"}],"author":[{"embeddable":true,"href":"https:\/\/www.macapflag.com\/blog\/wp-json\/wp\/v2\/users\/2"}],"replies":[{"embeddable":true,"href":"https:\/\/www.macapflag.com\/blog\/wp-json\/wp\/v2\/comments?post=2187"}],"version-history":[{"count":104,"href":"https:\/\/www.macapflag.com\/blog\/wp-json\/wp\/v2\/posts\/2187\/revisions"}],"predecessor-version":[{"id":6624,"href":"https:\/\/www.macapflag.com\/blog\/wp-json\/wp\/v2\/posts\/2187\/revisions\/6624"}],"wp:featuredmedia":[{"embeddable":true,"href":"https:\/\/www.macapflag.com\/blog\/wp-json\/wp\/v2\/media\/2233"}],"wp:attachment":[{"href":"https:\/\/www.macapflag.com\/blog\/wp-json\/wp\/v2\/media?parent=2187"}],"wp:term":[{"taxonomy":"category","embeddable":true,"href":"https:\/\/www.macapflag.com\/blog\/wp-json\/wp\/v2\/categories?post=2187"},{"taxonomy":"post_tag","embeddable":true,"href":"https:\/\/www.macapflag.com\/blog\/wp-json\/wp\/v2\/tags?post=2187"}],"curies":[{"name":"wp","href":"https:\/\/api.w.org\/{rel}","templated":true}]}}