{"id":22294,"date":"2026-03-10T08:00:00","date_gmt":"2026-03-10T07:00:00","guid":{"rendered":"https:\/\/www.macapflag.com\/blog\/?p=22294"},"modified":"2026-01-28T09:41:29","modified_gmt":"2026-01-28T08:41:29","slug":"la-couleur-du-mois-de-mars-vert-sauge","status":"publish","type":"post","link":"https:\/\/www.macapflag.com\/blog\/la-couleur-du-mois-de-mars-vert-sauge\/","title":{"rendered":"La couleur du mois de Mars : Vert sauge"},"content":{"rendered":"\n<h3 class=\"wp-block-heading\">Pour une r\u00e9gulation \u00e9motionnelle et pour restaurer l\u2019attention<\/h3>\n\n\n\n<p>Le vert est la couleur \u00e0 laquelle l\u2019\u0153il humain est biologiquement le plus sensible. Cette caract\u00e9ristique explique son effet restaurateur sur l\u2019attention et le stress.<\/p>\n\n\n\n<p>Les travaux en psychologie environnementale montrent que les teintes vertes r\u00e9duisent la fatigue cognitive et favorisent un \u00e9tat de calme propice \u00e0 l\u2019apprentissage et \u00e0 la r\u00e9flexion.<\/p>\n\n\n\n<p>Les verts d\u00e9satur\u00e9s, comme le vert sauge, \u00e9vitent l\u2019effet artificiel de certains verts satur\u00e9s et renforcent une perception de naturel.<\/p>\n\n\n<h4>Quelques applications pratiques<\/h4>\n\n\n<ul class=\"wp-block-list\">\n<li><strong>RSE et durabilit\u00e9<\/strong><br>Le vert sauge est \u00e9galement porteur de sens dans une d\u00e9marche RSE.  Il \u00e9voque la nature, la sobri\u00e9t\u00e9 et l\u2019\u00e9quilibre, sans tomber dans les codes \u00e9cologiques trop attendus ou caricaturaux.<\/li>\n<\/ul>\n\n\n\n<p>Utilis\u00e9 sur des supports fabriqu\u00e9s en France, durables et r\u00e9utilisables, il contribue \u00e0 aligner le discours visuel avec des engagements concrets en mati\u00e8re de qualit\u00e9 et de responsabilit\u00e9 environnementale.<br><\/p>\n\n\n\n<ul class=\"wp-block-list\">\n<li><strong>Communication p\u00e9dagogique<\/strong><br>Dans un contexte p\u00e9dagogique ou informatif, le vert sauge facilite la concentration et la m\u00e9morisation.<br> Il soutient le contenu sans le dominer, laissant toute sa place au message.<\/li>\n<\/ul>\n\n\n\n<p>C\u2019est une couleur particuli\u00e8rement adapt\u00e9e aux collectivit\u00e9s, aux \u00e9tablissements scolaires, aux mus\u00e9es ou aux structures de formation souhaitant instaurer un climat de confiance et de clart\u00e9.<br><\/p>\n\n\n\n<ul class=\"wp-block-list\">\n<li><strong>Supports \u00e0 exposition prolong\u00e9e<\/strong><br>Contrairement \u00e0 des couleurs tr\u00e8s contrast\u00e9es ou tr\u00e8s satur\u00e9es, le vert sauge limite la fatigue visuelle lors d\u2019une exposition prolong\u00e9e.<br>Il est donc recommand\u00e9 pour :<br>La signal\u00e9tique permanente,<br>Les <a href=\"https:\/\/www.macapflag.com\/360-kakemono-publicitaire\">kak\u00e9monos<\/a> et <a href=\"https:\/\/www.macapflag.com\/roll-up-plv-expo\/792508-totem-gonflable.html\">totems<\/a> install\u00e9s sur plusieurs semaines,<br>Les <a href=\"https:\/\/www.macapflag.com\/72-habillage-de-barriere\">habillages de barri\u00e8res<\/a> ou dispositifs \u00e9v\u00e9nementiels longue dur\u00e9e.<br>Son \u00e9l\u00e9gance discr\u00e8te garantit une bonne tenue esth\u00e9tique dans le temps, sans lassitude pour le public.<\/li>\n<\/ul>\n\n\n\n<p>Sources acad\u00e9miques<\/p>\n\n\n\n<ul class=\"wp-block-list\">\n<li><a href=\"https:\/\/pubmed.ncbi.nlm.nih.gov\/17050390\/\">Rikard K\u00fcller (2009) : The impact of light and colour on psychological mood. Color Research &amp; Application.<\/a><\/li>\n\n\n\n<li><a href=\"https:\/\/pubmed.ncbi.nlm.nih.gov\/6143402\/\">RS. Ulrich (1984). View through a window may influence recovery from surgery<\/a><\/li>\n<\/ul>\n","protected":false},"excerpt":{"rendered":"<div class=\"tmnf_excerpt\"><p>Pour une r\u00e9gulation \u00e9motionnelle et pour restaurer l\u2019attention Le vert est la couleur \u00e0 laquelle l\u2019\u0153il humain est biologiquement le plus sensible. Cette caract\u00e9ristique explique son effet restaurateur sur l\u2019attention et le stress. Les travaux en psychologie environnementale montrent que les teintes vertes r\u00e9duisent la fatigue cognitive et favorisent un \u00e9tat de calme propice \u00e0 &hellip;<\/p>\n<\/div>","protected":false},"author":2,"featured_media":22293,"comment_status":"closed","ping_status":"open","sticky":false,"template":"template-fullwidth.php","format":"standard","meta":{"footnotes":""},"categories":[93],"tags":[],"class_list":["post-22294","post","type-post","status-publish","format-standard","has-post-thumbnail","hentry","category-com"],"yoast_head":"<!-- This site is optimized with the Yoast SEO plugin v26.4 - https:\/\/yoast.com\/wordpress\/plugins\/seo\/ -->\n<title>La couleur du mois de Mars : Vert sauge - Blog - Macap<\/title>\n<meta name=\"description\" content=\"A chaque mois sa couleur, en mars, c&#039;est le vert sauge qui prend la pause pour d\u00e9corer les espaces et r\u00e9guler nos \u00e9motions\" \/>\n<meta name=\"robots\" content=\"index, follow, max-snippet:-1, max-image-preview:large, max-video-preview:-1\" \/>\n<link rel=\"canonical\" href=\"https:\/\/www.macapflag.com\/blog\/la-couleur-du-mois-de-mars-vert-sauge\/\" \/>\n<meta property=\"og:locale\" content=\"fr_FR\" \/>\n<meta property=\"og:type\" content=\"article\" \/>\n<meta property=\"og:title\" content=\"La couleur du mois de Mars : Vert sauge - Blog - Macap\" \/>\n<meta property=\"og:description\" content=\"A chaque mois sa couleur, en mars, c&#039;est le vert sauge qui prend la pause pour d\u00e9corer les espaces et r\u00e9guler nos \u00e9motions\" \/>\n<meta property=\"og:url\" content=\"https:\/\/www.macapflag.com\/blog\/la-couleur-du-mois-de-mars-vert-sauge\/\" \/>\n<meta property=\"og:site_name\" content=\"Blog - Macap\" \/>\n<meta property=\"article:publisher\" content=\"https:\/\/www.facebook.com\/macap.pavoisement\/\" \/>\n<meta property=\"article:published_time\" content=\"2026-03-10T07:00:00+00:00\" \/>\n<meta property=\"og:image\" content=\"https:\/\/www.macapflag.com\/blog\/wp-content\/uploads\/2026\/01\/Titre_Vert_sauge_la_couleur_du.jpg\" \/>\n\t<meta property=\"og:image:width\" content=\"870\" \/>\n\t<meta property=\"og:image:height\" content=\"600\" \/>\n\t<meta property=\"og:image:type\" content=\"image\/jpeg\" \/>\n<meta name=\"author\" content=\"Blog Macap\" \/>\n<meta name=\"twitter:card\" content=\"summary_large_image\" \/>\n<meta name=\"twitter:label1\" content=\"\u00c9crit par\" \/>\n\t<meta name=\"twitter:data1\" content=\"Blog Macap\" \/>\n\t<meta name=\"twitter:label2\" content=\"Dur\u00e9e de lecture estim\u00e9e\" \/>\n\t<meta name=\"twitter:data2\" content=\"2 minutes\" \/>\n<script type=\"application\/ld+json\" class=\"yoast-schema-graph\">{\"@context\":\"https:\/\/schema.org\",\"@graph\":[{\"@type\":\"Article\",\"@id\":\"https:\/\/www.macapflag.com\/blog\/la-couleur-du-mois-de-mars-vert-sauge\/#article\",\"isPartOf\":{\"@id\":\"https:\/\/www.macapflag.com\/blog\/la-couleur-du-mois-de-mars-vert-sauge\/\"},\"author\":{\"name\":\"Blog Macap\",\"@id\":\"https:\/\/www.macapflag.com\/blog\/#\/schema\/person\/3fea701f2603875e651e6b662578fc3c\"},\"headline\":\"La couleur du mois de Mars : Vert sauge\",\"datePublished\":\"2026-03-10T07:00:00+00:00\",\"mainEntityOfPage\":{\"@id\":\"https:\/\/www.macapflag.com\/blog\/la-couleur-du-mois-de-mars-vert-sauge\/\"},\"wordCount\":340,\"publisher\":{\"@id\":\"https:\/\/www.macapflag.com\/blog\/#organization\"},\"image\":{\"@id\":\"https:\/\/www.macapflag.com\/blog\/la-couleur-du-mois-de-mars-vert-sauge\/#primaryimage\"},\"thumbnailUrl\":\"https:\/\/www.macapflag.com\/blog\/wp-content\/uploads\/2026\/01\/Titre_Vert_sauge_la_couleur_du.jpg\",\"articleSection\":[\"Le monde de la Com'\"],\"inLanguage\":\"fr-FR\"},{\"@type\":\"WebPage\",\"@id\":\"https:\/\/www.macapflag.com\/blog\/la-couleur-du-mois-de-mars-vert-sauge\/\",\"url\":\"https:\/\/www.macapflag.com\/blog\/la-couleur-du-mois-de-mars-vert-sauge\/\",\"name\":\"La couleur du mois de Mars : Vert sauge - Blog - Macap\",\"isPartOf\":{\"@id\":\"https:\/\/www.macapflag.com\/blog\/#website\"},\"primaryImageOfPage\":{\"@id\":\"https:\/\/www.macapflag.com\/blog\/la-couleur-du-mois-de-mars-vert-sauge\/#primaryimage\"},\"image\":{\"@id\":\"https:\/\/www.macapflag.com\/blog\/la-couleur-du-mois-de-mars-vert-sauge\/#primaryimage\"},\"thumbnailUrl\":\"https:\/\/www.macapflag.com\/blog\/wp-content\/uploads\/2026\/01\/Titre_Vert_sauge_la_couleur_du.jpg\",\"datePublished\":\"2026-03-10T07:00:00+00:00\",\"description\":\"A chaque mois sa couleur, en mars, c'est le vert sauge qui prend la pause pour d\u00e9corer les espaces et r\u00e9guler nos \u00e9motions\",\"breadcrumb\":{\"@id\":\"https:\/\/www.macapflag.com\/blog\/la-couleur-du-mois-de-mars-vert-sauge\/#breadcrumb\"},\"inLanguage\":\"fr-FR\",\"potentialAction\":[{\"@type\":\"ReadAction\",\"target\":[\"https:\/\/www.macapflag.com\/blog\/la-couleur-du-mois-de-mars-vert-sauge\/\"]}]},{\"@type\":\"ImageObject\",\"inLanguage\":\"fr-FR\",\"@id\":\"https:\/\/www.macapflag.com\/blog\/la-couleur-du-mois-de-mars-vert-sauge\/#primaryimage\",\"url\":\"https:\/\/www.macapflag.com\/blog\/wp-content\/uploads\/2026\/01\/Titre_Vert_sauge_la_couleur_du.jpg\",\"contentUrl\":\"https:\/\/www.macapflag.com\/blog\/wp-content\/uploads\/2026\/01\/Titre_Vert_sauge_la_couleur_du.jpg\",\"width\":870,\"height\":600,\"caption\":\"Vert sauge, la couleur du mois de mars\"},{\"@type\":\"BreadcrumbList\",\"@id\":\"https:\/\/www.macapflag.com\/blog\/la-couleur-du-mois-de-mars-vert-sauge\/#breadcrumb\",\"itemListElement\":[{\"@type\":\"ListItem\",\"position\":1,\"name\":\"Accueil\",\"item\":\"https:\/\/www.macapflag.com\/blog\/\"},{\"@type\":\"ListItem\",\"position\":2,\"name\":\"La couleur du mois de Mars : Vert sauge\"}]},{\"@type\":\"WebSite\",\"@id\":\"https:\/\/www.macapflag.com\/blog\/#website\",\"url\":\"https:\/\/www.macapflag.com\/blog\/\",\"name\":\"Blog - Macap\",\"description\":\"Tous nos articles\",\"publisher\":{\"@id\":\"https:\/\/www.macapflag.com\/blog\/#organization\"},\"potentialAction\":[{\"@type\":\"SearchAction\",\"target\":{\"@type\":\"EntryPoint\",\"urlTemplate\":\"https:\/\/www.macapflag.com\/blog\/?s={search_term_string}\"},\"query-input\":{\"@type\":\"PropertyValueSpecification\",\"valueRequired\":true,\"valueName\":\"search_term_string\"}}],\"inLanguage\":\"fr-FR\"},{\"@type\":\"Organization\",\"@id\":\"https:\/\/www.macapflag.com\/blog\/#organization\",\"name\":\"macapflag\",\"url\":\"https:\/\/www.macapflag.com\/blog\/\",\"logo\":{\"@type\":\"ImageObject\",\"inLanguage\":\"fr-FR\",\"@id\":\"https:\/\/www.macapflag.com\/blog\/#\/schema\/logo\/image\/\",\"url\":\"https:\/\/www.macapflag.com\/blog\/wp-content\/uploads\/2020\/12\/cropped-M-512-1.png\",\"contentUrl\":\"https:\/\/www.macapflag.com\/blog\/wp-content\/uploads\/2020\/12\/cropped-M-512-1.png\",\"width\":512,\"height\":512,\"caption\":\"macapflag\"},\"image\":{\"@id\":\"https:\/\/www.macapflag.com\/blog\/#\/schema\/logo\/image\/\"},\"sameAs\":[\"https:\/\/www.facebook.com\/macap.pavoisement\/\",\"https:\/\/www.instagram.com\/macapflag\/?hl=fr\",\"https:\/\/www.linkedin.com\/company\/macap\/?originalSubdomain=fr\",\"https:\/\/www.youtube.com\/channel\/UCXNzTIdZh9poEBjSXEqDtNw\"]},{\"@type\":\"Person\",\"@id\":\"https:\/\/www.macapflag.com\/blog\/#\/schema\/person\/3fea701f2603875e651e6b662578fc3c\",\"name\":\"Blog Macap\",\"image\":{\"@type\":\"ImageObject\",\"inLanguage\":\"fr-FR\",\"@id\":\"https:\/\/www.macapflag.com\/blog\/#\/schema\/person\/image\/\",\"url\":\"https:\/\/secure.gravatar.com\/avatar\/c12551f2dc51f0db049633b03e7856985477a70da834cc8967dea4ce54bdd6a2?s=96&d=mm&r=g\",\"contentUrl\":\"https:\/\/secure.gravatar.com\/avatar\/c12551f2dc51f0db049633b03e7856985477a70da834cc8967dea4ce54bdd6a2?s=96&d=mm&r=g\",\"caption\":\"Blog Macap\"},\"url\":\"https:\/\/www.macapflag.com\/blog\/author\/macap\/\"}]}<\/script>\n<!-- \/ Yoast SEO plugin. -->","yoast_head_json":{"title":"La couleur du mois de Mars : Vert sauge - Blog - Macap","description":"A chaque mois sa couleur, en mars, c'est le vert sauge qui prend la pause pour d\u00e9corer les espaces et r\u00e9guler nos \u00e9motions","robots":{"index":"index","follow":"follow","max-snippet":"max-snippet:-1","max-image-preview":"max-image-preview:large","max-video-preview":"max-video-preview:-1"},"canonical":"https:\/\/www.macapflag.com\/blog\/la-couleur-du-mois-de-mars-vert-sauge\/","og_locale":"fr_FR","og_type":"article","og_title":"La couleur du mois de Mars : Vert sauge - Blog - Macap","og_description":"A chaque mois sa couleur, en mars, c'est le vert sauge qui prend la pause pour d\u00e9corer les espaces et r\u00e9guler nos \u00e9motions","og_url":"https:\/\/www.macapflag.com\/blog\/la-couleur-du-mois-de-mars-vert-sauge\/","og_site_name":"Blog - Macap","article_publisher":"https:\/\/www.facebook.com\/macap.pavoisement\/","article_published_time":"2026-03-10T07:00:00+00:00","og_image":[{"width":870,"height":600,"url":"https:\/\/www.macapflag.com\/blog\/wp-content\/uploads\/2026\/01\/Titre_Vert_sauge_la_couleur_du.jpg","type":"image\/jpeg"}],"author":"Blog Macap","twitter_card":"summary_large_image","twitter_misc":{"\u00c9crit par":"Blog Macap","Dur\u00e9e de lecture estim\u00e9e":"2 minutes"},"schema":{"@context":"https:\/\/schema.org","@graph":[{"@type":"Article","@id":"https:\/\/www.macapflag.com\/blog\/la-couleur-du-mois-de-mars-vert-sauge\/#article","isPartOf":{"@id":"https:\/\/www.macapflag.com\/blog\/la-couleur-du-mois-de-mars-vert-sauge\/"},"author":{"name":"Blog Macap","@id":"https:\/\/www.macapflag.com\/blog\/#\/schema\/person\/3fea701f2603875e651e6b662578fc3c"},"headline":"La couleur du mois de Mars : Vert sauge","datePublished":"2026-03-10T07:00:00+00:00","mainEntityOfPage":{"@id":"https:\/\/www.macapflag.com\/blog\/la-couleur-du-mois-de-mars-vert-sauge\/"},"wordCount":340,"publisher":{"@id":"https:\/\/www.macapflag.com\/blog\/#organization"},"image":{"@id":"https:\/\/www.macapflag.com\/blog\/la-couleur-du-mois-de-mars-vert-sauge\/#primaryimage"},"thumbnailUrl":"https:\/\/www.macapflag.com\/blog\/wp-content\/uploads\/2026\/01\/Titre_Vert_sauge_la_couleur_du.jpg","articleSection":["Le monde de la Com'"],"inLanguage":"fr-FR"},{"@type":"WebPage","@id":"https:\/\/www.macapflag.com\/blog\/la-couleur-du-mois-de-mars-vert-sauge\/","url":"https:\/\/www.macapflag.com\/blog\/la-couleur-du-mois-de-mars-vert-sauge\/","name":"La couleur du mois de Mars : Vert sauge - Blog - Macap","isPartOf":{"@id":"https:\/\/www.macapflag.com\/blog\/#website"},"primaryImageOfPage":{"@id":"https:\/\/www.macapflag.com\/blog\/la-couleur-du-mois-de-mars-vert-sauge\/#primaryimage"},"image":{"@id":"https:\/\/www.macapflag.com\/blog\/la-couleur-du-mois-de-mars-vert-sauge\/#primaryimage"},"thumbnailUrl":"https:\/\/www.macapflag.com\/blog\/wp-content\/uploads\/2026\/01\/Titre_Vert_sauge_la_couleur_du.jpg","datePublished":"2026-03-10T07:00:00+00:00","description":"A chaque mois sa couleur, en mars, c'est le vert sauge qui prend la pause pour d\u00e9corer les espaces et r\u00e9guler nos \u00e9motions","breadcrumb":{"@id":"https:\/\/www.macapflag.com\/blog\/la-couleur-du-mois-de-mars-vert-sauge\/#breadcrumb"},"inLanguage":"fr-FR","potentialAction":[{"@type":"ReadAction","target":["https:\/\/www.macapflag.com\/blog\/la-couleur-du-mois-de-mars-vert-sauge\/"]}]},{"@type":"ImageObject","inLanguage":"fr-FR","@id":"https:\/\/www.macapflag.com\/blog\/la-couleur-du-mois-de-mars-vert-sauge\/#primaryimage","url":"https:\/\/www.macapflag.com\/blog\/wp-content\/uploads\/2026\/01\/Titre_Vert_sauge_la_couleur_du.jpg","contentUrl":"https:\/\/www.macapflag.com\/blog\/wp-content\/uploads\/2026\/01\/Titre_Vert_sauge_la_couleur_du.jpg","width":870,"height":600,"caption":"Vert sauge, la couleur du mois de mars"},{"@type":"BreadcrumbList","@id":"https:\/\/www.macapflag.com\/blog\/la-couleur-du-mois-de-mars-vert-sauge\/#breadcrumb","itemListElement":[{"@type":"ListItem","position":1,"name":"Accueil","item":"https:\/\/www.macapflag.com\/blog\/"},{"@type":"ListItem","position":2,"name":"La couleur du mois de Mars : Vert sauge"}]},{"@type":"WebSite","@id":"https:\/\/www.macapflag.com\/blog\/#website","url":"https:\/\/www.macapflag.com\/blog\/","name":"Blog - Macap","description":"Tous nos articles","publisher":{"@id":"https:\/\/www.macapflag.com\/blog\/#organization"},"potentialAction":[{"@type":"SearchAction","target":{"@type":"EntryPoint","urlTemplate":"https:\/\/www.macapflag.com\/blog\/?s={search_term_string}"},"query-input":{"@type":"PropertyValueSpecification","valueRequired":true,"valueName":"search_term_string"}}],"inLanguage":"fr-FR"},{"@type":"Organization","@id":"https:\/\/www.macapflag.com\/blog\/#organization","name":"macapflag","url":"https:\/\/www.macapflag.com\/blog\/","logo":{"@type":"ImageObject","inLanguage":"fr-FR","@id":"https:\/\/www.macapflag.com\/blog\/#\/schema\/logo\/image\/","url":"https:\/\/www.macapflag.com\/blog\/wp-content\/uploads\/2020\/12\/cropped-M-512-1.png","contentUrl":"https:\/\/www.macapflag.com\/blog\/wp-content\/uploads\/2020\/12\/cropped-M-512-1.png","width":512,"height":512,"caption":"macapflag"},"image":{"@id":"https:\/\/www.macapflag.com\/blog\/#\/schema\/logo\/image\/"},"sameAs":["https:\/\/www.facebook.com\/macap.pavoisement\/","https:\/\/www.instagram.com\/macapflag\/?hl=fr","https:\/\/www.linkedin.com\/company\/macap\/?originalSubdomain=fr","https:\/\/www.youtube.com\/channel\/UCXNzTIdZh9poEBjSXEqDtNw"]},{"@type":"Person","@id":"https:\/\/www.macapflag.com\/blog\/#\/schema\/person\/3fea701f2603875e651e6b662578fc3c","name":"Blog Macap","image":{"@type":"ImageObject","inLanguage":"fr-FR","@id":"https:\/\/www.macapflag.com\/blog\/#\/schema\/person\/image\/","url":"https:\/\/secure.gravatar.com\/avatar\/c12551f2dc51f0db049633b03e7856985477a70da834cc8967dea4ce54bdd6a2?s=96&d=mm&r=g","contentUrl":"https:\/\/secure.gravatar.com\/avatar\/c12551f2dc51f0db049633b03e7856985477a70da834cc8967dea4ce54bdd6a2?s=96&d=mm&r=g","caption":"Blog Macap"},"url":"https:\/\/www.macapflag.com\/blog\/author\/macap\/"}]}},"_links":{"self":[{"href":"https:\/\/www.macapflag.com\/blog\/wp-json\/wp\/v2\/posts\/22294","targetHints":{"allow":["GET"]}}],"collection":[{"href":"https:\/\/www.macapflag.com\/blog\/wp-json\/wp\/v2\/posts"}],"about":[{"href":"https:\/\/www.macapflag.com\/blog\/wp-json\/wp\/v2\/types\/post"}],"author":[{"embeddable":true,"href":"https:\/\/www.macapflag.com\/blog\/wp-json\/wp\/v2\/users\/2"}],"replies":[{"embeddable":true,"href":"https:\/\/www.macapflag.com\/blog\/wp-json\/wp\/v2\/comments?post=22294"}],"version-history":[{"count":2,"href":"https:\/\/www.macapflag.com\/blog\/wp-json\/wp\/v2\/posts\/22294\/revisions"}],"predecessor-version":[{"id":22296,"href":"https:\/\/www.macapflag.com\/blog\/wp-json\/wp\/v2\/posts\/22294\/revisions\/22296"}],"wp:featuredmedia":[{"embeddable":true,"href":"https:\/\/www.macapflag.com\/blog\/wp-json\/wp\/v2\/media\/22293"}],"wp:attachment":[{"href":"https:\/\/www.macapflag.com\/blog\/wp-json\/wp\/v2\/media?parent=22294"}],"wp:term":[{"taxonomy":"category","embeddable":true,"href":"https:\/\/www.macapflag.com\/blog\/wp-json\/wp\/v2\/categories?post=22294"},{"taxonomy":"post_tag","embeddable":true,"href":"https:\/\/www.macapflag.com\/blog\/wp-json\/wp\/v2\/tags?post=22294"}],"curies":[{"name":"wp","href":"https:\/\/api.w.org\/{rel}","templated":true}]}}