{"id":22431,"date":"2026-03-02T12:01:17","date_gmt":"2026-03-02T11:01:17","guid":{"rendered":"https:\/\/www.macapflag.com\/blog\/?p=22431"},"modified":"2026-03-02T12:01:18","modified_gmt":"2026-03-02T11:01:18","slug":"bavaria-motors-choisit-les-beachflags-macap-pour-valoriser-son-parc-automobile","status":"publish","type":"post","link":"https:\/\/www.macapflag.com\/blog\/bavaria-motors-choisit-les-beachflags-macap-pour-valoriser-son-parc-automobile\/","title":{"rendered":"Bavaria Motors choisit les beachflags Macap pour valoriser son parc automobile"},"content":{"rendered":"\n<p>Dans l\u2019univers exigeant de l\u2019automobile premium, chaque d\u00e9tail compte. <br>L\u2019accueil, l&#8217;agencement des v\u00e9hicules, la signal\u00e9tique ext\u00e9rieure\u2026 tout participe \u00e0 l\u2019exp\u00e9rience client.<\/p>\n\n\n\n<p>\u00c0 La Garde, la concession <a href=\"https:\/\/partenaire.bmw.fr\/bavaria-motors-lagarde\/\">Bavaria Motors<\/a> a choisi les <a href=\"https:\/\/www.macapflag.com\/374-kit-beach-flag-oriflamme\">beachflags<\/a> fabriqu\u00e9s par <a href=\"https:\/\/www.macapflag.com\/\">Macap<\/a> pour structurer et dynamiser la communication de son parc \u201cOccasion\u201d.<\/p>\n\n\n\n<p>Un choix \u00e0 la fois esth\u00e9tique, strat\u00e9gique et durable.<\/p>\n\n\n\n<h2 class=\"wp-block-heading\">Une visibilit\u00e9 imm\u00e9diate<\/h2>\n\n\n\n<div class=\"wp-block-columns is-layout-flex wp-container-core-columns-is-layout-9d6595d7 wp-block-columns-is-layout-flex\">\n<div class=\"wp-block-column is-layout-flow wp-block-column-is-layout-flow\">\n<figure class=\"wp-block-image size-full\"><img fetchpriority=\"high\" decoding=\"async\" width=\"534\" height=\"700\" src=\"https:\/\/www.macapflag.com\/blog\/wp-content\/uploads\/2026\/03\/1_Beach_flag_concession_automobile.jpg\" alt=\"Beach flag concession automobile\" class=\"wp-image-22432\" srcset=\"https:\/\/www.macapflag.com\/blog\/wp-content\/uploads\/2026\/03\/1_Beach_flag_concession_automobile.jpg 534w, https:\/\/www.macapflag.com\/blog\/wp-content\/uploads\/2026\/03\/1_Beach_flag_concession_automobile-229x300.jpg 229w\" sizes=\"(max-width: 534px) 100vw, 534px\" \/><\/figure>\n<\/div>\n\n\n\n<div class=\"wp-block-column is-layout-flow wp-block-column-is-layout-flow\">\n<figure class=\"wp-block-image size-full\"><img decoding=\"async\" width=\"534\" height=\"700\" src=\"https:\/\/www.macapflag.com\/blog\/wp-content\/uploads\/2026\/03\/2_Beach_flag_concession_automobile_OCCASION.jpg\" alt=\"Beach flag concession automobile OCCASION\" class=\"wp-image-22433\" srcset=\"https:\/\/www.macapflag.com\/blog\/wp-content\/uploads\/2026\/03\/2_Beach_flag_concession_automobile_OCCASION.jpg 534w, https:\/\/www.macapflag.com\/blog\/wp-content\/uploads\/2026\/03\/2_Beach_flag_concession_automobile_OCCASION-229x300.jpg 229w\" sizes=\"(max-width: 534px) 100vw, 534px\" \/><\/figure>\n<\/div>\n\n\n\n<div class=\"wp-block-column is-layout-flow wp-block-column-is-layout-flow\">\n<figure class=\"wp-block-image size-full\"><img decoding=\"async\" width=\"534\" height=\"700\" src=\"https:\/\/www.macapflag.com\/blog\/wp-content\/uploads\/2026\/03\/3_Oriflamme_occasion_pour_concession_automobile.jpg\" alt=\"Oriflamme occasion pour concession automobile\" class=\"wp-image-22434\" srcset=\"https:\/\/www.macapflag.com\/blog\/wp-content\/uploads\/2026\/03\/3_Oriflamme_occasion_pour_concession_automobile.jpg 534w, https:\/\/www.macapflag.com\/blog\/wp-content\/uploads\/2026\/03\/3_Oriflamme_occasion_pour_concession_automobile-229x300.jpg 229w\" sizes=\"(max-width: 534px) 100vw, 534px\" \/><\/figure>\n<\/div>\n<\/div>\n\n\n\n<p>La concession doit capter l\u2019attention des visiteurs en quelques secondes tout en guidant leur parcours.<\/p>\n\n\n\n<p>Le <a href=\"https:\/\/www.macapflag.com\/beach-flag-oriflamme\/245-beach-flag-oriflamme-classique-kit-complet-fourreau-elastique-noir.html\">beachflag<\/a> est ici un outil particuli\u00e8rement efficace :<\/p>\n\n\n\n<ul class=\"wp-block-list\">\n<li>Hauteur visible au-dessus des v\u00e9hicules<\/li>\n\n\n\n<li>Mouvement naturel qui attire le regard<\/li>\n\n\n\n<li>Lecture verticale claire et impactante du message \u201cOccasion\u201d<\/li>\n\n\n\n<li>Attractivit\u00e9 pour attirer des clients.<\/li>\n<\/ul>\n\n\n\n<h2 class=\"wp-block-heading\">Un support adapt\u00e9 aux contraintes ext\u00e9rieures<\/h2>\n\n\n\n<p>Sur un parking automobile, les supports doivent r\u00e9sister :<\/p>\n\n\n\n<ul class=\"wp-block-list\">\n<li>Au vent<\/li>\n\n\n\n<li>Aux variations climatiques<\/li>\n\n\n\n<li>Aux manipulations r\u00e9guli\u00e8res<\/li>\n<\/ul>\n\n\n\n<p>Les <a href=\"https:\/\/www.macapflag.com\/beach-flag-oriflamme\/245-beach-flag-oriflamme-classique-kit-complet-fourreau-elastique-noir.html\">beachflags Macap<\/a> sont fabriqu\u00e9s avec :<\/p>\n\n\n\n<ul class=\"wp-block-list\">\n<li>Des <strong>textiles techniques haute r\u00e9sistance<\/strong><\/li>\n\n\n\n<li>Une <strong>impression num\u00e9rique haute d\u00e9finition<\/strong><\/li>\n\n\n\n<li>Des finitions renforc\u00e9es<\/li>\n\n\n\n<li>Des m\u00e2ts adapt\u00e9s \u00e0 un usage ext\u00e9rieur intensif<\/li>\n<\/ul>\n\n\n\n<h2 class=\"wp-block-heading\">Pourquoi les concessions automobiles choisissent le beachflag ?<\/h2>\n\n\n\n<p>Les vendeurs du secteur automobile appr\u00e9cient particuli\u00e8rement ce support pour :<\/p>\n\n\n\n<ul class=\"wp-block-list\">\n<li>Les op\u00e9rations commerciales ponctuelles<\/li>\n\n\n\n<li>Les ventes \u201cOccasion\u201d<\/li>\n\n\n\n<li>Les journ\u00e9es portes ouvertes<\/li>\n\n\n\n<li>Les arrivages sp\u00e9cifiques<\/li>\n\n\n\n<li>Les campagnes saisonni\u00e8res<\/li>\n<\/ul>\n\n\n\n<p>Flexible, r\u00e9utilisable et rapide \u00e0 d\u00e9ployer, le beachflag est un alli\u00e9 incontournable des concessions automobiles et motos. C\u2019est un <strong>v\u00e9ritable outil d\u2019aide \u00e0 la vente que l\u2019on retrouve dans tous les secteurs et pour diverses op\u00e9rations commerciales et autres \u00e9v\u00e8nements.<\/strong><\/p>\n\n\n\n<p>D\u2019autres supports textiles comme le <a href=\"https:\/\/www.macapflag.com\/drapeau-pour-mat-personnalise\/135807-drapeau-pour-mat-telescopique-autocal.html\">drapeau personnalis\u00e9 avec m\u00e2t t\u00e9lescopique autocal<\/a> ou encore les <a href=\"https:\/\/www.macapflag.com\/12-drapeau-pour-mat-personnalise\">drapeaux pour m\u00e2ts<\/a> sont \u00e9galement tr\u00e8s adapt\u00e9s pour les concessions automobiles.<\/p>\n\n\n\n<div class=\"wp-block-columns is-layout-flex wp-container-core-columns-is-layout-9d6595d7 wp-block-columns-is-layout-flex\">\n<div class=\"wp-block-column is-layout-flow wp-block-column-is-layout-flow\"><div class=\"container p-0 m-0\">\n    <div class=\"row m-0 border\">\n        <div class=\"col-12 grid-didpd-body text-center\">\n            <img decoding=\"async\" src=\"https:\/\/www.macapflag.com\/1858192-home_default\/beach-flag-oriflamme-classique-kit-complet-fourreau-elastique-noir.jpg\" alt=\"Kit beachflag oriflamme classique\" class=\"mx-auto\" \/>\n            <div class=\"grid-didpd-text\">\n                <a href=\"https:\/\/www.macapflag.com\/beach-flag-oriflamme\/245-beach-flag-oriflamme-classique-kit-complet-fourreau-elastique-noir.html\" target=\"_blank\" class=\"stretched-link\">\n                    <h3>Kit beachflag oriflamme classique<\/h3>\n                <\/a>\n            <\/div>\n                        <p class=\"text-center font-weight-bold\"><span class=\"text-danger\">95,20 \u20ac HT <\/span>&nbsp;<small><strike class=\"text-secondary\">112,00 \u20ac HT<\/strike><\/small>&nbsp;<small class=\"text-secondary text-danger\"> -15 % <\/small><\/p>            <div class=\"text-center\">\n                <button class=\"btn btn-primary\">Achat Beachflag classique imprim\u00e9<\/button>\n            <\/div>\n        <\/div>\n    <\/div>\n<\/div>\n\n<\/div>\n\n\n\n<div class=\"wp-block-column is-layout-flow wp-block-column-is-layout-flow\"><div class=\"container p-0 m-0\">\n    <div class=\"row m-0 border\">\n        <div class=\"col-12 grid-didpd-body text-center\">\n            <img decoding=\"async\" src=\"https:\/\/www.macapflag.com\/1859947-home_default\/drapeau-pour-mat-telescopique-autocal.jpg\" alt=\"Kit drapeau personnalis&eacute; et pied autocal\" class=\"mx-auto\" \/>\n            <div class=\"grid-didpd-text\">\n                <a href=\"https:\/\/www.macapflag.com\/drapeau-pour-mat-personnalise\/135807-drapeau-pour-mat-telescopique-autocal.html\" target=\"_blank\" class=\"stretched-link\">\n                    <h3>Kit drapeau personnalis\u00e9 et pied autocal<\/h3>\n                <\/a>\n            <\/div>\n                        <p class=\"text-center font-weight-bold\"><span class=\"text-danger\">127,50 \u20ac HT <\/span>&nbsp;<small><strike class=\"text-secondary\">150,00 \u20ac HT<\/strike><\/small>&nbsp;<small class=\"text-secondary text-danger\"> -15 % <\/small><\/p>            <div class=\"text-center\">\n                <button class=\"btn btn-primary\">Achat Drapeau avec pied autocal<\/button>\n            <\/div>\n        <\/div>\n    <\/div>\n<\/div>\n\n<\/div>\n\n\n\n<div class=\"wp-block-column is-layout-flow wp-block-column-is-layout-flow\"><div class=\"container p-0 m-0\">\n    <div class=\"row m-0 border\">\n        <div class=\"col-12 grid-didpd-body text-center\">\n            <img decoding=\"async\" src=\"https:\/\/www.macapflag.com\/276583-home_default\/beach-flag-oriflamme-potence-kit-complet.jpg\" alt=\"Kit beachflag oriflamme potence\" class=\"mx-auto\" \/>\n            <div class=\"grid-didpd-text\">\n                <a href=\"https:\/\/www.macapflag.com\/beach-flag-oriflamme\/233-beach-flag-oriflamme-potence-kit-complet.html\" target=\"_blank\" class=\"stretched-link\">\n                    <h3>Kit beachflag oriflamme potence<\/h3>\n                <\/a>\n            <\/div>\n                        <p class=\"text-center font-weight-bold\"><span class=\"text-danger\">110,50 \u20ac HT <\/span>&nbsp;<small><strike class=\"text-secondary\">130,00 \u20ac HT<\/strike><\/small>&nbsp;<small class=\"text-secondary text-danger\"> -15 % <\/small><\/p>            <div class=\"text-center\">\n                <button class=\"btn btn-primary\">Achat Beachflag potence imprim\u00e9<\/button>\n            <\/div>\n        <\/div>\n    <\/div>\n<\/div>\n\n<\/div>\n<\/div>\n\n\n\n<p><\/p>\n","protected":false},"excerpt":{"rendered":"<div class=\"tmnf_excerpt\"><p>Dans l\u2019univers exigeant de l\u2019automobile premium, chaque d\u00e9tail compte. L\u2019accueil, l&#8217;agencement des v\u00e9hicules, la signal\u00e9tique ext\u00e9rieure\u2026 tout participe \u00e0 l\u2019exp\u00e9rience client. \u00c0 La Garde, la concession Bavaria Motors a choisi les beachflags fabriqu\u00e9s par Macap pour structurer et dynamiser la communication de son parc \u201cOccasion\u201d. Un choix \u00e0 la fois esth\u00e9tique, strat\u00e9gique et durable. Une &hellip;<\/p>\n<\/div>","protected":false},"author":2,"featured_media":22430,"comment_status":"closed","ping_status":"open","sticky":false,"template":"template-fullwidth.php","format":"standard","meta":{"footnotes":""},"categories":[93],"tags":[],"class_list":["post-22431","post","type-post","status-publish","format-standard","has-post-thumbnail","hentry","category-com"],"yoast_head":"<!-- This site is optimized with the Yoast SEO plugin v26.4 - https:\/\/yoast.com\/wordpress\/plugins\/seo\/ -->\n<title>Bavaria Motors choisit Macap pour ses beachflags imprim\u00e9s<\/title>\n<meta name=\"description\" content=\"Ce sont les beachflags oriflammes fabriqu\u00e9s et imprim\u00e9s chez Macap qui sont utilis\u00e9s sur le parc auto de la soci\u00e9t\u00e9 Bavaria Motors \u00e0 la Garde\" \/>\n<meta name=\"robots\" content=\"index, follow, max-snippet:-1, max-image-preview:large, max-video-preview:-1\" \/>\n<link rel=\"canonical\" href=\"https:\/\/www.macapflag.com\/blog\/bavaria-motors-choisit-les-beachflags-macap-pour-valoriser-son-parc-automobile\/\" \/>\n<meta property=\"og:locale\" content=\"fr_FR\" \/>\n<meta property=\"og:type\" content=\"article\" \/>\n<meta property=\"og:title\" content=\"Bavaria Motors choisit Macap pour ses beachflags imprim\u00e9s\" \/>\n<meta property=\"og:description\" content=\"Ce sont les beachflags oriflammes fabriqu\u00e9s et imprim\u00e9s chez Macap qui sont utilis\u00e9s sur le parc auto de la soci\u00e9t\u00e9 Bavaria Motors \u00e0 la Garde\" \/>\n<meta property=\"og:url\" content=\"https:\/\/www.macapflag.com\/blog\/bavaria-motors-choisit-les-beachflags-macap-pour-valoriser-son-parc-automobile\/\" \/>\n<meta property=\"og:site_name\" content=\"Blog - Macap\" \/>\n<meta property=\"article:publisher\" content=\"https:\/\/www.facebook.com\/macap.pavoisement\/\" \/>\n<meta property=\"article:published_time\" content=\"2026-03-02T11:01:17+00:00\" \/>\n<meta property=\"article:modified_time\" content=\"2026-03-02T11:01:18+00:00\" \/>\n<meta property=\"og:image\" content=\"https:\/\/www.macapflag.com\/blog\/wp-content\/uploads\/2026\/03\/Titre_Bavaria_Motors_a_la_Garde.jpg\" \/>\n\t<meta property=\"og:image:width\" content=\"870\" \/>\n\t<meta property=\"og:image:height\" content=\"601\" \/>\n\t<meta property=\"og:image:type\" content=\"image\/jpeg\" \/>\n<meta name=\"author\" content=\"Blog Macap\" \/>\n<meta name=\"twitter:card\" content=\"summary_large_image\" \/>\n<meta name=\"twitter:label1\" content=\"\u00c9crit par\" \/>\n\t<meta name=\"twitter:data1\" content=\"Blog Macap\" \/>\n\t<meta name=\"twitter:label2\" content=\"Dur\u00e9e de lecture estim\u00e9e\" \/>\n\t<meta name=\"twitter:data2\" content=\"3 minutes\" \/>\n<script type=\"application\/ld+json\" class=\"yoast-schema-graph\">{\"@context\":\"https:\/\/schema.org\",\"@graph\":[{\"@type\":\"Article\",\"@id\":\"https:\/\/www.macapflag.com\/blog\/bavaria-motors-choisit-les-beachflags-macap-pour-valoriser-son-parc-automobile\/#article\",\"isPartOf\":{\"@id\":\"https:\/\/www.macapflag.com\/blog\/bavaria-motors-choisit-les-beachflags-macap-pour-valoriser-son-parc-automobile\/\"},\"author\":{\"name\":\"Blog Macap\",\"@id\":\"https:\/\/www.macapflag.com\/blog\/#\/schema\/person\/3fea701f2603875e651e6b662578fc3c\"},\"headline\":\"Bavaria Motors choisit les beachflags Macap pour valoriser son parc automobile\",\"datePublished\":\"2026-03-02T11:01:17+00:00\",\"dateModified\":\"2026-03-02T11:01:18+00:00\",\"mainEntityOfPage\":{\"@id\":\"https:\/\/www.macapflag.com\/blog\/bavaria-motors-choisit-les-beachflags-macap-pour-valoriser-son-parc-automobile\/\"},\"wordCount\":374,\"publisher\":{\"@id\":\"https:\/\/www.macapflag.com\/blog\/#organization\"},\"image\":{\"@id\":\"https:\/\/www.macapflag.com\/blog\/bavaria-motors-choisit-les-beachflags-macap-pour-valoriser-son-parc-automobile\/#primaryimage\"},\"thumbnailUrl\":\"https:\/\/www.macapflag.com\/blog\/wp-content\/uploads\/2026\/03\/Titre_Bavaria_Motors_a_la_Garde.jpg\",\"articleSection\":[\"Le monde de la Com'\"],\"inLanguage\":\"fr-FR\"},{\"@type\":\"WebPage\",\"@id\":\"https:\/\/www.macapflag.com\/blog\/bavaria-motors-choisit-les-beachflags-macap-pour-valoriser-son-parc-automobile\/\",\"url\":\"https:\/\/www.macapflag.com\/blog\/bavaria-motors-choisit-les-beachflags-macap-pour-valoriser-son-parc-automobile\/\",\"name\":\"Bavaria Motors choisit Macap pour ses beachflags imprim\u00e9s\",\"isPartOf\":{\"@id\":\"https:\/\/www.macapflag.com\/blog\/#website\"},\"primaryImageOfPage\":{\"@id\":\"https:\/\/www.macapflag.com\/blog\/bavaria-motors-choisit-les-beachflags-macap-pour-valoriser-son-parc-automobile\/#primaryimage\"},\"image\":{\"@id\":\"https:\/\/www.macapflag.com\/blog\/bavaria-motors-choisit-les-beachflags-macap-pour-valoriser-son-parc-automobile\/#primaryimage\"},\"thumbnailUrl\":\"https:\/\/www.macapflag.com\/blog\/wp-content\/uploads\/2026\/03\/Titre_Bavaria_Motors_a_la_Garde.jpg\",\"datePublished\":\"2026-03-02T11:01:17+00:00\",\"dateModified\":\"2026-03-02T11:01:18+00:00\",\"description\":\"Ce sont les beachflags oriflammes fabriqu\u00e9s et imprim\u00e9s chez Macap qui sont utilis\u00e9s sur le parc auto de la soci\u00e9t\u00e9 Bavaria Motors \u00e0 la Garde\",\"breadcrumb\":{\"@id\":\"https:\/\/www.macapflag.com\/blog\/bavaria-motors-choisit-les-beachflags-macap-pour-valoriser-son-parc-automobile\/#breadcrumb\"},\"inLanguage\":\"fr-FR\",\"potentialAction\":[{\"@type\":\"ReadAction\",\"target\":[\"https:\/\/www.macapflag.com\/blog\/bavaria-motors-choisit-les-beachflags-macap-pour-valoriser-son-parc-automobile\/\"]}]},{\"@type\":\"ImageObject\",\"inLanguage\":\"fr-FR\",\"@id\":\"https:\/\/www.macapflag.com\/blog\/bavaria-motors-choisit-les-beachflags-macap-pour-valoriser-son-parc-automobile\/#primaryimage\",\"url\":\"https:\/\/www.macapflag.com\/blog\/wp-content\/uploads\/2026\/03\/Titre_Bavaria_Motors_a_la_Garde.jpg\",\"contentUrl\":\"https:\/\/www.macapflag.com\/blog\/wp-content\/uploads\/2026\/03\/Titre_Bavaria_Motors_a_la_Garde.jpg\",\"width\":870,\"height\":601,\"caption\":\"Bavaria Motors \u00e0 la Garde\"},{\"@type\":\"BreadcrumbList\",\"@id\":\"https:\/\/www.macapflag.com\/blog\/bavaria-motors-choisit-les-beachflags-macap-pour-valoriser-son-parc-automobile\/#breadcrumb\",\"itemListElement\":[{\"@type\":\"ListItem\",\"position\":1,\"name\":\"Accueil\",\"item\":\"https:\/\/www.macapflag.com\/blog\/\"},{\"@type\":\"ListItem\",\"position\":2,\"name\":\"Bavaria Motors choisit les beachflags Macap pour valoriser son parc automobile\"}]},{\"@type\":\"WebSite\",\"@id\":\"https:\/\/www.macapflag.com\/blog\/#website\",\"url\":\"https:\/\/www.macapflag.com\/blog\/\",\"name\":\"Blog - Macap\",\"description\":\"Tous nos articles\",\"publisher\":{\"@id\":\"https:\/\/www.macapflag.com\/blog\/#organization\"},\"potentialAction\":[{\"@type\":\"SearchAction\",\"target\":{\"@type\":\"EntryPoint\",\"urlTemplate\":\"https:\/\/www.macapflag.com\/blog\/?s={search_term_string}\"},\"query-input\":{\"@type\":\"PropertyValueSpecification\",\"valueRequired\":true,\"valueName\":\"search_term_string\"}}],\"inLanguage\":\"fr-FR\"},{\"@type\":\"Organization\",\"@id\":\"https:\/\/www.macapflag.com\/blog\/#organization\",\"name\":\"macapflag\",\"url\":\"https:\/\/www.macapflag.com\/blog\/\",\"logo\":{\"@type\":\"ImageObject\",\"inLanguage\":\"fr-FR\",\"@id\":\"https:\/\/www.macapflag.com\/blog\/#\/schema\/logo\/image\/\",\"url\":\"https:\/\/www.macapflag.com\/blog\/wp-content\/uploads\/2020\/12\/cropped-M-512-1.png\",\"contentUrl\":\"https:\/\/www.macapflag.com\/blog\/wp-content\/uploads\/2020\/12\/cropped-M-512-1.png\",\"width\":512,\"height\":512,\"caption\":\"macapflag\"},\"image\":{\"@id\":\"https:\/\/www.macapflag.com\/blog\/#\/schema\/logo\/image\/\"},\"sameAs\":[\"https:\/\/www.facebook.com\/macap.pavoisement\/\",\"https:\/\/www.instagram.com\/macapflag\/?hl=fr\",\"https:\/\/www.linkedin.com\/company\/macap\/?originalSubdomain=fr\",\"https:\/\/www.youtube.com\/channel\/UCXNzTIdZh9poEBjSXEqDtNw\"]},{\"@type\":\"Person\",\"@id\":\"https:\/\/www.macapflag.com\/blog\/#\/schema\/person\/3fea701f2603875e651e6b662578fc3c\",\"name\":\"Blog Macap\",\"image\":{\"@type\":\"ImageObject\",\"inLanguage\":\"fr-FR\",\"@id\":\"https:\/\/www.macapflag.com\/blog\/#\/schema\/person\/image\/\",\"url\":\"https:\/\/secure.gravatar.com\/avatar\/c12551f2dc51f0db049633b03e7856985477a70da834cc8967dea4ce54bdd6a2?s=96&d=mm&r=g\",\"contentUrl\":\"https:\/\/secure.gravatar.com\/avatar\/c12551f2dc51f0db049633b03e7856985477a70da834cc8967dea4ce54bdd6a2?s=96&d=mm&r=g\",\"caption\":\"Blog Macap\"},\"url\":\"https:\/\/www.macapflag.com\/blog\/author\/macap\/\"}]}<\/script>\n<!-- \/ Yoast SEO plugin. -->","yoast_head_json":{"title":"Bavaria Motors choisit Macap pour ses beachflags imprim\u00e9s","description":"Ce sont les beachflags oriflammes fabriqu\u00e9s et imprim\u00e9s chez Macap qui sont utilis\u00e9s sur le parc auto de la soci\u00e9t\u00e9 Bavaria Motors \u00e0 la Garde","robots":{"index":"index","follow":"follow","max-snippet":"max-snippet:-1","max-image-preview":"max-image-preview:large","max-video-preview":"max-video-preview:-1"},"canonical":"https:\/\/www.macapflag.com\/blog\/bavaria-motors-choisit-les-beachflags-macap-pour-valoriser-son-parc-automobile\/","og_locale":"fr_FR","og_type":"article","og_title":"Bavaria Motors choisit Macap pour ses beachflags imprim\u00e9s","og_description":"Ce sont les beachflags oriflammes fabriqu\u00e9s et imprim\u00e9s chez Macap qui sont utilis\u00e9s sur le parc auto de la soci\u00e9t\u00e9 Bavaria Motors \u00e0 la Garde","og_url":"https:\/\/www.macapflag.com\/blog\/bavaria-motors-choisit-les-beachflags-macap-pour-valoriser-son-parc-automobile\/","og_site_name":"Blog - Macap","article_publisher":"https:\/\/www.facebook.com\/macap.pavoisement\/","article_published_time":"2026-03-02T11:01:17+00:00","article_modified_time":"2026-03-02T11:01:18+00:00","og_image":[{"width":870,"height":601,"url":"https:\/\/www.macapflag.com\/blog\/wp-content\/uploads\/2026\/03\/Titre_Bavaria_Motors_a_la_Garde.jpg","type":"image\/jpeg"}],"author":"Blog Macap","twitter_card":"summary_large_image","twitter_misc":{"\u00c9crit par":"Blog Macap","Dur\u00e9e de lecture estim\u00e9e":"3 minutes"},"schema":{"@context":"https:\/\/schema.org","@graph":[{"@type":"Article","@id":"https:\/\/www.macapflag.com\/blog\/bavaria-motors-choisit-les-beachflags-macap-pour-valoriser-son-parc-automobile\/#article","isPartOf":{"@id":"https:\/\/www.macapflag.com\/blog\/bavaria-motors-choisit-les-beachflags-macap-pour-valoriser-son-parc-automobile\/"},"author":{"name":"Blog Macap","@id":"https:\/\/www.macapflag.com\/blog\/#\/schema\/person\/3fea701f2603875e651e6b662578fc3c"},"headline":"Bavaria Motors choisit les beachflags Macap pour valoriser son parc automobile","datePublished":"2026-03-02T11:01:17+00:00","dateModified":"2026-03-02T11:01:18+00:00","mainEntityOfPage":{"@id":"https:\/\/www.macapflag.com\/blog\/bavaria-motors-choisit-les-beachflags-macap-pour-valoriser-son-parc-automobile\/"},"wordCount":374,"publisher":{"@id":"https:\/\/www.macapflag.com\/blog\/#organization"},"image":{"@id":"https:\/\/www.macapflag.com\/blog\/bavaria-motors-choisit-les-beachflags-macap-pour-valoriser-son-parc-automobile\/#primaryimage"},"thumbnailUrl":"https:\/\/www.macapflag.com\/blog\/wp-content\/uploads\/2026\/03\/Titre_Bavaria_Motors_a_la_Garde.jpg","articleSection":["Le monde de la Com'"],"inLanguage":"fr-FR"},{"@type":"WebPage","@id":"https:\/\/www.macapflag.com\/blog\/bavaria-motors-choisit-les-beachflags-macap-pour-valoriser-son-parc-automobile\/","url":"https:\/\/www.macapflag.com\/blog\/bavaria-motors-choisit-les-beachflags-macap-pour-valoriser-son-parc-automobile\/","name":"Bavaria Motors choisit Macap pour ses beachflags imprim\u00e9s","isPartOf":{"@id":"https:\/\/www.macapflag.com\/blog\/#website"},"primaryImageOfPage":{"@id":"https:\/\/www.macapflag.com\/blog\/bavaria-motors-choisit-les-beachflags-macap-pour-valoriser-son-parc-automobile\/#primaryimage"},"image":{"@id":"https:\/\/www.macapflag.com\/blog\/bavaria-motors-choisit-les-beachflags-macap-pour-valoriser-son-parc-automobile\/#primaryimage"},"thumbnailUrl":"https:\/\/www.macapflag.com\/blog\/wp-content\/uploads\/2026\/03\/Titre_Bavaria_Motors_a_la_Garde.jpg","datePublished":"2026-03-02T11:01:17+00:00","dateModified":"2026-03-02T11:01:18+00:00","description":"Ce sont les beachflags oriflammes fabriqu\u00e9s et imprim\u00e9s chez Macap qui sont utilis\u00e9s sur le parc auto de la soci\u00e9t\u00e9 Bavaria Motors \u00e0 la Garde","breadcrumb":{"@id":"https:\/\/www.macapflag.com\/blog\/bavaria-motors-choisit-les-beachflags-macap-pour-valoriser-son-parc-automobile\/#breadcrumb"},"inLanguage":"fr-FR","potentialAction":[{"@type":"ReadAction","target":["https:\/\/www.macapflag.com\/blog\/bavaria-motors-choisit-les-beachflags-macap-pour-valoriser-son-parc-automobile\/"]}]},{"@type":"ImageObject","inLanguage":"fr-FR","@id":"https:\/\/www.macapflag.com\/blog\/bavaria-motors-choisit-les-beachflags-macap-pour-valoriser-son-parc-automobile\/#primaryimage","url":"https:\/\/www.macapflag.com\/blog\/wp-content\/uploads\/2026\/03\/Titre_Bavaria_Motors_a_la_Garde.jpg","contentUrl":"https:\/\/www.macapflag.com\/blog\/wp-content\/uploads\/2026\/03\/Titre_Bavaria_Motors_a_la_Garde.jpg","width":870,"height":601,"caption":"Bavaria Motors \u00e0 la Garde"},{"@type":"BreadcrumbList","@id":"https:\/\/www.macapflag.com\/blog\/bavaria-motors-choisit-les-beachflags-macap-pour-valoriser-son-parc-automobile\/#breadcrumb","itemListElement":[{"@type":"ListItem","position":1,"name":"Accueil","item":"https:\/\/www.macapflag.com\/blog\/"},{"@type":"ListItem","position":2,"name":"Bavaria Motors choisit les beachflags Macap pour valoriser son parc automobile"}]},{"@type":"WebSite","@id":"https:\/\/www.macapflag.com\/blog\/#website","url":"https:\/\/www.macapflag.com\/blog\/","name":"Blog - Macap","description":"Tous nos articles","publisher":{"@id":"https:\/\/www.macapflag.com\/blog\/#organization"},"potentialAction":[{"@type":"SearchAction","target":{"@type":"EntryPoint","urlTemplate":"https:\/\/www.macapflag.com\/blog\/?s={search_term_string}"},"query-input":{"@type":"PropertyValueSpecification","valueRequired":true,"valueName":"search_term_string"}}],"inLanguage":"fr-FR"},{"@type":"Organization","@id":"https:\/\/www.macapflag.com\/blog\/#organization","name":"macapflag","url":"https:\/\/www.macapflag.com\/blog\/","logo":{"@type":"ImageObject","inLanguage":"fr-FR","@id":"https:\/\/www.macapflag.com\/blog\/#\/schema\/logo\/image\/","url":"https:\/\/www.macapflag.com\/blog\/wp-content\/uploads\/2020\/12\/cropped-M-512-1.png","contentUrl":"https:\/\/www.macapflag.com\/blog\/wp-content\/uploads\/2020\/12\/cropped-M-512-1.png","width":512,"height":512,"caption":"macapflag"},"image":{"@id":"https:\/\/www.macapflag.com\/blog\/#\/schema\/logo\/image\/"},"sameAs":["https:\/\/www.facebook.com\/macap.pavoisement\/","https:\/\/www.instagram.com\/macapflag\/?hl=fr","https:\/\/www.linkedin.com\/company\/macap\/?originalSubdomain=fr","https:\/\/www.youtube.com\/channel\/UCXNzTIdZh9poEBjSXEqDtNw"]},{"@type":"Person","@id":"https:\/\/www.macapflag.com\/blog\/#\/schema\/person\/3fea701f2603875e651e6b662578fc3c","name":"Blog Macap","image":{"@type":"ImageObject","inLanguage":"fr-FR","@id":"https:\/\/www.macapflag.com\/blog\/#\/schema\/person\/image\/","url":"https:\/\/secure.gravatar.com\/avatar\/c12551f2dc51f0db049633b03e7856985477a70da834cc8967dea4ce54bdd6a2?s=96&d=mm&r=g","contentUrl":"https:\/\/secure.gravatar.com\/avatar\/c12551f2dc51f0db049633b03e7856985477a70da834cc8967dea4ce54bdd6a2?s=96&d=mm&r=g","caption":"Blog Macap"},"url":"https:\/\/www.macapflag.com\/blog\/author\/macap\/"}]}},"_links":{"self":[{"href":"https:\/\/www.macapflag.com\/blog\/wp-json\/wp\/v2\/posts\/22431","targetHints":{"allow":["GET"]}}],"collection":[{"href":"https:\/\/www.macapflag.com\/blog\/wp-json\/wp\/v2\/posts"}],"about":[{"href":"https:\/\/www.macapflag.com\/blog\/wp-json\/wp\/v2\/types\/post"}],"author":[{"embeddable":true,"href":"https:\/\/www.macapflag.com\/blog\/wp-json\/wp\/v2\/users\/2"}],"replies":[{"embeddable":true,"href":"https:\/\/www.macapflag.com\/blog\/wp-json\/wp\/v2\/comments?post=22431"}],"version-history":[{"count":3,"href":"https:\/\/www.macapflag.com\/blog\/wp-json\/wp\/v2\/posts\/22431\/revisions"}],"predecessor-version":[{"id":22437,"href":"https:\/\/www.macapflag.com\/blog\/wp-json\/wp\/v2\/posts\/22431\/revisions\/22437"}],"wp:featuredmedia":[{"embeddable":true,"href":"https:\/\/www.macapflag.com\/blog\/wp-json\/wp\/v2\/media\/22430"}],"wp:attachment":[{"href":"https:\/\/www.macapflag.com\/blog\/wp-json\/wp\/v2\/media?parent=22431"}],"wp:term":[{"taxonomy":"category","embeddable":true,"href":"https:\/\/www.macapflag.com\/blog\/wp-json\/wp\/v2\/categories?post=22431"},{"taxonomy":"post_tag","embeddable":true,"href":"https:\/\/www.macapflag.com\/blog\/wp-json\/wp\/v2\/tags?post=22431"}],"curies":[{"name":"wp","href":"https:\/\/api.w.org\/{rel}","templated":true}]}}