{"id":2439,"date":"2018-07-20T08:00:29","date_gmt":"2018-07-20T06:00:29","guid":{"rendered":"https:\/\/www.macapflag.com\/blog\/?p=2439"},"modified":"2018-08-09T14:18:12","modified_gmt":"2018-08-09T12:18:12","slug":"le-20-juillet-1969","status":"publish","type":"post","link":"https:\/\/www.macapflag.com\/blog\/le-20-juillet-1969\/","title":{"rendered":"Le 20 Juillet 1969"},"content":{"rendered":"\t\t<div data-elementor-type=\"wp-post\" data-elementor-id=\"2439\" class=\"elementor elementor-2439 elementor-bc-flex-widget\">\n\t\t\t\t\t\t<section class=\"elementor-section elementor-top-section elementor-element elementor-element-bc05e1a elementor-section-boxed elementor-section-height-default elementor-section-height-default\" data-id=\"bc05e1a\" data-element_type=\"section\">\n\t\t\t\t\t\t<div class=\"elementor-container elementor-column-gap-default\">\n\t\t\t\t\t<div class=\"elementor-column elementor-col-100 elementor-top-column elementor-element elementor-element-8c2cd1b\" data-id=\"8c2cd1b\" data-element_type=\"column\">\n\t\t\t<div class=\"elementor-widget-wrap elementor-element-populated\">\n\t\t\t\t\t\t<div class=\"elementor-element elementor-element-1a86409 elementor-widget elementor-widget-text-editor\" data-id=\"1a86409\" data-element_type=\"widget\" data-widget_type=\"text-editor.default\">\n\t\t\t\t<div class=\"elementor-widget-container\">\n\t\t\t\t\t\t\t\t\t<h2><strong><span style=\"font-size: 30pt;\">On a march\u00e9 sur la lune &#8230;<\/span><\/strong><\/h2>\t\t\t\t\t\t\t\t<\/div>\n\t\t\t\t<\/div>\n\t\t\t\t\t<\/div>\n\t\t<\/div>\n\t\t\t\t\t<\/div>\n\t\t<\/section>\n\t\t\t\t<section class=\"elementor-section elementor-top-section elementor-element elementor-element-7747f90 elementor-section-boxed elementor-section-height-default elementor-section-height-default\" data-id=\"7747f90\" data-element_type=\"section\">\n\t\t\t\t\t\t<div class=\"elementor-container elementor-column-gap-default\">\n\t\t\t\t\t<div class=\"elementor-column elementor-col-66 elementor-top-column elementor-element elementor-element-255a5e5\" data-id=\"255a5e5\" data-element_type=\"column\">\n\t\t\t<div class=\"elementor-widget-wrap elementor-element-populated\">\n\t\t\t\t\t\t<div class=\"elementor-element elementor-element-1c63ca2 elementor-widget elementor-widget-image\" data-id=\"1c63ca2\" data-element_type=\"widget\" data-widget_type=\"image.default\">\n\t\t\t\t<div class=\"elementor-widget-container\">\n\t\t\t\t\t\t\t\t\t\t\t\t\t\t\t<img fetchpriority=\"high\" decoding=\"async\" width=\"700\" height=\"534\" src=\"https:\/\/www.macapflag.com\/blog\/wp-content\/uploads\/2018\/07\/on-a-march\u00e9-sur-la-lune-macap.gif\" class=\"attachment-large size-large wp-image-2441\" alt=\"On-a-march\u00e9-sur-la-lune-20-juillet-1969-macap\" \/>\t\t\t\t\t\t\t\t\t\t\t\t\t\t\t<\/div>\n\t\t\t\t<\/div>\n\t\t\t\t\t<\/div>\n\t\t<\/div>\n\t\t\t\t<div class=\"elementor-column elementor-col-33 elementor-top-column elementor-element elementor-element-338e8ad\" data-id=\"338e8ad\" data-element_type=\"column\">\n\t\t\t<div class=\"elementor-widget-wrap elementor-element-populated\">\n\t\t\t\t\t\t<div class=\"elementor-element elementor-element-c3e768f elementor-widget elementor-widget-text-editor\" data-id=\"c3e768f\" data-element_type=\"widget\" data-widget_type=\"text-editor.default\">\n\t\t\t\t<div class=\"elementor-widget-container\">\n\t\t\t\t\t\t\t\t\t<p style=\"text-align: justify;\"><span style=\"color: #000000; font-size: 14pt;\">Armstrong est s\u00e9lectionn\u00e9 comme commandant d&#8217;Apollo 11, la\u00a0premi\u00e8re\u00a0mission \u00e0 se poser sur la\u00a0Lune. Le 20 juillet 1969 , il pilote le module lunaire Apollo qui alunit. L&#8217;image d&#8217;Armstrong plantant son drapeau sur la lune fera le tour du monde mais avant d&#8217;arriver \u00e0 ce jour de gloire, il a fallu faire beaucoup d&#8217;essais. Il n&#8217;y a pas d&#8217;atmosph\u00e8re sur la lune donc pas de vent et il fallait pourtant que le drapeau donne l&#8217;impression de flotter ! Il fallait \u00e9galement qu&#8217;il soit facile \u00e0 installer, l\u00e9ger et compact pour son acheminement. Apr\u00e8s 3 mois de travail sur le sujet, le fameux drapeau mesurait 90 x 152 cm et pesait 4,2 kg. Il a \u00e9t\u00e9 fabriqu\u00e9 en nylon et mont\u00e9 sur une tige surmont\u00e9 d&#8217;une hampe pour donner l&#8217;illusion de flotter au vent. Une \u00e9tude de la NASA datant de 2012 montre que ce drapeau s&#8217;est aujourd&#8217;hui d\u00e9sint\u00e9gr\u00e9.<\/span><\/p>\t\t\t\t\t\t\t\t<\/div>\n\t\t\t\t<\/div>\n\t\t\t\t\t<\/div>\n\t\t<\/div>\n\t\t\t\t\t<\/div>\n\t\t<\/section>\n\t\t\t\t<section class=\"elementor-section elementor-top-section elementor-element elementor-element-a294848 elementor-section-boxed elementor-section-height-default elementor-section-height-default\" data-id=\"a294848\" data-element_type=\"section\">\n\t\t\t\t\t\t<div class=\"elementor-container elementor-column-gap-default\">\n\t\t\t\t\t<div class=\"elementor-column elementor-col-100 elementor-top-column elementor-element elementor-element-a8a4036\" data-id=\"a8a4036\" data-element_type=\"column\">\n\t\t\t<div class=\"elementor-widget-wrap elementor-element-populated\">\n\t\t\t\t\t\t<div class=\"elementor-element elementor-element-06c7a5f elementor-widget elementor-widget-text-editor\" data-id=\"06c7a5f\" data-element_type=\"widget\" data-widget_type=\"text-editor.default\">\n\t\t\t\t<div class=\"elementor-widget-container\">\n\t\t\t\t\t\t\t\t\t<h2><strong><span style=\"font-size: 30pt;\">Et un drapeau a \u00e9t\u00e9 utilis\u00e9 ce jour l\u00e0 &#8230;<\/span><\/strong><\/h2>\t\t\t\t\t\t\t\t<\/div>\n\t\t\t\t<\/div>\n\t\t\t\t\t<\/div>\n\t\t<\/div>\n\t\t\t\t\t<\/div>\n\t\t<\/section>\n\t\t\t\t<section class=\"elementor-section elementor-top-section elementor-element elementor-element-bd9db21 elementor-section-boxed elementor-section-height-default elementor-section-height-default\" data-id=\"bd9db21\" data-element_type=\"section\">\n\t\t\t\t\t\t<div class=\"elementor-container elementor-column-gap-default\">\n\t\t\t\t\t<div class=\"elementor-column elementor-col-100 elementor-top-column elementor-element elementor-element-40119fd\" data-id=\"40119fd\" data-element_type=\"column\">\n\t\t\t<div class=\"elementor-widget-wrap elementor-element-populated\">\n\t\t\t\t\t\t<div class=\"elementor-element elementor-element-9872ffd elementor-widget elementor-widget-text-editor\" data-id=\"9872ffd\" data-element_type=\"widget\" data-widget_type=\"text-editor.default\">\n\t\t\t\t<div class=\"elementor-widget-container\">\n\t\t\t\t\t\t\t\t\t<p style=\"text-align: center;\"><span style=\"color: #000000; font-size: 14pt;\"><em>Life is a beautiful print !<\/em><\/span><\/p>\t\t\t\t\t\t\t\t<\/div>\n\t\t\t\t<\/div>\n\t\t\t\t\t<\/div>\n\t\t<\/div>\n\t\t\t\t\t<\/div>\n\t\t<\/section>\n\t\t\t\t<section class=\"elementor-section elementor-top-section elementor-element elementor-element-22f64b1 elementor-section-boxed elementor-section-height-default elementor-section-height-default\" data-id=\"22f64b1\" data-element_type=\"section\">\n\t\t\t\t\t\t<div class=\"elementor-container elementor-column-gap-default\">\n\t\t\t\t\t<div class=\"elementor-column elementor-col-100 elementor-top-column elementor-element elementor-element-1f79d0a\" data-id=\"1f79d0a\" data-element_type=\"column\">\n\t\t\t<div class=\"elementor-widget-wrap elementor-element-populated\">\n\t\t\t\t\t\t<div class=\"elementor-element elementor-element-79fd371 elementor-widget elementor-widget-spacer\" data-id=\"79fd371\" data-element_type=\"widget\" data-widget_type=\"spacer.default\">\n\t\t\t\t<div class=\"elementor-widget-container\">\n\t\t\t\t\t\t\t<div class=\"elementor-spacer\">\n\t\t\t<div class=\"elementor-spacer-inner\"><\/div>\n\t\t<\/div>\n\t\t\t\t\t\t<\/div>\n\t\t\t\t<\/div>\n\t\t\t\t\t<\/div>\n\t\t<\/div>\n\t\t\t\t\t<\/div>\n\t\t<\/section>\n\t\t\t\t<section class=\"elementor-section elementor-top-section elementor-element elementor-element-d92fdf0 elementor-section-boxed elementor-section-height-default elementor-section-height-default\" data-id=\"d92fdf0\" data-element_type=\"section\">\n\t\t\t\t\t\t<div class=\"elementor-container elementor-column-gap-default\">\n\t\t\t\t\t<div class=\"elementor-column elementor-col-100 elementor-top-column elementor-element elementor-element-05e3770\" data-id=\"05e3770\" data-element_type=\"column\">\n\t\t\t<div class=\"elementor-widget-wrap elementor-element-populated\">\n\t\t\t\t\t\t<div class=\"elementor-element elementor-element-9ad7e8d elementor-widget elementor-widget-spacer\" data-id=\"9ad7e8d\" data-element_type=\"widget\" data-widget_type=\"spacer.default\">\n\t\t\t\t<div class=\"elementor-widget-container\">\n\t\t\t\t\t\t\t<div class=\"elementor-spacer\">\n\t\t\t<div class=\"elementor-spacer-inner\"><\/div>\n\t\t<\/div>\n\t\t\t\t\t\t<\/div>\n\t\t\t\t<\/div>\n\t\t\t\t\t<\/div>\n\t\t<\/div>\n\t\t\t\t\t<\/div>\n\t\t<\/section>\n\t\t\t\t<\/div>\n\t\t","protected":false},"excerpt":{"rendered":"<div class=\"tmnf_excerpt\"><p>On a march\u00e9 sur la lune &#8230; Armstrong est s\u00e9lectionn\u00e9 comme commandant d&#8217;Apollo 11, la\u00a0premi\u00e8re\u00a0mission \u00e0 se poser sur la\u00a0Lune. Le 20 juillet 1969 , il pilote le module lunaire Apollo qui alunit. L&#8217;image d&#8217;Armstrong plantant son drapeau sur la lune fera le tour du monde mais avant d&#8217;arriver \u00e0 ce jour de gloire, il &hellip;<\/p>\n<\/div>","protected":false},"author":2,"featured_media":2440,"comment_status":"closed","ping_status":"open","sticky":false,"template":"template-fullwidth.php","format":"standard","meta":{"footnotes":""},"categories":[92],"tags":[],"class_list":["post-2439","post","type-post","status-publish","format-standard","has-post-thumbnail","hentry","category-news"],"yoast_head":"<!-- This site is optimized with the Yoast SEO plugin v26.4 - https:\/\/yoast.com\/wordpress\/plugins\/seo\/ -->\n<title>On a march\u00e9 sur la lune, le 20 Juillet 1969. Blog by Macap<\/title>\n<meta name=\"description\" content=\"Le 20 Juillet 1969, on a march\u00e9 sur la lune pour la premi\u00e8re fois ! Focus dans notre rubrique &quot;\u00c7a s&#039;est pass\u00e9 ce jour l\u00e0&quot;,\" \/>\n<meta name=\"robots\" content=\"index, follow, max-snippet:-1, max-image-preview:large, max-video-preview:-1\" \/>\n<link rel=\"canonical\" href=\"https:\/\/www.macapflag.com\/blog\/le-20-juillet-1969\/\" \/>\n<meta property=\"og:locale\" content=\"fr_FR\" \/>\n<meta property=\"og:type\" content=\"article\" \/>\n<meta property=\"og:title\" content=\"On a march\u00e9 sur la lune, le 20 Juillet 1969. Blog by Macap\" \/>\n<meta property=\"og:description\" content=\"Le 20 Juillet 1969, on a march\u00e9 sur la lune pour la premi\u00e8re fois ! Focus dans notre rubrique &quot;\u00c7a s&#039;est pass\u00e9 ce jour l\u00e0&quot;,\" \/>\n<meta property=\"og:url\" content=\"https:\/\/www.macapflag.com\/blog\/le-20-juillet-1969\/\" \/>\n<meta property=\"og:site_name\" content=\"Blog - Macap\" \/>\n<meta property=\"article:publisher\" content=\"https:\/\/www.facebook.com\/macap.pavoisement\/\" \/>\n<meta property=\"article:published_time\" content=\"2018-07-20T06:00:29+00:00\" \/>\n<meta property=\"article:modified_time\" content=\"2018-08-09T12:18:12+00:00\" \/>\n<meta property=\"og:image\" content=\"https:\/\/www.macapflag.com\/blog\/wp-content\/uploads\/2018\/07\/Ca-sest-pass\u00e9-ce-jour-l\u00e0-macap.jpg\" \/>\n\t<meta property=\"og:image:width\" content=\"700\" \/>\n\t<meta property=\"og:image:height\" content=\"537\" \/>\n\t<meta property=\"og:image:type\" content=\"image\/jpeg\" \/>\n<meta name=\"author\" content=\"Blog Macap\" \/>\n<meta name=\"twitter:card\" content=\"summary_large_image\" \/>\n<meta name=\"twitter:label1\" content=\"\u00c9crit par\" \/>\n\t<meta name=\"twitter:data1\" content=\"Blog Macap\" \/>\n\t<meta name=\"twitter:label2\" content=\"Dur\u00e9e de lecture estim\u00e9e\" \/>\n\t<meta name=\"twitter:data2\" content=\"1 minute\" \/>\n<script type=\"application\/ld+json\" class=\"yoast-schema-graph\">{\"@context\":\"https:\/\/schema.org\",\"@graph\":[{\"@type\":\"Article\",\"@id\":\"https:\/\/www.macapflag.com\/blog\/le-20-juillet-1969\/#article\",\"isPartOf\":{\"@id\":\"https:\/\/www.macapflag.com\/blog\/le-20-juillet-1969\/\"},\"author\":{\"name\":\"Blog Macap\",\"@id\":\"https:\/\/www.macapflag.com\/blog\/#\/schema\/person\/3fea701f2603875e651e6b662578fc3c\"},\"headline\":\"Le 20 Juillet 1969\",\"datePublished\":\"2018-07-20T06:00:29+00:00\",\"dateModified\":\"2018-08-09T12:18:12+00:00\",\"mainEntityOfPage\":{\"@id\":\"https:\/\/www.macapflag.com\/blog\/le-20-juillet-1969\/\"},\"wordCount\":166,\"publisher\":{\"@id\":\"https:\/\/www.macapflag.com\/blog\/#organization\"},\"image\":{\"@id\":\"https:\/\/www.macapflag.com\/blog\/le-20-juillet-1969\/#primaryimage\"},\"thumbnailUrl\":\"https:\/\/www.macapflag.com\/blog\/wp-content\/uploads\/2018\/07\/Ca-sest-pass\u00e9-ce-jour-l\u00e0-macap.jpg\",\"articleSection\":[\"News &amp; Actu\"],\"inLanguage\":\"fr-FR\"},{\"@type\":\"WebPage\",\"@id\":\"https:\/\/www.macapflag.com\/blog\/le-20-juillet-1969\/\",\"url\":\"https:\/\/www.macapflag.com\/blog\/le-20-juillet-1969\/\",\"name\":\"On a march\u00e9 sur la lune, le 20 Juillet 1969. Blog by Macap\",\"isPartOf\":{\"@id\":\"https:\/\/www.macapflag.com\/blog\/#website\"},\"primaryImageOfPage\":{\"@id\":\"https:\/\/www.macapflag.com\/blog\/le-20-juillet-1969\/#primaryimage\"},\"image\":{\"@id\":\"https:\/\/www.macapflag.com\/blog\/le-20-juillet-1969\/#primaryimage\"},\"thumbnailUrl\":\"https:\/\/www.macapflag.com\/blog\/wp-content\/uploads\/2018\/07\/Ca-sest-pass\u00e9-ce-jour-l\u00e0-macap.jpg\",\"datePublished\":\"2018-07-20T06:00:29+00:00\",\"dateModified\":\"2018-08-09T12:18:12+00:00\",\"description\":\"Le 20 Juillet 1969, on a march\u00e9 sur la lune pour la premi\u00e8re fois ! Focus dans notre rubrique \\\"\u00c7a s'est pass\u00e9 ce jour l\u00e0\\\",\",\"breadcrumb\":{\"@id\":\"https:\/\/www.macapflag.com\/blog\/le-20-juillet-1969\/#breadcrumb\"},\"inLanguage\":\"fr-FR\",\"potentialAction\":[{\"@type\":\"ReadAction\",\"target\":[\"https:\/\/www.macapflag.com\/blog\/le-20-juillet-1969\/\"]}]},{\"@type\":\"ImageObject\",\"inLanguage\":\"fr-FR\",\"@id\":\"https:\/\/www.macapflag.com\/blog\/le-20-juillet-1969\/#primaryimage\",\"url\":\"https:\/\/www.macapflag.com\/blog\/wp-content\/uploads\/2018\/07\/Ca-sest-pass\u00e9-ce-jour-l\u00e0-macap.jpg\",\"contentUrl\":\"https:\/\/www.macapflag.com\/blog\/wp-content\/uploads\/2018\/07\/Ca-sest-pass\u00e9-ce-jour-l\u00e0-macap.jpg\",\"width\":700,\"height\":537,\"caption\":\"Ca-s-est-pass\u00e9-ce-jour-l\u00e0-Macap\"},{\"@type\":\"BreadcrumbList\",\"@id\":\"https:\/\/www.macapflag.com\/blog\/le-20-juillet-1969\/#breadcrumb\",\"itemListElement\":[{\"@type\":\"ListItem\",\"position\":1,\"name\":\"Accueil\",\"item\":\"https:\/\/www.macapflag.com\/blog\/\"},{\"@type\":\"ListItem\",\"position\":2,\"name\":\"Le 20 Juillet 1969\"}]},{\"@type\":\"WebSite\",\"@id\":\"https:\/\/www.macapflag.com\/blog\/#website\",\"url\":\"https:\/\/www.macapflag.com\/blog\/\",\"name\":\"Blog - Macap\",\"description\":\"Tous nos articles\",\"publisher\":{\"@id\":\"https:\/\/www.macapflag.com\/blog\/#organization\"},\"potentialAction\":[{\"@type\":\"SearchAction\",\"target\":{\"@type\":\"EntryPoint\",\"urlTemplate\":\"https:\/\/www.macapflag.com\/blog\/?s={search_term_string}\"},\"query-input\":{\"@type\":\"PropertyValueSpecification\",\"valueRequired\":true,\"valueName\":\"search_term_string\"}}],\"inLanguage\":\"fr-FR\"},{\"@type\":\"Organization\",\"@id\":\"https:\/\/www.macapflag.com\/blog\/#organization\",\"name\":\"macapflag\",\"url\":\"https:\/\/www.macapflag.com\/blog\/\",\"logo\":{\"@type\":\"ImageObject\",\"inLanguage\":\"fr-FR\",\"@id\":\"https:\/\/www.macapflag.com\/blog\/#\/schema\/logo\/image\/\",\"url\":\"https:\/\/www.macapflag.com\/blog\/wp-content\/uploads\/2020\/12\/cropped-M-512-1.png\",\"contentUrl\":\"https:\/\/www.macapflag.com\/blog\/wp-content\/uploads\/2020\/12\/cropped-M-512-1.png\",\"width\":512,\"height\":512,\"caption\":\"macapflag\"},\"image\":{\"@id\":\"https:\/\/www.macapflag.com\/blog\/#\/schema\/logo\/image\/\"},\"sameAs\":[\"https:\/\/www.facebook.com\/macap.pavoisement\/\",\"https:\/\/www.instagram.com\/macapflag\/?hl=fr\",\"https:\/\/www.linkedin.com\/company\/macap\/?originalSubdomain=fr\",\"https:\/\/www.youtube.com\/channel\/UCXNzTIdZh9poEBjSXEqDtNw\"]},{\"@type\":\"Person\",\"@id\":\"https:\/\/www.macapflag.com\/blog\/#\/schema\/person\/3fea701f2603875e651e6b662578fc3c\",\"name\":\"Blog Macap\",\"image\":{\"@type\":\"ImageObject\",\"inLanguage\":\"fr-FR\",\"@id\":\"https:\/\/www.macapflag.com\/blog\/#\/schema\/person\/image\/\",\"url\":\"https:\/\/secure.gravatar.com\/avatar\/c12551f2dc51f0db049633b03e7856985477a70da834cc8967dea4ce54bdd6a2?s=96&d=mm&r=g\",\"contentUrl\":\"https:\/\/secure.gravatar.com\/avatar\/c12551f2dc51f0db049633b03e7856985477a70da834cc8967dea4ce54bdd6a2?s=96&d=mm&r=g\",\"caption\":\"Blog Macap\"},\"url\":\"https:\/\/www.macapflag.com\/blog\/author\/macap\/\"}]}<\/script>\n<!-- \/ Yoast SEO plugin. -->","yoast_head_json":{"title":"On a march\u00e9 sur la lune, le 20 Juillet 1969. Blog by Macap","description":"Le 20 Juillet 1969, on a march\u00e9 sur la lune pour la premi\u00e8re fois ! Focus dans notre rubrique \"\u00c7a s'est pass\u00e9 ce jour l\u00e0\",","robots":{"index":"index","follow":"follow","max-snippet":"max-snippet:-1","max-image-preview":"max-image-preview:large","max-video-preview":"max-video-preview:-1"},"canonical":"https:\/\/www.macapflag.com\/blog\/le-20-juillet-1969\/","og_locale":"fr_FR","og_type":"article","og_title":"On a march\u00e9 sur la lune, le 20 Juillet 1969. Blog by Macap","og_description":"Le 20 Juillet 1969, on a march\u00e9 sur la lune pour la premi\u00e8re fois ! Focus dans notre rubrique \"\u00c7a s'est pass\u00e9 ce jour l\u00e0\",","og_url":"https:\/\/www.macapflag.com\/blog\/le-20-juillet-1969\/","og_site_name":"Blog - Macap","article_publisher":"https:\/\/www.facebook.com\/macap.pavoisement\/","article_published_time":"2018-07-20T06:00:29+00:00","article_modified_time":"2018-08-09T12:18:12+00:00","og_image":[{"width":700,"height":537,"url":"https:\/\/www.macapflag.com\/blog\/wp-content\/uploads\/2018\/07\/Ca-sest-pass\u00e9-ce-jour-l\u00e0-macap.jpg","type":"image\/jpeg"}],"author":"Blog Macap","twitter_card":"summary_large_image","twitter_misc":{"\u00c9crit par":"Blog Macap","Dur\u00e9e de lecture estim\u00e9e":"1 minute"},"schema":{"@context":"https:\/\/schema.org","@graph":[{"@type":"Article","@id":"https:\/\/www.macapflag.com\/blog\/le-20-juillet-1969\/#article","isPartOf":{"@id":"https:\/\/www.macapflag.com\/blog\/le-20-juillet-1969\/"},"author":{"name":"Blog Macap","@id":"https:\/\/www.macapflag.com\/blog\/#\/schema\/person\/3fea701f2603875e651e6b662578fc3c"},"headline":"Le 20 Juillet 1969","datePublished":"2018-07-20T06:00:29+00:00","dateModified":"2018-08-09T12:18:12+00:00","mainEntityOfPage":{"@id":"https:\/\/www.macapflag.com\/blog\/le-20-juillet-1969\/"},"wordCount":166,"publisher":{"@id":"https:\/\/www.macapflag.com\/blog\/#organization"},"image":{"@id":"https:\/\/www.macapflag.com\/blog\/le-20-juillet-1969\/#primaryimage"},"thumbnailUrl":"https:\/\/www.macapflag.com\/blog\/wp-content\/uploads\/2018\/07\/Ca-sest-pass\u00e9-ce-jour-l\u00e0-macap.jpg","articleSection":["News &amp; Actu"],"inLanguage":"fr-FR"},{"@type":"WebPage","@id":"https:\/\/www.macapflag.com\/blog\/le-20-juillet-1969\/","url":"https:\/\/www.macapflag.com\/blog\/le-20-juillet-1969\/","name":"On a march\u00e9 sur la lune, le 20 Juillet 1969. Blog by Macap","isPartOf":{"@id":"https:\/\/www.macapflag.com\/blog\/#website"},"primaryImageOfPage":{"@id":"https:\/\/www.macapflag.com\/blog\/le-20-juillet-1969\/#primaryimage"},"image":{"@id":"https:\/\/www.macapflag.com\/blog\/le-20-juillet-1969\/#primaryimage"},"thumbnailUrl":"https:\/\/www.macapflag.com\/blog\/wp-content\/uploads\/2018\/07\/Ca-sest-pass\u00e9-ce-jour-l\u00e0-macap.jpg","datePublished":"2018-07-20T06:00:29+00:00","dateModified":"2018-08-09T12:18:12+00:00","description":"Le 20 Juillet 1969, on a march\u00e9 sur la lune pour la premi\u00e8re fois ! Focus dans notre rubrique \"\u00c7a s'est pass\u00e9 ce jour l\u00e0\",","breadcrumb":{"@id":"https:\/\/www.macapflag.com\/blog\/le-20-juillet-1969\/#breadcrumb"},"inLanguage":"fr-FR","potentialAction":[{"@type":"ReadAction","target":["https:\/\/www.macapflag.com\/blog\/le-20-juillet-1969\/"]}]},{"@type":"ImageObject","inLanguage":"fr-FR","@id":"https:\/\/www.macapflag.com\/blog\/le-20-juillet-1969\/#primaryimage","url":"https:\/\/www.macapflag.com\/blog\/wp-content\/uploads\/2018\/07\/Ca-sest-pass\u00e9-ce-jour-l\u00e0-macap.jpg","contentUrl":"https:\/\/www.macapflag.com\/blog\/wp-content\/uploads\/2018\/07\/Ca-sest-pass\u00e9-ce-jour-l\u00e0-macap.jpg","width":700,"height":537,"caption":"Ca-s-est-pass\u00e9-ce-jour-l\u00e0-Macap"},{"@type":"BreadcrumbList","@id":"https:\/\/www.macapflag.com\/blog\/le-20-juillet-1969\/#breadcrumb","itemListElement":[{"@type":"ListItem","position":1,"name":"Accueil","item":"https:\/\/www.macapflag.com\/blog\/"},{"@type":"ListItem","position":2,"name":"Le 20 Juillet 1969"}]},{"@type":"WebSite","@id":"https:\/\/www.macapflag.com\/blog\/#website","url":"https:\/\/www.macapflag.com\/blog\/","name":"Blog - Macap","description":"Tous nos articles","publisher":{"@id":"https:\/\/www.macapflag.com\/blog\/#organization"},"potentialAction":[{"@type":"SearchAction","target":{"@type":"EntryPoint","urlTemplate":"https:\/\/www.macapflag.com\/blog\/?s={search_term_string}"},"query-input":{"@type":"PropertyValueSpecification","valueRequired":true,"valueName":"search_term_string"}}],"inLanguage":"fr-FR"},{"@type":"Organization","@id":"https:\/\/www.macapflag.com\/blog\/#organization","name":"macapflag","url":"https:\/\/www.macapflag.com\/blog\/","logo":{"@type":"ImageObject","inLanguage":"fr-FR","@id":"https:\/\/www.macapflag.com\/blog\/#\/schema\/logo\/image\/","url":"https:\/\/www.macapflag.com\/blog\/wp-content\/uploads\/2020\/12\/cropped-M-512-1.png","contentUrl":"https:\/\/www.macapflag.com\/blog\/wp-content\/uploads\/2020\/12\/cropped-M-512-1.png","width":512,"height":512,"caption":"macapflag"},"image":{"@id":"https:\/\/www.macapflag.com\/blog\/#\/schema\/logo\/image\/"},"sameAs":["https:\/\/www.facebook.com\/macap.pavoisement\/","https:\/\/www.instagram.com\/macapflag\/?hl=fr","https:\/\/www.linkedin.com\/company\/macap\/?originalSubdomain=fr","https:\/\/www.youtube.com\/channel\/UCXNzTIdZh9poEBjSXEqDtNw"]},{"@type":"Person","@id":"https:\/\/www.macapflag.com\/blog\/#\/schema\/person\/3fea701f2603875e651e6b662578fc3c","name":"Blog Macap","image":{"@type":"ImageObject","inLanguage":"fr-FR","@id":"https:\/\/www.macapflag.com\/blog\/#\/schema\/person\/image\/","url":"https:\/\/secure.gravatar.com\/avatar\/c12551f2dc51f0db049633b03e7856985477a70da834cc8967dea4ce54bdd6a2?s=96&d=mm&r=g","contentUrl":"https:\/\/secure.gravatar.com\/avatar\/c12551f2dc51f0db049633b03e7856985477a70da834cc8967dea4ce54bdd6a2?s=96&d=mm&r=g","caption":"Blog Macap"},"url":"https:\/\/www.macapflag.com\/blog\/author\/macap\/"}]}},"_links":{"self":[{"href":"https:\/\/www.macapflag.com\/blog\/wp-json\/wp\/v2\/posts\/2439","targetHints":{"allow":["GET"]}}],"collection":[{"href":"https:\/\/www.macapflag.com\/blog\/wp-json\/wp\/v2\/posts"}],"about":[{"href":"https:\/\/www.macapflag.com\/blog\/wp-json\/wp\/v2\/types\/post"}],"author":[{"embeddable":true,"href":"https:\/\/www.macapflag.com\/blog\/wp-json\/wp\/v2\/users\/2"}],"replies":[{"embeddable":true,"href":"https:\/\/www.macapflag.com\/blog\/wp-json\/wp\/v2\/comments?post=2439"}],"version-history":[{"count":11,"href":"https:\/\/www.macapflag.com\/blog\/wp-json\/wp\/v2\/posts\/2439\/revisions"}],"predecessor-version":[{"id":2652,"href":"https:\/\/www.macapflag.com\/blog\/wp-json\/wp\/v2\/posts\/2439\/revisions\/2652"}],"wp:featuredmedia":[{"embeddable":true,"href":"https:\/\/www.macapflag.com\/blog\/wp-json\/wp\/v2\/media\/2440"}],"wp:attachment":[{"href":"https:\/\/www.macapflag.com\/blog\/wp-json\/wp\/v2\/media?parent=2439"}],"wp:term":[{"taxonomy":"category","embeddable":true,"href":"https:\/\/www.macapflag.com\/blog\/wp-json\/wp\/v2\/categories?post=2439"},{"taxonomy":"post_tag","embeddable":true,"href":"https:\/\/www.macapflag.com\/blog\/wp-json\/wp\/v2\/tags?post=2439"}],"curies":[{"name":"wp","href":"https:\/\/api.w.org\/{rel}","templated":true}]}}