{"id":2606,"date":"2018-07-27T10:23:38","date_gmt":"2018-07-27T08:23:38","guid":{"rendered":"https:\/\/www.macapflag.com\/blog\/?p=2606"},"modified":"2019-11-25T13:35:06","modified_gmt":"2019-11-25T12:35:06","slug":"article-de-presse-var-matin-26-juillet-2018","status":"publish","type":"post","link":"https:\/\/www.macapflag.com\/blog\/article-de-presse-var-matin-26-juillet-2018\/","title":{"rendered":"Var Matin : La ZA des Bousquets au c\u0153ur de toutes les attentions"},"content":{"rendered":"\t\t<div data-elementor-type=\"wp-post\" data-elementor-id=\"2606\" class=\"elementor elementor-2606 elementor-bc-flex-widget\">\n\t\t\t\t\t\t<section class=\"elementor-section elementor-top-section elementor-element elementor-element-1f0a42a elementor-section-boxed elementor-section-height-default elementor-section-height-default\" data-id=\"1f0a42a\" data-element_type=\"section\">\n\t\t\t\t\t\t<div class=\"elementor-container elementor-column-gap-default\">\n\t\t\t\t\t<div class=\"elementor-column elementor-col-100 elementor-top-column elementor-element elementor-element-4dbe21a\" data-id=\"4dbe21a\" data-element_type=\"column\">\n\t\t\t<div class=\"elementor-widget-wrap elementor-element-populated\">\n\t\t\t\t\t\t<div class=\"elementor-element elementor-element-d3e2710 elementor-widget elementor-widget-text-editor\" data-id=\"d3e2710\" data-element_type=\"widget\" data-widget_type=\"text-editor.default\">\n\t\t\t\t<div class=\"elementor-widget-container\">\n\t\t\t\t\t\t\t\t\t<p><span style=\"font-size: 14pt; color: #000000;\">La zone d&#8217;activit\u00e9s des Bousquets situ\u00e9e \u00e0 Cuers est \u00e0 l&#8217;honneur dans cet article de Var Matin relatant la visite de M. Fran\u00e7ois de Canson dans les entreprises de la zone et notamment chez <a href=\"https:\/\/www.macapflag.com\/\" target=\"_blank\" rel=\"noopener\"><strong><span style=\"color: #3366ff;\">Macap<\/span><\/strong><\/a>.<\/span><\/p>\t\t\t\t\t\t\t\t<\/div>\n\t\t\t\t<\/div>\n\t\t\t\t\t<\/div>\n\t\t<\/div>\n\t\t\t\t\t<\/div>\n\t\t<\/section>\n\t\t\t\t<section class=\"elementor-section elementor-top-section elementor-element elementor-element-27b878e elementor-section-boxed elementor-section-height-default elementor-section-height-default\" data-id=\"27b878e\" data-element_type=\"section\">\n\t\t\t\t\t\t<div class=\"elementor-container elementor-column-gap-default\">\n\t\t\t\t\t<div class=\"elementor-column elementor-col-25 elementor-top-column elementor-element elementor-element-93a71bf\" data-id=\"93a71bf\" data-element_type=\"column\">\n\t\t\t<div class=\"elementor-widget-wrap\">\n\t\t\t\t\t\t\t<\/div>\n\t\t<\/div>\n\t\t\t\t<div class=\"elementor-column elementor-col-50 elementor-top-column elementor-element elementor-element-b6e671b\" data-id=\"b6e671b\" data-element_type=\"column\">\n\t\t\t<div class=\"elementor-widget-wrap elementor-element-populated\">\n\t\t\t\t\t\t<div class=\"elementor-element elementor-element-5ddfd50 elementor-widget elementor-widget-image\" data-id=\"5ddfd50\" data-element_type=\"widget\" data-widget_type=\"image.default\">\n\t\t\t\t<div class=\"elementor-widget-container\">\n\t\t\t\t\t\t\t\t\t\t\t\t\t\t\t<img decoding=\"async\" src=\"https:\/\/www.macapflag.com\/blog\/wp-content\/uploads\/2018\/07\/Var-Matin-du-26072018_toulon-2.pdf\" title=\"\" alt=\"\" loading=\"lazy\" \/>\t\t\t\t\t\t\t\t\t\t\t\t\t\t\t<\/div>\n\t\t\t\t<\/div>\n\t\t\t\t\t<\/div>\n\t\t<\/div>\n\t\t\t\t<div class=\"elementor-column elementor-col-25 elementor-top-column elementor-element elementor-element-4c89444\" data-id=\"4c89444\" data-element_type=\"column\">\n\t\t\t<div class=\"elementor-widget-wrap\">\n\t\t\t\t\t\t\t<\/div>\n\t\t<\/div>\n\t\t\t\t\t<\/div>\n\t\t<\/section>\n\t\t\t\t<section class=\"elementor-section elementor-top-section elementor-element elementor-element-aa7fd81 elementor-section-boxed elementor-section-height-default elementor-section-height-default\" data-id=\"aa7fd81\" data-element_type=\"section\">\n\t\t\t\t\t\t<div class=\"elementor-container elementor-column-gap-default\">\n\t\t\t\t\t<div class=\"elementor-column elementor-col-100 elementor-top-column elementor-element elementor-element-4ff6bf9\" data-id=\"4ff6bf9\" data-element_type=\"column\">\n\t\t\t<div class=\"elementor-widget-wrap elementor-element-populated\">\n\t\t\t\t\t\t<div class=\"elementor-element elementor-element-12376de elementor-widget elementor-widget-text-editor\" data-id=\"12376de\" data-element_type=\"widget\" data-widget_type=\"text-editor.default\">\n\t\t\t\t<div class=\"elementor-widget-container\">\n\t\t\t\t\t\t\t\t\t<p style=\"text-align: center;\"><strong>Macap<\/strong>\u00a0<strong>&#8211;\u00a026 Juillet 2018\u00a0<\/strong><\/p>\t\t\t\t\t\t\t\t<\/div>\n\t\t\t\t<\/div>\n\t\t\t\t\t<\/div>\n\t\t<\/div>\n\t\t\t\t\t<\/div>\n\t\t<\/section>\n\t\t\t\t<\/div>\n\t\t","protected":false},"excerpt":{"rendered":"<div class=\"tmnf_excerpt\"><p>La zone d&#8217;activit\u00e9s des Bousquets situ\u00e9e \u00e0 Cuers est \u00e0 l&#8217;honneur dans cet article de Var Matin relatant la visite de M. Fran\u00e7ois de Canson dans les entreprises de la zone et notamment chez Macap. Macap\u00a0&#8211;\u00a026 Juillet 2018\u00a0<\/p>\n<\/div>","protected":false},"author":2,"featured_media":2663,"comment_status":"closed","ping_status":"open","sticky":false,"template":"template-fullwidth.php","format":"standard","meta":{"footnotes":""},"categories":[92],"tags":[],"class_list":["post-2606","post","type-post","status-publish","format-standard","has-post-thumbnail","hentry","category-news"],"yoast_head":"<!-- This site is optimized with the Yoast SEO plugin v26.4 - https:\/\/yoast.com\/wordpress\/plugins\/seo\/ -->\n<title>Var Matin : La ZA des Bousquets au c\u0153ur de toutes les attentions - Blog - Macap<\/title>\n<meta name=\"description\" content=\"La zone d&#039;activit\u00e9s des Bousquets compte aujourd&#039;hui 150 entreprises. Une association vient d&#039;\u00eatre cr\u00e9\u00e9e pour d\u00e9fendre leurs int\u00e9r\u00eats\" \/>\n<meta name=\"robots\" content=\"index, follow, max-snippet:-1, max-image-preview:large, max-video-preview:-1\" \/>\n<link rel=\"canonical\" href=\"https:\/\/www.macapflag.com\/blog\/article-de-presse-var-matin-26-juillet-2018\/\" \/>\n<meta property=\"og:locale\" content=\"fr_FR\" \/>\n<meta property=\"og:type\" content=\"article\" \/>\n<meta property=\"og:title\" content=\"Var Matin : La ZA des Bousquets au c\u0153ur de toutes les attentions - Blog - Macap\" \/>\n<meta property=\"og:description\" content=\"La zone d&#039;activit\u00e9s des Bousquets compte aujourd&#039;hui 150 entreprises. Une association vient d&#039;\u00eatre cr\u00e9\u00e9e pour d\u00e9fendre leurs int\u00e9r\u00eats\" \/>\n<meta property=\"og:url\" content=\"https:\/\/www.macapflag.com\/blog\/article-de-presse-var-matin-26-juillet-2018\/\" \/>\n<meta property=\"og:site_name\" content=\"Blog - Macap\" \/>\n<meta property=\"article:publisher\" content=\"https:\/\/www.facebook.com\/macap.pavoisement\/\" \/>\n<meta property=\"article:published_time\" content=\"2018-07-27T08:23:38+00:00\" \/>\n<meta property=\"article:modified_time\" content=\"2019-11-25T12:35:06+00:00\" \/>\n<meta property=\"og:image\" content=\"https:\/\/www.macapflag.com\/blog\/wp-content\/uploads\/2018\/07\/on-parle-de-nous-1.gif\" \/>\n\t<meta property=\"og:image:width\" content=\"700\" \/>\n\t<meta property=\"og:image:height\" content=\"534\" \/>\n\t<meta property=\"og:image:type\" content=\"image\/gif\" \/>\n<meta name=\"author\" content=\"Blog Macap\" \/>\n<meta name=\"twitter:card\" content=\"summary_large_image\" \/>\n<meta name=\"twitter:label1\" content=\"\u00c9crit par\" \/>\n\t<meta name=\"twitter:data1\" content=\"Blog Macap\" \/>\n<script type=\"application\/ld+json\" class=\"yoast-schema-graph\">{\"@context\":\"https:\/\/schema.org\",\"@graph\":[{\"@type\":\"Article\",\"@id\":\"https:\/\/www.macapflag.com\/blog\/article-de-presse-var-matin-26-juillet-2018\/#article\",\"isPartOf\":{\"@id\":\"https:\/\/www.macapflag.com\/blog\/article-de-presse-var-matin-26-juillet-2018\/\"},\"author\":{\"name\":\"Blog Macap\",\"@id\":\"https:\/\/www.macapflag.com\/blog\/#\/schema\/person\/3fea701f2603875e651e6b662578fc3c\"},\"headline\":\"Var Matin : La ZA des Bousquets au c\u0153ur de toutes les attentions\",\"datePublished\":\"2018-07-27T08:23:38+00:00\",\"dateModified\":\"2019-11-25T12:35:06+00:00\",\"mainEntityOfPage\":{\"@id\":\"https:\/\/www.macapflag.com\/blog\/article-de-presse-var-matin-26-juillet-2018\/\"},\"wordCount\":52,\"publisher\":{\"@id\":\"https:\/\/www.macapflag.com\/blog\/#organization\"},\"image\":{\"@id\":\"https:\/\/www.macapflag.com\/blog\/article-de-presse-var-matin-26-juillet-2018\/#primaryimage\"},\"thumbnailUrl\":\"https:\/\/www.macapflag.com\/blog\/wp-content\/uploads\/2018\/07\/on-parle-de-nous-1.gif\",\"articleSection\":[\"News &amp; Actu\"],\"inLanguage\":\"fr-FR\"},{\"@type\":\"WebPage\",\"@id\":\"https:\/\/www.macapflag.com\/blog\/article-de-presse-var-matin-26-juillet-2018\/\",\"url\":\"https:\/\/www.macapflag.com\/blog\/article-de-presse-var-matin-26-juillet-2018\/\",\"name\":\"Var Matin : La ZA des Bousquets au c\u0153ur de toutes les attentions - Blog - Macap\",\"isPartOf\":{\"@id\":\"https:\/\/www.macapflag.com\/blog\/#website\"},\"primaryImageOfPage\":{\"@id\":\"https:\/\/www.macapflag.com\/blog\/article-de-presse-var-matin-26-juillet-2018\/#primaryimage\"},\"image\":{\"@id\":\"https:\/\/www.macapflag.com\/blog\/article-de-presse-var-matin-26-juillet-2018\/#primaryimage\"},\"thumbnailUrl\":\"https:\/\/www.macapflag.com\/blog\/wp-content\/uploads\/2018\/07\/on-parle-de-nous-1.gif\",\"datePublished\":\"2018-07-27T08:23:38+00:00\",\"dateModified\":\"2019-11-25T12:35:06+00:00\",\"description\":\"La zone d'activit\u00e9s des Bousquets compte aujourd'hui 150 entreprises. Une association vient d'\u00eatre cr\u00e9\u00e9e pour d\u00e9fendre leurs int\u00e9r\u00eats\",\"breadcrumb\":{\"@id\":\"https:\/\/www.macapflag.com\/blog\/article-de-presse-var-matin-26-juillet-2018\/#breadcrumb\"},\"inLanguage\":\"fr-FR\",\"potentialAction\":[{\"@type\":\"ReadAction\",\"target\":[\"https:\/\/www.macapflag.com\/blog\/article-de-presse-var-matin-26-juillet-2018\/\"]}]},{\"@type\":\"ImageObject\",\"inLanguage\":\"fr-FR\",\"@id\":\"https:\/\/www.macapflag.com\/blog\/article-de-presse-var-matin-26-juillet-2018\/#primaryimage\",\"url\":\"https:\/\/www.macapflag.com\/blog\/wp-content\/uploads\/2018\/07\/on-parle-de-nous-1.gif\",\"contentUrl\":\"https:\/\/www.macapflag.com\/blog\/wp-content\/uploads\/2018\/07\/on-parle-de-nous-1.gif\",\"width\":700,\"height\":534,\"caption\":\"illustration-macap-actualit\u00e9s-blog\"},{\"@type\":\"BreadcrumbList\",\"@id\":\"https:\/\/www.macapflag.com\/blog\/article-de-presse-var-matin-26-juillet-2018\/#breadcrumb\",\"itemListElement\":[{\"@type\":\"ListItem\",\"position\":1,\"name\":\"Accueil\",\"item\":\"https:\/\/www.macapflag.com\/blog\/\"},{\"@type\":\"ListItem\",\"position\":2,\"name\":\"Var Matin : La ZA des Bousquets au c\u0153ur de toutes les attentions\"}]},{\"@type\":\"WebSite\",\"@id\":\"https:\/\/www.macapflag.com\/blog\/#website\",\"url\":\"https:\/\/www.macapflag.com\/blog\/\",\"name\":\"Blog - Macap\",\"description\":\"Tous nos articles\",\"publisher\":{\"@id\":\"https:\/\/www.macapflag.com\/blog\/#organization\"},\"potentialAction\":[{\"@type\":\"SearchAction\",\"target\":{\"@type\":\"EntryPoint\",\"urlTemplate\":\"https:\/\/www.macapflag.com\/blog\/?s={search_term_string}\"},\"query-input\":{\"@type\":\"PropertyValueSpecification\",\"valueRequired\":true,\"valueName\":\"search_term_string\"}}],\"inLanguage\":\"fr-FR\"},{\"@type\":\"Organization\",\"@id\":\"https:\/\/www.macapflag.com\/blog\/#organization\",\"name\":\"macapflag\",\"url\":\"https:\/\/www.macapflag.com\/blog\/\",\"logo\":{\"@type\":\"ImageObject\",\"inLanguage\":\"fr-FR\",\"@id\":\"https:\/\/www.macapflag.com\/blog\/#\/schema\/logo\/image\/\",\"url\":\"https:\/\/www.macapflag.com\/blog\/wp-content\/uploads\/2020\/12\/cropped-M-512-1.png\",\"contentUrl\":\"https:\/\/www.macapflag.com\/blog\/wp-content\/uploads\/2020\/12\/cropped-M-512-1.png\",\"width\":512,\"height\":512,\"caption\":\"macapflag\"},\"image\":{\"@id\":\"https:\/\/www.macapflag.com\/blog\/#\/schema\/logo\/image\/\"},\"sameAs\":[\"https:\/\/www.facebook.com\/macap.pavoisement\/\",\"https:\/\/www.instagram.com\/macapflag\/?hl=fr\",\"https:\/\/www.linkedin.com\/company\/macap\/?originalSubdomain=fr\",\"https:\/\/www.youtube.com\/channel\/UCXNzTIdZh9poEBjSXEqDtNw\"]},{\"@type\":\"Person\",\"@id\":\"https:\/\/www.macapflag.com\/blog\/#\/schema\/person\/3fea701f2603875e651e6b662578fc3c\",\"name\":\"Blog Macap\",\"image\":{\"@type\":\"ImageObject\",\"inLanguage\":\"fr-FR\",\"@id\":\"https:\/\/www.macapflag.com\/blog\/#\/schema\/person\/image\/\",\"url\":\"https:\/\/secure.gravatar.com\/avatar\/c12551f2dc51f0db049633b03e7856985477a70da834cc8967dea4ce54bdd6a2?s=96&d=mm&r=g\",\"contentUrl\":\"https:\/\/secure.gravatar.com\/avatar\/c12551f2dc51f0db049633b03e7856985477a70da834cc8967dea4ce54bdd6a2?s=96&d=mm&r=g\",\"caption\":\"Blog Macap\"},\"url\":\"https:\/\/www.macapflag.com\/blog\/author\/macap\/\"}]}<\/script>\n<!-- \/ Yoast SEO plugin. -->","yoast_head_json":{"title":"Var Matin : La ZA des Bousquets au c\u0153ur de toutes les attentions - Blog - Macap","description":"La zone d'activit\u00e9s des Bousquets compte aujourd'hui 150 entreprises. Une association vient d'\u00eatre cr\u00e9\u00e9e pour d\u00e9fendre leurs int\u00e9r\u00eats","robots":{"index":"index","follow":"follow","max-snippet":"max-snippet:-1","max-image-preview":"max-image-preview:large","max-video-preview":"max-video-preview:-1"},"canonical":"https:\/\/www.macapflag.com\/blog\/article-de-presse-var-matin-26-juillet-2018\/","og_locale":"fr_FR","og_type":"article","og_title":"Var Matin : La ZA des Bousquets au c\u0153ur de toutes les attentions - Blog - Macap","og_description":"La zone d'activit\u00e9s des Bousquets compte aujourd'hui 150 entreprises. Une association vient d'\u00eatre cr\u00e9\u00e9e pour d\u00e9fendre leurs int\u00e9r\u00eats","og_url":"https:\/\/www.macapflag.com\/blog\/article-de-presse-var-matin-26-juillet-2018\/","og_site_name":"Blog - Macap","article_publisher":"https:\/\/www.facebook.com\/macap.pavoisement\/","article_published_time":"2018-07-27T08:23:38+00:00","article_modified_time":"2019-11-25T12:35:06+00:00","og_image":[{"width":700,"height":534,"url":"https:\/\/www.macapflag.com\/blog\/wp-content\/uploads\/2018\/07\/on-parle-de-nous-1.gif","type":"image\/gif"}],"author":"Blog Macap","twitter_card":"summary_large_image","twitter_misc":{"\u00c9crit par":"Blog Macap"},"schema":{"@context":"https:\/\/schema.org","@graph":[{"@type":"Article","@id":"https:\/\/www.macapflag.com\/blog\/article-de-presse-var-matin-26-juillet-2018\/#article","isPartOf":{"@id":"https:\/\/www.macapflag.com\/blog\/article-de-presse-var-matin-26-juillet-2018\/"},"author":{"name":"Blog Macap","@id":"https:\/\/www.macapflag.com\/blog\/#\/schema\/person\/3fea701f2603875e651e6b662578fc3c"},"headline":"Var Matin : La ZA des Bousquets au c\u0153ur de toutes les attentions","datePublished":"2018-07-27T08:23:38+00:00","dateModified":"2019-11-25T12:35:06+00:00","mainEntityOfPage":{"@id":"https:\/\/www.macapflag.com\/blog\/article-de-presse-var-matin-26-juillet-2018\/"},"wordCount":52,"publisher":{"@id":"https:\/\/www.macapflag.com\/blog\/#organization"},"image":{"@id":"https:\/\/www.macapflag.com\/blog\/article-de-presse-var-matin-26-juillet-2018\/#primaryimage"},"thumbnailUrl":"https:\/\/www.macapflag.com\/blog\/wp-content\/uploads\/2018\/07\/on-parle-de-nous-1.gif","articleSection":["News &amp; Actu"],"inLanguage":"fr-FR"},{"@type":"WebPage","@id":"https:\/\/www.macapflag.com\/blog\/article-de-presse-var-matin-26-juillet-2018\/","url":"https:\/\/www.macapflag.com\/blog\/article-de-presse-var-matin-26-juillet-2018\/","name":"Var Matin : La ZA des Bousquets au c\u0153ur de toutes les attentions - Blog - Macap","isPartOf":{"@id":"https:\/\/www.macapflag.com\/blog\/#website"},"primaryImageOfPage":{"@id":"https:\/\/www.macapflag.com\/blog\/article-de-presse-var-matin-26-juillet-2018\/#primaryimage"},"image":{"@id":"https:\/\/www.macapflag.com\/blog\/article-de-presse-var-matin-26-juillet-2018\/#primaryimage"},"thumbnailUrl":"https:\/\/www.macapflag.com\/blog\/wp-content\/uploads\/2018\/07\/on-parle-de-nous-1.gif","datePublished":"2018-07-27T08:23:38+00:00","dateModified":"2019-11-25T12:35:06+00:00","description":"La zone d'activit\u00e9s des Bousquets compte aujourd'hui 150 entreprises. Une association vient d'\u00eatre cr\u00e9\u00e9e pour d\u00e9fendre leurs int\u00e9r\u00eats","breadcrumb":{"@id":"https:\/\/www.macapflag.com\/blog\/article-de-presse-var-matin-26-juillet-2018\/#breadcrumb"},"inLanguage":"fr-FR","potentialAction":[{"@type":"ReadAction","target":["https:\/\/www.macapflag.com\/blog\/article-de-presse-var-matin-26-juillet-2018\/"]}]},{"@type":"ImageObject","inLanguage":"fr-FR","@id":"https:\/\/www.macapflag.com\/blog\/article-de-presse-var-matin-26-juillet-2018\/#primaryimage","url":"https:\/\/www.macapflag.com\/blog\/wp-content\/uploads\/2018\/07\/on-parle-de-nous-1.gif","contentUrl":"https:\/\/www.macapflag.com\/blog\/wp-content\/uploads\/2018\/07\/on-parle-de-nous-1.gif","width":700,"height":534,"caption":"illustration-macap-actualit\u00e9s-blog"},{"@type":"BreadcrumbList","@id":"https:\/\/www.macapflag.com\/blog\/article-de-presse-var-matin-26-juillet-2018\/#breadcrumb","itemListElement":[{"@type":"ListItem","position":1,"name":"Accueil","item":"https:\/\/www.macapflag.com\/blog\/"},{"@type":"ListItem","position":2,"name":"Var Matin : La ZA des Bousquets au c\u0153ur de toutes les attentions"}]},{"@type":"WebSite","@id":"https:\/\/www.macapflag.com\/blog\/#website","url":"https:\/\/www.macapflag.com\/blog\/","name":"Blog - Macap","description":"Tous nos articles","publisher":{"@id":"https:\/\/www.macapflag.com\/blog\/#organization"},"potentialAction":[{"@type":"SearchAction","target":{"@type":"EntryPoint","urlTemplate":"https:\/\/www.macapflag.com\/blog\/?s={search_term_string}"},"query-input":{"@type":"PropertyValueSpecification","valueRequired":true,"valueName":"search_term_string"}}],"inLanguage":"fr-FR"},{"@type":"Organization","@id":"https:\/\/www.macapflag.com\/blog\/#organization","name":"macapflag","url":"https:\/\/www.macapflag.com\/blog\/","logo":{"@type":"ImageObject","inLanguage":"fr-FR","@id":"https:\/\/www.macapflag.com\/blog\/#\/schema\/logo\/image\/","url":"https:\/\/www.macapflag.com\/blog\/wp-content\/uploads\/2020\/12\/cropped-M-512-1.png","contentUrl":"https:\/\/www.macapflag.com\/blog\/wp-content\/uploads\/2020\/12\/cropped-M-512-1.png","width":512,"height":512,"caption":"macapflag"},"image":{"@id":"https:\/\/www.macapflag.com\/blog\/#\/schema\/logo\/image\/"},"sameAs":["https:\/\/www.facebook.com\/macap.pavoisement\/","https:\/\/www.instagram.com\/macapflag\/?hl=fr","https:\/\/www.linkedin.com\/company\/macap\/?originalSubdomain=fr","https:\/\/www.youtube.com\/channel\/UCXNzTIdZh9poEBjSXEqDtNw"]},{"@type":"Person","@id":"https:\/\/www.macapflag.com\/blog\/#\/schema\/person\/3fea701f2603875e651e6b662578fc3c","name":"Blog Macap","image":{"@type":"ImageObject","inLanguage":"fr-FR","@id":"https:\/\/www.macapflag.com\/blog\/#\/schema\/person\/image\/","url":"https:\/\/secure.gravatar.com\/avatar\/c12551f2dc51f0db049633b03e7856985477a70da834cc8967dea4ce54bdd6a2?s=96&d=mm&r=g","contentUrl":"https:\/\/secure.gravatar.com\/avatar\/c12551f2dc51f0db049633b03e7856985477a70da834cc8967dea4ce54bdd6a2?s=96&d=mm&r=g","caption":"Blog Macap"},"url":"https:\/\/www.macapflag.com\/blog\/author\/macap\/"}]}},"_links":{"self":[{"href":"https:\/\/www.macapflag.com\/blog\/wp-json\/wp\/v2\/posts\/2606","targetHints":{"allow":["GET"]}}],"collection":[{"href":"https:\/\/www.macapflag.com\/blog\/wp-json\/wp\/v2\/posts"}],"about":[{"href":"https:\/\/www.macapflag.com\/blog\/wp-json\/wp\/v2\/types\/post"}],"author":[{"embeddable":true,"href":"https:\/\/www.macapflag.com\/blog\/wp-json\/wp\/v2\/users\/2"}],"replies":[{"embeddable":true,"href":"https:\/\/www.macapflag.com\/blog\/wp-json\/wp\/v2\/comments?post=2606"}],"version-history":[{"count":9,"href":"https:\/\/www.macapflag.com\/blog\/wp-json\/wp\/v2\/posts\/2606\/revisions"}],"predecessor-version":[{"id":4418,"href":"https:\/\/www.macapflag.com\/blog\/wp-json\/wp\/v2\/posts\/2606\/revisions\/4418"}],"wp:featuredmedia":[{"embeddable":true,"href":"https:\/\/www.macapflag.com\/blog\/wp-json\/wp\/v2\/media\/2663"}],"wp:attachment":[{"href":"https:\/\/www.macapflag.com\/blog\/wp-json\/wp\/v2\/media?parent=2606"}],"wp:term":[{"taxonomy":"category","embeddable":true,"href":"https:\/\/www.macapflag.com\/blog\/wp-json\/wp\/v2\/categories?post=2606"},{"taxonomy":"post_tag","embeddable":true,"href":"https:\/\/www.macapflag.com\/blog\/wp-json\/wp\/v2\/tags?post=2606"}],"curies":[{"name":"wp","href":"https:\/\/api.w.org\/{rel}","templated":true}]}}