{"id":2705,"date":"2019-11-04T09:00:10","date_gmt":"2019-11-04T08:00:10","guid":{"rendered":"https:\/\/www.macapflag.com\/blog\/?p=2705"},"modified":"2021-02-23T16:37:08","modified_gmt":"2021-02-23T15:37:08","slug":"un-kit-communication-mairie-et-collectivites","status":"publish","type":"post","link":"https:\/\/www.macapflag.com\/blog\/un-kit-communication-mairie-et-collectivites\/","title":{"rendered":"Un Kit Com&#8217; Mairies et Collectivit\u00e9s !"},"content":{"rendered":"\t\t<div data-elementor-type=\"wp-post\" data-elementor-id=\"2705\" class=\"elementor elementor-2705\">\n\t\t\t\t\t\t<section class=\"elementor-section elementor-top-section elementor-element elementor-element-a48f879 elementor-section-boxed elementor-section-height-default elementor-section-height-default\" data-id=\"a48f879\" data-element_type=\"section\">\n\t\t\t\t\t\t<div class=\"elementor-container elementor-column-gap-default\">\n\t\t\t\t\t<div class=\"elementor-column elementor-col-100 elementor-top-column elementor-element elementor-element-438a105\" data-id=\"438a105\" data-element_type=\"column\">\n\t\t\t<div class=\"elementor-widget-wrap elementor-element-populated\">\n\t\t\t\t\t\t<div class=\"elementor-element elementor-element-473fa8c elementor-widget elementor-widget-text-editor\" data-id=\"473fa8c\" data-element_type=\"widget\" data-widget_type=\"text-editor.default\">\n\t\t\t\t<div class=\"elementor-widget-container\">\n\t\t\t\t\t\t\t\t\t<p style=\"text-align: justify;\"><span style=\"font-size: 14pt; color: #000000;\">Forts de nos 50 ann\u00e9es d\u2019exp\u00e9rience, nous avons \u00e9tabli ici une petite s\u00e9lection des objets et supports les plus souvent command\u00e9s par les mairies et collectivit\u00e9s.<\/span><\/p>\t\t\t\t\t\t\t\t<\/div>\n\t\t\t\t<\/div>\n\t\t\t\t\t<\/div>\n\t\t<\/div>\n\t\t\t\t\t<\/div>\n\t\t<\/section>\n\t\t\t\t<section class=\"elementor-section elementor-top-section elementor-element elementor-element-399f8ce elementor-section-boxed elementor-section-height-default elementor-section-height-default\" data-id=\"399f8ce\" data-element_type=\"section\">\n\t\t\t\t\t\t<div class=\"elementor-container elementor-column-gap-default\">\n\t\t\t\t\t<div class=\"elementor-column elementor-col-25 elementor-top-column elementor-element elementor-element-552d5c2\" data-id=\"552d5c2\" data-element_type=\"column\">\n\t\t\t<div class=\"elementor-widget-wrap\">\n\t\t\t\t\t\t\t<\/div>\n\t\t<\/div>\n\t\t\t\t<div class=\"elementor-column elementor-col-50 elementor-top-column elementor-element elementor-element-c2bbc7b\" data-id=\"c2bbc7b\" data-element_type=\"column\">\n\t\t\t<div class=\"elementor-widget-wrap elementor-element-populated\">\n\t\t\t\t\t\t<div class=\"elementor-element elementor-element-46a674c elementor-widget elementor-widget-image\" data-id=\"46a674c\" data-element_type=\"widget\" data-widget_type=\"image.default\">\n\t\t\t\t<div class=\"elementor-widget-container\">\n\t\t\t\t\t\t\t\t\t\t\t\t\t\t\t<img fetchpriority=\"high\" decoding=\"async\" width=\"700\" height=\"534\" src=\"https:\/\/www.macapflag.com\/blog\/wp-content\/uploads\/2018\/08\/kit-com-mairie-collectivites-macap.gif\" class=\"attachment-large size-large wp-image-2711\" alt=\"\" \/>\t\t\t\t\t\t\t\t\t\t\t\t\t\t\t<\/div>\n\t\t\t\t<\/div>\n\t\t\t\t\t<\/div>\n\t\t<\/div>\n\t\t\t\t<div class=\"elementor-column elementor-col-25 elementor-top-column elementor-element elementor-element-ddbc772\" data-id=\"ddbc772\" data-element_type=\"column\">\n\t\t\t<div class=\"elementor-widget-wrap\">\n\t\t\t\t\t\t\t<\/div>\n\t\t<\/div>\n\t\t\t\t\t<\/div>\n\t\t<\/section>\n\t\t\t\t<section class=\"elementor-section elementor-top-section elementor-element elementor-element-2abd5c9 elementor-section-boxed elementor-section-height-default elementor-section-height-default\" data-id=\"2abd5c9\" data-element_type=\"section\">\n\t\t\t\t\t\t<div class=\"elementor-container elementor-column-gap-default\">\n\t\t\t\t\t<div class=\"elementor-column elementor-col-100 elementor-top-column elementor-element elementor-element-437fa3d\" data-id=\"437fa3d\" data-element_type=\"column\">\n\t\t\t<div class=\"elementor-widget-wrap elementor-element-populated\">\n\t\t\t\t\t\t<div class=\"elementor-element elementor-element-6abde00 elementor-widget elementor-widget-text-editor\" data-id=\"6abde00\" data-element_type=\"widget\" data-widget_type=\"text-editor.default\">\n\t\t\t\t<div class=\"elementor-widget-container\">\n\t\t\t\t\t\t\t\t\t<h2 style=\"text-align: center;\"><strong><span style=\"font-size: 30pt;\">L&#8217;indispensable drapeau fran\u00e7ais<\/span><\/strong><\/h2>\t\t\t\t\t\t\t\t<\/div>\n\t\t\t\t<\/div>\n\t\t\t\t\t<\/div>\n\t\t<\/div>\n\t\t\t\t\t<\/div>\n\t\t<\/section>\n\t\t\t\t<section class=\"elementor-section elementor-top-section elementor-element elementor-element-dda6e6f elementor-section-boxed elementor-section-height-default elementor-section-height-default\" data-id=\"dda6e6f\" data-element_type=\"section\">\n\t\t\t\t\t\t<div class=\"elementor-container elementor-column-gap-default\">\n\t\t\t\t\t<div class=\"elementor-column elementor-col-100 elementor-top-column elementor-element elementor-element-ca35c51\" data-id=\"ca35c51\" data-element_type=\"column\">\n\t\t\t<div class=\"elementor-widget-wrap elementor-element-populated\">\n\t\t\t\t\t\t<div class=\"elementor-element elementor-element-6d0bfaf elementor-widget elementor-widget-text-editor\" data-id=\"6d0bfaf\" data-element_type=\"widget\" data-widget_type=\"text-editor.default\">\n\t\t\t\t<div class=\"elementor-widget-container\">\n\t\t\t\t\t\t\t\t\t<p style=\"text-align: justify;\"><span style=\"font-weight: 400; color: #000000; font-size: 14pt;\">forc\u00e9ment, une Mairie ou une collectivit\u00e9 fran\u00e7aise sans drapeau, \u00e7a fait d\u00e9sordre. Le drapeau bleu blanc rouge reste l\u2019un de nos best sellers quelle que soit la d\u00e9clinaison de son format : pavillon \u00e0 faire flotter sur un m\u00e2t, drapeau fix\u00e9 sur sa hampe, drapeau XXL, drapeau \u00e0 agiter etc\u2026 <\/span><\/p><p style=\"text-align: justify;\"><span style=\"font-weight: 400; color: #000000; font-size: 14pt;\">En compl\u00e9ment de la large gamme d\u00e9di\u00e9e au drapeau de la France sous toutes ses formes, retrouvez \u00e9galement les drapeaux des pays du monde.<\/span><\/p><p><span style=\"font-size: 14pt; color: #000000;\">Curieux d&#8217;en savoir plus sur l&#8217;origine de notre drapeau ? Retrouvez notre article :\u00a0<span style=\"color: #3366ff;\"><strong><a style=\"color: #3366ff;\" href=\"https:\/\/www.macapflag.com\/blog\/5-choses-a-savoir-sur-le-drapeau-francais\/\" target=\"_blank\" rel=\"noopener\">5 choses \u00e0 savoir sur le drapeau fran\u00e7ais<\/a><\/strong><\/span>.<\/span><\/p>\t\t\t\t\t\t\t\t<\/div>\n\t\t\t\t<\/div>\n\t\t\t\t\t<\/div>\n\t\t<\/div>\n\t\t\t\t\t<\/div>\n\t\t<\/section>\n\t\t\t\t<section class=\"elementor-section elementor-top-section elementor-element elementor-element-6e64d7a elementor-section-boxed elementor-section-height-default elementor-section-height-default\" data-id=\"6e64d7a\" data-element_type=\"section\">\n\t\t\t\t\t\t<div class=\"elementor-container elementor-column-gap-default\">\n\t\t\t\t\t<div class=\"elementor-column elementor-col-100 elementor-top-column elementor-element elementor-element-6c301cd\" data-id=\"6c301cd\" data-element_type=\"column\">\n\t\t\t<div class=\"elementor-widget-wrap elementor-element-populated\">\n\t\t\t\t\t\t<div class=\"elementor-element elementor-element-517de0a elementor-widget elementor-widget-text-editor\" data-id=\"517de0a\" data-element_type=\"widget\" data-widget_type=\"text-editor.default\">\n\t\t\t\t<div class=\"elementor-widget-container\">\n\t\t\t\t\t\t\t\t\t<h2 style=\"text-align: center;\"><strong><span style=\"font-size: 30pt;\">Pour la communication ext\u00e9rieure<\/span><\/strong><\/h2>\t\t\t\t\t\t\t\t<\/div>\n\t\t\t\t<\/div>\n\t\t\t\t\t<\/div>\n\t\t<\/div>\n\t\t\t\t\t<\/div>\n\t\t<\/section>\n\t\t\t\t<section class=\"elementor-section elementor-top-section elementor-element elementor-element-46e3721 elementor-section-boxed elementor-section-height-default elementor-section-height-default\" data-id=\"46e3721\" data-element_type=\"section\">\n\t\t\t\t\t\t<div class=\"elementor-container elementor-column-gap-default\">\n\t\t\t\t\t<div class=\"elementor-column elementor-col-100 elementor-top-column elementor-element elementor-element-d7d66c3\" data-id=\"d7d66c3\" data-element_type=\"column\">\n\t\t\t<div class=\"elementor-widget-wrap elementor-element-populated\">\n\t\t\t\t\t\t<div class=\"elementor-element elementor-element-df0ebf9 elementor-widget elementor-widget-text-editor\" data-id=\"df0ebf9\" data-element_type=\"widget\" data-widget_type=\"text-editor.default\">\n\t\t\t\t<div class=\"elementor-widget-container\">\n\t\t\t\t\t\t\t\t\t<p style=\"text-align: justify;\"><span style=\"font-size: 14pt; color: #000000;\"><span style=\"font-weight: 400;\">La plupart du temps les Mairies et collectivit\u00e9s ont besoin d\u2019un <\/span><b>m\u00e2t de fa\u00e7ade<\/b><span style=\"font-weight: 400;\"> et d\u2019un <\/span><b>\u00e9cusson porte drapeaux<\/b><span style=\"font-weight: 400;\">. En fonction de leur situation g\u00e9ographique et de l\u2019espace dont elles disposent, elles peuvent aussi choisir d\u2019installer des m\u00e2ts pour y faire flotter, non seulement le pavillon tricolore, mais aussi celui des r\u00e9gions et\/ou celui de l\u2019Union Europ\u00e9enne.<\/span><\/span><\/p>\t\t\t\t\t\t\t\t<\/div>\n\t\t\t\t<\/div>\n\t\t\t\t\t<\/div>\n\t\t<\/div>\n\t\t\t\t\t<\/div>\n\t\t<\/section>\n\t\t\t\t<section class=\"elementor-section elementor-top-section elementor-element elementor-element-af8c7b9 elementor-section-boxed elementor-section-height-default elementor-section-height-default\" data-id=\"af8c7b9\" data-element_type=\"section\">\n\t\t\t\t\t\t<div class=\"elementor-container elementor-column-gap-default\">\n\t\t\t\t\t<div class=\"elementor-column elementor-col-100 elementor-top-column elementor-element elementor-element-7028016\" data-id=\"7028016\" data-element_type=\"column\">\n\t\t\t<div class=\"elementor-widget-wrap elementor-element-populated\">\n\t\t\t\t\t\t<div class=\"elementor-element elementor-element-2d5e05e elementor-widget elementor-widget-text-editor\" data-id=\"2d5e05e\" data-element_type=\"widget\" data-widget_type=\"text-editor.default\">\n\t\t\t\t<div class=\"elementor-widget-container\">\n\t\t\t\t\t\t\t\t\t<h2 style=\"text-align: center;\"><strong><span style=\"font-size: 30pt;\">Pour l&#8217;am\u00e9nagement int\u00e9rieur des locaux<\/span><\/strong><\/h2>\t\t\t\t\t\t\t\t<\/div>\n\t\t\t\t<\/div>\n\t\t\t\t\t<\/div>\n\t\t<\/div>\n\t\t\t\t\t<\/div>\n\t\t<\/section>\n\t\t\t\t<section class=\"elementor-section elementor-top-section elementor-element elementor-element-00d347f elementor-section-boxed elementor-section-height-default elementor-section-height-default\" data-id=\"00d347f\" data-element_type=\"section\">\n\t\t\t\t\t\t<div class=\"elementor-container elementor-column-gap-default\">\n\t\t\t\t\t<div class=\"elementor-column elementor-col-100 elementor-top-column elementor-element elementor-element-d48ba4a\" data-id=\"d48ba4a\" data-element_type=\"column\">\n\t\t\t<div class=\"elementor-widget-wrap elementor-element-populated\">\n\t\t\t\t\t\t<div class=\"elementor-element elementor-element-a0f9bce elementor-widget elementor-widget-text-editor\" data-id=\"a0f9bce\" data-element_type=\"widget\" data-widget_type=\"text-editor.default\">\n\t\t\t\t<div class=\"elementor-widget-container\">\n\t\t\t\t\t\t\t\t\t<p style=\"text-align: justify;\"><span style=\"font-weight: 400; font-size: 14pt; color: #000000;\">Le <strong>drapeau fran\u00e7ais d\u2019ornement<\/strong> est un support essentiel qui d\u00e9core g\u00e9n\u00e9ralement le hall d\u2019entr\u00e9e ou la salle du conseil municipal. On peut y associer une <strong>nappe officielle tricolore personnalis\u00e9e<\/strong> mais aussi d\u2019autres supports de communication tr\u00e8s efficaces tels les kak\u00e9monos suspendus, les displays ou autres beachflags.<\/span><\/p>\t\t\t\t\t\t\t\t<\/div>\n\t\t\t\t<\/div>\n\t\t\t\t\t<\/div>\n\t\t<\/div>\n\t\t\t\t\t<\/div>\n\t\t<\/section>\n\t\t\t\t<section class=\"elementor-section elementor-top-section elementor-element elementor-element-1ee8108 elementor-section-boxed elementor-section-height-default elementor-section-height-default\" data-id=\"1ee8108\" data-element_type=\"section\">\n\t\t\t\t\t\t<div class=\"elementor-container elementor-column-gap-default\">\n\t\t\t\t\t<div class=\"elementor-column elementor-col-100 elementor-top-column elementor-element elementor-element-cceabf3\" data-id=\"cceabf3\" data-element_type=\"column\">\n\t\t\t<div class=\"elementor-widget-wrap elementor-element-populated\">\n\t\t\t\t\t\t<div class=\"elementor-element elementor-element-f7fd864 elementor-widget elementor-widget-text-editor\" data-id=\"f7fd864\" data-element_type=\"widget\" data-widget_type=\"text-editor.default\">\n\t\t\t\t<div class=\"elementor-widget-container\">\n\t\t\t\t\t\t\t\t\t<h2 style=\"text-align: center;\"><strong><span style=\"font-size: 30pt;\">Lors de c\u00e9r\u00e9monies<\/span><\/strong><\/h2>\t\t\t\t\t\t\t\t<\/div>\n\t\t\t\t<\/div>\n\t\t\t\t\t<\/div>\n\t\t<\/div>\n\t\t\t\t\t<\/div>\n\t\t<\/section>\n\t\t\t\t<section class=\"elementor-section elementor-top-section elementor-element elementor-element-91ac6f7 elementor-section-boxed elementor-section-height-default elementor-section-height-default\" data-id=\"91ac6f7\" data-element_type=\"section\">\n\t\t\t\t\t\t<div class=\"elementor-container elementor-column-gap-default\">\n\t\t\t\t\t<div class=\"elementor-column elementor-col-100 elementor-top-column elementor-element elementor-element-dc85a66\" data-id=\"dc85a66\" data-element_type=\"column\">\n\t\t\t<div class=\"elementor-widget-wrap elementor-element-populated\">\n\t\t\t\t\t\t<div class=\"elementor-element elementor-element-cb25d70 elementor-widget elementor-widget-text-editor\" data-id=\"cb25d70\" data-element_type=\"widget\" data-widget_type=\"text-editor.default\">\n\t\t\t\t<div class=\"elementor-widget-container\">\n\t\t\t\t\t\t\t\t\t<p style=\"text-align: justify;\"><span style=\"color: #000000;\"><span style=\"font-size: 14pt;\"><span style=\"font-weight: 400;\">Le Maire ainsi que ses adjoints se doivent d\u2019\u00eatre \u00e9quip\u00e9s d\u2019une <a href=\"https:\/\/www.macapflag.com\/ceremonie\/202-echarpe-de-maire-et-de-parlementaire.html\" target=\"_blank\" rel=\"noopener\"><span style=\"color: #3366ff;\"><strong>\u00e9charpe<\/strong><\/span><\/a> et d\u2019accessoires propres aux exigences des <\/span><b>c\u00e9r\u00e9monies officielles<\/b><span style=\"font-weight: 400;\"> tels les gants blancs, un coussin ou des ciseaux de c\u00e9r\u00e9monie.<br \/><\/span><span style=\"font-weight: 400;\">Des visites exceptionnelles ou des comm\u00e9morations peuvent \u00e9galement faire l\u2019objet d\u2019am\u00e9nagements particuliers : <strong>drapeaux de table officiels<\/strong> aux couleurs des pays du monde, <strong>lambrequin officiel<\/strong> sont autant de supports qui peuvent \u00eatre utilis\u00e9s \u00e0 ces occasions.\u00a0<\/span><\/span><span style=\"font-weight: 400;\"><span style=\"font-size: 14pt;\">Pour tous vos supports \u00e0 caract\u00e8re officiel, consultez la rubrique de notre site internet qui leur est consacr\u00e9e.<\/span> <\/span><\/span><\/p>\t\t\t\t\t\t\t\t<\/div>\n\t\t\t\t<\/div>\n\t\t\t\t\t<\/div>\n\t\t<\/div>\n\t\t\t\t\t<\/div>\n\t\t<\/section>\n\t\t\t\t<section class=\"elementor-section elementor-top-section elementor-element elementor-element-3066899 elementor-section-boxed elementor-section-height-default elementor-section-height-default\" data-id=\"3066899\" data-element_type=\"section\">\n\t\t\t\t\t\t<div class=\"elementor-container elementor-column-gap-default\">\n\t\t\t\t\t<div class=\"elementor-column elementor-col-100 elementor-top-column elementor-element elementor-element-1c75fcb\" data-id=\"1c75fcb\" data-element_type=\"column\">\n\t\t\t<div class=\"elementor-widget-wrap elementor-element-populated\">\n\t\t\t\t\t\t<div class=\"elementor-element elementor-element-560b82f elementor-widget elementor-widget-text-editor\" data-id=\"560b82f\" data-element_type=\"widget\" data-widget_type=\"text-editor.default\">\n\t\t\t\t<div class=\"elementor-widget-container\">\n\t\t\t\t\t\t\t\t\t<p>\u00a0<\/p><p><img decoding=\"async\" class=\"size-full wp-image-2886 aligncenter\" src=\"https:\/\/www.macapflag.com\/blog\/wp-content\/uploads\/2018\/10\/picto-produitssolutions235x135.gif\" alt=\"Produits et solutions propos\u00e9s par Macap : drapeaux, banderoles ou Beachflags\" width=\"235\" height=\"135\" \/><\/p><p style=\"text-align: center;\"><span style=\"font-size: 14pt;\"><span style=\"color: #000000;\"><strong><span style=\"font-family: 'Futura Bk BT';\">Macap<\/span><\/strong><\/span> <span style=\"color: #808080;\"><strong><span style=\"font-family: 'Futura Bk BT';\">&#8211; Lundi 4 Novembre 2019<\/span><\/strong><\/span><\/span><\/p>\t\t\t\t\t\t\t\t<\/div>\n\t\t\t\t<\/div>\n\t\t\t\t\t<\/div>\n\t\t<\/div>\n\t\t\t\t\t<\/div>\n\t\t<\/section>\n\t\t\t\t<\/div>\n\t\t","protected":false},"excerpt":{"rendered":"<div class=\"tmnf_excerpt\"><p>Forts de nos 50 ann\u00e9es d\u2019exp\u00e9rience, nous avons \u00e9tabli ici une petite s\u00e9lection des objets et supports les plus souvent command\u00e9s par les mairies et collectivit\u00e9s. L&#8217;indispensable drapeau fran\u00e7ais forc\u00e9ment, une Mairie ou une collectivit\u00e9 fran\u00e7aise sans drapeau, \u00e7a fait d\u00e9sordre. Le drapeau bleu blanc rouge reste l\u2019un de nos best sellers quelle que soit &hellip;<\/p>\n<\/div>","protected":false},"author":2,"featured_media":2706,"comment_status":"closed","ping_status":"open","sticky":false,"template":"template-fullwidth.php","format":"standard","meta":{"footnotes":""},"categories":[90],"tags":[136,134,133,135],"class_list":["post-2705","post","type-post","status-publish","format-standard","has-post-thumbnail","hentry","category-produits-et-sols","tag-collectivites","tag-kit","tag-kit-communication","tag-mairie"],"yoast_head":"<!-- This site is optimized with the Yoast SEO plugin v26.4 - https:\/\/yoast.com\/wordpress\/plugins\/seo\/ -->\n<title>Et si on vous proposait ... Un Kit Com&#039; pour la Mairie et les Collectivit\u00e9s<\/title>\n<meta name=\"description\" content=\"Macap vous propose ici ses kits Communication par secteur d&#039;activit\u00e9s. Notre kit com du jour est d\u00e9di\u00e9 aux \u00e9quipements pour les Mairies et Collectivit\u00e9s.\" \/>\n<meta name=\"robots\" content=\"index, follow, max-snippet:-1, max-image-preview:large, max-video-preview:-1\" \/>\n<link rel=\"canonical\" href=\"https:\/\/www.macapflag.com\/blog\/un-kit-communication-mairie-et-collectivites\/\" \/>\n<meta property=\"og:locale\" content=\"fr_FR\" \/>\n<meta property=\"og:type\" content=\"article\" \/>\n<meta property=\"og:title\" content=\"Et si on vous proposait ... Un Kit Com&#039; pour la Mairie et les Collectivit\u00e9s\" \/>\n<meta property=\"og:description\" content=\"Macap vous propose ici ses kits Communication par secteur d&#039;activit\u00e9s. Notre kit com du jour est d\u00e9di\u00e9 aux \u00e9quipements pour les Mairies et Collectivit\u00e9s.\" \/>\n<meta property=\"og:url\" content=\"https:\/\/www.macapflag.com\/blog\/un-kit-communication-mairie-et-collectivites\/\" \/>\n<meta property=\"og:site_name\" content=\"Blog - Macap\" \/>\n<meta property=\"article:publisher\" content=\"https:\/\/www.facebook.com\/macap.pavoisement\/\" \/>\n<meta property=\"article:published_time\" content=\"2019-11-04T08:00:10+00:00\" \/>\n<meta property=\"article:modified_time\" content=\"2021-02-23T15:37:08+00:00\" \/>\n<meta property=\"og:image\" content=\"https:\/\/www.macapflag.com\/blog\/wp-content\/uploads\/2018\/08\/et-si-on-vous-proposait-TITRE-macap.gif\" \/>\n\t<meta property=\"og:image:width\" content=\"700\" \/>\n\t<meta property=\"og:image:height\" content=\"534\" \/>\n\t<meta property=\"og:image:type\" content=\"image\/gif\" \/>\n<meta name=\"author\" content=\"Blog Macap\" \/>\n<meta name=\"twitter:card\" content=\"summary_large_image\" \/>\n<meta name=\"twitter:label1\" content=\"\u00c9crit par\" \/>\n\t<meta name=\"twitter:data1\" content=\"Blog Macap\" \/>\n\t<meta name=\"twitter:label2\" content=\"Dur\u00e9e de lecture estim\u00e9e\" \/>\n\t<meta name=\"twitter:data2\" content=\"2 minutes\" \/>\n<script type=\"application\/ld+json\" class=\"yoast-schema-graph\">{\"@context\":\"https:\/\/schema.org\",\"@graph\":[{\"@type\":\"Article\",\"@id\":\"https:\/\/www.macapflag.com\/blog\/un-kit-communication-mairie-et-collectivites\/#article\",\"isPartOf\":{\"@id\":\"https:\/\/www.macapflag.com\/blog\/un-kit-communication-mairie-et-collectivites\/\"},\"author\":{\"name\":\"Blog Macap\",\"@id\":\"https:\/\/www.macapflag.com\/blog\/#\/schema\/person\/3fea701f2603875e651e6b662578fc3c\"},\"headline\":\"Un Kit Com&#8217; Mairies et Collectivit\u00e9s !\",\"datePublished\":\"2019-11-04T08:00:10+00:00\",\"dateModified\":\"2021-02-23T15:37:08+00:00\",\"mainEntityOfPage\":{\"@id\":\"https:\/\/www.macapflag.com\/blog\/un-kit-communication-mairie-et-collectivites\/\"},\"wordCount\":386,\"publisher\":{\"@id\":\"https:\/\/www.macapflag.com\/blog\/#organization\"},\"image\":{\"@id\":\"https:\/\/www.macapflag.com\/blog\/un-kit-communication-mairie-et-collectivites\/#primaryimage\"},\"thumbnailUrl\":\"https:\/\/www.macapflag.com\/blog\/wp-content\/uploads\/2018\/08\/et-si-on-vous-proposait-TITRE-macap.gif\",\"keywords\":[\"collectivit\u00e9s\",\"kit\",\"kit communication\",\"mairie\"],\"articleSection\":[\"Produits &amp; Solutions\"],\"inLanguage\":\"fr-FR\"},{\"@type\":\"WebPage\",\"@id\":\"https:\/\/www.macapflag.com\/blog\/un-kit-communication-mairie-et-collectivites\/\",\"url\":\"https:\/\/www.macapflag.com\/blog\/un-kit-communication-mairie-et-collectivites\/\",\"name\":\"Et si on vous proposait ... Un Kit Com' pour la Mairie et les Collectivit\u00e9s\",\"isPartOf\":{\"@id\":\"https:\/\/www.macapflag.com\/blog\/#website\"},\"primaryImageOfPage\":{\"@id\":\"https:\/\/www.macapflag.com\/blog\/un-kit-communication-mairie-et-collectivites\/#primaryimage\"},\"image\":{\"@id\":\"https:\/\/www.macapflag.com\/blog\/un-kit-communication-mairie-et-collectivites\/#primaryimage\"},\"thumbnailUrl\":\"https:\/\/www.macapflag.com\/blog\/wp-content\/uploads\/2018\/08\/et-si-on-vous-proposait-TITRE-macap.gif\",\"datePublished\":\"2019-11-04T08:00:10+00:00\",\"dateModified\":\"2021-02-23T15:37:08+00:00\",\"description\":\"Macap vous propose ici ses kits Communication par secteur d'activit\u00e9s. Notre kit com du jour est d\u00e9di\u00e9 aux \u00e9quipements pour les Mairies et Collectivit\u00e9s.\",\"breadcrumb\":{\"@id\":\"https:\/\/www.macapflag.com\/blog\/un-kit-communication-mairie-et-collectivites\/#breadcrumb\"},\"inLanguage\":\"fr-FR\",\"potentialAction\":[{\"@type\":\"ReadAction\",\"target\":[\"https:\/\/www.macapflag.com\/blog\/un-kit-communication-mairie-et-collectivites\/\"]}]},{\"@type\":\"ImageObject\",\"inLanguage\":\"fr-FR\",\"@id\":\"https:\/\/www.macapflag.com\/blog\/un-kit-communication-mairie-et-collectivites\/#primaryimage\",\"url\":\"https:\/\/www.macapflag.com\/blog\/wp-content\/uploads\/2018\/08\/et-si-on-vous-proposait-TITRE-macap.gif\",\"contentUrl\":\"https:\/\/www.macapflag.com\/blog\/wp-content\/uploads\/2018\/08\/et-si-on-vous-proposait-TITRE-macap.gif\",\"width\":700,\"height\":534,\"caption\":\"Proposition-kit-communication-macap\"},{\"@type\":\"BreadcrumbList\",\"@id\":\"https:\/\/www.macapflag.com\/blog\/un-kit-communication-mairie-et-collectivites\/#breadcrumb\",\"itemListElement\":[{\"@type\":\"ListItem\",\"position\":1,\"name\":\"Accueil\",\"item\":\"https:\/\/www.macapflag.com\/blog\/\"},{\"@type\":\"ListItem\",\"position\":2,\"name\":\"Un Kit Com&#8217; Mairies et Collectivit\u00e9s !\"}]},{\"@type\":\"WebSite\",\"@id\":\"https:\/\/www.macapflag.com\/blog\/#website\",\"url\":\"https:\/\/www.macapflag.com\/blog\/\",\"name\":\"Blog - Macap\",\"description\":\"Tous nos articles\",\"publisher\":{\"@id\":\"https:\/\/www.macapflag.com\/blog\/#organization\"},\"potentialAction\":[{\"@type\":\"SearchAction\",\"target\":{\"@type\":\"EntryPoint\",\"urlTemplate\":\"https:\/\/www.macapflag.com\/blog\/?s={search_term_string}\"},\"query-input\":{\"@type\":\"PropertyValueSpecification\",\"valueRequired\":true,\"valueName\":\"search_term_string\"}}],\"inLanguage\":\"fr-FR\"},{\"@type\":\"Organization\",\"@id\":\"https:\/\/www.macapflag.com\/blog\/#organization\",\"name\":\"macapflag\",\"url\":\"https:\/\/www.macapflag.com\/blog\/\",\"logo\":{\"@type\":\"ImageObject\",\"inLanguage\":\"fr-FR\",\"@id\":\"https:\/\/www.macapflag.com\/blog\/#\/schema\/logo\/image\/\",\"url\":\"https:\/\/www.macapflag.com\/blog\/wp-content\/uploads\/2020\/12\/cropped-M-512-1.png\",\"contentUrl\":\"https:\/\/www.macapflag.com\/blog\/wp-content\/uploads\/2020\/12\/cropped-M-512-1.png\",\"width\":512,\"height\":512,\"caption\":\"macapflag\"},\"image\":{\"@id\":\"https:\/\/www.macapflag.com\/blog\/#\/schema\/logo\/image\/\"},\"sameAs\":[\"https:\/\/www.facebook.com\/macap.pavoisement\/\",\"https:\/\/www.instagram.com\/macapflag\/?hl=fr\",\"https:\/\/www.linkedin.com\/company\/macap\/?originalSubdomain=fr\",\"https:\/\/www.youtube.com\/channel\/UCXNzTIdZh9poEBjSXEqDtNw\"]},{\"@type\":\"Person\",\"@id\":\"https:\/\/www.macapflag.com\/blog\/#\/schema\/person\/3fea701f2603875e651e6b662578fc3c\",\"name\":\"Blog Macap\",\"image\":{\"@type\":\"ImageObject\",\"inLanguage\":\"fr-FR\",\"@id\":\"https:\/\/www.macapflag.com\/blog\/#\/schema\/person\/image\/\",\"url\":\"https:\/\/secure.gravatar.com\/avatar\/c12551f2dc51f0db049633b03e7856985477a70da834cc8967dea4ce54bdd6a2?s=96&d=mm&r=g\",\"contentUrl\":\"https:\/\/secure.gravatar.com\/avatar\/c12551f2dc51f0db049633b03e7856985477a70da834cc8967dea4ce54bdd6a2?s=96&d=mm&r=g\",\"caption\":\"Blog Macap\"},\"url\":\"https:\/\/www.macapflag.com\/blog\/author\/macap\/\"}]}<\/script>\n<!-- \/ Yoast SEO plugin. -->","yoast_head_json":{"title":"Et si on vous proposait ... Un Kit Com' pour la Mairie et les Collectivit\u00e9s","description":"Macap vous propose ici ses kits Communication par secteur d'activit\u00e9s. Notre kit com du jour est d\u00e9di\u00e9 aux \u00e9quipements pour les Mairies et Collectivit\u00e9s.","robots":{"index":"index","follow":"follow","max-snippet":"max-snippet:-1","max-image-preview":"max-image-preview:large","max-video-preview":"max-video-preview:-1"},"canonical":"https:\/\/www.macapflag.com\/blog\/un-kit-communication-mairie-et-collectivites\/","og_locale":"fr_FR","og_type":"article","og_title":"Et si on vous proposait ... Un Kit Com' pour la Mairie et les Collectivit\u00e9s","og_description":"Macap vous propose ici ses kits Communication par secteur d'activit\u00e9s. Notre kit com du jour est d\u00e9di\u00e9 aux \u00e9quipements pour les Mairies et Collectivit\u00e9s.","og_url":"https:\/\/www.macapflag.com\/blog\/un-kit-communication-mairie-et-collectivites\/","og_site_name":"Blog - Macap","article_publisher":"https:\/\/www.facebook.com\/macap.pavoisement\/","article_published_time":"2019-11-04T08:00:10+00:00","article_modified_time":"2021-02-23T15:37:08+00:00","og_image":[{"width":700,"height":534,"url":"https:\/\/www.macapflag.com\/blog\/wp-content\/uploads\/2018\/08\/et-si-on-vous-proposait-TITRE-macap.gif","type":"image\/gif"}],"author":"Blog Macap","twitter_card":"summary_large_image","twitter_misc":{"\u00c9crit par":"Blog Macap","Dur\u00e9e de lecture estim\u00e9e":"2 minutes"},"schema":{"@context":"https:\/\/schema.org","@graph":[{"@type":"Article","@id":"https:\/\/www.macapflag.com\/blog\/un-kit-communication-mairie-et-collectivites\/#article","isPartOf":{"@id":"https:\/\/www.macapflag.com\/blog\/un-kit-communication-mairie-et-collectivites\/"},"author":{"name":"Blog Macap","@id":"https:\/\/www.macapflag.com\/blog\/#\/schema\/person\/3fea701f2603875e651e6b662578fc3c"},"headline":"Un Kit Com&#8217; Mairies et Collectivit\u00e9s !","datePublished":"2019-11-04T08:00:10+00:00","dateModified":"2021-02-23T15:37:08+00:00","mainEntityOfPage":{"@id":"https:\/\/www.macapflag.com\/blog\/un-kit-communication-mairie-et-collectivites\/"},"wordCount":386,"publisher":{"@id":"https:\/\/www.macapflag.com\/blog\/#organization"},"image":{"@id":"https:\/\/www.macapflag.com\/blog\/un-kit-communication-mairie-et-collectivites\/#primaryimage"},"thumbnailUrl":"https:\/\/www.macapflag.com\/blog\/wp-content\/uploads\/2018\/08\/et-si-on-vous-proposait-TITRE-macap.gif","keywords":["collectivit\u00e9s","kit","kit communication","mairie"],"articleSection":["Produits &amp; Solutions"],"inLanguage":"fr-FR"},{"@type":"WebPage","@id":"https:\/\/www.macapflag.com\/blog\/un-kit-communication-mairie-et-collectivites\/","url":"https:\/\/www.macapflag.com\/blog\/un-kit-communication-mairie-et-collectivites\/","name":"Et si on vous proposait ... Un Kit Com' pour la Mairie et les Collectivit\u00e9s","isPartOf":{"@id":"https:\/\/www.macapflag.com\/blog\/#website"},"primaryImageOfPage":{"@id":"https:\/\/www.macapflag.com\/blog\/un-kit-communication-mairie-et-collectivites\/#primaryimage"},"image":{"@id":"https:\/\/www.macapflag.com\/blog\/un-kit-communication-mairie-et-collectivites\/#primaryimage"},"thumbnailUrl":"https:\/\/www.macapflag.com\/blog\/wp-content\/uploads\/2018\/08\/et-si-on-vous-proposait-TITRE-macap.gif","datePublished":"2019-11-04T08:00:10+00:00","dateModified":"2021-02-23T15:37:08+00:00","description":"Macap vous propose ici ses kits Communication par secteur d'activit\u00e9s. Notre kit com du jour est d\u00e9di\u00e9 aux \u00e9quipements pour les Mairies et Collectivit\u00e9s.","breadcrumb":{"@id":"https:\/\/www.macapflag.com\/blog\/un-kit-communication-mairie-et-collectivites\/#breadcrumb"},"inLanguage":"fr-FR","potentialAction":[{"@type":"ReadAction","target":["https:\/\/www.macapflag.com\/blog\/un-kit-communication-mairie-et-collectivites\/"]}]},{"@type":"ImageObject","inLanguage":"fr-FR","@id":"https:\/\/www.macapflag.com\/blog\/un-kit-communication-mairie-et-collectivites\/#primaryimage","url":"https:\/\/www.macapflag.com\/blog\/wp-content\/uploads\/2018\/08\/et-si-on-vous-proposait-TITRE-macap.gif","contentUrl":"https:\/\/www.macapflag.com\/blog\/wp-content\/uploads\/2018\/08\/et-si-on-vous-proposait-TITRE-macap.gif","width":700,"height":534,"caption":"Proposition-kit-communication-macap"},{"@type":"BreadcrumbList","@id":"https:\/\/www.macapflag.com\/blog\/un-kit-communication-mairie-et-collectivites\/#breadcrumb","itemListElement":[{"@type":"ListItem","position":1,"name":"Accueil","item":"https:\/\/www.macapflag.com\/blog\/"},{"@type":"ListItem","position":2,"name":"Un Kit Com&#8217; Mairies et Collectivit\u00e9s !"}]},{"@type":"WebSite","@id":"https:\/\/www.macapflag.com\/blog\/#website","url":"https:\/\/www.macapflag.com\/blog\/","name":"Blog - Macap","description":"Tous nos articles","publisher":{"@id":"https:\/\/www.macapflag.com\/blog\/#organization"},"potentialAction":[{"@type":"SearchAction","target":{"@type":"EntryPoint","urlTemplate":"https:\/\/www.macapflag.com\/blog\/?s={search_term_string}"},"query-input":{"@type":"PropertyValueSpecification","valueRequired":true,"valueName":"search_term_string"}}],"inLanguage":"fr-FR"},{"@type":"Organization","@id":"https:\/\/www.macapflag.com\/blog\/#organization","name":"macapflag","url":"https:\/\/www.macapflag.com\/blog\/","logo":{"@type":"ImageObject","inLanguage":"fr-FR","@id":"https:\/\/www.macapflag.com\/blog\/#\/schema\/logo\/image\/","url":"https:\/\/www.macapflag.com\/blog\/wp-content\/uploads\/2020\/12\/cropped-M-512-1.png","contentUrl":"https:\/\/www.macapflag.com\/blog\/wp-content\/uploads\/2020\/12\/cropped-M-512-1.png","width":512,"height":512,"caption":"macapflag"},"image":{"@id":"https:\/\/www.macapflag.com\/blog\/#\/schema\/logo\/image\/"},"sameAs":["https:\/\/www.facebook.com\/macap.pavoisement\/","https:\/\/www.instagram.com\/macapflag\/?hl=fr","https:\/\/www.linkedin.com\/company\/macap\/?originalSubdomain=fr","https:\/\/www.youtube.com\/channel\/UCXNzTIdZh9poEBjSXEqDtNw"]},{"@type":"Person","@id":"https:\/\/www.macapflag.com\/blog\/#\/schema\/person\/3fea701f2603875e651e6b662578fc3c","name":"Blog Macap","image":{"@type":"ImageObject","inLanguage":"fr-FR","@id":"https:\/\/www.macapflag.com\/blog\/#\/schema\/person\/image\/","url":"https:\/\/secure.gravatar.com\/avatar\/c12551f2dc51f0db049633b03e7856985477a70da834cc8967dea4ce54bdd6a2?s=96&d=mm&r=g","contentUrl":"https:\/\/secure.gravatar.com\/avatar\/c12551f2dc51f0db049633b03e7856985477a70da834cc8967dea4ce54bdd6a2?s=96&d=mm&r=g","caption":"Blog Macap"},"url":"https:\/\/www.macapflag.com\/blog\/author\/macap\/"}]}},"_links":{"self":[{"href":"https:\/\/www.macapflag.com\/blog\/wp-json\/wp\/v2\/posts\/2705","targetHints":{"allow":["GET"]}}],"collection":[{"href":"https:\/\/www.macapflag.com\/blog\/wp-json\/wp\/v2\/posts"}],"about":[{"href":"https:\/\/www.macapflag.com\/blog\/wp-json\/wp\/v2\/types\/post"}],"author":[{"embeddable":true,"href":"https:\/\/www.macapflag.com\/blog\/wp-json\/wp\/v2\/users\/2"}],"replies":[{"embeddable":true,"href":"https:\/\/www.macapflag.com\/blog\/wp-json\/wp\/v2\/comments?post=2705"}],"version-history":[{"count":29,"href":"https:\/\/www.macapflag.com\/blog\/wp-json\/wp\/v2\/posts\/2705\/revisions"}],"predecessor-version":[{"id":6651,"href":"https:\/\/www.macapflag.com\/blog\/wp-json\/wp\/v2\/posts\/2705\/revisions\/6651"}],"wp:featuredmedia":[{"embeddable":true,"href":"https:\/\/www.macapflag.com\/blog\/wp-json\/wp\/v2\/media\/2706"}],"wp:attachment":[{"href":"https:\/\/www.macapflag.com\/blog\/wp-json\/wp\/v2\/media?parent=2705"}],"wp:term":[{"taxonomy":"category","embeddable":true,"href":"https:\/\/www.macapflag.com\/blog\/wp-json\/wp\/v2\/categories?post=2705"},{"taxonomy":"post_tag","embeddable":true,"href":"https:\/\/www.macapflag.com\/blog\/wp-json\/wp\/v2\/tags?post=2705"}],"curies":[{"name":"wp","href":"https:\/\/api.w.org\/{rel}","templated":true}]}}