{"id":2759,"date":"2018-09-07T11:53:12","date_gmt":"2018-09-07T09:53:12","guid":{"rendered":"https:\/\/www.macapflag.com\/blog\/?p=2759"},"modified":"2019-11-25T13:06:54","modified_gmt":"2019-11-25T12:06:54","slug":"macap-vous-accompagne-pour-le-centenaire-de-larmistice-1914-18","status":"publish","type":"post","link":"https:\/\/www.macapflag.com\/blog\/macap-vous-accompagne-pour-le-centenaire-de-larmistice-1914-18\/","title":{"rendered":"MACAP vous accompagne pour le Centenaire de l&#8217;Armistice 1914-18"},"content":{"rendered":"<p><em>Cette ann\u00e9e, la France c\u00e9l\u00e8bre les 100 ans de l\u2019armistice de la guerre 1914-18. A cette occasion, Macap vous accompagne avec la cr\u00e9ation d\u2019une gamme de produits sp\u00e9cialement d\u00e9di\u00e9e \u00e0 l\u2019\u00e9v\u00e8nement.<\/em><br \/><em>Le 11 novembre 1918 est une date historique qui marqua la fin de la premi\u00e8re guerre mondiale. Une guerre qui dura 4 ans et dont la France et l\u2019Allemagne furent les principaux protagonistes.<\/em><\/p>\n<p><strong>Un peu d&#8217;histoire &#8230; Il y a 100 ans&#8230;<\/strong><\/p>\n<p>\t\t\t\t\t\t\t\t\t\t<img fetchpriority=\"high\" decoding=\"async\" width=\"696\" height=\"534\" src=\"https:\/\/www.macapflag.com\/blog\/wp-content\/uploads\/2018\/09\/signature-armistice-macap.jpg\" alt=\"signature-armistice-macap\" srcset=\"https:\/\/www.macapflag.com\/blog\/wp-content\/uploads\/2018\/09\/signature-armistice-macap.jpg 700w, https:\/\/www.macapflag.com\/blog\/wp-content\/uploads\/2018\/09\/signature-armistice-macap-300x230.jpg 300w, https:\/\/www.macapflag.com\/blog\/wp-content\/uploads\/2018\/09\/signature-armistice-macap-80x60.jpg 80w, https:\/\/www.macapflag.com\/blog\/wp-content\/uploads\/2018\/09\/signature-armistice-macap-696x534.jpg 696w, https:\/\/www.macapflag.com\/blog\/wp-content\/uploads\/2018\/09\/signature-armistice-macap-547x420.jpg 547w\" sizes=\"(max-width: 696px) 100vw, 696px\" \/><br \/>\n\t\t\t\t\t\t\t\t\t\t<img decoding=\"async\" width=\"696\" height=\"534\" src=\"https:\/\/www.macapflag.com\/blog\/wp-content\/uploads\/2018\/09\/signature-armistice-macap-2.jpg\" alt=\"signature-armistice-macap\" srcset=\"https:\/\/www.macapflag.com\/blog\/wp-content\/uploads\/2018\/09\/signature-armistice-macap-2.jpg 700w, https:\/\/www.macapflag.com\/blog\/wp-content\/uploads\/2018\/09\/signature-armistice-macap-2-300x230.jpg 300w, https:\/\/www.macapflag.com\/blog\/wp-content\/uploads\/2018\/09\/signature-armistice-macap-2-80x60.jpg 80w, https:\/\/www.macapflag.com\/blog\/wp-content\/uploads\/2018\/09\/signature-armistice-macap-2-696x534.jpg 696w, https:\/\/www.macapflag.com\/blog\/wp-content\/uploads\/2018\/09\/signature-armistice-macap-2-547x420.jpg 547w\" sizes=\"(max-width: 696px) 100vw, 696px\" \/>\t\t\t\t\t\t\t\t\t\t\t<\/p>\n<p>La premi\u00e8re guerre mondiale fit pr\u00e8s de dix millions de morts dans le monde. Cette guerre qui ne devait initialement pas durer a vu perdurer le conflit jusqu&#8217;en novembre 1918 dans un quotidien rythm\u00e9 par le danger et la mort.<br \/>Ce conflit sanglant a co\u00fbt\u00e9 la vie \u00e0 pr\u00e8s d&#8217;un million et demi de Fran\u00e7ais et a marqu\u00e9 \u00e0 jamais les esprits.<br \/>Cette guerre fut marqu\u00e9e par la guerre de tranch\u00e9es et ces fameux soldats surnomm\u00e9s les \u00ab poilus \u00bb. Elle est synonyme d\u2019horreur et de n\u00e9gation de l\u2019\u00eatre humain. Etre humain confront\u00e9 pour la premi\u00e8re fois \u00e0 une puissance de feu moderne.<br \/>C\u2019est l\u2019Allemagne qui finira par capituler et signer le trait\u00e9 de l\u2019Armistice, le 11 novembre 1918 en mettant ainsi fin \u00e0 l&#8217;un des conflits les plus meurtriers de l&#8217;histoire qui aura d\u00e9truit l\u2019Europe.\u00a0<br \/>Si aujourd\u2019hui, pour les jeunes g\u00e9n\u00e9rations, cette guerre n&#8217;est qu&#8217;un lointain souvenir r\u00e9pertori\u00e9 dans un livre d\u2019histoire, la comm\u00e9moration de ce centenaire est une occasion unique de rappeler le prix et la valeur de la libert\u00e9.\u00a0<\/p>\n<p><strong>Comm\u00e9morons l\u2019Armistice ensemble !<\/strong><\/p>\n<p>\t\t\t\t\t\t\t\t\t\t\t<a href=\"https:\/\/www.macapflag.com\" data-elementor-open-lightbox=\"\" target=\"_blank\"><br \/>\n\t\t\t\t\t\t\t<img decoding=\"async\" width=\"696\" height=\"534\" src=\"https:\/\/www.macapflag.com\/blog\/wp-content\/uploads\/2018\/09\/armistice-gamme-macap.jpg\" alt=\"centenaire-armistice-14\/18-gamme-macap\" srcset=\"https:\/\/www.macapflag.com\/blog\/wp-content\/uploads\/2018\/09\/armistice-gamme-macap.jpg 700w, https:\/\/www.macapflag.com\/blog\/wp-content\/uploads\/2018\/09\/armistice-gamme-macap-300x230.jpg 300w, https:\/\/www.macapflag.com\/blog\/wp-content\/uploads\/2018\/09\/armistice-gamme-macap-80x60.jpg 80w, https:\/\/www.macapflag.com\/blog\/wp-content\/uploads\/2018\/09\/armistice-gamme-macap-696x534.jpg 696w, https:\/\/www.macapflag.com\/blog\/wp-content\/uploads\/2018\/09\/armistice-gamme-macap-547x420.jpg 547w\" sizes=\"(max-width: 696px) 100vw, 696px\" \/>\t\t\t\t\t\t\t\t<\/a><\/p>\n<p>Partout en France, les diff\u00e9rentes c\u00e9l\u00e9brations de l\u2019armistice du 11 novembre 1918, vont permettre de rendre hommage \u00e0 ce jour historique et aux soldats courageux qui se sont battus pour d\u00e9fendre leur pays.<br \/>Le service cr\u00e9atif de la soci\u00e9t\u00e9 Macap travaille depuis plusieurs mois afin de proposer \u00e0 ses clients institutionnels une gamme de supports de communication personnalis\u00e9s aux couleurs de cette comm\u00e9moration : <a href=\"https:\/\/www.macapflag.com\" target=\"_blank\" rel=\"noopener\"><strong>drapeau pour m\u00e2t<\/strong><\/a>, <a href=\"https:\/\/www.macapflag.com\" target=\"_blank\" rel=\"noopener\"><strong>guirlande<\/strong><\/a>, beach flag, retrouvez l\u2019ensemble de ces supports dans notre rubrique \u201c<a href=\"https:\/\/www.macapflag.com\" target=\"_blank\" rel=\"noopener\"><strong>Offre Centenaire Guerre 14\/18<\/strong><\/a>\u201d.<\/p>\n<p>Tous les produits Macap sont fabriqu\u00e9s, imprim\u00e9s, brod\u00e9s et confectionn\u00e9s en France dans nos propres ateliers depuis plus de 50 ans. Encore une bonne raison de nous accorder une fois de plus votre confiance !<\/p>\n<h1><img loading=\"lazy\" decoding=\"async\" src=\"https:\/\/www.macapflag.com\/blog\/wp-content\/uploads\/2018\/03\/PICTO-INFOS-PRATIQUES-300x172.png\" alt=\"\" width=\"300\" height=\"172\" \/><\/h1>\n<p style=\"text-align: center;\"><strong>Macap<\/strong>\u00a0<strong>&#8211; 7 Septembre 2018\u00a0<\/strong><strong><\/p>\n<p><\/strong><\/p>\n","protected":false},"excerpt":{"rendered":"<div class=\"tmnf_excerpt\"><p>Cette ann\u00e9e, la France c\u00e9l\u00e8bre les 100 ans de l\u2019armistice de la guerre 1914-18. A cette occasion, Macap vous accompagne avec la cr\u00e9ation d\u2019une gamme de produits sp\u00e9cialement d\u00e9di\u00e9e \u00e0 l\u2019\u00e9v\u00e8nement.Le 11 novembre 1918 est une date historique qui marqua la fin de la premi\u00e8re guerre mondiale. Une guerre qui dura 4 ans et dont &hellip;<\/p>\n<\/div>","protected":false},"author":2,"featured_media":2761,"comment_status":"closed","ping_status":"open","sticky":false,"template":"template-fullwidth.php","format":"standard","meta":{"footnotes":""},"categories":[93],"tags":[140,142,113,123,141],"class_list":["post-2759","post","type-post","status-publish","format-standard","has-post-thumbnail","hentry","category-com","tag-armistice","tag-commemoration","tag-communication","tag-drapeau-france","tag-guerre-14-18"],"yoast_head":"<!-- This site is optimized with the Yoast SEO plugin v26.4 - https:\/\/yoast.com\/wordpress\/plugins\/seo\/ -->\n<title>MACAP vous accompagne pour le Centenaire de l&#039;Armistice 1914-18 - Blog - Macap<\/title>\n<meta name=\"description\" content=\"Cette ann\u00e9e, la France c\u00e9l\u00e8bre le centenaire de l&#039;armistice de la guerre 1914-1918. Retrouvez toutes les infos autour de cet \u00e9v\u00e8nement\" \/>\n<meta name=\"robots\" content=\"index, follow, max-snippet:-1, max-image-preview:large, max-video-preview:-1\" \/>\n<link rel=\"canonical\" href=\"https:\/\/www.macapflag.com\/blog\/macap-vous-accompagne-pour-le-centenaire-de-larmistice-1914-18\/\" \/>\n<meta property=\"og:locale\" content=\"fr_FR\" \/>\n<meta property=\"og:type\" content=\"article\" \/>\n<meta property=\"og:title\" content=\"MACAP vous accompagne pour le Centenaire de l&#039;Armistice 1914-18 - Blog - Macap\" \/>\n<meta property=\"og:description\" content=\"Cette ann\u00e9e, la France c\u00e9l\u00e8bre le centenaire de l&#039;armistice de la guerre 1914-1918. Retrouvez toutes les infos autour de cet \u00e9v\u00e8nement\" \/>\n<meta property=\"og:url\" content=\"https:\/\/www.macapflag.com\/blog\/macap-vous-accompagne-pour-le-centenaire-de-larmistice-1914-18\/\" \/>\n<meta property=\"og:site_name\" content=\"Blog - Macap\" \/>\n<meta property=\"article:publisher\" content=\"https:\/\/www.facebook.com\/macap.pavoisement\/\" \/>\n<meta property=\"article:published_time\" content=\"2018-09-07T09:53:12+00:00\" \/>\n<meta property=\"article:modified_time\" content=\"2019-11-25T12:06:54+00:00\" \/>\n<meta property=\"og:image\" content=\"https:\/\/www.macapflag.com\/blog\/wp-content\/uploads\/2018\/09\/Centenaire-armistice-macap.jpg\" \/>\n\t<meta property=\"og:image:width\" content=\"700\" \/>\n\t<meta property=\"og:image:height\" content=\"537\" \/>\n\t<meta property=\"og:image:type\" content=\"image\/jpeg\" \/>\n<meta name=\"author\" content=\"Blog Macap\" \/>\n<meta name=\"twitter:card\" content=\"summary_large_image\" \/>\n<meta name=\"twitter:label1\" content=\"\u00c9crit par\" \/>\n\t<meta name=\"twitter:data1\" content=\"Blog Macap\" \/>\n\t<meta name=\"twitter:label2\" content=\"Dur\u00e9e de lecture estim\u00e9e\" \/>\n\t<meta name=\"twitter:data2\" content=\"2 minutes\" \/>\n<script type=\"application\/ld+json\" class=\"yoast-schema-graph\">{\"@context\":\"https:\/\/schema.org\",\"@graph\":[{\"@type\":\"Article\",\"@id\":\"https:\/\/www.macapflag.com\/blog\/macap-vous-accompagne-pour-le-centenaire-de-larmistice-1914-18\/#article\",\"isPartOf\":{\"@id\":\"https:\/\/www.macapflag.com\/blog\/macap-vous-accompagne-pour-le-centenaire-de-larmistice-1914-18\/\"},\"author\":{\"name\":\"Blog Macap\",\"@id\":\"https:\/\/www.macapflag.com\/blog\/#\/schema\/person\/3fea701f2603875e651e6b662578fc3c\"},\"headline\":\"MACAP vous accompagne pour le Centenaire de l&#8217;Armistice 1914-18\",\"datePublished\":\"2018-09-07T09:53:12+00:00\",\"dateModified\":\"2019-11-25T12:06:54+00:00\",\"mainEntityOfPage\":{\"@id\":\"https:\/\/www.macapflag.com\/blog\/macap-vous-accompagne-pour-le-centenaire-de-larmistice-1914-18\/\"},\"wordCount\":406,\"publisher\":{\"@id\":\"https:\/\/www.macapflag.com\/blog\/#organization\"},\"image\":{\"@id\":\"https:\/\/www.macapflag.com\/blog\/macap-vous-accompagne-pour-le-centenaire-de-larmistice-1914-18\/#primaryimage\"},\"thumbnailUrl\":\"https:\/\/www.macapflag.com\/blog\/wp-content\/uploads\/2018\/09\/Centenaire-armistice-macap.jpg\",\"keywords\":[\"armistice\",\"comm\u00e9moration\",\"communication\",\"drapeau france\",\"guerre 14\/18\"],\"articleSection\":[\"Le monde de la Com'\"],\"inLanguage\":\"fr-FR\"},{\"@type\":\"WebPage\",\"@id\":\"https:\/\/www.macapflag.com\/blog\/macap-vous-accompagne-pour-le-centenaire-de-larmistice-1914-18\/\",\"url\":\"https:\/\/www.macapflag.com\/blog\/macap-vous-accompagne-pour-le-centenaire-de-larmistice-1914-18\/\",\"name\":\"MACAP vous accompagne pour le Centenaire de l'Armistice 1914-18 - Blog - Macap\",\"isPartOf\":{\"@id\":\"https:\/\/www.macapflag.com\/blog\/#website\"},\"primaryImageOfPage\":{\"@id\":\"https:\/\/www.macapflag.com\/blog\/macap-vous-accompagne-pour-le-centenaire-de-larmistice-1914-18\/#primaryimage\"},\"image\":{\"@id\":\"https:\/\/www.macapflag.com\/blog\/macap-vous-accompagne-pour-le-centenaire-de-larmistice-1914-18\/#primaryimage\"},\"thumbnailUrl\":\"https:\/\/www.macapflag.com\/blog\/wp-content\/uploads\/2018\/09\/Centenaire-armistice-macap.jpg\",\"datePublished\":\"2018-09-07T09:53:12+00:00\",\"dateModified\":\"2019-11-25T12:06:54+00:00\",\"description\":\"Cette ann\u00e9e, la France c\u00e9l\u00e8bre le centenaire de l'armistice de la guerre 1914-1918. Retrouvez toutes les infos autour de cet \u00e9v\u00e8nement\",\"breadcrumb\":{\"@id\":\"https:\/\/www.macapflag.com\/blog\/macap-vous-accompagne-pour-le-centenaire-de-larmistice-1914-18\/#breadcrumb\"},\"inLanguage\":\"fr-FR\",\"potentialAction\":[{\"@type\":\"ReadAction\",\"target\":[\"https:\/\/www.macapflag.com\/blog\/macap-vous-accompagne-pour-le-centenaire-de-larmistice-1914-18\/\"]}]},{\"@type\":\"ImageObject\",\"inLanguage\":\"fr-FR\",\"@id\":\"https:\/\/www.macapflag.com\/blog\/macap-vous-accompagne-pour-le-centenaire-de-larmistice-1914-18\/#primaryimage\",\"url\":\"https:\/\/www.macapflag.com\/blog\/wp-content\/uploads\/2018\/09\/Centenaire-armistice-macap.jpg\",\"contentUrl\":\"https:\/\/www.macapflag.com\/blog\/wp-content\/uploads\/2018\/09\/Centenaire-armistice-macap.jpg\",\"width\":700,\"height\":537,\"caption\":\"centenaire-armistice-titre-macap-\"},{\"@type\":\"BreadcrumbList\",\"@id\":\"https:\/\/www.macapflag.com\/blog\/macap-vous-accompagne-pour-le-centenaire-de-larmistice-1914-18\/#breadcrumb\",\"itemListElement\":[{\"@type\":\"ListItem\",\"position\":1,\"name\":\"Accueil\",\"item\":\"https:\/\/www.macapflag.com\/blog\/\"},{\"@type\":\"ListItem\",\"position\":2,\"name\":\"MACAP vous accompagne pour le Centenaire de l&#8217;Armistice 1914-18\"}]},{\"@type\":\"WebSite\",\"@id\":\"https:\/\/www.macapflag.com\/blog\/#website\",\"url\":\"https:\/\/www.macapflag.com\/blog\/\",\"name\":\"Blog - Macap\",\"description\":\"Tous nos articles\",\"publisher\":{\"@id\":\"https:\/\/www.macapflag.com\/blog\/#organization\"},\"potentialAction\":[{\"@type\":\"SearchAction\",\"target\":{\"@type\":\"EntryPoint\",\"urlTemplate\":\"https:\/\/www.macapflag.com\/blog\/?s={search_term_string}\"},\"query-input\":{\"@type\":\"PropertyValueSpecification\",\"valueRequired\":true,\"valueName\":\"search_term_string\"}}],\"inLanguage\":\"fr-FR\"},{\"@type\":\"Organization\",\"@id\":\"https:\/\/www.macapflag.com\/blog\/#organization\",\"name\":\"macapflag\",\"url\":\"https:\/\/www.macapflag.com\/blog\/\",\"logo\":{\"@type\":\"ImageObject\",\"inLanguage\":\"fr-FR\",\"@id\":\"https:\/\/www.macapflag.com\/blog\/#\/schema\/logo\/image\/\",\"url\":\"https:\/\/www.macapflag.com\/blog\/wp-content\/uploads\/2020\/12\/cropped-M-512-1.png\",\"contentUrl\":\"https:\/\/www.macapflag.com\/blog\/wp-content\/uploads\/2020\/12\/cropped-M-512-1.png\",\"width\":512,\"height\":512,\"caption\":\"macapflag\"},\"image\":{\"@id\":\"https:\/\/www.macapflag.com\/blog\/#\/schema\/logo\/image\/\"},\"sameAs\":[\"https:\/\/www.facebook.com\/macap.pavoisement\/\",\"https:\/\/www.instagram.com\/macapflag\/?hl=fr\",\"https:\/\/www.linkedin.com\/company\/macap\/?originalSubdomain=fr\",\"https:\/\/www.youtube.com\/channel\/UCXNzTIdZh9poEBjSXEqDtNw\"]},{\"@type\":\"Person\",\"@id\":\"https:\/\/www.macapflag.com\/blog\/#\/schema\/person\/3fea701f2603875e651e6b662578fc3c\",\"name\":\"Blog Macap\",\"image\":{\"@type\":\"ImageObject\",\"inLanguage\":\"fr-FR\",\"@id\":\"https:\/\/www.macapflag.com\/blog\/#\/schema\/person\/image\/\",\"url\":\"https:\/\/secure.gravatar.com\/avatar\/c12551f2dc51f0db049633b03e7856985477a70da834cc8967dea4ce54bdd6a2?s=96&d=mm&r=g\",\"contentUrl\":\"https:\/\/secure.gravatar.com\/avatar\/c12551f2dc51f0db049633b03e7856985477a70da834cc8967dea4ce54bdd6a2?s=96&d=mm&r=g\",\"caption\":\"Blog Macap\"},\"url\":\"https:\/\/www.macapflag.com\/blog\/author\/macap\/\"}]}<\/script>\n<!-- \/ Yoast SEO plugin. -->","yoast_head_json":{"title":"MACAP vous accompagne pour le Centenaire de l'Armistice 1914-18 - Blog - Macap","description":"Cette ann\u00e9e, la France c\u00e9l\u00e8bre le centenaire de l'armistice de la guerre 1914-1918. Retrouvez toutes les infos autour de cet \u00e9v\u00e8nement","robots":{"index":"index","follow":"follow","max-snippet":"max-snippet:-1","max-image-preview":"max-image-preview:large","max-video-preview":"max-video-preview:-1"},"canonical":"https:\/\/www.macapflag.com\/blog\/macap-vous-accompagne-pour-le-centenaire-de-larmistice-1914-18\/","og_locale":"fr_FR","og_type":"article","og_title":"MACAP vous accompagne pour le Centenaire de l'Armistice 1914-18 - Blog - Macap","og_description":"Cette ann\u00e9e, la France c\u00e9l\u00e8bre le centenaire de l'armistice de la guerre 1914-1918. Retrouvez toutes les infos autour de cet \u00e9v\u00e8nement","og_url":"https:\/\/www.macapflag.com\/blog\/macap-vous-accompagne-pour-le-centenaire-de-larmistice-1914-18\/","og_site_name":"Blog - Macap","article_publisher":"https:\/\/www.facebook.com\/macap.pavoisement\/","article_published_time":"2018-09-07T09:53:12+00:00","article_modified_time":"2019-11-25T12:06:54+00:00","og_image":[{"width":700,"height":537,"url":"https:\/\/www.macapflag.com\/blog\/wp-content\/uploads\/2018\/09\/Centenaire-armistice-macap.jpg","type":"image\/jpeg"}],"author":"Blog Macap","twitter_card":"summary_large_image","twitter_misc":{"\u00c9crit par":"Blog Macap","Dur\u00e9e de lecture estim\u00e9e":"2 minutes"},"schema":{"@context":"https:\/\/schema.org","@graph":[{"@type":"Article","@id":"https:\/\/www.macapflag.com\/blog\/macap-vous-accompagne-pour-le-centenaire-de-larmistice-1914-18\/#article","isPartOf":{"@id":"https:\/\/www.macapflag.com\/blog\/macap-vous-accompagne-pour-le-centenaire-de-larmistice-1914-18\/"},"author":{"name":"Blog Macap","@id":"https:\/\/www.macapflag.com\/blog\/#\/schema\/person\/3fea701f2603875e651e6b662578fc3c"},"headline":"MACAP vous accompagne pour le Centenaire de l&#8217;Armistice 1914-18","datePublished":"2018-09-07T09:53:12+00:00","dateModified":"2019-11-25T12:06:54+00:00","mainEntityOfPage":{"@id":"https:\/\/www.macapflag.com\/blog\/macap-vous-accompagne-pour-le-centenaire-de-larmistice-1914-18\/"},"wordCount":406,"publisher":{"@id":"https:\/\/www.macapflag.com\/blog\/#organization"},"image":{"@id":"https:\/\/www.macapflag.com\/blog\/macap-vous-accompagne-pour-le-centenaire-de-larmistice-1914-18\/#primaryimage"},"thumbnailUrl":"https:\/\/www.macapflag.com\/blog\/wp-content\/uploads\/2018\/09\/Centenaire-armistice-macap.jpg","keywords":["armistice","comm\u00e9moration","communication","drapeau france","guerre 14\/18"],"articleSection":["Le monde de la Com'"],"inLanguage":"fr-FR"},{"@type":"WebPage","@id":"https:\/\/www.macapflag.com\/blog\/macap-vous-accompagne-pour-le-centenaire-de-larmistice-1914-18\/","url":"https:\/\/www.macapflag.com\/blog\/macap-vous-accompagne-pour-le-centenaire-de-larmistice-1914-18\/","name":"MACAP vous accompagne pour le Centenaire de l'Armistice 1914-18 - Blog - Macap","isPartOf":{"@id":"https:\/\/www.macapflag.com\/blog\/#website"},"primaryImageOfPage":{"@id":"https:\/\/www.macapflag.com\/blog\/macap-vous-accompagne-pour-le-centenaire-de-larmistice-1914-18\/#primaryimage"},"image":{"@id":"https:\/\/www.macapflag.com\/blog\/macap-vous-accompagne-pour-le-centenaire-de-larmistice-1914-18\/#primaryimage"},"thumbnailUrl":"https:\/\/www.macapflag.com\/blog\/wp-content\/uploads\/2018\/09\/Centenaire-armistice-macap.jpg","datePublished":"2018-09-07T09:53:12+00:00","dateModified":"2019-11-25T12:06:54+00:00","description":"Cette ann\u00e9e, la France c\u00e9l\u00e8bre le centenaire de l'armistice de la guerre 1914-1918. Retrouvez toutes les infos autour de cet \u00e9v\u00e8nement","breadcrumb":{"@id":"https:\/\/www.macapflag.com\/blog\/macap-vous-accompagne-pour-le-centenaire-de-larmistice-1914-18\/#breadcrumb"},"inLanguage":"fr-FR","potentialAction":[{"@type":"ReadAction","target":["https:\/\/www.macapflag.com\/blog\/macap-vous-accompagne-pour-le-centenaire-de-larmistice-1914-18\/"]}]},{"@type":"ImageObject","inLanguage":"fr-FR","@id":"https:\/\/www.macapflag.com\/blog\/macap-vous-accompagne-pour-le-centenaire-de-larmistice-1914-18\/#primaryimage","url":"https:\/\/www.macapflag.com\/blog\/wp-content\/uploads\/2018\/09\/Centenaire-armistice-macap.jpg","contentUrl":"https:\/\/www.macapflag.com\/blog\/wp-content\/uploads\/2018\/09\/Centenaire-armistice-macap.jpg","width":700,"height":537,"caption":"centenaire-armistice-titre-macap-"},{"@type":"BreadcrumbList","@id":"https:\/\/www.macapflag.com\/blog\/macap-vous-accompagne-pour-le-centenaire-de-larmistice-1914-18\/#breadcrumb","itemListElement":[{"@type":"ListItem","position":1,"name":"Accueil","item":"https:\/\/www.macapflag.com\/blog\/"},{"@type":"ListItem","position":2,"name":"MACAP vous accompagne pour le Centenaire de l&#8217;Armistice 1914-18"}]},{"@type":"WebSite","@id":"https:\/\/www.macapflag.com\/blog\/#website","url":"https:\/\/www.macapflag.com\/blog\/","name":"Blog - Macap","description":"Tous nos articles","publisher":{"@id":"https:\/\/www.macapflag.com\/blog\/#organization"},"potentialAction":[{"@type":"SearchAction","target":{"@type":"EntryPoint","urlTemplate":"https:\/\/www.macapflag.com\/blog\/?s={search_term_string}"},"query-input":{"@type":"PropertyValueSpecification","valueRequired":true,"valueName":"search_term_string"}}],"inLanguage":"fr-FR"},{"@type":"Organization","@id":"https:\/\/www.macapflag.com\/blog\/#organization","name":"macapflag","url":"https:\/\/www.macapflag.com\/blog\/","logo":{"@type":"ImageObject","inLanguage":"fr-FR","@id":"https:\/\/www.macapflag.com\/blog\/#\/schema\/logo\/image\/","url":"https:\/\/www.macapflag.com\/blog\/wp-content\/uploads\/2020\/12\/cropped-M-512-1.png","contentUrl":"https:\/\/www.macapflag.com\/blog\/wp-content\/uploads\/2020\/12\/cropped-M-512-1.png","width":512,"height":512,"caption":"macapflag"},"image":{"@id":"https:\/\/www.macapflag.com\/blog\/#\/schema\/logo\/image\/"},"sameAs":["https:\/\/www.facebook.com\/macap.pavoisement\/","https:\/\/www.instagram.com\/macapflag\/?hl=fr","https:\/\/www.linkedin.com\/company\/macap\/?originalSubdomain=fr","https:\/\/www.youtube.com\/channel\/UCXNzTIdZh9poEBjSXEqDtNw"]},{"@type":"Person","@id":"https:\/\/www.macapflag.com\/blog\/#\/schema\/person\/3fea701f2603875e651e6b662578fc3c","name":"Blog Macap","image":{"@type":"ImageObject","inLanguage":"fr-FR","@id":"https:\/\/www.macapflag.com\/blog\/#\/schema\/person\/image\/","url":"https:\/\/secure.gravatar.com\/avatar\/c12551f2dc51f0db049633b03e7856985477a70da834cc8967dea4ce54bdd6a2?s=96&d=mm&r=g","contentUrl":"https:\/\/secure.gravatar.com\/avatar\/c12551f2dc51f0db049633b03e7856985477a70da834cc8967dea4ce54bdd6a2?s=96&d=mm&r=g","caption":"Blog Macap"},"url":"https:\/\/www.macapflag.com\/blog\/author\/macap\/"}]}},"_links":{"self":[{"href":"https:\/\/www.macapflag.com\/blog\/wp-json\/wp\/v2\/posts\/2759","targetHints":{"allow":["GET"]}}],"collection":[{"href":"https:\/\/www.macapflag.com\/blog\/wp-json\/wp\/v2\/posts"}],"about":[{"href":"https:\/\/www.macapflag.com\/blog\/wp-json\/wp\/v2\/types\/post"}],"author":[{"embeddable":true,"href":"https:\/\/www.macapflag.com\/blog\/wp-json\/wp\/v2\/users\/2"}],"replies":[{"embeddable":true,"href":"https:\/\/www.macapflag.com\/blog\/wp-json\/wp\/v2\/comments?post=2759"}],"version-history":[{"count":13,"href":"https:\/\/www.macapflag.com\/blog\/wp-json\/wp\/v2\/posts\/2759\/revisions"}],"predecessor-version":[{"id":4394,"href":"https:\/\/www.macapflag.com\/blog\/wp-json\/wp\/v2\/posts\/2759\/revisions\/4394"}],"wp:featuredmedia":[{"embeddable":true,"href":"https:\/\/www.macapflag.com\/blog\/wp-json\/wp\/v2\/media\/2761"}],"wp:attachment":[{"href":"https:\/\/www.macapflag.com\/blog\/wp-json\/wp\/v2\/media?parent=2759"}],"wp:term":[{"taxonomy":"category","embeddable":true,"href":"https:\/\/www.macapflag.com\/blog\/wp-json\/wp\/v2\/categories?post=2759"},{"taxonomy":"post_tag","embeddable":true,"href":"https:\/\/www.macapflag.com\/blog\/wp-json\/wp\/v2\/tags?post=2759"}],"curies":[{"name":"wp","href":"https:\/\/api.w.org\/{rel}","templated":true}]}}