{"id":2790,"date":"2016-05-03T09:44:12","date_gmt":"2016-05-03T07:44:12","guid":{"rendered":"https:\/\/www.macapflag.com\/blog\/?p=2790"},"modified":"2021-02-23T15:38:55","modified_gmt":"2021-02-23T14:38:55","slug":"la-tribune-paca-macap-le-pro-du-drapeau-pret-pour-leuro2016","status":"publish","type":"post","link":"https:\/\/www.macapflag.com\/blog\/la-tribune-paca-macap-le-pro-du-drapeau-pret-pour-leuro2016\/","title":{"rendered":"La Tribune PACA : Macap, le pro du drapeau pr\u00eat pour l\u2019Euro2016"},"content":{"rendered":"\t\t<div data-elementor-type=\"wp-post\" data-elementor-id=\"2790\" class=\"elementor elementor-2790\">\n\t\t\t\t\t\t<section class=\"elementor-section elementor-top-section elementor-element elementor-element-6bcc8d4 elementor-section-boxed elementor-section-height-default elementor-section-height-default\" data-id=\"6bcc8d4\" data-element_type=\"section\">\n\t\t\t\t\t\t<div class=\"elementor-container elementor-column-gap-default\">\n\t\t\t\t\t<div class=\"elementor-column elementor-col-100 elementor-top-column elementor-element elementor-element-ad81ced\" data-id=\"ad81ced\" data-element_type=\"column\">\n\t\t\t<div class=\"elementor-widget-wrap elementor-element-populated\">\n\t\t\t\t\t\t<div class=\"elementor-element elementor-element-eeb0075 elementor-widget elementor-widget-text-editor\" data-id=\"eeb0075\" data-element_type=\"widget\" data-widget_type=\"text-editor.default\">\n\t\t\t\t<div class=\"elementor-widget-container\">\n\t\t\t\t\t\t\t\t\t<p style=\"text-align: center;\"><strong>Macap<\/strong>\u00a0<strong>&#8211;\u00a03 Mai 2016<\/strong><\/p>\t\t\t\t\t\t\t\t<\/div>\n\t\t\t\t<\/div>\n\t\t\t\t\t<\/div>\n\t\t<\/div>\n\t\t\t\t\t<\/div>\n\t\t<\/section>\n\t\t\t\t<section class=\"elementor-section elementor-top-section elementor-element elementor-element-391cac1 elementor-section-boxed elementor-section-height-default elementor-section-height-default\" data-id=\"391cac1\" data-element_type=\"section\">\n\t\t\t\t\t\t<div class=\"elementor-container elementor-column-gap-default\">\n\t\t\t\t\t<div class=\"elementor-column elementor-col-25 elementor-top-column elementor-element elementor-element-04d9b8a\" data-id=\"04d9b8a\" data-element_type=\"column\">\n\t\t\t<div class=\"elementor-widget-wrap\">\n\t\t\t\t\t\t\t<\/div>\n\t\t<\/div>\n\t\t\t\t<div class=\"elementor-column elementor-col-50 elementor-top-column elementor-element elementor-element-fb363ca\" data-id=\"fb363ca\" data-element_type=\"column\">\n\t\t\t<div class=\"elementor-widget-wrap elementor-element-populated\">\n\t\t\t\t\t\t<div class=\"elementor-element elementor-element-eaff122 elementor-widget elementor-widget-image\" data-id=\"eaff122\" data-element_type=\"widget\" data-widget_type=\"image.default\">\n\t\t\t\t<div class=\"elementor-widget-container\">\n\t\t\t\t\t\t\t\t\t\t\t\t\t\t\t\t<a href=\"https:\/\/region-sud.latribune.fr\/entreprises-finance\/2016-05-03\/macap-le-pro-du-drapeau-pret-pour-l-euro2016.html\" target=\"_blank\">\n\t\t\t\t\t\t\t<img fetchpriority=\"high\" decoding=\"async\" width=\"700\" height=\"537\" src=\"https:\/\/www.macapflag.com\/blog\/wp-content\/uploads\/2016\/05\/la-tribune-macap-pro-du-drapeau-euro-2016-macap.jpg\" class=\"attachment-large size-large wp-image-2792\" alt=\"la-tribune-macap-pro-du-drapeau-euro-2016-macap\" srcset=\"https:\/\/www.macapflag.com\/blog\/wp-content\/uploads\/2016\/05\/la-tribune-macap-pro-du-drapeau-euro-2016-macap.jpg 700w, https:\/\/www.macapflag.com\/blog\/wp-content\/uploads\/2016\/05\/la-tribune-macap-pro-du-drapeau-euro-2016-macap-300x230.jpg 300w, https:\/\/www.macapflag.com\/blog\/wp-content\/uploads\/2016\/05\/la-tribune-macap-pro-du-drapeau-euro-2016-macap-80x60.jpg 80w, https:\/\/www.macapflag.com\/blog\/wp-content\/uploads\/2016\/05\/la-tribune-macap-pro-du-drapeau-euro-2016-macap-696x534.jpg 696w, https:\/\/www.macapflag.com\/blog\/wp-content\/uploads\/2016\/05\/la-tribune-macap-pro-du-drapeau-euro-2016-macap-547x420.jpg 547w\" sizes=\"(max-width: 700px) 100vw, 700px\" \/>\t\t\t\t\t\t\t\t<\/a>\n\t\t\t\t\t\t\t\t\t\t\t\t\t\t\t<\/div>\n\t\t\t\t<\/div>\n\t\t\t\t\t<\/div>\n\t\t<\/div>\n\t\t\t\t<div class=\"elementor-column elementor-col-25 elementor-top-column elementor-element elementor-element-232b7f9\" data-id=\"232b7f9\" data-element_type=\"column\">\n\t\t\t<div class=\"elementor-widget-wrap\">\n\t\t\t\t\t\t\t<\/div>\n\t\t<\/div>\n\t\t\t\t\t<\/div>\n\t\t<\/section>\n\t\t\t\t<\/div>\n\t\t","protected":false},"excerpt":{"rendered":"<div class=\"tmnf_excerpt\"><p>Macap\u00a0&#8211;\u00a03 Mai 2016<\/p>\n<\/div>","protected":false},"author":2,"featured_media":2663,"comment_status":"closed","ping_status":"open","sticky":false,"template":"template-fullwidth.php","format":"standard","meta":{"footnotes":""},"categories":[92],"tags":[124,123,146,139],"class_list":["post-2790","post","type-post","status-publish","format-standard","has-post-thumbnail","hentry","category-news","tag-drapeau-francais","tag-drapeau-france","tag-fabricant-drapeau","tag-macap"],"yoast_head":"<!-- This site is optimized with the Yoast SEO plugin v26.4 - https:\/\/yoast.com\/wordpress\/plugins\/seo\/ -->\n<title>La Tribune - Macap pro du drapeau Euro 2016 - Blog by Macap<\/title>\n<meta name=\"description\" content=\"La PME bas\u00e9e dans le Var a su se r\u00e9inventer et diversifier ses activit\u00e9s. Sp\u00e9cialis\u00e9e dans le drapeau, regardant donc avec int\u00e9r\u00eat l&#039;Euro 2016 ...\" \/>\n<meta name=\"robots\" content=\"index, follow, max-snippet:-1, max-image-preview:large, max-video-preview:-1\" \/>\n<link rel=\"canonical\" href=\"https:\/\/www.macapflag.com\/blog\/la-tribune-paca-macap-le-pro-du-drapeau-pret-pour-leuro2016\/\" \/>\n<meta property=\"og:locale\" content=\"fr_FR\" \/>\n<meta property=\"og:type\" content=\"article\" \/>\n<meta property=\"og:title\" content=\"La Tribune - Macap pro du drapeau Euro 2016 - Blog by Macap\" \/>\n<meta property=\"og:description\" content=\"La PME bas\u00e9e dans le Var a su se r\u00e9inventer et diversifier ses activit\u00e9s. Sp\u00e9cialis\u00e9e dans le drapeau, regardant donc avec int\u00e9r\u00eat l&#039;Euro 2016 ...\" \/>\n<meta property=\"og:url\" content=\"https:\/\/www.macapflag.com\/blog\/la-tribune-paca-macap-le-pro-du-drapeau-pret-pour-leuro2016\/\" \/>\n<meta property=\"og:site_name\" content=\"Blog - Macap\" \/>\n<meta property=\"article:publisher\" content=\"https:\/\/www.facebook.com\/macap.pavoisement\/\" \/>\n<meta property=\"article:published_time\" content=\"2016-05-03T07:44:12+00:00\" \/>\n<meta property=\"article:modified_time\" content=\"2021-02-23T14:38:55+00:00\" \/>\n<meta property=\"og:image\" content=\"https:\/\/www.macapflag.com\/blog\/wp-content\/uploads\/2018\/07\/on-parle-de-nous-1.gif\" \/>\n\t<meta property=\"og:image:width\" content=\"700\" \/>\n\t<meta property=\"og:image:height\" content=\"534\" \/>\n\t<meta property=\"og:image:type\" content=\"image\/gif\" \/>\n<meta name=\"author\" content=\"Blog Macap\" \/>\n<meta name=\"twitter:card\" content=\"summary_large_image\" \/>\n<meta name=\"twitter:label1\" content=\"\u00c9crit par\" \/>\n\t<meta name=\"twitter:data1\" content=\"Blog Macap\" \/>\n\t<meta name=\"twitter:label2\" content=\"Dur\u00e9e de lecture estim\u00e9e\" \/>\n\t<meta name=\"twitter:data2\" content=\"1 minute\" \/>\n<script type=\"application\/ld+json\" class=\"yoast-schema-graph\">{\"@context\":\"https:\/\/schema.org\",\"@graph\":[{\"@type\":\"Article\",\"@id\":\"https:\/\/www.macapflag.com\/blog\/la-tribune-paca-macap-le-pro-du-drapeau-pret-pour-leuro2016\/#article\",\"isPartOf\":{\"@id\":\"https:\/\/www.macapflag.com\/blog\/la-tribune-paca-macap-le-pro-du-drapeau-pret-pour-leuro2016\/\"},\"author\":{\"name\":\"Blog Macap\",\"@id\":\"https:\/\/www.macapflag.com\/blog\/#\/schema\/person\/3fea701f2603875e651e6b662578fc3c\"},\"headline\":\"La Tribune PACA : Macap, le pro du drapeau pr\u00eat pour l\u2019Euro2016\",\"datePublished\":\"2016-05-03T07:44:12+00:00\",\"dateModified\":\"2021-02-23T14:38:55+00:00\",\"mainEntityOfPage\":{\"@id\":\"https:\/\/www.macapflag.com\/blog\/la-tribune-paca-macap-le-pro-du-drapeau-pret-pour-leuro2016\/\"},\"wordCount\":16,\"publisher\":{\"@id\":\"https:\/\/www.macapflag.com\/blog\/#organization\"},\"image\":{\"@id\":\"https:\/\/www.macapflag.com\/blog\/la-tribune-paca-macap-le-pro-du-drapeau-pret-pour-leuro2016\/#primaryimage\"},\"thumbnailUrl\":\"https:\/\/www.macapflag.com\/blog\/wp-content\/uploads\/2018\/07\/on-parle-de-nous-1.gif\",\"keywords\":[\"drapeau fran\u00e7ais\",\"drapeau france\",\"fabricant drapeau\",\"Macap\"],\"articleSection\":[\"News &amp; Actu\"],\"inLanguage\":\"fr-FR\"},{\"@type\":\"WebPage\",\"@id\":\"https:\/\/www.macapflag.com\/blog\/la-tribune-paca-macap-le-pro-du-drapeau-pret-pour-leuro2016\/\",\"url\":\"https:\/\/www.macapflag.com\/blog\/la-tribune-paca-macap-le-pro-du-drapeau-pret-pour-leuro2016\/\",\"name\":\"La Tribune - Macap pro du drapeau Euro 2016 - Blog by Macap\",\"isPartOf\":{\"@id\":\"https:\/\/www.macapflag.com\/blog\/#website\"},\"primaryImageOfPage\":{\"@id\":\"https:\/\/www.macapflag.com\/blog\/la-tribune-paca-macap-le-pro-du-drapeau-pret-pour-leuro2016\/#primaryimage\"},\"image\":{\"@id\":\"https:\/\/www.macapflag.com\/blog\/la-tribune-paca-macap-le-pro-du-drapeau-pret-pour-leuro2016\/#primaryimage\"},\"thumbnailUrl\":\"https:\/\/www.macapflag.com\/blog\/wp-content\/uploads\/2018\/07\/on-parle-de-nous-1.gif\",\"datePublished\":\"2016-05-03T07:44:12+00:00\",\"dateModified\":\"2021-02-23T14:38:55+00:00\",\"description\":\"La PME bas\u00e9e dans le Var a su se r\u00e9inventer et diversifier ses activit\u00e9s. Sp\u00e9cialis\u00e9e dans le drapeau, regardant donc avec int\u00e9r\u00eat l'Euro 2016 ...\",\"breadcrumb\":{\"@id\":\"https:\/\/www.macapflag.com\/blog\/la-tribune-paca-macap-le-pro-du-drapeau-pret-pour-leuro2016\/#breadcrumb\"},\"inLanguage\":\"fr-FR\",\"potentialAction\":[{\"@type\":\"ReadAction\",\"target\":[\"https:\/\/www.macapflag.com\/blog\/la-tribune-paca-macap-le-pro-du-drapeau-pret-pour-leuro2016\/\"]}]},{\"@type\":\"ImageObject\",\"inLanguage\":\"fr-FR\",\"@id\":\"https:\/\/www.macapflag.com\/blog\/la-tribune-paca-macap-le-pro-du-drapeau-pret-pour-leuro2016\/#primaryimage\",\"url\":\"https:\/\/www.macapflag.com\/blog\/wp-content\/uploads\/2018\/07\/on-parle-de-nous-1.gif\",\"contentUrl\":\"https:\/\/www.macapflag.com\/blog\/wp-content\/uploads\/2018\/07\/on-parle-de-nous-1.gif\",\"width\":700,\"height\":534,\"caption\":\"illustration-macap-actualit\u00e9s-blog\"},{\"@type\":\"BreadcrumbList\",\"@id\":\"https:\/\/www.macapflag.com\/blog\/la-tribune-paca-macap-le-pro-du-drapeau-pret-pour-leuro2016\/#breadcrumb\",\"itemListElement\":[{\"@type\":\"ListItem\",\"position\":1,\"name\":\"Accueil\",\"item\":\"https:\/\/www.macapflag.com\/blog\/\"},{\"@type\":\"ListItem\",\"position\":2,\"name\":\"La Tribune PACA : Macap, le pro du drapeau pr\u00eat pour l\u2019Euro2016\"}]},{\"@type\":\"WebSite\",\"@id\":\"https:\/\/www.macapflag.com\/blog\/#website\",\"url\":\"https:\/\/www.macapflag.com\/blog\/\",\"name\":\"Blog - Macap\",\"description\":\"Tous nos articles\",\"publisher\":{\"@id\":\"https:\/\/www.macapflag.com\/blog\/#organization\"},\"potentialAction\":[{\"@type\":\"SearchAction\",\"target\":{\"@type\":\"EntryPoint\",\"urlTemplate\":\"https:\/\/www.macapflag.com\/blog\/?s={search_term_string}\"},\"query-input\":{\"@type\":\"PropertyValueSpecification\",\"valueRequired\":true,\"valueName\":\"search_term_string\"}}],\"inLanguage\":\"fr-FR\"},{\"@type\":\"Organization\",\"@id\":\"https:\/\/www.macapflag.com\/blog\/#organization\",\"name\":\"macapflag\",\"url\":\"https:\/\/www.macapflag.com\/blog\/\",\"logo\":{\"@type\":\"ImageObject\",\"inLanguage\":\"fr-FR\",\"@id\":\"https:\/\/www.macapflag.com\/blog\/#\/schema\/logo\/image\/\",\"url\":\"https:\/\/www.macapflag.com\/blog\/wp-content\/uploads\/2020\/12\/cropped-M-512-1.png\",\"contentUrl\":\"https:\/\/www.macapflag.com\/blog\/wp-content\/uploads\/2020\/12\/cropped-M-512-1.png\",\"width\":512,\"height\":512,\"caption\":\"macapflag\"},\"image\":{\"@id\":\"https:\/\/www.macapflag.com\/blog\/#\/schema\/logo\/image\/\"},\"sameAs\":[\"https:\/\/www.facebook.com\/macap.pavoisement\/\",\"https:\/\/www.instagram.com\/macapflag\/?hl=fr\",\"https:\/\/www.linkedin.com\/company\/macap\/?originalSubdomain=fr\",\"https:\/\/www.youtube.com\/channel\/UCXNzTIdZh9poEBjSXEqDtNw\"]},{\"@type\":\"Person\",\"@id\":\"https:\/\/www.macapflag.com\/blog\/#\/schema\/person\/3fea701f2603875e651e6b662578fc3c\",\"name\":\"Blog Macap\",\"image\":{\"@type\":\"ImageObject\",\"inLanguage\":\"fr-FR\",\"@id\":\"https:\/\/www.macapflag.com\/blog\/#\/schema\/person\/image\/\",\"url\":\"https:\/\/secure.gravatar.com\/avatar\/c12551f2dc51f0db049633b03e7856985477a70da834cc8967dea4ce54bdd6a2?s=96&d=mm&r=g\",\"contentUrl\":\"https:\/\/secure.gravatar.com\/avatar\/c12551f2dc51f0db049633b03e7856985477a70da834cc8967dea4ce54bdd6a2?s=96&d=mm&r=g\",\"caption\":\"Blog Macap\"},\"url\":\"https:\/\/www.macapflag.com\/blog\/author\/macap\/\"}]}<\/script>\n<!-- \/ Yoast SEO plugin. -->","yoast_head_json":{"title":"La Tribune - Macap pro du drapeau Euro 2016 - Blog by Macap","description":"La PME bas\u00e9e dans le Var a su se r\u00e9inventer et diversifier ses activit\u00e9s. Sp\u00e9cialis\u00e9e dans le drapeau, regardant donc avec int\u00e9r\u00eat l'Euro 2016 ...","robots":{"index":"index","follow":"follow","max-snippet":"max-snippet:-1","max-image-preview":"max-image-preview:large","max-video-preview":"max-video-preview:-1"},"canonical":"https:\/\/www.macapflag.com\/blog\/la-tribune-paca-macap-le-pro-du-drapeau-pret-pour-leuro2016\/","og_locale":"fr_FR","og_type":"article","og_title":"La Tribune - Macap pro du drapeau Euro 2016 - Blog by Macap","og_description":"La PME bas\u00e9e dans le Var a su se r\u00e9inventer et diversifier ses activit\u00e9s. Sp\u00e9cialis\u00e9e dans le drapeau, regardant donc avec int\u00e9r\u00eat l'Euro 2016 ...","og_url":"https:\/\/www.macapflag.com\/blog\/la-tribune-paca-macap-le-pro-du-drapeau-pret-pour-leuro2016\/","og_site_name":"Blog - Macap","article_publisher":"https:\/\/www.facebook.com\/macap.pavoisement\/","article_published_time":"2016-05-03T07:44:12+00:00","article_modified_time":"2021-02-23T14:38:55+00:00","og_image":[{"width":700,"height":534,"url":"https:\/\/www.macapflag.com\/blog\/wp-content\/uploads\/2018\/07\/on-parle-de-nous-1.gif","type":"image\/gif"}],"author":"Blog Macap","twitter_card":"summary_large_image","twitter_misc":{"\u00c9crit par":"Blog Macap","Dur\u00e9e de lecture estim\u00e9e":"1 minute"},"schema":{"@context":"https:\/\/schema.org","@graph":[{"@type":"Article","@id":"https:\/\/www.macapflag.com\/blog\/la-tribune-paca-macap-le-pro-du-drapeau-pret-pour-leuro2016\/#article","isPartOf":{"@id":"https:\/\/www.macapflag.com\/blog\/la-tribune-paca-macap-le-pro-du-drapeau-pret-pour-leuro2016\/"},"author":{"name":"Blog Macap","@id":"https:\/\/www.macapflag.com\/blog\/#\/schema\/person\/3fea701f2603875e651e6b662578fc3c"},"headline":"La Tribune PACA : Macap, le pro du drapeau pr\u00eat pour l\u2019Euro2016","datePublished":"2016-05-03T07:44:12+00:00","dateModified":"2021-02-23T14:38:55+00:00","mainEntityOfPage":{"@id":"https:\/\/www.macapflag.com\/blog\/la-tribune-paca-macap-le-pro-du-drapeau-pret-pour-leuro2016\/"},"wordCount":16,"publisher":{"@id":"https:\/\/www.macapflag.com\/blog\/#organization"},"image":{"@id":"https:\/\/www.macapflag.com\/blog\/la-tribune-paca-macap-le-pro-du-drapeau-pret-pour-leuro2016\/#primaryimage"},"thumbnailUrl":"https:\/\/www.macapflag.com\/blog\/wp-content\/uploads\/2018\/07\/on-parle-de-nous-1.gif","keywords":["drapeau fran\u00e7ais","drapeau france","fabricant drapeau","Macap"],"articleSection":["News &amp; Actu"],"inLanguage":"fr-FR"},{"@type":"WebPage","@id":"https:\/\/www.macapflag.com\/blog\/la-tribune-paca-macap-le-pro-du-drapeau-pret-pour-leuro2016\/","url":"https:\/\/www.macapflag.com\/blog\/la-tribune-paca-macap-le-pro-du-drapeau-pret-pour-leuro2016\/","name":"La Tribune - Macap pro du drapeau Euro 2016 - Blog by Macap","isPartOf":{"@id":"https:\/\/www.macapflag.com\/blog\/#website"},"primaryImageOfPage":{"@id":"https:\/\/www.macapflag.com\/blog\/la-tribune-paca-macap-le-pro-du-drapeau-pret-pour-leuro2016\/#primaryimage"},"image":{"@id":"https:\/\/www.macapflag.com\/blog\/la-tribune-paca-macap-le-pro-du-drapeau-pret-pour-leuro2016\/#primaryimage"},"thumbnailUrl":"https:\/\/www.macapflag.com\/blog\/wp-content\/uploads\/2018\/07\/on-parle-de-nous-1.gif","datePublished":"2016-05-03T07:44:12+00:00","dateModified":"2021-02-23T14:38:55+00:00","description":"La PME bas\u00e9e dans le Var a su se r\u00e9inventer et diversifier ses activit\u00e9s. Sp\u00e9cialis\u00e9e dans le drapeau, regardant donc avec int\u00e9r\u00eat l'Euro 2016 ...","breadcrumb":{"@id":"https:\/\/www.macapflag.com\/blog\/la-tribune-paca-macap-le-pro-du-drapeau-pret-pour-leuro2016\/#breadcrumb"},"inLanguage":"fr-FR","potentialAction":[{"@type":"ReadAction","target":["https:\/\/www.macapflag.com\/blog\/la-tribune-paca-macap-le-pro-du-drapeau-pret-pour-leuro2016\/"]}]},{"@type":"ImageObject","inLanguage":"fr-FR","@id":"https:\/\/www.macapflag.com\/blog\/la-tribune-paca-macap-le-pro-du-drapeau-pret-pour-leuro2016\/#primaryimage","url":"https:\/\/www.macapflag.com\/blog\/wp-content\/uploads\/2018\/07\/on-parle-de-nous-1.gif","contentUrl":"https:\/\/www.macapflag.com\/blog\/wp-content\/uploads\/2018\/07\/on-parle-de-nous-1.gif","width":700,"height":534,"caption":"illustration-macap-actualit\u00e9s-blog"},{"@type":"BreadcrumbList","@id":"https:\/\/www.macapflag.com\/blog\/la-tribune-paca-macap-le-pro-du-drapeau-pret-pour-leuro2016\/#breadcrumb","itemListElement":[{"@type":"ListItem","position":1,"name":"Accueil","item":"https:\/\/www.macapflag.com\/blog\/"},{"@type":"ListItem","position":2,"name":"La Tribune PACA : Macap, le pro du drapeau pr\u00eat pour l\u2019Euro2016"}]},{"@type":"WebSite","@id":"https:\/\/www.macapflag.com\/blog\/#website","url":"https:\/\/www.macapflag.com\/blog\/","name":"Blog - Macap","description":"Tous nos articles","publisher":{"@id":"https:\/\/www.macapflag.com\/blog\/#organization"},"potentialAction":[{"@type":"SearchAction","target":{"@type":"EntryPoint","urlTemplate":"https:\/\/www.macapflag.com\/blog\/?s={search_term_string}"},"query-input":{"@type":"PropertyValueSpecification","valueRequired":true,"valueName":"search_term_string"}}],"inLanguage":"fr-FR"},{"@type":"Organization","@id":"https:\/\/www.macapflag.com\/blog\/#organization","name":"macapflag","url":"https:\/\/www.macapflag.com\/blog\/","logo":{"@type":"ImageObject","inLanguage":"fr-FR","@id":"https:\/\/www.macapflag.com\/blog\/#\/schema\/logo\/image\/","url":"https:\/\/www.macapflag.com\/blog\/wp-content\/uploads\/2020\/12\/cropped-M-512-1.png","contentUrl":"https:\/\/www.macapflag.com\/blog\/wp-content\/uploads\/2020\/12\/cropped-M-512-1.png","width":512,"height":512,"caption":"macapflag"},"image":{"@id":"https:\/\/www.macapflag.com\/blog\/#\/schema\/logo\/image\/"},"sameAs":["https:\/\/www.facebook.com\/macap.pavoisement\/","https:\/\/www.instagram.com\/macapflag\/?hl=fr","https:\/\/www.linkedin.com\/company\/macap\/?originalSubdomain=fr","https:\/\/www.youtube.com\/channel\/UCXNzTIdZh9poEBjSXEqDtNw"]},{"@type":"Person","@id":"https:\/\/www.macapflag.com\/blog\/#\/schema\/person\/3fea701f2603875e651e6b662578fc3c","name":"Blog Macap","image":{"@type":"ImageObject","inLanguage":"fr-FR","@id":"https:\/\/www.macapflag.com\/blog\/#\/schema\/person\/image\/","url":"https:\/\/secure.gravatar.com\/avatar\/c12551f2dc51f0db049633b03e7856985477a70da834cc8967dea4ce54bdd6a2?s=96&d=mm&r=g","contentUrl":"https:\/\/secure.gravatar.com\/avatar\/c12551f2dc51f0db049633b03e7856985477a70da834cc8967dea4ce54bdd6a2?s=96&d=mm&r=g","caption":"Blog Macap"},"url":"https:\/\/www.macapflag.com\/blog\/author\/macap\/"}]}},"_links":{"self":[{"href":"https:\/\/www.macapflag.com\/blog\/wp-json\/wp\/v2\/posts\/2790","targetHints":{"allow":["GET"]}}],"collection":[{"href":"https:\/\/www.macapflag.com\/blog\/wp-json\/wp\/v2\/posts"}],"about":[{"href":"https:\/\/www.macapflag.com\/blog\/wp-json\/wp\/v2\/types\/post"}],"author":[{"embeddable":true,"href":"https:\/\/www.macapflag.com\/blog\/wp-json\/wp\/v2\/users\/2"}],"replies":[{"embeddable":true,"href":"https:\/\/www.macapflag.com\/blog\/wp-json\/wp\/v2\/comments?post=2790"}],"version-history":[{"count":9,"href":"https:\/\/www.macapflag.com\/blog\/wp-json\/wp\/v2\/posts\/2790\/revisions"}],"predecessor-version":[{"id":6567,"href":"https:\/\/www.macapflag.com\/blog\/wp-json\/wp\/v2\/posts\/2790\/revisions\/6567"}],"wp:featuredmedia":[{"embeddable":true,"href":"https:\/\/www.macapflag.com\/blog\/wp-json\/wp\/v2\/media\/2663"}],"wp:attachment":[{"href":"https:\/\/www.macapflag.com\/blog\/wp-json\/wp\/v2\/media?parent=2790"}],"wp:term":[{"taxonomy":"category","embeddable":true,"href":"https:\/\/www.macapflag.com\/blog\/wp-json\/wp\/v2\/categories?post=2790"},{"taxonomy":"post_tag","embeddable":true,"href":"https:\/\/www.macapflag.com\/blog\/wp-json\/wp\/v2\/tags?post=2790"}],"curies":[{"name":"wp","href":"https:\/\/api.w.org\/{rel}","templated":true}]}}