{"id":2814,"date":"2013-07-10T11:40:37","date_gmt":"2013-07-10T09:40:37","guid":{"rendered":"https:\/\/www.macapflag.com\/blog\/?p=2814"},"modified":"2019-11-25T13:47:43","modified_gmt":"2019-11-25T12:47:43","slug":"europe-1-les-preparatifs-minutieux-du-mariage-3","status":"publish","type":"post","link":"https:\/\/www.macapflag.com\/blog\/europe-1-les-preparatifs-minutieux-du-mariage-3\/","title":{"rendered":"Var Entreprises : Macap, drapeaux et \u00e9venementiels"},"content":{"rendered":"\t\t<div data-elementor-type=\"wp-post\" data-elementor-id=\"2814\" class=\"elementor elementor-2814 elementor-bc-flex-widget\">\n\t\t\t\t\t\t<section class=\"elementor-section elementor-top-section elementor-element elementor-element-fde7df1 elementor-section-boxed elementor-section-height-default elementor-section-height-default\" data-id=\"fde7df1\" data-element_type=\"section\">\n\t\t\t\t\t\t<div class=\"elementor-container elementor-column-gap-default\">\n\t\t\t\t\t<div class=\"elementor-column elementor-col-100 elementor-top-column elementor-element elementor-element-63c34aa\" data-id=\"63c34aa\" data-element_type=\"column\">\n\t\t\t<div class=\"elementor-widget-wrap elementor-element-populated\">\n\t\t\t\t\t\t<div class=\"elementor-element elementor-element-5ca8567 elementor-widget elementor-widget-text-editor\" data-id=\"5ca8567\" data-element_type=\"widget\" data-widget_type=\"text-editor.default\">\n\t\t\t\t<div class=\"elementor-widget-container\">\n\t\t\t\t\t\t\t\t\t<p style=\"text-align: center;\"><strong>Macap<\/strong>\u00a0<strong>&#8211; 10 Juillet 2013<\/strong><\/p>\t\t\t\t\t\t\t\t<\/div>\n\t\t\t\t<\/div>\n\t\t\t\t\t<\/div>\n\t\t<\/div>\n\t\t\t\t\t<\/div>\n\t\t<\/section>\n\t\t\t\t<section class=\"elementor-section elementor-top-section elementor-element elementor-element-ade3b65 elementor-section-boxed elementor-section-height-default elementor-section-height-default\" data-id=\"ade3b65\" data-element_type=\"section\">\n\t\t\t\t\t\t<div class=\"elementor-container elementor-column-gap-default\">\n\t\t\t\t\t<div class=\"elementor-column elementor-col-25 elementor-top-column elementor-element elementor-element-40c1a29\" data-id=\"40c1a29\" data-element_type=\"column\">\n\t\t\t<div class=\"elementor-widget-wrap\">\n\t\t\t\t\t\t\t<\/div>\n\t\t<\/div>\n\t\t\t\t<div class=\"elementor-column elementor-col-50 elementor-top-column elementor-element elementor-element-9ce5fb7\" data-id=\"9ce5fb7\" data-element_type=\"column\">\n\t\t\t<div class=\"elementor-widget-wrap elementor-element-populated\">\n\t\t\t\t\t\t<div class=\"elementor-element elementor-element-16e0d15 elementor-widget elementor-widget-image\" data-id=\"16e0d15\" data-element_type=\"widget\" data-widget_type=\"image.default\">\n\t\t\t\t<div class=\"elementor-widget-container\">\n\t\t\t\t\t\t\t\t\t\t\t\t\t\t\t\t<a href=\"http:\/\/www.var-entreprises.com\" target=\"_blank\">\n\t\t\t\t\t\t\t<img fetchpriority=\"high\" decoding=\"async\" width=\"724\" height=\"1024\" src=\"https:\/\/www.macapflag.com\/blog\/wp-content\/uploads\/2013\/07\/Var-entreprise-macap-724x1024.jpg\" class=\"attachment-large size-large wp-image-2816\" alt=\"var-entreprises-macap\" srcset=\"https:\/\/www.macapflag.com\/blog\/wp-content\/uploads\/2013\/07\/Var-entreprise-macap-724x1024.jpg 724w, https:\/\/www.macapflag.com\/blog\/wp-content\/uploads\/2013\/07\/Var-entreprise-macap-212x300.jpg 212w, https:\/\/www.macapflag.com\/blog\/wp-content\/uploads\/2013\/07\/Var-entreprise-macap-768x1086.jpg 768w, https:\/\/www.macapflag.com\/blog\/wp-content\/uploads\/2013\/07\/Var-entreprise-macap-1087x1536.jpg 1087w, https:\/\/www.macapflag.com\/blog\/wp-content\/uploads\/2013\/07\/Var-entreprise-macap-696x984.jpg 696w, https:\/\/www.macapflag.com\/blog\/wp-content\/uploads\/2013\/07\/Var-entreprise-macap-1068x1510.jpg 1068w, https:\/\/www.macapflag.com\/blog\/wp-content\/uploads\/2013\/07\/Var-entreprise-macap-297x420.jpg 297w, https:\/\/www.macapflag.com\/blog\/wp-content\/uploads\/2013\/07\/Var-entreprise-macap.jpg 1240w\" sizes=\"(max-width: 724px) 100vw, 724px\" \/>\t\t\t\t\t\t\t\t<\/a>\n\t\t\t\t\t\t\t\t\t\t\t\t\t\t\t<\/div>\n\t\t\t\t<\/div>\n\t\t\t\t\t<\/div>\n\t\t<\/div>\n\t\t\t\t<div class=\"elementor-column elementor-col-25 elementor-top-column elementor-element elementor-element-30b6677\" data-id=\"30b6677\" data-element_type=\"column\">\n\t\t\t<div class=\"elementor-widget-wrap\">\n\t\t\t\t\t\t\t<\/div>\n\t\t<\/div>\n\t\t\t\t\t<\/div>\n\t\t<\/section>\n\t\t\t\t<\/div>\n\t\t","protected":false},"excerpt":{"rendered":"<div class=\"tmnf_excerpt\"><p>Macap\u00a0&#8211; 10 Juillet 2013<\/p>\n<\/div>","protected":false},"author":2,"featured_media":2663,"comment_status":"closed","ping_status":"open","sticky":false,"template":"template-fullwidth.php","format":"standard","meta":{"footnotes":""},"categories":[92],"tags":[143,124,145,139],"class_list":["post-2814","post","type-post","status-publish","format-standard","has-post-thumbnail","hentry","category-news","tag-drapeau","tag-drapeau-francais","tag-fabricant-drapeaux","tag-macap"],"yoast_head":"<!-- This site is optimized with the Yoast SEO plugin v26.4 - https:\/\/yoast.com\/wordpress\/plugins\/seo\/ -->\n<title>Var Entreprises : Macap, drapeaux et \u00e9venementiels - Blog - Macap<\/title>\n<meta name=\"description\" content=\"\u00c0 Cuers, la PMI Macap, cr\u00e9\u00e9e il y a 45 ans et aujourd\u2019hui pr\u00e9sid\u00e9e par Laurent de Ricard, est l\u2019un des sp\u00e9cialistes fran\u00e7ais de la fabrication de drapeaux.\" \/>\n<meta name=\"robots\" content=\"index, follow, max-snippet:-1, max-image-preview:large, max-video-preview:-1\" \/>\n<link rel=\"canonical\" href=\"https:\/\/www.macapflag.com\/blog\/europe-1-les-preparatifs-minutieux-du-mariage-3\/\" \/>\n<meta property=\"og:locale\" content=\"fr_FR\" \/>\n<meta property=\"og:type\" content=\"article\" \/>\n<meta property=\"og:title\" content=\"Var Entreprises : Macap, drapeaux et \u00e9venementiels - Blog - Macap\" \/>\n<meta property=\"og:description\" content=\"\u00c0 Cuers, la PMI Macap, cr\u00e9\u00e9e il y a 45 ans et aujourd\u2019hui pr\u00e9sid\u00e9e par Laurent de Ricard, est l\u2019un des sp\u00e9cialistes fran\u00e7ais de la fabrication de drapeaux.\" \/>\n<meta property=\"og:url\" content=\"https:\/\/www.macapflag.com\/blog\/europe-1-les-preparatifs-minutieux-du-mariage-3\/\" \/>\n<meta property=\"og:site_name\" content=\"Blog - Macap\" \/>\n<meta property=\"article:publisher\" content=\"https:\/\/www.facebook.com\/macap.pavoisement\/\" \/>\n<meta property=\"article:published_time\" content=\"2013-07-10T09:40:37+00:00\" \/>\n<meta property=\"article:modified_time\" content=\"2019-11-25T12:47:43+00:00\" \/>\n<meta property=\"og:image\" content=\"https:\/\/www.macapflag.com\/blog\/wp-content\/uploads\/2018\/07\/on-parle-de-nous-1.gif\" \/>\n\t<meta property=\"og:image:width\" content=\"700\" \/>\n\t<meta property=\"og:image:height\" content=\"534\" \/>\n\t<meta property=\"og:image:type\" content=\"image\/gif\" \/>\n<meta name=\"author\" content=\"Blog Macap\" \/>\n<meta name=\"twitter:card\" content=\"summary_large_image\" \/>\n<meta name=\"twitter:label1\" content=\"\u00c9crit par\" \/>\n\t<meta name=\"twitter:data1\" content=\"Blog Macap\" \/>\n<script type=\"application\/ld+json\" class=\"yoast-schema-graph\">{\"@context\":\"https:\/\/schema.org\",\"@graph\":[{\"@type\":\"Article\",\"@id\":\"https:\/\/www.macapflag.com\/blog\/europe-1-les-preparatifs-minutieux-du-mariage-3\/#article\",\"isPartOf\":{\"@id\":\"https:\/\/www.macapflag.com\/blog\/europe-1-les-preparatifs-minutieux-du-mariage-3\/\"},\"author\":{\"name\":\"Blog Macap\",\"@id\":\"https:\/\/www.macapflag.com\/blog\/#\/schema\/person\/3fea701f2603875e651e6b662578fc3c\"},\"headline\":\"Var Entreprises : Macap, drapeaux et \u00e9venementiels\",\"datePublished\":\"2013-07-10T09:40:37+00:00\",\"dateModified\":\"2019-11-25T12:47:43+00:00\",\"mainEntityOfPage\":{\"@id\":\"https:\/\/www.macapflag.com\/blog\/europe-1-les-preparatifs-minutieux-du-mariage-3\/\"},\"wordCount\":9,\"publisher\":{\"@id\":\"https:\/\/www.macapflag.com\/blog\/#organization\"},\"image\":{\"@id\":\"https:\/\/www.macapflag.com\/blog\/europe-1-les-preparatifs-minutieux-du-mariage-3\/#primaryimage\"},\"thumbnailUrl\":\"https:\/\/www.macapflag.com\/blog\/wp-content\/uploads\/2018\/07\/on-parle-de-nous-1.gif\",\"keywords\":[\"drapeau\",\"drapeau fran\u00e7ais\",\"fabricant drapeaux\",\"Macap\"],\"articleSection\":[\"News &amp; Actu\"],\"inLanguage\":\"fr-FR\"},{\"@type\":\"WebPage\",\"@id\":\"https:\/\/www.macapflag.com\/blog\/europe-1-les-preparatifs-minutieux-du-mariage-3\/\",\"url\":\"https:\/\/www.macapflag.com\/blog\/europe-1-les-preparatifs-minutieux-du-mariage-3\/\",\"name\":\"Var Entreprises : Macap, drapeaux et \u00e9venementiels - Blog - Macap\",\"isPartOf\":{\"@id\":\"https:\/\/www.macapflag.com\/blog\/#website\"},\"primaryImageOfPage\":{\"@id\":\"https:\/\/www.macapflag.com\/blog\/europe-1-les-preparatifs-minutieux-du-mariage-3\/#primaryimage\"},\"image\":{\"@id\":\"https:\/\/www.macapflag.com\/blog\/europe-1-les-preparatifs-minutieux-du-mariage-3\/#primaryimage\"},\"thumbnailUrl\":\"https:\/\/www.macapflag.com\/blog\/wp-content\/uploads\/2018\/07\/on-parle-de-nous-1.gif\",\"datePublished\":\"2013-07-10T09:40:37+00:00\",\"dateModified\":\"2019-11-25T12:47:43+00:00\",\"description\":\"\u00c0 Cuers, la PMI Macap, cr\u00e9\u00e9e il y a 45 ans et aujourd\u2019hui pr\u00e9sid\u00e9e par Laurent de Ricard, est l\u2019un des sp\u00e9cialistes fran\u00e7ais de la fabrication de drapeaux.\",\"breadcrumb\":{\"@id\":\"https:\/\/www.macapflag.com\/blog\/europe-1-les-preparatifs-minutieux-du-mariage-3\/#breadcrumb\"},\"inLanguage\":\"fr-FR\",\"potentialAction\":[{\"@type\":\"ReadAction\",\"target\":[\"https:\/\/www.macapflag.com\/blog\/europe-1-les-preparatifs-minutieux-du-mariage-3\/\"]}]},{\"@type\":\"ImageObject\",\"inLanguage\":\"fr-FR\",\"@id\":\"https:\/\/www.macapflag.com\/blog\/europe-1-les-preparatifs-minutieux-du-mariage-3\/#primaryimage\",\"url\":\"https:\/\/www.macapflag.com\/blog\/wp-content\/uploads\/2018\/07\/on-parle-de-nous-1.gif\",\"contentUrl\":\"https:\/\/www.macapflag.com\/blog\/wp-content\/uploads\/2018\/07\/on-parle-de-nous-1.gif\",\"width\":700,\"height\":534,\"caption\":\"illustration-macap-actualit\u00e9s-blog\"},{\"@type\":\"BreadcrumbList\",\"@id\":\"https:\/\/www.macapflag.com\/blog\/europe-1-les-preparatifs-minutieux-du-mariage-3\/#breadcrumb\",\"itemListElement\":[{\"@type\":\"ListItem\",\"position\":1,\"name\":\"Accueil\",\"item\":\"https:\/\/www.macapflag.com\/blog\/\"},{\"@type\":\"ListItem\",\"position\":2,\"name\":\"Var Entreprises : Macap, drapeaux et \u00e9venementiels\"}]},{\"@type\":\"WebSite\",\"@id\":\"https:\/\/www.macapflag.com\/blog\/#website\",\"url\":\"https:\/\/www.macapflag.com\/blog\/\",\"name\":\"Blog - Macap\",\"description\":\"Tous nos articles\",\"publisher\":{\"@id\":\"https:\/\/www.macapflag.com\/blog\/#organization\"},\"potentialAction\":[{\"@type\":\"SearchAction\",\"target\":{\"@type\":\"EntryPoint\",\"urlTemplate\":\"https:\/\/www.macapflag.com\/blog\/?s={search_term_string}\"},\"query-input\":{\"@type\":\"PropertyValueSpecification\",\"valueRequired\":true,\"valueName\":\"search_term_string\"}}],\"inLanguage\":\"fr-FR\"},{\"@type\":\"Organization\",\"@id\":\"https:\/\/www.macapflag.com\/blog\/#organization\",\"name\":\"macapflag\",\"url\":\"https:\/\/www.macapflag.com\/blog\/\",\"logo\":{\"@type\":\"ImageObject\",\"inLanguage\":\"fr-FR\",\"@id\":\"https:\/\/www.macapflag.com\/blog\/#\/schema\/logo\/image\/\",\"url\":\"https:\/\/www.macapflag.com\/blog\/wp-content\/uploads\/2020\/12\/cropped-M-512-1.png\",\"contentUrl\":\"https:\/\/www.macapflag.com\/blog\/wp-content\/uploads\/2020\/12\/cropped-M-512-1.png\",\"width\":512,\"height\":512,\"caption\":\"macapflag\"},\"image\":{\"@id\":\"https:\/\/www.macapflag.com\/blog\/#\/schema\/logo\/image\/\"},\"sameAs\":[\"https:\/\/www.facebook.com\/macap.pavoisement\/\",\"https:\/\/www.instagram.com\/macapflag\/?hl=fr\",\"https:\/\/www.linkedin.com\/company\/macap\/?originalSubdomain=fr\",\"https:\/\/www.youtube.com\/channel\/UCXNzTIdZh9poEBjSXEqDtNw\"]},{\"@type\":\"Person\",\"@id\":\"https:\/\/www.macapflag.com\/blog\/#\/schema\/person\/3fea701f2603875e651e6b662578fc3c\",\"name\":\"Blog Macap\",\"image\":{\"@type\":\"ImageObject\",\"inLanguage\":\"fr-FR\",\"@id\":\"https:\/\/www.macapflag.com\/blog\/#\/schema\/person\/image\/\",\"url\":\"https:\/\/secure.gravatar.com\/avatar\/c12551f2dc51f0db049633b03e7856985477a70da834cc8967dea4ce54bdd6a2?s=96&d=mm&r=g\",\"contentUrl\":\"https:\/\/secure.gravatar.com\/avatar\/c12551f2dc51f0db049633b03e7856985477a70da834cc8967dea4ce54bdd6a2?s=96&d=mm&r=g\",\"caption\":\"Blog Macap\"},\"url\":\"https:\/\/www.macapflag.com\/blog\/author\/macap\/\"}]}<\/script>\n<!-- \/ Yoast SEO plugin. -->","yoast_head_json":{"title":"Var Entreprises : Macap, drapeaux et \u00e9venementiels - Blog - Macap","description":"\u00c0 Cuers, la PMI Macap, cr\u00e9\u00e9e il y a 45 ans et aujourd\u2019hui pr\u00e9sid\u00e9e par Laurent de Ricard, est l\u2019un des sp\u00e9cialistes fran\u00e7ais de la fabrication de drapeaux.","robots":{"index":"index","follow":"follow","max-snippet":"max-snippet:-1","max-image-preview":"max-image-preview:large","max-video-preview":"max-video-preview:-1"},"canonical":"https:\/\/www.macapflag.com\/blog\/europe-1-les-preparatifs-minutieux-du-mariage-3\/","og_locale":"fr_FR","og_type":"article","og_title":"Var Entreprises : Macap, drapeaux et \u00e9venementiels - Blog - Macap","og_description":"\u00c0 Cuers, la PMI Macap, cr\u00e9\u00e9e il y a 45 ans et aujourd\u2019hui pr\u00e9sid\u00e9e par Laurent de Ricard, est l\u2019un des sp\u00e9cialistes fran\u00e7ais de la fabrication de drapeaux.","og_url":"https:\/\/www.macapflag.com\/blog\/europe-1-les-preparatifs-minutieux-du-mariage-3\/","og_site_name":"Blog - Macap","article_publisher":"https:\/\/www.facebook.com\/macap.pavoisement\/","article_published_time":"2013-07-10T09:40:37+00:00","article_modified_time":"2019-11-25T12:47:43+00:00","og_image":[{"width":700,"height":534,"url":"https:\/\/www.macapflag.com\/blog\/wp-content\/uploads\/2018\/07\/on-parle-de-nous-1.gif","type":"image\/gif"}],"author":"Blog Macap","twitter_card":"summary_large_image","twitter_misc":{"\u00c9crit par":"Blog Macap"},"schema":{"@context":"https:\/\/schema.org","@graph":[{"@type":"Article","@id":"https:\/\/www.macapflag.com\/blog\/europe-1-les-preparatifs-minutieux-du-mariage-3\/#article","isPartOf":{"@id":"https:\/\/www.macapflag.com\/blog\/europe-1-les-preparatifs-minutieux-du-mariage-3\/"},"author":{"name":"Blog Macap","@id":"https:\/\/www.macapflag.com\/blog\/#\/schema\/person\/3fea701f2603875e651e6b662578fc3c"},"headline":"Var Entreprises : Macap, drapeaux et \u00e9venementiels","datePublished":"2013-07-10T09:40:37+00:00","dateModified":"2019-11-25T12:47:43+00:00","mainEntityOfPage":{"@id":"https:\/\/www.macapflag.com\/blog\/europe-1-les-preparatifs-minutieux-du-mariage-3\/"},"wordCount":9,"publisher":{"@id":"https:\/\/www.macapflag.com\/blog\/#organization"},"image":{"@id":"https:\/\/www.macapflag.com\/blog\/europe-1-les-preparatifs-minutieux-du-mariage-3\/#primaryimage"},"thumbnailUrl":"https:\/\/www.macapflag.com\/blog\/wp-content\/uploads\/2018\/07\/on-parle-de-nous-1.gif","keywords":["drapeau","drapeau fran\u00e7ais","fabricant drapeaux","Macap"],"articleSection":["News &amp; Actu"],"inLanguage":"fr-FR"},{"@type":"WebPage","@id":"https:\/\/www.macapflag.com\/blog\/europe-1-les-preparatifs-minutieux-du-mariage-3\/","url":"https:\/\/www.macapflag.com\/blog\/europe-1-les-preparatifs-minutieux-du-mariage-3\/","name":"Var Entreprises : Macap, drapeaux et \u00e9venementiels - Blog - Macap","isPartOf":{"@id":"https:\/\/www.macapflag.com\/blog\/#website"},"primaryImageOfPage":{"@id":"https:\/\/www.macapflag.com\/blog\/europe-1-les-preparatifs-minutieux-du-mariage-3\/#primaryimage"},"image":{"@id":"https:\/\/www.macapflag.com\/blog\/europe-1-les-preparatifs-minutieux-du-mariage-3\/#primaryimage"},"thumbnailUrl":"https:\/\/www.macapflag.com\/blog\/wp-content\/uploads\/2018\/07\/on-parle-de-nous-1.gif","datePublished":"2013-07-10T09:40:37+00:00","dateModified":"2019-11-25T12:47:43+00:00","description":"\u00c0 Cuers, la PMI Macap, cr\u00e9\u00e9e il y a 45 ans et aujourd\u2019hui pr\u00e9sid\u00e9e par Laurent de Ricard, est l\u2019un des sp\u00e9cialistes fran\u00e7ais de la fabrication de drapeaux.","breadcrumb":{"@id":"https:\/\/www.macapflag.com\/blog\/europe-1-les-preparatifs-minutieux-du-mariage-3\/#breadcrumb"},"inLanguage":"fr-FR","potentialAction":[{"@type":"ReadAction","target":["https:\/\/www.macapflag.com\/blog\/europe-1-les-preparatifs-minutieux-du-mariage-3\/"]}]},{"@type":"ImageObject","inLanguage":"fr-FR","@id":"https:\/\/www.macapflag.com\/blog\/europe-1-les-preparatifs-minutieux-du-mariage-3\/#primaryimage","url":"https:\/\/www.macapflag.com\/blog\/wp-content\/uploads\/2018\/07\/on-parle-de-nous-1.gif","contentUrl":"https:\/\/www.macapflag.com\/blog\/wp-content\/uploads\/2018\/07\/on-parle-de-nous-1.gif","width":700,"height":534,"caption":"illustration-macap-actualit\u00e9s-blog"},{"@type":"BreadcrumbList","@id":"https:\/\/www.macapflag.com\/blog\/europe-1-les-preparatifs-minutieux-du-mariage-3\/#breadcrumb","itemListElement":[{"@type":"ListItem","position":1,"name":"Accueil","item":"https:\/\/www.macapflag.com\/blog\/"},{"@type":"ListItem","position":2,"name":"Var Entreprises : Macap, drapeaux et \u00e9venementiels"}]},{"@type":"WebSite","@id":"https:\/\/www.macapflag.com\/blog\/#website","url":"https:\/\/www.macapflag.com\/blog\/","name":"Blog - Macap","description":"Tous nos articles","publisher":{"@id":"https:\/\/www.macapflag.com\/blog\/#organization"},"potentialAction":[{"@type":"SearchAction","target":{"@type":"EntryPoint","urlTemplate":"https:\/\/www.macapflag.com\/blog\/?s={search_term_string}"},"query-input":{"@type":"PropertyValueSpecification","valueRequired":true,"valueName":"search_term_string"}}],"inLanguage":"fr-FR"},{"@type":"Organization","@id":"https:\/\/www.macapflag.com\/blog\/#organization","name":"macapflag","url":"https:\/\/www.macapflag.com\/blog\/","logo":{"@type":"ImageObject","inLanguage":"fr-FR","@id":"https:\/\/www.macapflag.com\/blog\/#\/schema\/logo\/image\/","url":"https:\/\/www.macapflag.com\/blog\/wp-content\/uploads\/2020\/12\/cropped-M-512-1.png","contentUrl":"https:\/\/www.macapflag.com\/blog\/wp-content\/uploads\/2020\/12\/cropped-M-512-1.png","width":512,"height":512,"caption":"macapflag"},"image":{"@id":"https:\/\/www.macapflag.com\/blog\/#\/schema\/logo\/image\/"},"sameAs":["https:\/\/www.facebook.com\/macap.pavoisement\/","https:\/\/www.instagram.com\/macapflag\/?hl=fr","https:\/\/www.linkedin.com\/company\/macap\/?originalSubdomain=fr","https:\/\/www.youtube.com\/channel\/UCXNzTIdZh9poEBjSXEqDtNw"]},{"@type":"Person","@id":"https:\/\/www.macapflag.com\/blog\/#\/schema\/person\/3fea701f2603875e651e6b662578fc3c","name":"Blog Macap","image":{"@type":"ImageObject","inLanguage":"fr-FR","@id":"https:\/\/www.macapflag.com\/blog\/#\/schema\/person\/image\/","url":"https:\/\/secure.gravatar.com\/avatar\/c12551f2dc51f0db049633b03e7856985477a70da834cc8967dea4ce54bdd6a2?s=96&d=mm&r=g","contentUrl":"https:\/\/secure.gravatar.com\/avatar\/c12551f2dc51f0db049633b03e7856985477a70da834cc8967dea4ce54bdd6a2?s=96&d=mm&r=g","caption":"Blog Macap"},"url":"https:\/\/www.macapflag.com\/blog\/author\/macap\/"}]}},"_links":{"self":[{"href":"https:\/\/www.macapflag.com\/blog\/wp-json\/wp\/v2\/posts\/2814","targetHints":{"allow":["GET"]}}],"collection":[{"href":"https:\/\/www.macapflag.com\/blog\/wp-json\/wp\/v2\/posts"}],"about":[{"href":"https:\/\/www.macapflag.com\/blog\/wp-json\/wp\/v2\/types\/post"}],"author":[{"embeddable":true,"href":"https:\/\/www.macapflag.com\/blog\/wp-json\/wp\/v2\/users\/2"}],"replies":[{"embeddable":true,"href":"https:\/\/www.macapflag.com\/blog\/wp-json\/wp\/v2\/comments?post=2814"}],"version-history":[{"count":6,"href":"https:\/\/www.macapflag.com\/blog\/wp-json\/wp\/v2\/posts\/2814\/revisions"}],"predecessor-version":[{"id":4426,"href":"https:\/\/www.macapflag.com\/blog\/wp-json\/wp\/v2\/posts\/2814\/revisions\/4426"}],"wp:featuredmedia":[{"embeddable":true,"href":"https:\/\/www.macapflag.com\/blog\/wp-json\/wp\/v2\/media\/2663"}],"wp:attachment":[{"href":"https:\/\/www.macapflag.com\/blog\/wp-json\/wp\/v2\/media?parent=2814"}],"wp:term":[{"taxonomy":"category","embeddable":true,"href":"https:\/\/www.macapflag.com\/blog\/wp-json\/wp\/v2\/categories?post=2814"},{"taxonomy":"post_tag","embeddable":true,"href":"https:\/\/www.macapflag.com\/blog\/wp-json\/wp\/v2\/tags?post=2814"}],"curies":[{"name":"wp","href":"https:\/\/api.w.org\/{rel}","templated":true}]}}