{"id":2992,"date":"2019-01-28T09:07:49","date_gmt":"2019-01-28T08:07:49","guid":{"rendered":"https:\/\/www.macapflag.com\/blog\/?p=2992"},"modified":"2019-11-25T11:42:11","modified_gmt":"2019-11-25T10:42:11","slug":"communication-de-letat","status":"publish","type":"post","link":"https:\/\/www.macapflag.com\/blog\/communication-de-letat\/","title":{"rendered":"L&#8217;Etat est-il un bon communicant ?"},"content":{"rendered":"\t\t<div data-elementor-type=\"wp-post\" data-elementor-id=\"2992\" class=\"elementor elementor-2992 elementor-bc-flex-widget\">\n\t\t\t\t\t\t<section class=\"elementor-section elementor-top-section elementor-element elementor-element-e8b4709 elementor-section-boxed elementor-section-height-default elementor-section-height-default\" data-id=\"e8b4709\" data-element_type=\"section\">\n\t\t\t\t\t\t<div class=\"elementor-container elementor-column-gap-default\">\n\t\t\t\t\t<div class=\"elementor-column elementor-col-100 elementor-top-column elementor-element elementor-element-d9b3dee\" data-id=\"d9b3dee\" data-element_type=\"column\">\n\t\t\t<div class=\"elementor-widget-wrap elementor-element-populated\">\n\t\t\t\t\t\t<div class=\"elementor-element elementor-element-784690c elementor-widget elementor-widget-text-editor\" data-id=\"784690c\" data-element_type=\"widget\" data-widget_type=\"text-editor.default\">\n\t\t\t\t<div class=\"elementor-widget-container\">\n\t\t\t\t\t\t\t\t\t<p><span style=\"font-weight: 400; font-size: 14pt; color: #000000;\">Dans le monde du marketing, on a coutume de d\u00e9finir la communication institutionnelle comme \u201cl\u2019ensemble des actions visant \u00e0 mettre en avant l\u2019image de l\u2019entreprise et \u00e0 faire mieux conna\u00eetre son organisation et ses valeurs.\u201d<br \/><\/span><\/p><p><span style=\"font-weight: 400; font-size: 14pt; color: #000000;\">Et si on osait transposer ce concept au niveau de l\u2019Etat, de ses institutions et de ses collectivit\u00e9s ?..<\/span><\/p><p><span style=\"font-weight: 400; font-size: 14pt; color: #000000;\">Choquant ? Pas tant que \u00e7a en y regardant de plus pr\u00e8s&#8230;<\/span><\/p>\t\t\t\t\t\t\t\t<\/div>\n\t\t\t\t<\/div>\n\t\t\t\t\t<\/div>\n\t\t<\/div>\n\t\t\t\t\t<\/div>\n\t\t<\/section>\n\t\t\t\t<section class=\"elementor-section elementor-top-section elementor-element elementor-element-46891d5 elementor-section-boxed elementor-section-height-default elementor-section-height-default\" data-id=\"46891d5\" data-element_type=\"section\">\n\t\t\t\t\t\t<div class=\"elementor-container elementor-column-gap-default\">\n\t\t\t\t\t<div class=\"elementor-column elementor-col-100 elementor-top-column elementor-element elementor-element-1e3107c\" data-id=\"1e3107c\" data-element_type=\"column\">\n\t\t\t<div class=\"elementor-widget-wrap elementor-element-populated\">\n\t\t\t\t\t\t<div class=\"elementor-element elementor-element-8acd133 elementor-widget elementor-widget-text-editor\" data-id=\"8acd133\" data-element_type=\"widget\" data-widget_type=\"text-editor.default\">\n\t\t\t\t<div class=\"elementor-widget-container\">\n\t\t\t\t\t\t\t\t\t<h2 style=\"text-align: left;\"><span style=\"font-size: 20pt;\"><strong>La loi Peillon : un vecteur d&#8217;image de l&#8217;Etat<\/strong><\/span><\/h2>\t\t\t\t\t\t\t\t<\/div>\n\t\t\t\t<\/div>\n\t\t\t\t\t<\/div>\n\t\t<\/div>\n\t\t\t\t\t<\/div>\n\t\t<\/section>\n\t\t\t\t<section class=\"elementor-section elementor-top-section elementor-element elementor-element-f2a4a9e elementor-section-boxed elementor-section-height-default elementor-section-height-default\" data-id=\"f2a4a9e\" data-element_type=\"section\">\n\t\t\t\t\t\t<div class=\"elementor-container elementor-column-gap-default\">\n\t\t\t\t\t<div class=\"elementor-column elementor-col-50 elementor-top-column elementor-element elementor-element-fba0609\" data-id=\"fba0609\" data-element_type=\"column\">\n\t\t\t<div class=\"elementor-widget-wrap elementor-element-populated\">\n\t\t\t\t\t\t<div class=\"elementor-element elementor-element-7daf9a3 elementor-widget elementor-widget-image\" data-id=\"7daf9a3\" data-element_type=\"widget\" data-widget_type=\"image.default\">\n\t\t\t\t<div class=\"elementor-widget-container\">\n\t\t\t\t\t\t\t\t\t\t\t\t\t\t\t<img fetchpriority=\"high\" decoding=\"async\" width=\"510\" height=\"389\" src=\"https:\/\/www.macapflag.com\/blog\/wp-content\/uploads\/2018\/10\/Loi-Peillon.gif\" class=\"attachment-large size-large wp-image-2995\" alt=\"Ecusson, drapeau fran\u00e7ais, drapeau europ\u00e9en, charte de la la\u00efcit\u00e9. Tous les \u00e9l\u00e9ments qui r\u00e9pondent aux exigences de la loi Peillon\" \/>\t\t\t\t\t\t\t\t\t\t\t\t\t\t\t<\/div>\n\t\t\t\t<\/div>\n\t\t\t\t\t<\/div>\n\t\t<\/div>\n\t\t\t\t<div class=\"elementor-column elementor-col-50 elementor-top-column elementor-element elementor-element-e194213\" data-id=\"e194213\" data-element_type=\"column\">\n\t\t\t<div class=\"elementor-widget-wrap elementor-element-populated\">\n\t\t\t\t\t\t<div class=\"elementor-element elementor-element-6a62cf7 elementor-widget elementor-widget-text-editor\" data-id=\"6a62cf7\" data-element_type=\"widget\" data-widget_type=\"text-editor.default\">\n\t\t\t\t<div class=\"elementor-widget-container\">\n\t\t\t\t\t\t\t\t\t<p><span style=\"font-size: 14pt; color: #000000;\"><span style=\"font-weight: 400;\">Prenons l\u2019exemple de la loi n\u00b02013-595 du 8 juillet 2013 d&#8217;orientation et de programmation pour la refondation de l&#8217;\u00c9cole de la R\u00e9publique plus commun\u00e9ment appel\u00e9e \u201c<\/span><span style=\"color: #3366ff;\"><a style=\"color: #3366ff;\" href=\"https:\/\/www.macapflag.com\/306-kit-loi-peillon-loi-blanquer\" target=\"_blank\" rel=\"noopener\"><b>Loi Peillon<\/b><\/a><\/span><span style=\"font-weight: 400;\">\u201d.<br \/><\/span><\/span><span style=\"font-weight: 400; font-size: 14pt; color: #000000;\">Cette loi qui vise \u00e0 r\u00e9former le monde de l\u2019\u00e9ducation nationale et \u00e0 lutter contre les in\u00e9galit\u00e9s sociales, demande \u00e0 toutes les \u00e9coles et \u00e9tablissements d&#8217;enseignement du second degr\u00e9 publics et priv\u00e9s sous contrat, d\u2019apposer sur leur fa\u00e7ade le drapeau fran\u00e7ais ainsi que le drapeau europ\u00e9en. Dans le m\u00eame esprit, la d\u00e9claration des droits de l\u2019homme et du citoyen ainsi que la charte de la la\u00efcit\u00e9 doivent \u00eatre accroch\u00e9es de mani\u00e8re visible sur les murs de l\u2019\u00e9tablissement.<br \/><\/span><span style=\"font-weight: 400; font-size: 14pt; color: #000000;\">Alors \u2026 Cette loi ne tente t-elle pas de \u201cmettre en avant l\u2019image de l\u2019entreprise et \u00e0 faire mieux conna\u00eetre son organisation et ses valeurs.\u201d ?&#8230;<\/span><\/p>\t\t\t\t\t\t\t\t<\/div>\n\t\t\t\t<\/div>\n\t\t\t\t\t<\/div>\n\t\t<\/div>\n\t\t\t\t\t<\/div>\n\t\t<\/section>\n\t\t\t\t<section class=\"elementor-section elementor-top-section elementor-element elementor-element-0780855 elementor-section-boxed elementor-section-height-default elementor-section-height-default\" data-id=\"0780855\" data-element_type=\"section\">\n\t\t\t\t\t\t<div class=\"elementor-container elementor-column-gap-default\">\n\t\t\t\t\t<div class=\"elementor-column elementor-col-100 elementor-top-column elementor-element elementor-element-0fdea76\" data-id=\"0fdea76\" data-element_type=\"column\">\n\t\t\t<div class=\"elementor-widget-wrap elementor-element-populated\">\n\t\t\t\t\t\t<div class=\"elementor-element elementor-element-35cd037 elementor-widget elementor-widget-text-editor\" data-id=\"35cd037\" data-element_type=\"widget\" data-widget_type=\"text-editor.default\">\n\t\t\t\t<div class=\"elementor-widget-container\">\n\t\t\t\t\t\t\t\t\t<p><span style=\"font-size: 20pt; color: #000000;\"><strong>Le drapeau tricolore : un symbole fort d&#8217;unit\u00e9<\/strong><\/span><\/p>\t\t\t\t\t\t\t\t<\/div>\n\t\t\t\t<\/div>\n\t\t\t\t\t<\/div>\n\t\t<\/div>\n\t\t\t\t\t<\/div>\n\t\t<\/section>\n\t\t\t\t<section class=\"elementor-section elementor-top-section elementor-element elementor-element-6e90950 elementor-section-boxed elementor-section-height-default elementor-section-height-default\" data-id=\"6e90950\" data-element_type=\"section\">\n\t\t\t\t\t\t<div class=\"elementor-container elementor-column-gap-default\">\n\t\t\t\t\t<div class=\"elementor-column elementor-col-50 elementor-top-column elementor-element elementor-element-476bebb\" data-id=\"476bebb\" data-element_type=\"column\">\n\t\t\t<div class=\"elementor-widget-wrap elementor-element-populated\">\n\t\t\t\t\t\t<div class=\"elementor-element elementor-element-12773a8 elementor-widget elementor-widget-text-editor\" data-id=\"12773a8\" data-element_type=\"widget\" data-widget_type=\"text-editor.default\">\n\t\t\t\t<div class=\"elementor-widget-container\">\n\t\t\t\t\t\t\t\t\t<p><span style=\"font-size: 14pt; color: #000000;\"><span style=\"font-weight: 400;\">L\u2019Etat, comme toutes les organisations, a aussi besoin de faire partager ses valeurs au travers de symboles forts et immuables tels que le <\/span><a href=\"https:\/\/www.macapflag.com\/drapeau-officiel-pour-mat\/33-drapeau-francais-officiel.html\" target=\"_blank\" rel=\"noopener\"><span style=\"color: #3366ff;\"><b>drapeau tricolore<\/b><\/span><\/a><span style=\"font-weight: 400;\">. A une \u00e9poque o\u00f9 l\u2019individualisme et les divisions d\u2019opinions vont bon train, l\u2019Etat met plus que jamais en avant ses attributs pour f\u00e9d\u00e9rer et ainsi rappeler \u00e0 une certaine unit\u00e9 citoyenne.<br \/><\/span><\/span><span style=\"font-weight: 400; font-size: 14pt; color: #000000;\">Face \u00e0 tous les \u00e9v\u00e8nements de dimension nationale, le drapeau tricolore v\u00e9hicule notre appartenance et notre attachement \u00e0 la France. Dans la joie ou dans la douleur, on aime l\u2019agiter comme un signe fort qui impose de lui-m\u00eame une forme de respect des valeurs r\u00e9publicaines.\u00a0<br \/><\/span><span style=\"font-weight: 400; color: #000000;\"><span style=\"font-size: 14pt;\">Et si cette id\u00e9e a pu \u00eatre quelque peu d\u00e9cri\u00e9e par le pass\u00e9, elle semble \u00eatre revenue au go\u00fbt du jour. Dans certaines \u00e9coles priv\u00e9es sp\u00e9cialis\u00e9es aupr\u00e8s d\u2019enfants en \u00e9chec scolaire, la journ\u00e9e commence m\u00eame par une lev\u00e9e du drapeau.<\/span> <\/span><\/p>\t\t\t\t\t\t\t\t<\/div>\n\t\t\t\t<\/div>\n\t\t\t\t\t<\/div>\n\t\t<\/div>\n\t\t\t\t<div class=\"elementor-column elementor-col-50 elementor-top-column elementor-element elementor-element-383c1d8\" data-id=\"383c1d8\" data-element_type=\"column\">\n\t\t\t<div class=\"elementor-widget-wrap elementor-element-populated\">\n\t\t\t\t\t\t<div class=\"elementor-element elementor-element-90f8065 elementor-widget elementor-widget-image\" data-id=\"90f8065\" data-element_type=\"widget\" data-widget_type=\"image.default\">\n\t\t\t\t<div class=\"elementor-widget-container\">\n\t\t\t\t\t\t\t\t\t\t\t\t\t\t\t<img decoding=\"async\" width=\"700\" height=\"534\" src=\"https:\/\/www.macapflag.com\/blog\/wp-content\/uploads\/2018\/10\/Drapeau-fran\u00e7ais.gif\" class=\"attachment-large size-large wp-image-2994\" alt=\"Drapeau tricolore de l&#039;Etat fran\u00e7ais bleu blanc rouge\" \/>\t\t\t\t\t\t\t\t\t\t\t\t\t\t\t<\/div>\n\t\t\t\t<\/div>\n\t\t\t\t\t<\/div>\n\t\t<\/div>\n\t\t\t\t\t<\/div>\n\t\t<\/section>\n\t\t\t\t<section class=\"elementor-section elementor-top-section elementor-element elementor-element-65d9c8e elementor-section-boxed elementor-section-height-default elementor-section-height-default\" data-id=\"65d9c8e\" data-element_type=\"section\">\n\t\t\t\t\t\t<div class=\"elementor-container elementor-column-gap-default\">\n\t\t\t\t\t<div class=\"elementor-column elementor-col-100 elementor-top-column elementor-element elementor-element-1408d58\" data-id=\"1408d58\" data-element_type=\"column\">\n\t\t\t<div class=\"elementor-widget-wrap elementor-element-populated\">\n\t\t\t\t\t\t<div class=\"elementor-element elementor-element-b16de98 elementor-widget elementor-widget-text-editor\" data-id=\"b16de98\" data-element_type=\"widget\" data-widget_type=\"text-editor.default\">\n\t\t\t\t<div class=\"elementor-widget-container\">\n\t\t\t\t\t\t\t\t\t<h1><img decoding=\"async\" class=\"size-full wp-image-2884 aligncenter\" src=\"https:\/\/www.macapflag.com\/blog\/wp-content\/uploads\/2018\/10\/picto-lemonde-de-la-com-235x135.gif\" alt=\"\" width=\"235\" height=\"135\" \/><\/h1><p style=\"text-align: center;\"><span style=\"color: #000000;\"><strong>Macap<\/strong>\u00a0<\/span><strong><span style=\"color: #000000;\">&#8211;<\/span> Lundi 28 Janvier 2019<\/strong><strong><br \/><br \/><\/strong><\/p>\t\t\t\t\t\t\t\t<\/div>\n\t\t\t\t<\/div>\n\t\t\t\t\t<\/div>\n\t\t<\/div>\n\t\t\t\t\t<\/div>\n\t\t<\/section>\n\t\t\t\t<\/div>\n\t\t","protected":false},"excerpt":{"rendered":"<div class=\"tmnf_excerpt\"><p>Dans le monde du marketing, on a coutume de d\u00e9finir la communication institutionnelle comme \u201cl\u2019ensemble des actions visant \u00e0 mettre en avant l\u2019image de l\u2019entreprise et \u00e0 faire mieux conna\u00eetre son organisation et ses valeurs.\u201d Et si on osait transposer ce concept au niveau de l\u2019Etat, de ses institutions et de ses collectivit\u00e9s ?.. Choquant &hellip;<\/p>\n<\/div>","protected":false},"author":2,"featured_media":2993,"comment_status":"closed","ping_status":"open","sticky":false,"template":"template-fullwidth.php","format":"standard","meta":{"footnotes":""},"categories":[93],"tags":[],"class_list":["post-2992","post","type-post","status-publish","format-standard","has-post-thumbnail","hentry","category-com"],"yoast_head":"<!-- This site is optimized with the Yoast SEO plugin v26.4 - https:\/\/yoast.com\/wordpress\/plugins\/seo\/ -->\n<title>L&#039;Etat est-il un bon communicant ? Comment met-il en avant ses valeurs ?<\/title>\n<meta name=\"description\" content=\"Comment communique l&#039;Etat pour mettre en avant ses institutions et ses collectivit\u00e9s ? Le drapeau tricolore, symbole fort des valeurs r\u00e9publicaines ?\" \/>\n<meta name=\"robots\" content=\"index, follow, max-snippet:-1, max-image-preview:large, max-video-preview:-1\" \/>\n<link rel=\"canonical\" href=\"https:\/\/www.macapflag.com\/blog\/communication-de-letat\/\" \/>\n<meta property=\"og:locale\" content=\"fr_FR\" \/>\n<meta property=\"og:type\" content=\"article\" \/>\n<meta property=\"og:title\" content=\"L&#039;Etat est-il un bon communicant ? Comment met-il en avant ses valeurs ?\" \/>\n<meta property=\"og:description\" content=\"Comment communique l&#039;Etat pour mettre en avant ses institutions et ses collectivit\u00e9s ? Le drapeau tricolore, symbole fort des valeurs r\u00e9publicaines ?\" \/>\n<meta property=\"og:url\" content=\"https:\/\/www.macapflag.com\/blog\/communication-de-letat\/\" \/>\n<meta property=\"og:site_name\" content=\"Blog - Macap\" \/>\n<meta property=\"article:publisher\" content=\"https:\/\/www.facebook.com\/macap.pavoisement\/\" \/>\n<meta property=\"article:published_time\" content=\"2019-01-28T08:07:49+00:00\" \/>\n<meta property=\"article:modified_time\" content=\"2019-11-25T10:42:11+00:00\" \/>\n<meta property=\"og:image\" content=\"https:\/\/www.macapflag.com\/blog\/wp-content\/uploads\/2018\/10\/Communication-institutionnelle-de-lEtat.gif\" \/>\n\t<meta property=\"og:image:width\" content=\"700\" \/>\n\t<meta property=\"og:image:height\" content=\"534\" \/>\n\t<meta property=\"og:image:type\" content=\"image\/gif\" \/>\n<meta name=\"author\" content=\"Blog Macap\" \/>\n<meta name=\"twitter:card\" content=\"summary_large_image\" \/>\n<meta name=\"twitter:label1\" content=\"\u00c9crit par\" \/>\n\t<meta name=\"twitter:data1\" content=\"Blog Macap\" \/>\n\t<meta name=\"twitter:label2\" content=\"Dur\u00e9e de lecture estim\u00e9e\" \/>\n\t<meta name=\"twitter:data2\" content=\"2 minutes\" \/>\n<script type=\"application\/ld+json\" class=\"yoast-schema-graph\">{\"@context\":\"https:\/\/schema.org\",\"@graph\":[{\"@type\":\"Article\",\"@id\":\"https:\/\/www.macapflag.com\/blog\/communication-de-letat\/#article\",\"isPartOf\":{\"@id\":\"https:\/\/www.macapflag.com\/blog\/communication-de-letat\/\"},\"author\":{\"name\":\"Blog Macap\",\"@id\":\"https:\/\/www.macapflag.com\/blog\/#\/schema\/person\/3fea701f2603875e651e6b662578fc3c\"},\"headline\":\"L&#8217;Etat est-il un bon communicant ?\",\"datePublished\":\"2019-01-28T08:07:49+00:00\",\"dateModified\":\"2019-11-25T10:42:11+00:00\",\"mainEntityOfPage\":{\"@id\":\"https:\/\/www.macapflag.com\/blog\/communication-de-letat\/\"},\"wordCount\":402,\"publisher\":{\"@id\":\"https:\/\/www.macapflag.com\/blog\/#organization\"},\"image\":{\"@id\":\"https:\/\/www.macapflag.com\/blog\/communication-de-letat\/#primaryimage\"},\"thumbnailUrl\":\"https:\/\/www.macapflag.com\/blog\/wp-content\/uploads\/2018\/10\/Communication-institutionnelle-de-lEtat.gif\",\"articleSection\":[\"Le monde de la Com'\"],\"inLanguage\":\"fr-FR\"},{\"@type\":\"WebPage\",\"@id\":\"https:\/\/www.macapflag.com\/blog\/communication-de-letat\/\",\"url\":\"https:\/\/www.macapflag.com\/blog\/communication-de-letat\/\",\"name\":\"L'Etat est-il un bon communicant ? Comment met-il en avant ses valeurs ?\",\"isPartOf\":{\"@id\":\"https:\/\/www.macapflag.com\/blog\/#website\"},\"primaryImageOfPage\":{\"@id\":\"https:\/\/www.macapflag.com\/blog\/communication-de-letat\/#primaryimage\"},\"image\":{\"@id\":\"https:\/\/www.macapflag.com\/blog\/communication-de-letat\/#primaryimage\"},\"thumbnailUrl\":\"https:\/\/www.macapflag.com\/blog\/wp-content\/uploads\/2018\/10\/Communication-institutionnelle-de-lEtat.gif\",\"datePublished\":\"2019-01-28T08:07:49+00:00\",\"dateModified\":\"2019-11-25T10:42:11+00:00\",\"description\":\"Comment communique l'Etat pour mettre en avant ses institutions et ses collectivit\u00e9s ? Le drapeau tricolore, symbole fort des valeurs r\u00e9publicaines ?\",\"breadcrumb\":{\"@id\":\"https:\/\/www.macapflag.com\/blog\/communication-de-letat\/#breadcrumb\"},\"inLanguage\":\"fr-FR\",\"potentialAction\":[{\"@type\":\"ReadAction\",\"target\":[\"https:\/\/www.macapflag.com\/blog\/communication-de-letat\/\"]}]},{\"@type\":\"ImageObject\",\"inLanguage\":\"fr-FR\",\"@id\":\"https:\/\/www.macapflag.com\/blog\/communication-de-letat\/#primaryimage\",\"url\":\"https:\/\/www.macapflag.com\/blog\/wp-content\/uploads\/2018\/10\/Communication-institutionnelle-de-lEtat.gif\",\"contentUrl\":\"https:\/\/www.macapflag.com\/blog\/wp-content\/uploads\/2018\/10\/Communication-institutionnelle-de-lEtat.gif\",\"width\":700,\"height\":534,\"caption\":\"Comment l'Etat communique-t'il au niveau institutionnel ?\"},{\"@type\":\"BreadcrumbList\",\"@id\":\"https:\/\/www.macapflag.com\/blog\/communication-de-letat\/#breadcrumb\",\"itemListElement\":[{\"@type\":\"ListItem\",\"position\":1,\"name\":\"Accueil\",\"item\":\"https:\/\/www.macapflag.com\/blog\/\"},{\"@type\":\"ListItem\",\"position\":2,\"name\":\"L&#8217;Etat est-il un bon communicant ?\"}]},{\"@type\":\"WebSite\",\"@id\":\"https:\/\/www.macapflag.com\/blog\/#website\",\"url\":\"https:\/\/www.macapflag.com\/blog\/\",\"name\":\"Blog - Macap\",\"description\":\"Tous nos articles\",\"publisher\":{\"@id\":\"https:\/\/www.macapflag.com\/blog\/#organization\"},\"potentialAction\":[{\"@type\":\"SearchAction\",\"target\":{\"@type\":\"EntryPoint\",\"urlTemplate\":\"https:\/\/www.macapflag.com\/blog\/?s={search_term_string}\"},\"query-input\":{\"@type\":\"PropertyValueSpecification\",\"valueRequired\":true,\"valueName\":\"search_term_string\"}}],\"inLanguage\":\"fr-FR\"},{\"@type\":\"Organization\",\"@id\":\"https:\/\/www.macapflag.com\/blog\/#organization\",\"name\":\"macapflag\",\"url\":\"https:\/\/www.macapflag.com\/blog\/\",\"logo\":{\"@type\":\"ImageObject\",\"inLanguage\":\"fr-FR\",\"@id\":\"https:\/\/www.macapflag.com\/blog\/#\/schema\/logo\/image\/\",\"url\":\"https:\/\/www.macapflag.com\/blog\/wp-content\/uploads\/2020\/12\/cropped-M-512-1.png\",\"contentUrl\":\"https:\/\/www.macapflag.com\/blog\/wp-content\/uploads\/2020\/12\/cropped-M-512-1.png\",\"width\":512,\"height\":512,\"caption\":\"macapflag\"},\"image\":{\"@id\":\"https:\/\/www.macapflag.com\/blog\/#\/schema\/logo\/image\/\"},\"sameAs\":[\"https:\/\/www.facebook.com\/macap.pavoisement\/\",\"https:\/\/www.instagram.com\/macapflag\/?hl=fr\",\"https:\/\/www.linkedin.com\/company\/macap\/?originalSubdomain=fr\",\"https:\/\/www.youtube.com\/channel\/UCXNzTIdZh9poEBjSXEqDtNw\"]},{\"@type\":\"Person\",\"@id\":\"https:\/\/www.macapflag.com\/blog\/#\/schema\/person\/3fea701f2603875e651e6b662578fc3c\",\"name\":\"Blog Macap\",\"image\":{\"@type\":\"ImageObject\",\"inLanguage\":\"fr-FR\",\"@id\":\"https:\/\/www.macapflag.com\/blog\/#\/schema\/person\/image\/\",\"url\":\"https:\/\/secure.gravatar.com\/avatar\/c12551f2dc51f0db049633b03e7856985477a70da834cc8967dea4ce54bdd6a2?s=96&d=mm&r=g\",\"contentUrl\":\"https:\/\/secure.gravatar.com\/avatar\/c12551f2dc51f0db049633b03e7856985477a70da834cc8967dea4ce54bdd6a2?s=96&d=mm&r=g\",\"caption\":\"Blog Macap\"},\"url\":\"https:\/\/www.macapflag.com\/blog\/author\/macap\/\"}]}<\/script>\n<!-- \/ Yoast SEO plugin. -->","yoast_head_json":{"title":"L'Etat est-il un bon communicant ? Comment met-il en avant ses valeurs ?","description":"Comment communique l'Etat pour mettre en avant ses institutions et ses collectivit\u00e9s ? Le drapeau tricolore, symbole fort des valeurs r\u00e9publicaines ?","robots":{"index":"index","follow":"follow","max-snippet":"max-snippet:-1","max-image-preview":"max-image-preview:large","max-video-preview":"max-video-preview:-1"},"canonical":"https:\/\/www.macapflag.com\/blog\/communication-de-letat\/","og_locale":"fr_FR","og_type":"article","og_title":"L'Etat est-il un bon communicant ? Comment met-il en avant ses valeurs ?","og_description":"Comment communique l'Etat pour mettre en avant ses institutions et ses collectivit\u00e9s ? Le drapeau tricolore, symbole fort des valeurs r\u00e9publicaines ?","og_url":"https:\/\/www.macapflag.com\/blog\/communication-de-letat\/","og_site_name":"Blog - Macap","article_publisher":"https:\/\/www.facebook.com\/macap.pavoisement\/","article_published_time":"2019-01-28T08:07:49+00:00","article_modified_time":"2019-11-25T10:42:11+00:00","og_image":[{"width":700,"height":534,"url":"https:\/\/www.macapflag.com\/blog\/wp-content\/uploads\/2018\/10\/Communication-institutionnelle-de-lEtat.gif","type":"image\/gif"}],"author":"Blog Macap","twitter_card":"summary_large_image","twitter_misc":{"\u00c9crit par":"Blog Macap","Dur\u00e9e de lecture estim\u00e9e":"2 minutes"},"schema":{"@context":"https:\/\/schema.org","@graph":[{"@type":"Article","@id":"https:\/\/www.macapflag.com\/blog\/communication-de-letat\/#article","isPartOf":{"@id":"https:\/\/www.macapflag.com\/blog\/communication-de-letat\/"},"author":{"name":"Blog Macap","@id":"https:\/\/www.macapflag.com\/blog\/#\/schema\/person\/3fea701f2603875e651e6b662578fc3c"},"headline":"L&#8217;Etat est-il un bon communicant ?","datePublished":"2019-01-28T08:07:49+00:00","dateModified":"2019-11-25T10:42:11+00:00","mainEntityOfPage":{"@id":"https:\/\/www.macapflag.com\/blog\/communication-de-letat\/"},"wordCount":402,"publisher":{"@id":"https:\/\/www.macapflag.com\/blog\/#organization"},"image":{"@id":"https:\/\/www.macapflag.com\/blog\/communication-de-letat\/#primaryimage"},"thumbnailUrl":"https:\/\/www.macapflag.com\/blog\/wp-content\/uploads\/2018\/10\/Communication-institutionnelle-de-lEtat.gif","articleSection":["Le monde de la Com'"],"inLanguage":"fr-FR"},{"@type":"WebPage","@id":"https:\/\/www.macapflag.com\/blog\/communication-de-letat\/","url":"https:\/\/www.macapflag.com\/blog\/communication-de-letat\/","name":"L'Etat est-il un bon communicant ? Comment met-il en avant ses valeurs ?","isPartOf":{"@id":"https:\/\/www.macapflag.com\/blog\/#website"},"primaryImageOfPage":{"@id":"https:\/\/www.macapflag.com\/blog\/communication-de-letat\/#primaryimage"},"image":{"@id":"https:\/\/www.macapflag.com\/blog\/communication-de-letat\/#primaryimage"},"thumbnailUrl":"https:\/\/www.macapflag.com\/blog\/wp-content\/uploads\/2018\/10\/Communication-institutionnelle-de-lEtat.gif","datePublished":"2019-01-28T08:07:49+00:00","dateModified":"2019-11-25T10:42:11+00:00","description":"Comment communique l'Etat pour mettre en avant ses institutions et ses collectivit\u00e9s ? Le drapeau tricolore, symbole fort des valeurs r\u00e9publicaines ?","breadcrumb":{"@id":"https:\/\/www.macapflag.com\/blog\/communication-de-letat\/#breadcrumb"},"inLanguage":"fr-FR","potentialAction":[{"@type":"ReadAction","target":["https:\/\/www.macapflag.com\/blog\/communication-de-letat\/"]}]},{"@type":"ImageObject","inLanguage":"fr-FR","@id":"https:\/\/www.macapflag.com\/blog\/communication-de-letat\/#primaryimage","url":"https:\/\/www.macapflag.com\/blog\/wp-content\/uploads\/2018\/10\/Communication-institutionnelle-de-lEtat.gif","contentUrl":"https:\/\/www.macapflag.com\/blog\/wp-content\/uploads\/2018\/10\/Communication-institutionnelle-de-lEtat.gif","width":700,"height":534,"caption":"Comment l'Etat communique-t'il au niveau institutionnel ?"},{"@type":"BreadcrumbList","@id":"https:\/\/www.macapflag.com\/blog\/communication-de-letat\/#breadcrumb","itemListElement":[{"@type":"ListItem","position":1,"name":"Accueil","item":"https:\/\/www.macapflag.com\/blog\/"},{"@type":"ListItem","position":2,"name":"L&#8217;Etat est-il un bon communicant ?"}]},{"@type":"WebSite","@id":"https:\/\/www.macapflag.com\/blog\/#website","url":"https:\/\/www.macapflag.com\/blog\/","name":"Blog - Macap","description":"Tous nos articles","publisher":{"@id":"https:\/\/www.macapflag.com\/blog\/#organization"},"potentialAction":[{"@type":"SearchAction","target":{"@type":"EntryPoint","urlTemplate":"https:\/\/www.macapflag.com\/blog\/?s={search_term_string}"},"query-input":{"@type":"PropertyValueSpecification","valueRequired":true,"valueName":"search_term_string"}}],"inLanguage":"fr-FR"},{"@type":"Organization","@id":"https:\/\/www.macapflag.com\/blog\/#organization","name":"macapflag","url":"https:\/\/www.macapflag.com\/blog\/","logo":{"@type":"ImageObject","inLanguage":"fr-FR","@id":"https:\/\/www.macapflag.com\/blog\/#\/schema\/logo\/image\/","url":"https:\/\/www.macapflag.com\/blog\/wp-content\/uploads\/2020\/12\/cropped-M-512-1.png","contentUrl":"https:\/\/www.macapflag.com\/blog\/wp-content\/uploads\/2020\/12\/cropped-M-512-1.png","width":512,"height":512,"caption":"macapflag"},"image":{"@id":"https:\/\/www.macapflag.com\/blog\/#\/schema\/logo\/image\/"},"sameAs":["https:\/\/www.facebook.com\/macap.pavoisement\/","https:\/\/www.instagram.com\/macapflag\/?hl=fr","https:\/\/www.linkedin.com\/company\/macap\/?originalSubdomain=fr","https:\/\/www.youtube.com\/channel\/UCXNzTIdZh9poEBjSXEqDtNw"]},{"@type":"Person","@id":"https:\/\/www.macapflag.com\/blog\/#\/schema\/person\/3fea701f2603875e651e6b662578fc3c","name":"Blog Macap","image":{"@type":"ImageObject","inLanguage":"fr-FR","@id":"https:\/\/www.macapflag.com\/blog\/#\/schema\/person\/image\/","url":"https:\/\/secure.gravatar.com\/avatar\/c12551f2dc51f0db049633b03e7856985477a70da834cc8967dea4ce54bdd6a2?s=96&d=mm&r=g","contentUrl":"https:\/\/secure.gravatar.com\/avatar\/c12551f2dc51f0db049633b03e7856985477a70da834cc8967dea4ce54bdd6a2?s=96&d=mm&r=g","caption":"Blog Macap"},"url":"https:\/\/www.macapflag.com\/blog\/author\/macap\/"}]}},"_links":{"self":[{"href":"https:\/\/www.macapflag.com\/blog\/wp-json\/wp\/v2\/posts\/2992","targetHints":{"allow":["GET"]}}],"collection":[{"href":"https:\/\/www.macapflag.com\/blog\/wp-json\/wp\/v2\/posts"}],"about":[{"href":"https:\/\/www.macapflag.com\/blog\/wp-json\/wp\/v2\/types\/post"}],"author":[{"embeddable":true,"href":"https:\/\/www.macapflag.com\/blog\/wp-json\/wp\/v2\/users\/2"}],"replies":[{"embeddable":true,"href":"https:\/\/www.macapflag.com\/blog\/wp-json\/wp\/v2\/comments?post=2992"}],"version-history":[{"count":12,"href":"https:\/\/www.macapflag.com\/blog\/wp-json\/wp\/v2\/posts\/2992\/revisions"}],"predecessor-version":[{"id":4356,"href":"https:\/\/www.macapflag.com\/blog\/wp-json\/wp\/v2\/posts\/2992\/revisions\/4356"}],"wp:featuredmedia":[{"embeddable":true,"href":"https:\/\/www.macapflag.com\/blog\/wp-json\/wp\/v2\/media\/2993"}],"wp:attachment":[{"href":"https:\/\/www.macapflag.com\/blog\/wp-json\/wp\/v2\/media?parent=2992"}],"wp:term":[{"taxonomy":"category","embeddable":true,"href":"https:\/\/www.macapflag.com\/blog\/wp-json\/wp\/v2\/categories?post=2992"},{"taxonomy":"post_tag","embeddable":true,"href":"https:\/\/www.macapflag.com\/blog\/wp-json\/wp\/v2\/tags?post=2992"}],"curies":[{"name":"wp","href":"https:\/\/api.w.org\/{rel}","templated":true}]}}