{"id":3293,"date":"2019-02-12T09:00:44","date_gmt":"2019-02-12T08:00:44","guid":{"rendered":"https:\/\/www.macapflag.com\/blog\/?p=3293"},"modified":"2021-02-23T11:21:45","modified_gmt":"2021-02-23T10:21:45","slug":"pied-beach-flag","status":"publish","type":"post","link":"https:\/\/www.macapflag.com\/blog\/pied-beach-flag\/","title":{"rendered":"Comment bien choisir le pied de son beachflag ?"},"content":{"rendered":"\t\t<div data-elementor-type=\"wp-post\" data-elementor-id=\"3293\" class=\"elementor elementor-3293\">\n\t\t\t\t\t\t<section class=\"elementor-section elementor-top-section elementor-element elementor-element-a768f0c elementor-section-boxed elementor-section-height-default elementor-section-height-default\" data-id=\"a768f0c\" data-element_type=\"section\">\n\t\t\t\t\t\t<div class=\"elementor-container elementor-column-gap-default\">\n\t\t\t\t\t<div class=\"elementor-column elementor-col-100 elementor-top-column elementor-element elementor-element-479d142\" data-id=\"479d142\" data-element_type=\"column\">\n\t\t\t<div class=\"elementor-widget-wrap elementor-element-populated\">\n\t\t\t\t\t\t<div class=\"elementor-element elementor-element-dcad187 elementor-widget elementor-widget-text-editor\" data-id=\"dcad187\" data-element_type=\"widget\" data-widget_type=\"text-editor.default\">\n\t\t\t\t<div class=\"elementor-widget-container\">\n\t\t\t\t\t\t\t\t\t<p><em><span style=\"color: #000000; font-size: 14pt;\">On le d\u00e9nomme parfois oriflamme publicitaire personnalis\u00e9e, drapeau flamme publicitaire, drapeau oriflamme, voile publicitaire personnalis\u00e9e, flag publicitaire, beachflag en un mot ou beach flag en deux mots ! <\/span><\/em><br \/><em><span style=\"color: #000000; font-size: 14pt;\">Si les d\u00e9nominations varient selon la personne qui les emploie, l\u2019unanimit\u00e9 est bien pr\u00e9sente sur la fonction de cet outil de communication devenu indispensable, le BEACH-FLAG !<\/span><\/em><\/p>\t\t\t\t\t\t\t\t<\/div>\n\t\t\t\t<\/div>\n\t\t\t\t\t<\/div>\n\t\t<\/div>\n\t\t\t\t\t<\/div>\n\t\t<\/section>\n\t\t\t\t<section class=\"elementor-section elementor-top-section elementor-element elementor-element-173aac7 elementor-section-boxed elementor-section-height-default elementor-section-height-default\" data-id=\"173aac7\" data-element_type=\"section\">\n\t\t\t\t\t\t<div class=\"elementor-container elementor-column-gap-default\">\n\t\t\t\t\t<div class=\"elementor-column elementor-col-100 elementor-top-column elementor-element elementor-element-79d82c0\" data-id=\"79d82c0\" data-element_type=\"column\">\n\t\t\t<div class=\"elementor-widget-wrap elementor-element-populated\">\n\t\t\t\t\t\t<div class=\"elementor-element elementor-element-da2c796 elementor-widget elementor-widget-text-editor\" data-id=\"da2c796\" data-element_type=\"widget\" data-widget_type=\"text-editor.default\">\n\t\t\t\t<div class=\"elementor-widget-container\">\n\t\t\t\t\t\t\t\t\t<h2><strong><span style=\"color: #000000;\">Qu\u2019est-ce qu\u2019un beach flag ?<\/span><\/strong><\/h2>\t\t\t\t\t\t\t\t<\/div>\n\t\t\t\t<\/div>\n\t\t\t\t\t<\/div>\n\t\t<\/div>\n\t\t\t\t\t<\/div>\n\t\t<\/section>\n\t\t\t\t<section class=\"elementor-section elementor-top-section elementor-element elementor-element-5484635 elementor-section-boxed elementor-section-height-default elementor-section-height-default\" data-id=\"5484635\" data-element_type=\"section\">\n\t\t\t\t\t\t<div class=\"elementor-container elementor-column-gap-default\">\n\t\t\t\t\t<div class=\"elementor-column elementor-col-100 elementor-top-column elementor-element elementor-element-d70c8b5\" data-id=\"d70c8b5\" data-element_type=\"column\">\n\t\t\t<div class=\"elementor-widget-wrap elementor-element-populated\">\n\t\t\t\t\t\t<div class=\"elementor-element elementor-element-1994f93 elementor-widget elementor-widget-text-editor\" data-id=\"1994f93\" data-element_type=\"widget\" data-widget_type=\"text-editor.default\">\n\t\t\t\t<div class=\"elementor-widget-container\">\n\t\t\t\t\t\t\t\t\t<p><span style=\"color: #000000; font-size: 14pt;\">Un beach flag est un support textile polyester imprim\u00e9 \u00e0 vos couleurs avec une finition personnalis\u00e9e + un m\u00e2t + un pied et oups\u2026 Nous avions oubli\u00e9 ce d\u00e9tail ! Chez Macap, nous vous proposons <strong>9 solutions de pieds + 1 option de fixation murale<\/strong> pour vos beach flags. <strong>Ces propositions sont toutes compatibles avec nos trois formes de voiles<\/strong> : oriflamme classique, oriflamme \u00e0 potence et oriflamme goutte d\u2019eau.<\/span><\/p>\t\t\t\t\t\t\t\t<\/div>\n\t\t\t\t<\/div>\n\t\t\t\t\t<\/div>\n\t\t<\/div>\n\t\t\t\t\t<\/div>\n\t\t<\/section>\n\t\t\t\t<section class=\"elementor-section elementor-top-section elementor-element elementor-element-bed6062 elementor-section-boxed elementor-section-height-default elementor-section-height-default\" data-id=\"bed6062\" data-element_type=\"section\">\n\t\t\t\t\t\t<div class=\"elementor-container elementor-column-gap-default\">\n\t\t\t\t\t<div class=\"elementor-column elementor-col-100 elementor-top-column elementor-element elementor-element-7095713\" data-id=\"7095713\" data-element_type=\"column\">\n\t\t\t<div class=\"elementor-widget-wrap elementor-element-populated\">\n\t\t\t\t\t\t<div class=\"elementor-element elementor-element-4957db0 elementor-widget elementor-widget-text-editor\" data-id=\"4957db0\" data-element_type=\"widget\" data-widget_type=\"text-editor.default\">\n\t\t\t\t<div class=\"elementor-widget-container\">\n\t\t\t\t\t\t\t\t\t<h2><strong>L\u2019importance du choix de pied pour votre beach flag<\/strong><\/h2>\t\t\t\t\t\t\t\t<\/div>\n\t\t\t\t<\/div>\n\t\t\t\t\t<\/div>\n\t\t<\/div>\n\t\t\t\t\t<\/div>\n\t\t<\/section>\n\t\t\t\t<section class=\"elementor-section elementor-top-section elementor-element elementor-element-88c0804 elementor-section-boxed elementor-section-height-default elementor-section-height-default\" data-id=\"88c0804\" data-element_type=\"section\">\n\t\t\t\t\t\t<div class=\"elementor-container elementor-column-gap-default\">\n\t\t\t\t\t<div class=\"elementor-column elementor-col-100 elementor-top-column elementor-element elementor-element-e432442\" data-id=\"e432442\" data-element_type=\"column\">\n\t\t\t<div class=\"elementor-widget-wrap elementor-element-populated\">\n\t\t\t\t\t\t<div class=\"elementor-element elementor-element-065ac4d elementor-widget elementor-widget-image\" data-id=\"065ac4d\" data-element_type=\"widget\" data-widget_type=\"image.default\">\n\t\t\t\t<div class=\"elementor-widget-container\">\n\t\t\t\t\t\t\t\t\t\t\t\t\t\t\t<img fetchpriority=\"high\" decoding=\"async\" width=\"700\" height=\"534\" src=\"https:\/\/www.macapflag.com\/blog\/wp-content\/uploads\/2019\/02\/montage-beach-flag.gif\" class=\"attachment-large size-large wp-image-3297\" alt=\"\" \/>\t\t\t\t\t\t\t\t\t\t\t\t\t\t\t<\/div>\n\t\t\t\t<\/div>\n\t\t\t\t\t<\/div>\n\t\t<\/div>\n\t\t\t\t\t<\/div>\n\t\t<\/section>\n\t\t\t\t<section class=\"elementor-section elementor-top-section elementor-element elementor-element-4a5c7a2 elementor-section-boxed elementor-section-height-default elementor-section-height-default\" data-id=\"4a5c7a2\" data-element_type=\"section\">\n\t\t\t\t\t\t<div class=\"elementor-container elementor-column-gap-default\">\n\t\t\t\t\t<div class=\"elementor-column elementor-col-100 elementor-top-column elementor-element elementor-element-82755a5\" data-id=\"82755a5\" data-element_type=\"column\">\n\t\t\t<div class=\"elementor-widget-wrap elementor-element-populated\">\n\t\t\t\t\t\t<div class=\"elementor-element elementor-element-a8dc4ac elementor-widget elementor-widget-text-editor\" data-id=\"a8dc4ac\" data-element_type=\"widget\" data-widget_type=\"text-editor.default\">\n\t\t\t\t<div class=\"elementor-widget-container\">\n\t\t\t\t\t\t\t\t\t<p><span style=\"font-size: 14pt; color: #000000;\">Il est primordial et doit se faire en tenant compte :<\/span><br \/><span style=\"font-size: 14pt; color: #000000;\">. de la hauteur souhait\u00e9e pour la voile,<\/span><br \/><span style=\"font-size: 14pt; color: #000000;\">. du type de sol,<\/span><br \/><span style=\"font-size: 14pt; color: #000000;\">. de l\u2019utilisation pr\u00e9vue pour votre beach flag,<\/span><br \/><span style=\"font-size: 14pt; color: #000000;\">. du budget que vous souhaitez attribuer \u00e0 cet achat.<\/span><\/p>\t\t\t\t\t\t\t\t<\/div>\n\t\t\t\t<\/div>\n\t\t\t\t\t<\/div>\n\t\t<\/div>\n\t\t\t\t\t<\/div>\n\t\t<\/section>\n\t\t\t\t<section class=\"elementor-section elementor-top-section elementor-element elementor-element-776cd40 elementor-section-boxed elementor-section-height-default elementor-section-height-default\" data-id=\"776cd40\" data-element_type=\"section\">\n\t\t\t\t\t\t<div class=\"elementor-container elementor-column-gap-default\">\n\t\t\t\t\t<div class=\"elementor-column elementor-col-100 elementor-top-column elementor-element elementor-element-914395b\" data-id=\"914395b\" data-element_type=\"column\">\n\t\t\t<div class=\"elementor-widget-wrap elementor-element-populated\">\n\t\t\t\t\t\t<div class=\"elementor-element elementor-element-51bac76 elementor-widget elementor-widget-text-editor\" data-id=\"51bac76\" data-element_type=\"widget\" data-widget_type=\"text-editor.default\">\n\t\t\t\t<div class=\"elementor-widget-container\">\n\t\t\t\t\t\t\t\t\t<h2><strong>Alors \u2026 Lequel choisirez-vous ?<\/strong><\/h2>\t\t\t\t\t\t\t\t<\/div>\n\t\t\t\t<\/div>\n\t\t\t\t\t<\/div>\n\t\t<\/div>\n\t\t\t\t\t<\/div>\n\t\t<\/section>\n\t\t\t\t<section class=\"elementor-section elementor-top-section elementor-element elementor-element-4fc9856 elementor-section-boxed elementor-section-height-default elementor-section-height-default\" data-id=\"4fc9856\" data-element_type=\"section\">\n\t\t\t\t\t\t<div class=\"elementor-container elementor-column-gap-default\">\n\t\t\t\t\t<div class=\"elementor-column elementor-col-100 elementor-top-column elementor-element elementor-element-afaafb1\" data-id=\"afaafb1\" data-element_type=\"column\">\n\t\t\t<div class=\"elementor-widget-wrap elementor-element-populated\">\n\t\t\t\t\t\t<div class=\"elementor-element elementor-element-e46ac3a elementor-widget elementor-widget-text-editor\" data-id=\"e46ac3a\" data-element_type=\"widget\" data-widget_type=\"text-editor.default\">\n\t\t\t\t<div class=\"elementor-widget-container\">\n\t\t\t\t\t\t\t\t\t<p><span style=\"text-decoration: underline;\"><strong><span style=\"font-size: 14pt; color: #000000; text-decoration: underline;\">Quels sont les pieds de beachflag \u201cstandards\u201d ?<\/span><\/strong><\/span><\/p><p><span style=\"font-size: 14pt; color: #000000;\">On entend par \u201cstandard\u201d les pieds le plus souvent command\u00e9s par nos clients.<\/span><br \/><span style=\"font-size: 14pt; color: #000000;\"><strong>En indoor et outdoor<\/strong> : Pr\u00e9f\u00e9rez la <a href=\"https:\/\/www.macapflag.com\/pied\/157-platine-carree-noire-acier.html\" target=\"_blank\" rel=\"noopener\"><span style=\"color: #3366ff;\"><strong>platine carr\u00e9e<\/strong><\/span><\/a> noire 40&#215;40 cm. A la fois discr\u00e8te et efficace, elle est peu encombrante au sol, son \u00e9paisseur ne d\u00e9passe pas 0.5 cm pour un poids de seulement 6.5 kg.<\/span><br \/><span style=\"font-size: 14pt; color: #000000;\">Si elle est recommand\u00e9e en ext\u00e9rieur pour les beach flags qui ne d\u00e9passent pas 2.80 m\u00e8tres de hauteur, elle s\u2019adapte \u00e0 toutes les situations en int\u00e9rieur. Elle peut \u00eatre viss\u00e9e au sol gr\u00e2ce aux orifices perc\u00e9s \u00e0 ses 4 coins.<\/span><br \/><span style=\"font-size: 14pt; color: #000000;\">Pour une utilisation ext\u00e9rieure, \u00e9quipez-la de la platine additionnelle sp\u00e9cialement pr\u00e9vue pour elle : elle se pose sur la premi\u00e8re pour assurer ainsi une meilleure tenue du m\u00e2t m\u00eame en cas de vent l\u00e9ger. La platine additionnelle est \u00e9galement perc\u00e9e aux 4 coins pour la fixation au sol avec des vis ou des sardines (non fournies). Elle p\u00e8se 5.5 kg.<\/span><br \/><span style=\"font-size: 14pt; color: #000000;\"><strong>En outdoor<\/strong> : Le <a href=\"https:\/\/www.macapflag.com\/pied\/159-pied-en-croix-acier.html\" target=\"_blank\" rel=\"noopener\"><strong><span style=\"color: #3366ff;\">pied en croix acier<\/span> <\/strong><\/a>reste le mieux adapt\u00e9 et notre best seller outdoor. Son envergure et son poids assurent une tenue impeccable du beach flag m\u00eame avec du vent.<\/span><\/p>\t\t\t\t\t\t\t\t<\/div>\n\t\t\t\t<\/div>\n\t\t\t\t\t<\/div>\n\t\t<\/div>\n\t\t\t\t\t<\/div>\n\t\t<\/section>\n\t\t\t\t<section class=\"elementor-section elementor-top-section elementor-element elementor-element-cac73af elementor-section-boxed elementor-section-height-default elementor-section-height-default\" data-id=\"cac73af\" data-element_type=\"section\">\n\t\t\t\t\t\t<div class=\"elementor-container elementor-column-gap-default\">\n\t\t\t\t\t<div class=\"elementor-column elementor-col-100 elementor-top-column elementor-element elementor-element-1815b0a\" data-id=\"1815b0a\" data-element_type=\"column\">\n\t\t\t<div class=\"elementor-widget-wrap elementor-element-populated\">\n\t\t\t\t\t\t<div class=\"elementor-element elementor-element-8b70c2b elementor-widget elementor-widget-image\" data-id=\"8b70c2b\" data-element_type=\"widget\" data-widget_type=\"image.default\">\n\t\t\t\t<div class=\"elementor-widget-container\">\n\t\t\t\t\t\t\t\t\t\t\t\t\t\t\t<img decoding=\"async\" width=\"700\" height=\"534\" src=\"https:\/\/www.macapflag.com\/blog\/wp-content\/uploads\/2019\/02\/diff\u00e9rents-pieds-beach-flag.gif\" class=\"attachment-large size-large wp-image-3295\" alt=\"Un beach flag ou oriflamme peut \u00eatre install\u00e9 sur plusieurs pieds pr\u00e9sent\u00e9s ici\" \/>\t\t\t\t\t\t\t\t\t\t\t\t\t\t\t<\/div>\n\t\t\t\t<\/div>\n\t\t\t\t\t<\/div>\n\t\t<\/div>\n\t\t\t\t\t<\/div>\n\t\t<\/section>\n\t\t\t\t<section class=\"elementor-section elementor-top-section elementor-element elementor-element-99645d2 elementor-section-boxed elementor-section-height-default elementor-section-height-default\" data-id=\"99645d2\" data-element_type=\"section\">\n\t\t\t\t\t\t<div class=\"elementor-container elementor-column-gap-default\">\n\t\t\t\t\t<div class=\"elementor-column elementor-col-100 elementor-top-column elementor-element elementor-element-fe28fbc\" data-id=\"fe28fbc\" data-element_type=\"column\">\n\t\t\t<div class=\"elementor-widget-wrap elementor-element-populated\">\n\t\t\t\t\t\t<div class=\"elementor-element elementor-element-97894de elementor-widget elementor-widget-text-editor\" data-id=\"97894de\" data-element_type=\"widget\" data-widget_type=\"text-editor.default\">\n\t\t\t\t<div class=\"elementor-widget-container\">\n\t\t\t\t\t\t\t\t\t<p><span style=\"text-decoration: underline;\"><strong><span style=\"color: #000000; font-size: 14pt; text-decoration: underline;\">Quel pied choisir selon la hauteur de beachflag ?<\/span><\/strong><\/span><\/p><p><strong><span style=\"color: #000000; font-size: 14pt;\">. Si la hauteur de votre beach flag ne d\u00e9passe pas 2.80 m\u00e8tres<\/span><\/strong><br \/><span style=\"color: #000000; font-size: 14pt;\">La platine carr\u00e9e noire sera parfaite pour un sol plat, en int\u00e9rieur comme en ext\u00e9rieur.<\/span><br \/><span style=\"color: #000000; font-size: 14pt;\">Le pied parasol \u00e9galement dans une version esth\u00e9tique diff\u00e9rente.<\/span><\/p><p><strong><span style=\"color: #000000; font-size: 14pt;\">. Si vous choisissez un beach flag sup\u00e9rieur \u00e0 2.80 m\u00e8tres<\/span><\/strong><br \/><span style=\"color: #000000; font-size: 14pt;\">La platine carr\u00e9e noire restera parfaite pour un sol plat \u00e0 l\u2019int\u00e9rieur mais pour l\u2019ext\u00e9rieur, un pied en croix acier, un pied parasol plastique lest\u00e9 de sable ou d\u2019eau ou un pied b\u00e9ton seront plut\u00f4t pr\u00e9conis\u00e9s.<\/span><\/p><p><span style=\"text-decoration: underline;\"><strong><span style=\"color: #000000; font-size: 14pt; text-decoration: underline;\">Quel pied choisir selon la nature du sol ?<\/span><\/strong><\/span><\/p><p><strong><span style=\"color: #000000; font-size: 14pt;\">. Si vous op\u00e9rez sur les plages ou au bord des pistes de ski<\/span><\/strong><br \/><span style=\"color: #000000; font-size: 14pt;\">Vous opterez alors pour le pied en acier \u00e0 planter. Peu encombrant et relativement l\u00e9ger (1.8 kg), il mesure 60 cm. On le plante vraiment tr\u00e8s facilement \u00e0 l\u2019aide d\u2019un marteau, dans du sable ou dans la neige. On le retire tout au aussi ais\u00e9ment.<\/span><br \/><span style=\"color: #000000; font-size: 14pt;\">Si votre besoin est ponctuel et que vous ne disposez d\u2019aucun outil, choisissez le pied forant qui se visse en un clin d\u2019oeil.<\/span><\/p><p><strong><span style=\"color: #000000; font-size: 14pt;\">. Si votre beachflag doit \u00eatre plant\u00e9 sur un terrain meuble<\/span><\/strong><br \/><span style=\"color: #000000; font-size: 14pt;\">Le pied forant en plastique \u00e0 visser a sp\u00e9cialement \u00e9t\u00e9 cr\u00e9\u00e9 pour des sols relativement mous comme de la terre peu compacte et du sable par exemple. D\u2019une hauteur totale de 35 cm, la vis mesure 24 cm. Elle vous assure ainsi une bonne tenue du pied dans le sol m\u00eame en cas d\u2019intemp\u00e9ries.<\/span><\/p><p><strong><span style=\"color: #000000; font-size: 14pt;\">. Si votre beachflag doit \u00eatre pos\u00e9 sur un sol bien plat<\/span><\/strong><br \/><span style=\"color: #000000; font-size: 14pt;\">La platine carr\u00e9e (\u00e9ventuellement \u00e9quip\u00e9e de sa platine additionnelle en cas de lieu vent\u00e9) et le pied en croix sont id\u00e9alement d\u00e9di\u00e9s \u00e0 un sol sans grandes asp\u00e9rit\u00e9s.<\/span><\/p>\t\t\t\t\t\t\t\t<\/div>\n\t\t\t\t<\/div>\n\t\t\t\t\t<\/div>\n\t\t<\/div>\n\t\t\t\t\t<\/div>\n\t\t<\/section>\n\t\t\t\t<section class=\"elementor-section elementor-top-section elementor-element elementor-element-dcc21b2 elementor-section-boxed elementor-section-height-default elementor-section-height-default\" data-id=\"dcc21b2\" data-element_type=\"section\">\n\t\t\t\t\t\t<div class=\"elementor-container elementor-column-gap-default\">\n\t\t\t\t\t<div class=\"elementor-column elementor-col-100 elementor-top-column elementor-element elementor-element-6e48d87\" data-id=\"6e48d87\" data-element_type=\"column\">\n\t\t\t<div class=\"elementor-widget-wrap elementor-element-populated\">\n\t\t\t\t\t\t<div class=\"elementor-element elementor-element-703faf5 elementor-widget elementor-widget-text-editor\" data-id=\"703faf5\" data-element_type=\"widget\" data-widget_type=\"text-editor.default\">\n\t\t\t\t<div class=\"elementor-widget-container\">\n\t\t\t\t\t\t\t\t\t<p><span style=\"text-decoration: underline;\"><span style=\"font-size: 14pt; color: #000000; text-decoration: underline;\"><b>Quel pied choisir selon l\u2019usage pr\u00e9vu pour votre <\/b><b>beachflag<\/b><b> ? <\/b><\/span><\/span><\/p>\t\t\t\t\t\t\t\t<\/div>\n\t\t\t\t<\/div>\n\t\t\t\t\t<\/div>\n\t\t<\/div>\n\t\t\t\t\t<\/div>\n\t\t<\/section>\n\t\t\t\t<section class=\"elementor-section elementor-top-section elementor-element elementor-element-6c2f2aa elementor-section-boxed elementor-section-height-default elementor-section-height-default\" data-id=\"6c2f2aa\" data-element_type=\"section\">\n\t\t\t\t\t\t<div class=\"elementor-container elementor-column-gap-default\">\n\t\t\t\t\t<div class=\"elementor-column elementor-col-100 elementor-top-column elementor-element elementor-element-045043e\" data-id=\"045043e\" data-element_type=\"column\">\n\t\t\t<div class=\"elementor-widget-wrap elementor-element-populated\">\n\t\t\t\t\t\t<div class=\"elementor-element elementor-element-614ce41 elementor-widget elementor-widget-image\" data-id=\"614ce41\" data-element_type=\"widget\" data-widget_type=\"image.default\">\n\t\t\t\t<div class=\"elementor-widget-container\">\n\t\t\t\t\t\t\t\t\t\t\t\t\t\t\t<img decoding=\"async\" width=\"700\" height=\"534\" src=\"https:\/\/www.macapflag.com\/blog\/wp-content\/uploads\/2019\/02\/lieux-utilisation-beach-flag.gif\" class=\"attachment-large size-large wp-image-3296\" alt=\"\" \/>\t\t\t\t\t\t\t\t\t\t\t\t\t\t\t<\/div>\n\t\t\t\t<\/div>\n\t\t\t\t\t<\/div>\n\t\t<\/div>\n\t\t\t\t\t<\/div>\n\t\t<\/section>\n\t\t\t\t<section class=\"elementor-section elementor-top-section elementor-element elementor-element-9d744c0 elementor-section-boxed elementor-section-height-default elementor-section-height-default\" data-id=\"9d744c0\" data-element_type=\"section\">\n\t\t\t\t\t\t<div class=\"elementor-container elementor-column-gap-default\">\n\t\t\t\t\t<div class=\"elementor-column elementor-col-100 elementor-top-column elementor-element elementor-element-286894a\" data-id=\"286894a\" data-element_type=\"column\">\n\t\t\t<div class=\"elementor-widget-wrap elementor-element-populated\">\n\t\t\t\t\t\t<div class=\"elementor-element elementor-element-b50ffc0 elementor-widget elementor-widget-text-editor\" data-id=\"b50ffc0\" data-element_type=\"widget\" data-widget_type=\"text-editor.default\">\n\t\t\t\t<div class=\"elementor-widget-container\">\n\t\t\t\t\t\t\t\t\t<p><span style=\"font-size: 14pt; color: #000000;\"><b>. Si votre beachflag n\u2019a pas vocation \u00e0 \u00eatre mobile<br \/><\/b><\/span><span style=\"font-size: 14pt; color: #000000;\"><span style=\"font-weight: 400;\">Vous pouvez orienter votre choix vers des pieds parasol b\u00e9ton 18 kg ou 38 kg selon la hauteur de votre <\/span><span style=\"font-weight: 400;\">beach flag<\/span><span style=\"font-weight: 400;\"> et son exposition au vent. Si les deux versions sont \u00e9quip\u00e9es d\u2019une poign\u00e9e, le pied de 38 kg a \u00e9galement des roulettes pour permettre son d\u00e9placement malgr\u00e9 le poids.<\/span><\/span><\/p><p><span style=\"font-size: 14pt; color: #000000;\"><span style=\"font-weight: 400;\"><b style=\"font-size: 14pt;\">. Si votre beachflag se trouve toujours au m\u00eame endroit contre un mur<br \/><\/b><\/span><\/span><span style=\"font-size: 14pt; color: #000000;\"><span style=\"font-weight: 400;\">En ext\u00e9rieur, pour marquer l\u2019entr\u00e9e de <\/span><span style=\"font-weight: 400;\">commerces<\/span><span style=\"font-weight: 400;\"> ou en int\u00e9rieur pour d\u00e9limiter les diff\u00e9rents halls d\u2019un salon professionnel ou d\u2019un <\/span><span style=\"font-weight: 400;\">show room<\/span><span style=\"font-weight: 400;\">, pensez \u00e0 la platine murale en acier noir. Discr\u00e8te, elle se fixe au mur avec des vis (non fournies) gr\u00e2ce aux 4 orifices situ\u00e9s aux coins de la partie plate. Ce syst\u00e8me permet de d\u00e9poser et de retirer le m\u00e2t du <\/span><span style=\"font-weight: 400;\">beachflag<\/span><span style=\"font-weight: 400;\"> tr\u00e8s facilement sans aucune g\u00eane au sol.<\/span><\/span><\/p><p><span style=\"font-size: 14pt; color: #000000;\"><b>. Si votre beachflag est fr\u00e9quemment d\u00e9plac\u00e9 en ext\u00e9rieur<br \/><\/b><\/span><span style=\"font-weight: 400; font-size: 14pt; color: #000000;\">Dans cette situation aussi, la platine carr\u00e9e et le pied en croix restent les mod\u00e8les fortement recommand\u00e9s. <\/span><\/p><p><span style=\"font-size: 14pt; color: #000000;\"><b>. Si pour un salon , vous avez besoin d\u2019assurer la tenue de votre beachflag mais que vous ne voulez pas porter de poid lourd<br \/><\/b><\/span><span style=\"font-weight: 400; font-size: 14pt; color: #000000;\">Pensez alors aux pieds plastique lestables. Ils sont ultra-l\u00e9gers vides (0.8 Kg pour celui de 16 litres et 2.4 kg pour celui de 40 litres) donc ais\u00e9ment transportables. Ils peuvent ensuite \u00eatre remplis directement sur leur lieu d\u2019exposition avec de l\u2019eau ou du sable. Le pied parasol plastique de 40 litres assure une stabilit\u00e9 quelles que soient les conditions m\u00e9t\u00e9o.<\/span><\/p><p><span style=\"font-size: 14pt; color: #000000;\"><b>. Si vous souhaitez utiliser les m\u00eames pieds pour votre beach flag et votre parasol<br \/><\/b><\/span><span style=\"font-size: 14pt; color: #000000;\"><span style=\"font-weight: 400;\">Alors choisissez les pieds parasol en plastique et les pieds parasol en b\u00e9ton qui peuvent \u00eatre utilis\u00e9s aussi bien pour vos <\/span><span style=\"font-weight: 400;\">beach flags<\/span><span style=\"font-weight: 400;\"> que pour vos parasols.<\/span><\/span><\/p><p><span style=\"font-size: 14pt; color: #000000;\"><b>. Si vous travaillez dans le secteur automobile ou agricole<br \/><\/b><\/span><span style=\"font-weight: 400; font-size: 14pt; color: #000000;\">Votre choix ira tout naturellement vers le pied Autocal. L\u00e9ger, facilement transportable, il se glisse sous n\u2019importe quel type de roue : moto, voiture, tracteur ou autre engin agricole. Il s\u2019utilise ainsi aussi bien en int\u00e9rieur qu\u2019en ext\u00e9rieur. Il est donc naturellement pr\u00e9sent chez les concessionnaires automobiles et dans les all\u00e9es des salons professionnels.<\/span><\/p><p><span style=\"text-decoration: underline;\"><span style=\"font-size: 14pt; color: #000000;\"><b>Quel pied choisir en fonction de votre budget ?<\/b><\/span><\/span><\/p><p><span style=\"font-weight: 400; font-size: 14pt; color: #000000;\">Tous les pieds ne co\u00fbtent pas le m\u00eame prix et cet \u00e9l\u00e9ment peut aussi influencer votre choix.<\/span><\/p><p><span style=\"font-size: 14pt; color: #000000;\"><span style=\"font-weight: 400;\">La platine carr\u00e9e est le pied qui offre le meilleur rapport qualit\u00e9 \/ prix. Son adaptabilit\u00e9 et sa durabilit\u00e9 ne font que renforcer son attractivit\u00e9 pour faire de ce pied, le best seller de la gamme Macap.<\/span><\/span><\/p><p><span style=\"font-size: 14pt; color: #000000;\"><span style=\"font-weight: 400;\">Pour une utilisation en sol tr\u00e8s mou comme du sable ou de la neige, un pied forant vous reviendra environ deux fois moins cher qu\u2019un pied acier \u00e0 planter pour une utilisation relativement proche.<\/span><\/span><\/p><p><span style=\"font-weight: 400; font-size: 14pt; color: #000000;\">On retrouve cette m\u00eame comparaison pour des pieds qui ont besoin de peser un certain poids : un pied parasol plastique \u00e0 remplir d\u2019eau ou de sable co\u00fbte moins cher qu\u2019un pied parasol b\u00e9ton.<\/span><\/p><p><span style=\"font-weight: 400; font-size: 14pt; color: #000000;\">Le prix du transport de votre pied est \u00e9galement \u00e0 prendre en compte : plus le pied est lourd, plus le prix de son transport sera \u00e9lev\u00e9.<\/span><\/p><p><span style=\"font-size: 14pt; color: #000000;\"><b>Info +<\/b><span style=\"font-weight: 400;\"> : Tous les pieds de Beach Flags en acier ainsi que la platine murale sont \u00e9quip\u00e9s d\u2019un tube int\u00e9rieur plastique qui permet au m\u00e2t de tourner sur lui-m\u00eame. Le m\u00e2t et la voile suivent ainsi la direction du vent sans lui opposer de r\u00e9sistance et sans prendre le risque d\u2019un d\u00e9chirement ou d\u2019une d\u00e9gradation.<\/span><\/span><\/p><p><span style=\"font-weight: 400; font-size: 14pt; color: #000000;\">Seul le pied en plastique \u00e0 visser n\u2019est pas \u00e9quip\u00e9 de ce syst\u00e8me.<\/span><\/p><p><span style=\"font-size: 14pt; color: #000000;\"><span style=\"font-weight: 400;\">Retrouvez l\u2019univers des<\/span><span style=\"font-weight: 400;\"> flammes publicitaires<\/span><span style=\"font-weight: 400;\"> Macap dans la <strong><a href=\"https:\/\/www.macapflag.com\/41-beach-flag-oriflamme\" target=\"_blank\" rel=\"noopener\"><span style=\"color: #3366ff;\">rubrique <\/span><\/a><\/strong><\/span><strong><span style=\"color: #3366ff;\">oriflamme ou beach flag<\/span><\/strong><span style=\"font-weight: 400;\">\u00a0de notre site. Vous y retrouverez l\u2019ensemble des produits de cette cat\u00e9gorie :<br \/><\/span><\/span><span style=\"font-size: 14pt; color: #000000;\"><span style=\"font-weight: 400;\">Les kits Beach flag complets, les <\/span><span style=\"font-weight: 400;\">formes de voiles<\/span><span style=\"font-weight: 400;\">, pieds, m\u00e2ts et accessoires.<\/span><\/span><\/p><p><span style=\"font-size: 14pt; color: #000000;\"><strong>Une h\u00e9sitation sur le choix de votre pied de beach flag ? <br \/>Un conseil avis\u00e9 prenant en compte la hauteur souhait\u00e9e de votre flamme, son visuel imprim\u00e9<\/strong><span style=\"font-weight: 400;\"><strong> ou son lieu d\u2019installation ?<\/strong> <\/span><span style=\"font-weight: 400;\"><br \/><\/span><span style=\"font-weight: 400;\">Contactez notre service commercial via <span style=\"color: #000000;\">le formulaire de notre site, p<\/span>ar email contact@macapflag.com ou par t\u00e9l\u00e9phone au 04.94.48.50.57.<\/span><\/span><\/p><p><span style=\"color: #000000;\"><span style=\"font-size: 14pt;\"><span style=\"font-weight: 400;\">Macap imprime et confectionne depuis plus de 50 ans, des <\/span><span style=\"font-weight: 400;\">drapeaux publicitaires imprim\u00e9s personnalisables<\/span><span style=\"font-weight: 400;\">, drapeaux des <\/span><span style=\"font-weight: 400;\">pays <\/span><span style=\"font-weight: 400;\">du monde, banderoles et drapeaux de toutes <\/span><span style=\"font-weight: 400;\">formes<\/span><span style=\"font-weight: 400;\"> : <\/span><span style=\"font-weight: 400;\">impression<\/span><span style=\"font-weight: 400;\"> num\u00e9rique de <\/span><span style=\"font-weight: 400;\">haute qualit\u00e9<\/span><span style=\"font-weight: 400;\">, <\/span><span style=\"font-weight: 400;\">sublimation<\/span><span style=\"font-weight: 400;\">, <\/span><span style=\"font-weight: 400;\">finition<\/span><\/span><span style=\"font-weight: 400;\"><span style=\"font-size: 14pt;\"> manuelle sont les ma\u00eetres-mots de notre savoir faire alliant ainsi haute technologie et exp\u00e9rience.<\/span> <\/span><\/span><\/p>\t\t\t\t\t\t\t\t<\/div>\n\t\t\t\t<\/div>\n\t\t\t\t\t<\/div>\n\t\t<\/div>\n\t\t\t\t\t<\/div>\n\t\t<\/section>\n\t\t\t\t<section class=\"elementor-section elementor-top-section elementor-element elementor-element-9bc5cd2 elementor-section-boxed elementor-section-height-default elementor-section-height-default\" data-id=\"9bc5cd2\" data-element_type=\"section\">\n\t\t\t\t\t\t<div class=\"elementor-container elementor-column-gap-default\">\n\t\t\t\t\t<div class=\"elementor-column elementor-col-100 elementor-top-column elementor-element elementor-element-cda6879\" data-id=\"cda6879\" data-element_type=\"column\">\n\t\t\t<div class=\"elementor-widget-wrap elementor-element-populated\">\n\t\t\t\t\t\t<div class=\"elementor-element elementor-element-a95d8bf elementor-widget elementor-widget-text-editor\" data-id=\"a95d8bf\" data-element_type=\"widget\" data-widget_type=\"text-editor.default\">\n\t\t\t\t<div class=\"elementor-widget-container\">\n\t\t\t\t\t\t\t\t\t<p><img loading=\"lazy\" decoding=\"async\" class=\"size-full wp-image-2886 aligncenter\" src=\"https:\/\/www.macapflag.com\/blog\/wp-content\/uploads\/2018\/10\/picto-produitssolutions235x135.gif\" alt=\"Produits et solutions propos\u00e9s par Macap : drapeaux, banderoles ou Beachflags\" width=\"235\" height=\"135\" \/><\/p><p style=\"text-align: center;\"><span style=\"color: #000000;\"><strong>Macap<\/strong><\/span>\u00a0<strong>&#8211; Mardi 12 F\u00e9vrier 2019<\/strong><\/p><p style=\"text-align: center;\">\u00a0<\/p>\t\t\t\t\t\t\t\t<\/div>\n\t\t\t\t<\/div>\n\t\t\t\t\t<\/div>\n\t\t<\/div>\n\t\t\t\t\t<\/div>\n\t\t<\/section>\n\t\t\t\t<\/div>\n\t\t","protected":false},"excerpt":{"rendered":"<div class=\"tmnf_excerpt\"><p>On le d\u00e9nomme parfois oriflamme publicitaire personnalis\u00e9e, drapeau flamme publicitaire, drapeau oriflamme, voile publicitaire personnalis\u00e9e, flag publicitaire, beachflag en un mot ou beach flag en deux mots ! Si les d\u00e9nominations varient selon la personne qui les emploie, l\u2019unanimit\u00e9 est bien pr\u00e9sente sur la fonction de cet outil de communication devenu indispensable, le BEACH-FLAG ! &hellip;<\/p>\n<\/div>","protected":false},"author":2,"featured_media":3365,"comment_status":"closed","ping_status":"open","sticky":false,"template":"template-fullwidth.php","format":"standard","meta":{"footnotes":""},"categories":[90],"tags":[],"class_list":["post-3293","post","type-post","status-publish","format-standard","has-post-thumbnail","hentry","category-produits-et-sols"],"yoast_head":"<!-- This site is optimized with the Yoast SEO plugin v26.4 - https:\/\/yoast.com\/wordpress\/plugins\/seo\/ -->\n<title>Comment bien choisir le pied de son beach flag ou oriflamme ?<\/title>\n<meta name=\"description\" content=\"Outil de communication devenu indispensable, le beach flag s&#039;utilise aussi bien en ext\u00e9rieur qu&#039;en int\u00e9rieur. Le choix de son pied est primordial\" \/>\n<meta name=\"robots\" content=\"index, follow, max-snippet:-1, max-image-preview:large, max-video-preview:-1\" \/>\n<link rel=\"canonical\" href=\"https:\/\/www.macapflag.com\/blog\/pied-beach-flag\/\" \/>\n<meta property=\"og:locale\" content=\"fr_FR\" \/>\n<meta property=\"og:type\" content=\"article\" \/>\n<meta property=\"og:title\" content=\"Comment bien choisir le pied de son beach flag ou oriflamme ?\" \/>\n<meta property=\"og:description\" content=\"Outil de communication devenu indispensable, le beach flag s&#039;utilise aussi bien en ext\u00e9rieur qu&#039;en int\u00e9rieur. Le choix de son pied est primordial\" \/>\n<meta property=\"og:url\" content=\"https:\/\/www.macapflag.com\/blog\/pied-beach-flag\/\" \/>\n<meta property=\"og:site_name\" content=\"Blog - Macap\" \/>\n<meta property=\"article:publisher\" content=\"https:\/\/www.facebook.com\/macap.pavoisement\/\" \/>\n<meta property=\"article:published_time\" content=\"2019-02-12T08:00:44+00:00\" \/>\n<meta property=\"article:modified_time\" content=\"2021-02-23T10:21:45+00:00\" \/>\n<meta property=\"og:image\" content=\"https:\/\/www.macapflag.com\/blog\/wp-content\/uploads\/2019\/02\/choisir-pied-du-beach-titre-II.gif\" \/>\n\t<meta property=\"og:image:width\" content=\"700\" \/>\n\t<meta property=\"og:image:height\" content=\"534\" \/>\n\t<meta property=\"og:image:type\" content=\"image\/gif\" \/>\n<meta name=\"author\" content=\"Blog Macap\" \/>\n<meta name=\"twitter:card\" content=\"summary_large_image\" \/>\n<meta name=\"twitter:label1\" content=\"\u00c9crit par\" \/>\n\t<meta name=\"twitter:data1\" content=\"Blog Macap\" \/>\n\t<meta name=\"twitter:label2\" content=\"Dur\u00e9e de lecture estim\u00e9e\" \/>\n\t<meta name=\"twitter:data2\" content=\"7 minutes\" \/>\n<script type=\"application\/ld+json\" class=\"yoast-schema-graph\">{\"@context\":\"https:\/\/schema.org\",\"@graph\":[{\"@type\":\"Article\",\"@id\":\"https:\/\/www.macapflag.com\/blog\/pied-beach-flag\/#article\",\"isPartOf\":{\"@id\":\"https:\/\/www.macapflag.com\/blog\/pied-beach-flag\/\"},\"author\":{\"name\":\"Blog Macap\",\"@id\":\"https:\/\/www.macapflag.com\/blog\/#\/schema\/person\/3fea701f2603875e651e6b662578fc3c\"},\"headline\":\"Comment bien choisir le pied de son beachflag ?\",\"datePublished\":\"2019-02-12T08:00:44+00:00\",\"dateModified\":\"2021-02-23T10:21:45+00:00\",\"mainEntityOfPage\":{\"@id\":\"https:\/\/www.macapflag.com\/blog\/pied-beach-flag\/\"},\"wordCount\":1496,\"publisher\":{\"@id\":\"https:\/\/www.macapflag.com\/blog\/#organization\"},\"image\":{\"@id\":\"https:\/\/www.macapflag.com\/blog\/pied-beach-flag\/#primaryimage\"},\"thumbnailUrl\":\"https:\/\/www.macapflag.com\/blog\/wp-content\/uploads\/2019\/02\/choisir-pied-du-beach-titre-II.gif\",\"articleSection\":[\"Produits &amp; Solutions\"],\"inLanguage\":\"fr-FR\"},{\"@type\":\"WebPage\",\"@id\":\"https:\/\/www.macapflag.com\/blog\/pied-beach-flag\/\",\"url\":\"https:\/\/www.macapflag.com\/blog\/pied-beach-flag\/\",\"name\":\"Comment bien choisir le pied de son beach flag ou oriflamme ?\",\"isPartOf\":{\"@id\":\"https:\/\/www.macapflag.com\/blog\/#website\"},\"primaryImageOfPage\":{\"@id\":\"https:\/\/www.macapflag.com\/blog\/pied-beach-flag\/#primaryimage\"},\"image\":{\"@id\":\"https:\/\/www.macapflag.com\/blog\/pied-beach-flag\/#primaryimage\"},\"thumbnailUrl\":\"https:\/\/www.macapflag.com\/blog\/wp-content\/uploads\/2019\/02\/choisir-pied-du-beach-titre-II.gif\",\"datePublished\":\"2019-02-12T08:00:44+00:00\",\"dateModified\":\"2021-02-23T10:21:45+00:00\",\"description\":\"Outil de communication devenu indispensable, le beach flag s'utilise aussi bien en ext\u00e9rieur qu'en int\u00e9rieur. Le choix de son pied est primordial\",\"breadcrumb\":{\"@id\":\"https:\/\/www.macapflag.com\/blog\/pied-beach-flag\/#breadcrumb\"},\"inLanguage\":\"fr-FR\",\"potentialAction\":[{\"@type\":\"ReadAction\",\"target\":[\"https:\/\/www.macapflag.com\/blog\/pied-beach-flag\/\"]}]},{\"@type\":\"ImageObject\",\"inLanguage\":\"fr-FR\",\"@id\":\"https:\/\/www.macapflag.com\/blog\/pied-beach-flag\/#primaryimage\",\"url\":\"https:\/\/www.macapflag.com\/blog\/wp-content\/uploads\/2019\/02\/choisir-pied-du-beach-titre-II.gif\",\"contentUrl\":\"https:\/\/www.macapflag.com\/blog\/wp-content\/uploads\/2019\/02\/choisir-pied-du-beach-titre-II.gif\",\"width\":700,\"height\":534,\"caption\":\"Le beach flag ou oriflamme, pratique, \u00e9conomique, facile \u00e0 installer et transporter\"},{\"@type\":\"BreadcrumbList\",\"@id\":\"https:\/\/www.macapflag.com\/blog\/pied-beach-flag\/#breadcrumb\",\"itemListElement\":[{\"@type\":\"ListItem\",\"position\":1,\"name\":\"Accueil\",\"item\":\"https:\/\/www.macapflag.com\/blog\/\"},{\"@type\":\"ListItem\",\"position\":2,\"name\":\"Comment bien choisir le pied de son beachflag ?\"}]},{\"@type\":\"WebSite\",\"@id\":\"https:\/\/www.macapflag.com\/blog\/#website\",\"url\":\"https:\/\/www.macapflag.com\/blog\/\",\"name\":\"Blog - Macap\",\"description\":\"Tous nos articles\",\"publisher\":{\"@id\":\"https:\/\/www.macapflag.com\/blog\/#organization\"},\"potentialAction\":[{\"@type\":\"SearchAction\",\"target\":{\"@type\":\"EntryPoint\",\"urlTemplate\":\"https:\/\/www.macapflag.com\/blog\/?s={search_term_string}\"},\"query-input\":{\"@type\":\"PropertyValueSpecification\",\"valueRequired\":true,\"valueName\":\"search_term_string\"}}],\"inLanguage\":\"fr-FR\"},{\"@type\":\"Organization\",\"@id\":\"https:\/\/www.macapflag.com\/blog\/#organization\",\"name\":\"macapflag\",\"url\":\"https:\/\/www.macapflag.com\/blog\/\",\"logo\":{\"@type\":\"ImageObject\",\"inLanguage\":\"fr-FR\",\"@id\":\"https:\/\/www.macapflag.com\/blog\/#\/schema\/logo\/image\/\",\"url\":\"https:\/\/www.macapflag.com\/blog\/wp-content\/uploads\/2020\/12\/cropped-M-512-1.png\",\"contentUrl\":\"https:\/\/www.macapflag.com\/blog\/wp-content\/uploads\/2020\/12\/cropped-M-512-1.png\",\"width\":512,\"height\":512,\"caption\":\"macapflag\"},\"image\":{\"@id\":\"https:\/\/www.macapflag.com\/blog\/#\/schema\/logo\/image\/\"},\"sameAs\":[\"https:\/\/www.facebook.com\/macap.pavoisement\/\",\"https:\/\/www.instagram.com\/macapflag\/?hl=fr\",\"https:\/\/www.linkedin.com\/company\/macap\/?originalSubdomain=fr\",\"https:\/\/www.youtube.com\/channel\/UCXNzTIdZh9poEBjSXEqDtNw\"]},{\"@type\":\"Person\",\"@id\":\"https:\/\/www.macapflag.com\/blog\/#\/schema\/person\/3fea701f2603875e651e6b662578fc3c\",\"name\":\"Blog Macap\",\"image\":{\"@type\":\"ImageObject\",\"inLanguage\":\"fr-FR\",\"@id\":\"https:\/\/www.macapflag.com\/blog\/#\/schema\/person\/image\/\",\"url\":\"https:\/\/secure.gravatar.com\/avatar\/c12551f2dc51f0db049633b03e7856985477a70da834cc8967dea4ce54bdd6a2?s=96&d=mm&r=g\",\"contentUrl\":\"https:\/\/secure.gravatar.com\/avatar\/c12551f2dc51f0db049633b03e7856985477a70da834cc8967dea4ce54bdd6a2?s=96&d=mm&r=g\",\"caption\":\"Blog Macap\"},\"url\":\"https:\/\/www.macapflag.com\/blog\/author\/macap\/\"}]}<\/script>\n<!-- \/ Yoast SEO plugin. -->","yoast_head_json":{"title":"Comment bien choisir le pied de son beach flag ou oriflamme ?","description":"Outil de communication devenu indispensable, le beach flag s'utilise aussi bien en ext\u00e9rieur qu'en int\u00e9rieur. Le choix de son pied est primordial","robots":{"index":"index","follow":"follow","max-snippet":"max-snippet:-1","max-image-preview":"max-image-preview:large","max-video-preview":"max-video-preview:-1"},"canonical":"https:\/\/www.macapflag.com\/blog\/pied-beach-flag\/","og_locale":"fr_FR","og_type":"article","og_title":"Comment bien choisir le pied de son beach flag ou oriflamme ?","og_description":"Outil de communication devenu indispensable, le beach flag s'utilise aussi bien en ext\u00e9rieur qu'en int\u00e9rieur. Le choix de son pied est primordial","og_url":"https:\/\/www.macapflag.com\/blog\/pied-beach-flag\/","og_site_name":"Blog - Macap","article_publisher":"https:\/\/www.facebook.com\/macap.pavoisement\/","article_published_time":"2019-02-12T08:00:44+00:00","article_modified_time":"2021-02-23T10:21:45+00:00","og_image":[{"width":700,"height":534,"url":"https:\/\/www.macapflag.com\/blog\/wp-content\/uploads\/2019\/02\/choisir-pied-du-beach-titre-II.gif","type":"image\/gif"}],"author":"Blog Macap","twitter_card":"summary_large_image","twitter_misc":{"\u00c9crit par":"Blog Macap","Dur\u00e9e de lecture estim\u00e9e":"7 minutes"},"schema":{"@context":"https:\/\/schema.org","@graph":[{"@type":"Article","@id":"https:\/\/www.macapflag.com\/blog\/pied-beach-flag\/#article","isPartOf":{"@id":"https:\/\/www.macapflag.com\/blog\/pied-beach-flag\/"},"author":{"name":"Blog Macap","@id":"https:\/\/www.macapflag.com\/blog\/#\/schema\/person\/3fea701f2603875e651e6b662578fc3c"},"headline":"Comment bien choisir le pied de son beachflag ?","datePublished":"2019-02-12T08:00:44+00:00","dateModified":"2021-02-23T10:21:45+00:00","mainEntityOfPage":{"@id":"https:\/\/www.macapflag.com\/blog\/pied-beach-flag\/"},"wordCount":1496,"publisher":{"@id":"https:\/\/www.macapflag.com\/blog\/#organization"},"image":{"@id":"https:\/\/www.macapflag.com\/blog\/pied-beach-flag\/#primaryimage"},"thumbnailUrl":"https:\/\/www.macapflag.com\/blog\/wp-content\/uploads\/2019\/02\/choisir-pied-du-beach-titre-II.gif","articleSection":["Produits &amp; Solutions"],"inLanguage":"fr-FR"},{"@type":"WebPage","@id":"https:\/\/www.macapflag.com\/blog\/pied-beach-flag\/","url":"https:\/\/www.macapflag.com\/blog\/pied-beach-flag\/","name":"Comment bien choisir le pied de son beach flag ou oriflamme ?","isPartOf":{"@id":"https:\/\/www.macapflag.com\/blog\/#website"},"primaryImageOfPage":{"@id":"https:\/\/www.macapflag.com\/blog\/pied-beach-flag\/#primaryimage"},"image":{"@id":"https:\/\/www.macapflag.com\/blog\/pied-beach-flag\/#primaryimage"},"thumbnailUrl":"https:\/\/www.macapflag.com\/blog\/wp-content\/uploads\/2019\/02\/choisir-pied-du-beach-titre-II.gif","datePublished":"2019-02-12T08:00:44+00:00","dateModified":"2021-02-23T10:21:45+00:00","description":"Outil de communication devenu indispensable, le beach flag s'utilise aussi bien en ext\u00e9rieur qu'en int\u00e9rieur. Le choix de son pied est primordial","breadcrumb":{"@id":"https:\/\/www.macapflag.com\/blog\/pied-beach-flag\/#breadcrumb"},"inLanguage":"fr-FR","potentialAction":[{"@type":"ReadAction","target":["https:\/\/www.macapflag.com\/blog\/pied-beach-flag\/"]}]},{"@type":"ImageObject","inLanguage":"fr-FR","@id":"https:\/\/www.macapflag.com\/blog\/pied-beach-flag\/#primaryimage","url":"https:\/\/www.macapflag.com\/blog\/wp-content\/uploads\/2019\/02\/choisir-pied-du-beach-titre-II.gif","contentUrl":"https:\/\/www.macapflag.com\/blog\/wp-content\/uploads\/2019\/02\/choisir-pied-du-beach-titre-II.gif","width":700,"height":534,"caption":"Le beach flag ou oriflamme, pratique, \u00e9conomique, facile \u00e0 installer et transporter"},{"@type":"BreadcrumbList","@id":"https:\/\/www.macapflag.com\/blog\/pied-beach-flag\/#breadcrumb","itemListElement":[{"@type":"ListItem","position":1,"name":"Accueil","item":"https:\/\/www.macapflag.com\/blog\/"},{"@type":"ListItem","position":2,"name":"Comment bien choisir le pied de son beachflag ?"}]},{"@type":"WebSite","@id":"https:\/\/www.macapflag.com\/blog\/#website","url":"https:\/\/www.macapflag.com\/blog\/","name":"Blog - Macap","description":"Tous nos articles","publisher":{"@id":"https:\/\/www.macapflag.com\/blog\/#organization"},"potentialAction":[{"@type":"SearchAction","target":{"@type":"EntryPoint","urlTemplate":"https:\/\/www.macapflag.com\/blog\/?s={search_term_string}"},"query-input":{"@type":"PropertyValueSpecification","valueRequired":true,"valueName":"search_term_string"}}],"inLanguage":"fr-FR"},{"@type":"Organization","@id":"https:\/\/www.macapflag.com\/blog\/#organization","name":"macapflag","url":"https:\/\/www.macapflag.com\/blog\/","logo":{"@type":"ImageObject","inLanguage":"fr-FR","@id":"https:\/\/www.macapflag.com\/blog\/#\/schema\/logo\/image\/","url":"https:\/\/www.macapflag.com\/blog\/wp-content\/uploads\/2020\/12\/cropped-M-512-1.png","contentUrl":"https:\/\/www.macapflag.com\/blog\/wp-content\/uploads\/2020\/12\/cropped-M-512-1.png","width":512,"height":512,"caption":"macapflag"},"image":{"@id":"https:\/\/www.macapflag.com\/blog\/#\/schema\/logo\/image\/"},"sameAs":["https:\/\/www.facebook.com\/macap.pavoisement\/","https:\/\/www.instagram.com\/macapflag\/?hl=fr","https:\/\/www.linkedin.com\/company\/macap\/?originalSubdomain=fr","https:\/\/www.youtube.com\/channel\/UCXNzTIdZh9poEBjSXEqDtNw"]},{"@type":"Person","@id":"https:\/\/www.macapflag.com\/blog\/#\/schema\/person\/3fea701f2603875e651e6b662578fc3c","name":"Blog Macap","image":{"@type":"ImageObject","inLanguage":"fr-FR","@id":"https:\/\/www.macapflag.com\/blog\/#\/schema\/person\/image\/","url":"https:\/\/secure.gravatar.com\/avatar\/c12551f2dc51f0db049633b03e7856985477a70da834cc8967dea4ce54bdd6a2?s=96&d=mm&r=g","contentUrl":"https:\/\/secure.gravatar.com\/avatar\/c12551f2dc51f0db049633b03e7856985477a70da834cc8967dea4ce54bdd6a2?s=96&d=mm&r=g","caption":"Blog Macap"},"url":"https:\/\/www.macapflag.com\/blog\/author\/macap\/"}]}},"_links":{"self":[{"href":"https:\/\/www.macapflag.com\/blog\/wp-json\/wp\/v2\/posts\/3293","targetHints":{"allow":["GET"]}}],"collection":[{"href":"https:\/\/www.macapflag.com\/blog\/wp-json\/wp\/v2\/posts"}],"about":[{"href":"https:\/\/www.macapflag.com\/blog\/wp-json\/wp\/v2\/types\/post"}],"author":[{"embeddable":true,"href":"https:\/\/www.macapflag.com\/blog\/wp-json\/wp\/v2\/users\/2"}],"replies":[{"embeddable":true,"href":"https:\/\/www.macapflag.com\/blog\/wp-json\/wp\/v2\/comments?post=3293"}],"version-history":[{"count":22,"href":"https:\/\/www.macapflag.com\/blog\/wp-json\/wp\/v2\/posts\/3293\/revisions"}],"predecessor-version":[{"id":6486,"href":"https:\/\/www.macapflag.com\/blog\/wp-json\/wp\/v2\/posts\/3293\/revisions\/6486"}],"wp:featuredmedia":[{"embeddable":true,"href":"https:\/\/www.macapflag.com\/blog\/wp-json\/wp\/v2\/media\/3365"}],"wp:attachment":[{"href":"https:\/\/www.macapflag.com\/blog\/wp-json\/wp\/v2\/media?parent=3293"}],"wp:term":[{"taxonomy":"category","embeddable":true,"href":"https:\/\/www.macapflag.com\/blog\/wp-json\/wp\/v2\/categories?post=3293"},{"taxonomy":"post_tag","embeddable":true,"href":"https:\/\/www.macapflag.com\/blog\/wp-json\/wp\/v2\/tags?post=3293"}],"curies":[{"name":"wp","href":"https:\/\/api.w.org\/{rel}","templated":true}]}}