{"id":3324,"date":"2019-02-28T09:22:30","date_gmt":"2019-02-28T08:22:30","guid":{"rendered":"https:\/\/www.macapflag.com\/blog\/?p=3324"},"modified":"2019-11-25T11:37:59","modified_gmt":"2019-11-25T10:37:59","slug":"stands-et-salons","status":"publish","type":"post","link":"https:\/\/www.macapflag.com\/blog\/stands-et-salons\/","title":{"rendered":"Stands &#038; Salons, une solution en 15 mn chrono, \u00e7a vous tente ?"},"content":{"rendered":"\t\t<div data-elementor-type=\"wp-post\" data-elementor-id=\"3324\" class=\"elementor elementor-3324 elementor-bc-flex-widget\">\n\t\t\t\t\t\t<section class=\"elementor-section elementor-top-section elementor-element elementor-element-a768f0c elementor-section-boxed elementor-section-height-default elementor-section-height-default\" data-id=\"a768f0c\" data-element_type=\"section\">\n\t\t\t\t\t\t<div class=\"elementor-container elementor-column-gap-default\">\n\t\t\t\t\t<div class=\"elementor-column elementor-col-100 elementor-top-column elementor-element elementor-element-479d142\" data-id=\"479d142\" data-element_type=\"column\">\n\t\t\t<div class=\"elementor-widget-wrap elementor-element-populated\">\n\t\t\t\t\t\t<div class=\"elementor-element elementor-element-dcad187 elementor-widget elementor-widget-text-editor\" data-id=\"dcad187\" data-element_type=\"widget\" data-widget_type=\"text-editor.default\">\n\t\t\t\t<div class=\"elementor-widget-container\">\n\t\t\t\t\t\t\t\t\t<p><span style=\"font-weight: 400; font-size: 14pt; color: #000000;\">C\u2019est souvent la m\u00eame histoire lorsqu\u2019il s\u2019agit d\u2019assurer la visibilit\u00e9 de sa marque sur un salon&#8230;<br \/><\/span><span style=\"color: #000000; font-size: 14pt;\">Il faut trouver une solution d\u2019agencement de l\u2019espace dont nous disposons (et qui n\u2019est jamais le m\u00eame que le pr\u00e9c\u00e9dent), il faut transporter les \u00e9l\u00e9ments de d\u00e9coration du stand, (m\u00eame quand on trouve \u00e0 une longue distance du lieu du salon), il faut ensuite assurer la mise en place puis le rangement et le rapatriement du mat\u00e9riel qui finit souvent au fond d\u2019une zone de stockage dans l\u2019entreprise.<br \/><\/span><span style=\"font-weight: 400; font-size: 14pt; color: #000000;\">Bref, on est tous d\u2019accord, c\u2019est souvent lourd \u00e0 tout point de vue !<\/span><\/p><p><span style=\"color: #000000;\"><b><span style=\"font-size: 14pt;\">Et si nous avions trouv\u00e9 \u201cLA\u201d solution ?&#8230; Un stand personnalis\u00e9, design, l\u00e9ger, facile \u00e0 transporter et enti\u00e8rement modulable pour s\u2019adapter \u00e0 toutes les dimensions d\u2019espaces.<\/span> <\/b><\/span><\/p>\t\t\t\t\t\t\t\t<\/div>\n\t\t\t\t<\/div>\n\t\t\t\t\t<\/div>\n\t\t<\/div>\n\t\t\t\t\t<\/div>\n\t\t<\/section>\n\t\t\t\t<section class=\"elementor-section elementor-top-section elementor-element elementor-element-265d4ed elementor-section-boxed elementor-section-height-default elementor-section-height-default\" data-id=\"265d4ed\" data-element_type=\"section\">\n\t\t\t\t\t\t<div class=\"elementor-container elementor-column-gap-default\">\n\t\t\t\t\t<div class=\"elementor-column elementor-col-100 elementor-top-column elementor-element elementor-element-aff5380\" data-id=\"aff5380\" data-element_type=\"column\">\n\t\t\t<div class=\"elementor-widget-wrap elementor-element-populated\">\n\t\t\t\t\t\t<div class=\"elementor-element elementor-element-28bb7d4 elementor-widget elementor-widget-video\" data-id=\"28bb7d4\" data-element_type=\"widget\" data-settings=\"{&quot;youtube_url&quot;:&quot;https:\\\/\\\/youtu.be\\\/kYuENd28pdw&quot;,&quot;start&quot;:0,&quot;autoplay&quot;:&quot;yes&quot;,&quot;video_type&quot;:&quot;youtube&quot;,&quot;controls&quot;:&quot;yes&quot;}\" data-widget_type=\"video.default\">\n\t\t\t\t<div class=\"elementor-widget-container\">\n\t\t\t\t\t\t\t<div class=\"elementor-wrapper elementor-open-inline\">\n\t\t\t<div class=\"elementor-video\"><\/div>\t\t<\/div>\n\t\t\t\t\t\t<\/div>\n\t\t\t\t<\/div>\n\t\t\t\t\t<\/div>\n\t\t<\/div>\n\t\t\t\t\t<\/div>\n\t\t<\/section>\n\t\t\t\t<section class=\"elementor-section elementor-top-section elementor-element elementor-element-25ddc0f elementor-section-boxed elementor-section-height-default elementor-section-height-default\" data-id=\"25ddc0f\" data-element_type=\"section\">\n\t\t\t\t\t\t<div class=\"elementor-container elementor-column-gap-default\">\n\t\t\t\t\t<div class=\"elementor-column elementor-col-100 elementor-top-column elementor-element elementor-element-7b6d426\" data-id=\"7b6d426\" data-element_type=\"column\">\n\t\t\t<div class=\"elementor-widget-wrap elementor-element-populated\">\n\t\t\t\t\t\t<div class=\"elementor-element elementor-element-6677027 elementor-widget elementor-widget-text-editor\" data-id=\"6677027\" data-element_type=\"widget\" data-widget_type=\"text-editor.default\">\n\t\t\t\t<div class=\"elementor-widget-container\">\n\t\t\t\t\t\t\t\t\t<p><a href=\"https:\/\/www.macapflag.com\/display-roll-up\/184-mur-d-image-photocall-telescopique-1-face.html\" target=\"_blank\" rel=\"noopener\"><strong><span style=\"font-size: 14pt; color: #000000;\">La proposition de stand pr\u00e9sent\u00e9e ci-dessous est compos\u00e9e de :<\/span><\/strong><\/a><br \/><span style=\"font-size: 14pt; color: #000000;\">. 1 x <a href=\"https:\/\/www.macapflag.com\/display-roll-up\/184-mur-d-image-photocall-telescopique-1-face.html\" target=\"_blank\" rel=\"noopener\"><span style=\"color: #3366ff;\"><strong>mur d\u2019image<\/strong><\/span><\/a> ou photo call (dimensions structure mont\u00e9e H 300 x L 300 cm)<\/span><br \/><span style=\"font-size: 14pt; color: #000000;\">. 1 x comptoir pliable (dimensions structure mont\u00e9e H 200 x L 80 cm)<\/span><br \/><span style=\"font-size: 14pt; color: #000000;\">. 3 x <a href=\"https:\/\/www.macapflag.com\/beach-flag-oriflamme\/239-beach-flag-oriflamme-light-kit-complet.html\" target=\"_blank\" rel=\"noopener\"><span style=\"color: #3366ff;\"><strong>beach flag light<\/strong><\/span><\/a> ou oriflamme (dimensions voile H 180 x L 40 cm)<\/span><br \/><span style=\"font-size: 14pt; color: #000000;\">. 1 x roll\u2019up ou display (dimensions structure mont\u00e9e L 200 x l 50 x H 83 cm)<\/span><br \/><span style=\"font-size: 14pt; color: #000000;\">. 2 x chaise acteur ou fauteuil personnalis\u00e9 (dimensions structure mont\u00e9e L 53 x l 50 x H 83 cm)<\/span><br \/><span style=\"font-size: 14pt; color: #000000;\">. 2 x <a href=\"https:\/\/www.macapflag.com\/91-chaise-publicitaire-cube-pouf\" target=\"_blank\" rel=\"noopener\"><strong><span style=\"color: #3366ff;\">cube en mousse<\/span><\/strong><\/a> ou pouf cube (dimensions 40 x 40 cm)<\/span><br \/><span style=\"font-size: 14pt; color: #000000;\">. 1 x nappe (dimensions 90 x 90 cm)<\/span><\/p>\t\t\t\t\t\t\t\t<\/div>\n\t\t\t\t<\/div>\n\t\t\t\t\t<\/div>\n\t\t<\/div>\n\t\t\t\t\t<\/div>\n\t\t<\/section>\n\t\t\t\t<section class=\"elementor-section elementor-top-section elementor-element elementor-element-42bcc51 elementor-section-boxed elementor-section-height-default elementor-section-height-default\" data-id=\"42bcc51\" data-element_type=\"section\">\n\t\t\t\t\t\t<div class=\"elementor-container elementor-column-gap-default\">\n\t\t\t\t\t<div class=\"elementor-column elementor-col-100 elementor-top-column elementor-element elementor-element-7e91b55\" data-id=\"7e91b55\" data-element_type=\"column\">\n\t\t\t<div class=\"elementor-widget-wrap elementor-element-populated\">\n\t\t\t\t\t\t<div class=\"elementor-element elementor-element-147c425 elementor-widget elementor-widget-text-editor\" data-id=\"147c425\" data-element_type=\"widget\" data-widget_type=\"text-editor.default\">\n\t\t\t\t<div class=\"elementor-widget-container\">\n\t\t\t\t\t\t\t\t\t<h2><strong><span style=\"font-size: 14pt; color: #000000;\">Les + de cette formule :<\/span><\/strong><\/h2><p><span style=\"font-size: 14pt; color: #000000;\">. Les diff\u00e9rents produits pr\u00e9sent\u00e9s sur ce stand sont tous ind\u00e9pendants les uns des autres ce qui permet de les utiliser tous ensemble, de n\u2019en prendre que quelques uns et de les disposer comme bon vous semble.<\/span><\/p><p><span style=\"font-size: 14pt; color: #000000;\">. S\u2019ils v\u00e9hiculent une forte image de votre marque sur un salon, tous ces objets peuvent \u00e9galement \u00eatre r\u00e9utilis\u00e9s au sein de votre entreprise pour, par exemple, am\u00e9liorer un hall d\u2019accueil ou cr\u00e9er un espace d\u2019attente destin\u00e9 aux visiteurs.<\/span><\/p><p><span style=\"font-size: 14pt; color: #000000;\">. Tous les produits pr\u00e9sent\u00e9s sont personnalis\u00e9s \u00e0 votre image par impression num\u00e9rique haute d\u00e9finition et sublimation des couleurs. Chacun d\u2019entre eux est compos\u00e9 d\u2019un support (cube en mousse, armature de chaise ou de comptoir) recouvert d\u2019une pi\u00e8ce de textile au format correspondant. Cet ing\u00e9nieux syst\u00e8me vous offre la possibilit\u00e9 de renouveler vos visuels ce qui rend cette offre encore plus \u00e9conomique.<\/span><\/p><p><span style=\"font-size: 14pt; color: #000000;\">. Tous ces produits s\u2019installent et se d\u00e9montent tr\u00e8s rapidement sans devoir faire appel \u00e0 des techniciens. L\u2019installation de l\u2019ensemble des produits pr\u00e9sent\u00e9s ci-dessous n\u2019a dur\u00e9 que 15 minutes.<\/span><\/p><p><span style=\"font-size: 14pt; color: #000000;\">. Les supports personnalis\u00e9s propos\u00e9s ici sont \u00e9conomiques et leurs visuels sont interchangeables. Ils repr\u00e9sentent un achat utile et un investissement sur votre image \u00e0 moindre co\u00fbt.<\/span><\/p><p><span style=\"font-size: 14pt; color: #000000;\">Alors\u2026 Convaincu ?<\/span><\/p>\t\t\t\t\t\t\t\t<\/div>\n\t\t\t\t<\/div>\n\t\t\t\t\t<\/div>\n\t\t<\/div>\n\t\t\t\t\t<\/div>\n\t\t<\/section>\n\t\t\t\t<section class=\"elementor-section elementor-top-section elementor-element elementor-element-da1e986 elementor-section-boxed elementor-section-height-default elementor-section-height-default\" data-id=\"da1e986\" data-element_type=\"section\">\n\t\t\t\t\t\t<div class=\"elementor-container elementor-column-gap-default\">\n\t\t\t\t\t<div class=\"elementor-column elementor-col-100 elementor-top-column elementor-element elementor-element-5e2ba3e\" data-id=\"5e2ba3e\" data-element_type=\"column\">\n\t\t\t<div class=\"elementor-widget-wrap elementor-element-populated\">\n\t\t\t\t\t\t<div class=\"elementor-element elementor-element-34cafb6 elementor-widget elementor-widget-text-editor\" data-id=\"34cafb6\" data-element_type=\"widget\" data-widget_type=\"text-editor.default\">\n\t\t\t\t<div class=\"elementor-widget-container\">\n\t\t\t\t\t\t\t\t\t<p style=\"text-align: center;\"><span style=\"font-size: 14pt; color: #000000;\"><span style=\"font-weight: 400;\">Vous souhaitez demander une \u00e9tude ou une offre de prix ? <\/span><span style=\"font-weight: 400;\"><br \/><\/span><span style=\"font-weight: 400;\">Contactez notre \u00e9quipe commerciale via le formulaire de notre site internet<br \/><\/span><\/span><span style=\"font-size: 14pt; color: #000000;\">ou par t\u00e9l\u00e9phone au 04 94 48 50 57.<\/span><\/p>\t\t\t\t\t\t\t\t<\/div>\n\t\t\t\t<\/div>\n\t\t\t\t\t<\/div>\n\t\t<\/div>\n\t\t\t\t\t<\/div>\n\t\t<\/section>\n\t\t\t\t<section class=\"elementor-section elementor-top-section elementor-element elementor-element-edd4cfa elementor-section-boxed elementor-section-height-default elementor-section-height-default\" data-id=\"edd4cfa\" data-element_type=\"section\">\n\t\t\t\t\t\t<div class=\"elementor-container elementor-column-gap-default\">\n\t\t\t\t\t<div class=\"elementor-column elementor-col-100 elementor-top-column elementor-element elementor-element-796b8a6\" data-id=\"796b8a6\" data-element_type=\"column\">\n\t\t\t<div class=\"elementor-widget-wrap elementor-element-populated\">\n\t\t\t\t\t\t<div class=\"elementor-element elementor-element-6ea801f elementor-widget elementor-widget-text-editor\" data-id=\"6ea801f\" data-element_type=\"widget\" data-widget_type=\"text-editor.default\">\n\t\t\t\t<div class=\"elementor-widget-container\">\n\t\t\t\t\t\t\t\t\t<p><img decoding=\"async\" class=\"size-full wp-image-2886 aligncenter\" src=\"https:\/\/www.macapflag.com\/blog\/wp-content\/uploads\/2018\/10\/picto-produitssolutions235x135.gif\" alt=\"Produits et solutions propos\u00e9s par Macap : drapeaux, banderoles ou Beachflags\" width=\"235\" height=\"135\" \/><\/p><p style=\"text-align: center;\"><span style=\"color: #000000;\"><strong>Macap<\/strong><\/span>\u00a0<strong>&#8211; Jeudi 28 F\u00e9vrier<\/strong><\/p><p style=\"text-align: center;\">\u00a0<\/p>\t\t\t\t\t\t\t\t<\/div>\n\t\t\t\t<\/div>\n\t\t\t\t\t<\/div>\n\t\t<\/div>\n\t\t\t\t\t<\/div>\n\t\t<\/section>\n\t\t\t\t<\/div>\n\t\t","protected":false},"excerpt":{"rendered":"<div class=\"tmnf_excerpt\"><p>C\u2019est souvent la m\u00eame histoire lorsqu\u2019il s\u2019agit d\u2019assurer la visibilit\u00e9 de sa marque sur un salon&#8230;Il faut trouver une solution d\u2019agencement de l\u2019espace dont nous disposons (et qui n\u2019est jamais le m\u00eame que le pr\u00e9c\u00e9dent), il faut transporter les \u00e9l\u00e9ments de d\u00e9coration du stand, (m\u00eame quand on trouve \u00e0 une longue distance du lieu du &hellip;<\/p>\n<\/div>","protected":false},"author":2,"featured_media":3331,"comment_status":"closed","ping_status":"open","sticky":false,"template":"template-fullwidth.php","format":"standard","meta":{"footnotes":""},"categories":[90],"tags":[],"class_list":["post-3324","post","type-post","status-publish","format-standard","has-post-thumbnail","hentry","category-produits-et-sols"],"yoast_head":"<!-- This site is optimized with the Yoast SEO plugin v26.4 - https:\/\/yoast.com\/wordpress\/plugins\/seo\/ -->\n<title>Stand de salon, une solution \u00e9conomique d&#039;am\u00e9nagement en 15 minutes<\/title>\n<meta name=\"description\" content=\"Voil\u00e0 la solution \u00e0 toutes vos probl\u00e9matiques d&#039;am\u00e9nagement de votre stand lors de salons. Un kit \u00e9conomique, l\u00e9ger, transportable et facile \u00e0 installer\" \/>\n<meta name=\"robots\" content=\"index, follow, max-snippet:-1, max-image-preview:large, max-video-preview:-1\" \/>\n<link rel=\"canonical\" href=\"https:\/\/www.macapflag.com\/blog\/stands-et-salons\/\" \/>\n<meta property=\"og:locale\" content=\"fr_FR\" \/>\n<meta property=\"og:type\" content=\"article\" \/>\n<meta property=\"og:title\" content=\"Stand de salon, une solution \u00e9conomique d&#039;am\u00e9nagement en 15 minutes\" \/>\n<meta property=\"og:description\" content=\"Voil\u00e0 la solution \u00e0 toutes vos probl\u00e9matiques d&#039;am\u00e9nagement de votre stand lors de salons. Un kit \u00e9conomique, l\u00e9ger, transportable et facile \u00e0 installer\" \/>\n<meta property=\"og:url\" content=\"https:\/\/www.macapflag.com\/blog\/stands-et-salons\/\" \/>\n<meta property=\"og:site_name\" content=\"Blog - Macap\" \/>\n<meta property=\"article:publisher\" content=\"https:\/\/www.facebook.com\/macap.pavoisement\/\" \/>\n<meta property=\"article:published_time\" content=\"2019-02-28T08:22:30+00:00\" \/>\n<meta property=\"article:modified_time\" content=\"2019-11-25T10:37:59+00:00\" \/>\n<meta property=\"og:image\" content=\"https:\/\/www.macapflag.com\/blog\/wp-content\/uploads\/2019\/02\/Un-stand-economique-et-facile-\u00e0-monter.jpg\" \/>\n\t<meta property=\"og:image:width\" content=\"700\" \/>\n\t<meta property=\"og:image:height\" content=\"463\" \/>\n\t<meta property=\"og:image:type\" content=\"image\/jpeg\" \/>\n<meta name=\"author\" content=\"Blog Macap\" \/>\n<meta name=\"twitter:card\" content=\"summary_large_image\" \/>\n<meta name=\"twitter:label1\" content=\"\u00c9crit par\" \/>\n\t<meta name=\"twitter:data1\" content=\"Blog Macap\" \/>\n\t<meta name=\"twitter:label2\" content=\"Dur\u00e9e de lecture estim\u00e9e\" \/>\n\t<meta name=\"twitter:data2\" content=\"2 minutes\" \/>\n<script type=\"application\/ld+json\" class=\"yoast-schema-graph\">{\"@context\":\"https:\/\/schema.org\",\"@graph\":[{\"@type\":\"Article\",\"@id\":\"https:\/\/www.macapflag.com\/blog\/stands-et-salons\/#article\",\"isPartOf\":{\"@id\":\"https:\/\/www.macapflag.com\/blog\/stands-et-salons\/\"},\"author\":{\"name\":\"Blog Macap\",\"@id\":\"https:\/\/www.macapflag.com\/blog\/#\/schema\/person\/3fea701f2603875e651e6b662578fc3c\"},\"headline\":\"Stands &#038; Salons, une solution en 15 mn chrono, \u00e7a vous tente ?\",\"datePublished\":\"2019-02-28T08:22:30+00:00\",\"dateModified\":\"2019-11-25T10:37:59+00:00\",\"mainEntityOfPage\":{\"@id\":\"https:\/\/www.macapflag.com\/blog\/stands-et-salons\/\"},\"wordCount\":510,\"publisher\":{\"@id\":\"https:\/\/www.macapflag.com\/blog\/#organization\"},\"image\":{\"@id\":\"https:\/\/www.macapflag.com\/blog\/stands-et-salons\/#primaryimage\"},\"thumbnailUrl\":\"https:\/\/www.macapflag.com\/blog\/wp-content\/uploads\/2019\/02\/Un-stand-economique-et-facile-\u00e0-monter.jpg\",\"articleSection\":[\"Produits &amp; Solutions\"],\"inLanguage\":\"fr-FR\"},{\"@type\":\"WebPage\",\"@id\":\"https:\/\/www.macapflag.com\/blog\/stands-et-salons\/\",\"url\":\"https:\/\/www.macapflag.com\/blog\/stands-et-salons\/\",\"name\":\"Stand de salon, une solution \u00e9conomique d'am\u00e9nagement en 15 minutes\",\"isPartOf\":{\"@id\":\"https:\/\/www.macapflag.com\/blog\/#website\"},\"primaryImageOfPage\":{\"@id\":\"https:\/\/www.macapflag.com\/blog\/stands-et-salons\/#primaryimage\"},\"image\":{\"@id\":\"https:\/\/www.macapflag.com\/blog\/stands-et-salons\/#primaryimage\"},\"thumbnailUrl\":\"https:\/\/www.macapflag.com\/blog\/wp-content\/uploads\/2019\/02\/Un-stand-economique-et-facile-\u00e0-monter.jpg\",\"datePublished\":\"2019-02-28T08:22:30+00:00\",\"dateModified\":\"2019-11-25T10:37:59+00:00\",\"description\":\"Voil\u00e0 la solution \u00e0 toutes vos probl\u00e9matiques d'am\u00e9nagement de votre stand lors de salons. Un kit \u00e9conomique, l\u00e9ger, transportable et facile \u00e0 installer\",\"breadcrumb\":{\"@id\":\"https:\/\/www.macapflag.com\/blog\/stands-et-salons\/#breadcrumb\"},\"inLanguage\":\"fr-FR\",\"potentialAction\":[{\"@type\":\"ReadAction\",\"target\":[\"https:\/\/www.macapflag.com\/blog\/stands-et-salons\/\"]}]},{\"@type\":\"ImageObject\",\"inLanguage\":\"fr-FR\",\"@id\":\"https:\/\/www.macapflag.com\/blog\/stands-et-salons\/#primaryimage\",\"url\":\"https:\/\/www.macapflag.com\/blog\/wp-content\/uploads\/2019\/02\/Un-stand-economique-et-facile-\u00e0-monter.jpg\",\"contentUrl\":\"https:\/\/www.macapflag.com\/blog\/wp-content\/uploads\/2019\/02\/Un-stand-economique-et-facile-\u00e0-monter.jpg\",\"width\":700,\"height\":463,\"caption\":\"Un stand sur mesure, pas cher, facile \u00e0 transporter qui s'adapte \u00e0 tous lieux\"},{\"@type\":\"BreadcrumbList\",\"@id\":\"https:\/\/www.macapflag.com\/blog\/stands-et-salons\/#breadcrumb\",\"itemListElement\":[{\"@type\":\"ListItem\",\"position\":1,\"name\":\"Accueil\",\"item\":\"https:\/\/www.macapflag.com\/blog\/\"},{\"@type\":\"ListItem\",\"position\":2,\"name\":\"Stands &#038; Salons, une solution en 15 mn chrono, \u00e7a vous tente ?\"}]},{\"@type\":\"WebSite\",\"@id\":\"https:\/\/www.macapflag.com\/blog\/#website\",\"url\":\"https:\/\/www.macapflag.com\/blog\/\",\"name\":\"Blog - Macap\",\"description\":\"Tous nos articles\",\"publisher\":{\"@id\":\"https:\/\/www.macapflag.com\/blog\/#organization\"},\"potentialAction\":[{\"@type\":\"SearchAction\",\"target\":{\"@type\":\"EntryPoint\",\"urlTemplate\":\"https:\/\/www.macapflag.com\/blog\/?s={search_term_string}\"},\"query-input\":{\"@type\":\"PropertyValueSpecification\",\"valueRequired\":true,\"valueName\":\"search_term_string\"}}],\"inLanguage\":\"fr-FR\"},{\"@type\":\"Organization\",\"@id\":\"https:\/\/www.macapflag.com\/blog\/#organization\",\"name\":\"macapflag\",\"url\":\"https:\/\/www.macapflag.com\/blog\/\",\"logo\":{\"@type\":\"ImageObject\",\"inLanguage\":\"fr-FR\",\"@id\":\"https:\/\/www.macapflag.com\/blog\/#\/schema\/logo\/image\/\",\"url\":\"https:\/\/www.macapflag.com\/blog\/wp-content\/uploads\/2020\/12\/cropped-M-512-1.png\",\"contentUrl\":\"https:\/\/www.macapflag.com\/blog\/wp-content\/uploads\/2020\/12\/cropped-M-512-1.png\",\"width\":512,\"height\":512,\"caption\":\"macapflag\"},\"image\":{\"@id\":\"https:\/\/www.macapflag.com\/blog\/#\/schema\/logo\/image\/\"},\"sameAs\":[\"https:\/\/www.facebook.com\/macap.pavoisement\/\",\"https:\/\/www.instagram.com\/macapflag\/?hl=fr\",\"https:\/\/www.linkedin.com\/company\/macap\/?originalSubdomain=fr\",\"https:\/\/www.youtube.com\/channel\/UCXNzTIdZh9poEBjSXEqDtNw\"]},{\"@type\":\"Person\",\"@id\":\"https:\/\/www.macapflag.com\/blog\/#\/schema\/person\/3fea701f2603875e651e6b662578fc3c\",\"name\":\"Blog Macap\",\"image\":{\"@type\":\"ImageObject\",\"inLanguage\":\"fr-FR\",\"@id\":\"https:\/\/www.macapflag.com\/blog\/#\/schema\/person\/image\/\",\"url\":\"https:\/\/secure.gravatar.com\/avatar\/c12551f2dc51f0db049633b03e7856985477a70da834cc8967dea4ce54bdd6a2?s=96&d=mm&r=g\",\"contentUrl\":\"https:\/\/secure.gravatar.com\/avatar\/c12551f2dc51f0db049633b03e7856985477a70da834cc8967dea4ce54bdd6a2?s=96&d=mm&r=g\",\"caption\":\"Blog Macap\"},\"url\":\"https:\/\/www.macapflag.com\/blog\/author\/macap\/\"}]}<\/script>\n<!-- \/ Yoast SEO plugin. -->","yoast_head_json":{"title":"Stand de salon, une solution \u00e9conomique d'am\u00e9nagement en 15 minutes","description":"Voil\u00e0 la solution \u00e0 toutes vos probl\u00e9matiques d'am\u00e9nagement de votre stand lors de salons. Un kit \u00e9conomique, l\u00e9ger, transportable et facile \u00e0 installer","robots":{"index":"index","follow":"follow","max-snippet":"max-snippet:-1","max-image-preview":"max-image-preview:large","max-video-preview":"max-video-preview:-1"},"canonical":"https:\/\/www.macapflag.com\/blog\/stands-et-salons\/","og_locale":"fr_FR","og_type":"article","og_title":"Stand de salon, une solution \u00e9conomique d'am\u00e9nagement en 15 minutes","og_description":"Voil\u00e0 la solution \u00e0 toutes vos probl\u00e9matiques d'am\u00e9nagement de votre stand lors de salons. Un kit \u00e9conomique, l\u00e9ger, transportable et facile \u00e0 installer","og_url":"https:\/\/www.macapflag.com\/blog\/stands-et-salons\/","og_site_name":"Blog - Macap","article_publisher":"https:\/\/www.facebook.com\/macap.pavoisement\/","article_published_time":"2019-02-28T08:22:30+00:00","article_modified_time":"2019-11-25T10:37:59+00:00","og_image":[{"width":700,"height":463,"url":"https:\/\/www.macapflag.com\/blog\/wp-content\/uploads\/2019\/02\/Un-stand-economique-et-facile-\u00e0-monter.jpg","type":"image\/jpeg"}],"author":"Blog Macap","twitter_card":"summary_large_image","twitter_misc":{"\u00c9crit par":"Blog Macap","Dur\u00e9e de lecture estim\u00e9e":"2 minutes"},"schema":{"@context":"https:\/\/schema.org","@graph":[{"@type":"Article","@id":"https:\/\/www.macapflag.com\/blog\/stands-et-salons\/#article","isPartOf":{"@id":"https:\/\/www.macapflag.com\/blog\/stands-et-salons\/"},"author":{"name":"Blog Macap","@id":"https:\/\/www.macapflag.com\/blog\/#\/schema\/person\/3fea701f2603875e651e6b662578fc3c"},"headline":"Stands &#038; Salons, une solution en 15 mn chrono, \u00e7a vous tente ?","datePublished":"2019-02-28T08:22:30+00:00","dateModified":"2019-11-25T10:37:59+00:00","mainEntityOfPage":{"@id":"https:\/\/www.macapflag.com\/blog\/stands-et-salons\/"},"wordCount":510,"publisher":{"@id":"https:\/\/www.macapflag.com\/blog\/#organization"},"image":{"@id":"https:\/\/www.macapflag.com\/blog\/stands-et-salons\/#primaryimage"},"thumbnailUrl":"https:\/\/www.macapflag.com\/blog\/wp-content\/uploads\/2019\/02\/Un-stand-economique-et-facile-\u00e0-monter.jpg","articleSection":["Produits &amp; Solutions"],"inLanguage":"fr-FR"},{"@type":"WebPage","@id":"https:\/\/www.macapflag.com\/blog\/stands-et-salons\/","url":"https:\/\/www.macapflag.com\/blog\/stands-et-salons\/","name":"Stand de salon, une solution \u00e9conomique d'am\u00e9nagement en 15 minutes","isPartOf":{"@id":"https:\/\/www.macapflag.com\/blog\/#website"},"primaryImageOfPage":{"@id":"https:\/\/www.macapflag.com\/blog\/stands-et-salons\/#primaryimage"},"image":{"@id":"https:\/\/www.macapflag.com\/blog\/stands-et-salons\/#primaryimage"},"thumbnailUrl":"https:\/\/www.macapflag.com\/blog\/wp-content\/uploads\/2019\/02\/Un-stand-economique-et-facile-\u00e0-monter.jpg","datePublished":"2019-02-28T08:22:30+00:00","dateModified":"2019-11-25T10:37:59+00:00","description":"Voil\u00e0 la solution \u00e0 toutes vos probl\u00e9matiques d'am\u00e9nagement de votre stand lors de salons. Un kit \u00e9conomique, l\u00e9ger, transportable et facile \u00e0 installer","breadcrumb":{"@id":"https:\/\/www.macapflag.com\/blog\/stands-et-salons\/#breadcrumb"},"inLanguage":"fr-FR","potentialAction":[{"@type":"ReadAction","target":["https:\/\/www.macapflag.com\/blog\/stands-et-salons\/"]}]},{"@type":"ImageObject","inLanguage":"fr-FR","@id":"https:\/\/www.macapflag.com\/blog\/stands-et-salons\/#primaryimage","url":"https:\/\/www.macapflag.com\/blog\/wp-content\/uploads\/2019\/02\/Un-stand-economique-et-facile-\u00e0-monter.jpg","contentUrl":"https:\/\/www.macapflag.com\/blog\/wp-content\/uploads\/2019\/02\/Un-stand-economique-et-facile-\u00e0-monter.jpg","width":700,"height":463,"caption":"Un stand sur mesure, pas cher, facile \u00e0 transporter qui s'adapte \u00e0 tous lieux"},{"@type":"BreadcrumbList","@id":"https:\/\/www.macapflag.com\/blog\/stands-et-salons\/#breadcrumb","itemListElement":[{"@type":"ListItem","position":1,"name":"Accueil","item":"https:\/\/www.macapflag.com\/blog\/"},{"@type":"ListItem","position":2,"name":"Stands &#038; Salons, une solution en 15 mn chrono, \u00e7a vous tente ?"}]},{"@type":"WebSite","@id":"https:\/\/www.macapflag.com\/blog\/#website","url":"https:\/\/www.macapflag.com\/blog\/","name":"Blog - Macap","description":"Tous nos articles","publisher":{"@id":"https:\/\/www.macapflag.com\/blog\/#organization"},"potentialAction":[{"@type":"SearchAction","target":{"@type":"EntryPoint","urlTemplate":"https:\/\/www.macapflag.com\/blog\/?s={search_term_string}"},"query-input":{"@type":"PropertyValueSpecification","valueRequired":true,"valueName":"search_term_string"}}],"inLanguage":"fr-FR"},{"@type":"Organization","@id":"https:\/\/www.macapflag.com\/blog\/#organization","name":"macapflag","url":"https:\/\/www.macapflag.com\/blog\/","logo":{"@type":"ImageObject","inLanguage":"fr-FR","@id":"https:\/\/www.macapflag.com\/blog\/#\/schema\/logo\/image\/","url":"https:\/\/www.macapflag.com\/blog\/wp-content\/uploads\/2020\/12\/cropped-M-512-1.png","contentUrl":"https:\/\/www.macapflag.com\/blog\/wp-content\/uploads\/2020\/12\/cropped-M-512-1.png","width":512,"height":512,"caption":"macapflag"},"image":{"@id":"https:\/\/www.macapflag.com\/blog\/#\/schema\/logo\/image\/"},"sameAs":["https:\/\/www.facebook.com\/macap.pavoisement\/","https:\/\/www.instagram.com\/macapflag\/?hl=fr","https:\/\/www.linkedin.com\/company\/macap\/?originalSubdomain=fr","https:\/\/www.youtube.com\/channel\/UCXNzTIdZh9poEBjSXEqDtNw"]},{"@type":"Person","@id":"https:\/\/www.macapflag.com\/blog\/#\/schema\/person\/3fea701f2603875e651e6b662578fc3c","name":"Blog Macap","image":{"@type":"ImageObject","inLanguage":"fr-FR","@id":"https:\/\/www.macapflag.com\/blog\/#\/schema\/person\/image\/","url":"https:\/\/secure.gravatar.com\/avatar\/c12551f2dc51f0db049633b03e7856985477a70da834cc8967dea4ce54bdd6a2?s=96&d=mm&r=g","contentUrl":"https:\/\/secure.gravatar.com\/avatar\/c12551f2dc51f0db049633b03e7856985477a70da834cc8967dea4ce54bdd6a2?s=96&d=mm&r=g","caption":"Blog Macap"},"url":"https:\/\/www.macapflag.com\/blog\/author\/macap\/"}]}},"_links":{"self":[{"href":"https:\/\/www.macapflag.com\/blog\/wp-json\/wp\/v2\/posts\/3324","targetHints":{"allow":["GET"]}}],"collection":[{"href":"https:\/\/www.macapflag.com\/blog\/wp-json\/wp\/v2\/posts"}],"about":[{"href":"https:\/\/www.macapflag.com\/blog\/wp-json\/wp\/v2\/types\/post"}],"author":[{"embeddable":true,"href":"https:\/\/www.macapflag.com\/blog\/wp-json\/wp\/v2\/users\/2"}],"replies":[{"embeddable":true,"href":"https:\/\/www.macapflag.com\/blog\/wp-json\/wp\/v2\/comments?post=3324"}],"version-history":[{"count":22,"href":"https:\/\/www.macapflag.com\/blog\/wp-json\/wp\/v2\/posts\/3324\/revisions"}],"predecessor-version":[{"id":4349,"href":"https:\/\/www.macapflag.com\/blog\/wp-json\/wp\/v2\/posts\/3324\/revisions\/4349"}],"wp:featuredmedia":[{"embeddable":true,"href":"https:\/\/www.macapflag.com\/blog\/wp-json\/wp\/v2\/media\/3331"}],"wp:attachment":[{"href":"https:\/\/www.macapflag.com\/blog\/wp-json\/wp\/v2\/media?parent=3324"}],"wp:term":[{"taxonomy":"category","embeddable":true,"href":"https:\/\/www.macapflag.com\/blog\/wp-json\/wp\/v2\/categories?post=3324"},{"taxonomy":"post_tag","embeddable":true,"href":"https:\/\/www.macapflag.com\/blog\/wp-json\/wp\/v2\/tags?post=3324"}],"curies":[{"name":"wp","href":"https:\/\/api.w.org\/{rel}","templated":true}]}}