{"id":3393,"date":"2025-08-07T08:05:30","date_gmt":"2025-08-07T06:05:30","guid":{"rendered":"https:\/\/www.macapflag.com\/blog\/?p=3393"},"modified":"2025-08-07T08:05:30","modified_gmt":"2025-08-07T06:05:30","slug":"drapeau-violet","status":"publish","type":"post","link":"https:\/\/www.macapflag.com\/blog\/drapeau-violet\/","title":{"rendered":"Pourquoi n&#8217;existe-t-il pas de drapeau national violet ?"},"content":{"rendered":"\t\t<div data-elementor-type=\"wp-post\" data-elementor-id=\"3393\" class=\"elementor elementor-3393\">\n\t\t\t\t\t\t<section class=\"elementor-section elementor-top-section elementor-element elementor-element-bc8be9e elementor-section-boxed elementor-section-height-default elementor-section-height-default\" data-id=\"bc8be9e\" data-element_type=\"section\">\n\t\t\t\t\t\t<div class=\"elementor-container elementor-column-gap-default\">\n\t\t\t\t\t<div class=\"elementor-column elementor-col-100 elementor-top-column elementor-element elementor-element-370d6fd\" data-id=\"370d6fd\" data-element_type=\"column\">\n\t\t\t<div class=\"elementor-widget-wrap elementor-element-populated\">\n\t\t\t\t\t\t<div class=\"elementor-element elementor-element-7f7d957 elementor-widget elementor-widget-text-editor\" data-id=\"7f7d957\" data-element_type=\"widget\" data-widget_type=\"text-editor.default\">\n\t\t\t\t<div class=\"elementor-widget-container\">\n\t\t\t\t\t\t\t\t\t<p>En 2012, l\u2019ONU reconnaissait 197 pays.<br \/>Chaque pays a son propre drapeau, embl\u00e8me de son histoire et de sa culture. Selon les continents, certaines couleurs pr\u00e9dominent, mais vous \u00eates-vous d\u00e9j\u00e0 demand\u00e9 pourquoi vous ne voyez jamais de drapeau violet ou mauve ?<br \/>La raison pourrait sembler \u00eatre une question de mode, et pourtant, elle est bien plus li\u00e9e \u00e0 des contraintes historiques et techniques.<\/p>\t\t\t\t\t\t\t\t<\/div>\n\t\t\t\t<\/div>\n\t\t\t\t\t<\/div>\n\t\t<\/div>\n\t\t\t\t\t<\/div>\n\t\t<\/section>\n\t\t\t\t<section class=\"elementor-section elementor-top-section elementor-element elementor-element-79d4758 elementor-section-boxed elementor-section-height-default elementor-section-height-default\" data-id=\"79d4758\" data-element_type=\"section\">\n\t\t\t\t\t\t<div class=\"elementor-container elementor-column-gap-default\">\n\t\t\t\t\t<div class=\"elementor-column elementor-col-100 elementor-top-column elementor-element elementor-element-6bc1341\" data-id=\"6bc1341\" data-element_type=\"column\">\n\t\t\t<div class=\"elementor-widget-wrap elementor-element-populated\">\n\t\t\t\t\t\t<div class=\"elementor-element elementor-element-d079e38 elementor-widget elementor-widget-image\" data-id=\"d079e38\" data-element_type=\"widget\" data-widget_type=\"image.default\">\n\t\t\t\t<div class=\"elementor-widget-container\">\n\t\t\t\t\t\t\t\t\t\t\t\t\t\t\t<img fetchpriority=\"high\" decoding=\"async\" width=\"700\" height=\"534\" src=\"https:\/\/www.macapflag.com\/blog\/wp-content\/uploads\/2019\/03\/pourquoi-nexiste-til-pas-de-drapeau-national-violet-TITRE.gif\" class=\"attachment-large size-large wp-image-3399\" alt=\"Pourquoi la couleur pourpre ou violette n&#039;existe pas sur les drapeaux nationaux ?\" \/>\t\t\t\t\t\t\t\t\t\t\t\t\t\t\t<\/div>\n\t\t\t\t<\/div>\n\t\t\t\t\t<\/div>\n\t\t<\/div>\n\t\t\t\t\t<\/div>\n\t\t<\/section>\n\t\t\t\t<section class=\"elementor-section elementor-top-section elementor-element elementor-element-754e696 elementor-section-boxed elementor-section-height-default elementor-section-height-default\" data-id=\"754e696\" data-element_type=\"section\">\n\t\t\t\t\t\t<div class=\"elementor-container elementor-column-gap-default\">\n\t\t\t\t\t<div class=\"elementor-column elementor-col-100 elementor-top-column elementor-element elementor-element-dd0121a\" data-id=\"dd0121a\" data-element_type=\"column\">\n\t\t\t<div class=\"elementor-widget-wrap elementor-element-populated\">\n\t\t\t\t\t\t<div class=\"elementor-element elementor-element-ce2b3ab elementor-widget elementor-widget-text-editor\" data-id=\"ce2b3ab\" data-element_type=\"widget\" data-widget_type=\"text-editor.default\">\n\t\t\t\t<div class=\"elementor-widget-container\">\n\t\t\t\t\t\t\t\t\t<h2>Le violet, une couleur historiquement rare et pr\u00e9cieuse<\/h2><p>Pendant de nombreux si\u00e8cles, le coloris violet \u00e9tait extr\u00eamement difficile \u00e0 obtenir de mani\u00e8re naturelle.<br \/>Au IV\u1d49 si\u00e8cle avant J.C., les Ph\u00e9niciens r\u00e9ussirent \u00e0 extraire de la teinture violette \u00e0 partir d\u2019une esp\u00e8ce d\u2019escargots marins vivant dans la r\u00e9gion de Tyr au Liban. Il fallait une quantit\u00e9 astronomique d\u2019escargots pour produire la teinture : 10 000 mollusques pour seulement un gramme de pigment.<br \/>Plus tard, d\u2019autres m\u00e9thodes co\u00fbteuses ont vu le jour, utilisant par exemple le carmin, extrait de la cochenille, ou des v\u00e9g\u00e9taux tels que la myrtille ou le chou rouge, mais avec des r\u00e9sultats tr\u00e8s instables et peu r\u00e9sistants \u00e0 la lumi\u00e8re.<\/p><p>Cette raret\u00e9 faisait du violet <strong>une couleur de prestige<\/strong>, r\u00e9serv\u00e9e aux membres des familles royales, aux empereurs et aux dignitaires religieux. Porter du violet \u00e9tait donc un signe de pouvoir absolu et de richesse.<\/p>\t\t\t\t\t\t\t\t<\/div>\n\t\t\t\t<\/div>\n\t\t\t\t\t<\/div>\n\t\t<\/div>\n\t\t\t\t\t<\/div>\n\t\t<\/section>\n\t\t\t\t<section class=\"elementor-section elementor-top-section elementor-element elementor-element-a4adccc elementor-section-boxed elementor-section-height-default elementor-section-height-default\" data-id=\"a4adccc\" data-element_type=\"section\">\n\t\t\t\t\t\t<div class=\"elementor-container elementor-column-gap-default\">\n\t\t\t\t\t<div class=\"elementor-column elementor-col-100 elementor-top-column elementor-element elementor-element-f7448f6\" data-id=\"f7448f6\" data-element_type=\"column\">\n\t\t\t<div class=\"elementor-widget-wrap elementor-element-populated\">\n\t\t\t\t\t\t<div class=\"elementor-element elementor-element-f044fd4 elementor-widget elementor-widget-image\" data-id=\"f044fd4\" data-element_type=\"widget\" data-widget_type=\"image.default\">\n\t\t\t\t<div class=\"elementor-widget-container\">\n\t\t\t\t\t\t\t\t\t\t\t\t\t\t\t<img decoding=\"async\" width=\"700\" height=\"534\" src=\"https:\/\/www.macapflag.com\/blog\/wp-content\/uploads\/2019\/03\/pourquoi-nexiste-til-pas-de-drapeau-national-violet-2.gif\" class=\"attachment-large size-large wp-image-3397\" alt=\"Pendant de nombreuses ann\u00e9es, le coloris violet \u00e9tait tr\u00e8s difficile \u00e0 obtenir\" \/>\t\t\t\t\t\t\t\t\t\t\t\t\t\t\t<\/div>\n\t\t\t\t<\/div>\n\t\t\t\t\t<\/div>\n\t\t<\/div>\n\t\t\t\t\t<\/div>\n\t\t<\/section>\n\t\t\t\t<section class=\"elementor-section elementor-top-section elementor-element elementor-element-95aaf36 elementor-section-boxed elementor-section-height-default elementor-section-height-default\" data-id=\"95aaf36\" data-element_type=\"section\">\n\t\t\t\t\t\t<div class=\"elementor-container elementor-column-gap-default\">\n\t\t\t\t\t<div class=\"elementor-column elementor-col-100 elementor-top-column elementor-element elementor-element-c658c73\" data-id=\"c658c73\" data-element_type=\"column\">\n\t\t\t<div class=\"elementor-widget-wrap elementor-element-populated\">\n\t\t\t\t\t\t<div class=\"elementor-element elementor-element-1810211 elementor-widget elementor-widget-text-editor\" data-id=\"1810211\" data-element_type=\"widget\" data-widget_type=\"text-editor.default\">\n\t\t\t\t<div class=\"elementor-widget-container\">\n\t\t\t\t\t\t\t\t\t<h2>Une r\u00e9volution au XIXe si\u00e8cle :\u00a0 la d\u00e9couverte de la mauv\u00e9ine<\/h2><p>Jusqu\u2019en 1856, date \u00e0 laquelle William Henry Perkin, un jeune \u00e9tudiant anglais en chimie, travaille sur la synth\u00e8se de la quinine pour traiter la malaria. Au cours de ses exp\u00e9riences, il d\u00e9couvre par accident comment fabriquer un colorant violet synth\u00e9tique, qu\u2019il baptise &#8220;mauv\u00e9ine&#8221;.<br \/>La teinture de cette couleur devient alors bien plus accessible et facile \u00e0 produire industriellement.<\/p><p><strong>Cependant, malgr\u00e9 cette r\u00e9volution chimique, les drapeaux nationaux avaient d\u00e9j\u00e0 ancr\u00e9 des symboliques fortes dans des couleurs plus traditionnelles<\/strong> : le rouge, le bleu, le blanc, le vert, et le noir.<br \/>Les choix de couleurs \u00e9taient aussi dict\u00e9s par la lisibilit\u00e9, la r\u00e9sistance aux intemp\u00e9ries et aux UV, et par des consid\u00e9rations militaires et maritimes.<\/p>\t\t\t\t\t\t\t\t<\/div>\n\t\t\t\t<\/div>\n\t\t\t\t\t<\/div>\n\t\t<\/div>\n\t\t\t\t\t<\/div>\n\t\t<\/section>\n\t\t\t\t<section class=\"elementor-section elementor-top-section elementor-element elementor-element-5762ee2 elementor-section-boxed elementor-section-height-default elementor-section-height-default\" data-id=\"5762ee2\" data-element_type=\"section\">\n\t\t\t\t\t\t<div class=\"elementor-container elementor-column-gap-default\">\n\t\t\t\t\t<div class=\"elementor-column elementor-col-100 elementor-top-column elementor-element elementor-element-e9b0b1c\" data-id=\"e9b0b1c\" data-element_type=\"column\">\n\t\t\t<div class=\"elementor-widget-wrap elementor-element-populated\">\n\t\t\t\t\t\t<div class=\"elementor-element elementor-element-f8c3d48 elementor-widget elementor-widget-image\" data-id=\"f8c3d48\" data-element_type=\"widget\" data-widget_type=\"image.default\">\n\t\t\t\t<div class=\"elementor-widget-container\">\n\t\t\t\t\t\t\t\t\t\t\t\t\t\t\t<img decoding=\"async\" width=\"700\" height=\"534\" src=\"https:\/\/www.macapflag.com\/blog\/wp-content\/uploads\/2019\/03\/pourquoi-nexiste-til-pas-de-drapeau-national-violet-3.gif\" class=\"attachment-large size-large wp-image-3398\" alt=\"C&#039;est en 1856 que William Henry Perkin, \u00e9tudiant en chimie, d\u00e9couvre la couleur pourpre\" \/>\t\t\t\t\t\t\t\t\t\t\t\t\t\t\t<\/div>\n\t\t\t\t<\/div>\n\t\t\t\t\t<\/div>\n\t\t<\/div>\n\t\t\t\t\t<\/div>\n\t\t<\/section>\n\t\t\t\t<section class=\"elementor-section elementor-top-section elementor-element elementor-element-a2589bb elementor-section-boxed elementor-section-height-default elementor-section-height-default\" data-id=\"a2589bb\" data-element_type=\"section\">\n\t\t\t\t\t\t<div class=\"elementor-container elementor-column-gap-default\">\n\t\t\t\t\t<div class=\"elementor-column elementor-col-100 elementor-top-column elementor-element elementor-element-afbe522\" data-id=\"afbe522\" data-element_type=\"column\">\n\t\t\t<div class=\"elementor-widget-wrap elementor-element-populated\">\n\t\t\t\t\t\t<div class=\"elementor-element elementor-element-7220d84 elementor-widget elementor-widget-text-editor\" data-id=\"7220d84\" data-element_type=\"widget\" data-widget_type=\"text-editor.default\">\n\t\t\t\t<div class=\"elementor-widget-container\">\n\t\t\t\t\t\t\t\t\t<h2>Quelques exceptions !<\/h2><p>Si le violet reste aujourd\u2019hui un symbole associ\u00e9 \u00e0 la royaut\u00e9, au luxe, et m\u00eame \u00e0 la spiritualit\u00e9, aucun pays n\u2019a v\u00e9ritablement adopt\u00e9 cette couleur pour son drapeau national.<\/p><p><strong>Nous avons not\u00e9 une seule occurrence historique :<\/strong><\/p><ul><li><strong>En Espagne, sous la Seconde R\u00e9publique<\/strong> (1931-1939), le drapeau tricolore incorporait une bande violette en hommage aux Castillans. Cette bande fut supprim\u00e9e par le r\u00e9gime franquiste \u00e0 son arriv\u00e9e au pouvoir.<\/li><\/ul><p><strong>Et quelques pointes de violet dans certains drapeaux :<\/strong><\/p><ul><li>Le <a href=\"https:\/\/www.macapflag.com\/drapeau-pays-avec-hampe\/792318-drapeau-dominique-avec-hampe-officiel.html\" target=\"_blank\" rel=\"noopener\"><span style=\"color: #3366ff;\">drapeau de la Dominique<\/span><\/a> (Cara\u00efbes) a un drapeau o\u00f9 figure un perroquet violet, l\u2019Amazon imp\u00e9rial, un oiseau end\u00e9mique de l&#8217;\u00eele. C&#8217;est l&#8217;une des rares occurrences officielles de violet sur un drapeau national, bien que le fond reste vert.<\/li><li>Le <a href=\"https:\/\/www.macapflag.com\/drapeau-pays-avec-hampe\/792322-drapeau-nicaragua-avec-hampe-officiel.html\" target=\"_blank\" rel=\"noopener\"><span style=\"color: #3366ff;\">drapeau du Nicaragua<\/span><\/a> sur lequel figure un arc-en-ciel dont l&#8217;une des bandes est violette.<\/li><\/ul>\t\t\t\t\t\t\t\t<\/div>\n\t\t\t\t<\/div>\n\t\t\t\t\t<\/div>\n\t\t<\/div>\n\t\t\t\t\t<\/div>\n\t\t<\/section>\n\t\t\t\t<section class=\"elementor-section elementor-top-section elementor-element elementor-element-b0c3ac3 elementor-section-boxed elementor-section-height-default elementor-section-height-default\" data-id=\"b0c3ac3\" data-element_type=\"section\">\n\t\t\t\t\t\t<div class=\"elementor-container elementor-column-gap-default\">\n\t\t\t\t\t<div class=\"elementor-column elementor-col-100 elementor-top-column elementor-element elementor-element-40161c2\" data-id=\"40161c2\" data-element_type=\"column\">\n\t\t\t<div class=\"elementor-widget-wrap elementor-element-populated\">\n\t\t\t\t\t\t<div class=\"elementor-element elementor-element-853b60e elementor-widget elementor-widget-image\" data-id=\"853b60e\" data-element_type=\"widget\" data-widget_type=\"image.default\">\n\t\t\t\t<div class=\"elementor-widget-container\">\n\t\t\t\t\t\t\t\t\t\t\t\t\t\t\t\t<a href=\"https:\/\/www.macapflag.com\/drapeau-pays-pour-mat\/885-drapeau-espagne-officiel.html\" target=\"_blank\">\n\t\t\t\t\t\t\t<img loading=\"lazy\" decoding=\"async\" width=\"700\" height=\"534\" src=\"https:\/\/www.macapflag.com\/blog\/wp-content\/uploads\/2019\/03\/pourquoi-nexiste-til-pas-de-drapeau-national-violet-1.gif\" class=\"attachment-large size-large wp-image-3396\" alt=\"Le g\u00e9n\u00e9ral Franco supprimera la bande de couleur violette sur le drapeau espagnol\" \/>\t\t\t\t\t\t\t\t<\/a>\n\t\t\t\t\t\t\t\t\t\t\t\t\t\t\t<\/div>\n\t\t\t\t<\/div>\n\t\t\t\t\t<\/div>\n\t\t<\/div>\n\t\t\t\t\t<\/div>\n\t\t<\/section>\n\t\t\t\t<section class=\"elementor-section elementor-top-section elementor-element elementor-element-369a0f9 elementor-section-boxed elementor-section-height-default elementor-section-height-default\" data-id=\"369a0f9\" data-element_type=\"section\">\n\t\t\t\t\t\t<div class=\"elementor-container elementor-column-gap-default\">\n\t\t\t\t\t<div class=\"elementor-column elementor-col-50 elementor-top-column elementor-element elementor-element-e1fd3b7\" data-id=\"e1fd3b7\" data-element_type=\"column\">\n\t\t\t<div class=\"elementor-widget-wrap elementor-element-populated\">\n\t\t\t\t\t\t<div class=\"elementor-element elementor-element-a8dda72 elementor-widget elementor-widget-shortcode\" data-id=\"a8dda72\" data-element_type=\"widget\" data-widget_type=\"shortcode.default\">\n\t\t\t\t<div class=\"elementor-widget-container\">\n\t\t\t\t\t\t\t<div class=\"elementor-shortcode\"><div class=\"container p-0 m-0\">\n    <div class=\"row m-0 border\">\n        <div class=\"col-12 grid-didpd-body text-center\">\n            <img decoding=\"async\" src=\"https:\/\/www.macapflag.com\/1860260-home_default\/drapeau-dominique-pour-mat-officiel.jpg\" alt=\"Drapeau officiel de la Dominique\" class=\"mx-auto\" \/>\n            <div class=\"grid-didpd-text\">\n                <a href=\"https:\/\/www.macapflag.com\/drapeau-pays-pour-mat\/792319-drapeau-dominique-pour-mat-officiel.html\" target=\"_blank\" class=\"stretched-link\">\n                    <h3>Drapeau officiel de la Dominique<\/h3>\n                <\/a>\n            <\/div>\n                        <p class=\"text-center font-weight-bold\">17,50 \u20ac HT<\/p>            <div class=\"text-center\">\n                <button class=\"btn btn-primary\">Vente drapeau en ligne<\/button>\n            <\/div>\n        <\/div>\n    <\/div>\n<\/div>\n<\/div>\n\t\t\t\t\t\t<\/div>\n\t\t\t\t<\/div>\n\t\t\t\t\t<\/div>\n\t\t<\/div>\n\t\t\t\t<div class=\"elementor-column elementor-col-50 elementor-top-column elementor-element elementor-element-2da92dc\" data-id=\"2da92dc\" data-element_type=\"column\">\n\t\t\t<div class=\"elementor-widget-wrap elementor-element-populated\">\n\t\t\t\t\t\t<div class=\"elementor-element elementor-element-fa06539 elementor-widget elementor-widget-shortcode\" data-id=\"fa06539\" data-element_type=\"widget\" data-widget_type=\"shortcode.default\">\n\t\t\t\t<div class=\"elementor-widget-container\">\n\t\t\t\t\t\t\t<div class=\"elementor-shortcode\"><div class=\"container p-0 m-0\">\n    <div class=\"row m-0 border\">\n        <div class=\"col-12 grid-didpd-body text-center\">\n            <img decoding=\"async\" src=\"https:\/\/www.macapflag.com\/1860274-home_default\/drapeau-nicaragua-pour-mat-officiel.jpg\" alt=\"Drapeau officiel du Nicaragua\" class=\"mx-auto\" \/>\n            <div class=\"grid-didpd-text\">\n                <a href=\"https:\/\/www.macapflag.com\/drapeau-pays-pour-mat\/792323-drapeau-nicaragua-pour-mat-officiel.html\" target=\"_blank\" class=\"stretched-link\">\n                    <h3>Drapeau officiel du Nicaragua<\/h3>\n                <\/a>\n            <\/div>\n                        <p class=\"text-center font-weight-bold\">17,50 \u20ac HT<\/p>            <div class=\"text-center\">\n                <button class=\"btn btn-primary\">Vente drapeau en ligne<\/button>\n            <\/div>\n        <\/div>\n    <\/div>\n<\/div>\n<\/div>\n\t\t\t\t\t\t<\/div>\n\t\t\t\t<\/div>\n\t\t\t\t\t<\/div>\n\t\t<\/div>\n\t\t\t\t\t<\/div>\n\t\t<\/section>\n\t\t\t\t<section class=\"elementor-section elementor-top-section elementor-element elementor-element-8e97162 elementor-section-boxed elementor-section-height-default elementor-section-height-default\" data-id=\"8e97162\" data-element_type=\"section\">\n\t\t\t\t\t\t<div class=\"elementor-container elementor-column-gap-default\">\n\t\t\t\t\t<div class=\"elementor-column elementor-col-100 elementor-top-column elementor-element elementor-element-e49d8ac\" data-id=\"e49d8ac\" data-element_type=\"column\">\n\t\t\t<div class=\"elementor-widget-wrap elementor-element-populated\">\n\t\t\t\t\t\t<div class=\"elementor-element elementor-element-ff10c10 elementor-widget elementor-widget-text-editor\" data-id=\"ff10c10\" data-element_type=\"widget\" data-widget_type=\"text-editor.default\">\n\t\t\t\t<div class=\"elementor-widget-container\">\n\t\t\t\t\t\t\t\t\t<h2>Et aujourd\u2019hui ?<\/h2><p>Avec les nouvelles technologies d\u2019impression num\u00e9rique et les pigments modernes tr\u00e8s r\u00e9sistants, le violet est d\u00e9sormais une couleur facile \u00e0 utiliser sur les supports de communication.<br \/>Elle est d\u2019ailleurs tr\u00e8s appr\u00e9ci\u00e9e dans les domaines du marketing, de la mode et de l\u2019\u00e9v\u00e9nementiel pour son originalit\u00e9 et sa capacit\u00e9 \u00e0 \u00e9voquer la cr\u00e9ativit\u00e9, le myst\u00e8re et l\u2019\u00e9l\u00e9gance.<br \/>Certaines institutions modernes, comme les <a href=\"https:\/\/www.macapflag.com\/372-drapeau-symbolique\" target=\"_blank\" rel=\"noopener\"><span style=\"color: #3366ff;\">drapeaux LGBTQIA+<\/span><\/a>, utilisent \u00e9galement des d\u00e9clinaisons du violet pour exprimer la diversit\u00e9.<\/p><p>Chez <a href=\"https:\/\/www.macapflag.com\/\" target=\"_blank\" rel=\"noopener\"><span style=\"color: #3366ff;\">Macap<\/span><\/a>, nous proposons des solutions sur-mesure pour int\u00e9grer toutes les nuances de violet dans vos <a href=\"https:\/\/www.macapflag.com\/53-drapeau-personnalise\" target=\"_blank\" rel=\"noopener\"><span style=\"color: #3366ff;\">drapeaux personnalis\u00e9s<\/span><\/a>, <a href=\"https:\/\/www.macapflag.com\/41-beach-flag-oriflamme\" target=\"_blank\" rel=\"noopener\"><span style=\"color: #3366ff;\">oriflammes<\/span><\/a>, <a href=\"https:\/\/www.macapflag.com\/360-kakemono-publicitaire\" target=\"_blank\" rel=\"noopener\">kak\u00e9monos<\/a> et autres supports textiles ou PVC. N\u2019h\u00e9sitez pas \u00e0 oser cette couleur unique pour vous d\u00e9marquer !<\/p>\t\t\t\t\t\t\t\t<\/div>\n\t\t\t\t<\/div>\n\t\t\t\t\t<\/div>\n\t\t<\/div>\n\t\t\t\t\t<\/div>\n\t\t<\/section>\n\t\t\t\t<section class=\"elementor-section elementor-top-section elementor-element elementor-element-b7a1665 elementor-section-boxed elementor-section-height-default elementor-section-height-default\" data-id=\"b7a1665\" data-element_type=\"section\">\n\t\t\t\t\t\t<div class=\"elementor-container elementor-column-gap-default\">\n\t\t\t\t\t<div class=\"elementor-column elementor-col-100 elementor-top-column elementor-element elementor-element-709a8b3\" data-id=\"709a8b3\" data-element_type=\"column\">\n\t\t\t<div class=\"elementor-widget-wrap elementor-element-populated\">\n\t\t\t\t\t\t<div class=\"elementor-element elementor-element-9105518 elementor-widget elementor-widget-image\" data-id=\"9105518\" data-element_type=\"widget\" data-widget_type=\"image.default\">\n\t\t\t\t<div class=\"elementor-widget-container\">\n\t\t\t\t\t\t\t\t\t\t\t\t\t\t\t\t<a href=\"https:\/\/www.macapflag.com\/\" target=\"_blank\">\n\t\t\t\t\t\t\t<img loading=\"lazy\" decoding=\"async\" width=\"700\" height=\"320\" src=\"https:\/\/www.macapflag.com\/blog\/wp-content\/uploads\/2021\/04\/fabriquant-de-drapeaux-kakemonos-banderoles-beach-flags-oriflammes-macap.jpg\" class=\"attachment-large size-large wp-image-10133\" alt=\"Macap fabriquant de drapeaux kak\u00e9mono banderole beach flag oriflamme\" srcset=\"https:\/\/www.macapflag.com\/blog\/wp-content\/uploads\/2021\/04\/fabriquant-de-drapeaux-kakemonos-banderoles-beach-flags-oriflammes-macap.jpg 700w, https:\/\/www.macapflag.com\/blog\/wp-content\/uploads\/2021\/04\/fabriquant-de-drapeaux-kakemonos-banderoles-beach-flags-oriflammes-macap-300x137.jpg 300w\" sizes=\"(max-width: 700px) 100vw, 700px\" \/>\t\t\t\t\t\t\t\t<\/a>\n\t\t\t\t\t\t\t\t\t\t\t\t\t\t\t<\/div>\n\t\t\t\t<\/div>\n\t\t\t\t\t<\/div>\n\t\t<\/div>\n\t\t\t\t\t<\/div>\n\t\t<\/section>\n\t\t\t\t<\/div>\n\t\t","protected":false},"excerpt":{"rendered":"<div class=\"tmnf_excerpt\"><p>En 2012, l\u2019ONU reconnaissait 197 pays.Chaque pays a son propre drapeau, embl\u00e8me de son histoire et de sa culture. Selon les continents, certaines couleurs pr\u00e9dominent, mais vous \u00eates-vous d\u00e9j\u00e0 demand\u00e9 pourquoi vous ne voyez jamais de drapeau violet ou mauve ?La raison pourrait sembler \u00eatre une question de mode, et pourtant, elle est bien plus &hellip;<\/p>\n<\/div>","protected":false},"author":2,"featured_media":3031,"comment_status":"closed","ping_status":"open","sticky":false,"template":"template-fullwidth.php","format":"standard","meta":{"footnotes":""},"categories":[90],"tags":[],"class_list":["post-3393","post","type-post","status-publish","format-standard","has-post-thumbnail","hentry","category-produits-et-sols"],"yoast_head":"<!-- This site is optimized with the Yoast SEO plugin v26.4 - https:\/\/yoast.com\/wordpress\/plugins\/seo\/ -->\n<title>Pourquoi n&#039;existe-t&#039;il pas de drapeau violet ? Blog by Macap<\/title>\n<meta name=\"description\" content=\"Pourquoi n&#039;existe-t&#039;il pas de drapeau violet ? D\u00e9couvrez l&#039;histoire de cette couleur. Comment a-t&#039;elle \u00e9t\u00e9 cr\u00e9\u00e9e ? D&#039;o\u00f9 vient-elle ?\" \/>\n<meta name=\"robots\" content=\"index, follow, max-snippet:-1, max-image-preview:large, max-video-preview:-1\" \/>\n<link rel=\"canonical\" href=\"https:\/\/www.macapflag.com\/blog\/drapeau-violet\/\" \/>\n<meta property=\"og:locale\" content=\"fr_FR\" \/>\n<meta property=\"og:type\" content=\"article\" \/>\n<meta property=\"og:title\" content=\"Pourquoi n&#039;existe-t&#039;il pas de drapeau violet ? Blog by Macap\" \/>\n<meta property=\"og:description\" content=\"Pourquoi n&#039;existe-t&#039;il pas de drapeau violet ? D\u00e9couvrez l&#039;histoire de cette couleur. Comment a-t&#039;elle \u00e9t\u00e9 cr\u00e9\u00e9e ? D&#039;o\u00f9 vient-elle ?\" \/>\n<meta property=\"og:url\" content=\"https:\/\/www.macapflag.com\/blog\/drapeau-violet\/\" \/>\n<meta property=\"og:site_name\" content=\"Blog - Macap\" \/>\n<meta property=\"article:publisher\" content=\"https:\/\/www.facebook.com\/macap.pavoisement\/\" \/>\n<meta property=\"article:published_time\" content=\"2025-08-07T06:05:30+00:00\" \/>\n<meta property=\"og:image\" content=\"https:\/\/www.macapflag.com\/blog\/wp-content\/uploads\/2018\/11\/le-saviez-vous-TITRE.gif\" \/>\n\t<meta property=\"og:image:width\" content=\"700\" \/>\n\t<meta property=\"og:image:height\" content=\"534\" \/>\n\t<meta property=\"og:image:type\" content=\"image\/gif\" \/>\n<meta name=\"author\" content=\"Blog Macap\" \/>\n<meta name=\"twitter:card\" content=\"summary_large_image\" \/>\n<meta name=\"twitter:label1\" content=\"\u00c9crit par\" \/>\n\t<meta name=\"twitter:data1\" content=\"Blog Macap\" \/>\n\t<meta name=\"twitter:label2\" content=\"Dur\u00e9e de lecture estim\u00e9e\" \/>\n\t<meta name=\"twitter:data2\" content=\"4 minutes\" \/>\n<script type=\"application\/ld+json\" class=\"yoast-schema-graph\">{\"@context\":\"https:\/\/schema.org\",\"@graph\":[{\"@type\":\"Article\",\"@id\":\"https:\/\/www.macapflag.com\/blog\/drapeau-violet\/#article\",\"isPartOf\":{\"@id\":\"https:\/\/www.macapflag.com\/blog\/drapeau-violet\/\"},\"author\":{\"name\":\"Blog Macap\",\"@id\":\"https:\/\/www.macapflag.com\/blog\/#\/schema\/person\/3fea701f2603875e651e6b662578fc3c\"},\"headline\":\"Pourquoi n&#8217;existe-t-il pas de drapeau national violet ?\",\"datePublished\":\"2025-08-07T06:05:30+00:00\",\"mainEntityOfPage\":{\"@id\":\"https:\/\/www.macapflag.com\/blog\/drapeau-violet\/\"},\"wordCount\":688,\"publisher\":{\"@id\":\"https:\/\/www.macapflag.com\/blog\/#organization\"},\"image\":{\"@id\":\"https:\/\/www.macapflag.com\/blog\/drapeau-violet\/#primaryimage\"},\"thumbnailUrl\":\"https:\/\/www.macapflag.com\/blog\/wp-content\/uploads\/2018\/11\/le-saviez-vous-TITRE.gif\",\"articleSection\":[\"Produits &amp; Solutions\"],\"inLanguage\":\"fr-FR\"},{\"@type\":\"WebPage\",\"@id\":\"https:\/\/www.macapflag.com\/blog\/drapeau-violet\/\",\"url\":\"https:\/\/www.macapflag.com\/blog\/drapeau-violet\/\",\"name\":\"Pourquoi n'existe-t'il pas de drapeau violet ? Blog by Macap\",\"isPartOf\":{\"@id\":\"https:\/\/www.macapflag.com\/blog\/#website\"},\"primaryImageOfPage\":{\"@id\":\"https:\/\/www.macapflag.com\/blog\/drapeau-violet\/#primaryimage\"},\"image\":{\"@id\":\"https:\/\/www.macapflag.com\/blog\/drapeau-violet\/#primaryimage\"},\"thumbnailUrl\":\"https:\/\/www.macapflag.com\/blog\/wp-content\/uploads\/2018\/11\/le-saviez-vous-TITRE.gif\",\"datePublished\":\"2025-08-07T06:05:30+00:00\",\"description\":\"Pourquoi n'existe-t'il pas de drapeau violet ? D\u00e9couvrez l'histoire de cette couleur. Comment a-t'elle \u00e9t\u00e9 cr\u00e9\u00e9e ? D'o\u00f9 vient-elle ?\",\"breadcrumb\":{\"@id\":\"https:\/\/www.macapflag.com\/blog\/drapeau-violet\/#breadcrumb\"},\"inLanguage\":\"fr-FR\",\"potentialAction\":[{\"@type\":\"ReadAction\",\"target\":[\"https:\/\/www.macapflag.com\/blog\/drapeau-violet\/\"]}]},{\"@type\":\"ImageObject\",\"inLanguage\":\"fr-FR\",\"@id\":\"https:\/\/www.macapflag.com\/blog\/drapeau-violet\/#primaryimage\",\"url\":\"https:\/\/www.macapflag.com\/blog\/wp-content\/uploads\/2018\/11\/le-saviez-vous-TITRE.gif\",\"contentUrl\":\"https:\/\/www.macapflag.com\/blog\/wp-content\/uploads\/2018\/11\/le-saviez-vous-TITRE.gif\",\"width\":700,\"height\":534,\"caption\":\"Infos pratiques et astuces sur l'impression et la communication\"},{\"@type\":\"BreadcrumbList\",\"@id\":\"https:\/\/www.macapflag.com\/blog\/drapeau-violet\/#breadcrumb\",\"itemListElement\":[{\"@type\":\"ListItem\",\"position\":1,\"name\":\"Accueil\",\"item\":\"https:\/\/www.macapflag.com\/blog\/\"},{\"@type\":\"ListItem\",\"position\":2,\"name\":\"Pourquoi n&rsquo;existe-t-il pas de drapeau national violet ?\"}]},{\"@type\":\"WebSite\",\"@id\":\"https:\/\/www.macapflag.com\/blog\/#website\",\"url\":\"https:\/\/www.macapflag.com\/blog\/\",\"name\":\"Blog - Macap\",\"description\":\"Tous nos articles\",\"publisher\":{\"@id\":\"https:\/\/www.macapflag.com\/blog\/#organization\"},\"potentialAction\":[{\"@type\":\"SearchAction\",\"target\":{\"@type\":\"EntryPoint\",\"urlTemplate\":\"https:\/\/www.macapflag.com\/blog\/?s={search_term_string}\"},\"query-input\":{\"@type\":\"PropertyValueSpecification\",\"valueRequired\":true,\"valueName\":\"search_term_string\"}}],\"inLanguage\":\"fr-FR\"},{\"@type\":\"Organization\",\"@id\":\"https:\/\/www.macapflag.com\/blog\/#organization\",\"name\":\"macapflag\",\"url\":\"https:\/\/www.macapflag.com\/blog\/\",\"logo\":{\"@type\":\"ImageObject\",\"inLanguage\":\"fr-FR\",\"@id\":\"https:\/\/www.macapflag.com\/blog\/#\/schema\/logo\/image\/\",\"url\":\"https:\/\/www.macapflag.com\/blog\/wp-content\/uploads\/2020\/12\/cropped-M-512-1.png\",\"contentUrl\":\"https:\/\/www.macapflag.com\/blog\/wp-content\/uploads\/2020\/12\/cropped-M-512-1.png\",\"width\":512,\"height\":512,\"caption\":\"macapflag\"},\"image\":{\"@id\":\"https:\/\/www.macapflag.com\/blog\/#\/schema\/logo\/image\/\"},\"sameAs\":[\"https:\/\/www.facebook.com\/macap.pavoisement\/\",\"https:\/\/www.instagram.com\/macapflag\/?hl=fr\",\"https:\/\/www.linkedin.com\/company\/macap\/?originalSubdomain=fr\",\"https:\/\/www.youtube.com\/channel\/UCXNzTIdZh9poEBjSXEqDtNw\"]},{\"@type\":\"Person\",\"@id\":\"https:\/\/www.macapflag.com\/blog\/#\/schema\/person\/3fea701f2603875e651e6b662578fc3c\",\"name\":\"Blog Macap\",\"image\":{\"@type\":\"ImageObject\",\"inLanguage\":\"fr-FR\",\"@id\":\"https:\/\/www.macapflag.com\/blog\/#\/schema\/person\/image\/\",\"url\":\"https:\/\/secure.gravatar.com\/avatar\/c12551f2dc51f0db049633b03e7856985477a70da834cc8967dea4ce54bdd6a2?s=96&d=mm&r=g\",\"contentUrl\":\"https:\/\/secure.gravatar.com\/avatar\/c12551f2dc51f0db049633b03e7856985477a70da834cc8967dea4ce54bdd6a2?s=96&d=mm&r=g\",\"caption\":\"Blog Macap\"},\"url\":\"https:\/\/www.macapflag.com\/blog\/author\/macap\/\"}]}<\/script>\n<!-- \/ Yoast SEO plugin. -->","yoast_head_json":{"title":"Pourquoi n'existe-t'il pas de drapeau violet ? Blog by Macap","description":"Pourquoi n'existe-t'il pas de drapeau violet ? D\u00e9couvrez l'histoire de cette couleur. Comment a-t'elle \u00e9t\u00e9 cr\u00e9\u00e9e ? D'o\u00f9 vient-elle ?","robots":{"index":"index","follow":"follow","max-snippet":"max-snippet:-1","max-image-preview":"max-image-preview:large","max-video-preview":"max-video-preview:-1"},"canonical":"https:\/\/www.macapflag.com\/blog\/drapeau-violet\/","og_locale":"fr_FR","og_type":"article","og_title":"Pourquoi n'existe-t'il pas de drapeau violet ? Blog by Macap","og_description":"Pourquoi n'existe-t'il pas de drapeau violet ? D\u00e9couvrez l'histoire de cette couleur. Comment a-t'elle \u00e9t\u00e9 cr\u00e9\u00e9e ? D'o\u00f9 vient-elle ?","og_url":"https:\/\/www.macapflag.com\/blog\/drapeau-violet\/","og_site_name":"Blog - Macap","article_publisher":"https:\/\/www.facebook.com\/macap.pavoisement\/","article_published_time":"2025-08-07T06:05:30+00:00","og_image":[{"width":700,"height":534,"url":"https:\/\/www.macapflag.com\/blog\/wp-content\/uploads\/2018\/11\/le-saviez-vous-TITRE.gif","type":"image\/gif"}],"author":"Blog Macap","twitter_card":"summary_large_image","twitter_misc":{"\u00c9crit par":"Blog Macap","Dur\u00e9e de lecture estim\u00e9e":"4 minutes"},"schema":{"@context":"https:\/\/schema.org","@graph":[{"@type":"Article","@id":"https:\/\/www.macapflag.com\/blog\/drapeau-violet\/#article","isPartOf":{"@id":"https:\/\/www.macapflag.com\/blog\/drapeau-violet\/"},"author":{"name":"Blog Macap","@id":"https:\/\/www.macapflag.com\/blog\/#\/schema\/person\/3fea701f2603875e651e6b662578fc3c"},"headline":"Pourquoi n&#8217;existe-t-il pas de drapeau national violet ?","datePublished":"2025-08-07T06:05:30+00:00","mainEntityOfPage":{"@id":"https:\/\/www.macapflag.com\/blog\/drapeau-violet\/"},"wordCount":688,"publisher":{"@id":"https:\/\/www.macapflag.com\/blog\/#organization"},"image":{"@id":"https:\/\/www.macapflag.com\/blog\/drapeau-violet\/#primaryimage"},"thumbnailUrl":"https:\/\/www.macapflag.com\/blog\/wp-content\/uploads\/2018\/11\/le-saviez-vous-TITRE.gif","articleSection":["Produits &amp; Solutions"],"inLanguage":"fr-FR"},{"@type":"WebPage","@id":"https:\/\/www.macapflag.com\/blog\/drapeau-violet\/","url":"https:\/\/www.macapflag.com\/blog\/drapeau-violet\/","name":"Pourquoi n'existe-t'il pas de drapeau violet ? Blog by Macap","isPartOf":{"@id":"https:\/\/www.macapflag.com\/blog\/#website"},"primaryImageOfPage":{"@id":"https:\/\/www.macapflag.com\/blog\/drapeau-violet\/#primaryimage"},"image":{"@id":"https:\/\/www.macapflag.com\/blog\/drapeau-violet\/#primaryimage"},"thumbnailUrl":"https:\/\/www.macapflag.com\/blog\/wp-content\/uploads\/2018\/11\/le-saviez-vous-TITRE.gif","datePublished":"2025-08-07T06:05:30+00:00","description":"Pourquoi n'existe-t'il pas de drapeau violet ? D\u00e9couvrez l'histoire de cette couleur. Comment a-t'elle \u00e9t\u00e9 cr\u00e9\u00e9e ? D'o\u00f9 vient-elle ?","breadcrumb":{"@id":"https:\/\/www.macapflag.com\/blog\/drapeau-violet\/#breadcrumb"},"inLanguage":"fr-FR","potentialAction":[{"@type":"ReadAction","target":["https:\/\/www.macapflag.com\/blog\/drapeau-violet\/"]}]},{"@type":"ImageObject","inLanguage":"fr-FR","@id":"https:\/\/www.macapflag.com\/blog\/drapeau-violet\/#primaryimage","url":"https:\/\/www.macapflag.com\/blog\/wp-content\/uploads\/2018\/11\/le-saviez-vous-TITRE.gif","contentUrl":"https:\/\/www.macapflag.com\/blog\/wp-content\/uploads\/2018\/11\/le-saviez-vous-TITRE.gif","width":700,"height":534,"caption":"Infos pratiques et astuces sur l'impression et la communication"},{"@type":"BreadcrumbList","@id":"https:\/\/www.macapflag.com\/blog\/drapeau-violet\/#breadcrumb","itemListElement":[{"@type":"ListItem","position":1,"name":"Accueil","item":"https:\/\/www.macapflag.com\/blog\/"},{"@type":"ListItem","position":2,"name":"Pourquoi n&rsquo;existe-t-il pas de drapeau national violet ?"}]},{"@type":"WebSite","@id":"https:\/\/www.macapflag.com\/blog\/#website","url":"https:\/\/www.macapflag.com\/blog\/","name":"Blog - Macap","description":"Tous nos articles","publisher":{"@id":"https:\/\/www.macapflag.com\/blog\/#organization"},"potentialAction":[{"@type":"SearchAction","target":{"@type":"EntryPoint","urlTemplate":"https:\/\/www.macapflag.com\/blog\/?s={search_term_string}"},"query-input":{"@type":"PropertyValueSpecification","valueRequired":true,"valueName":"search_term_string"}}],"inLanguage":"fr-FR"},{"@type":"Organization","@id":"https:\/\/www.macapflag.com\/blog\/#organization","name":"macapflag","url":"https:\/\/www.macapflag.com\/blog\/","logo":{"@type":"ImageObject","inLanguage":"fr-FR","@id":"https:\/\/www.macapflag.com\/blog\/#\/schema\/logo\/image\/","url":"https:\/\/www.macapflag.com\/blog\/wp-content\/uploads\/2020\/12\/cropped-M-512-1.png","contentUrl":"https:\/\/www.macapflag.com\/blog\/wp-content\/uploads\/2020\/12\/cropped-M-512-1.png","width":512,"height":512,"caption":"macapflag"},"image":{"@id":"https:\/\/www.macapflag.com\/blog\/#\/schema\/logo\/image\/"},"sameAs":["https:\/\/www.facebook.com\/macap.pavoisement\/","https:\/\/www.instagram.com\/macapflag\/?hl=fr","https:\/\/www.linkedin.com\/company\/macap\/?originalSubdomain=fr","https:\/\/www.youtube.com\/channel\/UCXNzTIdZh9poEBjSXEqDtNw"]},{"@type":"Person","@id":"https:\/\/www.macapflag.com\/blog\/#\/schema\/person\/3fea701f2603875e651e6b662578fc3c","name":"Blog Macap","image":{"@type":"ImageObject","inLanguage":"fr-FR","@id":"https:\/\/www.macapflag.com\/blog\/#\/schema\/person\/image\/","url":"https:\/\/secure.gravatar.com\/avatar\/c12551f2dc51f0db049633b03e7856985477a70da834cc8967dea4ce54bdd6a2?s=96&d=mm&r=g","contentUrl":"https:\/\/secure.gravatar.com\/avatar\/c12551f2dc51f0db049633b03e7856985477a70da834cc8967dea4ce54bdd6a2?s=96&d=mm&r=g","caption":"Blog Macap"},"url":"https:\/\/www.macapflag.com\/blog\/author\/macap\/"}]}},"_links":{"self":[{"href":"https:\/\/www.macapflag.com\/blog\/wp-json\/wp\/v2\/posts\/3393","targetHints":{"allow":["GET"]}}],"collection":[{"href":"https:\/\/www.macapflag.com\/blog\/wp-json\/wp\/v2\/posts"}],"about":[{"href":"https:\/\/www.macapflag.com\/blog\/wp-json\/wp\/v2\/types\/post"}],"author":[{"embeddable":true,"href":"https:\/\/www.macapflag.com\/blog\/wp-json\/wp\/v2\/users\/2"}],"replies":[{"embeddable":true,"href":"https:\/\/www.macapflag.com\/blog\/wp-json\/wp\/v2\/comments?post=3393"}],"version-history":[{"count":15,"href":"https:\/\/www.macapflag.com\/blog\/wp-json\/wp\/v2\/posts\/3393\/revisions"}],"predecessor-version":[{"id":20585,"href":"https:\/\/www.macapflag.com\/blog\/wp-json\/wp\/v2\/posts\/3393\/revisions\/20585"}],"wp:featuredmedia":[{"embeddable":true,"href":"https:\/\/www.macapflag.com\/blog\/wp-json\/wp\/v2\/media\/3031"}],"wp:attachment":[{"href":"https:\/\/www.macapflag.com\/blog\/wp-json\/wp\/v2\/media?parent=3393"}],"wp:term":[{"taxonomy":"category","embeddable":true,"href":"https:\/\/www.macapflag.com\/blog\/wp-json\/wp\/v2\/categories?post=3393"},{"taxonomy":"post_tag","embeddable":true,"href":"https:\/\/www.macapflag.com\/blog\/wp-json\/wp\/v2\/tags?post=3393"}],"curies":[{"name":"wp","href":"https:\/\/api.w.org\/{rel}","templated":true}]}}