{"id":3413,"date":"2019-03-08T08:56:05","date_gmt":"2019-03-08T07:56:05","guid":{"rendered":"https:\/\/www.macapflag.com\/blog\/?p=3413"},"modified":"2019-11-25T11:35:12","modified_gmt":"2019-11-25T10:35:12","slug":"projet-de-loi","status":"publish","type":"post","link":"https:\/\/www.macapflag.com\/blog\/projet-de-loi\/","title":{"rendered":"Le projet de loi sur &#8220;l&#8217;\u00e9cole de la confiance&#8221; fait d\u00e9bat"},"content":{"rendered":"\t\t<div data-elementor-type=\"wp-post\" data-elementor-id=\"3413\" class=\"elementor elementor-3413 elementor-bc-flex-widget\">\n\t\t\t\t\t\t<section class=\"elementor-section elementor-top-section elementor-element elementor-element-196ae39 elementor-section-boxed elementor-section-height-default elementor-section-height-default\" data-id=\"196ae39\" data-element_type=\"section\">\n\t\t\t\t\t\t<div class=\"elementor-container elementor-column-gap-default\">\n\t\t\t\t\t<div class=\"elementor-column elementor-col-100 elementor-top-column elementor-element elementor-element-1c5d5e9\" data-id=\"1c5d5e9\" data-element_type=\"column\">\n\t\t\t<div class=\"elementor-widget-wrap elementor-element-populated\">\n\t\t\t\t\t\t<div class=\"elementor-element elementor-element-72825b1 elementor-widget elementor-widget-text-editor\" data-id=\"72825b1\" data-element_type=\"widget\" data-widget_type=\"text-editor.default\">\n\t\t\t\t<div class=\"elementor-widget-container\">\n\t\t\t\t\t\t\t\t\t<p><span style=\"font-size: 14pt; color: #000000;\">Dans la nuit du 11 au 12 F\u00e9vrier 2019, les d\u00e9put\u00e9s de l\u2019assembl\u00e9e nationale ont vot\u00e9 l\u2019amendement propos\u00e9 par Eric Ciotti (LR) visant \u00e0 installer un <a style=\"color: #000000;\" href=\"https:\/\/www.macapflag.com\/drapeau-officiel\/303-drapeau-officiel-classique-francais.html\" target=\"_blank\" rel=\"noopener\"><strong>drapeau fran\u00e7ais<\/strong><\/a>, un <a style=\"color: #000000;\" href=\"https:\/\/www.macapflag.com\/drapeau-officiel\/304-drapeau-officiel-classique-union-europeenne.html\" target=\"_blank\" rel=\"noopener\"><strong>drapeau europ\u00e9en<\/strong><\/a> ainsi que les paroles de notre hymne national dans chaque classe des maternelles jusqu\u2019aux lyc\u00e9es.<\/span><\/p><p><span style=\"font-size: 14pt; color: #000000;\">Cette mesure rappelle bien s\u00fbr la <a style=\"color: #000000;\" href=\"https:\/\/www.macapflag.com\/306-kit-loi-peillon-loi-blanquer\" target=\"_blank\" rel=\"noopener\"><strong>loi peillon<\/strong><\/a> celle instaur\u00e9e par Vincent Peillon en 2013, alors ministre de l\u2019Education Nationale. Dans sa loi de refondation de l\u2019\u00e9cole de la R\u00e9publique, il demandait \u00e0 tous les \u00e9tablissements d\u2019enseignement du premier et second degr\u00e9 d\u2019afficher sur leur fa\u00e7ade, un drapeau officiel fran\u00e7ais, un drapeau officiel europ\u00e9en ainsi que la d\u00e9claration des droits de l\u2019homme et du citoyen. La charte de la la\u00efcit\u00e9 devait \u00e9galement \u00eatre affich\u00e9e de mani\u00e8re lisible \u00e0 l\u2019int\u00e9rieur les locaux publics dans le but de rappeler \u00e0 tous les r\u00e8gles qui permettent de vivre ensemble dans le cadre scolaire.<\/span><\/p><p><span style=\"font-size: 14pt; color: #000000;\">Si aujourd\u2019hui les professeurs et chefs d\u2019\u00e9tablissements se disent surpris par cette nouvelle demande d\u2019affichage de drapeaux et des paroles de la Marseillaise visant \u00e0 faire ressembler des \u00e9coles \u00e0 des casernes, nul ne sait encore quelle forme elle pourrait prendre : simples affiches ? Petits drapeaux avec supports ? Drapeaux identiques \u00e0 ceux impos\u00e9s par la loi Peillon ? Aucune indication n&#8217;a encore \u00e9t\u00e9 donn\u00e9e sur ce sujet.<\/span><br \/><span style=\"font-size: 14pt; color: #000000;\">Jean-Michel Blanquer, actuel Ministre de l\u2019Education nationale d\u00e9fend cette mesure tout en assurant que son co\u00fbt sera marginal.<\/span><\/p><p><span style=\"font-size: 14pt; color: #000000;\">Cette loi n\u2019a pas encore \u00e9t\u00e9 vot\u00e9e par le S\u00e9nat. Affaire \u00e0 suivre donc ! &#8230;<\/span><\/p><p><span style=\"font-size: 14pt; color: #000000;\">Tous les projets de loi portant sur l&#8217;\u00e9cole et l&#8217;\u00e9ducation nationale sont consid\u00e9r\u00e9s comme sensibles. Ils concernent l&#8217;ensemble de la population, au travers des professeurs \u00e9videmment mais aussi et surtout au travers des enfants. Ils sont au centre de bons nombres de discussions, aussi bien au niveau des politiques que dans des cercles plus familiaux.<\/span><\/p>\t\t\t\t\t\t\t\t<\/div>\n\t\t\t\t<\/div>\n\t\t\t\t\t<\/div>\n\t\t<\/div>\n\t\t\t\t\t<\/div>\n\t\t<\/section>\n\t\t\t\t<section class=\"elementor-section elementor-top-section elementor-element elementor-element-bd47981 elementor-section-boxed elementor-section-height-default elementor-section-height-default\" data-id=\"bd47981\" data-element_type=\"section\">\n\t\t\t\t\t\t<div class=\"elementor-container elementor-column-gap-default\">\n\t\t\t\t\t<div class=\"elementor-column elementor-col-100 elementor-top-column elementor-element elementor-element-7508a36\" data-id=\"7508a36\" data-element_type=\"column\">\n\t\t\t<div class=\"elementor-widget-wrap elementor-element-populated\">\n\t\t\t\t\t\t<div class=\"elementor-element elementor-element-f07e227 elementor-widget elementor-widget-image\" data-id=\"f07e227\" data-element_type=\"widget\" data-widget_type=\"image.default\">\n\t\t\t\t<div class=\"elementor-widget-container\">\n\t\t\t\t\t\t\t\t\t\t\t\t\t\t\t<img fetchpriority=\"high\" decoding=\"async\" width=\"700\" height=\"534\" src=\"https:\/\/www.macapflag.com\/blog\/wp-content\/uploads\/2019\/03\/P-de-loi-ecole-de-la-confiance.gif\" class=\"attachment-large size-large wp-image-3415\" alt=\"Demain, le drapeau europ\u00e9en et le drapeau fran\u00e7ais dans toutes les classes d&#039;\u00e9cole?\" \/>\t\t\t\t\t\t\t\t\t\t\t\t\t\t\t<\/div>\n\t\t\t\t<\/div>\n\t\t\t\t\t<\/div>\n\t\t<\/div>\n\t\t\t\t\t<\/div>\n\t\t<\/section>\n\t\t\t\t<section class=\"elementor-section elementor-top-section elementor-element elementor-element-8c5e5dc elementor-section-boxed elementor-section-height-default elementor-section-height-default\" data-id=\"8c5e5dc\" data-element_type=\"section\">\n\t\t\t\t\t\t<div class=\"elementor-container elementor-column-gap-default\">\n\t\t\t\t\t<div class=\"elementor-column elementor-col-100 elementor-top-column elementor-element elementor-element-11a1d4b\" data-id=\"11a1d4b\" data-element_type=\"column\">\n\t\t\t<div class=\"elementor-widget-wrap elementor-element-populated\">\n\t\t\t\t\t\t<div class=\"elementor-element elementor-element-4bb475a elementor-widget elementor-widget-text-editor\" data-id=\"4bb475a\" data-element_type=\"widget\" data-widget_type=\"text-editor.default\">\n\t\t\t\t<div class=\"elementor-widget-container\">\n\t\t\t\t\t\t\t\t\t<p><strong><img decoding=\"async\" class=\"size-full wp-image-2887 aligncenter\" src=\"https:\/\/www.macapflag.com\/blog\/wp-content\/uploads\/2018\/10\/picto-newsactu235x135.gif\" alt=\"\" width=\"235\" height=\"135\" \/><\/strong><\/p><p style=\"text-align: center;\"><span style=\"color: #000000;\"><strong>Macap<\/strong><\/span>\u00a0<strong>&#8211; Vendredi 8 Mars 2019<\/strong><\/p><p style=\"text-align: center;\">\u00a0<\/p>\t\t\t\t\t\t\t\t<\/div>\n\t\t\t\t<\/div>\n\t\t\t\t\t<\/div>\n\t\t<\/div>\n\t\t\t\t\t<\/div>\n\t\t<\/section>\n\t\t\t\t<\/div>\n\t\t","protected":false},"excerpt":{"rendered":"<div class=\"tmnf_excerpt\"><p>Dans la nuit du 11 au 12 F\u00e9vrier 2019, les d\u00e9put\u00e9s de l\u2019assembl\u00e9e nationale ont vot\u00e9 l\u2019amendement propos\u00e9 par Eric Ciotti (LR) visant \u00e0 installer un drapeau fran\u00e7ais, un drapeau europ\u00e9en ainsi que les paroles de notre hymne national dans chaque classe des maternelles jusqu\u2019aux lyc\u00e9es. Cette mesure rappelle bien s\u00fbr la loi peillon celle &hellip;<\/p>\n<\/div>","protected":false},"author":2,"featured_media":3416,"comment_status":"closed","ping_status":"open","sticky":false,"template":"template-fullwidth.php","format":"standard","meta":{"footnotes":""},"categories":[92],"tags":[],"class_list":["post-3413","post","type-post","status-publish","format-standard","has-post-thumbnail","hentry","category-news"],"yoast_head":"<!-- This site is optimized with the Yoast SEO plugin v26.4 - https:\/\/yoast.com\/wordpress\/plugins\/seo\/ -->\n<title>Le projet de loi sur l&#039;\u00e9cole de la confiance fait d\u00e9bat<\/title>\n<meta name=\"description\" content=\"Ce projet de loi pr\u00e9voit l&#039;affichage d&#039;un drapeau fran\u00e7ais, un drapeau europ\u00e9en et des paroles de la Marseillaise dans chaque \u00e9cole et toutes les classes.\" \/>\n<meta name=\"robots\" content=\"index, follow, max-snippet:-1, max-image-preview:large, max-video-preview:-1\" \/>\n<link rel=\"canonical\" href=\"https:\/\/www.macapflag.com\/blog\/projet-de-loi\/\" \/>\n<meta property=\"og:locale\" content=\"fr_FR\" \/>\n<meta property=\"og:type\" content=\"article\" \/>\n<meta property=\"og:title\" content=\"Le projet de loi sur l&#039;\u00e9cole de la confiance fait d\u00e9bat\" \/>\n<meta property=\"og:description\" content=\"Ce projet de loi pr\u00e9voit l&#039;affichage d&#039;un drapeau fran\u00e7ais, un drapeau europ\u00e9en et des paroles de la Marseillaise dans chaque \u00e9cole et toutes les classes.\" \/>\n<meta property=\"og:url\" content=\"https:\/\/www.macapflag.com\/blog\/projet-de-loi\/\" \/>\n<meta property=\"og:site_name\" content=\"Blog - Macap\" \/>\n<meta property=\"article:publisher\" content=\"https:\/\/www.facebook.com\/macap.pavoisement\/\" \/>\n<meta property=\"article:published_time\" content=\"2019-03-08T07:56:05+00:00\" \/>\n<meta property=\"article:modified_time\" content=\"2019-11-25T10:35:12+00:00\" \/>\n<meta property=\"og:image\" content=\"https:\/\/www.macapflag.com\/blog\/wp-content\/uploads\/2019\/03\/projet-de-loi-ecole-de-la-confiance-TITRE.gif\" \/>\n\t<meta property=\"og:image:width\" content=\"700\" \/>\n\t<meta property=\"og:image:height\" content=\"534\" \/>\n\t<meta property=\"og:image:type\" content=\"image\/gif\" \/>\n<meta name=\"author\" content=\"Blog Macap\" \/>\n<meta name=\"twitter:card\" content=\"summary_large_image\" \/>\n<meta name=\"twitter:label1\" content=\"\u00c9crit par\" \/>\n\t<meta name=\"twitter:data1\" content=\"Blog Macap\" \/>\n\t<meta name=\"twitter:label2\" content=\"Dur\u00e9e de lecture estim\u00e9e\" \/>\n\t<meta name=\"twitter:data2\" content=\"2 minutes\" \/>\n<script type=\"application\/ld+json\" class=\"yoast-schema-graph\">{\"@context\":\"https:\/\/schema.org\",\"@graph\":[{\"@type\":\"Article\",\"@id\":\"https:\/\/www.macapflag.com\/blog\/projet-de-loi\/#article\",\"isPartOf\":{\"@id\":\"https:\/\/www.macapflag.com\/blog\/projet-de-loi\/\"},\"author\":{\"name\":\"Blog Macap\",\"@id\":\"https:\/\/www.macapflag.com\/blog\/#\/schema\/person\/3fea701f2603875e651e6b662578fc3c\"},\"headline\":\"Le projet de loi sur &#8220;l&#8217;\u00e9cole de la confiance&#8221; fait d\u00e9bat\",\"datePublished\":\"2019-03-08T07:56:05+00:00\",\"dateModified\":\"2019-11-25T10:35:12+00:00\",\"mainEntityOfPage\":{\"@id\":\"https:\/\/www.macapflag.com\/blog\/projet-de-loi\/\"},\"wordCount\":346,\"publisher\":{\"@id\":\"https:\/\/www.macapflag.com\/blog\/#organization\"},\"image\":{\"@id\":\"https:\/\/www.macapflag.com\/blog\/projet-de-loi\/#primaryimage\"},\"thumbnailUrl\":\"https:\/\/www.macapflag.com\/blog\/wp-content\/uploads\/2019\/03\/projet-de-loi-ecole-de-la-confiance-TITRE.gif\",\"articleSection\":[\"News &amp; Actu\"],\"inLanguage\":\"fr-FR\"},{\"@type\":\"WebPage\",\"@id\":\"https:\/\/www.macapflag.com\/blog\/projet-de-loi\/\",\"url\":\"https:\/\/www.macapflag.com\/blog\/projet-de-loi\/\",\"name\":\"Le projet de loi sur l'\u00e9cole de la confiance fait d\u00e9bat\",\"isPartOf\":{\"@id\":\"https:\/\/www.macapflag.com\/blog\/#website\"},\"primaryImageOfPage\":{\"@id\":\"https:\/\/www.macapflag.com\/blog\/projet-de-loi\/#primaryimage\"},\"image\":{\"@id\":\"https:\/\/www.macapflag.com\/blog\/projet-de-loi\/#primaryimage\"},\"thumbnailUrl\":\"https:\/\/www.macapflag.com\/blog\/wp-content\/uploads\/2019\/03\/projet-de-loi-ecole-de-la-confiance-TITRE.gif\",\"datePublished\":\"2019-03-08T07:56:05+00:00\",\"dateModified\":\"2019-11-25T10:35:12+00:00\",\"description\":\"Ce projet de loi pr\u00e9voit l'affichage d'un drapeau fran\u00e7ais, un drapeau europ\u00e9en et des paroles de la Marseillaise dans chaque \u00e9cole et toutes les classes.\",\"breadcrumb\":{\"@id\":\"https:\/\/www.macapflag.com\/blog\/projet-de-loi\/#breadcrumb\"},\"inLanguage\":\"fr-FR\",\"potentialAction\":[{\"@type\":\"ReadAction\",\"target\":[\"https:\/\/www.macapflag.com\/blog\/projet-de-loi\/\"]}]},{\"@type\":\"ImageObject\",\"inLanguage\":\"fr-FR\",\"@id\":\"https:\/\/www.macapflag.com\/blog\/projet-de-loi\/#primaryimage\",\"url\":\"https:\/\/www.macapflag.com\/blog\/wp-content\/uploads\/2019\/03\/projet-de-loi-ecole-de-la-confiance-TITRE.gif\",\"contentUrl\":\"https:\/\/www.macapflag.com\/blog\/wp-content\/uploads\/2019\/03\/projet-de-loi-ecole-de-la-confiance-TITRE.gif\",\"width\":700,\"height\":534,\"caption\":\"Le projet de loi sur l'\u00e9cole de la confiance pr\u00e9voit l'affichage de drapeaux dans les classes\"},{\"@type\":\"BreadcrumbList\",\"@id\":\"https:\/\/www.macapflag.com\/blog\/projet-de-loi\/#breadcrumb\",\"itemListElement\":[{\"@type\":\"ListItem\",\"position\":1,\"name\":\"Accueil\",\"item\":\"https:\/\/www.macapflag.com\/blog\/\"},{\"@type\":\"ListItem\",\"position\":2,\"name\":\"Le projet de loi sur &#8220;l&#8217;\u00e9cole de la confiance&#8221; fait d\u00e9bat\"}]},{\"@type\":\"WebSite\",\"@id\":\"https:\/\/www.macapflag.com\/blog\/#website\",\"url\":\"https:\/\/www.macapflag.com\/blog\/\",\"name\":\"Blog - Macap\",\"description\":\"Tous nos articles\",\"publisher\":{\"@id\":\"https:\/\/www.macapflag.com\/blog\/#organization\"},\"potentialAction\":[{\"@type\":\"SearchAction\",\"target\":{\"@type\":\"EntryPoint\",\"urlTemplate\":\"https:\/\/www.macapflag.com\/blog\/?s={search_term_string}\"},\"query-input\":{\"@type\":\"PropertyValueSpecification\",\"valueRequired\":true,\"valueName\":\"search_term_string\"}}],\"inLanguage\":\"fr-FR\"},{\"@type\":\"Organization\",\"@id\":\"https:\/\/www.macapflag.com\/blog\/#organization\",\"name\":\"macapflag\",\"url\":\"https:\/\/www.macapflag.com\/blog\/\",\"logo\":{\"@type\":\"ImageObject\",\"inLanguage\":\"fr-FR\",\"@id\":\"https:\/\/www.macapflag.com\/blog\/#\/schema\/logo\/image\/\",\"url\":\"https:\/\/www.macapflag.com\/blog\/wp-content\/uploads\/2020\/12\/cropped-M-512-1.png\",\"contentUrl\":\"https:\/\/www.macapflag.com\/blog\/wp-content\/uploads\/2020\/12\/cropped-M-512-1.png\",\"width\":512,\"height\":512,\"caption\":\"macapflag\"},\"image\":{\"@id\":\"https:\/\/www.macapflag.com\/blog\/#\/schema\/logo\/image\/\"},\"sameAs\":[\"https:\/\/www.facebook.com\/macap.pavoisement\/\",\"https:\/\/www.instagram.com\/macapflag\/?hl=fr\",\"https:\/\/www.linkedin.com\/company\/macap\/?originalSubdomain=fr\",\"https:\/\/www.youtube.com\/channel\/UCXNzTIdZh9poEBjSXEqDtNw\"]},{\"@type\":\"Person\",\"@id\":\"https:\/\/www.macapflag.com\/blog\/#\/schema\/person\/3fea701f2603875e651e6b662578fc3c\",\"name\":\"Blog Macap\",\"image\":{\"@type\":\"ImageObject\",\"inLanguage\":\"fr-FR\",\"@id\":\"https:\/\/www.macapflag.com\/blog\/#\/schema\/person\/image\/\",\"url\":\"https:\/\/secure.gravatar.com\/avatar\/c12551f2dc51f0db049633b03e7856985477a70da834cc8967dea4ce54bdd6a2?s=96&d=mm&r=g\",\"contentUrl\":\"https:\/\/secure.gravatar.com\/avatar\/c12551f2dc51f0db049633b03e7856985477a70da834cc8967dea4ce54bdd6a2?s=96&d=mm&r=g\",\"caption\":\"Blog Macap\"},\"url\":\"https:\/\/www.macapflag.com\/blog\/author\/macap\/\"}]}<\/script>\n<!-- \/ Yoast SEO plugin. -->","yoast_head_json":{"title":"Le projet de loi sur l'\u00e9cole de la confiance fait d\u00e9bat","description":"Ce projet de loi pr\u00e9voit l'affichage d'un drapeau fran\u00e7ais, un drapeau europ\u00e9en et des paroles de la Marseillaise dans chaque \u00e9cole et toutes les classes.","robots":{"index":"index","follow":"follow","max-snippet":"max-snippet:-1","max-image-preview":"max-image-preview:large","max-video-preview":"max-video-preview:-1"},"canonical":"https:\/\/www.macapflag.com\/blog\/projet-de-loi\/","og_locale":"fr_FR","og_type":"article","og_title":"Le projet de loi sur l'\u00e9cole de la confiance fait d\u00e9bat","og_description":"Ce projet de loi pr\u00e9voit l'affichage d'un drapeau fran\u00e7ais, un drapeau europ\u00e9en et des paroles de la Marseillaise dans chaque \u00e9cole et toutes les classes.","og_url":"https:\/\/www.macapflag.com\/blog\/projet-de-loi\/","og_site_name":"Blog - Macap","article_publisher":"https:\/\/www.facebook.com\/macap.pavoisement\/","article_published_time":"2019-03-08T07:56:05+00:00","article_modified_time":"2019-11-25T10:35:12+00:00","og_image":[{"width":700,"height":534,"url":"https:\/\/www.macapflag.com\/blog\/wp-content\/uploads\/2019\/03\/projet-de-loi-ecole-de-la-confiance-TITRE.gif","type":"image\/gif"}],"author":"Blog Macap","twitter_card":"summary_large_image","twitter_misc":{"\u00c9crit par":"Blog Macap","Dur\u00e9e de lecture estim\u00e9e":"2 minutes"},"schema":{"@context":"https:\/\/schema.org","@graph":[{"@type":"Article","@id":"https:\/\/www.macapflag.com\/blog\/projet-de-loi\/#article","isPartOf":{"@id":"https:\/\/www.macapflag.com\/blog\/projet-de-loi\/"},"author":{"name":"Blog Macap","@id":"https:\/\/www.macapflag.com\/blog\/#\/schema\/person\/3fea701f2603875e651e6b662578fc3c"},"headline":"Le projet de loi sur &#8220;l&#8217;\u00e9cole de la confiance&#8221; fait d\u00e9bat","datePublished":"2019-03-08T07:56:05+00:00","dateModified":"2019-11-25T10:35:12+00:00","mainEntityOfPage":{"@id":"https:\/\/www.macapflag.com\/blog\/projet-de-loi\/"},"wordCount":346,"publisher":{"@id":"https:\/\/www.macapflag.com\/blog\/#organization"},"image":{"@id":"https:\/\/www.macapflag.com\/blog\/projet-de-loi\/#primaryimage"},"thumbnailUrl":"https:\/\/www.macapflag.com\/blog\/wp-content\/uploads\/2019\/03\/projet-de-loi-ecole-de-la-confiance-TITRE.gif","articleSection":["News &amp; Actu"],"inLanguage":"fr-FR"},{"@type":"WebPage","@id":"https:\/\/www.macapflag.com\/blog\/projet-de-loi\/","url":"https:\/\/www.macapflag.com\/blog\/projet-de-loi\/","name":"Le projet de loi sur l'\u00e9cole de la confiance fait d\u00e9bat","isPartOf":{"@id":"https:\/\/www.macapflag.com\/blog\/#website"},"primaryImageOfPage":{"@id":"https:\/\/www.macapflag.com\/blog\/projet-de-loi\/#primaryimage"},"image":{"@id":"https:\/\/www.macapflag.com\/blog\/projet-de-loi\/#primaryimage"},"thumbnailUrl":"https:\/\/www.macapflag.com\/blog\/wp-content\/uploads\/2019\/03\/projet-de-loi-ecole-de-la-confiance-TITRE.gif","datePublished":"2019-03-08T07:56:05+00:00","dateModified":"2019-11-25T10:35:12+00:00","description":"Ce projet de loi pr\u00e9voit l'affichage d'un drapeau fran\u00e7ais, un drapeau europ\u00e9en et des paroles de la Marseillaise dans chaque \u00e9cole et toutes les classes.","breadcrumb":{"@id":"https:\/\/www.macapflag.com\/blog\/projet-de-loi\/#breadcrumb"},"inLanguage":"fr-FR","potentialAction":[{"@type":"ReadAction","target":["https:\/\/www.macapflag.com\/blog\/projet-de-loi\/"]}]},{"@type":"ImageObject","inLanguage":"fr-FR","@id":"https:\/\/www.macapflag.com\/blog\/projet-de-loi\/#primaryimage","url":"https:\/\/www.macapflag.com\/blog\/wp-content\/uploads\/2019\/03\/projet-de-loi-ecole-de-la-confiance-TITRE.gif","contentUrl":"https:\/\/www.macapflag.com\/blog\/wp-content\/uploads\/2019\/03\/projet-de-loi-ecole-de-la-confiance-TITRE.gif","width":700,"height":534,"caption":"Le projet de loi sur l'\u00e9cole de la confiance pr\u00e9voit l'affichage de drapeaux dans les classes"},{"@type":"BreadcrumbList","@id":"https:\/\/www.macapflag.com\/blog\/projet-de-loi\/#breadcrumb","itemListElement":[{"@type":"ListItem","position":1,"name":"Accueil","item":"https:\/\/www.macapflag.com\/blog\/"},{"@type":"ListItem","position":2,"name":"Le projet de loi sur &#8220;l&#8217;\u00e9cole de la confiance&#8221; fait d\u00e9bat"}]},{"@type":"WebSite","@id":"https:\/\/www.macapflag.com\/blog\/#website","url":"https:\/\/www.macapflag.com\/blog\/","name":"Blog - Macap","description":"Tous nos articles","publisher":{"@id":"https:\/\/www.macapflag.com\/blog\/#organization"},"potentialAction":[{"@type":"SearchAction","target":{"@type":"EntryPoint","urlTemplate":"https:\/\/www.macapflag.com\/blog\/?s={search_term_string}"},"query-input":{"@type":"PropertyValueSpecification","valueRequired":true,"valueName":"search_term_string"}}],"inLanguage":"fr-FR"},{"@type":"Organization","@id":"https:\/\/www.macapflag.com\/blog\/#organization","name":"macapflag","url":"https:\/\/www.macapflag.com\/blog\/","logo":{"@type":"ImageObject","inLanguage":"fr-FR","@id":"https:\/\/www.macapflag.com\/blog\/#\/schema\/logo\/image\/","url":"https:\/\/www.macapflag.com\/blog\/wp-content\/uploads\/2020\/12\/cropped-M-512-1.png","contentUrl":"https:\/\/www.macapflag.com\/blog\/wp-content\/uploads\/2020\/12\/cropped-M-512-1.png","width":512,"height":512,"caption":"macapflag"},"image":{"@id":"https:\/\/www.macapflag.com\/blog\/#\/schema\/logo\/image\/"},"sameAs":["https:\/\/www.facebook.com\/macap.pavoisement\/","https:\/\/www.instagram.com\/macapflag\/?hl=fr","https:\/\/www.linkedin.com\/company\/macap\/?originalSubdomain=fr","https:\/\/www.youtube.com\/channel\/UCXNzTIdZh9poEBjSXEqDtNw"]},{"@type":"Person","@id":"https:\/\/www.macapflag.com\/blog\/#\/schema\/person\/3fea701f2603875e651e6b662578fc3c","name":"Blog Macap","image":{"@type":"ImageObject","inLanguage":"fr-FR","@id":"https:\/\/www.macapflag.com\/blog\/#\/schema\/person\/image\/","url":"https:\/\/secure.gravatar.com\/avatar\/c12551f2dc51f0db049633b03e7856985477a70da834cc8967dea4ce54bdd6a2?s=96&d=mm&r=g","contentUrl":"https:\/\/secure.gravatar.com\/avatar\/c12551f2dc51f0db049633b03e7856985477a70da834cc8967dea4ce54bdd6a2?s=96&d=mm&r=g","caption":"Blog Macap"},"url":"https:\/\/www.macapflag.com\/blog\/author\/macap\/"}]}},"_links":{"self":[{"href":"https:\/\/www.macapflag.com\/blog\/wp-json\/wp\/v2\/posts\/3413","targetHints":{"allow":["GET"]}}],"collection":[{"href":"https:\/\/www.macapflag.com\/blog\/wp-json\/wp\/v2\/posts"}],"about":[{"href":"https:\/\/www.macapflag.com\/blog\/wp-json\/wp\/v2\/types\/post"}],"author":[{"embeddable":true,"href":"https:\/\/www.macapflag.com\/blog\/wp-json\/wp\/v2\/users\/2"}],"replies":[{"embeddable":true,"href":"https:\/\/www.macapflag.com\/blog\/wp-json\/wp\/v2\/comments?post=3413"}],"version-history":[{"count":10,"href":"https:\/\/www.macapflag.com\/blog\/wp-json\/wp\/v2\/posts\/3413\/revisions"}],"predecessor-version":[{"id":4345,"href":"https:\/\/www.macapflag.com\/blog\/wp-json\/wp\/v2\/posts\/3413\/revisions\/4345"}],"wp:featuredmedia":[{"embeddable":true,"href":"https:\/\/www.macapflag.com\/blog\/wp-json\/wp\/v2\/media\/3416"}],"wp:attachment":[{"href":"https:\/\/www.macapflag.com\/blog\/wp-json\/wp\/v2\/media?parent=3413"}],"wp:term":[{"taxonomy":"category","embeddable":true,"href":"https:\/\/www.macapflag.com\/blog\/wp-json\/wp\/v2\/categories?post=3413"},{"taxonomy":"post_tag","embeddable":true,"href":"https:\/\/www.macapflag.com\/blog\/wp-json\/wp\/v2\/tags?post=3413"}],"curies":[{"name":"wp","href":"https:\/\/api.w.org\/{rel}","templated":true}]}}