{"id":3617,"date":"2019-05-20T13:00:55","date_gmt":"2019-05-20T11:00:55","guid":{"rendered":"https:\/\/www.macapflag.com\/blog\/?p=3617"},"modified":"2019-11-25T11:19:40","modified_gmt":"2019-11-25T10:19:40","slug":"drapeau-de-defile","status":"publish","type":"post","link":"https:\/\/www.macapflag.com\/blog\/drapeau-de-defile\/","title":{"rendered":"(Bien) choisir son drapeau de d\u00e9fil\u00e9"},"content":{"rendered":"\t\t<div data-elementor-type=\"wp-post\" data-elementor-id=\"3617\" class=\"elementor elementor-3617 elementor-bc-flex-widget\">\n\t\t\t\t\t\t<section class=\"elementor-section elementor-top-section elementor-element elementor-element-94f8b80 elementor-section-boxed elementor-section-height-default elementor-section-height-default\" data-id=\"94f8b80\" data-element_type=\"section\">\n\t\t\t\t\t\t<div class=\"elementor-container elementor-column-gap-default\">\n\t\t\t\t\t<div class=\"elementor-column elementor-col-100 elementor-top-column elementor-element elementor-element-d481ddb\" data-id=\"d481ddb\" data-element_type=\"column\">\n\t\t\t<div class=\"elementor-widget-wrap elementor-element-populated\">\n\t\t\t\t\t\t<div class=\"elementor-element elementor-element-2a4e40d elementor-widget elementor-widget-text-editor\" data-id=\"2a4e40d\" data-element_type=\"widget\" data-widget_type=\"text-editor.default\">\n\t\t\t\t<div class=\"elementor-widget-container\">\n\t\t\t\t\t\t\t\t\t<p style=\"text-align: justify;\"><span style=\"font-size: 14pt; color: #000000;\"><span style=\"font-weight: 400;\">Fabricant de drapeaux de prestige<\/span><span style=\"font-weight: 400;\"> depuis plus de cinquante ann\u00e9es, nous savons combien le choix d\u2019un <\/span><span style=\"font-weight: 400;\">drapeau de d\u00e9fil\u00e9<\/span><span style=\"font-weight: 400;\"> ne se fait ni au hasard, ni \u201c\u00e0 la va-vite\u201d. <\/span><span style=\"font-weight: 400;\">\n<\/span><span style=\"font-weight: 400;\">Comme pour l\u2019achat d\u2019un objet pr\u00e9cieux un peu <\/span><span style=\"font-weight: 400;\">sp\u00e9cial<\/span><span style=\"font-weight: 400;\"> que l\u2019on conservera longtemps, on aime avoir toutes les informations et conna\u00eetre les caract\u00e9ristiques des drapeaux propos\u00e9s.<\/span><\/span><\/p>\n<p style=\"text-align: justify;\"><span style=\"font-size: 14pt; color: #000000;\"><span style=\"font-weight: 400;\">Forts de plus de cinquante ann\u00e9es d\u2019exp\u00e9rience, nous proposons plusieurs mod\u00e8les de <\/span><span style=\"font-weight: 400;\">drapeaux de prestige. <\/span><span style=\"font-weight: 400;\">Lorsqu\u2019une <\/span><span style=\"font-weight: 400;\">mairie<\/span><span style=\"font-weight: 400;\"> ou une <\/span><span style=\"font-weight: 400;\">association<\/span><span style=\"font-weight: 400;\"> nous contacte, nous savons leur pr\u00e9senter nos diff\u00e9rentes <\/span><span style=\"font-weight: 400;\">gammes<\/span><span style=\"font-weight: 400;\"> de <\/span><span style=\"font-weight: 400;\">drapeaux<\/span><span style=\"font-weight: 400;\"> et <\/span><span style=\"font-weight: 400;\">accessoires<\/span><span style=\"font-weight: 400;\"> d\u00e9di\u00e9s aux <\/span><span style=\"font-weight: 400;\">d\u00e9fil\u00e9s<\/span><span style=\"font-weight: 400;\">.<\/span><\/span><\/p>\t\t\t\t\t\t\t\t<\/div>\n\t\t\t\t<\/div>\n\t\t\t\t\t<\/div>\n\t\t<\/div>\n\t\t\t\t\t<\/div>\n\t\t<\/section>\n\t\t\t\t<section class=\"elementor-section elementor-top-section elementor-element elementor-element-0dce1be elementor-section-boxed elementor-section-height-default elementor-section-height-default\" data-id=\"0dce1be\" data-element_type=\"section\">\n\t\t\t\t\t\t<div class=\"elementor-container elementor-column-gap-default\">\n\t\t\t\t\t<div class=\"elementor-column elementor-col-100 elementor-top-column elementor-element elementor-element-de97e3b\" data-id=\"de97e3b\" data-element_type=\"column\">\n\t\t\t<div class=\"elementor-widget-wrap elementor-element-populated\">\n\t\t\t\t\t\t<div class=\"elementor-element elementor-element-1fbce99 elementor-widget elementor-widget-text-editor\" data-id=\"1fbce99\" data-element_type=\"widget\" data-widget_type=\"text-editor.default\">\n\t\t\t\t<div class=\"elementor-widget-container\">\n\t\t\t\t\t\t\t\t\t<h2 style=\"text-align: center;\"><strong>Quels produits retrouve-t-on sous la d\u00e9nomination \u201cDrapeau de D\u00e9fil\u00e9 Officiel\u201d ?<\/strong><\/h2>\t\t\t\t\t\t\t\t<\/div>\n\t\t\t\t<\/div>\n\t\t\t\t\t<\/div>\n\t\t<\/div>\n\t\t\t\t\t<\/div>\n\t\t<\/section>\n\t\t\t\t<section class=\"elementor-section elementor-top-section elementor-element elementor-element-e477456 elementor-section-boxed elementor-section-height-default elementor-section-height-default\" data-id=\"e477456\" data-element_type=\"section\">\n\t\t\t\t\t\t<div class=\"elementor-container elementor-column-gap-default\">\n\t\t\t\t\t<div class=\"elementor-column elementor-col-100 elementor-top-column elementor-element elementor-element-2debf75\" data-id=\"2debf75\" data-element_type=\"column\">\n\t\t\t<div class=\"elementor-widget-wrap elementor-element-populated\">\n\t\t\t\t\t\t<div class=\"elementor-element elementor-element-548ffd3 elementor-widget elementor-widget-text-editor\" data-id=\"548ffd3\" data-element_type=\"widget\" data-widget_type=\"text-editor.default\">\n\t\t\t\t<div class=\"elementor-widget-container\">\n\t\t\t\t\t\t\t\t\t<p><span style=\"font-size: 14pt; color: #000000;\">. Le drapeau fran\u00e7ais<br \/><\/span><span style=\"color: #000000; font-size: 14pt;\">. Le drapeau fran\u00e7ais personnalis\u00e9 (brod\u00e9 ou imprim\u00e9)<br \/><\/span><span style=\"font-size: 14pt; color: #000000;\">. Le drapeau personnalis\u00e9\u00a0(brod\u00e9 ou imprim\u00e9)<\/span><\/p>\t\t\t\t\t\t\t\t<\/div>\n\t\t\t\t<\/div>\n\t\t\t\t\t<\/div>\n\t\t<\/div>\n\t\t\t\t\t<\/div>\n\t\t<\/section>\n\t\t\t\t<section class=\"elementor-section elementor-top-section elementor-element elementor-element-f0ef3cf elementor-section-boxed elementor-section-height-default elementor-section-height-default\" data-id=\"f0ef3cf\" data-element_type=\"section\">\n\t\t\t\t\t\t<div class=\"elementor-container elementor-column-gap-default\">\n\t\t\t\t\t<div class=\"elementor-column elementor-col-100 elementor-top-column elementor-element elementor-element-97efaf0\" data-id=\"97efaf0\" data-element_type=\"column\">\n\t\t\t<div class=\"elementor-widget-wrap elementor-element-populated\">\n\t\t\t\t\t\t<div class=\"elementor-element elementor-element-5b113c7 elementor-widget elementor-widget-image\" data-id=\"5b113c7\" data-element_type=\"widget\" data-widget_type=\"image.default\">\n\t\t\t\t<div class=\"elementor-widget-container\">\n\t\t\t\t\t\t\t\t\t\t\t\t\t\t\t<img fetchpriority=\"high\" decoding=\"async\" width=\"700\" height=\"534\" src=\"https:\/\/www.macapflag.com\/blog\/wp-content\/uploads\/2019\/05\/drapeau-de-defile-ceremonie.gif\" class=\"attachment-large size-large wp-image-3597\" alt=\"le drapeau de d\u00e9fil\u00e9 ou de c\u00e9r\u00e9monie et ses de multiples options\" \/>\t\t\t\t\t\t\t\t\t\t\t\t\t\t\t<\/div>\n\t\t\t\t<\/div>\n\t\t\t\t\t<\/div>\n\t\t<\/div>\n\t\t\t\t\t<\/div>\n\t\t<\/section>\n\t\t\t\t<section class=\"elementor-section elementor-top-section elementor-element elementor-element-3037704 elementor-section-boxed elementor-section-height-default elementor-section-height-default\" data-id=\"3037704\" data-element_type=\"section\">\n\t\t\t\t\t\t<div class=\"elementor-container elementor-column-gap-default\">\n\t\t\t\t\t<div class=\"elementor-column elementor-col-100 elementor-top-column elementor-element elementor-element-bf8385a\" data-id=\"bf8385a\" data-element_type=\"column\">\n\t\t\t<div class=\"elementor-widget-wrap elementor-element-populated\">\n\t\t\t\t\t\t<div class=\"elementor-element elementor-element-272da35 elementor-widget elementor-widget-text-editor\" data-id=\"272da35\" data-element_type=\"widget\" data-widget_type=\"text-editor.default\">\n\t\t\t\t<div class=\"elementor-widget-container\">\n\t\t\t\t\t\t\t\t\t<h3><span style=\"font-size: 16pt;\"><strong>2 techniques de fabrication sont utilis\u00e9es pour ces mod\u00e8les :<\/strong><\/span><\/h3>\t\t\t\t\t\t\t\t<\/div>\n\t\t\t\t<\/div>\n\t\t\t\t\t<\/div>\n\t\t<\/div>\n\t\t\t\t\t<\/div>\n\t\t<\/section>\n\t\t\t\t<section class=\"elementor-section elementor-top-section elementor-element elementor-element-2be71d0 elementor-section-boxed elementor-section-height-default elementor-section-height-default\" data-id=\"2be71d0\" data-element_type=\"section\">\n\t\t\t\t\t\t<div class=\"elementor-container elementor-column-gap-default\">\n\t\t\t\t\t<div class=\"elementor-column elementor-col-100 elementor-top-column elementor-element elementor-element-58a9f7f\" data-id=\"58a9f7f\" data-element_type=\"column\">\n\t\t\t<div class=\"elementor-widget-wrap elementor-element-populated\">\n\t\t\t\t\t\t<div class=\"elementor-element elementor-element-67acc22 elementor-widget elementor-widget-text-editor\" data-id=\"67acc22\" data-element_type=\"widget\" data-widget_type=\"text-editor.default\">\n\t\t\t\t<div class=\"elementor-widget-container\">\n\t\t\t\t\t\t\t\t\t<p><span style=\"font-size: 14pt; color: #000000;\">. La confection du drapeau en tissu Ottoman personnalis\u00e9 par des lettres, visuels et logos brod\u00e9s<\/span><br \/><span style=\"font-size: 14pt; color: #000000;\">&#8211; sur un fond de 3 bandes cousues bleu blanc rouge<\/span><br \/><span style=\"font-size: 14pt; color: #000000;\">&#8211; sur un fond blanc uni<\/span><\/p><p><span style=\"font-size: 14pt; color: #000000;\">. La personnalisation du drapeau par impression num\u00e9rique<\/span><br \/><span style=\"font-size: 14pt; color: #000000;\">&#8211; sur un fond tricolore<\/span><br \/><span style=\"font-size: 14pt; color: #000000;\">&#8211; sur le fond imprim\u00e9 de votre choix<\/span><\/p>\t\t\t\t\t\t\t\t<\/div>\n\t\t\t\t<\/div>\n\t\t\t\t\t<\/div>\n\t\t<\/div>\n\t\t\t\t\t<\/div>\n\t\t<\/section>\n\t\t\t\t<section class=\"elementor-section elementor-top-section elementor-element elementor-element-1d57d3c elementor-section-boxed elementor-section-height-default elementor-section-height-default\" data-id=\"1d57d3c\" data-element_type=\"section\">\n\t\t\t\t\t\t<div class=\"elementor-container elementor-column-gap-default\">\n\t\t\t\t\t<div class=\"elementor-column elementor-col-100 elementor-top-column elementor-element elementor-element-c2d2069\" data-id=\"c2d2069\" data-element_type=\"column\">\n\t\t\t<div class=\"elementor-widget-wrap elementor-element-populated\">\n\t\t\t\t\t\t<div class=\"elementor-element elementor-element-09d2c1a elementor-widget elementor-widget-spacer\" data-id=\"09d2c1a\" data-element_type=\"widget\" data-widget_type=\"spacer.default\">\n\t\t\t\t<div class=\"elementor-widget-container\">\n\t\t\t\t\t\t\t<div class=\"elementor-spacer\">\n\t\t\t<div class=\"elementor-spacer-inner\"><\/div>\n\t\t<\/div>\n\t\t\t\t\t\t<\/div>\n\t\t\t\t<\/div>\n\t\t\t\t\t<\/div>\n\t\t<\/div>\n\t\t\t\t\t<\/div>\n\t\t<\/section>\n\t\t\t\t<section class=\"elementor-section elementor-top-section elementor-element elementor-element-ccaafb7 elementor-section-boxed elementor-section-height-default elementor-section-height-default\" data-id=\"ccaafb7\" data-element_type=\"section\">\n\t\t\t\t\t\t<div class=\"elementor-container elementor-column-gap-default\">\n\t\t\t\t\t<div class=\"elementor-column elementor-col-100 elementor-top-column elementor-element elementor-element-5fb39a2\" data-id=\"5fb39a2\" data-element_type=\"column\">\n\t\t\t<div class=\"elementor-widget-wrap elementor-element-populated\">\n\t\t\t\t\t\t<div class=\"elementor-element elementor-element-c52ca8a elementor-widget elementor-widget-text-editor\" data-id=\"c52ca8a\" data-element_type=\"widget\" data-widget_type=\"text-editor.default\">\n\t\t\t\t<div class=\"elementor-widget-container\">\n\t\t\t\t\t\t\t\t\t<h2 style=\"text-align: center;\"><strong>Quelles sont les caract\u00e9ristiques de nos drapeaux de d\u00e9fil\u00e9 ?<\/strong><\/h2>\t\t\t\t\t\t\t\t<\/div>\n\t\t\t\t<\/div>\n\t\t\t\t\t<\/div>\n\t\t<\/div>\n\t\t\t\t\t<\/div>\n\t\t<\/section>\n\t\t\t\t<section class=\"elementor-section elementor-top-section elementor-element elementor-element-efff9c6 elementor-section-boxed elementor-section-height-default elementor-section-height-default\" data-id=\"efff9c6\" data-element_type=\"section\">\n\t\t\t\t\t\t<div class=\"elementor-container elementor-column-gap-default\">\n\t\t\t\t\t<div class=\"elementor-column elementor-col-100 elementor-top-column elementor-element elementor-element-1ac2942\" data-id=\"1ac2942\" data-element_type=\"column\">\n\t\t\t<div class=\"elementor-widget-wrap elementor-element-populated\">\n\t\t\t\t\t\t<div class=\"elementor-element elementor-element-30af758 elementor-widget elementor-widget-text-editor\" data-id=\"30af758\" data-element_type=\"widget\" data-widget_type=\"text-editor.default\">\n\t\t\t\t<div class=\"elementor-widget-container\">\n\t\t\t\t\t\t\t\t\t<h3 style=\"text-align: center;\"><span style=\"font-size: 16pt;\"><strong><span style=\"text-decoration: underline;\">Le drapeau de d\u00e9fil\u00e9 brod\u00e9 : tricolore ou sur fond uni blanc en Ottoman et sa hampe en bois vernis<\/span> <\/strong><\/span><\/h3>\t\t\t\t\t\t\t\t<\/div>\n\t\t\t\t<\/div>\n\t\t\t\t\t<\/div>\n\t\t<\/div>\n\t\t\t\t\t<\/div>\n\t\t<\/section>\n\t\t\t\t<section class=\"elementor-section elementor-top-section elementor-element elementor-element-cff16de elementor-section-boxed elementor-section-height-default elementor-section-height-default\" data-id=\"cff16de\" data-element_type=\"section\">\n\t\t\t\t\t\t<div class=\"elementor-container elementor-column-gap-default\">\n\t\t\t\t\t<div class=\"elementor-column elementor-col-100 elementor-top-column elementor-element elementor-element-ba5ce67\" data-id=\"ba5ce67\" data-element_type=\"column\">\n\t\t\t<div class=\"elementor-widget-wrap elementor-element-populated\">\n\t\t\t\t\t\t<div class=\"elementor-element elementor-element-f8a8031 elementor-widget elementor-widget-text-editor\" data-id=\"f8a8031\" data-element_type=\"widget\" data-widget_type=\"text-editor.default\">\n\t\t\t\t<div class=\"elementor-widget-container\">\n\t\t\t\t\t\t\t\t\t<p style=\"text-align: justify;\"><span style=\"font-size: 14pt; color: #000000;\"><strong>Composition et personnalisation<\/strong><\/span>\n<span style=\"font-size: 14pt; color: #000000;\">Dans la gamme des drapeaux tricolores fran\u00e7ais, il est le plus prestigieux.<\/span>\n<span style=\"font-size: 14pt; color: #000000;\">Confectionn\u00e9 dans un tissu tr\u00e8s qualitatif qu\u2019est l\u2019Ottoman, compos\u00e9 d\u2019un m\u00e9lange de coton et de viscose 250 gr\/m2, il est parfait pour recevoir la broderie de vos lettres et autres motifs personnalis\u00e9s (Croix, motif r\u00e9publique fran\u00e7aise avec palmes, logo etc\u2026). <\/span>\n<span style=\"font-size: 14pt; color: #000000;\">La personnalisation des lettres brod\u00e9es peut \u00eatre effectu\u00e9e avec du fil dor\u00e9, argent\u00e9 ou de plusieurs couleurs. Il en est de m\u00eame pour les motifs, que vous le choisissiez dans les mod\u00e8les standards ou que vous cr\u00e9iez le v\u00f4tre.<\/span><\/p>\t\t\t\t\t\t\t\t<\/div>\n\t\t\t\t<\/div>\n\t\t\t\t\t<\/div>\n\t\t<\/div>\n\t\t\t\t\t<\/div>\n\t\t<\/section>\n\t\t\t\t<section class=\"elementor-section elementor-top-section elementor-element elementor-element-78b1ca5 elementor-section-boxed elementor-section-height-default elementor-section-height-default\" data-id=\"78b1ca5\" data-element_type=\"section\">\n\t\t\t\t\t\t<div class=\"elementor-container elementor-column-gap-default\">\n\t\t\t\t\t<div class=\"elementor-column elementor-col-33 elementor-top-column elementor-element elementor-element-7470735\" data-id=\"7470735\" data-element_type=\"column\">\n\t\t\t<div class=\"elementor-widget-wrap elementor-element-populated\">\n\t\t\t\t\t\t<div class=\"elementor-element elementor-element-6248875 elementor-widget elementor-widget-image\" data-id=\"6248875\" data-element_type=\"widget\" data-widget_type=\"image.default\">\n\t\t\t\t<div class=\"elementor-widget-container\">\n\t\t\t\t\t\t\t\t\t\t\t\t\t\t\t<img decoding=\"async\" width=\"700\" height=\"534\" src=\"https:\/\/www.macapflag.com\/blog\/wp-content\/uploads\/2019\/05\/drapeau-defile-ceremonie-prestige-1.jpg\" class=\"attachment-large size-large wp-image-3607\" alt=\"Le drapeau de d\u00e9fil\u00e9 brod\u00e9 est confectionn\u00e9 dans la mati\u00e8re prestigieuse Ottoman\" srcset=\"https:\/\/www.macapflag.com\/blog\/wp-content\/uploads\/2019\/05\/drapeau-defile-ceremonie-prestige-1.jpg 700w, https:\/\/www.macapflag.com\/blog\/wp-content\/uploads\/2019\/05\/drapeau-defile-ceremonie-prestige-1-300x229.jpg 300w, https:\/\/www.macapflag.com\/blog\/wp-content\/uploads\/2019\/05\/drapeau-defile-ceremonie-prestige-1-80x60.jpg 80w, https:\/\/www.macapflag.com\/blog\/wp-content\/uploads\/2019\/05\/drapeau-defile-ceremonie-prestige-1-696x531.jpg 696w, https:\/\/www.macapflag.com\/blog\/wp-content\/uploads\/2019\/05\/drapeau-defile-ceremonie-prestige-1-551x420.jpg 551w\" sizes=\"(max-width: 700px) 100vw, 700px\" \/>\t\t\t\t\t\t\t\t\t\t\t\t\t\t\t<\/div>\n\t\t\t\t<\/div>\n\t\t\t\t\t<\/div>\n\t\t<\/div>\n\t\t\t\t<div class=\"elementor-column elementor-col-33 elementor-top-column elementor-element elementor-element-e3c8334\" data-id=\"e3c8334\" data-element_type=\"column\">\n\t\t\t<div class=\"elementor-widget-wrap elementor-element-populated\">\n\t\t\t\t\t\t<div class=\"elementor-element elementor-element-3849f31 elementor-widget elementor-widget-image\" data-id=\"3849f31\" data-element_type=\"widget\" data-widget_type=\"image.default\">\n\t\t\t\t<div class=\"elementor-widget-container\">\n\t\t\t\t\t\t\t\t\t\t\t\t\t\t\t<img decoding=\"async\" width=\"700\" height=\"534\" src=\"https:\/\/www.macapflag.com\/blog\/wp-content\/uploads\/2019\/05\/drapeau-defile-ceremonie-prestige-2.jpg\" class=\"attachment-large size-large wp-image-3608\" alt=\"Le soin apport\u00e9 \u00e0 la broderie en lettres d&#039;or sur le drapeau de d\u00e9fil\u00e9\" srcset=\"https:\/\/www.macapflag.com\/blog\/wp-content\/uploads\/2019\/05\/drapeau-defile-ceremonie-prestige-2.jpg 700w, https:\/\/www.macapflag.com\/blog\/wp-content\/uploads\/2019\/05\/drapeau-defile-ceremonie-prestige-2-300x229.jpg 300w, https:\/\/www.macapflag.com\/blog\/wp-content\/uploads\/2019\/05\/drapeau-defile-ceremonie-prestige-2-80x60.jpg 80w, https:\/\/www.macapflag.com\/blog\/wp-content\/uploads\/2019\/05\/drapeau-defile-ceremonie-prestige-2-696x531.jpg 696w, https:\/\/www.macapflag.com\/blog\/wp-content\/uploads\/2019\/05\/drapeau-defile-ceremonie-prestige-2-551x420.jpg 551w\" sizes=\"(max-width: 700px) 100vw, 700px\" \/>\t\t\t\t\t\t\t\t\t\t\t\t\t\t\t<\/div>\n\t\t\t\t<\/div>\n\t\t\t\t\t<\/div>\n\t\t<\/div>\n\t\t\t\t<div class=\"elementor-column elementor-col-33 elementor-top-column elementor-element elementor-element-b265904\" data-id=\"b265904\" data-element_type=\"column\">\n\t\t\t<div class=\"elementor-widget-wrap elementor-element-populated\">\n\t\t\t\t\t\t<div class=\"elementor-element elementor-element-cc0dfe3 elementor-widget elementor-widget-image\" data-id=\"cc0dfe3\" data-element_type=\"widget\" data-widget_type=\"image.default\">\n\t\t\t\t<div class=\"elementor-widget-container\">\n\t\t\t\t\t\t\t\t\t\t\t\t\t\t\t<img loading=\"lazy\" decoding=\"async\" width=\"700\" height=\"534\" src=\"https:\/\/www.macapflag.com\/blog\/wp-content\/uploads\/2019\/05\/drapeau-defile-ceremonie-prestige-3.jpg\" class=\"attachment-large size-large wp-image-3609\" alt=\"Les lettres d&#039;or sont brod\u00e9es sur un drapeau de d\u00e9fil\u00e9 tricolore de prestige\" srcset=\"https:\/\/www.macapflag.com\/blog\/wp-content\/uploads\/2019\/05\/drapeau-defile-ceremonie-prestige-3.jpg 700w, https:\/\/www.macapflag.com\/blog\/wp-content\/uploads\/2019\/05\/drapeau-defile-ceremonie-prestige-3-300x229.jpg 300w, https:\/\/www.macapflag.com\/blog\/wp-content\/uploads\/2019\/05\/drapeau-defile-ceremonie-prestige-3-80x60.jpg 80w, https:\/\/www.macapflag.com\/blog\/wp-content\/uploads\/2019\/05\/drapeau-defile-ceremonie-prestige-3-696x531.jpg 696w, https:\/\/www.macapflag.com\/blog\/wp-content\/uploads\/2019\/05\/drapeau-defile-ceremonie-prestige-3-551x420.jpg 551w\" sizes=\"(max-width: 700px) 100vw, 700px\" \/>\t\t\t\t\t\t\t\t\t\t\t\t\t\t\t<\/div>\n\t\t\t\t<\/div>\n\t\t\t\t\t<\/div>\n\t\t<\/div>\n\t\t\t\t\t<\/div>\n\t\t<\/section>\n\t\t\t\t<section class=\"elementor-section elementor-top-section elementor-element elementor-element-b793c9f elementor-section-boxed elementor-section-height-default elementor-section-height-default\" data-id=\"b793c9f\" data-element_type=\"section\">\n\t\t\t\t\t\t<div class=\"elementor-container elementor-column-gap-default\">\n\t\t\t\t\t<div class=\"elementor-column elementor-col-100 elementor-top-column elementor-element elementor-element-0501e56\" data-id=\"0501e56\" data-element_type=\"column\">\n\t\t\t<div class=\"elementor-widget-wrap elementor-element-populated\">\n\t\t\t\t\t\t<div class=\"elementor-element elementor-element-9149c64 elementor-widget elementor-widget-text-editor\" data-id=\"9149c64\" data-element_type=\"widget\" data-widget_type=\"text-editor.default\">\n\t\t\t\t<div class=\"elementor-widget-container\">\n\t\t\t\t\t\t\t\t\t<p style=\"text-align: justify;\"><strong><span style=\"font-size: 14pt; color: #000000;\">Dimensions<\/span><\/strong>\n<span style=\"font-size: 14pt; color: #000000;\">Ce drapeau de prestige vous est propos\u00e9 en trois dimensions standards :<\/span>\n<span style=\"font-size: 14pt; color: #000000;\">90 x 90 cm &#8211;\u00a0<\/span><span style=\"font-size: 14pt; color: #000000;\">80 x 120 cm &#8211;\u00a0<\/span><span style=\"font-size: 14pt; color: #000000;\">100 x 120 cm<\/span>\n<span style=\"font-size: 14pt; color: #000000;\">Quel que soit le format s\u00e9lectionn\u00e9, chaque drapeau de d\u00e9fil\u00e9 officiel est fix\u00e9 sur sa hampe en bois verni. Toutes les hampes de d\u00e9fil\u00e9 ont les m\u00eames dimensions avec une longueur de 251 cm et un diam\u00e8tre de 26 mm.<\/span><\/p>\t\t\t\t\t\t\t\t<\/div>\n\t\t\t\t<\/div>\n\t\t\t\t\t<\/div>\n\t\t<\/div>\n\t\t\t\t\t<\/div>\n\t\t<\/section>\n\t\t\t\t<section class=\"elementor-section elementor-top-section elementor-element elementor-element-12d7577 elementor-section-boxed elementor-section-height-default elementor-section-height-default\" data-id=\"12d7577\" data-element_type=\"section\">\n\t\t\t\t\t\t<div class=\"elementor-container elementor-column-gap-default\">\n\t\t\t\t\t<div class=\"elementor-column elementor-col-33 elementor-top-column elementor-element elementor-element-b649d18\" data-id=\"b649d18\" data-element_type=\"column\">\n\t\t\t<div class=\"elementor-widget-wrap elementor-element-populated\">\n\t\t\t\t\t\t<div class=\"elementor-element elementor-element-f95fa23 elementor-widget elementor-widget-image\" data-id=\"f95fa23\" data-element_type=\"widget\" data-widget_type=\"image.default\">\n\t\t\t\t<div class=\"elementor-widget-container\">\n\t\t\t\t\t\t\t\t\t\t\t\t\t\t\t<img loading=\"lazy\" decoding=\"async\" width=\"700\" height=\"534\" src=\"https:\/\/www.macapflag.com\/blog\/wp-content\/uploads\/2019\/05\/drapeau-defile-ceremonie-prestige-4.jpg\" class=\"attachment-large size-large wp-image-3610\" alt=\"Un intercalaire occultant est plac\u00e9 entre les deux faces du drapeau pour assurer sa tenue\" srcset=\"https:\/\/www.macapflag.com\/blog\/wp-content\/uploads\/2019\/05\/drapeau-defile-ceremonie-prestige-4.jpg 700w, https:\/\/www.macapflag.com\/blog\/wp-content\/uploads\/2019\/05\/drapeau-defile-ceremonie-prestige-4-300x229.jpg 300w, https:\/\/www.macapflag.com\/blog\/wp-content\/uploads\/2019\/05\/drapeau-defile-ceremonie-prestige-4-80x60.jpg 80w, https:\/\/www.macapflag.com\/blog\/wp-content\/uploads\/2019\/05\/drapeau-defile-ceremonie-prestige-4-696x531.jpg 696w, https:\/\/www.macapflag.com\/blog\/wp-content\/uploads\/2019\/05\/drapeau-defile-ceremonie-prestige-4-551x420.jpg 551w\" sizes=\"(max-width: 700px) 100vw, 700px\" \/>\t\t\t\t\t\t\t\t\t\t\t\t\t\t\t<\/div>\n\t\t\t\t<\/div>\n\t\t\t\t\t<\/div>\n\t\t<\/div>\n\t\t\t\t<div class=\"elementor-column elementor-col-33 elementor-top-column elementor-element elementor-element-5fb43c6\" data-id=\"5fb43c6\" data-element_type=\"column\">\n\t\t\t<div class=\"elementor-widget-wrap elementor-element-populated\">\n\t\t\t\t\t\t<div class=\"elementor-element elementor-element-00ea61d elementor-widget elementor-widget-image\" data-id=\"00ea61d\" data-element_type=\"widget\" data-widget_type=\"image.default\">\n\t\t\t\t<div class=\"elementor-widget-container\">\n\t\t\t\t\t\t\t\t\t\t\t\t\t\t\t<img loading=\"lazy\" decoding=\"async\" width=\"700\" height=\"534\" src=\"https:\/\/www.macapflag.com\/blog\/wp-content\/uploads\/2019\/05\/drapeau-defile-ceremonie-prestige-5.jpg\" class=\"attachment-large size-large wp-image-3611\" alt=\"Les deux faces du drapeau sont minutieusement cousues avec l&#039;intercalaire occultant\" srcset=\"https:\/\/www.macapflag.com\/blog\/wp-content\/uploads\/2019\/05\/drapeau-defile-ceremonie-prestige-5.jpg 700w, https:\/\/www.macapflag.com\/blog\/wp-content\/uploads\/2019\/05\/drapeau-defile-ceremonie-prestige-5-300x229.jpg 300w, https:\/\/www.macapflag.com\/blog\/wp-content\/uploads\/2019\/05\/drapeau-defile-ceremonie-prestige-5-80x60.jpg 80w, https:\/\/www.macapflag.com\/blog\/wp-content\/uploads\/2019\/05\/drapeau-defile-ceremonie-prestige-5-696x531.jpg 696w, https:\/\/www.macapflag.com\/blog\/wp-content\/uploads\/2019\/05\/drapeau-defile-ceremonie-prestige-5-551x420.jpg 551w\" sizes=\"(max-width: 700px) 100vw, 700px\" \/>\t\t\t\t\t\t\t\t\t\t\t\t\t\t\t<\/div>\n\t\t\t\t<\/div>\n\t\t\t\t\t<\/div>\n\t\t<\/div>\n\t\t\t\t<div class=\"elementor-column elementor-col-33 elementor-top-column elementor-element elementor-element-f414003\" data-id=\"f414003\" data-element_type=\"column\">\n\t\t\t<div class=\"elementor-widget-wrap elementor-element-populated\">\n\t\t\t\t\t\t<div class=\"elementor-element elementor-element-a77f98b elementor-widget elementor-widget-image\" data-id=\"a77f98b\" data-element_type=\"widget\" data-widget_type=\"image.default\">\n\t\t\t\t<div class=\"elementor-widget-container\">\n\t\t\t\t\t\t\t\t\t\t\t\t\t\t\t<img loading=\"lazy\" decoding=\"async\" width=\"700\" height=\"534\" src=\"https:\/\/www.macapflag.com\/blog\/wp-content\/uploads\/2019\/05\/drapeau-defile-ceremonie-prestige-6.jpg\" class=\"attachment-large size-large wp-image-3612\" alt=\"Un galon or ou argent peut \u00eatre cousu sur le bord de votre drapeau de d\u00e9fil\u00e9\" srcset=\"https:\/\/www.macapflag.com\/blog\/wp-content\/uploads\/2019\/05\/drapeau-defile-ceremonie-prestige-6.jpg 700w, https:\/\/www.macapflag.com\/blog\/wp-content\/uploads\/2019\/05\/drapeau-defile-ceremonie-prestige-6-300x229.jpg 300w, https:\/\/www.macapflag.com\/blog\/wp-content\/uploads\/2019\/05\/drapeau-defile-ceremonie-prestige-6-80x60.jpg 80w, https:\/\/www.macapflag.com\/blog\/wp-content\/uploads\/2019\/05\/drapeau-defile-ceremonie-prestige-6-696x531.jpg 696w, https:\/\/www.macapflag.com\/blog\/wp-content\/uploads\/2019\/05\/drapeau-defile-ceremonie-prestige-6-551x420.jpg 551w\" sizes=\"(max-width: 700px) 100vw, 700px\" \/>\t\t\t\t\t\t\t\t\t\t\t\t\t\t\t<\/div>\n\t\t\t\t<\/div>\n\t\t\t\t\t<\/div>\n\t\t<\/div>\n\t\t\t\t\t<\/div>\n\t\t<\/section>\n\t\t\t\t<section class=\"elementor-section elementor-top-section elementor-element elementor-element-bf83057 elementor-section-boxed elementor-section-height-default elementor-section-height-default\" data-id=\"bf83057\" data-element_type=\"section\">\n\t\t\t\t\t\t<div class=\"elementor-container elementor-column-gap-default\">\n\t\t\t\t\t<div class=\"elementor-column elementor-col-100 elementor-top-column elementor-element elementor-element-2a97029\" data-id=\"2a97029\" data-element_type=\"column\">\n\t\t\t<div class=\"elementor-widget-wrap elementor-element-populated\">\n\t\t\t\t\t\t<div class=\"elementor-element elementor-element-9e25881 elementor-widget elementor-widget-text-editor\" data-id=\"9e25881\" data-element_type=\"widget\" data-widget_type=\"text-editor.default\">\n\t\t\t\t<div class=\"elementor-widget-container\">\n\t\t\t\t\t\t\t\t\t<p style=\"text-align: justify;\"><strong><span style=\"font-size: 14pt; color: #000000;\">Montage<\/span><\/strong><br \/><span style=\"font-size: 14pt; color: #000000;\">Ce <a href=\"https:\/\/www.macapflag.com\/drapeau-de-defile-officiel\/43177-drapeau-de-defile-francais-personnalise.html\" target=\"_blank\" rel=\"noopener\"><strong><span style=\"color: #3366ff;\">drapeau de d\u00e9fil\u00e9 officiel<\/span><\/strong><\/a> est compos\u00e9 de deux faces qui peuvent \u00eatre soit identiques, soit brod\u00e9es diff\u00e9remment. Pour renforcer la tenue et le prestige du drapeau, ce dernier est mont\u00e9 avec un intercalaire occultant, cousu entre les deux faces ext\u00e9rieures, et un fourreau. Il est ensuite fix\u00e9 sur une hampe de d\u00e9fil\u00e9 avec des petits clous dor\u00e9s plant\u00e9s tout au long du fourreau.<\/span><\/p>\t\t\t\t\t\t\t\t<\/div>\n\t\t\t\t<\/div>\n\t\t\t\t\t<\/div>\n\t\t<\/div>\n\t\t\t\t\t<\/div>\n\t\t<\/section>\n\t\t\t\t<section class=\"elementor-section elementor-top-section elementor-element elementor-element-b846f2e elementor-section-boxed elementor-section-height-default elementor-section-height-default\" data-id=\"b846f2e\" data-element_type=\"section\">\n\t\t\t\t\t\t<div class=\"elementor-container elementor-column-gap-default\">\n\t\t\t\t\t<div class=\"elementor-column elementor-col-33 elementor-top-column elementor-element elementor-element-fc789a9\" data-id=\"fc789a9\" data-element_type=\"column\">\n\t\t\t<div class=\"elementor-widget-wrap elementor-element-populated\">\n\t\t\t\t\t\t<div class=\"elementor-element elementor-element-a1a37d7 elementor-widget elementor-widget-image\" data-id=\"a1a37d7\" data-element_type=\"widget\" data-widget_type=\"image.default\">\n\t\t\t\t<div class=\"elementor-widget-container\">\n\t\t\t\t\t\t\t\t\t\t\t\t\t\t\t<img loading=\"lazy\" decoding=\"async\" width=\"700\" height=\"534\" src=\"https:\/\/www.macapflag.com\/blog\/wp-content\/uploads\/2019\/05\/drapeau-defile-ceremonie-prestige-7.jpg\" class=\"attachment-large size-large wp-image-3613\" alt=\"Une des options de finition du drapeau de prestige, la frange bouillon dor\u00e9e\" srcset=\"https:\/\/www.macapflag.com\/blog\/wp-content\/uploads\/2019\/05\/drapeau-defile-ceremonie-prestige-7.jpg 700w, https:\/\/www.macapflag.com\/blog\/wp-content\/uploads\/2019\/05\/drapeau-defile-ceremonie-prestige-7-300x229.jpg 300w, https:\/\/www.macapflag.com\/blog\/wp-content\/uploads\/2019\/05\/drapeau-defile-ceremonie-prestige-7-80x60.jpg 80w, https:\/\/www.macapflag.com\/blog\/wp-content\/uploads\/2019\/05\/drapeau-defile-ceremonie-prestige-7-696x531.jpg 696w, https:\/\/www.macapflag.com\/blog\/wp-content\/uploads\/2019\/05\/drapeau-defile-ceremonie-prestige-7-551x420.jpg 551w\" sizes=\"(max-width: 700px) 100vw, 700px\" \/>\t\t\t\t\t\t\t\t\t\t\t\t\t\t\t<\/div>\n\t\t\t\t<\/div>\n\t\t\t\t\t<\/div>\n\t\t<\/div>\n\t\t\t\t<div class=\"elementor-column elementor-col-33 elementor-top-column elementor-element elementor-element-6f42e84\" data-id=\"6f42e84\" data-element_type=\"column\">\n\t\t\t<div class=\"elementor-widget-wrap elementor-element-populated\">\n\t\t\t\t\t\t<div class=\"elementor-element elementor-element-dd6f438 elementor-widget elementor-widget-image\" data-id=\"dd6f438\" data-element_type=\"widget\" data-widget_type=\"image.default\">\n\t\t\t\t<div class=\"elementor-widget-container\">\n\t\t\t\t\t\t\t\t\t\t\t\t\t\t\t<img loading=\"lazy\" decoding=\"async\" width=\"700\" height=\"534\" src=\"https:\/\/www.macapflag.com\/blog\/wp-content\/uploads\/2019\/05\/drapeau-defile-ceremonie-prestige-8.jpg\" class=\"attachment-large size-large wp-image-3614\" alt=\"Un drapeau de d\u00e9fil\u00e9 brod\u00e9 personnalis\u00e9 aux couleurs d&#039;une associationI\" srcset=\"https:\/\/www.macapflag.com\/blog\/wp-content\/uploads\/2019\/05\/drapeau-defile-ceremonie-prestige-8.jpg 700w, https:\/\/www.macapflag.com\/blog\/wp-content\/uploads\/2019\/05\/drapeau-defile-ceremonie-prestige-8-300x229.jpg 300w, https:\/\/www.macapflag.com\/blog\/wp-content\/uploads\/2019\/05\/drapeau-defile-ceremonie-prestige-8-80x60.jpg 80w, https:\/\/www.macapflag.com\/blog\/wp-content\/uploads\/2019\/05\/drapeau-defile-ceremonie-prestige-8-696x531.jpg 696w, https:\/\/www.macapflag.com\/blog\/wp-content\/uploads\/2019\/05\/drapeau-defile-ceremonie-prestige-8-551x420.jpg 551w\" sizes=\"(max-width: 700px) 100vw, 700px\" \/>\t\t\t\t\t\t\t\t\t\t\t\t\t\t\t<\/div>\n\t\t\t\t<\/div>\n\t\t\t\t\t<\/div>\n\t\t<\/div>\n\t\t\t\t<div class=\"elementor-column elementor-col-33 elementor-top-column elementor-element elementor-element-a2120c1\" data-id=\"a2120c1\" data-element_type=\"column\">\n\t\t\t<div class=\"elementor-widget-wrap elementor-element-populated\">\n\t\t\t\t\t\t<div class=\"elementor-element elementor-element-c5f90d7 elementor-widget elementor-widget-image\" data-id=\"c5f90d7\" data-element_type=\"widget\" data-widget_type=\"image.default\">\n\t\t\t\t<div class=\"elementor-widget-container\">\n\t\t\t\t\t\t\t\t\t\t\t\t\t\t\t<img loading=\"lazy\" decoding=\"async\" width=\"700\" height=\"534\" src=\"https:\/\/www.macapflag.com\/blog\/wp-content\/uploads\/2019\/05\/drapeau-defile-ceremonie-prestige-9.jpg\" class=\"attachment-large size-large wp-image-3615\" alt=\"Le drapeau de d\u00e9fil\u00e9 est mont\u00e9 sur une hampe vernie en bois pr\u00e9cieux\" srcset=\"https:\/\/www.macapflag.com\/blog\/wp-content\/uploads\/2019\/05\/drapeau-defile-ceremonie-prestige-9.jpg 700w, https:\/\/www.macapflag.com\/blog\/wp-content\/uploads\/2019\/05\/drapeau-defile-ceremonie-prestige-9-300x229.jpg 300w, https:\/\/www.macapflag.com\/blog\/wp-content\/uploads\/2019\/05\/drapeau-defile-ceremonie-prestige-9-80x60.jpg 80w, https:\/\/www.macapflag.com\/blog\/wp-content\/uploads\/2019\/05\/drapeau-defile-ceremonie-prestige-9-696x531.jpg 696w, https:\/\/www.macapflag.com\/blog\/wp-content\/uploads\/2019\/05\/drapeau-defile-ceremonie-prestige-9-551x420.jpg 551w\" sizes=\"(max-width: 700px) 100vw, 700px\" \/>\t\t\t\t\t\t\t\t\t\t\t\t\t\t\t<\/div>\n\t\t\t\t<\/div>\n\t\t\t\t\t<\/div>\n\t\t<\/div>\n\t\t\t\t\t<\/div>\n\t\t<\/section>\n\t\t\t\t<section class=\"elementor-section elementor-top-section elementor-element elementor-element-cd2ea47 elementor-section-boxed elementor-section-height-default elementor-section-height-default\" data-id=\"cd2ea47\" data-element_type=\"section\">\n\t\t\t\t\t\t<div class=\"elementor-container elementor-column-gap-default\">\n\t\t\t\t\t<div class=\"elementor-column elementor-col-100 elementor-top-column elementor-element elementor-element-4191c74\" data-id=\"4191c74\" data-element_type=\"column\">\n\t\t\t<div class=\"elementor-widget-wrap elementor-element-populated\">\n\t\t\t\t\t\t<div class=\"elementor-element elementor-element-c4ec4e9 elementor-widget elementor-widget-text-editor\" data-id=\"c4ec4e9\" data-element_type=\"widget\" data-widget_type=\"text-editor.default\">\n\t\t\t\t<div class=\"elementor-widget-container\">\n\t\t\t\t\t\t\t\t\t<p style=\"text-align: justify;\"><strong><span style=\"color: #000000; font-size: 14pt;\">Finition<\/span><\/strong>\n<span style=\"color: #000000; font-size: 14pt;\">Sur le pourtour du drapeau, vous pouvez opter soit pour la couture d\u2019un galon, soit pour une frange type bouillon. Quel que soit votre choix, les deux finitions sont propos\u00e9s en version dor\u00e9e ou argent\u00e9e.<\/span><\/p>\n<p style=\"text-align: justify;\"><span style=\"color: #000000; font-size: 14pt;\"><span style=\"color: #ff0000;\"><strong>INFO + :\u00a0<\/strong><\/span>S\u2019il est majoritairement pr\u00e9sent\u00e9 comme un drapeau fran\u00e7ais, ce drapeau de c\u00e9r\u00e9monie peut \u00e9galement \u00eatre confectionn\u00e9 sur un fond uni blanc, bleu ou rouge puisque nous disposons de ces couleurs en tissu Ottoman)<\/span><\/p>\t\t\t\t\t\t\t\t<\/div>\n\t\t\t\t<\/div>\n\t\t\t\t\t<\/div>\n\t\t<\/div>\n\t\t\t\t\t<\/div>\n\t\t<\/section>\n\t\t\t\t<section class=\"elementor-section elementor-top-section elementor-element elementor-element-5b0b408 elementor-section-boxed elementor-section-height-default elementor-section-height-default\" data-id=\"5b0b408\" data-element_type=\"section\">\n\t\t\t\t\t\t<div class=\"elementor-container elementor-column-gap-default\">\n\t\t\t\t\t<div class=\"elementor-column elementor-col-100 elementor-top-column elementor-element elementor-element-48ee1ce\" data-id=\"48ee1ce\" data-element_type=\"column\">\n\t\t\t<div class=\"elementor-widget-wrap elementor-element-populated\">\n\t\t\t\t\t\t<div class=\"elementor-element elementor-element-28ca5e7 elementor-widget elementor-widget-spacer\" data-id=\"28ca5e7\" data-element_type=\"widget\" data-widget_type=\"spacer.default\">\n\t\t\t\t<div class=\"elementor-widget-container\">\n\t\t\t\t\t\t\t<div class=\"elementor-spacer\">\n\t\t\t<div class=\"elementor-spacer-inner\"><\/div>\n\t\t<\/div>\n\t\t\t\t\t\t<\/div>\n\t\t\t\t<\/div>\n\t\t\t\t\t<\/div>\n\t\t<\/div>\n\t\t\t\t\t<\/div>\n\t\t<\/section>\n\t\t\t\t<section class=\"elementor-section elementor-top-section elementor-element elementor-element-00bbf57 elementor-section-boxed elementor-section-height-default elementor-section-height-default\" data-id=\"00bbf57\" data-element_type=\"section\">\n\t\t\t\t\t\t<div class=\"elementor-container elementor-column-gap-default\">\n\t\t\t\t\t<div class=\"elementor-column elementor-col-100 elementor-top-column elementor-element elementor-element-4d61eb5\" data-id=\"4d61eb5\" data-element_type=\"column\">\n\t\t\t<div class=\"elementor-widget-wrap elementor-element-populated\">\n\t\t\t\t\t\t<div class=\"elementor-element elementor-element-45832e1 elementor-widget elementor-widget-text-editor\" data-id=\"45832e1\" data-element_type=\"widget\" data-widget_type=\"text-editor.default\">\n\t\t\t\t<div class=\"elementor-widget-container\">\n\t\t\t\t\t\t\t\t\t<h3 style=\"text-align: center;\"><span style=\"text-decoration: underline;\"><strong><span style=\"font-size: 16pt;\">Le drapeau de d\u00e9fil\u00e9 imprim\u00e9 : fran\u00e7ais ou personnalis\u00e9 en Polyd\u00e9co ou Satinette<\/span><\/strong><\/span><\/h3>\t\t\t\t\t\t\t\t<\/div>\n\t\t\t\t<\/div>\n\t\t\t\t\t<\/div>\n\t\t<\/div>\n\t\t\t\t\t<\/div>\n\t\t<\/section>\n\t\t\t\t<section class=\"elementor-section elementor-top-section elementor-element elementor-element-42ac423 elementor-section-boxed elementor-section-height-default elementor-section-height-default\" data-id=\"42ac423\" data-element_type=\"section\">\n\t\t\t\t\t\t<div class=\"elementor-container elementor-column-gap-default\">\n\t\t\t\t\t<div class=\"elementor-column elementor-col-100 elementor-top-column elementor-element elementor-element-1a41f4b\" data-id=\"1a41f4b\" data-element_type=\"column\">\n\t\t\t<div class=\"elementor-widget-wrap elementor-element-populated\">\n\t\t\t\t\t\t<div class=\"elementor-element elementor-element-52ee101 elementor-widget elementor-widget-text-editor\" data-id=\"52ee101\" data-element_type=\"widget\" data-widget_type=\"text-editor.default\">\n\t\t\t\t<div class=\"elementor-widget-container\">\n\t\t\t\t\t\t\t\t\t<p style=\"text-align: justify;\"><strong><span style=\"color: #000000; font-size: 14pt;\">Composition et personnalisation<\/span><\/strong>\n<span style=\"color: #000000; font-size: 14pt;\">Il s\u2019inscrit \u00e9galement dans la s\u00e9rie des drapeaux de prestige mais juste derri\u00e8re son pr\u00e9d\u00e9cesseur. <\/span>\n<span style=\"color: #000000; font-size: 14pt;\">Il peut \u00eatre fabriqu\u00e9 dans deux mati\u00e8res distinctes de polyester, le Polyd\u00e9co ou la Satinette.<\/span>\n<span style=\"color: #000000; font-size: 14pt;\">Le Polyd\u00e9co 220 gr\/m2 est connu pour son rendu remarquable, son aspect soyeux et son excellente durabilit\u00e9 dans le temps.<\/span>\n<span style=\"color: #000000; font-size: 14pt;\">La Satinette est plus l\u00e9g\u00e8re (125 gr\/m2). Elle offre un aspect satin\u00e9 avec \u00e9galement une excellente dur\u00e9e de vie.<\/span>\n<span style=\"color: #000000; font-size: 14pt;\">Ces drapeaux sont personnalis\u00e9s par impression ce qui en \u00e9largit d\u2019autant plus les possibilit\u00e9s au niveau des couleurs, des lettres et des motifs. Tout est possible, ou presque !<\/span><\/p>\t\t\t\t\t\t\t\t<\/div>\n\t\t\t\t<\/div>\n\t\t\t\t\t<\/div>\n\t\t<\/div>\n\t\t\t\t\t<\/div>\n\t\t<\/section>\n\t\t\t\t<section class=\"elementor-section elementor-top-section elementor-element elementor-element-ee1e01d elementor-section-boxed elementor-section-height-default elementor-section-height-default\" data-id=\"ee1e01d\" data-element_type=\"section\">\n\t\t\t\t\t\t<div class=\"elementor-container elementor-column-gap-default\">\n\t\t\t\t\t<div class=\"elementor-column elementor-col-33 elementor-top-column elementor-element elementor-element-a5049a8\" data-id=\"a5049a8\" data-element_type=\"column\">\n\t\t\t<div class=\"elementor-widget-wrap elementor-element-populated\">\n\t\t\t\t\t\t<div class=\"elementor-element elementor-element-4c14694 elementor-widget elementor-widget-image\" data-id=\"4c14694\" data-element_type=\"widget\" data-widget_type=\"image.default\">\n\t\t\t\t<div class=\"elementor-widget-container\">\n\t\t\t\t\t\t\t\t\t\t\t\t\t\t\t<img loading=\"lazy\" decoding=\"async\" width=\"700\" height=\"534\" src=\"https:\/\/www.macapflag.com\/blog\/wp-content\/uploads\/2019\/05\/drapeau-defile-ceremonie-personnalise-1.jpg\" class=\"attachment-large size-large wp-image-3598\" alt=\"Un drapeau fran\u00e7ais de d\u00e9fil\u00e9 personnalis\u00e9 par impression num\u00e9rique\" srcset=\"https:\/\/www.macapflag.com\/blog\/wp-content\/uploads\/2019\/05\/drapeau-defile-ceremonie-personnalise-1.jpg 700w, https:\/\/www.macapflag.com\/blog\/wp-content\/uploads\/2019\/05\/drapeau-defile-ceremonie-personnalise-1-300x229.jpg 300w, https:\/\/www.macapflag.com\/blog\/wp-content\/uploads\/2019\/05\/drapeau-defile-ceremonie-personnalise-1-80x60.jpg 80w, https:\/\/www.macapflag.com\/blog\/wp-content\/uploads\/2019\/05\/drapeau-defile-ceremonie-personnalise-1-696x531.jpg 696w, https:\/\/www.macapflag.com\/blog\/wp-content\/uploads\/2019\/05\/drapeau-defile-ceremonie-personnalise-1-551x420.jpg 551w\" sizes=\"(max-width: 700px) 100vw, 700px\" \/>\t\t\t\t\t\t\t\t\t\t\t\t\t\t\t<\/div>\n\t\t\t\t<\/div>\n\t\t\t\t\t<\/div>\n\t\t<\/div>\n\t\t\t\t<div class=\"elementor-column elementor-col-33 elementor-top-column elementor-element elementor-element-0705ac2\" data-id=\"0705ac2\" data-element_type=\"column\">\n\t\t\t<div class=\"elementor-widget-wrap elementor-element-populated\">\n\t\t\t\t\t\t<div class=\"elementor-element elementor-element-cd5f233 elementor-widget elementor-widget-image\" data-id=\"cd5f233\" data-element_type=\"widget\" data-widget_type=\"image.default\">\n\t\t\t\t<div class=\"elementor-widget-container\">\n\t\t\t\t\t\t\t\t\t\t\t\t\t\t\t<img loading=\"lazy\" decoding=\"async\" width=\"700\" height=\"534\" src=\"https:\/\/www.macapflag.com\/blog\/wp-content\/uploads\/2019\/05\/drapeau-defile-ceremonie-personnalise-3.jpg\" class=\"attachment-large size-large wp-image-3600\" alt=\"Un drapeau de d\u00e9fil\u00e9 personnalis\u00e9 par impression num\u00e9rique \u00e0 vos couleurs\" srcset=\"https:\/\/www.macapflag.com\/blog\/wp-content\/uploads\/2019\/05\/drapeau-defile-ceremonie-personnalise-3.jpg 700w, https:\/\/www.macapflag.com\/blog\/wp-content\/uploads\/2019\/05\/drapeau-defile-ceremonie-personnalise-3-300x229.jpg 300w, https:\/\/www.macapflag.com\/blog\/wp-content\/uploads\/2019\/05\/drapeau-defile-ceremonie-personnalise-3-80x60.jpg 80w, https:\/\/www.macapflag.com\/blog\/wp-content\/uploads\/2019\/05\/drapeau-defile-ceremonie-personnalise-3-696x531.jpg 696w, https:\/\/www.macapflag.com\/blog\/wp-content\/uploads\/2019\/05\/drapeau-defile-ceremonie-personnalise-3-551x420.jpg 551w\" sizes=\"(max-width: 700px) 100vw, 700px\" \/>\t\t\t\t\t\t\t\t\t\t\t\t\t\t\t<\/div>\n\t\t\t\t<\/div>\n\t\t\t\t\t<\/div>\n\t\t<\/div>\n\t\t\t\t<div class=\"elementor-column elementor-col-33 elementor-top-column elementor-element elementor-element-060d7f4\" data-id=\"060d7f4\" data-element_type=\"column\">\n\t\t\t<div class=\"elementor-widget-wrap elementor-element-populated\">\n\t\t\t\t\t\t<div class=\"elementor-element elementor-element-1b94257 elementor-widget elementor-widget-image\" data-id=\"1b94257\" data-element_type=\"widget\" data-widget_type=\"image.default\">\n\t\t\t\t<div class=\"elementor-widget-container\">\n\t\t\t\t\t\t\t\t\t\t\t\t\t\t\t<img loading=\"lazy\" decoding=\"async\" width=\"700\" height=\"534\" src=\"https:\/\/www.macapflag.com\/blog\/wp-content\/uploads\/2019\/05\/drapeau-defile-ceremonie-personnalise-2.jpg\" class=\"attachment-large size-large wp-image-3599\" alt=\"Une frange bouillon or ou argent peut \u00eatre appos\u00e9e sur le pourtour du drapeau\" srcset=\"https:\/\/www.macapflag.com\/blog\/wp-content\/uploads\/2019\/05\/drapeau-defile-ceremonie-personnalise-2.jpg 700w, https:\/\/www.macapflag.com\/blog\/wp-content\/uploads\/2019\/05\/drapeau-defile-ceremonie-personnalise-2-300x229.jpg 300w, https:\/\/www.macapflag.com\/blog\/wp-content\/uploads\/2019\/05\/drapeau-defile-ceremonie-personnalise-2-80x60.jpg 80w, https:\/\/www.macapflag.com\/blog\/wp-content\/uploads\/2019\/05\/drapeau-defile-ceremonie-personnalise-2-696x531.jpg 696w, https:\/\/www.macapflag.com\/blog\/wp-content\/uploads\/2019\/05\/drapeau-defile-ceremonie-personnalise-2-551x420.jpg 551w\" sizes=\"(max-width: 700px) 100vw, 700px\" \/>\t\t\t\t\t\t\t\t\t\t\t\t\t\t\t<\/div>\n\t\t\t\t<\/div>\n\t\t\t\t\t<\/div>\n\t\t<\/div>\n\t\t\t\t\t<\/div>\n\t\t<\/section>\n\t\t\t\t<section class=\"elementor-section elementor-top-section elementor-element elementor-element-193692e elementor-section-boxed elementor-section-height-default elementor-section-height-default\" data-id=\"193692e\" data-element_type=\"section\">\n\t\t\t\t\t\t<div class=\"elementor-container elementor-column-gap-default\">\n\t\t\t\t\t<div class=\"elementor-column elementor-col-100 elementor-top-column elementor-element elementor-element-ef3b1c7\" data-id=\"ef3b1c7\" data-element_type=\"column\">\n\t\t\t<div class=\"elementor-widget-wrap elementor-element-populated\">\n\t\t\t\t\t\t<div class=\"elementor-element elementor-element-982e1cd elementor-widget elementor-widget-text-editor\" data-id=\"982e1cd\" data-element_type=\"widget\" data-widget_type=\"text-editor.default\">\n\t\t\t\t<div class=\"elementor-widget-container\">\n\t\t\t\t\t\t\t\t\t<p style=\"text-align: justify;\"><strong><span style=\"font-size: 14pt; color: #000000;\">Dimensions<\/span><\/strong>\n<span style=\"font-size: 14pt; color: #000000;\">Ces drapeaux sont commercialis\u00e9s en 3 formats :<\/span>\n<span style=\"font-size: 14pt; color: #000000;\">90 x 90 cm\u00a0 &#8211;\u00a0<\/span><span style=\"font-size: 14pt; color: #000000;\">80 x 120 cm\u00a0 &#8211;\u00a0<\/span><span style=\"font-size: 14pt; color: #000000;\">100 x 120 cm<\/span>\n<span style=\"font-size: 14pt; color: #000000;\">Tous ces drapeaux officiels sont fix\u00e9s sur des hampes de prestige en bois vernis qui mesurent 251 cm avec un diam\u00e8tre de 26 mm.<\/span><\/p>\t\t\t\t\t\t\t\t<\/div>\n\t\t\t\t<\/div>\n\t\t\t\t\t<\/div>\n\t\t<\/div>\n\t\t\t\t\t<\/div>\n\t\t<\/section>\n\t\t\t\t<section class=\"elementor-section elementor-top-section elementor-element elementor-element-7588f72 elementor-section-boxed elementor-section-height-default elementor-section-height-default\" data-id=\"7588f72\" data-element_type=\"section\">\n\t\t\t\t\t\t<div class=\"elementor-container elementor-column-gap-default\">\n\t\t\t\t\t<div class=\"elementor-column elementor-col-100 elementor-top-column elementor-element elementor-element-e4be2ef\" data-id=\"e4be2ef\" data-element_type=\"column\">\n\t\t\t<div class=\"elementor-widget-wrap elementor-element-populated\">\n\t\t\t\t\t\t<div class=\"elementor-element elementor-element-27c10d6 elementor-widget elementor-widget-text-editor\" data-id=\"27c10d6\" data-element_type=\"widget\" data-widget_type=\"text-editor.default\">\n\t\t\t\t<div class=\"elementor-widget-container\">\n\t\t\t\t\t\t\t\t\t<p style=\"text-align: justify;\"><strong><span style=\"font-size: 14pt; color: #000000;\">Montage<\/span><\/strong>\n<span style=\"font-size: 14pt; color: #000000;\">Pour assurer un rendu tr\u00e8s haut de gamme de ces drapeaux, leurs deux faces sont cousues entre-elles en y ins\u00e9rant un intercalaire en tissu occultant. Un fourreau, confectionn\u00e9 dans le m\u00eame tissu que le drapeau, permettra de le fixer sur sa hampe de prestige en bois vernis.<\/span><\/p>\t\t\t\t\t\t\t\t<\/div>\n\t\t\t\t<\/div>\n\t\t\t\t\t<\/div>\n\t\t<\/div>\n\t\t\t\t\t<\/div>\n\t\t<\/section>\n\t\t\t\t<section class=\"elementor-section elementor-top-section elementor-element elementor-element-1bc9231 elementor-section-boxed elementor-section-height-default elementor-section-height-default\" data-id=\"1bc9231\" data-element_type=\"section\">\n\t\t\t\t\t\t<div class=\"elementor-container elementor-column-gap-default\">\n\t\t\t\t\t<div class=\"elementor-column elementor-col-33 elementor-top-column elementor-element elementor-element-afc1435\" data-id=\"afc1435\" data-element_type=\"column\">\n\t\t\t<div class=\"elementor-widget-wrap elementor-element-populated\">\n\t\t\t\t\t\t<div class=\"elementor-element elementor-element-87c98f4 elementor-widget elementor-widget-image\" data-id=\"87c98f4\" data-element_type=\"widget\" data-widget_type=\"image.default\">\n\t\t\t\t<div class=\"elementor-widget-container\">\n\t\t\t\t\t\t\t\t\t\t\t\t\t\t\t<img loading=\"lazy\" decoding=\"async\" width=\"700\" height=\"534\" src=\"https:\/\/www.macapflag.com\/blog\/wp-content\/uploads\/2019\/05\/drapeau-defile-ceremonie-personnalise-6.jpg\" class=\"attachment-large size-large wp-image-3603\" alt=\"Le montage d&#039;un drapeau de d\u00e9fil\u00e9 personnalis\u00e9 par impression num\u00e9rique\" srcset=\"https:\/\/www.macapflag.com\/blog\/wp-content\/uploads\/2019\/05\/drapeau-defile-ceremonie-personnalise-6.jpg 700w, https:\/\/www.macapflag.com\/blog\/wp-content\/uploads\/2019\/05\/drapeau-defile-ceremonie-personnalise-6-300x229.jpg 300w, https:\/\/www.macapflag.com\/blog\/wp-content\/uploads\/2019\/05\/drapeau-defile-ceremonie-personnalise-6-80x60.jpg 80w, https:\/\/www.macapflag.com\/blog\/wp-content\/uploads\/2019\/05\/drapeau-defile-ceremonie-personnalise-6-696x531.jpg 696w, https:\/\/www.macapflag.com\/blog\/wp-content\/uploads\/2019\/05\/drapeau-defile-ceremonie-personnalise-6-551x420.jpg 551w\" sizes=\"(max-width: 700px) 100vw, 700px\" \/>\t\t\t\t\t\t\t\t\t\t\t\t\t\t\t<\/div>\n\t\t\t\t<\/div>\n\t\t\t\t\t<\/div>\n\t\t<\/div>\n\t\t\t\t<div class=\"elementor-column elementor-col-33 elementor-top-column elementor-element elementor-element-1bac832\" data-id=\"1bac832\" data-element_type=\"column\">\n\t\t\t<div class=\"elementor-widget-wrap elementor-element-populated\">\n\t\t\t\t\t\t<div class=\"elementor-element elementor-element-6cffeb5 elementor-widget elementor-widget-image\" data-id=\"6cffeb5\" data-element_type=\"widget\" data-widget_type=\"image.default\">\n\t\t\t\t<div class=\"elementor-widget-container\">\n\t\t\t\t\t\t\t\t\t\t\t\t\t\t\t<img loading=\"lazy\" decoding=\"async\" width=\"700\" height=\"534\" src=\"https:\/\/www.macapflag.com\/blog\/wp-content\/uploads\/2019\/05\/drapeau-defile-ceremonie-personnalise-8.jpg\" class=\"attachment-large size-large wp-image-3605\" alt=\"Le drapeau de d\u00e9fil\u00e9 est fix\u00e9 sur une hampe en bois de prestige vernie\" srcset=\"https:\/\/www.macapflag.com\/blog\/wp-content\/uploads\/2019\/05\/drapeau-defile-ceremonie-personnalise-8.jpg 700w, https:\/\/www.macapflag.com\/blog\/wp-content\/uploads\/2019\/05\/drapeau-defile-ceremonie-personnalise-8-300x229.jpg 300w, https:\/\/www.macapflag.com\/blog\/wp-content\/uploads\/2019\/05\/drapeau-defile-ceremonie-personnalise-8-80x60.jpg 80w, https:\/\/www.macapflag.com\/blog\/wp-content\/uploads\/2019\/05\/drapeau-defile-ceremonie-personnalise-8-696x531.jpg 696w, https:\/\/www.macapflag.com\/blog\/wp-content\/uploads\/2019\/05\/drapeau-defile-ceremonie-personnalise-8-551x420.jpg 551w\" sizes=\"(max-width: 700px) 100vw, 700px\" \/>\t\t\t\t\t\t\t\t\t\t\t\t\t\t\t<\/div>\n\t\t\t\t<\/div>\n\t\t\t\t\t<\/div>\n\t\t<\/div>\n\t\t\t\t<div class=\"elementor-column elementor-col-33 elementor-top-column elementor-element elementor-element-8f1fd27\" data-id=\"8f1fd27\" data-element_type=\"column\">\n\t\t\t<div class=\"elementor-widget-wrap elementor-element-populated\">\n\t\t\t\t\t\t<div class=\"elementor-element elementor-element-cef92ae elementor-widget elementor-widget-image\" data-id=\"cef92ae\" data-element_type=\"widget\" data-widget_type=\"image.default\">\n\t\t\t\t<div class=\"elementor-widget-container\">\n\t\t\t\t\t\t\t\t\t\t\t\t\t\t\t<img loading=\"lazy\" decoding=\"async\" width=\"700\" height=\"534\" src=\"https:\/\/www.macapflag.com\/blog\/wp-content\/uploads\/2019\/05\/drapeau-defile-ceremonie-personnalise-9.jpg\" class=\"attachment-large size-large wp-image-3606\" alt=\"La hampe prestige en bois vernis est surmont\u00e9e d&#039;une flamme en laiton dor\u00e9\" srcset=\"https:\/\/www.macapflag.com\/blog\/wp-content\/uploads\/2019\/05\/drapeau-defile-ceremonie-personnalise-9.jpg 700w, https:\/\/www.macapflag.com\/blog\/wp-content\/uploads\/2019\/05\/drapeau-defile-ceremonie-personnalise-9-300x229.jpg 300w, https:\/\/www.macapflag.com\/blog\/wp-content\/uploads\/2019\/05\/drapeau-defile-ceremonie-personnalise-9-80x60.jpg 80w, https:\/\/www.macapflag.com\/blog\/wp-content\/uploads\/2019\/05\/drapeau-defile-ceremonie-personnalise-9-696x531.jpg 696w, https:\/\/www.macapflag.com\/blog\/wp-content\/uploads\/2019\/05\/drapeau-defile-ceremonie-personnalise-9-551x420.jpg 551w\" sizes=\"(max-width: 700px) 100vw, 700px\" \/>\t\t\t\t\t\t\t\t\t\t\t\t\t\t\t<\/div>\n\t\t\t\t<\/div>\n\t\t\t\t\t<\/div>\n\t\t<\/div>\n\t\t\t\t\t<\/div>\n\t\t<\/section>\n\t\t\t\t<section class=\"elementor-section elementor-top-section elementor-element elementor-element-b8a0614 elementor-section-boxed elementor-section-height-default elementor-section-height-default\" data-id=\"b8a0614\" data-element_type=\"section\">\n\t\t\t\t\t\t<div class=\"elementor-container elementor-column-gap-default\">\n\t\t\t\t\t<div class=\"elementor-column elementor-col-100 elementor-top-column elementor-element elementor-element-deb127c\" data-id=\"deb127c\" data-element_type=\"column\">\n\t\t\t<div class=\"elementor-widget-wrap elementor-element-populated\">\n\t\t\t\t\t\t<div class=\"elementor-element elementor-element-df7c097 elementor-widget elementor-widget-text-editor\" data-id=\"df7c097\" data-element_type=\"widget\" data-widget_type=\"text-editor.default\">\n\t\t\t\t<div class=\"elementor-widget-container\">\n\t\t\t\t\t\t\t\t\t<p style=\"text-align: justify;\"><strong><span style=\"color: #000000; font-size: 14pt;\">Finition\u00a0<\/span><\/strong><span style=\"color: #000000; font-size: 14pt;\">L\u00e0 aussi, plusieurs options vous sont propos\u00e9es pour accessoiriser vos drapeaux de mani\u00e8re qualitative. Vous pouvez opter pour un galon ou une frange, cousus sur le contour. Si vous choisissez la frange, elle peut \u00eatre de type bouillon ou de type fil\u00e9e.<\/span><br \/><span style=\"color: #000000; font-size: 14pt;\">L\u2019ensemble de ces options est disponible en version dor\u00e9e ou argent\u00e9e.<\/span><\/p>\t\t\t\t\t\t\t\t<\/div>\n\t\t\t\t<\/div>\n\t\t\t\t\t<\/div>\n\t\t<\/div>\n\t\t\t\t\t<\/div>\n\t\t<\/section>\n\t\t\t\t<section class=\"elementor-section elementor-top-section elementor-element elementor-element-123495c elementor-section-boxed elementor-section-height-default elementor-section-height-default\" data-id=\"123495c\" data-element_type=\"section\">\n\t\t\t\t\t\t<div class=\"elementor-container elementor-column-gap-default\">\n\t\t\t\t\t<div class=\"elementor-column elementor-col-33 elementor-top-column elementor-element elementor-element-edebef4\" data-id=\"edebef4\" data-element_type=\"column\">\n\t\t\t<div class=\"elementor-widget-wrap elementor-element-populated\">\n\t\t\t\t\t\t<div class=\"elementor-element elementor-element-931cee0 elementor-widget elementor-widget-image\" data-id=\"931cee0\" data-element_type=\"widget\" data-widget_type=\"image.default\">\n\t\t\t\t<div class=\"elementor-widget-container\">\n\t\t\t\t\t\t\t\t\t\t\t\t\t\t\t<img loading=\"lazy\" decoding=\"async\" width=\"700\" height=\"534\" src=\"https:\/\/www.macapflag.com\/blog\/wp-content\/uploads\/2019\/05\/drapeau-defile-ceremonie-personnalise-4.jpg\" class=\"attachment-large size-large wp-image-3601\" alt=\"Un galon or ou argent peut \u00eatre appos\u00e9 sur le pourtour de votre drapeau de d\u00e9fil\u00e9\" srcset=\"https:\/\/www.macapflag.com\/blog\/wp-content\/uploads\/2019\/05\/drapeau-defile-ceremonie-personnalise-4.jpg 700w, https:\/\/www.macapflag.com\/blog\/wp-content\/uploads\/2019\/05\/drapeau-defile-ceremonie-personnalise-4-300x229.jpg 300w, https:\/\/www.macapflag.com\/blog\/wp-content\/uploads\/2019\/05\/drapeau-defile-ceremonie-personnalise-4-80x60.jpg 80w, https:\/\/www.macapflag.com\/blog\/wp-content\/uploads\/2019\/05\/drapeau-defile-ceremonie-personnalise-4-696x531.jpg 696w, https:\/\/www.macapflag.com\/blog\/wp-content\/uploads\/2019\/05\/drapeau-defile-ceremonie-personnalise-4-551x420.jpg 551w\" sizes=\"(max-width: 700px) 100vw, 700px\" \/>\t\t\t\t\t\t\t\t\t\t\t\t\t\t\t<\/div>\n\t\t\t\t<\/div>\n\t\t\t\t\t<\/div>\n\t\t<\/div>\n\t\t\t\t<div class=\"elementor-column elementor-col-33 elementor-top-column elementor-element elementor-element-3af8ee8\" data-id=\"3af8ee8\" data-element_type=\"column\">\n\t\t\t<div class=\"elementor-widget-wrap elementor-element-populated\">\n\t\t\t\t\t\t<div class=\"elementor-element elementor-element-d365b81 elementor-widget elementor-widget-image\" data-id=\"d365b81\" data-element_type=\"widget\" data-widget_type=\"image.default\">\n\t\t\t\t<div class=\"elementor-widget-container\">\n\t\t\t\t\t\t\t\t\t\t\t\t\t\t\t<img loading=\"lazy\" decoding=\"async\" width=\"700\" height=\"534\" src=\"https:\/\/www.macapflag.com\/blog\/wp-content\/uploads\/2019\/05\/drapeau-defile-ceremonie-personnalise-7.jpg\" class=\"attachment-large size-large wp-image-3604\" alt=\"Le soigneux travail de finition d&#039;un drapeau de d\u00e9fil\u00e9 effectu\u00e9 par nos couturi\u00e8res\" srcset=\"https:\/\/www.macapflag.com\/blog\/wp-content\/uploads\/2019\/05\/drapeau-defile-ceremonie-personnalise-7.jpg 700w, https:\/\/www.macapflag.com\/blog\/wp-content\/uploads\/2019\/05\/drapeau-defile-ceremonie-personnalise-7-300x229.jpg 300w, https:\/\/www.macapflag.com\/blog\/wp-content\/uploads\/2019\/05\/drapeau-defile-ceremonie-personnalise-7-80x60.jpg 80w, https:\/\/www.macapflag.com\/blog\/wp-content\/uploads\/2019\/05\/drapeau-defile-ceremonie-personnalise-7-696x531.jpg 696w, https:\/\/www.macapflag.com\/blog\/wp-content\/uploads\/2019\/05\/drapeau-defile-ceremonie-personnalise-7-551x420.jpg 551w\" sizes=\"(max-width: 700px) 100vw, 700px\" \/>\t\t\t\t\t\t\t\t\t\t\t\t\t\t\t<\/div>\n\t\t\t\t<\/div>\n\t\t\t\t\t<\/div>\n\t\t<\/div>\n\t\t\t\t<div class=\"elementor-column elementor-col-33 elementor-top-column elementor-element elementor-element-cac2da3\" data-id=\"cac2da3\" data-element_type=\"column\">\n\t\t\t<div class=\"elementor-widget-wrap elementor-element-populated\">\n\t\t\t\t\t\t<div class=\"elementor-element elementor-element-b2f22e7 elementor-widget elementor-widget-image\" data-id=\"b2f22e7\" data-element_type=\"widget\" data-widget_type=\"image.default\">\n\t\t\t\t<div class=\"elementor-widget-container\">\n\t\t\t\t\t\t\t\t\t\t\t\t\t\t\t<img loading=\"lazy\" decoding=\"async\" width=\"700\" height=\"534\" src=\"https:\/\/www.macapflag.com\/blog\/wp-content\/uploads\/2019\/05\/drapeau-defile-ceremonie-personnalise-5.jpg\" class=\"attachment-large size-large wp-image-3602\" alt=\"Les options de finition de votre drapeau de d\u00e9fil\u00e9 personnalis\u00e9 sont nombreuses\" srcset=\"https:\/\/www.macapflag.com\/blog\/wp-content\/uploads\/2019\/05\/drapeau-defile-ceremonie-personnalise-5.jpg 700w, https:\/\/www.macapflag.com\/blog\/wp-content\/uploads\/2019\/05\/drapeau-defile-ceremonie-personnalise-5-300x229.jpg 300w, https:\/\/www.macapflag.com\/blog\/wp-content\/uploads\/2019\/05\/drapeau-defile-ceremonie-personnalise-5-80x60.jpg 80w, https:\/\/www.macapflag.com\/blog\/wp-content\/uploads\/2019\/05\/drapeau-defile-ceremonie-personnalise-5-696x531.jpg 696w, https:\/\/www.macapflag.com\/blog\/wp-content\/uploads\/2019\/05\/drapeau-defile-ceremonie-personnalise-5-551x420.jpg 551w\" sizes=\"(max-width: 700px) 100vw, 700px\" \/>\t\t\t\t\t\t\t\t\t\t\t\t\t\t\t<\/div>\n\t\t\t\t<\/div>\n\t\t\t\t\t<\/div>\n\t\t<\/div>\n\t\t\t\t\t<\/div>\n\t\t<\/section>\n\t\t\t\t<section class=\"elementor-section elementor-top-section elementor-element elementor-element-ec02c71 elementor-section-boxed elementor-section-height-default elementor-section-height-default\" data-id=\"ec02c71\" data-element_type=\"section\">\n\t\t\t\t\t\t<div class=\"elementor-container elementor-column-gap-default\">\n\t\t\t\t\t<div class=\"elementor-column elementor-col-100 elementor-top-column elementor-element elementor-element-6c35d0f\" data-id=\"6c35d0f\" data-element_type=\"column\">\n\t\t\t<div class=\"elementor-widget-wrap elementor-element-populated\">\n\t\t\t\t\t\t<div class=\"elementor-element elementor-element-6ef553d elementor-widget elementor-widget-spacer\" data-id=\"6ef553d\" data-element_type=\"widget\" data-widget_type=\"spacer.default\">\n\t\t\t\t<div class=\"elementor-widget-container\">\n\t\t\t\t\t\t\t<div class=\"elementor-spacer\">\n\t\t\t<div class=\"elementor-spacer-inner\"><\/div>\n\t\t<\/div>\n\t\t\t\t\t\t<\/div>\n\t\t\t\t<\/div>\n\t\t\t\t\t<\/div>\n\t\t<\/div>\n\t\t\t\t\t<\/div>\n\t\t<\/section>\n\t\t\t\t<section class=\"elementor-section elementor-top-section elementor-element elementor-element-ba8b2f9 elementor-section-boxed elementor-section-height-default elementor-section-height-default\" data-id=\"ba8b2f9\" data-element_type=\"section\">\n\t\t\t\t\t\t<div class=\"elementor-container elementor-column-gap-default\">\n\t\t\t\t\t<div class=\"elementor-column elementor-col-100 elementor-top-column elementor-element elementor-element-15943b0\" data-id=\"15943b0\" data-element_type=\"column\">\n\t\t\t<div class=\"elementor-widget-wrap elementor-element-populated\">\n\t\t\t\t\t\t<div class=\"elementor-element elementor-element-d22016f elementor-widget elementor-widget-text-editor\" data-id=\"d22016f\" data-element_type=\"widget\" data-widget_type=\"text-editor.default\">\n\t\t\t\t<div class=\"elementor-widget-container\">\n\t\t\t\t\t\t\t\t\t<h2 style=\"text-align: center;\"><strong>La gamme compl\u00e9mentaire des produits de c\u00e9r\u00e9monies et d\u00e9fil\u00e9s<\/strong><\/h2>\t\t\t\t\t\t\t\t<\/div>\n\t\t\t\t<\/div>\n\t\t\t\t\t<\/div>\n\t\t<\/div>\n\t\t\t\t\t<\/div>\n\t\t<\/section>\n\t\t\t\t<section class=\"elementor-section elementor-top-section elementor-element elementor-element-5cc0e74 elementor-section-boxed elementor-section-height-default elementor-section-height-default\" data-id=\"5cc0e74\" data-element_type=\"section\">\n\t\t\t\t\t\t<div class=\"elementor-container elementor-column-gap-default\">\n\t\t\t\t\t<div class=\"elementor-column elementor-col-100 elementor-top-column elementor-element elementor-element-2a94f48\" data-id=\"2a94f48\" data-element_type=\"column\">\n\t\t\t<div class=\"elementor-widget-wrap elementor-element-populated\">\n\t\t\t\t\t\t<div class=\"elementor-element elementor-element-3fd6489 elementor-widget elementor-widget-text-editor\" data-id=\"3fd6489\" data-element_type=\"widget\" data-widget_type=\"text-editor.default\">\n\t\t\t\t<div class=\"elementor-widget-container\">\n\t\t\t\t\t\t\t\t\t<p style=\"text-align: justify;\"><span style=\"font-size: 14pt; color: #000000;\">Nous sommes fournisseurs r\u00e9guliers de nombreuses associations d\u2019anciens combattants et de mairies. Ils font appel \u00e0 nous pour leurs besoins en terme de drapeaux tricolores mais aussi pour les accessoires n\u00e9cessaires au bon d\u00e9roulement des c\u00e9r\u00e9monies.<\/span><br \/><span style=\"font-size: 14pt; color: #000000;\">Nous vous proposons ainsi une gamme compl\u00e8te de produits officiels tels les baudriers avec ceinture en cuir, les cravates tricolores ou de deuil ou encore les <a href=\"https:\/\/www.macapflag.com\/ceremonie\/1107-coussin.html\" target=\"_blank\" rel=\"noopener\"><span style=\"color: #3366ff;\"><strong>coussins de c\u00e9r\u00e9monie<\/strong><\/span><\/a> et les rouleaux de ruban tricolore.<\/span><\/p><p style=\"text-align: justify;\"><span style=\"font-size: 14pt; color: #000000;\">Dans une gamme proche de celle des drapeaux officiels, existe \u00e9galement la <a href=\"https:\/\/www.macapflag.com\/drapeau-de-defile-officiel\/423596-banniere-avec-hampe-et-traverse.html\" target=\"_blank\" rel=\"noopener\"><strong><span style=\"color: #3366ff;\">banni\u00e8re<\/span><\/strong><\/a> avec hampe et traverse officiel. Ce support est le plus souvent un drapeau d\u2019association brod\u00e9 mais il peut \u00e9galement \u00eatre imprim\u00e9 selon le choix de sa mati\u00e8re.<\/span><\/p>\t\t\t\t\t\t\t\t<\/div>\n\t\t\t\t<\/div>\n\t\t\t\t\t<\/div>\n\t\t<\/div>\n\t\t\t\t\t<\/div>\n\t\t<\/section>\n\t\t\t\t<section class=\"elementor-section elementor-top-section elementor-element elementor-element-c9b3437 elementor-section-boxed elementor-section-height-default elementor-section-height-default\" data-id=\"c9b3437\" data-element_type=\"section\">\n\t\t\t\t\t\t<div class=\"elementor-container elementor-column-gap-default\">\n\t\t\t\t\t<div class=\"elementor-column elementor-col-100 elementor-top-column elementor-element elementor-element-ff31710\" data-id=\"ff31710\" data-element_type=\"column\">\n\t\t\t<div class=\"elementor-widget-wrap elementor-element-populated\">\n\t\t\t\t\t\t<div class=\"elementor-element elementor-element-92858d4 elementor-widget elementor-widget-spacer\" data-id=\"92858d4\" data-element_type=\"widget\" data-widget_type=\"spacer.default\">\n\t\t\t\t<div class=\"elementor-widget-container\">\n\t\t\t\t\t\t\t<div class=\"elementor-spacer\">\n\t\t\t<div class=\"elementor-spacer-inner\"><\/div>\n\t\t<\/div>\n\t\t\t\t\t\t<\/div>\n\t\t\t\t<\/div>\n\t\t\t\t\t<\/div>\n\t\t<\/div>\n\t\t\t\t\t<\/div>\n\t\t<\/section>\n\t\t\t\t<section class=\"elementor-section elementor-top-section elementor-element elementor-element-c7fc498 elementor-section-boxed elementor-section-height-default elementor-section-height-default\" data-id=\"c7fc498\" data-element_type=\"section\">\n\t\t\t\t\t\t<div class=\"elementor-container elementor-column-gap-default\">\n\t\t\t\t\t<div class=\"elementor-column elementor-col-100 elementor-top-column elementor-element elementor-element-aa2552f\" data-id=\"aa2552f\" data-element_type=\"column\">\n\t\t\t<div class=\"elementor-widget-wrap elementor-element-populated\">\n\t\t\t\t\t\t<div class=\"elementor-element elementor-element-b5ea6bb elementor-widget elementor-widget-text-editor\" data-id=\"b5ea6bb\" data-element_type=\"widget\" data-widget_type=\"text-editor.default\">\n\t\t\t\t<div class=\"elementor-widget-container\">\n\t\t\t\t\t\t\t\t\t<h2 style=\"text-align: center;\"><strong>Macap, le savoir faire made in france<\/strong><\/h2>\t\t\t\t\t\t\t\t<\/div>\n\t\t\t\t<\/div>\n\t\t\t\t\t<\/div>\n\t\t<\/div>\n\t\t\t\t\t<\/div>\n\t\t<\/section>\n\t\t\t\t<section class=\"elementor-section elementor-top-section elementor-element elementor-element-dc1df91 elementor-section-boxed elementor-section-height-default elementor-section-height-default\" data-id=\"dc1df91\" data-element_type=\"section\">\n\t\t\t\t\t\t<div class=\"elementor-container elementor-column-gap-default\">\n\t\t\t\t\t<div class=\"elementor-column elementor-col-100 elementor-top-column elementor-element elementor-element-e5960d2\" data-id=\"e5960d2\" data-element_type=\"column\">\n\t\t\t<div class=\"elementor-widget-wrap elementor-element-populated\">\n\t\t\t\t\t\t<div class=\"elementor-element elementor-element-b459071 elementor-widget elementor-widget-text-editor\" data-id=\"b459071\" data-element_type=\"widget\" data-widget_type=\"text-editor.default\">\n\t\t\t\t<div class=\"elementor-widget-container\">\n\t\t\t\t\t\t\t\t\t<p style=\"text-align: justify;\"><span style=\"color: #000000; font-size: 14pt;\">Pour r\u00e9pondre \u00e0 la demande d\u2019un client qui souhaite un drapeau de d\u00e9fil\u00e9 fran\u00e7ais, nous nous devons de lui proposer plusieurs options de personnalisation pour rendre son mod\u00e8le unique.<\/span>\n<span style=\"color: #000000; font-size: 14pt;\">Vous l\u2019aurez compris en lisant cet article, une partie de notre production rel\u00e8ve souvent du sur-mesure et toujours d\u2019un grand savoir-faire\u2026<\/span><\/p>\n<p style=\"text-align: justify;\"><span style=\"color: #000000; font-size: 14pt;\">Et c\u2019est \u00e0 Cuers, dans nos ateliers, que la magie op\u00e8re. <\/span>\n<span style=\"color: #000000; font-size: 14pt;\">Tout au long de l\u2019ann\u00e9e, 10 couturi\u00e8res brodent et accessoirisent vos drapeaux et supports de communication. <\/span>\n<span style=\"color: #000000; font-size: 14pt;\">Garantes d\u2019une dext\u00e9rit\u00e9 acquis au fil du temps, leurs doigts de f\u00e9es c\u00f4toient les imprimantes textiles dernier cri. <\/span>\n<span style=\"color: #000000; font-size: 14pt;\">Car si nous fabriquons des drapeaux de tous les pays du monde, nous vous proposons aussi toute une gamme de supports de communication et de signal\u00e9tique (comme par exemple l\u2019oriflamme, la banderole, ou le kak\u00e9mono suspendu.)<\/span><\/p>\n<p style=\"text-align: justify;\"><span style=\"color: #000000; font-size: 14pt;\">Pour en savoir plus, consultez notre site internet ou n\u2019h\u00e9sitez pas \u00e0 t\u00e9l\u00e9charger nos catalogues en ligne.\n<\/span><span style=\"font-size: 14pt; color: #000000;\">Pour une \u00e9tude personnalis\u00e9e de vos besoins, contactez notre \u00e9quipe commerciale du Lundi au Vendredi au 04 94 48 50 57.<\/span><span style=\"color: #000000; font-size: 14pt;\">\n<\/span><\/p>\t\t\t\t\t\t\t\t<\/div>\n\t\t\t\t<\/div>\n\t\t\t\t\t<\/div>\n\t\t<\/div>\n\t\t\t\t\t<\/div>\n\t\t<\/section>\n\t\t\t\t<section class=\"elementor-section elementor-top-section elementor-element elementor-element-d87d7f9 elementor-section-boxed elementor-section-height-default elementor-section-height-default\" data-id=\"d87d7f9\" data-element_type=\"section\">\n\t\t\t\t\t\t<div class=\"elementor-container elementor-column-gap-default\">\n\t\t\t\t\t<div class=\"elementor-column elementor-col-100 elementor-top-column elementor-element elementor-element-21e60d7\" data-id=\"21e60d7\" data-element_type=\"column\">\n\t\t\t<div class=\"elementor-widget-wrap elementor-element-populated\">\n\t\t\t\t\t\t<div class=\"elementor-element elementor-element-8ef5fae elementor-widget elementor-widget-text-editor\" data-id=\"8ef5fae\" data-element_type=\"widget\" data-widget_type=\"text-editor.default\">\n\t\t\t\t<div class=\"elementor-widget-container\">\n\t\t\t\t\t\t\t\t\t<p><img loading=\"lazy\" decoding=\"async\" class=\"size-full wp-image-2886 aligncenter\" src=\"https:\/\/www.macapflag.com\/blog\/wp-content\/uploads\/2018\/10\/picto-produitssolutions235x135.gif\" alt=\"Produits et solutions propos\u00e9s par Macap : drapeaux, banderoles ou Beachflags\" width=\"235\" height=\"135\" \/><\/p><p style=\"text-align: center;\"><span style=\"font-size: 14pt;\"><span style=\"color: #000000;\"><strong><span style=\"font-family: 'Futura Bk BT';\">Macap<\/span><\/strong><\/span> <span style=\"color: #808080;\"><strong><span style=\"font-family: 'Futura Bk BT';\">&#8211; Lundi 20 Mai 2019<\/span><\/strong><\/span><\/span><\/p><p style=\"text-align: center;\">\u00a0<\/p>\t\t\t\t\t\t\t\t<\/div>\n\t\t\t\t<\/div>\n\t\t\t\t\t<\/div>\n\t\t<\/div>\n\t\t\t\t\t<\/div>\n\t\t<\/section>\n\t\t\t\t<section class=\"elementor-section elementor-top-section elementor-element elementor-element-d86bbb1 elementor-section-boxed elementor-section-height-default elementor-section-height-default\" data-id=\"d86bbb1\" data-element_type=\"section\">\n\t\t\t\t\t\t<div class=\"elementor-container elementor-column-gap-default\">\n\t\t\t\t\t<div class=\"elementor-column elementor-col-100 elementor-top-column elementor-element elementor-element-0a7eb6c\" data-id=\"0a7eb6c\" data-element_type=\"column\">\n\t\t\t<div class=\"elementor-widget-wrap elementor-element-populated\">\n\t\t\t\t\t\t<div class=\"elementor-element elementor-element-ad915cf elementor-widget elementor-widget-spacer\" data-id=\"ad915cf\" data-element_type=\"widget\" data-widget_type=\"spacer.default\">\n\t\t\t\t<div class=\"elementor-widget-container\">\n\t\t\t\t\t\t\t<div class=\"elementor-spacer\">\n\t\t\t<div class=\"elementor-spacer-inner\"><\/div>\n\t\t<\/div>\n\t\t\t\t\t\t<\/div>\n\t\t\t\t<\/div>\n\t\t\t\t\t<\/div>\n\t\t<\/div>\n\t\t\t\t\t<\/div>\n\t\t<\/section>\n\t\t\t\t<\/div>\n\t\t","protected":false},"excerpt":{"rendered":"<div class=\"tmnf_excerpt\"><p>Fabricant de drapeaux de prestige depuis plus de cinquante ann\u00e9es, nous savons combien le choix d\u2019un drapeau de d\u00e9fil\u00e9 ne se fait ni au hasard, ni \u201c\u00e0 la va-vite\u201d. Comme pour l\u2019achat d\u2019un objet pr\u00e9cieux un peu sp\u00e9cial que l\u2019on conservera longtemps, on aime avoir toutes les informations et conna\u00eetre les caract\u00e9ristiques des drapeaux propos\u00e9s. &hellip;<\/p>\n<\/div>","protected":false},"author":2,"featured_media":3616,"comment_status":"closed","ping_status":"open","sticky":false,"template":"","format":"standard","meta":{"footnotes":""},"categories":[90],"tags":[],"class_list":["post-3617","post","type-post","status-publish","format-standard","has-post-thumbnail","hentry","category-produits-et-sols"],"yoast_head":"<!-- This site is optimized with the Yoast SEO plugin v26.4 - https:\/\/yoast.com\/wordpress\/plugins\/seo\/ -->\n<title>Le drapeau de d\u00e9fil\u00e9 utilis\u00e9 lors d&#039;une c\u00e9r\u00e9monie d&#039;anciens combattants<\/title>\n<meta name=\"description\" content=\"Le drapeau de d\u00e9fil\u00e9 est mis \u00e0 l&#039;honneur lors des c\u00e9r\u00e9monies officielles et des comm\u00e9morations. C&#039;est un support de prestige confectionn\u00e9 chez Macap\" \/>\n<meta name=\"robots\" content=\"index, follow, max-snippet:-1, max-image-preview:large, max-video-preview:-1\" \/>\n<link rel=\"canonical\" href=\"https:\/\/www.macapflag.com\/blog\/drapeau-de-defile\/\" \/>\n<meta property=\"og:locale\" content=\"fr_FR\" \/>\n<meta property=\"og:type\" content=\"article\" \/>\n<meta property=\"og:title\" content=\"Le drapeau de d\u00e9fil\u00e9 utilis\u00e9 lors d&#039;une c\u00e9r\u00e9monie d&#039;anciens combattants\" \/>\n<meta property=\"og:description\" content=\"Le drapeau de d\u00e9fil\u00e9 est mis \u00e0 l&#039;honneur lors des c\u00e9r\u00e9monies officielles et des comm\u00e9morations. C&#039;est un support de prestige confectionn\u00e9 chez Macap\" \/>\n<meta property=\"og:url\" content=\"https:\/\/www.macapflag.com\/blog\/drapeau-de-defile\/\" \/>\n<meta property=\"og:site_name\" content=\"Blog - Macap\" \/>\n<meta property=\"article:publisher\" content=\"https:\/\/www.facebook.com\/macap.pavoisement\/\" \/>\n<meta property=\"article:published_time\" content=\"2019-05-20T11:00:55+00:00\" \/>\n<meta property=\"article:modified_time\" content=\"2019-11-25T10:19:40+00:00\" \/>\n<meta property=\"og:image\" content=\"https:\/\/www.macapflag.com\/blog\/wp-content\/uploads\/2019\/05\/drapeau-defile-ceremonie-titre.jpg\" \/>\n\t<meta property=\"og:image:width\" content=\"700\" \/>\n\t<meta property=\"og:image:height\" content=\"534\" \/>\n\t<meta property=\"og:image:type\" content=\"image\/jpeg\" \/>\n<meta name=\"author\" content=\"Blog Macap\" \/>\n<meta name=\"twitter:card\" content=\"summary_large_image\" \/>\n<meta name=\"twitter:label1\" content=\"\u00c9crit par\" \/>\n\t<meta name=\"twitter:data1\" content=\"Blog Macap\" \/>\n\t<meta name=\"twitter:label2\" content=\"Dur\u00e9e de lecture estim\u00e9e\" \/>\n\t<meta name=\"twitter:data2\" content=\"6 minutes\" \/>\n<script type=\"application\/ld+json\" class=\"yoast-schema-graph\">{\"@context\":\"https:\/\/schema.org\",\"@graph\":[{\"@type\":\"Article\",\"@id\":\"https:\/\/www.macapflag.com\/blog\/drapeau-de-defile\/#article\",\"isPartOf\":{\"@id\":\"https:\/\/www.macapflag.com\/blog\/drapeau-de-defile\/\"},\"author\":{\"name\":\"Blog Macap\",\"@id\":\"https:\/\/www.macapflag.com\/blog\/#\/schema\/person\/3fea701f2603875e651e6b662578fc3c\"},\"headline\":\"(Bien) choisir son drapeau de d\u00e9fil\u00e9\",\"datePublished\":\"2019-05-20T11:00:55+00:00\",\"dateModified\":\"2019-11-25T10:19:40+00:00\",\"mainEntityOfPage\":{\"@id\":\"https:\/\/www.macapflag.com\/blog\/drapeau-de-defile\/\"},\"wordCount\":1174,\"publisher\":{\"@id\":\"https:\/\/www.macapflag.com\/blog\/#organization\"},\"image\":{\"@id\":\"https:\/\/www.macapflag.com\/blog\/drapeau-de-defile\/#primaryimage\"},\"thumbnailUrl\":\"https:\/\/www.macapflag.com\/blog\/wp-content\/uploads\/2019\/05\/drapeau-defile-ceremonie-titre.jpg\",\"articleSection\":[\"Produits &amp; Solutions\"],\"inLanguage\":\"fr-FR\"},{\"@type\":\"WebPage\",\"@id\":\"https:\/\/www.macapflag.com\/blog\/drapeau-de-defile\/\",\"url\":\"https:\/\/www.macapflag.com\/blog\/drapeau-de-defile\/\",\"name\":\"Le drapeau de d\u00e9fil\u00e9 utilis\u00e9 lors d'une c\u00e9r\u00e9monie d'anciens combattants\",\"isPartOf\":{\"@id\":\"https:\/\/www.macapflag.com\/blog\/#website\"},\"primaryImageOfPage\":{\"@id\":\"https:\/\/www.macapflag.com\/blog\/drapeau-de-defile\/#primaryimage\"},\"image\":{\"@id\":\"https:\/\/www.macapflag.com\/blog\/drapeau-de-defile\/#primaryimage\"},\"thumbnailUrl\":\"https:\/\/www.macapflag.com\/blog\/wp-content\/uploads\/2019\/05\/drapeau-defile-ceremonie-titre.jpg\",\"datePublished\":\"2019-05-20T11:00:55+00:00\",\"dateModified\":\"2019-11-25T10:19:40+00:00\",\"description\":\"Le drapeau de d\u00e9fil\u00e9 est mis \u00e0 l'honneur lors des c\u00e9r\u00e9monies officielles et des comm\u00e9morations. C'est un support de prestige confectionn\u00e9 chez Macap\",\"breadcrumb\":{\"@id\":\"https:\/\/www.macapflag.com\/blog\/drapeau-de-defile\/#breadcrumb\"},\"inLanguage\":\"fr-FR\",\"potentialAction\":[{\"@type\":\"ReadAction\",\"target\":[\"https:\/\/www.macapflag.com\/blog\/drapeau-de-defile\/\"]}]},{\"@type\":\"ImageObject\",\"inLanguage\":\"fr-FR\",\"@id\":\"https:\/\/www.macapflag.com\/blog\/drapeau-de-defile\/#primaryimage\",\"url\":\"https:\/\/www.macapflag.com\/blog\/wp-content\/uploads\/2019\/05\/drapeau-defile-ceremonie-titre.jpg\",\"contentUrl\":\"https:\/\/www.macapflag.com\/blog\/wp-content\/uploads\/2019\/05\/drapeau-defile-ceremonie-titre.jpg\",\"width\":700,\"height\":534,\"caption\":\"Toutes les infos utiles sur le drapeau prestige de d\u00e9fil\u00e9 ou de c\u00e9r\u00e9monie\"},{\"@type\":\"BreadcrumbList\",\"@id\":\"https:\/\/www.macapflag.com\/blog\/drapeau-de-defile\/#breadcrumb\",\"itemListElement\":[{\"@type\":\"ListItem\",\"position\":1,\"name\":\"Accueil\",\"item\":\"https:\/\/www.macapflag.com\/blog\/\"},{\"@type\":\"ListItem\",\"position\":2,\"name\":\"(Bien) choisir son drapeau de d\u00e9fil\u00e9\"}]},{\"@type\":\"WebSite\",\"@id\":\"https:\/\/www.macapflag.com\/blog\/#website\",\"url\":\"https:\/\/www.macapflag.com\/blog\/\",\"name\":\"Blog - Macap\",\"description\":\"Tous nos articles\",\"publisher\":{\"@id\":\"https:\/\/www.macapflag.com\/blog\/#organization\"},\"potentialAction\":[{\"@type\":\"SearchAction\",\"target\":{\"@type\":\"EntryPoint\",\"urlTemplate\":\"https:\/\/www.macapflag.com\/blog\/?s={search_term_string}\"},\"query-input\":{\"@type\":\"PropertyValueSpecification\",\"valueRequired\":true,\"valueName\":\"search_term_string\"}}],\"inLanguage\":\"fr-FR\"},{\"@type\":\"Organization\",\"@id\":\"https:\/\/www.macapflag.com\/blog\/#organization\",\"name\":\"macapflag\",\"url\":\"https:\/\/www.macapflag.com\/blog\/\",\"logo\":{\"@type\":\"ImageObject\",\"inLanguage\":\"fr-FR\",\"@id\":\"https:\/\/www.macapflag.com\/blog\/#\/schema\/logo\/image\/\",\"url\":\"https:\/\/www.macapflag.com\/blog\/wp-content\/uploads\/2020\/12\/cropped-M-512-1.png\",\"contentUrl\":\"https:\/\/www.macapflag.com\/blog\/wp-content\/uploads\/2020\/12\/cropped-M-512-1.png\",\"width\":512,\"height\":512,\"caption\":\"macapflag\"},\"image\":{\"@id\":\"https:\/\/www.macapflag.com\/blog\/#\/schema\/logo\/image\/\"},\"sameAs\":[\"https:\/\/www.facebook.com\/macap.pavoisement\/\",\"https:\/\/www.instagram.com\/macapflag\/?hl=fr\",\"https:\/\/www.linkedin.com\/company\/macap\/?originalSubdomain=fr\",\"https:\/\/www.youtube.com\/channel\/UCXNzTIdZh9poEBjSXEqDtNw\"]},{\"@type\":\"Person\",\"@id\":\"https:\/\/www.macapflag.com\/blog\/#\/schema\/person\/3fea701f2603875e651e6b662578fc3c\",\"name\":\"Blog Macap\",\"image\":{\"@type\":\"ImageObject\",\"inLanguage\":\"fr-FR\",\"@id\":\"https:\/\/www.macapflag.com\/blog\/#\/schema\/person\/image\/\",\"url\":\"https:\/\/secure.gravatar.com\/avatar\/c12551f2dc51f0db049633b03e7856985477a70da834cc8967dea4ce54bdd6a2?s=96&d=mm&r=g\",\"contentUrl\":\"https:\/\/secure.gravatar.com\/avatar\/c12551f2dc51f0db049633b03e7856985477a70da834cc8967dea4ce54bdd6a2?s=96&d=mm&r=g\",\"caption\":\"Blog Macap\"},\"url\":\"https:\/\/www.macapflag.com\/blog\/author\/macap\/\"}]}<\/script>\n<!-- \/ Yoast SEO plugin. -->","yoast_head_json":{"title":"Le drapeau de d\u00e9fil\u00e9 utilis\u00e9 lors d'une c\u00e9r\u00e9monie d'anciens combattants","description":"Le drapeau de d\u00e9fil\u00e9 est mis \u00e0 l'honneur lors des c\u00e9r\u00e9monies officielles et des comm\u00e9morations. C'est un support de prestige confectionn\u00e9 chez Macap","robots":{"index":"index","follow":"follow","max-snippet":"max-snippet:-1","max-image-preview":"max-image-preview:large","max-video-preview":"max-video-preview:-1"},"canonical":"https:\/\/www.macapflag.com\/blog\/drapeau-de-defile\/","og_locale":"fr_FR","og_type":"article","og_title":"Le drapeau de d\u00e9fil\u00e9 utilis\u00e9 lors d'une c\u00e9r\u00e9monie d'anciens combattants","og_description":"Le drapeau de d\u00e9fil\u00e9 est mis \u00e0 l'honneur lors des c\u00e9r\u00e9monies officielles et des comm\u00e9morations. C'est un support de prestige confectionn\u00e9 chez Macap","og_url":"https:\/\/www.macapflag.com\/blog\/drapeau-de-defile\/","og_site_name":"Blog - Macap","article_publisher":"https:\/\/www.facebook.com\/macap.pavoisement\/","article_published_time":"2019-05-20T11:00:55+00:00","article_modified_time":"2019-11-25T10:19:40+00:00","og_image":[{"width":700,"height":534,"url":"https:\/\/www.macapflag.com\/blog\/wp-content\/uploads\/2019\/05\/drapeau-defile-ceremonie-titre.jpg","type":"image\/jpeg"}],"author":"Blog Macap","twitter_card":"summary_large_image","twitter_misc":{"\u00c9crit par":"Blog Macap","Dur\u00e9e de lecture estim\u00e9e":"6 minutes"},"schema":{"@context":"https:\/\/schema.org","@graph":[{"@type":"Article","@id":"https:\/\/www.macapflag.com\/blog\/drapeau-de-defile\/#article","isPartOf":{"@id":"https:\/\/www.macapflag.com\/blog\/drapeau-de-defile\/"},"author":{"name":"Blog Macap","@id":"https:\/\/www.macapflag.com\/blog\/#\/schema\/person\/3fea701f2603875e651e6b662578fc3c"},"headline":"(Bien) choisir son drapeau de d\u00e9fil\u00e9","datePublished":"2019-05-20T11:00:55+00:00","dateModified":"2019-11-25T10:19:40+00:00","mainEntityOfPage":{"@id":"https:\/\/www.macapflag.com\/blog\/drapeau-de-defile\/"},"wordCount":1174,"publisher":{"@id":"https:\/\/www.macapflag.com\/blog\/#organization"},"image":{"@id":"https:\/\/www.macapflag.com\/blog\/drapeau-de-defile\/#primaryimage"},"thumbnailUrl":"https:\/\/www.macapflag.com\/blog\/wp-content\/uploads\/2019\/05\/drapeau-defile-ceremonie-titre.jpg","articleSection":["Produits &amp; Solutions"],"inLanguage":"fr-FR"},{"@type":"WebPage","@id":"https:\/\/www.macapflag.com\/blog\/drapeau-de-defile\/","url":"https:\/\/www.macapflag.com\/blog\/drapeau-de-defile\/","name":"Le drapeau de d\u00e9fil\u00e9 utilis\u00e9 lors d'une c\u00e9r\u00e9monie d'anciens combattants","isPartOf":{"@id":"https:\/\/www.macapflag.com\/blog\/#website"},"primaryImageOfPage":{"@id":"https:\/\/www.macapflag.com\/blog\/drapeau-de-defile\/#primaryimage"},"image":{"@id":"https:\/\/www.macapflag.com\/blog\/drapeau-de-defile\/#primaryimage"},"thumbnailUrl":"https:\/\/www.macapflag.com\/blog\/wp-content\/uploads\/2019\/05\/drapeau-defile-ceremonie-titre.jpg","datePublished":"2019-05-20T11:00:55+00:00","dateModified":"2019-11-25T10:19:40+00:00","description":"Le drapeau de d\u00e9fil\u00e9 est mis \u00e0 l'honneur lors des c\u00e9r\u00e9monies officielles et des comm\u00e9morations. C'est un support de prestige confectionn\u00e9 chez Macap","breadcrumb":{"@id":"https:\/\/www.macapflag.com\/blog\/drapeau-de-defile\/#breadcrumb"},"inLanguage":"fr-FR","potentialAction":[{"@type":"ReadAction","target":["https:\/\/www.macapflag.com\/blog\/drapeau-de-defile\/"]}]},{"@type":"ImageObject","inLanguage":"fr-FR","@id":"https:\/\/www.macapflag.com\/blog\/drapeau-de-defile\/#primaryimage","url":"https:\/\/www.macapflag.com\/blog\/wp-content\/uploads\/2019\/05\/drapeau-defile-ceremonie-titre.jpg","contentUrl":"https:\/\/www.macapflag.com\/blog\/wp-content\/uploads\/2019\/05\/drapeau-defile-ceremonie-titre.jpg","width":700,"height":534,"caption":"Toutes les infos utiles sur le drapeau prestige de d\u00e9fil\u00e9 ou de c\u00e9r\u00e9monie"},{"@type":"BreadcrumbList","@id":"https:\/\/www.macapflag.com\/blog\/drapeau-de-defile\/#breadcrumb","itemListElement":[{"@type":"ListItem","position":1,"name":"Accueil","item":"https:\/\/www.macapflag.com\/blog\/"},{"@type":"ListItem","position":2,"name":"(Bien) choisir son drapeau de d\u00e9fil\u00e9"}]},{"@type":"WebSite","@id":"https:\/\/www.macapflag.com\/blog\/#website","url":"https:\/\/www.macapflag.com\/blog\/","name":"Blog - Macap","description":"Tous nos articles","publisher":{"@id":"https:\/\/www.macapflag.com\/blog\/#organization"},"potentialAction":[{"@type":"SearchAction","target":{"@type":"EntryPoint","urlTemplate":"https:\/\/www.macapflag.com\/blog\/?s={search_term_string}"},"query-input":{"@type":"PropertyValueSpecification","valueRequired":true,"valueName":"search_term_string"}}],"inLanguage":"fr-FR"},{"@type":"Organization","@id":"https:\/\/www.macapflag.com\/blog\/#organization","name":"macapflag","url":"https:\/\/www.macapflag.com\/blog\/","logo":{"@type":"ImageObject","inLanguage":"fr-FR","@id":"https:\/\/www.macapflag.com\/blog\/#\/schema\/logo\/image\/","url":"https:\/\/www.macapflag.com\/blog\/wp-content\/uploads\/2020\/12\/cropped-M-512-1.png","contentUrl":"https:\/\/www.macapflag.com\/blog\/wp-content\/uploads\/2020\/12\/cropped-M-512-1.png","width":512,"height":512,"caption":"macapflag"},"image":{"@id":"https:\/\/www.macapflag.com\/blog\/#\/schema\/logo\/image\/"},"sameAs":["https:\/\/www.facebook.com\/macap.pavoisement\/","https:\/\/www.instagram.com\/macapflag\/?hl=fr","https:\/\/www.linkedin.com\/company\/macap\/?originalSubdomain=fr","https:\/\/www.youtube.com\/channel\/UCXNzTIdZh9poEBjSXEqDtNw"]},{"@type":"Person","@id":"https:\/\/www.macapflag.com\/blog\/#\/schema\/person\/3fea701f2603875e651e6b662578fc3c","name":"Blog Macap","image":{"@type":"ImageObject","inLanguage":"fr-FR","@id":"https:\/\/www.macapflag.com\/blog\/#\/schema\/person\/image\/","url":"https:\/\/secure.gravatar.com\/avatar\/c12551f2dc51f0db049633b03e7856985477a70da834cc8967dea4ce54bdd6a2?s=96&d=mm&r=g","contentUrl":"https:\/\/secure.gravatar.com\/avatar\/c12551f2dc51f0db049633b03e7856985477a70da834cc8967dea4ce54bdd6a2?s=96&d=mm&r=g","caption":"Blog Macap"},"url":"https:\/\/www.macapflag.com\/blog\/author\/macap\/"}]}},"_links":{"self":[{"href":"https:\/\/www.macapflag.com\/blog\/wp-json\/wp\/v2\/posts\/3617","targetHints":{"allow":["GET"]}}],"collection":[{"href":"https:\/\/www.macapflag.com\/blog\/wp-json\/wp\/v2\/posts"}],"about":[{"href":"https:\/\/www.macapflag.com\/blog\/wp-json\/wp\/v2\/types\/post"}],"author":[{"embeddable":true,"href":"https:\/\/www.macapflag.com\/blog\/wp-json\/wp\/v2\/users\/2"}],"replies":[{"embeddable":true,"href":"https:\/\/www.macapflag.com\/blog\/wp-json\/wp\/v2\/comments?post=3617"}],"version-history":[{"count":25,"href":"https:\/\/www.macapflag.com\/blog\/wp-json\/wp\/v2\/posts\/3617\/revisions"}],"predecessor-version":[{"id":8570,"href":"https:\/\/www.macapflag.com\/blog\/wp-json\/wp\/v2\/posts\/3617\/revisions\/8570"}],"wp:featuredmedia":[{"embeddable":true,"href":"https:\/\/www.macapflag.com\/blog\/wp-json\/wp\/v2\/media\/3616"}],"wp:attachment":[{"href":"https:\/\/www.macapflag.com\/blog\/wp-json\/wp\/v2\/media?parent=3617"}],"wp:term":[{"taxonomy":"category","embeddable":true,"href":"https:\/\/www.macapflag.com\/blog\/wp-json\/wp\/v2\/categories?post=3617"},{"taxonomy":"post_tag","embeddable":true,"href":"https:\/\/www.macapflag.com\/blog\/wp-json\/wp\/v2\/tags?post=3617"}],"curies":[{"name":"wp","href":"https:\/\/api.w.org\/{rel}","templated":true}]}}