{"id":3637,"date":"2019-05-11T08:37:56","date_gmt":"2019-05-11T06:37:56","guid":{"rendered":"https:\/\/www.macapflag.com\/blog\/?p=3637"},"modified":"2019-05-16T08:57:35","modified_gmt":"2019-05-16T06:57:35","slug":"drapeau-martinique","status":"publish","type":"post","link":"https:\/\/www.macapflag.com\/blog\/drapeau-martinique\/","title":{"rendered":"La Martinique a son nouveau drapeau !"},"content":{"rendered":"\t\t<div data-elementor-type=\"wp-post\" data-elementor-id=\"3637\" class=\"elementor elementor-3637 elementor-bc-flex-widget\">\n\t\t\t\t\t\t<section class=\"elementor-section elementor-top-section elementor-element elementor-element-e43fcb1 elementor-section-boxed elementor-section-height-default elementor-section-height-default\" data-id=\"e43fcb1\" data-element_type=\"section\">\n\t\t\t\t\t\t<div class=\"elementor-container elementor-column-gap-default\">\n\t\t\t\t\t<div class=\"elementor-column elementor-col-100 elementor-top-column elementor-element elementor-element-904b80a\" data-id=\"904b80a\" data-element_type=\"column\">\n\t\t\t<div class=\"elementor-widget-wrap elementor-element-populated\">\n\t\t\t\t\t\t<div class=\"elementor-element elementor-element-92b455a elementor-widget elementor-widget-text-editor\" data-id=\"92b455a\" data-element_type=\"widget\" data-widget_type=\"text-editor.default\">\n\t\t\t\t<div class=\"elementor-widget-container\">\n\t\t\t\t\t\t\t\t\t<p><img decoding=\"async\" class=\"size-full wp-image-2886 aligncenter\" src=\"https:\/\/www.macapflag.com\/blog\/wp-content\/uploads\/2018\/10\/picto-produitssolutions235x135.gif\" alt=\"Produits et solutions propos\u00e9s par Macap : drapeaux, banderoles ou Beachflags\" width=\"235\" height=\"135\" \/><\/p><p style=\"text-align: center;\"><span style=\"font-size: 14pt;\"><span style=\"color: #000000;\"><strong><span style=\"font-family: 'Futura Bk BT';\">Macap<\/span><\/strong><\/span> <span style=\"color: #808080;\"><strong><span style=\"font-family: 'Futura Bk BT';\">&#8211; Samedi 11 Mai 2019<\/span><\/strong><\/span><\/span><\/p><p style=\"text-align: center;\"><span style=\"color: #808080; font-size: 12pt;\"><strong><span style=\"font-family: 'Futura Bk BT';\"><span style=\"color: #000000;\">Temps de lecture <span style=\"color: #808080;\">: 1 mn<\/span><\/span><\/span><\/strong><\/span><\/p>\t\t\t\t\t\t\t\t<\/div>\n\t\t\t\t<\/div>\n\t\t\t\t\t<\/div>\n\t\t<\/div>\n\t\t\t\t\t<\/div>\n\t\t<\/section>\n\t\t\t\t<section class=\"elementor-section elementor-top-section elementor-element elementor-element-2d5787d elementor-section-boxed elementor-section-height-default elementor-section-height-default\" data-id=\"2d5787d\" data-element_type=\"section\">\n\t\t\t\t\t\t<div class=\"elementor-container elementor-column-gap-default\">\n\t\t\t\t\t<div class=\"elementor-column elementor-col-100 elementor-top-column elementor-element elementor-element-cbaf3c0\" data-id=\"cbaf3c0\" data-element_type=\"column\">\n\t\t\t<div class=\"elementor-widget-wrap elementor-element-populated\">\n\t\t\t\t\t\t<div class=\"elementor-element elementor-element-20ea498 elementor-widget elementor-widget-text-editor\" data-id=\"20ea498\" data-element_type=\"widget\" data-widget_type=\"text-editor.default\">\n\t\t\t\t<div class=\"elementor-widget-container\">\n\t\t\t\t\t\t\t\t\t<p style=\"text-align: justify;\"><span style=\"font-size: 14pt; color: #000000;\">La Martinique fait partie des DROM fran\u00e7ais (d\u00e9partements d\u2019outre-mer) au m\u00eame titre que la Guadeloupe, la Guyane, Mayotte et la R\u00e9union. <\/span><br \/><span style=\"font-size: 14pt; color: #000000;\">Son drapeau officiel est donc bien \u00e9videmment le <a href=\"https:\/\/www.macapflag.com\/drapeau-officiel-pour-mat\/33-drapeau-francais-officiel.html\" target=\"_blank\" rel=\"noopener\"><strong><span style=\"color: #3366ff;\">drapeau fran\u00e7ais<\/span><\/strong><\/a> bleu blanc rouge mais ce \u201cpetit bout de France\u201d arbore \u00e9galement un <a href=\"https:\/\/www.macapflag.com\/drapeau-officiel-pour-mat\/34-drapeau-des-regions-francaises-officiel.html\" target=\"_blank\" rel=\"noopener\"><strong><span style=\"color: #3366ff;\">pavillon local<\/span><\/strong><\/a>\u2026<\/span><br \/><span style=\"font-size: 14pt; color: #000000;\">Depuis 1766, le pavillon martiniquais \u00e9tait celui dit \u201caux serpents\u201d, un ancien embl\u00e8me de la marine marchande. A cette \u00e9poque, tous les bateaux qui naviguaient alors vers ce territoire hissaient ce pavillon.<\/span><\/p><p style=\"text-align: justify;\"><span style=\"font-size: 14pt; color: #000000;\">A une \u00e9poque plus contemporaine, l\u2019utilisation historique de ce symbole a longtemps \u00e9t\u00e9 sujet \u00e0 discussions. En effet, dans les bateaux qui voguaient vers la Martinique se trouvaient bien s\u00fbr des navires de commerce mais aussi ceux qui pratiquaient alors le commerce triangulaire (c\u2019est \u00e0 dire la traite d\u2019esclaves noirs).<br \/><\/span><br \/><span style=\"font-size: 14pt; color: #000000;\">En Octobre 2018, suite \u00e0 plusieurs demandes, le Pr\u00e9sident Emmanuel Macron ordonne le retrait de cet embl\u00e8me des uniformes de la gendarmerie martiniquaise.<\/span><br \/><span style=\"font-size: 14pt; color: #000000;\">Au m\u00eame moment, la Collectivit\u00e9 Territoriale de Martinique lance l\u2019organisation d\u2019un concours visant \u00e0 cr\u00e9er un nouveau drapeau et un nouvel hymne martiniquais. <br \/><\/span><br \/><span style=\"font-size: 14pt; color: #000000;\">Deux commissions de s\u00e9lection ont pr\u00e9sent\u00e9 le 8 Avril 2019 leur s\u00e9lection de trois drapeaux ainsi que trois hymnes. Les projets de drapeaux ont \u00e9t\u00e9 baptis\u00e9s &#8220;Aca\u00e9ra&#8221;, &#8220;Ips\u00e9it\u00e9&#8221; et &#8220;Le Flamboyant&#8221;, pr\u00e9sent\u00e9s ci-dessous :\u00a0<br \/><\/span><\/p>\t\t\t\t\t\t\t\t<\/div>\n\t\t\t\t<\/div>\n\t\t\t\t\t<\/div>\n\t\t<\/div>\n\t\t\t\t\t<\/div>\n\t\t<\/section>\n\t\t\t\t<section class=\"elementor-section elementor-top-section elementor-element elementor-element-2c766c1 elementor-section-boxed elementor-section-height-default elementor-section-height-default\" data-id=\"2c766c1\" data-element_type=\"section\">\n\t\t\t\t\t\t<div class=\"elementor-container elementor-column-gap-default\">\n\t\t\t\t\t<div class=\"elementor-column elementor-col-100 elementor-top-column elementor-element elementor-element-46fefcb\" data-id=\"46fefcb\" data-element_type=\"column\">\n\t\t\t<div class=\"elementor-widget-wrap elementor-element-populated\">\n\t\t\t\t\t\t<div class=\"elementor-element elementor-element-bd29174 elementor-widget elementor-widget-image\" data-id=\"bd29174\" data-element_type=\"widget\" data-widget_type=\"image.default\">\n\t\t\t\t<div class=\"elementor-widget-container\">\n\t\t\t\t\t\t\t\t\t\t\t\t\t\t\t<img fetchpriority=\"high\" decoding=\"async\" width=\"660\" height=\"371\" src=\"https:\/\/www.macapflag.com\/blog\/wp-content\/uploads\/2019\/05\/drapeaux-proposes-aux-martiniquais.jpg\" class=\"attachment-large size-large wp-image-3673\" alt=\"Le nouveau drapeau de la Martinique : voici les 3 propositions faites \u00e0 la population\" srcset=\"https:\/\/www.macapflag.com\/blog\/wp-content\/uploads\/2019\/05\/drapeaux-proposes-aux-martiniquais.jpg 660w, https:\/\/www.macapflag.com\/blog\/wp-content\/uploads\/2019\/05\/drapeaux-proposes-aux-martiniquais-300x169.jpg 300w\" sizes=\"(max-width: 660px) 100vw, 660px\" \/>\t\t\t\t\t\t\t\t\t\t\t\t\t\t\t<\/div>\n\t\t\t\t<\/div>\n\t\t\t\t\t<\/div>\n\t\t<\/div>\n\t\t\t\t\t<\/div>\n\t\t<\/section>\n\t\t\t\t<section class=\"elementor-section elementor-top-section elementor-element elementor-element-0aa6ed1 elementor-section-boxed elementor-section-height-default elementor-section-height-default\" data-id=\"0aa6ed1\" data-element_type=\"section\">\n\t\t\t\t\t\t<div class=\"elementor-container elementor-column-gap-default\">\n\t\t\t\t\t<div class=\"elementor-column elementor-col-100 elementor-top-column elementor-element elementor-element-4c28c5d\" data-id=\"4c28c5d\" data-element_type=\"column\">\n\t\t\t<div class=\"elementor-widget-wrap elementor-element-populated\">\n\t\t\t\t\t\t<div class=\"elementor-element elementor-element-011b0c8 elementor-widget elementor-widget-text-editor\" data-id=\"011b0c8\" data-element_type=\"widget\" data-widget_type=\"text-editor.default\">\n\t\t\t\t<div class=\"elementor-widget-container\">\n\t\t\t\t\t\t\t\t\t<p style=\"text-align: justify;\"><span style=\"font-size: 14pt; color: #000000;\">Ce sont ensuite les Martiniquais qui ont vot\u00e9 pour choisir l\u2019hymne et le drapeau qui les repr\u00e9senteront lors des futures manifestations internationales sportives et culturelles.<\/span><br \/><span style=\"font-size: 14pt; color: #000000;\">La c\u00e9r\u00e9monie pr\u00e9sid\u00e9e par Alfred Marie-Jeanne pr\u00e9sident du conseil ex\u00e9cutif de la collectivit\u00e9 s\u2019est d\u00e9roul\u00e9e \u00e0 Fort de France.<\/span><\/p>\t\t\t\t\t\t\t\t<\/div>\n\t\t\t\t<\/div>\n\t\t\t\t\t<\/div>\n\t\t<\/div>\n\t\t\t\t\t<\/div>\n\t\t<\/section>\n\t\t\t\t<section class=\"elementor-section elementor-top-section elementor-element elementor-element-c6e3c4d elementor-section-boxed elementor-section-height-default elementor-section-height-default\" data-id=\"c6e3c4d\" data-element_type=\"section\">\n\t\t\t\t\t\t<div class=\"elementor-container elementor-column-gap-default\">\n\t\t\t\t\t<div class=\"elementor-column elementor-col-100 elementor-top-column elementor-element elementor-element-c49d04a\" data-id=\"c49d04a\" data-element_type=\"column\">\n\t\t\t<div class=\"elementor-widget-wrap elementor-element-populated\">\n\t\t\t\t\t\t<div class=\"elementor-element elementor-element-fc9b01f elementor-widget elementor-widget-text-editor\" data-id=\"fc9b01f\" data-element_type=\"widget\" data-widget_type=\"text-editor.default\">\n\t\t\t\t<div class=\"elementor-widget-container\">\n\t\t\t\t\t\t\t\t\t<h2 style=\"text-align: center;\"><strong>C&#8217;est le projet &#8220;Ips\u00e9it\u00e9&#8221; qui a \u00e9t\u00e9 choisi par la population<br \/>\u00a0et devient donc le nouveau pavillon de l&#8217;\u00eele<\/strong><\/h2>\t\t\t\t\t\t\t\t<\/div>\n\t\t\t\t<\/div>\n\t\t\t\t\t<\/div>\n\t\t<\/div>\n\t\t\t\t\t<\/div>\n\t\t<\/section>\n\t\t\t\t<section class=\"elementor-section elementor-top-section elementor-element elementor-element-62c1a57 elementor-section-boxed elementor-section-height-default elementor-section-height-default\" data-id=\"62c1a57\" data-element_type=\"section\">\n\t\t\t\t\t\t<div class=\"elementor-container elementor-column-gap-default\">\n\t\t\t\t\t<div class=\"elementor-column elementor-col-100 elementor-top-column elementor-element elementor-element-7d8961c\" data-id=\"7d8961c\" data-element_type=\"column\">\n\t\t\t<div class=\"elementor-widget-wrap elementor-element-populated\">\n\t\t\t\t\t\t<div class=\"elementor-element elementor-element-9342d0e elementor-widget elementor-widget-image\" data-id=\"9342d0e\" data-element_type=\"widget\" data-widget_type=\"image.default\">\n\t\t\t\t<div class=\"elementor-widget-container\">\n\t\t\t\t\t\t\t\t\t\t\t\t\t\t\t<img decoding=\"async\" width=\"660\" height=\"470\" src=\"https:\/\/www.macapflag.com\/blog\/wp-content\/uploads\/2019\/05\/drapeau-martinique.jpg\" class=\"attachment-large size-large wp-image-3675\" alt=\"Voici le nouveau drapeau de la Martinique choisi par la population et r\u00e9v\u00e9l\u00e9 le 10 Mai 2019\" srcset=\"https:\/\/www.macapflag.com\/blog\/wp-content\/uploads\/2019\/05\/drapeau-martinique.jpg 660w, https:\/\/www.macapflag.com\/blog\/wp-content\/uploads\/2019\/05\/drapeau-martinique-300x214.jpg 300w, https:\/\/www.macapflag.com\/blog\/wp-content\/uploads\/2019\/05\/drapeau-martinique-100x70.jpg 100w, https:\/\/www.macapflag.com\/blog\/wp-content\/uploads\/2019\/05\/drapeau-martinique-590x420.jpg 590w\" sizes=\"(max-width: 660px) 100vw, 660px\" \/>\t\t\t\t\t\t\t\t\t\t\t\t\t\t\t<\/div>\n\t\t\t\t<\/div>\n\t\t\t\t\t<\/div>\n\t\t<\/div>\n\t\t\t\t\t<\/div>\n\t\t<\/section>\n\t\t\t\t<\/div>\n\t\t","protected":false},"excerpt":{"rendered":"<div class=\"tmnf_excerpt\"><p>Macap &#8211; Samedi 11 Mai 2019 Temps de lecture : 1 mn La Martinique fait partie des DROM fran\u00e7ais (d\u00e9partements d\u2019outre-mer) au m\u00eame titre que la Guadeloupe, la Guyane, Mayotte et la R\u00e9union. Son drapeau officiel est donc bien \u00e9videmment le drapeau fran\u00e7ais bleu blanc rouge mais ce \u201cpetit bout de France\u201d arbore \u00e9galement un &hellip;<\/p>\n<\/div>","protected":false},"author":2,"featured_media":3031,"comment_status":"closed","ping_status":"open","sticky":false,"template":"template-fullwidth.php","format":"standard","meta":{"footnotes":""},"categories":[92],"tags":[],"class_list":["post-3637","post","type-post","status-publish","format-standard","has-post-thumbnail","hentry","category-news"],"yoast_head":"<!-- This site is optimized with the Yoast SEO plugin v26.4 - https:\/\/yoast.com\/wordpress\/plugins\/seo\/ -->\n<title>La Martinique a choisi son nouveau drapeau ! Blog by Macap<\/title>\n<meta name=\"description\" content=\"Ce sont trois propositions de drapeau qui ont \u00e9t\u00e9 pr\u00e9sent\u00e9es aux habitants de la Martinique qui ont vot\u00e9. Leur choix a \u00e9t\u00e9 pr\u00e9sent\u00e9 ce 10 Mai 2019\" \/>\n<meta name=\"robots\" content=\"index, follow, max-snippet:-1, max-image-preview:large, max-video-preview:-1\" \/>\n<link rel=\"canonical\" href=\"https:\/\/www.macapflag.com\/blog\/drapeau-martinique\/\" \/>\n<meta property=\"og:locale\" content=\"fr_FR\" \/>\n<meta property=\"og:type\" content=\"article\" \/>\n<meta property=\"og:title\" content=\"La Martinique a choisi son nouveau drapeau ! Blog by Macap\" \/>\n<meta property=\"og:description\" content=\"Ce sont trois propositions de drapeau qui ont \u00e9t\u00e9 pr\u00e9sent\u00e9es aux habitants de la Martinique qui ont vot\u00e9. Leur choix a \u00e9t\u00e9 pr\u00e9sent\u00e9 ce 10 Mai 2019\" \/>\n<meta property=\"og:url\" content=\"https:\/\/www.macapflag.com\/blog\/drapeau-martinique\/\" \/>\n<meta property=\"og:site_name\" content=\"Blog - Macap\" \/>\n<meta property=\"article:publisher\" content=\"https:\/\/www.facebook.com\/macap.pavoisement\/\" \/>\n<meta property=\"article:published_time\" content=\"2019-05-11T06:37:56+00:00\" \/>\n<meta property=\"article:modified_time\" content=\"2019-05-16T06:57:35+00:00\" \/>\n<meta property=\"og:image\" content=\"https:\/\/www.macapflag.com\/blog\/wp-content\/uploads\/2018\/11\/le-saviez-vous-TITRE.gif\" \/>\n\t<meta property=\"og:image:width\" content=\"700\" \/>\n\t<meta property=\"og:image:height\" content=\"534\" \/>\n\t<meta property=\"og:image:type\" content=\"image\/gif\" \/>\n<meta name=\"author\" content=\"Blog Macap\" \/>\n<meta name=\"twitter:card\" content=\"summary_large_image\" \/>\n<meta name=\"twitter:label1\" content=\"\u00c9crit par\" \/>\n\t<meta name=\"twitter:data1\" content=\"Blog Macap\" \/>\n\t<meta name=\"twitter:label2\" content=\"Dur\u00e9e de lecture estim\u00e9e\" \/>\n\t<meta name=\"twitter:data2\" content=\"2 minutes\" \/>\n<script type=\"application\/ld+json\" class=\"yoast-schema-graph\">{\"@context\":\"https:\/\/schema.org\",\"@graph\":[{\"@type\":\"Article\",\"@id\":\"https:\/\/www.macapflag.com\/blog\/drapeau-martinique\/#article\",\"isPartOf\":{\"@id\":\"https:\/\/www.macapflag.com\/blog\/drapeau-martinique\/\"},\"author\":{\"name\":\"Blog Macap\",\"@id\":\"https:\/\/www.macapflag.com\/blog\/#\/schema\/person\/3fea701f2603875e651e6b662578fc3c\"},\"headline\":\"La Martinique a son nouveau drapeau !\",\"datePublished\":\"2019-05-11T06:37:56+00:00\",\"dateModified\":\"2019-05-16T06:57:35+00:00\",\"mainEntityOfPage\":{\"@id\":\"https:\/\/www.macapflag.com\/blog\/drapeau-martinique\/\"},\"wordCount\":312,\"publisher\":{\"@id\":\"https:\/\/www.macapflag.com\/blog\/#organization\"},\"image\":{\"@id\":\"https:\/\/www.macapflag.com\/blog\/drapeau-martinique\/#primaryimage\"},\"thumbnailUrl\":\"https:\/\/www.macapflag.com\/blog\/wp-content\/uploads\/2018\/11\/le-saviez-vous-TITRE.gif\",\"articleSection\":[\"News &amp; Actu\"],\"inLanguage\":\"fr-FR\"},{\"@type\":\"WebPage\",\"@id\":\"https:\/\/www.macapflag.com\/blog\/drapeau-martinique\/\",\"url\":\"https:\/\/www.macapflag.com\/blog\/drapeau-martinique\/\",\"name\":\"La Martinique a choisi son nouveau drapeau ! Blog by Macap\",\"isPartOf\":{\"@id\":\"https:\/\/www.macapflag.com\/blog\/#website\"},\"primaryImageOfPage\":{\"@id\":\"https:\/\/www.macapflag.com\/blog\/drapeau-martinique\/#primaryimage\"},\"image\":{\"@id\":\"https:\/\/www.macapflag.com\/blog\/drapeau-martinique\/#primaryimage\"},\"thumbnailUrl\":\"https:\/\/www.macapflag.com\/blog\/wp-content\/uploads\/2018\/11\/le-saviez-vous-TITRE.gif\",\"datePublished\":\"2019-05-11T06:37:56+00:00\",\"dateModified\":\"2019-05-16T06:57:35+00:00\",\"description\":\"Ce sont trois propositions de drapeau qui ont \u00e9t\u00e9 pr\u00e9sent\u00e9es aux habitants de la Martinique qui ont vot\u00e9. Leur choix a \u00e9t\u00e9 pr\u00e9sent\u00e9 ce 10 Mai 2019\",\"breadcrumb\":{\"@id\":\"https:\/\/www.macapflag.com\/blog\/drapeau-martinique\/#breadcrumb\"},\"inLanguage\":\"fr-FR\",\"potentialAction\":[{\"@type\":\"ReadAction\",\"target\":[\"https:\/\/www.macapflag.com\/blog\/drapeau-martinique\/\"]}]},{\"@type\":\"ImageObject\",\"inLanguage\":\"fr-FR\",\"@id\":\"https:\/\/www.macapflag.com\/blog\/drapeau-martinique\/#primaryimage\",\"url\":\"https:\/\/www.macapflag.com\/blog\/wp-content\/uploads\/2018\/11\/le-saviez-vous-TITRE.gif\",\"contentUrl\":\"https:\/\/www.macapflag.com\/blog\/wp-content\/uploads\/2018\/11\/le-saviez-vous-TITRE.gif\",\"width\":700,\"height\":534,\"caption\":\"Infos pratiques et astuces sur l'impression et la communication\"},{\"@type\":\"BreadcrumbList\",\"@id\":\"https:\/\/www.macapflag.com\/blog\/drapeau-martinique\/#breadcrumb\",\"itemListElement\":[{\"@type\":\"ListItem\",\"position\":1,\"name\":\"Accueil\",\"item\":\"https:\/\/www.macapflag.com\/blog\/\"},{\"@type\":\"ListItem\",\"position\":2,\"name\":\"La Martinique a son nouveau drapeau !\"}]},{\"@type\":\"WebSite\",\"@id\":\"https:\/\/www.macapflag.com\/blog\/#website\",\"url\":\"https:\/\/www.macapflag.com\/blog\/\",\"name\":\"Blog - Macap\",\"description\":\"Tous nos articles\",\"publisher\":{\"@id\":\"https:\/\/www.macapflag.com\/blog\/#organization\"},\"potentialAction\":[{\"@type\":\"SearchAction\",\"target\":{\"@type\":\"EntryPoint\",\"urlTemplate\":\"https:\/\/www.macapflag.com\/blog\/?s={search_term_string}\"},\"query-input\":{\"@type\":\"PropertyValueSpecification\",\"valueRequired\":true,\"valueName\":\"search_term_string\"}}],\"inLanguage\":\"fr-FR\"},{\"@type\":\"Organization\",\"@id\":\"https:\/\/www.macapflag.com\/blog\/#organization\",\"name\":\"macapflag\",\"url\":\"https:\/\/www.macapflag.com\/blog\/\",\"logo\":{\"@type\":\"ImageObject\",\"inLanguage\":\"fr-FR\",\"@id\":\"https:\/\/www.macapflag.com\/blog\/#\/schema\/logo\/image\/\",\"url\":\"https:\/\/www.macapflag.com\/blog\/wp-content\/uploads\/2020\/12\/cropped-M-512-1.png\",\"contentUrl\":\"https:\/\/www.macapflag.com\/blog\/wp-content\/uploads\/2020\/12\/cropped-M-512-1.png\",\"width\":512,\"height\":512,\"caption\":\"macapflag\"},\"image\":{\"@id\":\"https:\/\/www.macapflag.com\/blog\/#\/schema\/logo\/image\/\"},\"sameAs\":[\"https:\/\/www.facebook.com\/macap.pavoisement\/\",\"https:\/\/www.instagram.com\/macapflag\/?hl=fr\",\"https:\/\/www.linkedin.com\/company\/macap\/?originalSubdomain=fr\",\"https:\/\/www.youtube.com\/channel\/UCXNzTIdZh9poEBjSXEqDtNw\"]},{\"@type\":\"Person\",\"@id\":\"https:\/\/www.macapflag.com\/blog\/#\/schema\/person\/3fea701f2603875e651e6b662578fc3c\",\"name\":\"Blog Macap\",\"image\":{\"@type\":\"ImageObject\",\"inLanguage\":\"fr-FR\",\"@id\":\"https:\/\/www.macapflag.com\/blog\/#\/schema\/person\/image\/\",\"url\":\"https:\/\/secure.gravatar.com\/avatar\/c12551f2dc51f0db049633b03e7856985477a70da834cc8967dea4ce54bdd6a2?s=96&d=mm&r=g\",\"contentUrl\":\"https:\/\/secure.gravatar.com\/avatar\/c12551f2dc51f0db049633b03e7856985477a70da834cc8967dea4ce54bdd6a2?s=96&d=mm&r=g\",\"caption\":\"Blog Macap\"},\"url\":\"https:\/\/www.macapflag.com\/blog\/author\/macap\/\"}]}<\/script>\n<!-- \/ Yoast SEO plugin. -->","yoast_head_json":{"title":"La Martinique a choisi son nouveau drapeau ! Blog by Macap","description":"Ce sont trois propositions de drapeau qui ont \u00e9t\u00e9 pr\u00e9sent\u00e9es aux habitants de la Martinique qui ont vot\u00e9. Leur choix a \u00e9t\u00e9 pr\u00e9sent\u00e9 ce 10 Mai 2019","robots":{"index":"index","follow":"follow","max-snippet":"max-snippet:-1","max-image-preview":"max-image-preview:large","max-video-preview":"max-video-preview:-1"},"canonical":"https:\/\/www.macapflag.com\/blog\/drapeau-martinique\/","og_locale":"fr_FR","og_type":"article","og_title":"La Martinique a choisi son nouveau drapeau ! Blog by Macap","og_description":"Ce sont trois propositions de drapeau qui ont \u00e9t\u00e9 pr\u00e9sent\u00e9es aux habitants de la Martinique qui ont vot\u00e9. Leur choix a \u00e9t\u00e9 pr\u00e9sent\u00e9 ce 10 Mai 2019","og_url":"https:\/\/www.macapflag.com\/blog\/drapeau-martinique\/","og_site_name":"Blog - Macap","article_publisher":"https:\/\/www.facebook.com\/macap.pavoisement\/","article_published_time":"2019-05-11T06:37:56+00:00","article_modified_time":"2019-05-16T06:57:35+00:00","og_image":[{"width":700,"height":534,"url":"https:\/\/www.macapflag.com\/blog\/wp-content\/uploads\/2018\/11\/le-saviez-vous-TITRE.gif","type":"image\/gif"}],"author":"Blog Macap","twitter_card":"summary_large_image","twitter_misc":{"\u00c9crit par":"Blog Macap","Dur\u00e9e de lecture estim\u00e9e":"2 minutes"},"schema":{"@context":"https:\/\/schema.org","@graph":[{"@type":"Article","@id":"https:\/\/www.macapflag.com\/blog\/drapeau-martinique\/#article","isPartOf":{"@id":"https:\/\/www.macapflag.com\/blog\/drapeau-martinique\/"},"author":{"name":"Blog Macap","@id":"https:\/\/www.macapflag.com\/blog\/#\/schema\/person\/3fea701f2603875e651e6b662578fc3c"},"headline":"La Martinique a son nouveau drapeau !","datePublished":"2019-05-11T06:37:56+00:00","dateModified":"2019-05-16T06:57:35+00:00","mainEntityOfPage":{"@id":"https:\/\/www.macapflag.com\/blog\/drapeau-martinique\/"},"wordCount":312,"publisher":{"@id":"https:\/\/www.macapflag.com\/blog\/#organization"},"image":{"@id":"https:\/\/www.macapflag.com\/blog\/drapeau-martinique\/#primaryimage"},"thumbnailUrl":"https:\/\/www.macapflag.com\/blog\/wp-content\/uploads\/2018\/11\/le-saviez-vous-TITRE.gif","articleSection":["News &amp; Actu"],"inLanguage":"fr-FR"},{"@type":"WebPage","@id":"https:\/\/www.macapflag.com\/blog\/drapeau-martinique\/","url":"https:\/\/www.macapflag.com\/blog\/drapeau-martinique\/","name":"La Martinique a choisi son nouveau drapeau ! Blog by Macap","isPartOf":{"@id":"https:\/\/www.macapflag.com\/blog\/#website"},"primaryImageOfPage":{"@id":"https:\/\/www.macapflag.com\/blog\/drapeau-martinique\/#primaryimage"},"image":{"@id":"https:\/\/www.macapflag.com\/blog\/drapeau-martinique\/#primaryimage"},"thumbnailUrl":"https:\/\/www.macapflag.com\/blog\/wp-content\/uploads\/2018\/11\/le-saviez-vous-TITRE.gif","datePublished":"2019-05-11T06:37:56+00:00","dateModified":"2019-05-16T06:57:35+00:00","description":"Ce sont trois propositions de drapeau qui ont \u00e9t\u00e9 pr\u00e9sent\u00e9es aux habitants de la Martinique qui ont vot\u00e9. Leur choix a \u00e9t\u00e9 pr\u00e9sent\u00e9 ce 10 Mai 2019","breadcrumb":{"@id":"https:\/\/www.macapflag.com\/blog\/drapeau-martinique\/#breadcrumb"},"inLanguage":"fr-FR","potentialAction":[{"@type":"ReadAction","target":["https:\/\/www.macapflag.com\/blog\/drapeau-martinique\/"]}]},{"@type":"ImageObject","inLanguage":"fr-FR","@id":"https:\/\/www.macapflag.com\/blog\/drapeau-martinique\/#primaryimage","url":"https:\/\/www.macapflag.com\/blog\/wp-content\/uploads\/2018\/11\/le-saviez-vous-TITRE.gif","contentUrl":"https:\/\/www.macapflag.com\/blog\/wp-content\/uploads\/2018\/11\/le-saviez-vous-TITRE.gif","width":700,"height":534,"caption":"Infos pratiques et astuces sur l'impression et la communication"},{"@type":"BreadcrumbList","@id":"https:\/\/www.macapflag.com\/blog\/drapeau-martinique\/#breadcrumb","itemListElement":[{"@type":"ListItem","position":1,"name":"Accueil","item":"https:\/\/www.macapflag.com\/blog\/"},{"@type":"ListItem","position":2,"name":"La Martinique a son nouveau drapeau !"}]},{"@type":"WebSite","@id":"https:\/\/www.macapflag.com\/blog\/#website","url":"https:\/\/www.macapflag.com\/blog\/","name":"Blog - Macap","description":"Tous nos articles","publisher":{"@id":"https:\/\/www.macapflag.com\/blog\/#organization"},"potentialAction":[{"@type":"SearchAction","target":{"@type":"EntryPoint","urlTemplate":"https:\/\/www.macapflag.com\/blog\/?s={search_term_string}"},"query-input":{"@type":"PropertyValueSpecification","valueRequired":true,"valueName":"search_term_string"}}],"inLanguage":"fr-FR"},{"@type":"Organization","@id":"https:\/\/www.macapflag.com\/blog\/#organization","name":"macapflag","url":"https:\/\/www.macapflag.com\/blog\/","logo":{"@type":"ImageObject","inLanguage":"fr-FR","@id":"https:\/\/www.macapflag.com\/blog\/#\/schema\/logo\/image\/","url":"https:\/\/www.macapflag.com\/blog\/wp-content\/uploads\/2020\/12\/cropped-M-512-1.png","contentUrl":"https:\/\/www.macapflag.com\/blog\/wp-content\/uploads\/2020\/12\/cropped-M-512-1.png","width":512,"height":512,"caption":"macapflag"},"image":{"@id":"https:\/\/www.macapflag.com\/blog\/#\/schema\/logo\/image\/"},"sameAs":["https:\/\/www.facebook.com\/macap.pavoisement\/","https:\/\/www.instagram.com\/macapflag\/?hl=fr","https:\/\/www.linkedin.com\/company\/macap\/?originalSubdomain=fr","https:\/\/www.youtube.com\/channel\/UCXNzTIdZh9poEBjSXEqDtNw"]},{"@type":"Person","@id":"https:\/\/www.macapflag.com\/blog\/#\/schema\/person\/3fea701f2603875e651e6b662578fc3c","name":"Blog Macap","image":{"@type":"ImageObject","inLanguage":"fr-FR","@id":"https:\/\/www.macapflag.com\/blog\/#\/schema\/person\/image\/","url":"https:\/\/secure.gravatar.com\/avatar\/c12551f2dc51f0db049633b03e7856985477a70da834cc8967dea4ce54bdd6a2?s=96&d=mm&r=g","contentUrl":"https:\/\/secure.gravatar.com\/avatar\/c12551f2dc51f0db049633b03e7856985477a70da834cc8967dea4ce54bdd6a2?s=96&d=mm&r=g","caption":"Blog Macap"},"url":"https:\/\/www.macapflag.com\/blog\/author\/macap\/"}]}},"_links":{"self":[{"href":"https:\/\/www.macapflag.com\/blog\/wp-json\/wp\/v2\/posts\/3637","targetHints":{"allow":["GET"]}}],"collection":[{"href":"https:\/\/www.macapflag.com\/blog\/wp-json\/wp\/v2\/posts"}],"about":[{"href":"https:\/\/www.macapflag.com\/blog\/wp-json\/wp\/v2\/types\/post"}],"author":[{"embeddable":true,"href":"https:\/\/www.macapflag.com\/blog\/wp-json\/wp\/v2\/users\/2"}],"replies":[{"embeddable":true,"href":"https:\/\/www.macapflag.com\/blog\/wp-json\/wp\/v2\/comments?post=3637"}],"version-history":[{"count":16,"href":"https:\/\/www.macapflag.com\/blog\/wp-json\/wp\/v2\/posts\/3637\/revisions"}],"predecessor-version":[{"id":12298,"href":"https:\/\/www.macapflag.com\/blog\/wp-json\/wp\/v2\/posts\/3637\/revisions\/12298"}],"wp:featuredmedia":[{"embeddable":true,"href":"https:\/\/www.macapflag.com\/blog\/wp-json\/wp\/v2\/media\/3031"}],"wp:attachment":[{"href":"https:\/\/www.macapflag.com\/blog\/wp-json\/wp\/v2\/media?parent=3637"}],"wp:term":[{"taxonomy":"category","embeddable":true,"href":"https:\/\/www.macapflag.com\/blog\/wp-json\/wp\/v2\/categories?post=3637"},{"taxonomy":"post_tag","embeddable":true,"href":"https:\/\/www.macapflag.com\/blog\/wp-json\/wp\/v2\/tags?post=3637"}],"curies":[{"name":"wp","href":"https:\/\/api.w.org\/{rel}","templated":true}]}}