{"id":3657,"date":"2019-05-13T09:05:36","date_gmt":"2019-05-13T07:05:36","guid":{"rendered":"https:\/\/www.macapflag.com\/blog\/?p=3657"},"modified":"2019-11-25T11:20:58","modified_gmt":"2019-11-25T10:20:58","slug":"prasol-publicitaire-personnalise","status":"publish","type":"post","link":"https:\/\/www.macapflag.com\/blog\/prasol-publicitaire-personnalise\/","title":{"rendered":"Focus sur &#8230; Le parasol publicitaire !"},"content":{"rendered":"\t\t<div data-elementor-type=\"wp-post\" data-elementor-id=\"3657\" class=\"elementor elementor-3657 elementor-bc-flex-widget\">\n\t\t\t\t\t\t<section class=\"elementor-section elementor-top-section elementor-element elementor-element-94f8b80 elementor-section-boxed elementor-section-height-default elementor-section-height-default\" data-id=\"94f8b80\" data-element_type=\"section\">\n\t\t\t\t\t\t<div class=\"elementor-container elementor-column-gap-default\">\n\t\t\t\t\t<div class=\"elementor-column elementor-col-100 elementor-top-column elementor-element elementor-element-d481ddb\" data-id=\"d481ddb\" data-element_type=\"column\">\n\t\t\t<div class=\"elementor-widget-wrap elementor-element-populated\">\n\t\t\t\t\t\t<div class=\"elementor-element elementor-element-2a4e40d elementor-widget elementor-widget-text-editor\" data-id=\"2a4e40d\" data-element_type=\"widget\" data-widget_type=\"text-editor.default\">\n\t\t\t\t<div class=\"elementor-widget-container\">\n\t\t\t\t\t\t\t\t\t<p style=\"text-align: justify;\"><span style=\"font-size: 14pt; color: #000000;\">Il est des produits inutiles \u00e0 d\u00e9crire tant leur nom parle pour eux. <\/span>\n<span style=\"font-size: 14pt; color: #000000;\">Le parasol personnalis\u00e9 ou parasol publicitaire en fait partie. <\/span>\n<span style=\"font-size: 14pt; color: #000000;\">Lorsque l\u2019on prononce ce nom, l\u2019imaginaire de chacun fait son travail pour visualiser tout de suite ce produit sous le soleil d\u2019une plage m\u00e9diterran\u00e9enne ou aux terrasses des caf\u00e9s.<\/span>\n<span style=\"font-size: 14pt; color: #000000;\">Si ce support s\u2019est autant d\u00e9velopp\u00e9 c\u2019est parce que son efficacit\u00e9 en terme de visibilit\u00e9 et son utilit\u00e9 ont largement fait leurs preuves.<\/span><\/p>\t\t\t\t\t\t\t\t<\/div>\n\t\t\t\t<\/div>\n\t\t\t\t\t<\/div>\n\t\t<\/div>\n\t\t\t\t\t<\/div>\n\t\t<\/section>\n\t\t\t\t<section class=\"elementor-section elementor-top-section elementor-element elementor-element-0dce1be elementor-section-boxed elementor-section-height-default elementor-section-height-default\" data-id=\"0dce1be\" data-element_type=\"section\">\n\t\t\t\t\t\t<div class=\"elementor-container elementor-column-gap-default\">\n\t\t\t\t\t<div class=\"elementor-column elementor-col-100 elementor-top-column elementor-element elementor-element-de97e3b\" data-id=\"de97e3b\" data-element_type=\"column\">\n\t\t\t<div class=\"elementor-widget-wrap elementor-element-populated\">\n\t\t\t\t\t\t<div class=\"elementor-element elementor-element-1fbce99 elementor-widget elementor-widget-text-editor\" data-id=\"1fbce99\" data-element_type=\"widget\" data-widget_type=\"text-editor.default\">\n\t\t\t\t<div class=\"elementor-widget-container\">\n\t\t\t\t\t\t\t\t\t<h2 style=\"text-align: center;\"><strong>Un parasol publicitaire personnalis\u00e9 haut de gamme<\/strong><\/h2>\t\t\t\t\t\t\t\t<\/div>\n\t\t\t\t<\/div>\n\t\t\t\t\t<\/div>\n\t\t<\/div>\n\t\t\t\t\t<\/div>\n\t\t<\/section>\n\t\t\t\t<section class=\"elementor-section elementor-top-section elementor-element elementor-element-f0ef3cf elementor-section-boxed elementor-section-height-default elementor-section-height-default\" data-id=\"f0ef3cf\" data-element_type=\"section\">\n\t\t\t\t\t\t<div class=\"elementor-container elementor-column-gap-default\">\n\t\t\t\t\t<div class=\"elementor-column elementor-col-100 elementor-top-column elementor-element elementor-element-97efaf0\" data-id=\"97efaf0\" data-element_type=\"column\">\n\t\t\t<div class=\"elementor-widget-wrap elementor-element-populated\">\n\t\t\t\t\t\t<div class=\"elementor-element elementor-element-5b113c7 elementor-widget elementor-widget-image\" data-id=\"5b113c7\" data-element_type=\"widget\" data-widget_type=\"image.default\">\n\t\t\t\t<div class=\"elementor-widget-container\">\n\t\t\t\t\t\t\t\t\t\t\t\t\t\t\t<img fetchpriority=\"high\" decoding=\"async\" width=\"700\" height=\"534\" src=\"https:\/\/www.macapflag.com\/blog\/wp-content\/uploads\/2019\/05\/parasol-publicitaire-personnalis\u00e9-haut-de-gamme.gif\" class=\"attachment-large size-large wp-image-3662\" alt=\"Le parasol publicitaire, un support de communication haut de gamme, pratique et utile\" \/>\t\t\t\t\t\t\t\t\t\t\t\t\t\t\t<\/div>\n\t\t\t\t<\/div>\n\t\t\t\t\t<\/div>\n\t\t<\/div>\n\t\t\t\t\t<\/div>\n\t\t<\/section>\n\t\t\t\t<section class=\"elementor-section elementor-top-section elementor-element elementor-element-dd12793 elementor-section-boxed elementor-section-height-default elementor-section-height-default\" data-id=\"dd12793\" data-element_type=\"section\">\n\t\t\t\t\t\t<div class=\"elementor-container elementor-column-gap-default\">\n\t\t\t\t\t<div class=\"elementor-column elementor-col-100 elementor-top-column elementor-element elementor-element-54904b8\" data-id=\"54904b8\" data-element_type=\"column\">\n\t\t\t<div class=\"elementor-widget-wrap elementor-element-populated\">\n\t\t\t\t\t\t<div class=\"elementor-element elementor-element-b237b47 elementor-widget elementor-widget-text-editor\" data-id=\"b237b47\" data-element_type=\"widget\" data-widget_type=\"text-editor.default\">\n\t\t\t\t<div class=\"elementor-widget-container\">\n\t\t\t\t\t\t\t\t\t<p style=\"text-align: justify;\"><span style=\"color: #000000; font-size: 14pt;\">Il existe une grande vari\u00e9t\u00e9 de parasols publicitaires, du plus cheap au plus qualitatif et chez Macap, c\u2019est \u00e9videmment cette seconde version que nous vous proposons.<\/span><br \/><span style=\"color: #000000; font-size: 14pt;\">Le <a href=\"https:\/\/www.macapflag.com\/89-parasol-publicitaire\" target=\"_blank\" rel=\"noopener\"><strong><span style=\"color: #3366ff;\">parasol personnalis\u00e9<\/span><\/strong><\/a> est compos\u00e9 d\u2019une toile en maille polyester avec 8 faces personnalisables et d\u2019un m\u00e2t en acier inclinable. <\/span><br \/><span style=\"color: #000000; font-size: 14pt;\">L\u2019ensemble se fixe sur un pied.<\/span><br \/><span style=\"color: #000000; font-size: 14pt;\">Sur le pourtour octogonal de la toile, des retours d\u2019environ 15 cm de hauteur bord\u00e9s d\u2019ourlets en biais illustrent une finition de qualit\u00e9. <\/span><br \/><span style=\"color: #000000; font-size: 14pt;\">Le diam\u00e8tre total du parasol est de 180 cm.<\/span><br \/><span style=\"color: #000000; font-size: 14pt;\">La grande force de Macap reste son statut de fabricant. Il vous permet de commander un parasol \u00e0 l\u2019unit\u00e9 ou en grandes s\u00e9ries et nous vous garantissons de la r\u00e9activit\u00e9. Vos commandes sont fabriqu\u00e9es dans nos ateliers varois d\u00e8s leur r\u00e9ception.<\/span><\/p>\t\t\t\t\t\t\t\t<\/div>\n\t\t\t\t<\/div>\n\t\t\t\t\t<\/div>\n\t\t<\/div>\n\t\t\t\t\t<\/div>\n\t\t<\/section>\n\t\t\t\t<section class=\"elementor-section elementor-top-section elementor-element elementor-element-ccaafb7 elementor-section-boxed elementor-section-height-default elementor-section-height-default\" data-id=\"ccaafb7\" data-element_type=\"section\">\n\t\t\t\t\t\t<div class=\"elementor-container elementor-column-gap-default\">\n\t\t\t\t\t<div class=\"elementor-column elementor-col-100 elementor-top-column elementor-element elementor-element-5fb39a2\" data-id=\"5fb39a2\" data-element_type=\"column\">\n\t\t\t<div class=\"elementor-widget-wrap elementor-element-populated\">\n\t\t\t\t\t\t<div class=\"elementor-element elementor-element-c52ca8a elementor-widget elementor-widget-text-editor\" data-id=\"c52ca8a\" data-element_type=\"widget\" data-widget_type=\"text-editor.default\">\n\t\t\t\t<div class=\"elementor-widget-container\">\n\t\t\t\t\t\t\t\t\t<h2 style=\"text-align: center;\"><strong>Quel pied choisir pour son parasol ?<\/strong><\/h2>\t\t\t\t\t\t\t\t<\/div>\n\t\t\t\t<\/div>\n\t\t\t\t\t<\/div>\n\t\t<\/div>\n\t\t\t\t\t<\/div>\n\t\t<\/section>\n\t\t\t\t<section class=\"elementor-section elementor-top-section elementor-element elementor-element-2803077 elementor-section-boxed elementor-section-height-default elementor-section-height-default\" data-id=\"2803077\" data-element_type=\"section\">\n\t\t\t\t\t\t<div class=\"elementor-container elementor-column-gap-default\">\n\t\t\t\t\t<div class=\"elementor-column elementor-col-100 elementor-top-column elementor-element elementor-element-eb203b3\" data-id=\"eb203b3\" data-element_type=\"column\">\n\t\t\t<div class=\"elementor-widget-wrap elementor-element-populated\">\n\t\t\t\t\t\t<div class=\"elementor-element elementor-element-2c90bdd elementor-widget elementor-widget-image\" data-id=\"2c90bdd\" data-element_type=\"widget\" data-widget_type=\"image.default\">\n\t\t\t\t<div class=\"elementor-widget-container\">\n\t\t\t\t\t\t\t\t\t\t\t\t\t\t\t<img decoding=\"async\" width=\"700\" height=\"534\" src=\"https:\/\/www.macapflag.com\/blog\/wp-content\/uploads\/2019\/05\/parasol-publicitaire-choisir-un-pied.gif\" class=\"attachment-large size-large wp-image-3660\" alt=\"Bien choisir le pied de votre parasol publicitaire personnalis\u00e9 avec le pied plastique\" \/>\t\t\t\t\t\t\t\t\t\t\t\t\t\t\t<\/div>\n\t\t\t\t<\/div>\n\t\t\t\t\t<\/div>\n\t\t<\/div>\n\t\t\t\t\t<\/div>\n\t\t<\/section>\n\t\t\t\t<section class=\"elementor-section elementor-top-section elementor-element elementor-element-dc1df91 elementor-section-boxed elementor-section-height-default elementor-section-height-default\" data-id=\"dc1df91\" data-element_type=\"section\">\n\t\t\t\t\t\t<div class=\"elementor-container elementor-column-gap-default\">\n\t\t\t\t\t<div class=\"elementor-column elementor-col-100 elementor-top-column elementor-element elementor-element-e5960d2\" data-id=\"e5960d2\" data-element_type=\"column\">\n\t\t\t<div class=\"elementor-widget-wrap elementor-element-populated\">\n\t\t\t\t\t\t<div class=\"elementor-element elementor-element-b459071 elementor-widget elementor-widget-text-editor\" data-id=\"b459071\" data-element_type=\"widget\" data-widget_type=\"text-editor.default\">\n\t\t\t\t<div class=\"elementor-widget-container\">\n\t\t\t\t\t\t\t\t\t<p style=\"text-align: justify;\"><span style=\"font-size: 14pt; color: #000000;\">Si nous avons pris le parti de vous proposer un parasol sans pied \u201cattitr\u00e9\u201d c\u2019est pour vous laisser le choix de ce dernier. Selon le lieu d\u2019utilisation et la vocation de votre parasol, le <a href=\"https:\/\/www.macapflag.com\/114-pied\" target=\"_blank\" rel=\"noopener\"><strong><span style=\"color: #3366ff;\">choix du pied<\/span><\/strong><\/a> a son importance.<\/span><br \/><span style=\"font-size: 14pt; color: #000000;\">Nous vous deux tailles de pieds d\u00e9di\u00e9s au parasol :<\/span><br \/><span style=\"font-size: 14pt; color: #000000;\"><strong>. le pied plastique 16 L :<\/strong> Il p\u00e8se seulement 0.8 kg vide et il peut \u00eatre rempli d\u2019eau ou de sable jusqu\u2019\u00e0 16 litres. Il mesure 40 x 40 cm. Tr\u00e8s l\u00e9ger, facilement transportable vide, il est \u00e9galement tr\u00e8s \u00e9conomique. Il assure la stabilit\u00e9 du parasol sur tous les types de sols (sable, b\u00e9ton, terre etc\u2026)<\/span><br \/><span style=\"font-size: 14pt; color: #000000;\"><strong>. le pied plastique 40 L :<\/strong> Il p\u00e8se 2.4 kg vide et mesure 56 x 56 x 31 cm. Il peut \u00eatre rempli d\u2019eau ou de sable jusqu\u2019\u00e0 40 litres. Il assure une tr\u00e8s bonne stabilit\u00e9 du parasol et sera donc pr\u00e9f\u00e9r\u00e9 pour des conditions m\u00e9t\u00e9orologiques vent\u00e9es.<br \/><br \/><\/span><\/p>\t\t\t\t\t\t\t\t<\/div>\n\t\t\t\t<\/div>\n\t\t\t\t\t<\/div>\n\t\t<\/div>\n\t\t\t\t\t<\/div>\n\t\t<\/section>\n\t\t\t\t<section class=\"elementor-section elementor-top-section elementor-element elementor-element-56ef9c8 elementor-section-boxed elementor-section-height-default elementor-section-height-default\" data-id=\"56ef9c8\" data-element_type=\"section\">\n\t\t\t\t\t\t<div class=\"elementor-container elementor-column-gap-default\">\n\t\t\t\t\t<div class=\"elementor-column elementor-col-100 elementor-top-column elementor-element elementor-element-040a7c9\" data-id=\"040a7c9\" data-element_type=\"column\">\n\t\t\t<div class=\"elementor-widget-wrap elementor-element-populated\">\n\t\t\t\t\t\t<div class=\"elementor-element elementor-element-68f3f47 elementor-widget elementor-widget-text-editor\" data-id=\"68f3f47\" data-element_type=\"widget\" data-widget_type=\"text-editor.default\">\n\t\t\t\t<div class=\"elementor-widget-container\">\n\t\t\t\t\t\t\t\t\t<h2 style=\"text-align: center;\"><strong>Une personnalisation totale \u00e0 vos couleurs<\/strong> <\/h2>\t\t\t\t\t\t\t\t<\/div>\n\t\t\t\t<\/div>\n\t\t\t\t\t<\/div>\n\t\t<\/div>\n\t\t\t\t\t<\/div>\n\t\t<\/section>\n\t\t\t\t<section class=\"elementor-section elementor-top-section elementor-element elementor-element-542909c elementor-section-boxed elementor-section-height-default elementor-section-height-default\" data-id=\"542909c\" data-element_type=\"section\">\n\t\t\t\t\t\t<div class=\"elementor-container elementor-column-gap-default\">\n\t\t\t\t\t<div class=\"elementor-column elementor-col-100 elementor-top-column elementor-element elementor-element-d80e99c\" data-id=\"d80e99c\" data-element_type=\"column\">\n\t\t\t<div class=\"elementor-widget-wrap elementor-element-populated\">\n\t\t\t\t\t\t<div class=\"elementor-element elementor-element-71fbe5f elementor-widget elementor-widget-image\" data-id=\"71fbe5f\" data-element_type=\"widget\" data-widget_type=\"image.default\">\n\t\t\t\t<div class=\"elementor-widget-container\">\n\t\t\t\t\t\t\t\t\t\t\t\t\t\t\t<img decoding=\"async\" width=\"700\" height=\"534\" src=\"https:\/\/www.macapflag.com\/blog\/wp-content\/uploads\/2019\/05\/parasol-personnalis\u00e9-\u00e0-vos-couleurs.gif\" class=\"attachment-large size-large wp-image-3659\" alt=\"Le parasol publicitaire est personnalis\u00e9 \u00e0 vos couleurs sur ses 8 faces\" \/>\t\t\t\t\t\t\t\t\t\t\t\t\t\t\t<\/div>\n\t\t\t\t<\/div>\n\t\t\t\t\t<\/div>\n\t\t<\/div>\n\t\t\t\t\t<\/div>\n\t\t<\/section>\n\t\t\t\t<section class=\"elementor-section elementor-top-section elementor-element elementor-element-4a43d27 elementor-section-boxed elementor-section-height-default elementor-section-height-default\" data-id=\"4a43d27\" data-element_type=\"section\">\n\t\t\t\t\t\t<div class=\"elementor-container elementor-column-gap-default\">\n\t\t\t\t\t<div class=\"elementor-column elementor-col-100 elementor-top-column elementor-element elementor-element-751383b\" data-id=\"751383b\" data-element_type=\"column\">\n\t\t\t<div class=\"elementor-widget-wrap elementor-element-populated\">\n\t\t\t\t\t\t<div class=\"elementor-element elementor-element-55a73ad elementor-widget elementor-widget-text-editor\" data-id=\"55a73ad\" data-element_type=\"widget\" data-widget_type=\"text-editor.default\">\n\t\t\t\t<div class=\"elementor-widget-container\">\n\t\t\t\t\t\t\t\t\t<p style=\"text-align: justify;\"><span style=\"font-size: 14pt; color: #000000;\">Vous d\u00e9cidez de la personnalisation de votre choix, vous nous adressez le fichier et nous l\u2019imprimons. <\/span>\n<span style=\"font-size: 14pt; color: #000000;\">Nous avons fait le choix d\u2019\u00e9quiper nos ateliers d\u2019imprimantes textile num\u00e9riques grand format qui permettent une personnalisation en tr\u00e8s haute d\u00e9finition. Une fois imprim\u00e9, le textile passe ensuite dans une calandre qui, par un proc\u00e9d\u00e9 de mont\u00e9e en temp\u00e9rature, permet de fixer les couleurs et d\u2019assurer leur tenue dans le temps.<\/span>\n<span style=\"font-size: 14pt; color: #000000;\">Ce process de fabrication permet de vous proposer des parasols de grande qualit\u00e9 aux couleurs lumineuses.<\/span><\/p>\t\t\t\t\t\t\t\t<\/div>\n\t\t\t\t<\/div>\n\t\t\t\t\t<\/div>\n\t\t<\/div>\n\t\t\t\t\t<\/div>\n\t\t<\/section>\n\t\t\t\t<section class=\"elementor-section elementor-top-section elementor-element elementor-element-68c3047 elementor-section-boxed elementor-section-height-default elementor-section-height-default\" data-id=\"68c3047\" data-element_type=\"section\">\n\t\t\t\t\t\t<div class=\"elementor-container elementor-column-gap-default\">\n\t\t\t\t\t<div class=\"elementor-column elementor-col-100 elementor-top-column elementor-element elementor-element-932f986\" data-id=\"932f986\" data-element_type=\"column\">\n\t\t\t<div class=\"elementor-widget-wrap elementor-element-populated\">\n\t\t\t\t\t\t<div class=\"elementor-element elementor-element-e134b63 elementor-widget elementor-widget-text-editor\" data-id=\"e134b63\" data-element_type=\"widget\" data-widget_type=\"text-editor.default\">\n\t\t\t\t<div class=\"elementor-widget-container\">\n\t\t\t\t\t\t\t\t\t<h2 style=\"text-align: center;\"><b>Un produit made in France<\/b><\/h2>\t\t\t\t\t\t\t\t<\/div>\n\t\t\t\t<\/div>\n\t\t\t\t\t<\/div>\n\t\t<\/div>\n\t\t\t\t\t<\/div>\n\t\t<\/section>\n\t\t\t\t<section class=\"elementor-section elementor-top-section elementor-element elementor-element-dac651e elementor-section-boxed elementor-section-height-default elementor-section-height-default\" data-id=\"dac651e\" data-element_type=\"section\">\n\t\t\t\t\t\t<div class=\"elementor-container elementor-column-gap-default\">\n\t\t\t\t\t<div class=\"elementor-column elementor-col-100 elementor-top-column elementor-element elementor-element-caec408\" data-id=\"caec408\" data-element_type=\"column\">\n\t\t\t<div class=\"elementor-widget-wrap elementor-element-populated\">\n\t\t\t\t\t\t<div class=\"elementor-element elementor-element-1a9f861 elementor-widget elementor-widget-text-editor\" data-id=\"1a9f861\" data-element_type=\"widget\" data-widget_type=\"text-editor.default\">\n\t\t\t\t<div class=\"elementor-widget-container\">\n\t\t\t\t\t\t\t\t\t<p style=\"text-align: justify;\"><span style=\"font-size: 14pt; color: #000000;\">Depuis plus de 50 ans, <a href=\"https:\/\/www.macapflag.com\/\" target=\"_blank\" rel=\"noopener\"><strong><span style=\"color: #3366ff;\">Macap<\/span><\/strong><\/a> fabrique des drapeaux et des supports de communication personnalis\u00e9s (beach flag, kak\u00e9mono, roll up, nappe).<\/span><br \/><span style=\"font-size: 14pt; color: #000000;\">L\u2019entreprise est situ\u00e9e \u00e0 Cuers dans le Var. C\u2019est sur un m\u00eame site que travaillent nos \u00e9quipes de production, commerciales et administratives. Cette organisation nous permet d\u2019avoir une grande flexibilit\u00e9 et de pouvoir \u00eatre tr\u00e8s r\u00e9actifs face aux demandes de nos clients.<\/span><br \/><span style=\"font-size: 14pt; color: #000000;\">N\u2019h\u00e9sitez pas \u00e0 contacter nos \u00e9quipes commerciales pour toutes vos demandes ou pour une \u00e9tude personnalis\u00e9e de vos besoins. Une \u00e9quipe de 8 personnes est \u00e0 votre disposition pour vous conseiller dans vos choix au 04 94 48 50 57 ou via le formulaire de notre site internet.<\/span><\/p>\t\t\t\t\t\t\t\t<\/div>\n\t\t\t\t<\/div>\n\t\t\t\t\t<\/div>\n\t\t<\/div>\n\t\t\t\t\t<\/div>\n\t\t<\/section>\n\t\t\t\t<section class=\"elementor-section elementor-top-section elementor-element elementor-element-21b109e elementor-section-boxed elementor-section-height-default elementor-section-height-default\" data-id=\"21b109e\" data-element_type=\"section\">\n\t\t\t\t\t\t<div class=\"elementor-container elementor-column-gap-default\">\n\t\t\t\t\t<div class=\"elementor-column elementor-col-100 elementor-top-column elementor-element elementor-element-7ea4644\" data-id=\"7ea4644\" data-element_type=\"column\">\n\t\t\t<div class=\"elementor-widget-wrap elementor-element-populated\">\n\t\t\t\t\t\t<div class=\"elementor-element elementor-element-b526c9d elementor-widget elementor-widget-text-editor\" data-id=\"b526c9d\" data-element_type=\"widget\" data-widget_type=\"text-editor.default\">\n\t\t\t\t<div class=\"elementor-widget-container\">\n\t\t\t\t\t\t\t\t\t<p><img loading=\"lazy\" decoding=\"async\" class=\"size-full wp-image-2886 aligncenter\" src=\"https:\/\/www.macapflag.com\/blog\/wp-content\/uploads\/2018\/10\/picto-produitssolutions235x135.gif\" alt=\"Produits et solutions propos\u00e9s par Macap : drapeaux, banderoles ou Beachflags\" width=\"235\" height=\"135\" \/><\/p><p style=\"text-align: center;\"><span style=\"font-size: 14pt;\"><span style=\"color: #000000;\"><strong><span style=\"font-family: 'Futura Bk BT';\">Macap<\/span><\/strong><\/span> <span style=\"color: #808080;\"><strong><span style=\"font-family: 'Futura Bk BT';\">&#8211; Lundi 13 Mai 2019<\/span><\/strong><\/span><\/span><\/p><p style=\"text-align: center;\">\u00a0<\/p>\t\t\t\t\t\t\t\t<\/div>\n\t\t\t\t<\/div>\n\t\t\t\t\t<\/div>\n\t\t<\/div>\n\t\t\t\t\t<\/div>\n\t\t<\/section>\n\t\t\t\t<\/div>\n\t\t","protected":false},"excerpt":{"rendered":"<div class=\"tmnf_excerpt\"><p>Il est des produits inutiles \u00e0 d\u00e9crire tant leur nom parle pour eux. Le parasol personnalis\u00e9 ou parasol publicitaire en fait partie. Lorsque l\u2019on prononce ce nom, l\u2019imaginaire de chacun fait son travail pour visualiser tout de suite ce produit sous le soleil d\u2019une plage m\u00e9diterran\u00e9enne ou aux terrasses des caf\u00e9s. Si ce support s\u2019est &hellip;<\/p>\n<\/div>","protected":false},"author":2,"featured_media":3661,"comment_status":"closed","ping_status":"open","sticky":false,"template":"template-fullwidth.php","format":"standard","meta":{"footnotes":""},"categories":[90],"tags":[],"class_list":["post-3657","post","type-post","status-publish","format-standard","has-post-thumbnail","hentry","category-produits-et-sols"],"yoast_head":"<!-- This site is optimized with the Yoast SEO plugin v26.4 - https:\/\/yoast.com\/wordpress\/plugins\/seo\/ -->\n<title>Le parasol publicitaire personnalis\u00e9, un support de communication utile<\/title>\n<meta name=\"description\" content=\"Le parasol publicitaire personnalis\u00e9, v\u00e9ritable outil de promotion,\u00e0 la fois utile efficace. Un produit made in France robuste et de qualit\u00e9\" \/>\n<meta name=\"robots\" content=\"index, follow, max-snippet:-1, max-image-preview:large, max-video-preview:-1\" \/>\n<link rel=\"canonical\" href=\"https:\/\/www.macapflag.com\/blog\/prasol-publicitaire-personnalise\/\" \/>\n<meta property=\"og:locale\" content=\"fr_FR\" \/>\n<meta property=\"og:type\" content=\"article\" \/>\n<meta property=\"og:title\" content=\"Le parasol publicitaire personnalis\u00e9, un support de communication utile\" \/>\n<meta property=\"og:description\" content=\"Le parasol publicitaire personnalis\u00e9, v\u00e9ritable outil de promotion,\u00e0 la fois utile efficace. Un produit made in France robuste et de qualit\u00e9\" \/>\n<meta property=\"og:url\" content=\"https:\/\/www.macapflag.com\/blog\/prasol-publicitaire-personnalise\/\" \/>\n<meta property=\"og:site_name\" content=\"Blog - Macap\" \/>\n<meta property=\"article:publisher\" content=\"https:\/\/www.facebook.com\/macap.pavoisement\/\" \/>\n<meta property=\"article:published_time\" content=\"2019-05-13T07:05:36+00:00\" \/>\n<meta property=\"article:modified_time\" content=\"2019-11-25T10:20:58+00:00\" \/>\n<meta property=\"og:image\" content=\"https:\/\/www.macapflag.com\/blog\/wp-content\/uploads\/2019\/05\/parasol-publicitaire-personnalise.gif\" \/>\n\t<meta property=\"og:image:width\" content=\"700\" \/>\n\t<meta property=\"og:image:height\" content=\"534\" \/>\n\t<meta property=\"og:image:type\" content=\"image\/gif\" \/>\n<meta name=\"author\" content=\"Blog Macap\" \/>\n<meta name=\"twitter:card\" content=\"summary_large_image\" \/>\n<meta name=\"twitter:label1\" content=\"\u00c9crit par\" \/>\n\t<meta name=\"twitter:data1\" content=\"Blog Macap\" \/>\n\t<meta name=\"twitter:label2\" content=\"Dur\u00e9e de lecture estim\u00e9e\" \/>\n\t<meta name=\"twitter:data2\" content=\"3 minutes\" \/>\n<script type=\"application\/ld+json\" class=\"yoast-schema-graph\">{\"@context\":\"https:\/\/schema.org\",\"@graph\":[{\"@type\":\"Article\",\"@id\":\"https:\/\/www.macapflag.com\/blog\/prasol-publicitaire-personnalise\/#article\",\"isPartOf\":{\"@id\":\"https:\/\/www.macapflag.com\/blog\/prasol-publicitaire-personnalise\/\"},\"author\":{\"name\":\"Blog Macap\",\"@id\":\"https:\/\/www.macapflag.com\/blog\/#\/schema\/person\/3fea701f2603875e651e6b662578fc3c\"},\"headline\":\"Focus sur &#8230; Le parasol publicitaire !\",\"datePublished\":\"2019-05-13T07:05:36+00:00\",\"dateModified\":\"2019-11-25T10:20:58+00:00\",\"mainEntityOfPage\":{\"@id\":\"https:\/\/www.macapflag.com\/blog\/prasol-publicitaire-personnalise\/\"},\"wordCount\":616,\"publisher\":{\"@id\":\"https:\/\/www.macapflag.com\/blog\/#organization\"},\"image\":{\"@id\":\"https:\/\/www.macapflag.com\/blog\/prasol-publicitaire-personnalise\/#primaryimage\"},\"thumbnailUrl\":\"https:\/\/www.macapflag.com\/blog\/wp-content\/uploads\/2019\/05\/parasol-publicitaire-personnalise.gif\",\"articleSection\":[\"Produits &amp; Solutions\"],\"inLanguage\":\"fr-FR\"},{\"@type\":\"WebPage\",\"@id\":\"https:\/\/www.macapflag.com\/blog\/prasol-publicitaire-personnalise\/\",\"url\":\"https:\/\/www.macapflag.com\/blog\/prasol-publicitaire-personnalise\/\",\"name\":\"Le parasol publicitaire personnalis\u00e9, un support de communication utile\",\"isPartOf\":{\"@id\":\"https:\/\/www.macapflag.com\/blog\/#website\"},\"primaryImageOfPage\":{\"@id\":\"https:\/\/www.macapflag.com\/blog\/prasol-publicitaire-personnalise\/#primaryimage\"},\"image\":{\"@id\":\"https:\/\/www.macapflag.com\/blog\/prasol-publicitaire-personnalise\/#primaryimage\"},\"thumbnailUrl\":\"https:\/\/www.macapflag.com\/blog\/wp-content\/uploads\/2019\/05\/parasol-publicitaire-personnalise.gif\",\"datePublished\":\"2019-05-13T07:05:36+00:00\",\"dateModified\":\"2019-11-25T10:20:58+00:00\",\"description\":\"Le parasol publicitaire personnalis\u00e9, v\u00e9ritable outil de promotion,\u00e0 la fois utile efficace. Un produit made in France robuste et de qualit\u00e9\",\"breadcrumb\":{\"@id\":\"https:\/\/www.macapflag.com\/blog\/prasol-publicitaire-personnalise\/#breadcrumb\"},\"inLanguage\":\"fr-FR\",\"potentialAction\":[{\"@type\":\"ReadAction\",\"target\":[\"https:\/\/www.macapflag.com\/blog\/prasol-publicitaire-personnalise\/\"]}]},{\"@type\":\"ImageObject\",\"inLanguage\":\"fr-FR\",\"@id\":\"https:\/\/www.macapflag.com\/blog\/prasol-publicitaire-personnalise\/#primaryimage\",\"url\":\"https:\/\/www.macapflag.com\/blog\/wp-content\/uploads\/2019\/05\/parasol-publicitaire-personnalise.gif\",\"contentUrl\":\"https:\/\/www.macapflag.com\/blog\/wp-content\/uploads\/2019\/05\/parasol-publicitaire-personnalise.gif\",\"width\":700,\"height\":534,\"caption\":\"Le parasol publicitaire personnalis\u00e9 \u00e0 vos couleurs, utile et pratique !\"},{\"@type\":\"BreadcrumbList\",\"@id\":\"https:\/\/www.macapflag.com\/blog\/prasol-publicitaire-personnalise\/#breadcrumb\",\"itemListElement\":[{\"@type\":\"ListItem\",\"position\":1,\"name\":\"Accueil\",\"item\":\"https:\/\/www.macapflag.com\/blog\/\"},{\"@type\":\"ListItem\",\"position\":2,\"name\":\"Focus sur &#8230; Le parasol publicitaire !\"}]},{\"@type\":\"WebSite\",\"@id\":\"https:\/\/www.macapflag.com\/blog\/#website\",\"url\":\"https:\/\/www.macapflag.com\/blog\/\",\"name\":\"Blog - Macap\",\"description\":\"Tous nos articles\",\"publisher\":{\"@id\":\"https:\/\/www.macapflag.com\/blog\/#organization\"},\"potentialAction\":[{\"@type\":\"SearchAction\",\"target\":{\"@type\":\"EntryPoint\",\"urlTemplate\":\"https:\/\/www.macapflag.com\/blog\/?s={search_term_string}\"},\"query-input\":{\"@type\":\"PropertyValueSpecification\",\"valueRequired\":true,\"valueName\":\"search_term_string\"}}],\"inLanguage\":\"fr-FR\"},{\"@type\":\"Organization\",\"@id\":\"https:\/\/www.macapflag.com\/blog\/#organization\",\"name\":\"macapflag\",\"url\":\"https:\/\/www.macapflag.com\/blog\/\",\"logo\":{\"@type\":\"ImageObject\",\"inLanguage\":\"fr-FR\",\"@id\":\"https:\/\/www.macapflag.com\/blog\/#\/schema\/logo\/image\/\",\"url\":\"https:\/\/www.macapflag.com\/blog\/wp-content\/uploads\/2020\/12\/cropped-M-512-1.png\",\"contentUrl\":\"https:\/\/www.macapflag.com\/blog\/wp-content\/uploads\/2020\/12\/cropped-M-512-1.png\",\"width\":512,\"height\":512,\"caption\":\"macapflag\"},\"image\":{\"@id\":\"https:\/\/www.macapflag.com\/blog\/#\/schema\/logo\/image\/\"},\"sameAs\":[\"https:\/\/www.facebook.com\/macap.pavoisement\/\",\"https:\/\/www.instagram.com\/macapflag\/?hl=fr\",\"https:\/\/www.linkedin.com\/company\/macap\/?originalSubdomain=fr\",\"https:\/\/www.youtube.com\/channel\/UCXNzTIdZh9poEBjSXEqDtNw\"]},{\"@type\":\"Person\",\"@id\":\"https:\/\/www.macapflag.com\/blog\/#\/schema\/person\/3fea701f2603875e651e6b662578fc3c\",\"name\":\"Blog Macap\",\"image\":{\"@type\":\"ImageObject\",\"inLanguage\":\"fr-FR\",\"@id\":\"https:\/\/www.macapflag.com\/blog\/#\/schema\/person\/image\/\",\"url\":\"https:\/\/secure.gravatar.com\/avatar\/c12551f2dc51f0db049633b03e7856985477a70da834cc8967dea4ce54bdd6a2?s=96&d=mm&r=g\",\"contentUrl\":\"https:\/\/secure.gravatar.com\/avatar\/c12551f2dc51f0db049633b03e7856985477a70da834cc8967dea4ce54bdd6a2?s=96&d=mm&r=g\",\"caption\":\"Blog Macap\"},\"url\":\"https:\/\/www.macapflag.com\/blog\/author\/macap\/\"}]}<\/script>\n<!-- \/ Yoast SEO plugin. -->","yoast_head_json":{"title":"Le parasol publicitaire personnalis\u00e9, un support de communication utile","description":"Le parasol publicitaire personnalis\u00e9, v\u00e9ritable outil de promotion,\u00e0 la fois utile efficace. Un produit made in France robuste et de qualit\u00e9","robots":{"index":"index","follow":"follow","max-snippet":"max-snippet:-1","max-image-preview":"max-image-preview:large","max-video-preview":"max-video-preview:-1"},"canonical":"https:\/\/www.macapflag.com\/blog\/prasol-publicitaire-personnalise\/","og_locale":"fr_FR","og_type":"article","og_title":"Le parasol publicitaire personnalis\u00e9, un support de communication utile","og_description":"Le parasol publicitaire personnalis\u00e9, v\u00e9ritable outil de promotion,\u00e0 la fois utile efficace. Un produit made in France robuste et de qualit\u00e9","og_url":"https:\/\/www.macapflag.com\/blog\/prasol-publicitaire-personnalise\/","og_site_name":"Blog - Macap","article_publisher":"https:\/\/www.facebook.com\/macap.pavoisement\/","article_published_time":"2019-05-13T07:05:36+00:00","article_modified_time":"2019-11-25T10:20:58+00:00","og_image":[{"width":700,"height":534,"url":"https:\/\/www.macapflag.com\/blog\/wp-content\/uploads\/2019\/05\/parasol-publicitaire-personnalise.gif","type":"image\/gif"}],"author":"Blog Macap","twitter_card":"summary_large_image","twitter_misc":{"\u00c9crit par":"Blog Macap","Dur\u00e9e de lecture estim\u00e9e":"3 minutes"},"schema":{"@context":"https:\/\/schema.org","@graph":[{"@type":"Article","@id":"https:\/\/www.macapflag.com\/blog\/prasol-publicitaire-personnalise\/#article","isPartOf":{"@id":"https:\/\/www.macapflag.com\/blog\/prasol-publicitaire-personnalise\/"},"author":{"name":"Blog Macap","@id":"https:\/\/www.macapflag.com\/blog\/#\/schema\/person\/3fea701f2603875e651e6b662578fc3c"},"headline":"Focus sur &#8230; Le parasol publicitaire !","datePublished":"2019-05-13T07:05:36+00:00","dateModified":"2019-11-25T10:20:58+00:00","mainEntityOfPage":{"@id":"https:\/\/www.macapflag.com\/blog\/prasol-publicitaire-personnalise\/"},"wordCount":616,"publisher":{"@id":"https:\/\/www.macapflag.com\/blog\/#organization"},"image":{"@id":"https:\/\/www.macapflag.com\/blog\/prasol-publicitaire-personnalise\/#primaryimage"},"thumbnailUrl":"https:\/\/www.macapflag.com\/blog\/wp-content\/uploads\/2019\/05\/parasol-publicitaire-personnalise.gif","articleSection":["Produits &amp; Solutions"],"inLanguage":"fr-FR"},{"@type":"WebPage","@id":"https:\/\/www.macapflag.com\/blog\/prasol-publicitaire-personnalise\/","url":"https:\/\/www.macapflag.com\/blog\/prasol-publicitaire-personnalise\/","name":"Le parasol publicitaire personnalis\u00e9, un support de communication utile","isPartOf":{"@id":"https:\/\/www.macapflag.com\/blog\/#website"},"primaryImageOfPage":{"@id":"https:\/\/www.macapflag.com\/blog\/prasol-publicitaire-personnalise\/#primaryimage"},"image":{"@id":"https:\/\/www.macapflag.com\/blog\/prasol-publicitaire-personnalise\/#primaryimage"},"thumbnailUrl":"https:\/\/www.macapflag.com\/blog\/wp-content\/uploads\/2019\/05\/parasol-publicitaire-personnalise.gif","datePublished":"2019-05-13T07:05:36+00:00","dateModified":"2019-11-25T10:20:58+00:00","description":"Le parasol publicitaire personnalis\u00e9, v\u00e9ritable outil de promotion,\u00e0 la fois utile efficace. Un produit made in France robuste et de qualit\u00e9","breadcrumb":{"@id":"https:\/\/www.macapflag.com\/blog\/prasol-publicitaire-personnalise\/#breadcrumb"},"inLanguage":"fr-FR","potentialAction":[{"@type":"ReadAction","target":["https:\/\/www.macapflag.com\/blog\/prasol-publicitaire-personnalise\/"]}]},{"@type":"ImageObject","inLanguage":"fr-FR","@id":"https:\/\/www.macapflag.com\/blog\/prasol-publicitaire-personnalise\/#primaryimage","url":"https:\/\/www.macapflag.com\/blog\/wp-content\/uploads\/2019\/05\/parasol-publicitaire-personnalise.gif","contentUrl":"https:\/\/www.macapflag.com\/blog\/wp-content\/uploads\/2019\/05\/parasol-publicitaire-personnalise.gif","width":700,"height":534,"caption":"Le parasol publicitaire personnalis\u00e9 \u00e0 vos couleurs, utile et pratique !"},{"@type":"BreadcrumbList","@id":"https:\/\/www.macapflag.com\/blog\/prasol-publicitaire-personnalise\/#breadcrumb","itemListElement":[{"@type":"ListItem","position":1,"name":"Accueil","item":"https:\/\/www.macapflag.com\/blog\/"},{"@type":"ListItem","position":2,"name":"Focus sur &#8230; Le parasol publicitaire !"}]},{"@type":"WebSite","@id":"https:\/\/www.macapflag.com\/blog\/#website","url":"https:\/\/www.macapflag.com\/blog\/","name":"Blog - Macap","description":"Tous nos articles","publisher":{"@id":"https:\/\/www.macapflag.com\/blog\/#organization"},"potentialAction":[{"@type":"SearchAction","target":{"@type":"EntryPoint","urlTemplate":"https:\/\/www.macapflag.com\/blog\/?s={search_term_string}"},"query-input":{"@type":"PropertyValueSpecification","valueRequired":true,"valueName":"search_term_string"}}],"inLanguage":"fr-FR"},{"@type":"Organization","@id":"https:\/\/www.macapflag.com\/blog\/#organization","name":"macapflag","url":"https:\/\/www.macapflag.com\/blog\/","logo":{"@type":"ImageObject","inLanguage":"fr-FR","@id":"https:\/\/www.macapflag.com\/blog\/#\/schema\/logo\/image\/","url":"https:\/\/www.macapflag.com\/blog\/wp-content\/uploads\/2020\/12\/cropped-M-512-1.png","contentUrl":"https:\/\/www.macapflag.com\/blog\/wp-content\/uploads\/2020\/12\/cropped-M-512-1.png","width":512,"height":512,"caption":"macapflag"},"image":{"@id":"https:\/\/www.macapflag.com\/blog\/#\/schema\/logo\/image\/"},"sameAs":["https:\/\/www.facebook.com\/macap.pavoisement\/","https:\/\/www.instagram.com\/macapflag\/?hl=fr","https:\/\/www.linkedin.com\/company\/macap\/?originalSubdomain=fr","https:\/\/www.youtube.com\/channel\/UCXNzTIdZh9poEBjSXEqDtNw"]},{"@type":"Person","@id":"https:\/\/www.macapflag.com\/blog\/#\/schema\/person\/3fea701f2603875e651e6b662578fc3c","name":"Blog Macap","image":{"@type":"ImageObject","inLanguage":"fr-FR","@id":"https:\/\/www.macapflag.com\/blog\/#\/schema\/person\/image\/","url":"https:\/\/secure.gravatar.com\/avatar\/c12551f2dc51f0db049633b03e7856985477a70da834cc8967dea4ce54bdd6a2?s=96&d=mm&r=g","contentUrl":"https:\/\/secure.gravatar.com\/avatar\/c12551f2dc51f0db049633b03e7856985477a70da834cc8967dea4ce54bdd6a2?s=96&d=mm&r=g","caption":"Blog Macap"},"url":"https:\/\/www.macapflag.com\/blog\/author\/macap\/"}]}},"_links":{"self":[{"href":"https:\/\/www.macapflag.com\/blog\/wp-json\/wp\/v2\/posts\/3657","targetHints":{"allow":["GET"]}}],"collection":[{"href":"https:\/\/www.macapflag.com\/blog\/wp-json\/wp\/v2\/posts"}],"about":[{"href":"https:\/\/www.macapflag.com\/blog\/wp-json\/wp\/v2\/types\/post"}],"author":[{"embeddable":true,"href":"https:\/\/www.macapflag.com\/blog\/wp-json\/wp\/v2\/users\/2"}],"replies":[{"embeddable":true,"href":"https:\/\/www.macapflag.com\/blog\/wp-json\/wp\/v2\/comments?post=3657"}],"version-history":[{"count":10,"href":"https:\/\/www.macapflag.com\/blog\/wp-json\/wp\/v2\/posts\/3657\/revisions"}],"predecessor-version":[{"id":4328,"href":"https:\/\/www.macapflag.com\/blog\/wp-json\/wp\/v2\/posts\/3657\/revisions\/4328"}],"wp:featuredmedia":[{"embeddable":true,"href":"https:\/\/www.macapflag.com\/blog\/wp-json\/wp\/v2\/media\/3661"}],"wp:attachment":[{"href":"https:\/\/www.macapflag.com\/blog\/wp-json\/wp\/v2\/media?parent=3657"}],"wp:term":[{"taxonomy":"category","embeddable":true,"href":"https:\/\/www.macapflag.com\/blog\/wp-json\/wp\/v2\/categories?post=3657"},{"taxonomy":"post_tag","embeddable":true,"href":"https:\/\/www.macapflag.com\/blog\/wp-json\/wp\/v2\/tags?post=3657"}],"curies":[{"name":"wp","href":"https:\/\/api.w.org\/{rel}","templated":true}]}}