{"id":3732,"date":"2019-05-27T15:45:50","date_gmt":"2019-05-27T13:45:50","guid":{"rendered":"https:\/\/www.macapflag.com\/blog\/?p=3732"},"modified":"2019-11-25T11:18:17","modified_gmt":"2019-11-25T10:18:17","slug":"plv-concession-auto-moto","status":"publish","type":"post","link":"https:\/\/www.macapflag.com\/blog\/plv-concession-auto-moto\/","title":{"rendered":"La PLV id\u00e9ale pour une concession Auto-Moto"},"content":{"rendered":"\t\t<div data-elementor-type=\"wp-post\" data-elementor-id=\"3732\" class=\"elementor elementor-3732 elementor-bc-flex-widget\">\n\t\t\t\t\t\t<section class=\"elementor-section elementor-top-section elementor-element elementor-element-94f8b80 elementor-section-boxed elementor-section-height-default elementor-section-height-default\" data-id=\"94f8b80\" data-element_type=\"section\">\n\t\t\t\t\t\t<div class=\"elementor-container elementor-column-gap-default\">\n\t\t\t\t\t<div class=\"elementor-column elementor-col-100 elementor-top-column elementor-element elementor-element-d481ddb\" data-id=\"d481ddb\" data-element_type=\"column\">\n\t\t\t<div class=\"elementor-widget-wrap elementor-element-populated\">\n\t\t\t\t\t\t<div class=\"elementor-element elementor-element-2a4e40d elementor-widget elementor-widget-text-editor\" data-id=\"2a4e40d\" data-element_type=\"widget\" data-widget_type=\"text-editor.default\">\n\t\t\t\t<div class=\"elementor-widget-container\">\n\t\t\t\t\t\t\t\t\t<p style=\"text-align: justify;\"><span style=\"font-size: 14pt; color: #000000;\">Il est des secteurs d\u2019activit\u00e9s qui ont des besoins particuliers en terme de PLV et supports de communication. C\u2019est le cas du secteur de l\u2019auto-moto et de ses concessionnaires qui doivent am\u00e9nager de grand espaces pour accueillir et mettre en valeur les v\u00e9hicules d\u2019exposition.<br \/><\/span><span style=\"font-size: 14pt; color: #000000;\">Chez Macap, nous entretenons des relations commerciales durables avec bon nombre de concessionnaires automobiles qui nous font confiance pour l\u2019agencement de leurs lieux d\u2019accueil et leur plv automobile, aussi bien en int\u00e9rieur qu\u2019\u00e0 l\u2019ext\u00e9rieur.<\/span><\/p>\t\t\t\t\t\t\t\t<\/div>\n\t\t\t\t<\/div>\n\t\t\t\t\t<\/div>\n\t\t<\/div>\n\t\t\t\t\t<\/div>\n\t\t<\/section>\n\t\t\t\t<section class=\"elementor-section elementor-top-section elementor-element elementor-element-0dce1be elementor-section-boxed elementor-section-height-default elementor-section-height-default\" data-id=\"0dce1be\" data-element_type=\"section\">\n\t\t\t\t\t\t<div class=\"elementor-container elementor-column-gap-default\">\n\t\t\t\t\t<div class=\"elementor-column elementor-col-100 elementor-top-column elementor-element elementor-element-de97e3b\" data-id=\"de97e3b\" data-element_type=\"column\">\n\t\t\t<div class=\"elementor-widget-wrap elementor-element-populated\">\n\t\t\t\t\t\t<div class=\"elementor-element elementor-element-1fbce99 elementor-widget elementor-widget-text-editor\" data-id=\"1fbce99\" data-element_type=\"widget\" data-widget_type=\"text-editor.default\">\n\t\t\t\t<div class=\"elementor-widget-container\">\n\t\t\t\t\t\t\t\t\t<h2 style=\"text-align: center;\"><strong>Pour l&#8217;am\u00e9nagement int\u00e9rieur de la concession<\/strong><\/h2>\t\t\t\t\t\t\t\t<\/div>\n\t\t\t\t<\/div>\n\t\t\t\t\t<\/div>\n\t\t<\/div>\n\t\t\t\t\t<\/div>\n\t\t<\/section>\n\t\t\t\t<section class=\"elementor-section elementor-top-section elementor-element elementor-element-f0ef3cf elementor-section-boxed elementor-section-height-default elementor-section-height-default\" data-id=\"f0ef3cf\" data-element_type=\"section\">\n\t\t\t\t\t\t<div class=\"elementor-container elementor-column-gap-default\">\n\t\t\t\t\t<div class=\"elementor-column elementor-col-100 elementor-top-column elementor-element elementor-element-97efaf0\" data-id=\"97efaf0\" data-element_type=\"column\">\n\t\t\t<div class=\"elementor-widget-wrap elementor-element-populated\">\n\t\t\t\t\t\t<div class=\"elementor-element elementor-element-5b113c7 elementor-widget elementor-widget-image\" data-id=\"5b113c7\" data-element_type=\"widget\" data-widget_type=\"image.default\">\n\t\t\t\t<div class=\"elementor-widget-container\">\n\t\t\t\t\t\t\t\t\t\t\t\t\t\t\t<img fetchpriority=\"high\" decoding=\"async\" width=\"700\" height=\"534\" src=\"https:\/\/www.macapflag.com\/blog\/wp-content\/uploads\/2019\/05\/plv-amenagement-interieur-concession.gif\" class=\"attachment-large size-large wp-image-3737\" alt=\"La PLV id\u00e9ale pour am\u00e9nager l&#039;int\u00e9rieur d&#039;une concession automobile\" \/>\t\t\t\t\t\t\t\t\t\t\t\t\t\t\t<\/div>\n\t\t\t\t<\/div>\n\t\t\t\t\t<\/div>\n\t\t<\/div>\n\t\t\t\t\t<\/div>\n\t\t<\/section>\n\t\t\t\t<section class=\"elementor-section elementor-top-section elementor-element elementor-element-dd12793 elementor-section-boxed elementor-section-height-default elementor-section-height-default\" data-id=\"dd12793\" data-element_type=\"section\">\n\t\t\t\t\t\t<div class=\"elementor-container elementor-column-gap-default\">\n\t\t\t\t\t<div class=\"elementor-column elementor-col-100 elementor-top-column elementor-element elementor-element-54904b8\" data-id=\"54904b8\" data-element_type=\"column\">\n\t\t\t<div class=\"elementor-widget-wrap elementor-element-populated\">\n\t\t\t\t\t\t<div class=\"elementor-element elementor-element-b237b47 elementor-widget elementor-widget-text-editor\" data-id=\"b237b47\" data-element_type=\"widget\" data-widget_type=\"text-editor.default\">\n\t\t\t\t<div class=\"elementor-widget-container\">\n\t\t\t\t\t\t\t\t\t<p style=\"text-align: justify;\"><span style=\"font-size: 14pt; color: #000000;\">Les concessions automobiles sont g\u00e9n\u00e9ralement tr\u00e8s spacieuses pour permettre d\u2019exposer un maximum de mod\u00e8les de 2 roues ou 4 roues. Elles laissent donc une grande libert\u00e9 dans les supports de communication \u00e0 disposer aussi bien contre les murs, que pos\u00e9s sur le sol ou tendus au plafond. La contrainte \u00e0 prendre en compte est le besoin de mobilit\u00e9 fr\u00e9quent. En effet, selon les \u00e9v\u00e8nements et manifestations, le nombre de v\u00e9hicules \u00e0 exposer change et la PLV doit pouvoir s\u2019adapter \u00e0 ces modifications de disposition.<\/span><\/p>\n<p style=\"text-align: justify;\"><span style=\"font-size: 14pt; color: #000000;\">En tenant compte de ces param\u00e8tres, voici <strong>la liste des \u201cvaleurs s\u00fbres\u201d de la PLV int\u00e9rieure<\/strong> :<\/span><\/p>\n<p style=\"text-align: justify;\"><span style=\"font-size: 14pt; color: #000000;\"><strong>Des visuels XXL personnalis\u00e9s<\/strong> avec une photo de voiture ou de moto prise en situation dans des d\u00e9cors naturels ou avec le logo de la marque.<\/span>\n<span style=\"font-size: 14pt; color: #000000;\">Plusieurs produits peuvent r\u00e9pondre \u00e0 ce besoin mais l\u2019id\u00e9al reste le cadre toile tendue dans sa version murale, suspendue au plafond ou autoportante.<\/span>\n<span style=\"font-size: 14pt; color: #000000;\">Ce support est disponible en plusieurs formats standards mais \u00e9galement en dimensions sur-mesures. Il est compos\u00e9 d\u2019une toile tendue en textile polyester personnalis\u00e9 par impression num\u00e9rique que l\u2019on fixe sur un cadre en aluminium gr\u00e2ce \u00e0 un jonc ins\u00e9r\u00e9 dans le pourtour du cadre.<\/span>\n<span style=\"font-size: 14pt; color: #000000;\">Cette solution est \u00e0 la fois qualitative et tr\u00e8s adapt\u00e9e dans toutes ses versions (cadre suspendu, cadre mural ou cadre autoportant) : design, l\u00e9g\u00e8re et \u00e9conomique puisque le visuel est interchangeable autant de fois que vous le voulez !<\/span><\/p>\n<p style=\"text-align: justify;\"><span style=\"font-size: 14pt; color: #000000;\"><strong>Du mobilier personnalis\u00e9<\/strong> pour am\u00e9nager un coin d\u2019attente confortable et chaleureux avec notamment la chaise publicitaire ou encore le cube design et la chilienne. Macap vous propose d\u2019optimiser ainsi votre visibilit\u00e9 gr\u00e2ce \u00e0 ce mobilier personnalisable qui peut \u00e9galement faire l\u2019affaire lors d\u2019une manifestation ext\u00e9rieure (salons, expositions etc\u2026). <\/span>\n<span style=\"font-size: 14pt; color: #000000;\">Tous ces objets d\u2019am\u00e9nagement et de d\u00e9coration sont personnalis\u00e9s par impression num\u00e9rique de vos visuels sur du textile polyester. <\/span>\n<span style=\"font-size: 14pt; color: #000000;\">Outre l\u2019aspect pratique et utile du mobilier personnalis\u00e9, il permet de renforcer votre image de marque en assortissant ces objets \u00e0 votre communication globale ! L\u00e0 aussi les visuels sont interchangeables et peuvent \u00eatre remplac\u00e9s au rythme de votre choix.<\/span><\/p>\n<p style=\"text-align: justify;\"><span style=\"font-size: 14pt; color: #000000;\"><strong>Des beach flags light<\/strong> sp\u00e9cialement con\u00e7us pour les int\u00e9rieurs et que vous pouvez d\u00e9placer facilement partout. Logot\u00e9s \u00e0 l\u2019effigie de votre marque ou votre event, ils mesurent 2.30 m\u00e8tres de hauteur. Compos\u00e9s d\u2019une voile, d\u2019un m\u00e2t et d\u2019un pied stabilisateur, ils s\u2019installent en une minute sans aucun mat\u00e9riel n\u00e9cessaire. L\u00e9gers, \u00e9conomiques, ils repr\u00e9sentent une v\u00e9ritable opportunit\u00e9 d\u2019agencement mobile pour attirer les clients, d\u00e9limiter une zone ou mettre en avant un mod\u00e8le.<\/span><\/p>\n<p style=\"text-align: justify;\"><span style=\"font-size: 14pt; color: #000000;\"><strong>Pensez aussi \u00e0<\/strong>\u2026 L\u2019incontournable <a href=\"https:\/\/www.macapflag.com\/display-roll-up\/81-roll-up-standard-.html\" target=\"_blank\" rel=\"noopener\"><span style=\"color: #3366ff;\"><strong>display roll up<\/strong><\/span><\/a>, au desk flag \u00e0 poser sur un comptoir et autre guirlande papier ou guirlande tissu personnalis\u00e9es aux couleurs de votre marque ou de votre \u00e9v\u00e8nement !<\/span><\/p>\t\t\t\t\t\t\t\t<\/div>\n\t\t\t\t<\/div>\n\t\t\t\t\t<\/div>\n\t\t<\/div>\n\t\t\t\t\t<\/div>\n\t\t<\/section>\n\t\t\t\t<section class=\"elementor-section elementor-top-section elementor-element elementor-element-ccaafb7 elementor-section-boxed elementor-section-height-default elementor-section-height-default\" data-id=\"ccaafb7\" data-element_type=\"section\">\n\t\t\t\t\t\t<div class=\"elementor-container elementor-column-gap-default\">\n\t\t\t\t\t<div class=\"elementor-column elementor-col-100 elementor-top-column elementor-element elementor-element-5fb39a2\" data-id=\"5fb39a2\" data-element_type=\"column\">\n\t\t\t<div class=\"elementor-widget-wrap elementor-element-populated\">\n\t\t\t\t\t\t<div class=\"elementor-element elementor-element-c52ca8a elementor-widget elementor-widget-text-editor\" data-id=\"c52ca8a\" data-element_type=\"widget\" data-widget_type=\"text-editor.default\">\n\t\t\t\t<div class=\"elementor-widget-container\">\n\t\t\t\t\t\t\t\t\t<h2 style=\"text-align: center;\"><strong>Et pour l&#8217;ext\u00e9rieur &#8230;<\/strong><\/h2>\t\t\t\t\t\t\t\t<\/div>\n\t\t\t\t<\/div>\n\t\t\t\t\t<\/div>\n\t\t<\/div>\n\t\t\t\t\t<\/div>\n\t\t<\/section>\n\t\t\t\t<section class=\"elementor-section elementor-top-section elementor-element elementor-element-2803077 elementor-section-boxed elementor-section-height-default elementor-section-height-default\" data-id=\"2803077\" data-element_type=\"section\">\n\t\t\t\t\t\t<div class=\"elementor-container elementor-column-gap-default\">\n\t\t\t\t\t<div class=\"elementor-column elementor-col-100 elementor-top-column elementor-element elementor-element-eb203b3\" data-id=\"eb203b3\" data-element_type=\"column\">\n\t\t\t<div class=\"elementor-widget-wrap elementor-element-populated\">\n\t\t\t\t\t\t<div class=\"elementor-element elementor-element-2c90bdd elementor-widget elementor-widget-image\" data-id=\"2c90bdd\" data-element_type=\"widget\" data-widget_type=\"image.default\">\n\t\t\t\t<div class=\"elementor-widget-container\">\n\t\t\t\t\t\t\t\t\t\t\t\t\t\t\t<img decoding=\"async\" width=\"700\" height=\"534\" src=\"https:\/\/www.macapflag.com\/blog\/wp-content\/uploads\/2019\/05\/plv-amenagement-exterieur-concession.gif\" class=\"attachment-large size-large wp-image-3738\" alt=\"\" \/>\t\t\t\t\t\t\t\t\t\t\t\t\t\t\t<\/div>\n\t\t\t\t<\/div>\n\t\t\t\t\t<\/div>\n\t\t<\/div>\n\t\t\t\t\t<\/div>\n\t\t<\/section>\n\t\t\t\t<section class=\"elementor-section elementor-top-section elementor-element elementor-element-dc1df91 elementor-section-boxed elementor-section-height-default elementor-section-height-default\" data-id=\"dc1df91\" data-element_type=\"section\">\n\t\t\t\t\t\t<div class=\"elementor-container elementor-column-gap-default\">\n\t\t\t\t\t<div class=\"elementor-column elementor-col-100 elementor-top-column elementor-element elementor-element-e5960d2\" data-id=\"e5960d2\" data-element_type=\"column\">\n\t\t\t<div class=\"elementor-widget-wrap elementor-element-populated\">\n\t\t\t\t\t\t<div class=\"elementor-element elementor-element-b459071 elementor-widget elementor-widget-text-editor\" data-id=\"b459071\" data-element_type=\"widget\" data-widget_type=\"text-editor.default\">\n\t\t\t\t<div class=\"elementor-widget-container\">\n\t\t\t\t\t\t\t\t\t<p style=\"text-align: justify;\"><span style=\"font-size: 14pt; color: #000000;\"><strong>Des kak\u00e9monos suspendus<\/strong> derri\u00e8re de grandes baies vitr\u00e9es<\/span><br \/><span style=\"font-size: 14pt; color: #000000;\">Les concessions automobiles disposent souvent de grandes surfaces vitr\u00e9es sur leur fa\u00e7ade. Le <a href=\"https:\/\/www.macapflag.com\/34-kakemono-suspendu-rideau\" target=\"_blank\" rel=\"noopener\"><span style=\"color: #3366ff;\"><strong>kak\u00e9mono suspendu<\/strong><\/span><\/a> y trouve toute sa place aussi bien en tant que moyen de communication que d\u2019am\u00e9nagement d\u2019espace (il peut \u00e9galement permettre de r\u00e9duire l\u2019exposition int\u00e9rieure aux rayons du soleil)<\/span><br \/><span style=\"font-size: 14pt; color: #000000;\">Ce support vertical en tissu polyester est propos\u00e9 en diff\u00e9rentes dimensions et versions : avec oeillets ou avec une barre de suspension en aluminium, en bois ou en plastique. Le visuel peut-\u00eatre en textile polyester ou en PVC, imprim\u00e9 sur une face ou recto verso. <\/span><br \/><span style=\"font-size: 14pt; color: #000000;\">Dans toutes ses versions, le kakemono suspendu est une structure d\u2019affichage haut de gamme. Il peut par exemple \u00eatre brand\u00e9 au logo de votre marque format XXL ou reprendre ponctuellement la communication d\u2019une campagne promotionnelle.<\/span><\/p><p><span style=\"font-size: 14pt; color: #000000;\"><strong>Des drapeaux et pavillons personnalis\u00e9s<\/strong> qui flottent sur des m\u00e2ts<\/span><br \/><span style=\"font-size: 14pt; color: #000000;\">Support incontournable de la communication ext\u00e9rieur, le pavillon personnalis\u00e9 est un outil de communication dynamique et \u00e9conomique puisque 100% personnalisable et interchangeable. Il sera parfait pour assurer votre visibilit\u00e9, m\u00eame de loin, en compl\u00e9ment de votre enseigne qui elle reste statique. Il peut \u00eatre brand\u00e9 aux couleurs de votre marque ou personnalis\u00e9 dans le m\u00eame esprit qu\u2019une campagne d\u2019affichage en cours.<\/span><br \/><span style=\"font-size: 14pt; color: #000000;\">Propos\u00e9 dans de nombreuses dimensions, le drapeau pour m\u00e2t est \u00e9galement disponible dans un format sur-mesure. Il est vertical ou horizontal. <\/span><br \/><span style=\"font-size: 14pt; color: #000000;\">Pour plus d\u2019informations sur ce produit consultez notre guide des drapeaux pour m\u00e2ts.<\/span><\/p><p><span style=\"font-size: 14pt; color: #000000;\"><strong>Des beach flags ou oriflammes personnalis\u00e9s<\/strong>. Propos\u00e9es en plusieurs tailles avec plusieurs formes de voiles, ces flammes publicitaires ont le grand avantage de pouvoir \u00eatre utilis\u00e9es aussi bien en int\u00e9rieur qu\u2019en ext\u00e9rieur. L\u00e9g\u00e8res, mobiles, elles se d\u00e9placent en un clin d\u2019oeil. Exemple : Elles peuvent \u00eatre marqu\u00e9es d\u2019un print \u201cneuf\u201d ou \u201coccasion\u201d visant \u00e0 informer et orienter les clients.<\/span><\/p><p><span style=\"font-size: 14pt; color: #000000;\">Sp\u00e9cialement d\u00e9di\u00e9 au secteur automobile, Macap vous propose le pied autocal pour accueillir les m\u00e2ts de beachflag. L\u00e9ger ( poids 2.8 kg), il se glisse sous n\u2019importe quelle roue et assure ainsi la tenue et la visibilit\u00e9 de l\u2019oriflamme pour une utilisation int\u00e9rieure ou ext\u00e9rieure.<\/span><\/p><p><strong><span style=\"font-size: 14pt; color: #000000;\">Des habillages de barri\u00e8re<\/span><\/strong><br \/><span style=\"font-size: 14pt; color: #000000;\">Pour limiter l\u2019acc\u00e8s \u00e0 certaines zones de votre parking, rien de tel que l\u2019habillage barri\u00e8re personnalis\u00e9. L\u00e0 aussi, cet habillage publicitaire est propos\u00e9 avec de multiples options : simple face ou double face, finition oeillets, velcros ou ruflette, supports textiles (maille, mesh ou intiss\u00e9) ou b\u00e2che pvc. <\/span><br \/><span style=\"font-size: 14pt; color: #000000;\">Consultez la rubrique habillage de barri\u00e8re personnalis\u00e9 de notre site internet<\/span><\/p><p><strong><span style=\"font-size: 14pt; color: #000000;\">Mais aussi \u2026<\/span><\/strong><br \/><span style=\"font-size: 14pt; color: #000000;\">Pour des \u00e9v\u00e9nements ponctuels aussi bien \u00e0 l\u2019ext\u00e9rieur de la concession que dans d\u2019autres lieux, pensez \u00e0 la <a href=\"https:\/\/www.macapflag.com\/86-tente-personnalisable\"><strong><span style=\"color: #3366ff;\">tente personnalis\u00e9e<\/span><\/strong><\/a> ou tente publicitaire. <\/span><br \/><span style=\"font-size: 14pt; color: #000000;\">Imprim\u00e9e sur le toit et les 3 c\u00f4t\u00e9s, elle fait partie des incontournables dans la famille des solutions pour \u00e9v\u00e9nements. Pour une utilisation occasionnelle ou r\u00e9guli\u00e8re, \u00e0 l\u2019occasion d\u2019un lancement de mod\u00e8le, d\u2019une journ\u00e9e portes ouvertes, lors d\u2019un anniversaire d\u2019entreprise, pour am\u00e9nager un espace lors de salons professionnels, pensez \u00e0 la tente personnalis\u00e9e !<\/span><br \/><span style=\"font-size: 14pt; color: #000000;\">Cette derni\u00e8re peut ais\u00e9ment \u00eatre personnalis\u00e9e et imprim\u00e9e avec des visuels assortis avec ceux des banderoles personnalis\u00e9es ou b\u00e2ches qui viendront d\u00e9limiter un espace et d\u00e9corer l\u2019espace ext\u00e9rieur tout en mettant en avant l\u2019\u00e9v\u00e8nement.<\/span><\/p><p><span style=\"font-size: 14pt; color: #000000;\">Vous l\u2019aurez compris, chez Macap, les solutions de communication d\u00e9di\u00e9es au monde de l\u2019auto-moto et de la plv auto me manquent pas pour customiser votre concession ! Si toutefois vous aviez besoin d\u2019un support de communication sp\u00e9cifique, n\u2019h\u00e9sitez pas \u00e0 contacter nos techniciens commerciaux. Si nous sommes fabricant fran\u00e7ais d\u2019une large gamme de produits standards, nous savons \u00e9galement r\u00e9pondre \u00e0 vos demandes de supports sur-mesure.<\/span><\/p>\t\t\t\t\t\t\t\t<\/div>\n\t\t\t\t<\/div>\n\t\t\t\t\t<\/div>\n\t\t<\/div>\n\t\t\t\t\t<\/div>\n\t\t<\/section>\n\t\t\t\t<section class=\"elementor-section elementor-top-section elementor-element elementor-element-09857da elementor-section-boxed elementor-section-height-default elementor-section-height-default\" data-id=\"09857da\" data-element_type=\"section\">\n\t\t\t\t\t\t<div class=\"elementor-container elementor-column-gap-default\">\n\t\t\t\t\t<div class=\"elementor-column elementor-col-100 elementor-top-column elementor-element elementor-element-d968ddb\" data-id=\"d968ddb\" data-element_type=\"column\">\n\t\t\t<div class=\"elementor-widget-wrap elementor-element-populated\">\n\t\t\t\t\t\t<div class=\"elementor-element elementor-element-292bfdf elementor-widget elementor-widget-text-editor\" data-id=\"292bfdf\" data-element_type=\"widget\" data-widget_type=\"text-editor.default\">\n\t\t\t\t<div class=\"elementor-widget-container\">\n\t\t\t\t\t\t\t\t\t<p><img decoding=\"async\" class=\"size-full wp-image-2886 aligncenter\" src=\"https:\/\/www.macapflag.com\/blog\/wp-content\/uploads\/2018\/10\/picto-produitssolutions235x135.gif\" alt=\"Produits et solutions propos\u00e9s par Macap : drapeaux, banderoles ou Beachflags\" width=\"235\" height=\"135\" \/><\/p><p style=\"text-align: center;\"><span style=\"font-size: 14pt;\"><span style=\"color: #000000;\"><strong><span style=\"font-family: 'Futura Bk BT';\">Macap<\/span><\/strong><\/span> <span style=\"color: #808080;\"><strong><span style=\"font-family: 'Futura Bk BT';\">&#8211; Lundi 27 Mai 2019<\/span><\/strong><\/span><\/span><\/p><p style=\"text-align: center;\">\u00a0<\/p>\t\t\t\t\t\t\t\t<\/div>\n\t\t\t\t<\/div>\n\t\t\t\t\t<\/div>\n\t\t<\/div>\n\t\t\t\t\t<\/div>\n\t\t<\/section>\n\t\t\t\t<\/div>\n\t\t","protected":false},"excerpt":{"rendered":"<div class=\"tmnf_excerpt\"><p>Il est des secteurs d\u2019activit\u00e9s qui ont des besoins particuliers en terme de PLV et supports de communication. C\u2019est le cas du secteur de l\u2019auto-moto et de ses concessionnaires qui doivent am\u00e9nager de grand espaces pour accueillir et mettre en valeur les v\u00e9hicules d\u2019exposition.Chez Macap, nous entretenons des relations commerciales durables avec bon nombre de &hellip;<\/p>\n<\/div>","protected":false},"author":2,"featured_media":3750,"comment_status":"closed","ping_status":"open","sticky":false,"template":"template-fullwidth.php","format":"standard","meta":{"footnotes":""},"categories":[90],"tags":[],"class_list":["post-3732","post","type-post","status-publish","format-standard","has-post-thumbnail","hentry","category-produits-et-sols"],"yoast_head":"<!-- This site is optimized with the Yoast SEO plugin v26.4 - https:\/\/yoast.com\/wordpress\/plugins\/seo\/ -->\n<title>La PLV id\u00e9ale pour l&#039;int\u00e9rieur et l&#039;ext\u00e9rieur d&#039;une concession automobile<\/title>\n<meta name=\"description\" content=\"Le secteur auto moto est l&#039;un de ceux qui n\u00e9cessitent des supports de communication sp\u00e9cialement adapt\u00e9s \u00e0 leurs contraintes.\" \/>\n<meta name=\"robots\" content=\"index, follow, max-snippet:-1, max-image-preview:large, max-video-preview:-1\" \/>\n<link rel=\"canonical\" href=\"https:\/\/www.macapflag.com\/blog\/plv-concession-auto-moto\/\" \/>\n<meta property=\"og:locale\" content=\"fr_FR\" \/>\n<meta property=\"og:type\" content=\"article\" \/>\n<meta property=\"og:title\" content=\"La PLV id\u00e9ale pour l&#039;int\u00e9rieur et l&#039;ext\u00e9rieur d&#039;une concession automobile\" \/>\n<meta property=\"og:description\" content=\"Le secteur auto moto est l&#039;un de ceux qui n\u00e9cessitent des supports de communication sp\u00e9cialement adapt\u00e9s \u00e0 leurs contraintes.\" \/>\n<meta property=\"og:url\" content=\"https:\/\/www.macapflag.com\/blog\/plv-concession-auto-moto\/\" \/>\n<meta property=\"og:site_name\" content=\"Blog - Macap\" \/>\n<meta property=\"article:publisher\" content=\"https:\/\/www.facebook.com\/macap.pavoisement\/\" \/>\n<meta property=\"article:published_time\" content=\"2019-05-27T13:45:50+00:00\" \/>\n<meta property=\"article:modified_time\" content=\"2019-11-25T10:18:17+00:00\" \/>\n<meta property=\"og:image\" content=\"https:\/\/www.macapflag.com\/blog\/wp-content\/uploads\/2019\/05\/plv-ideale-concession-auto-moto-titre.gif\" \/>\n\t<meta property=\"og:image:width\" content=\"700\" \/>\n\t<meta property=\"og:image:height\" content=\"534\" \/>\n\t<meta property=\"og:image:type\" content=\"image\/gif\" \/>\n<meta name=\"author\" content=\"Blog Macap\" \/>\n<meta name=\"twitter:card\" content=\"summary_large_image\" \/>\n<meta name=\"twitter:label1\" content=\"\u00c9crit par\" \/>\n\t<meta name=\"twitter:data1\" content=\"Blog Macap\" \/>\n\t<meta name=\"twitter:label2\" content=\"Dur\u00e9e de lecture estim\u00e9e\" \/>\n\t<meta name=\"twitter:data2\" content=\"6 minutes\" \/>\n<script type=\"application\/ld+json\" class=\"yoast-schema-graph\">{\"@context\":\"https:\/\/schema.org\",\"@graph\":[{\"@type\":\"Article\",\"@id\":\"https:\/\/www.macapflag.com\/blog\/plv-concession-auto-moto\/#article\",\"isPartOf\":{\"@id\":\"https:\/\/www.macapflag.com\/blog\/plv-concession-auto-moto\/\"},\"author\":{\"name\":\"Blog Macap\",\"@id\":\"https:\/\/www.macapflag.com\/blog\/#\/schema\/person\/3fea701f2603875e651e6b662578fc3c\"},\"headline\":\"La PLV id\u00e9ale pour une concession Auto-Moto\",\"datePublished\":\"2019-05-27T13:45:50+00:00\",\"dateModified\":\"2019-11-25T10:18:17+00:00\",\"mainEntityOfPage\":{\"@id\":\"https:\/\/www.macapflag.com\/blog\/plv-concession-auto-moto\/\"},\"wordCount\":1261,\"publisher\":{\"@id\":\"https:\/\/www.macapflag.com\/blog\/#organization\"},\"image\":{\"@id\":\"https:\/\/www.macapflag.com\/blog\/plv-concession-auto-moto\/#primaryimage\"},\"thumbnailUrl\":\"https:\/\/www.macapflag.com\/blog\/wp-content\/uploads\/2019\/05\/plv-ideale-concession-auto-moto-titre.gif\",\"articleSection\":[\"Produits &amp; Solutions\"],\"inLanguage\":\"fr-FR\"},{\"@type\":\"WebPage\",\"@id\":\"https:\/\/www.macapflag.com\/blog\/plv-concession-auto-moto\/\",\"url\":\"https:\/\/www.macapflag.com\/blog\/plv-concession-auto-moto\/\",\"name\":\"La PLV id\u00e9ale pour l'int\u00e9rieur et l'ext\u00e9rieur d'une concession automobile\",\"isPartOf\":{\"@id\":\"https:\/\/www.macapflag.com\/blog\/#website\"},\"primaryImageOfPage\":{\"@id\":\"https:\/\/www.macapflag.com\/blog\/plv-concession-auto-moto\/#primaryimage\"},\"image\":{\"@id\":\"https:\/\/www.macapflag.com\/blog\/plv-concession-auto-moto\/#primaryimage\"},\"thumbnailUrl\":\"https:\/\/www.macapflag.com\/blog\/wp-content\/uploads\/2019\/05\/plv-ideale-concession-auto-moto-titre.gif\",\"datePublished\":\"2019-05-27T13:45:50+00:00\",\"dateModified\":\"2019-11-25T10:18:17+00:00\",\"description\":\"Le secteur auto moto est l'un de ceux qui n\u00e9cessitent des supports de communication sp\u00e9cialement adapt\u00e9s \u00e0 leurs contraintes.\",\"breadcrumb\":{\"@id\":\"https:\/\/www.macapflag.com\/blog\/plv-concession-auto-moto\/#breadcrumb\"},\"inLanguage\":\"fr-FR\",\"potentialAction\":[{\"@type\":\"ReadAction\",\"target\":[\"https:\/\/www.macapflag.com\/blog\/plv-concession-auto-moto\/\"]}]},{\"@type\":\"ImageObject\",\"inLanguage\":\"fr-FR\",\"@id\":\"https:\/\/www.macapflag.com\/blog\/plv-concession-auto-moto\/#primaryimage\",\"url\":\"https:\/\/www.macapflag.com\/blog\/wp-content\/uploads\/2019\/05\/plv-ideale-concession-auto-moto-titre.gif\",\"contentUrl\":\"https:\/\/www.macapflag.com\/blog\/wp-content\/uploads\/2019\/05\/plv-ideale-concession-auto-moto-titre.gif\",\"width\":700,\"height\":534,\"caption\":\"Les supports de communication sp\u00e9cifiques au monde des concessions auto moto\"},{\"@type\":\"BreadcrumbList\",\"@id\":\"https:\/\/www.macapflag.com\/blog\/plv-concession-auto-moto\/#breadcrumb\",\"itemListElement\":[{\"@type\":\"ListItem\",\"position\":1,\"name\":\"Accueil\",\"item\":\"https:\/\/www.macapflag.com\/blog\/\"},{\"@type\":\"ListItem\",\"position\":2,\"name\":\"La PLV id\u00e9ale pour une concession Auto-Moto\"}]},{\"@type\":\"WebSite\",\"@id\":\"https:\/\/www.macapflag.com\/blog\/#website\",\"url\":\"https:\/\/www.macapflag.com\/blog\/\",\"name\":\"Blog - Macap\",\"description\":\"Tous nos articles\",\"publisher\":{\"@id\":\"https:\/\/www.macapflag.com\/blog\/#organization\"},\"potentialAction\":[{\"@type\":\"SearchAction\",\"target\":{\"@type\":\"EntryPoint\",\"urlTemplate\":\"https:\/\/www.macapflag.com\/blog\/?s={search_term_string}\"},\"query-input\":{\"@type\":\"PropertyValueSpecification\",\"valueRequired\":true,\"valueName\":\"search_term_string\"}}],\"inLanguage\":\"fr-FR\"},{\"@type\":\"Organization\",\"@id\":\"https:\/\/www.macapflag.com\/blog\/#organization\",\"name\":\"macapflag\",\"url\":\"https:\/\/www.macapflag.com\/blog\/\",\"logo\":{\"@type\":\"ImageObject\",\"inLanguage\":\"fr-FR\",\"@id\":\"https:\/\/www.macapflag.com\/blog\/#\/schema\/logo\/image\/\",\"url\":\"https:\/\/www.macapflag.com\/blog\/wp-content\/uploads\/2020\/12\/cropped-M-512-1.png\",\"contentUrl\":\"https:\/\/www.macapflag.com\/blog\/wp-content\/uploads\/2020\/12\/cropped-M-512-1.png\",\"width\":512,\"height\":512,\"caption\":\"macapflag\"},\"image\":{\"@id\":\"https:\/\/www.macapflag.com\/blog\/#\/schema\/logo\/image\/\"},\"sameAs\":[\"https:\/\/www.facebook.com\/macap.pavoisement\/\",\"https:\/\/www.instagram.com\/macapflag\/?hl=fr\",\"https:\/\/www.linkedin.com\/company\/macap\/?originalSubdomain=fr\",\"https:\/\/www.youtube.com\/channel\/UCXNzTIdZh9poEBjSXEqDtNw\"]},{\"@type\":\"Person\",\"@id\":\"https:\/\/www.macapflag.com\/blog\/#\/schema\/person\/3fea701f2603875e651e6b662578fc3c\",\"name\":\"Blog Macap\",\"image\":{\"@type\":\"ImageObject\",\"inLanguage\":\"fr-FR\",\"@id\":\"https:\/\/www.macapflag.com\/blog\/#\/schema\/person\/image\/\",\"url\":\"https:\/\/secure.gravatar.com\/avatar\/c12551f2dc51f0db049633b03e7856985477a70da834cc8967dea4ce54bdd6a2?s=96&d=mm&r=g\",\"contentUrl\":\"https:\/\/secure.gravatar.com\/avatar\/c12551f2dc51f0db049633b03e7856985477a70da834cc8967dea4ce54bdd6a2?s=96&d=mm&r=g\",\"caption\":\"Blog Macap\"},\"url\":\"https:\/\/www.macapflag.com\/blog\/author\/macap\/\"}]}<\/script>\n<!-- \/ Yoast SEO plugin. -->","yoast_head_json":{"title":"La PLV id\u00e9ale pour l'int\u00e9rieur et l'ext\u00e9rieur d'une concession automobile","description":"Le secteur auto moto est l'un de ceux qui n\u00e9cessitent des supports de communication sp\u00e9cialement adapt\u00e9s \u00e0 leurs contraintes.","robots":{"index":"index","follow":"follow","max-snippet":"max-snippet:-1","max-image-preview":"max-image-preview:large","max-video-preview":"max-video-preview:-1"},"canonical":"https:\/\/www.macapflag.com\/blog\/plv-concession-auto-moto\/","og_locale":"fr_FR","og_type":"article","og_title":"La PLV id\u00e9ale pour l'int\u00e9rieur et l'ext\u00e9rieur d'une concession automobile","og_description":"Le secteur auto moto est l'un de ceux qui n\u00e9cessitent des supports de communication sp\u00e9cialement adapt\u00e9s \u00e0 leurs contraintes.","og_url":"https:\/\/www.macapflag.com\/blog\/plv-concession-auto-moto\/","og_site_name":"Blog - Macap","article_publisher":"https:\/\/www.facebook.com\/macap.pavoisement\/","article_published_time":"2019-05-27T13:45:50+00:00","article_modified_time":"2019-11-25T10:18:17+00:00","og_image":[{"width":700,"height":534,"url":"https:\/\/www.macapflag.com\/blog\/wp-content\/uploads\/2019\/05\/plv-ideale-concession-auto-moto-titre.gif","type":"image\/gif"}],"author":"Blog Macap","twitter_card":"summary_large_image","twitter_misc":{"\u00c9crit par":"Blog Macap","Dur\u00e9e de lecture estim\u00e9e":"6 minutes"},"schema":{"@context":"https:\/\/schema.org","@graph":[{"@type":"Article","@id":"https:\/\/www.macapflag.com\/blog\/plv-concession-auto-moto\/#article","isPartOf":{"@id":"https:\/\/www.macapflag.com\/blog\/plv-concession-auto-moto\/"},"author":{"name":"Blog Macap","@id":"https:\/\/www.macapflag.com\/blog\/#\/schema\/person\/3fea701f2603875e651e6b662578fc3c"},"headline":"La PLV id\u00e9ale pour une concession Auto-Moto","datePublished":"2019-05-27T13:45:50+00:00","dateModified":"2019-11-25T10:18:17+00:00","mainEntityOfPage":{"@id":"https:\/\/www.macapflag.com\/blog\/plv-concession-auto-moto\/"},"wordCount":1261,"publisher":{"@id":"https:\/\/www.macapflag.com\/blog\/#organization"},"image":{"@id":"https:\/\/www.macapflag.com\/blog\/plv-concession-auto-moto\/#primaryimage"},"thumbnailUrl":"https:\/\/www.macapflag.com\/blog\/wp-content\/uploads\/2019\/05\/plv-ideale-concession-auto-moto-titre.gif","articleSection":["Produits &amp; Solutions"],"inLanguage":"fr-FR"},{"@type":"WebPage","@id":"https:\/\/www.macapflag.com\/blog\/plv-concession-auto-moto\/","url":"https:\/\/www.macapflag.com\/blog\/plv-concession-auto-moto\/","name":"La PLV id\u00e9ale pour l'int\u00e9rieur et l'ext\u00e9rieur d'une concession automobile","isPartOf":{"@id":"https:\/\/www.macapflag.com\/blog\/#website"},"primaryImageOfPage":{"@id":"https:\/\/www.macapflag.com\/blog\/plv-concession-auto-moto\/#primaryimage"},"image":{"@id":"https:\/\/www.macapflag.com\/blog\/plv-concession-auto-moto\/#primaryimage"},"thumbnailUrl":"https:\/\/www.macapflag.com\/blog\/wp-content\/uploads\/2019\/05\/plv-ideale-concession-auto-moto-titre.gif","datePublished":"2019-05-27T13:45:50+00:00","dateModified":"2019-11-25T10:18:17+00:00","description":"Le secteur auto moto est l'un de ceux qui n\u00e9cessitent des supports de communication sp\u00e9cialement adapt\u00e9s \u00e0 leurs contraintes.","breadcrumb":{"@id":"https:\/\/www.macapflag.com\/blog\/plv-concession-auto-moto\/#breadcrumb"},"inLanguage":"fr-FR","potentialAction":[{"@type":"ReadAction","target":["https:\/\/www.macapflag.com\/blog\/plv-concession-auto-moto\/"]}]},{"@type":"ImageObject","inLanguage":"fr-FR","@id":"https:\/\/www.macapflag.com\/blog\/plv-concession-auto-moto\/#primaryimage","url":"https:\/\/www.macapflag.com\/blog\/wp-content\/uploads\/2019\/05\/plv-ideale-concession-auto-moto-titre.gif","contentUrl":"https:\/\/www.macapflag.com\/blog\/wp-content\/uploads\/2019\/05\/plv-ideale-concession-auto-moto-titre.gif","width":700,"height":534,"caption":"Les supports de communication sp\u00e9cifiques au monde des concessions auto moto"},{"@type":"BreadcrumbList","@id":"https:\/\/www.macapflag.com\/blog\/plv-concession-auto-moto\/#breadcrumb","itemListElement":[{"@type":"ListItem","position":1,"name":"Accueil","item":"https:\/\/www.macapflag.com\/blog\/"},{"@type":"ListItem","position":2,"name":"La PLV id\u00e9ale pour une concession Auto-Moto"}]},{"@type":"WebSite","@id":"https:\/\/www.macapflag.com\/blog\/#website","url":"https:\/\/www.macapflag.com\/blog\/","name":"Blog - Macap","description":"Tous nos articles","publisher":{"@id":"https:\/\/www.macapflag.com\/blog\/#organization"},"potentialAction":[{"@type":"SearchAction","target":{"@type":"EntryPoint","urlTemplate":"https:\/\/www.macapflag.com\/blog\/?s={search_term_string}"},"query-input":{"@type":"PropertyValueSpecification","valueRequired":true,"valueName":"search_term_string"}}],"inLanguage":"fr-FR"},{"@type":"Organization","@id":"https:\/\/www.macapflag.com\/blog\/#organization","name":"macapflag","url":"https:\/\/www.macapflag.com\/blog\/","logo":{"@type":"ImageObject","inLanguage":"fr-FR","@id":"https:\/\/www.macapflag.com\/blog\/#\/schema\/logo\/image\/","url":"https:\/\/www.macapflag.com\/blog\/wp-content\/uploads\/2020\/12\/cropped-M-512-1.png","contentUrl":"https:\/\/www.macapflag.com\/blog\/wp-content\/uploads\/2020\/12\/cropped-M-512-1.png","width":512,"height":512,"caption":"macapflag"},"image":{"@id":"https:\/\/www.macapflag.com\/blog\/#\/schema\/logo\/image\/"},"sameAs":["https:\/\/www.facebook.com\/macap.pavoisement\/","https:\/\/www.instagram.com\/macapflag\/?hl=fr","https:\/\/www.linkedin.com\/company\/macap\/?originalSubdomain=fr","https:\/\/www.youtube.com\/channel\/UCXNzTIdZh9poEBjSXEqDtNw"]},{"@type":"Person","@id":"https:\/\/www.macapflag.com\/blog\/#\/schema\/person\/3fea701f2603875e651e6b662578fc3c","name":"Blog Macap","image":{"@type":"ImageObject","inLanguage":"fr-FR","@id":"https:\/\/www.macapflag.com\/blog\/#\/schema\/person\/image\/","url":"https:\/\/secure.gravatar.com\/avatar\/c12551f2dc51f0db049633b03e7856985477a70da834cc8967dea4ce54bdd6a2?s=96&d=mm&r=g","contentUrl":"https:\/\/secure.gravatar.com\/avatar\/c12551f2dc51f0db049633b03e7856985477a70da834cc8967dea4ce54bdd6a2?s=96&d=mm&r=g","caption":"Blog Macap"},"url":"https:\/\/www.macapflag.com\/blog\/author\/macap\/"}]}},"_links":{"self":[{"href":"https:\/\/www.macapflag.com\/blog\/wp-json\/wp\/v2\/posts\/3732","targetHints":{"allow":["GET"]}}],"collection":[{"href":"https:\/\/www.macapflag.com\/blog\/wp-json\/wp\/v2\/posts"}],"about":[{"href":"https:\/\/www.macapflag.com\/blog\/wp-json\/wp\/v2\/types\/post"}],"author":[{"embeddable":true,"href":"https:\/\/www.macapflag.com\/blog\/wp-json\/wp\/v2\/users\/2"}],"replies":[{"embeddable":true,"href":"https:\/\/www.macapflag.com\/blog\/wp-json\/wp\/v2\/comments?post=3732"}],"version-history":[{"count":15,"href":"https:\/\/www.macapflag.com\/blog\/wp-json\/wp\/v2\/posts\/3732\/revisions"}],"predecessor-version":[{"id":4324,"href":"https:\/\/www.macapflag.com\/blog\/wp-json\/wp\/v2\/posts\/3732\/revisions\/4324"}],"wp:featuredmedia":[{"embeddable":true,"href":"https:\/\/www.macapflag.com\/blog\/wp-json\/wp\/v2\/media\/3750"}],"wp:attachment":[{"href":"https:\/\/www.macapflag.com\/blog\/wp-json\/wp\/v2\/media?parent=3732"}],"wp:term":[{"taxonomy":"category","embeddable":true,"href":"https:\/\/www.macapflag.com\/blog\/wp-json\/wp\/v2\/categories?post=3732"},{"taxonomy":"post_tag","embeddable":true,"href":"https:\/\/www.macapflag.com\/blog\/wp-json\/wp\/v2\/tags?post=3732"}],"curies":[{"name":"wp","href":"https:\/\/api.w.org\/{rel}","templated":true}]}}