{"id":3761,"date":"2019-06-05T11:00:14","date_gmt":"2019-06-05T09:00:14","guid":{"rendered":"https:\/\/www.macapflag.com\/blog\/?p=3761"},"modified":"2021-10-28T14:35:51","modified_gmt":"2021-10-28T12:35:51","slug":"la-coupe-du-monde-feminine-de-football-cest-pour-bientot","status":"publish","type":"post","link":"https:\/\/www.macapflag.com\/blog\/la-coupe-du-monde-feminine-de-football-cest-pour-bientot\/","title":{"rendered":"La Coupe du Monde f\u00e9minine de Football c&#8217;est pour bient\u00f4t !"},"content":{"rendered":"\t\t<div data-elementor-type=\"wp-post\" data-elementor-id=\"3761\" class=\"elementor elementor-3761\">\n\t\t\t\t\t\t<section class=\"elementor-section elementor-top-section elementor-element elementor-element-3e1f825 elementor-section-boxed elementor-section-height-default elementor-section-height-default\" data-id=\"3e1f825\" data-element_type=\"section\">\n\t\t\t\t\t\t<div class=\"elementor-container elementor-column-gap-default\">\n\t\t\t\t\t<div class=\"elementor-column elementor-col-100 elementor-top-column elementor-element elementor-element-910c05e\" data-id=\"910c05e\" data-element_type=\"column\">\n\t\t\t<div class=\"elementor-widget-wrap elementor-element-populated\">\n\t\t\t\t\t\t<div class=\"elementor-element elementor-element-0e5ce34 elementor-widget elementor-widget-text-editor\" data-id=\"0e5ce34\" data-element_type=\"widget\" data-widget_type=\"text-editor.default\">\n\t\t\t\t<div class=\"elementor-widget-container\">\n\t\t\t\t\t\t\t\t\t<p style=\"text-align: justify;\"><span style=\"font-weight: 400; color: #000000; font-size: 14pt;\">L\u2019ann\u00e9e derni\u00e8re notre \u00e9quipe de France masculine de football a brill\u00e9 tout au long de la comp\u00e9tition jusqu\u2019\u00e0 la remporter le 15 Juillet 2018.<\/span><span style=\"color: #000000; font-size: 14pt;\">Cette date restera grav\u00e9e dans nos m\u00e9moires comme un des grands \u00e9v\u00e9nements sportifs nationaux, de ceux qui font flotter le <\/span><a href=\"https:\/\/www.macapflag.com\/drapeau-officiel-pour-mat\/33-drapeau-francais-officiel.html\" target=\"_blank\" rel=\"noopener\"><span style=\"color: #3366ff;\"><b style=\"font-size: 14pt;\">drapeau fran\u00e7ais<\/b><\/span><\/a><span style=\"color: #000000; font-size: 14pt;\"> \u00e0 tous les coins de rues.<br \/><\/span><span style=\"color: #000000; font-size: 14pt;\">Cette ann\u00e9e, ce sont les filles qui vont d\u00e9fendre notre drapeau de la France et en France !<\/span><\/p>\t\t\t\t\t\t\t\t<\/div>\n\t\t\t\t<\/div>\n\t\t\t\t\t<\/div>\n\t\t<\/div>\n\t\t\t\t\t<\/div>\n\t\t<\/section>\n\t\t\t\t<section class=\"elementor-section elementor-top-section elementor-element elementor-element-b3b0f0e elementor-section-boxed elementor-section-height-default elementor-section-height-default\" data-id=\"b3b0f0e\" data-element_type=\"section\">\n\t\t\t\t\t\t<div class=\"elementor-container elementor-column-gap-default\">\n\t\t\t\t\t<div class=\"elementor-column elementor-col-100 elementor-top-column elementor-element elementor-element-9a0b23d\" data-id=\"9a0b23d\" data-element_type=\"column\">\n\t\t\t<div class=\"elementor-widget-wrap elementor-element-populated\">\n\t\t\t\t\t\t<div class=\"elementor-element elementor-element-7a5d1aa elementor-widget elementor-widget-image\" data-id=\"7a5d1aa\" data-element_type=\"widget\" data-widget_type=\"image.default\">\n\t\t\t\t<div class=\"elementor-widget-container\">\n\t\t\t\t\t\t\t\t\t\t\t\t\t\t\t<img fetchpriority=\"high\" decoding=\"async\" width=\"870\" height=\"600\" src=\"https:\/\/www.macapflag.com\/blog\/wp-content\/uploads\/2019\/06\/coupe-du-monde-football-feminine-2019.jpg\" class=\"attachment-large size-large wp-image-8539\" alt=\"Coupe du monde de football f\u00e9minin 2019\" srcset=\"https:\/\/www.macapflag.com\/blog\/wp-content\/uploads\/2019\/06\/coupe-du-monde-football-feminine-2019.jpg 870w, https:\/\/www.macapflag.com\/blog\/wp-content\/uploads\/2019\/06\/coupe-du-monde-football-feminine-2019-300x207.jpg 300w, https:\/\/www.macapflag.com\/blog\/wp-content\/uploads\/2019\/06\/coupe-du-monde-football-feminine-2019-768x530.jpg 768w\" sizes=\"(max-width: 870px) 100vw, 870px\" \/>\t\t\t\t\t\t\t\t\t\t\t\t\t\t\t<\/div>\n\t\t\t\t<\/div>\n\t\t\t\t\t<\/div>\n\t\t<\/div>\n\t\t\t\t\t<\/div>\n\t\t<\/section>\n\t\t\t\t<section class=\"elementor-section elementor-top-section elementor-element elementor-element-8473fbb elementor-section-boxed elementor-section-height-default elementor-section-height-default\" data-id=\"8473fbb\" data-element_type=\"section\">\n\t\t\t\t\t\t<div class=\"elementor-container elementor-column-gap-default\">\n\t\t\t\t\t<div class=\"elementor-column elementor-col-100 elementor-top-column elementor-element elementor-element-9750567\" data-id=\"9750567\" data-element_type=\"column\">\n\t\t\t<div class=\"elementor-widget-wrap elementor-element-populated\">\n\t\t\t\t\t\t<div class=\"elementor-element elementor-element-21131a6 elementor-widget elementor-widget-text-editor\" data-id=\"21131a6\" data-element_type=\"widget\" data-widget_type=\"text-editor.default\">\n\t\t\t\t<div class=\"elementor-widget-container\">\n\t\t\t\t\t\t\t\t\t<h2 style=\"text-align: center;\"><strong><span style=\"font-size: 30pt;\">\u00c7a se passe comment ?<\/span><\/strong><\/h2>\t\t\t\t\t\t\t\t<\/div>\n\t\t\t\t<\/div>\n\t\t\t\t\t<\/div>\n\t\t<\/div>\n\t\t\t\t\t<\/div>\n\t\t<\/section>\n\t\t\t\t<section class=\"elementor-section elementor-top-section elementor-element elementor-element-2b0ba55 elementor-section-boxed elementor-section-height-default elementor-section-height-default\" data-id=\"2b0ba55\" data-element_type=\"section\">\n\t\t\t\t\t\t<div class=\"elementor-container elementor-column-gap-default\">\n\t\t\t\t\t<div class=\"elementor-column elementor-col-100 elementor-top-column elementor-element elementor-element-3c58b42\" data-id=\"3c58b42\" data-element_type=\"column\">\n\t\t\t<div class=\"elementor-widget-wrap elementor-element-populated\">\n\t\t\t\t\t\t<div class=\"elementor-element elementor-element-e9cd19f elementor-widget elementor-widget-text-editor\" data-id=\"e9cd19f\" data-element_type=\"widget\" data-widget_type=\"text-editor.default\">\n\t\t\t\t<div class=\"elementor-widget-container\">\n\t\t\t\t\t\t\t\t\t<p style=\"text-align: justify;\"><span style=\"font-size: 14pt; color: #000000;\"><span style=\"font-weight: 400;\">A partir du Vendredi 7 Juin et jusqu\u2019au Dimanche 7 Juillet, nous allons de nouveau vivre au rythme des matchs de foot.\n<\/span><span style=\"font-weight: 400;\">Le groupe TF1 a acquis les droits de diffusion t\u00e9l\u00e9 de l\u2019\u00e9v\u00e9nement. Tous les matchs de l\u2019\u00e9quipe de France ainsi que la finale seront visibles sur cette cha\u00eene. 8 matchs de la phase de poules sont programm\u00e9s sur TMC.\n<\/span><span style=\"font-weight: 400;\">Les matchs se d\u00e9rouleront dans 9 grandes villes fran\u00e7aises : Paris (match d\u2019ouverture au Parc des Princes), Nice, Rennes, Montpellier, Le Havre, Valenciennes, Reims, Grenoble et Lyon (demi-finales et finale).<\/span><\/span><\/p>\t\t\t\t\t\t\t\t<\/div>\n\t\t\t\t<\/div>\n\t\t\t\t\t<\/div>\n\t\t<\/div>\n\t\t\t\t\t<\/div>\n\t\t<\/section>\n\t\t\t\t<section class=\"elementor-section elementor-top-section elementor-element elementor-element-9f1afdb elementor-section-boxed elementor-section-height-default elementor-section-height-default\" data-id=\"9f1afdb\" data-element_type=\"section\">\n\t\t\t\t\t\t<div class=\"elementor-container elementor-column-gap-default\">\n\t\t\t\t\t<div class=\"elementor-column elementor-col-100 elementor-top-column elementor-element elementor-element-0fdeb59\" data-id=\"0fdeb59\" data-element_type=\"column\">\n\t\t\t<div class=\"elementor-widget-wrap elementor-element-populated\">\n\t\t\t\t\t\t<div class=\"elementor-element elementor-element-a799a06 elementor-widget elementor-widget-text-editor\" data-id=\"a799a06\" data-element_type=\"widget\" data-widget_type=\"text-editor.default\">\n\t\t\t\t<div class=\"elementor-widget-container\">\n\t\t\t\t\t\t\t\t\t<h2 style=\"text-align: center;\"><span style=\"font-size: 30pt;\"><strong>La composition de l&#8217;\u00e9quipe<\/strong><\/span><\/h2>\t\t\t\t\t\t\t\t<\/div>\n\t\t\t\t<\/div>\n\t\t\t\t\t<\/div>\n\t\t<\/div>\n\t\t\t\t\t<\/div>\n\t\t<\/section>\n\t\t\t\t<section class=\"elementor-section elementor-top-section elementor-element elementor-element-4abe3d0 elementor-section-boxed elementor-section-height-default elementor-section-height-default\" data-id=\"4abe3d0\" data-element_type=\"section\">\n\t\t\t\t\t\t<div class=\"elementor-container elementor-column-gap-default\">\n\t\t\t\t\t<div class=\"elementor-column elementor-col-100 elementor-top-column elementor-element elementor-element-4e973c1\" data-id=\"4e973c1\" data-element_type=\"column\">\n\t\t\t<div class=\"elementor-widget-wrap elementor-element-populated\">\n\t\t\t\t\t\t<div class=\"elementor-element elementor-element-2ed1aa5 elementor-widget elementor-widget-text-editor\" data-id=\"2ed1aa5\" data-element_type=\"widget\" data-widget_type=\"text-editor.default\">\n\t\t\t\t<div class=\"elementor-widget-container\">\n\t\t\t\t\t\t\t\t\t<p style=\"text-align: justify;\"><span style=\"color: #000000; font-size: 14pt;\"><span style=\"font-weight: 400;\">La liste des 23 joueuses engag\u00e9es dans la coupe du monde a \u00e9t\u00e9 d\u00e9voil\u00e9e le Jeudi 2 Mai par Corinne Diacre, la s\u00e9lectionneuse de l\u2019\u00e9quipe.\u00a0<\/span><span style=\"font-weight: 400;\">L\u2019\u00e9quipe de France f\u00e9minine n\u2019a encore jamais remport\u00e9 la Coupe du monde cr\u00e9\u00e9e en 1991 et disput\u00e9e tous les 4 ans.<\/span><\/span><\/p>\t\t\t\t\t\t\t\t<\/div>\n\t\t\t\t<\/div>\n\t\t\t\t\t<\/div>\n\t\t<\/div>\n\t\t\t\t\t<\/div>\n\t\t<\/section>\n\t\t\t\t<section class=\"elementor-section elementor-top-section elementor-element elementor-element-c82e061 elementor-section-boxed elementor-section-height-default elementor-section-height-default\" data-id=\"c82e061\" data-element_type=\"section\">\n\t\t\t\t\t\t<div class=\"elementor-container elementor-column-gap-default\">\n\t\t\t\t\t<div class=\"elementor-column elementor-col-100 elementor-top-column elementor-element elementor-element-53c58a4\" data-id=\"53c58a4\" data-element_type=\"column\">\n\t\t\t<div class=\"elementor-widget-wrap elementor-element-populated\">\n\t\t\t\t\t\t<div class=\"elementor-element elementor-element-2f58356 elementor-widget elementor-widget-text-editor\" data-id=\"2f58356\" data-element_type=\"widget\" data-widget_type=\"text-editor.default\">\n\t\t\t\t<div class=\"elementor-widget-container\">\n\t\t\t\t\t\t\t\t\t<h2 style=\"text-align: center;\"><span style=\"font-size: 30pt;\"><strong>Un \u00e9v\u00e9nement majeur<\/strong><\/span><\/h2>\t\t\t\t\t\t\t\t<\/div>\n\t\t\t\t<\/div>\n\t\t\t\t\t<\/div>\n\t\t<\/div>\n\t\t\t\t\t<\/div>\n\t\t<\/section>\n\t\t\t\t<section class=\"elementor-section elementor-top-section elementor-element elementor-element-50cd387 elementor-section-boxed elementor-section-height-default elementor-section-height-default\" data-id=\"50cd387\" data-element_type=\"section\">\n\t\t\t\t\t\t<div class=\"elementor-container elementor-column-gap-default\">\n\t\t\t\t\t<div class=\"elementor-column elementor-col-100 elementor-top-column elementor-element elementor-element-46f9b94\" data-id=\"46f9b94\" data-element_type=\"column\">\n\t\t\t<div class=\"elementor-widget-wrap elementor-element-populated\">\n\t\t\t\t\t\t<div class=\"elementor-element elementor-element-f46b9bc elementor-widget elementor-widget-text-editor\" data-id=\"f46b9bc\" data-element_type=\"widget\" data-widget_type=\"text-editor.default\">\n\t\t\t\t<div class=\"elementor-widget-container\">\n\t\t\t\t\t\t\t\t\t<p style=\"text-align: justify;\"><span style=\"color: #000000; font-size: 14pt;\">Restons r\u00e9alistes, l\u2019engouement pour le football f\u00e9minin n\u2019est pas encore \u00e9quivalent \u00e0 celui du football masculin. Les chiffres de la F\u00e9d\u00e9ration Fran\u00e7aise de Football parlent d\u2019eux-m\u00eames. En 2018, elle comptait 2.2 millions de licenci\u00e9s dont seulement 164638 f\u00e9minines.<\/span><br \/><span style=\"color: #000000; font-size: 14pt;\">Cependant, l\u2019\u00e9volution est prometteuse et l\u2019obtention par la France de cet \u00e9v\u00e9nement majeur t\u00e9moigne de la bonne sant\u00e9 du football f\u00e9minin dans l\u2019hexagone.<\/span><br \/><span style=\"color: #000000; font-size: 14pt;\">La FFF qui oeuvre \u00e0 la f\u00e9minisation du football fran\u00e7ais depuis 2011 mettra tout en oeuvre pour faire de cette coupe du monde une manifestation totalement r\u00e9ussie. Nul doute que le <a href=\"https:\/\/www.macapflag.com\/drapeau-officiel\/321-drapeau-officiel-a-agiter-francais-.html\" target=\"_blank\" rel=\"noopener\"><span style=\"color: #3366ff;\"><strong>drapeau tricolore<\/strong><\/span><\/a>, la <a href=\"https:\/\/www.macapflag.com\/39-banderole-bache-publicitaire\" target=\"_blank\" rel=\"noopener\"><span style=\"color: #3366ff;\"><strong>banderole drapeau coupe du monde<\/strong><\/span><\/a> et bien d\u2019autres supports de communication vont fleurir les stades et les rues des villes qui dans lesquelles vont se d\u00e9rouler les matchs. <\/span><\/p>\t\t\t\t\t\t\t\t<\/div>\n\t\t\t\t<\/div>\n\t\t\t\t\t<\/div>\n\t\t<\/div>\n\t\t\t\t\t<\/div>\n\t\t<\/section>\n\t\t\t\t<section class=\"elementor-section elementor-top-section elementor-element elementor-element-6245729 elementor-section-boxed elementor-section-height-default elementor-section-height-default\" data-id=\"6245729\" data-element_type=\"section\">\n\t\t\t\t\t\t<div class=\"elementor-container elementor-column-gap-default\">\n\t\t\t\t\t<div class=\"elementor-column elementor-col-100 elementor-top-column elementor-element elementor-element-9aaa01f\" data-id=\"9aaa01f\" data-element_type=\"column\">\n\t\t\t<div class=\"elementor-widget-wrap elementor-element-populated\">\n\t\t\t\t\t\t<div class=\"elementor-element elementor-element-15b9496 elementor-widget elementor-widget-text-editor\" data-id=\"15b9496\" data-element_type=\"widget\" data-widget_type=\"text-editor.default\">\n\t\t\t\t<div class=\"elementor-widget-container\">\n\t\t\t\t\t\t\t\t\t<p style=\"text-align: center;\"><em><span style=\"color: #000000;\">Cr\u00e9dit Photos &amp; images FFF et C News<\/span><\/em><\/p>\t\t\t\t\t\t\t\t<\/div>\n\t\t\t\t<\/div>\n\t\t\t\t\t<\/div>\n\t\t<\/div>\n\t\t\t\t\t<\/div>\n\t\t<\/section>\n\t\t\t\t<section class=\"elementor-section elementor-top-section elementor-element elementor-element-c0d18e5 elementor-section-boxed elementor-section-height-default elementor-section-height-default\" data-id=\"c0d18e5\" data-element_type=\"section\">\n\t\t\t\t\t\t<div class=\"elementor-container elementor-column-gap-default\">\n\t\t\t\t\t<div class=\"elementor-column elementor-col-100 elementor-top-column elementor-element elementor-element-34c1b55\" data-id=\"34c1b55\" data-element_type=\"column\">\n\t\t\t<div class=\"elementor-widget-wrap elementor-element-populated\">\n\t\t\t\t\t\t<div class=\"elementor-element elementor-element-0b9bcbf elementor-widget elementor-widget-text-editor\" data-id=\"0b9bcbf\" data-element_type=\"widget\" data-widget_type=\"text-editor.default\">\n\t\t\t\t<div class=\"elementor-widget-container\">\n\t\t\t\t\t\t\t\t\t<p><strong><img decoding=\"async\" class=\"size-full wp-image-2887 aligncenter\" src=\"https:\/\/www.macapflag.com\/blog\/wp-content\/uploads\/2018\/10\/picto-newsactu235x135.gif\" alt=\"\" width=\"235\" height=\"135\" \/><\/strong><\/p><p style=\"text-align: center;\"><span style=\"color: #000000;\"><strong>Macap<\/strong><\/span>\u00a0<strong>&#8211; Mercredi 5 Juin 2019<\/strong><\/p><p style=\"text-align: center;\">\u00a0<\/p>\t\t\t\t\t\t\t\t<\/div>\n\t\t\t\t<\/div>\n\t\t\t\t\t<\/div>\n\t\t<\/div>\n\t\t\t\t\t<\/div>\n\t\t<\/section>\n\t\t\t\t<\/div>\n\t\t","protected":false},"excerpt":{"rendered":"<div class=\"tmnf_excerpt\"><p>L\u2019ann\u00e9e derni\u00e8re notre \u00e9quipe de France masculine de football a brill\u00e9 tout au long de la comp\u00e9tition jusqu\u2019\u00e0 la remporter le 15 Juillet 2018.Cette date restera grav\u00e9e dans nos m\u00e9moires comme un des grands \u00e9v\u00e9nements sportifs nationaux, de ceux qui font flotter le drapeau fran\u00e7ais \u00e0 tous les coins de rues.Cette ann\u00e9e, ce sont les &hellip;<\/p>\n<\/div>","protected":false},"author":2,"featured_media":3763,"comment_status":"closed","ping_status":"open","sticky":false,"template":"template-fullwidth.php","format":"standard","meta":{"footnotes":""},"categories":[92],"tags":[],"class_list":["post-3761","post","type-post","status-publish","format-standard","has-post-thumbnail","hentry","category-news"],"yoast_head":"<!-- This site is optimized with the Yoast SEO plugin v26.4 - https:\/\/yoast.com\/wordpress\/plugins\/seo\/ -->\n<title>La Coupe du Monde f\u00e9minine de Football d\u00e9bute le 7 Juin 2019 en France<\/title>\n<meta name=\"description\" content=\"Retrouvez toutes les infos utiles sur la coupe du monde f\u00e9minine de football : calendrier et diffusions de cet \u00e9v\u00e9nement majeur en France\" \/>\n<meta name=\"robots\" content=\"index, follow, max-snippet:-1, max-image-preview:large, max-video-preview:-1\" \/>\n<link rel=\"canonical\" href=\"https:\/\/www.macapflag.com\/blog\/la-coupe-du-monde-feminine-de-football-cest-pour-bientot\/\" \/>\n<meta property=\"og:locale\" content=\"fr_FR\" \/>\n<meta property=\"og:type\" content=\"article\" \/>\n<meta property=\"og:title\" content=\"La Coupe du Monde f\u00e9minine de Football d\u00e9bute le 7 Juin 2019 en France\" \/>\n<meta property=\"og:description\" content=\"Retrouvez toutes les infos utiles sur la coupe du monde f\u00e9minine de football : calendrier et diffusions de cet \u00e9v\u00e9nement majeur en France\" \/>\n<meta property=\"og:url\" content=\"https:\/\/www.macapflag.com\/blog\/la-coupe-du-monde-feminine-de-football-cest-pour-bientot\/\" \/>\n<meta property=\"og:site_name\" content=\"Blog - Macap\" \/>\n<meta property=\"article:publisher\" content=\"https:\/\/www.facebook.com\/macap.pavoisement\/\" \/>\n<meta property=\"article:published_time\" content=\"2019-06-05T09:00:14+00:00\" \/>\n<meta property=\"article:modified_time\" content=\"2021-10-28T12:35:51+00:00\" \/>\n<meta property=\"og:image\" content=\"https:\/\/www.macapflag.com\/blog\/wp-content\/uploads\/2019\/05\/coupe-du-monde-football-feminine-TITRE.jpg\" \/>\n\t<meta property=\"og:image:width\" content=\"700\" \/>\n\t<meta property=\"og:image:height\" content=\"534\" \/>\n\t<meta property=\"og:image:type\" content=\"image\/jpeg\" \/>\n<meta name=\"author\" content=\"Blog Macap\" \/>\n<meta name=\"twitter:card\" content=\"summary_large_image\" \/>\n<meta name=\"twitter:label1\" content=\"\u00c9crit par\" \/>\n\t<meta name=\"twitter:data1\" content=\"Blog Macap\" \/>\n\t<meta name=\"twitter:label2\" content=\"Dur\u00e9e de lecture estim\u00e9e\" \/>\n\t<meta name=\"twitter:data2\" content=\"2 minutes\" \/>\n<script type=\"application\/ld+json\" class=\"yoast-schema-graph\">{\"@context\":\"https:\/\/schema.org\",\"@graph\":[{\"@type\":\"Article\",\"@id\":\"https:\/\/www.macapflag.com\/blog\/la-coupe-du-monde-feminine-de-football-cest-pour-bientot\/#article\",\"isPartOf\":{\"@id\":\"https:\/\/www.macapflag.com\/blog\/la-coupe-du-monde-feminine-de-football-cest-pour-bientot\/\"},\"author\":{\"name\":\"Blog Macap\",\"@id\":\"https:\/\/www.macapflag.com\/blog\/#\/schema\/person\/3fea701f2603875e651e6b662578fc3c\"},\"headline\":\"La Coupe du Monde f\u00e9minine de Football c&#8217;est pour bient\u00f4t !\",\"datePublished\":\"2019-06-05T09:00:14+00:00\",\"dateModified\":\"2021-10-28T12:35:51+00:00\",\"mainEntityOfPage\":{\"@id\":\"https:\/\/www.macapflag.com\/blog\/la-coupe-du-monde-feminine-de-football-cest-pour-bientot\/\"},\"wordCount\":401,\"publisher\":{\"@id\":\"https:\/\/www.macapflag.com\/blog\/#organization\"},\"image\":{\"@id\":\"https:\/\/www.macapflag.com\/blog\/la-coupe-du-monde-feminine-de-football-cest-pour-bientot\/#primaryimage\"},\"thumbnailUrl\":\"https:\/\/www.macapflag.com\/blog\/wp-content\/uploads\/2019\/05\/coupe-du-monde-football-feminine-TITRE.jpg\",\"articleSection\":[\"News &amp; Actu\"],\"inLanguage\":\"fr-FR\"},{\"@type\":\"WebPage\",\"@id\":\"https:\/\/www.macapflag.com\/blog\/la-coupe-du-monde-feminine-de-football-cest-pour-bientot\/\",\"url\":\"https:\/\/www.macapflag.com\/blog\/la-coupe-du-monde-feminine-de-football-cest-pour-bientot\/\",\"name\":\"La Coupe du Monde f\u00e9minine de Football d\u00e9bute le 7 Juin 2019 en France\",\"isPartOf\":{\"@id\":\"https:\/\/www.macapflag.com\/blog\/#website\"},\"primaryImageOfPage\":{\"@id\":\"https:\/\/www.macapflag.com\/blog\/la-coupe-du-monde-feminine-de-football-cest-pour-bientot\/#primaryimage\"},\"image\":{\"@id\":\"https:\/\/www.macapflag.com\/blog\/la-coupe-du-monde-feminine-de-football-cest-pour-bientot\/#primaryimage\"},\"thumbnailUrl\":\"https:\/\/www.macapflag.com\/blog\/wp-content\/uploads\/2019\/05\/coupe-du-monde-football-feminine-TITRE.jpg\",\"datePublished\":\"2019-06-05T09:00:14+00:00\",\"dateModified\":\"2021-10-28T12:35:51+00:00\",\"description\":\"Retrouvez toutes les infos utiles sur la coupe du monde f\u00e9minine de football : calendrier et diffusions de cet \u00e9v\u00e9nement majeur en France\",\"breadcrumb\":{\"@id\":\"https:\/\/www.macapflag.com\/blog\/la-coupe-du-monde-feminine-de-football-cest-pour-bientot\/#breadcrumb\"},\"inLanguage\":\"fr-FR\",\"potentialAction\":[{\"@type\":\"ReadAction\",\"target\":[\"https:\/\/www.macapflag.com\/blog\/la-coupe-du-monde-feminine-de-football-cest-pour-bientot\/\"]}]},{\"@type\":\"ImageObject\",\"inLanguage\":\"fr-FR\",\"@id\":\"https:\/\/www.macapflag.com\/blog\/la-coupe-du-monde-feminine-de-football-cest-pour-bientot\/#primaryimage\",\"url\":\"https:\/\/www.macapflag.com\/blog\/wp-content\/uploads\/2019\/05\/coupe-du-monde-football-feminine-TITRE.jpg\",\"contentUrl\":\"https:\/\/www.macapflag.com\/blog\/wp-content\/uploads\/2019\/05\/coupe-du-monde-football-feminine-TITRE.jpg\",\"width\":700,\"height\":534,\"caption\":\"la coupe du monde f\u00e9minine de football se d\u00e9roule en France \u00e0 partir du 7 Juin 2019\"},{\"@type\":\"BreadcrumbList\",\"@id\":\"https:\/\/www.macapflag.com\/blog\/la-coupe-du-monde-feminine-de-football-cest-pour-bientot\/#breadcrumb\",\"itemListElement\":[{\"@type\":\"ListItem\",\"position\":1,\"name\":\"Accueil\",\"item\":\"https:\/\/www.macapflag.com\/blog\/\"},{\"@type\":\"ListItem\",\"position\":2,\"name\":\"La Coupe du Monde f\u00e9minine de Football c&#8217;est pour bient\u00f4t !\"}]},{\"@type\":\"WebSite\",\"@id\":\"https:\/\/www.macapflag.com\/blog\/#website\",\"url\":\"https:\/\/www.macapflag.com\/blog\/\",\"name\":\"Blog - Macap\",\"description\":\"Tous nos articles\",\"publisher\":{\"@id\":\"https:\/\/www.macapflag.com\/blog\/#organization\"},\"potentialAction\":[{\"@type\":\"SearchAction\",\"target\":{\"@type\":\"EntryPoint\",\"urlTemplate\":\"https:\/\/www.macapflag.com\/blog\/?s={search_term_string}\"},\"query-input\":{\"@type\":\"PropertyValueSpecification\",\"valueRequired\":true,\"valueName\":\"search_term_string\"}}],\"inLanguage\":\"fr-FR\"},{\"@type\":\"Organization\",\"@id\":\"https:\/\/www.macapflag.com\/blog\/#organization\",\"name\":\"macapflag\",\"url\":\"https:\/\/www.macapflag.com\/blog\/\",\"logo\":{\"@type\":\"ImageObject\",\"inLanguage\":\"fr-FR\",\"@id\":\"https:\/\/www.macapflag.com\/blog\/#\/schema\/logo\/image\/\",\"url\":\"https:\/\/www.macapflag.com\/blog\/wp-content\/uploads\/2020\/12\/cropped-M-512-1.png\",\"contentUrl\":\"https:\/\/www.macapflag.com\/blog\/wp-content\/uploads\/2020\/12\/cropped-M-512-1.png\",\"width\":512,\"height\":512,\"caption\":\"macapflag\"},\"image\":{\"@id\":\"https:\/\/www.macapflag.com\/blog\/#\/schema\/logo\/image\/\"},\"sameAs\":[\"https:\/\/www.facebook.com\/macap.pavoisement\/\",\"https:\/\/www.instagram.com\/macapflag\/?hl=fr\",\"https:\/\/www.linkedin.com\/company\/macap\/?originalSubdomain=fr\",\"https:\/\/www.youtube.com\/channel\/UCXNzTIdZh9poEBjSXEqDtNw\"]},{\"@type\":\"Person\",\"@id\":\"https:\/\/www.macapflag.com\/blog\/#\/schema\/person\/3fea701f2603875e651e6b662578fc3c\",\"name\":\"Blog Macap\",\"image\":{\"@type\":\"ImageObject\",\"inLanguage\":\"fr-FR\",\"@id\":\"https:\/\/www.macapflag.com\/blog\/#\/schema\/person\/image\/\",\"url\":\"https:\/\/secure.gravatar.com\/avatar\/c12551f2dc51f0db049633b03e7856985477a70da834cc8967dea4ce54bdd6a2?s=96&d=mm&r=g\",\"contentUrl\":\"https:\/\/secure.gravatar.com\/avatar\/c12551f2dc51f0db049633b03e7856985477a70da834cc8967dea4ce54bdd6a2?s=96&d=mm&r=g\",\"caption\":\"Blog Macap\"},\"url\":\"https:\/\/www.macapflag.com\/blog\/author\/macap\/\"}]}<\/script>\n<!-- \/ Yoast SEO plugin. -->","yoast_head_json":{"title":"La Coupe du Monde f\u00e9minine de Football d\u00e9bute le 7 Juin 2019 en France","description":"Retrouvez toutes les infos utiles sur la coupe du monde f\u00e9minine de football : calendrier et diffusions de cet \u00e9v\u00e9nement majeur en France","robots":{"index":"index","follow":"follow","max-snippet":"max-snippet:-1","max-image-preview":"max-image-preview:large","max-video-preview":"max-video-preview:-1"},"canonical":"https:\/\/www.macapflag.com\/blog\/la-coupe-du-monde-feminine-de-football-cest-pour-bientot\/","og_locale":"fr_FR","og_type":"article","og_title":"La Coupe du Monde f\u00e9minine de Football d\u00e9bute le 7 Juin 2019 en France","og_description":"Retrouvez toutes les infos utiles sur la coupe du monde f\u00e9minine de football : calendrier et diffusions de cet \u00e9v\u00e9nement majeur en France","og_url":"https:\/\/www.macapflag.com\/blog\/la-coupe-du-monde-feminine-de-football-cest-pour-bientot\/","og_site_name":"Blog - Macap","article_publisher":"https:\/\/www.facebook.com\/macap.pavoisement\/","article_published_time":"2019-06-05T09:00:14+00:00","article_modified_time":"2021-10-28T12:35:51+00:00","og_image":[{"width":700,"height":534,"url":"https:\/\/www.macapflag.com\/blog\/wp-content\/uploads\/2019\/05\/coupe-du-monde-football-feminine-TITRE.jpg","type":"image\/jpeg"}],"author":"Blog Macap","twitter_card":"summary_large_image","twitter_misc":{"\u00c9crit par":"Blog Macap","Dur\u00e9e de lecture estim\u00e9e":"2 minutes"},"schema":{"@context":"https:\/\/schema.org","@graph":[{"@type":"Article","@id":"https:\/\/www.macapflag.com\/blog\/la-coupe-du-monde-feminine-de-football-cest-pour-bientot\/#article","isPartOf":{"@id":"https:\/\/www.macapflag.com\/blog\/la-coupe-du-monde-feminine-de-football-cest-pour-bientot\/"},"author":{"name":"Blog Macap","@id":"https:\/\/www.macapflag.com\/blog\/#\/schema\/person\/3fea701f2603875e651e6b662578fc3c"},"headline":"La Coupe du Monde f\u00e9minine de Football c&#8217;est pour bient\u00f4t !","datePublished":"2019-06-05T09:00:14+00:00","dateModified":"2021-10-28T12:35:51+00:00","mainEntityOfPage":{"@id":"https:\/\/www.macapflag.com\/blog\/la-coupe-du-monde-feminine-de-football-cest-pour-bientot\/"},"wordCount":401,"publisher":{"@id":"https:\/\/www.macapflag.com\/blog\/#organization"},"image":{"@id":"https:\/\/www.macapflag.com\/blog\/la-coupe-du-monde-feminine-de-football-cest-pour-bientot\/#primaryimage"},"thumbnailUrl":"https:\/\/www.macapflag.com\/blog\/wp-content\/uploads\/2019\/05\/coupe-du-monde-football-feminine-TITRE.jpg","articleSection":["News &amp; Actu"],"inLanguage":"fr-FR"},{"@type":"WebPage","@id":"https:\/\/www.macapflag.com\/blog\/la-coupe-du-monde-feminine-de-football-cest-pour-bientot\/","url":"https:\/\/www.macapflag.com\/blog\/la-coupe-du-monde-feminine-de-football-cest-pour-bientot\/","name":"La Coupe du Monde f\u00e9minine de Football d\u00e9bute le 7 Juin 2019 en France","isPartOf":{"@id":"https:\/\/www.macapflag.com\/blog\/#website"},"primaryImageOfPage":{"@id":"https:\/\/www.macapflag.com\/blog\/la-coupe-du-monde-feminine-de-football-cest-pour-bientot\/#primaryimage"},"image":{"@id":"https:\/\/www.macapflag.com\/blog\/la-coupe-du-monde-feminine-de-football-cest-pour-bientot\/#primaryimage"},"thumbnailUrl":"https:\/\/www.macapflag.com\/blog\/wp-content\/uploads\/2019\/05\/coupe-du-monde-football-feminine-TITRE.jpg","datePublished":"2019-06-05T09:00:14+00:00","dateModified":"2021-10-28T12:35:51+00:00","description":"Retrouvez toutes les infos utiles sur la coupe du monde f\u00e9minine de football : calendrier et diffusions de cet \u00e9v\u00e9nement majeur en France","breadcrumb":{"@id":"https:\/\/www.macapflag.com\/blog\/la-coupe-du-monde-feminine-de-football-cest-pour-bientot\/#breadcrumb"},"inLanguage":"fr-FR","potentialAction":[{"@type":"ReadAction","target":["https:\/\/www.macapflag.com\/blog\/la-coupe-du-monde-feminine-de-football-cest-pour-bientot\/"]}]},{"@type":"ImageObject","inLanguage":"fr-FR","@id":"https:\/\/www.macapflag.com\/blog\/la-coupe-du-monde-feminine-de-football-cest-pour-bientot\/#primaryimage","url":"https:\/\/www.macapflag.com\/blog\/wp-content\/uploads\/2019\/05\/coupe-du-monde-football-feminine-TITRE.jpg","contentUrl":"https:\/\/www.macapflag.com\/blog\/wp-content\/uploads\/2019\/05\/coupe-du-monde-football-feminine-TITRE.jpg","width":700,"height":534,"caption":"la coupe du monde f\u00e9minine de football se d\u00e9roule en France \u00e0 partir du 7 Juin 2019"},{"@type":"BreadcrumbList","@id":"https:\/\/www.macapflag.com\/blog\/la-coupe-du-monde-feminine-de-football-cest-pour-bientot\/#breadcrumb","itemListElement":[{"@type":"ListItem","position":1,"name":"Accueil","item":"https:\/\/www.macapflag.com\/blog\/"},{"@type":"ListItem","position":2,"name":"La Coupe du Monde f\u00e9minine de Football c&#8217;est pour bient\u00f4t !"}]},{"@type":"WebSite","@id":"https:\/\/www.macapflag.com\/blog\/#website","url":"https:\/\/www.macapflag.com\/blog\/","name":"Blog - Macap","description":"Tous nos articles","publisher":{"@id":"https:\/\/www.macapflag.com\/blog\/#organization"},"potentialAction":[{"@type":"SearchAction","target":{"@type":"EntryPoint","urlTemplate":"https:\/\/www.macapflag.com\/blog\/?s={search_term_string}"},"query-input":{"@type":"PropertyValueSpecification","valueRequired":true,"valueName":"search_term_string"}}],"inLanguage":"fr-FR"},{"@type":"Organization","@id":"https:\/\/www.macapflag.com\/blog\/#organization","name":"macapflag","url":"https:\/\/www.macapflag.com\/blog\/","logo":{"@type":"ImageObject","inLanguage":"fr-FR","@id":"https:\/\/www.macapflag.com\/blog\/#\/schema\/logo\/image\/","url":"https:\/\/www.macapflag.com\/blog\/wp-content\/uploads\/2020\/12\/cropped-M-512-1.png","contentUrl":"https:\/\/www.macapflag.com\/blog\/wp-content\/uploads\/2020\/12\/cropped-M-512-1.png","width":512,"height":512,"caption":"macapflag"},"image":{"@id":"https:\/\/www.macapflag.com\/blog\/#\/schema\/logo\/image\/"},"sameAs":["https:\/\/www.facebook.com\/macap.pavoisement\/","https:\/\/www.instagram.com\/macapflag\/?hl=fr","https:\/\/www.linkedin.com\/company\/macap\/?originalSubdomain=fr","https:\/\/www.youtube.com\/channel\/UCXNzTIdZh9poEBjSXEqDtNw"]},{"@type":"Person","@id":"https:\/\/www.macapflag.com\/blog\/#\/schema\/person\/3fea701f2603875e651e6b662578fc3c","name":"Blog Macap","image":{"@type":"ImageObject","inLanguage":"fr-FR","@id":"https:\/\/www.macapflag.com\/blog\/#\/schema\/person\/image\/","url":"https:\/\/secure.gravatar.com\/avatar\/c12551f2dc51f0db049633b03e7856985477a70da834cc8967dea4ce54bdd6a2?s=96&d=mm&r=g","contentUrl":"https:\/\/secure.gravatar.com\/avatar\/c12551f2dc51f0db049633b03e7856985477a70da834cc8967dea4ce54bdd6a2?s=96&d=mm&r=g","caption":"Blog Macap"},"url":"https:\/\/www.macapflag.com\/blog\/author\/macap\/"}]}},"_links":{"self":[{"href":"https:\/\/www.macapflag.com\/blog\/wp-json\/wp\/v2\/posts\/3761","targetHints":{"allow":["GET"]}}],"collection":[{"href":"https:\/\/www.macapflag.com\/blog\/wp-json\/wp\/v2\/posts"}],"about":[{"href":"https:\/\/www.macapflag.com\/blog\/wp-json\/wp\/v2\/types\/post"}],"author":[{"embeddable":true,"href":"https:\/\/www.macapflag.com\/blog\/wp-json\/wp\/v2\/users\/2"}],"replies":[{"embeddable":true,"href":"https:\/\/www.macapflag.com\/blog\/wp-json\/wp\/v2\/comments?post=3761"}],"version-history":[{"count":22,"href":"https:\/\/www.macapflag.com\/blog\/wp-json\/wp\/v2\/posts\/3761\/revisions"}],"predecessor-version":[{"id":8542,"href":"https:\/\/www.macapflag.com\/blog\/wp-json\/wp\/v2\/posts\/3761\/revisions\/8542"}],"wp:featuredmedia":[{"embeddable":true,"href":"https:\/\/www.macapflag.com\/blog\/wp-json\/wp\/v2\/media\/3763"}],"wp:attachment":[{"href":"https:\/\/www.macapflag.com\/blog\/wp-json\/wp\/v2\/media?parent=3761"}],"wp:term":[{"taxonomy":"category","embeddable":true,"href":"https:\/\/www.macapflag.com\/blog\/wp-json\/wp\/v2\/categories?post=3761"},{"taxonomy":"post_tag","embeddable":true,"href":"https:\/\/www.macapflag.com\/blog\/wp-json\/wp\/v2\/tags?post=3761"}],"curies":[{"name":"wp","href":"https:\/\/api.w.org\/{rel}","templated":true}]}}