{"id":3794,"date":"2019-06-17T10:09:01","date_gmt":"2019-06-17T08:09:01","guid":{"rendered":"https:\/\/www.macapflag.com\/blog\/?p=3794"},"modified":"2021-02-23T15:27:18","modified_gmt":"2021-02-23T14:27:18","slug":"ete-2019","status":"publish","type":"post","link":"https:\/\/www.macapflag.com\/blog\/ete-2019\/","title":{"rendered":"Les \u00e9v\u00e9nements de l&#8217;\u00e9t\u00e9 2019 \u00e0 ne pas manquer dans le Sud"},"content":{"rendered":"\t\t<div data-elementor-type=\"wp-post\" data-elementor-id=\"3794\" class=\"elementor elementor-3794\">\n\t\t\t\t\t\t<section class=\"elementor-section elementor-top-section elementor-element elementor-element-3e1f825 elementor-section-boxed elementor-section-height-default elementor-section-height-default\" data-id=\"3e1f825\" data-element_type=\"section\">\n\t\t\t\t\t\t<div class=\"elementor-container elementor-column-gap-default\">\n\t\t\t\t\t<div class=\"elementor-column elementor-col-100 elementor-top-column elementor-element elementor-element-910c05e\" data-id=\"910c05e\" data-element_type=\"column\">\n\t\t\t<div class=\"elementor-widget-wrap elementor-element-populated\">\n\t\t\t\t\t\t<div class=\"elementor-element elementor-element-0e5ce34 elementor-widget elementor-widget-text-editor\" data-id=\"0e5ce34\" data-element_type=\"widget\" data-widget_type=\"text-editor.default\">\n\t\t\t\t<div class=\"elementor-widget-container\">\n\t\t\t\t\t\t\t\t\t<p style=\"text-align: justify;\"><span style=\"font-size: 14pt; color: #000000;\">C\u2019est la p\u00e9riode de l\u2019ann\u00e9e propice aux \u00e9v\u00e9nements propos\u00e9s en ext\u00e9rieur et aux festivals en tous genres.<\/span><br \/><span style=\"font-size: 14pt; color: #000000;\">Aujourd\u2019hui nous vous proposons un petit tour des \u00e9v\u00e9nements de la r\u00e9gion PACA avec des dates \u00e0 noter tout de suite sur l\u2019agenda de votre \u00e9t\u00e9.<br \/><\/span><span style=\"font-size: 14pt; color: #000000;\">Voici de quoi agr\u00e9menter vos journ\u00e9es \u00e0 la plage ou en bord de piscine d\u2019une touche de culture !<\/span><\/p>\t\t\t\t\t\t\t\t<\/div>\n\t\t\t\t<\/div>\n\t\t\t\t\t<\/div>\n\t\t<\/div>\n\t\t\t\t\t<\/div>\n\t\t<\/section>\n\t\t\t\t<section class=\"elementor-section elementor-top-section elementor-element elementor-element-8473fbb elementor-section-boxed elementor-section-height-default elementor-section-height-default\" data-id=\"8473fbb\" data-element_type=\"section\">\n\t\t\t\t\t\t<div class=\"elementor-container elementor-column-gap-default\">\n\t\t\t\t\t<div class=\"elementor-column elementor-col-100 elementor-top-column elementor-element elementor-element-9750567\" data-id=\"9750567\" data-element_type=\"column\">\n\t\t\t<div class=\"elementor-widget-wrap elementor-element-populated\">\n\t\t\t\t\t\t<div class=\"elementor-element elementor-element-21131a6 elementor-invisible elementor-widget elementor-widget-text-editor\" data-id=\"21131a6\" data-element_type=\"widget\" data-settings=\"{&quot;_animation&quot;:&quot;lightSpeedIn&quot;}\" data-widget_type=\"text-editor.default\">\n\t\t\t\t<div class=\"elementor-widget-container\">\n\t\t\t\t\t\t\t\t\t<h2><span style=\"color: #000000;\"><strong><span style=\"font-size: 30pt;\">C\u00f4t\u00e9 Musique &#8230;<\/span><\/strong><\/span><\/h2>\t\t\t\t\t\t\t\t<\/div>\n\t\t\t\t<\/div>\n\t\t\t\t\t<\/div>\n\t\t<\/div>\n\t\t\t\t\t<\/div>\n\t\t<\/section>\n\t\t\t\t<section class=\"elementor-section elementor-top-section elementor-element elementor-element-feb5a18 elementor-section-boxed elementor-section-height-default elementor-section-height-default\" data-id=\"feb5a18\" data-element_type=\"section\">\n\t\t\t\t\t\t<div class=\"elementor-container elementor-column-gap-default\">\n\t\t\t\t\t<div class=\"elementor-column elementor-col-100 elementor-top-column elementor-element elementor-element-2da2df2\" data-id=\"2da2df2\" data-element_type=\"column\">\n\t\t\t<div class=\"elementor-widget-wrap elementor-element-populated\">\n\t\t\t\t\t\t<div class=\"elementor-element elementor-element-83c1a8a elementor-widget elementor-widget-text-editor\" data-id=\"83c1a8a\" data-element_type=\"widget\" data-widget_type=\"text-editor.default\">\n\t\t\t\t<div class=\"elementor-widget-container\">\n\t\t\t\t\t\t\t\t\t<h3><strong>Les Chor\u00e9gies d&#8217;Orange<\/strong><\/h3>\t\t\t\t\t\t\t\t<\/div>\n\t\t\t\t<\/div>\n\t\t\t\t\t<\/div>\n\t\t<\/div>\n\t\t\t\t\t<\/div>\n\t\t<\/section>\n\t\t\t\t<section class=\"elementor-section elementor-top-section elementor-element elementor-element-158f88b elementor-section-boxed elementor-section-height-default elementor-section-height-default\" data-id=\"158f88b\" data-element_type=\"section\">\n\t\t\t\t\t\t<div class=\"elementor-container elementor-column-gap-default\">\n\t\t\t\t\t<div class=\"elementor-column elementor-col-50 elementor-top-column elementor-element elementor-element-e4e8358\" data-id=\"e4e8358\" data-element_type=\"column\">\n\t\t\t<div class=\"elementor-widget-wrap elementor-element-populated\">\n\t\t\t\t\t\t<div class=\"elementor-element elementor-element-8838fe3 elementor-invisible elementor-widget elementor-widget-image\" data-id=\"8838fe3\" data-element_type=\"widget\" data-settings=\"{&quot;_animation&quot;:&quot;zoomIn&quot;}\" data-widget_type=\"image.default\">\n\t\t\t\t<div class=\"elementor-widget-container\">\n\t\t\t\t\t\t\t\t\t\t\t\t\t\t\t<img fetchpriority=\"high\" decoding=\"async\" width=\"700\" height=\"534\" src=\"https:\/\/www.macapflag.com\/blog\/wp-content\/uploads\/2019\/06\/evenement-ete-2019-choregies.jpg\" class=\"attachment-large size-large wp-image-3799\" alt=\"De la musique classique et des repr\u00e9sentations d&#039;art lyrique dans le th\u00e9\u00e2tre antique\" srcset=\"https:\/\/www.macapflag.com\/blog\/wp-content\/uploads\/2019\/06\/evenement-ete-2019-choregies.jpg 700w, https:\/\/www.macapflag.com\/blog\/wp-content\/uploads\/2019\/06\/evenement-ete-2019-choregies-300x229.jpg 300w, https:\/\/www.macapflag.com\/blog\/wp-content\/uploads\/2019\/06\/evenement-ete-2019-choregies-80x60.jpg 80w, https:\/\/www.macapflag.com\/blog\/wp-content\/uploads\/2019\/06\/evenement-ete-2019-choregies-696x531.jpg 696w, https:\/\/www.macapflag.com\/blog\/wp-content\/uploads\/2019\/06\/evenement-ete-2019-choregies-551x420.jpg 551w\" sizes=\"(max-width: 700px) 100vw, 700px\" \/>\t\t\t\t\t\t\t\t\t\t\t\t\t\t\t<\/div>\n\t\t\t\t<\/div>\n\t\t\t\t\t<\/div>\n\t\t<\/div>\n\t\t\t\t<div class=\"elementor-column elementor-col-50 elementor-top-column elementor-element elementor-element-ad4aee8\" data-id=\"ad4aee8\" data-element_type=\"column\">\n\t\t\t<div class=\"elementor-widget-wrap elementor-element-populated\">\n\t\t\t\t\t\t<div class=\"elementor-element elementor-element-ea90c85 elementor-invisible elementor-widget elementor-widget-text-editor\" data-id=\"ea90c85\" data-element_type=\"widget\" data-settings=\"{&quot;_animation&quot;:&quot;zoomIn&quot;}\" data-widget_type=\"text-editor.default\">\n\t\t\t\t<div class=\"elementor-widget-container\">\n\t\t\t\t\t\t\t\t\t<p><span style=\"font-size: 14pt; color: #000000;\"><strong>C\u2019est quand ?<\/strong> <\/span><\/p><p><span style=\"font-size: 14pt; color: #000000;\">du 19 Juin au 6 Ao\u00fbt 2019<\/span><\/p><p><span style=\"font-size: 14pt; color: #000000;\"><strong>C\u2019est quoi ?<\/strong><\/span><\/p><p><span style=\"font-size: 14pt; color: #000000;\">Durant toute la p\u00e9riode du festival, des concerts de musique classique et des repr\u00e9sentations d\u2019art lyrique sont propos\u00e9s au sein du th\u00e9\u00e2tre antique magnifiquement conserv\u00e9. Avec une capacit\u00e9 d\u2019accueil de 8600 personnes, c\u2019est le plus ancien festival fran\u00e7ais puisqu\u2019il date de 1869 et f\u00eate donc cette ann\u00e9e ses 150 ans.<\/span><\/p><p><a href=\"https:\/\/www.choregies.fr\/\" target=\"_blank\" rel=\"noopener\"><span style=\"color: #3366ff;\"><strong><span style=\"font-size: 14pt;\">https:\/\/www.choregies.fr\/<\/span><\/strong><\/span><\/a><\/p>\t\t\t\t\t\t\t\t<\/div>\n\t\t\t\t<\/div>\n\t\t\t\t\t<\/div>\n\t\t<\/div>\n\t\t\t\t\t<\/div>\n\t\t<\/section>\n\t\t\t\t<section class=\"elementor-section elementor-top-section elementor-element elementor-element-b9ac35e elementor-section-boxed elementor-section-height-default elementor-section-height-default\" data-id=\"b9ac35e\" data-element_type=\"section\">\n\t\t\t\t\t\t<div class=\"elementor-container elementor-column-gap-default\">\n\t\t\t\t\t<div class=\"elementor-column elementor-col-100 elementor-top-column elementor-element elementor-element-391cbb7\" data-id=\"391cbb7\" data-element_type=\"column\">\n\t\t\t<div class=\"elementor-widget-wrap elementor-element-populated\">\n\t\t\t\t\t\t<div class=\"elementor-element elementor-element-1a06c93 elementor-widget elementor-widget-text-editor\" data-id=\"1a06c93\" data-element_type=\"widget\" data-widget_type=\"text-editor.default\">\n\t\t\t\t<div class=\"elementor-widget-container\">\n\t\t\t\t\t\t\t\t\t<h3><strong>Le festival de N\u00eemes<\/strong><\/h3>\t\t\t\t\t\t\t\t<\/div>\n\t\t\t\t<\/div>\n\t\t\t\t\t<\/div>\n\t\t<\/div>\n\t\t\t\t\t<\/div>\n\t\t<\/section>\n\t\t\t\t<section class=\"elementor-section elementor-top-section elementor-element elementor-element-1f276af elementor-section-boxed elementor-section-height-default elementor-section-height-default\" data-id=\"1f276af\" data-element_type=\"section\">\n\t\t\t\t\t\t<div class=\"elementor-container elementor-column-gap-default\">\n\t\t\t\t\t<div class=\"elementor-column elementor-col-50 elementor-top-column elementor-element elementor-element-a919be1\" data-id=\"a919be1\" data-element_type=\"column\">\n\t\t\t<div class=\"elementor-widget-wrap elementor-element-populated\">\n\t\t\t\t\t\t<div class=\"elementor-element elementor-element-9560f68 elementor-invisible elementor-widget elementor-widget-image\" data-id=\"9560f68\" data-element_type=\"widget\" data-settings=\"{&quot;_animation&quot;:&quot;zoomIn&quot;}\" data-widget_type=\"image.default\">\n\t\t\t\t<div class=\"elementor-widget-container\">\n\t\t\t\t\t\t\t\t\t\t\t\t\t\t\t<img decoding=\"async\" width=\"700\" height=\"534\" src=\"https:\/\/www.macapflag.com\/blog\/wp-content\/uploads\/2019\/06\/evenement-ete-2019-nimes.jpg\" class=\"attachment-large size-large wp-image-3802\" alt=\"du 23 Juin au 20 Juillet, les ar\u00e8nes accueillent de nombreux artistes\" srcset=\"https:\/\/www.macapflag.com\/blog\/wp-content\/uploads\/2019\/06\/evenement-ete-2019-nimes.jpg 700w, https:\/\/www.macapflag.com\/blog\/wp-content\/uploads\/2019\/06\/evenement-ete-2019-nimes-300x229.jpg 300w, https:\/\/www.macapflag.com\/blog\/wp-content\/uploads\/2019\/06\/evenement-ete-2019-nimes-80x60.jpg 80w, https:\/\/www.macapflag.com\/blog\/wp-content\/uploads\/2019\/06\/evenement-ete-2019-nimes-696x531.jpg 696w, https:\/\/www.macapflag.com\/blog\/wp-content\/uploads\/2019\/06\/evenement-ete-2019-nimes-551x420.jpg 551w\" sizes=\"(max-width: 700px) 100vw, 700px\" \/>\t\t\t\t\t\t\t\t\t\t\t\t\t\t\t<\/div>\n\t\t\t\t<\/div>\n\t\t\t\t\t<\/div>\n\t\t<\/div>\n\t\t\t\t<div class=\"elementor-column elementor-col-50 elementor-top-column elementor-element elementor-element-cad8acf\" data-id=\"cad8acf\" data-element_type=\"column\">\n\t\t\t<div class=\"elementor-widget-wrap elementor-element-populated\">\n\t\t\t\t\t\t<div class=\"elementor-element elementor-element-283ae43 elementor-invisible elementor-widget elementor-widget-text-editor\" data-id=\"283ae43\" data-element_type=\"widget\" data-settings=\"{&quot;_animation&quot;:&quot;zoomIn&quot;}\" data-widget_type=\"text-editor.default\">\n\t\t\t\t<div class=\"elementor-widget-container\">\n\t\t\t\t\t\t\t\t\t<p><span style=\"font-size: 14pt; color: #000000;\"><strong>C\u2019est quand ?<\/strong> <\/span><\/p><p><span style=\"font-size: 14pt; color: #000000;\">du 23 Juin au 20 Juillet 2019<\/span><\/p><p><span style=\"font-size: 14pt; color: #000000;\"><strong>C\u2019est quoi ?<\/strong><\/span><\/p><p><span style=\"font-size: 14pt; color: #000000;\">Des concerts magnifi\u00e9s par ce lieu charg\u00e9 d\u2019histoire, les ar\u00e8nes. <\/span><br \/><span style=\"font-size: 14pt; color: #000000;\">Une programmation riche et diversifi\u00e9e d\u2019artistes tels Soprano, ZZTop mais aussi Jamel pour son spectacle comique en date du 10 Juillet.<\/span><\/p><p><span style=\"font-size: 14pt;\"><a href=\"https:\/\/www.festivaldenimes.com\/\" target=\"_blank\" rel=\"noopener\"><span style=\"color: #3366ff;\"><strong>https:\/\/www.festivaldenimes.com\/<\/strong><\/span><\/a><\/span><\/p>\t\t\t\t\t\t\t\t<\/div>\n\t\t\t\t<\/div>\n\t\t\t\t\t<\/div>\n\t\t<\/div>\n\t\t\t\t\t<\/div>\n\t\t<\/section>\n\t\t\t\t<section class=\"elementor-section elementor-top-section elementor-element elementor-element-9a8a131 elementor-section-boxed elementor-section-height-default elementor-section-height-default\" data-id=\"9a8a131\" data-element_type=\"section\">\n\t\t\t\t\t\t<div class=\"elementor-container elementor-column-gap-default\">\n\t\t\t\t\t<div class=\"elementor-column elementor-col-100 elementor-top-column elementor-element elementor-element-c80458e\" data-id=\"c80458e\" data-element_type=\"column\">\n\t\t\t<div class=\"elementor-widget-wrap elementor-element-populated\">\n\t\t\t\t\t\t<div class=\"elementor-element elementor-element-0e37bab elementor-widget elementor-widget-text-editor\" data-id=\"0e37bab\" data-element_type=\"widget\" data-widget_type=\"text-editor.default\">\n\t\t\t\t<div class=\"elementor-widget-container\">\n\t\t\t\t\t\t\t\t\t<h3><strong>Calvi on the Rocks<\/strong><\/h3>\t\t\t\t\t\t\t\t<\/div>\n\t\t\t\t<\/div>\n\t\t\t\t\t<\/div>\n\t\t<\/div>\n\t\t\t\t\t<\/div>\n\t\t<\/section>\n\t\t\t\t<section class=\"elementor-section elementor-top-section elementor-element elementor-element-26723da elementor-section-boxed elementor-section-height-default elementor-section-height-default\" data-id=\"26723da\" data-element_type=\"section\">\n\t\t\t\t\t\t<div class=\"elementor-container elementor-column-gap-default\">\n\t\t\t\t\t<div class=\"elementor-column elementor-col-50 elementor-top-column elementor-element elementor-element-44aac3a\" data-id=\"44aac3a\" data-element_type=\"column\">\n\t\t\t<div class=\"elementor-widget-wrap elementor-element-populated\">\n\t\t\t\t\t\t<div class=\"elementor-element elementor-element-b6568a4 elementor-invisible elementor-widget elementor-widget-image\" data-id=\"b6568a4\" data-element_type=\"widget\" data-settings=\"{&quot;_animation&quot;:&quot;zoomIn&quot;}\" data-widget_type=\"image.default\">\n\t\t\t\t<div class=\"elementor-widget-container\">\n\t\t\t\t\t\t\t\t\t\t\t\t\t\t\t<img decoding=\"async\" width=\"700\" height=\"534\" src=\"https:\/\/www.macapflag.com\/blog\/wp-content\/uploads\/2019\/06\/evenement-ete-2019-calvi.jpg\" class=\"attachment-large size-large wp-image-3798\" alt=\"Pendant 6 jours de folie, des sets de DJ et des concerts sur la plage.\" srcset=\"https:\/\/www.macapflag.com\/blog\/wp-content\/uploads\/2019\/06\/evenement-ete-2019-calvi.jpg 700w, https:\/\/www.macapflag.com\/blog\/wp-content\/uploads\/2019\/06\/evenement-ete-2019-calvi-300x229.jpg 300w, https:\/\/www.macapflag.com\/blog\/wp-content\/uploads\/2019\/06\/evenement-ete-2019-calvi-80x60.jpg 80w, https:\/\/www.macapflag.com\/blog\/wp-content\/uploads\/2019\/06\/evenement-ete-2019-calvi-696x531.jpg 696w, https:\/\/www.macapflag.com\/blog\/wp-content\/uploads\/2019\/06\/evenement-ete-2019-calvi-551x420.jpg 551w\" sizes=\"(max-width: 700px) 100vw, 700px\" \/>\t\t\t\t\t\t\t\t\t\t\t\t\t\t\t<\/div>\n\t\t\t\t<\/div>\n\t\t\t\t\t<\/div>\n\t\t<\/div>\n\t\t\t\t<div class=\"elementor-column elementor-col-50 elementor-top-column elementor-element elementor-element-b6b52df\" data-id=\"b6b52df\" data-element_type=\"column\">\n\t\t\t<div class=\"elementor-widget-wrap elementor-element-populated\">\n\t\t\t\t\t\t<div class=\"elementor-element elementor-element-b5d6f38 elementor-invisible elementor-widget elementor-widget-text-editor\" data-id=\"b5d6f38\" data-element_type=\"widget\" data-settings=\"{&quot;_animation&quot;:&quot;zoomIn&quot;}\" data-widget_type=\"text-editor.default\">\n\t\t\t\t<div class=\"elementor-widget-container\">\n\t\t\t\t\t\t\t\t\t<p><span style=\"font-size: 14pt; color: #000000;\"><strong>C\u2019est quand ?<\/strong><\/span><\/p><p><span style=\"font-size: 14pt; color: #000000;\">du 5 au 10 Juillet 2019<\/span><\/p><p><span style=\"font-size: 14pt; color: #000000;\"><strong>C\u2019est quoi ?<\/strong><\/span><\/p><p><span style=\"font-size: 14pt; color: #000000;\">Des concerts au clair de lune et des sets de DJ sur la plage, en d\u2019autres termes, 6 jours de f\u00eate sous le soleil corse. Une programmation de qualit\u00e9 avec notamment cette ann\u00e9e, Synapson, M\u00d8me, Bob Sinclar, Vladimir Cauchemar ou encore Feder.<br \/><br \/><\/span><\/p><p><a href=\"http:\/\/www.calviontherocks.com\/fr\" target=\"_blank\" rel=\"noopener\"><span style=\"color: #3366ff;\"><strong><span style=\"font-size: 14pt;\">http:\/\/www.calviontherocks.com\/fr<\/span><\/strong><\/span><\/a><\/p>\t\t\t\t\t\t\t\t<\/div>\n\t\t\t\t<\/div>\n\t\t\t\t\t<\/div>\n\t\t<\/div>\n\t\t\t\t\t<\/div>\n\t\t<\/section>\n\t\t\t\t<section class=\"elementor-section elementor-top-section elementor-element elementor-element-01ee3da elementor-section-boxed elementor-section-height-default elementor-section-height-default\" data-id=\"01ee3da\" data-element_type=\"section\">\n\t\t\t\t\t\t<div class=\"elementor-container elementor-column-gap-default\">\n\t\t\t\t\t<div class=\"elementor-column elementor-col-100 elementor-top-column elementor-element elementor-element-47ee1ee\" data-id=\"47ee1ee\" data-element_type=\"column\">\n\t\t\t<div class=\"elementor-widget-wrap elementor-element-populated\">\n\t\t\t\t\t\t<div class=\"elementor-element elementor-element-43ff8c0 elementor-widget elementor-widget-text-editor\" data-id=\"43ff8c0\" data-element_type=\"widget\" data-widget_type=\"text-editor.default\">\n\t\t\t\t<div class=\"elementor-widget-container\">\n\t\t\t\t\t\t\t\t\t<h3><strong>Jazz \u00e0 Juan<\/strong><\/h3>\t\t\t\t\t\t\t\t<\/div>\n\t\t\t\t<\/div>\n\t\t\t\t\t<\/div>\n\t\t<\/div>\n\t\t\t\t\t<\/div>\n\t\t<\/section>\n\t\t\t\t<section class=\"elementor-section elementor-top-section elementor-element elementor-element-6028c28 elementor-section-boxed elementor-section-height-default elementor-section-height-default\" data-id=\"6028c28\" data-element_type=\"section\">\n\t\t\t\t\t\t<div class=\"elementor-container elementor-column-gap-default\">\n\t\t\t\t\t<div class=\"elementor-column elementor-col-50 elementor-top-column elementor-element elementor-element-ee2d855\" data-id=\"ee2d855\" data-element_type=\"column\">\n\t\t\t<div class=\"elementor-widget-wrap elementor-element-populated\">\n\t\t\t\t\t\t<div class=\"elementor-element elementor-element-8d78284 elementor-invisible elementor-widget elementor-widget-image\" data-id=\"8d78284\" data-element_type=\"widget\" data-settings=\"{&quot;_animation&quot;:&quot;zoomIn&quot;}\" data-widget_type=\"image.default\">\n\t\t\t\t<div class=\"elementor-widget-container\">\n\t\t\t\t\t\t\t\t\t\t\t\t\t\t\t<img loading=\"lazy\" decoding=\"async\" width=\"700\" height=\"534\" src=\"https:\/\/www.macapflag.com\/blog\/wp-content\/uploads\/2019\/06\/evenement-ete-2019-juan.jpg\" class=\"attachment-large size-large wp-image-3800\" alt=\"C&#039;est \u00e0 Juan les Pins que les amoureux du jazz se retrouveront du 12 au 21 Juillet 2019\" srcset=\"https:\/\/www.macapflag.com\/blog\/wp-content\/uploads\/2019\/06\/evenement-ete-2019-juan.jpg 700w, https:\/\/www.macapflag.com\/blog\/wp-content\/uploads\/2019\/06\/evenement-ete-2019-juan-300x229.jpg 300w, https:\/\/www.macapflag.com\/blog\/wp-content\/uploads\/2019\/06\/evenement-ete-2019-juan-80x60.jpg 80w, https:\/\/www.macapflag.com\/blog\/wp-content\/uploads\/2019\/06\/evenement-ete-2019-juan-696x531.jpg 696w, https:\/\/www.macapflag.com\/blog\/wp-content\/uploads\/2019\/06\/evenement-ete-2019-juan-551x420.jpg 551w\" sizes=\"(max-width: 700px) 100vw, 700px\" \/>\t\t\t\t\t\t\t\t\t\t\t\t\t\t\t<\/div>\n\t\t\t\t<\/div>\n\t\t\t\t\t<\/div>\n\t\t<\/div>\n\t\t\t\t<div class=\"elementor-column elementor-col-50 elementor-top-column elementor-element elementor-element-cd4ed6c\" data-id=\"cd4ed6c\" data-element_type=\"column\">\n\t\t\t<div class=\"elementor-widget-wrap elementor-element-populated\">\n\t\t\t\t\t\t<div class=\"elementor-element elementor-element-9d44bfc elementor-invisible elementor-widget elementor-widget-text-editor\" data-id=\"9d44bfc\" data-element_type=\"widget\" data-settings=\"{&quot;_animation&quot;:&quot;zoomIn&quot;}\" data-widget_type=\"text-editor.default\">\n\t\t\t\t<div class=\"elementor-widget-container\">\n\t\t\t\t\t\t\t\t\t<p><span style=\"font-size: 14pt; color: #000000;\"><strong>C\u2019est quand ?<\/strong><\/span><\/p><p><span style=\"font-size: 14pt; color: #000000;\">du 12 au 21 Juillet 2019<\/span><\/p><p><span style=\"font-size: 14pt; color: #000000;\"><strong>C\u2019est quoi ?<\/strong><\/span><\/p><p><span style=\"font-size: 14pt; color: #000000;\">S\u2019il existe aujourd\u2019hui de nombreux festivals de Jazz dans la r\u00e9gion PACA (Nice Jazz Festival, Jazz \u00e0 Porquerolles etc\u2026), celui de Juan les Pins reste un \u00e9v\u00e9nement incontournable. Les plus grands noms du jazz se retrouvent en bord de mer o\u00f9 l\u2019on peut aussi bien entendre des notes qui remontent \u00e0 la m\u00e9moire du jazz que les nouvelles tendances de ce style musical.<\/span><\/p><p><span style=\"color: #3366ff;\"><strong><span style=\"font-size: 14pt;\">https:\/\/www.jazzajuan.com\/<\/span><\/strong><\/span><\/p>\t\t\t\t\t\t\t\t<\/div>\n\t\t\t\t<\/div>\n\t\t\t\t\t<\/div>\n\t\t<\/div>\n\t\t\t\t\t<\/div>\n\t\t<\/section>\n\t\t\t\t<section class=\"elementor-section elementor-top-section elementor-element elementor-element-1bd7fd4 elementor-section-boxed elementor-section-height-default elementor-section-height-default\" data-id=\"1bd7fd4\" data-element_type=\"section\">\n\t\t\t\t\t\t<div class=\"elementor-container elementor-column-gap-default\">\n\t\t\t\t\t<div class=\"elementor-column elementor-col-100 elementor-top-column elementor-element elementor-element-2a0bc4e\" data-id=\"2a0bc4e\" data-element_type=\"column\">\n\t\t\t<div class=\"elementor-widget-wrap elementor-element-populated\">\n\t\t\t\t\t\t<div class=\"elementor-element elementor-element-cb1e09f elementor-widget elementor-widget-spacer\" data-id=\"cb1e09f\" data-element_type=\"widget\" data-widget_type=\"spacer.default\">\n\t\t\t\t<div class=\"elementor-widget-container\">\n\t\t\t\t\t\t\t<div class=\"elementor-spacer\">\n\t\t\t<div class=\"elementor-spacer-inner\"><\/div>\n\t\t<\/div>\n\t\t\t\t\t\t<\/div>\n\t\t\t\t<\/div>\n\t\t\t\t\t<\/div>\n\t\t<\/div>\n\t\t\t\t\t<\/div>\n\t\t<\/section>\n\t\t\t\t<section class=\"elementor-section elementor-top-section elementor-element elementor-element-13a309b elementor-section-boxed elementor-section-height-default elementor-section-height-default\" data-id=\"13a309b\" data-element_type=\"section\">\n\t\t\t\t\t\t<div class=\"elementor-container elementor-column-gap-default\">\n\t\t\t\t\t<div class=\"elementor-column elementor-col-100 elementor-top-column elementor-element elementor-element-2d76384\" data-id=\"2d76384\" data-element_type=\"column\">\n\t\t\t<div class=\"elementor-widget-wrap elementor-element-populated\">\n\t\t\t\t\t\t<div class=\"elementor-element elementor-element-f364299 elementor-invisible elementor-widget elementor-widget-text-editor\" data-id=\"f364299\" data-element_type=\"widget\" data-settings=\"{&quot;_animation&quot;:&quot;lightSpeedIn&quot;}\" data-widget_type=\"text-editor.default\">\n\t\t\t\t<div class=\"elementor-widget-container\">\n\t\t\t\t\t\t\t\t\t<h2><span style=\"color: #000000; font-size: 30pt;\"><strong>C\u00f4t\u00e9 Th\u00e9\u00e2tre &#8230;<\/strong><\/span><\/h2>\t\t\t\t\t\t\t\t<\/div>\n\t\t\t\t<\/div>\n\t\t\t\t\t<\/div>\n\t\t<\/div>\n\t\t\t\t\t<\/div>\n\t\t<\/section>\n\t\t\t\t<section class=\"elementor-section elementor-top-section elementor-element elementor-element-358cc15 elementor-section-boxed elementor-section-height-default elementor-section-height-default\" data-id=\"358cc15\" data-element_type=\"section\">\n\t\t\t\t\t\t<div class=\"elementor-container elementor-column-gap-default\">\n\t\t\t\t\t<div class=\"elementor-column elementor-col-100 elementor-top-column elementor-element elementor-element-076a55a\" data-id=\"076a55a\" data-element_type=\"column\">\n\t\t\t<div class=\"elementor-widget-wrap elementor-element-populated\">\n\t\t\t\t\t\t<div class=\"elementor-element elementor-element-52d0769 elementor-widget elementor-widget-text-editor\" data-id=\"52d0769\" data-element_type=\"widget\" data-widget_type=\"text-editor.default\">\n\t\t\t\t<div class=\"elementor-widget-container\">\n\t\t\t\t\t\t\t\t\t<h3><strong>Le festival d&#8217;Avignon<\/strong><\/h3>\t\t\t\t\t\t\t\t<\/div>\n\t\t\t\t<\/div>\n\t\t\t\t\t<\/div>\n\t\t<\/div>\n\t\t\t\t\t<\/div>\n\t\t<\/section>\n\t\t\t\t<section class=\"elementor-section elementor-top-section elementor-element elementor-element-43b0284 elementor-section-boxed elementor-section-height-default elementor-section-height-default\" data-id=\"43b0284\" data-element_type=\"section\">\n\t\t\t\t\t\t<div class=\"elementor-container elementor-column-gap-default\">\n\t\t\t\t\t<div class=\"elementor-column elementor-col-50 elementor-top-column elementor-element elementor-element-5211a8b\" data-id=\"5211a8b\" data-element_type=\"column\">\n\t\t\t<div class=\"elementor-widget-wrap elementor-element-populated\">\n\t\t\t\t\t\t<div class=\"elementor-element elementor-element-6ee35a3 elementor-invisible elementor-widget elementor-widget-image\" data-id=\"6ee35a3\" data-element_type=\"widget\" data-settings=\"{&quot;_animation&quot;:&quot;zoomIn&quot;}\" data-widget_type=\"image.default\">\n\t\t\t\t<div class=\"elementor-widget-container\">\n\t\t\t\t\t\t\t\t\t\t\t\t\t\t\t<img loading=\"lazy\" decoding=\"async\" width=\"700\" height=\"534\" src=\"https:\/\/www.macapflag.com\/blog\/wp-content\/uploads\/2019\/06\/evenement-ete-2019-avignon.jpg\" class=\"attachment-large size-large wp-image-3797\" alt=\"Avignon se transforme en un immense th\u00e9\u00e2tre du 4 au 22 Juillet\" srcset=\"https:\/\/www.macapflag.com\/blog\/wp-content\/uploads\/2019\/06\/evenement-ete-2019-avignon.jpg 700w, https:\/\/www.macapflag.com\/blog\/wp-content\/uploads\/2019\/06\/evenement-ete-2019-avignon-300x229.jpg 300w, https:\/\/www.macapflag.com\/blog\/wp-content\/uploads\/2019\/06\/evenement-ete-2019-avignon-80x60.jpg 80w, https:\/\/www.macapflag.com\/blog\/wp-content\/uploads\/2019\/06\/evenement-ete-2019-avignon-696x531.jpg 696w, https:\/\/www.macapflag.com\/blog\/wp-content\/uploads\/2019\/06\/evenement-ete-2019-avignon-551x420.jpg 551w\" sizes=\"(max-width: 700px) 100vw, 700px\" \/>\t\t\t\t\t\t\t\t\t\t\t\t\t\t\t<\/div>\n\t\t\t\t<\/div>\n\t\t\t\t\t<\/div>\n\t\t<\/div>\n\t\t\t\t<div class=\"elementor-column elementor-col-50 elementor-top-column elementor-element elementor-element-326333d\" data-id=\"326333d\" data-element_type=\"column\">\n\t\t\t<div class=\"elementor-widget-wrap elementor-element-populated\">\n\t\t\t\t\t\t<div class=\"elementor-element elementor-element-19b2006 elementor-invisible elementor-widget elementor-widget-text-editor\" data-id=\"19b2006\" data-element_type=\"widget\" data-settings=\"{&quot;_animation&quot;:&quot;zoomIn&quot;}\" data-widget_type=\"text-editor.default\">\n\t\t\t\t<div class=\"elementor-widget-container\">\n\t\t\t\t\t\t\t\t\t<p><span style=\"font-size: 14pt; color: #000000;\"><strong>C\u2019est quand ?<\/strong><\/span><\/p><p><span style=\"font-size: 14pt; color: #000000;\">du 4 au 22 Juillet 2019<\/span><\/p><p><span style=\"font-size: 14pt; color: #000000;\"><strong>C\u2019est quoi ?<\/strong><\/span><\/p><p><span style=\"font-size: 14pt; color: #000000;\">C\u2019est un festival majeur dans l\u2019art du spectacle vivant. Chaque \u00e9t\u00e9, la ville se transforme en un gigantesque th\u00e9\u00e2tre dot\u00e9 de multiples lieux de repr\u00e9sentations : pi\u00e8ces contemporaines, spectacles de danse ou lectures forment plus de 250 repr\u00e9sentations. La plupart de ces spectacles sont des cr\u00e9ations ou des premi\u00e8res.<\/span><\/p><p><a href=\"https:\/\/festival-avignon.com\/\" target=\"_blank\" rel=\"noopener\"><span style=\"color: #3366ff;\"><strong><span style=\"font-size: 14pt;\">https:\/\/www.festival-avignon.com\/fr\/<\/span><\/strong><\/span><\/a><\/p>\t\t\t\t\t\t\t\t<\/div>\n\t\t\t\t<\/div>\n\t\t\t\t\t<\/div>\n\t\t<\/div>\n\t\t\t\t\t<\/div>\n\t\t<\/section>\n\t\t\t\t<section class=\"elementor-section elementor-top-section elementor-element elementor-element-df92e01 elementor-section-boxed elementor-section-height-default elementor-section-height-default\" data-id=\"df92e01\" data-element_type=\"section\">\n\t\t\t\t\t\t<div class=\"elementor-container elementor-column-gap-default\">\n\t\t\t\t\t<div class=\"elementor-column elementor-col-100 elementor-top-column elementor-element elementor-element-98a4349\" data-id=\"98a4349\" data-element_type=\"column\">\n\t\t\t<div class=\"elementor-widget-wrap elementor-element-populated\">\n\t\t\t\t\t\t<div class=\"elementor-element elementor-element-3a59b0f elementor-widget elementor-widget-text-editor\" data-id=\"3a59b0f\" data-element_type=\"widget\" data-widget_type=\"text-editor.default\">\n\t\t\t\t<div class=\"elementor-widget-container\">\n\t\t\t\t\t\t\t\t\t<h3><strong>Le festival de Ramatuelle<\/strong><\/h3>\t\t\t\t\t\t\t\t<\/div>\n\t\t\t\t<\/div>\n\t\t\t\t\t<\/div>\n\t\t<\/div>\n\t\t\t\t\t<\/div>\n\t\t<\/section>\n\t\t\t\t<section class=\"elementor-section elementor-top-section elementor-element elementor-element-f6ce103 elementor-section-boxed elementor-section-height-default elementor-section-height-default\" data-id=\"f6ce103\" data-element_type=\"section\">\n\t\t\t\t\t\t<div class=\"elementor-container elementor-column-gap-default\">\n\t\t\t\t\t<div class=\"elementor-column elementor-col-50 elementor-top-column elementor-element elementor-element-271a1f8\" data-id=\"271a1f8\" data-element_type=\"column\">\n\t\t\t<div class=\"elementor-widget-wrap elementor-element-populated\">\n\t\t\t\t\t\t<div class=\"elementor-element elementor-element-3ab4fc0 elementor-invisible elementor-widget elementor-widget-image\" data-id=\"3ab4fc0\" data-element_type=\"widget\" data-settings=\"{&quot;_animation&quot;:&quot;zoomIn&quot;}\" data-widget_type=\"image.default\">\n\t\t\t\t<div class=\"elementor-widget-container\">\n\t\t\t\t\t\t\t\t\t\t\t\t\t\t\t<img loading=\"lazy\" decoding=\"async\" width=\"700\" height=\"534\" src=\"https:\/\/www.macapflag.com\/blog\/wp-content\/uploads\/2019\/06\/evenement-ete-2019-ramatuelle.jpg\" class=\"attachment-large size-large wp-image-3803\" alt=\"Chaque ann\u00e9e, le festival de Ramatuelle mixe musique et th\u00e9atre dans sa programmation\" srcset=\"https:\/\/www.macapflag.com\/blog\/wp-content\/uploads\/2019\/06\/evenement-ete-2019-ramatuelle.jpg 700w, https:\/\/www.macapflag.com\/blog\/wp-content\/uploads\/2019\/06\/evenement-ete-2019-ramatuelle-300x229.jpg 300w, https:\/\/www.macapflag.com\/blog\/wp-content\/uploads\/2019\/06\/evenement-ete-2019-ramatuelle-80x60.jpg 80w, https:\/\/www.macapflag.com\/blog\/wp-content\/uploads\/2019\/06\/evenement-ete-2019-ramatuelle-696x531.jpg 696w, https:\/\/www.macapflag.com\/blog\/wp-content\/uploads\/2019\/06\/evenement-ete-2019-ramatuelle-551x420.jpg 551w\" sizes=\"(max-width: 700px) 100vw, 700px\" \/>\t\t\t\t\t\t\t\t\t\t\t\t\t\t\t<\/div>\n\t\t\t\t<\/div>\n\t\t\t\t\t<\/div>\n\t\t<\/div>\n\t\t\t\t<div class=\"elementor-column elementor-col-50 elementor-top-column elementor-element elementor-element-c9afada\" data-id=\"c9afada\" data-element_type=\"column\">\n\t\t\t<div class=\"elementor-widget-wrap elementor-element-populated\">\n\t\t\t\t\t\t<div class=\"elementor-element elementor-element-4f83f20 elementor-invisible elementor-widget elementor-widget-text-editor\" data-id=\"4f83f20\" data-element_type=\"widget\" data-settings=\"{&quot;_animation&quot;:&quot;zoomIn&quot;}\" data-widget_type=\"text-editor.default\">\n\t\t\t\t<div class=\"elementor-widget-container\">\n\t\t\t\t\t\t\t\t\t<p><span style=\"font-size: 14pt; color: #000000;\"><strong>C\u2019est quand ?<\/strong><\/span><\/p><p><span style=\"font-size: 14pt; color: #000000;\">du 27 Juillet au 11 Ao\u00fbt 2019<\/span><\/p><p><span style=\"font-size: 14pt; color: #000000;\"><strong>C\u2019est quoi ?<\/strong><\/span><\/p><p><span style=\"font-size: 14pt; color: #000000;\">C\u2019est un festival que l\u2019on peut difficilement classer \u00e0 cause de sa programmation tr\u00e8s \u00e9clectique dans laquelle on retrouve aussi bien des repr\u00e9sentations th\u00e9\u00e2trales que des concerts de musique classique ou contemporaine avec notamment cet \u00e9t\u00e9, Zazie ou encore Marc Lavoine.<\/span><\/p><p><a href=\"https:\/\/www.festivalderamatuelle.com\/\" target=\"_blank\" rel=\"noopener\"><span style=\"color: #3366ff;\"><strong><span style=\"font-size: 14pt;\">https:\/\/www.festivalderamatuelle.com\/<\/span><\/strong><\/span><\/a><\/p>\t\t\t\t\t\t\t\t<\/div>\n\t\t\t\t<\/div>\n\t\t\t\t\t<\/div>\n\t\t<\/div>\n\t\t\t\t\t<\/div>\n\t\t<\/section>\n\t\t\t\t<section class=\"elementor-section elementor-top-section elementor-element elementor-element-a162cf2 elementor-section-boxed elementor-section-height-default elementor-section-height-default\" data-id=\"a162cf2\" data-element_type=\"section\">\n\t\t\t\t\t\t<div class=\"elementor-container elementor-column-gap-default\">\n\t\t\t\t\t<div class=\"elementor-column elementor-col-100 elementor-top-column elementor-element elementor-element-d552ebe\" data-id=\"d552ebe\" data-element_type=\"column\">\n\t\t\t<div class=\"elementor-widget-wrap elementor-element-populated\">\n\t\t\t\t\t\t<div class=\"elementor-element elementor-element-12c72ee elementor-widget elementor-widget-spacer\" data-id=\"12c72ee\" data-element_type=\"widget\" data-widget_type=\"spacer.default\">\n\t\t\t\t<div class=\"elementor-widget-container\">\n\t\t\t\t\t\t\t<div class=\"elementor-spacer\">\n\t\t\t<div class=\"elementor-spacer-inner\"><\/div>\n\t\t<\/div>\n\t\t\t\t\t\t<\/div>\n\t\t\t\t<\/div>\n\t\t\t\t\t<\/div>\n\t\t<\/div>\n\t\t\t\t\t<\/div>\n\t\t<\/section>\n\t\t\t\t<section class=\"elementor-section elementor-top-section elementor-element elementor-element-cde0490 elementor-section-boxed elementor-section-height-default elementor-section-height-default\" data-id=\"cde0490\" data-element_type=\"section\">\n\t\t\t\t\t\t<div class=\"elementor-container elementor-column-gap-default\">\n\t\t\t\t\t<div class=\"elementor-column elementor-col-100 elementor-top-column elementor-element elementor-element-320048a\" data-id=\"320048a\" data-element_type=\"column\">\n\t\t\t<div class=\"elementor-widget-wrap elementor-element-populated\">\n\t\t\t\t\t\t<div class=\"elementor-element elementor-element-80e0a8f elementor-invisible elementor-widget elementor-widget-text-editor\" data-id=\"80e0a8f\" data-element_type=\"widget\" data-settings=\"{&quot;_animation&quot;:&quot;lightSpeedIn&quot;}\" data-widget_type=\"text-editor.default\">\n\t\t\t\t<div class=\"elementor-widget-container\">\n\t\t\t\t\t\t\t\t\t<h2><span style=\"color: #000000; font-size: 30pt;\"><strong>C\u00f4t\u00e9 Photo &#8230;<\/strong><\/span><\/h2>\t\t\t\t\t\t\t\t<\/div>\n\t\t\t\t<\/div>\n\t\t\t\t\t<\/div>\n\t\t<\/div>\n\t\t\t\t\t<\/div>\n\t\t<\/section>\n\t\t\t\t<section class=\"elementor-section elementor-top-section elementor-element elementor-element-9edbdf8 elementor-section-boxed elementor-section-height-default elementor-section-height-default\" data-id=\"9edbdf8\" data-element_type=\"section\">\n\t\t\t\t\t\t<div class=\"elementor-container elementor-column-gap-default\">\n\t\t\t\t\t<div class=\"elementor-column elementor-col-100 elementor-top-column elementor-element elementor-element-de1f6f2\" data-id=\"de1f6f2\" data-element_type=\"column\">\n\t\t\t<div class=\"elementor-widget-wrap elementor-element-populated\">\n\t\t\t\t\t\t<div class=\"elementor-element elementor-element-09b28c9 elementor-widget elementor-widget-text-editor\" data-id=\"09b28c9\" data-element_type=\"widget\" data-widget_type=\"text-editor.default\">\n\t\t\t\t<div class=\"elementor-widget-container\">\n\t\t\t\t\t\t\t\t\t<h3><strong>Les rencontres d&#8217;Arles<\/strong><\/h3>\t\t\t\t\t\t\t\t<\/div>\n\t\t\t\t<\/div>\n\t\t\t\t\t<\/div>\n\t\t<\/div>\n\t\t\t\t\t<\/div>\n\t\t<\/section>\n\t\t\t\t<section class=\"elementor-section elementor-top-section elementor-element elementor-element-68c337d elementor-section-boxed elementor-section-height-default elementor-section-height-default\" data-id=\"68c337d\" data-element_type=\"section\">\n\t\t\t\t\t\t<div class=\"elementor-container elementor-column-gap-default\">\n\t\t\t\t\t<div class=\"elementor-column elementor-col-50 elementor-top-column elementor-element elementor-element-1c1822d\" data-id=\"1c1822d\" data-element_type=\"column\">\n\t\t\t<div class=\"elementor-widget-wrap elementor-element-populated\">\n\t\t\t\t\t\t<div class=\"elementor-element elementor-element-c7beba6 elementor-invisible elementor-widget elementor-widget-image\" data-id=\"c7beba6\" data-element_type=\"widget\" data-settings=\"{&quot;_animation&quot;:&quot;zoomIn&quot;}\" data-widget_type=\"image.default\">\n\t\t\t\t<div class=\"elementor-widget-container\">\n\t\t\t\t\t\t\t\t\t\t\t\t\t\t\t<img loading=\"lazy\" decoding=\"async\" width=\"700\" height=\"534\" src=\"https:\/\/www.macapflag.com\/blog\/wp-content\/uploads\/2019\/06\/evenement-ete-2019-arles.jpg\" class=\"attachment-large size-large wp-image-3796\" alt=\"Un festival d&#039;expositions et de cr\u00e9ations photographiques dans la ville antique\" srcset=\"https:\/\/www.macapflag.com\/blog\/wp-content\/uploads\/2019\/06\/evenement-ete-2019-arles.jpg 700w, https:\/\/www.macapflag.com\/blog\/wp-content\/uploads\/2019\/06\/evenement-ete-2019-arles-300x229.jpg 300w, https:\/\/www.macapflag.com\/blog\/wp-content\/uploads\/2019\/06\/evenement-ete-2019-arles-80x60.jpg 80w, https:\/\/www.macapflag.com\/blog\/wp-content\/uploads\/2019\/06\/evenement-ete-2019-arles-696x531.jpg 696w, https:\/\/www.macapflag.com\/blog\/wp-content\/uploads\/2019\/06\/evenement-ete-2019-arles-551x420.jpg 551w\" sizes=\"(max-width: 700px) 100vw, 700px\" \/>\t\t\t\t\t\t\t\t\t\t\t\t\t\t\t<\/div>\n\t\t\t\t<\/div>\n\t\t\t\t\t<\/div>\n\t\t<\/div>\n\t\t\t\t<div class=\"elementor-column elementor-col-50 elementor-top-column elementor-element elementor-element-98b91a4\" data-id=\"98b91a4\" data-element_type=\"column\">\n\t\t\t<div class=\"elementor-widget-wrap elementor-element-populated\">\n\t\t\t\t\t\t<div class=\"elementor-element elementor-element-b997690 elementor-invisible elementor-widget elementor-widget-text-editor\" data-id=\"b997690\" data-element_type=\"widget\" data-settings=\"{&quot;_animation&quot;:&quot;zoomIn&quot;}\" data-widget_type=\"text-editor.default\">\n\t\t\t\t<div class=\"elementor-widget-container\">\n\t\t\t\t\t\t\t\t\t<p><span style=\"font-size: 14pt; color: #000000;\"><strong>C\u2019est quand ?<\/strong><\/span><\/p><p><span style=\"font-size: 14pt; color: #000000;\">du 1er Juillet au 22 Septembre 2019<\/span><\/p><p><span style=\"font-size: 14pt; color: #000000;\"><strong>C\u2019est quoi ?<\/strong><\/span><\/p><p><span style=\"color: #000000; font-size: 14pt;\">Un festival d\u2019expositions et de cr\u00e9ations photographiques contemporaines dans une vingtaine de lieux de la ville. Une d\u00e9couverte du patrimoine arl\u00e9sien et des nouvelles tendances en mati\u00e8re de photographies. <\/span><br \/><span style=\"color: #000000; font-size: 14pt;\">Et cette ann\u00e9e, les rencontres f\u00eatent leur 50\u00e8me anniversaire !<\/span><\/p><p><a href=\"https:\/\/www.rencontres-arles.com\/\" target=\"_blank\" rel=\"noopener\"><span style=\"color: #3366ff;\"><strong><span style=\"font-size: 14pt;\">https:\/\/www.rencontres-arles.com\/<\/span><\/strong><\/span><\/a><\/p>\t\t\t\t\t\t\t\t<\/div>\n\t\t\t\t<\/div>\n\t\t\t\t\t<\/div>\n\t\t<\/div>\n\t\t\t\t\t<\/div>\n\t\t<\/section>\n\t\t\t\t<section class=\"elementor-section elementor-top-section elementor-element elementor-element-4a60da5 elementor-section-boxed elementor-section-height-default elementor-section-height-default\" data-id=\"4a60da5\" data-element_type=\"section\">\n\t\t\t\t\t\t<div class=\"elementor-container elementor-column-gap-default\">\n\t\t\t\t\t<div class=\"elementor-column elementor-col-100 elementor-top-column elementor-element elementor-element-2beabc5\" data-id=\"2beabc5\" data-element_type=\"column\">\n\t\t\t<div class=\"elementor-widget-wrap elementor-element-populated\">\n\t\t\t\t\t\t<div class=\"elementor-element elementor-element-8eaca3a elementor-widget elementor-widget-spacer\" data-id=\"8eaca3a\" data-element_type=\"widget\" data-widget_type=\"spacer.default\">\n\t\t\t\t<div class=\"elementor-widget-container\">\n\t\t\t\t\t\t\t<div class=\"elementor-spacer\">\n\t\t\t<div class=\"elementor-spacer-inner\"><\/div>\n\t\t<\/div>\n\t\t\t\t\t\t<\/div>\n\t\t\t\t<\/div>\n\t\t\t\t\t<\/div>\n\t\t<\/div>\n\t\t\t\t\t<\/div>\n\t\t<\/section>\n\t\t\t\t<section class=\"elementor-section elementor-top-section elementor-element elementor-element-4a0a3bd elementor-section-boxed elementor-section-height-default elementor-section-height-default\" data-id=\"4a0a3bd\" data-element_type=\"section\">\n\t\t\t\t\t\t<div class=\"elementor-container elementor-column-gap-default\">\n\t\t\t\t\t<div class=\"elementor-column elementor-col-100 elementor-top-column elementor-element elementor-element-2a2a836\" data-id=\"2a2a836\" data-element_type=\"column\">\n\t\t\t<div class=\"elementor-widget-wrap elementor-element-populated\">\n\t\t\t\t\t\t<div class=\"elementor-element elementor-element-5dfa6a7 elementor-invisible elementor-widget elementor-widget-text-editor\" data-id=\"5dfa6a7\" data-element_type=\"widget\" data-settings=\"{&quot;_animation&quot;:&quot;lightSpeedIn&quot;}\" data-widget_type=\"text-editor.default\">\n\t\t\t\t<div class=\"elementor-widget-container\">\n\t\t\t\t\t\t\t\t\t<h2><span style=\"color: #000000; font-size: 30pt;\"><strong>C\u00f4t\u00e9 Danse &#8230;<\/strong><\/span><\/h2>\t\t\t\t\t\t\t\t<\/div>\n\t\t\t\t<\/div>\n\t\t\t\t\t<\/div>\n\t\t<\/div>\n\t\t\t\t\t<\/div>\n\t\t<\/section>\n\t\t\t\t<section class=\"elementor-section elementor-top-section elementor-element elementor-element-390e464 elementor-section-boxed elementor-section-height-default elementor-section-height-default\" data-id=\"390e464\" data-element_type=\"section\">\n\t\t\t\t\t\t<div class=\"elementor-container elementor-column-gap-default\">\n\t\t\t\t\t<div class=\"elementor-column elementor-col-100 elementor-top-column elementor-element elementor-element-8ebcfbd\" data-id=\"8ebcfbd\" data-element_type=\"column\">\n\t\t\t<div class=\"elementor-widget-wrap elementor-element-populated\">\n\t\t\t\t\t\t<div class=\"elementor-element elementor-element-b16bf60 elementor-widget elementor-widget-text-editor\" data-id=\"b16bf60\" data-element_type=\"widget\" data-widget_type=\"text-editor.default\">\n\t\t\t\t<div class=\"elementor-widget-container\">\n\t\t\t\t\t\t\t\t\t<h3><strong>Montpellier Danse<\/strong><\/h3>\t\t\t\t\t\t\t\t<\/div>\n\t\t\t\t<\/div>\n\t\t\t\t\t<\/div>\n\t\t<\/div>\n\t\t\t\t\t<\/div>\n\t\t<\/section>\n\t\t\t\t<section class=\"elementor-section elementor-top-section elementor-element elementor-element-c378424 elementor-section-boxed elementor-section-height-default elementor-section-height-default\" data-id=\"c378424\" data-element_type=\"section\">\n\t\t\t\t\t\t<div class=\"elementor-container elementor-column-gap-default\">\n\t\t\t\t\t<div class=\"elementor-column elementor-col-50 elementor-top-column elementor-element elementor-element-7dc2212\" data-id=\"7dc2212\" data-element_type=\"column\">\n\t\t\t<div class=\"elementor-widget-wrap elementor-element-populated\">\n\t\t\t\t\t\t<div class=\"elementor-element elementor-element-ae5dd95 elementor-invisible elementor-widget elementor-widget-image\" data-id=\"ae5dd95\" data-element_type=\"widget\" data-settings=\"{&quot;_animation&quot;:&quot;zoomIn&quot;}\" data-widget_type=\"image.default\">\n\t\t\t\t<div class=\"elementor-widget-container\">\n\t\t\t\t\t\t\t\t\t\t\t\t\t\t\t<img loading=\"lazy\" decoding=\"async\" width=\"700\" height=\"534\" src=\"https:\/\/www.macapflag.com\/blog\/wp-content\/uploads\/2019\/06\/evenement-ete-2019-montpellier.jpg\" class=\"attachment-large size-large wp-image-3801\" alt=\"Ouvert sur toutes les cultures du monde, le festival Montpellier danse du 22 Juin au 6 Juillet\" srcset=\"https:\/\/www.macapflag.com\/blog\/wp-content\/uploads\/2019\/06\/evenement-ete-2019-montpellier.jpg 700w, https:\/\/www.macapflag.com\/blog\/wp-content\/uploads\/2019\/06\/evenement-ete-2019-montpellier-300x229.jpg 300w, https:\/\/www.macapflag.com\/blog\/wp-content\/uploads\/2019\/06\/evenement-ete-2019-montpellier-80x60.jpg 80w, https:\/\/www.macapflag.com\/blog\/wp-content\/uploads\/2019\/06\/evenement-ete-2019-montpellier-696x531.jpg 696w, https:\/\/www.macapflag.com\/blog\/wp-content\/uploads\/2019\/06\/evenement-ete-2019-montpellier-551x420.jpg 551w\" sizes=\"(max-width: 700px) 100vw, 700px\" \/>\t\t\t\t\t\t\t\t\t\t\t\t\t\t\t<\/div>\n\t\t\t\t<\/div>\n\t\t\t\t\t<\/div>\n\t\t<\/div>\n\t\t\t\t<div class=\"elementor-column elementor-col-50 elementor-top-column elementor-element elementor-element-9f279fa\" data-id=\"9f279fa\" data-element_type=\"column\">\n\t\t\t<div class=\"elementor-widget-wrap elementor-element-populated\">\n\t\t\t\t\t\t<div class=\"elementor-element elementor-element-7a6ecd0 elementor-invisible elementor-widget elementor-widget-text-editor\" data-id=\"7a6ecd0\" data-element_type=\"widget\" data-settings=\"{&quot;_animation&quot;:&quot;zoomIn&quot;}\" data-widget_type=\"text-editor.default\">\n\t\t\t\t<div class=\"elementor-widget-container\">\n\t\t\t\t\t\t\t\t\t<p><span style=\"font-size: 14pt; color: #000000;\"><strong>C\u2019est quand ?<\/strong><\/span><\/p><p><span style=\"font-size: 14pt; color: #000000;\">du 22 Juin au 6 Juillet 2019<\/span><\/p><p><span style=\"font-size: 14pt; color: #000000;\"><strong>C\u2019est quoi ?<\/strong><\/span><\/p><p><span style=\"font-size: 14pt; color: #000000;\">Un festival de danse contemporaine qui se veut ouvert \u00e0 toutes les cultures du monde. Pendant deux semaines, des talents internationaux se produisent dans plusieurs lieux de la ville et notamment l\u2019Agora, un b\u00e2timent totalement d\u00e9di\u00e9 \u00e0 la danse.<\/span><\/p><p><a href=\"https:\/\/www.montpellierdanse.com\/\" target=\"_blank\" rel=\"noopener\"><span style=\"color: #3366ff;\"><strong><span style=\"font-size: 14pt;\">http:\/\/www.montpellierdanse.com\/<\/span><\/strong><\/span><\/a><\/p>\t\t\t\t\t\t\t\t<\/div>\n\t\t\t\t<\/div>\n\t\t\t\t\t<\/div>\n\t\t<\/div>\n\t\t\t\t\t<\/div>\n\t\t<\/section>\n\t\t\t\t<section class=\"elementor-section elementor-top-section elementor-element elementor-element-bb3702d elementor-section-boxed elementor-section-height-default elementor-section-height-default\" data-id=\"bb3702d\" data-element_type=\"section\">\n\t\t\t\t\t\t<div class=\"elementor-container elementor-column-gap-default\">\n\t\t\t\t\t<div class=\"elementor-column elementor-col-100 elementor-top-column elementor-element elementor-element-0eb4e92\" data-id=\"0eb4e92\" data-element_type=\"column\">\n\t\t\t<div class=\"elementor-widget-wrap elementor-element-populated\">\n\t\t\t\t\t\t<div class=\"elementor-element elementor-element-cedd44f elementor-widget elementor-widget-text-editor\" data-id=\"cedd44f\" data-element_type=\"widget\" data-widget_type=\"text-editor.default\">\n\t\t\t\t<div class=\"elementor-widget-container\">\n\t\t\t\t\t\t\t\t\t<p><strong><img loading=\"lazy\" decoding=\"async\" class=\"size-full wp-image-2887 aligncenter\" src=\"https:\/\/www.macapflag.com\/blog\/wp-content\/uploads\/2018\/10\/picto-newsactu235x135.gif\" alt=\"\" width=\"235\" height=\"135\" \/><\/strong><\/p><p style=\"text-align: center;\">\u00a0<\/p><p style=\"text-align: center;\">\u00a0<\/p>\t\t\t\t\t\t\t\t<\/div>\n\t\t\t\t<\/div>\n\t\t\t\t\t<\/div>\n\t\t<\/div>\n\t\t\t\t\t<\/div>\n\t\t<\/section>\n\t\t\t\t<\/div>\n\t\t","protected":false},"excerpt":{"rendered":"<div class=\"tmnf_excerpt\"><p>C\u2019est la p\u00e9riode de l\u2019ann\u00e9e propice aux \u00e9v\u00e9nements propos\u00e9s en ext\u00e9rieur et aux festivals en tous genres.Aujourd\u2019hui nous vous proposons un petit tour des \u00e9v\u00e9nements de la r\u00e9gion PACA avec des dates \u00e0 noter tout de suite sur l\u2019agenda de votre \u00e9t\u00e9.Voici de quoi agr\u00e9menter vos journ\u00e9es \u00e0 la plage ou en bord de piscine &hellip;<\/p>\n<\/div>","protected":false},"author":2,"featured_media":3819,"comment_status":"closed","ping_status":"open","sticky":false,"template":"template-fullwidth.php","format":"standard","meta":{"footnotes":""},"categories":[92],"tags":[],"class_list":["post-3794","post","type-post","status-publish","format-standard","has-post-thumbnail","hentry","category-news"],"yoast_head":"<!-- This site is optimized with the Yoast SEO plugin v26.4 - https:\/\/yoast.com\/wordpress\/plugins\/seo\/ -->\n<title>Les \u00e9v\u00e9nements de l&#039;\u00e9t\u00e9 2019 \u00e0 ne pas manquer dans le Sud<\/title>\n<meta name=\"description\" content=\"Retrouvez toutes les infos utiles sur la coupe du monde f\u00e9minine de football : calendrier et diffusions de cet \u00e9v\u00e9nement majeur en France\" \/>\n<meta name=\"robots\" content=\"index, follow, max-snippet:-1, max-image-preview:large, max-video-preview:-1\" \/>\n<link rel=\"canonical\" href=\"https:\/\/www.macapflag.com\/blog\/ete-2019\/\" \/>\n<meta property=\"og:locale\" content=\"fr_FR\" \/>\n<meta property=\"og:type\" content=\"article\" \/>\n<meta property=\"og:title\" content=\"Les \u00e9v\u00e9nements de l&#039;\u00e9t\u00e9 2019 \u00e0 ne pas manquer dans le Sud\" \/>\n<meta property=\"og:description\" content=\"Retrouvez toutes les infos utiles sur la coupe du monde f\u00e9minine de football : calendrier et diffusions de cet \u00e9v\u00e9nement majeur en France\" \/>\n<meta property=\"og:url\" content=\"https:\/\/www.macapflag.com\/blog\/ete-2019\/\" \/>\n<meta property=\"og:site_name\" content=\"Blog - Macap\" \/>\n<meta property=\"article:publisher\" content=\"https:\/\/www.facebook.com\/macap.pavoisement\/\" \/>\n<meta property=\"article:published_time\" content=\"2019-06-17T08:09:01+00:00\" \/>\n<meta property=\"article:modified_time\" content=\"2021-02-23T14:27:18+00:00\" \/>\n<meta property=\"og:image\" content=\"https:\/\/www.macapflag.com\/blog\/wp-content\/uploads\/2019\/06\/evenement-ete-2019-TITRE-2.gif\" \/>\n\t<meta property=\"og:image:width\" content=\"700\" \/>\n\t<meta property=\"og:image:height\" content=\"534\" \/>\n\t<meta property=\"og:image:type\" content=\"image\/gif\" \/>\n<meta name=\"author\" content=\"Blog Macap\" \/>\n<meta name=\"twitter:card\" content=\"summary_large_image\" \/>\n<meta name=\"twitter:label1\" content=\"\u00c9crit par\" \/>\n\t<meta name=\"twitter:data1\" content=\"Blog Macap\" \/>\n\t<meta name=\"twitter:label2\" content=\"Dur\u00e9e de lecture estim\u00e9e\" \/>\n\t<meta name=\"twitter:data2\" content=\"5 minutes\" \/>\n<script type=\"application\/ld+json\" class=\"yoast-schema-graph\">{\"@context\":\"https:\/\/schema.org\",\"@graph\":[{\"@type\":\"Article\",\"@id\":\"https:\/\/www.macapflag.com\/blog\/ete-2019\/#article\",\"isPartOf\":{\"@id\":\"https:\/\/www.macapflag.com\/blog\/ete-2019\/\"},\"author\":{\"name\":\"Blog Macap\",\"@id\":\"https:\/\/www.macapflag.com\/blog\/#\/schema\/person\/3fea701f2603875e651e6b662578fc3c\"},\"headline\":\"Les \u00e9v\u00e9nements de l&#8217;\u00e9t\u00e9 2019 \u00e0 ne pas manquer dans le Sud\",\"datePublished\":\"2019-06-17T08:09:01+00:00\",\"dateModified\":\"2021-02-23T14:27:18+00:00\",\"mainEntityOfPage\":{\"@id\":\"https:\/\/www.macapflag.com\/blog\/ete-2019\/\"},\"wordCount\":629,\"publisher\":{\"@id\":\"https:\/\/www.macapflag.com\/blog\/#organization\"},\"image\":{\"@id\":\"https:\/\/www.macapflag.com\/blog\/ete-2019\/#primaryimage\"},\"thumbnailUrl\":\"https:\/\/www.macapflag.com\/blog\/wp-content\/uploads\/2019\/06\/evenement-ete-2019-TITRE-2.gif\",\"articleSection\":[\"News &amp; Actu\"],\"inLanguage\":\"fr-FR\"},{\"@type\":\"WebPage\",\"@id\":\"https:\/\/www.macapflag.com\/blog\/ete-2019\/\",\"url\":\"https:\/\/www.macapflag.com\/blog\/ete-2019\/\",\"name\":\"Les \u00e9v\u00e9nements de l'\u00e9t\u00e9 2019 \u00e0 ne pas manquer dans le Sud\",\"isPartOf\":{\"@id\":\"https:\/\/www.macapflag.com\/blog\/#website\"},\"primaryImageOfPage\":{\"@id\":\"https:\/\/www.macapflag.com\/blog\/ete-2019\/#primaryimage\"},\"image\":{\"@id\":\"https:\/\/www.macapflag.com\/blog\/ete-2019\/#primaryimage\"},\"thumbnailUrl\":\"https:\/\/www.macapflag.com\/blog\/wp-content\/uploads\/2019\/06\/evenement-ete-2019-TITRE-2.gif\",\"datePublished\":\"2019-06-17T08:09:01+00:00\",\"dateModified\":\"2021-02-23T14:27:18+00:00\",\"description\":\"Retrouvez toutes les infos utiles sur la coupe du monde f\u00e9minine de football : calendrier et diffusions de cet \u00e9v\u00e9nement majeur en France\",\"breadcrumb\":{\"@id\":\"https:\/\/www.macapflag.com\/blog\/ete-2019\/#breadcrumb\"},\"inLanguage\":\"fr-FR\",\"potentialAction\":[{\"@type\":\"ReadAction\",\"target\":[\"https:\/\/www.macapflag.com\/blog\/ete-2019\/\"]}]},{\"@type\":\"ImageObject\",\"inLanguage\":\"fr-FR\",\"@id\":\"https:\/\/www.macapflag.com\/blog\/ete-2019\/#primaryimage\",\"url\":\"https:\/\/www.macapflag.com\/blog\/wp-content\/uploads\/2019\/06\/evenement-ete-2019-TITRE-2.gif\",\"contentUrl\":\"https:\/\/www.macapflag.com\/blog\/wp-content\/uploads\/2019\/06\/evenement-ete-2019-TITRE-2.gif\",\"width\":700,\"height\":534,\"caption\":\"Tous les \u00e9v\u00e9nements culturels \u00e0 ne pas rater cet \u00e9t\u00e9 dans le Sud !\"},{\"@type\":\"BreadcrumbList\",\"@id\":\"https:\/\/www.macapflag.com\/blog\/ete-2019\/#breadcrumb\",\"itemListElement\":[{\"@type\":\"ListItem\",\"position\":1,\"name\":\"Accueil\",\"item\":\"https:\/\/www.macapflag.com\/blog\/\"},{\"@type\":\"ListItem\",\"position\":2,\"name\":\"Les \u00e9v\u00e9nements de l&#8217;\u00e9t\u00e9 2019 \u00e0 ne pas manquer dans le Sud\"}]},{\"@type\":\"WebSite\",\"@id\":\"https:\/\/www.macapflag.com\/blog\/#website\",\"url\":\"https:\/\/www.macapflag.com\/blog\/\",\"name\":\"Blog - Macap\",\"description\":\"Tous nos articles\",\"publisher\":{\"@id\":\"https:\/\/www.macapflag.com\/blog\/#organization\"},\"potentialAction\":[{\"@type\":\"SearchAction\",\"target\":{\"@type\":\"EntryPoint\",\"urlTemplate\":\"https:\/\/www.macapflag.com\/blog\/?s={search_term_string}\"},\"query-input\":{\"@type\":\"PropertyValueSpecification\",\"valueRequired\":true,\"valueName\":\"search_term_string\"}}],\"inLanguage\":\"fr-FR\"},{\"@type\":\"Organization\",\"@id\":\"https:\/\/www.macapflag.com\/blog\/#organization\",\"name\":\"macapflag\",\"url\":\"https:\/\/www.macapflag.com\/blog\/\",\"logo\":{\"@type\":\"ImageObject\",\"inLanguage\":\"fr-FR\",\"@id\":\"https:\/\/www.macapflag.com\/blog\/#\/schema\/logo\/image\/\",\"url\":\"https:\/\/www.macapflag.com\/blog\/wp-content\/uploads\/2020\/12\/cropped-M-512-1.png\",\"contentUrl\":\"https:\/\/www.macapflag.com\/blog\/wp-content\/uploads\/2020\/12\/cropped-M-512-1.png\",\"width\":512,\"height\":512,\"caption\":\"macapflag\"},\"image\":{\"@id\":\"https:\/\/www.macapflag.com\/blog\/#\/schema\/logo\/image\/\"},\"sameAs\":[\"https:\/\/www.facebook.com\/macap.pavoisement\/\",\"https:\/\/www.instagram.com\/macapflag\/?hl=fr\",\"https:\/\/www.linkedin.com\/company\/macap\/?originalSubdomain=fr\",\"https:\/\/www.youtube.com\/channel\/UCXNzTIdZh9poEBjSXEqDtNw\"]},{\"@type\":\"Person\",\"@id\":\"https:\/\/www.macapflag.com\/blog\/#\/schema\/person\/3fea701f2603875e651e6b662578fc3c\",\"name\":\"Blog Macap\",\"image\":{\"@type\":\"ImageObject\",\"inLanguage\":\"fr-FR\",\"@id\":\"https:\/\/www.macapflag.com\/blog\/#\/schema\/person\/image\/\",\"url\":\"https:\/\/secure.gravatar.com\/avatar\/c12551f2dc51f0db049633b03e7856985477a70da834cc8967dea4ce54bdd6a2?s=96&d=mm&r=g\",\"contentUrl\":\"https:\/\/secure.gravatar.com\/avatar\/c12551f2dc51f0db049633b03e7856985477a70da834cc8967dea4ce54bdd6a2?s=96&d=mm&r=g\",\"caption\":\"Blog Macap\"},\"url\":\"https:\/\/www.macapflag.com\/blog\/author\/macap\/\"}]}<\/script>\n<!-- \/ Yoast SEO plugin. -->","yoast_head_json":{"title":"Les \u00e9v\u00e9nements de l'\u00e9t\u00e9 2019 \u00e0 ne pas manquer dans le Sud","description":"Retrouvez toutes les infos utiles sur la coupe du monde f\u00e9minine de football : calendrier et diffusions de cet \u00e9v\u00e9nement majeur en France","robots":{"index":"index","follow":"follow","max-snippet":"max-snippet:-1","max-image-preview":"max-image-preview:large","max-video-preview":"max-video-preview:-1"},"canonical":"https:\/\/www.macapflag.com\/blog\/ete-2019\/","og_locale":"fr_FR","og_type":"article","og_title":"Les \u00e9v\u00e9nements de l'\u00e9t\u00e9 2019 \u00e0 ne pas manquer dans le Sud","og_description":"Retrouvez toutes les infos utiles sur la coupe du monde f\u00e9minine de football : calendrier et diffusions de cet \u00e9v\u00e9nement majeur en France","og_url":"https:\/\/www.macapflag.com\/blog\/ete-2019\/","og_site_name":"Blog - Macap","article_publisher":"https:\/\/www.facebook.com\/macap.pavoisement\/","article_published_time":"2019-06-17T08:09:01+00:00","article_modified_time":"2021-02-23T14:27:18+00:00","og_image":[{"width":700,"height":534,"url":"https:\/\/www.macapflag.com\/blog\/wp-content\/uploads\/2019\/06\/evenement-ete-2019-TITRE-2.gif","type":"image\/gif"}],"author":"Blog Macap","twitter_card":"summary_large_image","twitter_misc":{"\u00c9crit par":"Blog Macap","Dur\u00e9e de lecture estim\u00e9e":"5 minutes"},"schema":{"@context":"https:\/\/schema.org","@graph":[{"@type":"Article","@id":"https:\/\/www.macapflag.com\/blog\/ete-2019\/#article","isPartOf":{"@id":"https:\/\/www.macapflag.com\/blog\/ete-2019\/"},"author":{"name":"Blog Macap","@id":"https:\/\/www.macapflag.com\/blog\/#\/schema\/person\/3fea701f2603875e651e6b662578fc3c"},"headline":"Les \u00e9v\u00e9nements de l&#8217;\u00e9t\u00e9 2019 \u00e0 ne pas manquer dans le Sud","datePublished":"2019-06-17T08:09:01+00:00","dateModified":"2021-02-23T14:27:18+00:00","mainEntityOfPage":{"@id":"https:\/\/www.macapflag.com\/blog\/ete-2019\/"},"wordCount":629,"publisher":{"@id":"https:\/\/www.macapflag.com\/blog\/#organization"},"image":{"@id":"https:\/\/www.macapflag.com\/blog\/ete-2019\/#primaryimage"},"thumbnailUrl":"https:\/\/www.macapflag.com\/blog\/wp-content\/uploads\/2019\/06\/evenement-ete-2019-TITRE-2.gif","articleSection":["News &amp; Actu"],"inLanguage":"fr-FR"},{"@type":"WebPage","@id":"https:\/\/www.macapflag.com\/blog\/ete-2019\/","url":"https:\/\/www.macapflag.com\/blog\/ete-2019\/","name":"Les \u00e9v\u00e9nements de l'\u00e9t\u00e9 2019 \u00e0 ne pas manquer dans le Sud","isPartOf":{"@id":"https:\/\/www.macapflag.com\/blog\/#website"},"primaryImageOfPage":{"@id":"https:\/\/www.macapflag.com\/blog\/ete-2019\/#primaryimage"},"image":{"@id":"https:\/\/www.macapflag.com\/blog\/ete-2019\/#primaryimage"},"thumbnailUrl":"https:\/\/www.macapflag.com\/blog\/wp-content\/uploads\/2019\/06\/evenement-ete-2019-TITRE-2.gif","datePublished":"2019-06-17T08:09:01+00:00","dateModified":"2021-02-23T14:27:18+00:00","description":"Retrouvez toutes les infos utiles sur la coupe du monde f\u00e9minine de football : calendrier et diffusions de cet \u00e9v\u00e9nement majeur en France","breadcrumb":{"@id":"https:\/\/www.macapflag.com\/blog\/ete-2019\/#breadcrumb"},"inLanguage":"fr-FR","potentialAction":[{"@type":"ReadAction","target":["https:\/\/www.macapflag.com\/blog\/ete-2019\/"]}]},{"@type":"ImageObject","inLanguage":"fr-FR","@id":"https:\/\/www.macapflag.com\/blog\/ete-2019\/#primaryimage","url":"https:\/\/www.macapflag.com\/blog\/wp-content\/uploads\/2019\/06\/evenement-ete-2019-TITRE-2.gif","contentUrl":"https:\/\/www.macapflag.com\/blog\/wp-content\/uploads\/2019\/06\/evenement-ete-2019-TITRE-2.gif","width":700,"height":534,"caption":"Tous les \u00e9v\u00e9nements culturels \u00e0 ne pas rater cet \u00e9t\u00e9 dans le Sud !"},{"@type":"BreadcrumbList","@id":"https:\/\/www.macapflag.com\/blog\/ete-2019\/#breadcrumb","itemListElement":[{"@type":"ListItem","position":1,"name":"Accueil","item":"https:\/\/www.macapflag.com\/blog\/"},{"@type":"ListItem","position":2,"name":"Les \u00e9v\u00e9nements de l&#8217;\u00e9t\u00e9 2019 \u00e0 ne pas manquer dans le Sud"}]},{"@type":"WebSite","@id":"https:\/\/www.macapflag.com\/blog\/#website","url":"https:\/\/www.macapflag.com\/blog\/","name":"Blog - Macap","description":"Tous nos articles","publisher":{"@id":"https:\/\/www.macapflag.com\/blog\/#organization"},"potentialAction":[{"@type":"SearchAction","target":{"@type":"EntryPoint","urlTemplate":"https:\/\/www.macapflag.com\/blog\/?s={search_term_string}"},"query-input":{"@type":"PropertyValueSpecification","valueRequired":true,"valueName":"search_term_string"}}],"inLanguage":"fr-FR"},{"@type":"Organization","@id":"https:\/\/www.macapflag.com\/blog\/#organization","name":"macapflag","url":"https:\/\/www.macapflag.com\/blog\/","logo":{"@type":"ImageObject","inLanguage":"fr-FR","@id":"https:\/\/www.macapflag.com\/blog\/#\/schema\/logo\/image\/","url":"https:\/\/www.macapflag.com\/blog\/wp-content\/uploads\/2020\/12\/cropped-M-512-1.png","contentUrl":"https:\/\/www.macapflag.com\/blog\/wp-content\/uploads\/2020\/12\/cropped-M-512-1.png","width":512,"height":512,"caption":"macapflag"},"image":{"@id":"https:\/\/www.macapflag.com\/blog\/#\/schema\/logo\/image\/"},"sameAs":["https:\/\/www.facebook.com\/macap.pavoisement\/","https:\/\/www.instagram.com\/macapflag\/?hl=fr","https:\/\/www.linkedin.com\/company\/macap\/?originalSubdomain=fr","https:\/\/www.youtube.com\/channel\/UCXNzTIdZh9poEBjSXEqDtNw"]},{"@type":"Person","@id":"https:\/\/www.macapflag.com\/blog\/#\/schema\/person\/3fea701f2603875e651e6b662578fc3c","name":"Blog Macap","image":{"@type":"ImageObject","inLanguage":"fr-FR","@id":"https:\/\/www.macapflag.com\/blog\/#\/schema\/person\/image\/","url":"https:\/\/secure.gravatar.com\/avatar\/c12551f2dc51f0db049633b03e7856985477a70da834cc8967dea4ce54bdd6a2?s=96&d=mm&r=g","contentUrl":"https:\/\/secure.gravatar.com\/avatar\/c12551f2dc51f0db049633b03e7856985477a70da834cc8967dea4ce54bdd6a2?s=96&d=mm&r=g","caption":"Blog Macap"},"url":"https:\/\/www.macapflag.com\/blog\/author\/macap\/"}]}},"_links":{"self":[{"href":"https:\/\/www.macapflag.com\/blog\/wp-json\/wp\/v2\/posts\/3794","targetHints":{"allow":["GET"]}}],"collection":[{"href":"https:\/\/www.macapflag.com\/blog\/wp-json\/wp\/v2\/posts"}],"about":[{"href":"https:\/\/www.macapflag.com\/blog\/wp-json\/wp\/v2\/types\/post"}],"author":[{"embeddable":true,"href":"https:\/\/www.macapflag.com\/blog\/wp-json\/wp\/v2\/users\/2"}],"replies":[{"embeddable":true,"href":"https:\/\/www.macapflag.com\/blog\/wp-json\/wp\/v2\/comments?post=3794"}],"version-history":[{"count":20,"href":"https:\/\/www.macapflag.com\/blog\/wp-json\/wp\/v2\/posts\/3794\/revisions"}],"predecessor-version":[{"id":6546,"href":"https:\/\/www.macapflag.com\/blog\/wp-json\/wp\/v2\/posts\/3794\/revisions\/6546"}],"wp:featuredmedia":[{"embeddable":true,"href":"https:\/\/www.macapflag.com\/blog\/wp-json\/wp\/v2\/media\/3819"}],"wp:attachment":[{"href":"https:\/\/www.macapflag.com\/blog\/wp-json\/wp\/v2\/media?parent=3794"}],"wp:term":[{"taxonomy":"category","embeddable":true,"href":"https:\/\/www.macapflag.com\/blog\/wp-json\/wp\/v2\/categories?post=3794"},{"taxonomy":"post_tag","embeddable":true,"href":"https:\/\/www.macapflag.com\/blog\/wp-json\/wp\/v2\/tags?post=3794"}],"curies":[{"name":"wp","href":"https:\/\/api.w.org\/{rel}","templated":true}]}}