{"id":3833,"date":"2019-07-01T08:41:28","date_gmt":"2019-07-01T06:41:28","guid":{"rendered":"https:\/\/www.macapflag.com\/blog\/?p=3833"},"modified":"2019-11-25T10:55:09","modified_gmt":"2019-11-25T09:55:09","slug":"stand-personnalise-pas-cher","status":"publish","type":"post","link":"https:\/\/www.macapflag.com\/blog\/stand-personnalise-pas-cher\/","title":{"rendered":"Comment cr\u00e9er un stand personnalis\u00e9 professionnel qualitatif et pas cher"},"content":{"rendered":"\t\t<div data-elementor-type=\"wp-post\" data-elementor-id=\"3833\" class=\"elementor elementor-3833 elementor-bc-flex-widget\">\n\t\t\t\t\t\t<section class=\"elementor-section elementor-top-section elementor-element elementor-element-94f8b80 elementor-section-boxed elementor-section-height-default elementor-section-height-default\" data-id=\"94f8b80\" data-element_type=\"section\">\n\t\t\t\t\t\t<div class=\"elementor-container elementor-column-gap-default\">\n\t\t\t\t\t<div class=\"elementor-column elementor-col-100 elementor-top-column elementor-element elementor-element-d481ddb\" data-id=\"d481ddb\" data-element_type=\"column\">\n\t\t\t<div class=\"elementor-widget-wrap elementor-element-populated\">\n\t\t\t\t\t\t<div class=\"elementor-element elementor-element-2a4e40d elementor-widget elementor-widget-text-editor\" data-id=\"2a4e40d\" data-element_type=\"widget\" data-widget_type=\"text-editor.default\">\n\t\t\t\t<div class=\"elementor-widget-container\">\n\t\t\t\t\t\t\t\t\t<p style=\"text-align: justify;\"><em><span style=\"color: #000000; font-size: 14pt;\">Pour r\u00e9pondre aux probl\u00e9matiques des PME qui doivent am\u00e9nager et participer \u00e0 un salon ou une manifestation ext\u00e9rieure \u00e0 l\u2019entreprise, Macap met en avant une offre packag\u00e9e d\u2019un stand professionnel totalement personnalis\u00e9. L\u00e9ger et facile \u00e0 transporter, simple et rapide \u00e0 installer, cet ensemble vous est \u00e9galement propos\u00e9 \u00e0 un prix tr\u00e8s attractif !<\/span><\/em><\/p>\t\t\t\t\t\t\t\t<\/div>\n\t\t\t\t<\/div>\n\t\t\t\t\t<\/div>\n\t\t<\/div>\n\t\t\t\t\t<\/div>\n\t\t<\/section>\n\t\t\t\t<section class=\"elementor-section elementor-top-section elementor-element elementor-element-314b61b elementor-section-boxed elementor-section-height-default elementor-section-height-default\" data-id=\"314b61b\" data-element_type=\"section\">\n\t\t\t\t\t\t<div class=\"elementor-container elementor-column-gap-default\">\n\t\t\t\t\t<div class=\"elementor-column elementor-col-100 elementor-top-column elementor-element elementor-element-d120682\" data-id=\"d120682\" data-element_type=\"column\">\n\t\t\t<div class=\"elementor-widget-wrap elementor-element-populated\">\n\t\t\t\t\t\t<div class=\"elementor-element elementor-element-818a86c elementor-widget elementor-widget-image\" data-id=\"818a86c\" data-element_type=\"widget\" data-widget_type=\"image.default\">\n\t\t\t\t<div class=\"elementor-widget-container\">\n\t\t\t\t\t\t\t\t\t\t\t\t\t\t\t<img fetchpriority=\"high\" decoding=\"async\" width=\"700\" height=\"534\" src=\"https:\/\/www.macapflag.com\/blog\/wp-content\/uploads\/2019\/06\/stand-pas-cher.gif\" class=\"attachment-large size-large wp-image-3836\" alt=\"5 produits pour un stand personnalis\u00e9 beau, \u00e9conomique et pratique\" \/>\t\t\t\t\t\t\t\t\t\t\t\t\t\t\t<\/div>\n\t\t\t\t<\/div>\n\t\t\t\t\t<\/div>\n\t\t<\/div>\n\t\t\t\t\t<\/div>\n\t\t<\/section>\n\t\t\t\t<section class=\"elementor-section elementor-top-section elementor-element elementor-element-3d90db0 elementor-section-boxed elementor-section-height-default elementor-section-height-default\" data-id=\"3d90db0\" data-element_type=\"section\">\n\t\t\t\t\t\t<div class=\"elementor-container elementor-column-gap-default\">\n\t\t\t\t\t<div class=\"elementor-column elementor-col-100 elementor-top-column elementor-element elementor-element-dd73ab9\" data-id=\"dd73ab9\" data-element_type=\"column\">\n\t\t\t<div class=\"elementor-widget-wrap elementor-element-populated\">\n\t\t\t\t\t\t<div class=\"elementor-element elementor-element-27f1598 elementor-invisible elementor-widget elementor-widget-text-editor\" data-id=\"27f1598\" data-element_type=\"widget\" data-settings=\"{&quot;_animation&quot;:&quot;rollIn&quot;}\" data-widget_type=\"text-editor.default\">\n\t\t\t\t<div class=\"elementor-widget-container\">\n\t\t\t\t\t\t\t\t\t<h2 style=\"text-align: center;\"><span style=\"font-size: 30pt;\"><b>5 produits phares pour une offre compl\u00e8te<\/b><\/span><\/h2>\t\t\t\t\t\t\t\t<\/div>\n\t\t\t\t<\/div>\n\t\t\t\t\t<\/div>\n\t\t<\/div>\n\t\t\t\t\t<\/div>\n\t\t<\/section>\n\t\t\t\t<section class=\"elementor-section elementor-top-section elementor-element elementor-element-4d5e804 elementor-section-boxed elementor-section-height-default elementor-section-height-default\" data-id=\"4d5e804\" data-element_type=\"section\">\n\t\t\t\t\t\t<div class=\"elementor-container elementor-column-gap-default\">\n\t\t\t\t\t<div class=\"elementor-column elementor-col-100 elementor-top-column elementor-element elementor-element-4afabca\" data-id=\"4afabca\" data-element_type=\"column\">\n\t\t\t<div class=\"elementor-widget-wrap elementor-element-populated\">\n\t\t\t\t\t\t<div class=\"elementor-element elementor-element-fd2587f elementor-widget elementor-widget-text-editor\" data-id=\"fd2587f\" data-element_type=\"widget\" data-widget_type=\"text-editor.default\">\n\t\t\t\t<div class=\"elementor-widget-container\">\n\t\t\t\t\t\t\t\t\t<p style=\"text-align: justify;\"><span style=\"font-size: 14pt; color: #000000;\">La composition des produits de cette offre a \u00e9t\u00e9 optimis\u00e9e en tenant compte des contraintes communes aux PME et TPE. <\/span><br \/><span style=\"font-size: 14pt; color: #000000;\">Nous avons s\u00e9lectionn\u00e9 pour vous des supports de communication efficaces mais \u00e9galement l\u00e9gers, faciles \u00e0 transporter et installer et au rapport qualit\u00e9 prix imbattable.<\/span><\/p>\t\t\t\t\t\t\t\t<\/div>\n\t\t\t\t<\/div>\n\t\t\t\t\t<\/div>\n\t\t<\/div>\n\t\t\t\t\t<\/div>\n\t\t<\/section>\n\t\t\t\t<section class=\"elementor-section elementor-top-section elementor-element elementor-element-cc816d9 elementor-section-boxed elementor-section-height-default elementor-section-height-default\" data-id=\"cc816d9\" data-element_type=\"section\">\n\t\t\t\t\t\t<div class=\"elementor-container elementor-column-gap-default\">\n\t\t\t\t\t<div class=\"elementor-column elementor-col-100 elementor-top-column elementor-element elementor-element-6d6a83f\" data-id=\"6d6a83f\" data-element_type=\"column\">\n\t\t\t<div class=\"elementor-widget-wrap elementor-element-populated\">\n\t\t\t\t\t\t<div class=\"elementor-element elementor-element-bf2d583 elementor-widget elementor-widget-text-editor\" data-id=\"bf2d583\" data-element_type=\"widget\" data-widget_type=\"text-editor.default\">\n\t\t\t\t<div class=\"elementor-widget-container\">\n\t\t\t\t\t\t\t\t\t<h3><span style=\"font-size: 16pt;\"><strong>. 1 x 1 mur d\u2019image t\u00e9lescopique<\/strong><\/span><\/h3>\t\t\t\t\t\t\t\t<\/div>\n\t\t\t\t<\/div>\n\t\t\t\t\t<\/div>\n\t\t<\/div>\n\t\t\t\t\t<\/div>\n\t\t<\/section>\n\t\t\t\t<section class=\"elementor-section elementor-top-section elementor-element elementor-element-5a90e27 elementor-section-boxed elementor-section-height-default elementor-section-height-default\" data-id=\"5a90e27\" data-element_type=\"section\">\n\t\t\t\t\t\t<div class=\"elementor-container elementor-column-gap-default\">\n\t\t\t\t\t<div class=\"elementor-column elementor-col-100 elementor-top-column elementor-element elementor-element-db9d115\" data-id=\"db9d115\" data-element_type=\"column\">\n\t\t\t<div class=\"elementor-widget-wrap elementor-element-populated\">\n\t\t\t\t\t\t<div class=\"elementor-element elementor-element-cc86849 elementor-invisible elementor-widget elementor-widget-image\" data-id=\"cc86849\" data-element_type=\"widget\" data-settings=\"{&quot;_animation&quot;:&quot;rollIn&quot;}\" data-widget_type=\"image.default\">\n\t\t\t\t<div class=\"elementor-widget-container\">\n\t\t\t\t\t\t\t\t\t\t\t\t\t\t\t<img decoding=\"async\" width=\"700\" height=\"534\" src=\"https:\/\/www.macapflag.com\/blog\/wp-content\/uploads\/2019\/06\/stand-pas-cher-mur-image.jpg\" class=\"attachment-large size-large wp-image-3837\" alt=\"\" srcset=\"https:\/\/www.macapflag.com\/blog\/wp-content\/uploads\/2019\/06\/stand-pas-cher-mur-image.jpg 700w, https:\/\/www.macapflag.com\/blog\/wp-content\/uploads\/2019\/06\/stand-pas-cher-mur-image-300x229.jpg 300w, https:\/\/www.macapflag.com\/blog\/wp-content\/uploads\/2019\/06\/stand-pas-cher-mur-image-80x60.jpg 80w, https:\/\/www.macapflag.com\/blog\/wp-content\/uploads\/2019\/06\/stand-pas-cher-mur-image-696x531.jpg 696w, https:\/\/www.macapflag.com\/blog\/wp-content\/uploads\/2019\/06\/stand-pas-cher-mur-image-551x420.jpg 551w\" sizes=\"(max-width: 700px) 100vw, 700px\" \/>\t\t\t\t\t\t\t\t\t\t\t\t\t\t\t<\/div>\n\t\t\t\t<\/div>\n\t\t\t\t\t<\/div>\n\t\t<\/div>\n\t\t\t\t\t<\/div>\n\t\t<\/section>\n\t\t\t\t<section class=\"elementor-section elementor-top-section elementor-element elementor-element-716973d elementor-section-boxed elementor-section-height-default elementor-section-height-default\" data-id=\"716973d\" data-element_type=\"section\">\n\t\t\t\t\t\t<div class=\"elementor-container elementor-column-gap-default\">\n\t\t\t\t\t<div class=\"elementor-column elementor-col-100 elementor-top-column elementor-element elementor-element-c824e7c\" data-id=\"c824e7c\" data-element_type=\"column\">\n\t\t\t<div class=\"elementor-widget-wrap elementor-element-populated\">\n\t\t\t\t\t\t<div class=\"elementor-element elementor-element-2db7a29 elementor-widget elementor-widget-text-editor\" data-id=\"2db7a29\" data-element_type=\"widget\" data-widget_type=\"text-editor.default\">\n\t\t\t\t<div class=\"elementor-widget-container\">\n\t\t\t\t\t\t\t\t\t<p style=\"text-align: justify;\"><em><strong><span style=\"font-size: 14pt; color: #000000;\">Dimensions 2 m x 2 m &#8211;\u00a0<\/span><\/strong><\/em><em><strong><span style=\"font-size: 14pt; color: #000000;\">Poids : 8 kg<\/span><\/strong><\/em><\/p><p style=\"text-align: justify;\"><span style=\"font-size: 14pt; color: #000000;\">On l\u2019appelle \u00e9galement photocall. Il s\u2019agit du support et du visuel qui tiendront lieu de fond de stand. <\/span><br \/><span style=\"font-size: 14pt; color: #000000;\">La structure du mur d\u2019image est en aluminium, enti\u00e8rement r\u00e9glable aussi bien en largeur qu\u2019en hauteur. <\/span><br \/><span style=\"font-size: 14pt; color: #000000;\">Le visuel est la partie imprim\u00e9e qui viendra se fixer sur la structure gr\u00e2ce \u00e0 des fourreaux en haut et en bas et des velcros sur les c\u00f4t\u00e9s.<\/span><br \/><span style=\"font-size: 14pt; color: #000000;\">Cet \u00e9l\u00e9ment est totalement personnalis\u00e9 \u00e0 votre demande :<\/span><br \/><span style=\"font-size: 14pt; color: #000000;\">&#8211; Vous pouvez choisir d\u2019y faire figurer votre logo, un slogan commercial, une image qui v\u00e9hicule celle de votre marque ou encore l\u2019illustration de votre choix. <\/span><br \/><span style=\"font-size: 14pt; color: #000000;\">&#8211; Vous nous adressez votre fichier et nous l\u2019imprimons sur un textile d\u00e9nomm\u00e9 le Polydeco 220g\/m2 reconnu pour ses nombreuses qualit\u00e9s : R\u00e9sistance, durabilit\u00e9, rendu optimal des couleurs et tenue impeccable.<\/span><\/p><p style=\"text-align: left;\"><span style=\"font-size: 14pt; color: #000000;\"><em><strong>Bon \u00e0 savoir :<\/strong> <\/em>ce textile r\u00e9pond aux normes anti-feu B1. La plupart des organisateurs de salons exigent des certificats mentionnant le respect de ces normes pour votre mat\u00e9riel d\u2019exposition.<\/span><\/p><p style=\"text-align: left;\"><em><span style=\"font-size: 14pt; color: #000000;\">Produit livr\u00e9 dans sa housse de transport zipp\u00e9e<\/span><\/em><br \/><em><span style=\"font-size: 14pt; color: #000000;\">Temps de montage estim\u00e9 : 2 \u00e0 3 minutes<\/span><\/em><br \/><em><span style=\"font-size: 14pt; color: #000000;\"><a href=\"https:\/\/www.macapflag.com\/img\/pdf\/fiche_184.pdf\" target=\"_blank\" rel=\"noopener\"><span style=\"color: #3366ff;\"><strong>Cliquez ici<\/strong> <\/span><\/a>pour acc\u00e9der \u00e0 la fiche de montage du produit<\/span><\/em><\/p>\t\t\t\t\t\t\t\t<\/div>\n\t\t\t\t<\/div>\n\t\t\t\t\t<\/div>\n\t\t<\/div>\n\t\t\t\t\t<\/div>\n\t\t<\/section>\n\t\t\t\t<section class=\"elementor-section elementor-top-section elementor-element elementor-element-aebe385 elementor-section-boxed elementor-section-height-default elementor-section-height-default\" data-id=\"aebe385\" data-element_type=\"section\">\n\t\t\t\t\t\t<div class=\"elementor-container elementor-column-gap-default\">\n\t\t\t\t\t<div class=\"elementor-column elementor-col-100 elementor-top-column elementor-element elementor-element-a248e5a\" data-id=\"a248e5a\" data-element_type=\"column\">\n\t\t\t<div class=\"elementor-widget-wrap elementor-element-populated\">\n\t\t\t\t\t\t<div class=\"elementor-element elementor-element-5fedb72 elementor-widget elementor-widget-text-editor\" data-id=\"5fedb72\" data-element_type=\"widget\" data-widget_type=\"text-editor.default\">\n\t\t\t\t<div class=\"elementor-widget-container\">\n\t\t\t\t\t\t\t\t\t<h3><span style=\"font-size: 16pt;\"><strong>. 2 x 1 oriflamme mod\u00e8le beach flag light<\/strong><\/span><\/h3>\t\t\t\t\t\t\t\t<\/div>\n\t\t\t\t<\/div>\n\t\t\t\t\t<\/div>\n\t\t<\/div>\n\t\t\t\t\t<\/div>\n\t\t<\/section>\n\t\t\t\t<section class=\"elementor-section elementor-top-section elementor-element elementor-element-ea2cddc elementor-section-boxed elementor-section-height-default elementor-section-height-default\" data-id=\"ea2cddc\" data-element_type=\"section\">\n\t\t\t\t\t\t<div class=\"elementor-container elementor-column-gap-default\">\n\t\t\t\t\t<div class=\"elementor-column elementor-col-100 elementor-top-column elementor-element elementor-element-50f5ed3\" data-id=\"50f5ed3\" data-element_type=\"column\">\n\t\t\t<div class=\"elementor-widget-wrap elementor-element-populated\">\n\t\t\t\t\t\t<div class=\"elementor-element elementor-element-21cb1c3 elementor-invisible elementor-widget elementor-widget-image\" data-id=\"21cb1c3\" data-element_type=\"widget\" data-settings=\"{&quot;_animation&quot;:&quot;rollIn&quot;}\" data-widget_type=\"image.default\">\n\t\t\t\t<div class=\"elementor-widget-container\">\n\t\t\t\t\t\t\t\t\t\t\t\t\t\t\t<img decoding=\"async\" width=\"700\" height=\"534\" src=\"https:\/\/www.macapflag.com\/blog\/wp-content\/uploads\/2019\/06\/stand-pas-cher-beach-flag.jpg\" class=\"attachment-large size-large wp-image-3841\" alt=\"Le beach flag version light ne n\u00e9cessite aucun montage. Usage int\u00e9rieur\" srcset=\"https:\/\/www.macapflag.com\/blog\/wp-content\/uploads\/2019\/06\/stand-pas-cher-beach-flag.jpg 700w, https:\/\/www.macapflag.com\/blog\/wp-content\/uploads\/2019\/06\/stand-pas-cher-beach-flag-300x229.jpg 300w, https:\/\/www.macapflag.com\/blog\/wp-content\/uploads\/2019\/06\/stand-pas-cher-beach-flag-80x60.jpg 80w, https:\/\/www.macapflag.com\/blog\/wp-content\/uploads\/2019\/06\/stand-pas-cher-beach-flag-696x531.jpg 696w, https:\/\/www.macapflag.com\/blog\/wp-content\/uploads\/2019\/06\/stand-pas-cher-beach-flag-551x420.jpg 551w\" sizes=\"(max-width: 700px) 100vw, 700px\" \/>\t\t\t\t\t\t\t\t\t\t\t\t\t\t\t<\/div>\n\t\t\t\t<\/div>\n\t\t\t\t\t<\/div>\n\t\t<\/div>\n\t\t\t\t\t<\/div>\n\t\t<\/section>\n\t\t\t\t<section class=\"elementor-section elementor-top-section elementor-element elementor-element-ba87630 elementor-section-boxed elementor-section-height-default elementor-section-height-default\" data-id=\"ba87630\" data-element_type=\"section\">\n\t\t\t\t\t\t<div class=\"elementor-container elementor-column-gap-default\">\n\t\t\t\t\t<div class=\"elementor-column elementor-col-100 elementor-top-column elementor-element elementor-element-675c999\" data-id=\"675c999\" data-element_type=\"column\">\n\t\t\t<div class=\"elementor-widget-wrap elementor-element-populated\">\n\t\t\t\t\t\t<div class=\"elementor-element elementor-element-4ae0452 elementor-widget elementor-widget-text-editor\" data-id=\"4ae0452\" data-element_type=\"widget\" data-widget_type=\"text-editor.default\">\n\t\t\t\t<div class=\"elementor-widget-container\">\n\t\t\t\t\t\t\t\t\t<p style=\"text-align: justify;\"><em><strong><span style=\"font-size: 14pt; color: #000000;\">hauteur du m\u00e2t 2.30 m\u00e8tres et dimension de chaque voile 180 x 40 cm. &#8211; Poids : 1.7 kg par exemplaire<\/span><\/strong><\/em><\/p><p style=\"text-align: justify;\"><span style=\"font-size: 14pt; color: #000000;\">Le beach flag, d\u00e9clin\u00e9 ici dans sa version light, est le support de communication mobile par excellence. Ce produit vous est propos\u00e9 sous forme de kit complet incluant la voile personnalis\u00e9e, le m\u00e2t et le pied.<\/span><br \/><span style=\"font-size: 14pt; color: #000000;\">L\u00e0 aussi, la partie textile est enti\u00e8rement personnalisable \u00e0 vos couleurs. <\/span><br \/><span style=\"font-size: 14pt; color: #000000;\">La voile est en mati\u00e8re polyester appel\u00e9e Maille Classic 110 g\/m2. L\u00e9g\u00e8re, soyeuse, elle est cousue sur un fourreau noir dans lequel s\u2019enfile le m\u00e2t.<\/span><br \/><span style=\"font-size: 14pt; color: #000000;\">Vous pouvez choisir de reprendre ici le m\u00eame visuel que celui de votre mur d\u2019image ou de personnaliser votre beach light avec des \u00e9l\u00e9ments compl\u00e9mentaires. Exemple : votre mur d\u2019image est personnalis\u00e9 d\u2019une image de fond pr\u00e9sentant vos produits, la personnalisation de votre beach flag peut reprendre la m\u00eame image de fond agr\u00e9ment\u00e9e ici de votre logo. <\/span><br \/><span style=\"font-size: 14pt; color: #000000;\">Maniable et l\u00e9ger, le beach light peut \u00eatre chang\u00e9 d\u2019emplacement au gr\u00e9 de vos envies.<\/span><\/p><p style=\"text-align: left;\"><span style=\"font-size: 14pt; color: #000000;\"><em><strong>Bon \u00e0 savoir :<\/strong> <\/em>le m\u00e2t est compos\u00e9 de deux parties qui s&#8217;embo\u00eetent pour permettre de r\u00e9duire la longueur du produit lors du transport.<\/span><\/p><p style=\"text-align: justify;\"><span style=\"font-size: 14pt; color: #000000;\"><em><strong>Astuce :<\/strong><\/em> Positionnez chaque oriflamme \u00e0 droite et \u00e0 gauche de votre mur d\u2019image pour cr\u00e9er un effet de sym\u00e9trie.<\/span><\/p><p style=\"text-align: justify;\"><em><span style=\"font-size: 14pt; color: #000000;\">Produit livr\u00e9 dans sa housse de transport zipp\u00e9e.<\/span><\/em><br \/><em><span style=\"font-size: 14pt; color: #000000;\">Temps d\u2019installation estim\u00e9 : 1 minute<\/span><\/em><br \/><em><span style=\"font-size: 14pt; color: #000000;\"><a href=\"https:\/\/www.macapflag.com\/img\/pdf\/fiche_239.pdf\" target=\"_blank\" rel=\"noopener\"><span style=\"color: #3366ff;\"><strong>Cliquez ici<\/strong><\/span><\/a> pour acc\u00e9der \u00e0 la fiche de montage du produit<\/span><\/em><\/p>\t\t\t\t\t\t\t\t<\/div>\n\t\t\t\t<\/div>\n\t\t\t\t\t<\/div>\n\t\t<\/div>\n\t\t\t\t\t<\/div>\n\t\t<\/section>\n\t\t\t\t<section class=\"elementor-section elementor-top-section elementor-element elementor-element-578f106 elementor-section-boxed elementor-section-height-default elementor-section-height-default\" data-id=\"578f106\" data-element_type=\"section\">\n\t\t\t\t\t\t<div class=\"elementor-container elementor-column-gap-default\">\n\t\t\t\t\t<div class=\"elementor-column elementor-col-100 elementor-top-column elementor-element elementor-element-2ab45d8\" data-id=\"2ab45d8\" data-element_type=\"column\">\n\t\t\t<div class=\"elementor-widget-wrap elementor-element-populated\">\n\t\t\t\t\t\t<div class=\"elementor-element elementor-element-6592ca3 elementor-widget elementor-widget-text-editor\" data-id=\"6592ca3\" data-element_type=\"widget\" data-widget_type=\"text-editor.default\">\n\t\t\t\t<div class=\"elementor-widget-container\">\n\t\t\t\t\t\t\t\t\t<h3><span style=\"font-size: 16pt;\"><strong>. 1 x 1 nappe personnalis\u00e9e<\/strong><\/span><\/h3>\t\t\t\t\t\t\t\t<\/div>\n\t\t\t\t<\/div>\n\t\t\t\t\t<\/div>\n\t\t<\/div>\n\t\t\t\t\t<\/div>\n\t\t<\/section>\n\t\t\t\t<section class=\"elementor-section elementor-top-section elementor-element elementor-element-4d79f19 elementor-section-boxed elementor-section-height-default elementor-section-height-default\" data-id=\"4d79f19\" data-element_type=\"section\">\n\t\t\t\t\t\t<div class=\"elementor-container elementor-column-gap-default\">\n\t\t\t\t\t<div class=\"elementor-column elementor-col-100 elementor-top-column elementor-element elementor-element-e1db09a\" data-id=\"e1db09a\" data-element_type=\"column\">\n\t\t\t<div class=\"elementor-widget-wrap elementor-element-populated\">\n\t\t\t\t\t\t<div class=\"elementor-element elementor-element-0cf9374 elementor-invisible elementor-widget elementor-widget-image\" data-id=\"0cf9374\" data-element_type=\"widget\" data-settings=\"{&quot;_animation&quot;:&quot;rollIn&quot;}\" data-widget_type=\"image.default\">\n\t\t\t\t<div class=\"elementor-widget-container\">\n\t\t\t\t\t\t\t\t\t\t\t\t\t\t\t<img loading=\"lazy\" decoding=\"async\" width=\"700\" height=\"534\" src=\"https:\/\/www.macapflag.com\/blog\/wp-content\/uploads\/2019\/06\/stand-pas-cher-nappe-personnalisee.jpg\" class=\"attachment-large size-large wp-image-3850\" alt=\"la nappe personnalisable, un support de communication id\u00e9al pour les salons\" srcset=\"https:\/\/www.macapflag.com\/blog\/wp-content\/uploads\/2019\/06\/stand-pas-cher-nappe-personnalisee.jpg 700w, https:\/\/www.macapflag.com\/blog\/wp-content\/uploads\/2019\/06\/stand-pas-cher-nappe-personnalisee-300x229.jpg 300w, https:\/\/www.macapflag.com\/blog\/wp-content\/uploads\/2019\/06\/stand-pas-cher-nappe-personnalisee-80x60.jpg 80w, https:\/\/www.macapflag.com\/blog\/wp-content\/uploads\/2019\/06\/stand-pas-cher-nappe-personnalisee-696x531.jpg 696w, https:\/\/www.macapflag.com\/blog\/wp-content\/uploads\/2019\/06\/stand-pas-cher-nappe-personnalisee-551x420.jpg 551w\" sizes=\"(max-width: 700px) 100vw, 700px\" \/>\t\t\t\t\t\t\t\t\t\t\t\t\t\t\t<\/div>\n\t\t\t\t<\/div>\n\t\t\t\t\t<\/div>\n\t\t<\/div>\n\t\t\t\t\t<\/div>\n\t\t<\/section>\n\t\t\t\t<section class=\"elementor-section elementor-top-section elementor-element elementor-element-1bf08b8 elementor-section-boxed elementor-section-height-default elementor-section-height-default\" data-id=\"1bf08b8\" data-element_type=\"section\">\n\t\t\t\t\t\t<div class=\"elementor-container elementor-column-gap-default\">\n\t\t\t\t\t<div class=\"elementor-column elementor-col-100 elementor-top-column elementor-element elementor-element-d2ecb3c\" data-id=\"d2ecb3c\" data-element_type=\"column\">\n\t\t\t<div class=\"elementor-widget-wrap elementor-element-populated\">\n\t\t\t\t\t\t<div class=\"elementor-element elementor-element-f98fe66 elementor-widget elementor-widget-text-editor\" data-id=\"f98fe66\" data-element_type=\"widget\" data-widget_type=\"text-editor.default\">\n\t\t\t\t<div class=\"elementor-widget-container\">\n\t\t\t\t\t\t\t\t\t<p style=\"text-align: justify;\"><em><strong><span style=\"font-size: 14pt; color: #000000;\">dimensions 150 x 200 cm. &#8211; Poids : 0.2 kg\u00a0<\/span><\/strong><\/em><\/p>\n<p style=\"text-align: justify;\"><span style=\"font-size: 14pt; color: #000000;\">Il s\u2019agit probablement du support de communication le plus l\u00e9ger et le plus facile \u00e0 transporter. La nappe se plie et se d\u00e9plie en un clin d\u2019oeil. Confectionn\u00e9e en Polyd\u00e9co 220 g\/m2, la mati\u00e8re est fluide et lumineuse. Elle se froisse tr\u00e8s peu ce qui \u00e9vite le repassage, elle est \u00e9galement lavable en machine \u00e0 30\u00b0.<\/span>\n<span style=\"font-size: 14pt; color: #000000;\">Un ourlet est cousue sur pourtour de la nappe.<\/span><\/p>\n<p style=\"text-align: left;\"><span style=\"font-size: 14pt; color: #000000;\">Elle est totalement personnalisable \u00e0 vos couleurs, vous pouvez optez pour une image ou un logo que nous imprimerons o\u00f9 vous voulez sur la nappe. Vous pouvez \u00e9galement choisir de le r\u00e9p\u00e9ter sur toute la surface du textile. <\/span><\/p>\n<p style=\"text-align: justify;\"><span style=\"font-size: 14pt; color: #000000;\"><em><strong>Bon \u00e0 savoir :\u00a0<\/strong><\/em>lors de la cr\u00e9ation du fichier de votre nappe, pensez \u00e0 la longueur de la retomb\u00e9e que vous souhaitez sur les 4 c\u00f4t\u00e9s.<\/span><\/p>\t\t\t\t\t\t\t\t<\/div>\n\t\t\t\t<\/div>\n\t\t\t\t\t<\/div>\n\t\t<\/div>\n\t\t\t\t\t<\/div>\n\t\t<\/section>\n\t\t\t\t<section class=\"elementor-section elementor-top-section elementor-element elementor-element-a639b6a elementor-section-boxed elementor-section-height-default elementor-section-height-default\" data-id=\"a639b6a\" data-element_type=\"section\">\n\t\t\t\t\t\t<div class=\"elementor-container elementor-column-gap-default\">\n\t\t\t\t\t<div class=\"elementor-column elementor-col-100 elementor-top-column elementor-element elementor-element-3f0d26e\" data-id=\"3f0d26e\" data-element_type=\"column\">\n\t\t\t<div class=\"elementor-widget-wrap elementor-element-populated\">\n\t\t\t\t\t\t<div class=\"elementor-element elementor-element-cb55d95 elementor-widget elementor-widget-text-editor\" data-id=\"cb55d95\" data-element_type=\"widget\" data-widget_type=\"text-editor.default\">\n\t\t\t\t<div class=\"elementor-widget-container\">\n\t\t\t\t\t\t\t\t\t<h3><span style=\"font-size: 16pt;\"><strong>. 1 x 1 Roll up<\/strong><\/span><\/h3>\t\t\t\t\t\t\t\t<\/div>\n\t\t\t\t<\/div>\n\t\t\t\t\t<\/div>\n\t\t<\/div>\n\t\t\t\t\t<\/div>\n\t\t<\/section>\n\t\t\t\t<section class=\"elementor-section elementor-top-section elementor-element elementor-element-c851273 elementor-section-boxed elementor-section-height-default elementor-section-height-default\" data-id=\"c851273\" data-element_type=\"section\">\n\t\t\t\t\t\t<div class=\"elementor-container elementor-column-gap-default\">\n\t\t\t\t\t<div class=\"elementor-column elementor-col-100 elementor-top-column elementor-element elementor-element-9b34e2e\" data-id=\"9b34e2e\" data-element_type=\"column\">\n\t\t\t<div class=\"elementor-widget-wrap elementor-element-populated\">\n\t\t\t\t\t\t<div class=\"elementor-element elementor-element-997c779 elementor-invisible elementor-widget elementor-widget-image\" data-id=\"997c779\" data-element_type=\"widget\" data-settings=\"{&quot;_animation&quot;:&quot;rollIn&quot;}\" data-widget_type=\"image.default\">\n\t\t\t\t<div class=\"elementor-widget-container\">\n\t\t\t\t\t\t\t\t\t\t\t\t\t\t\t<img loading=\"lazy\" decoding=\"async\" width=\"700\" height=\"534\" src=\"https:\/\/www.macapflag.com\/blog\/wp-content\/uploads\/2019\/06\/stand-pas-cher-roll-up.jpg\" class=\"attachment-large size-large wp-image-3853\" alt=\"\" srcset=\"https:\/\/www.macapflag.com\/blog\/wp-content\/uploads\/2019\/06\/stand-pas-cher-roll-up.jpg 700w, https:\/\/www.macapflag.com\/blog\/wp-content\/uploads\/2019\/06\/stand-pas-cher-roll-up-300x229.jpg 300w, https:\/\/www.macapflag.com\/blog\/wp-content\/uploads\/2019\/06\/stand-pas-cher-roll-up-80x60.jpg 80w, https:\/\/www.macapflag.com\/blog\/wp-content\/uploads\/2019\/06\/stand-pas-cher-roll-up-696x531.jpg 696w, https:\/\/www.macapflag.com\/blog\/wp-content\/uploads\/2019\/06\/stand-pas-cher-roll-up-551x420.jpg 551w\" sizes=\"(max-width: 700px) 100vw, 700px\" \/>\t\t\t\t\t\t\t\t\t\t\t\t\t\t\t<\/div>\n\t\t\t\t<\/div>\n\t\t\t\t\t<\/div>\n\t\t<\/div>\n\t\t\t\t\t<\/div>\n\t\t<\/section>\n\t\t\t\t<section class=\"elementor-section elementor-top-section elementor-element elementor-element-0388bfd elementor-section-boxed elementor-section-height-default elementor-section-height-default\" data-id=\"0388bfd\" data-element_type=\"section\">\n\t\t\t\t\t\t<div class=\"elementor-container elementor-column-gap-default\">\n\t\t\t\t\t<div class=\"elementor-column elementor-col-100 elementor-top-column elementor-element elementor-element-2550ecf\" data-id=\"2550ecf\" data-element_type=\"column\">\n\t\t\t<div class=\"elementor-widget-wrap elementor-element-populated\">\n\t\t\t\t\t\t<div class=\"elementor-element elementor-element-feed97b elementor-widget elementor-widget-text-editor\" data-id=\"feed97b\" data-element_type=\"widget\" data-widget_type=\"text-editor.default\">\n\t\t\t\t<div class=\"elementor-widget-container\">\n\t\t\t\t\t\t\t\t\t<p style=\"text-align: justify;\"><span style=\"font-size: 14pt; color: #000000;\"><em><strong>dimensions 200 x 80 cm. &#8211; Poids : 2.7 kg\u00a0<\/strong><\/em><\/span><\/p><p style=\"text-align: justify;\"><span style=\"font-size: 14pt; color: #000000;\">Dans la famille des supports display il est l\u2019incontournable. Il s\u2019installe et se range dans sa housse en un clin d\u2019oeil et vous suit dans tous vos d\u00e9placements professionnels.<\/span><br \/><span style=\"font-size: 14pt; color: #000000;\">Le visuel est imprim\u00e9 sur une mati\u00e8re plastifi\u00e9e \u00e9paisse (420 g\/m2) d\u00e9nomm\u00e9e roll up, fix\u00e9e sur son support en aluminium. Ici aussi, la mati\u00e8re est certifi\u00e9e B1 pour lui permettre d\u2019\u00eatre accept\u00e9e dans toutes les manifestations organis\u00e9es en int\u00e9rieur.<\/span><\/p><p style=\"text-align: justify;\"><span style=\"font-size: 14pt; color: #000000;\"><em><strong>Astuce :<\/strong><\/em> Optez pour une cr\u00e9ation de visuel assortie \u00e0 celles des autres supports et agr\u00e9mentez la de votre phrase m\u00e9tier, celle qui explique en quelques mots ce que fait votre entreprise et ce qui permet de la d\u00e9marquer de ses concurrents. Les exposants sont souvent nombreux et dans cette multitude d\u2019offres, ce sont souvent des images de qualit\u00e9 et des phrases percutantes qui font la diff\u00e9rence et attirent l\u2019oeil du visiteur.<br \/><\/span><\/p><p style=\"text-align: justify;\"><em><span style=\"font-size: 14pt; color: #000000;\">Produit livr\u00e9 dans sa housse de transport zipp\u00e9e.<\/span><\/em><br \/><em><span style=\"font-size: 14pt; color: #000000;\">Temps d\u2019installation estim\u00e9 : 1 minute<\/span><\/em><br \/><em><span style=\"font-size: 14pt; color: #000000;\"><a href=\"https:\/\/www.macapflag.com\/img\/pdf\/fiche_81.pdf\" target=\"_blank\" rel=\"noopener\"><span style=\"color: #3366ff;\"><strong>Cliquez ici<\/strong><\/span><\/a> pour acc\u00e9der \u00e0 la fiche de montage du produit<\/span><\/em><\/p>\t\t\t\t\t\t\t\t<\/div>\n\t\t\t\t<\/div>\n\t\t\t\t\t<\/div>\n\t\t<\/div>\n\t\t\t\t\t<\/div>\n\t\t<\/section>\n\t\t\t\t<section class=\"elementor-section elementor-top-section elementor-element elementor-element-a9dbfd0 elementor-section-boxed elementor-section-height-default elementor-section-height-default\" data-id=\"a9dbfd0\" data-element_type=\"section\">\n\t\t\t\t\t\t<div class=\"elementor-container elementor-column-gap-default\">\n\t\t\t\t\t<div class=\"elementor-column elementor-col-100 elementor-top-column elementor-element elementor-element-2ba67b9\" data-id=\"2ba67b9\" data-element_type=\"column\">\n\t\t\t<div class=\"elementor-widget-wrap elementor-element-populated\">\n\t\t\t\t\t\t<div class=\"elementor-element elementor-element-6e9e3dd elementor-invisible elementor-widget elementor-widget-text-editor\" data-id=\"6e9e3dd\" data-element_type=\"widget\" data-settings=\"{&quot;_animation&quot;:&quot;rollIn&quot;}\" data-widget_type=\"text-editor.default\">\n\t\t\t\t<div class=\"elementor-widget-container\">\n\t\t\t\t\t\t\t\t\t<p style=\"text-align: center;\"><span style=\"font-size: 14pt; color: #000000;\"><strong>Le compte est bon avec une solution de 5 produits <br \/>pesant moins de 15 kg, mont\u00e9e en 10 minutes <br \/>pour un r\u00e9sultat aussi efficace que professionnel !<\/strong><\/span><\/p>\t\t\t\t\t\t\t\t<\/div>\n\t\t\t\t<\/div>\n\t\t\t\t\t<\/div>\n\t\t<\/div>\n\t\t\t\t\t<\/div>\n\t\t<\/section>\n\t\t\t\t<section class=\"elementor-section elementor-top-section elementor-element elementor-element-f3b5643 elementor-section-boxed elementor-section-height-default elementor-section-height-default\" data-id=\"f3b5643\" data-element_type=\"section\">\n\t\t\t\t\t\t<div class=\"elementor-container elementor-column-gap-default\">\n\t\t\t\t\t<div class=\"elementor-column elementor-col-100 elementor-top-column elementor-element elementor-element-8a103ab\" data-id=\"8a103ab\" data-element_type=\"column\">\n\t\t\t<div class=\"elementor-widget-wrap elementor-element-populated\">\n\t\t\t\t\t\t<div class=\"elementor-element elementor-element-90a8b7d elementor-invisible elementor-widget elementor-widget-text-editor\" data-id=\"90a8b7d\" data-element_type=\"widget\" data-settings=\"{&quot;_animation&quot;:&quot;rollIn&quot;}\" data-widget_type=\"text-editor.default\">\n\t\t\t\t<div class=\"elementor-widget-container\">\n\t\t\t\t\t\t\t\t\t<h2 style=\"text-align: center;\"><span style=\"font-size: 30pt;\"><b>Des \u00e9l\u00e9ments modulables et r\u00e9utilisables<\/b><\/span><\/h2>\t\t\t\t\t\t\t\t<\/div>\n\t\t\t\t<\/div>\n\t\t\t\t\t<\/div>\n\t\t<\/div>\n\t\t\t\t\t<\/div>\n\t\t<\/section>\n\t\t\t\t<section class=\"elementor-section elementor-top-section elementor-element elementor-element-2f62cd9 elementor-section-boxed elementor-section-height-default elementor-section-height-default\" data-id=\"2f62cd9\" data-element_type=\"section\">\n\t\t\t\t\t\t<div class=\"elementor-container elementor-column-gap-default\">\n\t\t\t\t\t<div class=\"elementor-column elementor-col-100 elementor-top-column elementor-element elementor-element-76be2a2\" data-id=\"76be2a2\" data-element_type=\"column\">\n\t\t\t<div class=\"elementor-widget-wrap elementor-element-populated\">\n\t\t\t\t\t\t<div class=\"elementor-element elementor-element-22bd2ef elementor-widget elementor-widget-text-editor\" data-id=\"22bd2ef\" data-element_type=\"widget\" data-widget_type=\"text-editor.default\">\n\t\t\t\t<div class=\"elementor-widget-container\">\n\t\t\t\t\t\t\t\t\t<p style=\"text-align: justify;\"><span style=\"color: #000000;\"><span style=\"font-size: 14pt;\"><span style=\"font-weight: 400;\">Ce stand sait s\u2019adapter \u00e0 toutes les configurations, chaque \u00e9l\u00e9ment peut \u00eatre d\u00e9plac\u00e9 et utilis\u00e9 s\u00e9par\u00e9ment des autres. <\/span><span style=\"font-weight: 400;\"><br \/><\/span><span style=\"font-weight: 400;\">Si par exemple vous disposez d\u2019un tout petit espace de pr\u00e9sentation, vous pouvez choisir de n\u2019utiliser que la nappe sur une petite table en pla\u00e7ant le roll up ou un beach flag light derri\u00e8re.<br \/><\/span><\/span><span style=\"font-weight: 400; font-size: 14pt;\">Si au contraire vous devez occuper une surface plus importante, vous pouvez alors espacer davantage les \u00e9l\u00e9ments les uns des autres.<\/span><\/span><\/p><p style=\"text-align: justify;\"><span style=\"font-size: 14pt; color: #000000;\"><b><i>Astuce<\/i><\/b><span style=\"font-weight: 400;\"> : Lorsque vous n\u2019avez pas d\u2019\u00e9v\u00e9nements particuliers en vue, utilisez ces \u00e9l\u00e9ments pour \u00e9gayer le hall d\u2019accueil de votre entreprise ou votre bureau.<\/span><\/span><\/p>\t\t\t\t\t\t\t\t<\/div>\n\t\t\t\t<\/div>\n\t\t\t\t\t<\/div>\n\t\t<\/div>\n\t\t\t\t\t<\/div>\n\t\t<\/section>\n\t\t\t\t<section class=\"elementor-section elementor-top-section elementor-element elementor-element-2d44c20 elementor-section-boxed elementor-section-height-default elementor-section-height-default\" data-id=\"2d44c20\" data-element_type=\"section\">\n\t\t\t\t\t\t<div class=\"elementor-container elementor-column-gap-default\">\n\t\t\t\t\t<div class=\"elementor-column elementor-col-100 elementor-top-column elementor-element elementor-element-c966301\" data-id=\"c966301\" data-element_type=\"column\">\n\t\t\t<div class=\"elementor-widget-wrap elementor-element-populated\">\n\t\t\t\t\t\t<div class=\"elementor-element elementor-element-97de9ae elementor-invisible elementor-widget elementor-widget-text-editor\" data-id=\"97de9ae\" data-element_type=\"widget\" data-settings=\"{&quot;_animation&quot;:&quot;rollIn&quot;}\" data-widget_type=\"text-editor.default\">\n\t\t\t\t<div class=\"elementor-widget-container\">\n\t\t\t\t\t\t\t\t\t<h2 style=\"text-align: center;\"><span style=\"font-size: 30pt;\"><b>Cette offre vous int\u00e9resse ?<\/b><\/span><\/h2>\t\t\t\t\t\t\t\t<\/div>\n\t\t\t\t<\/div>\n\t\t\t\t\t<\/div>\n\t\t<\/div>\n\t\t\t\t\t<\/div>\n\t\t<\/section>\n\t\t\t\t<section class=\"elementor-section elementor-top-section elementor-element elementor-element-25ed444 elementor-section-boxed elementor-section-height-default elementor-section-height-default\" data-id=\"25ed444\" data-element_type=\"section\">\n\t\t\t\t\t\t<div class=\"elementor-container elementor-column-gap-default\">\n\t\t\t\t\t<div class=\"elementor-column elementor-col-100 elementor-top-column elementor-element elementor-element-92987a5\" data-id=\"92987a5\" data-element_type=\"column\">\n\t\t\t<div class=\"elementor-widget-wrap elementor-element-populated\">\n\t\t\t\t\t\t<div class=\"elementor-element elementor-element-a0307c2 elementor-widget elementor-widget-text-editor\" data-id=\"a0307c2\" data-element_type=\"widget\" data-widget_type=\"text-editor.default\">\n\t\t\t\t<div class=\"elementor-widget-container\">\n\t\t\t\t\t\t\t\t\t<p style=\"text-align: center;\"><span style=\"font-size: 14pt; color: #000000;\"><span style=\"font-weight: 400;\">Contactez notre \u00e9quipe commerciale par email <\/span><b><span style=\"color: #3366ff;\">web@macapflag.com<\/span><br \/><\/b><\/span><span style=\"font-weight: 400; color: #000000;\"><span style=\"font-size: 14pt;\">ou par t\u00e9l\u00e9phone au 04 94 48 50 57 du Lundi au Vendredi de 9h \u00e0 17h.<\/span> <\/span><\/p>\t\t\t\t\t\t\t\t<\/div>\n\t\t\t\t<\/div>\n\t\t\t\t\t<\/div>\n\t\t<\/div>\n\t\t\t\t\t<\/div>\n\t\t<\/section>\n\t\t\t\t<section class=\"elementor-section elementor-top-section elementor-element elementor-element-4f99a61 elementor-section-boxed elementor-section-height-default elementor-section-height-default\" data-id=\"4f99a61\" data-element_type=\"section\">\n\t\t\t\t\t\t<div class=\"elementor-container elementor-column-gap-default\">\n\t\t\t\t\t<div class=\"elementor-column elementor-col-100 elementor-top-column elementor-element elementor-element-f6b4e80\" data-id=\"f6b4e80\" data-element_type=\"column\">\n\t\t\t<div class=\"elementor-widget-wrap elementor-element-populated\">\n\t\t\t\t\t\t<div class=\"elementor-element elementor-element-5ba287c elementor-widget elementor-widget-text-editor\" data-id=\"5ba287c\" data-element_type=\"widget\" data-widget_type=\"text-editor.default\">\n\t\t\t\t<div class=\"elementor-widget-container\">\n\t\t\t\t\t\t\t\t\t<p><img loading=\"lazy\" decoding=\"async\" class=\"size-full wp-image-2886 aligncenter\" src=\"https:\/\/www.macapflag.com\/blog\/wp-content\/uploads\/2018\/10\/picto-produitssolutions235x135.gif\" alt=\"Produits et solutions propos\u00e9s par Macap : drapeaux, banderoles ou Beachflags\" width=\"235\" height=\"135\" \/><\/p><p style=\"text-align: center;\"><span style=\"font-size: 14pt;\"><span style=\"color: #000000;\"><strong><span style=\"font-family: 'Futura Bk BT';\">Macap<\/span><\/strong><\/span> <span style=\"color: #808080;\"><strong><span style=\"font-family: 'Futura Bk BT';\">&#8211; Lundi 1er Juillet 2019<\/span><\/strong><\/span><\/span><\/p><p>\u00a0<\/p>\t\t\t\t\t\t\t\t<\/div>\n\t\t\t\t<\/div>\n\t\t\t\t\t<\/div>\n\t\t<\/div>\n\t\t\t\t\t<\/div>\n\t\t<\/section>\n\t\t\t\t<\/div>\n\t\t","protected":false},"excerpt":{"rendered":"<div class=\"tmnf_excerpt\"><p>Pour r\u00e9pondre aux probl\u00e9matiques des PME qui doivent am\u00e9nager et participer \u00e0 un salon ou une manifestation ext\u00e9rieure \u00e0 l\u2019entreprise, Macap met en avant une offre packag\u00e9e d\u2019un stand professionnel totalement personnalis\u00e9. L\u00e9ger et facile \u00e0 transporter, simple et rapide \u00e0 installer, cet ensemble vous est \u00e9galement propos\u00e9 \u00e0 un prix tr\u00e8s attractif ! 5 &hellip;<\/p>\n<\/div>","protected":false},"author":2,"featured_media":3848,"comment_status":"closed","ping_status":"open","sticky":false,"template":"template-fullwidth.php","format":"standard","meta":{"footnotes":""},"categories":[90],"tags":[],"class_list":["post-3833","post","type-post","status-publish","format-standard","has-post-thumbnail","hentry","category-produits-et-sols"],"yoast_head":"<!-- This site is optimized with the Yoast SEO plugin v26.4 - https:\/\/yoast.com\/wordpress\/plugins\/seo\/ -->\n<title>Comment cr\u00e9er un stand personnalis\u00e9 professionnel qualitatif et pas cher ?<\/title>\n<meta name=\"description\" content=\"Pour r\u00e9pondre aux besoins des PME qui doivent am\u00e9nager un espace pour participer \u00e0 un salon, Macap vous propose un stand personnalis\u00e9 \u00e9conomique et pratique\" \/>\n<meta name=\"robots\" content=\"index, follow, max-snippet:-1, max-image-preview:large, max-video-preview:-1\" \/>\n<link rel=\"canonical\" href=\"https:\/\/www.macapflag.com\/blog\/stand-personnalise-pas-cher\/\" \/>\n<meta property=\"og:locale\" content=\"fr_FR\" \/>\n<meta property=\"og:type\" content=\"article\" \/>\n<meta property=\"og:title\" content=\"Comment cr\u00e9er un stand personnalis\u00e9 professionnel qualitatif et pas cher ?\" \/>\n<meta property=\"og:description\" content=\"Pour r\u00e9pondre aux besoins des PME qui doivent am\u00e9nager un espace pour participer \u00e0 un salon, Macap vous propose un stand personnalis\u00e9 \u00e9conomique et pratique\" \/>\n<meta property=\"og:url\" content=\"https:\/\/www.macapflag.com\/blog\/stand-personnalise-pas-cher\/\" \/>\n<meta property=\"og:site_name\" content=\"Blog - Macap\" \/>\n<meta property=\"article:publisher\" content=\"https:\/\/www.facebook.com\/macap.pavoisement\/\" \/>\n<meta property=\"article:published_time\" content=\"2019-07-01T06:41:28+00:00\" \/>\n<meta property=\"article:modified_time\" content=\"2019-11-25T09:55:09+00:00\" \/>\n<meta property=\"og:image\" content=\"https:\/\/www.macapflag.com\/blog\/wp-content\/uploads\/2019\/06\/stand-pas-cher-TITRE-2.jpg\" \/>\n\t<meta property=\"og:image:width\" content=\"700\" \/>\n\t<meta property=\"og:image:height\" content=\"534\" \/>\n\t<meta property=\"og:image:type\" content=\"image\/jpeg\" \/>\n<meta name=\"author\" content=\"Blog Macap\" \/>\n<meta name=\"twitter:card\" content=\"summary_large_image\" \/>\n<meta name=\"twitter:label1\" content=\"\u00c9crit par\" \/>\n\t<meta name=\"twitter:data1\" content=\"Blog Macap\" \/>\n\t<meta name=\"twitter:label2\" content=\"Dur\u00e9e de lecture estim\u00e9e\" \/>\n\t<meta name=\"twitter:data2\" content=\"5 minutes\" \/>\n<script type=\"application\/ld+json\" class=\"yoast-schema-graph\">{\"@context\":\"https:\/\/schema.org\",\"@graph\":[{\"@type\":\"Article\",\"@id\":\"https:\/\/www.macapflag.com\/blog\/stand-personnalise-pas-cher\/#article\",\"isPartOf\":{\"@id\":\"https:\/\/www.macapflag.com\/blog\/stand-personnalise-pas-cher\/\"},\"author\":{\"name\":\"Blog Macap\",\"@id\":\"https:\/\/www.macapflag.com\/blog\/#\/schema\/person\/3fea701f2603875e651e6b662578fc3c\"},\"headline\":\"Comment cr\u00e9er un stand personnalis\u00e9 professionnel qualitatif et pas cher\",\"datePublished\":\"2019-07-01T06:41:28+00:00\",\"dateModified\":\"2019-11-25T09:55:09+00:00\",\"mainEntityOfPage\":{\"@id\":\"https:\/\/www.macapflag.com\/blog\/stand-personnalise-pas-cher\/\"},\"wordCount\":1107,\"publisher\":{\"@id\":\"https:\/\/www.macapflag.com\/blog\/#organization\"},\"image\":{\"@id\":\"https:\/\/www.macapflag.com\/blog\/stand-personnalise-pas-cher\/#primaryimage\"},\"thumbnailUrl\":\"https:\/\/www.macapflag.com\/blog\/wp-content\/uploads\/2019\/06\/stand-pas-cher-TITRE-2.jpg\",\"articleSection\":[\"Produits &amp; Solutions\"],\"inLanguage\":\"fr-FR\"},{\"@type\":\"WebPage\",\"@id\":\"https:\/\/www.macapflag.com\/blog\/stand-personnalise-pas-cher\/\",\"url\":\"https:\/\/www.macapflag.com\/blog\/stand-personnalise-pas-cher\/\",\"name\":\"Comment cr\u00e9er un stand personnalis\u00e9 professionnel qualitatif et pas cher ?\",\"isPartOf\":{\"@id\":\"https:\/\/www.macapflag.com\/blog\/#website\"},\"primaryImageOfPage\":{\"@id\":\"https:\/\/www.macapflag.com\/blog\/stand-personnalise-pas-cher\/#primaryimage\"},\"image\":{\"@id\":\"https:\/\/www.macapflag.com\/blog\/stand-personnalise-pas-cher\/#primaryimage\"},\"thumbnailUrl\":\"https:\/\/www.macapflag.com\/blog\/wp-content\/uploads\/2019\/06\/stand-pas-cher-TITRE-2.jpg\",\"datePublished\":\"2019-07-01T06:41:28+00:00\",\"dateModified\":\"2019-11-25T09:55:09+00:00\",\"description\":\"Pour r\u00e9pondre aux besoins des PME qui doivent am\u00e9nager un espace pour participer \u00e0 un salon, Macap vous propose un stand personnalis\u00e9 \u00e9conomique et pratique\",\"breadcrumb\":{\"@id\":\"https:\/\/www.macapflag.com\/blog\/stand-personnalise-pas-cher\/#breadcrumb\"},\"inLanguage\":\"fr-FR\",\"potentialAction\":[{\"@type\":\"ReadAction\",\"target\":[\"https:\/\/www.macapflag.com\/blog\/stand-personnalise-pas-cher\/\"]}]},{\"@type\":\"ImageObject\",\"inLanguage\":\"fr-FR\",\"@id\":\"https:\/\/www.macapflag.com\/blog\/stand-personnalise-pas-cher\/#primaryimage\",\"url\":\"https:\/\/www.macapflag.com\/blog\/wp-content\/uploads\/2019\/06\/stand-pas-cher-TITRE-2.jpg\",\"contentUrl\":\"https:\/\/www.macapflag.com\/blog\/wp-content\/uploads\/2019\/06\/stand-pas-cher-TITRE-2.jpg\",\"width\":700,\"height\":534,\"caption\":\"Un stand personnalis\u00e9 \u00e0 vos couleurs, pratique, transportable et pas cher\"},{\"@type\":\"BreadcrumbList\",\"@id\":\"https:\/\/www.macapflag.com\/blog\/stand-personnalise-pas-cher\/#breadcrumb\",\"itemListElement\":[{\"@type\":\"ListItem\",\"position\":1,\"name\":\"Accueil\",\"item\":\"https:\/\/www.macapflag.com\/blog\/\"},{\"@type\":\"ListItem\",\"position\":2,\"name\":\"Comment cr\u00e9er un stand personnalis\u00e9 professionnel qualitatif et pas cher\"}]},{\"@type\":\"WebSite\",\"@id\":\"https:\/\/www.macapflag.com\/blog\/#website\",\"url\":\"https:\/\/www.macapflag.com\/blog\/\",\"name\":\"Blog - Macap\",\"description\":\"Tous nos articles\",\"publisher\":{\"@id\":\"https:\/\/www.macapflag.com\/blog\/#organization\"},\"potentialAction\":[{\"@type\":\"SearchAction\",\"target\":{\"@type\":\"EntryPoint\",\"urlTemplate\":\"https:\/\/www.macapflag.com\/blog\/?s={search_term_string}\"},\"query-input\":{\"@type\":\"PropertyValueSpecification\",\"valueRequired\":true,\"valueName\":\"search_term_string\"}}],\"inLanguage\":\"fr-FR\"},{\"@type\":\"Organization\",\"@id\":\"https:\/\/www.macapflag.com\/blog\/#organization\",\"name\":\"macapflag\",\"url\":\"https:\/\/www.macapflag.com\/blog\/\",\"logo\":{\"@type\":\"ImageObject\",\"inLanguage\":\"fr-FR\",\"@id\":\"https:\/\/www.macapflag.com\/blog\/#\/schema\/logo\/image\/\",\"url\":\"https:\/\/www.macapflag.com\/blog\/wp-content\/uploads\/2020\/12\/cropped-M-512-1.png\",\"contentUrl\":\"https:\/\/www.macapflag.com\/blog\/wp-content\/uploads\/2020\/12\/cropped-M-512-1.png\",\"width\":512,\"height\":512,\"caption\":\"macapflag\"},\"image\":{\"@id\":\"https:\/\/www.macapflag.com\/blog\/#\/schema\/logo\/image\/\"},\"sameAs\":[\"https:\/\/www.facebook.com\/macap.pavoisement\/\",\"https:\/\/www.instagram.com\/macapflag\/?hl=fr\",\"https:\/\/www.linkedin.com\/company\/macap\/?originalSubdomain=fr\",\"https:\/\/www.youtube.com\/channel\/UCXNzTIdZh9poEBjSXEqDtNw\"]},{\"@type\":\"Person\",\"@id\":\"https:\/\/www.macapflag.com\/blog\/#\/schema\/person\/3fea701f2603875e651e6b662578fc3c\",\"name\":\"Blog Macap\",\"image\":{\"@type\":\"ImageObject\",\"inLanguage\":\"fr-FR\",\"@id\":\"https:\/\/www.macapflag.com\/blog\/#\/schema\/person\/image\/\",\"url\":\"https:\/\/secure.gravatar.com\/avatar\/c12551f2dc51f0db049633b03e7856985477a70da834cc8967dea4ce54bdd6a2?s=96&d=mm&r=g\",\"contentUrl\":\"https:\/\/secure.gravatar.com\/avatar\/c12551f2dc51f0db049633b03e7856985477a70da834cc8967dea4ce54bdd6a2?s=96&d=mm&r=g\",\"caption\":\"Blog Macap\"},\"url\":\"https:\/\/www.macapflag.com\/blog\/author\/macap\/\"}]}<\/script>\n<!-- \/ Yoast SEO plugin. -->","yoast_head_json":{"title":"Comment cr\u00e9er un stand personnalis\u00e9 professionnel qualitatif et pas cher ?","description":"Pour r\u00e9pondre aux besoins des PME qui doivent am\u00e9nager un espace pour participer \u00e0 un salon, Macap vous propose un stand personnalis\u00e9 \u00e9conomique et pratique","robots":{"index":"index","follow":"follow","max-snippet":"max-snippet:-1","max-image-preview":"max-image-preview:large","max-video-preview":"max-video-preview:-1"},"canonical":"https:\/\/www.macapflag.com\/blog\/stand-personnalise-pas-cher\/","og_locale":"fr_FR","og_type":"article","og_title":"Comment cr\u00e9er un stand personnalis\u00e9 professionnel qualitatif et pas cher ?","og_description":"Pour r\u00e9pondre aux besoins des PME qui doivent am\u00e9nager un espace pour participer \u00e0 un salon, Macap vous propose un stand personnalis\u00e9 \u00e9conomique et pratique","og_url":"https:\/\/www.macapflag.com\/blog\/stand-personnalise-pas-cher\/","og_site_name":"Blog - Macap","article_publisher":"https:\/\/www.facebook.com\/macap.pavoisement\/","article_published_time":"2019-07-01T06:41:28+00:00","article_modified_time":"2019-11-25T09:55:09+00:00","og_image":[{"width":700,"height":534,"url":"https:\/\/www.macapflag.com\/blog\/wp-content\/uploads\/2019\/06\/stand-pas-cher-TITRE-2.jpg","type":"image\/jpeg"}],"author":"Blog Macap","twitter_card":"summary_large_image","twitter_misc":{"\u00c9crit par":"Blog Macap","Dur\u00e9e de lecture estim\u00e9e":"5 minutes"},"schema":{"@context":"https:\/\/schema.org","@graph":[{"@type":"Article","@id":"https:\/\/www.macapflag.com\/blog\/stand-personnalise-pas-cher\/#article","isPartOf":{"@id":"https:\/\/www.macapflag.com\/blog\/stand-personnalise-pas-cher\/"},"author":{"name":"Blog Macap","@id":"https:\/\/www.macapflag.com\/blog\/#\/schema\/person\/3fea701f2603875e651e6b662578fc3c"},"headline":"Comment cr\u00e9er un stand personnalis\u00e9 professionnel qualitatif et pas cher","datePublished":"2019-07-01T06:41:28+00:00","dateModified":"2019-11-25T09:55:09+00:00","mainEntityOfPage":{"@id":"https:\/\/www.macapflag.com\/blog\/stand-personnalise-pas-cher\/"},"wordCount":1107,"publisher":{"@id":"https:\/\/www.macapflag.com\/blog\/#organization"},"image":{"@id":"https:\/\/www.macapflag.com\/blog\/stand-personnalise-pas-cher\/#primaryimage"},"thumbnailUrl":"https:\/\/www.macapflag.com\/blog\/wp-content\/uploads\/2019\/06\/stand-pas-cher-TITRE-2.jpg","articleSection":["Produits &amp; Solutions"],"inLanguage":"fr-FR"},{"@type":"WebPage","@id":"https:\/\/www.macapflag.com\/blog\/stand-personnalise-pas-cher\/","url":"https:\/\/www.macapflag.com\/blog\/stand-personnalise-pas-cher\/","name":"Comment cr\u00e9er un stand personnalis\u00e9 professionnel qualitatif et pas cher ?","isPartOf":{"@id":"https:\/\/www.macapflag.com\/blog\/#website"},"primaryImageOfPage":{"@id":"https:\/\/www.macapflag.com\/blog\/stand-personnalise-pas-cher\/#primaryimage"},"image":{"@id":"https:\/\/www.macapflag.com\/blog\/stand-personnalise-pas-cher\/#primaryimage"},"thumbnailUrl":"https:\/\/www.macapflag.com\/blog\/wp-content\/uploads\/2019\/06\/stand-pas-cher-TITRE-2.jpg","datePublished":"2019-07-01T06:41:28+00:00","dateModified":"2019-11-25T09:55:09+00:00","description":"Pour r\u00e9pondre aux besoins des PME qui doivent am\u00e9nager un espace pour participer \u00e0 un salon, Macap vous propose un stand personnalis\u00e9 \u00e9conomique et pratique","breadcrumb":{"@id":"https:\/\/www.macapflag.com\/blog\/stand-personnalise-pas-cher\/#breadcrumb"},"inLanguage":"fr-FR","potentialAction":[{"@type":"ReadAction","target":["https:\/\/www.macapflag.com\/blog\/stand-personnalise-pas-cher\/"]}]},{"@type":"ImageObject","inLanguage":"fr-FR","@id":"https:\/\/www.macapflag.com\/blog\/stand-personnalise-pas-cher\/#primaryimage","url":"https:\/\/www.macapflag.com\/blog\/wp-content\/uploads\/2019\/06\/stand-pas-cher-TITRE-2.jpg","contentUrl":"https:\/\/www.macapflag.com\/blog\/wp-content\/uploads\/2019\/06\/stand-pas-cher-TITRE-2.jpg","width":700,"height":534,"caption":"Un stand personnalis\u00e9 \u00e0 vos couleurs, pratique, transportable et pas cher"},{"@type":"BreadcrumbList","@id":"https:\/\/www.macapflag.com\/blog\/stand-personnalise-pas-cher\/#breadcrumb","itemListElement":[{"@type":"ListItem","position":1,"name":"Accueil","item":"https:\/\/www.macapflag.com\/blog\/"},{"@type":"ListItem","position":2,"name":"Comment cr\u00e9er un stand personnalis\u00e9 professionnel qualitatif et pas cher"}]},{"@type":"WebSite","@id":"https:\/\/www.macapflag.com\/blog\/#website","url":"https:\/\/www.macapflag.com\/blog\/","name":"Blog - Macap","description":"Tous nos articles","publisher":{"@id":"https:\/\/www.macapflag.com\/blog\/#organization"},"potentialAction":[{"@type":"SearchAction","target":{"@type":"EntryPoint","urlTemplate":"https:\/\/www.macapflag.com\/blog\/?s={search_term_string}"},"query-input":{"@type":"PropertyValueSpecification","valueRequired":true,"valueName":"search_term_string"}}],"inLanguage":"fr-FR"},{"@type":"Organization","@id":"https:\/\/www.macapflag.com\/blog\/#organization","name":"macapflag","url":"https:\/\/www.macapflag.com\/blog\/","logo":{"@type":"ImageObject","inLanguage":"fr-FR","@id":"https:\/\/www.macapflag.com\/blog\/#\/schema\/logo\/image\/","url":"https:\/\/www.macapflag.com\/blog\/wp-content\/uploads\/2020\/12\/cropped-M-512-1.png","contentUrl":"https:\/\/www.macapflag.com\/blog\/wp-content\/uploads\/2020\/12\/cropped-M-512-1.png","width":512,"height":512,"caption":"macapflag"},"image":{"@id":"https:\/\/www.macapflag.com\/blog\/#\/schema\/logo\/image\/"},"sameAs":["https:\/\/www.facebook.com\/macap.pavoisement\/","https:\/\/www.instagram.com\/macapflag\/?hl=fr","https:\/\/www.linkedin.com\/company\/macap\/?originalSubdomain=fr","https:\/\/www.youtube.com\/channel\/UCXNzTIdZh9poEBjSXEqDtNw"]},{"@type":"Person","@id":"https:\/\/www.macapflag.com\/blog\/#\/schema\/person\/3fea701f2603875e651e6b662578fc3c","name":"Blog Macap","image":{"@type":"ImageObject","inLanguage":"fr-FR","@id":"https:\/\/www.macapflag.com\/blog\/#\/schema\/person\/image\/","url":"https:\/\/secure.gravatar.com\/avatar\/c12551f2dc51f0db049633b03e7856985477a70da834cc8967dea4ce54bdd6a2?s=96&d=mm&r=g","contentUrl":"https:\/\/secure.gravatar.com\/avatar\/c12551f2dc51f0db049633b03e7856985477a70da834cc8967dea4ce54bdd6a2?s=96&d=mm&r=g","caption":"Blog Macap"},"url":"https:\/\/www.macapflag.com\/blog\/author\/macap\/"}]}},"_links":{"self":[{"href":"https:\/\/www.macapflag.com\/blog\/wp-json\/wp\/v2\/posts\/3833","targetHints":{"allow":["GET"]}}],"collection":[{"href":"https:\/\/www.macapflag.com\/blog\/wp-json\/wp\/v2\/posts"}],"about":[{"href":"https:\/\/www.macapflag.com\/blog\/wp-json\/wp\/v2\/types\/post"}],"author":[{"embeddable":true,"href":"https:\/\/www.macapflag.com\/blog\/wp-json\/wp\/v2\/users\/2"}],"replies":[{"embeddable":true,"href":"https:\/\/www.macapflag.com\/blog\/wp-json\/wp\/v2\/comments?post=3833"}],"version-history":[{"count":19,"href":"https:\/\/www.macapflag.com\/blog\/wp-json\/wp\/v2\/posts\/3833\/revisions"}],"predecessor-version":[{"id":4313,"href":"https:\/\/www.macapflag.com\/blog\/wp-json\/wp\/v2\/posts\/3833\/revisions\/4313"}],"wp:featuredmedia":[{"embeddable":true,"href":"https:\/\/www.macapflag.com\/blog\/wp-json\/wp\/v2\/media\/3848"}],"wp:attachment":[{"href":"https:\/\/www.macapflag.com\/blog\/wp-json\/wp\/v2\/media?parent=3833"}],"wp:term":[{"taxonomy":"category","embeddable":true,"href":"https:\/\/www.macapflag.com\/blog\/wp-json\/wp\/v2\/categories?post=3833"},{"taxonomy":"post_tag","embeddable":true,"href":"https:\/\/www.macapflag.com\/blog\/wp-json\/wp\/v2\/tags?post=3833"}],"curies":[{"name":"wp","href":"https:\/\/api.w.org\/{rel}","templated":true}]}}