{"id":3966,"date":"2025-06-22T08:00:06","date_gmt":"2025-06-22T06:00:06","guid":{"rendered":"https:\/\/www.macapflag.com\/blog\/?p=3966"},"modified":"2025-06-22T08:00:06","modified_gmt":"2025-06-22T06:00:06","slug":"preparez-votre-14-juillet-comme-il-se-doit","status":"publish","type":"post","link":"https:\/\/www.macapflag.com\/blog\/preparez-votre-14-juillet-comme-il-se-doit\/","title":{"rendered":"C\u00e9l\u00e9brez le 14 juillet comme il se doit !"},"content":{"rendered":"\t\t<div data-elementor-type=\"wp-post\" data-elementor-id=\"3966\" class=\"elementor elementor-3966\">\n\t\t\t\t\t\t<section class=\"elementor-section elementor-top-section elementor-element elementor-element-936366a elementor-section-boxed elementor-section-height-default elementor-section-height-default\" data-id=\"936366a\" data-element_type=\"section\">\n\t\t\t\t\t\t<div class=\"elementor-container elementor-column-gap-default\">\n\t\t\t\t\t<div class=\"elementor-column elementor-col-100 elementor-top-column elementor-element elementor-element-0292837\" data-id=\"0292837\" data-element_type=\"column\">\n\t\t\t<div class=\"elementor-widget-wrap elementor-element-populated\">\n\t\t\t\t\t\t<div class=\"elementor-element elementor-element-5c4c9c1 elementor-widget elementor-widget-text-editor\" data-id=\"5c4c9c1\" data-element_type=\"widget\" data-widget_type=\"text-editor.default\">\n\t\t\t\t<div class=\"elementor-widget-container\">\n\t\t\t\t\t\t\t\t\t<p>Chaque ann\u00e9e et partout en France, il est des dates pour lesquelles les mairies et les collectivit\u00e9s se mettent sur leur 31 !<br \/>Le 14 juillet en fait partie. Peut-\u00eatre encore plus que les autres dates comm\u00e9moratives.\u00a0<br \/>Elle incite ainsi les mairies et autres \u00e9tablissements publics \u00e0 animer, d\u00e9corer leurs lieux aux couleurs de cette f\u00eate nationale.<\/p>\t\t\t\t\t\t\t\t<\/div>\n\t\t\t\t<\/div>\n\t\t\t\t\t<\/div>\n\t\t<\/div>\n\t\t\t\t\t<\/div>\n\t\t<\/section>\n\t\t\t\t<section class=\"elementor-section elementor-top-section elementor-element elementor-element-9aaa3df elementor-section-boxed elementor-section-height-default elementor-section-height-default\" data-id=\"9aaa3df\" data-element_type=\"section\">\n\t\t\t\t\t\t<div class=\"elementor-container elementor-column-gap-default\">\n\t\t\t\t\t<div class=\"elementor-column elementor-col-100 elementor-top-column elementor-element elementor-element-d9680cd\" data-id=\"d9680cd\" data-element_type=\"column\">\n\t\t\t<div class=\"elementor-widget-wrap elementor-element-populated\">\n\t\t\t\t\t\t<div class=\"elementor-element elementor-element-19b7af5 elementor-widget elementor-widget-text-editor\" data-id=\"19b7af5\" data-element_type=\"widget\" data-widget_type=\"text-editor.default\">\n\t\t\t\t<div class=\"elementor-widget-container\">\n\t\t\t\t\t\t\t\t\t<h2>Pourquoi la date du 14 juillet est-elle incontournable ?<\/h2>\t\t\t\t\t\t\t\t<\/div>\n\t\t\t\t<\/div>\n\t\t\t\t\t<\/div>\n\t\t<\/div>\n\t\t\t\t\t<\/div>\n\t\t<\/section>\n\t\t\t\t<section class=\"elementor-section elementor-top-section elementor-element elementor-element-8d8f226 elementor-section-boxed elementor-section-height-default elementor-section-height-default\" data-id=\"8d8f226\" data-element_type=\"section\">\n\t\t\t\t\t\t<div class=\"elementor-container elementor-column-gap-default\">\n\t\t\t\t\t<div class=\"elementor-column elementor-col-100 elementor-top-column elementor-element elementor-element-516642c\" data-id=\"516642c\" data-element_type=\"column\">\n\t\t\t<div class=\"elementor-widget-wrap elementor-element-populated\">\n\t\t\t\t\t\t<div class=\"elementor-element elementor-element-572d951 elementor-widget elementor-widget-image\" data-id=\"572d951\" data-element_type=\"widget\" data-widget_type=\"image.default\">\n\t\t\t\t<div class=\"elementor-widget-container\">\n\t\t\t\t\t\t\t\t\t\t\t\t\t\t\t<img fetchpriority=\"high\" decoding=\"async\" width=\"700\" height=\"534\" src=\"https:\/\/www.macapflag.com\/blog\/wp-content\/uploads\/2019\/06\/commemoration-14-juillet-2019-A.gif\" class=\"attachment-large size-large wp-image-3784\" alt=\"Quels sont les \u00e9l\u00e9ments de l&#039;histoire qui ont marqu\u00e9 le 14 Juillet ?\" \/>\t\t\t\t\t\t\t\t\t\t\t\t\t\t\t<\/div>\n\t\t\t\t<\/div>\n\t\t\t\t\t<\/div>\n\t\t<\/div>\n\t\t\t\t\t<\/div>\n\t\t<\/section>\n\t\t\t\t<section class=\"elementor-section elementor-top-section elementor-element elementor-element-2d9385f elementor-section-boxed elementor-section-height-default elementor-section-height-default\" data-id=\"2d9385f\" data-element_type=\"section\">\n\t\t\t\t\t\t<div class=\"elementor-container elementor-column-gap-default\">\n\t\t\t\t\t<div class=\"elementor-column elementor-col-100 elementor-top-column elementor-element elementor-element-2188bd6\" data-id=\"2188bd6\" data-element_type=\"column\">\n\t\t\t<div class=\"elementor-widget-wrap elementor-element-populated\">\n\t\t\t\t\t\t<div class=\"elementor-element elementor-element-b274c67 elementor-widget elementor-widget-text-editor\" data-id=\"b274c67\" data-element_type=\"widget\" data-widget_type=\"text-editor.default\">\n\t\t\t\t<div class=\"elementor-widget-container\">\n\t\t\t\t\t\t\t\t\t<ul style=\"list-style-type: disc;\"><li>\u00a0C\u2019est un jour f\u00e9ri\u00e9 qui comm\u00e9more la prise de la Bastille lors de la r\u00e9volution fran\u00e7aise de 1789 mais pas uniquement ! Un an plus tard, le 14 juillet 1790, a lieu la f\u00eate de la F\u00e9d\u00e9ration, un grand rassemblement festif sur le Champ-de-Mars en pr\u00e9sence du roi, de soldats et de repr\u00e9sentants du peuple fran\u00e7ais venus de tout le territoire.<\/li><li>C\u2019est le jour de la f\u00eate nationale fran\u00e7aise, tel qu\u2019il en a \u00e9t\u00e9 d\u00e9cid\u00e9 en 1880 par la loi Raspail, pr\u00e9cis\u00e9ment pour comm\u00e9morer les deux dates pr\u00e9c\u00e9dentes.\u00a0<\/li><li>Ce jour du 14 juillet est fortement charg\u00e9 de symboles.<br \/>&#8211; Symbole de libert\u00e9 puisqu&#8217;il rappelle cette date \u00e0 laquelle le peuple \u00e0 lib\u00e9rer les opposants au r\u00e9gime alors emprisonn\u00e9s dans la plus grande prison parisienne.<br \/>&#8211; Symbole d\u2019appartenance aux valeurs de la R\u00e9publique aussi, car cette m\u00eame r\u00e9volution marque la fin de la monarchie absolue en France.<br \/>&#8211; Symbole d\u2019unit\u00e9 de tout un peuple.<br \/>&#8211; Symbole de m\u00e9moire collective \u00e9galement, car il unit toutes les g\u00e9n\u00e9rations autour de l\u2019Histoire de France et d\u2019un r\u00e9cit national partag\u00e9. Les comm\u00e9morations permettent aux plus jeunes de d\u00e9couvrir les fondements de la R\u00e9publique tout en partageant un moment festif avec leurs a\u00een\u00e9s.<\/li><\/ul><p>Tous ces \u00e9l\u00e9ments conf\u00e8rent \u00e0 cette date un caract\u00e8re joyeux que vient renforcer l\u2019ambiance estivale. En plein mois de juillet, les jours sont longs, les temp\u00e9ratures sont tr\u00e8s agr\u00e9ables sur tout le territoire et, pour une bonne partie des fran\u00e7ais, les grandes vacances approchent.\u00a0<\/p><p>L\u2019envie de s\u2019amuser, d\u2019\u00eatre un peu plus insouciant et de faire un break touchent toutes les tranches d\u2019\u00e2ge !<br \/>Les Mairies ne s\u2019y trompent pas en organisant plusieurs manifestations autour de cet \u00e9v\u00e8nement.<\/p>\t\t\t\t\t\t\t\t<\/div>\n\t\t\t\t<\/div>\n\t\t\t\t\t<\/div>\n\t\t<\/div>\n\t\t\t\t\t<\/div>\n\t\t<\/section>\n\t\t\t\t<section class=\"elementor-section elementor-top-section elementor-element elementor-element-33d2870 elementor-section-boxed elementor-section-height-default elementor-section-height-default\" data-id=\"33d2870\" data-element_type=\"section\">\n\t\t\t\t\t\t<div class=\"elementor-container elementor-column-gap-default\">\n\t\t\t\t\t<div class=\"elementor-column elementor-col-100 elementor-top-column elementor-element elementor-element-dff692b\" data-id=\"dff692b\" data-element_type=\"column\">\n\t\t\t<div class=\"elementor-widget-wrap elementor-element-populated\">\n\t\t\t\t\t\t<div class=\"elementor-element elementor-element-4df7fe9 elementor-widget elementor-widget-text-editor\" data-id=\"4df7fe9\" data-element_type=\"widget\" data-widget_type=\"text-editor.default\">\n\t\t\t\t<div class=\"elementor-widget-container\">\n\t\t\t\t\t\t\t\t\t<h2>Les \u00e9v\u00e9nements\u00a0organis\u00e9s lors du 14 Juillet<\/h2>\t\t\t\t\t\t\t\t<\/div>\n\t\t\t\t<\/div>\n\t\t\t\t\t<\/div>\n\t\t<\/div>\n\t\t\t\t\t<\/div>\n\t\t<\/section>\n\t\t\t\t<section class=\"elementor-section elementor-top-section elementor-element elementor-element-c15890e elementor-section-boxed elementor-section-height-default elementor-section-height-default\" data-id=\"c15890e\" data-element_type=\"section\">\n\t\t\t\t\t\t<div class=\"elementor-container elementor-column-gap-default\">\n\t\t\t\t\t<div class=\"elementor-column elementor-col-100 elementor-top-column elementor-element elementor-element-a059d2c\" data-id=\"a059d2c\" data-element_type=\"column\">\n\t\t\t<div class=\"elementor-widget-wrap elementor-element-populated\">\n\t\t\t\t\t\t<div class=\"elementor-element elementor-element-8e0807d elementor-widget elementor-widget-image\" data-id=\"8e0807d\" data-element_type=\"widget\" data-widget_type=\"image.default\">\n\t\t\t\t<div class=\"elementor-widget-container\">\n\t\t\t\t\t\t\t\t\t\t\t\t\t\t\t<img decoding=\"async\" width=\"700\" height=\"534\" src=\"https:\/\/www.macapflag.com\/blog\/wp-content\/uploads\/2019\/06\/commemoration-14-juillet-2019-B.gif\" class=\"attachment-large size-large wp-image-3785\" alt=\"Chaque ann\u00e9e le 14 Juillet, plusieurs grands \u00e9v\u00e9nements sont organis\u00e9s en France\" \/>\t\t\t\t\t\t\t\t\t\t\t\t\t\t\t<\/div>\n\t\t\t\t<\/div>\n\t\t\t\t\t<\/div>\n\t\t<\/div>\n\t\t\t\t\t<\/div>\n\t\t<\/section>\n\t\t\t\t<section class=\"elementor-section elementor-top-section elementor-element elementor-element-e11c386 elementor-section-boxed elementor-section-height-default elementor-section-height-default\" data-id=\"e11c386\" data-element_type=\"section\">\n\t\t\t\t\t\t<div class=\"elementor-container elementor-column-gap-default\">\n\t\t\t\t\t<div class=\"elementor-column elementor-col-100 elementor-top-column elementor-element elementor-element-6678baa\" data-id=\"6678baa\" data-element_type=\"column\">\n\t\t\t<div class=\"elementor-widget-wrap elementor-element-populated\">\n\t\t\t\t\t\t<div class=\"elementor-element elementor-element-c0e48ca elementor-widget elementor-widget-text-editor\" data-id=\"c0e48ca\" data-element_type=\"widget\" data-widget_type=\"text-editor.default\">\n\t\t\t\t<div class=\"elementor-widget-container\">\n\t\t\t\t\t\t\t\t\t<ul><li><strong>Le d\u00e9fil\u00e9 militaire sur les Champs \u00c9lys\u00e9es<\/strong>\u00a0<br \/>En pr\u00e9sence du Chef de l\u2019\u00c9tat, sans doute l&#8217;\u00e9v\u00e9nement le plus officiel de cette date. Apr\u00e8s une d\u00e9monstration de la patrouille de France, les diff\u00e9rents corps d\u2019arm\u00e9e d\u00e9filent sur la plus belle avenue du monde. Si ce d\u00e9fil\u00e9 a toujours exist\u00e9, c\u2019est Fran\u00e7ois Mitterrand, en 1981, qui instaurera la tradition de ce lieu.<br \/>D\u2019autres d\u00e9fil\u00e9s de moindre envergure sont \u00e9galement organis\u00e9s dans les grandes villes fran\u00e7aises.<\/li><li><strong>Les bals populaires<br \/><\/strong>Sur toutes les places de villages et dans tous les quartiers, vous trouverez un orchestre ou un musicien jouant d\u2019un instrument. Les \u00e9tablissements priv\u00e9s comme les bars et les restos organisent, eux aussi, leurs \u00e9v\u00e8nements autour de la f\u00eate nationale.<\/li><li><strong>Les feux d\u2019artifice<br \/><\/strong>C\u2019est l\u2019un des seuls symboles de la monarchie fran\u00e7aise que nous ayons conserv\u00e9 (Louis VIII et Louis XIV en raffolaient). Chaque ann\u00e9e, 15 000 feux d\u2019artifice embrasent le ciel fran\u00e7ais \u00e0 l\u2019occasion des c\u00e9r\u00e9monies du 14 juillet. Ils sont aujourd\u2019hui de plus en plus beaux gr\u00e2ce \u00e0 une technique de plus en plus pointue.<\/li><li><p><strong>D\u2019autres animations<\/strong> peuvent \u00e9galement venir enrichir cette journ\u00e9e : c\u00e9r\u00e9monies de remises de m\u00e9dailles, hommages aux porte-drapeaux, expositions temporaires en mairie, pique-niques r\u00e9publicains, repas conviviaux organis\u00e9s dans les quartiers ou villages, jeux pour enfants, etc.<\/p><\/li><\/ul>\t\t\t\t\t\t\t\t<\/div>\n\t\t\t\t<\/div>\n\t\t\t\t\t<\/div>\n\t\t<\/div>\n\t\t\t\t\t<\/div>\n\t\t<\/section>\n\t\t\t\t<section class=\"elementor-section elementor-top-section elementor-element elementor-element-361d4a1 elementor-section-boxed elementor-section-height-default elementor-section-height-default\" data-id=\"361d4a1\" data-element_type=\"section\">\n\t\t\t\t\t\t<div class=\"elementor-container elementor-column-gap-default\">\n\t\t\t\t\t<div class=\"elementor-column elementor-col-100 elementor-top-column elementor-element elementor-element-c4c3666\" data-id=\"c4c3666\" data-element_type=\"column\">\n\t\t\t<div class=\"elementor-widget-wrap elementor-element-populated\">\n\t\t\t\t\t\t<div class=\"elementor-element elementor-element-b4aa552 elementor-widget elementor-widget-text-editor\" data-id=\"b4aa552\" data-element_type=\"widget\" data-widget_type=\"text-editor.default\">\n\t\t\t\t<div class=\"elementor-widget-container\">\n\t\t\t\t\t\t\t\t\t<h2>Macap vous accompagne pour pr\u00e9parer l&#8217;\u00e9v\u00e9nement<\/h2>\t\t\t\t\t\t\t\t<\/div>\n\t\t\t\t<\/div>\n\t\t\t\t\t<\/div>\n\t\t<\/div>\n\t\t\t\t\t<\/div>\n\t\t<\/section>\n\t\t\t\t<section class=\"elementor-section elementor-top-section elementor-element elementor-element-53bb94d elementor-section-boxed elementor-section-height-default elementor-section-height-default\" data-id=\"53bb94d\" data-element_type=\"section\">\n\t\t\t\t\t\t<div class=\"elementor-container elementor-column-gap-default\">\n\t\t\t\t\t<div class=\"elementor-column elementor-col-100 elementor-top-column elementor-element elementor-element-eefc121\" data-id=\"eefc121\" data-element_type=\"column\">\n\t\t\t<div class=\"elementor-widget-wrap elementor-element-populated\">\n\t\t\t\t\t\t<div class=\"elementor-element elementor-element-6c01f14 elementor-widget elementor-widget-text-editor\" data-id=\"6c01f14\" data-element_type=\"widget\" data-widget_type=\"text-editor.default\">\n\t\t\t\t<div class=\"elementor-widget-container\">\n\t\t\t\t\t\t\t\t\t<p>Depuis plus de 55 ans, Macap fabrique, imprime et confectionne des supports de communication officiels et personnalis\u00e9s.<\/p><p>De nombreuses mairies, collectivit\u00e9s, ambassades et organismes d\u2019Etat nous accordent leur confiance en faisant appel \u00e0 nous lorsqu\u2019ils ont besoin d\u2019un drapeau fran\u00e7ais, de drapeaux des pays du monde, d\u2019une hampe, d\u2019une \u00e9charpe tricolore ou d\u2019un kakemono tricolore.<\/p><p>Nous sommes fabricant fran\u00e7ais et nous savons personnaliser les produits en les brodant ou en les imprimant \u00e0 l\u2019image d\u2019une ville ou d\u2019un \u00e9v\u00e9nement. Nos ateliers disposent de plusieurs imprimantes textile num\u00e9riques grand format et une \u00e9quipe de 10 couturi\u00e8res \u0153uvre \u00e0 la r\u00e9alisation de vos commandes (confection, broderie d\u2019un drapeau officiel ou personnalisation d\u2019un drapeau mairie\u2026etc).<\/p><p>En parall\u00e8le de cette gamme institutionnelle et officielle, nous proposons \u00e9galement toute une gamme de m\u00e2ts et de produits personnalisables (roll\u2019up, beach flag, nappe, guirlande drapeaux et tant d\u2019autres\u2026).<\/p><p>Nous offrons aussi des conseils personnalis\u00e9s pour adapter vos supports aux contraintes techniques et esth\u00e9tiques de chaque lieu (fa\u00e7ades, balcons, rues pi\u00e9tonnes, salles communales, etc.). Notre bureau d\u2019\u00e9tudes peut m\u00eame vous accompagner dans l\u2019\u00e9laboration d\u2019une charte graphique \u00e9v\u00e9nementielle sur mesure.<\/p>\t\t\t\t\t\t\t\t<\/div>\n\t\t\t\t<\/div>\n\t\t\t\t\t<\/div>\n\t\t<\/div>\n\t\t\t\t\t<\/div>\n\t\t<\/section>\n\t\t\t\t<section class=\"elementor-section elementor-top-section elementor-element elementor-element-806bee9 elementor-section-boxed elementor-section-height-default elementor-section-height-default\" data-id=\"806bee9\" data-element_type=\"section\">\n\t\t\t\t\t\t<div class=\"elementor-container elementor-column-gap-default\">\n\t\t\t\t\t<div class=\"elementor-column elementor-col-100 elementor-top-column elementor-element elementor-element-960518f\" data-id=\"960518f\" data-element_type=\"column\">\n\t\t\t<div class=\"elementor-widget-wrap elementor-element-populated\">\n\t\t\t\t\t\t<div class=\"elementor-element elementor-element-855165e elementor-widget elementor-widget-text-editor\" data-id=\"855165e\" data-element_type=\"widget\" data-widget_type=\"text-editor.default\">\n\t\t\t\t<div class=\"elementor-widget-container\">\n\t\t\t\t\t\t\t\t\t<h2>Le top 5 des produits les plus vendus pour le 14 juillet<\/h2>\t\t\t\t\t\t\t\t<\/div>\n\t\t\t\t<\/div>\n\t\t\t\t\t<\/div>\n\t\t<\/div>\n\t\t\t\t\t<\/div>\n\t\t<\/section>\n\t\t\t\t<section class=\"elementor-section elementor-top-section elementor-element elementor-element-a1c5497 elementor-section-boxed elementor-section-height-default elementor-section-height-default\" data-id=\"a1c5497\" data-element_type=\"section\">\n\t\t\t\t\t\t<div class=\"elementor-container elementor-column-gap-default\">\n\t\t\t\t\t<div class=\"elementor-column elementor-col-100 elementor-top-column elementor-element elementor-element-2222228\" data-id=\"2222228\" data-element_type=\"column\">\n\t\t\t<div class=\"elementor-widget-wrap elementor-element-populated\">\n\t\t\t\t\t\t<div class=\"elementor-element elementor-element-048f0f0 elementor-widget elementor-widget-image\" data-id=\"048f0f0\" data-element_type=\"widget\" data-widget_type=\"image.default\">\n\t\t\t\t<div class=\"elementor-widget-container\">\n\t\t\t\t\t\t\t\t\t\t\t\t\t\t\t<img decoding=\"async\" width=\"700\" height=\"534\" src=\"https:\/\/www.macapflag.com\/blog\/wp-content\/uploads\/2019\/06\/commemoration-14-juillet-2019-C.gif\" class=\"attachment-large size-large wp-image-3786\" alt=\"Tous les best sellers de nos supports de communication pour le 14 Juillet.\" \/>\t\t\t\t\t\t\t\t\t\t\t\t\t\t\t<\/div>\n\t\t\t\t<\/div>\n\t\t\t\t\t<\/div>\n\t\t<\/div>\n\t\t\t\t\t<\/div>\n\t\t<\/section>\n\t\t\t\t<section class=\"elementor-section elementor-top-section elementor-element elementor-element-8b8dd39 elementor-section-boxed elementor-section-height-default elementor-section-height-default\" data-id=\"8b8dd39\" data-element_type=\"section\">\n\t\t\t\t\t\t<div class=\"elementor-container elementor-column-gap-default\">\n\t\t\t\t\t<div class=\"elementor-column elementor-col-100 elementor-top-column elementor-element elementor-element-13926b1\" data-id=\"13926b1\" data-element_type=\"column\">\n\t\t\t<div class=\"elementor-widget-wrap elementor-element-populated\">\n\t\t\t\t\t\t<div class=\"elementor-element elementor-element-224c6f7 elementor-widget elementor-widget-text-editor\" data-id=\"224c6f7\" data-element_type=\"widget\" data-widget_type=\"text-editor.default\">\n\t\t\t\t<div class=\"elementor-widget-container\">\n\t\t\t\t\t\t\t\t\t<p>Les ventes rattach\u00e9es \u00e0 cette f\u00eate sont forc\u00e9ment teint\u00e9es de bleu blanc rouge !<\/p><ol><li><strong>Le <a href=\"https:\/\/www.macapflag.com\/drapeau-pays-avec-hampe\/321-drapeau-officiel-a-agiter-francais-.html\" target=\"_blank\" rel=\"noopener\">drapeau fran\u00e7ais \u00e0 agiter<\/a><\/strong><br \/>Disponible en deux formats et en deux mati\u00e8res (plastique ou en papier), il est souvent distribu\u00e9 gratuitement aux participants \u00e0 un \u00e9v\u00e9nement.<br \/>C\u2019est un incontournable lors des c\u00e9r\u00e9monies, des d\u00e9fil\u00e9s ou des concerts, notamment aupr\u00e8s des enfants et du jeune public.<\/li><li><strong>La <a href=\"https:\/\/www.macapflag.com\/guirlande-pays\/929-guirlande-officielle-francaise.html\" target=\"_blank\" rel=\"noopener\">guirlande drapeaux tricolore<\/a> en textile<\/strong> polyester, en papier ou en plastique. Elle est de toutes les f\u00eates ! Pas ch\u00e8re, facile \u00e0 installer et \u00e0 d\u00e9crocher, elle d\u00e9core aussi bien les int\u00e9rieurs que les ext\u00e9rieurs en leur donnant un air festif.<\/li><li><strong>Le <a href=\"https:\/\/www.macapflag.com\/oriflamme-pays\/325-kakemono-officiel-suspendu-france.html\" target=\"_blank\" rel=\"noopener\">kak\u00e9mono suspendu officiel <\/a><\/strong>personnalis\u00e9 \u00e0 vos couleurs.<br \/>Un support vertical haut de gamme au rapport qualit\u00e9 prix int\u00e9ressant. Ses dimensions sont sur mesure et son utilisation peut-\u00eatre aussi bien indoor qu\u2019outdoor.<\/li><li><strong>Le <a href=\"https:\/\/www.macapflag.com\/beach-flag-oriflamme\/245-beach-flag-oriflamme-classique-kit-complet-fourreau-elastique-noir.html\" target=\"_blank\" rel=\"noopener\">beach flag classique<\/a> officiel France.<br \/><\/strong>Tr\u00e8s l\u00e9ger, il s\u2019installe en un clin d\u2019\u0153il et permet d\u2019agencer vos ext\u00e9rieurs tout comme l\u2019int\u00e9rieur de vos locaux (hall d\u2019accueil de la Mairie, entr\u00e9e de la salle des f\u00eates, etc.). Disponible en 4 dimensions diff\u00e9rentes, c\u2019est l\u2019alli\u00e9 \u201cvaleur s\u00fbre\u201d de tous vos \u00e9v\u00e9nements.<br \/>Son mouvement au vent attire l\u2019\u0153il et ajoute du dynamisme \u00e0 votre mise en sc\u00e8ne.<\/li><li><strong>La <a href=\"https:\/\/www.macapflag.com\/76-nappe-personnalisee\" target=\"_blank\" rel=\"noopener\">nappe personnalis\u00e9e<\/a><\/strong> par impression num\u00e9rique et sublimation.<br \/>En textile polyester, elle offre une tr\u00e8s bonne visibilit\u00e9 avec une image professionnelle. Fabriqu\u00e9e sur mesure, elle vous permet de parfaire l\u2019agencement et la d\u00e9coration des lieux d\u2019accueil du public. <br \/>Id\u00e9ale pour habiller les buffets, tables d\u2019accueil ou stands d\u2019information, elle participe \u00e0 l\u2019ambiance tout en renfor\u00e7ant la visibilit\u00e9 de votre collectivit\u00e9.<\/li><\/ol>\t\t\t\t\t\t\t\t<\/div>\n\t\t\t\t<\/div>\n\t\t\t\t\t<\/div>\n\t\t<\/div>\n\t\t\t\t\t<\/div>\n\t\t<\/section>\n\t\t\t\t<section class=\"elementor-section elementor-top-section elementor-element elementor-element-a24c1a4 elementor-section-boxed elementor-section-height-default elementor-section-height-default\" data-id=\"a24c1a4\" data-element_type=\"section\">\n\t\t\t\t\t\t<div class=\"elementor-container elementor-column-gap-default\">\n\t\t\t\t\t<div class=\"elementor-column elementor-col-100 elementor-top-column elementor-element elementor-element-3d9428e\" data-id=\"3d9428e\" data-element_type=\"column\">\n\t\t\t<div class=\"elementor-widget-wrap elementor-element-populated\">\n\t\t\t\t\t\t<div class=\"elementor-element elementor-element-84c3596 elementor-widget elementor-widget-text-editor\" data-id=\"84c3596\" data-element_type=\"widget\" data-widget_type=\"text-editor.default\">\n\t\t\t\t<div class=\"elementor-widget-container\">\n\t\t\t\t\t\t\t\t\t<h2>Achetez en ligne vos drapeaux fran\u00e7ais et autres supports aux couleurs de la France<\/h2>\t\t\t\t\t\t\t\t<\/div>\n\t\t\t\t<\/div>\n\t\t\t\t\t<\/div>\n\t\t<\/div>\n\t\t\t\t\t<\/div>\n\t\t<\/section>\n\t\t\t\t<section class=\"elementor-section elementor-top-section elementor-element elementor-element-09c43a6 elementor-section-boxed elementor-section-height-default elementor-section-height-default\" data-id=\"09c43a6\" data-element_type=\"section\">\n\t\t\t\t\t\t<div class=\"elementor-container elementor-column-gap-default\">\n\t\t\t\t\t<div class=\"elementor-column elementor-col-25 elementor-top-column elementor-element elementor-element-7550b43\" data-id=\"7550b43\" data-element_type=\"column\">\n\t\t\t<div class=\"elementor-widget-wrap elementor-element-populated\">\n\t\t\t\t\t\t<div class=\"elementor-element elementor-element-9145b00 elementor-widget elementor-widget-shortcode\" data-id=\"9145b00\" data-element_type=\"widget\" data-widget_type=\"shortcode.default\">\n\t\t\t\t<div class=\"elementor-widget-container\">\n\t\t\t\t\t\t\t<div class=\"elementor-shortcode\"><div class=\"container p-0 m-0\">\n    <div class=\"row m-0 border\">\n        <div class=\"col-12 grid-didpd-body text-center\">\n            <img decoding=\"async\" src=\"https:\/\/www.macapflag.com\/1857561-home_default\/drapeau-officiel-classique-francais.jpg\" alt=\"Drapeau France avec hampe\" class=\"mx-auto\" \/>\n            <div class=\"grid-didpd-text\">\n                <a href=\"https:\/\/www.macapflag.com\/drapeau-pays-avec-hampe\/303-drapeau-officiel-classique-francais.html\" target=\"_blank\" class=\"stretched-link\">\n                    <h3>Drapeau France avec hampe<\/h3>\n                <\/a>\n            <\/div>\n                        <p class=\"text-center font-weight-bold\">9,50 \u20ac HT<\/p>            <div class=\"text-center\">\n                <button class=\"btn btn-primary\">Achat en ligne<\/button>\n            <\/div>\n        <\/div>\n    <\/div>\n<\/div>\n<\/div>\n\t\t\t\t\t\t<\/div>\n\t\t\t\t<\/div>\n\t\t\t\t\t<\/div>\n\t\t<\/div>\n\t\t\t\t<div class=\"elementor-column elementor-col-25 elementor-top-column elementor-element elementor-element-a1aa971\" data-id=\"a1aa971\" data-element_type=\"column\">\n\t\t\t<div class=\"elementor-widget-wrap elementor-element-populated\">\n\t\t\t\t\t\t<div class=\"elementor-element elementor-element-b8e3d9a elementor-widget elementor-widget-shortcode\" data-id=\"b8e3d9a\" data-element_type=\"widget\" data-widget_type=\"shortcode.default\">\n\t\t\t\t<div class=\"elementor-widget-container\">\n\t\t\t\t\t\t\t<div class=\"elementor-shortcode\"><div class=\"container p-0 m-0\">\n    <div class=\"row m-0 border\">\n        <div class=\"col-12 grid-didpd-body text-center\">\n            <img decoding=\"async\" src=\"https:\/\/www.macapflag.com\/1860024-home_default\/drapeau-officiel-a-agiter-francais-.jpg\" alt=\"Drapeau France &agrave; agiter (lot de 100)\" class=\"mx-auto\" \/>\n            <div class=\"grid-didpd-text\">\n                <a href=\"https:\/\/www.macapflag.com\/drapeau-pays-avec-hampe\/321-drapeau-officiel-a-agiter-francais-.html\" target=\"_blank\" class=\"stretched-link\">\n                    <h3>Drapeau France \u00e0 agiter (lot de 100)<\/h3>\n                <\/a>\n            <\/div>\n                        <p class=\"text-center font-weight-bold\">34,00 \u20ac HT<\/p>            <div class=\"text-center\">\n                <button class=\"btn btn-primary\">Achat en ligne<\/button>\n            <\/div>\n        <\/div>\n    <\/div>\n<\/div>\n<\/div>\n\t\t\t\t\t\t<\/div>\n\t\t\t\t<\/div>\n\t\t\t\t\t<\/div>\n\t\t<\/div>\n\t\t\t\t<div class=\"elementor-column elementor-col-25 elementor-top-column elementor-element elementor-element-878a780\" data-id=\"878a780\" data-element_type=\"column\">\n\t\t\t<div class=\"elementor-widget-wrap elementor-element-populated\">\n\t\t\t\t\t\t<div class=\"elementor-element elementor-element-71c0be9 elementor-widget elementor-widget-shortcode\" data-id=\"71c0be9\" data-element_type=\"widget\" data-widget_type=\"shortcode.default\">\n\t\t\t\t<div class=\"elementor-widget-container\">\n\t\t\t\t\t\t\t<div class=\"elementor-shortcode\"><div class=\"container p-0 m-0\">\n    <div class=\"row m-0 border\">\n        <div class=\"col-12 grid-didpd-body text-center\">\n            <img decoding=\"async\" src=\"https:\/\/www.macapflag.com\/231768-home_default\/guirlande-officielle-francaise.jpg\" alt=\"Guirlande de fanions France\" class=\"mx-auto\" \/>\n            <div class=\"grid-didpd-text\">\n                <a href=\"https:\/\/www.macapflag.com\/guirlande-pays\/929-guirlande-officielle-francaise.html\" target=\"_blank\" class=\"stretched-link\">\n                    <h3>Guirlande de fanions France<\/h3>\n                <\/a>\n            <\/div>\n                        <p class=\"text-center font-weight-bold\">30,00 \u20ac HT<\/p>            <div class=\"text-center\">\n                <button class=\"btn btn-primary\">Achat en ligne<\/button>\n            <\/div>\n        <\/div>\n    <\/div>\n<\/div>\n<\/div>\n\t\t\t\t\t\t<\/div>\n\t\t\t\t<\/div>\n\t\t\t\t\t<\/div>\n\t\t<\/div>\n\t\t\t\t<div class=\"elementor-column elementor-col-25 elementor-top-column elementor-element elementor-element-06af2af\" data-id=\"06af2af\" data-element_type=\"column\">\n\t\t\t<div class=\"elementor-widget-wrap elementor-element-populated\">\n\t\t\t\t\t\t<div class=\"elementor-element elementor-element-d7dd539 elementor-widget elementor-widget-shortcode\" data-id=\"d7dd539\" data-element_type=\"widget\" data-widget_type=\"shortcode.default\">\n\t\t\t\t<div class=\"elementor-widget-container\">\n\t\t\t\t\t\t\t<div class=\"elementor-shortcode\"><div class=\"container p-0 m-0\">\n    <div class=\"row m-0 border\">\n        <div class=\"col-12 grid-didpd-body text-center\">\n            <img decoding=\"async\" src=\"https:\/\/www.macapflag.com\/1857560-home_default\/drapeau-francais-officiel.jpg\" alt=\"Drapeau France pour m&acirc;t\" class=\"mx-auto\" \/>\n            <div class=\"grid-didpd-text\">\n                <a href=\"https:\/\/www.macapflag.com\/drapeau-pays-pour-mat\/33-drapeau-francais-officiel.html\" target=\"_blank\" class=\"stretched-link\">\n                    <h3>Drapeau France pour m\u00e2t<\/h3>\n                <\/a>\n            <\/div>\n                        <p class=\"text-center font-weight-bold\">6,00 \u20ac HT<\/p>            <div class=\"text-center\">\n                <button class=\"btn btn-primary\">Achat en ligne<\/button>\n            <\/div>\n        <\/div>\n    <\/div>\n<\/div>\n<\/div>\n\t\t\t\t\t\t<\/div>\n\t\t\t\t<\/div>\n\t\t\t\t\t<\/div>\n\t\t<\/div>\n\t\t\t\t\t<\/div>\n\t\t<\/section>\n\t\t\t\t<section class=\"elementor-section elementor-top-section elementor-element elementor-element-5826384 elementor-section-boxed elementor-section-height-default elementor-section-height-default\" data-id=\"5826384\" data-element_type=\"section\">\n\t\t\t\t\t\t<div class=\"elementor-container elementor-column-gap-default\">\n\t\t\t\t\t<div class=\"elementor-column elementor-col-25 elementor-top-column elementor-element elementor-element-f31b2a7\" data-id=\"f31b2a7\" data-element_type=\"column\">\n\t\t\t<div class=\"elementor-widget-wrap elementor-element-populated\">\n\t\t\t\t\t\t<div class=\"elementor-element elementor-element-7aeb3fa elementor-widget elementor-widget-shortcode\" data-id=\"7aeb3fa\" data-element_type=\"widget\" data-widget_type=\"shortcode.default\">\n\t\t\t\t<div class=\"elementor-widget-container\">\n\t\t\t\t\t\t\t<div class=\"elementor-shortcode\"><div class=\"container p-0 m-0\">\n    <div class=\"row m-0 border\">\n        <div class=\"col-12 grid-didpd-body text-center\">\n            <img decoding=\"async\" src=\"https:\/\/www.macapflag.com\/1859575-home_default\/kakemono-officiel-suspendu-france.jpg\" alt=\"Kak&eacute;mono suspendu France\" class=\"mx-auto\" \/>\n            <div class=\"grid-didpd-text\">\n                <a href=\"https:\/\/www.macapflag.com\/oriflamme-pays\/325-kakemono-officiel-suspendu-france.html\" target=\"_blank\" class=\"stretched-link\">\n                    <h3>Kak\u00e9mono suspendu France<\/h3>\n                <\/a>\n            <\/div>\n                                    <div class=\"text-center\">\n                <button class=\"btn btn-primary\">Devis en ligne<\/button>\n            <\/div>\n        <\/div>\n    <\/div>\n<\/div>\n\n\n<\/div>\n\t\t\t\t\t\t<\/div>\n\t\t\t\t<\/div>\n\t\t\t\t\t<\/div>\n\t\t<\/div>\n\t\t\t\t<div class=\"elementor-column elementor-col-25 elementor-top-column elementor-element elementor-element-c112fc9\" data-id=\"c112fc9\" data-element_type=\"column\">\n\t\t\t<div class=\"elementor-widget-wrap elementor-element-populated\">\n\t\t\t\t\t\t<div class=\"elementor-element elementor-element-1a032b4 elementor-widget elementor-widget-shortcode\" data-id=\"1a032b4\" data-element_type=\"widget\" data-widget_type=\"shortcode.default\">\n\t\t\t\t<div class=\"elementor-widget-container\">\n\t\t\t\t\t\t\t<div class=\"elementor-shortcode\"><div class=\"container p-0 m-0\">\n    <div class=\"row m-0 border\">\n        <div class=\"col-12 grid-didpd-body text-center\">\n            <img decoding=\"async\" src=\"https:\/\/www.macapflag.com\/1859520-home_default\/drapeau-de-defile-francais-personnalise.jpg\" alt=\"Drapeau de d&eacute;fil&eacute; France\" class=\"mx-auto\" \/>\n            <div class=\"grid-didpd-text\">\n                <a href=\"https:\/\/www.macapflag.com\/drapeau-de-defile\/43177-drapeau-de-defile-francais-personnalise.html\" target=\"_blank\" class=\"stretched-link\">\n                    <h3>Drapeau de d\u00e9fil\u00e9 France<\/h3>\n                <\/a>\n            <\/div>\n                                    <div class=\"text-center\">\n                <button class=\"btn btn-primary\">Devis en ligne<\/button>\n            <\/div>\n        <\/div>\n    <\/div>\n<\/div>\n<\/div>\n\t\t\t\t\t\t<\/div>\n\t\t\t\t<\/div>\n\t\t\t\t\t<\/div>\n\t\t<\/div>\n\t\t\t\t<div class=\"elementor-column elementor-col-25 elementor-top-column elementor-element elementor-element-c32e503\" data-id=\"c32e503\" data-element_type=\"column\">\n\t\t\t<div class=\"elementor-widget-wrap elementor-element-populated\">\n\t\t\t\t\t\t<div class=\"elementor-element elementor-element-6115377 elementor-widget elementor-widget-shortcode\" data-id=\"6115377\" data-element_type=\"widget\" data-widget_type=\"shortcode.default\">\n\t\t\t\t<div class=\"elementor-widget-container\">\n\t\t\t\t\t\t\t<div class=\"elementor-shortcode\"><div class=\"container p-0 m-0\">\n    <div class=\"row m-0 border\">\n        <div class=\"col-12 grid-didpd-body text-center\">\n            <img decoding=\"async\" src=\"https:\/\/www.macapflag.com\/231689-home_default\/drapeau-d-ornement-et-de-defile-officiel-francais.jpg\" alt=\"Drapeau ornement France\" class=\"mx-auto\" \/>\n            <div class=\"grid-didpd-text\">\n                <a href=\"https:\/\/www.macapflag.com\/drapeau-pays-avec-hampe\/309-drapeau-d-ornement-et-de-defile-officiel-francais.html\" target=\"_blank\" class=\"stretched-link\">\n                    <h3>Drapeau ornement France<\/h3>\n                <\/a>\n            <\/div>\n                                    <div class=\"text-center\">\n                <button class=\"btn btn-primary\">Devis en ligne<\/button>\n            <\/div>\n        <\/div>\n    <\/div>\n<\/div>\n<\/div>\n\t\t\t\t\t\t<\/div>\n\t\t\t\t<\/div>\n\t\t\t\t\t<\/div>\n\t\t<\/div>\n\t\t\t\t<div class=\"elementor-column elementor-col-25 elementor-top-column elementor-element elementor-element-293fcb1\" data-id=\"293fcb1\" data-element_type=\"column\">\n\t\t\t<div class=\"elementor-widget-wrap elementor-element-populated\">\n\t\t\t\t\t\t<div class=\"elementor-element elementor-element-1598a2b elementor-widget elementor-widget-shortcode\" data-id=\"1598a2b\" data-element_type=\"widget\" data-widget_type=\"shortcode.default\">\n\t\t\t\t<div class=\"elementor-widget-container\">\n\t\t\t\t\t\t\t<div class=\"elementor-shortcode\"><div class=\"container p-0 m-0\">\n    <div class=\"row m-0 border\">\n        <div class=\"col-12 grid-didpd-body text-center\">\n            <img decoding=\"async\" src=\"https:\/\/www.macapflag.com\/1853080-home_default\/nappe-personnalisee.jpg\" alt=\"Nappe imprim&eacute;e sur mesure\" class=\"mx-auto\" \/>\n            <div class=\"grid-didpd-text\">\n                <a href=\"https:\/\/www.macapflag.com\/nappe-personnalisee\/59-nappe-personnalisee.html\" target=\"_blank\" class=\"stretched-link\">\n                    <h3>Nappe imprim\u00e9e sur mesure<\/h3>\n                <\/a>\n            <\/div>\n                                    <div class=\"text-center\">\n                <button class=\"btn btn-primary\">Devis en ligne<\/button>\n            <\/div>\n        <\/div>\n    <\/div>\n<\/div>\n<\/div>\n\t\t\t\t\t\t<\/div>\n\t\t\t\t<\/div>\n\t\t\t\t\t<\/div>\n\t\t<\/div>\n\t\t\t\t\t<\/div>\n\t\t<\/section>\n\t\t\t\t<section class=\"elementor-section elementor-top-section elementor-element elementor-element-f2f63f1 elementor-section-boxed elementor-section-height-default elementor-section-height-default\" data-id=\"f2f63f1\" data-element_type=\"section\">\n\t\t\t\t\t\t<div class=\"elementor-container elementor-column-gap-default\">\n\t\t\t\t\t<div class=\"elementor-column elementor-col-100 elementor-top-column elementor-element elementor-element-0692b7b\" data-id=\"0692b7b\" data-element_type=\"column\">\n\t\t\t<div class=\"elementor-widget-wrap elementor-element-populated\">\n\t\t\t\t\t\t<div class=\"elementor-element elementor-element-3ff527a elementor-widget elementor-widget-image\" data-id=\"3ff527a\" data-element_type=\"widget\" data-widget_type=\"image.default\">\n\t\t\t\t<div class=\"elementor-widget-container\">\n\t\t\t\t\t\t\t\t\t\t\t\t\t\t\t\t<a href=\"https:\/\/www.macapflag.com\/\" target=\"_blank\">\n\t\t\t\t\t\t\t<img loading=\"lazy\" decoding=\"async\" width=\"700\" height=\"320\" src=\"https:\/\/www.macapflag.com\/blog\/wp-content\/uploads\/2021\/04\/fabriquant-de-drapeaux-kakemonos-banderoles-beach-flags-oriflammes-macap.jpg\" class=\"attachment-large size-large wp-image-10133\" alt=\"Macap fabriquant de drapeaux kak\u00e9mono banderole beach flag oriflamme\" srcset=\"https:\/\/www.macapflag.com\/blog\/wp-content\/uploads\/2021\/04\/fabriquant-de-drapeaux-kakemonos-banderoles-beach-flags-oriflammes-macap.jpg 700w, https:\/\/www.macapflag.com\/blog\/wp-content\/uploads\/2021\/04\/fabriquant-de-drapeaux-kakemonos-banderoles-beach-flags-oriflammes-macap-300x137.jpg 300w\" sizes=\"(max-width: 700px) 100vw, 700px\" \/>\t\t\t\t\t\t\t\t<\/a>\n\t\t\t\t\t\t\t\t\t\t\t\t\t\t\t<\/div>\n\t\t\t\t<\/div>\n\t\t\t\t\t<\/div>\n\t\t<\/div>\n\t\t\t\t\t<\/div>\n\t\t<\/section>\n\t\t\t\t<\/div>\n\t\t","protected":false},"excerpt":{"rendered":"<div class=\"tmnf_excerpt\"><p>Chaque ann\u00e9e et partout en France, il est des dates pour lesquelles les mairies et les collectivit\u00e9s se mettent sur leur 31 !Le 14 juillet en fait partie. Peut-\u00eatre encore plus que les autres dates comm\u00e9moratives.\u00a0Elle incite ainsi les mairies et autres \u00e9tablissements publics \u00e0 animer, d\u00e9corer leurs lieux aux couleurs de cette f\u00eate nationale. &hellip;<\/p>\n<\/div>","protected":false},"author":2,"featured_media":3787,"comment_status":"closed","ping_status":"open","sticky":false,"template":"template-fullwidth.php","format":"standard","meta":{"footnotes":""},"categories":[93],"tags":[],"class_list":["post-3966","post","type-post","status-publish","format-standard","has-post-thumbnail","hentry","category-com"],"yoast_head":"<!-- This site is optimized with the Yoast SEO plugin v26.4 - https:\/\/yoast.com\/wordpress\/plugins\/seo\/ -->\n<title>C\u00e9l\u00e9brez le 14 juillet comme il se doit avec les supports tricolores<\/title>\n<meta name=\"description\" content=\"Le 14 juillet est jour de f\u00eate nationale fran\u00e7aise. C&#039;est un jour feri\u00e9, une journ\u00e9e de f\u00eate et de c\u00e9l\u00e9bration aux couleurs de la France\" \/>\n<meta name=\"robots\" content=\"index, follow, max-snippet:-1, max-image-preview:large, max-video-preview:-1\" \/>\n<link rel=\"canonical\" href=\"https:\/\/www.macapflag.com\/blog\/preparez-votre-14-juillet-comme-il-se-doit\/\" \/>\n<meta property=\"og:locale\" content=\"fr_FR\" \/>\n<meta property=\"og:type\" content=\"article\" \/>\n<meta property=\"og:title\" content=\"C\u00e9l\u00e9brez le 14 juillet comme il se doit avec les supports tricolores\" \/>\n<meta property=\"og:description\" content=\"Le 14 juillet est jour de f\u00eate nationale fran\u00e7aise. C&#039;est un jour feri\u00e9, une journ\u00e9e de f\u00eate et de c\u00e9l\u00e9bration aux couleurs de la France\" \/>\n<meta property=\"og:url\" content=\"https:\/\/www.macapflag.com\/blog\/preparez-votre-14-juillet-comme-il-se-doit\/\" \/>\n<meta property=\"og:site_name\" content=\"Blog - Macap\" \/>\n<meta property=\"article:publisher\" content=\"https:\/\/www.facebook.com\/macap.pavoisement\/\" \/>\n<meta property=\"article:published_time\" content=\"2025-06-22T06:00:06+00:00\" \/>\n<meta property=\"og:image\" content=\"https:\/\/www.macapflag.com\/blog\/wp-content\/uploads\/2019\/06\/commemoration-14-juillet-2019-TITRE.gif\" \/>\n\t<meta property=\"og:image:width\" content=\"700\" \/>\n\t<meta property=\"og:image:height\" content=\"534\" \/>\n\t<meta property=\"og:image:type\" content=\"image\/gif\" \/>\n<meta name=\"author\" content=\"Blog Macap\" \/>\n<meta name=\"twitter:card\" content=\"summary_large_image\" \/>\n<meta name=\"twitter:label1\" content=\"\u00c9crit par\" \/>\n\t<meta name=\"twitter:data1\" content=\"Blog Macap\" \/>\n\t<meta name=\"twitter:label2\" content=\"Dur\u00e9e de lecture estim\u00e9e\" \/>\n\t<meta name=\"twitter:data2\" content=\"7 minutes\" \/>\n<script type=\"application\/ld+json\" class=\"yoast-schema-graph\">{\"@context\":\"https:\/\/schema.org\",\"@graph\":[{\"@type\":\"Article\",\"@id\":\"https:\/\/www.macapflag.com\/blog\/preparez-votre-14-juillet-comme-il-se-doit\/#article\",\"isPartOf\":{\"@id\":\"https:\/\/www.macapflag.com\/blog\/preparez-votre-14-juillet-comme-il-se-doit\/\"},\"author\":{\"name\":\"Blog Macap\",\"@id\":\"https:\/\/www.macapflag.com\/blog\/#\/schema\/person\/3fea701f2603875e651e6b662578fc3c\"},\"headline\":\"C\u00e9l\u00e9brez le 14 juillet comme il se doit !\",\"datePublished\":\"2025-06-22T06:00:06+00:00\",\"mainEntityOfPage\":{\"@id\":\"https:\/\/www.macapflag.com\/blog\/preparez-votre-14-juillet-comme-il-se-doit\/\"},\"wordCount\":1368,\"publisher\":{\"@id\":\"https:\/\/www.macapflag.com\/blog\/#organization\"},\"image\":{\"@id\":\"https:\/\/www.macapflag.com\/blog\/preparez-votre-14-juillet-comme-il-se-doit\/#primaryimage\"},\"thumbnailUrl\":\"https:\/\/www.macapflag.com\/blog\/wp-content\/uploads\/2019\/06\/commemoration-14-juillet-2019-TITRE.gif\",\"articleSection\":[\"Le monde de la Com'\"],\"inLanguage\":\"fr-FR\"},{\"@type\":\"WebPage\",\"@id\":\"https:\/\/www.macapflag.com\/blog\/preparez-votre-14-juillet-comme-il-se-doit\/\",\"url\":\"https:\/\/www.macapflag.com\/blog\/preparez-votre-14-juillet-comme-il-se-doit\/\",\"name\":\"C\u00e9l\u00e9brez le 14 juillet comme il se doit avec les supports tricolores\",\"isPartOf\":{\"@id\":\"https:\/\/www.macapflag.com\/blog\/#website\"},\"primaryImageOfPage\":{\"@id\":\"https:\/\/www.macapflag.com\/blog\/preparez-votre-14-juillet-comme-il-se-doit\/#primaryimage\"},\"image\":{\"@id\":\"https:\/\/www.macapflag.com\/blog\/preparez-votre-14-juillet-comme-il-se-doit\/#primaryimage\"},\"thumbnailUrl\":\"https:\/\/www.macapflag.com\/blog\/wp-content\/uploads\/2019\/06\/commemoration-14-juillet-2019-TITRE.gif\",\"datePublished\":\"2025-06-22T06:00:06+00:00\",\"description\":\"Le 14 juillet est jour de f\u00eate nationale fran\u00e7aise. C'est un jour feri\u00e9, une journ\u00e9e de f\u00eate et de c\u00e9l\u00e9bration aux couleurs de la France\",\"breadcrumb\":{\"@id\":\"https:\/\/www.macapflag.com\/blog\/preparez-votre-14-juillet-comme-il-se-doit\/#breadcrumb\"},\"inLanguage\":\"fr-FR\",\"potentialAction\":[{\"@type\":\"ReadAction\",\"target\":[\"https:\/\/www.macapflag.com\/blog\/preparez-votre-14-juillet-comme-il-se-doit\/\"]}]},{\"@type\":\"ImageObject\",\"inLanguage\":\"fr-FR\",\"@id\":\"https:\/\/www.macapflag.com\/blog\/preparez-votre-14-juillet-comme-il-se-doit\/#primaryimage\",\"url\":\"https:\/\/www.macapflag.com\/blog\/wp-content\/uploads\/2019\/06\/commemoration-14-juillet-2019-TITRE.gif\",\"contentUrl\":\"https:\/\/www.macapflag.com\/blog\/wp-content\/uploads\/2019\/06\/commemoration-14-juillet-2019-TITRE.gif\",\"width\":700,\"height\":534,\"caption\":\"Toutes les infos pour bien pr\u00e9parer la comm\u00e9moration du 14 Juillet\"},{\"@type\":\"BreadcrumbList\",\"@id\":\"https:\/\/www.macapflag.com\/blog\/preparez-votre-14-juillet-comme-il-se-doit\/#breadcrumb\",\"itemListElement\":[{\"@type\":\"ListItem\",\"position\":1,\"name\":\"Accueil\",\"item\":\"https:\/\/www.macapflag.com\/blog\/\"},{\"@type\":\"ListItem\",\"position\":2,\"name\":\"C\u00e9l\u00e9brez le 14 juillet comme il se doit !\"}]},{\"@type\":\"WebSite\",\"@id\":\"https:\/\/www.macapflag.com\/blog\/#website\",\"url\":\"https:\/\/www.macapflag.com\/blog\/\",\"name\":\"Blog - Macap\",\"description\":\"Tous nos articles\",\"publisher\":{\"@id\":\"https:\/\/www.macapflag.com\/blog\/#organization\"},\"potentialAction\":[{\"@type\":\"SearchAction\",\"target\":{\"@type\":\"EntryPoint\",\"urlTemplate\":\"https:\/\/www.macapflag.com\/blog\/?s={search_term_string}\"},\"query-input\":{\"@type\":\"PropertyValueSpecification\",\"valueRequired\":true,\"valueName\":\"search_term_string\"}}],\"inLanguage\":\"fr-FR\"},{\"@type\":\"Organization\",\"@id\":\"https:\/\/www.macapflag.com\/blog\/#organization\",\"name\":\"macapflag\",\"url\":\"https:\/\/www.macapflag.com\/blog\/\",\"logo\":{\"@type\":\"ImageObject\",\"inLanguage\":\"fr-FR\",\"@id\":\"https:\/\/www.macapflag.com\/blog\/#\/schema\/logo\/image\/\",\"url\":\"https:\/\/www.macapflag.com\/blog\/wp-content\/uploads\/2020\/12\/cropped-M-512-1.png\",\"contentUrl\":\"https:\/\/www.macapflag.com\/blog\/wp-content\/uploads\/2020\/12\/cropped-M-512-1.png\",\"width\":512,\"height\":512,\"caption\":\"macapflag\"},\"image\":{\"@id\":\"https:\/\/www.macapflag.com\/blog\/#\/schema\/logo\/image\/\"},\"sameAs\":[\"https:\/\/www.facebook.com\/macap.pavoisement\/\",\"https:\/\/www.instagram.com\/macapflag\/?hl=fr\",\"https:\/\/www.linkedin.com\/company\/macap\/?originalSubdomain=fr\",\"https:\/\/www.youtube.com\/channel\/UCXNzTIdZh9poEBjSXEqDtNw\"]},{\"@type\":\"Person\",\"@id\":\"https:\/\/www.macapflag.com\/blog\/#\/schema\/person\/3fea701f2603875e651e6b662578fc3c\",\"name\":\"Blog Macap\",\"image\":{\"@type\":\"ImageObject\",\"inLanguage\":\"fr-FR\",\"@id\":\"https:\/\/www.macapflag.com\/blog\/#\/schema\/person\/image\/\",\"url\":\"https:\/\/secure.gravatar.com\/avatar\/c12551f2dc51f0db049633b03e7856985477a70da834cc8967dea4ce54bdd6a2?s=96&d=mm&r=g\",\"contentUrl\":\"https:\/\/secure.gravatar.com\/avatar\/c12551f2dc51f0db049633b03e7856985477a70da834cc8967dea4ce54bdd6a2?s=96&d=mm&r=g\",\"caption\":\"Blog Macap\"},\"url\":\"https:\/\/www.macapflag.com\/blog\/author\/macap\/\"}]}<\/script>\n<!-- \/ Yoast SEO plugin. -->","yoast_head_json":{"title":"C\u00e9l\u00e9brez le 14 juillet comme il se doit avec les supports tricolores","description":"Le 14 juillet est jour de f\u00eate nationale fran\u00e7aise. C'est un jour feri\u00e9, une journ\u00e9e de f\u00eate et de c\u00e9l\u00e9bration aux couleurs de la France","robots":{"index":"index","follow":"follow","max-snippet":"max-snippet:-1","max-image-preview":"max-image-preview:large","max-video-preview":"max-video-preview:-1"},"canonical":"https:\/\/www.macapflag.com\/blog\/preparez-votre-14-juillet-comme-il-se-doit\/","og_locale":"fr_FR","og_type":"article","og_title":"C\u00e9l\u00e9brez le 14 juillet comme il se doit avec les supports tricolores","og_description":"Le 14 juillet est jour de f\u00eate nationale fran\u00e7aise. C'est un jour feri\u00e9, une journ\u00e9e de f\u00eate et de c\u00e9l\u00e9bration aux couleurs de la France","og_url":"https:\/\/www.macapflag.com\/blog\/preparez-votre-14-juillet-comme-il-se-doit\/","og_site_name":"Blog - Macap","article_publisher":"https:\/\/www.facebook.com\/macap.pavoisement\/","article_published_time":"2025-06-22T06:00:06+00:00","og_image":[{"width":700,"height":534,"url":"https:\/\/www.macapflag.com\/blog\/wp-content\/uploads\/2019\/06\/commemoration-14-juillet-2019-TITRE.gif","type":"image\/gif"}],"author":"Blog Macap","twitter_card":"summary_large_image","twitter_misc":{"\u00c9crit par":"Blog Macap","Dur\u00e9e de lecture estim\u00e9e":"7 minutes"},"schema":{"@context":"https:\/\/schema.org","@graph":[{"@type":"Article","@id":"https:\/\/www.macapflag.com\/blog\/preparez-votre-14-juillet-comme-il-se-doit\/#article","isPartOf":{"@id":"https:\/\/www.macapflag.com\/blog\/preparez-votre-14-juillet-comme-il-se-doit\/"},"author":{"name":"Blog Macap","@id":"https:\/\/www.macapflag.com\/blog\/#\/schema\/person\/3fea701f2603875e651e6b662578fc3c"},"headline":"C\u00e9l\u00e9brez le 14 juillet comme il se doit !","datePublished":"2025-06-22T06:00:06+00:00","mainEntityOfPage":{"@id":"https:\/\/www.macapflag.com\/blog\/preparez-votre-14-juillet-comme-il-se-doit\/"},"wordCount":1368,"publisher":{"@id":"https:\/\/www.macapflag.com\/blog\/#organization"},"image":{"@id":"https:\/\/www.macapflag.com\/blog\/preparez-votre-14-juillet-comme-il-se-doit\/#primaryimage"},"thumbnailUrl":"https:\/\/www.macapflag.com\/blog\/wp-content\/uploads\/2019\/06\/commemoration-14-juillet-2019-TITRE.gif","articleSection":["Le monde de la Com'"],"inLanguage":"fr-FR"},{"@type":"WebPage","@id":"https:\/\/www.macapflag.com\/blog\/preparez-votre-14-juillet-comme-il-se-doit\/","url":"https:\/\/www.macapflag.com\/blog\/preparez-votre-14-juillet-comme-il-se-doit\/","name":"C\u00e9l\u00e9brez le 14 juillet comme il se doit avec les supports tricolores","isPartOf":{"@id":"https:\/\/www.macapflag.com\/blog\/#website"},"primaryImageOfPage":{"@id":"https:\/\/www.macapflag.com\/blog\/preparez-votre-14-juillet-comme-il-se-doit\/#primaryimage"},"image":{"@id":"https:\/\/www.macapflag.com\/blog\/preparez-votre-14-juillet-comme-il-se-doit\/#primaryimage"},"thumbnailUrl":"https:\/\/www.macapflag.com\/blog\/wp-content\/uploads\/2019\/06\/commemoration-14-juillet-2019-TITRE.gif","datePublished":"2025-06-22T06:00:06+00:00","description":"Le 14 juillet est jour de f\u00eate nationale fran\u00e7aise. C'est un jour feri\u00e9, une journ\u00e9e de f\u00eate et de c\u00e9l\u00e9bration aux couleurs de la France","breadcrumb":{"@id":"https:\/\/www.macapflag.com\/blog\/preparez-votre-14-juillet-comme-il-se-doit\/#breadcrumb"},"inLanguage":"fr-FR","potentialAction":[{"@type":"ReadAction","target":["https:\/\/www.macapflag.com\/blog\/preparez-votre-14-juillet-comme-il-se-doit\/"]}]},{"@type":"ImageObject","inLanguage":"fr-FR","@id":"https:\/\/www.macapflag.com\/blog\/preparez-votre-14-juillet-comme-il-se-doit\/#primaryimage","url":"https:\/\/www.macapflag.com\/blog\/wp-content\/uploads\/2019\/06\/commemoration-14-juillet-2019-TITRE.gif","contentUrl":"https:\/\/www.macapflag.com\/blog\/wp-content\/uploads\/2019\/06\/commemoration-14-juillet-2019-TITRE.gif","width":700,"height":534,"caption":"Toutes les infos pour bien pr\u00e9parer la comm\u00e9moration du 14 Juillet"},{"@type":"BreadcrumbList","@id":"https:\/\/www.macapflag.com\/blog\/preparez-votre-14-juillet-comme-il-se-doit\/#breadcrumb","itemListElement":[{"@type":"ListItem","position":1,"name":"Accueil","item":"https:\/\/www.macapflag.com\/blog\/"},{"@type":"ListItem","position":2,"name":"C\u00e9l\u00e9brez le 14 juillet comme il se doit !"}]},{"@type":"WebSite","@id":"https:\/\/www.macapflag.com\/blog\/#website","url":"https:\/\/www.macapflag.com\/blog\/","name":"Blog - Macap","description":"Tous nos articles","publisher":{"@id":"https:\/\/www.macapflag.com\/blog\/#organization"},"potentialAction":[{"@type":"SearchAction","target":{"@type":"EntryPoint","urlTemplate":"https:\/\/www.macapflag.com\/blog\/?s={search_term_string}"},"query-input":{"@type":"PropertyValueSpecification","valueRequired":true,"valueName":"search_term_string"}}],"inLanguage":"fr-FR"},{"@type":"Organization","@id":"https:\/\/www.macapflag.com\/blog\/#organization","name":"macapflag","url":"https:\/\/www.macapflag.com\/blog\/","logo":{"@type":"ImageObject","inLanguage":"fr-FR","@id":"https:\/\/www.macapflag.com\/blog\/#\/schema\/logo\/image\/","url":"https:\/\/www.macapflag.com\/blog\/wp-content\/uploads\/2020\/12\/cropped-M-512-1.png","contentUrl":"https:\/\/www.macapflag.com\/blog\/wp-content\/uploads\/2020\/12\/cropped-M-512-1.png","width":512,"height":512,"caption":"macapflag"},"image":{"@id":"https:\/\/www.macapflag.com\/blog\/#\/schema\/logo\/image\/"},"sameAs":["https:\/\/www.facebook.com\/macap.pavoisement\/","https:\/\/www.instagram.com\/macapflag\/?hl=fr","https:\/\/www.linkedin.com\/company\/macap\/?originalSubdomain=fr","https:\/\/www.youtube.com\/channel\/UCXNzTIdZh9poEBjSXEqDtNw"]},{"@type":"Person","@id":"https:\/\/www.macapflag.com\/blog\/#\/schema\/person\/3fea701f2603875e651e6b662578fc3c","name":"Blog Macap","image":{"@type":"ImageObject","inLanguage":"fr-FR","@id":"https:\/\/www.macapflag.com\/blog\/#\/schema\/person\/image\/","url":"https:\/\/secure.gravatar.com\/avatar\/c12551f2dc51f0db049633b03e7856985477a70da834cc8967dea4ce54bdd6a2?s=96&d=mm&r=g","contentUrl":"https:\/\/secure.gravatar.com\/avatar\/c12551f2dc51f0db049633b03e7856985477a70da834cc8967dea4ce54bdd6a2?s=96&d=mm&r=g","caption":"Blog Macap"},"url":"https:\/\/www.macapflag.com\/blog\/author\/macap\/"}]}},"_links":{"self":[{"href":"https:\/\/www.macapflag.com\/blog\/wp-json\/wp\/v2\/posts\/3966","targetHints":{"allow":["GET"]}}],"collection":[{"href":"https:\/\/www.macapflag.com\/blog\/wp-json\/wp\/v2\/posts"}],"about":[{"href":"https:\/\/www.macapflag.com\/blog\/wp-json\/wp\/v2\/types\/post"}],"author":[{"embeddable":true,"href":"https:\/\/www.macapflag.com\/blog\/wp-json\/wp\/v2\/users\/2"}],"replies":[{"embeddable":true,"href":"https:\/\/www.macapflag.com\/blog\/wp-json\/wp\/v2\/comments?post=3966"}],"version-history":[{"count":16,"href":"https:\/\/www.macapflag.com\/blog\/wp-json\/wp\/v2\/posts\/3966\/revisions"}],"predecessor-version":[{"id":20457,"href":"https:\/\/www.macapflag.com\/blog\/wp-json\/wp\/v2\/posts\/3966\/revisions\/20457"}],"wp:featuredmedia":[{"embeddable":true,"href":"https:\/\/www.macapflag.com\/blog\/wp-json\/wp\/v2\/media\/3787"}],"wp:attachment":[{"href":"https:\/\/www.macapflag.com\/blog\/wp-json\/wp\/v2\/media?parent=3966"}],"wp:term":[{"taxonomy":"category","embeddable":true,"href":"https:\/\/www.macapflag.com\/blog\/wp-json\/wp\/v2\/categories?post=3966"},{"taxonomy":"post_tag","embeddable":true,"href":"https:\/\/www.macapflag.com\/blog\/wp-json\/wp\/v2\/tags?post=3966"}],"curies":[{"name":"wp","href":"https:\/\/api.w.org\/{rel}","templated":true}]}}