{"id":3981,"date":"2019-05-02T09:00:40","date_gmt":"2019-05-02T07:00:40","guid":{"rendered":"https:\/\/www.macapflag.com\/blog\/?p=3981"},"modified":"2019-07-22T16:09:39","modified_gmt":"2019-07-22T14:09:39","slug":"2-mai-2015","status":"publish","type":"post","link":"https:\/\/www.macapflag.com\/blog\/2-mai-2015\/","title":{"rendered":"Le 2 Mai 2015"},"content":{"rendered":"\t\t<div data-elementor-type=\"wp-post\" data-elementor-id=\"3981\" class=\"elementor elementor-3981 elementor-bc-flex-widget\">\n\t\t\t\t\t\t<section class=\"elementor-section elementor-top-section elementor-element elementor-element-bc05e1a elementor-section-boxed elementor-section-height-default elementor-section-height-default\" data-id=\"bc05e1a\" data-element_type=\"section\">\n\t\t\t\t\t\t<div class=\"elementor-container elementor-column-gap-default\">\n\t\t\t\t\t<div class=\"elementor-column elementor-col-100 elementor-top-column elementor-element elementor-element-8c2cd1b\" data-id=\"8c2cd1b\" data-element_type=\"column\">\n\t\t\t<div class=\"elementor-widget-wrap elementor-element-populated\">\n\t\t\t\t\t\t<div class=\"elementor-element elementor-element-1a86409 elementor-widget elementor-widget-text-editor\" data-id=\"1a86409\" data-element_type=\"widget\" data-widget_type=\"text-editor.default\">\n\t\t\t\t<div class=\"elementor-widget-container\">\n\t\t\t\t\t\t\t\t\t<h2 style=\"text-align: center;\"><strong><span style=\"font-size: 30pt;\">Un drapeau tunisien g\u00e9ant d\u00e9ploy\u00e9 dans le d\u00e9sert<br \/><\/span><\/strong><\/h2>\t\t\t\t\t\t\t\t<\/div>\n\t\t\t\t<\/div>\n\t\t\t\t\t<\/div>\n\t\t<\/div>\n\t\t\t\t\t<\/div>\n\t\t<\/section>\n\t\t\t\t<section class=\"elementor-section elementor-top-section elementor-element elementor-element-71c8605 elementor-section-boxed elementor-section-height-default elementor-section-height-default\" data-id=\"71c8605\" data-element_type=\"section\">\n\t\t\t\t\t\t<div class=\"elementor-container elementor-column-gap-default\">\n\t\t\t\t\t<div class=\"elementor-column elementor-col-100 elementor-top-column elementor-element elementor-element-a6c9279\" data-id=\"a6c9279\" data-element_type=\"column\">\n\t\t\t<div class=\"elementor-widget-wrap elementor-element-populated\">\n\t\t\t\t\t\t<div class=\"elementor-element elementor-element-4daf413 elementor-widget elementor-widget-image\" data-id=\"4daf413\" data-element_type=\"widget\" data-widget_type=\"image.default\">\n\t\t\t\t<div class=\"elementor-widget-container\">\n\t\t\t\t\t\t\t\t\t\t\t\t\t\t\t<img fetchpriority=\"high\" decoding=\"async\" width=\"700\" height=\"534\" src=\"https:\/\/www.macapflag.com\/blog\/wp-content\/uploads\/2019\/05\/drapeau-tunisien-deploye-desert-2-mai-2015.gif\" class=\"attachment-large size-large wp-image-3591\" alt=\"Un drapeau tunisien XXL d\u00e9ploy\u00e9 en plein d\u00e9sert tunisien, outil de promotion du tourisme\" \/>\t\t\t\t\t\t\t\t\t\t\t\t\t\t\t<\/div>\n\t\t\t\t<\/div>\n\t\t\t\t\t<\/div>\n\t\t<\/div>\n\t\t\t\t\t<\/div>\n\t\t<\/section>\n\t\t\t\t<section class=\"elementor-section elementor-top-section elementor-element elementor-element-ff2b77f elementor-section-boxed elementor-section-height-default elementor-section-height-default\" data-id=\"ff2b77f\" data-element_type=\"section\">\n\t\t\t\t\t\t<div class=\"elementor-container elementor-column-gap-default\">\n\t\t\t\t\t<div class=\"elementor-column elementor-col-100 elementor-top-column elementor-element elementor-element-f1cb158\" data-id=\"f1cb158\" data-element_type=\"column\">\n\t\t\t<div class=\"elementor-widget-wrap elementor-element-populated\">\n\t\t\t\t\t\t<div class=\"elementor-element elementor-element-ce54258 elementor-widget elementor-widget-text-editor\" data-id=\"ce54258\" data-element_type=\"widget\" data-widget_type=\"text-editor.default\">\n\t\t\t\t<div class=\"elementor-widget-container\">\n\t\t\t\t\t\t\t\t\t<p style=\"text-align: justify;\"><span style=\"font-size: 14pt; color: #000000;\">Un <a href=\"https:\/\/www.macapflag.com\/drapeau-officiel-pour-mat\/935-drapeaux-des-pays-d-afrique-officiel.html\" target=\"_blank\" rel=\"noopener\"><strong><span style=\"color: #3366ff;\">drapeau tunisien<\/span><\/strong><\/a> de la taille de 19 terrains de football a \u00e9t\u00e9 d\u00e9ploy\u00e9 dans le sud du pays. La banni\u00e8re rouge et blanche, mesurait 104.544 m\u00e8tres carr\u00e9s et \u00e9tait compos\u00e9e de 80 km de tissu pour un poids de 12,6 tonnes selon les organisateurs. Cet \u00e9v\u00e9nement se voulait \u00e0 la fois patriotique et vecteur de promotion du tourisme en Tunisie. L&#8217;id\u00e9e de ce drapeau est venue \u00e0 un industriel du textile lorsqu&#8217;un militant salafiste a abaiss\u00e9 le drapeau national en 2012 \u00e0 la Facult\u00e9 des lettres de la Manouba, pr\u00e8s de Tunis, a affirm\u00e9 Raya Ben Guiza. Malheureusement, aucune prise de vue a\u00e9rienne n&#8217;a \u00e9t\u00e9 autoris\u00e9e pour imortaliser cet \u00e9v\u00e8nement.<\/span><\/p>\t\t\t\t\t\t\t\t<\/div>\n\t\t\t\t<\/div>\n\t\t\t\t\t<\/div>\n\t\t<\/div>\n\t\t\t\t\t<\/div>\n\t\t<\/section>\n\t\t\t\t<section class=\"elementor-section elementor-top-section elementor-element elementor-element-27e0c42 elementor-section-boxed elementor-section-height-default elementor-section-height-default\" data-id=\"27e0c42\" data-element_type=\"section\">\n\t\t\t\t\t\t<div class=\"elementor-container elementor-column-gap-default\">\n\t\t\t\t\t<div class=\"elementor-column elementor-col-100 elementor-top-column elementor-element elementor-element-c1158d3\" data-id=\"c1158d3\" data-element_type=\"column\">\n\t\t\t<div class=\"elementor-widget-wrap elementor-element-populated\">\n\t\t\t\t\t\t<div class=\"elementor-element elementor-element-f1b8102 elementor-widget elementor-widget-text-editor\" data-id=\"f1b8102\" data-element_type=\"widget\" data-widget_type=\"text-editor.default\">\n\t\t\t\t<div class=\"elementor-widget-container\">\n\t\t\t\t\t\t\t\t\t<h2 style=\"text-align: center;\"><strong><span style=\"font-size: 30pt;\">Et un drapeau a \u00e9t\u00e9 utilis\u00e9 ce jour l\u00e0 &#8230;<\/span><\/strong><\/h2>\t\t\t\t\t\t\t\t<\/div>\n\t\t\t\t<\/div>\n\t\t\t\t\t<\/div>\n\t\t<\/div>\n\t\t\t\t\t<\/div>\n\t\t<\/section>\n\t\t\t\t<section class=\"elementor-section elementor-top-section elementor-element elementor-element-1e11a9c elementor-section-boxed elementor-section-height-default elementor-section-height-default\" data-id=\"1e11a9c\" data-element_type=\"section\">\n\t\t\t\t\t\t<div class=\"elementor-container elementor-column-gap-default\">\n\t\t\t\t\t<div class=\"elementor-column elementor-col-100 elementor-top-column elementor-element elementor-element-bc80556\" data-id=\"bc80556\" data-element_type=\"column\">\n\t\t\t<div class=\"elementor-widget-wrap elementor-element-populated\">\n\t\t\t\t\t\t<div class=\"elementor-element elementor-element-f39e0ea elementor-widget elementor-widget-text-editor\" data-id=\"f39e0ea\" data-element_type=\"widget\" data-widget_type=\"text-editor.default\">\n\t\t\t\t<div class=\"elementor-widget-container\">\n\t\t\t\t\t\t\t\t\t<p style=\"text-align: center;\"><span style=\"color: #000000; font-size: 14pt;\"><em>Life is a beautiful print !<\/em><\/span><\/p>\t\t\t\t\t\t\t\t<\/div>\n\t\t\t\t<\/div>\n\t\t\t\t\t<\/div>\n\t\t<\/div>\n\t\t\t\t\t<\/div>\n\t\t<\/section>\n\t\t\t\t<\/div>\n\t\t","protected":false},"excerpt":{"rendered":"<div class=\"tmnf_excerpt\"><p>Un drapeau tunisien g\u00e9ant d\u00e9ploy\u00e9 dans le d\u00e9sert Un drapeau tunisien de la taille de 19 terrains de football a \u00e9t\u00e9 d\u00e9ploy\u00e9 dans le sud du pays. La banni\u00e8re rouge et blanche, mesurait 104.544 m\u00e8tres carr\u00e9s et \u00e9tait compos\u00e9e de 80 km de tissu pour un poids de 12,6 tonnes selon les organisateurs. Cet \u00e9v\u00e9nement &hellip;<\/p>\n<\/div>","protected":false},"author":2,"featured_media":2440,"comment_status":"closed","ping_status":"open","sticky":false,"template":"template-fullwidth.php","format":"standard","meta":{"footnotes":""},"categories":[92],"tags":[],"class_list":["post-3981","post","type-post","status-publish","format-standard","has-post-thumbnail","hentry","category-news"],"yoast_head":"<!-- This site is optimized with the Yoast SEO plugin v26.4 - https:\/\/yoast.com\/wordpress\/plugins\/seo\/ -->\n<title>Le 2 Mai 2015, un drapeau tunisien g\u00e9ant est d\u00e9ploy\u00e9 dans le d\u00e9sert<\/title>\n<meta name=\"description\" content=\"Un drapeau tunisien de la taille de 19 terrains de football a \u00e9t\u00e9 d\u00e9ploy\u00e9 dans le sud du pays. La banni\u00e8re rouge et blanche, mesurait 104.544 m\u00e8tres carr\u00e9s\" \/>\n<meta name=\"robots\" content=\"index, follow, max-snippet:-1, max-image-preview:large, max-video-preview:-1\" \/>\n<link rel=\"canonical\" href=\"https:\/\/www.macapflag.com\/blog\/2-mai-2015\/\" \/>\n<meta property=\"og:locale\" content=\"fr_FR\" \/>\n<meta property=\"og:type\" content=\"article\" \/>\n<meta property=\"og:title\" content=\"Le 2 Mai 2015, un drapeau tunisien g\u00e9ant est d\u00e9ploy\u00e9 dans le d\u00e9sert\" \/>\n<meta property=\"og:description\" content=\"Un drapeau tunisien de la taille de 19 terrains de football a \u00e9t\u00e9 d\u00e9ploy\u00e9 dans le sud du pays. La banni\u00e8re rouge et blanche, mesurait 104.544 m\u00e8tres carr\u00e9s\" \/>\n<meta property=\"og:url\" content=\"https:\/\/www.macapflag.com\/blog\/2-mai-2015\/\" \/>\n<meta property=\"og:site_name\" content=\"Blog - Macap\" \/>\n<meta property=\"article:publisher\" content=\"https:\/\/www.facebook.com\/macap.pavoisement\/\" \/>\n<meta property=\"article:published_time\" content=\"2019-05-02T07:00:40+00:00\" \/>\n<meta property=\"article:modified_time\" content=\"2019-07-22T14:09:39+00:00\" \/>\n<meta property=\"og:image\" content=\"https:\/\/www.macapflag.com\/blog\/wp-content\/uploads\/2018\/07\/Ca-sest-pass\u00e9-ce-jour-l\u00e0-macap.jpg\" \/>\n\t<meta property=\"og:image:width\" content=\"700\" \/>\n\t<meta property=\"og:image:height\" content=\"537\" \/>\n\t<meta property=\"og:image:type\" content=\"image\/jpeg\" \/>\n<meta name=\"author\" content=\"Blog Macap\" \/>\n<meta name=\"twitter:card\" content=\"summary_large_image\" \/>\n<meta name=\"twitter:label1\" content=\"\u00c9crit par\" \/>\n\t<meta name=\"twitter:data1\" content=\"Blog Macap\" \/>\n\t<meta name=\"twitter:label2\" content=\"Dur\u00e9e de lecture estim\u00e9e\" \/>\n\t<meta name=\"twitter:data2\" content=\"1 minute\" \/>\n<script type=\"application\/ld+json\" class=\"yoast-schema-graph\">{\"@context\":\"https:\/\/schema.org\",\"@graph\":[{\"@type\":\"Article\",\"@id\":\"https:\/\/www.macapflag.com\/blog\/2-mai-2015\/#article\",\"isPartOf\":{\"@id\":\"https:\/\/www.macapflag.com\/blog\/2-mai-2015\/\"},\"author\":{\"name\":\"Blog Macap\",\"@id\":\"https:\/\/www.macapflag.com\/blog\/#\/schema\/person\/3fea701f2603875e651e6b662578fc3c\"},\"headline\":\"Le 2 Mai 2015\",\"datePublished\":\"2019-05-02T07:00:40+00:00\",\"dateModified\":\"2019-07-22T14:09:39+00:00\",\"mainEntityOfPage\":{\"@id\":\"https:\/\/www.macapflag.com\/blog\/2-mai-2015\/\"},\"wordCount\":141,\"publisher\":{\"@id\":\"https:\/\/www.macapflag.com\/blog\/#organization\"},\"image\":{\"@id\":\"https:\/\/www.macapflag.com\/blog\/2-mai-2015\/#primaryimage\"},\"thumbnailUrl\":\"https:\/\/www.macapflag.com\/blog\/wp-content\/uploads\/2018\/07\/Ca-sest-pass\u00e9-ce-jour-l\u00e0-macap.jpg\",\"articleSection\":[\"News &amp; Actu\"],\"inLanguage\":\"fr-FR\"},{\"@type\":\"WebPage\",\"@id\":\"https:\/\/www.macapflag.com\/blog\/2-mai-2015\/\",\"url\":\"https:\/\/www.macapflag.com\/blog\/2-mai-2015\/\",\"name\":\"Le 2 Mai 2015, un drapeau tunisien g\u00e9ant est d\u00e9ploy\u00e9 dans le d\u00e9sert\",\"isPartOf\":{\"@id\":\"https:\/\/www.macapflag.com\/blog\/#website\"},\"primaryImageOfPage\":{\"@id\":\"https:\/\/www.macapflag.com\/blog\/2-mai-2015\/#primaryimage\"},\"image\":{\"@id\":\"https:\/\/www.macapflag.com\/blog\/2-mai-2015\/#primaryimage\"},\"thumbnailUrl\":\"https:\/\/www.macapflag.com\/blog\/wp-content\/uploads\/2018\/07\/Ca-sest-pass\u00e9-ce-jour-l\u00e0-macap.jpg\",\"datePublished\":\"2019-05-02T07:00:40+00:00\",\"dateModified\":\"2019-07-22T14:09:39+00:00\",\"description\":\"Un drapeau tunisien de la taille de 19 terrains de football a \u00e9t\u00e9 d\u00e9ploy\u00e9 dans le sud du pays. La banni\u00e8re rouge et blanche, mesurait 104.544 m\u00e8tres carr\u00e9s\",\"breadcrumb\":{\"@id\":\"https:\/\/www.macapflag.com\/blog\/2-mai-2015\/#breadcrumb\"},\"inLanguage\":\"fr-FR\",\"potentialAction\":[{\"@type\":\"ReadAction\",\"target\":[\"https:\/\/www.macapflag.com\/blog\/2-mai-2015\/\"]}]},{\"@type\":\"ImageObject\",\"inLanguage\":\"fr-FR\",\"@id\":\"https:\/\/www.macapflag.com\/blog\/2-mai-2015\/#primaryimage\",\"url\":\"https:\/\/www.macapflag.com\/blog\/wp-content\/uploads\/2018\/07\/Ca-sest-pass\u00e9-ce-jour-l\u00e0-macap.jpg\",\"contentUrl\":\"https:\/\/www.macapflag.com\/blog\/wp-content\/uploads\/2018\/07\/Ca-sest-pass\u00e9-ce-jour-l\u00e0-macap.jpg\",\"width\":700,\"height\":537,\"caption\":\"Ca-s-est-pass\u00e9-ce-jour-l\u00e0-Macap\"},{\"@type\":\"BreadcrumbList\",\"@id\":\"https:\/\/www.macapflag.com\/blog\/2-mai-2015\/#breadcrumb\",\"itemListElement\":[{\"@type\":\"ListItem\",\"position\":1,\"name\":\"Accueil\",\"item\":\"https:\/\/www.macapflag.com\/blog\/\"},{\"@type\":\"ListItem\",\"position\":2,\"name\":\"Le 2 Mai 2015\"}]},{\"@type\":\"WebSite\",\"@id\":\"https:\/\/www.macapflag.com\/blog\/#website\",\"url\":\"https:\/\/www.macapflag.com\/blog\/\",\"name\":\"Blog - Macap\",\"description\":\"Tous nos articles\",\"publisher\":{\"@id\":\"https:\/\/www.macapflag.com\/blog\/#organization\"},\"potentialAction\":[{\"@type\":\"SearchAction\",\"target\":{\"@type\":\"EntryPoint\",\"urlTemplate\":\"https:\/\/www.macapflag.com\/blog\/?s={search_term_string}\"},\"query-input\":{\"@type\":\"PropertyValueSpecification\",\"valueRequired\":true,\"valueName\":\"search_term_string\"}}],\"inLanguage\":\"fr-FR\"},{\"@type\":\"Organization\",\"@id\":\"https:\/\/www.macapflag.com\/blog\/#organization\",\"name\":\"macapflag\",\"url\":\"https:\/\/www.macapflag.com\/blog\/\",\"logo\":{\"@type\":\"ImageObject\",\"inLanguage\":\"fr-FR\",\"@id\":\"https:\/\/www.macapflag.com\/blog\/#\/schema\/logo\/image\/\",\"url\":\"https:\/\/www.macapflag.com\/blog\/wp-content\/uploads\/2020\/12\/cropped-M-512-1.png\",\"contentUrl\":\"https:\/\/www.macapflag.com\/blog\/wp-content\/uploads\/2020\/12\/cropped-M-512-1.png\",\"width\":512,\"height\":512,\"caption\":\"macapflag\"},\"image\":{\"@id\":\"https:\/\/www.macapflag.com\/blog\/#\/schema\/logo\/image\/\"},\"sameAs\":[\"https:\/\/www.facebook.com\/macap.pavoisement\/\",\"https:\/\/www.instagram.com\/macapflag\/?hl=fr\",\"https:\/\/www.linkedin.com\/company\/macap\/?originalSubdomain=fr\",\"https:\/\/www.youtube.com\/channel\/UCXNzTIdZh9poEBjSXEqDtNw\"]},{\"@type\":\"Person\",\"@id\":\"https:\/\/www.macapflag.com\/blog\/#\/schema\/person\/3fea701f2603875e651e6b662578fc3c\",\"name\":\"Blog Macap\",\"image\":{\"@type\":\"ImageObject\",\"inLanguage\":\"fr-FR\",\"@id\":\"https:\/\/www.macapflag.com\/blog\/#\/schema\/person\/image\/\",\"url\":\"https:\/\/secure.gravatar.com\/avatar\/c12551f2dc51f0db049633b03e7856985477a70da834cc8967dea4ce54bdd6a2?s=96&d=mm&r=g\",\"contentUrl\":\"https:\/\/secure.gravatar.com\/avatar\/c12551f2dc51f0db049633b03e7856985477a70da834cc8967dea4ce54bdd6a2?s=96&d=mm&r=g\",\"caption\":\"Blog Macap\"},\"url\":\"https:\/\/www.macapflag.com\/blog\/author\/macap\/\"}]}<\/script>\n<!-- \/ Yoast SEO plugin. -->","yoast_head_json":{"title":"Le 2 Mai 2015, un drapeau tunisien g\u00e9ant est d\u00e9ploy\u00e9 dans le d\u00e9sert","description":"Un drapeau tunisien de la taille de 19 terrains de football a \u00e9t\u00e9 d\u00e9ploy\u00e9 dans le sud du pays. La banni\u00e8re rouge et blanche, mesurait 104.544 m\u00e8tres carr\u00e9s","robots":{"index":"index","follow":"follow","max-snippet":"max-snippet:-1","max-image-preview":"max-image-preview:large","max-video-preview":"max-video-preview:-1"},"canonical":"https:\/\/www.macapflag.com\/blog\/2-mai-2015\/","og_locale":"fr_FR","og_type":"article","og_title":"Le 2 Mai 2015, un drapeau tunisien g\u00e9ant est d\u00e9ploy\u00e9 dans le d\u00e9sert","og_description":"Un drapeau tunisien de la taille de 19 terrains de football a \u00e9t\u00e9 d\u00e9ploy\u00e9 dans le sud du pays. La banni\u00e8re rouge et blanche, mesurait 104.544 m\u00e8tres carr\u00e9s","og_url":"https:\/\/www.macapflag.com\/blog\/2-mai-2015\/","og_site_name":"Blog - Macap","article_publisher":"https:\/\/www.facebook.com\/macap.pavoisement\/","article_published_time":"2019-05-02T07:00:40+00:00","article_modified_time":"2019-07-22T14:09:39+00:00","og_image":[{"width":700,"height":537,"url":"https:\/\/www.macapflag.com\/blog\/wp-content\/uploads\/2018\/07\/Ca-sest-pass\u00e9-ce-jour-l\u00e0-macap.jpg","type":"image\/jpeg"}],"author":"Blog Macap","twitter_card":"summary_large_image","twitter_misc":{"\u00c9crit par":"Blog Macap","Dur\u00e9e de lecture estim\u00e9e":"1 minute"},"schema":{"@context":"https:\/\/schema.org","@graph":[{"@type":"Article","@id":"https:\/\/www.macapflag.com\/blog\/2-mai-2015\/#article","isPartOf":{"@id":"https:\/\/www.macapflag.com\/blog\/2-mai-2015\/"},"author":{"name":"Blog Macap","@id":"https:\/\/www.macapflag.com\/blog\/#\/schema\/person\/3fea701f2603875e651e6b662578fc3c"},"headline":"Le 2 Mai 2015","datePublished":"2019-05-02T07:00:40+00:00","dateModified":"2019-07-22T14:09:39+00:00","mainEntityOfPage":{"@id":"https:\/\/www.macapflag.com\/blog\/2-mai-2015\/"},"wordCount":141,"publisher":{"@id":"https:\/\/www.macapflag.com\/blog\/#organization"},"image":{"@id":"https:\/\/www.macapflag.com\/blog\/2-mai-2015\/#primaryimage"},"thumbnailUrl":"https:\/\/www.macapflag.com\/blog\/wp-content\/uploads\/2018\/07\/Ca-sest-pass\u00e9-ce-jour-l\u00e0-macap.jpg","articleSection":["News &amp; Actu"],"inLanguage":"fr-FR"},{"@type":"WebPage","@id":"https:\/\/www.macapflag.com\/blog\/2-mai-2015\/","url":"https:\/\/www.macapflag.com\/blog\/2-mai-2015\/","name":"Le 2 Mai 2015, un drapeau tunisien g\u00e9ant est d\u00e9ploy\u00e9 dans le d\u00e9sert","isPartOf":{"@id":"https:\/\/www.macapflag.com\/blog\/#website"},"primaryImageOfPage":{"@id":"https:\/\/www.macapflag.com\/blog\/2-mai-2015\/#primaryimage"},"image":{"@id":"https:\/\/www.macapflag.com\/blog\/2-mai-2015\/#primaryimage"},"thumbnailUrl":"https:\/\/www.macapflag.com\/blog\/wp-content\/uploads\/2018\/07\/Ca-sest-pass\u00e9-ce-jour-l\u00e0-macap.jpg","datePublished":"2019-05-02T07:00:40+00:00","dateModified":"2019-07-22T14:09:39+00:00","description":"Un drapeau tunisien de la taille de 19 terrains de football a \u00e9t\u00e9 d\u00e9ploy\u00e9 dans le sud du pays. La banni\u00e8re rouge et blanche, mesurait 104.544 m\u00e8tres carr\u00e9s","breadcrumb":{"@id":"https:\/\/www.macapflag.com\/blog\/2-mai-2015\/#breadcrumb"},"inLanguage":"fr-FR","potentialAction":[{"@type":"ReadAction","target":["https:\/\/www.macapflag.com\/blog\/2-mai-2015\/"]}]},{"@type":"ImageObject","inLanguage":"fr-FR","@id":"https:\/\/www.macapflag.com\/blog\/2-mai-2015\/#primaryimage","url":"https:\/\/www.macapflag.com\/blog\/wp-content\/uploads\/2018\/07\/Ca-sest-pass\u00e9-ce-jour-l\u00e0-macap.jpg","contentUrl":"https:\/\/www.macapflag.com\/blog\/wp-content\/uploads\/2018\/07\/Ca-sest-pass\u00e9-ce-jour-l\u00e0-macap.jpg","width":700,"height":537,"caption":"Ca-s-est-pass\u00e9-ce-jour-l\u00e0-Macap"},{"@type":"BreadcrumbList","@id":"https:\/\/www.macapflag.com\/blog\/2-mai-2015\/#breadcrumb","itemListElement":[{"@type":"ListItem","position":1,"name":"Accueil","item":"https:\/\/www.macapflag.com\/blog\/"},{"@type":"ListItem","position":2,"name":"Le 2 Mai 2015"}]},{"@type":"WebSite","@id":"https:\/\/www.macapflag.com\/blog\/#website","url":"https:\/\/www.macapflag.com\/blog\/","name":"Blog - Macap","description":"Tous nos articles","publisher":{"@id":"https:\/\/www.macapflag.com\/blog\/#organization"},"potentialAction":[{"@type":"SearchAction","target":{"@type":"EntryPoint","urlTemplate":"https:\/\/www.macapflag.com\/blog\/?s={search_term_string}"},"query-input":{"@type":"PropertyValueSpecification","valueRequired":true,"valueName":"search_term_string"}}],"inLanguage":"fr-FR"},{"@type":"Organization","@id":"https:\/\/www.macapflag.com\/blog\/#organization","name":"macapflag","url":"https:\/\/www.macapflag.com\/blog\/","logo":{"@type":"ImageObject","inLanguage":"fr-FR","@id":"https:\/\/www.macapflag.com\/blog\/#\/schema\/logo\/image\/","url":"https:\/\/www.macapflag.com\/blog\/wp-content\/uploads\/2020\/12\/cropped-M-512-1.png","contentUrl":"https:\/\/www.macapflag.com\/blog\/wp-content\/uploads\/2020\/12\/cropped-M-512-1.png","width":512,"height":512,"caption":"macapflag"},"image":{"@id":"https:\/\/www.macapflag.com\/blog\/#\/schema\/logo\/image\/"},"sameAs":["https:\/\/www.facebook.com\/macap.pavoisement\/","https:\/\/www.instagram.com\/macapflag\/?hl=fr","https:\/\/www.linkedin.com\/company\/macap\/?originalSubdomain=fr","https:\/\/www.youtube.com\/channel\/UCXNzTIdZh9poEBjSXEqDtNw"]},{"@type":"Person","@id":"https:\/\/www.macapflag.com\/blog\/#\/schema\/person\/3fea701f2603875e651e6b662578fc3c","name":"Blog Macap","image":{"@type":"ImageObject","inLanguage":"fr-FR","@id":"https:\/\/www.macapflag.com\/blog\/#\/schema\/person\/image\/","url":"https:\/\/secure.gravatar.com\/avatar\/c12551f2dc51f0db049633b03e7856985477a70da834cc8967dea4ce54bdd6a2?s=96&d=mm&r=g","contentUrl":"https:\/\/secure.gravatar.com\/avatar\/c12551f2dc51f0db049633b03e7856985477a70da834cc8967dea4ce54bdd6a2?s=96&d=mm&r=g","caption":"Blog Macap"},"url":"https:\/\/www.macapflag.com\/blog\/author\/macap\/"}]}},"_links":{"self":[{"href":"https:\/\/www.macapflag.com\/blog\/wp-json\/wp\/v2\/posts\/3981","targetHints":{"allow":["GET"]}}],"collection":[{"href":"https:\/\/www.macapflag.com\/blog\/wp-json\/wp\/v2\/posts"}],"about":[{"href":"https:\/\/www.macapflag.com\/blog\/wp-json\/wp\/v2\/types\/post"}],"author":[{"embeddable":true,"href":"https:\/\/www.macapflag.com\/blog\/wp-json\/wp\/v2\/users\/2"}],"replies":[{"embeddable":true,"href":"https:\/\/www.macapflag.com\/blog\/wp-json\/wp\/v2\/comments?post=3981"}],"version-history":[{"count":2,"href":"https:\/\/www.macapflag.com\/blog\/wp-json\/wp\/v2\/posts\/3981\/revisions"}],"predecessor-version":[{"id":3983,"href":"https:\/\/www.macapflag.com\/blog\/wp-json\/wp\/v2\/posts\/3981\/revisions\/3983"}],"wp:featuredmedia":[{"embeddable":true,"href":"https:\/\/www.macapflag.com\/blog\/wp-json\/wp\/v2\/media\/2440"}],"wp:attachment":[{"href":"https:\/\/www.macapflag.com\/blog\/wp-json\/wp\/v2\/media?parent=3981"}],"wp:term":[{"taxonomy":"category","embeddable":true,"href":"https:\/\/www.macapflag.com\/blog\/wp-json\/wp\/v2\/categories?post=3981"},{"taxonomy":"post_tag","embeddable":true,"href":"https:\/\/www.macapflag.com\/blog\/wp-json\/wp\/v2\/tags?post=3981"}],"curies":[{"name":"wp","href":"https:\/\/api.w.org\/{rel}","templated":true}]}}