{"id":3990,"date":"2019-08-26T08:24:43","date_gmt":"2019-08-26T06:24:43","guid":{"rendered":"https:\/\/www.macapflag.com\/blog\/?p=3990"},"modified":"2019-11-25T10:45:30","modified_gmt":"2019-11-25T09:45:30","slug":"creer-un-fond","status":"publish","type":"post","link":"https:\/\/www.macapflag.com\/blog\/creer-un-fond\/","title":{"rendered":"3 solutions pour cr\u00e9er un fond"},"content":{"rendered":"\t\t<div data-elementor-type=\"wp-post\" data-elementor-id=\"3990\" class=\"elementor elementor-3990 elementor-bc-flex-widget\">\n\t\t\t\t\t\t<section class=\"elementor-section elementor-top-section elementor-element elementor-element-94f8b80 elementor-section-boxed elementor-section-height-default elementor-section-height-default\" data-id=\"94f8b80\" data-element_type=\"section\">\n\t\t\t\t\t\t<div class=\"elementor-container elementor-column-gap-default\">\n\t\t\t\t\t<div class=\"elementor-column elementor-col-100 elementor-top-column elementor-element elementor-element-d481ddb\" data-id=\"d481ddb\" data-element_type=\"column\">\n\t\t\t<div class=\"elementor-widget-wrap elementor-element-populated\">\n\t\t\t\t\t\t<div class=\"elementor-element elementor-element-2a4e40d elementor-widget elementor-widget-text-editor\" data-id=\"2a4e40d\" data-element_type=\"widget\" data-widget_type=\"text-editor.default\">\n\t\t\t\t<div class=\"elementor-widget-container\">\n\t\t\t\t\t\t\t\t\t<p style=\"text-align: justify;\"><em><span style=\"font-size: 14pt; color: #000000;\">Pour cr\u00e9er un stand lors de vos salons professionnels, pour personnaliser le hall d\u2019accueil de votre entreprise, pour am\u00e9nager votre hall d\u2019exposition \u2026 Pour r\u00e9aliser un shooting photos, pour cacher un mur ou un lieu de stockage que l\u2019on n\u2019a pas envie de montrer \u2026\n<\/span><span style=\"font-size: 14pt; color: #000000;\">Vous l\u2019aurez compris, il y a 1001 occasions d\u2019avoir besoin d\u2019un fond personnalis\u00e9. <\/span><\/em>\n<em><span style=\"font-size: 14pt; color: #000000;\">Chez Macap aussi nous l\u2019avons compris. <\/span><\/em>\n<em><span style=\"font-size: 14pt; color: #000000;\">Nous vous proposons ici 3 supports de communication. Des solutions \u00e9conomiques, l\u00e9g\u00e8res \u00e0 transporter, faciles \u00e0 installer, qui vous permettront de cr\u00e9er le d\u00e9cor de votre choix en un clin d\u2019oeil.<\/span><\/em><\/p>\t\t\t\t\t\t\t\t<\/div>\n\t\t\t\t<\/div>\n\t\t\t\t\t<\/div>\n\t\t<\/div>\n\t\t\t\t\t<\/div>\n\t\t<\/section>\n\t\t\t\t<section class=\"elementor-section elementor-top-section elementor-element elementor-element-3d90db0 elementor-section-boxed elementor-section-height-default elementor-section-height-default\" data-id=\"3d90db0\" data-element_type=\"section\">\n\t\t\t\t\t\t<div class=\"elementor-container elementor-column-gap-default\">\n\t\t\t\t\t<div class=\"elementor-column elementor-col-100 elementor-top-column elementor-element elementor-element-dd73ab9\" data-id=\"dd73ab9\" data-element_type=\"column\">\n\t\t\t<div class=\"elementor-widget-wrap elementor-element-populated\">\n\t\t\t\t\t\t<div class=\"elementor-element elementor-element-27f1598 elementor-invisible elementor-widget elementor-widget-text-editor\" data-id=\"27f1598\" data-element_type=\"widget\" data-settings=\"{&quot;_animation&quot;:&quot;rollIn&quot;}\" data-widget_type=\"text-editor.default\">\n\t\t\t\t<div class=\"elementor-widget-container\">\n\t\t\t\t\t\t\t\t\t<h2 style=\"text-align: center;\"><span style=\"font-size: 30pt;\"><b style=\"font-size: 30pt;\">Solution 1 : <br \/>le mur d&#8217;image <\/b><span style=\"font-size: 40px;\"><b>t\u00e9lescopique<\/b><\/span><b style=\"font-size: 30pt;\">\u00a0<br \/>photocall<\/b><\/span><\/h2>\t\t\t\t\t\t\t\t<\/div>\n\t\t\t\t<\/div>\n\t\t\t\t\t<\/div>\n\t\t<\/div>\n\t\t\t\t\t<\/div>\n\t\t<\/section>\n\t\t\t\t<section class=\"elementor-section elementor-top-section elementor-element elementor-element-5a90e27 elementor-section-boxed elementor-section-height-default elementor-section-height-default\" data-id=\"5a90e27\" data-element_type=\"section\">\n\t\t\t\t\t\t<div class=\"elementor-container elementor-column-gap-default\">\n\t\t\t\t\t<div class=\"elementor-column elementor-col-100 elementor-top-column elementor-element elementor-element-db9d115\" data-id=\"db9d115\" data-element_type=\"column\">\n\t\t\t<div class=\"elementor-widget-wrap elementor-element-populated\">\n\t\t\t\t\t\t<div class=\"elementor-element elementor-element-cc86849 elementor-invisible elementor-widget elementor-widget-image\" data-id=\"cc86849\" data-element_type=\"widget\" data-settings=\"{&quot;_animation&quot;:&quot;rollIn&quot;}\" data-widget_type=\"image.default\">\n\t\t\t\t<div class=\"elementor-widget-container\">\n\t\t\t\t\t\t\t\t\t\t\t\t\t\t\t<img fetchpriority=\"high\" decoding=\"async\" width=\"700\" height=\"534\" src=\"https:\/\/www.macapflag.com\/blog\/wp-content\/uploads\/2019\/07\/mur-image-telescopique-photocall.gif\" class=\"attachment-large size-large wp-image-3993\" alt=\"Le mur d&#039;image photocall t\u00e9lescopique est le fond utilis\u00e9 pour des photos\" \/>\t\t\t\t\t\t\t\t\t\t\t\t\t\t\t<\/div>\n\t\t\t\t<\/div>\n\t\t\t\t\t<\/div>\n\t\t<\/div>\n\t\t\t\t\t<\/div>\n\t\t<\/section>\n\t\t\t\t<section class=\"elementor-section elementor-top-section elementor-element elementor-element-716973d elementor-section-boxed elementor-section-height-default elementor-section-height-default\" data-id=\"716973d\" data-element_type=\"section\">\n\t\t\t\t\t\t<div class=\"elementor-container elementor-column-gap-default\">\n\t\t\t\t\t<div class=\"elementor-column elementor-col-100 elementor-top-column elementor-element elementor-element-c824e7c\" data-id=\"c824e7c\" data-element_type=\"column\">\n\t\t\t<div class=\"elementor-widget-wrap elementor-element-populated\">\n\t\t\t\t\t\t<div class=\"elementor-element elementor-element-2db7a29 elementor-widget elementor-widget-text-editor\" data-id=\"2db7a29\" data-element_type=\"widget\" data-widget_type=\"text-editor.default\">\n\t\t\t\t<div class=\"elementor-widget-container\">\n\t\t\t\t\t\t\t\t\t<p style=\"text-align: justify;\"><span style=\"font-size: 14pt; color: #000000;\">Votre visuel est imprim\u00e9 au recto d\u2019un textile polyester, le Polyd\u00e9co. Il est \u00e9quip\u00e9 d\u2019un fourreau haut et un fourreau bas pour assurer une tension optimale du textile lorsqu\u2019il est sur son support en alu.<\/span><br \/><span style=\"font-size: 14pt; color: #000000;\">La structure du mur d\u2019image est adaptable en hauteur et en largeur.<\/span><br \/><span style=\"font-size: 14pt; color: #000000;\">Livr\u00e9 avec sa housse de transport, le mur d\u2019image t\u00e9lescopique p\u00e8se moins de 8 kgs sans \u00eatre encombrant. Quel que soit le format choisi, des petits velcros permettent d\u2019ajuster le visuel \u00e0 son support. le montage est r\u00e9alis\u00e9 en 3 minutes. On le dispose et le d\u00e9place ensuite tr\u00e8s facilement.<\/span><br \/><span style=\"font-size: 14pt; color: #000000;\">On retrouve le mur d\u2019image t\u00e9lescopique lors de soir\u00e9es et \u00e9v\u00e8nements. Il est souvent personnalis\u00e9 avec les logos des sponsors ou partenaires et sert de fond pour prendre en photos les personnes pr\u00e9sentes.<\/span><\/p><p style=\"text-align: left;\"><span style=\"font-size: 14pt; color: #000000;\"><em><strong>Bon \u00e0 savoir :\u00a0<\/strong><\/em>Dimensions 2 m x 2 m &#8211;\u00a0Poids : 8 kg. Textile du visuel trait\u00e9 norme anti-feu B1.\u00a0<\/span><\/p><p style=\"text-align: left;\"><em><span style=\"font-size: 14pt; color: #000000;\">Produit livr\u00e9 dans sa housse de transport.\u00a0<\/span><\/em><em><span style=\"font-size: 14pt; color: #000000;\">Temps de montage estim\u00e9 : 2 \u00e0 3 minutes<\/span><\/em><br \/><em><span style=\"font-size: 14pt; color: #000000;\"><span style=\"color: #3366ff;\"><a style=\"color: #3366ff;\" href=\"https:\/\/www.macapflag.com\/display-roll-up\/85-stand-parapluie-droit-.html\" target=\"_blank\" rel=\"noopener\"><strong>Cliquez ici<\/strong> <\/a><\/span>pour acc\u00e9der \u00e0 la fiche du produit.<\/span><\/em><\/p>\t\t\t\t\t\t\t\t<\/div>\n\t\t\t\t<\/div>\n\t\t\t\t\t<\/div>\n\t\t<\/div>\n\t\t\t\t\t<\/div>\n\t\t<\/section>\n\t\t\t\t<section class=\"elementor-section elementor-top-section elementor-element elementor-element-be54646 elementor-section-boxed elementor-section-height-default elementor-section-height-default\" data-id=\"be54646\" data-element_type=\"section\">\n\t\t\t\t\t\t<div class=\"elementor-container elementor-column-gap-default\">\n\t\t\t\t\t<div class=\"elementor-column elementor-col-100 elementor-top-column elementor-element elementor-element-956e58b\" data-id=\"956e58b\" data-element_type=\"column\">\n\t\t\t<div class=\"elementor-widget-wrap elementor-element-populated\">\n\t\t\t\t\t\t<div class=\"elementor-element elementor-element-339b6c3 elementor-widget elementor-widget-spacer\" data-id=\"339b6c3\" data-element_type=\"widget\" data-widget_type=\"spacer.default\">\n\t\t\t\t<div class=\"elementor-widget-container\">\n\t\t\t\t\t\t\t<div class=\"elementor-spacer\">\n\t\t\t<div class=\"elementor-spacer-inner\"><\/div>\n\t\t<\/div>\n\t\t\t\t\t\t<\/div>\n\t\t\t\t<\/div>\n\t\t\t\t\t<\/div>\n\t\t<\/div>\n\t\t\t\t\t<\/div>\n\t\t<\/section>\n\t\t\t\t<section class=\"elementor-section elementor-top-section elementor-element elementor-element-e45598e elementor-section-boxed elementor-section-height-default elementor-section-height-default\" data-id=\"e45598e\" data-element_type=\"section\">\n\t\t\t\t\t\t<div class=\"elementor-container elementor-column-gap-default\">\n\t\t\t\t\t<div class=\"elementor-column elementor-col-100 elementor-top-column elementor-element elementor-element-9cb5dae\" data-id=\"9cb5dae\" data-element_type=\"column\">\n\t\t\t<div class=\"elementor-widget-wrap elementor-element-populated\">\n\t\t\t\t\t\t<div class=\"elementor-element elementor-element-189158c elementor-invisible elementor-widget elementor-widget-text-editor\" data-id=\"189158c\" data-element_type=\"widget\" data-settings=\"{&quot;_animation&quot;:&quot;rollIn&quot;}\" data-widget_type=\"text-editor.default\">\n\t\t\t\t<div class=\"elementor-widget-container\">\n\t\t\t\t\t\t\t\t\t<h2 style=\"text-align: center;\"><span style=\"font-size: 30pt;\"><b style=\"font-size: 30pt;\">Solution 2 :<br \/>le stand parapluie<\/b><\/span><\/h2>\t\t\t\t\t\t\t\t<\/div>\n\t\t\t\t<\/div>\n\t\t\t\t\t<\/div>\n\t\t<\/div>\n\t\t\t\t\t<\/div>\n\t\t<\/section>\n\t\t\t\t<section class=\"elementor-section elementor-top-section elementor-element elementor-element-ea2cddc elementor-section-boxed elementor-section-height-default elementor-section-height-default\" data-id=\"ea2cddc\" data-element_type=\"section\">\n\t\t\t\t\t\t<div class=\"elementor-container elementor-column-gap-default\">\n\t\t\t\t\t<div class=\"elementor-column elementor-col-100 elementor-top-column elementor-element elementor-element-50f5ed3\" data-id=\"50f5ed3\" data-element_type=\"column\">\n\t\t\t<div class=\"elementor-widget-wrap elementor-element-populated\">\n\t\t\t\t\t\t<div class=\"elementor-element elementor-element-21cb1c3 elementor-invisible elementor-widget elementor-widget-image\" data-id=\"21cb1c3\" data-element_type=\"widget\" data-settings=\"{&quot;_animation&quot;:&quot;rollIn&quot;}\" data-widget_type=\"image.default\">\n\t\t\t\t<div class=\"elementor-widget-container\">\n\t\t\t\t\t\t\t\t\t\t\t\t\t\t\t<img decoding=\"async\" width=\"700\" height=\"534\" src=\"https:\/\/www.macapflag.com\/blog\/wp-content\/uploads\/2019\/07\/stand-parapluie-fond.gif\" class=\"attachment-large size-large wp-image-3994\" alt=\"Le stand parapluie disponible en deux formats sert \u00e0 am\u00e9nager un fond\" \/>\t\t\t\t\t\t\t\t\t\t\t\t\t\t\t<\/div>\n\t\t\t\t<\/div>\n\t\t\t\t\t<\/div>\n\t\t<\/div>\n\t\t\t\t\t<\/div>\n\t\t<\/section>\n\t\t\t\t<section class=\"elementor-section elementor-top-section elementor-element elementor-element-ba87630 elementor-section-boxed elementor-section-height-default elementor-section-height-default\" data-id=\"ba87630\" data-element_type=\"section\">\n\t\t\t\t\t\t<div class=\"elementor-container elementor-column-gap-default\">\n\t\t\t\t\t<div class=\"elementor-column elementor-col-100 elementor-top-column elementor-element elementor-element-675c999\" data-id=\"675c999\" data-element_type=\"column\">\n\t\t\t<div class=\"elementor-widget-wrap elementor-element-populated\">\n\t\t\t\t\t\t<div class=\"elementor-element elementor-element-4ae0452 elementor-widget elementor-widget-text-editor\" data-id=\"4ae0452\" data-element_type=\"widget\" data-widget_type=\"text-editor.default\">\n\t\t\t\t<div class=\"elementor-widget-container\">\n\t\t\t\t\t\t\t\t\t<p style=\"text-align: justify;\"><span style=\"font-size: 14pt; color: #000000;\">V\u00e9ritable support de communication couvrant, le stand parapluie est propos\u00e9 en deux formats. Quelle que soit la dimension choisie, le stand parapluie descend jusqu\u2019au sol et cache ainsi sa structure m\u00e9tallique pliable. Tr\u00e8s utilis\u00e9 comme fond d\u2019un stand d\u2019exposition, son visuel personnalis\u00e9 peut tr\u00e8s facilement \u00eatre assorti \u00e0 celui d&#8217;un comptoir pour assurer une unit\u00e9 de votre identit\u00e9 visuelle. <\/span><br \/><span style=\"font-size: 14pt; color: #000000;\">Le visuel de votre choix est imprim\u00e9 sur du Polyd\u00e9co, le m\u00eame textile que celui du photocall. Il se fixe ensuite de mani\u00e8re tr\u00e8s simple sur sa structure en aluminium gr\u00e2ce \u00e0 des velcros cousus sur le pourtour du textile. La tenue du visuel est impeccable. <\/span><br \/><span style=\"font-size: 14pt; color: #000000;\">Le stand parapluie est livr\u00e9 dans sa valise de transport. Il p\u00e8se entre 10 et 15 kg selon son format. Son montage est facile et r\u00e9alis\u00e9 en moins de 3 minutes : il suffit de d\u00e9plier sa structure et y fixer le visuel.<\/span><\/p><p style=\"text-align: left;\"><span style=\"font-size: 14pt; color: #000000;\">On retrouve le stand parapluie sur les salons ou dans des lieux d\u2019exposition. Il est \u00e9galement pr\u00e9sent en entreprise pour d\u00e9corer l\u2019entr\u00e9e ou habiller un espace de mani\u00e8re corporate.<\/span><\/p><p><span style=\"font-size: 14pt; color: #000000;\"><em><strong>Bon \u00e0 savoir : <\/strong><\/em>Produit disponible en deux dimensions :<br \/>. Format carr\u00e9 3 cases x 3 soit 231.5 cm x 231.5 cm x 32 cm &#8211; Poids : 10 kg.<br \/>. Format rectangle 3 cases x 4 soit 231.5 cm x 307.5 c<\/span><span style=\"font-size: 14pt; color: #000000;\">cm x 32 cm &#8211; Poids : 15 kg.<br \/>Textile du visuel trait\u00e9 norme anti-feu B1.\u00a0<\/span><\/p><p><span style=\"font-size: 14pt; color: #000000;\"><em>Produit livr\u00e9 dans sa housse de transport.\u00a0<\/em><em>Temps de montage estim\u00e9 : 2 \u00e0 3 minutes<\/em><\/span><br \/><span style=\"font-size: 14pt; color: #000000;\"><em><span style=\"color: #3366ff;\"><a style=\"color: #3366ff;\" href=\"https:\/\/www.macapflag.com\/display-roll-up\/184-mur-d-image-photocall-telescopique-1-face.html\" target=\"_blank\" rel=\"noopener\"><strong>Cliquez ici<\/strong>\u00a0<\/a><\/span>pour acc\u00e9der \u00e0 la fiche du produit.<\/em><\/span><\/p>\t\t\t\t\t\t\t\t<\/div>\n\t\t\t\t<\/div>\n\t\t\t\t\t<\/div>\n\t\t<\/div>\n\t\t\t\t\t<\/div>\n\t\t<\/section>\n\t\t\t\t<section class=\"elementor-section elementor-top-section elementor-element elementor-element-6d2ca01 elementor-section-boxed elementor-section-height-default elementor-section-height-default\" data-id=\"6d2ca01\" data-element_type=\"section\">\n\t\t\t\t\t\t<div class=\"elementor-container elementor-column-gap-default\">\n\t\t\t\t\t<div class=\"elementor-column elementor-col-100 elementor-top-column elementor-element elementor-element-572a3fb\" data-id=\"572a3fb\" data-element_type=\"column\">\n\t\t\t<div class=\"elementor-widget-wrap elementor-element-populated\">\n\t\t\t\t\t\t<div class=\"elementor-element elementor-element-d3c689d elementor-widget elementor-widget-spacer\" data-id=\"d3c689d\" data-element_type=\"widget\" data-widget_type=\"spacer.default\">\n\t\t\t\t<div class=\"elementor-widget-container\">\n\t\t\t\t\t\t\t<div class=\"elementor-spacer\">\n\t\t\t<div class=\"elementor-spacer-inner\"><\/div>\n\t\t<\/div>\n\t\t\t\t\t\t<\/div>\n\t\t\t\t<\/div>\n\t\t\t\t\t<\/div>\n\t\t<\/div>\n\t\t\t\t\t<\/div>\n\t\t<\/section>\n\t\t\t\t<section class=\"elementor-section elementor-top-section elementor-element elementor-element-38eeb5f elementor-section-boxed elementor-section-height-default elementor-section-height-default\" data-id=\"38eeb5f\" data-element_type=\"section\">\n\t\t\t\t\t\t<div class=\"elementor-container elementor-column-gap-default\">\n\t\t\t\t\t<div class=\"elementor-column elementor-col-100 elementor-top-column elementor-element elementor-element-169d4d5\" data-id=\"169d4d5\" data-element_type=\"column\">\n\t\t\t<div class=\"elementor-widget-wrap elementor-element-populated\">\n\t\t\t\t\t\t<div class=\"elementor-element elementor-element-3610b63 elementor-invisible elementor-widget elementor-widget-text-editor\" data-id=\"3610b63\" data-element_type=\"widget\" data-settings=\"{&quot;_animation&quot;:&quot;rollIn&quot;}\" data-widget_type=\"text-editor.default\">\n\t\t\t\t<div class=\"elementor-widget-container\">\n\t\t\t\t\t\t\t\t\t<h2 style=\"text-align: center;\"><span style=\"font-size: 30pt;\"><b>Solution 3 :<br \/>le cadre toile tendue<\/b><\/span><\/h2>\t\t\t\t\t\t\t\t<\/div>\n\t\t\t\t<\/div>\n\t\t\t\t\t<\/div>\n\t\t<\/div>\n\t\t\t\t\t<\/div>\n\t\t<\/section>\n\t\t\t\t<section class=\"elementor-section elementor-top-section elementor-element elementor-element-39d2cae elementor-section-boxed elementor-section-height-default elementor-section-height-default\" data-id=\"39d2cae\" data-element_type=\"section\">\n\t\t\t\t\t\t<div class=\"elementor-container elementor-column-gap-default\">\n\t\t\t\t\t<div class=\"elementor-column elementor-col-100 elementor-top-column elementor-element elementor-element-55e2e78\" data-id=\"55e2e78\" data-element_type=\"column\">\n\t\t\t<div class=\"elementor-widget-wrap elementor-element-populated\">\n\t\t\t\t\t\t<div class=\"elementor-element elementor-element-ab83658 elementor-invisible elementor-widget elementor-widget-image\" data-id=\"ab83658\" data-element_type=\"widget\" data-settings=\"{&quot;_animation&quot;:&quot;rollIn&quot;}\" data-widget_type=\"image.default\">\n\t\t\t\t<div class=\"elementor-widget-container\">\n\t\t\t\t\t\t\t\t\t\t\t\t\t\t\t<img decoding=\"async\" width=\"700\" height=\"534\" src=\"https:\/\/www.macapflag.com\/blog\/wp-content\/uploads\/2019\/08\/cadre-toile-tendue.gif\" class=\"attachment-large size-large wp-image-4003\" alt=\"La cadre toile tendue solution id\u00e9ale pour servir de fond pour votre stand\" \/>\t\t\t\t\t\t\t\t\t\t\t\t\t\t\t<\/div>\n\t\t\t\t<\/div>\n\t\t\t\t\t<\/div>\n\t\t<\/div>\n\t\t\t\t\t<\/div>\n\t\t<\/section>\n\t\t\t\t<section class=\"elementor-section elementor-top-section elementor-element elementor-element-011a877 elementor-section-boxed elementor-section-height-default elementor-section-height-default\" data-id=\"011a877\" data-element_type=\"section\">\n\t\t\t\t\t\t<div class=\"elementor-container elementor-column-gap-default\">\n\t\t\t\t\t<div class=\"elementor-column elementor-col-100 elementor-top-column elementor-element elementor-element-d46229e\" data-id=\"d46229e\" data-element_type=\"column\">\n\t\t\t<div class=\"elementor-widget-wrap elementor-element-populated\">\n\t\t\t\t\t\t<div class=\"elementor-element elementor-element-206e3fe elementor-widget elementor-widget-text-editor\" data-id=\"206e3fe\" data-element_type=\"widget\" data-widget_type=\"text-editor.default\">\n\t\t\t\t<div class=\"elementor-widget-container\">\n\t\t\t\t\t\t\t\t\t<p style=\"text-align: justify;\"><span style=\"font-size: 14pt; color: #000000;\">Si ce produit n\u2019a pas \u00e9t\u00e9 exclusivement con\u00e7u pour \u00eatre utilis\u00e9 comme un fond, il s\u2019y pr\u00eate pourtant tout \u00e0 fait. Il est fabriqu\u00e9 sur-mesure aux dimensions de votre choix et peut-\u00eatre d\u00e9clin\u00e9 en plusieurs versions :<\/span><br \/><span style=\"font-size: 14pt; color: #000000;\">. Cadre autoportant : la toile tendue est fix\u00e9e sur un cadre en aluminium avec pieds autoportants. Le profil\u00e9 peut recevoir un visuel diff\u00e9rent sur chaque face, utile par exemple pour un habillage recto-verso lors de vos salons.<\/span><br \/><span style=\"font-size: 14pt; color: #000000;\">. Cadre mural : Il s\u2019agit du m\u00eame syst\u00e8me de fixation du visuel sur le cadre mais il est ici un peu plus l\u00e9ger pour pouvoir \u00eatre accroch\u00e9 sur un mur.<\/span><br \/><span style=\"font-size: 14pt; color: #000000;\">. Cadre suspendu : L\u00e0 aussi, m\u00eame proc\u00e9d\u00e9 de fixation mais avec un cadre \u00e9quip\u00e9 de c\u00e2bles de fixation lui permettant d\u2019\u00eatre suspendu au plafond.<\/span><br \/><span style=\"font-size: 14pt; color: #000000;\">De nouvelles solutions s\u2019offrent ainsi \u00e0 vous avec la toile tendue. Choisissez votre type de cadre en tenant compte de l\u2019environnement dans lequel il sera install\u00e9, notamment si vous disposez d\u2019un mur ou d\u2019un plafond. Sinon optez pour le cadre autoportant, facile \u00e0 d\u00e9placer, personnalisable recto verso et qui ne n\u00e9cessite aucun syst\u00e8me de fixation.<\/span><br \/><span style=\"font-size: 14pt; color: #000000;\">Quel que soit le cadre, votre personnalisation est effectu\u00e9e par un proc\u00e9d\u00e9 d\u2019impression num\u00e9rique sur du Polydeco 220 g\/m2 ou du Polyluxe 260 g\/m2. Un jonc est fix\u00e9 sur le pourtour du visuel, il s\u2019ins\u00e8re ais\u00e9ment dans la rainure du cadre profil\u00e9.<\/span><br \/><span style=\"font-size: 14pt; color: #000000;\">Selon la taille command\u00e9e, le cadre peut-\u00eatre livr\u00e9 d\u00e9j\u00e0 mont\u00e9 ou \u00e0 monter.<\/span><\/p><p style=\"text-align: justify;\"><span style=\"font-size: 14pt; color: #000000;\">Ce produit est tr\u00e8s utilis\u00e9 en magasin dans sa version normale ou r\u00e9tro \u00e9clair\u00e9e. Les visuels se changent facilement au gr\u00e9 des collections.<\/span><\/p><p style=\"text-align: justify;\"><span style=\"font-size: 14pt; color: #000000;\"><em><strong>Bon \u00e0 savoir : <\/strong><\/em>&#8211; Produit propos\u00e9 en 4 dimensions standard ou sur-mesure.\u00a0<br \/>Structure : aluminium.\u00a0Textile du visuel : Polyd\u00e9co trait\u00e9 norme anti-feu B1.\u00a0<\/span><\/p><p style=\"text-align: left;\"><span style=\"font-size: 14pt; color: #000000;\"><em>Temps de montage estim\u00e9 : 5 minutes selon format.<\/em><\/span><br \/><span style=\"font-size: 14pt; color: #000000;\"><em><a href=\"https:\/\/www.macapflag.com\/cadre-toile-tendue\/187-cadre-autoportant-toile-tendue-utilisation-interieure.html\" target=\"_blank\" rel=\"noopener\"><span style=\"color: #3366ff;\"><strong>Cliquez ici<\/strong>\u00a0<\/span><\/a>pour acc\u00e9der \u00e0 la fiche du produit.<\/em><\/span><\/p>\t\t\t\t\t\t\t\t<\/div>\n\t\t\t\t<\/div>\n\t\t\t\t\t<\/div>\n\t\t<\/div>\n\t\t\t\t\t<\/div>\n\t\t<\/section>\n\t\t\t\t<section class=\"elementor-section elementor-top-section elementor-element elementor-element-2d44c20 elementor-section-boxed elementor-section-height-default elementor-section-height-default\" data-id=\"2d44c20\" data-element_type=\"section\">\n\t\t\t\t\t\t<div class=\"elementor-container elementor-column-gap-default\">\n\t\t\t\t\t<div class=\"elementor-column elementor-col-100 elementor-top-column elementor-element elementor-element-c966301\" data-id=\"c966301\" data-element_type=\"column\">\n\t\t\t<div class=\"elementor-widget-wrap elementor-element-populated\">\n\t\t\t\t\t\t<div class=\"elementor-element elementor-element-97de9ae elementor-invisible elementor-widget elementor-widget-text-editor\" data-id=\"97de9ae\" data-element_type=\"widget\" data-settings=\"{&quot;_animation&quot;:&quot;rollIn&quot;}\" data-widget_type=\"text-editor.default\">\n\t\t\t\t<div class=\"elementor-widget-container\">\n\t\t\t\t\t\t\t\t\t<h2 style=\"text-align: center;\"><span style=\"font-size: 30pt;\"><b>Le &#8220;+&#8221; de chacun !<\/b><\/span><\/h2>\t\t\t\t\t\t\t\t<\/div>\n\t\t\t\t<\/div>\n\t\t\t\t\t<\/div>\n\t\t<\/div>\n\t\t\t\t\t<\/div>\n\t\t<\/section>\n\t\t\t\t<section class=\"elementor-section elementor-top-section elementor-element elementor-element-25ed444 elementor-section-boxed elementor-section-height-default elementor-section-height-default\" data-id=\"25ed444\" data-element_type=\"section\">\n\t\t\t\t\t\t<div class=\"elementor-container elementor-column-gap-default\">\n\t\t\t\t\t<div class=\"elementor-column elementor-col-100 elementor-top-column elementor-element elementor-element-92987a5\" data-id=\"92987a5\" data-element_type=\"column\">\n\t\t\t<div class=\"elementor-widget-wrap elementor-element-populated\">\n\t\t\t\t\t\t<div class=\"elementor-element elementor-element-a0307c2 elementor-widget elementor-widget-text-editor\" data-id=\"a0307c2\" data-element_type=\"widget\" data-widget_type=\"text-editor.default\">\n\t\t\t\t<div class=\"elementor-widget-container\">\n\t\t\t\t\t\t\t\t\t<p style=\"text-align: justify;\"><span style=\"font-size: 14pt; color: #000000;\">Pour le mur d\u2019image t\u00e9lescopique et le stand parapluie, les visuels de chacun des supports sont interchangeables. Vous pouvez ainsi changer uniquement le textile au gr\u00e9 de vos \u00e9v\u00e8nements et campagnes de communication sans avoir \u00e0 r\u00e9investir dans une structure.<\/span><br \/><span style=\"font-size: 14pt; color: #000000;\">Il en va de m\u00eame pour le cadre toile tendue qui pr\u00e9sente aussi l\u2019avantage d\u2019\u00eatre personnalisable recto verso avec deux visuels distincts.<br \/><\/span><span style=\"font-size: 14pt; color: #000000;\">Cet \u00e9ventail de solutions permet de r\u00e9pondre \u00e0 toutes vos probl\u00e9matiques.<\/span><\/p><p style=\"text-align: justify;\"><span style=\"font-size: 14pt; color: #000000;\">Pour compl\u00e9ter cette liste de possibilit\u00e9s d\u2019am\u00e9nagement de fonds, pensez \u00e9galement au \u201cvisuel velcros\u201d, une solution <br \/>ultra-l\u00e9g\u00e8re et peu encombrante qui se plie et peut-\u00eatre rang\u00e9e dans votre propre valise. S\u2019il faut forc\u00e9ment un support vertical sur lequel il pourra \u00eatre fix\u00e9, le \u201cvisuel velcros\u201d ne n\u00e9cessite en revanche aucun autre support ni armatures \u00e0 transporter.<\/span><\/p><p style=\"text-align: justify;\"><span style=\"font-size: 14pt; color: #000000;\">Et si vous avez un doute sur votre choix, n\u2019h\u00e9sitez \u00e0 consulter les \u00e9quipes commerciales de Macap qui sont l\u00e0 pour vous guider,\u00a0<\/span><span style=\"font-size: 14pt; color: #000000;\"><span style=\"font-weight: 400;\"><span style=\"font-weight: 400;\">par t\u00e9l\u00e9phone au 04 94 48 50 57 ou par\u00a0<\/span>email \u00e0 l&#8217;adresse\u00a0<\/span><b><span style=\"color: #3366ff;\"><a style=\"color: #3366ff;\" href=\"mailto:web@macapflag.com\" target=\"_blank\" rel=\"noopener\">web@macapflag.com<\/a><\/span><br \/><\/b><\/span><\/p>\t\t\t\t\t\t\t\t<\/div>\n\t\t\t\t<\/div>\n\t\t\t\t\t<\/div>\n\t\t<\/div>\n\t\t\t\t\t<\/div>\n\t\t<\/section>\n\t\t\t\t<section class=\"elementor-section elementor-top-section elementor-element elementor-element-f111cf8 elementor-section-boxed elementor-section-height-default elementor-section-height-default\" data-id=\"f111cf8\" data-element_type=\"section\">\n\t\t\t\t\t\t<div class=\"elementor-container elementor-column-gap-default\">\n\t\t\t\t\t<div class=\"elementor-column elementor-col-100 elementor-top-column elementor-element elementor-element-55a3376\" data-id=\"55a3376\" data-element_type=\"column\">\n\t\t\t<div class=\"elementor-widget-wrap elementor-element-populated\">\n\t\t\t\t\t\t<div class=\"elementor-element elementor-element-ec82309 elementor-widget elementor-widget-text-editor\" data-id=\"ec82309\" data-element_type=\"widget\" data-widget_type=\"text-editor.default\">\n\t\t\t\t<div class=\"elementor-widget-container\">\n\t\t\t\t\t\t\t\t\t<p><img loading=\"lazy\" decoding=\"async\" class=\"size-full wp-image-2886 aligncenter\" src=\"https:\/\/www.macapflag.com\/blog\/wp-content\/uploads\/2018\/10\/picto-produitssolutions235x135.gif\" alt=\"Produits et solutions propos\u00e9s par Macap : drapeaux, banderoles ou Beachflags\" width=\"235\" height=\"135\" \/><\/p><p style=\"text-align: center;\"><span style=\"font-size: 14pt;\"><span style=\"color: #000000;\"><strong><span style=\"font-family: 'Futura Bk BT';\">Macap<\/span><\/strong><\/span> <span style=\"color: #808080;\"><strong><span style=\"font-family: 'Futura Bk BT';\">&#8211; Lundi 26 Ao\u00fbt 2019<\/span><\/strong><\/span><\/span><\/p><p style=\"text-align: center;\">\u00a0<\/p>\t\t\t\t\t\t\t\t<\/div>\n\t\t\t\t<\/div>\n\t\t\t\t\t<\/div>\n\t\t<\/div>\n\t\t\t\t\t<\/div>\n\t\t<\/section>\n\t\t\t\t<\/div>\n\t\t","protected":false},"excerpt":{"rendered":"<div class=\"tmnf_excerpt\"><p>Pour cr\u00e9er un stand lors de vos salons professionnels, pour personnaliser le hall d\u2019accueil de votre entreprise, pour am\u00e9nager votre hall d\u2019exposition \u2026 Pour r\u00e9aliser un shooting photos, pour cacher un mur ou un lieu de stockage que l\u2019on n\u2019a pas envie de montrer \u2026 Vous l\u2019aurez compris, il y a 1001 occasions d\u2019avoir besoin &hellip;<\/p>\n<\/div>","protected":false},"author":2,"featured_media":3992,"comment_status":"closed","ping_status":"open","sticky":false,"template":"template-fullwidth.php","format":"standard","meta":{"footnotes":""},"categories":[90],"tags":[],"class_list":["post-3990","post","type-post","status-publish","format-standard","has-post-thumbnail","hentry","category-produits-et-sols"],"yoast_head":"<!-- This site is optimized with the Yoast SEO plugin v26.4 - https:\/\/yoast.com\/wordpress\/plugins\/seo\/ -->\n<title>3 solutions simples et pratiques pour cr\u00e9er un fond de stand ou de mur<\/title>\n<meta name=\"description\" content=\"Des solutions pratiques et efficaces pour cr\u00e9er un fond. Pour un salon professionnel, au sein de votre entreprise ou encore pour un showroom\" \/>\n<meta name=\"robots\" content=\"index, follow, max-snippet:-1, max-image-preview:large, max-video-preview:-1\" \/>\n<link rel=\"canonical\" href=\"https:\/\/www.macapflag.com\/blog\/creer-un-fond\/\" \/>\n<meta property=\"og:locale\" content=\"fr_FR\" \/>\n<meta property=\"og:type\" content=\"article\" \/>\n<meta property=\"og:title\" content=\"3 solutions simples et pratiques pour cr\u00e9er un fond de stand ou de mur\" \/>\n<meta property=\"og:description\" content=\"Des solutions pratiques et efficaces pour cr\u00e9er un fond. Pour un salon professionnel, au sein de votre entreprise ou encore pour un showroom\" \/>\n<meta property=\"og:url\" content=\"https:\/\/www.macapflag.com\/blog\/creer-un-fond\/\" \/>\n<meta property=\"og:site_name\" content=\"Blog - Macap\" \/>\n<meta property=\"article:publisher\" content=\"https:\/\/www.facebook.com\/macap.pavoisement\/\" \/>\n<meta property=\"article:published_time\" content=\"2019-08-26T06:24:43+00:00\" \/>\n<meta property=\"article:modified_time\" content=\"2019-11-25T09:45:30+00:00\" \/>\n<meta property=\"og:image\" content=\"https:\/\/www.macapflag.com\/blog\/wp-content\/uploads\/2019\/07\/creer-un-fond-stand.gif\" \/>\n\t<meta property=\"og:image:width\" content=\"700\" \/>\n\t<meta property=\"og:image:height\" content=\"534\" \/>\n\t<meta property=\"og:image:type\" content=\"image\/gif\" \/>\n<meta name=\"author\" content=\"Blog Macap\" \/>\n<meta name=\"twitter:card\" content=\"summary_large_image\" \/>\n<meta name=\"twitter:label1\" content=\"\u00c9crit par\" \/>\n\t<meta name=\"twitter:data1\" content=\"Blog Macap\" \/>\n\t<meta name=\"twitter:label2\" content=\"Dur\u00e9e de lecture estim\u00e9e\" \/>\n\t<meta name=\"twitter:data2\" content=\"5 minutes\" \/>\n<script type=\"application\/ld+json\" class=\"yoast-schema-graph\">{\"@context\":\"https:\/\/schema.org\",\"@graph\":[{\"@type\":\"Article\",\"@id\":\"https:\/\/www.macapflag.com\/blog\/creer-un-fond\/#article\",\"isPartOf\":{\"@id\":\"https:\/\/www.macapflag.com\/blog\/creer-un-fond\/\"},\"author\":{\"name\":\"Blog Macap\",\"@id\":\"https:\/\/www.macapflag.com\/blog\/#\/schema\/person\/3fea701f2603875e651e6b662578fc3c\"},\"headline\":\"3 solutions pour cr\u00e9er un fond\",\"datePublished\":\"2019-08-26T06:24:43+00:00\",\"dateModified\":\"2019-11-25T09:45:30+00:00\",\"mainEntityOfPage\":{\"@id\":\"https:\/\/www.macapflag.com\/blog\/creer-un-fond\/\"},\"wordCount\":1078,\"publisher\":{\"@id\":\"https:\/\/www.macapflag.com\/blog\/#organization\"},\"image\":{\"@id\":\"https:\/\/www.macapflag.com\/blog\/creer-un-fond\/#primaryimage\"},\"thumbnailUrl\":\"https:\/\/www.macapflag.com\/blog\/wp-content\/uploads\/2019\/07\/creer-un-fond-stand.gif\",\"articleSection\":[\"Produits &amp; Solutions\"],\"inLanguage\":\"fr-FR\"},{\"@type\":\"WebPage\",\"@id\":\"https:\/\/www.macapflag.com\/blog\/creer-un-fond\/\",\"url\":\"https:\/\/www.macapflag.com\/blog\/creer-un-fond\/\",\"name\":\"3 solutions simples et pratiques pour cr\u00e9er un fond de stand ou de mur\",\"isPartOf\":{\"@id\":\"https:\/\/www.macapflag.com\/blog\/#website\"},\"primaryImageOfPage\":{\"@id\":\"https:\/\/www.macapflag.com\/blog\/creer-un-fond\/#primaryimage\"},\"image\":{\"@id\":\"https:\/\/www.macapflag.com\/blog\/creer-un-fond\/#primaryimage\"},\"thumbnailUrl\":\"https:\/\/www.macapflag.com\/blog\/wp-content\/uploads\/2019\/07\/creer-un-fond-stand.gif\",\"datePublished\":\"2019-08-26T06:24:43+00:00\",\"dateModified\":\"2019-11-25T09:45:30+00:00\",\"description\":\"Des solutions pratiques et efficaces pour cr\u00e9er un fond. Pour un salon professionnel, au sein de votre entreprise ou encore pour un showroom\",\"breadcrumb\":{\"@id\":\"https:\/\/www.macapflag.com\/blog\/creer-un-fond\/#breadcrumb\"},\"inLanguage\":\"fr-FR\",\"potentialAction\":[{\"@type\":\"ReadAction\",\"target\":[\"https:\/\/www.macapflag.com\/blog\/creer-un-fond\/\"]}]},{\"@type\":\"ImageObject\",\"inLanguage\":\"fr-FR\",\"@id\":\"https:\/\/www.macapflag.com\/blog\/creer-un-fond\/#primaryimage\",\"url\":\"https:\/\/www.macapflag.com\/blog\/wp-content\/uploads\/2019\/07\/creer-un-fond-stand.gif\",\"contentUrl\":\"https:\/\/www.macapflag.com\/blog\/wp-content\/uploads\/2019\/07\/creer-un-fond-stand.gif\",\"width\":700,\"height\":534,\"caption\":\"3 solutions faciles et efficaces pour am\u00e9nager et d\u00e9corer un fond\"},{\"@type\":\"BreadcrumbList\",\"@id\":\"https:\/\/www.macapflag.com\/blog\/creer-un-fond\/#breadcrumb\",\"itemListElement\":[{\"@type\":\"ListItem\",\"position\":1,\"name\":\"Accueil\",\"item\":\"https:\/\/www.macapflag.com\/blog\/\"},{\"@type\":\"ListItem\",\"position\":2,\"name\":\"3 solutions pour cr\u00e9er un fond\"}]},{\"@type\":\"WebSite\",\"@id\":\"https:\/\/www.macapflag.com\/blog\/#website\",\"url\":\"https:\/\/www.macapflag.com\/blog\/\",\"name\":\"Blog - Macap\",\"description\":\"Tous nos articles\",\"publisher\":{\"@id\":\"https:\/\/www.macapflag.com\/blog\/#organization\"},\"potentialAction\":[{\"@type\":\"SearchAction\",\"target\":{\"@type\":\"EntryPoint\",\"urlTemplate\":\"https:\/\/www.macapflag.com\/blog\/?s={search_term_string}\"},\"query-input\":{\"@type\":\"PropertyValueSpecification\",\"valueRequired\":true,\"valueName\":\"search_term_string\"}}],\"inLanguage\":\"fr-FR\"},{\"@type\":\"Organization\",\"@id\":\"https:\/\/www.macapflag.com\/blog\/#organization\",\"name\":\"macapflag\",\"url\":\"https:\/\/www.macapflag.com\/blog\/\",\"logo\":{\"@type\":\"ImageObject\",\"inLanguage\":\"fr-FR\",\"@id\":\"https:\/\/www.macapflag.com\/blog\/#\/schema\/logo\/image\/\",\"url\":\"https:\/\/www.macapflag.com\/blog\/wp-content\/uploads\/2020\/12\/cropped-M-512-1.png\",\"contentUrl\":\"https:\/\/www.macapflag.com\/blog\/wp-content\/uploads\/2020\/12\/cropped-M-512-1.png\",\"width\":512,\"height\":512,\"caption\":\"macapflag\"},\"image\":{\"@id\":\"https:\/\/www.macapflag.com\/blog\/#\/schema\/logo\/image\/\"},\"sameAs\":[\"https:\/\/www.facebook.com\/macap.pavoisement\/\",\"https:\/\/www.instagram.com\/macapflag\/?hl=fr\",\"https:\/\/www.linkedin.com\/company\/macap\/?originalSubdomain=fr\",\"https:\/\/www.youtube.com\/channel\/UCXNzTIdZh9poEBjSXEqDtNw\"]},{\"@type\":\"Person\",\"@id\":\"https:\/\/www.macapflag.com\/blog\/#\/schema\/person\/3fea701f2603875e651e6b662578fc3c\",\"name\":\"Blog Macap\",\"image\":{\"@type\":\"ImageObject\",\"inLanguage\":\"fr-FR\",\"@id\":\"https:\/\/www.macapflag.com\/blog\/#\/schema\/person\/image\/\",\"url\":\"https:\/\/secure.gravatar.com\/avatar\/c12551f2dc51f0db049633b03e7856985477a70da834cc8967dea4ce54bdd6a2?s=96&d=mm&r=g\",\"contentUrl\":\"https:\/\/secure.gravatar.com\/avatar\/c12551f2dc51f0db049633b03e7856985477a70da834cc8967dea4ce54bdd6a2?s=96&d=mm&r=g\",\"caption\":\"Blog Macap\"},\"url\":\"https:\/\/www.macapflag.com\/blog\/author\/macap\/\"}]}<\/script>\n<!-- \/ Yoast SEO plugin. -->","yoast_head_json":{"title":"3 solutions simples et pratiques pour cr\u00e9er un fond de stand ou de mur","description":"Des solutions pratiques et efficaces pour cr\u00e9er un fond. Pour un salon professionnel, au sein de votre entreprise ou encore pour un showroom","robots":{"index":"index","follow":"follow","max-snippet":"max-snippet:-1","max-image-preview":"max-image-preview:large","max-video-preview":"max-video-preview:-1"},"canonical":"https:\/\/www.macapflag.com\/blog\/creer-un-fond\/","og_locale":"fr_FR","og_type":"article","og_title":"3 solutions simples et pratiques pour cr\u00e9er un fond de stand ou de mur","og_description":"Des solutions pratiques et efficaces pour cr\u00e9er un fond. Pour un salon professionnel, au sein de votre entreprise ou encore pour un showroom","og_url":"https:\/\/www.macapflag.com\/blog\/creer-un-fond\/","og_site_name":"Blog - Macap","article_publisher":"https:\/\/www.facebook.com\/macap.pavoisement\/","article_published_time":"2019-08-26T06:24:43+00:00","article_modified_time":"2019-11-25T09:45:30+00:00","og_image":[{"width":700,"height":534,"url":"https:\/\/www.macapflag.com\/blog\/wp-content\/uploads\/2019\/07\/creer-un-fond-stand.gif","type":"image\/gif"}],"author":"Blog Macap","twitter_card":"summary_large_image","twitter_misc":{"\u00c9crit par":"Blog Macap","Dur\u00e9e de lecture estim\u00e9e":"5 minutes"},"schema":{"@context":"https:\/\/schema.org","@graph":[{"@type":"Article","@id":"https:\/\/www.macapflag.com\/blog\/creer-un-fond\/#article","isPartOf":{"@id":"https:\/\/www.macapflag.com\/blog\/creer-un-fond\/"},"author":{"name":"Blog Macap","@id":"https:\/\/www.macapflag.com\/blog\/#\/schema\/person\/3fea701f2603875e651e6b662578fc3c"},"headline":"3 solutions pour cr\u00e9er un fond","datePublished":"2019-08-26T06:24:43+00:00","dateModified":"2019-11-25T09:45:30+00:00","mainEntityOfPage":{"@id":"https:\/\/www.macapflag.com\/blog\/creer-un-fond\/"},"wordCount":1078,"publisher":{"@id":"https:\/\/www.macapflag.com\/blog\/#organization"},"image":{"@id":"https:\/\/www.macapflag.com\/blog\/creer-un-fond\/#primaryimage"},"thumbnailUrl":"https:\/\/www.macapflag.com\/blog\/wp-content\/uploads\/2019\/07\/creer-un-fond-stand.gif","articleSection":["Produits &amp; Solutions"],"inLanguage":"fr-FR"},{"@type":"WebPage","@id":"https:\/\/www.macapflag.com\/blog\/creer-un-fond\/","url":"https:\/\/www.macapflag.com\/blog\/creer-un-fond\/","name":"3 solutions simples et pratiques pour cr\u00e9er un fond de stand ou de mur","isPartOf":{"@id":"https:\/\/www.macapflag.com\/blog\/#website"},"primaryImageOfPage":{"@id":"https:\/\/www.macapflag.com\/blog\/creer-un-fond\/#primaryimage"},"image":{"@id":"https:\/\/www.macapflag.com\/blog\/creer-un-fond\/#primaryimage"},"thumbnailUrl":"https:\/\/www.macapflag.com\/blog\/wp-content\/uploads\/2019\/07\/creer-un-fond-stand.gif","datePublished":"2019-08-26T06:24:43+00:00","dateModified":"2019-11-25T09:45:30+00:00","description":"Des solutions pratiques et efficaces pour cr\u00e9er un fond. Pour un salon professionnel, au sein de votre entreprise ou encore pour un showroom","breadcrumb":{"@id":"https:\/\/www.macapflag.com\/blog\/creer-un-fond\/#breadcrumb"},"inLanguage":"fr-FR","potentialAction":[{"@type":"ReadAction","target":["https:\/\/www.macapflag.com\/blog\/creer-un-fond\/"]}]},{"@type":"ImageObject","inLanguage":"fr-FR","@id":"https:\/\/www.macapflag.com\/blog\/creer-un-fond\/#primaryimage","url":"https:\/\/www.macapflag.com\/blog\/wp-content\/uploads\/2019\/07\/creer-un-fond-stand.gif","contentUrl":"https:\/\/www.macapflag.com\/blog\/wp-content\/uploads\/2019\/07\/creer-un-fond-stand.gif","width":700,"height":534,"caption":"3 solutions faciles et efficaces pour am\u00e9nager et d\u00e9corer un fond"},{"@type":"BreadcrumbList","@id":"https:\/\/www.macapflag.com\/blog\/creer-un-fond\/#breadcrumb","itemListElement":[{"@type":"ListItem","position":1,"name":"Accueil","item":"https:\/\/www.macapflag.com\/blog\/"},{"@type":"ListItem","position":2,"name":"3 solutions pour cr\u00e9er un fond"}]},{"@type":"WebSite","@id":"https:\/\/www.macapflag.com\/blog\/#website","url":"https:\/\/www.macapflag.com\/blog\/","name":"Blog - Macap","description":"Tous nos articles","publisher":{"@id":"https:\/\/www.macapflag.com\/blog\/#organization"},"potentialAction":[{"@type":"SearchAction","target":{"@type":"EntryPoint","urlTemplate":"https:\/\/www.macapflag.com\/blog\/?s={search_term_string}"},"query-input":{"@type":"PropertyValueSpecification","valueRequired":true,"valueName":"search_term_string"}}],"inLanguage":"fr-FR"},{"@type":"Organization","@id":"https:\/\/www.macapflag.com\/blog\/#organization","name":"macapflag","url":"https:\/\/www.macapflag.com\/blog\/","logo":{"@type":"ImageObject","inLanguage":"fr-FR","@id":"https:\/\/www.macapflag.com\/blog\/#\/schema\/logo\/image\/","url":"https:\/\/www.macapflag.com\/blog\/wp-content\/uploads\/2020\/12\/cropped-M-512-1.png","contentUrl":"https:\/\/www.macapflag.com\/blog\/wp-content\/uploads\/2020\/12\/cropped-M-512-1.png","width":512,"height":512,"caption":"macapflag"},"image":{"@id":"https:\/\/www.macapflag.com\/blog\/#\/schema\/logo\/image\/"},"sameAs":["https:\/\/www.facebook.com\/macap.pavoisement\/","https:\/\/www.instagram.com\/macapflag\/?hl=fr","https:\/\/www.linkedin.com\/company\/macap\/?originalSubdomain=fr","https:\/\/www.youtube.com\/channel\/UCXNzTIdZh9poEBjSXEqDtNw"]},{"@type":"Person","@id":"https:\/\/www.macapflag.com\/blog\/#\/schema\/person\/3fea701f2603875e651e6b662578fc3c","name":"Blog Macap","image":{"@type":"ImageObject","inLanguage":"fr-FR","@id":"https:\/\/www.macapflag.com\/blog\/#\/schema\/person\/image\/","url":"https:\/\/secure.gravatar.com\/avatar\/c12551f2dc51f0db049633b03e7856985477a70da834cc8967dea4ce54bdd6a2?s=96&d=mm&r=g","contentUrl":"https:\/\/secure.gravatar.com\/avatar\/c12551f2dc51f0db049633b03e7856985477a70da834cc8967dea4ce54bdd6a2?s=96&d=mm&r=g","caption":"Blog Macap"},"url":"https:\/\/www.macapflag.com\/blog\/author\/macap\/"}]}},"_links":{"self":[{"href":"https:\/\/www.macapflag.com\/blog\/wp-json\/wp\/v2\/posts\/3990","targetHints":{"allow":["GET"]}}],"collection":[{"href":"https:\/\/www.macapflag.com\/blog\/wp-json\/wp\/v2\/posts"}],"about":[{"href":"https:\/\/www.macapflag.com\/blog\/wp-json\/wp\/v2\/types\/post"}],"author":[{"embeddable":true,"href":"https:\/\/www.macapflag.com\/blog\/wp-json\/wp\/v2\/users\/2"}],"replies":[{"embeddable":true,"href":"https:\/\/www.macapflag.com\/blog\/wp-json\/wp\/v2\/comments?post=3990"}],"version-history":[{"count":18,"href":"https:\/\/www.macapflag.com\/blog\/wp-json\/wp\/v2\/posts\/3990\/revisions"}],"predecessor-version":[{"id":4302,"href":"https:\/\/www.macapflag.com\/blog\/wp-json\/wp\/v2\/posts\/3990\/revisions\/4302"}],"wp:featuredmedia":[{"embeddable":true,"href":"https:\/\/www.macapflag.com\/blog\/wp-json\/wp\/v2\/media\/3992"}],"wp:attachment":[{"href":"https:\/\/www.macapflag.com\/blog\/wp-json\/wp\/v2\/media?parent=3990"}],"wp:term":[{"taxonomy":"category","embeddable":true,"href":"https:\/\/www.macapflag.com\/blog\/wp-json\/wp\/v2\/categories?post=3990"},{"taxonomy":"post_tag","embeddable":true,"href":"https:\/\/www.macapflag.com\/blog\/wp-json\/wp\/v2\/tags?post=3990"}],"curies":[{"name":"wp","href":"https:\/\/api.w.org\/{rel}","templated":true}]}}