{"id":4017,"date":"2019-09-05T14:28:57","date_gmt":"2019-09-05T12:28:57","guid":{"rendered":"https:\/\/www.macapflag.com\/blog\/?p=4017"},"modified":"2019-11-25T10:44:19","modified_gmt":"2019-11-25T09:44:19","slug":"mobilier-personnalisable","status":"publish","type":"post","link":"https:\/\/www.macapflag.com\/blog\/mobilier-personnalisable\/","title":{"rendered":"Si nous parlions mobilier personnalis\u00e9 ?"},"content":{"rendered":"\t\t<div data-elementor-type=\"wp-post\" data-elementor-id=\"4017\" class=\"elementor elementor-4017 elementor-bc-flex-widget\">\n\t\t\t\t\t\t<section class=\"elementor-section elementor-top-section elementor-element elementor-element-94f8b80 elementor-section-boxed elementor-section-height-default elementor-section-height-default\" data-id=\"94f8b80\" data-element_type=\"section\">\n\t\t\t\t\t\t<div class=\"elementor-container elementor-column-gap-default\">\n\t\t\t\t\t<div class=\"elementor-column elementor-col-100 elementor-top-column elementor-element elementor-element-d481ddb\" data-id=\"d481ddb\" data-element_type=\"column\">\n\t\t\t<div class=\"elementor-widget-wrap elementor-element-populated\">\n\t\t\t\t\t\t<div class=\"elementor-element elementor-element-2a4e40d elementor-widget elementor-widget-text-editor\" data-id=\"2a4e40d\" data-element_type=\"widget\" data-widget_type=\"text-editor.default\">\n\t\t\t\t<div class=\"elementor-widget-container\">\n\t\t\t\t\t\t\t\t\t<p style=\"text-align: justify;\"><em><span style=\"font-size: 14pt; color: #000000;\">On vous pr\u00e9vient tout de suite, chez Macap on adore \u00e7a ! <\/span><\/em>\n<em><span style=\"font-size: 14pt; color: #000000;\">Fabriquer pour vous une chilienne ou un pouf cube on aime et on croit en l\u2019efficacit\u00e9 de ces supports de communication alliant design et pratique.Quand nous parlons de mobilier personnalis\u00e9, nous entendons par ce terme tous les si\u00e8ges et objets d\u2019assise que vous personnalisez aux couleurs de votre logo ou de vos visuels.<\/span><\/em><\/p>\t\t\t\t\t\t\t\t<\/div>\n\t\t\t\t<\/div>\n\t\t\t\t\t<\/div>\n\t\t<\/div>\n\t\t\t\t\t<\/div>\n\t\t<\/section>\n\t\t\t\t<section class=\"elementor-section elementor-top-section elementor-element elementor-element-3d90db0 elementor-section-boxed elementor-section-height-default elementor-section-height-default\" data-id=\"3d90db0\" data-element_type=\"section\">\n\t\t\t\t\t\t<div class=\"elementor-container elementor-column-gap-default\">\n\t\t\t\t\t<div class=\"elementor-column elementor-col-100 elementor-top-column elementor-element elementor-element-dd73ab9\" data-id=\"dd73ab9\" data-element_type=\"column\">\n\t\t\t<div class=\"elementor-widget-wrap elementor-element-populated\">\n\t\t\t\t\t\t<div class=\"elementor-element elementor-element-27f1598 elementor-widget elementor-widget-text-editor\" data-id=\"27f1598\" data-element_type=\"widget\" data-widget_type=\"text-editor.default\">\n\t\t\t\t<div class=\"elementor-widget-container\">\n\t\t\t\t\t\t\t\t\t<h2 style=\"text-align: left;\"><span style=\"font-size: 40px;\"><b>La gamme du mobilier personnalisable<\/b><\/span><\/h2>\t\t\t\t\t\t\t\t<\/div>\n\t\t\t\t<\/div>\n\t\t\t\t\t<\/div>\n\t\t<\/div>\n\t\t\t\t\t<\/div>\n\t\t<\/section>\n\t\t\t\t<section class=\"elementor-section elementor-top-section elementor-element elementor-element-802071b elementor-section-boxed elementor-section-height-default elementor-section-height-default\" data-id=\"802071b\" data-element_type=\"section\">\n\t\t\t\t\t\t<div class=\"elementor-container elementor-column-gap-default\">\n\t\t\t\t\t<div class=\"elementor-column elementor-col-100 elementor-top-column elementor-element elementor-element-086ff32\" data-id=\"086ff32\" data-element_type=\"column\">\n\t\t\t<div class=\"elementor-widget-wrap elementor-element-populated\">\n\t\t\t\t\t\t<div class=\"elementor-element elementor-element-690d75c elementor-widget elementor-widget-text-editor\" data-id=\"690d75c\" data-element_type=\"widget\" data-widget_type=\"text-editor.default\">\n\t\t\t\t<div class=\"elementor-widget-container\">\n\t\t\t\t\t\t\t\t\t<h3><span style=\"font-size: 16pt;\"><b>. La chilienne ou transat publicitaire<\/b><\/span><\/h3>\t\t\t\t\t\t\t\t<\/div>\n\t\t\t\t<\/div>\n\t\t\t\t\t<\/div>\n\t\t<\/div>\n\t\t\t\t\t<\/div>\n\t\t<\/section>\n\t\t\t\t<section class=\"elementor-section elementor-top-section elementor-element elementor-element-25cff44 elementor-section-boxed elementor-section-height-default elementor-section-height-default\" data-id=\"25cff44\" data-element_type=\"section\">\n\t\t\t\t\t\t<div class=\"elementor-container elementor-column-gap-default\">\n\t\t\t\t\t<div class=\"elementor-column elementor-col-50 elementor-top-column elementor-element elementor-element-9353c7e\" data-id=\"9353c7e\" data-element_type=\"column\">\n\t\t\t<div class=\"elementor-widget-wrap elementor-element-populated\">\n\t\t\t\t\t\t<div class=\"elementor-element elementor-element-e925c93 elementor-widget elementor-widget-image\" data-id=\"e925c93\" data-element_type=\"widget\" data-widget_type=\"image.default\">\n\t\t\t\t<div class=\"elementor-widget-container\">\n\t\t\t\t\t\t\t\t\t\t\t\t\t\t\t<img fetchpriority=\"high\" decoding=\"async\" width=\"700\" height=\"534\" src=\"https:\/\/www.macapflag.com\/blog\/wp-content\/uploads\/2019\/09\/chilienne-personnalisee-transat-publicitaire.gif\" class=\"attachment-large size-large wp-image-4020\" alt=\"La chilienne aussi appel\u00e9e transat chilienne est le support publicitaire !\" \/>\t\t\t\t\t\t\t\t\t\t\t\t\t\t\t<\/div>\n\t\t\t\t<\/div>\n\t\t\t\t\t<\/div>\n\t\t<\/div>\n\t\t\t\t<div class=\"elementor-column elementor-col-50 elementor-top-column elementor-element elementor-element-949545d\" data-id=\"949545d\" data-element_type=\"column\">\n\t\t\t<div class=\"elementor-widget-wrap elementor-element-populated\">\n\t\t\t\t\t\t<div class=\"elementor-element elementor-element-21ae66c elementor-widget elementor-widget-text-editor\" data-id=\"21ae66c\" data-element_type=\"widget\" data-widget_type=\"text-editor.default\">\n\t\t\t\t<div class=\"elementor-widget-container\">\n\t\t\t\t\t\t\t\t\t<p style=\"text-align: justify;\"><span style=\"font-size: 14pt; color: #000000;\">Elle fait \u00e9cho \u00e0 la d\u00e9tente, aux vacances et au mobilier de jardin.\u00a0Une toile amovible en tissu polyester s\u2019installe sur une structure en bois, r\u00e9glable sur plusieurs positions d\u2019inclinaison. L\u00e0 aussi, c\u2019est par un proc\u00e9d\u00e9 d\u2019impression num\u00e9rique que votre texte, vos photos ou votre logo vont venir brander votre <a href=\"https:\/\/www.macapflag.com\/chaise-publicitaire-cube-pouf\/103-chaise-chilienne.html\" target=\"_blank\" rel=\"noopener\"><span style=\"color: #3366ff;\"><strong>transat personnalis\u00e9<\/strong><\/span><\/a>. Pliable, l\u00e9ger, pratique et qualitatif, cet objet initialement con\u00e7u pour des ext\u00e9rieurs a su s\u00e9duire les entreprises.<\/span><\/p>\t\t\t\t\t\t\t\t<\/div>\n\t\t\t\t<\/div>\n\t\t\t\t\t<\/div>\n\t\t<\/div>\n\t\t\t\t\t<\/div>\n\t\t<\/section>\n\t\t\t\t<section class=\"elementor-section elementor-top-section elementor-element elementor-element-31764bd elementor-section-boxed elementor-section-height-default elementor-section-height-default\" data-id=\"31764bd\" data-element_type=\"section\">\n\t\t\t\t\t\t<div class=\"elementor-container elementor-column-gap-default\">\n\t\t\t\t\t<div class=\"elementor-column elementor-col-100 elementor-top-column elementor-element elementor-element-b2a19cb\" data-id=\"b2a19cb\" data-element_type=\"column\">\n\t\t\t<div class=\"elementor-widget-wrap elementor-element-populated\">\n\t\t\t\t\t\t<div class=\"elementor-element elementor-element-f805fba elementor-widget elementor-widget-text-editor\" data-id=\"f805fba\" data-element_type=\"widget\" data-widget_type=\"text-editor.default\">\n\t\t\t\t<div class=\"elementor-widget-container\">\n\t\t\t\t\t\t\t\t\t<h3><span style=\"font-size: 16pt;\"><b>. Le pouf cube personnalis\u00e9<\/b><\/span><\/h3>\t\t\t\t\t\t\t\t<\/div>\n\t\t\t\t<\/div>\n\t\t\t\t\t<\/div>\n\t\t<\/div>\n\t\t\t\t\t<\/div>\n\t\t<\/section>\n\t\t\t\t<section class=\"elementor-section elementor-top-section elementor-element elementor-element-e88bb34 elementor-section-boxed elementor-section-height-default elementor-section-height-default\" data-id=\"e88bb34\" data-element_type=\"section\">\n\t\t\t\t\t\t<div class=\"elementor-container elementor-column-gap-default\">\n\t\t\t\t\t<div class=\"elementor-column elementor-col-50 elementor-top-column elementor-element elementor-element-8a4dc58\" data-id=\"8a4dc58\" data-element_type=\"column\">\n\t\t\t<div class=\"elementor-widget-wrap elementor-element-populated\">\n\t\t\t\t\t\t<div class=\"elementor-element elementor-element-a490c11 elementor-widget elementor-widget-image\" data-id=\"a490c11\" data-element_type=\"widget\" data-widget_type=\"image.default\">\n\t\t\t\t<div class=\"elementor-widget-container\">\n\t\t\t\t\t\t\t\t\t\t\t\t\t\t\t<img decoding=\"async\" width=\"700\" height=\"534\" src=\"https:\/\/www.macapflag.com\/blog\/wp-content\/uploads\/2019\/09\/cube-pouf-personnlisable.gif\" class=\"attachment-large size-large wp-image-4021\" alt=\"Le pouf cube personnalis\u00e9, un cube en mousse habill\u00e9 \u00e0 vos couleurs\" \/>\t\t\t\t\t\t\t\t\t\t\t\t\t\t\t<\/div>\n\t\t\t\t<\/div>\n\t\t\t\t\t<\/div>\n\t\t<\/div>\n\t\t\t\t<div class=\"elementor-column elementor-col-50 elementor-top-column elementor-element elementor-element-c61d68d\" data-id=\"c61d68d\" data-element_type=\"column\">\n\t\t\t<div class=\"elementor-widget-wrap elementor-element-populated\">\n\t\t\t\t\t\t<div class=\"elementor-element elementor-element-da9c684 elementor-widget elementor-widget-text-editor\" data-id=\"da9c684\" data-element_type=\"widget\" data-widget_type=\"text-editor.default\">\n\t\t\t\t<div class=\"elementor-widget-container\">\n\t\t\t\t\t\t\t\t\t<p style=\"text-align: justify;\"><span style=\"font-size: 14pt; color: #000000;\"><span style=\"font-weight: 400;\">Ce <\/span><a href=\"https:\/\/www.macapflag.com\/91-chaise-publicitaire-cube-pouf\" target=\"_blank\" rel=\"noopener\"><span style=\"color: #3366ff;\"><b>pouf personnalis\u00e9<\/b><\/span><\/a><span style=\"font-weight: 400;\"> peut aussi bien \u00eatre class\u00e9 dans la rubrique des <\/span><span style=\"font-weight: 400;\">objets<\/span><span style=\"font-weight: 400;\"> de <\/span><span style=\"font-weight: 400;\">d\u00e9coration <\/span><span style=\"font-weight: 400;\">que dans celle du mobilier <\/span><span style=\"font-weight: 400;\">personnalisable<\/span><span style=\"font-weight: 400;\">.<\/span><\/span><\/p><p style=\"text-align: justify;\"><span style=\"font-size: 14pt; color: #000000;\"><span style=\"font-weight: 400;\">Un <\/span><span style=\"font-weight: 400;\">cube<\/span><span style=\"font-weight: 400;\"> en mousse aux <\/span><span style=\"font-weight: 400;\">dimensions<\/span><span style=\"font-weight: 400;\"> de 40 cm x 40 cm est recouvert d\u2019une <\/span><span style=\"font-weight: 400;\">housse<\/span><span style=\"font-weight: 400;\"> en <\/span><span style=\"font-weight: 400;\">tissu<\/span> <span style=\"font-weight: 400;\">polyester<\/span><span style=\"font-weight: 400;\"> zipp\u00e9e confectionn\u00e9e pour \u00e9pouser parfaitement la forme du cube sans aucun faux pli. Vous nous adressez vos <\/span><span style=\"font-weight: 400;\">fichiers <\/span><span style=\"font-weight: 400;\">et nous effectuons la <\/span><span style=\"font-weight: 400;\">personnalisation<\/span><span style=\"font-weight: 400;\"> du textile par<\/span><span style=\"font-weight: 400;\"> impression num\u00e9rique<\/span><span style=\"font-weight: 400;\">.<\/span><span style=\"font-weight: 400;\"><br \/><\/span><span style=\"font-weight: 400;\">Ainsi, pour chacune de vos commandes, votre <\/span><span style=\"font-weight: 400;\">cube personnalis\u00e9<\/span><span style=\"font-weight: 400;\"> est <\/span><span style=\"font-weight: 400;\">fabriqu\u00e9<\/span><span style=\"font-weight: 400;\"> et confectionn\u00e9 en France dans nos ateliers.<\/span><\/span><\/p>\t\t\t\t\t\t\t\t<\/div>\n\t\t\t\t<\/div>\n\t\t\t\t\t<\/div>\n\t\t<\/div>\n\t\t\t\t\t<\/div>\n\t\t<\/section>\n\t\t\t\t<section class=\"elementor-section elementor-top-section elementor-element elementor-element-31cea20 elementor-section-boxed elementor-section-height-default elementor-section-height-default\" data-id=\"31cea20\" data-element_type=\"section\">\n\t\t\t\t\t\t<div class=\"elementor-container elementor-column-gap-default\">\n\t\t\t\t\t<div class=\"elementor-column elementor-col-100 elementor-top-column elementor-element elementor-element-948eaa5\" data-id=\"948eaa5\" data-element_type=\"column\">\n\t\t\t<div class=\"elementor-widget-wrap elementor-element-populated\">\n\t\t\t\t\t\t<div class=\"elementor-element elementor-element-29484f1 elementor-widget elementor-widget-text-editor\" data-id=\"29484f1\" data-element_type=\"widget\" data-widget_type=\"text-editor.default\">\n\t\t\t\t<div class=\"elementor-widget-container\">\n\t\t\t\t\t\t\t\t\t<h3><span style=\"font-size: 16pt;\"><b>. Le pouf banc personnalis\u00e9<\/b><\/span><\/h3>\t\t\t\t\t\t\t\t<\/div>\n\t\t\t\t<\/div>\n\t\t\t\t\t<\/div>\n\t\t<\/div>\n\t\t\t\t\t<\/div>\n\t\t<\/section>\n\t\t\t\t<section class=\"elementor-section elementor-top-section elementor-element elementor-element-ba87630 elementor-section-boxed elementor-section-height-default elementor-section-height-default\" data-id=\"ba87630\" data-element_type=\"section\">\n\t\t\t\t\t\t<div class=\"elementor-container elementor-column-gap-default\">\n\t\t\t\t\t<div class=\"elementor-column elementor-col-100 elementor-top-column elementor-element elementor-element-675c999\" data-id=\"675c999\" data-element_type=\"column\">\n\t\t\t<div class=\"elementor-widget-wrap elementor-element-populated\">\n\t\t\t\t\t\t<div class=\"elementor-element elementor-element-4ae0452 elementor-widget elementor-widget-text-editor\" data-id=\"4ae0452\" data-element_type=\"widget\" data-widget_type=\"text-editor.default\">\n\t\t\t\t<div class=\"elementor-widget-container\">\n\t\t\t\t\t\t\t\t\t<p style=\"text-align: justify;\"><span style=\"font-size: 14pt; color: #000000;\">Il s\u2019agit du m\u00eame produit que le cube mais son format est rectangulaire 40x40x80 cm.<\/span><\/p>\t\t\t\t\t\t\t\t<\/div>\n\t\t\t\t<\/div>\n\t\t\t\t\t<\/div>\n\t\t<\/div>\n\t\t\t\t\t<\/div>\n\t\t<\/section>\n\t\t\t\t<section class=\"elementor-section elementor-top-section elementor-element elementor-element-2d44c20 elementor-section-boxed elementor-section-height-default elementor-section-height-default\" data-id=\"2d44c20\" data-element_type=\"section\">\n\t\t\t\t\t\t<div class=\"elementor-container elementor-column-gap-default\">\n\t\t\t\t\t<div class=\"elementor-column elementor-col-100 elementor-top-column elementor-element elementor-element-c966301\" data-id=\"c966301\" data-element_type=\"column\">\n\t\t\t<div class=\"elementor-widget-wrap elementor-element-populated\">\n\t\t\t\t\t\t<div class=\"elementor-element elementor-element-97de9ae elementor-widget elementor-widget-text-editor\" data-id=\"97de9ae\" data-element_type=\"widget\" data-widget_type=\"text-editor.default\">\n\t\t\t\t<div class=\"elementor-widget-container\">\n\t\t\t\t\t\t\t\t\t<h2 style=\"text-align: left;\"><span style=\"font-size: 30pt;\"><b>Une fabrication sur demande<\/b><\/span><\/h2>\t\t\t\t\t\t\t\t<\/div>\n\t\t\t\t<\/div>\n\t\t\t\t\t<\/div>\n\t\t<\/div>\n\t\t\t\t\t<\/div>\n\t\t<\/section>\n\t\t\t\t<section class=\"elementor-section elementor-top-section elementor-element elementor-element-25ed444 elementor-section-boxed elementor-section-height-default elementor-section-height-default\" data-id=\"25ed444\" data-element_type=\"section\">\n\t\t\t\t\t\t<div class=\"elementor-container elementor-column-gap-default\">\n\t\t\t\t\t<div class=\"elementor-column elementor-col-100 elementor-top-column elementor-element elementor-element-92987a5\" data-id=\"92987a5\" data-element_type=\"column\">\n\t\t\t<div class=\"elementor-widget-wrap elementor-element-populated\">\n\t\t\t\t\t\t<div class=\"elementor-element elementor-element-a0307c2 elementor-widget elementor-widget-text-editor\" data-id=\"a0307c2\" data-element_type=\"widget\" data-widget_type=\"text-editor.default\">\n\t\t\t\t<div class=\"elementor-widget-container\">\n\t\t\t\t\t\t\t\t\t<p style=\"text-align: justify;\"><span style=\"font-size: 14pt; color: #000000;\">Toutes nos r\u00e9alisations de meubles personnalisables sont effectu\u00e9es sur commande dans nos ateliers situ\u00e9s \u00e0 Cuers dans le Var.<\/span><br \/><span style=\"font-size: 14pt; color: #000000;\">Quel que soit le ou les mod\u00e8les que vous choisirez de commander, aucune quantit\u00e9 minimum n\u2019est exig\u00e9e et nous pouvons \u00e9galement produire de grandes s\u00e9ries.<\/span><br \/><span style=\"font-size: 14pt; color: #000000;\">Chaque objet personnalis\u00e9 est propos\u00e9 en mati\u00e8re textile polyester avec options B1. La norme B1 ou M1 est une norme anti-feu. Les organisateurs de salons et autres manifestations peuvent exiger un certificat attestant que les composantes de votre stand r\u00e9pondent aux exigences de la norme. Les textiles de ces objets sont lavables en machine \u00e0 30\u00b0.<\/span><\/p>\t\t\t\t\t\t\t\t<\/div>\n\t\t\t\t<\/div>\n\t\t\t\t\t<\/div>\n\t\t<\/div>\n\t\t\t\t\t<\/div>\n\t\t<\/section>\n\t\t\t\t<section class=\"elementor-section elementor-top-section elementor-element elementor-element-1d52e79 elementor-section-boxed elementor-section-height-default elementor-section-height-default\" data-id=\"1d52e79\" data-element_type=\"section\">\n\t\t\t\t\t\t<div class=\"elementor-container elementor-column-gap-default\">\n\t\t\t\t\t<div class=\"elementor-column elementor-col-100 elementor-top-column elementor-element elementor-element-c25a00d\" data-id=\"c25a00d\" data-element_type=\"column\">\n\t\t\t<div class=\"elementor-widget-wrap elementor-element-populated\">\n\t\t\t\t\t\t<div class=\"elementor-element elementor-element-9dd3148 elementor-widget elementor-widget-text-editor\" data-id=\"9dd3148\" data-element_type=\"widget\" data-widget_type=\"text-editor.default\">\n\t\t\t\t<div class=\"elementor-widget-container\">\n\t\t\t\t\t\t\t\t\t<h2 style=\"text-align: left;\"><span style=\"font-size: 30pt;\"><b>Des opportunit\u00e9s d&#8217;am\u00e9nagement \u00e0 la carte<\/b><\/span><\/h2>\t\t\t\t\t\t\t\t<\/div>\n\t\t\t\t<\/div>\n\t\t\t\t\t<\/div>\n\t\t<\/div>\n\t\t\t\t\t<\/div>\n\t\t<\/section>\n\t\t\t\t<section class=\"elementor-section elementor-top-section elementor-element elementor-element-4f2d741 elementor-section-boxed elementor-section-height-default elementor-section-height-default\" data-id=\"4f2d741\" data-element_type=\"section\">\n\t\t\t\t\t\t<div class=\"elementor-container elementor-column-gap-default\">\n\t\t\t\t\t<div class=\"elementor-column elementor-col-100 elementor-top-column elementor-element elementor-element-dd5fe0b\" data-id=\"dd5fe0b\" data-element_type=\"column\">\n\t\t\t<div class=\"elementor-widget-wrap elementor-element-populated\">\n\t\t\t\t\t\t<div class=\"elementor-element elementor-element-5c9fe7d elementor-widget elementor-widget-image\" data-id=\"5c9fe7d\" data-element_type=\"widget\" data-widget_type=\"image.default\">\n\t\t\t\t<div class=\"elementor-widget-container\">\n\t\t\t\t\t\t\t\t\t\t\t\t\t\t\t<img decoding=\"async\" width=\"700\" height=\"534\" src=\"https:\/\/www.macapflag.com\/blog\/wp-content\/uploads\/2019\/09\/amenager-mobilier-personnalise.gif\" class=\"attachment-large size-large wp-image-4018\" alt=\"Toutes nos solutions de mobilier personnalisable \u00e0 vos couleurs\" \/>\t\t\t\t\t\t\t\t\t\t\t\t\t\t\t<\/div>\n\t\t\t\t<\/div>\n\t\t\t\t\t<\/div>\n\t\t<\/div>\n\t\t\t\t\t<\/div>\n\t\t<\/section>\n\t\t\t\t<section class=\"elementor-section elementor-top-section elementor-element elementor-element-46193a3 elementor-section-boxed elementor-section-height-default elementor-section-height-default\" data-id=\"46193a3\" data-element_type=\"section\">\n\t\t\t\t\t\t<div class=\"elementor-container elementor-column-gap-default\">\n\t\t\t\t\t<div class=\"elementor-column elementor-col-100 elementor-top-column elementor-element elementor-element-1152a30\" data-id=\"1152a30\" data-element_type=\"column\">\n\t\t\t<div class=\"elementor-widget-wrap elementor-element-populated\">\n\t\t\t\t\t\t<div class=\"elementor-element elementor-element-a25e89e elementor-widget elementor-widget-text-editor\" data-id=\"a25e89e\" data-element_type=\"widget\" data-widget_type=\"text-editor.default\">\n\t\t\t\t<div class=\"elementor-widget-container\">\n\t\t\t\t\t\t\t\t\t<p style=\"text-align: justify;\"><span style=\"font-weight: 400; font-size: 14pt; color: #000000;\">La chilienne ou les cubes personnalis\u00e9s sont autant d\u2019objets qui servent \u00e0 cr\u00e9er un univers agr\u00e9able et chaleureux en totale coh\u00e9rence avec l\u2019image de votre entreprise ou de votre marque.<br \/><span style=\"font-weight: 400;\">Tous ces \u00e9l\u00e9ments peuvent aussi bien \u00eatre utilis\u00e9s seuls que mix\u00e9s entre eux. Vous pouvez par exemple opter pour la mise en place de seulement deux <\/span><span style=\"font-weight: 400;\">chiliennes publicitaires<\/span><span style=\"font-weight: 400;\"> ou \u00e9largir votre agencement en y ajoutant un <\/span><span style=\"font-weight: 400;\">cube<\/span><span style=\"font-weight: 400;\"> ou un banc personnalis\u00e9s de la m\u00eame mani\u00e8re.<br \/><\/span><\/span><span style=\"font-size: 14pt; color: #000000;\"><span style=\"font-weight: 400;\">Pour aller encore plus loin dans la cr\u00e9ation d\u2019une atmosph\u00e8re particuli\u00e8re, <\/span><span style=\"font-weight: 400;\">personnalisez<\/span><span style=\"font-weight: 400;\"> \u00e9galement les <\/span><a href=\"https:\/\/www.macapflag.com\/76-nappe-personnalisee\" target=\"_blank\" rel=\"noopener\"><span style=\"color: #3366ff;\"><b>nappes<\/b><\/span><\/a><span style=\"font-weight: 400;\"> de vos tables et cr\u00e9ez un fond assorti \u00e0 l\u2019aide d\u2019un mur d\u2019images ou encore d\u2019un stand parapluie. <\/span><span style=\"font-weight: 400;\"><br \/><\/span><\/span><span style=\"font-weight: 400; font-size: 14pt; color: #000000;\">La large gamme des produits personnalis\u00e9s Macap vous donne acc\u00e8s une multitude de possibilit\u00e9s pour cr\u00e9er un environnement totalement \u201cpersonnel\u201d, totalement brand\u00e9 \u00e0 votre image pour permettre \u00e0 vos visiteurs de plonger dans l\u2019univers de votre marque.<\/span><\/p><p style=\"text-align: justify;\"><span style=\"font-size: 14pt; color: #000000;\"><span style=\"font-weight: 400;\">Le <\/span><span style=\"font-weight: 400;\">mobilier personnalis\u00e9<\/span><span style=\"font-weight: 400;\"> est un atout de communication corporate redoutablement efficace. Tr\u00e8s utile sur des salons ou lors de manifestations ext\u00e9rieures, il sait aussi mettre en valeur les locaux de votre entreprise : am\u00e9nagement et <\/span><span style=\"font-weight: 400;\">d\u00e9coration<\/span><span style=\"font-weight: 400;\"> de votre hall d\u2019accueil, salle de r\u00e9union ou encore de votre <\/span><span style=\"font-weight: 400;\">bureau.<\/span><\/span><\/p><p style=\"text-align: justify;\"><span style=\"font-weight: 400; font-size: 14pt; color: #000000;\">Et s\u2019il fallait encore vous citer un point positif pour ces supports, on pourrait alors vous dire que tous leurs visuels sont interchangeables. En un clin d\u2019oeil ou presque, vous changez d\u2019univers. Magique ? Non, mais presque !&#8230;<\/span><\/p>\t\t\t\t\t\t\t\t<\/div>\n\t\t\t\t<\/div>\n\t\t\t\t\t<\/div>\n\t\t<\/div>\n\t\t\t\t\t<\/div>\n\t\t<\/section>\n\t\t\t\t<section class=\"elementor-section elementor-top-section elementor-element elementor-element-d2055e0 elementor-section-boxed elementor-section-height-default elementor-section-height-default\" data-id=\"d2055e0\" data-element_type=\"section\">\n\t\t\t\t\t\t<div class=\"elementor-container elementor-column-gap-default\">\n\t\t\t\t\t<div class=\"elementor-column elementor-col-100 elementor-top-column elementor-element elementor-element-ed2df4a\" data-id=\"ed2df4a\" data-element_type=\"column\">\n\t\t\t<div class=\"elementor-widget-wrap elementor-element-populated\">\n\t\t\t\t\t\t<div class=\"elementor-element elementor-element-b8c79d0 elementor-widget elementor-widget-text-editor\" data-id=\"b8c79d0\" data-element_type=\"widget\" data-widget_type=\"text-editor.default\">\n\t\t\t\t<div class=\"elementor-widget-container\">\n\t\t\t\t\t\t\t\t\t<p><img loading=\"lazy\" decoding=\"async\" class=\"size-full wp-image-2886 aligncenter\" src=\"https:\/\/www.macapflag.com\/blog\/wp-content\/uploads\/2018\/10\/picto-produitssolutions235x135.gif\" alt=\"Produits et solutions propos\u00e9s par Macap : drapeaux, banderoles ou Beachflags\" width=\"235\" height=\"135\" \/><\/p><p style=\"text-align: center;\"><span style=\"font-size: 14pt;\"><span style=\"color: #000000;\"><strong><span style=\"font-family: 'Futura Bk BT';\">Macap<\/span><\/strong><\/span> <span style=\"color: #808080;\"><strong><span style=\"font-family: 'Futura Bk BT';\">&#8211; Jeudi 5 Septembre 2019<\/span><\/strong><\/span><\/span><\/p><p style=\"text-align: center;\">\u00a0<\/p>\t\t\t\t\t\t\t\t<\/div>\n\t\t\t\t<\/div>\n\t\t\t\t\t<\/div>\n\t\t<\/div>\n\t\t\t\t\t<\/div>\n\t\t<\/section>\n\t\t\t\t<\/div>\n\t\t","protected":false},"excerpt":{"rendered":"<div class=\"tmnf_excerpt\"><p>On vous pr\u00e9vient tout de suite, chez Macap on adore \u00e7a ! Fabriquer pour vous une chilienne ou un pouf cube on aime et on croit en l\u2019efficacit\u00e9 de ces supports de communication alliant design et pratique.Quand nous parlons de mobilier personnalis\u00e9, nous entendons par ce terme tous les si\u00e8ges et objets d\u2019assise que vous &hellip;<\/p>\n<\/div>","protected":false},"author":2,"featured_media":4039,"comment_status":"closed","ping_status":"open","sticky":false,"template":"template-fullwidth.php","format":"standard","meta":{"footnotes":""},"categories":[90],"tags":[],"class_list":["post-4017","post","type-post","status-publish","format-standard","has-post-thumbnail","hentry","category-produits-et-sols"],"yoast_head":"<!-- This site is optimized with the Yoast SEO plugin v26.4 - https:\/\/yoast.com\/wordpress\/plugins\/seo\/ -->\n<title>Et si nous parlions mobilier personnalis\u00e9 ? Chilienne transat ou pouf cube<\/title>\n<meta name=\"description\" content=\"Toutes les solutions de mobilier personnalisable ou publicitaire : chilienne, pouf cube, banc. Quand la communication s&#039;installe jusque dans la d\u00e9co\" \/>\n<meta name=\"robots\" content=\"index, follow, max-snippet:-1, max-image-preview:large, max-video-preview:-1\" \/>\n<link rel=\"canonical\" href=\"https:\/\/www.macapflag.com\/blog\/mobilier-personnalisable\/\" \/>\n<meta property=\"og:locale\" content=\"fr_FR\" \/>\n<meta property=\"og:type\" content=\"article\" \/>\n<meta property=\"og:title\" content=\"Et si nous parlions mobilier personnalis\u00e9 ? Chilienne transat ou pouf cube\" \/>\n<meta property=\"og:description\" content=\"Toutes les solutions de mobilier personnalisable ou publicitaire : chilienne, pouf cube, banc. Quand la communication s&#039;installe jusque dans la d\u00e9co\" \/>\n<meta property=\"og:url\" content=\"https:\/\/www.macapflag.com\/blog\/mobilier-personnalisable\/\" \/>\n<meta property=\"og:site_name\" content=\"Blog - Macap\" \/>\n<meta property=\"article:publisher\" content=\"https:\/\/www.facebook.com\/macap.pavoisement\/\" \/>\n<meta property=\"article:published_time\" content=\"2019-09-05T12:28:57+00:00\" \/>\n<meta property=\"article:modified_time\" content=\"2019-11-25T09:44:19+00:00\" \/>\n<meta property=\"og:image\" content=\"https:\/\/www.macapflag.com\/blog\/wp-content\/uploads\/2019\/09\/mobilier-personnalise.gif\" \/>\n\t<meta property=\"og:image:width\" content=\"700\" \/>\n\t<meta property=\"og:image:height\" content=\"534\" \/>\n\t<meta property=\"og:image:type\" content=\"image\/gif\" \/>\n<meta name=\"author\" content=\"Blog Macap\" \/>\n<meta name=\"twitter:card\" content=\"summary_large_image\" \/>\n<meta name=\"twitter:label1\" content=\"\u00c9crit par\" \/>\n\t<meta name=\"twitter:data1\" content=\"Blog Macap\" \/>\n\t<meta name=\"twitter:label2\" content=\"Dur\u00e9e de lecture estim\u00e9e\" \/>\n\t<meta name=\"twitter:data2\" content=\"3 minutes\" \/>\n<script type=\"application\/ld+json\" class=\"yoast-schema-graph\">{\"@context\":\"https:\/\/schema.org\",\"@graph\":[{\"@type\":\"Article\",\"@id\":\"https:\/\/www.macapflag.com\/blog\/mobilier-personnalisable\/#article\",\"isPartOf\":{\"@id\":\"https:\/\/www.macapflag.com\/blog\/mobilier-personnalisable\/\"},\"author\":{\"name\":\"Blog Macap\",\"@id\":\"https:\/\/www.macapflag.com\/blog\/#\/schema\/person\/3fea701f2603875e651e6b662578fc3c\"},\"headline\":\"Si nous parlions mobilier personnalis\u00e9 ?\",\"datePublished\":\"2019-09-05T12:28:57+00:00\",\"dateModified\":\"2019-11-25T09:44:19+00:00\",\"mainEntityOfPage\":{\"@id\":\"https:\/\/www.macapflag.com\/blog\/mobilier-personnalisable\/\"},\"wordCount\":659,\"publisher\":{\"@id\":\"https:\/\/www.macapflag.com\/blog\/#organization\"},\"image\":{\"@id\":\"https:\/\/www.macapflag.com\/blog\/mobilier-personnalisable\/#primaryimage\"},\"thumbnailUrl\":\"https:\/\/www.macapflag.com\/blog\/wp-content\/uploads\/2019\/09\/mobilier-personnalise.gif\",\"articleSection\":[\"Produits &amp; Solutions\"],\"inLanguage\":\"fr-FR\"},{\"@type\":\"WebPage\",\"@id\":\"https:\/\/www.macapflag.com\/blog\/mobilier-personnalisable\/\",\"url\":\"https:\/\/www.macapflag.com\/blog\/mobilier-personnalisable\/\",\"name\":\"Et si nous parlions mobilier personnalis\u00e9 ? Chilienne transat ou pouf cube\",\"isPartOf\":{\"@id\":\"https:\/\/www.macapflag.com\/blog\/#website\"},\"primaryImageOfPage\":{\"@id\":\"https:\/\/www.macapflag.com\/blog\/mobilier-personnalisable\/#primaryimage\"},\"image\":{\"@id\":\"https:\/\/www.macapflag.com\/blog\/mobilier-personnalisable\/#primaryimage\"},\"thumbnailUrl\":\"https:\/\/www.macapflag.com\/blog\/wp-content\/uploads\/2019\/09\/mobilier-personnalise.gif\",\"datePublished\":\"2019-09-05T12:28:57+00:00\",\"dateModified\":\"2019-11-25T09:44:19+00:00\",\"description\":\"Toutes les solutions de mobilier personnalisable ou publicitaire : chilienne, pouf cube, banc. Quand la communication s'installe jusque dans la d\u00e9co\",\"breadcrumb\":{\"@id\":\"https:\/\/www.macapflag.com\/blog\/mobilier-personnalisable\/#breadcrumb\"},\"inLanguage\":\"fr-FR\",\"potentialAction\":[{\"@type\":\"ReadAction\",\"target\":[\"https:\/\/www.macapflag.com\/blog\/mobilier-personnalisable\/\"]}]},{\"@type\":\"ImageObject\",\"inLanguage\":\"fr-FR\",\"@id\":\"https:\/\/www.macapflag.com\/blog\/mobilier-personnalisable\/#primaryimage\",\"url\":\"https:\/\/www.macapflag.com\/blog\/wp-content\/uploads\/2019\/09\/mobilier-personnalise.gif\",\"contentUrl\":\"https:\/\/www.macapflag.com\/blog\/wp-content\/uploads\/2019\/09\/mobilier-personnalise.gif\",\"width\":700,\"height\":534,\"caption\":\"mobilier personnalisable : chilienne, pouf cube, nos solutions d'am\u00e9nagement\"},{\"@type\":\"BreadcrumbList\",\"@id\":\"https:\/\/www.macapflag.com\/blog\/mobilier-personnalisable\/#breadcrumb\",\"itemListElement\":[{\"@type\":\"ListItem\",\"position\":1,\"name\":\"Accueil\",\"item\":\"https:\/\/www.macapflag.com\/blog\/\"},{\"@type\":\"ListItem\",\"position\":2,\"name\":\"Si nous parlions mobilier personnalis\u00e9 ?\"}]},{\"@type\":\"WebSite\",\"@id\":\"https:\/\/www.macapflag.com\/blog\/#website\",\"url\":\"https:\/\/www.macapflag.com\/blog\/\",\"name\":\"Blog - Macap\",\"description\":\"Tous nos articles\",\"publisher\":{\"@id\":\"https:\/\/www.macapflag.com\/blog\/#organization\"},\"potentialAction\":[{\"@type\":\"SearchAction\",\"target\":{\"@type\":\"EntryPoint\",\"urlTemplate\":\"https:\/\/www.macapflag.com\/blog\/?s={search_term_string}\"},\"query-input\":{\"@type\":\"PropertyValueSpecification\",\"valueRequired\":true,\"valueName\":\"search_term_string\"}}],\"inLanguage\":\"fr-FR\"},{\"@type\":\"Organization\",\"@id\":\"https:\/\/www.macapflag.com\/blog\/#organization\",\"name\":\"macapflag\",\"url\":\"https:\/\/www.macapflag.com\/blog\/\",\"logo\":{\"@type\":\"ImageObject\",\"inLanguage\":\"fr-FR\",\"@id\":\"https:\/\/www.macapflag.com\/blog\/#\/schema\/logo\/image\/\",\"url\":\"https:\/\/www.macapflag.com\/blog\/wp-content\/uploads\/2020\/12\/cropped-M-512-1.png\",\"contentUrl\":\"https:\/\/www.macapflag.com\/blog\/wp-content\/uploads\/2020\/12\/cropped-M-512-1.png\",\"width\":512,\"height\":512,\"caption\":\"macapflag\"},\"image\":{\"@id\":\"https:\/\/www.macapflag.com\/blog\/#\/schema\/logo\/image\/\"},\"sameAs\":[\"https:\/\/www.facebook.com\/macap.pavoisement\/\",\"https:\/\/www.instagram.com\/macapflag\/?hl=fr\",\"https:\/\/www.linkedin.com\/company\/macap\/?originalSubdomain=fr\",\"https:\/\/www.youtube.com\/channel\/UCXNzTIdZh9poEBjSXEqDtNw\"]},{\"@type\":\"Person\",\"@id\":\"https:\/\/www.macapflag.com\/blog\/#\/schema\/person\/3fea701f2603875e651e6b662578fc3c\",\"name\":\"Blog Macap\",\"image\":{\"@type\":\"ImageObject\",\"inLanguage\":\"fr-FR\",\"@id\":\"https:\/\/www.macapflag.com\/blog\/#\/schema\/person\/image\/\",\"url\":\"https:\/\/secure.gravatar.com\/avatar\/c12551f2dc51f0db049633b03e7856985477a70da834cc8967dea4ce54bdd6a2?s=96&d=mm&r=g\",\"contentUrl\":\"https:\/\/secure.gravatar.com\/avatar\/c12551f2dc51f0db049633b03e7856985477a70da834cc8967dea4ce54bdd6a2?s=96&d=mm&r=g\",\"caption\":\"Blog Macap\"},\"url\":\"https:\/\/www.macapflag.com\/blog\/author\/macap\/\"}]}<\/script>\n<!-- \/ Yoast SEO plugin. -->","yoast_head_json":{"title":"Et si nous parlions mobilier personnalis\u00e9 ? Chilienne transat ou pouf cube","description":"Toutes les solutions de mobilier personnalisable ou publicitaire : chilienne, pouf cube, banc. Quand la communication s'installe jusque dans la d\u00e9co","robots":{"index":"index","follow":"follow","max-snippet":"max-snippet:-1","max-image-preview":"max-image-preview:large","max-video-preview":"max-video-preview:-1"},"canonical":"https:\/\/www.macapflag.com\/blog\/mobilier-personnalisable\/","og_locale":"fr_FR","og_type":"article","og_title":"Et si nous parlions mobilier personnalis\u00e9 ? Chilienne transat ou pouf cube","og_description":"Toutes les solutions de mobilier personnalisable ou publicitaire : chilienne, pouf cube, banc. Quand la communication s'installe jusque dans la d\u00e9co","og_url":"https:\/\/www.macapflag.com\/blog\/mobilier-personnalisable\/","og_site_name":"Blog - Macap","article_publisher":"https:\/\/www.facebook.com\/macap.pavoisement\/","article_published_time":"2019-09-05T12:28:57+00:00","article_modified_time":"2019-11-25T09:44:19+00:00","og_image":[{"width":700,"height":534,"url":"https:\/\/www.macapflag.com\/blog\/wp-content\/uploads\/2019\/09\/mobilier-personnalise.gif","type":"image\/gif"}],"author":"Blog Macap","twitter_card":"summary_large_image","twitter_misc":{"\u00c9crit par":"Blog Macap","Dur\u00e9e de lecture estim\u00e9e":"3 minutes"},"schema":{"@context":"https:\/\/schema.org","@graph":[{"@type":"Article","@id":"https:\/\/www.macapflag.com\/blog\/mobilier-personnalisable\/#article","isPartOf":{"@id":"https:\/\/www.macapflag.com\/blog\/mobilier-personnalisable\/"},"author":{"name":"Blog Macap","@id":"https:\/\/www.macapflag.com\/blog\/#\/schema\/person\/3fea701f2603875e651e6b662578fc3c"},"headline":"Si nous parlions mobilier personnalis\u00e9 ?","datePublished":"2019-09-05T12:28:57+00:00","dateModified":"2019-11-25T09:44:19+00:00","mainEntityOfPage":{"@id":"https:\/\/www.macapflag.com\/blog\/mobilier-personnalisable\/"},"wordCount":659,"publisher":{"@id":"https:\/\/www.macapflag.com\/blog\/#organization"},"image":{"@id":"https:\/\/www.macapflag.com\/blog\/mobilier-personnalisable\/#primaryimage"},"thumbnailUrl":"https:\/\/www.macapflag.com\/blog\/wp-content\/uploads\/2019\/09\/mobilier-personnalise.gif","articleSection":["Produits &amp; Solutions"],"inLanguage":"fr-FR"},{"@type":"WebPage","@id":"https:\/\/www.macapflag.com\/blog\/mobilier-personnalisable\/","url":"https:\/\/www.macapflag.com\/blog\/mobilier-personnalisable\/","name":"Et si nous parlions mobilier personnalis\u00e9 ? Chilienne transat ou pouf cube","isPartOf":{"@id":"https:\/\/www.macapflag.com\/blog\/#website"},"primaryImageOfPage":{"@id":"https:\/\/www.macapflag.com\/blog\/mobilier-personnalisable\/#primaryimage"},"image":{"@id":"https:\/\/www.macapflag.com\/blog\/mobilier-personnalisable\/#primaryimage"},"thumbnailUrl":"https:\/\/www.macapflag.com\/blog\/wp-content\/uploads\/2019\/09\/mobilier-personnalise.gif","datePublished":"2019-09-05T12:28:57+00:00","dateModified":"2019-11-25T09:44:19+00:00","description":"Toutes les solutions de mobilier personnalisable ou publicitaire : chilienne, pouf cube, banc. Quand la communication s'installe jusque dans la d\u00e9co","breadcrumb":{"@id":"https:\/\/www.macapflag.com\/blog\/mobilier-personnalisable\/#breadcrumb"},"inLanguage":"fr-FR","potentialAction":[{"@type":"ReadAction","target":["https:\/\/www.macapflag.com\/blog\/mobilier-personnalisable\/"]}]},{"@type":"ImageObject","inLanguage":"fr-FR","@id":"https:\/\/www.macapflag.com\/blog\/mobilier-personnalisable\/#primaryimage","url":"https:\/\/www.macapflag.com\/blog\/wp-content\/uploads\/2019\/09\/mobilier-personnalise.gif","contentUrl":"https:\/\/www.macapflag.com\/blog\/wp-content\/uploads\/2019\/09\/mobilier-personnalise.gif","width":700,"height":534,"caption":"mobilier personnalisable : chilienne, pouf cube, nos solutions d'am\u00e9nagement"},{"@type":"BreadcrumbList","@id":"https:\/\/www.macapflag.com\/blog\/mobilier-personnalisable\/#breadcrumb","itemListElement":[{"@type":"ListItem","position":1,"name":"Accueil","item":"https:\/\/www.macapflag.com\/blog\/"},{"@type":"ListItem","position":2,"name":"Si nous parlions mobilier personnalis\u00e9 ?"}]},{"@type":"WebSite","@id":"https:\/\/www.macapflag.com\/blog\/#website","url":"https:\/\/www.macapflag.com\/blog\/","name":"Blog - Macap","description":"Tous nos articles","publisher":{"@id":"https:\/\/www.macapflag.com\/blog\/#organization"},"potentialAction":[{"@type":"SearchAction","target":{"@type":"EntryPoint","urlTemplate":"https:\/\/www.macapflag.com\/blog\/?s={search_term_string}"},"query-input":{"@type":"PropertyValueSpecification","valueRequired":true,"valueName":"search_term_string"}}],"inLanguage":"fr-FR"},{"@type":"Organization","@id":"https:\/\/www.macapflag.com\/blog\/#organization","name":"macapflag","url":"https:\/\/www.macapflag.com\/blog\/","logo":{"@type":"ImageObject","inLanguage":"fr-FR","@id":"https:\/\/www.macapflag.com\/blog\/#\/schema\/logo\/image\/","url":"https:\/\/www.macapflag.com\/blog\/wp-content\/uploads\/2020\/12\/cropped-M-512-1.png","contentUrl":"https:\/\/www.macapflag.com\/blog\/wp-content\/uploads\/2020\/12\/cropped-M-512-1.png","width":512,"height":512,"caption":"macapflag"},"image":{"@id":"https:\/\/www.macapflag.com\/blog\/#\/schema\/logo\/image\/"},"sameAs":["https:\/\/www.facebook.com\/macap.pavoisement\/","https:\/\/www.instagram.com\/macapflag\/?hl=fr","https:\/\/www.linkedin.com\/company\/macap\/?originalSubdomain=fr","https:\/\/www.youtube.com\/channel\/UCXNzTIdZh9poEBjSXEqDtNw"]},{"@type":"Person","@id":"https:\/\/www.macapflag.com\/blog\/#\/schema\/person\/3fea701f2603875e651e6b662578fc3c","name":"Blog Macap","image":{"@type":"ImageObject","inLanguage":"fr-FR","@id":"https:\/\/www.macapflag.com\/blog\/#\/schema\/person\/image\/","url":"https:\/\/secure.gravatar.com\/avatar\/c12551f2dc51f0db049633b03e7856985477a70da834cc8967dea4ce54bdd6a2?s=96&d=mm&r=g","contentUrl":"https:\/\/secure.gravatar.com\/avatar\/c12551f2dc51f0db049633b03e7856985477a70da834cc8967dea4ce54bdd6a2?s=96&d=mm&r=g","caption":"Blog Macap"},"url":"https:\/\/www.macapflag.com\/blog\/author\/macap\/"}]}},"_links":{"self":[{"href":"https:\/\/www.macapflag.com\/blog\/wp-json\/wp\/v2\/posts\/4017","targetHints":{"allow":["GET"]}}],"collection":[{"href":"https:\/\/www.macapflag.com\/blog\/wp-json\/wp\/v2\/posts"}],"about":[{"href":"https:\/\/www.macapflag.com\/blog\/wp-json\/wp\/v2\/types\/post"}],"author":[{"embeddable":true,"href":"https:\/\/www.macapflag.com\/blog\/wp-json\/wp\/v2\/users\/2"}],"replies":[{"embeddable":true,"href":"https:\/\/www.macapflag.com\/blog\/wp-json\/wp\/v2\/comments?post=4017"}],"version-history":[{"count":14,"href":"https:\/\/www.macapflag.com\/blog\/wp-json\/wp\/v2\/posts\/4017\/revisions"}],"predecessor-version":[{"id":4300,"href":"https:\/\/www.macapflag.com\/blog\/wp-json\/wp\/v2\/posts\/4017\/revisions\/4300"}],"wp:featuredmedia":[{"embeddable":true,"href":"https:\/\/www.macapflag.com\/blog\/wp-json\/wp\/v2\/media\/4039"}],"wp:attachment":[{"href":"https:\/\/www.macapflag.com\/blog\/wp-json\/wp\/v2\/media?parent=4017"}],"wp:term":[{"taxonomy":"category","embeddable":true,"href":"https:\/\/www.macapflag.com\/blog\/wp-json\/wp\/v2\/categories?post=4017"},{"taxonomy":"post_tag","embeddable":true,"href":"https:\/\/www.macapflag.com\/blog\/wp-json\/wp\/v2\/tags?post=4017"}],"curies":[{"name":"wp","href":"https:\/\/api.w.org\/{rel}","templated":true}]}}