{"id":4046,"date":"2019-09-12T09:59:02","date_gmt":"2019-09-12T07:59:02","guid":{"rendered":"https:\/\/www.macapflag.com\/blog\/?p=4046"},"modified":"2021-02-23T16:36:17","modified_gmt":"2021-02-23T15:36:17","slug":"un-kit-communication-ecoles","status":"publish","type":"post","link":"https:\/\/www.macapflag.com\/blog\/un-kit-communication-ecoles\/","title":{"rendered":"Un Kit Com&#8217; sp\u00e9cial Ecoles !"},"content":{"rendered":"\t\t<div data-elementor-type=\"wp-post\" data-elementor-id=\"4046\" class=\"elementor elementor-4046\">\n\t\t\t\t\t\t<section class=\"elementor-section elementor-top-section elementor-element elementor-element-a48f879 elementor-section-boxed elementor-section-height-default elementor-section-height-default\" data-id=\"a48f879\" data-element_type=\"section\">\n\t\t\t\t\t\t<div class=\"elementor-container elementor-column-gap-default\">\n\t\t\t\t\t<div class=\"elementor-column elementor-col-100 elementor-top-column elementor-element elementor-element-438a105\" data-id=\"438a105\" data-element_type=\"column\">\n\t\t\t<div class=\"elementor-widget-wrap elementor-element-populated\">\n\t\t\t\t\t\t<div class=\"elementor-element elementor-element-473fa8c elementor-widget elementor-widget-text-editor\" data-id=\"473fa8c\" data-element_type=\"widget\" data-widget_type=\"text-editor.default\">\n\t\t\t\t<div class=\"elementor-widget-container\">\n\t\t\t\t\t\t\t\t\t<p style=\"text-align: justify;\"><span style=\"font-size: 14pt; color: #000000;\">Si les \u00e9coles utilisent parfois des supports de communication, elles sont \u00e9galement tenues de respecter la loi du 8 juillet 2013 d&#8217;orientation et de programmation pour la refondation de l&#8217;\u00e9cole de la R\u00e9publique publi\u00e9e le 9 juillet au Journal officiel et commun\u00e9ment appel\u00e9e <a href=\"https:\/\/www.macapflag.com\/kit-loi-peillon-loi-blanquer\/199-kit-complet-loi-peillon.html\" target=\"_blank\" rel=\"noopener\"><span style=\"color: #3366ff;\"><strong>loi Peillon<\/strong><\/span><\/a>. <\/span><br \/><span style=\"font-size: 14pt; color: #000000;\">La loi compte 89 articles dont l\u2019article L. 111-1-1. : \u201cLa devise de la R\u00e9publique, le drapeau tricolore et le drapeau europ\u00e9en sont appos\u00e9s sur la fa\u00e7ade des \u00e9coles et des \u00e9tablissements d&#8217;enseignement du second degr\u00e9 publics et priv\u00e9s sous contrat. La D\u00e9claration des droits de l&#8217;homme et du citoyen du 26 ao\u00fbt 1789 est affich\u00e9e de mani\u00e8re visible dans les locaux des m\u00eames \u00e9coles et \u00e9tablissements. \u00bb<\/span><br \/><span style=\"font-size: 14pt; color: #000000;\">Toutes les \u00e9coles, les coll\u00e8ges et les lyc\u00e9es doivent donc depuis cette date faire figurer sur leur fa\u00e7ade un drapeau fran\u00e7ais, un drapeau europ\u00e9en ainsi que la devise de la r\u00e9publique : Libert\u00e9, Egalit\u00e9, Fraternit\u00e9. La d\u00e9claration des droits de l\u2019homme et du citoyen ainsi que la charte de la la\u00efcit\u00e9 doivent \u00eatre affich\u00e9es dans les \u00e9coles.<\/span><\/p>\t\t\t\t\t\t\t\t<\/div>\n\t\t\t\t<\/div>\n\t\t\t\t\t<\/div>\n\t\t<\/div>\n\t\t\t\t\t<\/div>\n\t\t<\/section>\n\t\t\t\t<section class=\"elementor-section elementor-top-section elementor-element elementor-element-399f8ce elementor-section-boxed elementor-section-height-default elementor-section-height-default\" data-id=\"399f8ce\" data-element_type=\"section\">\n\t\t\t\t\t\t<div class=\"elementor-container elementor-column-gap-default\">\n\t\t\t\t\t<div class=\"elementor-column elementor-col-25 elementor-top-column elementor-element elementor-element-552d5c2\" data-id=\"552d5c2\" data-element_type=\"column\">\n\t\t\t<div class=\"elementor-widget-wrap\">\n\t\t\t\t\t\t\t<\/div>\n\t\t<\/div>\n\t\t\t\t<div class=\"elementor-column elementor-col-50 elementor-top-column elementor-element elementor-element-c2bbc7b\" data-id=\"c2bbc7b\" data-element_type=\"column\">\n\t\t\t<div class=\"elementor-widget-wrap elementor-element-populated\">\n\t\t\t\t\t\t<div class=\"elementor-element elementor-element-46a674c elementor-widget elementor-widget-image\" data-id=\"46a674c\" data-element_type=\"widget\" data-widget_type=\"image.default\">\n\t\t\t\t<div class=\"elementor-widget-container\">\n\t\t\t\t\t\t\t\t\t\t\t\t\t\t\t<img fetchpriority=\"high\" decoding=\"async\" width=\"700\" height=\"534\" src=\"https:\/\/www.macapflag.com\/blog\/wp-content\/uploads\/2019\/09\/affichage-ecoles-2.gif\" class=\"attachment-large size-large wp-image-4049\" alt=\"La loi Peillon oblige les \u00e9coles \u00e0 pavoiser leur fa\u00e7ade de drapeaux\" \/>\t\t\t\t\t\t\t\t\t\t\t\t\t\t\t<\/div>\n\t\t\t\t<\/div>\n\t\t\t\t\t<\/div>\n\t\t<\/div>\n\t\t\t\t<div class=\"elementor-column elementor-col-25 elementor-top-column elementor-element elementor-element-ddbc772\" data-id=\"ddbc772\" data-element_type=\"column\">\n\t\t\t<div class=\"elementor-widget-wrap\">\n\t\t\t\t\t\t\t<\/div>\n\t\t<\/div>\n\t\t\t\t\t<\/div>\n\t\t<\/section>\n\t\t\t\t<section class=\"elementor-section elementor-top-section elementor-element elementor-element-dda6e6f elementor-section-boxed elementor-section-height-default elementor-section-height-default\" data-id=\"dda6e6f\" data-element_type=\"section\">\n\t\t\t\t\t\t<div class=\"elementor-container elementor-column-gap-default\">\n\t\t\t\t\t<div class=\"elementor-column elementor-col-100 elementor-top-column elementor-element elementor-element-ca35c51\" data-id=\"ca35c51\" data-element_type=\"column\">\n\t\t\t<div class=\"elementor-widget-wrap elementor-element-populated\">\n\t\t\t\t\t\t<div class=\"elementor-element elementor-element-6d0bfaf elementor-widget elementor-widget-text-editor\" data-id=\"6d0bfaf\" data-element_type=\"widget\" data-widget_type=\"text-editor.default\">\n\t\t\t\t<div class=\"elementor-widget-container\">\n\t\t\t\t\t\t\t\t\t<p style=\"text-align: justify;\"><span style=\"font-size: 14pt; color: #000000;\">Depuis la rentr\u00e9e scolaire 2019, la <a href=\"https:\/\/www.macapflag.com\/kit-loi-peillon-loi-blanquer\/790456-kit-loi-blanquer-affiche-pvc-2-drapeaux-ecole-secondaire-lot-de-5-exemplaires.html\" target=\"_blank\" rel=\"noopener\"><span style=\"color: #3366ff;\"><strong>loi pour une \u00e9cole de la confiance<\/strong><\/span><\/a> \u00e9galement d\u00e9nomm\u00e9e loi Blanquer vient compl\u00e9ter la loi Peillon. Tous les \u00e9tablissements scolaires sont d\u00e9sormais tenus d\u2019afficher dans chaque salle de classe, le drapeau fran\u00e7ais, le drapeau europ\u00e9en, la devise de la r\u00e9publique ainsi que les paroles de la Marseillaise.<\/span><\/p><p style=\"text-align: justify;\"><span style=\"font-size: 14pt; color: #000000;\">Apr\u00e8s l&#8217;article L. 111-1-1 du code de l&#8217;\u00e9ducation, il est ins\u00e9r\u00e9 un article L. 111-1-2 ainsi r\u00e9dig\u00e9 : \u00ab Art. L. 111-1-2.-L&#8217;embl\u00e8me national de la R\u00e9publique fran\u00e7aise, le drapeau tricolore, bleu, blanc, rouge, le drapeau europ\u00e9en, la devise de la R\u00e9publique et les paroles de l&#8217;hymne national sont affich\u00e9s dans chacune des salles de classe des \u00e9tablissements du premier et du second degr\u00e9s, publics ou priv\u00e9s sous contrat. \u00bb<\/span><\/p>\t\t\t\t\t\t\t\t<\/div>\n\t\t\t\t<\/div>\n\t\t\t\t\t<\/div>\n\t\t<\/div>\n\t\t\t\t\t<\/div>\n\t\t<\/section>\n\t\t\t\t<section class=\"elementor-section elementor-top-section elementor-element elementor-element-88c5670 elementor-section-boxed elementor-section-height-default elementor-section-height-default\" data-id=\"88c5670\" data-element_type=\"section\">\n\t\t\t\t\t\t<div class=\"elementor-container elementor-column-gap-default\">\n\t\t\t\t\t<div class=\"elementor-column elementor-col-25 elementor-top-column elementor-element elementor-element-346d9ef\" data-id=\"346d9ef\" data-element_type=\"column\">\n\t\t\t<div class=\"elementor-widget-wrap\">\n\t\t\t\t\t\t\t<\/div>\n\t\t<\/div>\n\t\t\t\t<div class=\"elementor-column elementor-col-50 elementor-top-column elementor-element elementor-element-97b9560\" data-id=\"97b9560\" data-element_type=\"column\">\n\t\t\t<div class=\"elementor-widget-wrap elementor-element-populated\">\n\t\t\t\t\t\t<div class=\"elementor-element elementor-element-9c7c851 elementor-widget elementor-widget-image\" data-id=\"9c7c851\" data-element_type=\"widget\" data-widget_type=\"image.default\">\n\t\t\t\t<div class=\"elementor-widget-container\">\n\t\t\t\t\t\t\t\t\t\t\t\t\t\t\t<img decoding=\"async\" width=\"700\" height=\"534\" src=\"https:\/\/www.macapflag.com\/blog\/wp-content\/uploads\/2019\/09\/communication-ecole-1.gif\" class=\"attachment-large size-large wp-image-4050\" alt=\"La loi Blanquer impose de nouvelles obligations d&#039;affichage aux \u00e9coles\" \/>\t\t\t\t\t\t\t\t\t\t\t\t\t\t\t<\/div>\n\t\t\t\t<\/div>\n\t\t\t\t\t<\/div>\n\t\t<\/div>\n\t\t\t\t<div class=\"elementor-column elementor-col-25 elementor-top-column elementor-element elementor-element-9eebfa7\" data-id=\"9eebfa7\" data-element_type=\"column\">\n\t\t\t<div class=\"elementor-widget-wrap\">\n\t\t\t\t\t\t\t<\/div>\n\t\t<\/div>\n\t\t\t\t\t<\/div>\n\t\t<\/section>\n\t\t\t\t<section class=\"elementor-section elementor-top-section elementor-element elementor-element-6e64d7a elementor-section-boxed elementor-section-height-default elementor-section-height-default\" data-id=\"6e64d7a\" data-element_type=\"section\">\n\t\t\t\t\t\t<div class=\"elementor-container elementor-column-gap-default\">\n\t\t\t\t\t<div class=\"elementor-column elementor-col-100 elementor-top-column elementor-element elementor-element-6c301cd\" data-id=\"6c301cd\" data-element_type=\"column\">\n\t\t\t<div class=\"elementor-widget-wrap elementor-element-populated\">\n\t\t\t\t\t\t<div class=\"elementor-element elementor-element-517de0a elementor-widget elementor-widget-text-editor\" data-id=\"517de0a\" data-element_type=\"widget\" data-widget_type=\"text-editor.default\">\n\t\t\t\t<div class=\"elementor-widget-container\">\n\t\t\t\t\t\t\t\t\t<h2 style=\"text-align: center;\"><strong><span style=\"font-size: 30pt;\">Macap vous accompagne<\/span><\/strong><\/h2>\t\t\t\t\t\t\t\t<\/div>\n\t\t\t\t<\/div>\n\t\t\t\t\t<\/div>\n\t\t<\/div>\n\t\t\t\t\t<\/div>\n\t\t<\/section>\n\t\t\t\t<section class=\"elementor-section elementor-top-section elementor-element elementor-element-46e3721 elementor-section-boxed elementor-section-height-default elementor-section-height-default\" data-id=\"46e3721\" data-element_type=\"section\">\n\t\t\t\t\t\t<div class=\"elementor-container elementor-column-gap-default\">\n\t\t\t\t\t<div class=\"elementor-column elementor-col-100 elementor-top-column elementor-element elementor-element-d7d66c3\" data-id=\"d7d66c3\" data-element_type=\"column\">\n\t\t\t<div class=\"elementor-widget-wrap elementor-element-populated\">\n\t\t\t\t\t\t<div class=\"elementor-element elementor-element-df0ebf9 elementor-widget elementor-widget-text-editor\" data-id=\"df0ebf9\" data-element_type=\"widget\" data-widget_type=\"text-editor.default\">\n\t\t\t\t<div class=\"elementor-widget-container\">\n\t\t\t\t\t\t\t\t\t<p style=\"text-align: justify;\"><span style=\"font-size: 14pt; color: #000000;\">Macap a d\u00e9di\u00e9 <a href=\"https:\/\/www.macapflag.com\/306-kit-loi-peillon-loi-blanquer\" target=\"_blank\" rel=\"noopener\"><span style=\"color: #3366ff;\"><strong>une rubrique de son site<\/strong><\/span><\/a> aux objets r\u00e9pondant \u00e0 la loi Peillon et la loi Blanquer. Ils peuvent \u00eatre achet\u00e9s sous forme de kit complet ou s\u00e9par\u00e9ment. Tous les supports propos\u00e9s ont \u00e9t\u00e9 cr\u00e9\u00e9s pour \u00eatre en conformit\u00e9 avec les exigences de ces deux lois.<\/span><\/p><p style=\"text-align: justify;\"><span style=\"font-size: 14pt; color: #000000;\">Si elles ont des obligations \u00e0 respecter, les \u00e9coles sont aussi et surtout des lieux de vie , d\u2019\u00e9panouissement et de cr\u00e9ation pour les enfants et les adolescents. <\/span><br \/><span style=\"font-size: 14pt; color: #000000;\">Pour rendre les \u00e9tablissements encore plus accueillants, de multiples possibilit\u00e9s d\u2019am\u00e9nagement et de d\u00e9coration s\u2019offrent \u00e0 vous. <\/span><br \/><span style=\"font-size: 14pt; color: #000000;\">Drapeau personnalis\u00e9, b\u00e2che, nappe, sont autant d\u2019exemples de supports 100% personnalisables aux couleurs de votre choix. Dessins et illustrations, logos, photos, textes, de votre choix peuvent \u00eatre imprim\u00e9s sur les supports de communication de votre choix !<\/span><br \/><span style=\"font-size: 14pt; color: #000000;\">Nos mati\u00e8res sont rigoureusement s\u00e9lectionn\u00e9es pour respecter les normes B1 et M1 en mati\u00e8re de protection anti-feu.<\/span><br \/><span style=\"font-size: 14pt; color: #000000;\">Pour plus d\u2019infos, n\u2019h\u00e9sitez pas \u00e0 contacter notre \u00e9quipe commerciale au 04 94 48 50 57.<\/span><\/p>\t\t\t\t\t\t\t\t<\/div>\n\t\t\t\t<\/div>\n\t\t\t\t\t<\/div>\n\t\t<\/div>\n\t\t\t\t\t<\/div>\n\t\t<\/section>\n\t\t\t\t<section class=\"elementor-section elementor-top-section elementor-element elementor-element-811a838 elementor-section-boxed elementor-section-height-default elementor-section-height-default\" data-id=\"811a838\" data-element_type=\"section\">\n\t\t\t\t\t\t<div class=\"elementor-container elementor-column-gap-default\">\n\t\t\t\t\t<div class=\"elementor-column elementor-col-100 elementor-top-column elementor-element elementor-element-7d4a567\" data-id=\"7d4a567\" data-element_type=\"column\">\n\t\t\t<div class=\"elementor-widget-wrap elementor-element-populated\">\n\t\t\t\t\t\t<div class=\"elementor-element elementor-element-d189a45 elementor-widget elementor-widget-text-editor\" data-id=\"d189a45\" data-element_type=\"widget\" data-widget_type=\"text-editor.default\">\n\t\t\t\t<div class=\"elementor-widget-container\">\n\t\t\t\t\t\t\t\t\t<p>\u00a0<img decoding=\"async\" class=\"size-full wp-image-2884 aligncenter\" src=\"https:\/\/www.macapflag.com\/blog\/wp-content\/uploads\/2018\/10\/picto-lemonde-de-la-com-235x135.gif\" alt=\"\" width=\"235\" height=\"135\" \/><\/p><p style=\"text-align: center;\"><span style=\"font-size: 14pt;\"><span style=\"color: #000000;\"><strong><span style=\"font-family: 'Futura Bk BT';\">Macap<\/span><\/strong><\/span> <span style=\"color: #808080;\"><strong><span style=\"font-family: 'Futura Bk BT';\">&#8211; Jeudi 12 Septembre 2019<\/span><\/strong><\/span><\/span><\/p><p style=\"text-align: center;\">\u00a0<\/p>\t\t\t\t\t\t\t\t<\/div>\n\t\t\t\t<\/div>\n\t\t\t\t\t<\/div>\n\t\t<\/div>\n\t\t\t\t\t<\/div>\n\t\t<\/section>\n\t\t\t\t<\/div>\n\t\t","protected":false},"excerpt":{"rendered":"<div class=\"tmnf_excerpt\"><p>Si les \u00e9coles utilisent parfois des supports de communication, elles sont \u00e9galement tenues de respecter la loi du 8 juillet 2013 d&#8217;orientation et de programmation pour la refondation de l&#8217;\u00e9cole de la R\u00e9publique publi\u00e9e le 9 juillet au Journal officiel et commun\u00e9ment appel\u00e9e loi Peillon. La loi compte 89 articles dont l\u2019article L. 111-1-1. : &hellip;<\/p>\n<\/div>","protected":false},"author":2,"featured_media":4074,"comment_status":"closed","ping_status":"open","sticky":false,"template":"template-fullwidth.php","format":"standard","meta":{"footnotes":""},"categories":[90],"tags":[136,134,133,135],"class_list":["post-4046","post","type-post","status-publish","format-standard","has-post-thumbnail","hentry","category-produits-et-sols","tag-collectivites","tag-kit","tag-kit-communication","tag-mairie"],"yoast_head":"<!-- This site is optimized with the Yoast SEO plugin v26.4 - https:\/\/yoast.com\/wordpress\/plugins\/seo\/ -->\n<title>Et si on vous proposait ... Un Kit Com&#039; pour les \u00e9coles<\/title>\n<meta name=\"description\" content=\"Avec la loi Peillon et la loi Blanquer, les \u00e9coles doivent respecter des obligations d&#039;affichage. Macap les accompagne avec des solutions pratiques\" \/>\n<meta name=\"robots\" content=\"index, follow, max-snippet:-1, max-image-preview:large, max-video-preview:-1\" \/>\n<link rel=\"canonical\" href=\"https:\/\/www.macapflag.com\/blog\/un-kit-communication-ecoles\/\" \/>\n<meta property=\"og:locale\" content=\"fr_FR\" \/>\n<meta property=\"og:type\" content=\"article\" \/>\n<meta property=\"og:title\" content=\"Et si on vous proposait ... Un Kit Com&#039; pour les \u00e9coles\" \/>\n<meta property=\"og:description\" content=\"Avec la loi Peillon et la loi Blanquer, les \u00e9coles doivent respecter des obligations d&#039;affichage. Macap les accompagne avec des solutions pratiques\" \/>\n<meta property=\"og:url\" content=\"https:\/\/www.macapflag.com\/blog\/un-kit-communication-ecoles\/\" \/>\n<meta property=\"og:site_name\" content=\"Blog - Macap\" \/>\n<meta property=\"article:publisher\" content=\"https:\/\/www.facebook.com\/macap.pavoisement\/\" \/>\n<meta property=\"article:published_time\" content=\"2019-09-12T07:59:02+00:00\" \/>\n<meta property=\"article:modified_time\" content=\"2021-02-23T15:36:17+00:00\" \/>\n<meta property=\"og:image\" content=\"https:\/\/www.macapflag.com\/blog\/wp-content\/uploads\/2019\/09\/et-si-on-vous-proposait-TITRE-macap.gif\" \/>\n\t<meta property=\"og:image:width\" content=\"700\" \/>\n\t<meta property=\"og:image:height\" content=\"534\" \/>\n\t<meta property=\"og:image:type\" content=\"image\/gif\" \/>\n<meta name=\"author\" content=\"Blog Macap\" \/>\n<meta name=\"twitter:card\" content=\"summary_large_image\" \/>\n<meta name=\"twitter:label1\" content=\"\u00c9crit par\" \/>\n\t<meta name=\"twitter:data1\" content=\"Blog Macap\" \/>\n\t<meta name=\"twitter:label2\" content=\"Dur\u00e9e de lecture estim\u00e9e\" \/>\n\t<meta name=\"twitter:data2\" content=\"3 minutes\" \/>\n<script type=\"application\/ld+json\" class=\"yoast-schema-graph\">{\"@context\":\"https:\/\/schema.org\",\"@graph\":[{\"@type\":\"Article\",\"@id\":\"https:\/\/www.macapflag.com\/blog\/un-kit-communication-ecoles\/#article\",\"isPartOf\":{\"@id\":\"https:\/\/www.macapflag.com\/blog\/un-kit-communication-ecoles\/\"},\"author\":{\"name\":\"Blog Macap\",\"@id\":\"https:\/\/www.macapflag.com\/blog\/#\/schema\/person\/3fea701f2603875e651e6b662578fc3c\"},\"headline\":\"Un Kit Com&#8217; sp\u00e9cial Ecoles !\",\"datePublished\":\"2019-09-12T07:59:02+00:00\",\"dateModified\":\"2021-02-23T15:36:17+00:00\",\"mainEntityOfPage\":{\"@id\":\"https:\/\/www.macapflag.com\/blog\/un-kit-communication-ecoles\/\"},\"wordCount\":519,\"publisher\":{\"@id\":\"https:\/\/www.macapflag.com\/blog\/#organization\"},\"image\":{\"@id\":\"https:\/\/www.macapflag.com\/blog\/un-kit-communication-ecoles\/#primaryimage\"},\"thumbnailUrl\":\"https:\/\/www.macapflag.com\/blog\/wp-content\/uploads\/2019\/09\/et-si-on-vous-proposait-TITRE-macap.gif\",\"keywords\":[\"collectivit\u00e9s\",\"kit\",\"kit communication\",\"mairie\"],\"articleSection\":[\"Produits &amp; Solutions\"],\"inLanguage\":\"fr-FR\"},{\"@type\":\"WebPage\",\"@id\":\"https:\/\/www.macapflag.com\/blog\/un-kit-communication-ecoles\/\",\"url\":\"https:\/\/www.macapflag.com\/blog\/un-kit-communication-ecoles\/\",\"name\":\"Et si on vous proposait ... Un Kit Com' pour les \u00e9coles\",\"isPartOf\":{\"@id\":\"https:\/\/www.macapflag.com\/blog\/#website\"},\"primaryImageOfPage\":{\"@id\":\"https:\/\/www.macapflag.com\/blog\/un-kit-communication-ecoles\/#primaryimage\"},\"image\":{\"@id\":\"https:\/\/www.macapflag.com\/blog\/un-kit-communication-ecoles\/#primaryimage\"},\"thumbnailUrl\":\"https:\/\/www.macapflag.com\/blog\/wp-content\/uploads\/2019\/09\/et-si-on-vous-proposait-TITRE-macap.gif\",\"datePublished\":\"2019-09-12T07:59:02+00:00\",\"dateModified\":\"2021-02-23T15:36:17+00:00\",\"description\":\"Avec la loi Peillon et la loi Blanquer, les \u00e9coles doivent respecter des obligations d'affichage. Macap les accompagne avec des solutions pratiques\",\"breadcrumb\":{\"@id\":\"https:\/\/www.macapflag.com\/blog\/un-kit-communication-ecoles\/#breadcrumb\"},\"inLanguage\":\"fr-FR\",\"potentialAction\":[{\"@type\":\"ReadAction\",\"target\":[\"https:\/\/www.macapflag.com\/blog\/un-kit-communication-ecoles\/\"]}]},{\"@type\":\"ImageObject\",\"inLanguage\":\"fr-FR\",\"@id\":\"https:\/\/www.macapflag.com\/blog\/un-kit-communication-ecoles\/#primaryimage\",\"url\":\"https:\/\/www.macapflag.com\/blog\/wp-content\/uploads\/2019\/09\/et-si-on-vous-proposait-TITRE-macap.gif\",\"contentUrl\":\"https:\/\/www.macapflag.com\/blog\/wp-content\/uploads\/2019\/09\/et-si-on-vous-proposait-TITRE-macap.gif\",\"width\":700,\"height\":534,\"caption\":\"Et si on vous proposait des solutions de communication pratiques et innovantes ?\"},{\"@type\":\"BreadcrumbList\",\"@id\":\"https:\/\/www.macapflag.com\/blog\/un-kit-communication-ecoles\/#breadcrumb\",\"itemListElement\":[{\"@type\":\"ListItem\",\"position\":1,\"name\":\"Accueil\",\"item\":\"https:\/\/www.macapflag.com\/blog\/\"},{\"@type\":\"ListItem\",\"position\":2,\"name\":\"Un Kit Com&#8217; sp\u00e9cial Ecoles !\"}]},{\"@type\":\"WebSite\",\"@id\":\"https:\/\/www.macapflag.com\/blog\/#website\",\"url\":\"https:\/\/www.macapflag.com\/blog\/\",\"name\":\"Blog - Macap\",\"description\":\"Tous nos articles\",\"publisher\":{\"@id\":\"https:\/\/www.macapflag.com\/blog\/#organization\"},\"potentialAction\":[{\"@type\":\"SearchAction\",\"target\":{\"@type\":\"EntryPoint\",\"urlTemplate\":\"https:\/\/www.macapflag.com\/blog\/?s={search_term_string}\"},\"query-input\":{\"@type\":\"PropertyValueSpecification\",\"valueRequired\":true,\"valueName\":\"search_term_string\"}}],\"inLanguage\":\"fr-FR\"},{\"@type\":\"Organization\",\"@id\":\"https:\/\/www.macapflag.com\/blog\/#organization\",\"name\":\"macapflag\",\"url\":\"https:\/\/www.macapflag.com\/blog\/\",\"logo\":{\"@type\":\"ImageObject\",\"inLanguage\":\"fr-FR\",\"@id\":\"https:\/\/www.macapflag.com\/blog\/#\/schema\/logo\/image\/\",\"url\":\"https:\/\/www.macapflag.com\/blog\/wp-content\/uploads\/2020\/12\/cropped-M-512-1.png\",\"contentUrl\":\"https:\/\/www.macapflag.com\/blog\/wp-content\/uploads\/2020\/12\/cropped-M-512-1.png\",\"width\":512,\"height\":512,\"caption\":\"macapflag\"},\"image\":{\"@id\":\"https:\/\/www.macapflag.com\/blog\/#\/schema\/logo\/image\/\"},\"sameAs\":[\"https:\/\/www.facebook.com\/macap.pavoisement\/\",\"https:\/\/www.instagram.com\/macapflag\/?hl=fr\",\"https:\/\/www.linkedin.com\/company\/macap\/?originalSubdomain=fr\",\"https:\/\/www.youtube.com\/channel\/UCXNzTIdZh9poEBjSXEqDtNw\"]},{\"@type\":\"Person\",\"@id\":\"https:\/\/www.macapflag.com\/blog\/#\/schema\/person\/3fea701f2603875e651e6b662578fc3c\",\"name\":\"Blog Macap\",\"image\":{\"@type\":\"ImageObject\",\"inLanguage\":\"fr-FR\",\"@id\":\"https:\/\/www.macapflag.com\/blog\/#\/schema\/person\/image\/\",\"url\":\"https:\/\/secure.gravatar.com\/avatar\/c12551f2dc51f0db049633b03e7856985477a70da834cc8967dea4ce54bdd6a2?s=96&d=mm&r=g\",\"contentUrl\":\"https:\/\/secure.gravatar.com\/avatar\/c12551f2dc51f0db049633b03e7856985477a70da834cc8967dea4ce54bdd6a2?s=96&d=mm&r=g\",\"caption\":\"Blog Macap\"},\"url\":\"https:\/\/www.macapflag.com\/blog\/author\/macap\/\"}]}<\/script>\n<!-- \/ Yoast SEO plugin. -->","yoast_head_json":{"title":"Et si on vous proposait ... Un Kit Com' pour les \u00e9coles","description":"Avec la loi Peillon et la loi Blanquer, les \u00e9coles doivent respecter des obligations d'affichage. Macap les accompagne avec des solutions pratiques","robots":{"index":"index","follow":"follow","max-snippet":"max-snippet:-1","max-image-preview":"max-image-preview:large","max-video-preview":"max-video-preview:-1"},"canonical":"https:\/\/www.macapflag.com\/blog\/un-kit-communication-ecoles\/","og_locale":"fr_FR","og_type":"article","og_title":"Et si on vous proposait ... Un Kit Com' pour les \u00e9coles","og_description":"Avec la loi Peillon et la loi Blanquer, les \u00e9coles doivent respecter des obligations d'affichage. Macap les accompagne avec des solutions pratiques","og_url":"https:\/\/www.macapflag.com\/blog\/un-kit-communication-ecoles\/","og_site_name":"Blog - Macap","article_publisher":"https:\/\/www.facebook.com\/macap.pavoisement\/","article_published_time":"2019-09-12T07:59:02+00:00","article_modified_time":"2021-02-23T15:36:17+00:00","og_image":[{"width":700,"height":534,"url":"https:\/\/www.macapflag.com\/blog\/wp-content\/uploads\/2019\/09\/et-si-on-vous-proposait-TITRE-macap.gif","type":"image\/gif"}],"author":"Blog Macap","twitter_card":"summary_large_image","twitter_misc":{"\u00c9crit par":"Blog Macap","Dur\u00e9e de lecture estim\u00e9e":"3 minutes"},"schema":{"@context":"https:\/\/schema.org","@graph":[{"@type":"Article","@id":"https:\/\/www.macapflag.com\/blog\/un-kit-communication-ecoles\/#article","isPartOf":{"@id":"https:\/\/www.macapflag.com\/blog\/un-kit-communication-ecoles\/"},"author":{"name":"Blog Macap","@id":"https:\/\/www.macapflag.com\/blog\/#\/schema\/person\/3fea701f2603875e651e6b662578fc3c"},"headline":"Un Kit Com&#8217; sp\u00e9cial Ecoles !","datePublished":"2019-09-12T07:59:02+00:00","dateModified":"2021-02-23T15:36:17+00:00","mainEntityOfPage":{"@id":"https:\/\/www.macapflag.com\/blog\/un-kit-communication-ecoles\/"},"wordCount":519,"publisher":{"@id":"https:\/\/www.macapflag.com\/blog\/#organization"},"image":{"@id":"https:\/\/www.macapflag.com\/blog\/un-kit-communication-ecoles\/#primaryimage"},"thumbnailUrl":"https:\/\/www.macapflag.com\/blog\/wp-content\/uploads\/2019\/09\/et-si-on-vous-proposait-TITRE-macap.gif","keywords":["collectivit\u00e9s","kit","kit communication","mairie"],"articleSection":["Produits &amp; Solutions"],"inLanguage":"fr-FR"},{"@type":"WebPage","@id":"https:\/\/www.macapflag.com\/blog\/un-kit-communication-ecoles\/","url":"https:\/\/www.macapflag.com\/blog\/un-kit-communication-ecoles\/","name":"Et si on vous proposait ... Un Kit Com' pour les \u00e9coles","isPartOf":{"@id":"https:\/\/www.macapflag.com\/blog\/#website"},"primaryImageOfPage":{"@id":"https:\/\/www.macapflag.com\/blog\/un-kit-communication-ecoles\/#primaryimage"},"image":{"@id":"https:\/\/www.macapflag.com\/blog\/un-kit-communication-ecoles\/#primaryimage"},"thumbnailUrl":"https:\/\/www.macapflag.com\/blog\/wp-content\/uploads\/2019\/09\/et-si-on-vous-proposait-TITRE-macap.gif","datePublished":"2019-09-12T07:59:02+00:00","dateModified":"2021-02-23T15:36:17+00:00","description":"Avec la loi Peillon et la loi Blanquer, les \u00e9coles doivent respecter des obligations d'affichage. Macap les accompagne avec des solutions pratiques","breadcrumb":{"@id":"https:\/\/www.macapflag.com\/blog\/un-kit-communication-ecoles\/#breadcrumb"},"inLanguage":"fr-FR","potentialAction":[{"@type":"ReadAction","target":["https:\/\/www.macapflag.com\/blog\/un-kit-communication-ecoles\/"]}]},{"@type":"ImageObject","inLanguage":"fr-FR","@id":"https:\/\/www.macapflag.com\/blog\/un-kit-communication-ecoles\/#primaryimage","url":"https:\/\/www.macapflag.com\/blog\/wp-content\/uploads\/2019\/09\/et-si-on-vous-proposait-TITRE-macap.gif","contentUrl":"https:\/\/www.macapflag.com\/blog\/wp-content\/uploads\/2019\/09\/et-si-on-vous-proposait-TITRE-macap.gif","width":700,"height":534,"caption":"Et si on vous proposait des solutions de communication pratiques et innovantes ?"},{"@type":"BreadcrumbList","@id":"https:\/\/www.macapflag.com\/blog\/un-kit-communication-ecoles\/#breadcrumb","itemListElement":[{"@type":"ListItem","position":1,"name":"Accueil","item":"https:\/\/www.macapflag.com\/blog\/"},{"@type":"ListItem","position":2,"name":"Un Kit Com&#8217; sp\u00e9cial Ecoles !"}]},{"@type":"WebSite","@id":"https:\/\/www.macapflag.com\/blog\/#website","url":"https:\/\/www.macapflag.com\/blog\/","name":"Blog - Macap","description":"Tous nos articles","publisher":{"@id":"https:\/\/www.macapflag.com\/blog\/#organization"},"potentialAction":[{"@type":"SearchAction","target":{"@type":"EntryPoint","urlTemplate":"https:\/\/www.macapflag.com\/blog\/?s={search_term_string}"},"query-input":{"@type":"PropertyValueSpecification","valueRequired":true,"valueName":"search_term_string"}}],"inLanguage":"fr-FR"},{"@type":"Organization","@id":"https:\/\/www.macapflag.com\/blog\/#organization","name":"macapflag","url":"https:\/\/www.macapflag.com\/blog\/","logo":{"@type":"ImageObject","inLanguage":"fr-FR","@id":"https:\/\/www.macapflag.com\/blog\/#\/schema\/logo\/image\/","url":"https:\/\/www.macapflag.com\/blog\/wp-content\/uploads\/2020\/12\/cropped-M-512-1.png","contentUrl":"https:\/\/www.macapflag.com\/blog\/wp-content\/uploads\/2020\/12\/cropped-M-512-1.png","width":512,"height":512,"caption":"macapflag"},"image":{"@id":"https:\/\/www.macapflag.com\/blog\/#\/schema\/logo\/image\/"},"sameAs":["https:\/\/www.facebook.com\/macap.pavoisement\/","https:\/\/www.instagram.com\/macapflag\/?hl=fr","https:\/\/www.linkedin.com\/company\/macap\/?originalSubdomain=fr","https:\/\/www.youtube.com\/channel\/UCXNzTIdZh9poEBjSXEqDtNw"]},{"@type":"Person","@id":"https:\/\/www.macapflag.com\/blog\/#\/schema\/person\/3fea701f2603875e651e6b662578fc3c","name":"Blog Macap","image":{"@type":"ImageObject","inLanguage":"fr-FR","@id":"https:\/\/www.macapflag.com\/blog\/#\/schema\/person\/image\/","url":"https:\/\/secure.gravatar.com\/avatar\/c12551f2dc51f0db049633b03e7856985477a70da834cc8967dea4ce54bdd6a2?s=96&d=mm&r=g","contentUrl":"https:\/\/secure.gravatar.com\/avatar\/c12551f2dc51f0db049633b03e7856985477a70da834cc8967dea4ce54bdd6a2?s=96&d=mm&r=g","caption":"Blog Macap"},"url":"https:\/\/www.macapflag.com\/blog\/author\/macap\/"}]}},"_links":{"self":[{"href":"https:\/\/www.macapflag.com\/blog\/wp-json\/wp\/v2\/posts\/4046","targetHints":{"allow":["GET"]}}],"collection":[{"href":"https:\/\/www.macapflag.com\/blog\/wp-json\/wp\/v2\/posts"}],"about":[{"href":"https:\/\/www.macapflag.com\/blog\/wp-json\/wp\/v2\/types\/post"}],"author":[{"embeddable":true,"href":"https:\/\/www.macapflag.com\/blog\/wp-json\/wp\/v2\/users\/2"}],"replies":[{"embeddable":true,"href":"https:\/\/www.macapflag.com\/blog\/wp-json\/wp\/v2\/comments?post=4046"}],"version-history":[{"count":13,"href":"https:\/\/www.macapflag.com\/blog\/wp-json\/wp\/v2\/posts\/4046\/revisions"}],"predecessor-version":[{"id":6648,"href":"https:\/\/www.macapflag.com\/blog\/wp-json\/wp\/v2\/posts\/4046\/revisions\/6648"}],"wp:featuredmedia":[{"embeddable":true,"href":"https:\/\/www.macapflag.com\/blog\/wp-json\/wp\/v2\/media\/4074"}],"wp:attachment":[{"href":"https:\/\/www.macapflag.com\/blog\/wp-json\/wp\/v2\/media?parent=4046"}],"wp:term":[{"taxonomy":"category","embeddable":true,"href":"https:\/\/www.macapflag.com\/blog\/wp-json\/wp\/v2\/categories?post=4046"},{"taxonomy":"post_tag","embeddable":true,"href":"https:\/\/www.macapflag.com\/blog\/wp-json\/wp\/v2\/tags?post=4046"}],"curies":[{"name":"wp","href":"https:\/\/api.w.org\/{rel}","templated":true}]}}