{"id":4076,"date":"2019-09-21T15:00:32","date_gmt":"2019-09-21T13:00:32","guid":{"rendered":"https:\/\/www.macapflag.com\/blog\/?p=4076"},"modified":"2019-09-23T10:16:40","modified_gmt":"2019-09-23T08:16:40","slug":"marcel-cerdan","status":"publish","type":"post","link":"https:\/\/www.macapflag.com\/blog\/marcel-cerdan\/","title":{"rendered":"Le 21 Septembre 1948"},"content":{"rendered":"\t\t<div data-elementor-type=\"wp-post\" data-elementor-id=\"4076\" class=\"elementor elementor-4076 elementor-bc-flex-widget\">\n\t\t\t\t\t\t<section class=\"elementor-section elementor-top-section elementor-element elementor-element-bc05e1a elementor-section-boxed elementor-section-height-default elementor-section-height-default\" data-id=\"bc05e1a\" data-element_type=\"section\">\n\t\t\t\t\t\t<div class=\"elementor-container elementor-column-gap-default\">\n\t\t\t\t\t<div class=\"elementor-column elementor-col-100 elementor-top-column elementor-element elementor-element-8c2cd1b\" data-id=\"8c2cd1b\" data-element_type=\"column\">\n\t\t\t<div class=\"elementor-widget-wrap elementor-element-populated\">\n\t\t\t\t\t\t<div class=\"elementor-element elementor-element-1a86409 elementor-widget elementor-widget-text-editor\" data-id=\"1a86409\" data-element_type=\"widget\" data-widget_type=\"text-editor.default\">\n\t\t\t\t<div class=\"elementor-widget-container\">\n\t\t\t\t\t\t\t\t\t<h2 style=\"text-align: center;\"><strong><span style=\"font-size: 30pt;\">Marcel Cerdan est sacr\u00e9 champion du monde<br \/>des poids moyens<\/span><\/strong><\/h2>\t\t\t\t\t\t\t\t<\/div>\n\t\t\t\t<\/div>\n\t\t\t\t\t<\/div>\n\t\t<\/div>\n\t\t\t\t\t<\/div>\n\t\t<\/section>\n\t\t\t\t<section class=\"elementor-section elementor-top-section elementor-element elementor-element-1471298 elementor-section-boxed elementor-section-height-default elementor-section-height-default\" data-id=\"1471298\" data-element_type=\"section\">\n\t\t\t\t\t\t<div class=\"elementor-container elementor-column-gap-default\">\n\t\t\t\t\t<div class=\"elementor-column elementor-col-100 elementor-top-column elementor-element elementor-element-3cc6379\" data-id=\"3cc6379\" data-element_type=\"column\">\n\t\t\t<div class=\"elementor-widget-wrap elementor-element-populated\">\n\t\t\t\t\t\t<div class=\"elementor-element elementor-element-4121e0d elementor-widget elementor-widget-image\" data-id=\"4121e0d\" data-element_type=\"widget\" data-widget_type=\"image.default\">\n\t\t\t\t<div class=\"elementor-widget-container\">\n\t\t\t\t\t\t\t\t\t\t\t\t\t\t\t<img fetchpriority=\"high\" decoding=\"async\" width=\"700\" height=\"534\" src=\"https:\/\/www.macapflag.com\/blog\/wp-content\/uploads\/2019\/09\/Cerdan.gif\" class=\"attachment-large size-large wp-image-4078\" alt=\"Le 21 Septembre 1948, Marcel Cerdan devient champion du monde des poids moyens\" \/>\t\t\t\t\t\t\t\t\t\t\t\t\t\t\t<\/div>\n\t\t\t\t<\/div>\n\t\t\t\t\t<\/div>\n\t\t<\/div>\n\t\t\t\t\t<\/div>\n\t\t<\/section>\n\t\t\t\t<section class=\"elementor-section elementor-top-section elementor-element elementor-element-3b09f96 elementor-section-boxed elementor-section-height-default elementor-section-height-default\" data-id=\"3b09f96\" data-element_type=\"section\">\n\t\t\t\t\t\t<div class=\"elementor-container elementor-column-gap-default\">\n\t\t\t\t\t<div class=\"elementor-column elementor-col-100 elementor-top-column elementor-element elementor-element-57a71e3\" data-id=\"57a71e3\" data-element_type=\"column\">\n\t\t\t<div class=\"elementor-widget-wrap elementor-element-populated\">\n\t\t\t\t\t\t<div class=\"elementor-element elementor-element-cd32594 elementor-widget elementor-widget-text-editor\" data-id=\"cd32594\" data-element_type=\"widget\" data-widget_type=\"text-editor.default\">\n\t\t\t\t<div class=\"elementor-widget-container\">\n\t\t\t\t\t\t\t\t\t<p><span style=\"font-size: 14pt; color: #000000;\">Marcel Cerdan, ce fran\u00e7ais n\u00e9 au Maroc d&#8217;un p\u00e8re charcutier et qui vit alors une folle histoire d&#8217;amour avec Edith Piaf devient champion du monde des poids moyens en ce 21 Septembre 1948. Il remporte le match qui l&#8217;oppose \u00e0 Tony Zale. La France toute enti\u00e8re s&#8217;enflamme devant cette victoire haute en symbole. Marcel Cerdan, peid-noir issu d&#8217;un milieu modeste \u00e0 qui tout semble aujourd&#8217;hui r\u00e9ussir remporte une victoire contre un am\u00e9ricain. Comme une revanche sur le mauvais sort, comme la roue qui tourne pour donner leur chance aux moins en veine.<br \/>Malheureusement, l&#8217;embellie ne durera pas. Marcel Cerdan perdra son titre de champion du monde en Juin 1949 contre Jake la Motta et sa vie, le 27 Octobre 1949 dans un tragique accident d&#8217;avion. Il allait rejoindre Edith Piaf \u00e0 New-York. Leur amour qui aura dur\u00e9 moins de deux ans entre alors dans la l\u00e9gende.<\/span><\/p>\t\t\t\t\t\t\t\t<\/div>\n\t\t\t\t<\/div>\n\t\t\t\t\t<\/div>\n\t\t<\/div>\n\t\t\t\t\t<\/div>\n\t\t<\/section>\n\t\t\t\t<section class=\"elementor-section elementor-top-section elementor-element elementor-element-a294848 elementor-section-boxed elementor-section-height-default elementor-section-height-default\" data-id=\"a294848\" data-element_type=\"section\">\n\t\t\t\t\t\t<div class=\"elementor-container elementor-column-gap-default\">\n\t\t\t\t\t<div class=\"elementor-column elementor-col-100 elementor-top-column elementor-element elementor-element-a8a4036\" data-id=\"a8a4036\" data-element_type=\"column\">\n\t\t\t<div class=\"elementor-widget-wrap elementor-element-populated\">\n\t\t\t\t\t\t<div class=\"elementor-element elementor-element-06c7a5f elementor-widget elementor-widget-text-editor\" data-id=\"06c7a5f\" data-element_type=\"widget\" data-widget_type=\"text-editor.default\">\n\t\t\t\t<div class=\"elementor-widget-container\">\n\t\t\t\t\t\t\t\t\t<h2 style=\"text-align: center;\"><strong><span style=\"font-size: 30pt;\">Et les plus beaux drapeaux fran\u00e7ais<br \/>ont \u00e9t\u00e9 brandis ce jour l\u00e0 &#8230;<\/span><\/strong><\/h2>\t\t\t\t\t\t\t\t<\/div>\n\t\t\t\t<\/div>\n\t\t\t\t\t<\/div>\n\t\t<\/div>\n\t\t\t\t\t<\/div>\n\t\t<\/section>\n\t\t\t\t<section class=\"elementor-section elementor-top-section elementor-element elementor-element-bd9db21 elementor-section-boxed elementor-section-height-default elementor-section-height-default\" data-id=\"bd9db21\" data-element_type=\"section\">\n\t\t\t\t\t\t<div class=\"elementor-container elementor-column-gap-default\">\n\t\t\t\t\t<div class=\"elementor-column elementor-col-100 elementor-top-column elementor-element elementor-element-40119fd\" data-id=\"40119fd\" data-element_type=\"column\">\n\t\t\t<div class=\"elementor-widget-wrap elementor-element-populated\">\n\t\t\t\t\t\t<div class=\"elementor-element elementor-element-9872ffd elementor-widget elementor-widget-text-editor\" data-id=\"9872ffd\" data-element_type=\"widget\" data-widget_type=\"text-editor.default\">\n\t\t\t\t<div class=\"elementor-widget-container\">\n\t\t\t\t\t\t\t\t\t<p style=\"text-align: center;\"><span style=\"color: #000000; font-size: 14pt;\"><em>Life is a beautiful print !<\/em><\/span><\/p>\t\t\t\t\t\t\t\t<\/div>\n\t\t\t\t<\/div>\n\t\t\t\t\t<\/div>\n\t\t<\/div>\n\t\t\t\t\t<\/div>\n\t\t<\/section>\n\t\t\t\t<\/div>\n\t\t","protected":false},"excerpt":{"rendered":"<div class=\"tmnf_excerpt\"><p>Marcel Cerdan est sacr\u00e9 champion du mondedes poids moyens Marcel Cerdan, ce fran\u00e7ais n\u00e9 au Maroc d&#8217;un p\u00e8re charcutier et qui vit alors une folle histoire d&#8217;amour avec Edith Piaf devient champion du monde des poids moyens en ce 21 Septembre 1948. Il remporte le match qui l&#8217;oppose \u00e0 Tony Zale. La France toute enti\u00e8re &hellip;<\/p>\n<\/div>","protected":false},"author":2,"featured_media":2440,"comment_status":"closed","ping_status":"open","sticky":false,"template":"template-fullwidth.php","format":"standard","meta":{"footnotes":""},"categories":[92],"tags":[],"class_list":["post-4076","post","type-post","status-publish","format-standard","has-post-thumbnail","hentry","category-news"],"yoast_head":"<!-- This site is optimized with the Yoast SEO plugin v26.4 - https:\/\/yoast.com\/wordpress\/plugins\/seo\/ -->\n<title>Marcel Cerdan est sacr\u00e9 Champion du monde des poids moyens<\/title>\n<meta name=\"description\" content=\"Alors qu&#039;il vit une folle histoire d&#039;amour avec Edith Piaf, Marcel Cerdan remporte son match contre Zale et devient ainsi champion du monde des poids moyens\" \/>\n<meta name=\"robots\" content=\"index, follow, max-snippet:-1, max-image-preview:large, max-video-preview:-1\" \/>\n<link rel=\"canonical\" href=\"https:\/\/www.macapflag.com\/blog\/marcel-cerdan\/\" \/>\n<meta property=\"og:locale\" content=\"fr_FR\" \/>\n<meta property=\"og:type\" content=\"article\" \/>\n<meta property=\"og:title\" content=\"Marcel Cerdan est sacr\u00e9 Champion du monde des poids moyens\" \/>\n<meta property=\"og:description\" content=\"Alors qu&#039;il vit une folle histoire d&#039;amour avec Edith Piaf, Marcel Cerdan remporte son match contre Zale et devient ainsi champion du monde des poids moyens\" \/>\n<meta property=\"og:url\" content=\"https:\/\/www.macapflag.com\/blog\/marcel-cerdan\/\" \/>\n<meta property=\"og:site_name\" content=\"Blog - Macap\" \/>\n<meta property=\"article:publisher\" content=\"https:\/\/www.facebook.com\/macap.pavoisement\/\" \/>\n<meta property=\"article:published_time\" content=\"2019-09-21T13:00:32+00:00\" \/>\n<meta property=\"article:modified_time\" content=\"2019-09-23T08:16:40+00:00\" \/>\n<meta property=\"og:image\" content=\"https:\/\/www.macapflag.com\/blog\/wp-content\/uploads\/2018\/07\/Ca-sest-pass\u00e9-ce-jour-l\u00e0-macap.jpg\" \/>\n\t<meta property=\"og:image:width\" content=\"700\" \/>\n\t<meta property=\"og:image:height\" content=\"537\" \/>\n\t<meta property=\"og:image:type\" content=\"image\/jpeg\" \/>\n<meta name=\"author\" content=\"Blog Macap\" \/>\n<meta name=\"twitter:card\" content=\"summary_large_image\" \/>\n<meta name=\"twitter:label1\" content=\"\u00c9crit par\" \/>\n\t<meta name=\"twitter:data1\" content=\"Blog Macap\" \/>\n\t<meta name=\"twitter:label2\" content=\"Dur\u00e9e de lecture estim\u00e9e\" \/>\n\t<meta name=\"twitter:data2\" content=\"1 minute\" \/>\n<script type=\"application\/ld+json\" class=\"yoast-schema-graph\">{\"@context\":\"https:\/\/schema.org\",\"@graph\":[{\"@type\":\"Article\",\"@id\":\"https:\/\/www.macapflag.com\/blog\/marcel-cerdan\/#article\",\"isPartOf\":{\"@id\":\"https:\/\/www.macapflag.com\/blog\/marcel-cerdan\/\"},\"author\":{\"name\":\"Blog Macap\",\"@id\":\"https:\/\/www.macapflag.com\/blog\/#\/schema\/person\/3fea701f2603875e651e6b662578fc3c\"},\"headline\":\"Le 21 Septembre 1948\",\"datePublished\":\"2019-09-21T13:00:32+00:00\",\"dateModified\":\"2019-09-23T08:16:40+00:00\",\"mainEntityOfPage\":{\"@id\":\"https:\/\/www.macapflag.com\/blog\/marcel-cerdan\/\"},\"wordCount\":172,\"publisher\":{\"@id\":\"https:\/\/www.macapflag.com\/blog\/#organization\"},\"image\":{\"@id\":\"https:\/\/www.macapflag.com\/blog\/marcel-cerdan\/#primaryimage\"},\"thumbnailUrl\":\"https:\/\/www.macapflag.com\/blog\/wp-content\/uploads\/2018\/07\/Ca-sest-pass\u00e9-ce-jour-l\u00e0-macap.jpg\",\"articleSection\":[\"News &amp; Actu\"],\"inLanguage\":\"fr-FR\"},{\"@type\":\"WebPage\",\"@id\":\"https:\/\/www.macapflag.com\/blog\/marcel-cerdan\/\",\"url\":\"https:\/\/www.macapflag.com\/blog\/marcel-cerdan\/\",\"name\":\"Marcel Cerdan est sacr\u00e9 Champion du monde des poids moyens\",\"isPartOf\":{\"@id\":\"https:\/\/www.macapflag.com\/blog\/#website\"},\"primaryImageOfPage\":{\"@id\":\"https:\/\/www.macapflag.com\/blog\/marcel-cerdan\/#primaryimage\"},\"image\":{\"@id\":\"https:\/\/www.macapflag.com\/blog\/marcel-cerdan\/#primaryimage\"},\"thumbnailUrl\":\"https:\/\/www.macapflag.com\/blog\/wp-content\/uploads\/2018\/07\/Ca-sest-pass\u00e9-ce-jour-l\u00e0-macap.jpg\",\"datePublished\":\"2019-09-21T13:00:32+00:00\",\"dateModified\":\"2019-09-23T08:16:40+00:00\",\"description\":\"Alors qu'il vit une folle histoire d'amour avec Edith Piaf, Marcel Cerdan remporte son match contre Zale et devient ainsi champion du monde des poids moyens\",\"breadcrumb\":{\"@id\":\"https:\/\/www.macapflag.com\/blog\/marcel-cerdan\/#breadcrumb\"},\"inLanguage\":\"fr-FR\",\"potentialAction\":[{\"@type\":\"ReadAction\",\"target\":[\"https:\/\/www.macapflag.com\/blog\/marcel-cerdan\/\"]}]},{\"@type\":\"ImageObject\",\"inLanguage\":\"fr-FR\",\"@id\":\"https:\/\/www.macapflag.com\/blog\/marcel-cerdan\/#primaryimage\",\"url\":\"https:\/\/www.macapflag.com\/blog\/wp-content\/uploads\/2018\/07\/Ca-sest-pass\u00e9-ce-jour-l\u00e0-macap.jpg\",\"contentUrl\":\"https:\/\/www.macapflag.com\/blog\/wp-content\/uploads\/2018\/07\/Ca-sest-pass\u00e9-ce-jour-l\u00e0-macap.jpg\",\"width\":700,\"height\":537,\"caption\":\"Ca-s-est-pass\u00e9-ce-jour-l\u00e0-Macap\"},{\"@type\":\"BreadcrumbList\",\"@id\":\"https:\/\/www.macapflag.com\/blog\/marcel-cerdan\/#breadcrumb\",\"itemListElement\":[{\"@type\":\"ListItem\",\"position\":1,\"name\":\"Accueil\",\"item\":\"https:\/\/www.macapflag.com\/blog\/\"},{\"@type\":\"ListItem\",\"position\":2,\"name\":\"Le 21 Septembre 1948\"}]},{\"@type\":\"WebSite\",\"@id\":\"https:\/\/www.macapflag.com\/blog\/#website\",\"url\":\"https:\/\/www.macapflag.com\/blog\/\",\"name\":\"Blog - Macap\",\"description\":\"Tous nos articles\",\"publisher\":{\"@id\":\"https:\/\/www.macapflag.com\/blog\/#organization\"},\"potentialAction\":[{\"@type\":\"SearchAction\",\"target\":{\"@type\":\"EntryPoint\",\"urlTemplate\":\"https:\/\/www.macapflag.com\/blog\/?s={search_term_string}\"},\"query-input\":{\"@type\":\"PropertyValueSpecification\",\"valueRequired\":true,\"valueName\":\"search_term_string\"}}],\"inLanguage\":\"fr-FR\"},{\"@type\":\"Organization\",\"@id\":\"https:\/\/www.macapflag.com\/blog\/#organization\",\"name\":\"macapflag\",\"url\":\"https:\/\/www.macapflag.com\/blog\/\",\"logo\":{\"@type\":\"ImageObject\",\"inLanguage\":\"fr-FR\",\"@id\":\"https:\/\/www.macapflag.com\/blog\/#\/schema\/logo\/image\/\",\"url\":\"https:\/\/www.macapflag.com\/blog\/wp-content\/uploads\/2020\/12\/cropped-M-512-1.png\",\"contentUrl\":\"https:\/\/www.macapflag.com\/blog\/wp-content\/uploads\/2020\/12\/cropped-M-512-1.png\",\"width\":512,\"height\":512,\"caption\":\"macapflag\"},\"image\":{\"@id\":\"https:\/\/www.macapflag.com\/blog\/#\/schema\/logo\/image\/\"},\"sameAs\":[\"https:\/\/www.facebook.com\/macap.pavoisement\/\",\"https:\/\/www.instagram.com\/macapflag\/?hl=fr\",\"https:\/\/www.linkedin.com\/company\/macap\/?originalSubdomain=fr\",\"https:\/\/www.youtube.com\/channel\/UCXNzTIdZh9poEBjSXEqDtNw\"]},{\"@type\":\"Person\",\"@id\":\"https:\/\/www.macapflag.com\/blog\/#\/schema\/person\/3fea701f2603875e651e6b662578fc3c\",\"name\":\"Blog Macap\",\"image\":{\"@type\":\"ImageObject\",\"inLanguage\":\"fr-FR\",\"@id\":\"https:\/\/www.macapflag.com\/blog\/#\/schema\/person\/image\/\",\"url\":\"https:\/\/secure.gravatar.com\/avatar\/c12551f2dc51f0db049633b03e7856985477a70da834cc8967dea4ce54bdd6a2?s=96&d=mm&r=g\",\"contentUrl\":\"https:\/\/secure.gravatar.com\/avatar\/c12551f2dc51f0db049633b03e7856985477a70da834cc8967dea4ce54bdd6a2?s=96&d=mm&r=g\",\"caption\":\"Blog Macap\"},\"url\":\"https:\/\/www.macapflag.com\/blog\/author\/macap\/\"}]}<\/script>\n<!-- \/ Yoast SEO plugin. -->","yoast_head_json":{"title":"Marcel Cerdan est sacr\u00e9 Champion du monde des poids moyens","description":"Alors qu'il vit une folle histoire d'amour avec Edith Piaf, Marcel Cerdan remporte son match contre Zale et devient ainsi champion du monde des poids moyens","robots":{"index":"index","follow":"follow","max-snippet":"max-snippet:-1","max-image-preview":"max-image-preview:large","max-video-preview":"max-video-preview:-1"},"canonical":"https:\/\/www.macapflag.com\/blog\/marcel-cerdan\/","og_locale":"fr_FR","og_type":"article","og_title":"Marcel Cerdan est sacr\u00e9 Champion du monde des poids moyens","og_description":"Alors qu'il vit une folle histoire d'amour avec Edith Piaf, Marcel Cerdan remporte son match contre Zale et devient ainsi champion du monde des poids moyens","og_url":"https:\/\/www.macapflag.com\/blog\/marcel-cerdan\/","og_site_name":"Blog - Macap","article_publisher":"https:\/\/www.facebook.com\/macap.pavoisement\/","article_published_time":"2019-09-21T13:00:32+00:00","article_modified_time":"2019-09-23T08:16:40+00:00","og_image":[{"width":700,"height":537,"url":"https:\/\/www.macapflag.com\/blog\/wp-content\/uploads\/2018\/07\/Ca-sest-pass\u00e9-ce-jour-l\u00e0-macap.jpg","type":"image\/jpeg"}],"author":"Blog Macap","twitter_card":"summary_large_image","twitter_misc":{"\u00c9crit par":"Blog Macap","Dur\u00e9e de lecture estim\u00e9e":"1 minute"},"schema":{"@context":"https:\/\/schema.org","@graph":[{"@type":"Article","@id":"https:\/\/www.macapflag.com\/blog\/marcel-cerdan\/#article","isPartOf":{"@id":"https:\/\/www.macapflag.com\/blog\/marcel-cerdan\/"},"author":{"name":"Blog Macap","@id":"https:\/\/www.macapflag.com\/blog\/#\/schema\/person\/3fea701f2603875e651e6b662578fc3c"},"headline":"Le 21 Septembre 1948","datePublished":"2019-09-21T13:00:32+00:00","dateModified":"2019-09-23T08:16:40+00:00","mainEntityOfPage":{"@id":"https:\/\/www.macapflag.com\/blog\/marcel-cerdan\/"},"wordCount":172,"publisher":{"@id":"https:\/\/www.macapflag.com\/blog\/#organization"},"image":{"@id":"https:\/\/www.macapflag.com\/blog\/marcel-cerdan\/#primaryimage"},"thumbnailUrl":"https:\/\/www.macapflag.com\/blog\/wp-content\/uploads\/2018\/07\/Ca-sest-pass\u00e9-ce-jour-l\u00e0-macap.jpg","articleSection":["News &amp; Actu"],"inLanguage":"fr-FR"},{"@type":"WebPage","@id":"https:\/\/www.macapflag.com\/blog\/marcel-cerdan\/","url":"https:\/\/www.macapflag.com\/blog\/marcel-cerdan\/","name":"Marcel Cerdan est sacr\u00e9 Champion du monde des poids moyens","isPartOf":{"@id":"https:\/\/www.macapflag.com\/blog\/#website"},"primaryImageOfPage":{"@id":"https:\/\/www.macapflag.com\/blog\/marcel-cerdan\/#primaryimage"},"image":{"@id":"https:\/\/www.macapflag.com\/blog\/marcel-cerdan\/#primaryimage"},"thumbnailUrl":"https:\/\/www.macapflag.com\/blog\/wp-content\/uploads\/2018\/07\/Ca-sest-pass\u00e9-ce-jour-l\u00e0-macap.jpg","datePublished":"2019-09-21T13:00:32+00:00","dateModified":"2019-09-23T08:16:40+00:00","description":"Alors qu'il vit une folle histoire d'amour avec Edith Piaf, Marcel Cerdan remporte son match contre Zale et devient ainsi champion du monde des poids moyens","breadcrumb":{"@id":"https:\/\/www.macapflag.com\/blog\/marcel-cerdan\/#breadcrumb"},"inLanguage":"fr-FR","potentialAction":[{"@type":"ReadAction","target":["https:\/\/www.macapflag.com\/blog\/marcel-cerdan\/"]}]},{"@type":"ImageObject","inLanguage":"fr-FR","@id":"https:\/\/www.macapflag.com\/blog\/marcel-cerdan\/#primaryimage","url":"https:\/\/www.macapflag.com\/blog\/wp-content\/uploads\/2018\/07\/Ca-sest-pass\u00e9-ce-jour-l\u00e0-macap.jpg","contentUrl":"https:\/\/www.macapflag.com\/blog\/wp-content\/uploads\/2018\/07\/Ca-sest-pass\u00e9-ce-jour-l\u00e0-macap.jpg","width":700,"height":537,"caption":"Ca-s-est-pass\u00e9-ce-jour-l\u00e0-Macap"},{"@type":"BreadcrumbList","@id":"https:\/\/www.macapflag.com\/blog\/marcel-cerdan\/#breadcrumb","itemListElement":[{"@type":"ListItem","position":1,"name":"Accueil","item":"https:\/\/www.macapflag.com\/blog\/"},{"@type":"ListItem","position":2,"name":"Le 21 Septembre 1948"}]},{"@type":"WebSite","@id":"https:\/\/www.macapflag.com\/blog\/#website","url":"https:\/\/www.macapflag.com\/blog\/","name":"Blog - Macap","description":"Tous nos articles","publisher":{"@id":"https:\/\/www.macapflag.com\/blog\/#organization"},"potentialAction":[{"@type":"SearchAction","target":{"@type":"EntryPoint","urlTemplate":"https:\/\/www.macapflag.com\/blog\/?s={search_term_string}"},"query-input":{"@type":"PropertyValueSpecification","valueRequired":true,"valueName":"search_term_string"}}],"inLanguage":"fr-FR"},{"@type":"Organization","@id":"https:\/\/www.macapflag.com\/blog\/#organization","name":"macapflag","url":"https:\/\/www.macapflag.com\/blog\/","logo":{"@type":"ImageObject","inLanguage":"fr-FR","@id":"https:\/\/www.macapflag.com\/blog\/#\/schema\/logo\/image\/","url":"https:\/\/www.macapflag.com\/blog\/wp-content\/uploads\/2020\/12\/cropped-M-512-1.png","contentUrl":"https:\/\/www.macapflag.com\/blog\/wp-content\/uploads\/2020\/12\/cropped-M-512-1.png","width":512,"height":512,"caption":"macapflag"},"image":{"@id":"https:\/\/www.macapflag.com\/blog\/#\/schema\/logo\/image\/"},"sameAs":["https:\/\/www.facebook.com\/macap.pavoisement\/","https:\/\/www.instagram.com\/macapflag\/?hl=fr","https:\/\/www.linkedin.com\/company\/macap\/?originalSubdomain=fr","https:\/\/www.youtube.com\/channel\/UCXNzTIdZh9poEBjSXEqDtNw"]},{"@type":"Person","@id":"https:\/\/www.macapflag.com\/blog\/#\/schema\/person\/3fea701f2603875e651e6b662578fc3c","name":"Blog Macap","image":{"@type":"ImageObject","inLanguage":"fr-FR","@id":"https:\/\/www.macapflag.com\/blog\/#\/schema\/person\/image\/","url":"https:\/\/secure.gravatar.com\/avatar\/c12551f2dc51f0db049633b03e7856985477a70da834cc8967dea4ce54bdd6a2?s=96&d=mm&r=g","contentUrl":"https:\/\/secure.gravatar.com\/avatar\/c12551f2dc51f0db049633b03e7856985477a70da834cc8967dea4ce54bdd6a2?s=96&d=mm&r=g","caption":"Blog Macap"},"url":"https:\/\/www.macapflag.com\/blog\/author\/macap\/"}]}},"_links":{"self":[{"href":"https:\/\/www.macapflag.com\/blog\/wp-json\/wp\/v2\/posts\/4076","targetHints":{"allow":["GET"]}}],"collection":[{"href":"https:\/\/www.macapflag.com\/blog\/wp-json\/wp\/v2\/posts"}],"about":[{"href":"https:\/\/www.macapflag.com\/blog\/wp-json\/wp\/v2\/types\/post"}],"author":[{"embeddable":true,"href":"https:\/\/www.macapflag.com\/blog\/wp-json\/wp\/v2\/users\/2"}],"replies":[{"embeddable":true,"href":"https:\/\/www.macapflag.com\/blog\/wp-json\/wp\/v2\/comments?post=4076"}],"version-history":[{"count":7,"href":"https:\/\/www.macapflag.com\/blog\/wp-json\/wp\/v2\/posts\/4076\/revisions"}],"predecessor-version":[{"id":4085,"href":"https:\/\/www.macapflag.com\/blog\/wp-json\/wp\/v2\/posts\/4076\/revisions\/4085"}],"wp:featuredmedia":[{"embeddable":true,"href":"https:\/\/www.macapflag.com\/blog\/wp-json\/wp\/v2\/media\/2440"}],"wp:attachment":[{"href":"https:\/\/www.macapflag.com\/blog\/wp-json\/wp\/v2\/media?parent=4076"}],"wp:term":[{"taxonomy":"category","embeddable":true,"href":"https:\/\/www.macapflag.com\/blog\/wp-json\/wp\/v2\/categories?post=4076"},{"taxonomy":"post_tag","embeddable":true,"href":"https:\/\/www.macapflag.com\/blog\/wp-json\/wp\/v2\/tags?post=4076"}],"curies":[{"name":"wp","href":"https:\/\/api.w.org\/{rel}","templated":true}]}}