{"id":4109,"date":"2019-09-30T09:16:23","date_gmt":"2019-09-30T07:16:23","guid":{"rendered":"https:\/\/www.macapflag.com\/blog\/?p=4109"},"modified":"2019-11-25T10:39:45","modified_gmt":"2019-11-25T09:39:45","slug":"histoire-macap","status":"publish","type":"post","link":"https:\/\/www.macapflag.com\/blog\/histoire-macap\/","title":{"rendered":"La belle histoire de MACAP"},"content":{"rendered":"\t\t<div data-elementor-type=\"wp-post\" data-elementor-id=\"4109\" class=\"elementor elementor-4109 elementor-bc-flex-widget\">\n\t\t\t\t\t\t<section class=\"elementor-section elementor-top-section elementor-element elementor-element-3e1f825 elementor-section-boxed elementor-section-height-default elementor-section-height-default\" data-id=\"3e1f825\" data-element_type=\"section\">\n\t\t\t\t\t\t<div class=\"elementor-container elementor-column-gap-default\">\n\t\t\t\t\t<div class=\"elementor-column elementor-col-100 elementor-top-column elementor-element elementor-element-910c05e\" data-id=\"910c05e\" data-element_type=\"column\">\n\t\t\t<div class=\"elementor-widget-wrap elementor-element-populated\">\n\t\t\t\t\t\t<div class=\"elementor-element elementor-element-0e5ce34 elementor-widget elementor-widget-text-editor\" data-id=\"0e5ce34\" data-element_type=\"widget\" data-widget_type=\"text-editor.default\">\n\t\t\t\t<div class=\"elementor-widget-container\">\n\t\t\t\t\t\t\t\t\t<p><span style=\"font-size: 14pt; color: #000000;\">Les plus belles aventures entrepreneuriales sont souvent faites de jolies histoires que l\u2019on oublie trop souvent de raconter.<\/span><br \/><span style=\"font-size: 14pt; color: #000000;\">Lorsqu&#8217;on pense Macap, on pense drapeaux, <a href=\"https:\/\/www.macapflag.com\/41-beach-flag-oriflamme\" target=\"_blank\" rel=\"noopener\"><strong><span style=\"color: #3366ff;\">beach flag<\/span><\/strong><\/a>, impression num\u00e9rique grand format, Total, Mc Donald\u2019s ou encore mariage princier \u00e0 Monaco.<\/span><\/p><p><span style=\"font-size: 14pt; color: #000000;\">Comme si cela avait toujours exist\u00e9 \u2026<\/span><\/p><p><span style=\"font-size: 14pt; color: #000000;\">Pourtant derri\u00e8re ce savant mariage entre tradition et modernit\u00e9 se cachent plus de cinquante ans de de travail, de souvenirs et de remises en question.<\/span><\/p><p><span style=\"font-size: 14pt; color: #000000;\">Derri\u00e8re cette r\u00e9ussite d\u2019entreprise, se trouve une histoire d\u2019hommes et d\u2019envie qui d\u00e9bute en <strong>1967<\/strong>.<\/span><br \/><span style=\"font-size: 14pt; color: #000000;\"><strong>Jean-Michel de Ricard<\/strong>, jeune entrepreneur tout juste papa de son premier fils d\u00e9cide alors de donner naissance \u00e0 la soci\u00e9t\u00e9 <strong>Macap<\/strong> \u00e0 Toulon.<\/span><\/p><p><span style=\"font-size: 14pt; color: #000000;\">Son id\u00e9e ? <br \/>Proposer aux entreprises de la r\u00e9gion une gamme personnalis\u00e9e de cadeaux d\u2019affaires. Anecdote amusante, saviez-vous qu\u2019\u00e0 l\u2019origine, les initiales MACAP signifiaient \u201cMat\u00e9riel, Articles et CAdeaux Publicitaires\u201d ?<\/span><br \/><span style=\"font-size: 14pt; color: #000000;\">Si l\u2019id\u00e9e s\u2019av\u00e8re \u00eatre rapidement porteuse, Jean-Michel de Ricard se rend compte tout aussi vite que l\u2019activit\u00e9 de ce secteur se concentre uniquement sur la fin d\u2019ann\u00e9e.<\/span><br \/><span style=\"font-size: 14pt; color: #000000;\">Il r\u00e9fl\u00e9chit alors \u00e0 des opportunit\u00e9s de d\u00e9veloppement diversifi\u00e9es. <\/span><br \/><span style=\"font-size: 14pt; color: #000000;\">Il devine l\u2019essor du tourisme dans la r\u00e9gion. Campings et h\u00f4tels sont demandeurs de drapeaux pour la p\u00e9riode estivale. C\u2019est dans ce contexte qu\u2019il rach\u00e8te, d\u00e8s 1968, un petit atelier de couture sp\u00e9cialis\u00e9 dans la confection de <a href=\"https:\/\/www.macapflag.com\/12-drapeau-pour-mat-personnalise\" target=\"_blank\" rel=\"noopener\"><span style=\"color: #3366ff;\"><strong>drapeaux<\/strong><\/span><\/a>.<\/span><\/p><p><span style=\"font-size: 14pt; color: #000000;\">L\u2019activit\u00e9 annuelle s\u2019organise dor\u00e9navant en deux temps avec un premier semestre consacr\u00e9 \u00e0 la mise en avant des drapeaux et pavillons et une deuxi\u00e8me partie de l\u2019ann\u00e9e d\u00e9di\u00e9e \u00e0 la promotion des cadeaux d\u2019affaires.<\/span><br \/><span style=\"font-size: 14pt; color: #000000;\">Pour offrir une gamme encore plus large de prestations \u00e0 ses clients, Jean-Michel de Ricard cr\u00e9e un atelier d\u2019impression en s\u00e9rigraphie dans lequel sont personnalis\u00e9s drapeaux, t-shirts, casquettes et autres objets publicitaires.<\/span><br \/><span style=\"font-size: 14pt; color: #000000;\">Cette nouvelle branche permettra \u00e0 Macap de p\u00e9n\u00e9trer le march\u00e9 local du sport en proposant des v\u00eatements de sport personnalis\u00e9s aux clubs de la r\u00e9gion.<\/span><br \/><span style=\"font-size: 14pt; color: #000000;\">L\u2019arriv\u00e9e de gros faiseurs sur le march\u00e9 des \u00e9quipements sportifs et la diminution des cadeaux d\u2019affaires am\u00e8neront Jean-Michel de Ricard \u00e0 recentrer l\u2019activit\u00e9 de l\u2019entreprise sur le pavoisement et la communication textile personnalis\u00e9e.<\/span><br \/><span style=\"font-size: 14pt; color: #000000;\">Gr\u00e2ce \u00e0 l\u2019ouverture d\u2019esprit de son dirigeant, Macap a sans cesse su s\u2019adapter, rebondir et saisir les opportunit\u00e9s en int\u00e9grant ses \u00e9quipes dans les nouveaux projets.<\/span><\/p><p><span style=\"font-size: 14pt; color: #000000;\">\u2666\u00a0En <strong>1990<\/strong>, Macap devient <strong>MACAP<\/strong> <strong>Pavoisement<\/strong>. L\u2019entreprise compte alors 11 salari\u00e9s qui emm\u00e9nagent \u00e0 Cuers dans les locaux actuels situ\u00e9s ZAC des Bousquets. <\/span><br \/><span style=\"font-size: 14pt; color: #000000;\">L\u2019acronyme MACAP se mue en MAnufacture de Confection d\u2019Articles de Pavoisement.<\/span><\/p><p><span style=\"font-size: 14pt; color: #000000;\">\u2666\u00a0En <strong>2003<\/strong>, apr\u00e8s avoir transform\u00e9 l\u2019outil d\u2019impression avec un parc cons\u00e9quent de machines num\u00e9riques, Macap arr\u00eate l\u2019impression s\u00e9rigraphique pour s\u2019ouvrir au march\u00e9 des petites aux grandes s\u00e9ries. <strong>Elle poursuit ses investissements dans les imprimantes num\u00e9riques textiles<\/strong> de plus en plus rapides et ajoute une composante d\u2019impression num\u00e9rique sur films PVC.<\/span><\/p><p><span style=\"font-size: 14pt; color: #000000;\">\u2666\u00a0En <strong>2012<\/strong>, Macap investit dans une <strong>calandre industrielle<\/strong> qui fixe la couleur sur les textiles imprim\u00e9s. Elle s\u2019ouvre ainsi au march\u00e9 de l\u2019impression textile grand format.<\/span><\/p><p><span style=\"font-size: 14pt; color: #000000;\">\u2666\u00a0En <strong>2014<\/strong>, une <strong>table de d\u00e9coupe num\u00e9rique grand format<\/strong> s\u2019invite dans le circuit de production c\u00f4toyant ainsi l\u2019atelier de confection et de broderie au sein duquel \u0153uvrent alors dix couturi\u00e8res.<\/span><\/p><p><span style=\"font-size: 14pt; color: #000000;\">2013 et 2017 sont des ann\u00e9es marqu\u00e9es par des \u00e9v\u00e8nements importants sur le plan humain&#8230; Et vous l\u2019aurez compris, chez Macap, l\u2019humain compte beaucoup !<\/span><\/p><p><span style=\"font-size: 14pt; color: #000000;\"><strong>\u2666\u00a02013<\/strong> parce que c\u2019est cette ann\u00e9e-l\u00e0 que <strong>Jean-Michel de Ricard choisira de prendre une retraite bien m\u00e9rit\u00e9e<\/strong> aupr\u00e8s de son \u00e9pouse (et ex-secr\u00e9taire !) Christine. Il c\u00e8de ainsi son fauteuil de pr\u00e9sident \u00e0 <strong>Laurent<\/strong> son fils a\u00een\u00e9, celui qui est n\u00e9 juste avant Macap !<\/span><\/p><p><span style=\"font-size: 14pt; color: #000000;\">\u2666\u00a0L\u2019ann\u00e9e <strong>2017<\/strong>, quant \u00e0 elle, sera marqu\u00e9e par la c<strong>\u00e9l\u00e9bration du cinquantenaire de l\u2019entreprise<\/strong> organis\u00e9 par Laurent de Ricard entour\u00e9 de sa famille et de ses 44 collaborateurs \u00e0 l\u2019op\u00e9ra de Toulon.<\/span><\/p><p><span style=\"font-size: 14pt; color: #000000;\">\u2666\u00a0Aujourd\u2019hui Macap continue son d\u00e9veloppement. Forte de son savoir-faire artisanal et de ses \u00e9quipements de production ultra modernes elle est aujourd\u2019hui <strong>certifi\u00e9e ISO 9001:2015<\/strong>. Comme une cons\u00e9cration de sa mutation industrielle.<\/span><\/p><p><span style=\"font-size: 14pt; color: #000000;\">Tr\u00e8s attach\u00e9 \u00e0 la <strong>fabrication fran\u00e7aise<\/strong> et \u00e0 la pr\u00e9sence de tous les services de l\u2019entreprise sur un seul site, son Pr\u00e9sident met tout en oeuvre pour d\u00e9velopper et entretenir des relations de partenariat p\u00e9rennes tant avec les clients que les fournisseurs de l\u2019entreprise. <\/span><br \/><span style=\"font-size: 14pt; color: #000000;\">Entour\u00e9 d\u2019une solide \u00e9quipe de direction, Laurent de Ricard assure le rayonnement de l\u2019entreprise dans son environnement. <\/span><br \/><span style=\"font-size: 14pt; color: #000000;\">S\u2019il a su faire prendre \u00e0 l\u2019entreprise le virage des nouvelles technologies, il est \u00e9galement rest\u00e9 fid\u00e8le aux principes fondateurs de son p\u00e8re pla\u00e7ant la ressource humaine comme premi\u00e8re richesse de l\u2019entreprise. Si une majorit\u00e9 des t\u00e2ches est aujourd\u2019hui automatis\u00e9e, cela n\u2019a pourtant pas d\u2019impact sur le nombre de salari\u00e9s qui a r\u00e9guli\u00e8rement augment\u00e9 au fil des ans.<\/span><\/p><p><span style=\"font-size: 14pt; color: #000000;\">Il en va de m\u00eame pour la croissance du chiffre d\u2019affaires d\u2019affaires de Macap, r\u00e9alis\u00e9e en conservant un capital 100% familial. Cette ind\u00e9pendance offre une grande souplesse dans la prise de d\u00e9cisions strat\u00e9giques, une agilit\u00e9 et de la r\u00e9activit\u00e9 face aux opportunit\u00e9s qui se pr\u00e9sentent.<\/span><\/p><p><span style=\"font-size: 14pt; color: #000000;\">Agilit\u00e9, humanit\u00e9, ouverture d\u2019esprit, opportunit\u00e9s \u2026 <\/span><br \/><span style=\"font-size: 14pt; color: #000000;\">Comme des mots cl\u00e9s, fils rouges de l\u2019histoire.<\/span><\/p>\t\t\t\t\t\t\t\t<\/div>\n\t\t\t\t<\/div>\n\t\t\t\t\t<\/div>\n\t\t<\/div>\n\t\t\t\t\t<\/div>\n\t\t<\/section>\n\t\t\t\t<section class=\"elementor-section elementor-top-section elementor-element elementor-element-71d0664 elementor-section-boxed elementor-section-height-default elementor-section-height-default\" data-id=\"71d0664\" data-element_type=\"section\">\n\t\t\t\t\t\t<div class=\"elementor-container elementor-column-gap-default\">\n\t\t\t\t\t<div class=\"elementor-column elementor-col-100 elementor-top-column elementor-element elementor-element-40b1690\" data-id=\"40b1690\" data-element_type=\"column\">\n\t\t\t<div class=\"elementor-widget-wrap elementor-element-populated\">\n\t\t\t\t\t\t<div class=\"elementor-element elementor-element-218f561 elementor-invisible elementor-widget elementor-widget-text-editor\" data-id=\"218f561\" data-element_type=\"widget\" data-settings=\"{&quot;_animation&quot;:&quot;fadeInDown&quot;}\" data-widget_type=\"text-editor.default\">\n\t\t\t\t<div class=\"elementor-widget-container\">\n\t\t\t\t\t\t\t\t\t<h2 style=\"text-align: center;\"><span style=\"color: #000000;\"><strong><span style=\"font-size: 30pt;\">Les dates cl\u00e9s en images<\/span><\/strong><\/span><\/h2>\t\t\t\t\t\t\t\t<\/div>\n\t\t\t\t<\/div>\n\t\t\t\t\t<\/div>\n\t\t<\/div>\n\t\t\t\t\t<\/div>\n\t\t<\/section>\n\t\t\t\t<section class=\"elementor-section elementor-top-section elementor-element elementor-element-82d2f39 elementor-section-boxed elementor-section-height-default elementor-section-height-default\" data-id=\"82d2f39\" data-element_type=\"section\">\n\t\t\t\t\t\t<div class=\"elementor-container elementor-column-gap-default\">\n\t\t\t\t\t<div class=\"elementor-column elementor-col-100 elementor-top-column elementor-element elementor-element-6b0d767\" data-id=\"6b0d767\" data-element_type=\"column\">\n\t\t\t<div class=\"elementor-widget-wrap elementor-element-populated\">\n\t\t\t\t\t\t<div class=\"elementor-element elementor-element-39547da elementor-widget elementor-widget-image\" data-id=\"39547da\" data-element_type=\"widget\" data-widget_type=\"image.default\">\n\t\t\t\t<div class=\"elementor-widget-container\">\n\t\t\t\t\t\t\t\t\t\t\t\t\t\t\t<img fetchpriority=\"high\" decoding=\"async\" width=\"700\" height=\"534\" src=\"https:\/\/www.macapflag.com\/blog\/wp-content\/uploads\/2019\/09\/histoire-de-macap-min.gif\" class=\"attachment-large size-large wp-image-4113\" alt=\"Les grandes dates de l&#039;histoire de Macap depuis sa cr\u00e9ation en 1967\" \/>\t\t\t\t\t\t\t\t\t\t\t\t\t\t\t<\/div>\n\t\t\t\t<\/div>\n\t\t\t\t\t<\/div>\n\t\t<\/div>\n\t\t\t\t\t<\/div>\n\t\t<\/section>\n\t\t\t\t<section class=\"elementor-section elementor-top-section elementor-element elementor-element-e6303cc elementor-section-boxed elementor-section-height-default elementor-section-height-default\" data-id=\"e6303cc\" data-element_type=\"section\">\n\t\t\t\t\t\t<div class=\"elementor-container elementor-column-gap-default\">\n\t\t\t\t\t<div class=\"elementor-column elementor-col-100 elementor-top-column elementor-element elementor-element-e2fafb0\" data-id=\"e2fafb0\" data-element_type=\"column\">\n\t\t\t<div class=\"elementor-widget-wrap elementor-element-populated\">\n\t\t\t\t\t\t<div class=\"elementor-element elementor-element-76a4ace elementor-widget elementor-widget-text-editor\" data-id=\"76a4ace\" data-element_type=\"widget\" data-widget_type=\"text-editor.default\">\n\t\t\t\t<div class=\"elementor-widget-container\">\n\t\t\t\t\t\t\t\t\t<p style=\"text-align: center;\"><span style=\"color: #3366ff;\"><strong><a style=\"color: #3366ff;\" href=\"https:\/\/www.macapflag.com\/\" target=\"_blank\" rel=\"noopener\"><span style=\"font-size: 18.6667px;\">https:\/\/www.macapflag.com\/<\/span><\/a><\/strong><\/span><\/p>\t\t\t\t\t\t\t\t<\/div>\n\t\t\t\t<\/div>\n\t\t\t\t\t<\/div>\n\t\t<\/div>\n\t\t\t\t\t<\/div>\n\t\t<\/section>\n\t\t\t\t<section class=\"elementor-section elementor-top-section elementor-element elementor-element-2835c25 elementor-section-boxed elementor-section-height-default elementor-section-height-default\" data-id=\"2835c25\" data-element_type=\"section\">\n\t\t\t\t\t\t<div class=\"elementor-container elementor-column-gap-default\">\n\t\t\t\t\t<div class=\"elementor-column elementor-col-100 elementor-top-column elementor-element elementor-element-91bec63\" data-id=\"91bec63\" data-element_type=\"column\">\n\t\t\t<div class=\"elementor-widget-wrap elementor-element-populated\">\n\t\t\t\t\t\t<div class=\"elementor-element elementor-element-0a06d96 elementor-widget elementor-widget-text-editor\" data-id=\"0a06d96\" data-element_type=\"widget\" data-widget_type=\"text-editor.default\">\n\t\t\t\t<div class=\"elementor-widget-container\">\n\t\t\t\t\t\t\t\t\t<p><strong><img decoding=\"async\" class=\"size-full wp-image-2887 aligncenter\" src=\"https:\/\/www.macapflag.com\/blog\/wp-content\/uploads\/2018\/10\/picto-newsactu235x135.gif\" alt=\"\" width=\"235\" height=\"135\" \/><\/strong><\/p><p style=\"text-align: center;\"><span style=\"color: #000000;\"><strong>Macap<\/strong><\/span>\u00a0<strong>&#8211; Lundi 30 Septembre 2019<\/strong><\/p>\t\t\t\t\t\t\t\t<\/div>\n\t\t\t\t<\/div>\n\t\t\t\t\t<\/div>\n\t\t<\/div>\n\t\t\t\t\t<\/div>\n\t\t<\/section>\n\t\t\t\t<\/div>\n\t\t","protected":false},"excerpt":{"rendered":"<div class=\"tmnf_excerpt\"><p>Les plus belles aventures entrepreneuriales sont souvent faites de jolies histoires que l\u2019on oublie trop souvent de raconter.Lorsqu&#8217;on pense Macap, on pense drapeaux, beach flag, impression num\u00e9rique grand format, Total, Mc Donald\u2019s ou encore mariage princier \u00e0 Monaco. Comme si cela avait toujours exist\u00e9 \u2026 Pourtant derri\u00e8re ce savant mariage entre tradition et modernit\u00e9 se &hellip;<\/p>\n<\/div>","protected":false},"author":2,"featured_media":4110,"comment_status":"closed","ping_status":"open","sticky":false,"template":"template-fullwidth.php","format":"standard","meta":{"footnotes":""},"categories":[92],"tags":[],"class_list":["post-4109","post","type-post","status-publish","format-standard","has-post-thumbnail","hentry","category-news"],"yoast_head":"<!-- This site is optimized with the Yoast SEO plugin v26.4 - https:\/\/yoast.com\/wordpress\/plugins\/seo\/ -->\n<title>Les 50 ans d&#039;histoire de MACAP, cette belle entreprise familiale<\/title>\n<meta name=\"description\" content=\"Les dates cl\u00e9s, grands \u00e9v\u00e9nements et le d\u00e9veloppement de Macap, cette entreprise familiale varoise fabricant de supports de communication et signal\u00e9tique\" \/>\n<meta name=\"robots\" content=\"index, follow, max-snippet:-1, max-image-preview:large, max-video-preview:-1\" \/>\n<link rel=\"canonical\" href=\"https:\/\/www.macapflag.com\/blog\/histoire-macap\/\" \/>\n<meta property=\"og:locale\" content=\"fr_FR\" \/>\n<meta property=\"og:type\" content=\"article\" \/>\n<meta property=\"og:title\" content=\"Les 50 ans d&#039;histoire de MACAP, cette belle entreprise familiale\" \/>\n<meta property=\"og:description\" content=\"Les dates cl\u00e9s, grands \u00e9v\u00e9nements et le d\u00e9veloppement de Macap, cette entreprise familiale varoise fabricant de supports de communication et signal\u00e9tique\" \/>\n<meta property=\"og:url\" content=\"https:\/\/www.macapflag.com\/blog\/histoire-macap\/\" \/>\n<meta property=\"og:site_name\" content=\"Blog - Macap\" \/>\n<meta property=\"article:publisher\" content=\"https:\/\/www.facebook.com\/macap.pavoisement\/\" \/>\n<meta property=\"article:published_time\" content=\"2019-09-30T07:16:23+00:00\" \/>\n<meta property=\"article:modified_time\" content=\"2019-11-25T09:39:45+00:00\" \/>\n<meta property=\"og:image\" content=\"https:\/\/www.macapflag.com\/blog\/wp-content\/uploads\/2019\/09\/histoire-de-macap-TITRE.jpg\" \/>\n\t<meta property=\"og:image:width\" content=\"700\" \/>\n\t<meta property=\"og:image:height\" content=\"534\" \/>\n\t<meta property=\"og:image:type\" content=\"image\/jpeg\" \/>\n<meta name=\"author\" content=\"Blog Macap\" \/>\n<meta name=\"twitter:card\" content=\"summary_large_image\" \/>\n<meta name=\"twitter:label1\" content=\"\u00c9crit par\" \/>\n\t<meta name=\"twitter:data1\" content=\"Blog Macap\" \/>\n\t<meta name=\"twitter:label2\" content=\"Dur\u00e9e de lecture estim\u00e9e\" \/>\n\t<meta name=\"twitter:data2\" content=\"5 minutes\" \/>\n<script type=\"application\/ld+json\" class=\"yoast-schema-graph\">{\"@context\":\"https:\/\/schema.org\",\"@graph\":[{\"@type\":\"Article\",\"@id\":\"https:\/\/www.macapflag.com\/blog\/histoire-macap\/#article\",\"isPartOf\":{\"@id\":\"https:\/\/www.macapflag.com\/blog\/histoire-macap\/\"},\"author\":{\"name\":\"Blog Macap\",\"@id\":\"https:\/\/www.macapflag.com\/blog\/#\/schema\/person\/3fea701f2603875e651e6b662578fc3c\"},\"headline\":\"La belle histoire de MACAP\",\"datePublished\":\"2019-09-30T07:16:23+00:00\",\"dateModified\":\"2019-11-25T09:39:45+00:00\",\"mainEntityOfPage\":{\"@id\":\"https:\/\/www.macapflag.com\/blog\/histoire-macap\/\"},\"wordCount\":960,\"publisher\":{\"@id\":\"https:\/\/www.macapflag.com\/blog\/#organization\"},\"image\":{\"@id\":\"https:\/\/www.macapflag.com\/blog\/histoire-macap\/#primaryimage\"},\"thumbnailUrl\":\"https:\/\/www.macapflag.com\/blog\/wp-content\/uploads\/2019\/09\/histoire-de-macap-TITRE.jpg\",\"articleSection\":[\"News &amp; Actu\"],\"inLanguage\":\"fr-FR\"},{\"@type\":\"WebPage\",\"@id\":\"https:\/\/www.macapflag.com\/blog\/histoire-macap\/\",\"url\":\"https:\/\/www.macapflag.com\/blog\/histoire-macap\/\",\"name\":\"Les 50 ans d'histoire de MACAP, cette belle entreprise familiale\",\"isPartOf\":{\"@id\":\"https:\/\/www.macapflag.com\/blog\/#website\"},\"primaryImageOfPage\":{\"@id\":\"https:\/\/www.macapflag.com\/blog\/histoire-macap\/#primaryimage\"},\"image\":{\"@id\":\"https:\/\/www.macapflag.com\/blog\/histoire-macap\/#primaryimage\"},\"thumbnailUrl\":\"https:\/\/www.macapflag.com\/blog\/wp-content\/uploads\/2019\/09\/histoire-de-macap-TITRE.jpg\",\"datePublished\":\"2019-09-30T07:16:23+00:00\",\"dateModified\":\"2019-11-25T09:39:45+00:00\",\"description\":\"Les dates cl\u00e9s, grands \u00e9v\u00e9nements et le d\u00e9veloppement de Macap, cette entreprise familiale varoise fabricant de supports de communication et signal\u00e9tique\",\"breadcrumb\":{\"@id\":\"https:\/\/www.macapflag.com\/blog\/histoire-macap\/#breadcrumb\"},\"inLanguage\":\"fr-FR\",\"potentialAction\":[{\"@type\":\"ReadAction\",\"target\":[\"https:\/\/www.macapflag.com\/blog\/histoire-macap\/\"]}]},{\"@type\":\"ImageObject\",\"inLanguage\":\"fr-FR\",\"@id\":\"https:\/\/www.macapflag.com\/blog\/histoire-macap\/#primaryimage\",\"url\":\"https:\/\/www.macapflag.com\/blog\/wp-content\/uploads\/2019\/09\/histoire-de-macap-TITRE.jpg\",\"contentUrl\":\"https:\/\/www.macapflag.com\/blog\/wp-content\/uploads\/2019\/09\/histoire-de-macap-TITRE.jpg\",\"width\":700,\"height\":534,\"caption\":\"Macap est une entreprise familiale varoise cr\u00e9\u00e9e en 1967 par Jean-Michel de Ricard\"},{\"@type\":\"BreadcrumbList\",\"@id\":\"https:\/\/www.macapflag.com\/blog\/histoire-macap\/#breadcrumb\",\"itemListElement\":[{\"@type\":\"ListItem\",\"position\":1,\"name\":\"Accueil\",\"item\":\"https:\/\/www.macapflag.com\/blog\/\"},{\"@type\":\"ListItem\",\"position\":2,\"name\":\"La belle histoire de MACAP\"}]},{\"@type\":\"WebSite\",\"@id\":\"https:\/\/www.macapflag.com\/blog\/#website\",\"url\":\"https:\/\/www.macapflag.com\/blog\/\",\"name\":\"Blog - Macap\",\"description\":\"Tous nos articles\",\"publisher\":{\"@id\":\"https:\/\/www.macapflag.com\/blog\/#organization\"},\"potentialAction\":[{\"@type\":\"SearchAction\",\"target\":{\"@type\":\"EntryPoint\",\"urlTemplate\":\"https:\/\/www.macapflag.com\/blog\/?s={search_term_string}\"},\"query-input\":{\"@type\":\"PropertyValueSpecification\",\"valueRequired\":true,\"valueName\":\"search_term_string\"}}],\"inLanguage\":\"fr-FR\"},{\"@type\":\"Organization\",\"@id\":\"https:\/\/www.macapflag.com\/blog\/#organization\",\"name\":\"macapflag\",\"url\":\"https:\/\/www.macapflag.com\/blog\/\",\"logo\":{\"@type\":\"ImageObject\",\"inLanguage\":\"fr-FR\",\"@id\":\"https:\/\/www.macapflag.com\/blog\/#\/schema\/logo\/image\/\",\"url\":\"https:\/\/www.macapflag.com\/blog\/wp-content\/uploads\/2020\/12\/cropped-M-512-1.png\",\"contentUrl\":\"https:\/\/www.macapflag.com\/blog\/wp-content\/uploads\/2020\/12\/cropped-M-512-1.png\",\"width\":512,\"height\":512,\"caption\":\"macapflag\"},\"image\":{\"@id\":\"https:\/\/www.macapflag.com\/blog\/#\/schema\/logo\/image\/\"},\"sameAs\":[\"https:\/\/www.facebook.com\/macap.pavoisement\/\",\"https:\/\/www.instagram.com\/macapflag\/?hl=fr\",\"https:\/\/www.linkedin.com\/company\/macap\/?originalSubdomain=fr\",\"https:\/\/www.youtube.com\/channel\/UCXNzTIdZh9poEBjSXEqDtNw\"]},{\"@type\":\"Person\",\"@id\":\"https:\/\/www.macapflag.com\/blog\/#\/schema\/person\/3fea701f2603875e651e6b662578fc3c\",\"name\":\"Blog Macap\",\"image\":{\"@type\":\"ImageObject\",\"inLanguage\":\"fr-FR\",\"@id\":\"https:\/\/www.macapflag.com\/blog\/#\/schema\/person\/image\/\",\"url\":\"https:\/\/secure.gravatar.com\/avatar\/c12551f2dc51f0db049633b03e7856985477a70da834cc8967dea4ce54bdd6a2?s=96&d=mm&r=g\",\"contentUrl\":\"https:\/\/secure.gravatar.com\/avatar\/c12551f2dc51f0db049633b03e7856985477a70da834cc8967dea4ce54bdd6a2?s=96&d=mm&r=g\",\"caption\":\"Blog Macap\"},\"url\":\"https:\/\/www.macapflag.com\/blog\/author\/macap\/\"}]}<\/script>\n<!-- \/ Yoast SEO plugin. -->","yoast_head_json":{"title":"Les 50 ans d'histoire de MACAP, cette belle entreprise familiale","description":"Les dates cl\u00e9s, grands \u00e9v\u00e9nements et le d\u00e9veloppement de Macap, cette entreprise familiale varoise fabricant de supports de communication et signal\u00e9tique","robots":{"index":"index","follow":"follow","max-snippet":"max-snippet:-1","max-image-preview":"max-image-preview:large","max-video-preview":"max-video-preview:-1"},"canonical":"https:\/\/www.macapflag.com\/blog\/histoire-macap\/","og_locale":"fr_FR","og_type":"article","og_title":"Les 50 ans d'histoire de MACAP, cette belle entreprise familiale","og_description":"Les dates cl\u00e9s, grands \u00e9v\u00e9nements et le d\u00e9veloppement de Macap, cette entreprise familiale varoise fabricant de supports de communication et signal\u00e9tique","og_url":"https:\/\/www.macapflag.com\/blog\/histoire-macap\/","og_site_name":"Blog - Macap","article_publisher":"https:\/\/www.facebook.com\/macap.pavoisement\/","article_published_time":"2019-09-30T07:16:23+00:00","article_modified_time":"2019-11-25T09:39:45+00:00","og_image":[{"width":700,"height":534,"url":"https:\/\/www.macapflag.com\/blog\/wp-content\/uploads\/2019\/09\/histoire-de-macap-TITRE.jpg","type":"image\/jpeg"}],"author":"Blog Macap","twitter_card":"summary_large_image","twitter_misc":{"\u00c9crit par":"Blog Macap","Dur\u00e9e de lecture estim\u00e9e":"5 minutes"},"schema":{"@context":"https:\/\/schema.org","@graph":[{"@type":"Article","@id":"https:\/\/www.macapflag.com\/blog\/histoire-macap\/#article","isPartOf":{"@id":"https:\/\/www.macapflag.com\/blog\/histoire-macap\/"},"author":{"name":"Blog Macap","@id":"https:\/\/www.macapflag.com\/blog\/#\/schema\/person\/3fea701f2603875e651e6b662578fc3c"},"headline":"La belle histoire de MACAP","datePublished":"2019-09-30T07:16:23+00:00","dateModified":"2019-11-25T09:39:45+00:00","mainEntityOfPage":{"@id":"https:\/\/www.macapflag.com\/blog\/histoire-macap\/"},"wordCount":960,"publisher":{"@id":"https:\/\/www.macapflag.com\/blog\/#organization"},"image":{"@id":"https:\/\/www.macapflag.com\/blog\/histoire-macap\/#primaryimage"},"thumbnailUrl":"https:\/\/www.macapflag.com\/blog\/wp-content\/uploads\/2019\/09\/histoire-de-macap-TITRE.jpg","articleSection":["News &amp; Actu"],"inLanguage":"fr-FR"},{"@type":"WebPage","@id":"https:\/\/www.macapflag.com\/blog\/histoire-macap\/","url":"https:\/\/www.macapflag.com\/blog\/histoire-macap\/","name":"Les 50 ans d'histoire de MACAP, cette belle entreprise familiale","isPartOf":{"@id":"https:\/\/www.macapflag.com\/blog\/#website"},"primaryImageOfPage":{"@id":"https:\/\/www.macapflag.com\/blog\/histoire-macap\/#primaryimage"},"image":{"@id":"https:\/\/www.macapflag.com\/blog\/histoire-macap\/#primaryimage"},"thumbnailUrl":"https:\/\/www.macapflag.com\/blog\/wp-content\/uploads\/2019\/09\/histoire-de-macap-TITRE.jpg","datePublished":"2019-09-30T07:16:23+00:00","dateModified":"2019-11-25T09:39:45+00:00","description":"Les dates cl\u00e9s, grands \u00e9v\u00e9nements et le d\u00e9veloppement de Macap, cette entreprise familiale varoise fabricant de supports de communication et signal\u00e9tique","breadcrumb":{"@id":"https:\/\/www.macapflag.com\/blog\/histoire-macap\/#breadcrumb"},"inLanguage":"fr-FR","potentialAction":[{"@type":"ReadAction","target":["https:\/\/www.macapflag.com\/blog\/histoire-macap\/"]}]},{"@type":"ImageObject","inLanguage":"fr-FR","@id":"https:\/\/www.macapflag.com\/blog\/histoire-macap\/#primaryimage","url":"https:\/\/www.macapflag.com\/blog\/wp-content\/uploads\/2019\/09\/histoire-de-macap-TITRE.jpg","contentUrl":"https:\/\/www.macapflag.com\/blog\/wp-content\/uploads\/2019\/09\/histoire-de-macap-TITRE.jpg","width":700,"height":534,"caption":"Macap est une entreprise familiale varoise cr\u00e9\u00e9e en 1967 par Jean-Michel de Ricard"},{"@type":"BreadcrumbList","@id":"https:\/\/www.macapflag.com\/blog\/histoire-macap\/#breadcrumb","itemListElement":[{"@type":"ListItem","position":1,"name":"Accueil","item":"https:\/\/www.macapflag.com\/blog\/"},{"@type":"ListItem","position":2,"name":"La belle histoire de MACAP"}]},{"@type":"WebSite","@id":"https:\/\/www.macapflag.com\/blog\/#website","url":"https:\/\/www.macapflag.com\/blog\/","name":"Blog - Macap","description":"Tous nos articles","publisher":{"@id":"https:\/\/www.macapflag.com\/blog\/#organization"},"potentialAction":[{"@type":"SearchAction","target":{"@type":"EntryPoint","urlTemplate":"https:\/\/www.macapflag.com\/blog\/?s={search_term_string}"},"query-input":{"@type":"PropertyValueSpecification","valueRequired":true,"valueName":"search_term_string"}}],"inLanguage":"fr-FR"},{"@type":"Organization","@id":"https:\/\/www.macapflag.com\/blog\/#organization","name":"macapflag","url":"https:\/\/www.macapflag.com\/blog\/","logo":{"@type":"ImageObject","inLanguage":"fr-FR","@id":"https:\/\/www.macapflag.com\/blog\/#\/schema\/logo\/image\/","url":"https:\/\/www.macapflag.com\/blog\/wp-content\/uploads\/2020\/12\/cropped-M-512-1.png","contentUrl":"https:\/\/www.macapflag.com\/blog\/wp-content\/uploads\/2020\/12\/cropped-M-512-1.png","width":512,"height":512,"caption":"macapflag"},"image":{"@id":"https:\/\/www.macapflag.com\/blog\/#\/schema\/logo\/image\/"},"sameAs":["https:\/\/www.facebook.com\/macap.pavoisement\/","https:\/\/www.instagram.com\/macapflag\/?hl=fr","https:\/\/www.linkedin.com\/company\/macap\/?originalSubdomain=fr","https:\/\/www.youtube.com\/channel\/UCXNzTIdZh9poEBjSXEqDtNw"]},{"@type":"Person","@id":"https:\/\/www.macapflag.com\/blog\/#\/schema\/person\/3fea701f2603875e651e6b662578fc3c","name":"Blog Macap","image":{"@type":"ImageObject","inLanguage":"fr-FR","@id":"https:\/\/www.macapflag.com\/blog\/#\/schema\/person\/image\/","url":"https:\/\/secure.gravatar.com\/avatar\/c12551f2dc51f0db049633b03e7856985477a70da834cc8967dea4ce54bdd6a2?s=96&d=mm&r=g","contentUrl":"https:\/\/secure.gravatar.com\/avatar\/c12551f2dc51f0db049633b03e7856985477a70da834cc8967dea4ce54bdd6a2?s=96&d=mm&r=g","caption":"Blog Macap"},"url":"https:\/\/www.macapflag.com\/blog\/author\/macap\/"}]}},"_links":{"self":[{"href":"https:\/\/www.macapflag.com\/blog\/wp-json\/wp\/v2\/posts\/4109","targetHints":{"allow":["GET"]}}],"collection":[{"href":"https:\/\/www.macapflag.com\/blog\/wp-json\/wp\/v2\/posts"}],"about":[{"href":"https:\/\/www.macapflag.com\/blog\/wp-json\/wp\/v2\/types\/post"}],"author":[{"embeddable":true,"href":"https:\/\/www.macapflag.com\/blog\/wp-json\/wp\/v2\/users\/2"}],"replies":[{"embeddable":true,"href":"https:\/\/www.macapflag.com\/blog\/wp-json\/wp\/v2\/comments?post=4109"}],"version-history":[{"count":14,"href":"https:\/\/www.macapflag.com\/blog\/wp-json\/wp\/v2\/posts\/4109\/revisions"}],"predecessor-version":[{"id":4293,"href":"https:\/\/www.macapflag.com\/blog\/wp-json\/wp\/v2\/posts\/4109\/revisions\/4293"}],"wp:featuredmedia":[{"embeddable":true,"href":"https:\/\/www.macapflag.com\/blog\/wp-json\/wp\/v2\/media\/4110"}],"wp:attachment":[{"href":"https:\/\/www.macapflag.com\/blog\/wp-json\/wp\/v2\/media?parent=4109"}],"wp:term":[{"taxonomy":"category","embeddable":true,"href":"https:\/\/www.macapflag.com\/blog\/wp-json\/wp\/v2\/categories?post=4109"},{"taxonomy":"post_tag","embeddable":true,"href":"https:\/\/www.macapflag.com\/blog\/wp-json\/wp\/v2\/tags?post=4109"}],"curies":[{"name":"wp","href":"https:\/\/api.w.org\/{rel}","templated":true}]}}