{"id":4132,"date":"2019-10-14T09:00:36","date_gmt":"2019-10-14T07:00:36","guid":{"rendered":"https:\/\/www.macapflag.com\/blog\/?p=4132"},"modified":"2019-10-14T09:05:19","modified_gmt":"2019-10-14T07:05:19","slug":"creation-drapeau-otan","status":"publish","type":"post","link":"https:\/\/www.macapflag.com\/blog\/creation-drapeau-otan\/","title":{"rendered":"Le 14 Octobre 1953"},"content":{"rendered":"\t\t<div data-elementor-type=\"wp-post\" data-elementor-id=\"4132\" class=\"elementor elementor-4132 elementor-bc-flex-widget\">\n\t\t\t\t\t\t<section class=\"elementor-section elementor-top-section elementor-element elementor-element-bc05e1a elementor-section-boxed elementor-section-height-default elementor-section-height-default\" data-id=\"bc05e1a\" data-element_type=\"section\">\n\t\t\t\t\t\t<div class=\"elementor-container elementor-column-gap-default\">\n\t\t\t\t\t<div class=\"elementor-column elementor-col-100 elementor-top-column elementor-element elementor-element-8c2cd1b\" data-id=\"8c2cd1b\" data-element_type=\"column\">\n\t\t\t<div class=\"elementor-widget-wrap elementor-element-populated\">\n\t\t\t\t\t\t<div class=\"elementor-element elementor-element-1a86409 elementor-widget elementor-widget-text-editor\" data-id=\"1a86409\" data-element_type=\"widget\" data-widget_type=\"text-editor.default\">\n\t\t\t\t<div class=\"elementor-widget-container\">\n\t\t\t\t\t\t\t\t\t<h2 style=\"text-align: center;\"><span style=\"font-size: 40px;\"><b>La cr\u00e9ation du drapeau de l&#8217;OTAN<\/b><\/span><\/h2>\t\t\t\t\t\t\t\t<\/div>\n\t\t\t\t<\/div>\n\t\t\t\t\t<\/div>\n\t\t<\/div>\n\t\t\t\t\t<\/div>\n\t\t<\/section>\n\t\t\t\t<section class=\"elementor-section elementor-top-section elementor-element elementor-element-1471298 elementor-section-boxed elementor-section-height-default elementor-section-height-default\" data-id=\"1471298\" data-element_type=\"section\">\n\t\t\t\t\t\t<div class=\"elementor-container elementor-column-gap-default\">\n\t\t\t\t\t<div class=\"elementor-column elementor-col-100 elementor-top-column elementor-element elementor-element-3cc6379\" data-id=\"3cc6379\" data-element_type=\"column\">\n\t\t\t<div class=\"elementor-widget-wrap elementor-element-populated\">\n\t\t\t\t\t\t<div class=\"elementor-element elementor-element-4121e0d elementor-widget elementor-widget-image\" data-id=\"4121e0d\" data-element_type=\"widget\" data-widget_type=\"image.default\">\n\t\t\t\t<div class=\"elementor-widget-container\">\n\t\t\t\t\t\t\t\t\t\t\t\t\t\t\t<img fetchpriority=\"high\" decoding=\"async\" width=\"700\" height=\"534\" src=\"https:\/\/www.macapflag.com\/blog\/wp-content\/uploads\/2019\/10\/drapeau-otan.gif\" class=\"attachment-large size-large wp-image-4135\" alt=\"Le drapeau de l&#039;OTAN a officiellement \u00e9t\u00e9 adopt\u00e9 le 14 Octobre 1953\" \/>\t\t\t\t\t\t\t\t\t\t\t\t\t\t\t<\/div>\n\t\t\t\t<\/div>\n\t\t\t\t\t<\/div>\n\t\t<\/div>\n\t\t\t\t\t<\/div>\n\t\t<\/section>\n\t\t\t\t<section class=\"elementor-section elementor-top-section elementor-element elementor-element-3b09f96 elementor-section-boxed elementor-section-height-default elementor-section-height-default\" data-id=\"3b09f96\" data-element_type=\"section\">\n\t\t\t\t\t\t<div class=\"elementor-container elementor-column-gap-default\">\n\t\t\t\t\t<div class=\"elementor-column elementor-col-100 elementor-top-column elementor-element elementor-element-57a71e3\" data-id=\"57a71e3\" data-element_type=\"column\">\n\t\t\t<div class=\"elementor-widget-wrap elementor-element-populated\">\n\t\t\t\t\t\t<div class=\"elementor-element elementor-element-cd32594 elementor-widget elementor-widget-text-editor\" data-id=\"cd32594\" data-element_type=\"widget\" data-widget_type=\"text-editor.default\">\n\t\t\t\t<div class=\"elementor-widget-container\">\n\t\t\t\t\t\t\t\t\t<p><span style=\"font-size: 14pt; color: #000000;\">L&#8217;organisation du Trait\u00e9 de l&#8217;Atlantique Nord (O.T.A.N.) a \u00e9t\u00e9 fond\u00e9e le 4 Avril 1949 \u00e0 Washington pour faire face \u00e0 la situation politique du d\u00e9but de la guerre froide appel\u00e9e par Winston Churchill &#8220;le rideau de fer&#8221;. 10 pays europ\u00e9ens s&#8217;allient avec les Etats-Unis et le Canada pour cr\u00e9er une organisation militaire d\u00e9fensive collective face \u00e0 l&#8217;empire sovietique. <br \/>Cette alliance insisite sur la sauvegarde de la libert\u00e9 et de la s\u00e9curit\u00e9 de tous ses membres ainsi que sur un esprit de solidarit\u00e9 entre ces derniers. <br \/>Le drapeau de l&#8217;O.T.A.N. est officiellement adopt\u00e9 le 14 Octobre 1953 soit 4 ans apr\u00e8s la cr\u00e9ation de cette institution.<\/span><\/p>\t\t\t\t\t\t\t\t<\/div>\n\t\t\t\t<\/div>\n\t\t\t\t\t<\/div>\n\t\t<\/div>\n\t\t\t\t\t<\/div>\n\t\t<\/section>\n\t\t\t\t<section class=\"elementor-section elementor-top-section elementor-element elementor-element-a294848 elementor-section-boxed elementor-section-height-default elementor-section-height-default\" data-id=\"a294848\" data-element_type=\"section\">\n\t\t\t\t\t\t<div class=\"elementor-container elementor-column-gap-default\">\n\t\t\t\t\t<div class=\"elementor-column elementor-col-100 elementor-top-column elementor-element elementor-element-a8a4036\" data-id=\"a8a4036\" data-element_type=\"column\">\n\t\t\t<div class=\"elementor-widget-wrap elementor-element-populated\">\n\t\t\t\t\t\t<div class=\"elementor-element elementor-element-06c7a5f elementor-widget elementor-widget-text-editor\" data-id=\"06c7a5f\" data-element_type=\"widget\" data-widget_type=\"text-editor.default\">\n\t\t\t\t<div class=\"elementor-widget-container\">\n\t\t\t\t\t\t\t\t\t<h2 style=\"text-align: center;\"><strong><span style=\"font-size: 30pt;\">Et un drapeau a \u00e9t\u00e9 cr\u00e9\u00e9 ce jour l\u00e0 &#8230;<\/span><\/strong><\/h2>\t\t\t\t\t\t\t\t<\/div>\n\t\t\t\t<\/div>\n\t\t\t\t\t<\/div>\n\t\t<\/div>\n\t\t\t\t\t<\/div>\n\t\t<\/section>\n\t\t\t\t<section class=\"elementor-section elementor-top-section elementor-element elementor-element-bd9db21 elementor-section-boxed elementor-section-height-default elementor-section-height-default\" data-id=\"bd9db21\" data-element_type=\"section\">\n\t\t\t\t\t\t<div class=\"elementor-container elementor-column-gap-default\">\n\t\t\t\t\t<div class=\"elementor-column elementor-col-100 elementor-top-column elementor-element elementor-element-40119fd\" data-id=\"40119fd\" data-element_type=\"column\">\n\t\t\t<div class=\"elementor-widget-wrap elementor-element-populated\">\n\t\t\t\t\t\t<div class=\"elementor-element elementor-element-9872ffd elementor-widget elementor-widget-text-editor\" data-id=\"9872ffd\" data-element_type=\"widget\" data-widget_type=\"text-editor.default\">\n\t\t\t\t<div class=\"elementor-widget-container\">\n\t\t\t\t\t\t\t\t\t<p style=\"text-align: center;\"><span style=\"color: #000000; font-size: 14pt;\"><em>Life is a beautiful print !<\/em><\/span><\/p>\t\t\t\t\t\t\t\t<\/div>\n\t\t\t\t<\/div>\n\t\t\t\t\t<\/div>\n\t\t<\/div>\n\t\t\t\t\t<\/div>\n\t\t<\/section>\n\t\t\t\t<\/div>\n\t\t","protected":false},"excerpt":{"rendered":"<div class=\"tmnf_excerpt\"><p>La cr\u00e9ation du drapeau de l&#8217;OTAN L&#8217;organisation du Trait\u00e9 de l&#8217;Atlantique Nord (O.T.A.N.) a \u00e9t\u00e9 fond\u00e9e le 4 Avril 1949 \u00e0 Washington pour faire face \u00e0 la situation politique du d\u00e9but de la guerre froide appel\u00e9e par Winston Churchill &#8220;le rideau de fer&#8221;. 10 pays europ\u00e9ens s&#8217;allient avec les Etats-Unis et le Canada pour cr\u00e9er &hellip;<\/p>\n<\/div>","protected":false},"author":2,"featured_media":2440,"comment_status":"closed","ping_status":"open","sticky":false,"template":"template-fullwidth.php","format":"standard","meta":{"footnotes":""},"categories":[92],"tags":[],"class_list":["post-4132","post","type-post","status-publish","format-standard","has-post-thumbnail","hentry","category-news"],"yoast_head":"<!-- This site is optimized with the Yoast SEO plugin v26.4 - https:\/\/yoast.com\/wordpress\/plugins\/seo\/ -->\n<title>Le drapeau de l&#039;OTAN (organisation du Trait\u00e9 de l&#039;Atlantique Nord) est cr\u00e9\u00e9<\/title>\n<meta name=\"description\" content=\"Fond\u00e9e le 4 Avril 1949, l&#039;OTAN adopte officiellement son drapeau le 14 Octobre 1953, 4 ans apr\u00e8s sa cr\u00e9ation. il est bicolore bleu et blanc.\" \/>\n<meta name=\"robots\" content=\"index, follow, max-snippet:-1, max-image-preview:large, max-video-preview:-1\" \/>\n<link rel=\"canonical\" href=\"https:\/\/www.macapflag.com\/blog\/creation-drapeau-otan\/\" \/>\n<meta property=\"og:locale\" content=\"fr_FR\" \/>\n<meta property=\"og:type\" content=\"article\" \/>\n<meta property=\"og:title\" content=\"Le drapeau de l&#039;OTAN (organisation du Trait\u00e9 de l&#039;Atlantique Nord) est cr\u00e9\u00e9\" \/>\n<meta property=\"og:description\" content=\"Fond\u00e9e le 4 Avril 1949, l&#039;OTAN adopte officiellement son drapeau le 14 Octobre 1953, 4 ans apr\u00e8s sa cr\u00e9ation. il est bicolore bleu et blanc.\" \/>\n<meta property=\"og:url\" content=\"https:\/\/www.macapflag.com\/blog\/creation-drapeau-otan\/\" \/>\n<meta property=\"og:site_name\" content=\"Blog - Macap\" \/>\n<meta property=\"article:publisher\" content=\"https:\/\/www.facebook.com\/macap.pavoisement\/\" \/>\n<meta property=\"article:published_time\" content=\"2019-10-14T07:00:36+00:00\" \/>\n<meta property=\"article:modified_time\" content=\"2019-10-14T07:05:19+00:00\" \/>\n<meta property=\"og:image\" content=\"https:\/\/www.macapflag.com\/blog\/wp-content\/uploads\/2018\/07\/Ca-sest-pass\u00e9-ce-jour-l\u00e0-macap.jpg\" \/>\n\t<meta property=\"og:image:width\" content=\"700\" \/>\n\t<meta property=\"og:image:height\" content=\"537\" \/>\n\t<meta property=\"og:image:type\" content=\"image\/jpeg\" \/>\n<meta name=\"author\" content=\"Blog Macap\" \/>\n<meta name=\"twitter:card\" content=\"summary_large_image\" \/>\n<meta name=\"twitter:label1\" content=\"\u00c9crit par\" \/>\n\t<meta name=\"twitter:data1\" content=\"Blog Macap\" \/>\n\t<meta name=\"twitter:label2\" content=\"Dur\u00e9e de lecture estim\u00e9e\" \/>\n\t<meta name=\"twitter:data2\" content=\"1 minute\" \/>\n<script type=\"application\/ld+json\" class=\"yoast-schema-graph\">{\"@context\":\"https:\/\/schema.org\",\"@graph\":[{\"@type\":\"Article\",\"@id\":\"https:\/\/www.macapflag.com\/blog\/creation-drapeau-otan\/#article\",\"isPartOf\":{\"@id\":\"https:\/\/www.macapflag.com\/blog\/creation-drapeau-otan\/\"},\"author\":{\"name\":\"Blog Macap\",\"@id\":\"https:\/\/www.macapflag.com\/blog\/#\/schema\/person\/3fea701f2603875e651e6b662578fc3c\"},\"headline\":\"Le 14 Octobre 1953\",\"datePublished\":\"2019-10-14T07:00:36+00:00\",\"dateModified\":\"2019-10-14T07:05:19+00:00\",\"mainEntityOfPage\":{\"@id\":\"https:\/\/www.macapflag.com\/blog\/creation-drapeau-otan\/\"},\"wordCount\":134,\"publisher\":{\"@id\":\"https:\/\/www.macapflag.com\/blog\/#organization\"},\"image\":{\"@id\":\"https:\/\/www.macapflag.com\/blog\/creation-drapeau-otan\/#primaryimage\"},\"thumbnailUrl\":\"https:\/\/www.macapflag.com\/blog\/wp-content\/uploads\/2018\/07\/Ca-sest-pass\u00e9-ce-jour-l\u00e0-macap.jpg\",\"articleSection\":[\"News &amp; Actu\"],\"inLanguage\":\"fr-FR\"},{\"@type\":\"WebPage\",\"@id\":\"https:\/\/www.macapflag.com\/blog\/creation-drapeau-otan\/\",\"url\":\"https:\/\/www.macapflag.com\/blog\/creation-drapeau-otan\/\",\"name\":\"Le drapeau de l'OTAN (organisation du Trait\u00e9 de l'Atlantique Nord) est cr\u00e9\u00e9\",\"isPartOf\":{\"@id\":\"https:\/\/www.macapflag.com\/blog\/#website\"},\"primaryImageOfPage\":{\"@id\":\"https:\/\/www.macapflag.com\/blog\/creation-drapeau-otan\/#primaryimage\"},\"image\":{\"@id\":\"https:\/\/www.macapflag.com\/blog\/creation-drapeau-otan\/#primaryimage\"},\"thumbnailUrl\":\"https:\/\/www.macapflag.com\/blog\/wp-content\/uploads\/2018\/07\/Ca-sest-pass\u00e9-ce-jour-l\u00e0-macap.jpg\",\"datePublished\":\"2019-10-14T07:00:36+00:00\",\"dateModified\":\"2019-10-14T07:05:19+00:00\",\"description\":\"Fond\u00e9e le 4 Avril 1949, l'OTAN adopte officiellement son drapeau le 14 Octobre 1953, 4 ans apr\u00e8s sa cr\u00e9ation. il est bicolore bleu et blanc.\",\"breadcrumb\":{\"@id\":\"https:\/\/www.macapflag.com\/blog\/creation-drapeau-otan\/#breadcrumb\"},\"inLanguage\":\"fr-FR\",\"potentialAction\":[{\"@type\":\"ReadAction\",\"target\":[\"https:\/\/www.macapflag.com\/blog\/creation-drapeau-otan\/\"]}]},{\"@type\":\"ImageObject\",\"inLanguage\":\"fr-FR\",\"@id\":\"https:\/\/www.macapflag.com\/blog\/creation-drapeau-otan\/#primaryimage\",\"url\":\"https:\/\/www.macapflag.com\/blog\/wp-content\/uploads\/2018\/07\/Ca-sest-pass\u00e9-ce-jour-l\u00e0-macap.jpg\",\"contentUrl\":\"https:\/\/www.macapflag.com\/blog\/wp-content\/uploads\/2018\/07\/Ca-sest-pass\u00e9-ce-jour-l\u00e0-macap.jpg\",\"width\":700,\"height\":537,\"caption\":\"Ca-s-est-pass\u00e9-ce-jour-l\u00e0-Macap\"},{\"@type\":\"BreadcrumbList\",\"@id\":\"https:\/\/www.macapflag.com\/blog\/creation-drapeau-otan\/#breadcrumb\",\"itemListElement\":[{\"@type\":\"ListItem\",\"position\":1,\"name\":\"Accueil\",\"item\":\"https:\/\/www.macapflag.com\/blog\/\"},{\"@type\":\"ListItem\",\"position\":2,\"name\":\"Le 14 Octobre 1953\"}]},{\"@type\":\"WebSite\",\"@id\":\"https:\/\/www.macapflag.com\/blog\/#website\",\"url\":\"https:\/\/www.macapflag.com\/blog\/\",\"name\":\"Blog - Macap\",\"description\":\"Tous nos articles\",\"publisher\":{\"@id\":\"https:\/\/www.macapflag.com\/blog\/#organization\"},\"potentialAction\":[{\"@type\":\"SearchAction\",\"target\":{\"@type\":\"EntryPoint\",\"urlTemplate\":\"https:\/\/www.macapflag.com\/blog\/?s={search_term_string}\"},\"query-input\":{\"@type\":\"PropertyValueSpecification\",\"valueRequired\":true,\"valueName\":\"search_term_string\"}}],\"inLanguage\":\"fr-FR\"},{\"@type\":\"Organization\",\"@id\":\"https:\/\/www.macapflag.com\/blog\/#organization\",\"name\":\"macapflag\",\"url\":\"https:\/\/www.macapflag.com\/blog\/\",\"logo\":{\"@type\":\"ImageObject\",\"inLanguage\":\"fr-FR\",\"@id\":\"https:\/\/www.macapflag.com\/blog\/#\/schema\/logo\/image\/\",\"url\":\"https:\/\/www.macapflag.com\/blog\/wp-content\/uploads\/2020\/12\/cropped-M-512-1.png\",\"contentUrl\":\"https:\/\/www.macapflag.com\/blog\/wp-content\/uploads\/2020\/12\/cropped-M-512-1.png\",\"width\":512,\"height\":512,\"caption\":\"macapflag\"},\"image\":{\"@id\":\"https:\/\/www.macapflag.com\/blog\/#\/schema\/logo\/image\/\"},\"sameAs\":[\"https:\/\/www.facebook.com\/macap.pavoisement\/\",\"https:\/\/www.instagram.com\/macapflag\/?hl=fr\",\"https:\/\/www.linkedin.com\/company\/macap\/?originalSubdomain=fr\",\"https:\/\/www.youtube.com\/channel\/UCXNzTIdZh9poEBjSXEqDtNw\"]},{\"@type\":\"Person\",\"@id\":\"https:\/\/www.macapflag.com\/blog\/#\/schema\/person\/3fea701f2603875e651e6b662578fc3c\",\"name\":\"Blog Macap\",\"image\":{\"@type\":\"ImageObject\",\"inLanguage\":\"fr-FR\",\"@id\":\"https:\/\/www.macapflag.com\/blog\/#\/schema\/person\/image\/\",\"url\":\"https:\/\/secure.gravatar.com\/avatar\/c12551f2dc51f0db049633b03e7856985477a70da834cc8967dea4ce54bdd6a2?s=96&d=mm&r=g\",\"contentUrl\":\"https:\/\/secure.gravatar.com\/avatar\/c12551f2dc51f0db049633b03e7856985477a70da834cc8967dea4ce54bdd6a2?s=96&d=mm&r=g\",\"caption\":\"Blog Macap\"},\"url\":\"https:\/\/www.macapflag.com\/blog\/author\/macap\/\"}]}<\/script>\n<!-- \/ Yoast SEO plugin. -->","yoast_head_json":{"title":"Le drapeau de l'OTAN (organisation du Trait\u00e9 de l'Atlantique Nord) est cr\u00e9\u00e9","description":"Fond\u00e9e le 4 Avril 1949, l'OTAN adopte officiellement son drapeau le 14 Octobre 1953, 4 ans apr\u00e8s sa cr\u00e9ation. il est bicolore bleu et blanc.","robots":{"index":"index","follow":"follow","max-snippet":"max-snippet:-1","max-image-preview":"max-image-preview:large","max-video-preview":"max-video-preview:-1"},"canonical":"https:\/\/www.macapflag.com\/blog\/creation-drapeau-otan\/","og_locale":"fr_FR","og_type":"article","og_title":"Le drapeau de l'OTAN (organisation du Trait\u00e9 de l'Atlantique Nord) est cr\u00e9\u00e9","og_description":"Fond\u00e9e le 4 Avril 1949, l'OTAN adopte officiellement son drapeau le 14 Octobre 1953, 4 ans apr\u00e8s sa cr\u00e9ation. il est bicolore bleu et blanc.","og_url":"https:\/\/www.macapflag.com\/blog\/creation-drapeau-otan\/","og_site_name":"Blog - Macap","article_publisher":"https:\/\/www.facebook.com\/macap.pavoisement\/","article_published_time":"2019-10-14T07:00:36+00:00","article_modified_time":"2019-10-14T07:05:19+00:00","og_image":[{"width":700,"height":537,"url":"https:\/\/www.macapflag.com\/blog\/wp-content\/uploads\/2018\/07\/Ca-sest-pass\u00e9-ce-jour-l\u00e0-macap.jpg","type":"image\/jpeg"}],"author":"Blog Macap","twitter_card":"summary_large_image","twitter_misc":{"\u00c9crit par":"Blog Macap","Dur\u00e9e de lecture estim\u00e9e":"1 minute"},"schema":{"@context":"https:\/\/schema.org","@graph":[{"@type":"Article","@id":"https:\/\/www.macapflag.com\/blog\/creation-drapeau-otan\/#article","isPartOf":{"@id":"https:\/\/www.macapflag.com\/blog\/creation-drapeau-otan\/"},"author":{"name":"Blog Macap","@id":"https:\/\/www.macapflag.com\/blog\/#\/schema\/person\/3fea701f2603875e651e6b662578fc3c"},"headline":"Le 14 Octobre 1953","datePublished":"2019-10-14T07:00:36+00:00","dateModified":"2019-10-14T07:05:19+00:00","mainEntityOfPage":{"@id":"https:\/\/www.macapflag.com\/blog\/creation-drapeau-otan\/"},"wordCount":134,"publisher":{"@id":"https:\/\/www.macapflag.com\/blog\/#organization"},"image":{"@id":"https:\/\/www.macapflag.com\/blog\/creation-drapeau-otan\/#primaryimage"},"thumbnailUrl":"https:\/\/www.macapflag.com\/blog\/wp-content\/uploads\/2018\/07\/Ca-sest-pass\u00e9-ce-jour-l\u00e0-macap.jpg","articleSection":["News &amp; Actu"],"inLanguage":"fr-FR"},{"@type":"WebPage","@id":"https:\/\/www.macapflag.com\/blog\/creation-drapeau-otan\/","url":"https:\/\/www.macapflag.com\/blog\/creation-drapeau-otan\/","name":"Le drapeau de l'OTAN (organisation du Trait\u00e9 de l'Atlantique Nord) est cr\u00e9\u00e9","isPartOf":{"@id":"https:\/\/www.macapflag.com\/blog\/#website"},"primaryImageOfPage":{"@id":"https:\/\/www.macapflag.com\/blog\/creation-drapeau-otan\/#primaryimage"},"image":{"@id":"https:\/\/www.macapflag.com\/blog\/creation-drapeau-otan\/#primaryimage"},"thumbnailUrl":"https:\/\/www.macapflag.com\/blog\/wp-content\/uploads\/2018\/07\/Ca-sest-pass\u00e9-ce-jour-l\u00e0-macap.jpg","datePublished":"2019-10-14T07:00:36+00:00","dateModified":"2019-10-14T07:05:19+00:00","description":"Fond\u00e9e le 4 Avril 1949, l'OTAN adopte officiellement son drapeau le 14 Octobre 1953, 4 ans apr\u00e8s sa cr\u00e9ation. il est bicolore bleu et blanc.","breadcrumb":{"@id":"https:\/\/www.macapflag.com\/blog\/creation-drapeau-otan\/#breadcrumb"},"inLanguage":"fr-FR","potentialAction":[{"@type":"ReadAction","target":["https:\/\/www.macapflag.com\/blog\/creation-drapeau-otan\/"]}]},{"@type":"ImageObject","inLanguage":"fr-FR","@id":"https:\/\/www.macapflag.com\/blog\/creation-drapeau-otan\/#primaryimage","url":"https:\/\/www.macapflag.com\/blog\/wp-content\/uploads\/2018\/07\/Ca-sest-pass\u00e9-ce-jour-l\u00e0-macap.jpg","contentUrl":"https:\/\/www.macapflag.com\/blog\/wp-content\/uploads\/2018\/07\/Ca-sest-pass\u00e9-ce-jour-l\u00e0-macap.jpg","width":700,"height":537,"caption":"Ca-s-est-pass\u00e9-ce-jour-l\u00e0-Macap"},{"@type":"BreadcrumbList","@id":"https:\/\/www.macapflag.com\/blog\/creation-drapeau-otan\/#breadcrumb","itemListElement":[{"@type":"ListItem","position":1,"name":"Accueil","item":"https:\/\/www.macapflag.com\/blog\/"},{"@type":"ListItem","position":2,"name":"Le 14 Octobre 1953"}]},{"@type":"WebSite","@id":"https:\/\/www.macapflag.com\/blog\/#website","url":"https:\/\/www.macapflag.com\/blog\/","name":"Blog - Macap","description":"Tous nos articles","publisher":{"@id":"https:\/\/www.macapflag.com\/blog\/#organization"},"potentialAction":[{"@type":"SearchAction","target":{"@type":"EntryPoint","urlTemplate":"https:\/\/www.macapflag.com\/blog\/?s={search_term_string}"},"query-input":{"@type":"PropertyValueSpecification","valueRequired":true,"valueName":"search_term_string"}}],"inLanguage":"fr-FR"},{"@type":"Organization","@id":"https:\/\/www.macapflag.com\/blog\/#organization","name":"macapflag","url":"https:\/\/www.macapflag.com\/blog\/","logo":{"@type":"ImageObject","inLanguage":"fr-FR","@id":"https:\/\/www.macapflag.com\/blog\/#\/schema\/logo\/image\/","url":"https:\/\/www.macapflag.com\/blog\/wp-content\/uploads\/2020\/12\/cropped-M-512-1.png","contentUrl":"https:\/\/www.macapflag.com\/blog\/wp-content\/uploads\/2020\/12\/cropped-M-512-1.png","width":512,"height":512,"caption":"macapflag"},"image":{"@id":"https:\/\/www.macapflag.com\/blog\/#\/schema\/logo\/image\/"},"sameAs":["https:\/\/www.facebook.com\/macap.pavoisement\/","https:\/\/www.instagram.com\/macapflag\/?hl=fr","https:\/\/www.linkedin.com\/company\/macap\/?originalSubdomain=fr","https:\/\/www.youtube.com\/channel\/UCXNzTIdZh9poEBjSXEqDtNw"]},{"@type":"Person","@id":"https:\/\/www.macapflag.com\/blog\/#\/schema\/person\/3fea701f2603875e651e6b662578fc3c","name":"Blog Macap","image":{"@type":"ImageObject","inLanguage":"fr-FR","@id":"https:\/\/www.macapflag.com\/blog\/#\/schema\/person\/image\/","url":"https:\/\/secure.gravatar.com\/avatar\/c12551f2dc51f0db049633b03e7856985477a70da834cc8967dea4ce54bdd6a2?s=96&d=mm&r=g","contentUrl":"https:\/\/secure.gravatar.com\/avatar\/c12551f2dc51f0db049633b03e7856985477a70da834cc8967dea4ce54bdd6a2?s=96&d=mm&r=g","caption":"Blog Macap"},"url":"https:\/\/www.macapflag.com\/blog\/author\/macap\/"}]}},"_links":{"self":[{"href":"https:\/\/www.macapflag.com\/blog\/wp-json\/wp\/v2\/posts\/4132","targetHints":{"allow":["GET"]}}],"collection":[{"href":"https:\/\/www.macapflag.com\/blog\/wp-json\/wp\/v2\/posts"}],"about":[{"href":"https:\/\/www.macapflag.com\/blog\/wp-json\/wp\/v2\/types\/post"}],"author":[{"embeddable":true,"href":"https:\/\/www.macapflag.com\/blog\/wp-json\/wp\/v2\/users\/2"}],"replies":[{"embeddable":true,"href":"https:\/\/www.macapflag.com\/blog\/wp-json\/wp\/v2\/comments?post=4132"}],"version-history":[{"count":4,"href":"https:\/\/www.macapflag.com\/blog\/wp-json\/wp\/v2\/posts\/4132\/revisions"}],"predecessor-version":[{"id":4153,"href":"https:\/\/www.macapflag.com\/blog\/wp-json\/wp\/v2\/posts\/4132\/revisions\/4153"}],"wp:featuredmedia":[{"embeddable":true,"href":"https:\/\/www.macapflag.com\/blog\/wp-json\/wp\/v2\/media\/2440"}],"wp:attachment":[{"href":"https:\/\/www.macapflag.com\/blog\/wp-json\/wp\/v2\/media?parent=4132"}],"wp:term":[{"taxonomy":"category","embeddable":true,"href":"https:\/\/www.macapflag.com\/blog\/wp-json\/wp\/v2\/categories?post=4132"},{"taxonomy":"post_tag","embeddable":true,"href":"https:\/\/www.macapflag.com\/blog\/wp-json\/wp\/v2\/tags?post=4132"}],"curies":[{"name":"wp","href":"https:\/\/api.w.org\/{rel}","templated":true}]}}