{"id":4160,"date":"2025-05-14T08:32:35","date_gmt":"2025-05-14T06:32:35","guid":{"rendered":"https:\/\/www.macapflag.com\/blog\/?p=4160"},"modified":"2025-05-14T08:32:35","modified_gmt":"2025-05-14T06:32:35","slug":"chiffres-communication","status":"publish","type":"post","link":"https:\/\/www.macapflag.com\/blog\/chiffres-communication\/","title":{"rendered":"Les 5 chiffres cl\u00e9s de la communication digitale aujourd&#8217;hui"},"content":{"rendered":"\t\t<div data-elementor-type=\"wp-post\" data-elementor-id=\"4160\" class=\"elementor elementor-4160\">\n\t\t\t\t\t\t<section class=\"elementor-section elementor-top-section elementor-element elementor-element-40e6628 elementor-section-boxed elementor-section-height-default elementor-section-height-default\" data-id=\"40e6628\" data-element_type=\"section\">\n\t\t\t\t\t\t<div class=\"elementor-container elementor-column-gap-default\">\n\t\t\t\t\t<div class=\"elementor-column elementor-col-100 elementor-top-column elementor-element elementor-element-da4d437\" data-id=\"da4d437\" data-element_type=\"column\">\n\t\t\t<div class=\"elementor-widget-wrap elementor-element-populated\">\n\t\t\t\t\t\t<div class=\"elementor-element elementor-element-9f19331 elementor-widget elementor-widget-text-editor\" data-id=\"9f19331\" data-element_type=\"widget\" data-widget_type=\"text-editor.default\">\n\t\t\t\t<div class=\"elementor-widget-container\">\n\t\t\t\t\t\t\t\t\t<p>La communication en France a connu des \u00e9volutions significatives ces derni\u00e8res ann\u00e9es, refl\u00e9tant les transformations num\u00e9riques et les nouvelles habitudes des consommateurs. Voici cinq chiffres cl\u00e9s illustrant l\u2019\u00e9tat actuel du secteur :<\/p><h2>1. 10,97 milliards d\u2019euros<\/h2>\t\t\t\t\t\t\t\t<\/div>\n\t\t\t\t<\/div>\n\t\t\t\t\t<\/div>\n\t\t<\/div>\n\t\t\t\t\t<\/div>\n\t\t<\/section>\n\t\t\t\t<section class=\"elementor-section elementor-top-section elementor-element elementor-element-511a033 elementor-section-boxed elementor-section-height-default elementor-section-height-default\" data-id=\"511a033\" data-element_type=\"section\">\n\t\t\t\t\t\t<div class=\"elementor-container elementor-column-gap-default\">\n\t\t\t\t\t<div class=\"elementor-column elementor-col-100 elementor-top-column elementor-element elementor-element-79aafd6\" data-id=\"79aafd6\" data-element_type=\"column\">\n\t\t\t<div class=\"elementor-widget-wrap elementor-element-populated\">\n\t\t\t\t\t\t<div class=\"elementor-element elementor-element-c3ae719 elementor-widget elementor-widget-image\" data-id=\"c3ae719\" data-element_type=\"widget\" data-widget_type=\"image.default\">\n\t\t\t\t<div class=\"elementor-widget-container\">\n\t\t\t\t\t\t\t\t\t\t\t\t\t\t\t<img fetchpriority=\"high\" decoding=\"async\" width=\"700\" height=\"534\" src=\"https:\/\/www.macapflag.com\/blog\/wp-content\/uploads\/2025\/03\/1_Les_chiffres_de_la_publicite_dans_l_univers_digital_aujourd_hui.gif\" class=\"attachment-large size-large wp-image-20109\" alt=\"March\u00e9 fran\u00e7ais de la publicit\u00e9 digitale en France aujourd&#039;hui\" \/>\t\t\t\t\t\t\t\t\t\t\t\t\t\t\t<\/div>\n\t\t\t\t<\/div>\n\t\t\t\t\t<\/div>\n\t\t<\/div>\n\t\t\t\t\t<\/div>\n\t\t<\/section>\n\t\t\t\t<section class=\"elementor-section elementor-top-section elementor-element elementor-element-3eede34 elementor-section-boxed elementor-section-height-default elementor-section-height-default\" data-id=\"3eede34\" data-element_type=\"section\">\n\t\t\t\t\t\t<div class=\"elementor-container elementor-column-gap-default\">\n\t\t\t\t\t<div class=\"elementor-column elementor-col-100 elementor-top-column elementor-element elementor-element-554a3bb\" data-id=\"554a3bb\" data-element_type=\"column\">\n\t\t\t<div class=\"elementor-widget-wrap elementor-element-populated\">\n\t\t\t\t\t\t<div class=\"elementor-element elementor-element-03d29da elementor-widget elementor-widget-text-editor\" data-id=\"03d29da\" data-element_type=\"widget\" data-widget_type=\"text-editor.default\">\n\t\t\t\t<div class=\"elementor-widget-container\">\n\t\t\t\t\t\t\t\t\t<p>En 2024, <strong>le march\u00e9 fran\u00e7ais de la publicit\u00e9 digitale a atteint 10,97 milliards d\u2019euros<\/strong>, soit une augmentation de 14 % par rapport \u00e0 2023. Cette croissance refl\u00e8te l\u2019\u00e9volution des investissements publicitaires, qui se d\u00e9tournent progressivement des canaux traditionnels au profit des plateformes num\u00e9riques.<\/p><p>Les principaux moteurs de cette expansion sont :<\/p><ul><li><strong>Le Social Media Advertising<\/strong>, qui repr\u00e9sente 41 % du march\u00e9 publicitaire digital, avec une forte croissance port\u00e9e par Instagram, TikTok et LinkedIn.<\/li><li><strong>La publicit\u00e9 vid\u00e9o<\/strong>, notamment sur YouTube et les formats courts sur les r\u00e9seaux sociaux, dont la part augmente significativement.<\/li><li><strong>Le search (SEO et SEA)<\/strong>, qui reste un canal d\u2019acquisition incontournable pour les marques.<\/li><\/ul><p>Avec cette mont\u00e9e en puissance, la communication digitale devient un levier incontournable pour les entreprises souhaitant toucher leur audience de mani\u00e8re efficace.<\/p><h2>2. 78,2 % de la population sur les r\u00e9seaux<\/h2>\t\t\t\t\t\t\t\t<\/div>\n\t\t\t\t<\/div>\n\t\t\t\t\t<\/div>\n\t\t<\/div>\n\t\t\t\t\t<\/div>\n\t\t<\/section>\n\t\t\t\t<section class=\"elementor-section elementor-top-section elementor-element elementor-element-7717bed elementor-section-boxed elementor-section-height-default elementor-section-height-default\" data-id=\"7717bed\" data-element_type=\"section\">\n\t\t\t\t\t\t<div class=\"elementor-container elementor-column-gap-default\">\n\t\t\t\t\t<div class=\"elementor-column elementor-col-100 elementor-top-column elementor-element elementor-element-46f36b8\" data-id=\"46f36b8\" data-element_type=\"column\">\n\t\t\t<div class=\"elementor-widget-wrap elementor-element-populated\">\n\t\t\t\t\t\t<div class=\"elementor-element elementor-element-aca3c3b elementor-widget elementor-widget-image\" data-id=\"aca3c3b\" data-element_type=\"widget\" data-widget_type=\"image.default\">\n\t\t\t\t<div class=\"elementor-widget-container\">\n\t\t\t\t\t\t\t\t\t\t\t\t\t\t\t<img decoding=\"async\" width=\"700\" height=\"534\" src=\"https:\/\/www.macapflag.com\/blog\/wp-content\/uploads\/2025\/03\/2_Les_reseaux_sociaux_les_plus_utilises_en_France_aujourd_hui.gif\" class=\"attachment-large size-large wp-image-20108\" alt=\"Les r\u00e9seaux sociaux les plus utilis\u00e9s en France aujourd&#039;hui\" \/>\t\t\t\t\t\t\t\t\t\t\t\t\t\t\t<\/div>\n\t\t\t\t<\/div>\n\t\t\t\t\t<\/div>\n\t\t<\/div>\n\t\t\t\t\t<\/div>\n\t\t<\/section>\n\t\t\t\t<section class=\"elementor-section elementor-top-section elementor-element elementor-element-167db03 elementor-section-boxed elementor-section-height-default elementor-section-height-default\" data-id=\"167db03\" data-element_type=\"section\">\n\t\t\t\t\t\t<div class=\"elementor-container elementor-column-gap-default\">\n\t\t\t\t\t<div class=\"elementor-column elementor-col-100 elementor-top-column elementor-element elementor-element-dba5df1\" data-id=\"dba5df1\" data-element_type=\"column\">\n\t\t\t<div class=\"elementor-widget-wrap elementor-element-populated\">\n\t\t\t\t\t\t<div class=\"elementor-element elementor-element-f1cf13a elementor-widget elementor-widget-text-editor\" data-id=\"f1cf13a\" data-element_type=\"widget\" data-widget_type=\"text-editor.default\">\n\t\t\t\t<div class=\"elementor-widget-container\">\n\t\t\t\t\t\t\t\t\t<p>En 2024, <strong>78,2 % de la population fran\u00e7aise, soit environ 50,7 millions de personnes<\/strong>, \u00e9taient actives sur les r\u00e9seaux sociaux. Les plateformes les plus utilis\u00e9es incluent Facebook, YouTube, WhatsApp, Instagram et TikTok.<\/p><p><strong>Voici le classement des r\u00e9seaux sociaux en France en 2024 :<\/strong><\/p><ul><li><strong>1.YouTube<\/strong>, avec 70\u2009% de taux d\u2019usage, soit 39 400 000 d\u2019utilisateurs mensuels.<\/li><li><strong>2. Facebook<\/strong>, avec 59\u2009% de taux d\u2019usage, soit 33 400 000 d\u2019utilisateurs mensuels.<\/li><li><strong>3. WhatsApp<\/strong>, avec 57\u2009% de taux d\u2019usage, soit 32 100 000 d\u2019utilisateurs mensuels.<\/li><li><strong>4. Instagram<\/strong>, avec 48\u2009% de taux d\u2019usage, soit 27 000 000 d\u2019utilisateurs mensuels.<\/li><li><strong>5. TikTok<\/strong>, avec 41\u2009% de taux d\u2019usage, soit 23 246 000 d\u2019utilisateurs mensuels.<\/li><li><strong>6. Snapchat<\/strong>, avec 39\u2009% de taux d\u2019usage, soit 21 800 000 d\u2019utilisateurs mensuels.<\/li><li><strong>7. LinkedIn<\/strong>, avec 34\u2009% de taux d\u2019usage, soit 19 200 000 d\u2019utilisateurs mensuels.<\/li><li><strong>8. X<\/strong> (ex : Twitter), avec 28% de taux d\u2019usage, soit 15 700 000 d\u2019utilisateurs mensuels.<\/li><li><strong>9. Pinterest<\/strong>, avec 24\u2009% de taux d\u2019usage, soit 13 710 000 d\u2019utilisateurs mensuels.<\/li><\/ul><p>Les marques doivent adapter leur communication \u00e0 ces plateformes et aux tendances du moment (contenus interactifs, vid\u00e9os courtes, influence marketing, etc.) pour capter l\u2019attention de leur audience.<\/p><h3>Quels sont les r\u00e9seaux pr\u00e9f\u00e9r\u00e9s des moins de 30 ans en France ?<\/h3><p>Les r\u00e9seaux sociaux font partie int\u00e9grante du quotidien des jeunes. Pour communiquer, pour s\u2019informer, pour se divertir, tout passe par les r\u00e9seaux. <br \/><strong>Instagram reste de loin le r\u00e9seau le plus largement utilis\u00e9 par les moins de 30 ans,<\/strong> avec une part d\u2019utilisateurs r\u00e9guliers qui atteint 80 % dans cette tranche d\u2019\u00e2ge, soit 24 points de pourcentage de plus que la population g\u00e9n\u00e9rale (18-64 ans). Sur le podium, on trouve ensuite au coude-\u00e0-coude les applications <strong>Snapchat<\/strong> (70 %) et <strong>TikTok<\/strong> (69 %), pour lesquelles la part d\u2019utilisateurs r\u00e9guliers chez les moins de 30 ans est sup\u00e9rieure de 31 points \u00e0 celle de l\u2019ensemble de l\u2019\u00e9chantillon \u00e9tudi\u00e9.<\/p><h2>3. 2 h 40, le temps moyen pass\u00e9 en ligne par jour<\/h2>\t\t\t\t\t\t\t\t<\/div>\n\t\t\t\t<\/div>\n\t\t\t\t\t<\/div>\n\t\t<\/div>\n\t\t\t\t\t<\/div>\n\t\t<\/section>\n\t\t\t\t<section class=\"elementor-section elementor-top-section elementor-element elementor-element-eb1659a elementor-section-boxed elementor-section-height-default elementor-section-height-default\" data-id=\"eb1659a\" data-element_type=\"section\">\n\t\t\t\t\t\t<div class=\"elementor-container elementor-column-gap-default\">\n\t\t\t\t\t<div class=\"elementor-column elementor-col-100 elementor-top-column elementor-element elementor-element-a4d5bb7\" data-id=\"a4d5bb7\" data-element_type=\"column\">\n\t\t\t<div class=\"elementor-widget-wrap elementor-element-populated\">\n\t\t\t\t\t\t<div class=\"elementor-element elementor-element-3efabaf elementor-widget elementor-widget-image\" data-id=\"3efabaf\" data-element_type=\"widget\" data-widget_type=\"image.default\">\n\t\t\t\t<div class=\"elementor-widget-container\">\n\t\t\t\t\t\t\t\t\t\t\t\t\t\t\t<img decoding=\"async\" width=\"700\" height=\"534\" src=\"https:\/\/www.macapflag.com\/blog\/wp-content\/uploads\/2025\/03\/3_Temps_moyen_d_utilisation_d_internet_par_les_francais_aujourd_hui.gif\" class=\"attachment-large size-large wp-image-20107\" alt=\"Temps moyen d&#039;utilisation internet en France aujourd&#039;hui\" \/>\t\t\t\t\t\t\t\t\t\t\t\t\t\t\t<\/div>\n\t\t\t\t<\/div>\n\t\t\t\t\t<\/div>\n\t\t<\/div>\n\t\t\t\t\t<\/div>\n\t\t<\/section>\n\t\t\t\t<section class=\"elementor-section elementor-top-section elementor-element elementor-element-55863b6 elementor-section-boxed elementor-section-height-default elementor-section-height-default\" data-id=\"55863b6\" data-element_type=\"section\">\n\t\t\t\t\t\t<div class=\"elementor-container elementor-column-gap-default\">\n\t\t\t\t\t<div class=\"elementor-column elementor-col-100 elementor-top-column elementor-element elementor-element-4cb1594\" data-id=\"4cb1594\" data-element_type=\"column\">\n\t\t\t<div class=\"elementor-widget-wrap elementor-element-populated\">\n\t\t\t\t\t\t<div class=\"elementor-element elementor-element-ca539e2 elementor-widget elementor-widget-text-editor\" data-id=\"ca539e2\" data-element_type=\"widget\" data-widget_type=\"text-editor.default\">\n\t\t\t\t<div class=\"elementor-widget-container\">\n\t\t\t\t\t\t\t\t\t<p>En 2024, un Fran\u00e7ais passe en moyenne 2 heures et 40 minutes par jour en ligne, une augmentation de 27 % par rapport \u00e0 2019. Ce chiffre refl\u00e8te l\u2019importance grandissante d\u2019internet dans notre quotidien, que ce soit pour le travail, le divertissement ou l\u2019information.<\/p><h3>R\u00e9partition du temps pass\u00e9 en ligne :<\/h3><ul><li><strong>47 % sur mobile<\/strong>, confirmant la domination des smartphones dans les usages num\u00e9riques.<\/li><li><strong>35 % sur ordinateur<\/strong>, notamment pour les t\u00e2ches professionnelles.<\/li><li><strong>18 % sur tablettes et autres appareils connect\u00e9s.<\/strong><\/li><\/ul><p>Les marques doivent donc adopter une approche \u00ab mobile-first \u00bb, optimiser leurs sites pour le format mobile et privil\u00e9gier des formats adapt\u00e9s \u00e0 la consommation rapide d\u2019informations (stories, vid\u00e9os courtes, posts engageants, etc.).<\/p><h2>4. 22,2 millions d\u2019abonn\u00e9s \u00e0 la fibre optique<\/h2>\t\t\t\t\t\t\t\t<\/div>\n\t\t\t\t<\/div>\n\t\t\t\t\t<\/div>\n\t\t<\/div>\n\t\t\t\t\t<\/div>\n\t\t<\/section>\n\t\t\t\t<section class=\"elementor-section elementor-top-section elementor-element elementor-element-b4929a5 elementor-section-boxed elementor-section-height-default elementor-section-height-default\" data-id=\"b4929a5\" data-element_type=\"section\">\n\t\t\t\t\t\t<div class=\"elementor-container elementor-column-gap-default\">\n\t\t\t\t\t<div class=\"elementor-column elementor-col-100 elementor-top-column elementor-element elementor-element-cce5e56\" data-id=\"cce5e56\" data-element_type=\"column\">\n\t\t\t<div class=\"elementor-widget-wrap elementor-element-populated\">\n\t\t\t\t\t\t<div class=\"elementor-element elementor-element-eca0865 elementor-widget elementor-widget-image\" data-id=\"eca0865\" data-element_type=\"widget\" data-widget_type=\"image.default\">\n\t\t\t\t<div class=\"elementor-widget-container\">\n\t\t\t\t\t\t\t\t\t\t\t\t\t\t\t<img loading=\"lazy\" decoding=\"async\" width=\"700\" height=\"534\" src=\"https:\/\/www.macapflag.com\/blog\/wp-content\/uploads\/2025\/03\/4_Utilisation_de_la_fibre_optique_en_France_aujourd_hui.gif\" class=\"attachment-large size-large wp-image-20106\" alt=\"Utilisation de la fibre optique en France aujourd&#039;hui\" \/>\t\t\t\t\t\t\t\t\t\t\t\t\t\t\t<\/div>\n\t\t\t\t<\/div>\n\t\t\t\t\t<\/div>\n\t\t<\/div>\n\t\t\t\t\t<\/div>\n\t\t<\/section>\n\t\t\t\t<section class=\"elementor-section elementor-top-section elementor-element elementor-element-8de0b05 elementor-section-boxed elementor-section-height-default elementor-section-height-default\" data-id=\"8de0b05\" data-element_type=\"section\">\n\t\t\t\t\t\t<div class=\"elementor-container elementor-column-gap-default\">\n\t\t\t\t\t<div class=\"elementor-column elementor-col-100 elementor-top-column elementor-element elementor-element-c84a1c7\" data-id=\"c84a1c7\" data-element_type=\"column\">\n\t\t\t<div class=\"elementor-widget-wrap elementor-element-populated\">\n\t\t\t\t\t\t<div class=\"elementor-element elementor-element-36b9546 elementor-widget elementor-widget-text-editor\" data-id=\"36b9546\" data-element_type=\"widget\" data-widget_type=\"text-editor.default\">\n\t\t\t\t<div class=\"elementor-widget-container\">\n\t\t\t\t\t\t\t\t\t<p>Le d\u00e9ploiement de la fibre en France progresse rapidement. En mars 2024, 22,2 millions de foyers \u00e9taient abonn\u00e9s \u00e0 la fibre optique, repr\u00e9sentant 69 % du total des abonnements internet.<\/p><h3>Pourquoi c\u2019est un enjeu pour la communication ?<\/h3><ul><li><strong>Une meilleure connectivit\u00e9<\/strong> favorise la consommation de vid\u00e9os en streaming et de contenus interactifs.<\/li><li><strong>Une adoption acc\u00e9l\u00e9r\u00e9e du t\u00e9l\u00e9travail<\/strong>, qui pousse les entreprises \u00e0 adapter leur communication interne et externe.<\/li><li><strong>Une plus grande accessibilit\u00e9 aux m\u00e9dias digitaux<\/strong>, incitant les marques \u00e0 renforcer leur pr\u00e9sence en ligne.<\/li><\/ul><p>Le d\u00e9veloppement de la fibre offre ainsi de nouvelles opportunit\u00e9s aux entreprises pour innover dans leurs strat\u00e9gies de communication digitale.<\/p><h2>5. 15,6 millions d\u2019utilisateurs de la 5G en France<\/h2>\t\t\t\t\t\t\t\t<\/div>\n\t\t\t\t<\/div>\n\t\t\t\t\t<\/div>\n\t\t<\/div>\n\t\t\t\t\t<\/div>\n\t\t<\/section>\n\t\t\t\t<section class=\"elementor-section elementor-top-section elementor-element elementor-element-c317ace elementor-section-boxed elementor-section-height-default elementor-section-height-default\" data-id=\"c317ace\" data-element_type=\"section\">\n\t\t\t\t\t\t<div class=\"elementor-container elementor-column-gap-default\">\n\t\t\t\t\t<div class=\"elementor-column elementor-col-100 elementor-top-column elementor-element elementor-element-5647634\" data-id=\"5647634\" data-element_type=\"column\">\n\t\t\t<div class=\"elementor-widget-wrap elementor-element-populated\">\n\t\t\t\t\t\t<div class=\"elementor-element elementor-element-c41c8c9 elementor-widget elementor-widget-image\" data-id=\"c41c8c9\" data-element_type=\"widget\" data-widget_type=\"image.default\">\n\t\t\t\t<div class=\"elementor-widget-container\">\n\t\t\t\t\t\t\t\t\t\t\t\t\t\t\t<img loading=\"lazy\" decoding=\"async\" width=\"700\" height=\"534\" src=\"https:\/\/www.macapflag.com\/blog\/wp-content\/uploads\/2025\/03\/5_Les_atouts_de_la_connexion_5G_et_son_deploiement_en_France.gif\" class=\"attachment-large size-large wp-image-20105\" alt=\"Atouts de la connexion 5G et d\u00e9ploiement en France\" \/>\t\t\t\t\t\t\t\t\t\t\t\t\t\t\t<\/div>\n\t\t\t\t<\/div>\n\t\t\t\t\t<\/div>\n\t\t<\/div>\n\t\t\t\t\t<\/div>\n\t\t<\/section>\n\t\t\t\t<section class=\"elementor-section elementor-top-section elementor-element elementor-element-47b9b95 elementor-section-boxed elementor-section-height-default elementor-section-height-default\" data-id=\"47b9b95\" data-element_type=\"section\">\n\t\t\t\t\t\t<div class=\"elementor-container elementor-column-gap-default\">\n\t\t\t\t\t<div class=\"elementor-column elementor-col-100 elementor-top-column elementor-element elementor-element-7c153b6\" data-id=\"7c153b6\" data-element_type=\"column\">\n\t\t\t<div class=\"elementor-widget-wrap elementor-element-populated\">\n\t\t\t\t\t\t<div class=\"elementor-element elementor-element-da010f2 elementor-widget elementor-widget-text-editor\" data-id=\"da010f2\" data-element_type=\"widget\" data-widget_type=\"text-editor.default\">\n\t\t\t\t<div class=\"elementor-widget-container\">\n\t\t\t\t\t\t\t\t\t<p>La 5G est en plein essor avec 15,6 millions de cartes SIM actives sur ce r\u00e9seau en France au premier trimestre 2024. Cela repr\u00e9sente pr\u00e8s de 20 % des cartes SIM en service.<\/p><h3>Pourquoi la 5G impacte la communication ?<\/h3><ul><li><strong>Des temps de chargement ultra-rapides<\/strong>, am\u00e9liorant l\u2019exp\u00e9rience utilisateur sur mobile.<\/li><li><strong>Une meilleure qualit\u00e9 pour les contenus vid\u00e9o<\/strong>, facilitant l\u2019essor du live streaming et des vid\u00e9os 4K.<\/li><li><strong>Un boom de la r\u00e9alit\u00e9 augment\u00e9e et virtuelle<\/strong>, offrant de nouvelles exp\u00e9riences marketing immersives.<\/li><\/ul><p>Gr\u00e2ce \u00e0 la 5G, les entreprises ont la possibilit\u00e9 de d\u00e9velopper des campagnes publicitaires plus interactives et engageantes, bas\u00e9es sur des contenus riches et immersifs.<\/p><h3>Comment les entreprises peuvent-elles profiter de ces chiffres ?<\/h3><p>Les chiffres cl\u00e9s de 2024 montrent une tendance nette : <strong>la communication s\u2019oriente de plus en plus vers le digital et le mobile<\/strong>. L\u2019essor des r\u00e9seaux sociaux, la mont\u00e9e en puissance de la publicit\u00e9 digitale et l\u2019am\u00e9lioration des infrastructures (fibre et 5G) cr\u00e9ent de nouvelles opportunit\u00e9s pour les entreprises. <br \/>Pour autant, la communication digitale ne remplace pas tout. Les supports de communication traditionnels restent aussi utiles que pertinents.<\/p><p>Pour r\u00e9ussir dans ce nouvel environnement, les marques doivent communiquer en int\u00e9grant le digital \u00e0 leur strat\u00e9gie de communication : <br \/>\u2705 Investir dans les formats vid\u00e9o et interactifs. <br \/>\u2705 Adopter une approche mobile-first. <br \/>\u2705 Optimiser leur pr\u00e9sence sur les r\u00e9seaux sociaux. <br \/>\u2705 S\u2019adapter aux \u00e9volutions technologiques (IA, 5G, r\u00e9alit\u00e9 augment\u00e9e). <br \/>\u2705 Int\u00e9grer le digital \u00e0 la communication traditionnelle (QR code, liens).<\/p><p>\u00a0<\/p><h4>Sources :<\/h4><p><span style=\"color: #3366ff;\"><a style=\"color: #3366ff;\" href=\"https:\/\/www.republik-retail.fr\/solutions-techno\/marketing\/publicite-digitale-les-10-evolutions-majeures-du-marche-en-2024.html\" target=\"_blank\" rel=\"noopener\">https:\/\/www.republik-retail.fr\/solutions-techno\/marketing\/publicite-digitale-les-10-evolutions-majeures-du-marche-en-2024.html<\/a><br \/><br \/><\/span><a href=\"https:\/\/fr.statista.com\/\" target=\"_blank\" rel=\"noopener\"><span style=\"color: #3366ff;\">https:\/\/fr.statista.com\/<\/span><\/a><\/p><p><a href=\"https:\/\/mindblow.fr\/usage-internet-chiffres-cles\/\" target=\"_blank\" rel=\"noopener\"><span style=\"color: #3366ff;\">https:\/\/mindblow.fr\/usage-internet-chiffres-cles\/<\/span><\/a><\/p><p><a href=\"https:\/\/www.arcep.fr\/cartes-et-donnees\/nos-publications-chiffrees\/observatoire-des-marches-des-communications-electroniques-en-france\/t1-2024.html\" target=\"_blank\" rel=\"noopener\"><span style=\"color: #3366ff;\">https:\/\/www.arcep.fr\/cartes-et-donnees\/nos-publications-chiffrees\/observatoire-des-marches-des-communications-electroniques-en-france\/t1-2024.html<\/span><\/a><\/p>\t\t\t\t\t\t\t\t<\/div>\n\t\t\t\t<\/div>\n\t\t\t\t\t<\/div>\n\t\t<\/div>\n\t\t\t\t\t<\/div>\n\t\t<\/section>\n\t\t\t\t<section class=\"elementor-section elementor-top-section elementor-element elementor-element-07f2b1e elementor-section-boxed elementor-section-height-default elementor-section-height-default\" data-id=\"07f2b1e\" data-element_type=\"section\">\n\t\t\t\t\t\t<div class=\"elementor-container elementor-column-gap-default\">\n\t\t\t\t\t<div class=\"elementor-column elementor-col-100 elementor-top-column elementor-element elementor-element-8ebf3f9\" data-id=\"8ebf3f9\" data-element_type=\"column\">\n\t\t\t<div class=\"elementor-widget-wrap elementor-element-populated\">\n\t\t\t\t\t\t<div class=\"elementor-element elementor-element-98df952 elementor-widget elementor-widget-text-editor\" data-id=\"98df952\" data-element_type=\"widget\" data-widget_type=\"text-editor.default\">\n\t\t\t\t<div class=\"elementor-widget-container\">\n\t\t\t\t\t\t\t\t\t<h4>Consultez d\u2019autres articles sur le sujet :<\/h4><p><blockquote class=\"wp-embedded-content\" data-secret=\"8dRsKIikVh\"><a href=\"https:\/\/www.macapflag.com\/blog\/harmoniser-sa-communication\/\">Entreprise : Pourquoi et comment harmoniser sa communication ?<\/a><\/blockquote><iframe class=\"wp-embedded-content\" sandbox=\"allow-scripts\" security=\"restricted\" style=\"position: absolute; visibility: hidden;\" title=\"\u00ab\u00a0Entreprise : Pourquoi et comment harmoniser sa communication ?\u00a0\u00bb &#8212; Blog - Macap\" src=\"https:\/\/www.macapflag.com\/blog\/harmoniser-sa-communication\/embed\/#?secret=4WSegdbXUF#?secret=8dRsKIikVh\" data-secret=\"8dRsKIikVh\" width=\"600\" height=\"338\" frameborder=\"0\" marginwidth=\"0\" marginheight=\"0\" scrolling=\"no\"><\/iframe><\/p><p><blockquote class=\"wp-embedded-content\" data-secret=\"IbiPIG9Y29\"><a href=\"https:\/\/www.macapflag.com\/blog\/tout-savoir-sur-la-communication-visuelle\/\">Tout savoir sur la communication visuelle<\/a><\/blockquote><iframe class=\"wp-embedded-content\" sandbox=\"allow-scripts\" security=\"restricted\" style=\"position: absolute; visibility: hidden;\" title=\"\u00ab\u00a0Tout savoir sur la communication visuelle\u00a0\u00bb &#8212; Blog - Macap\" src=\"https:\/\/www.macapflag.com\/blog\/tout-savoir-sur-la-communication-visuelle\/embed\/#?secret=rrJ2VgYDBh#?secret=IbiPIG9Y29\" data-secret=\"IbiPIG9Y29\" width=\"600\" height=\"338\" frameborder=\"0\" marginwidth=\"0\" marginheight=\"0\" scrolling=\"no\"><\/iframe><\/p><p>\u00a0<\/p>\t\t\t\t\t\t\t\t<\/div>\n\t\t\t\t<\/div>\n\t\t\t\t\t<\/div>\n\t\t<\/div>\n\t\t\t\t\t<\/div>\n\t\t<\/section>\n\t\t\t\t<\/div>\n\t\t","protected":false},"excerpt":{"rendered":"<div class=\"tmnf_excerpt\"><p>La communication en France a connu des \u00e9volutions significatives ces derni\u00e8res ann\u00e9es, refl\u00e9tant les transformations num\u00e9riques et les nouvelles habitudes des consommateurs. Voici cinq chiffres cl\u00e9s illustrant l\u2019\u00e9tat actuel du secteur : 1. 10,97 milliards d\u2019euros En 2024, le march\u00e9 fran\u00e7ais de la publicit\u00e9 digitale a atteint 10,97 milliards d\u2019euros, soit une augmentation de 14 &hellip;<\/p>\n<\/div>","protected":false},"author":2,"featured_media":20103,"comment_status":"closed","ping_status":"open","sticky":false,"template":"template-fullwidth.php","format":"standard","meta":{"footnotes":""},"categories":[93],"tags":[],"class_list":["post-4160","post","type-post","status-publish","format-standard","has-post-thumbnail","hentry","category-com"],"yoast_head":"<!-- This site is optimized with the Yoast SEO plugin v26.4 - https:\/\/yoast.com\/wordpress\/plugins\/seo\/ -->\n<title>Les 5 chiffres cl\u00e9s de la communication digitale aujourd&#039;hui<\/title>\n<meta name=\"description\" content=\"Que repr\u00e9sente le secteur de la communication digitale en France ? Quel est le r\u00e9seau social le plus utilis\u00e9 ?\" \/>\n<meta name=\"robots\" content=\"index, follow, max-snippet:-1, max-image-preview:large, max-video-preview:-1\" \/>\n<link rel=\"canonical\" href=\"https:\/\/www.macapflag.com\/blog\/chiffres-communication\/\" \/>\n<meta property=\"og:locale\" content=\"fr_FR\" \/>\n<meta property=\"og:type\" content=\"article\" \/>\n<meta property=\"og:title\" content=\"Les 5 chiffres cl\u00e9s de la communication digitale aujourd&#039;hui\" \/>\n<meta property=\"og:description\" content=\"Que repr\u00e9sente le secteur de la communication digitale en France ? Quel est le r\u00e9seau social le plus utilis\u00e9 ?\" \/>\n<meta property=\"og:url\" content=\"https:\/\/www.macapflag.com\/blog\/chiffres-communication\/\" \/>\n<meta property=\"og:site_name\" content=\"Blog - Macap\" \/>\n<meta property=\"article:publisher\" content=\"https:\/\/www.facebook.com\/macap.pavoisement\/\" \/>\n<meta property=\"article:published_time\" content=\"2025-05-14T06:32:35+00:00\" \/>\n<meta property=\"og:image\" content=\"https:\/\/www.macapflag.com\/blog\/wp-content\/uploads\/2025\/03\/Titre_5_chiffres_cles_de_la_communication_digitale_aujourd_hui.jpg\" \/>\n\t<meta property=\"og:image:width\" content=\"870\" \/>\n\t<meta property=\"og:image:height\" content=\"600\" \/>\n\t<meta property=\"og:image:type\" content=\"image\/jpeg\" \/>\n<meta name=\"author\" content=\"Blog Macap\" \/>\n<meta name=\"twitter:card\" content=\"summary_large_image\" \/>\n<meta name=\"twitter:label1\" content=\"\u00c9crit par\" \/>\n\t<meta name=\"twitter:data1\" content=\"Blog Macap\" \/>\n\t<meta name=\"twitter:label2\" content=\"Dur\u00e9e de lecture estim\u00e9e\" \/>\n\t<meta name=\"twitter:data2\" content=\"7 minutes\" \/>\n<script type=\"application\/ld+json\" class=\"yoast-schema-graph\">{\"@context\":\"https:\/\/schema.org\",\"@graph\":[{\"@type\":\"Article\",\"@id\":\"https:\/\/www.macapflag.com\/blog\/chiffres-communication\/#article\",\"isPartOf\":{\"@id\":\"https:\/\/www.macapflag.com\/blog\/chiffres-communication\/\"},\"author\":{\"name\":\"Blog Macap\",\"@id\":\"https:\/\/www.macapflag.com\/blog\/#\/schema\/person\/3fea701f2603875e651e6b662578fc3c\"},\"headline\":\"Les 5 chiffres cl\u00e9s de la communication digitale aujourd&#8217;hui\",\"datePublished\":\"2025-05-14T06:32:35+00:00\",\"mainEntityOfPage\":{\"@id\":\"https:\/\/www.macapflag.com\/blog\/chiffres-communication\/\"},\"wordCount\":1026,\"publisher\":{\"@id\":\"https:\/\/www.macapflag.com\/blog\/#organization\"},\"image\":{\"@id\":\"https:\/\/www.macapflag.com\/blog\/chiffres-communication\/#primaryimage\"},\"thumbnailUrl\":\"https:\/\/www.macapflag.com\/blog\/wp-content\/uploads\/2025\/03\/Titre_5_chiffres_cles_de_la_communication_digitale_aujourd_hui.jpg\",\"articleSection\":[\"Le monde de la Com'\"],\"inLanguage\":\"fr-FR\"},{\"@type\":\"WebPage\",\"@id\":\"https:\/\/www.macapflag.com\/blog\/chiffres-communication\/\",\"url\":\"https:\/\/www.macapflag.com\/blog\/chiffres-communication\/\",\"name\":\"Les 5 chiffres cl\u00e9s de la communication digitale aujourd'hui\",\"isPartOf\":{\"@id\":\"https:\/\/www.macapflag.com\/blog\/#website\"},\"primaryImageOfPage\":{\"@id\":\"https:\/\/www.macapflag.com\/blog\/chiffres-communication\/#primaryimage\"},\"image\":{\"@id\":\"https:\/\/www.macapflag.com\/blog\/chiffres-communication\/#primaryimage\"},\"thumbnailUrl\":\"https:\/\/www.macapflag.com\/blog\/wp-content\/uploads\/2025\/03\/Titre_5_chiffres_cles_de_la_communication_digitale_aujourd_hui.jpg\",\"datePublished\":\"2025-05-14T06:32:35+00:00\",\"description\":\"Que repr\u00e9sente le secteur de la communication digitale en France ? Quel est le r\u00e9seau social le plus utilis\u00e9 ?\",\"breadcrumb\":{\"@id\":\"https:\/\/www.macapflag.com\/blog\/chiffres-communication\/#breadcrumb\"},\"inLanguage\":\"fr-FR\",\"potentialAction\":[{\"@type\":\"ReadAction\",\"target\":[\"https:\/\/www.macapflag.com\/blog\/chiffres-communication\/\"]}]},{\"@type\":\"ImageObject\",\"inLanguage\":\"fr-FR\",\"@id\":\"https:\/\/www.macapflag.com\/blog\/chiffres-communication\/#primaryimage\",\"url\":\"https:\/\/www.macapflag.com\/blog\/wp-content\/uploads\/2025\/03\/Titre_5_chiffres_cles_de_la_communication_digitale_aujourd_hui.jpg\",\"contentUrl\":\"https:\/\/www.macapflag.com\/blog\/wp-content\/uploads\/2025\/03\/Titre_5_chiffres_cles_de_la_communication_digitale_aujourd_hui.jpg\",\"width\":870,\"height\":600,\"caption\":\"Chiffres cl\u00e9s de la communication digitale aujourd'hui\"},{\"@type\":\"BreadcrumbList\",\"@id\":\"https:\/\/www.macapflag.com\/blog\/chiffres-communication\/#breadcrumb\",\"itemListElement\":[{\"@type\":\"ListItem\",\"position\":1,\"name\":\"Accueil\",\"item\":\"https:\/\/www.macapflag.com\/blog\/\"},{\"@type\":\"ListItem\",\"position\":2,\"name\":\"Les 5 chiffres cl\u00e9s de la communication digitale aujourd&rsquo;hui\"}]},{\"@type\":\"WebSite\",\"@id\":\"https:\/\/www.macapflag.com\/blog\/#website\",\"url\":\"https:\/\/www.macapflag.com\/blog\/\",\"name\":\"Blog - Macap\",\"description\":\"Tous nos articles\",\"publisher\":{\"@id\":\"https:\/\/www.macapflag.com\/blog\/#organization\"},\"potentialAction\":[{\"@type\":\"SearchAction\",\"target\":{\"@type\":\"EntryPoint\",\"urlTemplate\":\"https:\/\/www.macapflag.com\/blog\/?s={search_term_string}\"},\"query-input\":{\"@type\":\"PropertyValueSpecification\",\"valueRequired\":true,\"valueName\":\"search_term_string\"}}],\"inLanguage\":\"fr-FR\"},{\"@type\":\"Organization\",\"@id\":\"https:\/\/www.macapflag.com\/blog\/#organization\",\"name\":\"macapflag\",\"url\":\"https:\/\/www.macapflag.com\/blog\/\",\"logo\":{\"@type\":\"ImageObject\",\"inLanguage\":\"fr-FR\",\"@id\":\"https:\/\/www.macapflag.com\/blog\/#\/schema\/logo\/image\/\",\"url\":\"https:\/\/www.macapflag.com\/blog\/wp-content\/uploads\/2020\/12\/cropped-M-512-1.png\",\"contentUrl\":\"https:\/\/www.macapflag.com\/blog\/wp-content\/uploads\/2020\/12\/cropped-M-512-1.png\",\"width\":512,\"height\":512,\"caption\":\"macapflag\"},\"image\":{\"@id\":\"https:\/\/www.macapflag.com\/blog\/#\/schema\/logo\/image\/\"},\"sameAs\":[\"https:\/\/www.facebook.com\/macap.pavoisement\/\",\"https:\/\/www.instagram.com\/macapflag\/?hl=fr\",\"https:\/\/www.linkedin.com\/company\/macap\/?originalSubdomain=fr\",\"https:\/\/www.youtube.com\/channel\/UCXNzTIdZh9poEBjSXEqDtNw\"]},{\"@type\":\"Person\",\"@id\":\"https:\/\/www.macapflag.com\/blog\/#\/schema\/person\/3fea701f2603875e651e6b662578fc3c\",\"name\":\"Blog Macap\",\"image\":{\"@type\":\"ImageObject\",\"inLanguage\":\"fr-FR\",\"@id\":\"https:\/\/www.macapflag.com\/blog\/#\/schema\/person\/image\/\",\"url\":\"https:\/\/secure.gravatar.com\/avatar\/c12551f2dc51f0db049633b03e7856985477a70da834cc8967dea4ce54bdd6a2?s=96&d=mm&r=g\",\"contentUrl\":\"https:\/\/secure.gravatar.com\/avatar\/c12551f2dc51f0db049633b03e7856985477a70da834cc8967dea4ce54bdd6a2?s=96&d=mm&r=g\",\"caption\":\"Blog Macap\"},\"url\":\"https:\/\/www.macapflag.com\/blog\/author\/macap\/\"}]}<\/script>\n<!-- \/ Yoast SEO plugin. -->","yoast_head_json":{"title":"Les 5 chiffres cl\u00e9s de la communication digitale aujourd'hui","description":"Que repr\u00e9sente le secteur de la communication digitale en France ? Quel est le r\u00e9seau social le plus utilis\u00e9 ?","robots":{"index":"index","follow":"follow","max-snippet":"max-snippet:-1","max-image-preview":"max-image-preview:large","max-video-preview":"max-video-preview:-1"},"canonical":"https:\/\/www.macapflag.com\/blog\/chiffres-communication\/","og_locale":"fr_FR","og_type":"article","og_title":"Les 5 chiffres cl\u00e9s de la communication digitale aujourd'hui","og_description":"Que repr\u00e9sente le secteur de la communication digitale en France ? Quel est le r\u00e9seau social le plus utilis\u00e9 ?","og_url":"https:\/\/www.macapflag.com\/blog\/chiffres-communication\/","og_site_name":"Blog - Macap","article_publisher":"https:\/\/www.facebook.com\/macap.pavoisement\/","article_published_time":"2025-05-14T06:32:35+00:00","og_image":[{"width":870,"height":600,"url":"https:\/\/www.macapflag.com\/blog\/wp-content\/uploads\/2025\/03\/Titre_5_chiffres_cles_de_la_communication_digitale_aujourd_hui.jpg","type":"image\/jpeg"}],"author":"Blog Macap","twitter_card":"summary_large_image","twitter_misc":{"\u00c9crit par":"Blog Macap","Dur\u00e9e de lecture estim\u00e9e":"7 minutes"},"schema":{"@context":"https:\/\/schema.org","@graph":[{"@type":"Article","@id":"https:\/\/www.macapflag.com\/blog\/chiffres-communication\/#article","isPartOf":{"@id":"https:\/\/www.macapflag.com\/blog\/chiffres-communication\/"},"author":{"name":"Blog Macap","@id":"https:\/\/www.macapflag.com\/blog\/#\/schema\/person\/3fea701f2603875e651e6b662578fc3c"},"headline":"Les 5 chiffres cl\u00e9s de la communication digitale aujourd&#8217;hui","datePublished":"2025-05-14T06:32:35+00:00","mainEntityOfPage":{"@id":"https:\/\/www.macapflag.com\/blog\/chiffres-communication\/"},"wordCount":1026,"publisher":{"@id":"https:\/\/www.macapflag.com\/blog\/#organization"},"image":{"@id":"https:\/\/www.macapflag.com\/blog\/chiffres-communication\/#primaryimage"},"thumbnailUrl":"https:\/\/www.macapflag.com\/blog\/wp-content\/uploads\/2025\/03\/Titre_5_chiffres_cles_de_la_communication_digitale_aujourd_hui.jpg","articleSection":["Le monde de la Com'"],"inLanguage":"fr-FR"},{"@type":"WebPage","@id":"https:\/\/www.macapflag.com\/blog\/chiffres-communication\/","url":"https:\/\/www.macapflag.com\/blog\/chiffres-communication\/","name":"Les 5 chiffres cl\u00e9s de la communication digitale aujourd'hui","isPartOf":{"@id":"https:\/\/www.macapflag.com\/blog\/#website"},"primaryImageOfPage":{"@id":"https:\/\/www.macapflag.com\/blog\/chiffres-communication\/#primaryimage"},"image":{"@id":"https:\/\/www.macapflag.com\/blog\/chiffres-communication\/#primaryimage"},"thumbnailUrl":"https:\/\/www.macapflag.com\/blog\/wp-content\/uploads\/2025\/03\/Titre_5_chiffres_cles_de_la_communication_digitale_aujourd_hui.jpg","datePublished":"2025-05-14T06:32:35+00:00","description":"Que repr\u00e9sente le secteur de la communication digitale en France ? Quel est le r\u00e9seau social le plus utilis\u00e9 ?","breadcrumb":{"@id":"https:\/\/www.macapflag.com\/blog\/chiffres-communication\/#breadcrumb"},"inLanguage":"fr-FR","potentialAction":[{"@type":"ReadAction","target":["https:\/\/www.macapflag.com\/blog\/chiffres-communication\/"]}]},{"@type":"ImageObject","inLanguage":"fr-FR","@id":"https:\/\/www.macapflag.com\/blog\/chiffres-communication\/#primaryimage","url":"https:\/\/www.macapflag.com\/blog\/wp-content\/uploads\/2025\/03\/Titre_5_chiffres_cles_de_la_communication_digitale_aujourd_hui.jpg","contentUrl":"https:\/\/www.macapflag.com\/blog\/wp-content\/uploads\/2025\/03\/Titre_5_chiffres_cles_de_la_communication_digitale_aujourd_hui.jpg","width":870,"height":600,"caption":"Chiffres cl\u00e9s de la communication digitale aujourd'hui"},{"@type":"BreadcrumbList","@id":"https:\/\/www.macapflag.com\/blog\/chiffres-communication\/#breadcrumb","itemListElement":[{"@type":"ListItem","position":1,"name":"Accueil","item":"https:\/\/www.macapflag.com\/blog\/"},{"@type":"ListItem","position":2,"name":"Les 5 chiffres cl\u00e9s de la communication digitale aujourd&rsquo;hui"}]},{"@type":"WebSite","@id":"https:\/\/www.macapflag.com\/blog\/#website","url":"https:\/\/www.macapflag.com\/blog\/","name":"Blog - Macap","description":"Tous nos articles","publisher":{"@id":"https:\/\/www.macapflag.com\/blog\/#organization"},"potentialAction":[{"@type":"SearchAction","target":{"@type":"EntryPoint","urlTemplate":"https:\/\/www.macapflag.com\/blog\/?s={search_term_string}"},"query-input":{"@type":"PropertyValueSpecification","valueRequired":true,"valueName":"search_term_string"}}],"inLanguage":"fr-FR"},{"@type":"Organization","@id":"https:\/\/www.macapflag.com\/blog\/#organization","name":"macapflag","url":"https:\/\/www.macapflag.com\/blog\/","logo":{"@type":"ImageObject","inLanguage":"fr-FR","@id":"https:\/\/www.macapflag.com\/blog\/#\/schema\/logo\/image\/","url":"https:\/\/www.macapflag.com\/blog\/wp-content\/uploads\/2020\/12\/cropped-M-512-1.png","contentUrl":"https:\/\/www.macapflag.com\/blog\/wp-content\/uploads\/2020\/12\/cropped-M-512-1.png","width":512,"height":512,"caption":"macapflag"},"image":{"@id":"https:\/\/www.macapflag.com\/blog\/#\/schema\/logo\/image\/"},"sameAs":["https:\/\/www.facebook.com\/macap.pavoisement\/","https:\/\/www.instagram.com\/macapflag\/?hl=fr","https:\/\/www.linkedin.com\/company\/macap\/?originalSubdomain=fr","https:\/\/www.youtube.com\/channel\/UCXNzTIdZh9poEBjSXEqDtNw"]},{"@type":"Person","@id":"https:\/\/www.macapflag.com\/blog\/#\/schema\/person\/3fea701f2603875e651e6b662578fc3c","name":"Blog Macap","image":{"@type":"ImageObject","inLanguage":"fr-FR","@id":"https:\/\/www.macapflag.com\/blog\/#\/schema\/person\/image\/","url":"https:\/\/secure.gravatar.com\/avatar\/c12551f2dc51f0db049633b03e7856985477a70da834cc8967dea4ce54bdd6a2?s=96&d=mm&r=g","contentUrl":"https:\/\/secure.gravatar.com\/avatar\/c12551f2dc51f0db049633b03e7856985477a70da834cc8967dea4ce54bdd6a2?s=96&d=mm&r=g","caption":"Blog Macap"},"url":"https:\/\/www.macapflag.com\/blog\/author\/macap\/"}]}},"_links":{"self":[{"href":"https:\/\/www.macapflag.com\/blog\/wp-json\/wp\/v2\/posts\/4160","targetHints":{"allow":["GET"]}}],"collection":[{"href":"https:\/\/www.macapflag.com\/blog\/wp-json\/wp\/v2\/posts"}],"about":[{"href":"https:\/\/www.macapflag.com\/blog\/wp-json\/wp\/v2\/types\/post"}],"author":[{"embeddable":true,"href":"https:\/\/www.macapflag.com\/blog\/wp-json\/wp\/v2\/users\/2"}],"replies":[{"embeddable":true,"href":"https:\/\/www.macapflag.com\/blog\/wp-json\/wp\/v2\/comments?post=4160"}],"version-history":[{"count":17,"href":"https:\/\/www.macapflag.com\/blog\/wp-json\/wp\/v2\/posts\/4160\/revisions"}],"predecessor-version":[{"id":20101,"href":"https:\/\/www.macapflag.com\/blog\/wp-json\/wp\/v2\/posts\/4160\/revisions\/20101"}],"wp:featuredmedia":[{"embeddable":true,"href":"https:\/\/www.macapflag.com\/blog\/wp-json\/wp\/v2\/media\/20103"}],"wp:attachment":[{"href":"https:\/\/www.macapflag.com\/blog\/wp-json\/wp\/v2\/media?parent=4160"}],"wp:term":[{"taxonomy":"category","embeddable":true,"href":"https:\/\/www.macapflag.com\/blog\/wp-json\/wp\/v2\/categories?post=4160"},{"taxonomy":"post_tag","embeddable":true,"href":"https:\/\/www.macapflag.com\/blog\/wp-json\/wp\/v2\/tags?post=4160"}],"curies":[{"name":"wp","href":"https:\/\/api.w.org\/{rel}","templated":true}]}}