{"id":4245,"date":"2019-11-18T08:00:26","date_gmt":"2019-11-18T07:00:26","guid":{"rendered":"https:\/\/www.macapflag.com\/blog\/?p=4245"},"modified":"2019-11-25T10:27:43","modified_gmt":"2019-11-25T09:27:43","slug":"droit-image","status":"publish","type":"post","link":"https:\/\/www.macapflag.com\/blog\/droit-image\/","title":{"rendered":"Qu&#8217;est-ce que le droit \u00e0 l&#8217;image d&#8217;une personne ?"},"content":{"rendered":"\t\t<div data-elementor-type=\"wp-post\" data-elementor-id=\"4245\" class=\"elementor elementor-4245 elementor-bc-flex-widget\">\n\t\t\t\t\t\t<section class=\"elementor-section elementor-top-section elementor-element elementor-element-ee5b1c0 elementor-section-boxed elementor-section-height-default elementor-section-height-default\" data-id=\"ee5b1c0\" data-element_type=\"section\">\n\t\t\t\t\t\t<div class=\"elementor-container elementor-column-gap-default\">\n\t\t\t\t\t<div class=\"elementor-column elementor-col-100 elementor-top-column elementor-element elementor-element-6e6cf38\" data-id=\"6e6cf38\" data-element_type=\"column\">\n\t\t\t<div class=\"elementor-widget-wrap elementor-element-populated\">\n\t\t\t\t\t\t<div class=\"elementor-element elementor-element-b143246 elementor-widget elementor-widget-text-editor\" data-id=\"b143246\" data-element_type=\"widget\" data-widget_type=\"text-editor.default\">\n\t\t\t\t<div class=\"elementor-widget-container\">\n\t\t\t\t\t\t\t\t\t<p><em><span style=\"font-weight: 400; color: #000000; font-size: 14pt;\">En France, chaque personne a un droit exclusif sur son image et sur l\u2019utilisation qui pourrait en \u00eatre faite. Chacun peut ainsi autoriser ou refuser la diffusion d\u2019images sur lesquelles il figure.\u00a0<\/span><span style=\"font-weight: 400; color: #000000; font-size: 14pt;\">A l\u2019heure de l\u2019explosion d\u2019internet et des r\u00e9seaux sociaux, cette question de la gestion et du droit de son image prend tout son sens.<\/span><\/em><\/p>\t\t\t\t\t\t\t\t<\/div>\n\t\t\t\t<\/div>\n\t\t\t\t\t<\/div>\n\t\t<\/div>\n\t\t\t\t\t<\/div>\n\t\t<\/section>\n\t\t\t\t<section class=\"elementor-section elementor-top-section elementor-element elementor-element-bd04368 elementor-section-boxed elementor-section-height-default elementor-section-height-default\" data-id=\"bd04368\" data-element_type=\"section\">\n\t\t\t\t\t\t<div class=\"elementor-container elementor-column-gap-default\">\n\t\t\t\t\t<div class=\"elementor-column elementor-col-100 elementor-top-column elementor-element elementor-element-45f17c0\" data-id=\"45f17c0\" data-element_type=\"column\">\n\t\t\t<div class=\"elementor-widget-wrap elementor-element-populated\">\n\t\t\t\t\t\t<div class=\"elementor-element elementor-element-875854f elementor-widget elementor-widget-text-editor\" data-id=\"875854f\" data-element_type=\"widget\" data-widget_type=\"text-editor.default\">\n\t\t\t\t<div class=\"elementor-widget-container\">\n\t\t\t\t\t\t\t\t\t<h2 style=\"text-align: center;\"><span style=\"font-size: 30pt;\"><strong><span style=\"color: #000000;\">Comment \u00e7a marche ?<\/span><\/strong><\/span><\/h2>\t\t\t\t\t\t\t\t<\/div>\n\t\t\t\t<\/div>\n\t\t\t\t\t<\/div>\n\t\t<\/div>\n\t\t\t\t\t<\/div>\n\t\t<\/section>\n\t\t\t\t<section class=\"elementor-section elementor-top-section elementor-element elementor-element-11f82f0 elementor-section-boxed elementor-section-height-default elementor-section-height-default\" data-id=\"11f82f0\" data-element_type=\"section\">\n\t\t\t\t\t\t<div class=\"elementor-container elementor-column-gap-default\">\n\t\t\t\t\t<div class=\"elementor-column elementor-col-100 elementor-top-column elementor-element elementor-element-1ff5e74\" data-id=\"1ff5e74\" data-element_type=\"column\">\n\t\t\t<div class=\"elementor-widget-wrap elementor-element-populated\">\n\t\t\t\t\t\t<div class=\"elementor-element elementor-element-1460983 elementor-widget elementor-widget-text-editor\" data-id=\"1460983\" data-element_type=\"widget\" data-widget_type=\"text-editor.default\">\n\t\t\t\t<div class=\"elementor-widget-container\">\n\t\t\t\t\t\t\t\t\t<p style=\"text-align: justify;\"><span style=\"font-size: 14pt; color: #000000;\"><span style=\"font-weight: 400;\">C\u2019est un droit relativement complexe et dont les limites ne nous semblent pas toujours claires.\u00a0<\/span><b>Pour tenter de faire simple, on peut dire qu\u2019une personne a toujours la ma\u00eetrise de son image<\/b><span style=\"font-weight: 400;\">.\u00a0Elle peut choisir de diffuser une image d\u2019elle-m\u00eame o\u00f9 \u00e0 contrario, d\u2019en interdire la diffusion.<\/span><\/span><\/p><h3 style=\"text-align: justify;\"><span style=\"font-size: 14pt; color: #000000;\"><b>A quelques exceptions pr\u00e8s :<\/b><\/span><\/h3><p style=\"text-align: justify;\"><span style=\"font-size: 14pt; color: #000000;\"><span style=\"font-weight: 400;\">. <\/span><b>pour une photo de groupe prise dans un lieu public<\/b><\/span><\/p><p style=\"text-align: justify;\"><span style=\"font-weight: 400; font-size: 14pt; color: #000000;\">A partir du moment o\u00f9 une personne appara\u00eet sur une photo prise dans un lieu public et que le sens donn\u00e9 \u00e0 l\u2019image ne diff\u00e8re pas de celui d\u2019origine, aucune autorisation n\u2019est alors n\u00e9cessaire \u00e0 sa diffusion.<br \/><\/span><span style=\"font-weight: 400; font-size: 14pt; color: #000000;\">Il faut cependant que sur cette image, la personne ne soit pas individualis\u00e9e c\u2019est \u00e0 dire photographi\u00e9e en gros plan ou en mode portrait. Elle doit figurer dans un groupe sans \u00eatre totalement reconnaissable.<br \/><\/span><span style=\"font-size: 14pt; color: #000000;\"><i><span style=\"font-weight: 400;\">Exemple : une photo du public lors d\u2019un concert peut-\u00eatre diffus\u00e9e sans demande d\u2019autorisation.<\/span><\/i><\/span><\/p><p style=\"text-align: justify;\"><span style=\"font-weight: 400; font-size: 14pt; color: #000000;\">Par contre, et cela tombe sous le sens, si cette image est utilis\u00e9e \u00e0 vocation publicitaire ou commerciale, elle est soumise \u00e0 autorisation pr\u00e9alable des personnes qui figurent dessus.<\/span><span style=\"font-size: 14pt; color: #000000;\"><i><span style=\"font-weight: 400;\">Exemple : une marque ne peut pas utiliser une photo de groupe pour une affiche publicitaire sans avoir recueilli l\u2019accord de toutes les personnes du groupe.<\/span><\/i><\/span><\/p><p style=\"text-align: justify;\"><span style=\"font-size: 14pt; color: #000000;\"><span style=\"font-weight: 400;\">. <\/span><b>pour une photo d\u2019une personnalit\u00e9 publique<\/b><\/span><\/p><p style=\"text-align: justify;\"><span style=\"font-weight: 400; font-size: 14pt; color: #000000;\">Le cas se complique car tout d\u00e9pend de la situation &#8230;<br \/><\/span><span style=\"font-weight: 400; font-size: 14pt; color: #000000;\">Lorsqu&#8217;une personne publique se trouve dans un lieu public, dans le cadre de ses activit\u00e9s professionnelles ou de repr\u00e9sentation, la diffusion des images correspondantes ne n\u00e9cessite pas d\u2019autorisation. Elles ne peuvent cependant pas \u00eatre utilis\u00e9es \u00e0 des fins commerciales ou publicitaires.<\/span><\/p><p style=\"text-align: justify;\"><span style=\"font-weight: 400; font-size: 14pt; color: #000000;\">Lorsqu\u2019une personnalit\u00e9 publique se trouve dans un lieu public pour des raisons d\u2019ordre priv\u00e9, elle b\u00e9n\u00e9ficie alors des m\u00eames droits que toute autre personne.<\/span><\/p><p style=\"text-align: justify;\"><span style=\"font-weight: 400; font-size: 14pt; color: #000000;\">De plus, autour des personnalit\u00e9s publiques, se pose souvent la question de ce qui rel\u00e8ve du droit \u00e0 l\u2019information exerc\u00e9 par les photographes et qui peut-\u00eatre oppos\u00e9 au droit \u00e0 l\u2019image individuel.<\/span><\/p><p style=\"text-align: justify;\"><span style=\"font-weight: 400; font-size: 14pt; color: #000000;\">Le juste milieu entre droit \u00e0 l\u2019information et respect de la vie priv\u00e9e n\u2019est pas toujours \u00e9vident \u00e0 d\u00e9finir&#8230;<\/span><\/p><p style=\"text-align: justify;\"><span style=\"font-weight: 400; font-size: 14pt; color: #000000;\">Parfois les juges consid\u00e8rent que des \u00e9v\u00e9nements d\u2019ordre priv\u00e9 concernant des personnes publiques servent l\u2019int\u00e9r\u00eat g\u00e9n\u00e9ral. Dans ce cas, c\u2019est donc le droit de l\u2019information qui pr\u00e9vaut sur celui de l\u2019image.<\/span><\/p>\t\t\t\t\t\t\t\t<\/div>\n\t\t\t\t<\/div>\n\t\t\t\t\t<\/div>\n\t\t<\/div>\n\t\t\t\t\t<\/div>\n\t\t<\/section>\n\t\t\t\t<section class=\"elementor-section elementor-top-section elementor-element elementor-element-da0c860 elementor-section-boxed elementor-section-height-default elementor-section-height-default\" data-id=\"da0c860\" data-element_type=\"section\">\n\t\t\t\t\t\t<div class=\"elementor-container elementor-column-gap-default\">\n\t\t\t\t\t<div class=\"elementor-column elementor-col-100 elementor-top-column elementor-element elementor-element-a949988\" data-id=\"a949988\" data-element_type=\"column\">\n\t\t\t<div class=\"elementor-widget-wrap elementor-element-populated\">\n\t\t\t\t\t\t<div class=\"elementor-element elementor-element-4a3a8e7 elementor-widget elementor-widget-text-editor\" data-id=\"4a3a8e7\" data-element_type=\"widget\" data-widget_type=\"text-editor.default\">\n\t\t\t\t<div class=\"elementor-widget-container\">\n\t\t\t\t\t\t\t\t\t<h2 style=\"text-align: center;\"><span style=\"font-size: 30pt;\"><strong><span style=\"color: #000000;\">Quid du droit \u00e0 l&#8217;image dans l&#8217;entreprise ?<\/span><\/strong><\/span><\/h2>\t\t\t\t\t\t\t\t<\/div>\n\t\t\t\t<\/div>\n\t\t\t\t\t<\/div>\n\t\t<\/div>\n\t\t\t\t\t<\/div>\n\t\t<\/section>\n\t\t\t\t<section class=\"elementor-section elementor-top-section elementor-element elementor-element-fa7ec20 elementor-section-boxed elementor-section-height-default elementor-section-height-default\" data-id=\"fa7ec20\" data-element_type=\"section\">\n\t\t\t\t\t\t<div class=\"elementor-container elementor-column-gap-default\">\n\t\t\t\t\t<div class=\"elementor-column elementor-col-100 elementor-top-column elementor-element elementor-element-b2e82c4\" data-id=\"b2e82c4\" data-element_type=\"column\">\n\t\t\t<div class=\"elementor-widget-wrap elementor-element-populated\">\n\t\t\t\t\t\t<div class=\"elementor-element elementor-element-f3d66f7 elementor-widget elementor-widget-text-editor\" data-id=\"f3d66f7\" data-element_type=\"widget\" data-widget_type=\"text-editor.default\">\n\t\t\t\t<div class=\"elementor-widget-container\">\n\t\t\t\t\t\t\t\t\t<p><span style=\"font-weight: 400; font-size: 14pt; color: #000000;\">Si une entreprise souhaite utiliser la photo d\u2019un salari\u00e9 dans un but lucratif ou \u00e0 des fins publicitaires, elle doit imp\u00e9rativement avoir un accord \u00e9crit de ce dernier. Il en va de m\u00eame si la photo utilis\u00e9e porte atteinte \u00e0 la dignit\u00e9 du salari\u00e9.<\/span><\/p><p><span style=\"font-weight: 400; font-size: 14pt; color: #000000;\">Pour tous les autres cas de droit \u00e0 l\u2019image au sein de l\u2019entreprise, aucune r\u00e8gle n\u2019existe, c\u2019est la jurisprudence qui donne des tendances. Elle a notamment montr\u00e9 que l\u2019accord d\u2019un salari\u00e9 pour une prise de vue ne vaut pas accord de diffusion de cette image pour des publicit\u00e9s ou \u00e0 des fins commerciales.<br \/><\/span><\/p><p><span style=\"font-size: 14pt; color: #000000;\"><b>Conseil + :<\/b><span style=\"font-weight: 400;\"> Par mesure de pr\u00e9caution, d\u00e8s l\u2019embauche d\u2019un nouveau salari\u00e9, faites lui signer une autorisation de droit \u00e0 l\u2019image qui permet l\u2019utilisation de photos \u00e0 des fins informatives mais aussi commerciales notamment sur les brochures de l\u2019entreprise, le site internet ou les pages des r\u00e9seaux sociaux. Annexez ce document \u00e0 son contrat de travail.<\/span><\/span><\/p>\t\t\t\t\t\t\t\t<\/div>\n\t\t\t\t<\/div>\n\t\t\t\t\t<\/div>\n\t\t<\/div>\n\t\t\t\t\t<\/div>\n\t\t<\/section>\n\t\t\t\t<section class=\"elementor-section elementor-top-section elementor-element elementor-element-30b7133 elementor-section-boxed elementor-section-height-default elementor-section-height-default\" data-id=\"30b7133\" data-element_type=\"section\">\n\t\t\t\t\t\t<div class=\"elementor-container elementor-column-gap-default\">\n\t\t\t\t\t<div class=\"elementor-column elementor-col-100 elementor-top-column elementor-element elementor-element-9424058\" data-id=\"9424058\" data-element_type=\"column\">\n\t\t\t<div class=\"elementor-widget-wrap elementor-element-populated\">\n\t\t\t\t\t\t<div class=\"elementor-element elementor-element-09c95b5 elementor-widget elementor-widget-text-editor\" data-id=\"09c95b5\" data-element_type=\"widget\" data-widget_type=\"text-editor.default\">\n\t\t\t\t<div class=\"elementor-widget-container\">\n\t\t\t\t\t\t\t\t\t<h2 style=\"text-align: center;\"><span style=\"font-size: 30pt;\"><strong><span style=\"color: #000000;\">Comment faire respecter son droit \u00e0 l&#8217;image ?<\/span><\/strong><\/span><\/h2>\t\t\t\t\t\t\t\t<\/div>\n\t\t\t\t<\/div>\n\t\t\t\t\t<\/div>\n\t\t<\/div>\n\t\t\t\t\t<\/div>\n\t\t<\/section>\n\t\t\t\t<section class=\"elementor-section elementor-top-section elementor-element elementor-element-77abe3a elementor-section-boxed elementor-section-height-default elementor-section-height-default\" data-id=\"77abe3a\" data-element_type=\"section\">\n\t\t\t\t\t\t<div class=\"elementor-container elementor-column-gap-default\">\n\t\t\t\t\t<div class=\"elementor-column elementor-col-100 elementor-top-column elementor-element elementor-element-af0b7f2\" data-id=\"af0b7f2\" data-element_type=\"column\">\n\t\t\t<div class=\"elementor-widget-wrap elementor-element-populated\">\n\t\t\t\t\t\t<div class=\"elementor-element elementor-element-c5cbfd2 elementor-widget elementor-widget-text-editor\" data-id=\"c5cbfd2\" data-element_type=\"widget\" data-widget_type=\"text-editor.default\">\n\t\t\t\t<div class=\"elementor-widget-container\">\n\t\t\t\t\t\t\t\t\t<p><span style=\"font-size: 14pt; color: #000000;\"><span style=\"font-weight: 400;\">. Dans le cas o\u00f9 la diffusion d\u2019une image n\u00e9cessite votre consentement, ce dernier doit \u00eatre produit par \u00e9crit. Vous pouvez retrouver les mod\u00e8les d\u2019autorisations \u00e0 t\u00e9l\u00e9charger sur le site <\/span><strong><span style=\"color: #3366ff;\"><a style=\"color: #3366ff;\" href=\"https:\/\/www.service-public.fr\/particuliers\/vosdroits\/F32103\" target=\"_blank\" rel=\"noopener\">https:\/\/www.service-public.fr\/particuliers\/vosdroits\/F32103<\/a><\/span><\/strong><\/span><\/p><p><span style=\"font-weight: 400; font-size: 14pt; color: #000000;\">. Si vous souhaitez contester la diffusion d\u2019une photo sur laquelle vous apparaissez, contactez le responsable du m\u00e9dia concern\u00e9 qui est tenu de vous r\u00e9pondre dans un d\u00e9lai de 2 mois. S\u2019il ne le fait pas ou s\u2019il n\u2019acc\u00e8de pas \u00e0 votre demande, vous devrez alors vous tourner vers la CNIL (Commission Nationale de l&#8217;Informatique et des Libert\u00e9s) qui sera en mesure de sanctionner l\u2019effraction.<\/span><\/p><p><span style=\"font-weight: 400; font-size: 14pt; color: #000000;\">. Si vous estimez \u00eatre victime d\u2019une atteinte \u00e0 votre vie priv\u00e9e, vous pouvez alors d\u00e9poser plainte au commissariat ou \u00e0 la gendarmerie de votre choix. Selon les cas, le responsable de l\u2019infraction peut s\u2019exposer \u00e0 des poursuites p\u00e9nales avec amende et emprisonnement.<\/span><\/p><p><span style=\"font-weight: 400; font-size: 14pt; color: #000000;\">Quelle que soit la situation, ne la traitez pas \u00e0 la l\u00e9g\u00e8re et face \u00e0 la complexit\u00e9 de ce droit, n\u2019h\u00e9sitez pas \u00e0 demander conseil \u00e0 un avocat qui saura vous conseiller sur votre cas pr\u00e9cis.<\/span><\/p>\t\t\t\t\t\t\t\t<\/div>\n\t\t\t\t<\/div>\n\t\t\t\t\t<\/div>\n\t\t<\/div>\n\t\t\t\t\t<\/div>\n\t\t<\/section>\n\t\t\t\t<section class=\"elementor-section elementor-top-section elementor-element elementor-element-8d919a0 elementor-section-boxed elementor-section-height-default elementor-section-height-default\" data-id=\"8d919a0\" data-element_type=\"section\">\n\t\t\t\t\t\t<div class=\"elementor-container elementor-column-gap-default\">\n\t\t\t\t\t<div class=\"elementor-column elementor-col-100 elementor-top-column elementor-element elementor-element-454ba3b\" data-id=\"454ba3b\" data-element_type=\"column\">\n\t\t\t<div class=\"elementor-widget-wrap elementor-element-populated\">\n\t\t\t\t\t\t<div class=\"elementor-element elementor-element-6572c15 elementor-widget elementor-widget-text-editor\" data-id=\"6572c15\" data-element_type=\"widget\" data-widget_type=\"text-editor.default\">\n\t\t\t\t<div class=\"elementor-widget-container\">\n\t\t\t\t\t\t\t\t\t<p><img decoding=\"async\" class=\"size-full wp-image-2884 aligncenter\" src=\"https:\/\/www.macapflag.com\/blog\/wp-content\/uploads\/2018\/10\/picto-lemonde-de-la-com-235x135.gif\" alt=\"\" width=\"235\" height=\"135\" \/><\/p><p style=\"text-align: center;\"><span style=\"font-size: 14pt;\"><span style=\"color: #000000;\"><strong><span style=\"font-family: 'Futura Bk BT';\">Macap<\/span><\/strong><\/span> <span style=\"color: #808080;\"><strong><span style=\"font-family: 'Futura Bk BT';\">&#8211; Lundi 18 Novembre 2019<\/span><\/strong><\/span><\/span><\/p><p>\u00a0<\/p>\t\t\t\t\t\t\t\t<\/div>\n\t\t\t\t<\/div>\n\t\t\t\t\t<\/div>\n\t\t<\/div>\n\t\t\t\t\t<\/div>\n\t\t<\/section>\n\t\t\t\t<\/div>\n\t\t","protected":false},"excerpt":{"rendered":"<div class=\"tmnf_excerpt\"><p>En France, chaque personne a un droit exclusif sur son image et sur l\u2019utilisation qui pourrait en \u00eatre faite. Chacun peut ainsi autoriser ou refuser la diffusion d\u2019images sur lesquelles il figure.\u00a0A l\u2019heure de l\u2019explosion d\u2019internet et des r\u00e9seaux sociaux, cette question de la gestion et du droit de son image prend tout son sens. &hellip;<\/p>\n<\/div>","protected":false},"author":2,"featured_media":4246,"comment_status":"closed","ping_status":"open","sticky":false,"template":"template-fullwidth.php","format":"standard","meta":{"footnotes":""},"categories":[93],"tags":[],"class_list":["post-4245","post","type-post","status-publish","format-standard","has-post-thumbnail","hentry","category-com"],"yoast_head":"<!-- This site is optimized with the Yoast SEO plugin v26.4 - https:\/\/yoast.com\/wordpress\/plugins\/seo\/ -->\n<title>Le droit \u00e0 l&#039;image est un droit exclusif sur l&#039;image et son utilisation<\/title>\n<meta name=\"description\" content=\"Le droit \u00e0 l&#039;image est un droit complexe et les limites ne sont pas toujours claires. Il permet \u00e0 chaque personne de prot\u00e9ger l&#039;utilisation de son image.\" \/>\n<meta name=\"robots\" content=\"index, follow, max-snippet:-1, max-image-preview:large, max-video-preview:-1\" \/>\n<link rel=\"canonical\" href=\"https:\/\/www.macapflag.com\/blog\/droit-image\/\" \/>\n<meta property=\"og:locale\" content=\"fr_FR\" \/>\n<meta property=\"og:type\" content=\"article\" \/>\n<meta property=\"og:title\" content=\"Le droit \u00e0 l&#039;image est un droit exclusif sur l&#039;image et son utilisation\" \/>\n<meta property=\"og:description\" content=\"Le droit \u00e0 l&#039;image est un droit complexe et les limites ne sont pas toujours claires. Il permet \u00e0 chaque personne de prot\u00e9ger l&#039;utilisation de son image.\" \/>\n<meta property=\"og:url\" content=\"https:\/\/www.macapflag.com\/blog\/droit-image\/\" \/>\n<meta property=\"og:site_name\" content=\"Blog - Macap\" \/>\n<meta property=\"article:publisher\" content=\"https:\/\/www.facebook.com\/macap.pavoisement\/\" \/>\n<meta property=\"article:published_time\" content=\"2019-11-18T07:00:26+00:00\" \/>\n<meta property=\"article:modified_time\" content=\"2019-11-25T09:27:43+00:00\" \/>\n<meta property=\"og:image\" content=\"https:\/\/www.macapflag.com\/blog\/wp-content\/uploads\/2019\/11\/droit-a-limage-TITRE.gif\" \/>\n\t<meta property=\"og:image:width\" content=\"700\" \/>\n\t<meta property=\"og:image:height\" content=\"534\" \/>\n\t<meta property=\"og:image:type\" content=\"image\/gif\" \/>\n<meta name=\"author\" content=\"Blog Macap\" \/>\n<meta name=\"twitter:card\" content=\"summary_large_image\" \/>\n<meta name=\"twitter:label1\" content=\"\u00c9crit par\" \/>\n\t<meta name=\"twitter:data1\" content=\"Blog Macap\" \/>\n\t<meta name=\"twitter:label2\" content=\"Dur\u00e9e de lecture estim\u00e9e\" \/>\n\t<meta name=\"twitter:data2\" content=\"4 minutes\" \/>\n<script type=\"application\/ld+json\" class=\"yoast-schema-graph\">{\"@context\":\"https:\/\/schema.org\",\"@graph\":[{\"@type\":\"Article\",\"@id\":\"https:\/\/www.macapflag.com\/blog\/droit-image\/#article\",\"isPartOf\":{\"@id\":\"https:\/\/www.macapflag.com\/blog\/droit-image\/\"},\"author\":{\"name\":\"Blog Macap\",\"@id\":\"https:\/\/www.macapflag.com\/blog\/#\/schema\/person\/3fea701f2603875e651e6b662578fc3c\"},\"headline\":\"Qu&#8217;est-ce que le droit \u00e0 l&#8217;image d&#8217;une personne ?\",\"datePublished\":\"2019-11-18T07:00:26+00:00\",\"dateModified\":\"2019-11-25T09:27:43+00:00\",\"mainEntityOfPage\":{\"@id\":\"https:\/\/www.macapflag.com\/blog\/droit-image\/\"},\"wordCount\":854,\"publisher\":{\"@id\":\"https:\/\/www.macapflag.com\/blog\/#organization\"},\"image\":{\"@id\":\"https:\/\/www.macapflag.com\/blog\/droit-image\/#primaryimage\"},\"thumbnailUrl\":\"https:\/\/www.macapflag.com\/blog\/wp-content\/uploads\/2019\/11\/droit-a-limage-TITRE.gif\",\"articleSection\":[\"Le monde de la Com'\"],\"inLanguage\":\"fr-FR\"},{\"@type\":\"WebPage\",\"@id\":\"https:\/\/www.macapflag.com\/blog\/droit-image\/\",\"url\":\"https:\/\/www.macapflag.com\/blog\/droit-image\/\",\"name\":\"Le droit \u00e0 l'image est un droit exclusif sur l'image et son utilisation\",\"isPartOf\":{\"@id\":\"https:\/\/www.macapflag.com\/blog\/#website\"},\"primaryImageOfPage\":{\"@id\":\"https:\/\/www.macapflag.com\/blog\/droit-image\/#primaryimage\"},\"image\":{\"@id\":\"https:\/\/www.macapflag.com\/blog\/droit-image\/#primaryimage\"},\"thumbnailUrl\":\"https:\/\/www.macapflag.com\/blog\/wp-content\/uploads\/2019\/11\/droit-a-limage-TITRE.gif\",\"datePublished\":\"2019-11-18T07:00:26+00:00\",\"dateModified\":\"2019-11-25T09:27:43+00:00\",\"description\":\"Le droit \u00e0 l'image est un droit complexe et les limites ne sont pas toujours claires. Il permet \u00e0 chaque personne de prot\u00e9ger l'utilisation de son image.\",\"breadcrumb\":{\"@id\":\"https:\/\/www.macapflag.com\/blog\/droit-image\/#breadcrumb\"},\"inLanguage\":\"fr-FR\",\"potentialAction\":[{\"@type\":\"ReadAction\",\"target\":[\"https:\/\/www.macapflag.com\/blog\/droit-image\/\"]}]},{\"@type\":\"ImageObject\",\"inLanguage\":\"fr-FR\",\"@id\":\"https:\/\/www.macapflag.com\/blog\/droit-image\/#primaryimage\",\"url\":\"https:\/\/www.macapflag.com\/blog\/wp-content\/uploads\/2019\/11\/droit-a-limage-TITRE.gif\",\"contentUrl\":\"https:\/\/www.macapflag.com\/blog\/wp-content\/uploads\/2019\/11\/droit-a-limage-TITRE.gif\",\"width\":700,\"height\":534,\"caption\":\"Le droit \u00e0 l'image permet \u00e0 chaque personne de prot\u00e9ger son image\"},{\"@type\":\"BreadcrumbList\",\"@id\":\"https:\/\/www.macapflag.com\/blog\/droit-image\/#breadcrumb\",\"itemListElement\":[{\"@type\":\"ListItem\",\"position\":1,\"name\":\"Accueil\",\"item\":\"https:\/\/www.macapflag.com\/blog\/\"},{\"@type\":\"ListItem\",\"position\":2,\"name\":\"Qu&#8217;est-ce que le droit \u00e0 l&#8217;image d&#8217;une personne ?\"}]},{\"@type\":\"WebSite\",\"@id\":\"https:\/\/www.macapflag.com\/blog\/#website\",\"url\":\"https:\/\/www.macapflag.com\/blog\/\",\"name\":\"Blog - Macap\",\"description\":\"Tous nos articles\",\"publisher\":{\"@id\":\"https:\/\/www.macapflag.com\/blog\/#organization\"},\"potentialAction\":[{\"@type\":\"SearchAction\",\"target\":{\"@type\":\"EntryPoint\",\"urlTemplate\":\"https:\/\/www.macapflag.com\/blog\/?s={search_term_string}\"},\"query-input\":{\"@type\":\"PropertyValueSpecification\",\"valueRequired\":true,\"valueName\":\"search_term_string\"}}],\"inLanguage\":\"fr-FR\"},{\"@type\":\"Organization\",\"@id\":\"https:\/\/www.macapflag.com\/blog\/#organization\",\"name\":\"macapflag\",\"url\":\"https:\/\/www.macapflag.com\/blog\/\",\"logo\":{\"@type\":\"ImageObject\",\"inLanguage\":\"fr-FR\",\"@id\":\"https:\/\/www.macapflag.com\/blog\/#\/schema\/logo\/image\/\",\"url\":\"https:\/\/www.macapflag.com\/blog\/wp-content\/uploads\/2020\/12\/cropped-M-512-1.png\",\"contentUrl\":\"https:\/\/www.macapflag.com\/blog\/wp-content\/uploads\/2020\/12\/cropped-M-512-1.png\",\"width\":512,\"height\":512,\"caption\":\"macapflag\"},\"image\":{\"@id\":\"https:\/\/www.macapflag.com\/blog\/#\/schema\/logo\/image\/\"},\"sameAs\":[\"https:\/\/www.facebook.com\/macap.pavoisement\/\",\"https:\/\/www.instagram.com\/macapflag\/?hl=fr\",\"https:\/\/www.linkedin.com\/company\/macap\/?originalSubdomain=fr\",\"https:\/\/www.youtube.com\/channel\/UCXNzTIdZh9poEBjSXEqDtNw\"]},{\"@type\":\"Person\",\"@id\":\"https:\/\/www.macapflag.com\/blog\/#\/schema\/person\/3fea701f2603875e651e6b662578fc3c\",\"name\":\"Blog Macap\",\"image\":{\"@type\":\"ImageObject\",\"inLanguage\":\"fr-FR\",\"@id\":\"https:\/\/www.macapflag.com\/blog\/#\/schema\/person\/image\/\",\"url\":\"https:\/\/secure.gravatar.com\/avatar\/c12551f2dc51f0db049633b03e7856985477a70da834cc8967dea4ce54bdd6a2?s=96&d=mm&r=g\",\"contentUrl\":\"https:\/\/secure.gravatar.com\/avatar\/c12551f2dc51f0db049633b03e7856985477a70da834cc8967dea4ce54bdd6a2?s=96&d=mm&r=g\",\"caption\":\"Blog Macap\"},\"url\":\"https:\/\/www.macapflag.com\/blog\/author\/macap\/\"}]}<\/script>\n<!-- \/ Yoast SEO plugin. -->","yoast_head_json":{"title":"Le droit \u00e0 l'image est un droit exclusif sur l'image et son utilisation","description":"Le droit \u00e0 l'image est un droit complexe et les limites ne sont pas toujours claires. Il permet \u00e0 chaque personne de prot\u00e9ger l'utilisation de son image.","robots":{"index":"index","follow":"follow","max-snippet":"max-snippet:-1","max-image-preview":"max-image-preview:large","max-video-preview":"max-video-preview:-1"},"canonical":"https:\/\/www.macapflag.com\/blog\/droit-image\/","og_locale":"fr_FR","og_type":"article","og_title":"Le droit \u00e0 l'image est un droit exclusif sur l'image et son utilisation","og_description":"Le droit \u00e0 l'image est un droit complexe et les limites ne sont pas toujours claires. Il permet \u00e0 chaque personne de prot\u00e9ger l'utilisation de son image.","og_url":"https:\/\/www.macapflag.com\/blog\/droit-image\/","og_site_name":"Blog - Macap","article_publisher":"https:\/\/www.facebook.com\/macap.pavoisement\/","article_published_time":"2019-11-18T07:00:26+00:00","article_modified_time":"2019-11-25T09:27:43+00:00","og_image":[{"width":700,"height":534,"url":"https:\/\/www.macapflag.com\/blog\/wp-content\/uploads\/2019\/11\/droit-a-limage-TITRE.gif","type":"image\/gif"}],"author":"Blog Macap","twitter_card":"summary_large_image","twitter_misc":{"\u00c9crit par":"Blog Macap","Dur\u00e9e de lecture estim\u00e9e":"4 minutes"},"schema":{"@context":"https:\/\/schema.org","@graph":[{"@type":"Article","@id":"https:\/\/www.macapflag.com\/blog\/droit-image\/#article","isPartOf":{"@id":"https:\/\/www.macapflag.com\/blog\/droit-image\/"},"author":{"name":"Blog Macap","@id":"https:\/\/www.macapflag.com\/blog\/#\/schema\/person\/3fea701f2603875e651e6b662578fc3c"},"headline":"Qu&#8217;est-ce que le droit \u00e0 l&#8217;image d&#8217;une personne ?","datePublished":"2019-11-18T07:00:26+00:00","dateModified":"2019-11-25T09:27:43+00:00","mainEntityOfPage":{"@id":"https:\/\/www.macapflag.com\/blog\/droit-image\/"},"wordCount":854,"publisher":{"@id":"https:\/\/www.macapflag.com\/blog\/#organization"},"image":{"@id":"https:\/\/www.macapflag.com\/blog\/droit-image\/#primaryimage"},"thumbnailUrl":"https:\/\/www.macapflag.com\/blog\/wp-content\/uploads\/2019\/11\/droit-a-limage-TITRE.gif","articleSection":["Le monde de la Com'"],"inLanguage":"fr-FR"},{"@type":"WebPage","@id":"https:\/\/www.macapflag.com\/blog\/droit-image\/","url":"https:\/\/www.macapflag.com\/blog\/droit-image\/","name":"Le droit \u00e0 l'image est un droit exclusif sur l'image et son utilisation","isPartOf":{"@id":"https:\/\/www.macapflag.com\/blog\/#website"},"primaryImageOfPage":{"@id":"https:\/\/www.macapflag.com\/blog\/droit-image\/#primaryimage"},"image":{"@id":"https:\/\/www.macapflag.com\/blog\/droit-image\/#primaryimage"},"thumbnailUrl":"https:\/\/www.macapflag.com\/blog\/wp-content\/uploads\/2019\/11\/droit-a-limage-TITRE.gif","datePublished":"2019-11-18T07:00:26+00:00","dateModified":"2019-11-25T09:27:43+00:00","description":"Le droit \u00e0 l'image est un droit complexe et les limites ne sont pas toujours claires. Il permet \u00e0 chaque personne de prot\u00e9ger l'utilisation de son image.","breadcrumb":{"@id":"https:\/\/www.macapflag.com\/blog\/droit-image\/#breadcrumb"},"inLanguage":"fr-FR","potentialAction":[{"@type":"ReadAction","target":["https:\/\/www.macapflag.com\/blog\/droit-image\/"]}]},{"@type":"ImageObject","inLanguage":"fr-FR","@id":"https:\/\/www.macapflag.com\/blog\/droit-image\/#primaryimage","url":"https:\/\/www.macapflag.com\/blog\/wp-content\/uploads\/2019\/11\/droit-a-limage-TITRE.gif","contentUrl":"https:\/\/www.macapflag.com\/blog\/wp-content\/uploads\/2019\/11\/droit-a-limage-TITRE.gif","width":700,"height":534,"caption":"Le droit \u00e0 l'image permet \u00e0 chaque personne de prot\u00e9ger son image"},{"@type":"BreadcrumbList","@id":"https:\/\/www.macapflag.com\/blog\/droit-image\/#breadcrumb","itemListElement":[{"@type":"ListItem","position":1,"name":"Accueil","item":"https:\/\/www.macapflag.com\/blog\/"},{"@type":"ListItem","position":2,"name":"Qu&#8217;est-ce que le droit \u00e0 l&#8217;image d&#8217;une personne ?"}]},{"@type":"WebSite","@id":"https:\/\/www.macapflag.com\/blog\/#website","url":"https:\/\/www.macapflag.com\/blog\/","name":"Blog - Macap","description":"Tous nos articles","publisher":{"@id":"https:\/\/www.macapflag.com\/blog\/#organization"},"potentialAction":[{"@type":"SearchAction","target":{"@type":"EntryPoint","urlTemplate":"https:\/\/www.macapflag.com\/blog\/?s={search_term_string}"},"query-input":{"@type":"PropertyValueSpecification","valueRequired":true,"valueName":"search_term_string"}}],"inLanguage":"fr-FR"},{"@type":"Organization","@id":"https:\/\/www.macapflag.com\/blog\/#organization","name":"macapflag","url":"https:\/\/www.macapflag.com\/blog\/","logo":{"@type":"ImageObject","inLanguage":"fr-FR","@id":"https:\/\/www.macapflag.com\/blog\/#\/schema\/logo\/image\/","url":"https:\/\/www.macapflag.com\/blog\/wp-content\/uploads\/2020\/12\/cropped-M-512-1.png","contentUrl":"https:\/\/www.macapflag.com\/blog\/wp-content\/uploads\/2020\/12\/cropped-M-512-1.png","width":512,"height":512,"caption":"macapflag"},"image":{"@id":"https:\/\/www.macapflag.com\/blog\/#\/schema\/logo\/image\/"},"sameAs":["https:\/\/www.facebook.com\/macap.pavoisement\/","https:\/\/www.instagram.com\/macapflag\/?hl=fr","https:\/\/www.linkedin.com\/company\/macap\/?originalSubdomain=fr","https:\/\/www.youtube.com\/channel\/UCXNzTIdZh9poEBjSXEqDtNw"]},{"@type":"Person","@id":"https:\/\/www.macapflag.com\/blog\/#\/schema\/person\/3fea701f2603875e651e6b662578fc3c","name":"Blog Macap","image":{"@type":"ImageObject","inLanguage":"fr-FR","@id":"https:\/\/www.macapflag.com\/blog\/#\/schema\/person\/image\/","url":"https:\/\/secure.gravatar.com\/avatar\/c12551f2dc51f0db049633b03e7856985477a70da834cc8967dea4ce54bdd6a2?s=96&d=mm&r=g","contentUrl":"https:\/\/secure.gravatar.com\/avatar\/c12551f2dc51f0db049633b03e7856985477a70da834cc8967dea4ce54bdd6a2?s=96&d=mm&r=g","caption":"Blog Macap"},"url":"https:\/\/www.macapflag.com\/blog\/author\/macap\/"}]}},"_links":{"self":[{"href":"https:\/\/www.macapflag.com\/blog\/wp-json\/wp\/v2\/posts\/4245","targetHints":{"allow":["GET"]}}],"collection":[{"href":"https:\/\/www.macapflag.com\/blog\/wp-json\/wp\/v2\/posts"}],"about":[{"href":"https:\/\/www.macapflag.com\/blog\/wp-json\/wp\/v2\/types\/post"}],"author":[{"embeddable":true,"href":"https:\/\/www.macapflag.com\/blog\/wp-json\/wp\/v2\/users\/2"}],"replies":[{"embeddable":true,"href":"https:\/\/www.macapflag.com\/blog\/wp-json\/wp\/v2\/comments?post=4245"}],"version-history":[{"count":9,"href":"https:\/\/www.macapflag.com\/blog\/wp-json\/wp\/v2\/posts\/4245\/revisions"}],"predecessor-version":[{"id":4283,"href":"https:\/\/www.macapflag.com\/blog\/wp-json\/wp\/v2\/posts\/4245\/revisions\/4283"}],"wp:featuredmedia":[{"embeddable":true,"href":"https:\/\/www.macapflag.com\/blog\/wp-json\/wp\/v2\/media\/4246"}],"wp:attachment":[{"href":"https:\/\/www.macapflag.com\/blog\/wp-json\/wp\/v2\/media?parent=4245"}],"wp:term":[{"taxonomy":"category","embeddable":true,"href":"https:\/\/www.macapflag.com\/blog\/wp-json\/wp\/v2\/categories?post=4245"},{"taxonomy":"post_tag","embeddable":true,"href":"https:\/\/www.macapflag.com\/blog\/wp-json\/wp\/v2\/tags?post=4245"}],"curies":[{"name":"wp","href":"https:\/\/api.w.org\/{rel}","templated":true}]}}