{"id":4430,"date":"2019-12-13T08:00:42","date_gmt":"2019-12-13T07:00:42","guid":{"rendered":"https:\/\/www.macapflag.com\/blog\/?p=4430"},"modified":"2020-06-02T11:59:36","modified_gmt":"2020-06-02T09:59:36","slug":"echarpe-tricolore","status":"publish","type":"post","link":"https:\/\/www.macapflag.com\/blog\/echarpe-tricolore\/","title":{"rendered":"L\u2019echarpe tricolore, accessoire indispensable des c\u00e9r\u00e9monies officielles"},"content":{"rendered":"\t\t<div data-elementor-type=\"wp-post\" data-elementor-id=\"4430\" class=\"elementor elementor-4430 elementor-bc-flex-widget\">\n\t\t\t\t\t\t<section class=\"elementor-section elementor-top-section elementor-element elementor-element-a48f879 elementor-section-boxed elementor-section-height-default elementor-section-height-default\" data-id=\"a48f879\" data-element_type=\"section\">\n\t\t\t\t\t\t<div class=\"elementor-container elementor-column-gap-default\">\n\t\t\t\t\t<div class=\"elementor-column elementor-col-100 elementor-top-column elementor-element elementor-element-438a105\" data-id=\"438a105\" data-element_type=\"column\">\n\t\t\t<div class=\"elementor-widget-wrap elementor-element-populated\">\n\t\t\t\t\t\t<div class=\"elementor-element elementor-element-473fa8c elementor-widget elementor-widget-text-editor\" data-id=\"473fa8c\" data-element_type=\"widget\" data-widget_type=\"text-editor.default\">\n\t\t\t\t<div class=\"elementor-widget-container\">\n\t\t\t\t\t\t\t\t\t<p style=\"text-align: justify;\"><span style=\"color: #000000; font-size: 14pt;\">L\u2019\u00e9charpe est une pi\u00e8ce de tissu charg\u00e9e de symboles. Elle conf\u00e8re \u00e0 celui qui la porte une certaine prestance, un statut qui permet de l\u2019identifier telle une personne officielle.<\/span><\/p>\t\t\t\t\t\t\t\t<\/div>\n\t\t\t\t<\/div>\n\t\t\t\t\t<\/div>\n\t\t<\/div>\n\t\t\t\t\t<\/div>\n\t\t<\/section>\n\t\t\t\t<section class=\"elementor-section elementor-top-section elementor-element elementor-element-6e64d7a elementor-section-boxed elementor-section-height-default elementor-section-height-default\" data-id=\"6e64d7a\" data-element_type=\"section\">\n\t\t\t\t\t\t<div class=\"elementor-container elementor-column-gap-default\">\n\t\t\t\t\t<div class=\"elementor-column elementor-col-100 elementor-top-column elementor-element elementor-element-6c301cd\" data-id=\"6c301cd\" data-element_type=\"column\">\n\t\t\t<div class=\"elementor-widget-wrap elementor-element-populated\">\n\t\t\t\t\t\t<div class=\"elementor-element elementor-element-517de0a elementor-widget elementor-widget-text-editor\" data-id=\"517de0a\" data-element_type=\"widget\" data-widget_type=\"text-editor.default\">\n\t\t\t\t<div class=\"elementor-widget-container\">\n\t\t\t\t\t\t\t\t\t<h2 style=\"text-align: center;\"><strong><span style=\"font-size: 30pt;\">Quelle est l&#8217;origine de l&#8217;\u00e9charpe bleu blanc rouge ?<\/span><\/strong><\/h2>\t\t\t\t\t\t\t\t<\/div>\n\t\t\t\t<\/div>\n\t\t\t\t\t<\/div>\n\t\t<\/div>\n\t\t\t\t\t<\/div>\n\t\t<\/section>\n\t\t\t\t<section class=\"elementor-section elementor-top-section elementor-element elementor-element-46e3721 elementor-section-boxed elementor-section-height-default elementor-section-height-default\" data-id=\"46e3721\" data-element_type=\"section\">\n\t\t\t\t\t\t<div class=\"elementor-container elementor-column-gap-default\">\n\t\t\t\t\t<div class=\"elementor-column elementor-col-100 elementor-top-column elementor-element elementor-element-d7d66c3\" data-id=\"d7d66c3\" data-element_type=\"column\">\n\t\t\t<div class=\"elementor-widget-wrap elementor-element-populated\">\n\t\t\t\t\t\t<div class=\"elementor-element elementor-element-df0ebf9 elementor-widget elementor-widget-text-editor\" data-id=\"df0ebf9\" data-element_type=\"widget\" data-widget_type=\"text-editor.default\">\n\t\t\t\t<div class=\"elementor-widget-container\">\n\t\t\t\t\t\t\t\t\t<p style=\"text-align: justify;\"><span style=\"font-size: 14pt; color: #000000;\">Son utilisation ne date pas d\u2019hier puisque c\u2019est en 1870 qu\u2019un d\u00e9cret en date du 20 Mars indique que \u201cLorsque les officiers municipaux seront en fonction, ils porteront pour marque distinctive une \u00e9charpe aux trois couleurs de la Nation : bleu, blanc et rouge.\u201d<\/span><br \/><span style=\"font-size: 14pt; color: #000000;\">Retrouvez dans notre article \u201c<a href=\"https:\/\/www.macapflag.com\/blog\/5-choses-a-savoir-sur-le-drapeau-francais\/\" target=\"_blank\" rel=\"noopener\"><span style=\"color: #3366ff;\"><strong>5 choses \u00e0 savoir sur le drapeau fran\u00e7ais<\/strong><\/span><\/a>\u201d l\u2019origine et la signification du choix des 3 couleurs de notre drapeau tricolore.<\/span><br \/><span style=\"font-size: 14pt; color: #000000;\">Pr\u00e8s de 150 ann\u00e9es plus tard, cette tradition perdure toujours.<\/span><\/p>\t\t\t\t\t\t\t\t<\/div>\n\t\t\t\t<\/div>\n\t\t\t\t\t<\/div>\n\t\t<\/div>\n\t\t\t\t\t<\/div>\n\t\t<\/section>\n\t\t\t\t<section class=\"elementor-section elementor-top-section elementor-element elementor-element-2ee6a26 elementor-section-boxed elementor-section-height-default elementor-section-height-default\" data-id=\"2ee6a26\" data-element_type=\"section\">\n\t\t\t\t\t\t<div class=\"elementor-container elementor-column-gap-default\">\n\t\t\t\t\t<div class=\"elementor-column elementor-col-100 elementor-top-column elementor-element elementor-element-1ed79cc\" data-id=\"1ed79cc\" data-element_type=\"column\">\n\t\t\t<div class=\"elementor-widget-wrap elementor-element-populated\">\n\t\t\t\t\t\t<div class=\"elementor-element elementor-element-ff7fa19 elementor-widget elementor-widget-spacer\" data-id=\"ff7fa19\" data-element_type=\"widget\" data-widget_type=\"spacer.default\">\n\t\t\t\t<div class=\"elementor-widget-container\">\n\t\t\t\t\t\t\t<div class=\"elementor-spacer\">\n\t\t\t<div class=\"elementor-spacer-inner\"><\/div>\n\t\t<\/div>\n\t\t\t\t\t\t<\/div>\n\t\t\t\t<\/div>\n\t\t\t\t\t<\/div>\n\t\t<\/div>\n\t\t\t\t\t<\/div>\n\t\t<\/section>\n\t\t\t\t<section class=\"elementor-section elementor-top-section elementor-element elementor-element-af8c7b9 elementor-section-boxed elementor-section-height-default elementor-section-height-default\" data-id=\"af8c7b9\" data-element_type=\"section\">\n\t\t\t\t\t\t<div class=\"elementor-container elementor-column-gap-default\">\n\t\t\t\t\t<div class=\"elementor-column elementor-col-100 elementor-top-column elementor-element elementor-element-7028016\" data-id=\"7028016\" data-element_type=\"column\">\n\t\t\t<div class=\"elementor-widget-wrap elementor-element-populated\">\n\t\t\t\t\t\t<div class=\"elementor-element elementor-element-2d5e05e elementor-widget elementor-widget-text-editor\" data-id=\"2d5e05e\" data-element_type=\"widget\" data-widget_type=\"text-editor.default\">\n\t\t\t\t<div class=\"elementor-widget-container\">\n\t\t\t\t\t\t\t\t\t<h2 style=\"text-align: center;\"><strong><span style=\"font-size: 30pt;\">Qui porte l&#8217;echarpe tricolore ?<\/span><\/strong><\/h2>\t\t\t\t\t\t\t\t<\/div>\n\t\t\t\t<\/div>\n\t\t\t\t\t<\/div>\n\t\t<\/div>\n\t\t\t\t\t<\/div>\n\t\t<\/section>\n\t\t\t\t<section class=\"elementor-section elementor-top-section elementor-element elementor-element-00d347f elementor-section-boxed elementor-section-height-default elementor-section-height-default\" data-id=\"00d347f\" data-element_type=\"section\">\n\t\t\t\t\t\t<div class=\"elementor-container elementor-column-gap-default\">\n\t\t\t\t\t<div class=\"elementor-column elementor-col-100 elementor-top-column elementor-element elementor-element-d48ba4a\" data-id=\"d48ba4a\" data-element_type=\"column\">\n\t\t\t<div class=\"elementor-widget-wrap elementor-element-populated\">\n\t\t\t\t\t\t<div class=\"elementor-element elementor-element-a0f9bce elementor-widget elementor-widget-text-editor\" data-id=\"a0f9bce\" data-element_type=\"widget\" data-widget_type=\"text-editor.default\">\n\t\t\t\t<div class=\"elementor-widget-container\">\n\t\t\t\t\t\t\t\t\t<p style=\"text-align: justify;\"><span style=\"font-size: 14pt; color: #000000;\"><strong>Le maire<\/strong> doit porter l\u2019echarpe tricolore avec une frange et des glands de couleur or pour toutes les c\u00e9r\u00e9monies publiques et autres \u00e9venements pour lesquels il juge le port de ce signe utile (mariages, comm\u00e9morations, visites officielles etc\u2026)<\/span><\/p><p><span style=\"font-size: 14pt; color: #000000;\"><strong>Les adjoints aux maire et conseillers municipaux<\/strong> portent \u00e9galement l\u2019echarpe tricolore mais avec une frange argent et des glands argent\u00e9s (c\u2019est cette diff\u00e9rence de couleur qui la distingue de celle du maire). Les adjoints portent l&#8217;\u00e9charpe dans l&#8217;exercice de leurs fonctions d&#8217;officier d&#8217;\u00e9tat civil et d&#8217;officier de police judiciaire, et lorsqu&#8217;ils remplacent ou repr\u00e9sentent le maire (par exemple pour c\u00e9l\u00e9brer des mariages).<br \/><\/span><br \/><span style=\"font-size: 14pt; color: #000000;\"><strong>Les parlementaires<\/strong> c\u2019est \u00e0 dire les d\u00e9put\u00e9s et les s\u00e9nateurs, peuvent porter l\u2019\u00e9charpe bleu blanc rouge dans toutes les circonstances o\u00f9 ils sont en mission de repr\u00e9sentation de leur fonction. Cette \u00e9charpe est orn\u00e9e d\u2019une frange dor\u00e9e tout comme celle des maires.<br \/><\/span><br \/><span style=\"font-size: 14pt; color: #000000;\"><strong>Les commissaires de police<\/strong> sont \u00e9galement autoris\u00e9s \u00e0 porter l\u2019\u00e9charpe tricolore.<br \/><\/span><br \/><span style=\"font-size: 14pt; color: #000000;\">Seules les cat\u00e9gories de personnes cit\u00e9es ci-dessus sont autoris\u00e9es \u00e0 porter l\u2019echarpe tricolore. <br \/>Le d\u00e9cret n\u00b0 2000-1250 du 18 D\u00e9cembre 2000 en r\u00e9glemente l\u2019usage. Toute autre personne portant cette \u00e9charpe officielle dans une manifestation publique est passible d\u2019une peine d\u2019emprisonnement et d\u2019une amende allant jusqu\u2019\u00e0 15 000 \u20ac.<\/span><\/p>\t\t\t\t\t\t\t\t<\/div>\n\t\t\t\t<\/div>\n\t\t\t\t\t<\/div>\n\t\t<\/div>\n\t\t\t\t\t<\/div>\n\t\t<\/section>\n\t\t\t\t<section class=\"elementor-section elementor-top-section elementor-element elementor-element-6076478 elementor-section-boxed elementor-section-height-default elementor-section-height-default\" data-id=\"6076478\" data-element_type=\"section\">\n\t\t\t\t\t\t<div class=\"elementor-container elementor-column-gap-default\">\n\t\t\t\t\t<div class=\"elementor-column elementor-col-50 elementor-top-column elementor-element elementor-element-e09f0f6\" data-id=\"e09f0f6\" data-element_type=\"column\">\n\t\t\t<div class=\"elementor-widget-wrap elementor-element-populated\">\n\t\t\t\t\t\t<div class=\"elementor-element elementor-element-ef05559 elementor-widget elementor-widget-image\" data-id=\"ef05559\" data-element_type=\"widget\" data-widget_type=\"image.default\">\n\t\t\t\t<div class=\"elementor-widget-container\">\n\t\t\t\t\t\t\t\t\t\t\t\t\t\t\t<img fetchpriority=\"high\" decoding=\"async\" width=\"700\" height=\"534\" src=\"https:\/\/www.macapflag.com\/blog\/wp-content\/uploads\/2019\/11\/echarpe-tricolore-1.gif\" class=\"attachment-large size-large wp-image-4433\" alt=\"L&#039;echarpe tricolore est port\u00e9e par le maire et ses adjoints et les parlementaires\" \/>\t\t\t\t\t\t\t\t\t\t\t\t\t\t\t<\/div>\n\t\t\t\t<\/div>\n\t\t\t\t\t<\/div>\n\t\t<\/div>\n\t\t\t\t<div class=\"elementor-column elementor-col-50 elementor-top-column elementor-element elementor-element-4702c4b\" data-id=\"4702c4b\" data-element_type=\"column\">\n\t\t\t<div class=\"elementor-widget-wrap elementor-element-populated\">\n\t\t\t\t\t\t<div class=\"elementor-element elementor-element-f136c2f elementor-widget elementor-widget-image\" data-id=\"f136c2f\" data-element_type=\"widget\" data-widget_type=\"image.default\">\n\t\t\t\t<div class=\"elementor-widget-container\">\n\t\t\t\t\t\t\t\t\t\t\t\t\t\t\t<img decoding=\"async\" width=\"700\" height=\"534\" src=\"https:\/\/www.macapflag.com\/blog\/wp-content\/uploads\/2019\/11\/echarpe-tricolore-2.gif\" class=\"attachment-large size-large wp-image-4434\" alt=\"L&#039;echarpe tricolore a frange et glands argent\u00e9s\" \/>\t\t\t\t\t\t\t\t\t\t\t\t\t\t\t<\/div>\n\t\t\t\t<\/div>\n\t\t\t\t\t<\/div>\n\t\t<\/div>\n\t\t\t\t\t<\/div>\n\t\t<\/section>\n\t\t\t\t<section class=\"elementor-section elementor-top-section elementor-element elementor-element-7b026dd elementor-section-boxed elementor-section-height-default elementor-section-height-default\" data-id=\"7b026dd\" data-element_type=\"section\">\n\t\t\t\t\t\t<div class=\"elementor-container elementor-column-gap-default\">\n\t\t\t\t\t<div class=\"elementor-column elementor-col-100 elementor-top-column elementor-element elementor-element-1d5faff\" data-id=\"1d5faff\" data-element_type=\"column\">\n\t\t\t<div class=\"elementor-widget-wrap elementor-element-populated\">\n\t\t\t\t\t\t<div class=\"elementor-element elementor-element-01ae50c elementor-widget elementor-widget-spacer\" data-id=\"01ae50c\" data-element_type=\"widget\" data-widget_type=\"spacer.default\">\n\t\t\t\t<div class=\"elementor-widget-container\">\n\t\t\t\t\t\t\t<div class=\"elementor-spacer\">\n\t\t\t<div class=\"elementor-spacer-inner\"><\/div>\n\t\t<\/div>\n\t\t\t\t\t\t<\/div>\n\t\t\t\t<\/div>\n\t\t\t\t\t<\/div>\n\t\t<\/div>\n\t\t\t\t\t<\/div>\n\t\t<\/section>\n\t\t\t\t<section class=\"elementor-section elementor-top-section elementor-element elementor-element-1ee8108 elementor-section-boxed elementor-section-height-default elementor-section-height-default\" data-id=\"1ee8108\" data-element_type=\"section\">\n\t\t\t\t\t\t<div class=\"elementor-container elementor-column-gap-default\">\n\t\t\t\t\t<div class=\"elementor-column elementor-col-100 elementor-top-column elementor-element elementor-element-cceabf3\" data-id=\"cceabf3\" data-element_type=\"column\">\n\t\t\t<div class=\"elementor-widget-wrap elementor-element-populated\">\n\t\t\t\t\t\t<div class=\"elementor-element elementor-element-f7fd864 elementor-widget elementor-widget-text-editor\" data-id=\"f7fd864\" data-element_type=\"widget\" data-widget_type=\"text-editor.default\">\n\t\t\t\t<div class=\"elementor-widget-container\">\n\t\t\t\t\t\t\t\t\t<h2 style=\"text-align: center;\"><strong><span style=\"font-size: 30pt;\">Comment se porte l&#8217;echarpe tricolore ?<\/span><\/strong><\/h2>\t\t\t\t\t\t\t\t<\/div>\n\t\t\t\t<\/div>\n\t\t\t\t\t<\/div>\n\t\t<\/div>\n\t\t\t\t\t<\/div>\n\t\t<\/section>\n\t\t\t\t<section class=\"elementor-section elementor-top-section elementor-element elementor-element-f6b7b1b elementor-section-boxed elementor-section-height-default elementor-section-height-default\" data-id=\"f6b7b1b\" data-element_type=\"section\">\n\t\t\t\t\t\t<div class=\"elementor-container elementor-column-gap-default\">\n\t\t\t\t\t<div class=\"elementor-column elementor-col-100 elementor-top-column elementor-element elementor-element-d3656ff\" data-id=\"d3656ff\" data-element_type=\"column\">\n\t\t\t<div class=\"elementor-widget-wrap elementor-element-populated\">\n\t\t\t\t\t\t<div class=\"elementor-element elementor-element-5e86d8f elementor-widget elementor-widget-image\" data-id=\"5e86d8f\" data-element_type=\"widget\" data-widget_type=\"image.default\">\n\t\t\t\t<div class=\"elementor-widget-container\">\n\t\t\t\t\t\t\t\t\t\t\t\t\t\t\t<img decoding=\"async\" width=\"700\" height=\"534\" src=\"https:\/\/www.macapflag.com\/blog\/wp-content\/uploads\/2019\/11\/echarpe-tricolore-3.gif\" class=\"attachment-large size-large wp-image-4458\" alt=\"Comment se porte l&#039;\u00e9charpe tricolore selon sa fonction ? Maire, parlementaire ...\" \/>\t\t\t\t\t\t\t\t\t\t\t\t\t\t\t<\/div>\n\t\t\t\t<\/div>\n\t\t\t\t\t<\/div>\n\t\t<\/div>\n\t\t\t\t\t<\/div>\n\t\t<\/section>\n\t\t\t\t<section class=\"elementor-section elementor-top-section elementor-element elementor-element-91ac6f7 elementor-section-boxed elementor-section-height-default elementor-section-height-default\" data-id=\"91ac6f7\" data-element_type=\"section\">\n\t\t\t\t\t\t<div class=\"elementor-container elementor-column-gap-default\">\n\t\t\t\t\t<div class=\"elementor-column elementor-col-100 elementor-top-column elementor-element elementor-element-dc85a66\" data-id=\"dc85a66\" data-element_type=\"column\">\n\t\t\t<div class=\"elementor-widget-wrap elementor-element-populated\">\n\t\t\t\t\t\t<div class=\"elementor-element elementor-element-cb25d70 elementor-widget elementor-widget-text-editor\" data-id=\"cb25d70\" data-element_type=\"widget\" data-widget_type=\"text-editor.default\">\n\t\t\t\t<div class=\"elementor-widget-container\">\n\t\t\t\t\t\t\t\t\t<p style=\"text-align: justify;\"><span style=\"color: #000000; font-size: 14pt;\">Elle se porte habituellement sur l\u2019\u00e9paule droite au c\u00f4t\u00e9 gauche mais, selon le statut de la personne, le sens de l\u2019\u00e9charpe n\u2019est pas le m\u00eame.<\/span><br \/><span style=\"color: #000000; font-size: 14pt;\">Les parlementaires doivent porter la bande rouge pr\u00e8s du col alors que tous les autres \u00e9lus (maire, adjoints et conseillers municipaux) mettront la bande bleue pr\u00e8s du col.<\/span><br \/><span style=\"color: #000000; font-size: 14pt;\">Dans le cas ou le porteur de l\u2019\u00e9charpe officielle est \u00e0 la fois parlementaire et maire, c\u2019est la fonction nationale qui pr\u00e9vaut.<\/span><\/p><p style=\"text-align: justify;\"><span style=\"color: #000000; font-size: 14pt;\">Remarque : avant l\u2019an 1830, l\u2019\u00e9charpe \u00e9tait toujours port\u00e9e \u00e0 la ceinture. Aujourd\u2019hui, choix est donn\u00e9 \u00e0 chacun de la porter comme il le souhaite. Si l\u2019\u00e9charpe est port\u00e9e \u00e0 la ceinture, l\u2019ordre des couleurs a son importance et le bleu doit figurer en haut.<\/span><\/p><p style=\"text-align: justify;\"><span style=\"color: #000000; font-size: 14pt;\">Retrouvez dans notre rubrique \u201c<a href=\"https:\/\/www.macapflag.com\/305-ceremonie\" target=\"_blank\" rel=\"noopener\"><span style=\"color: #3366ff;\"><strong>c\u00e9r\u00e9monie<\/strong><\/span><\/a>\u201d la gamme des \u00e9charpes officielles mais aussi les coussins et ciseaux d\u2019inauguration ainsi que le <a href=\"https:\/\/www.macapflag.com\/ceremonie\/1106-ruban-tricolore.html\" target=\"_blank\" rel=\"noopener\"><span style=\"color: #3366ff;\"><strong>ruban tricolore<\/strong><\/span><\/a>.<\/span><br \/><span style=\"color: #000000; font-size: 14pt;\">D\u2019autres supports de communication d\u00e9di\u00e9s aux mairies et collectivit\u00e9s vous sont \u00e9galement propos\u00e9s sur les pages de notre site.<\/span><\/p>\t\t\t\t\t\t\t\t<\/div>\n\t\t\t\t<\/div>\n\t\t\t\t\t<\/div>\n\t\t<\/div>\n\t\t\t\t\t<\/div>\n\t\t<\/section>\n\t\t\t\t<section class=\"elementor-section elementor-top-section elementor-element elementor-element-3066899 elementor-section-boxed elementor-section-height-default elementor-section-height-default\" data-id=\"3066899\" data-element_type=\"section\">\n\t\t\t\t\t\t<div class=\"elementor-container elementor-column-gap-default\">\n\t\t\t\t\t<div class=\"elementor-column elementor-col-100 elementor-top-column elementor-element elementor-element-1c75fcb\" data-id=\"1c75fcb\" data-element_type=\"column\">\n\t\t\t<div class=\"elementor-widget-wrap elementor-element-populated\">\n\t\t\t\t\t\t<div class=\"elementor-element elementor-element-560b82f elementor-widget elementor-widget-text-editor\" data-id=\"560b82f\" data-element_type=\"widget\" data-widget_type=\"text-editor.default\">\n\t\t\t\t<div class=\"elementor-widget-container\">\n\t\t\t\t\t\t\t\t\t<p><img loading=\"lazy\" decoding=\"async\" class=\"size-full wp-image-2886 aligncenter\" src=\"https:\/\/www.macapflag.com\/blog\/wp-content\/uploads\/2018\/10\/picto-produitssolutions235x135.gif\" alt=\"Produits et solutions propos\u00e9s par Macap : drapeaux, banderoles ou Beachflags\" width=\"235\" height=\"135\" \/><\/p><p style=\"text-align: center;\"><span style=\"font-size: 14pt;\"><span style=\"color: #000000;\"><strong><span style=\"font-family: 'Futura Bk BT';\">Macap<\/span><\/strong><\/span> <span style=\"color: #808080;\"><strong><span style=\"font-family: 'Futura Bk BT';\">&#8211; Vendredi 13 D\u00e9cembre 2019<\/span><\/strong><\/span><\/span><\/p><p style=\"text-align: center;\">\u00a0<\/p>\t\t\t\t\t\t\t\t<\/div>\n\t\t\t\t<\/div>\n\t\t\t\t\t<\/div>\n\t\t<\/div>\n\t\t\t\t\t<\/div>\n\t\t<\/section>\n\t\t\t\t<\/div>\n\t\t","protected":false},"excerpt":{"rendered":"<div class=\"tmnf_excerpt\"><p>L\u2019\u00e9charpe est une pi\u00e8ce de tissu charg\u00e9e de symboles. Elle conf\u00e8re \u00e0 celui qui la porte une certaine prestance, un statut qui permet de l\u2019identifier telle une personne officielle. Quelle est l&#8217;origine de l&#8217;\u00e9charpe bleu blanc rouge ? Son utilisation ne date pas d\u2019hier puisque c\u2019est en 1870 qu\u2019un d\u00e9cret en date du 20 Mars &hellip;<\/p>\n<\/div>","protected":false},"author":2,"featured_media":4432,"comment_status":"closed","ping_status":"open","sticky":false,"template":"template-fullwidth.php","format":"standard","meta":{"footnotes":""},"categories":[90],"tags":[],"class_list":["post-4430","post","type-post","status-publish","format-standard","has-post-thumbnail","hentry","category-produits-et-sols"],"yoast_head":"<!-- This site is optimized with the Yoast SEO plugin v26.4 - https:\/\/yoast.com\/wordpress\/plugins\/seo\/ -->\n<title>L\u2019echarpe tricolore, accessoire indispensable des c\u00e9r\u00e9monies officielles<\/title>\n<meta name=\"description\" content=\"Elle est l&#039;accessoire indispensable aux maires mais aussi aux parlementaires ou aux officiers de police, l&#039;echarpe tricolore a un caract\u00e8re officiel\" \/>\n<meta name=\"robots\" content=\"index, follow, max-snippet:-1, max-image-preview:large, max-video-preview:-1\" \/>\n<link rel=\"canonical\" href=\"https:\/\/www.macapflag.com\/blog\/echarpe-tricolore\/\" \/>\n<meta property=\"og:locale\" content=\"fr_FR\" \/>\n<meta property=\"og:type\" content=\"article\" \/>\n<meta property=\"og:title\" content=\"L\u2019echarpe tricolore, accessoire indispensable des c\u00e9r\u00e9monies officielles\" \/>\n<meta property=\"og:description\" content=\"Elle est l&#039;accessoire indispensable aux maires mais aussi aux parlementaires ou aux officiers de police, l&#039;echarpe tricolore a un caract\u00e8re officiel\" \/>\n<meta property=\"og:url\" content=\"https:\/\/www.macapflag.com\/blog\/echarpe-tricolore\/\" \/>\n<meta property=\"og:site_name\" content=\"Blog - Macap\" \/>\n<meta property=\"article:publisher\" content=\"https:\/\/www.facebook.com\/macap.pavoisement\/\" \/>\n<meta property=\"article:published_time\" content=\"2019-12-13T07:00:42+00:00\" \/>\n<meta property=\"article:modified_time\" content=\"2020-06-02T09:59:36+00:00\" \/>\n<meta property=\"og:image\" content=\"https:\/\/www.macapflag.com\/blog\/wp-content\/uploads\/2019\/11\/echarpe-tricolore-TITRE.gif\" \/>\n\t<meta property=\"og:image:width\" content=\"700\" \/>\n\t<meta property=\"og:image:height\" content=\"534\" \/>\n\t<meta property=\"og:image:type\" content=\"image\/gif\" \/>\n<meta name=\"author\" content=\"Blog Macap\" \/>\n<meta name=\"twitter:card\" content=\"summary_large_image\" \/>\n<meta name=\"twitter:label1\" content=\"\u00c9crit par\" \/>\n\t<meta name=\"twitter:data1\" content=\"Blog Macap\" \/>\n\t<meta name=\"twitter:label2\" content=\"Dur\u00e9e de lecture estim\u00e9e\" \/>\n\t<meta name=\"twitter:data2\" content=\"3 minutes\" \/>\n<script type=\"application\/ld+json\" class=\"yoast-schema-graph\">{\"@context\":\"https:\/\/schema.org\",\"@graph\":[{\"@type\":\"Article\",\"@id\":\"https:\/\/www.macapflag.com\/blog\/echarpe-tricolore\/#article\",\"isPartOf\":{\"@id\":\"https:\/\/www.macapflag.com\/blog\/echarpe-tricolore\/\"},\"author\":{\"name\":\"Blog Macap\",\"@id\":\"https:\/\/www.macapflag.com\/blog\/#\/schema\/person\/3fea701f2603875e651e6b662578fc3c\"},\"headline\":\"L\u2019echarpe tricolore, accessoire indispensable des c\u00e9r\u00e9monies officielles\",\"datePublished\":\"2019-12-13T07:00:42+00:00\",\"dateModified\":\"2020-06-02T09:59:36+00:00\",\"mainEntityOfPage\":{\"@id\":\"https:\/\/www.macapflag.com\/blog\/echarpe-tricolore\/\"},\"wordCount\":554,\"publisher\":{\"@id\":\"https:\/\/www.macapflag.com\/blog\/#organization\"},\"image\":{\"@id\":\"https:\/\/www.macapflag.com\/blog\/echarpe-tricolore\/#primaryimage\"},\"thumbnailUrl\":\"https:\/\/www.macapflag.com\/blog\/wp-content\/uploads\/2019\/11\/echarpe-tricolore-TITRE.gif\",\"articleSection\":[\"Produits &amp; Solutions\"],\"inLanguage\":\"fr-FR\"},{\"@type\":\"WebPage\",\"@id\":\"https:\/\/www.macapflag.com\/blog\/echarpe-tricolore\/\",\"url\":\"https:\/\/www.macapflag.com\/blog\/echarpe-tricolore\/\",\"name\":\"L\u2019echarpe tricolore, accessoire indispensable des c\u00e9r\u00e9monies officielles\",\"isPartOf\":{\"@id\":\"https:\/\/www.macapflag.com\/blog\/#website\"},\"primaryImageOfPage\":{\"@id\":\"https:\/\/www.macapflag.com\/blog\/echarpe-tricolore\/#primaryimage\"},\"image\":{\"@id\":\"https:\/\/www.macapflag.com\/blog\/echarpe-tricolore\/#primaryimage\"},\"thumbnailUrl\":\"https:\/\/www.macapflag.com\/blog\/wp-content\/uploads\/2019\/11\/echarpe-tricolore-TITRE.gif\",\"datePublished\":\"2019-12-13T07:00:42+00:00\",\"dateModified\":\"2020-06-02T09:59:36+00:00\",\"description\":\"Elle est l'accessoire indispensable aux maires mais aussi aux parlementaires ou aux officiers de police, l'echarpe tricolore a un caract\u00e8re officiel\",\"breadcrumb\":{\"@id\":\"https:\/\/www.macapflag.com\/blog\/echarpe-tricolore\/#breadcrumb\"},\"inLanguage\":\"fr-FR\",\"potentialAction\":[{\"@type\":\"ReadAction\",\"target\":[\"https:\/\/www.macapflag.com\/blog\/echarpe-tricolore\/\"]}]},{\"@type\":\"ImageObject\",\"inLanguage\":\"fr-FR\",\"@id\":\"https:\/\/www.macapflag.com\/blog\/echarpe-tricolore\/#primaryimage\",\"url\":\"https:\/\/www.macapflag.com\/blog\/wp-content\/uploads\/2019\/11\/echarpe-tricolore-TITRE.gif\",\"contentUrl\":\"https:\/\/www.macapflag.com\/blog\/wp-content\/uploads\/2019\/11\/echarpe-tricolore-TITRE.gif\",\"width\":700,\"height\":534,\"caption\":\"L'\u00e9charpe tricolore autrement appel\u00e9e echarpe de maire est un accessoire officiel\"},{\"@type\":\"BreadcrumbList\",\"@id\":\"https:\/\/www.macapflag.com\/blog\/echarpe-tricolore\/#breadcrumb\",\"itemListElement\":[{\"@type\":\"ListItem\",\"position\":1,\"name\":\"Accueil\",\"item\":\"https:\/\/www.macapflag.com\/blog\/\"},{\"@type\":\"ListItem\",\"position\":2,\"name\":\"L\u2019echarpe tricolore, accessoire indispensable des c\u00e9r\u00e9monies officielles\"}]},{\"@type\":\"WebSite\",\"@id\":\"https:\/\/www.macapflag.com\/blog\/#website\",\"url\":\"https:\/\/www.macapflag.com\/blog\/\",\"name\":\"Blog - Macap\",\"description\":\"Tous nos articles\",\"publisher\":{\"@id\":\"https:\/\/www.macapflag.com\/blog\/#organization\"},\"potentialAction\":[{\"@type\":\"SearchAction\",\"target\":{\"@type\":\"EntryPoint\",\"urlTemplate\":\"https:\/\/www.macapflag.com\/blog\/?s={search_term_string}\"},\"query-input\":{\"@type\":\"PropertyValueSpecification\",\"valueRequired\":true,\"valueName\":\"search_term_string\"}}],\"inLanguage\":\"fr-FR\"},{\"@type\":\"Organization\",\"@id\":\"https:\/\/www.macapflag.com\/blog\/#organization\",\"name\":\"macapflag\",\"url\":\"https:\/\/www.macapflag.com\/blog\/\",\"logo\":{\"@type\":\"ImageObject\",\"inLanguage\":\"fr-FR\",\"@id\":\"https:\/\/www.macapflag.com\/blog\/#\/schema\/logo\/image\/\",\"url\":\"https:\/\/www.macapflag.com\/blog\/wp-content\/uploads\/2020\/12\/cropped-M-512-1.png\",\"contentUrl\":\"https:\/\/www.macapflag.com\/blog\/wp-content\/uploads\/2020\/12\/cropped-M-512-1.png\",\"width\":512,\"height\":512,\"caption\":\"macapflag\"},\"image\":{\"@id\":\"https:\/\/www.macapflag.com\/blog\/#\/schema\/logo\/image\/\"},\"sameAs\":[\"https:\/\/www.facebook.com\/macap.pavoisement\/\",\"https:\/\/www.instagram.com\/macapflag\/?hl=fr\",\"https:\/\/www.linkedin.com\/company\/macap\/?originalSubdomain=fr\",\"https:\/\/www.youtube.com\/channel\/UCXNzTIdZh9poEBjSXEqDtNw\"]},{\"@type\":\"Person\",\"@id\":\"https:\/\/www.macapflag.com\/blog\/#\/schema\/person\/3fea701f2603875e651e6b662578fc3c\",\"name\":\"Blog Macap\",\"image\":{\"@type\":\"ImageObject\",\"inLanguage\":\"fr-FR\",\"@id\":\"https:\/\/www.macapflag.com\/blog\/#\/schema\/person\/image\/\",\"url\":\"https:\/\/secure.gravatar.com\/avatar\/c12551f2dc51f0db049633b03e7856985477a70da834cc8967dea4ce54bdd6a2?s=96&d=mm&r=g\",\"contentUrl\":\"https:\/\/secure.gravatar.com\/avatar\/c12551f2dc51f0db049633b03e7856985477a70da834cc8967dea4ce54bdd6a2?s=96&d=mm&r=g\",\"caption\":\"Blog Macap\"},\"url\":\"https:\/\/www.macapflag.com\/blog\/author\/macap\/\"}]}<\/script>\n<!-- \/ Yoast SEO plugin. -->","yoast_head_json":{"title":"L\u2019echarpe tricolore, accessoire indispensable des c\u00e9r\u00e9monies officielles","description":"Elle est l'accessoire indispensable aux maires mais aussi aux parlementaires ou aux officiers de police, l'echarpe tricolore a un caract\u00e8re officiel","robots":{"index":"index","follow":"follow","max-snippet":"max-snippet:-1","max-image-preview":"max-image-preview:large","max-video-preview":"max-video-preview:-1"},"canonical":"https:\/\/www.macapflag.com\/blog\/echarpe-tricolore\/","og_locale":"fr_FR","og_type":"article","og_title":"L\u2019echarpe tricolore, accessoire indispensable des c\u00e9r\u00e9monies officielles","og_description":"Elle est l'accessoire indispensable aux maires mais aussi aux parlementaires ou aux officiers de police, l'echarpe tricolore a un caract\u00e8re officiel","og_url":"https:\/\/www.macapflag.com\/blog\/echarpe-tricolore\/","og_site_name":"Blog - Macap","article_publisher":"https:\/\/www.facebook.com\/macap.pavoisement\/","article_published_time":"2019-12-13T07:00:42+00:00","article_modified_time":"2020-06-02T09:59:36+00:00","og_image":[{"width":700,"height":534,"url":"https:\/\/www.macapflag.com\/blog\/wp-content\/uploads\/2019\/11\/echarpe-tricolore-TITRE.gif","type":"image\/gif"}],"author":"Blog Macap","twitter_card":"summary_large_image","twitter_misc":{"\u00c9crit par":"Blog Macap","Dur\u00e9e de lecture estim\u00e9e":"3 minutes"},"schema":{"@context":"https:\/\/schema.org","@graph":[{"@type":"Article","@id":"https:\/\/www.macapflag.com\/blog\/echarpe-tricolore\/#article","isPartOf":{"@id":"https:\/\/www.macapflag.com\/blog\/echarpe-tricolore\/"},"author":{"name":"Blog Macap","@id":"https:\/\/www.macapflag.com\/blog\/#\/schema\/person\/3fea701f2603875e651e6b662578fc3c"},"headline":"L\u2019echarpe tricolore, accessoire indispensable des c\u00e9r\u00e9monies officielles","datePublished":"2019-12-13T07:00:42+00:00","dateModified":"2020-06-02T09:59:36+00:00","mainEntityOfPage":{"@id":"https:\/\/www.macapflag.com\/blog\/echarpe-tricolore\/"},"wordCount":554,"publisher":{"@id":"https:\/\/www.macapflag.com\/blog\/#organization"},"image":{"@id":"https:\/\/www.macapflag.com\/blog\/echarpe-tricolore\/#primaryimage"},"thumbnailUrl":"https:\/\/www.macapflag.com\/blog\/wp-content\/uploads\/2019\/11\/echarpe-tricolore-TITRE.gif","articleSection":["Produits &amp; Solutions"],"inLanguage":"fr-FR"},{"@type":"WebPage","@id":"https:\/\/www.macapflag.com\/blog\/echarpe-tricolore\/","url":"https:\/\/www.macapflag.com\/blog\/echarpe-tricolore\/","name":"L\u2019echarpe tricolore, accessoire indispensable des c\u00e9r\u00e9monies officielles","isPartOf":{"@id":"https:\/\/www.macapflag.com\/blog\/#website"},"primaryImageOfPage":{"@id":"https:\/\/www.macapflag.com\/blog\/echarpe-tricolore\/#primaryimage"},"image":{"@id":"https:\/\/www.macapflag.com\/blog\/echarpe-tricolore\/#primaryimage"},"thumbnailUrl":"https:\/\/www.macapflag.com\/blog\/wp-content\/uploads\/2019\/11\/echarpe-tricolore-TITRE.gif","datePublished":"2019-12-13T07:00:42+00:00","dateModified":"2020-06-02T09:59:36+00:00","description":"Elle est l'accessoire indispensable aux maires mais aussi aux parlementaires ou aux officiers de police, l'echarpe tricolore a un caract\u00e8re officiel","breadcrumb":{"@id":"https:\/\/www.macapflag.com\/blog\/echarpe-tricolore\/#breadcrumb"},"inLanguage":"fr-FR","potentialAction":[{"@type":"ReadAction","target":["https:\/\/www.macapflag.com\/blog\/echarpe-tricolore\/"]}]},{"@type":"ImageObject","inLanguage":"fr-FR","@id":"https:\/\/www.macapflag.com\/blog\/echarpe-tricolore\/#primaryimage","url":"https:\/\/www.macapflag.com\/blog\/wp-content\/uploads\/2019\/11\/echarpe-tricolore-TITRE.gif","contentUrl":"https:\/\/www.macapflag.com\/blog\/wp-content\/uploads\/2019\/11\/echarpe-tricolore-TITRE.gif","width":700,"height":534,"caption":"L'\u00e9charpe tricolore autrement appel\u00e9e echarpe de maire est un accessoire officiel"},{"@type":"BreadcrumbList","@id":"https:\/\/www.macapflag.com\/blog\/echarpe-tricolore\/#breadcrumb","itemListElement":[{"@type":"ListItem","position":1,"name":"Accueil","item":"https:\/\/www.macapflag.com\/blog\/"},{"@type":"ListItem","position":2,"name":"L\u2019echarpe tricolore, accessoire indispensable des c\u00e9r\u00e9monies officielles"}]},{"@type":"WebSite","@id":"https:\/\/www.macapflag.com\/blog\/#website","url":"https:\/\/www.macapflag.com\/blog\/","name":"Blog - Macap","description":"Tous nos articles","publisher":{"@id":"https:\/\/www.macapflag.com\/blog\/#organization"},"potentialAction":[{"@type":"SearchAction","target":{"@type":"EntryPoint","urlTemplate":"https:\/\/www.macapflag.com\/blog\/?s={search_term_string}"},"query-input":{"@type":"PropertyValueSpecification","valueRequired":true,"valueName":"search_term_string"}}],"inLanguage":"fr-FR"},{"@type":"Organization","@id":"https:\/\/www.macapflag.com\/blog\/#organization","name":"macapflag","url":"https:\/\/www.macapflag.com\/blog\/","logo":{"@type":"ImageObject","inLanguage":"fr-FR","@id":"https:\/\/www.macapflag.com\/blog\/#\/schema\/logo\/image\/","url":"https:\/\/www.macapflag.com\/blog\/wp-content\/uploads\/2020\/12\/cropped-M-512-1.png","contentUrl":"https:\/\/www.macapflag.com\/blog\/wp-content\/uploads\/2020\/12\/cropped-M-512-1.png","width":512,"height":512,"caption":"macapflag"},"image":{"@id":"https:\/\/www.macapflag.com\/blog\/#\/schema\/logo\/image\/"},"sameAs":["https:\/\/www.facebook.com\/macap.pavoisement\/","https:\/\/www.instagram.com\/macapflag\/?hl=fr","https:\/\/www.linkedin.com\/company\/macap\/?originalSubdomain=fr","https:\/\/www.youtube.com\/channel\/UCXNzTIdZh9poEBjSXEqDtNw"]},{"@type":"Person","@id":"https:\/\/www.macapflag.com\/blog\/#\/schema\/person\/3fea701f2603875e651e6b662578fc3c","name":"Blog Macap","image":{"@type":"ImageObject","inLanguage":"fr-FR","@id":"https:\/\/www.macapflag.com\/blog\/#\/schema\/person\/image\/","url":"https:\/\/secure.gravatar.com\/avatar\/c12551f2dc51f0db049633b03e7856985477a70da834cc8967dea4ce54bdd6a2?s=96&d=mm&r=g","contentUrl":"https:\/\/secure.gravatar.com\/avatar\/c12551f2dc51f0db049633b03e7856985477a70da834cc8967dea4ce54bdd6a2?s=96&d=mm&r=g","caption":"Blog Macap"},"url":"https:\/\/www.macapflag.com\/blog\/author\/macap\/"}]}},"_links":{"self":[{"href":"https:\/\/www.macapflag.com\/blog\/wp-json\/wp\/v2\/posts\/4430","targetHints":{"allow":["GET"]}}],"collection":[{"href":"https:\/\/www.macapflag.com\/blog\/wp-json\/wp\/v2\/posts"}],"about":[{"href":"https:\/\/www.macapflag.com\/blog\/wp-json\/wp\/v2\/types\/post"}],"author":[{"embeddable":true,"href":"https:\/\/www.macapflag.com\/blog\/wp-json\/wp\/v2\/users\/2"}],"replies":[{"embeddable":true,"href":"https:\/\/www.macapflag.com\/blog\/wp-json\/wp\/v2\/comments?post=4430"}],"version-history":[{"count":8,"href":"https:\/\/www.macapflag.com\/blog\/wp-json\/wp\/v2\/posts\/4430\/revisions"}],"predecessor-version":[{"id":4551,"href":"https:\/\/www.macapflag.com\/blog\/wp-json\/wp\/v2\/posts\/4430\/revisions\/4551"}],"wp:featuredmedia":[{"embeddable":true,"href":"https:\/\/www.macapflag.com\/blog\/wp-json\/wp\/v2\/media\/4432"}],"wp:attachment":[{"href":"https:\/\/www.macapflag.com\/blog\/wp-json\/wp\/v2\/media?parent=4430"}],"wp:term":[{"taxonomy":"category","embeddable":true,"href":"https:\/\/www.macapflag.com\/blog\/wp-json\/wp\/v2\/categories?post=4430"},{"taxonomy":"post_tag","embeddable":true,"href":"https:\/\/www.macapflag.com\/blog\/wp-json\/wp\/v2\/tags?post=4430"}],"curies":[{"name":"wp","href":"https:\/\/api.w.org\/{rel}","templated":true}]}}