{"id":4655,"date":"2025-06-24T08:10:29","date_gmt":"2025-06-24T06:10:29","guid":{"rendered":"https:\/\/www.macapflag.com\/blog\/?p=4655"},"modified":"2025-06-24T08:10:29","modified_gmt":"2025-06-24T06:10:29","slug":"symbole-drapeau","status":"publish","type":"post","link":"https:\/\/www.macapflag.com\/blog\/symbole-drapeau\/","title":{"rendered":"La charge symbolique du drapeau"},"content":{"rendered":"\t\t<div data-elementor-type=\"wp-post\" data-elementor-id=\"4655\" class=\"elementor elementor-4655\">\n\t\t\t\t\t\t<section class=\"elementor-section elementor-top-section elementor-element elementor-element-412b6ff elementor-section-boxed elementor-section-height-default elementor-section-height-default\" data-id=\"412b6ff\" data-element_type=\"section\">\n\t\t\t\t\t\t<div class=\"elementor-container elementor-column-gap-default\">\n\t\t\t\t\t<div class=\"elementor-column elementor-col-100 elementor-top-column elementor-element elementor-element-52f4f5d\" data-id=\"52f4f5d\" data-element_type=\"column\">\n\t\t\t<div class=\"elementor-widget-wrap elementor-element-populated\">\n\t\t\t\t\t\t<div class=\"elementor-element elementor-element-8778685 elementor-widget elementor-widget-text-editor\" data-id=\"8778685\" data-element_type=\"widget\" data-widget_type=\"text-editor.default\">\n\t\t\t\t<div class=\"elementor-widget-container\">\n\t\t\t\t\t\t\t\t\t<p style=\"text-align: justify;\"><span style=\"font-size: 12pt; color: #000000;\">Dans le dictionnaire Larousse, le drapeau est d\u00e9fini comme tel : <em>\u201cNom masculin. Pi\u00e8ce d&#8217;\u00e9toffe attach\u00e9e \u00e0 une hampe, servant autrefois d&#8217;enseigne militaire et devenue, depuis le XIX\u00e8me si\u00e8cle, l&#8217;embl\u00e8me d&#8217;une nation, dont elle porte les couleurs.\u201d<\/em><\/span><br \/><span style=\"font-size: 12pt; color: #000000;\">Pourtant, le drapeau ne se limite pas \u00e0 la description simple de l\u2019objet. Le drapeau est un symbole porteur de sens qui remplit une importante fonction sociale. Objet de fiert\u00e9, de passion, de d\u00e9chirement ou de rassemblement, le drapeau est tout sauf une simple pi\u00e8ce d\u2019\u00e9toffe.<\/span><\/p>\t\t\t\t\t\t\t\t<\/div>\n\t\t\t\t<\/div>\n\t\t\t\t\t<\/div>\n\t\t<\/div>\n\t\t\t\t\t<\/div>\n\t\t<\/section>\n\t\t\t\t<section class=\"elementor-section elementor-top-section elementor-element elementor-element-401b897 elementor-section-boxed elementor-section-height-default elementor-section-height-default\" data-id=\"401b897\" data-element_type=\"section\">\n\t\t\t\t\t\t<div class=\"elementor-container elementor-column-gap-default\">\n\t\t\t\t\t<div class=\"elementor-column elementor-col-100 elementor-top-column elementor-element elementor-element-5644758\" data-id=\"5644758\" data-element_type=\"column\">\n\t\t\t<div class=\"elementor-widget-wrap elementor-element-populated\">\n\t\t\t\t\t\t<div class=\"elementor-element elementor-element-ced7a5b elementor-widget elementor-widget-text-editor\" data-id=\"ced7a5b\" data-element_type=\"widget\" data-widget_type=\"text-editor.default\">\n\t\t\t\t<div class=\"elementor-widget-container\">\n\t\t\t\t\t\t\t\t\t<h2>Le drapeau, symbole d&#8217;appartenance<\/h2><p style=\"text-align: justify;\"><span style=\"font-size: 12pt; color: #000000;\"><span style=\"font-weight: 400;\">En 1943, Abraham Harold Maslow, psychologue am\u00e9ricain reconnu pour son approche humaniste, expose pour la premi\u00e8re fois sa \u201cTheory of Human Motivation\u201d au sein de laquelle il hi\u00e9rarchise les besoins de l\u2019homme. Tout le monde conna\u00eet aujourd\u2019hui ce que l\u2019on appelle couramment la \u201cpyramide de Maslow\u201d. Pour ceux qui auraient oubli\u00e9 leurs cours d\u2019\u00e9conomie, A. Maslow explique dans sa th\u00e9orie que lorsqu\u2019un homme a satisfait ses besoins physiologiques, il \u00e9prouvera le besoin de satisfaire son besoin de s\u00e9curit\u00e9 puis ensuite son besoin d\u2019appartenance. C\u2019est ici que l\u2019on plante notre <\/span><span style=\"font-weight: 400;\">drapeau fran\u00e7ais<\/span><span style=\"font-weight: 400;\"> tout comme nous pourrions planter celui du pays de chaque peuple, celui d\u2019une r\u00e9gion ou encore d\u2019une confr\u00e9rie. Le drapeau tel un symbole d\u2019appartenance, de ralliement tout comme le furent ses anc\u00eatres, les banni\u00e8res utilis\u00e9es par les premi\u00e8res civilisations <\/span><a href=\"https:\/\/www.macapflag.com\/blog\/vexillologie\/\" target=\"_blank\" rel=\"noopener\"><span style=\"color: #3366ff;\"><b><i>Pour en savoir plus sur l\u2019histoire du drapeau, lire notre article sur la vexillologie<\/i><\/b><span style=\"font-weight: 400;\">.\u00a0<\/span><\/span><\/a><\/span><\/p><p style=\"text-align: justify;\"><span style=\"font-weight: 400; font-size: 12pt; color: #000000;\">Le drapeau est un symbole, un insigne facilement reconnaissable, et compr\u00e9hensible qui permet \u00e0 celui qui le brandit d\u2019affirmer son appartenance \u00e0 une organisation ou \u00e0 une nation plus grande que lui et au sein de laquelle il se sent vivant.<\/span><\/p>\t\t\t\t\t\t\t\t<\/div>\n\t\t\t\t<\/div>\n\t\t\t\t\t<\/div>\n\t\t<\/div>\n\t\t\t\t\t<\/div>\n\t\t<\/section>\n\t\t\t\t<section class=\"elementor-section elementor-top-section elementor-element elementor-element-18c83c7 elementor-section-boxed elementor-section-height-default elementor-section-height-default\" data-id=\"18c83c7\" data-element_type=\"section\">\n\t\t\t\t\t\t<div class=\"elementor-container elementor-column-gap-default\">\n\t\t\t\t\t<div class=\"elementor-column elementor-col-100 elementor-top-column elementor-element elementor-element-90052dc\" data-id=\"90052dc\" data-element_type=\"column\">\n\t\t\t<div class=\"elementor-widget-wrap elementor-element-populated\">\n\t\t\t\t\t\t<div class=\"elementor-element elementor-element-4c03b18 elementor-widget elementor-widget-image\" data-id=\"4c03b18\" data-element_type=\"widget\" data-widget_type=\"image.default\">\n\t\t\t\t<div class=\"elementor-widget-container\">\n\t\t\t\t\t\t\t\t\t\t\t\t\t\t\t<img fetchpriority=\"high\" decoding=\"async\" width=\"700\" height=\"534\" src=\"https:\/\/www.macapflag.com\/blog\/wp-content\/uploads\/2021\/10\/Pyramide-des-besoins-de-Maslow.jpg\" class=\"attachment-large size-large wp-image-8424\" alt=\"Pyramide des besoins de Maslow\" srcset=\"https:\/\/www.macapflag.com\/blog\/wp-content\/uploads\/2021\/10\/Pyramide-des-besoins-de-Maslow.jpg 700w, https:\/\/www.macapflag.com\/blog\/wp-content\/uploads\/2021\/10\/Pyramide-des-besoins-de-Maslow-300x229.jpg 300w\" sizes=\"(max-width: 700px) 100vw, 700px\" \/>\t\t\t\t\t\t\t\t\t\t\t\t\t\t\t<\/div>\n\t\t\t\t<\/div>\n\t\t\t\t\t<\/div>\n\t\t<\/div>\n\t\t\t\t\t<\/div>\n\t\t<\/section>\n\t\t\t\t<section class=\"elementor-section elementor-top-section elementor-element elementor-element-941f17b elementor-section-boxed elementor-section-height-default elementor-section-height-default\" data-id=\"941f17b\" data-element_type=\"section\">\n\t\t\t\t\t\t<div class=\"elementor-container elementor-column-gap-default\">\n\t\t\t\t\t<div class=\"elementor-column elementor-col-100 elementor-top-column elementor-element elementor-element-0904458\" data-id=\"0904458\" data-element_type=\"column\">\n\t\t\t<div class=\"elementor-widget-wrap elementor-element-populated\">\n\t\t\t\t\t\t<div class=\"elementor-element elementor-element-aa68800 elementor-widget elementor-widget-spacer\" data-id=\"aa68800\" data-element_type=\"widget\" data-widget_type=\"spacer.default\">\n\t\t\t\t<div class=\"elementor-widget-container\">\n\t\t\t\t\t\t\t<div class=\"elementor-spacer\">\n\t\t\t<div class=\"elementor-spacer-inner\"><\/div>\n\t\t<\/div>\n\t\t\t\t\t\t<\/div>\n\t\t\t\t<\/div>\n\t\t\t\t\t<\/div>\n\t\t<\/div>\n\t\t\t\t\t<\/div>\n\t\t<\/section>\n\t\t\t\t<section class=\"elementor-section elementor-top-section elementor-element elementor-element-27018a5 elementor-section-boxed elementor-section-height-default elementor-section-height-default\" data-id=\"27018a5\" data-element_type=\"section\">\n\t\t\t\t\t\t<div class=\"elementor-container elementor-column-gap-default\">\n\t\t\t\t\t<div class=\"elementor-column elementor-col-100 elementor-top-column elementor-element elementor-element-99a45ab\" data-id=\"99a45ab\" data-element_type=\"column\">\n\t\t\t<div class=\"elementor-widget-wrap elementor-element-populated\">\n\t\t\t\t\t\t<div class=\"elementor-element elementor-element-6a1f01a elementor-widget elementor-widget-text-editor\" data-id=\"6a1f01a\" data-element_type=\"widget\" data-widget_type=\"text-editor.default\">\n\t\t\t\t<div class=\"elementor-widget-container\">\n\t\t\t\t\t\t\t\t\t<h2>Le drapeau, ce rassembleur<\/h2><p style=\"text-align: justify;\"><span style=\"font-size: 12pt; color: #000000;\"><span style=\"font-weight: 400;\">Le design et les couleurs des <\/span><span style=\"font-weight: 400;\">drapeaux des pays<\/span><span style=\"font-weight: 400;\"> ne sont jamais choisis par hasard. L\u2019\u00e9tendard national porte toujours haut et fort les valeurs d\u2019une nation, son histoire ou sa culture. Vous \u00eates vous d\u00e9j\u00e0 demand\u00e9 pourquoi chaque nation cherche \u00e0 faire rentrer autant d\u2019\u00e9l\u00e9ments dans un seul visuel ? Pour f\u00e9d\u00e9rer, simplement pour que chaque citoyen puisse retrouver un peu de ce qu\u2019il est sur le drapeau qui repr\u00e9sente son pays. Les 3 couleurs du drapeau fran\u00e7ais ne sont pas arriv\u00e9es l\u00e0 par go\u00fbt esth\u00e9tique mais justement parce que chacune d\u2019entre-elles symbolisait un \u00e9l\u00e9ment alors primordial pour la nation en 1790 <\/span><a href=\"https:\/\/www.macapflag.com\/blog\/5-choses-a-savoir-sur-le-drapeau-francais\/\" target=\"_blank\" rel=\"noopener\"><span style=\"color: #3366ff;\"><b><i>Pour en savoir plus consultez notre article 5 choses \u00e0 savoir sur le <\/i><\/b><b><i>drapeau fran\u00e7ais<\/i><\/b><i><span style=\"font-weight: 400;\">.<\/span><\/i><\/span><\/a><\/span><\/p><p style=\"text-align: justify;\"><span style=\"font-size: 12pt;\"><span style=\"color: #000000;\"><span style=\"font-weight: 400;\">Le drapeau am\u00e9ricain arbore une \u00e9toile par Etat de l\u2019union. <\/span><span style=\"font-weight: 400;\">Chaque couleur du drapeau sud-africain a sa propre signification. L\u2019actuel <\/span><a href=\"https:\/\/www.macapflag.com\/drapeau-officiel-pour-mat\/889-drapeau-royaume-uni-officiel.html\" target=\"_blank\" rel=\"noopener\"><span style=\"color: #3366ff;\"><b>Union Jack<\/b><\/span><\/a><span style=\"font-weight: 400;\"> a \u00e9volu\u00e9 au fil du ralliement des pays au Royaume-Uni.<br \/><\/span><\/span><span style=\"color: #000000;\"><span style=\"font-weight: 400;\">Pas un seul pays n\u2019a laiss\u00e9 la cr\u00e9ation de son embl\u00e8me au hasard.<\/span><\/span><\/span><\/p><p style=\"text-align: justify;\"><span style=\"font-size: 12pt; color: #000000;\"><b>Le drapeau est tel un lien<\/b><span style=\"font-weight: 400;\">, un symbole d\u2019unit\u00e9 vers lequel on se tourne dans des moments de tristesse ou de grande joie. Au lendemain des attentats de Nice du 14 Juillet 2016, la Tour Eiffel \u00e9tait \u00e9clair\u00e9e aux couleurs bleu blanc rouge. Lorsque la France a \u00e9t\u00e9 championne du monde de football en 1998 et en 2018, les <\/span><a href=\"https:\/\/www.macapflag.com\/drapeau-officiel\/321-drapeau-officiel-a-agiter-francais-.html\" target=\"_blank\" rel=\"noopener\"><span style=\"color: #3366ff;\"><strong>drapeaux francais<\/strong><\/span><\/a><span style=\"font-weight: 400;\"> ont inond\u00e9 les rues. Dans un article paru dans le Figaro du 14 Juillet 2018, le philosophe Robert Redeker parle de liesse nationale comme d\u2019un besoin social et de cette coupe du monde comme un tournant marquant le retour du drapeau et de la nation.<\/span><\/span><\/p>\t\t\t\t\t\t\t\t<\/div>\n\t\t\t\t<\/div>\n\t\t\t\t\t<\/div>\n\t\t<\/div>\n\t\t\t\t\t<\/div>\n\t\t<\/section>\n\t\t\t\t<section class=\"elementor-section elementor-top-section elementor-element elementor-element-de9cca0 elementor-section-boxed elementor-section-height-default elementor-section-height-default\" data-id=\"de9cca0\" data-element_type=\"section\">\n\t\t\t\t\t\t<div class=\"elementor-container elementor-column-gap-default\">\n\t\t\t\t\t<div class=\"elementor-column elementor-col-100 elementor-top-column elementor-element elementor-element-aec57db\" data-id=\"aec57db\" data-element_type=\"column\">\n\t\t\t<div class=\"elementor-widget-wrap elementor-element-populated\">\n\t\t\t\t\t\t<div class=\"elementor-element elementor-element-ee046f8 elementor-widget elementor-widget-spacer\" data-id=\"ee046f8\" data-element_type=\"widget\" data-widget_type=\"spacer.default\">\n\t\t\t\t<div class=\"elementor-widget-container\">\n\t\t\t\t\t\t\t<div class=\"elementor-spacer\">\n\t\t\t<div class=\"elementor-spacer-inner\"><\/div>\n\t\t<\/div>\n\t\t\t\t\t\t<\/div>\n\t\t\t\t<\/div>\n\t\t\t\t\t<\/div>\n\t\t<\/div>\n\t\t\t\t\t<\/div>\n\t\t<\/section>\n\t\t\t\t<section class=\"elementor-section elementor-top-section elementor-element elementor-element-1bb2d9b elementor-section-boxed elementor-section-height-default elementor-section-height-default\" data-id=\"1bb2d9b\" data-element_type=\"section\">\n\t\t\t\t\t\t<div class=\"elementor-container elementor-column-gap-default\">\n\t\t\t\t\t<div class=\"elementor-column elementor-col-100 elementor-top-column elementor-element elementor-element-1d1d518\" data-id=\"1d1d518\" data-element_type=\"column\">\n\t\t\t<div class=\"elementor-widget-wrap elementor-element-populated\">\n\t\t\t\t\t\t<div class=\"elementor-element elementor-element-c1a6658 elementor-widget elementor-widget-text-editor\" data-id=\"c1a6658\" data-element_type=\"widget\" data-widget_type=\"text-editor.default\">\n\t\t\t\t<div class=\"elementor-widget-container\">\n\t\t\t\t\t\t\t\t\t<h2 style=\"text-align: left;\">Le drapeau, symbole de valeurs fortes<\/h2><p><span style=\"font-size: 12pt; color: #000000;\"><span style=\"font-weight: 400;\">Le <\/span><span style=\"font-weight: 400;\">drapeau fran\u00e7ais<\/span><span style=\"font-weight: 400;\"> symbolise les valeurs de la R\u00e9publique, d\u2019\u00e9galit\u00e9, de libert\u00e9 et de fraternit\u00e9. Ces valeurs sont ancr\u00e9es dans la culture fran\u00e7aise, elles font partie de notre ADN et appartiennent \u00e0 chaque citoyen. \u00ab <\/span><i><span style=\"font-weight: 400;\">Notre drapeau est tiss\u00e9 du fil des \u00e9preuves et des ambitions de notre pays<\/span><\/i><span style=\"font-weight: 400;\">. \u00bb comme le souligne <a href=\"https:\/\/www.defense.gouv.fr\/ema\/chef-d-etat-major-des-armees\/actualite\/le-drapeau\" target=\"_blank\" rel=\"noopener\"><span style=\"color: #3366ff;\"><strong>le chef d\u2019\u00e9tat-major des arm\u00e9es le 25 novembre 2016<\/strong><\/span><\/a> !\u00a0<\/span><\/span><\/p><p><span style=\"font-size: 12pt;\"><span style=\"font-weight: 400; color: #000000;\">Dans les ann\u00e9es 1990, Ralph Lauren\u2122 cr\u00e9e son iconique pull en coton du drapeau am\u00e9ricain. Dans combien de pays et \u00e0 combien de milliers d\u2019exemplaires a-t il \u00e9t\u00e9 vendu ?&#8230; Combien de stars ont port\u00e9 ce mod\u00e8le ?&#8230;<br \/><\/span><span style=\"font-weight: 400; color: #000000;\">Qu\u2019est-ce qui emp\u00eache un tel ph\u00e9nom\u00e8ne de se produire en France ? Une histoire longue et empreinte de traditions ? Une fausse pudeur \u00e0 vouloir afficher son appartenance \u00e0 notre pays ? <br \/>Osons !<\/span><\/span><\/p>\t\t\t\t\t\t\t\t<\/div>\n\t\t\t\t<\/div>\n\t\t\t\t\t<\/div>\n\t\t<\/div>\n\t\t\t\t\t<\/div>\n\t\t<\/section>\n\t\t\t\t<section class=\"elementor-section elementor-top-section elementor-element elementor-element-4cc62bf elementor-section-boxed elementor-section-height-default elementor-section-height-default\" data-id=\"4cc62bf\" data-element_type=\"section\">\n\t\t\t\t\t\t<div class=\"elementor-container elementor-column-gap-default\">\n\t\t\t\t\t<div class=\"elementor-column elementor-col-100 elementor-top-column elementor-element elementor-element-925eade\" data-id=\"925eade\" data-element_type=\"column\">\n\t\t\t<div class=\"elementor-widget-wrap elementor-element-populated\">\n\t\t\t\t\t\t<div class=\"elementor-element elementor-element-9539e49 elementor-widget elementor-widget-image\" data-id=\"9539e49\" data-element_type=\"widget\" data-widget_type=\"image.default\">\n\t\t\t\t<div class=\"elementor-widget-container\">\n\t\t\t\t\t\t\t\t\t\t\t\t\t\t\t<img decoding=\"async\" width=\"700\" height=\"534\" src=\"https:\/\/www.macapflag.com\/blog\/wp-content\/uploads\/2021\/10\/Drapeau-France-symbole.jpg\" class=\"attachment-large size-large wp-image-8422\" alt=\"Drapeau France symbole des valeurs de la R\u00e9publique\" srcset=\"https:\/\/www.macapflag.com\/blog\/wp-content\/uploads\/2021\/10\/Drapeau-France-symbole.jpg 700w, https:\/\/www.macapflag.com\/blog\/wp-content\/uploads\/2021\/10\/Drapeau-France-symbole-300x229.jpg 300w\" sizes=\"(max-width: 700px) 100vw, 700px\" \/>\t\t\t\t\t\t\t\t\t\t\t\t\t\t\t<\/div>\n\t\t\t\t<\/div>\n\t\t\t\t\t<\/div>\n\t\t<\/div>\n\t\t\t\t\t<\/div>\n\t\t<\/section>\n\t\t\t\t<section class=\"elementor-section elementor-top-section elementor-element elementor-element-92dbff8 elementor-section-boxed elementor-section-height-default elementor-section-height-default\" data-id=\"92dbff8\" data-element_type=\"section\">\n\t\t\t\t\t\t<div class=\"elementor-container elementor-column-gap-default\">\n\t\t\t\t\t<div class=\"elementor-column elementor-col-100 elementor-top-column elementor-element elementor-element-cecad9b\" data-id=\"cecad9b\" data-element_type=\"column\">\n\t\t\t<div class=\"elementor-widget-wrap elementor-element-populated\">\n\t\t\t\t\t\t<div class=\"elementor-element elementor-element-521f0e1 elementor-widget elementor-widget-image\" data-id=\"521f0e1\" data-element_type=\"widget\" data-widget_type=\"image.default\">\n\t\t\t\t<div class=\"elementor-widget-container\">\n\t\t\t\t\t\t\t\t\t\t\t\t\t\t\t<img decoding=\"async\" width=\"700\" height=\"534\" src=\"https:\/\/www.macapflag.com\/blog\/wp-content\/uploads\/2020\/03\/pull-americain-bleu-marine.jpg\" class=\"attachment-large size-large wp-image-8434\" alt=\"Pull americain de la marque Ralph Lauren\" srcset=\"https:\/\/www.macapflag.com\/blog\/wp-content\/uploads\/2020\/03\/pull-americain-bleu-marine.jpg 700w, https:\/\/www.macapflag.com\/blog\/wp-content\/uploads\/2020\/03\/pull-americain-bleu-marine-300x229.jpg 300w\" sizes=\"(max-width: 700px) 100vw, 700px\" \/>\t\t\t\t\t\t\t\t\t\t\t\t\t\t\t<\/div>\n\t\t\t\t<\/div>\n\t\t\t\t\t<\/div>\n\t\t<\/div>\n\t\t\t\t\t<\/div>\n\t\t<\/section>\n\t\t\t\t<section class=\"elementor-section elementor-top-section elementor-element elementor-element-bfeac17 elementor-section-boxed elementor-section-height-default elementor-section-height-default\" data-id=\"bfeac17\" data-element_type=\"section\">\n\t\t\t\t\t\t<div class=\"elementor-container elementor-column-gap-default\">\n\t\t\t\t\t<div class=\"elementor-column elementor-col-100 elementor-top-column elementor-element elementor-element-ebf32f7\" data-id=\"ebf32f7\" data-element_type=\"column\">\n\t\t\t<div class=\"elementor-widget-wrap elementor-element-populated\">\n\t\t\t\t\t\t<div class=\"elementor-element elementor-element-b23e3ff elementor-widget elementor-widget-spacer\" data-id=\"b23e3ff\" data-element_type=\"widget\" data-widget_type=\"spacer.default\">\n\t\t\t\t<div class=\"elementor-widget-container\">\n\t\t\t\t\t\t\t<div class=\"elementor-spacer\">\n\t\t\t<div class=\"elementor-spacer-inner\"><\/div>\n\t\t<\/div>\n\t\t\t\t\t\t<\/div>\n\t\t\t\t<\/div>\n\t\t\t\t\t<\/div>\n\t\t<\/div>\n\t\t\t\t\t<\/div>\n\t\t<\/section>\n\t\t\t\t<section class=\"elementor-section elementor-top-section elementor-element elementor-element-04a8523 elementor-section-boxed elementor-section-height-default elementor-section-height-default\" data-id=\"04a8523\" data-element_type=\"section\">\n\t\t\t\t\t\t<div class=\"elementor-container elementor-column-gap-default\">\n\t\t\t\t\t<div class=\"elementor-column elementor-col-100 elementor-top-column elementor-element elementor-element-5362035\" data-id=\"5362035\" data-element_type=\"column\">\n\t\t\t<div class=\"elementor-widget-wrap elementor-element-populated\">\n\t\t\t\t\t\t<div class=\"elementor-element elementor-element-bff5a22 elementor-widget elementor-widget-text-editor\" data-id=\"bff5a22\" data-element_type=\"widget\" data-widget_type=\"text-editor.default\">\n\t\t\t\t<div class=\"elementor-widget-container\">\n\t\t\t\t\t\t\t\t\t<h2>Retrouvez d&#8217;autres articles sur le th\u00e8me de la symbolique du drapeau<\/h2><p><blockquote class=\"wp-embedded-content\" data-secret=\"zgJXoV9jPq\"><a href=\"https:\/\/www.macapflag.com\/blog\/drapeau-peinture\/\">Le drapeau dans la peinture : un voyage \u00e0 travers le temps<\/a><\/blockquote><iframe class=\"wp-embedded-content\" sandbox=\"allow-scripts\" security=\"restricted\" style=\"position: absolute; visibility: hidden;\" title=\"\u00ab\u00a0Le drapeau dans la peinture : un voyage \u00e0 travers le temps\u00a0\u00bb &#8212; Blog - Macap\" src=\"https:\/\/www.macapflag.com\/blog\/drapeau-peinture\/embed\/#?secret=vKIV4yTmX2#?secret=zgJXoV9jPq\" data-secret=\"zgJXoV9jPq\" width=\"600\" height=\"338\" frameborder=\"0\" marginwidth=\"0\" marginheight=\"0\" scrolling=\"no\"><\/iframe><\/p><p><blockquote class=\"wp-embedded-content\" data-secret=\"7Ftg9qIEOH\"><a href=\"https:\/\/www.macapflag.com\/blog\/chanson\/\">Le drapeau dans la chanson fran\u00e7aise : Un symbole fort en paroles et en musique<\/a><\/blockquote><iframe class=\"wp-embedded-content\" sandbox=\"allow-scripts\" security=\"restricted\" style=\"position: absolute; visibility: hidden;\" title=\"\u00ab\u00a0Le drapeau dans la chanson fran\u00e7aise : Un symbole fort en paroles et en musique\u00a0\u00bb &#8212; Blog - Macap\" src=\"https:\/\/www.macapflag.com\/blog\/chanson\/embed\/#?secret=PcF0sIkVjb#?secret=7Ftg9qIEOH\" data-secret=\"7Ftg9qIEOH\" width=\"600\" height=\"338\" frameborder=\"0\" marginwidth=\"0\" marginheight=\"0\" scrolling=\"no\"><\/iframe><\/p><p><blockquote class=\"wp-embedded-content\" data-secret=\"Pr3xIFIoQS\"><a href=\"https:\/\/www.macapflag.com\/blog\/drapeaux-danse\/\">Les drapeaux et la danse, une fusion color\u00e9e de mouvement et de symbole<\/a><\/blockquote><iframe class=\"wp-embedded-content\" sandbox=\"allow-scripts\" security=\"restricted\" style=\"position: absolute; visibility: hidden;\" title=\"\u00ab\u00a0Les drapeaux et la danse, une fusion color\u00e9e de mouvement et de symbole\u00a0\u00bb &#8212; Blog - Macap\" src=\"https:\/\/www.macapflag.com\/blog\/drapeaux-danse\/embed\/#?secret=TaoNOErBQj#?secret=Pr3xIFIoQS\" data-secret=\"Pr3xIFIoQS\" width=\"600\" height=\"338\" frameborder=\"0\" marginwidth=\"0\" marginheight=\"0\" scrolling=\"no\"><\/iframe><\/p><p><blockquote class=\"wp-embedded-content\" data-secret=\"dNDx1ICREP\"><a href=\"https:\/\/www.macapflag.com\/blog\/litterature\/\">Les drapeaux dans la litt\u00e9rature fran\u00e7aise, de puissants symboles d&rsquo;identit\u00e9<\/a><\/blockquote><iframe class=\"wp-embedded-content\" sandbox=\"allow-scripts\" security=\"restricted\" style=\"position: absolute; visibility: hidden;\" title=\"\u00ab\u00a0Les drapeaux dans la litt\u00e9rature fran\u00e7aise, de puissants symboles d&rsquo;identit\u00e9\u00a0\u00bb &#8212; Blog - Macap\" src=\"https:\/\/www.macapflag.com\/blog\/litterature\/embed\/#?secret=q2i6yh2rVB#?secret=dNDx1ICREP\" data-secret=\"dNDx1ICREP\" width=\"600\" height=\"338\" frameborder=\"0\" marginwidth=\"0\" marginheight=\"0\" scrolling=\"no\"><\/iframe><\/p><p><blockquote class=\"wp-embedded-content\" data-secret=\"glgMJ7Qma7\"><a href=\"https:\/\/www.macapflag.com\/blog\/le-drapeau-dans-lunivers-de-la-bd\/\">Le drapeau dans l&rsquo;univers de la BD<\/a><\/blockquote><iframe class=\"wp-embedded-content\" sandbox=\"allow-scripts\" security=\"restricted\" style=\"position: absolute; visibility: hidden;\" title=\"\u00ab\u00a0Le drapeau dans l&rsquo;univers de la BD\u00a0\u00bb &#8212; Blog - Macap\" src=\"https:\/\/www.macapflag.com\/blog\/le-drapeau-dans-lunivers-de-la-bd\/embed\/#?secret=4Zov6fSGx6#?secret=glgMJ7Qma7\" data-secret=\"glgMJ7Qma7\" width=\"600\" height=\"338\" frameborder=\"0\" marginwidth=\"0\" marginheight=\"0\" scrolling=\"no\"><\/iframe><\/p><p><blockquote class=\"wp-embedded-content\" data-secret=\"xDLqUcYozF\"><a href=\"https:\/\/www.macapflag.com\/blog\/le-drapeau-dans-la-photographie-un-symbole-qui-sinscrit-dans-le-temps\/\">Le drapeau dans la photographie : Un symbole qui s\u2019inscrit dans le temps<\/a><\/blockquote><iframe class=\"wp-embedded-content\" sandbox=\"allow-scripts\" security=\"restricted\" style=\"position: absolute; visibility: hidden;\" title=\"\u00ab\u00a0Le drapeau dans la photographie : Un symbole qui s\u2019inscrit dans le temps\u00a0\u00bb &#8212; Blog - Macap\" src=\"https:\/\/www.macapflag.com\/blog\/le-drapeau-dans-la-photographie-un-symbole-qui-sinscrit-dans-le-temps\/embed\/#?secret=2A1igJvrci#?secret=xDLqUcYozF\" data-secret=\"xDLqUcYozF\" width=\"600\" height=\"338\" frameborder=\"0\" marginwidth=\"0\" marginheight=\"0\" scrolling=\"no\"><\/iframe><\/p>\t\t\t\t\t\t\t\t<\/div>\n\t\t\t\t<\/div>\n\t\t\t\t\t<\/div>\n\t\t<\/div>\n\t\t\t\t\t<\/div>\n\t\t<\/section>\n\t\t\t\t<section class=\"elementor-section elementor-top-section elementor-element elementor-element-a29f186 elementor-section-boxed elementor-section-height-default elementor-section-height-default\" data-id=\"a29f186\" data-element_type=\"section\">\n\t\t\t\t\t\t<div class=\"elementor-container elementor-column-gap-default\">\n\t\t\t\t\t<div class=\"elementor-column elementor-col-100 elementor-top-column elementor-element elementor-element-f696abd\" data-id=\"f696abd\" data-element_type=\"column\">\n\t\t\t<div class=\"elementor-widget-wrap elementor-element-populated\">\n\t\t\t\t\t\t<div class=\"elementor-element elementor-element-f848654 elementor-widget elementor-widget-image\" data-id=\"f848654\" data-element_type=\"widget\" data-widget_type=\"image.default\">\n\t\t\t\t<div class=\"elementor-widget-container\">\n\t\t\t\t\t\t\t\t\t\t\t\t\t\t\t\t<a href=\"https:\/\/www.macapflag.com\/\" target=\"_blank\">\n\t\t\t\t\t\t\t<img loading=\"lazy\" decoding=\"async\" width=\"700\" height=\"320\" src=\"https:\/\/www.macapflag.com\/blog\/wp-content\/uploads\/2021\/04\/fabriquant-de-drapeaux-kakemonos-banderoles-beach-flags-oriflammes-macap.jpg\" class=\"attachment-large size-large wp-image-10133\" alt=\"Macap fabriquant de drapeaux kak\u00e9mono banderole beach flag oriflamme\" srcset=\"https:\/\/www.macapflag.com\/blog\/wp-content\/uploads\/2021\/04\/fabriquant-de-drapeaux-kakemonos-banderoles-beach-flags-oriflammes-macap.jpg 700w, https:\/\/www.macapflag.com\/blog\/wp-content\/uploads\/2021\/04\/fabriquant-de-drapeaux-kakemonos-banderoles-beach-flags-oriflammes-macap-300x137.jpg 300w\" sizes=\"(max-width: 700px) 100vw, 700px\" \/>\t\t\t\t\t\t\t\t<\/a>\n\t\t\t\t\t\t\t\t\t\t\t\t\t\t\t<\/div>\n\t\t\t\t<\/div>\n\t\t\t\t\t<\/div>\n\t\t<\/div>\n\t\t\t\t\t<\/div>\n\t\t<\/section>\n\t\t\t\t<\/div>\n\t\t","protected":false},"excerpt":{"rendered":"<div class=\"tmnf_excerpt\"><p>Dans le dictionnaire Larousse, le drapeau est d\u00e9fini comme tel : \u201cNom masculin. Pi\u00e8ce d&#8217;\u00e9toffe attach\u00e9e \u00e0 une hampe, servant autrefois d&#8217;enseigne militaire et devenue, depuis le XIX\u00e8me si\u00e8cle, l&#8217;embl\u00e8me d&#8217;une nation, dont elle porte les couleurs.\u201dPourtant, le drapeau ne se limite pas \u00e0 la description simple de l\u2019objet. Le drapeau est un symbole porteur &hellip;<\/p>\n<\/div>","protected":false},"author":2,"featured_media":4658,"comment_status":"closed","ping_status":"open","sticky":false,"template":"template-fullwidth.php","format":"standard","meta":{"footnotes":""},"categories":[93],"tags":[],"class_list":["post-4655","post","type-post","status-publish","format-standard","has-post-thumbnail","hentry","category-com"],"yoast_head":"<!-- This site is optimized with the Yoast SEO plugin v26.4 - https:\/\/yoast.com\/wordpress\/plugins\/seo\/ -->\n<title>La charge symbolique du drapeau, valeurs et appartenance<\/title>\n<meta name=\"description\" content=\"La forte charge symbolique du drapeau. Drapeau d&#039;un pays ou drapeau personnalis\u00e9, il symbolise l&#039;appartenance, des valeurs fortes et le rassemblement\" \/>\n<meta name=\"robots\" content=\"index, follow, max-snippet:-1, max-image-preview:large, max-video-preview:-1\" \/>\n<link rel=\"canonical\" href=\"https:\/\/www.macapflag.com\/blog\/symbole-drapeau\/\" \/>\n<meta property=\"og:locale\" content=\"fr_FR\" \/>\n<meta property=\"og:type\" content=\"article\" \/>\n<meta property=\"og:title\" content=\"La charge symbolique du drapeau, valeurs et appartenance\" \/>\n<meta property=\"og:description\" content=\"La forte charge symbolique du drapeau. Drapeau d&#039;un pays ou drapeau personnalis\u00e9, il symbolise l&#039;appartenance, des valeurs fortes et le rassemblement\" \/>\n<meta property=\"og:url\" content=\"https:\/\/www.macapflag.com\/blog\/symbole-drapeau\/\" \/>\n<meta property=\"og:site_name\" content=\"Blog - Macap\" \/>\n<meta property=\"article:publisher\" content=\"https:\/\/www.facebook.com\/macap.pavoisement\/\" \/>\n<meta property=\"article:published_time\" content=\"2025-06-24T06:10:29+00:00\" \/>\n<meta property=\"og:image\" content=\"https:\/\/www.macapflag.com\/blog\/wp-content\/uploads\/2020\/03\/symbolique-du-drapeau-TITRE.gif\" \/>\n\t<meta property=\"og:image:width\" content=\"700\" \/>\n\t<meta property=\"og:image:height\" content=\"534\" \/>\n\t<meta property=\"og:image:type\" content=\"image\/gif\" \/>\n<meta name=\"author\" content=\"Blog Macap\" \/>\n<meta name=\"twitter:card\" content=\"summary_large_image\" \/>\n<meta name=\"twitter:label1\" content=\"\u00c9crit par\" \/>\n\t<meta name=\"twitter:data1\" content=\"Blog Macap\" \/>\n\t<meta name=\"twitter:label2\" content=\"Dur\u00e9e de lecture estim\u00e9e\" \/>\n\t<meta name=\"twitter:data2\" content=\"5 minutes\" \/>\n<script type=\"application\/ld+json\" class=\"yoast-schema-graph\">{\"@context\":\"https:\/\/schema.org\",\"@graph\":[{\"@type\":\"Article\",\"@id\":\"https:\/\/www.macapflag.com\/blog\/symbole-drapeau\/#article\",\"isPartOf\":{\"@id\":\"https:\/\/www.macapflag.com\/blog\/symbole-drapeau\/\"},\"author\":{\"name\":\"Blog Macap\",\"@id\":\"https:\/\/www.macapflag.com\/blog\/#\/schema\/person\/3fea701f2603875e651e6b662578fc3c\"},\"headline\":\"La charge symbolique du drapeau\",\"datePublished\":\"2025-06-24T06:10:29+00:00\",\"mainEntityOfPage\":{\"@id\":\"https:\/\/www.macapflag.com\/blog\/symbole-drapeau\/\"},\"wordCount\":782,\"publisher\":{\"@id\":\"https:\/\/www.macapflag.com\/blog\/#organization\"},\"image\":{\"@id\":\"https:\/\/www.macapflag.com\/blog\/symbole-drapeau\/#primaryimage\"},\"thumbnailUrl\":\"https:\/\/www.macapflag.com\/blog\/wp-content\/uploads\/2020\/03\/symbolique-du-drapeau-TITRE.gif\",\"articleSection\":[\"Le monde de la Com'\"],\"inLanguage\":\"fr-FR\"},{\"@type\":\"WebPage\",\"@id\":\"https:\/\/www.macapflag.com\/blog\/symbole-drapeau\/\",\"url\":\"https:\/\/www.macapflag.com\/blog\/symbole-drapeau\/\",\"name\":\"La charge symbolique du drapeau, valeurs et appartenance\",\"isPartOf\":{\"@id\":\"https:\/\/www.macapflag.com\/blog\/#website\"},\"primaryImageOfPage\":{\"@id\":\"https:\/\/www.macapflag.com\/blog\/symbole-drapeau\/#primaryimage\"},\"image\":{\"@id\":\"https:\/\/www.macapflag.com\/blog\/symbole-drapeau\/#primaryimage\"},\"thumbnailUrl\":\"https:\/\/www.macapflag.com\/blog\/wp-content\/uploads\/2020\/03\/symbolique-du-drapeau-TITRE.gif\",\"datePublished\":\"2025-06-24T06:10:29+00:00\",\"description\":\"La forte charge symbolique du drapeau. Drapeau d'un pays ou drapeau personnalis\u00e9, il symbolise l'appartenance, des valeurs fortes et le rassemblement\",\"breadcrumb\":{\"@id\":\"https:\/\/www.macapflag.com\/blog\/symbole-drapeau\/#breadcrumb\"},\"inLanguage\":\"fr-FR\",\"potentialAction\":[{\"@type\":\"ReadAction\",\"target\":[\"https:\/\/www.macapflag.com\/blog\/symbole-drapeau\/\"]}]},{\"@type\":\"ImageObject\",\"inLanguage\":\"fr-FR\",\"@id\":\"https:\/\/www.macapflag.com\/blog\/symbole-drapeau\/#primaryimage\",\"url\":\"https:\/\/www.macapflag.com\/blog\/wp-content\/uploads\/2020\/03\/symbolique-du-drapeau-TITRE.gif\",\"contentUrl\":\"https:\/\/www.macapflag.com\/blog\/wp-content\/uploads\/2020\/03\/symbolique-du-drapeau-TITRE.gif\",\"width\":700,\"height\":534,\"caption\":\"Le drapeau a une forte charge symbolique, porteur de valeurs\"},{\"@type\":\"BreadcrumbList\",\"@id\":\"https:\/\/www.macapflag.com\/blog\/symbole-drapeau\/#breadcrumb\",\"itemListElement\":[{\"@type\":\"ListItem\",\"position\":1,\"name\":\"Accueil\",\"item\":\"https:\/\/www.macapflag.com\/blog\/\"},{\"@type\":\"ListItem\",\"position\":2,\"name\":\"La charge symbolique du drapeau\"}]},{\"@type\":\"WebSite\",\"@id\":\"https:\/\/www.macapflag.com\/blog\/#website\",\"url\":\"https:\/\/www.macapflag.com\/blog\/\",\"name\":\"Blog - Macap\",\"description\":\"Tous nos articles\",\"publisher\":{\"@id\":\"https:\/\/www.macapflag.com\/blog\/#organization\"},\"potentialAction\":[{\"@type\":\"SearchAction\",\"target\":{\"@type\":\"EntryPoint\",\"urlTemplate\":\"https:\/\/www.macapflag.com\/blog\/?s={search_term_string}\"},\"query-input\":{\"@type\":\"PropertyValueSpecification\",\"valueRequired\":true,\"valueName\":\"search_term_string\"}}],\"inLanguage\":\"fr-FR\"},{\"@type\":\"Organization\",\"@id\":\"https:\/\/www.macapflag.com\/blog\/#organization\",\"name\":\"macapflag\",\"url\":\"https:\/\/www.macapflag.com\/blog\/\",\"logo\":{\"@type\":\"ImageObject\",\"inLanguage\":\"fr-FR\",\"@id\":\"https:\/\/www.macapflag.com\/blog\/#\/schema\/logo\/image\/\",\"url\":\"https:\/\/www.macapflag.com\/blog\/wp-content\/uploads\/2020\/12\/cropped-M-512-1.png\",\"contentUrl\":\"https:\/\/www.macapflag.com\/blog\/wp-content\/uploads\/2020\/12\/cropped-M-512-1.png\",\"width\":512,\"height\":512,\"caption\":\"macapflag\"},\"image\":{\"@id\":\"https:\/\/www.macapflag.com\/blog\/#\/schema\/logo\/image\/\"},\"sameAs\":[\"https:\/\/www.facebook.com\/macap.pavoisement\/\",\"https:\/\/www.instagram.com\/macapflag\/?hl=fr\",\"https:\/\/www.linkedin.com\/company\/macap\/?originalSubdomain=fr\",\"https:\/\/www.youtube.com\/channel\/UCXNzTIdZh9poEBjSXEqDtNw\"]},{\"@type\":\"Person\",\"@id\":\"https:\/\/www.macapflag.com\/blog\/#\/schema\/person\/3fea701f2603875e651e6b662578fc3c\",\"name\":\"Blog Macap\",\"image\":{\"@type\":\"ImageObject\",\"inLanguage\":\"fr-FR\",\"@id\":\"https:\/\/www.macapflag.com\/blog\/#\/schema\/person\/image\/\",\"url\":\"https:\/\/secure.gravatar.com\/avatar\/c12551f2dc51f0db049633b03e7856985477a70da834cc8967dea4ce54bdd6a2?s=96&d=mm&r=g\",\"contentUrl\":\"https:\/\/secure.gravatar.com\/avatar\/c12551f2dc51f0db049633b03e7856985477a70da834cc8967dea4ce54bdd6a2?s=96&d=mm&r=g\",\"caption\":\"Blog Macap\"},\"url\":\"https:\/\/www.macapflag.com\/blog\/author\/macap\/\"}]}<\/script>\n<!-- \/ Yoast SEO plugin. -->","yoast_head_json":{"title":"La charge symbolique du drapeau, valeurs et appartenance","description":"La forte charge symbolique du drapeau. Drapeau d'un pays ou drapeau personnalis\u00e9, il symbolise l'appartenance, des valeurs fortes et le rassemblement","robots":{"index":"index","follow":"follow","max-snippet":"max-snippet:-1","max-image-preview":"max-image-preview:large","max-video-preview":"max-video-preview:-1"},"canonical":"https:\/\/www.macapflag.com\/blog\/symbole-drapeau\/","og_locale":"fr_FR","og_type":"article","og_title":"La charge symbolique du drapeau, valeurs et appartenance","og_description":"La forte charge symbolique du drapeau. Drapeau d'un pays ou drapeau personnalis\u00e9, il symbolise l'appartenance, des valeurs fortes et le rassemblement","og_url":"https:\/\/www.macapflag.com\/blog\/symbole-drapeau\/","og_site_name":"Blog - Macap","article_publisher":"https:\/\/www.facebook.com\/macap.pavoisement\/","article_published_time":"2025-06-24T06:10:29+00:00","og_image":[{"width":700,"height":534,"url":"https:\/\/www.macapflag.com\/blog\/wp-content\/uploads\/2020\/03\/symbolique-du-drapeau-TITRE.gif","type":"image\/gif"}],"author":"Blog Macap","twitter_card":"summary_large_image","twitter_misc":{"\u00c9crit par":"Blog Macap","Dur\u00e9e de lecture estim\u00e9e":"5 minutes"},"schema":{"@context":"https:\/\/schema.org","@graph":[{"@type":"Article","@id":"https:\/\/www.macapflag.com\/blog\/symbole-drapeau\/#article","isPartOf":{"@id":"https:\/\/www.macapflag.com\/blog\/symbole-drapeau\/"},"author":{"name":"Blog Macap","@id":"https:\/\/www.macapflag.com\/blog\/#\/schema\/person\/3fea701f2603875e651e6b662578fc3c"},"headline":"La charge symbolique du drapeau","datePublished":"2025-06-24T06:10:29+00:00","mainEntityOfPage":{"@id":"https:\/\/www.macapflag.com\/blog\/symbole-drapeau\/"},"wordCount":782,"publisher":{"@id":"https:\/\/www.macapflag.com\/blog\/#organization"},"image":{"@id":"https:\/\/www.macapflag.com\/blog\/symbole-drapeau\/#primaryimage"},"thumbnailUrl":"https:\/\/www.macapflag.com\/blog\/wp-content\/uploads\/2020\/03\/symbolique-du-drapeau-TITRE.gif","articleSection":["Le monde de la Com'"],"inLanguage":"fr-FR"},{"@type":"WebPage","@id":"https:\/\/www.macapflag.com\/blog\/symbole-drapeau\/","url":"https:\/\/www.macapflag.com\/blog\/symbole-drapeau\/","name":"La charge symbolique du drapeau, valeurs et appartenance","isPartOf":{"@id":"https:\/\/www.macapflag.com\/blog\/#website"},"primaryImageOfPage":{"@id":"https:\/\/www.macapflag.com\/blog\/symbole-drapeau\/#primaryimage"},"image":{"@id":"https:\/\/www.macapflag.com\/blog\/symbole-drapeau\/#primaryimage"},"thumbnailUrl":"https:\/\/www.macapflag.com\/blog\/wp-content\/uploads\/2020\/03\/symbolique-du-drapeau-TITRE.gif","datePublished":"2025-06-24T06:10:29+00:00","description":"La forte charge symbolique du drapeau. Drapeau d'un pays ou drapeau personnalis\u00e9, il symbolise l'appartenance, des valeurs fortes et le rassemblement","breadcrumb":{"@id":"https:\/\/www.macapflag.com\/blog\/symbole-drapeau\/#breadcrumb"},"inLanguage":"fr-FR","potentialAction":[{"@type":"ReadAction","target":["https:\/\/www.macapflag.com\/blog\/symbole-drapeau\/"]}]},{"@type":"ImageObject","inLanguage":"fr-FR","@id":"https:\/\/www.macapflag.com\/blog\/symbole-drapeau\/#primaryimage","url":"https:\/\/www.macapflag.com\/blog\/wp-content\/uploads\/2020\/03\/symbolique-du-drapeau-TITRE.gif","contentUrl":"https:\/\/www.macapflag.com\/blog\/wp-content\/uploads\/2020\/03\/symbolique-du-drapeau-TITRE.gif","width":700,"height":534,"caption":"Le drapeau a une forte charge symbolique, porteur de valeurs"},{"@type":"BreadcrumbList","@id":"https:\/\/www.macapflag.com\/blog\/symbole-drapeau\/#breadcrumb","itemListElement":[{"@type":"ListItem","position":1,"name":"Accueil","item":"https:\/\/www.macapflag.com\/blog\/"},{"@type":"ListItem","position":2,"name":"La charge symbolique du drapeau"}]},{"@type":"WebSite","@id":"https:\/\/www.macapflag.com\/blog\/#website","url":"https:\/\/www.macapflag.com\/blog\/","name":"Blog - Macap","description":"Tous nos articles","publisher":{"@id":"https:\/\/www.macapflag.com\/blog\/#organization"},"potentialAction":[{"@type":"SearchAction","target":{"@type":"EntryPoint","urlTemplate":"https:\/\/www.macapflag.com\/blog\/?s={search_term_string}"},"query-input":{"@type":"PropertyValueSpecification","valueRequired":true,"valueName":"search_term_string"}}],"inLanguage":"fr-FR"},{"@type":"Organization","@id":"https:\/\/www.macapflag.com\/blog\/#organization","name":"macapflag","url":"https:\/\/www.macapflag.com\/blog\/","logo":{"@type":"ImageObject","inLanguage":"fr-FR","@id":"https:\/\/www.macapflag.com\/blog\/#\/schema\/logo\/image\/","url":"https:\/\/www.macapflag.com\/blog\/wp-content\/uploads\/2020\/12\/cropped-M-512-1.png","contentUrl":"https:\/\/www.macapflag.com\/blog\/wp-content\/uploads\/2020\/12\/cropped-M-512-1.png","width":512,"height":512,"caption":"macapflag"},"image":{"@id":"https:\/\/www.macapflag.com\/blog\/#\/schema\/logo\/image\/"},"sameAs":["https:\/\/www.facebook.com\/macap.pavoisement\/","https:\/\/www.instagram.com\/macapflag\/?hl=fr","https:\/\/www.linkedin.com\/company\/macap\/?originalSubdomain=fr","https:\/\/www.youtube.com\/channel\/UCXNzTIdZh9poEBjSXEqDtNw"]},{"@type":"Person","@id":"https:\/\/www.macapflag.com\/blog\/#\/schema\/person\/3fea701f2603875e651e6b662578fc3c","name":"Blog Macap","image":{"@type":"ImageObject","inLanguage":"fr-FR","@id":"https:\/\/www.macapflag.com\/blog\/#\/schema\/person\/image\/","url":"https:\/\/secure.gravatar.com\/avatar\/c12551f2dc51f0db049633b03e7856985477a70da834cc8967dea4ce54bdd6a2?s=96&d=mm&r=g","contentUrl":"https:\/\/secure.gravatar.com\/avatar\/c12551f2dc51f0db049633b03e7856985477a70da834cc8967dea4ce54bdd6a2?s=96&d=mm&r=g","caption":"Blog Macap"},"url":"https:\/\/www.macapflag.com\/blog\/author\/macap\/"}]}},"_links":{"self":[{"href":"https:\/\/www.macapflag.com\/blog\/wp-json\/wp\/v2\/posts\/4655","targetHints":{"allow":["GET"]}}],"collection":[{"href":"https:\/\/www.macapflag.com\/blog\/wp-json\/wp\/v2\/posts"}],"about":[{"href":"https:\/\/www.macapflag.com\/blog\/wp-json\/wp\/v2\/types\/post"}],"author":[{"embeddable":true,"href":"https:\/\/www.macapflag.com\/blog\/wp-json\/wp\/v2\/users\/2"}],"replies":[{"embeddable":true,"href":"https:\/\/www.macapflag.com\/blog\/wp-json\/wp\/v2\/comments?post=4655"}],"version-history":[{"count":32,"href":"https:\/\/www.macapflag.com\/blog\/wp-json\/wp\/v2\/posts\/4655\/revisions"}],"predecessor-version":[{"id":20310,"href":"https:\/\/www.macapflag.com\/blog\/wp-json\/wp\/v2\/posts\/4655\/revisions\/20310"}],"wp:featuredmedia":[{"embeddable":true,"href":"https:\/\/www.macapflag.com\/blog\/wp-json\/wp\/v2\/media\/4658"}],"wp:attachment":[{"href":"https:\/\/www.macapflag.com\/blog\/wp-json\/wp\/v2\/media?parent=4655"}],"wp:term":[{"taxonomy":"category","embeddable":true,"href":"https:\/\/www.macapflag.com\/blog\/wp-json\/wp\/v2\/categories?post=4655"},{"taxonomy":"post_tag","embeddable":true,"href":"https:\/\/www.macapflag.com\/blog\/wp-json\/wp\/v2\/tags?post=4655"}],"curies":[{"name":"wp","href":"https:\/\/api.w.org\/{rel}","templated":true}]}}