{"id":4665,"date":"2020-03-05T10:23:39","date_gmt":"2020-03-05T09:23:39","guid":{"rendered":"https:\/\/www.macapflag.com\/blog\/?p=4665"},"modified":"2021-10-29T14:39:18","modified_gmt":"2021-10-29T12:39:18","slug":"beach-flag-origine","status":"publish","type":"post","link":"https:\/\/www.macapflag.com\/blog\/beach-flag-origine\/","title":{"rendered":"L&#8217;histoire du Beach Flag chez Macap"},"content":{"rendered":"\t\t<div data-elementor-type=\"wp-post\" data-elementor-id=\"4665\" class=\"elementor elementor-4665\">\n\t\t\t\t\t\t<section class=\"elementor-section elementor-top-section elementor-element elementor-element-a48f879 elementor-section-boxed elementor-section-height-default elementor-section-height-default\" data-id=\"a48f879\" data-element_type=\"section\">\n\t\t\t\t\t\t<div class=\"elementor-container elementor-column-gap-default\">\n\t\t\t\t\t<div class=\"elementor-column elementor-col-100 elementor-top-column elementor-element elementor-element-438a105\" data-id=\"438a105\" data-element_type=\"column\">\n\t\t\t<div class=\"elementor-widget-wrap elementor-element-populated\">\n\t\t\t\t\t\t<div class=\"elementor-element elementor-element-473fa8c elementor-widget elementor-widget-text-editor\" data-id=\"473fa8c\" data-element_type=\"widget\" data-widget_type=\"text-editor.default\">\n\t\t\t\t<div class=\"elementor-widget-container\">\n\t\t\t\t\t\t\t\t\t<p style=\"text-align: justify;\"><span style=\"font-weight: 400; font-size: 14pt; color: #000000;\">L\u2019avantage d\u2019avoir un Pr\u00e9sident d\u2019entreprise voyageur et curieux, c\u2019est qu\u2019il profite de ses d\u00e9placements \u00e0 travers le monde pour revenir chez Macap avec plein de nouvelles id\u00e9es de produits et de concepts !<\/span><\/p><p><span style=\"font-size: 14pt;\"><span style=\"color: #000000;\"><span style=\"font-weight: 400;\">C\u2019est de cette mani\u00e8re que le <\/span><a href=\"https:\/\/www.macapflag.com\/41-beach-flag-oriflamme\" target=\"_blank\" rel=\"noopener\"><span style=\"color: #3366ff;\"><strong>beach flag<\/strong><\/span><\/a><span style=\"font-weight: 400;\"> a fait son apparition chez Macap au d\u00e9but des ann\u00e9es 2000. <br \/>Lors d\u2019un voyage en Afrique du Sud, Laurent de Ricard d\u00e9couvre, sur les plages des spots de surf, ce <\/span><span style=\"font-weight: 400;\">drapeau voile<\/span><span style=\"font-weight: 400;\"> plant\u00e9 dans le sable gr\u00e2ce \u00e0 un support de canne \u00e0 p\u00eache qui tient lieu de pied.<br \/><\/span><\/span><span style=\"color: #000000;\"><span style=\"font-weight: 400;\">Il sert de <\/span><span style=\"font-weight: 400;\">voile publicitaire <\/span><span style=\"font-weight: 400;\">pour les sponsors lors des \u00e9v\u00e8nements sportifs et autres comp\u00e9titions.\u00a0<\/span><span style=\"font-weight: 400;\">L\u2019id\u00e9e est astucieuse\u2026 La souplesse du m\u00e2t permet d\u2019\u00e9pouser les rafales de vent en rendant le drapeau dynamique. Le <\/span><span style=\"font-weight: 400;\">beachflag<\/span><span style=\"font-weight: 400;\">, traduisez litt\u00e9ralement \u201c<\/span><span style=\"font-weight: 400;\">drapeau<\/span><span style=\"font-weight: 400;\"> de plage\u201d, est un support d\u2019affichage l\u00e9ger et ultra facile \u00e0 d\u00e9placer d\u2019un lieu \u00e0 un autre.<\/span><\/span><\/span><\/p>\t\t\t\t\t\t\t\t<\/div>\n\t\t\t\t<\/div>\n\t\t\t\t\t<\/div>\n\t\t<\/div>\n\t\t\t\t\t<\/div>\n\t\t<\/section>\n\t\t\t\t<section class=\"elementor-section elementor-top-section elementor-element elementor-element-0a90c0c elementor-section-boxed elementor-section-height-default elementor-section-height-default\" data-id=\"0a90c0c\" data-element_type=\"section\">\n\t\t\t\t\t\t<div class=\"elementor-container elementor-column-gap-default\">\n\t\t\t\t\t<div class=\"elementor-column elementor-col-100 elementor-top-column elementor-element elementor-element-5f1aa53\" data-id=\"5f1aa53\" data-element_type=\"column\">\n\t\t\t<div class=\"elementor-widget-wrap elementor-element-populated\">\n\t\t\t\t\t\t<div class=\"elementor-element elementor-element-a51ee3e elementor-widget elementor-widget-image\" data-id=\"a51ee3e\" data-element_type=\"widget\" data-widget_type=\"image.default\">\n\t\t\t\t<div class=\"elementor-widget-container\">\n\t\t\t\t\t\t\t\t\t\t\t\t\t\t\t<img fetchpriority=\"high\" decoding=\"async\" width=\"700\" height=\"534\" src=\"https:\/\/www.macapflag.com\/blog\/wp-content\/uploads\/2020\/03\/histoire-du-bechflag-1.gif\" class=\"attachment-large size-large wp-image-8605\" alt=\"\" \/>\t\t\t\t\t\t\t\t\t\t\t\t\t\t\t<\/div>\n\t\t\t\t<\/div>\n\t\t\t\t\t<\/div>\n\t\t<\/div>\n\t\t\t\t\t<\/div>\n\t\t<\/section>\n\t\t\t\t<section class=\"elementor-section elementor-top-section elementor-element elementor-element-d29df72 elementor-section-boxed elementor-section-height-default elementor-section-height-default\" data-id=\"d29df72\" data-element_type=\"section\">\n\t\t\t\t\t\t<div class=\"elementor-container elementor-column-gap-default\">\n\t\t\t\t\t<div class=\"elementor-column elementor-col-100 elementor-top-column elementor-element elementor-element-bb770f1\" data-id=\"bb770f1\" data-element_type=\"column\">\n\t\t\t<div class=\"elementor-widget-wrap elementor-element-populated\">\n\t\t\t\t\t\t<div class=\"elementor-element elementor-element-c0029b5 elementor-widget elementor-widget-text-editor\" data-id=\"c0029b5\" data-element_type=\"widget\" data-widget_type=\"text-editor.default\">\n\t\t\t\t<div class=\"elementor-widget-container\">\n\t\t\t\t\t\t\t\t\t<p style=\"text-align: justify;\"><span style=\"color: #000000; font-size: 14pt;\"><span style=\"font-weight: 400;\">Laurent imagine imm\u00e9diatement les opportunit\u00e9s que peut pr\u00e9senter ce produit sur le march\u00e9 fran\u00e7ais. Jusqu\u2019alors, une personne qui veut utiliser un drapeau publicitaire doit l\u2019installer sur un <\/span><span style=\"font-weight: 400;\">mat pour drapeau<\/span><span style=\"font-weight: 400;\">. Si cette solution d\u2019affichage pr\u00e9sente de nombreux avantages en terme d\u2019efficacit\u00e9 et de visibilit\u00e9, elle n\u00e9cessite tout de m\u00eame une organisation au pr\u00e9alable. <\/span><span style=\"font-weight: 400;\"><br \/><\/span><span style=\"font-weight: 400;\">Un <\/span><span style=\"font-weight: 400;\">mat pour drapeau <\/span><span style=\"font-weight: 400;\">ne se plante pas du jour au lendemain contrairement aux <\/span><span style=\"font-weight: 400;\">beach flags<\/span><span style=\"font-weight: 400;\"> qui se plient, se transportent et s\u2019installent en un clin d\u2019oeil.\u00a0<\/span><\/span><span style=\"color: #000000; font-size: 14pt;\"><span style=\"font-weight: 400;\">Ces supports innovants ne viendront pas remplacer le <\/span><span style=\"font-weight: 400;\">drapeau pour mat<\/span><span style=\"font-weight: 400;\"> mais ils offriront de nouvelles possibilit\u00e9s pour d\u00e9ployer sa visibilit\u00e9 au travers de <\/span><span style=\"font-weight: 400;\">drapeaux<\/span><span style=\"font-weight: 400;\">.<\/span><\/span><\/p><p><span style=\"color: #000000; font-size: 14pt;\"><span style=\"font-weight: 400;\">Si l\u2019entreprise Macap est d\u00e9j\u00e0 le sp\u00e9cialiste de la<\/span><span style=\"font-weight: 400;\"> vente de drapeaux<\/span><span style=\"font-weight: 400;\">, Laurent d\u00e9cide alors qu\u2019elle deviendra pr\u00e9curseuse dans le d\u00e9veloppement de l\u2019<\/span><span style=\"font-weight: 400;\">oriflamme publicitaire<\/span><span style=\"font-weight: 400;\"> en France !<\/span><\/span><\/p><p><span style=\"color: #000000; font-size: 14pt;\"><span style=\"font-weight: 400;\">La fin des ann\u00e9es 90 et le d\u00e9but des ann\u00e9es 2000 sont marqu\u00e9s par une mode impr\u00e9gn\u00e9e d\u2019influences fun issue des sports de glisse et du surfing way of life. Laurent est convaincu que ce nouveau support en forme d\u2019<\/span><span style=\"font-weight: 400;\">oriflamme<\/span><span style=\"font-weight: 400;\"> s\u2019int\u00e8gre parfaitement dans ces tendances.\u00a0<\/span><\/span><\/p><p><span style=\"font-weight: 400; color: #000000; font-size: 14pt;\">Reste \u00e0 savoir comment le fabriquer&#8230;<br \/><\/span><span style=\"font-size: 14pt; color: #000000;\"><span style=\"font-weight: 400;\">D\u00e8s son retour dans l\u2019hexagone, Laurent \u00e9tudie la faisabilit\u00e9 du produit. <\/span><span style=\"font-weight: 400;\"><br \/><\/span><span style=\"font-weight: 400;\">Les premiers prototypes du <\/span><span style=\"font-weight: 400;\">beach flag<\/span><span style=\"font-weight: 400;\"> Macap sont r\u00e9alis\u00e9s avec des morceaux de cannes \u00e0 p\u00eache t\u00e9lescopiques en carbone achet\u00e9es chez Decathlon !<\/span><\/span><\/p>\t\t\t\t\t\t\t\t<\/div>\n\t\t\t\t<\/div>\n\t\t\t\t\t<\/div>\n\t\t<\/div>\n\t\t\t\t\t<\/div>\n\t\t<\/section>\n\t\t\t\t<section class=\"elementor-section elementor-top-section elementor-element elementor-element-4c21317 elementor-section-boxed elementor-section-height-default elementor-section-height-default\" data-id=\"4c21317\" data-element_type=\"section\">\n\t\t\t\t\t\t<div class=\"elementor-container elementor-column-gap-default\">\n\t\t\t\t\t<div class=\"elementor-column elementor-col-100 elementor-top-column elementor-element elementor-element-e64ec7a\" data-id=\"e64ec7a\" data-element_type=\"column\">\n\t\t\t<div class=\"elementor-widget-wrap elementor-element-populated\">\n\t\t\t\t\t\t<div class=\"elementor-element elementor-element-6e32018 elementor-widget elementor-widget-image\" data-id=\"6e32018\" data-element_type=\"widget\" data-widget_type=\"image.default\">\n\t\t\t\t<div class=\"elementor-widget-container\">\n\t\t\t\t\t\t\t\t\t\t\t\t\t\t\t<img decoding=\"async\" width=\"700\" height=\"534\" src=\"https:\/\/www.macapflag.com\/blog\/wp-content\/uploads\/2020\/03\/histoire-du-beachflag-2.gif\" class=\"attachment-large size-large wp-image-4669\" alt=\"Laurent de Ricard pense \u00e0 la commercialisation du beachflag\" \/>\t\t\t\t\t\t\t\t\t\t\t\t\t\t\t<\/div>\n\t\t\t\t<\/div>\n\t\t\t\t\t<\/div>\n\t\t<\/div>\n\t\t\t\t\t<\/div>\n\t\t<\/section>\n\t\t\t\t<section class=\"elementor-section elementor-top-section elementor-element elementor-element-e50e5fc elementor-section-boxed elementor-section-height-default elementor-section-height-default\" data-id=\"e50e5fc\" data-element_type=\"section\">\n\t\t\t\t\t\t<div class=\"elementor-container elementor-column-gap-default\">\n\t\t\t\t\t<div class=\"elementor-column elementor-col-100 elementor-top-column elementor-element elementor-element-d2699a5\" data-id=\"d2699a5\" data-element_type=\"column\">\n\t\t\t<div class=\"elementor-widget-wrap elementor-element-populated\">\n\t\t\t\t\t\t<div class=\"elementor-element elementor-element-58826ad elementor-widget elementor-widget-text-editor\" data-id=\"58826ad\" data-element_type=\"widget\" data-widget_type=\"text-editor.default\">\n\t\t\t\t<div class=\"elementor-widget-container\">\n\t\t\t\t\t\t\t\t\t<p style=\"text-align: justify;\"><span style=\"color: #000000; font-size: 14pt;\">Les premiers clients \u00e0 qui Laurent pr\u00e9sente ce nouveau produit sont conquis par sa facilit\u00e9 d\u2019installation, de transport, d\u2019utilisation doubl\u00e9e d\u2019un caract\u00e8re particuli\u00e8rement esth\u00e9tique.<\/span>\n<span style=\"color: #000000; font-size: 14pt;\">Confort\u00e9 par cet accueil chaleureux, Laurent d\u00e9cide alors de lancer la production des beach flags en s\u00e9rie. Propos\u00e9s avec un choix de m\u00e2ts en aluminium d\u00e9montables \u00e9quip\u00e9s d\u2019une tige en fibre de verre, ils sont toujours aussi pratiques mais beaucoup plus robustes.<\/span><\/p>\n<p style=\"text-align: justify;\"><span style=\"color: #000000; font-size: 14pt;\">Apr\u00e8s avoir envahi les plages du littoral fran\u00e7ais, le <a href=\"https:\/\/www.macapflag.com\/41-beach-flag-oriflamme\" target=\"_blank\" rel=\"noopener\"><span style=\"color: #3366ff;\"><strong>beach flag<\/strong><\/span><\/a> s\u2019invitera \u00e0 la montagne, sur les terrasses des restaurants d\u2019altitude comme au bord des pistes de ski. <\/span>\n<span style=\"color: #000000; font-size: 14pt;\">Le beachflag outdoor devient aussi un support indoor. Il se d\u00e9mocratise pour devenir un support incontournable de signal\u00e9tique et de communication des all\u00e9es des salons professionnels et des parcs d\u2019exposition.<\/span><\/p>\n<p style=\"text-align: justify;\"><span style=\"color: #000000; font-size: 14pt;\">Macap participe \u00e0 l\u2019essor de ce support et profite de ce d\u00e9veloppement pour \u00e9largir la gamme propos\u00e9e.<\/span><\/p>\t\t\t\t\t\t\t\t<\/div>\n\t\t\t\t<\/div>\n\t\t\t\t\t<\/div>\n\t\t<\/div>\n\t\t\t\t\t<\/div>\n\t\t<\/section>\n\t\t\t\t<section class=\"elementor-section elementor-top-section elementor-element elementor-element-5a24193 elementor-section-boxed elementor-section-height-default elementor-section-height-default\" data-id=\"5a24193\" data-element_type=\"section\">\n\t\t\t\t\t\t<div class=\"elementor-container elementor-column-gap-default\">\n\t\t\t\t\t<div class=\"elementor-column elementor-col-100 elementor-top-column elementor-element elementor-element-d40034e\" data-id=\"d40034e\" data-element_type=\"column\">\n\t\t\t<div class=\"elementor-widget-wrap elementor-element-populated\">\n\t\t\t\t\t\t<div class=\"elementor-element elementor-element-2ae3e54 elementor-widget elementor-widget-image\" data-id=\"2ae3e54\" data-element_type=\"widget\" data-widget_type=\"image.default\">\n\t\t\t\t<div class=\"elementor-widget-container\">\n\t\t\t\t\t\t\t\t\t\t\t\t\t\t\t<img decoding=\"async\" width=\"700\" height=\"534\" src=\"https:\/\/www.macapflag.com\/blog\/wp-content\/uploads\/2020\/03\/histoire-du-beachflag-3.gif\" class=\"attachment-large size-large wp-image-4670\" alt=\"Laurent de Ricard pr\u00e9sente le produit beach flag \u00e0 ses clients\" \/>\t\t\t\t\t\t\t\t\t\t\t\t\t\t\t<\/div>\n\t\t\t\t<\/div>\n\t\t\t\t\t<\/div>\n\t\t<\/div>\n\t\t\t\t\t<\/div>\n\t\t<\/section>\n\t\t\t\t<section class=\"elementor-section elementor-top-section elementor-element elementor-element-2cbd174 elementor-section-boxed elementor-section-height-default elementor-section-height-default\" data-id=\"2cbd174\" data-element_type=\"section\">\n\t\t\t\t\t\t<div class=\"elementor-container elementor-column-gap-default\">\n\t\t\t\t\t<div class=\"elementor-column elementor-col-100 elementor-top-column elementor-element elementor-element-cbc60c4\" data-id=\"cbc60c4\" data-element_type=\"column\">\n\t\t\t<div class=\"elementor-widget-wrap elementor-element-populated\">\n\t\t\t\t\t\t<div class=\"elementor-element elementor-element-c6d96a4 elementor-widget elementor-widget-text-editor\" data-id=\"c6d96a4\" data-element_type=\"widget\" data-widget_type=\"text-editor.default\">\n\t\t\t\t<div class=\"elementor-widget-container\">\n\t\t\t\t\t\t\t\t\t<p style=\"text-align: justify;\"><span style=\"font-size: 14pt; color: #000000;\"><span style=\"font-weight: 400;\">Ce <\/span><span style=\"font-weight: 400;\">flag publicitaire<\/span><span style=\"font-weight: 400;\"> se d\u00e9cline d\u00e9sormais sous plusieurs formes avec diff\u00e9rentes formes de voiles et dans plusieurs dimensions.<\/span><\/span><\/p><h3 style=\"text-align: justify;\"><span style=\"font-size: 14pt; color: #000000;\"><b>\u2022 Le <\/b><a href=\"https:\/\/www.macapflag.com\/beach-flag-oriflamme\/245-beach-flag-oriflamme-classique-kit-complet-fourreau-elastique-noir.html\" target=\"_blank\" rel=\"noopener\"><span style=\"color: #3366ff;\"><b>Beach Flag<\/b><\/span><\/a><b><span style=\"color: #3366ff;\"> classique<\/span>, le best seller de la gamme<\/b><\/span><\/h3><p style=\"text-align: justify;\"><span style=\"font-weight: 400; font-size: 14pt; color: #000000;\">Propos\u00e9 en plusieurs hauteurs de m\u00e2ts de 2.3 m \u00e0 5 m\u00e8tres avec :<br \/><\/span><span style=\"color: #000000; font-size: 14pt;\">\u2022 4 possibilit\u00e9s de formes de voiles : droite, convexe, concave, oblique<br \/><\/span><span style=\"color: #000000; font-size: 14pt;\">\u2022 un choix de mati\u00e8res classiques en polyester et polyester ajour\u00e9 mais aussi de mati\u00e8res \u00e9co responsables 100% recycl\u00e9es.<br \/><\/span><span style=\"color: #000000; font-size: 14pt;\">\u2022 un choix de 9 pieds disponibles.<\/span><\/p><p style=\"text-align: left;\"><span style=\"font-weight: 400; font-size: 14pt; color: #000000;\">Ce produit est confectionn\u00e9 avec un fourreau noir cousu sur le bord de la voile et qui permet de l\u2019enfiler sur le m\u00e2t. Il existe aussi d\u00e9clin\u00e9 avec les m\u00eames caract\u00e9ristiques except\u00e9 le fourreau confectionn\u00e9 dans la maille.<\/span><\/p><h3 style=\"text-align: justify;\"><span style=\"font-size: 14pt; color: #000000;\"><b>\u2022\u00a0<\/b><\/span><span style=\"font-size: 14pt; color: #000000;\"><b>Le <\/b><b>Beach Flag<\/b><b> classique avec fourreau dans la maille<\/b><\/span><\/h3><p style=\"text-align: justify;\"><span style=\"font-weight: 400; font-size: 14pt; color: #000000;\">Il pr\u00e9sente les m\u00eames caract\u00e9ristiques que le mod\u00e8le pr\u00e9c\u00e9dent \u00e0 une exception pr\u00e8s, le fourreau est confectionn\u00e9 avec la maille de la voile. Il n\u2019est donc pas de couleur noire, c\u2019est une continuit\u00e9 du visuel imprim\u00e9.<\/span><\/p><h3 style=\"text-align: justify;\"><span style=\"font-size: 14pt; color: #000000;\"><b>\u2022 L<\/b><\/span><span style=\"font-size: 14pt; color: #000000;\"><b>e <\/b><b>Beach Flag oriflamme<\/b><b> Potence<\/b><\/span><\/h3><p style=\"text-align: justify;\"><span style=\"font-weight: 400; font-size: 14pt; color: #000000;\">Il est disponible en 3 dimensions avec une hauteur de m\u00e2t allant de 2.40 m \u00e0 4.6 m avec 4 variantes de formes de voile et plusieurs choix de mati\u00e8res et de pieds.\u00a0<\/span><span style=\"font-weight: 400; font-size: 14pt; color: #000000;\">Sa sp\u00e9cificit\u00e9 est la forme du m\u00e2t qui est donc \u00e9quip\u00e9 d\u2019une potence permettant de pr\u00e9senter un visuel avec deux angles droits sur la partie sup\u00e9rieure.<\/span><\/p><h3 style=\"text-align: justify;\"><span style=\"font-size: 14pt; color: #000000;\"><b>\u2022 Le <\/b><b>Beach Flag oriflamme <\/b><b>Goutte d\u2019eau<\/b><\/span><\/h3><p style=\"text-align: justify;\"><span style=\"font-weight: 400; font-size: 14pt; color: #000000;\">Propos\u00e9 en 2 dimensions (hauteur de m\u00e2t 2.35 m et 4 m) avec \u00e9galement un choix entre une mati\u00e8re textile polyester classique ou 100% issue du recyclage et 9 possibilit\u00e9s de pied, il a la forme arrondie d\u2019une goutte d\u2019eau.<\/span><\/p><h3 style=\"text-align: justify;\"><span style=\"font-size: 14pt; color: #000000;\"><b>\u2022 Les autres produits d\u00e9clin\u00e9s \u00e0 partir du <\/b><b>beach flag<br \/><\/b><\/span><b style=\"color: #000000; font-size: 14pt;\"><br \/>. Le <\/b><b style=\"color: #000000; font-size: 14pt;\">beachflag oriflamme<\/b><b style=\"color: #000000; font-size: 14pt;\"> light<\/b><span style=\"font-size: 14pt; color: #000000;\"><b><br \/><\/b><\/span><\/h3><p style=\"text-align: justify;\"><span style=\"font-size: 14pt; color: #000000;\"><span style=\"font-weight: 400;\">telle une version all\u00e9g\u00e9e de l\u2019<\/span><span style=\"font-weight: 400;\">oriflamme<\/span><span style=\"font-weight: 400;\"> classique, encore plus facile et rapide \u00e0 installer pour des utilisations indoor. Hauteur du m\u00e2t : 2.30 m.<\/span><\/span><\/p><h4 style=\"text-align: justify;\"><span style=\"font-size: 14pt; color: #000000;\"><b>. Le street flag <\/b><\/span><\/h4><p style=\"text-align: justify;\"><span style=\"font-size: 14pt; color: #000000;\"><span style=\"font-weight: 400;\">vou\u00e9 \u00e0 \u00eatre port\u00e9 par une personne comme un sac \u00e0 dos, il est propos\u00e9 avec son support de portage et de fixation. Utilis\u00e9 pour ne pas perdre de vue la personne \u00e0 suivre ou \u00e0 des fins publicitaires nomades.<\/span><\/span><\/p><h4 style=\"text-align: justify;\"><span style=\"font-size: 14pt; color: #000000;\"><b>. Le desk flag <\/b><\/span><\/h4><p style=\"text-align: justify;\"><span style=\"font-size: 14pt; color: #000000;\"><span style=\"font-weight: 400;\"> traduisez litt\u00e9ralement \u201cdrapeau de bureau\u201d, il s\u2019agit effectivement d\u2019un drapeau de table au format 53 x 18 cm pos\u00e9 sur un socle en m\u00e9tal de 9 cm de diam\u00e8tre. Il d\u00e9core les banques d\u2019accueil des entreprises, salles de r\u00e9unions, bureaux et comptoirs des salons.<\/span><\/span><\/p><h4 style=\"text-align: justify;\"><span style=\"font-size: 14pt; color: #000000;\"><b>. Le speed flag\u00a0<\/b><\/span><\/h4><p style=\"text-align: justify;\"><span style=\"font-size: 14pt; color: #000000;\"><span style=\"font-weight: 400;\">support aux deux faces imprim\u00e9es reli\u00e9es entre elles par des sangles rigides avec velcro. Il se pose directement sur le sol. En cas de vent, on peut le fixer avec des piquets sardines.<\/span><\/span><\/p>\t\t\t\t\t\t\t\t<\/div>\n\t\t\t\t<\/div>\n\t\t\t\t\t<\/div>\n\t\t<\/div>\n\t\t\t\t\t<\/div>\n\t\t<\/section>\n\t\t\t\t<section class=\"elementor-section elementor-top-section elementor-element elementor-element-3066899 elementor-section-boxed elementor-section-height-default elementor-section-height-default\" data-id=\"3066899\" data-element_type=\"section\">\n\t\t\t\t\t\t<div class=\"elementor-container elementor-column-gap-default\">\n\t\t\t\t\t<div class=\"elementor-column elementor-col-100 elementor-top-column elementor-element elementor-element-1c75fcb\" data-id=\"1c75fcb\" data-element_type=\"column\">\n\t\t\t<div class=\"elementor-widget-wrap elementor-element-populated\">\n\t\t\t\t\t\t<div class=\"elementor-element elementor-element-560b82f elementor-widget elementor-widget-text-editor\" data-id=\"560b82f\" data-element_type=\"widget\" data-widget_type=\"text-editor.default\">\n\t\t\t\t<div class=\"elementor-widget-container\">\n\t\t\t\t\t\t\t\t\t<p><img loading=\"lazy\" decoding=\"async\" class=\"size-full wp-image-2886 aligncenter\" src=\"https:\/\/www.macapflag.com\/blog\/wp-content\/uploads\/2018\/10\/picto-produitssolutions235x135.gif\" alt=\"Produits et solutions propos\u00e9s par Macap : drapeaux, banderoles ou Beachflags\" width=\"235\" height=\"135\" \/><\/p><p style=\"text-align: center;\"><span style=\"font-size: 14pt;\"><span style=\"color: #000000;\"><strong><span style=\"font-family: 'Futura Bk BT';\">Macap<\/span><\/strong><\/span> <span style=\"color: #808080;\"><strong><span style=\"font-family: 'Futura Bk BT';\">&#8211; Jeudi 5 Mars 2020<\/span><\/strong><\/span><\/span><\/p>\t\t\t\t\t\t\t\t<\/div>\n\t\t\t\t<\/div>\n\t\t\t\t\t<\/div>\n\t\t<\/div>\n\t\t\t\t\t<\/div>\n\t\t<\/section>\n\t\t\t\t<\/div>\n\t\t","protected":false},"excerpt":{"rendered":"<div class=\"tmnf_excerpt\"><p>L\u2019avantage d\u2019avoir un Pr\u00e9sident d\u2019entreprise voyageur et curieux, c\u2019est qu\u2019il profite de ses d\u00e9placements \u00e0 travers le monde pour revenir chez Macap avec plein de nouvelles id\u00e9es de produits et de concepts ! C\u2019est de cette mani\u00e8re que le beach flag a fait son apparition chez Macap au d\u00e9but des ann\u00e9es 2000. Lors d\u2019un voyage &hellip;<\/p>\n<\/div>","protected":false},"author":2,"featured_media":8603,"comment_status":"closed","ping_status":"open","sticky":false,"template":"template-fullwidth.php","format":"standard","meta":{"footnotes":""},"categories":[90],"tags":[],"class_list":["post-4665","post","type-post","status-publish","format-standard","has-post-thumbnail","hentry","category-produits-et-sols"],"yoast_head":"<!-- This site is optimized with the Yoast SEO plugin v26.4 - https:\/\/yoast.com\/wordpress\/plugins\/seo\/ -->\n<title>L&#039;histoire du beach flag chez Macap, les origines de ce produit phare<\/title>\n<meta name=\"description\" content=\"Comment ce drapeau voile fix\u00e9 sur un m\u00e2t avec son pied a t&#039;il vu le jour pour devenir l&#039;un des best sellers des supports de communication ?\" \/>\n<meta name=\"robots\" content=\"index, follow, max-snippet:-1, max-image-preview:large, max-video-preview:-1\" \/>\n<link rel=\"canonical\" href=\"https:\/\/www.macapflag.com\/blog\/beach-flag-origine\/\" \/>\n<meta property=\"og:locale\" content=\"fr_FR\" \/>\n<meta property=\"og:type\" content=\"article\" \/>\n<meta property=\"og:title\" content=\"L&#039;histoire du beach flag chez Macap, les origines de ce produit phare\" \/>\n<meta property=\"og:description\" content=\"Comment ce drapeau voile fix\u00e9 sur un m\u00e2t avec son pied a t&#039;il vu le jour pour devenir l&#039;un des best sellers des supports de communication ?\" \/>\n<meta property=\"og:url\" content=\"https:\/\/www.macapflag.com\/blog\/beach-flag-origine\/\" \/>\n<meta property=\"og:site_name\" content=\"Blog - Macap\" \/>\n<meta property=\"article:publisher\" content=\"https:\/\/www.facebook.com\/macap.pavoisement\/\" \/>\n<meta property=\"article:published_time\" content=\"2020-03-05T09:23:39+00:00\" \/>\n<meta property=\"article:modified_time\" content=\"2021-10-29T12:39:18+00:00\" \/>\n<meta property=\"og:image\" content=\"https:\/\/www.macapflag.com\/blog\/wp-content\/uploads\/2020\/03\/histoire-du-bechflag-TITRE.gif\" \/>\n\t<meta property=\"og:image:width\" content=\"700\" \/>\n\t<meta property=\"og:image:height\" content=\"534\" \/>\n\t<meta property=\"og:image:type\" content=\"image\/gif\" \/>\n<meta name=\"author\" content=\"Blog Macap\" \/>\n<meta name=\"twitter:card\" content=\"summary_large_image\" \/>\n<meta name=\"twitter:label1\" content=\"\u00c9crit par\" \/>\n\t<meta name=\"twitter:data1\" content=\"Blog Macap\" \/>\n\t<meta name=\"twitter:label2\" content=\"Dur\u00e9e de lecture estim\u00e9e\" \/>\n\t<meta name=\"twitter:data2\" content=\"5 minutes\" \/>\n<script type=\"application\/ld+json\" class=\"yoast-schema-graph\">{\"@context\":\"https:\/\/schema.org\",\"@graph\":[{\"@type\":\"Article\",\"@id\":\"https:\/\/www.macapflag.com\/blog\/beach-flag-origine\/#article\",\"isPartOf\":{\"@id\":\"https:\/\/www.macapflag.com\/blog\/beach-flag-origine\/\"},\"author\":{\"name\":\"Blog Macap\",\"@id\":\"https:\/\/www.macapflag.com\/blog\/#\/schema\/person\/3fea701f2603875e651e6b662578fc3c\"},\"headline\":\"L&#8217;histoire du Beach Flag chez Macap\",\"datePublished\":\"2020-03-05T09:23:39+00:00\",\"dateModified\":\"2021-10-29T12:39:18+00:00\",\"mainEntityOfPage\":{\"@id\":\"https:\/\/www.macapflag.com\/blog\/beach-flag-origine\/\"},\"wordCount\":1047,\"publisher\":{\"@id\":\"https:\/\/www.macapflag.com\/blog\/#organization\"},\"image\":{\"@id\":\"https:\/\/www.macapflag.com\/blog\/beach-flag-origine\/#primaryimage\"},\"thumbnailUrl\":\"https:\/\/www.macapflag.com\/blog\/wp-content\/uploads\/2020\/03\/histoire-du-bechflag-TITRE.gif\",\"articleSection\":[\"Produits &amp; Solutions\"],\"inLanguage\":\"fr-FR\"},{\"@type\":\"WebPage\",\"@id\":\"https:\/\/www.macapflag.com\/blog\/beach-flag-origine\/\",\"url\":\"https:\/\/www.macapflag.com\/blog\/beach-flag-origine\/\",\"name\":\"L'histoire du beach flag chez Macap, les origines de ce produit phare\",\"isPartOf\":{\"@id\":\"https:\/\/www.macapflag.com\/blog\/#website\"},\"primaryImageOfPage\":{\"@id\":\"https:\/\/www.macapflag.com\/blog\/beach-flag-origine\/#primaryimage\"},\"image\":{\"@id\":\"https:\/\/www.macapflag.com\/blog\/beach-flag-origine\/#primaryimage\"},\"thumbnailUrl\":\"https:\/\/www.macapflag.com\/blog\/wp-content\/uploads\/2020\/03\/histoire-du-bechflag-TITRE.gif\",\"datePublished\":\"2020-03-05T09:23:39+00:00\",\"dateModified\":\"2021-10-29T12:39:18+00:00\",\"description\":\"Comment ce drapeau voile fix\u00e9 sur un m\u00e2t avec son pied a t'il vu le jour pour devenir l'un des best sellers des supports de communication ?\",\"breadcrumb\":{\"@id\":\"https:\/\/www.macapflag.com\/blog\/beach-flag-origine\/#breadcrumb\"},\"inLanguage\":\"fr-FR\",\"potentialAction\":[{\"@type\":\"ReadAction\",\"target\":[\"https:\/\/www.macapflag.com\/blog\/beach-flag-origine\/\"]}]},{\"@type\":\"ImageObject\",\"inLanguage\":\"fr-FR\",\"@id\":\"https:\/\/www.macapflag.com\/blog\/beach-flag-origine\/#primaryimage\",\"url\":\"https:\/\/www.macapflag.com\/blog\/wp-content\/uploads\/2020\/03\/histoire-du-bechflag-TITRE.gif\",\"contentUrl\":\"https:\/\/www.macapflag.com\/blog\/wp-content\/uploads\/2020\/03\/histoire-du-bechflag-TITRE.gif\",\"width\":700,\"height\":534},{\"@type\":\"BreadcrumbList\",\"@id\":\"https:\/\/www.macapflag.com\/blog\/beach-flag-origine\/#breadcrumb\",\"itemListElement\":[{\"@type\":\"ListItem\",\"position\":1,\"name\":\"Accueil\",\"item\":\"https:\/\/www.macapflag.com\/blog\/\"},{\"@type\":\"ListItem\",\"position\":2,\"name\":\"L&#8217;histoire du Beach Flag chez Macap\"}]},{\"@type\":\"WebSite\",\"@id\":\"https:\/\/www.macapflag.com\/blog\/#website\",\"url\":\"https:\/\/www.macapflag.com\/blog\/\",\"name\":\"Blog - Macap\",\"description\":\"Tous nos articles\",\"publisher\":{\"@id\":\"https:\/\/www.macapflag.com\/blog\/#organization\"},\"potentialAction\":[{\"@type\":\"SearchAction\",\"target\":{\"@type\":\"EntryPoint\",\"urlTemplate\":\"https:\/\/www.macapflag.com\/blog\/?s={search_term_string}\"},\"query-input\":{\"@type\":\"PropertyValueSpecification\",\"valueRequired\":true,\"valueName\":\"search_term_string\"}}],\"inLanguage\":\"fr-FR\"},{\"@type\":\"Organization\",\"@id\":\"https:\/\/www.macapflag.com\/blog\/#organization\",\"name\":\"macapflag\",\"url\":\"https:\/\/www.macapflag.com\/blog\/\",\"logo\":{\"@type\":\"ImageObject\",\"inLanguage\":\"fr-FR\",\"@id\":\"https:\/\/www.macapflag.com\/blog\/#\/schema\/logo\/image\/\",\"url\":\"https:\/\/www.macapflag.com\/blog\/wp-content\/uploads\/2020\/12\/cropped-M-512-1.png\",\"contentUrl\":\"https:\/\/www.macapflag.com\/blog\/wp-content\/uploads\/2020\/12\/cropped-M-512-1.png\",\"width\":512,\"height\":512,\"caption\":\"macapflag\"},\"image\":{\"@id\":\"https:\/\/www.macapflag.com\/blog\/#\/schema\/logo\/image\/\"},\"sameAs\":[\"https:\/\/www.facebook.com\/macap.pavoisement\/\",\"https:\/\/www.instagram.com\/macapflag\/?hl=fr\",\"https:\/\/www.linkedin.com\/company\/macap\/?originalSubdomain=fr\",\"https:\/\/www.youtube.com\/channel\/UCXNzTIdZh9poEBjSXEqDtNw\"]},{\"@type\":\"Person\",\"@id\":\"https:\/\/www.macapflag.com\/blog\/#\/schema\/person\/3fea701f2603875e651e6b662578fc3c\",\"name\":\"Blog Macap\",\"image\":{\"@type\":\"ImageObject\",\"inLanguage\":\"fr-FR\",\"@id\":\"https:\/\/www.macapflag.com\/blog\/#\/schema\/person\/image\/\",\"url\":\"https:\/\/secure.gravatar.com\/avatar\/c12551f2dc51f0db049633b03e7856985477a70da834cc8967dea4ce54bdd6a2?s=96&d=mm&r=g\",\"contentUrl\":\"https:\/\/secure.gravatar.com\/avatar\/c12551f2dc51f0db049633b03e7856985477a70da834cc8967dea4ce54bdd6a2?s=96&d=mm&r=g\",\"caption\":\"Blog Macap\"},\"url\":\"https:\/\/www.macapflag.com\/blog\/author\/macap\/\"}]}<\/script>\n<!-- \/ Yoast SEO plugin. -->","yoast_head_json":{"title":"L'histoire du beach flag chez Macap, les origines de ce produit phare","description":"Comment ce drapeau voile fix\u00e9 sur un m\u00e2t avec son pied a t'il vu le jour pour devenir l'un des best sellers des supports de communication ?","robots":{"index":"index","follow":"follow","max-snippet":"max-snippet:-1","max-image-preview":"max-image-preview:large","max-video-preview":"max-video-preview:-1"},"canonical":"https:\/\/www.macapflag.com\/blog\/beach-flag-origine\/","og_locale":"fr_FR","og_type":"article","og_title":"L'histoire du beach flag chez Macap, les origines de ce produit phare","og_description":"Comment ce drapeau voile fix\u00e9 sur un m\u00e2t avec son pied a t'il vu le jour pour devenir l'un des best sellers des supports de communication ?","og_url":"https:\/\/www.macapflag.com\/blog\/beach-flag-origine\/","og_site_name":"Blog - Macap","article_publisher":"https:\/\/www.facebook.com\/macap.pavoisement\/","article_published_time":"2020-03-05T09:23:39+00:00","article_modified_time":"2021-10-29T12:39:18+00:00","og_image":[{"width":700,"height":534,"url":"https:\/\/www.macapflag.com\/blog\/wp-content\/uploads\/2020\/03\/histoire-du-bechflag-TITRE.gif","type":"image\/gif"}],"author":"Blog Macap","twitter_card":"summary_large_image","twitter_misc":{"\u00c9crit par":"Blog Macap","Dur\u00e9e de lecture estim\u00e9e":"5 minutes"},"schema":{"@context":"https:\/\/schema.org","@graph":[{"@type":"Article","@id":"https:\/\/www.macapflag.com\/blog\/beach-flag-origine\/#article","isPartOf":{"@id":"https:\/\/www.macapflag.com\/blog\/beach-flag-origine\/"},"author":{"name":"Blog Macap","@id":"https:\/\/www.macapflag.com\/blog\/#\/schema\/person\/3fea701f2603875e651e6b662578fc3c"},"headline":"L&#8217;histoire du Beach Flag chez Macap","datePublished":"2020-03-05T09:23:39+00:00","dateModified":"2021-10-29T12:39:18+00:00","mainEntityOfPage":{"@id":"https:\/\/www.macapflag.com\/blog\/beach-flag-origine\/"},"wordCount":1047,"publisher":{"@id":"https:\/\/www.macapflag.com\/blog\/#organization"},"image":{"@id":"https:\/\/www.macapflag.com\/blog\/beach-flag-origine\/#primaryimage"},"thumbnailUrl":"https:\/\/www.macapflag.com\/blog\/wp-content\/uploads\/2020\/03\/histoire-du-bechflag-TITRE.gif","articleSection":["Produits &amp; Solutions"],"inLanguage":"fr-FR"},{"@type":"WebPage","@id":"https:\/\/www.macapflag.com\/blog\/beach-flag-origine\/","url":"https:\/\/www.macapflag.com\/blog\/beach-flag-origine\/","name":"L'histoire du beach flag chez Macap, les origines de ce produit phare","isPartOf":{"@id":"https:\/\/www.macapflag.com\/blog\/#website"},"primaryImageOfPage":{"@id":"https:\/\/www.macapflag.com\/blog\/beach-flag-origine\/#primaryimage"},"image":{"@id":"https:\/\/www.macapflag.com\/blog\/beach-flag-origine\/#primaryimage"},"thumbnailUrl":"https:\/\/www.macapflag.com\/blog\/wp-content\/uploads\/2020\/03\/histoire-du-bechflag-TITRE.gif","datePublished":"2020-03-05T09:23:39+00:00","dateModified":"2021-10-29T12:39:18+00:00","description":"Comment ce drapeau voile fix\u00e9 sur un m\u00e2t avec son pied a t'il vu le jour pour devenir l'un des best sellers des supports de communication ?","breadcrumb":{"@id":"https:\/\/www.macapflag.com\/blog\/beach-flag-origine\/#breadcrumb"},"inLanguage":"fr-FR","potentialAction":[{"@type":"ReadAction","target":["https:\/\/www.macapflag.com\/blog\/beach-flag-origine\/"]}]},{"@type":"ImageObject","inLanguage":"fr-FR","@id":"https:\/\/www.macapflag.com\/blog\/beach-flag-origine\/#primaryimage","url":"https:\/\/www.macapflag.com\/blog\/wp-content\/uploads\/2020\/03\/histoire-du-bechflag-TITRE.gif","contentUrl":"https:\/\/www.macapflag.com\/blog\/wp-content\/uploads\/2020\/03\/histoire-du-bechflag-TITRE.gif","width":700,"height":534},{"@type":"BreadcrumbList","@id":"https:\/\/www.macapflag.com\/blog\/beach-flag-origine\/#breadcrumb","itemListElement":[{"@type":"ListItem","position":1,"name":"Accueil","item":"https:\/\/www.macapflag.com\/blog\/"},{"@type":"ListItem","position":2,"name":"L&#8217;histoire du Beach Flag chez Macap"}]},{"@type":"WebSite","@id":"https:\/\/www.macapflag.com\/blog\/#website","url":"https:\/\/www.macapflag.com\/blog\/","name":"Blog - Macap","description":"Tous nos articles","publisher":{"@id":"https:\/\/www.macapflag.com\/blog\/#organization"},"potentialAction":[{"@type":"SearchAction","target":{"@type":"EntryPoint","urlTemplate":"https:\/\/www.macapflag.com\/blog\/?s={search_term_string}"},"query-input":{"@type":"PropertyValueSpecification","valueRequired":true,"valueName":"search_term_string"}}],"inLanguage":"fr-FR"},{"@type":"Organization","@id":"https:\/\/www.macapflag.com\/blog\/#organization","name":"macapflag","url":"https:\/\/www.macapflag.com\/blog\/","logo":{"@type":"ImageObject","inLanguage":"fr-FR","@id":"https:\/\/www.macapflag.com\/blog\/#\/schema\/logo\/image\/","url":"https:\/\/www.macapflag.com\/blog\/wp-content\/uploads\/2020\/12\/cropped-M-512-1.png","contentUrl":"https:\/\/www.macapflag.com\/blog\/wp-content\/uploads\/2020\/12\/cropped-M-512-1.png","width":512,"height":512,"caption":"macapflag"},"image":{"@id":"https:\/\/www.macapflag.com\/blog\/#\/schema\/logo\/image\/"},"sameAs":["https:\/\/www.facebook.com\/macap.pavoisement\/","https:\/\/www.instagram.com\/macapflag\/?hl=fr","https:\/\/www.linkedin.com\/company\/macap\/?originalSubdomain=fr","https:\/\/www.youtube.com\/channel\/UCXNzTIdZh9poEBjSXEqDtNw"]},{"@type":"Person","@id":"https:\/\/www.macapflag.com\/blog\/#\/schema\/person\/3fea701f2603875e651e6b662578fc3c","name":"Blog Macap","image":{"@type":"ImageObject","inLanguage":"fr-FR","@id":"https:\/\/www.macapflag.com\/blog\/#\/schema\/person\/image\/","url":"https:\/\/secure.gravatar.com\/avatar\/c12551f2dc51f0db049633b03e7856985477a70da834cc8967dea4ce54bdd6a2?s=96&d=mm&r=g","contentUrl":"https:\/\/secure.gravatar.com\/avatar\/c12551f2dc51f0db049633b03e7856985477a70da834cc8967dea4ce54bdd6a2?s=96&d=mm&r=g","caption":"Blog Macap"},"url":"https:\/\/www.macapflag.com\/blog\/author\/macap\/"}]}},"_links":{"self":[{"href":"https:\/\/www.macapflag.com\/blog\/wp-json\/wp\/v2\/posts\/4665","targetHints":{"allow":["GET"]}}],"collection":[{"href":"https:\/\/www.macapflag.com\/blog\/wp-json\/wp\/v2\/posts"}],"about":[{"href":"https:\/\/www.macapflag.com\/blog\/wp-json\/wp\/v2\/types\/post"}],"author":[{"embeddable":true,"href":"https:\/\/www.macapflag.com\/blog\/wp-json\/wp\/v2\/users\/2"}],"replies":[{"embeddable":true,"href":"https:\/\/www.macapflag.com\/blog\/wp-json\/wp\/v2\/comments?post=4665"}],"version-history":[{"count":18,"href":"https:\/\/www.macapflag.com\/blog\/wp-json\/wp\/v2\/posts\/4665\/revisions"}],"predecessor-version":[{"id":8608,"href":"https:\/\/www.macapflag.com\/blog\/wp-json\/wp\/v2\/posts\/4665\/revisions\/8608"}],"wp:featuredmedia":[{"embeddable":true,"href":"https:\/\/www.macapflag.com\/blog\/wp-json\/wp\/v2\/media\/8603"}],"wp:attachment":[{"href":"https:\/\/www.macapflag.com\/blog\/wp-json\/wp\/v2\/media?parent=4665"}],"wp:term":[{"taxonomy":"category","embeddable":true,"href":"https:\/\/www.macapflag.com\/blog\/wp-json\/wp\/v2\/categories?post=4665"},{"taxonomy":"post_tag","embeddable":true,"href":"https:\/\/www.macapflag.com\/blog\/wp-json\/wp\/v2\/tags?post=4665"}],"curies":[{"name":"wp","href":"https:\/\/api.w.org\/{rel}","templated":true}]}}