{"id":4695,"date":"2026-03-11T08:01:30","date_gmt":"2026-03-11T07:01:30","guid":{"rendered":"https:\/\/www.macapflag.com\/blog\/?p=4695"},"modified":"2026-03-12T09:09:12","modified_gmt":"2026-03-12T08:09:12","slug":"elections-municipales","status":"publish","type":"post","link":"https:\/\/www.macapflag.com\/blog\/elections-municipales\/","title":{"rendered":"Elections municipales, ce week-end on vote !"},"content":{"rendered":"\t\t<div data-elementor-type=\"wp-post\" data-elementor-id=\"4695\" class=\"elementor elementor-4695\">\n\t\t\t\t\t\t<section class=\"elementor-section elementor-top-section elementor-element elementor-element-e008370 elementor-section-boxed elementor-section-height-default elementor-section-height-default\" data-id=\"e008370\" data-element_type=\"section\">\n\t\t\t\t\t\t<div class=\"elementor-container elementor-column-gap-default\">\n\t\t\t\t\t<div class=\"elementor-column elementor-col-100 elementor-top-column elementor-element elementor-element-35c7f13\" data-id=\"35c7f13\" data-element_type=\"column\">\n\t\t\t<div class=\"elementor-widget-wrap elementor-element-populated\">\n\t\t\t\t\t\t<div class=\"elementor-element elementor-element-058da38 elementor-widget elementor-widget-text-editor\" data-id=\"058da38\" data-element_type=\"widget\" data-widget_type=\"text-editor.default\">\n\t\t\t\t<div class=\"elementor-widget-container\">\n\t\t\t\t\t\t\t\t\t<p>Ce week-end du 15 mars et le week-end du 22 mars 2026 sont les dates officiellement fix\u00e9es pour les \u00e9lections municipales fran\u00e7aises.\u00a0\u00a0<\/p><h2 style=\"text-align: left;\"><span style=\"font-size: 24pt;\">Un peu d&#8217;histoire &#8230;<\/span><\/h2><ul><li>C\u2019est au cours de la r\u00e9volution fran\u00e7aise de 1789 que les municipalit\u00e9s voient le jour. Un d\u00e9cret du 14 d\u00e9cembre 1789 organise les premi\u00e8res \u00e9lections municipales qui auront lieu en France d\u00e8s 1790. Cette p\u00e9riode sera de courte dur\u00e9e. Le 18 mai 1804, la gouvernance du pays est confi\u00e9e \u00e0 Napol\u00e9on 1er et l\u2019Empire fait fi de ce processus \u00e9lectoral.<\/li><li>C\u2019est \u00e0 partir de 1848 que les \u00e9lections municipales r\u00e9apparaissent mais furtivement.\u00a0En 1852, Louis Napol\u00e9on Bonaparte instaure en effet la nomination des maires et des adjoints par les pr\u00e9fets.\u00a0<\/li><li>La date du 5 avril 1884 marque r\u00e9ellement le d\u00e9but des \u00e9lections municipales telles que nous les connaissons aujourd\u2019hui avec l\u2019\u00e9lection au suffrage universel direct des membres du conseil municipal qui \u00e9lisent \u00e0 leur tour leur maire. Le mandat est \u00e9tabli pour une dur\u00e9e de 4 ann\u00e9es qui sera port\u00e9e \u00e0 6 d\u00e8s 1929.<\/li><li>Plusieurs modifications seront apport\u00e9es \u00e0 ce mode de scrutin jusqu\u2019au vote de la loi du 19 novembre 1982 qui instaure le mode de scrutin toujours en vigueur aujourd\u2019hui.<\/li><\/ul><h2>Macap accompagne les \u00e9lections municipales<\/h2><p>Gr\u00e2ce \u00e0 une large gamme de supports personnalis\u00e9s et institutionnels, Macap accompagne les communes pour r\u00e9pondre \u00e0 leurs besoins en terme de signal\u00e9tique et de communication \u00e9v\u00e8nementielle.<\/p><h3>Avec des outils de signal\u00e9tique outdoor<\/h3>\t\t\t\t\t\t\t\t<\/div>\n\t\t\t\t<\/div>\n\t\t\t\t\t<\/div>\n\t\t<\/div>\n\t\t\t\t\t<\/div>\n\t\t<\/section>\n\t\t\t\t<section class=\"elementor-section elementor-top-section elementor-element elementor-element-d72742f elementor-section-boxed elementor-section-height-default elementor-section-height-default\" data-id=\"d72742f\" data-element_type=\"section\">\n\t\t\t\t\t\t<div class=\"elementor-container elementor-column-gap-default\">\n\t\t\t\t\t<div class=\"elementor-column elementor-col-100 elementor-top-column elementor-element elementor-element-3d79997\" data-id=\"3d79997\" data-element_type=\"column\">\n\t\t\t<div class=\"elementor-widget-wrap elementor-element-populated\">\n\t\t\t\t\t\t<div class=\"elementor-element elementor-element-f48eb63 elementor-widget elementor-widget-image\" data-id=\"f48eb63\" data-element_type=\"widget\" data-widget_type=\"image.default\">\n\t\t\t\t<div class=\"elementor-widget-container\">\n\t\t\t\t\t\t\t\t\t\t\t\t\t\t\t<img fetchpriority=\"high\" decoding=\"async\" width=\"700\" height=\"534\" src=\"https:\/\/www.macapflag.com\/blog\/wp-content\/uploads\/2026\/03\/elections-municipales-ce-week-end-on-vote-1.jpg\" class=\"attachment-large size-large wp-image-22270\" alt=\"Affichage \u00e9lections municipales bureau de vote\" srcset=\"https:\/\/www.macapflag.com\/blog\/wp-content\/uploads\/2026\/03\/elections-municipales-ce-week-end-on-vote-1.jpg 700w, https:\/\/www.macapflag.com\/blog\/wp-content\/uploads\/2026\/03\/elections-municipales-ce-week-end-on-vote-1-300x229.jpg 300w\" sizes=\"(max-width: 700px) 100vw, 700px\" \/>\t\t\t\t\t\t\t\t\t\t\t\t\t\t\t<\/div>\n\t\t\t\t<\/div>\n\t\t\t\t\t<\/div>\n\t\t<\/div>\n\t\t\t\t\t<\/div>\n\t\t<\/section>\n\t\t\t\t<section class=\"elementor-section elementor-top-section elementor-element elementor-element-93cbbcf elementor-section-boxed elementor-section-height-default elementor-section-height-default\" data-id=\"93cbbcf\" data-element_type=\"section\">\n\t\t\t\t\t\t<div class=\"elementor-container elementor-column-gap-default\">\n\t\t\t\t\t<div class=\"elementor-column elementor-col-100 elementor-top-column elementor-element elementor-element-6e287bf\" data-id=\"6e287bf\" data-element_type=\"column\">\n\t\t\t<div class=\"elementor-widget-wrap elementor-element-populated\">\n\t\t\t\t\t\t<div class=\"elementor-element elementor-element-b485bec elementor-widget elementor-widget-text-editor\" data-id=\"b485bec\" data-element_type=\"widget\" data-widget_type=\"text-editor.default\">\n\t\t\t\t<div class=\"elementor-widget-container\">\n\t\t\t\t\t\t\t\t\t<p>Pour indiquer de mani\u00e8re homog\u00e8ne la localisation des diff\u00e9rents bureaux de vote dans votre commune, pensez aux <a href=\"https:\/\/www.macapflag.com\/41-beach-flag-oriflamme\" target=\"_blank\" rel=\"noopener\">oriflammes personnalis\u00e9s<\/a> (\u00e9galement appel\u00e9s beach flags) que vous pouvez placer tr\u00e8s facilement devant l\u2019entr\u00e9e de chaque lieu de vote. Pour renforcer l\u2019impact visuel, installez les par deux devant chaque \u00e9cole ou salle municipale temporairement d\u00e9di\u00e9e aux \u00e9lections.<br \/>Optez pour des visuels personnalis\u00e9s que vous pourrez r\u00e9utiliser \u00e0 d\u2019autres occasions ou, autre option possible, personnalisez vos visuels \u00e0 la date de l\u2019\u00e9v\u00e8nement et r\u00e9utilisez ult\u00e9rieurement vos structures pied+m\u00e2t avec de nouvelles voiles personnalis\u00e9es. L\u2019une des forces de ces supports est l\u2019interchangeabilit\u00e9 des visuels, facile et rapide aussi bien au niveau de votre commande (nos produits sont fabriqu\u00e9s en France et nous sommes tr\u00e8s r\u00e9actifs) que de la dur\u00e9e minimale de permutation des voiles (moins de 2 minutes).<br \/>Un autre point fort du beach flag ? Sa mobilit\u00e9 et la possibilit\u00e9 de l\u2019utiliser aussi bien \u00e0 l\u2019int\u00e9rieur des locaux qu\u2019\u00e0 l\u2019ext\u00e9rieur.<\/p><p>En compl\u00e9ment des beachflags, choisissez l\u2019une de nos nombreuses <a href=\"https:\/\/www.macapflag.com\/39-banderole-personnalisee\" target=\"_blank\" rel=\"noopener\">banderoles<\/a> en tissu, en PVC ou en intiss\u00e9. Confectionn\u00e9 aux dimensions de votre choix, ce support compl\u00e9mentaire est id\u00e9al pour un affichage sur un portail ou un grillage.<\/p><p>Autre solution de communication utile en ces temps d\u2019\u00e9lections, les <a href=\"https:\/\/www.macapflag.com\/72-habillage-de-barriere\" target=\"_blank\" rel=\"noopener\">habillages de barri\u00e8re<\/a> vauban, sur simple ou double face, avec fixation oeillets, ruflette ou velcros. Ces visuels habillent les barri\u00e8res vauban fr\u00e9quemment utilis\u00e9es pour canaliser la circulation aussi bien automobile que pi\u00e9tonne.<\/p><h3>Et indoor !<\/h3>\t\t\t\t\t\t\t\t<\/div>\n\t\t\t\t<\/div>\n\t\t\t\t\t<\/div>\n\t\t<\/div>\n\t\t\t\t\t<\/div>\n\t\t<\/section>\n\t\t\t\t<section class=\"elementor-section elementor-top-section elementor-element elementor-element-45e74d1 elementor-section-boxed elementor-section-height-default elementor-section-height-default\" data-id=\"45e74d1\" data-element_type=\"section\">\n\t\t\t\t\t\t<div class=\"elementor-container elementor-column-gap-default\">\n\t\t\t\t\t<div class=\"elementor-column elementor-col-100 elementor-top-column elementor-element elementor-element-d19d5c0\" data-id=\"d19d5c0\" data-element_type=\"column\">\n\t\t\t<div class=\"elementor-widget-wrap elementor-element-populated\">\n\t\t\t\t\t\t<div class=\"elementor-element elementor-element-fea2bed elementor-widget elementor-widget-image\" data-id=\"fea2bed\" data-element_type=\"widget\" data-widget_type=\"image.default\">\n\t\t\t\t<div class=\"elementor-widget-container\">\n\t\t\t\t\t\t\t\t\t\t\t\t\t\t\t<img decoding=\"async\" width=\"700\" height=\"534\" src=\"https:\/\/www.macapflag.com\/blog\/wp-content\/uploads\/2026\/03\/elections-municipales-ce-week-end-on-vote-2.jpg\" class=\"attachment-large size-large wp-image-22271\" alt=\"Affichage int\u00e9rieur bureaux de vote\" srcset=\"https:\/\/www.macapflag.com\/blog\/wp-content\/uploads\/2026\/03\/elections-municipales-ce-week-end-on-vote-2.jpg 700w, https:\/\/www.macapflag.com\/blog\/wp-content\/uploads\/2026\/03\/elections-municipales-ce-week-end-on-vote-2-300x229.jpg 300w\" sizes=\"(max-width: 700px) 100vw, 700px\" \/>\t\t\t\t\t\t\t\t\t\t\t\t\t\t\t<\/div>\n\t\t\t\t<\/div>\n\t\t\t\t\t<\/div>\n\t\t<\/div>\n\t\t\t\t\t<\/div>\n\t\t<\/section>\n\t\t\t\t<section class=\"elementor-section elementor-top-section elementor-element elementor-element-7441bff elementor-section-boxed elementor-section-height-default elementor-section-height-default\" data-id=\"7441bff\" data-element_type=\"section\">\n\t\t\t\t\t\t<div class=\"elementor-container elementor-column-gap-default\">\n\t\t\t\t\t<div class=\"elementor-column elementor-col-100 elementor-top-column elementor-element elementor-element-959372a\" data-id=\"959372a\" data-element_type=\"column\">\n\t\t\t<div class=\"elementor-widget-wrap elementor-element-populated\">\n\t\t\t\t\t\t<div class=\"elementor-element elementor-element-f8e589e elementor-widget elementor-widget-text-editor\" data-id=\"f8e589e\" data-element_type=\"widget\" data-widget_type=\"text-editor.default\">\n\t\t\t\t<div class=\"elementor-widget-container\">\n\t\t\t\t\t\t\t\t\t<p>Pour aiguiller les personnes votantes vers les diff\u00e9rents isoloirs et, ou am\u00e9nager et d\u00e9corer les lieux de vote de mani\u00e8re temporaire, 1000 solutions sont possibles avec notamment le <a href=\"https:\/\/www.macapflag.com\/roll-up-plv-expo\/81-roll-up-standard-.html\" target=\"_blank\" rel=\"noopener\">roll up<\/a> ou le <a href=\"https:\/\/www.macapflag.com\/roll-up-plv-expo\/83-x-banner.html\" target=\"_blank\" rel=\"noopener\">x banner<\/a>, des supports<a href=\"https:\/\/www.macapflag.com\/59-roll-up-plv-expo\" target=\"_blank\" rel=\"noopener\"> display<\/a> ne n\u00e9cessitant aucune installation. L\u00e9gers, fonctionnels et d\u00e9pla\u00e7ables en un clin d\u2019\u0153il, ils sont \u00e9galement tr\u00e8s \u00e9conomiques.<br \/>Choisissez votre x banner ou votre roll up pas cher dans notre gamme de supports display.<\/p>\t\t\t\t\t\t\t\t<\/div>\n\t\t\t\t<\/div>\n\t\t\t\t\t<\/div>\n\t\t<\/div>\n\t\t\t\t\t<\/div>\n\t\t<\/section>\n\t\t\t\t<section class=\"elementor-section elementor-top-section elementor-element elementor-element-0055f09 elementor-section-boxed elementor-section-height-default elementor-section-height-default\" data-id=\"0055f09\" data-element_type=\"section\">\n\t\t\t\t\t\t<div class=\"elementor-container elementor-column-gap-default\">\n\t\t\t\t\t<div class=\"elementor-column elementor-col-100 elementor-top-column elementor-element elementor-element-8e97802\" data-id=\"8e97802\" data-element_type=\"column\">\n\t\t\t<div class=\"elementor-widget-wrap elementor-element-populated\">\n\t\t\t\t\t\t<div class=\"elementor-element elementor-element-f2546ef elementor-widget elementor-widget-image\" data-id=\"f2546ef\" data-element_type=\"widget\" data-widget_type=\"image.default\">\n\t\t\t\t<div class=\"elementor-widget-container\">\n\t\t\t\t\t\t\t\t\t\t\t\t\t\t\t<img decoding=\"async\" width=\"700\" height=\"534\" src=\"https:\/\/www.macapflag.com\/blog\/wp-content\/uploads\/2026\/03\/elections-municipales-ce-week-end-on-vote-3.jpg\" class=\"attachment-large size-large wp-image-22272\" alt=\"Am\u00e9nagement bureaux de vote communes\" srcset=\"https:\/\/www.macapflag.com\/blog\/wp-content\/uploads\/2026\/03\/elections-municipales-ce-week-end-on-vote-3.jpg 700w, https:\/\/www.macapflag.com\/blog\/wp-content\/uploads\/2026\/03\/elections-municipales-ce-week-end-on-vote-3-300x229.jpg 300w\" sizes=\"(max-width: 700px) 100vw, 700px\" \/>\t\t\t\t\t\t\t\t\t\t\t\t\t\t\t<\/div>\n\t\t\t\t<\/div>\n\t\t\t\t\t<\/div>\n\t\t<\/div>\n\t\t\t\t\t<\/div>\n\t\t<\/section>\n\t\t\t\t<section class=\"elementor-section elementor-top-section elementor-element elementor-element-a6bed91 elementor-section-boxed elementor-section-height-default elementor-section-height-default\" data-id=\"a6bed91\" data-element_type=\"section\">\n\t\t\t\t\t\t<div class=\"elementor-container elementor-column-gap-default\">\n\t\t\t\t\t<div class=\"elementor-column elementor-col-100 elementor-top-column elementor-element elementor-element-973b5b9\" data-id=\"973b5b9\" data-element_type=\"column\">\n\t\t\t<div class=\"elementor-widget-wrap elementor-element-populated\">\n\t\t\t\t\t\t<div class=\"elementor-element elementor-element-9690c63 elementor-widget elementor-widget-text-editor\" data-id=\"9690c63\" data-element_type=\"widget\" data-widget_type=\"text-editor.default\">\n\t\t\t\t<div class=\"elementor-widget-container\">\n\t\t\t\t\t\t\t\t\t<p>Optez \u00e9galement pour le beach flag d\u00e9clin\u00e9 dans sa version <a href=\"https:\/\/www.macapflag.com\/beach-flag-oriflamme\/239-beach-flag-oriflamme-light-kit-complet.html\" target=\"_blank\" rel=\"noopener\">light<\/a> pour une utilisation en int\u00e9rieur. Un kit m\u00e2t+pied+voile vendu dans sa housse de transport avec un m\u00e2t d\u2019une hauteur de 2.30 m\u00e8tres et une voile aux dimensions de 180 x 40 cm.<\/p><p>Pour recouvrir vos tables, adoptez la nappe personnalis\u00e9e. Imprim\u00e9e sur l\u2019ensemble de sa surface ou partiellement, elle peut \u00eatre fabriqu\u00e9e en tissu intiss\u00e9 ou en textile polyester aux dimensions et forme de votre choix.<\/p><p>Pour des \u00e9l\u00e9ments de d\u00e9coration et d\u2019am\u00e9nagement plus p\u00e9rennes, pensez au <a href=\"https:\/\/www.macapflag.com\/34-kakemono-suspendu\" target=\"_blank\" rel=\"noopener\">kak\u00e9mono suspendu<\/a> ou encore au <a href=\"https:\/\/www.macapflag.com\/117-cadre-toile-tendue\" target=\"_blank\" rel=\"noopener\">cadre toile tendue<\/a>, des produits sur-mesures capables d\u2019habiller des espaces de toutes tailles.<\/p><p>Depuis plus de 55 ans, <a href=\"https:\/\/www.macapflag.com\/\" target=\"_blank\" rel=\"noopener\">Macap<\/a> travaille en \u00e9troite collaboration avec les mairies, collectivit\u00e9s et ambassades du monde entier, pour honorer leurs commandes de drapeaux mais aussi pour r\u00e9pondre \u00e0 leurs besoins de supports de communication institutionnelle et officielle.<\/p><p><strong>Retrouvez sur notre site internet l&#8217;ensemble des <a href=\"https:\/\/www.macapflag.com\/content\/58-elections-2026-une-communication-gagnante\" target=\"_blank\" rel=\"noopener\">supports Elections municipales<\/a> \u00e0 acheter directement en ligne au prix fabricant.<\/strong><\/p>\t\t\t\t\t\t\t\t<\/div>\n\t\t\t\t<\/div>\n\t\t\t\t\t<\/div>\n\t\t<\/div>\n\t\t\t\t\t<\/div>\n\t\t<\/section>\n\t\t\t\t<\/div>\n\t\t","protected":false},"excerpt":{"rendered":"<div class=\"tmnf_excerpt\"><p>Ce week-end du 15 mars et le week-end du 22 mars 2026 sont les dates officiellement fix\u00e9es pour les \u00e9lections municipales fran\u00e7aises.\u00a0\u00a0 Un peu d&#8217;histoire &#8230; C\u2019est au cours de la r\u00e9volution fran\u00e7aise de 1789 que les municipalit\u00e9s voient le jour. Un d\u00e9cret du 14 d\u00e9cembre 1789 organise les premi\u00e8res \u00e9lections municipales qui auront lieu &hellip;<\/p>\n<\/div>","protected":false},"author":2,"featured_media":22446,"comment_status":"closed","ping_status":"open","sticky":false,"template":"template-fullwidth.php","format":"standard","meta":{"footnotes":""},"categories":[92],"tags":[],"class_list":["post-4695","post","type-post","status-publish","format-standard","has-post-thumbnail","hentry","category-news"],"yoast_head":"<!-- This site is optimized with the Yoast SEO plugin v26.4 - https:\/\/yoast.com\/wordpress\/plugins\/seo\/ -->\n<title>Ce week end on vote pour les \u00e9lections municipales<\/title>\n<meta name=\"description\" content=\"Ce week end et le suivant sont les dates officiellement fix\u00e9es pour les \u00e9lections municipales fran\u00e7aises. Macap accompagne les communes\" \/>\n<meta name=\"robots\" content=\"index, follow, max-snippet:-1, max-image-preview:large, max-video-preview:-1\" \/>\n<link rel=\"canonical\" href=\"https:\/\/www.macapflag.com\/blog\/elections-municipales\/\" \/>\n<meta property=\"og:locale\" content=\"fr_FR\" \/>\n<meta property=\"og:type\" content=\"article\" \/>\n<meta property=\"og:title\" content=\"Ce week end on vote pour les \u00e9lections municipales\" \/>\n<meta property=\"og:description\" content=\"Ce week end et le suivant sont les dates officiellement fix\u00e9es pour les \u00e9lections municipales fran\u00e7aises. Macap accompagne les communes\" \/>\n<meta property=\"og:url\" content=\"https:\/\/www.macapflag.com\/blog\/elections-municipales\/\" \/>\n<meta property=\"og:site_name\" content=\"Blog - Macap\" \/>\n<meta property=\"article:publisher\" content=\"https:\/\/www.facebook.com\/macap.pavoisement\/\" \/>\n<meta property=\"article:published_time\" content=\"2026-03-11T07:01:30+00:00\" \/>\n<meta property=\"article:modified_time\" content=\"2026-03-12T08:09:12+00:00\" \/>\n<meta property=\"og:image\" content=\"https:\/\/www.macapflag.com\/blog\/wp-content\/uploads\/2026\/03\/elections-municipales-ce-week-end-on-vote-TITRE.jpg\" \/>\n\t<meta property=\"og:image:width\" content=\"870\" \/>\n\t<meta property=\"og:image:height\" content=\"600\" \/>\n\t<meta property=\"og:image:type\" content=\"image\/jpeg\" \/>\n<meta name=\"author\" content=\"Blog Macap\" \/>\n<meta name=\"twitter:card\" content=\"summary_large_image\" \/>\n<meta name=\"twitter:label1\" content=\"\u00c9crit par\" \/>\n\t<meta name=\"twitter:data1\" content=\"Blog Macap\" \/>\n\t<meta name=\"twitter:label2\" content=\"Dur\u00e9e de lecture estim\u00e9e\" \/>\n\t<meta name=\"twitter:data2\" content=\"5 minutes\" \/>\n<script type=\"application\/ld+json\" class=\"yoast-schema-graph\">{\"@context\":\"https:\/\/schema.org\",\"@graph\":[{\"@type\":\"Article\",\"@id\":\"https:\/\/www.macapflag.com\/blog\/elections-municipales\/#article\",\"isPartOf\":{\"@id\":\"https:\/\/www.macapflag.com\/blog\/elections-municipales\/\"},\"author\":{\"name\":\"Blog Macap\",\"@id\":\"https:\/\/www.macapflag.com\/blog\/#\/schema\/person\/3fea701f2603875e651e6b662578fc3c\"},\"headline\":\"Elections municipales, ce week-end on vote !\",\"datePublished\":\"2026-03-11T07:01:30+00:00\",\"dateModified\":\"2026-03-12T08:09:12+00:00\",\"mainEntityOfPage\":{\"@id\":\"https:\/\/www.macapflag.com\/blog\/elections-municipales\/\"},\"wordCount\":783,\"publisher\":{\"@id\":\"https:\/\/www.macapflag.com\/blog\/#organization\"},\"image\":{\"@id\":\"https:\/\/www.macapflag.com\/blog\/elections-municipales\/#primaryimage\"},\"thumbnailUrl\":\"https:\/\/www.macapflag.com\/blog\/wp-content\/uploads\/2026\/03\/elections-municipales-ce-week-end-on-vote-TITRE.jpg\",\"articleSection\":[\"News &amp; Actu\"],\"inLanguage\":\"fr-FR\"},{\"@type\":\"WebPage\",\"@id\":\"https:\/\/www.macapflag.com\/blog\/elections-municipales\/\",\"url\":\"https:\/\/www.macapflag.com\/blog\/elections-municipales\/\",\"name\":\"Ce week end on vote pour les \u00e9lections municipales\",\"isPartOf\":{\"@id\":\"https:\/\/www.macapflag.com\/blog\/#website\"},\"primaryImageOfPage\":{\"@id\":\"https:\/\/www.macapflag.com\/blog\/elections-municipales\/#primaryimage\"},\"image\":{\"@id\":\"https:\/\/www.macapflag.com\/blog\/elections-municipales\/#primaryimage\"},\"thumbnailUrl\":\"https:\/\/www.macapflag.com\/blog\/wp-content\/uploads\/2026\/03\/elections-municipales-ce-week-end-on-vote-TITRE.jpg\",\"datePublished\":\"2026-03-11T07:01:30+00:00\",\"dateModified\":\"2026-03-12T08:09:12+00:00\",\"description\":\"Ce week end et le suivant sont les dates officiellement fix\u00e9es pour les \u00e9lections municipales fran\u00e7aises. Macap accompagne les communes\",\"breadcrumb\":{\"@id\":\"https:\/\/www.macapflag.com\/blog\/elections-municipales\/#breadcrumb\"},\"inLanguage\":\"fr-FR\",\"potentialAction\":[{\"@type\":\"ReadAction\",\"target\":[\"https:\/\/www.macapflag.com\/blog\/elections-municipales\/\"]}]},{\"@type\":\"ImageObject\",\"inLanguage\":\"fr-FR\",\"@id\":\"https:\/\/www.macapflag.com\/blog\/elections-municipales\/#primaryimage\",\"url\":\"https:\/\/www.macapflag.com\/blog\/wp-content\/uploads\/2026\/03\/elections-municipales-ce-week-end-on-vote-TITRE.jpg\",\"contentUrl\":\"https:\/\/www.macapflag.com\/blog\/wp-content\/uploads\/2026\/03\/elections-municipales-ce-week-end-on-vote-TITRE.jpg\",\"width\":870,\"height\":600,\"caption\":\"Elections municipales vote du weekend\"},{\"@type\":\"BreadcrumbList\",\"@id\":\"https:\/\/www.macapflag.com\/blog\/elections-municipales\/#breadcrumb\",\"itemListElement\":[{\"@type\":\"ListItem\",\"position\":1,\"name\":\"Accueil\",\"item\":\"https:\/\/www.macapflag.com\/blog\/\"},{\"@type\":\"ListItem\",\"position\":2,\"name\":\"Elections municipales, ce week-end on vote !\"}]},{\"@type\":\"WebSite\",\"@id\":\"https:\/\/www.macapflag.com\/blog\/#website\",\"url\":\"https:\/\/www.macapflag.com\/blog\/\",\"name\":\"Blog - Macap\",\"description\":\"Tous nos articles\",\"publisher\":{\"@id\":\"https:\/\/www.macapflag.com\/blog\/#organization\"},\"potentialAction\":[{\"@type\":\"SearchAction\",\"target\":{\"@type\":\"EntryPoint\",\"urlTemplate\":\"https:\/\/www.macapflag.com\/blog\/?s={search_term_string}\"},\"query-input\":{\"@type\":\"PropertyValueSpecification\",\"valueRequired\":true,\"valueName\":\"search_term_string\"}}],\"inLanguage\":\"fr-FR\"},{\"@type\":\"Organization\",\"@id\":\"https:\/\/www.macapflag.com\/blog\/#organization\",\"name\":\"macapflag\",\"url\":\"https:\/\/www.macapflag.com\/blog\/\",\"logo\":{\"@type\":\"ImageObject\",\"inLanguage\":\"fr-FR\",\"@id\":\"https:\/\/www.macapflag.com\/blog\/#\/schema\/logo\/image\/\",\"url\":\"https:\/\/www.macapflag.com\/blog\/wp-content\/uploads\/2020\/12\/cropped-M-512-1.png\",\"contentUrl\":\"https:\/\/www.macapflag.com\/blog\/wp-content\/uploads\/2020\/12\/cropped-M-512-1.png\",\"width\":512,\"height\":512,\"caption\":\"macapflag\"},\"image\":{\"@id\":\"https:\/\/www.macapflag.com\/blog\/#\/schema\/logo\/image\/\"},\"sameAs\":[\"https:\/\/www.facebook.com\/macap.pavoisement\/\",\"https:\/\/www.instagram.com\/macapflag\/?hl=fr\",\"https:\/\/www.linkedin.com\/company\/macap\/?originalSubdomain=fr\",\"https:\/\/www.youtube.com\/channel\/UCXNzTIdZh9poEBjSXEqDtNw\"]},{\"@type\":\"Person\",\"@id\":\"https:\/\/www.macapflag.com\/blog\/#\/schema\/person\/3fea701f2603875e651e6b662578fc3c\",\"name\":\"Blog Macap\",\"image\":{\"@type\":\"ImageObject\",\"inLanguage\":\"fr-FR\",\"@id\":\"https:\/\/www.macapflag.com\/blog\/#\/schema\/person\/image\/\",\"url\":\"https:\/\/secure.gravatar.com\/avatar\/c12551f2dc51f0db049633b03e7856985477a70da834cc8967dea4ce54bdd6a2?s=96&d=mm&r=g\",\"contentUrl\":\"https:\/\/secure.gravatar.com\/avatar\/c12551f2dc51f0db049633b03e7856985477a70da834cc8967dea4ce54bdd6a2?s=96&d=mm&r=g\",\"caption\":\"Blog Macap\"},\"url\":\"https:\/\/www.macapflag.com\/blog\/author\/macap\/\"}]}<\/script>\n<!-- \/ Yoast SEO plugin. -->","yoast_head_json":{"title":"Ce week end on vote pour les \u00e9lections municipales","description":"Ce week end et le suivant sont les dates officiellement fix\u00e9es pour les \u00e9lections municipales fran\u00e7aises. Macap accompagne les communes","robots":{"index":"index","follow":"follow","max-snippet":"max-snippet:-1","max-image-preview":"max-image-preview:large","max-video-preview":"max-video-preview:-1"},"canonical":"https:\/\/www.macapflag.com\/blog\/elections-municipales\/","og_locale":"fr_FR","og_type":"article","og_title":"Ce week end on vote pour les \u00e9lections municipales","og_description":"Ce week end et le suivant sont les dates officiellement fix\u00e9es pour les \u00e9lections municipales fran\u00e7aises. Macap accompagne les communes","og_url":"https:\/\/www.macapflag.com\/blog\/elections-municipales\/","og_site_name":"Blog - Macap","article_publisher":"https:\/\/www.facebook.com\/macap.pavoisement\/","article_published_time":"2026-03-11T07:01:30+00:00","article_modified_time":"2026-03-12T08:09:12+00:00","og_image":[{"width":870,"height":600,"url":"https:\/\/www.macapflag.com\/blog\/wp-content\/uploads\/2026\/03\/elections-municipales-ce-week-end-on-vote-TITRE.jpg","type":"image\/jpeg"}],"author":"Blog Macap","twitter_card":"summary_large_image","twitter_misc":{"\u00c9crit par":"Blog Macap","Dur\u00e9e de lecture estim\u00e9e":"5 minutes"},"schema":{"@context":"https:\/\/schema.org","@graph":[{"@type":"Article","@id":"https:\/\/www.macapflag.com\/blog\/elections-municipales\/#article","isPartOf":{"@id":"https:\/\/www.macapflag.com\/blog\/elections-municipales\/"},"author":{"name":"Blog Macap","@id":"https:\/\/www.macapflag.com\/blog\/#\/schema\/person\/3fea701f2603875e651e6b662578fc3c"},"headline":"Elections municipales, ce week-end on vote !","datePublished":"2026-03-11T07:01:30+00:00","dateModified":"2026-03-12T08:09:12+00:00","mainEntityOfPage":{"@id":"https:\/\/www.macapflag.com\/blog\/elections-municipales\/"},"wordCount":783,"publisher":{"@id":"https:\/\/www.macapflag.com\/blog\/#organization"},"image":{"@id":"https:\/\/www.macapflag.com\/blog\/elections-municipales\/#primaryimage"},"thumbnailUrl":"https:\/\/www.macapflag.com\/blog\/wp-content\/uploads\/2026\/03\/elections-municipales-ce-week-end-on-vote-TITRE.jpg","articleSection":["News &amp; Actu"],"inLanguage":"fr-FR"},{"@type":"WebPage","@id":"https:\/\/www.macapflag.com\/blog\/elections-municipales\/","url":"https:\/\/www.macapflag.com\/blog\/elections-municipales\/","name":"Ce week end on vote pour les \u00e9lections municipales","isPartOf":{"@id":"https:\/\/www.macapflag.com\/blog\/#website"},"primaryImageOfPage":{"@id":"https:\/\/www.macapflag.com\/blog\/elections-municipales\/#primaryimage"},"image":{"@id":"https:\/\/www.macapflag.com\/blog\/elections-municipales\/#primaryimage"},"thumbnailUrl":"https:\/\/www.macapflag.com\/blog\/wp-content\/uploads\/2026\/03\/elections-municipales-ce-week-end-on-vote-TITRE.jpg","datePublished":"2026-03-11T07:01:30+00:00","dateModified":"2026-03-12T08:09:12+00:00","description":"Ce week end et le suivant sont les dates officiellement fix\u00e9es pour les \u00e9lections municipales fran\u00e7aises. Macap accompagne les communes","breadcrumb":{"@id":"https:\/\/www.macapflag.com\/blog\/elections-municipales\/#breadcrumb"},"inLanguage":"fr-FR","potentialAction":[{"@type":"ReadAction","target":["https:\/\/www.macapflag.com\/blog\/elections-municipales\/"]}]},{"@type":"ImageObject","inLanguage":"fr-FR","@id":"https:\/\/www.macapflag.com\/blog\/elections-municipales\/#primaryimage","url":"https:\/\/www.macapflag.com\/blog\/wp-content\/uploads\/2026\/03\/elections-municipales-ce-week-end-on-vote-TITRE.jpg","contentUrl":"https:\/\/www.macapflag.com\/blog\/wp-content\/uploads\/2026\/03\/elections-municipales-ce-week-end-on-vote-TITRE.jpg","width":870,"height":600,"caption":"Elections municipales vote du weekend"},{"@type":"BreadcrumbList","@id":"https:\/\/www.macapflag.com\/blog\/elections-municipales\/#breadcrumb","itemListElement":[{"@type":"ListItem","position":1,"name":"Accueil","item":"https:\/\/www.macapflag.com\/blog\/"},{"@type":"ListItem","position":2,"name":"Elections municipales, ce week-end on vote !"}]},{"@type":"WebSite","@id":"https:\/\/www.macapflag.com\/blog\/#website","url":"https:\/\/www.macapflag.com\/blog\/","name":"Blog - Macap","description":"Tous nos articles","publisher":{"@id":"https:\/\/www.macapflag.com\/blog\/#organization"},"potentialAction":[{"@type":"SearchAction","target":{"@type":"EntryPoint","urlTemplate":"https:\/\/www.macapflag.com\/blog\/?s={search_term_string}"},"query-input":{"@type":"PropertyValueSpecification","valueRequired":true,"valueName":"search_term_string"}}],"inLanguage":"fr-FR"},{"@type":"Organization","@id":"https:\/\/www.macapflag.com\/blog\/#organization","name":"macapflag","url":"https:\/\/www.macapflag.com\/blog\/","logo":{"@type":"ImageObject","inLanguage":"fr-FR","@id":"https:\/\/www.macapflag.com\/blog\/#\/schema\/logo\/image\/","url":"https:\/\/www.macapflag.com\/blog\/wp-content\/uploads\/2020\/12\/cropped-M-512-1.png","contentUrl":"https:\/\/www.macapflag.com\/blog\/wp-content\/uploads\/2020\/12\/cropped-M-512-1.png","width":512,"height":512,"caption":"macapflag"},"image":{"@id":"https:\/\/www.macapflag.com\/blog\/#\/schema\/logo\/image\/"},"sameAs":["https:\/\/www.facebook.com\/macap.pavoisement\/","https:\/\/www.instagram.com\/macapflag\/?hl=fr","https:\/\/www.linkedin.com\/company\/macap\/?originalSubdomain=fr","https:\/\/www.youtube.com\/channel\/UCXNzTIdZh9poEBjSXEqDtNw"]},{"@type":"Person","@id":"https:\/\/www.macapflag.com\/blog\/#\/schema\/person\/3fea701f2603875e651e6b662578fc3c","name":"Blog Macap","image":{"@type":"ImageObject","inLanguage":"fr-FR","@id":"https:\/\/www.macapflag.com\/blog\/#\/schema\/person\/image\/","url":"https:\/\/secure.gravatar.com\/avatar\/c12551f2dc51f0db049633b03e7856985477a70da834cc8967dea4ce54bdd6a2?s=96&d=mm&r=g","contentUrl":"https:\/\/secure.gravatar.com\/avatar\/c12551f2dc51f0db049633b03e7856985477a70da834cc8967dea4ce54bdd6a2?s=96&d=mm&r=g","caption":"Blog Macap"},"url":"https:\/\/www.macapflag.com\/blog\/author\/macap\/"}]}},"_links":{"self":[{"href":"https:\/\/www.macapflag.com\/blog\/wp-json\/wp\/v2\/posts\/4695","targetHints":{"allow":["GET"]}}],"collection":[{"href":"https:\/\/www.macapflag.com\/blog\/wp-json\/wp\/v2\/posts"}],"about":[{"href":"https:\/\/www.macapflag.com\/blog\/wp-json\/wp\/v2\/types\/post"}],"author":[{"embeddable":true,"href":"https:\/\/www.macapflag.com\/blog\/wp-json\/wp\/v2\/users\/2"}],"replies":[{"embeddable":true,"href":"https:\/\/www.macapflag.com\/blog\/wp-json\/wp\/v2\/comments?post=4695"}],"version-history":[{"count":12,"href":"https:\/\/www.macapflag.com\/blog\/wp-json\/wp\/v2\/posts\/4695\/revisions"}],"predecessor-version":[{"id":22447,"href":"https:\/\/www.macapflag.com\/blog\/wp-json\/wp\/v2\/posts\/4695\/revisions\/22447"}],"wp:featuredmedia":[{"embeddable":true,"href":"https:\/\/www.macapflag.com\/blog\/wp-json\/wp\/v2\/media\/22446"}],"wp:attachment":[{"href":"https:\/\/www.macapflag.com\/blog\/wp-json\/wp\/v2\/media?parent=4695"}],"wp:term":[{"taxonomy":"category","embeddable":true,"href":"https:\/\/www.macapflag.com\/blog\/wp-json\/wp\/v2\/categories?post=4695"},{"taxonomy":"post_tag","embeddable":true,"href":"https:\/\/www.macapflag.com\/blog\/wp-json\/wp\/v2\/tags?post=4695"}],"curies":[{"name":"wp","href":"https:\/\/api.w.org\/{rel}","templated":true}]}}