{"id":4886,"date":"2020-05-28T09:08:25","date_gmt":"2020-05-28T07:08:25","guid":{"rendered":"https:\/\/www.macapflag.com\/blog\/?p=4886"},"modified":"2021-02-23T16:35:11","modified_gmt":"2021-02-23T15:35:11","slug":"subvention-covid-19","status":"publish","type":"post","link":"https:\/\/www.macapflag.com\/blog\/subvention-covid-19\/","title":{"rendered":"Prime de 50 % de vos investissements pour l\u2019achat d\u2019\u00e9quipements de protection du COVID-19"},"content":{"rendered":"\t\t<div data-elementor-type=\"wp-post\" data-elementor-id=\"4886\" class=\"elementor elementor-4886\">\n\t\t\t\t\t\t<section class=\"elementor-section elementor-top-section elementor-element elementor-element-a48f879 elementor-section-boxed elementor-section-height-default elementor-section-height-default\" data-id=\"a48f879\" data-element_type=\"section\">\n\t\t\t\t\t\t<div class=\"elementor-container elementor-column-gap-default\">\n\t\t\t\t\t<div class=\"elementor-column elementor-col-100 elementor-top-column elementor-element elementor-element-438a105\" data-id=\"438a105\" data-element_type=\"column\">\n\t\t\t<div class=\"elementor-widget-wrap elementor-element-populated\">\n\t\t\t\t\t\t<div class=\"elementor-element elementor-element-473fa8c elementor-widget elementor-widget-text-editor\" data-id=\"473fa8c\" data-element_type=\"widget\" data-widget_type=\"text-editor.default\">\n\t\t\t\t<div class=\"elementor-widget-container\">\n\t\t\t\t\t\t\t\t\t<p><span style=\"font-size: 18pt; color: #000000;\">Pour aider les TPE et PME, l\u2019Assurance Maladie \u2013 Risques professionnels vous offre une subvention &#8220;Pr\u00e9vention COVID&#8221; pour vos investissements de vos \u00e9quipements de protection, allant jusqu\u2019\u00e0 50 % dans une limite de 5.000 euros. Cependant le budget d\u00e9di\u00e9 \u00e0 la subvention par l\u2019Assurance Maladie est limit\u00e9e dans son montant, dans sa dur\u00e9e et par de nombreux crit\u00e8res.\u00a0<\/span><\/p><p><span style=\"font-size: 18pt; color: #000000;\">Macap, producteur de signal\u00e9tique Covid 19 \u00e9ligible \u00e0 la subvention, vous accompagne dans la constitution de votre demande.<\/span><\/p>\t\t\t\t\t\t\t\t<\/div>\n\t\t\t\t<\/div>\n\t\t\t\t\t<\/div>\n\t\t<\/div>\n\t\t\t\t\t<\/div>\n\t\t<\/section>\n\t\t\t\t<section class=\"elementor-section elementor-top-section elementor-element elementor-element-ccc8f76 elementor-section-boxed elementor-section-height-default elementor-section-height-default\" data-id=\"ccc8f76\" data-element_type=\"section\">\n\t\t\t\t\t\t<div class=\"elementor-container elementor-column-gap-default\">\n\t\t\t\t\t<div class=\"elementor-column elementor-col-100 elementor-top-column elementor-element elementor-element-b4f8898\" data-id=\"b4f8898\" data-element_type=\"column\">\n\t\t\t<div class=\"elementor-widget-wrap elementor-element-populated\">\n\t\t\t\t\t\t<div class=\"elementor-element elementor-element-0505faf elementor-invisible elementor-widget elementor-widget-text-editor\" data-id=\"0505faf\" data-element_type=\"widget\" data-settings=\"{&quot;_animation&quot;:&quot;zoomIn&quot;}\" data-widget_type=\"text-editor.default\">\n\t\t\t\t<div class=\"elementor-widget-container\">\n\t\t\t\t\t\t\t\t\t<h2><span style=\"color: #ff9900;\"><span style=\"font-size: 32px;\"><span style=\"font-weight: bold;\">\u00caTES-VOUS\u00a0<\/span><\/span><span style=\"font-size: 32px;\"><b>\u00c9<\/b><\/span><span style=\"font-size: 32px;\"><span style=\"font-weight: bold;\">LIGIBLE A LA PRIME ?<\/span><\/span><\/span><\/h2>\t\t\t\t\t\t\t\t<\/div>\n\t\t\t\t<\/div>\n\t\t\t\t\t<\/div>\n\t\t<\/div>\n\t\t\t\t\t<\/div>\n\t\t<\/section>\n\t\t\t\t<section class=\"elementor-section elementor-top-section elementor-element elementor-element-1dafb5b elementor-section-boxed elementor-section-height-default elementor-section-height-default\" data-id=\"1dafb5b\" data-element_type=\"section\">\n\t\t\t\t\t\t<div class=\"elementor-container elementor-column-gap-default\">\n\t\t\t\t\t<div class=\"elementor-column elementor-col-100 elementor-top-column elementor-element elementor-element-c2ac3bd\" data-id=\"c2ac3bd\" data-element_type=\"column\">\n\t\t\t<div class=\"elementor-widget-wrap elementor-element-populated\">\n\t\t\t\t\t\t<div class=\"elementor-element elementor-element-4e7e852 elementor-widget elementor-widget-image\" data-id=\"4e7e852\" data-element_type=\"widget\" data-widget_type=\"image.default\">\n\t\t\t\t<div class=\"elementor-widget-container\">\n\t\t\t\t\t\t\t\t\t\t\t\t\t\t\t<img fetchpriority=\"high\" decoding=\"async\" width=\"700\" height=\"534\" src=\"https:\/\/www.macapflag.com\/blog\/wp-content\/uploads\/2020\/05\/subvention-prev-covid19-AB-2.gif\" class=\"attachment-large size-large wp-image-4978\" alt=\"\" \/>\t\t\t\t\t\t\t\t\t\t\t\t\t\t\t<\/div>\n\t\t\t\t<\/div>\n\t\t\t\t\t<\/div>\n\t\t<\/div>\n\t\t\t\t\t<\/div>\n\t\t<\/section>\n\t\t\t\t<section class=\"elementor-section elementor-top-section elementor-element elementor-element-2fed2cc elementor-section-boxed elementor-section-height-default elementor-section-height-default\" data-id=\"2fed2cc\" data-element_type=\"section\">\n\t\t\t\t\t\t<div class=\"elementor-container elementor-column-gap-default\">\n\t\t\t\t\t<div class=\"elementor-column elementor-col-100 elementor-top-column elementor-element elementor-element-96dd746\" data-id=\"96dd746\" data-element_type=\"column\">\n\t\t\t<div class=\"elementor-widget-wrap elementor-element-populated\">\n\t\t\t\t\t\t<div class=\"elementor-element elementor-element-7be6858 elementor-widget elementor-widget-text-editor\" data-id=\"7be6858\" data-element_type=\"widget\" data-widget_type=\"text-editor.default\">\n\t\t\t\t<div class=\"elementor-widget-container\">\n\t\t\t\t\t\t\t\t\t<p><span style=\"font-size: 14pt; color: #000000;\"><span style=\"font-size: 18pt;\"><strong>1 &#8211; Votre entreprise compte de 1 \u00e0 49 salari\u00e9s<\/strong>\u00a0<\/span><br \/>Prenez en compte les crit\u00e8res d\u2019\u00e9ligibilit\u00e9 : cf. article 3 des conditions g\u00e9n\u00e9rales d&#8217;attribution<\/span><span style=\"color: #000000;\"><span style=\"font-size: 14pt;\"> <br \/><\/span><\/span><\/p><p><span style=\"font-size: 14pt; color: #000000;\"><strong><span style=\"font-size: 18pt;\">2 &#8211; Vous \u00eates travailleur ind\u00e9pendant (sans salari\u00e9s) d\u00e9pendant du r\u00e9gime g\u00e9n\u00e9ral<\/span><\/strong><br \/>Prenez en compte les crit\u00e8res d\u2019\u00e9ligibilit\u00e9 : cf. article 3 des conditions g\u00e9n\u00e9rales d&#8217;attribution<\/span><\/p><div><span style=\"font-size: 14pt; color: #000000;\">\u00a0<strong>Exclusion :<\/strong> \u00e9tablissements couverts par la fonction publique territoriale ou la fonction publique hospitali\u00e8re<\/span><\/div>\t\t\t\t\t\t\t\t<\/div>\n\t\t\t\t<\/div>\n\t\t\t\t\t<\/div>\n\t\t<\/div>\n\t\t\t\t\t<\/div>\n\t\t<\/section>\n\t\t\t\t<section class=\"elementor-section elementor-top-section elementor-element elementor-element-638da53 elementor-section-boxed elementor-section-height-default elementor-section-height-default\" data-id=\"638da53\" data-element_type=\"section\">\n\t\t\t\t\t\t<div class=\"elementor-container elementor-column-gap-default\">\n\t\t\t\t\t<div class=\"elementor-column elementor-col-100 elementor-top-column elementor-element elementor-element-3d4f8ec\" data-id=\"3d4f8ec\" data-element_type=\"column\">\n\t\t\t<div class=\"elementor-widget-wrap elementor-element-populated\">\n\t\t\t\t\t\t<div class=\"elementor-element elementor-element-d202d51 elementor-invisible elementor-widget elementor-widget-text-editor\" data-id=\"d202d51\" data-element_type=\"widget\" data-settings=\"{&quot;_animation&quot;:&quot;zoomIn&quot;}\" data-widget_type=\"text-editor.default\">\n\t\t\t\t<div class=\"elementor-widget-container\">\n\t\t\t\t\t\t\t\t\t<h2 style=\"text-align: left;\"><span style=\"font-size: 32px; color: #ff9900;\"><b>QUELS SONT LES MONTANTS, D\u00c9LAIS ET MESURES FINANC\u00c9S ?<\/b><\/span><\/h2>\t\t\t\t\t\t\t\t<\/div>\n\t\t\t\t<\/div>\n\t\t\t\t\t<\/div>\n\t\t<\/div>\n\t\t\t\t\t<\/div>\n\t\t<\/section>\n\t\t\t\t<section class=\"elementor-section elementor-top-section elementor-element elementor-element-daca99f elementor-section-boxed elementor-section-height-default elementor-section-height-default\" data-id=\"daca99f\" data-element_type=\"section\">\n\t\t\t\t\t\t<div class=\"elementor-container elementor-column-gap-default\">\n\t\t\t\t\t<div class=\"elementor-column elementor-col-100 elementor-top-column elementor-element elementor-element-da5f046\" data-id=\"da5f046\" data-element_type=\"column\">\n\t\t\t<div class=\"elementor-widget-wrap\">\n\t\t\t\t\t\t\t<\/div>\n\t\t<\/div>\n\t\t\t\t\t<\/div>\n\t\t<\/section>\n\t\t\t\t<section class=\"elementor-section elementor-top-section elementor-element elementor-element-3ab3d00 elementor-section-boxed elementor-section-height-default elementor-section-height-default\" data-id=\"3ab3d00\" data-element_type=\"section\">\n\t\t\t\t\t\t<div class=\"elementor-container elementor-column-gap-default\">\n\t\t\t\t\t<div class=\"elementor-column elementor-col-100 elementor-top-column elementor-element elementor-element-5170750\" data-id=\"5170750\" data-element_type=\"column\">\n\t\t\t<div class=\"elementor-widget-wrap elementor-element-populated\">\n\t\t\t\t\t\t<div class=\"elementor-element elementor-element-9c0149e elementor-widget elementor-widget-text-editor\" data-id=\"9c0149e\" data-element_type=\"widget\" data-widget_type=\"text-editor.default\">\n\t\t\t\t<div class=\"elementor-widget-container\">\n\t\t\t\t\t\t\t\t\t<p><strong><span style=\"font-size: 18pt; color: #000000;\">1 &#8211; <\/span><\/strong><span style=\"font-size: 18pt; color: #000000;\">Les achats ou locations r\u00e9alis\u00e9es du <\/span><strong><span style=\"font-size: 18pt; color: #000000;\">14 mars au 31 juillet 2020.<\/span><\/strong><\/p><p><strong><span style=\"font-size: 18pt;\"><span style=\"color: #000000;\">2 &#8211;\u00a0<\/span><\/span><\/strong><span style=\"font-size: 18pt;\"><span style=\"color: #000000;\">La subvention correspond \u00e0 un montant de <strong>50 % de l\u2019investissement hors taxes<\/strong>\u00a0<\/span><\/span><span style=\"font-size: 18pt;\"><span style=\"color: #000000;\">pour l\u2019achat d\u2019\u00e9quipements de protection du COVID-19.<\/span><\/span><\/p><p><span style=\"font-size: 18pt;\"><strong><span style=\"color: #000000;\">3 &#8211;\u00a0<\/span><\/strong><span style=\"color: #000000;\">La subvention est conditionn\u00e9e \u00e0 un<strong> montant minimum d\u2019investissement\u00a0:<\/strong>\u00a0<br \/><\/span><\/span><\/p><ul style=\"list-style-type: disc;\"><li><span style=\"font-size: 18pt;\"><span style=\"color: #000000;\">1000 \u20ac HT pour une entreprise avec salari\u00e9s<\/span><\/span><\/li><li><span style=\"font-size: 18pt;\"><span style=\"color: #000000;\">500 \u20ac HT pour un travailleur ind\u00e9pendant sans salari\u00e9s.<\/span><\/span><\/li><\/ul><p><strong><span style=\"font-size: 18pt; color: #000000;\">4 &#8211; <\/span><\/strong><span style=\"font-size: 18pt; color: #000000;\">Le montant de la subvention est <\/span><strong><span style=\"font-size: 18pt; color: #000000;\">plafonn\u00e9e 5 000 \u20ac <\/span><\/strong><span style=\"font-size: 18pt; color: #000000;\">pour les deux cat\u00e9gories.<\/span><\/p><p>\u00a0<\/p><p><span style=\"font-size: 18pt; color: #000000;\"><u>INFORMATIONS COMPLEMENTAIRES\u00a0IMPORTANTES : <\/u><\/span><\/p><ul><li><strong><span style=\"font-size: 18pt; color: #000000;\">Le versement de la subvention ne sera plus possible lorsque le budget sera \u00e9puis\u00e9.<\/span><\/strong><\/li><li><span style=\"font-size: 18pt; color: #000000;\">La r\u00e8gle privil\u00e9giant les demandes de subvention selon l\u2019ordre chronologique d\u2019arriv\u00e9e sera appliqu\u00e9e.<\/span><\/li><\/ul><p><span style=\"font-size: 14pt; color: #000000;\">R\u00e9f\u00e9rence\u00a0:\u00a0<br \/><\/span><span style=\"color: #000000;\"><span style=\"font-size: 14pt;\"><b>Article 6 <\/b>des Conditions g\u00e9n\u00e9rales d\u2019attribution <strong>pour les entreprises de moins de 50 salari\u00e9s\u00a0<\/strong><\/span><\/span><span style=\"font-size: 14pt; color: #000000;\"><a style=\"color: #000000;\" href=\"https:\/\/www.ameli.fr\/sites\/default\/files\/Documents\/684787\/document\/conditions_generales_dattribution_pour_les_entreprises_de_moins_de_50_salaries.pdf\" target=\"_blank\" rel=\"noopener\">(cliquez-ici)<\/a><\/span><span style=\"color: #000000;\"><strong><span style=\"font-size: 14pt;\">\u00a0<\/span><\/strong><span style=\"font-size: 18.6667px;\"><br \/><\/span><\/span><span style=\"color: #000000; font-size: 18.6667px;\"><b>Article 6 <\/b>des Conditions g\u00e9n\u00e9rales d\u2019attribution <strong>pour les travailleurs ind\u00e9pendants sans salari\u00e9s<\/strong>\u00a0<\/span><span style=\"font-family: verdana, geneva, sans-serif; font-size: 12pt; color: #000000;\"><a style=\"background-color: #ffffff; color: #000000;\" href=\"https:\/\/www.ameli.fr\/sites\/default\/files\/Documents\/684790\/document\/conditions_generales_dattribution_pour_travailleurs_independants_sans_salaries.pdf\" target=\"_blank\" rel=\"noopener\">(cliquez-ici)<\/a><\/span><\/p>\t\t\t\t\t\t\t\t<\/div>\n\t\t\t\t<\/div>\n\t\t\t\t\t<\/div>\n\t\t<\/div>\n\t\t\t\t\t<\/div>\n\t\t<\/section>\n\t\t\t\t<section class=\"elementor-section elementor-top-section elementor-element elementor-element-af4b19e elementor-section-boxed elementor-section-height-default elementor-section-height-default\" data-id=\"af4b19e\" data-element_type=\"section\">\n\t\t\t\t\t\t<div class=\"elementor-container elementor-column-gap-default\">\n\t\t\t\t\t<div class=\"elementor-column elementor-col-100 elementor-top-column elementor-element elementor-element-5459420\" data-id=\"5459420\" data-element_type=\"column\">\n\t\t\t<div class=\"elementor-widget-wrap elementor-element-populated\">\n\t\t\t\t\t\t<div class=\"elementor-element elementor-element-3f6a958 elementor-invisible elementor-widget elementor-widget-text-editor\" data-id=\"3f6a958\" data-element_type=\"widget\" data-settings=\"{&quot;_animation&quot;:&quot;zoomIn&quot;}\" data-widget_type=\"text-editor.default\">\n\t\t\t\t<div class=\"elementor-widget-container\">\n\t\t\t\t\t\t\t\t\t<h2 style=\"text-align: center;\"><span style=\"color: #ff9900;\"><span style=\"font-size: 32px;\"><b>QUELS TYPES D\u2019\u00c9QUIPEMENTS ET INSTALLATIONS SONT FINANC<\/b><\/span><span style=\"font-size: 32px;\"><b>\u00c9S<\/b><\/span><span style=\"font-size: 32px;\"><b>\u00a0<\/b><\/span><b style=\"font-size: 32px;\">?<\/b><\/span><\/h2>\t\t\t\t\t\t\t\t<\/div>\n\t\t\t\t<\/div>\n\t\t\t\t\t<\/div>\n\t\t<\/div>\n\t\t\t\t\t<\/div>\n\t\t<\/section>\n\t\t\t\t<section class=\"elementor-section elementor-top-section elementor-element elementor-element-4ecfdd1 elementor-section-boxed elementor-section-height-default elementor-section-height-default\" data-id=\"4ecfdd1\" data-element_type=\"section\">\n\t\t\t\t\t\t<div class=\"elementor-container elementor-column-gap-default\">\n\t\t\t\t\t<div class=\"elementor-column elementor-col-100 elementor-top-column elementor-element elementor-element-ea25d05\" data-id=\"ea25d05\" data-element_type=\"column\">\n\t\t\t<div class=\"elementor-widget-wrap elementor-element-populated\">\n\t\t\t\t\t\t<div class=\"elementor-element elementor-element-78cff1b elementor-widget elementor-widget-image\" data-id=\"78cff1b\" data-element_type=\"widget\" data-widget_type=\"image.default\">\n\t\t\t\t<div class=\"elementor-widget-container\">\n\t\t\t\t\t\t\t\t\t\t\t\t<figure class=\"wp-caption\">\n\t\t\t\t\t\t\t\t\t\t<img decoding=\"async\" width=\"700\" height=\"534\" src=\"https:\/\/www.macapflag.com\/blog\/wp-content\/uploads\/2020\/05\/subvention-prev-covid19-der.jpg\" class=\"attachment-large size-large wp-image-4899\" alt=\"\" srcset=\"https:\/\/www.macapflag.com\/blog\/wp-content\/uploads\/2020\/05\/subvention-prev-covid19-der.jpg 700w, https:\/\/www.macapflag.com\/blog\/wp-content\/uploads\/2020\/05\/subvention-prev-covid19-der-300x229.jpg 300w, https:\/\/www.macapflag.com\/blog\/wp-content\/uploads\/2020\/05\/subvention-prev-covid19-der-80x60.jpg 80w, https:\/\/www.macapflag.com\/blog\/wp-content\/uploads\/2020\/05\/subvention-prev-covid19-der-696x531.jpg 696w, https:\/\/www.macapflag.com\/blog\/wp-content\/uploads\/2020\/05\/subvention-prev-covid19-der-551x420.jpg 551w\" sizes=\"(max-width: 700px) 100vw, 700px\" \/>\t\t\t\t\t\t\t\t\t\t\t<figcaption class=\"widget-image-caption wp-caption-text\">Beachflags, banderoles, stickers... personnalis\u00e9s Covid 19<\/figcaption>\n\t\t\t\t\t\t\t\t\t\t<\/figure>\n\t\t\t\t\t\t\t\t\t<\/div>\n\t\t\t\t<\/div>\n\t\t\t\t\t<\/div>\n\t\t<\/div>\n\t\t\t\t\t<\/div>\n\t\t<\/section>\n\t\t\t\t<section class=\"elementor-section elementor-top-section elementor-element elementor-element-7f92ade elementor-section-boxed elementor-section-height-default elementor-section-height-default\" data-id=\"7f92ade\" data-element_type=\"section\">\n\t\t\t\t\t\t<div class=\"elementor-container elementor-column-gap-default\">\n\t\t\t\t\t<div class=\"elementor-column elementor-col-100 elementor-top-column elementor-element elementor-element-b1c1204\" data-id=\"b1c1204\" data-element_type=\"column\">\n\t\t\t<div class=\"elementor-widget-wrap elementor-element-populated\">\n\t\t\t\t\t\t<div class=\"elementor-element elementor-element-1fa6e1a elementor-widget elementor-widget-text-editor\" data-id=\"1fa6e1a\" data-element_type=\"widget\" data-widget_type=\"text-editor.default\">\n\t\t\t\t<div class=\"elementor-widget-container\">\n\t\t\t\t\t\t\t\t\t<p style=\"text-align: justify;\"><span style=\"color: #000000;\"><strong><span style=\"font-size: 18pt;\">1- Mesures barri\u00e8res et de distanciation physique :<\/span><\/strong><\/span><\/p><p style=\"text-align: justify;\"><span style=\"color: #000000;\"><span style=\"font-size: 18pt;\">\u2022 Mesures permettant de communiquer visuellement :\u00a0<\/span><span style=\"font-size: 18pt;\">\u00e9crans, tableaux, support d\u2019affiches, affiches.<br \/><\/span><\/span><span style=\"color: #000000; font-size: 18pt;\">MACAP vous propose une gamme de supports de communication subventionn\u00e9s personnalis\u00e9s et personnalisables :\u00a0<\/span><span style=\"color: #000000; font-size: 18pt;\">Banderoles, Beachflag-Oriflamme, Marquage au sol, cadre toile tendue r\u00e9tro\u00e9clair\u00e9, Roll\u2019up, X banner\u2026 Pour plus d&#8217;informations : <strong>www.macapflag.com<\/strong>\u00a0<\/span><\/p><p style=\"text-align: justify;\"><span style=\"color: #000000;\"><span style=\"font-size: 18pt;\">\u2022 Mat\u00e9riel pour isoler le poste de travail des contacts:\u00a0<\/span><span style=\"font-size: 18pt;\">pose de vitre, plexiglas, cloisons de s\u00e9paration, b\u00e2ches, \u00e9crans fixes ou mobiles.<\/span><\/span><\/p><p style=\"text-align: justify;\"><span style=\"color: #000000;\"><span style=\"font-size: 18pt;\">\u2022 Mat\u00e9riel permettant de guider et faire respecter les distances :\u00a0<\/span><span style=\"font-size: 18pt;\">guides files, poteaux et grilles, accroches murales, barri\u00e8res amovibles, cordons et sangles associ\u00e9s, chariots pour transporter les poteaux, grilles, barri\u00e8res et cordons.<\/span><\/span><\/p><p style=\"text-align: justify;\"><span style=\"color: #000000;\"><span style=\"font-size: 18pt;\">\u2022 Locaux additionnels et temporaires pour respecter les distances :\u00a0<\/span><span style=\"font-size: 18pt;\">montage et d\u00e9montage et 4 mois de location.<\/span><\/span><\/p><p style=\"text-align: justify;\"><span style=\"color: #000000;\"><strong><span style=\"font-size: 18pt;\">2- Mesures d\u2019hygi\u00e8ne et nettoyage<\/span><\/strong><\/span><\/p><p style=\"text-align: justify;\"><span style=\"color: #000000; font-size: 18pt;\">\u2022 Installations permanentes de lavage des mains et du corps<\/span><\/p><p style=\"text-align: justify;\"><span style=\"color: #000000; font-size: 18pt;\">\u2022 Installations permanentes et temporaires\u00a0<\/span><\/p><p style=\"text-align: justify;\"><span style=\"color: #000000;\"><span style=\"font-size: 18pt;\"><strong>3- En option<\/strong>, <strong>le financement\u00a0<\/strong><\/span><span style=\"font-size: 24px;\"><strong>est mise en place<\/strong>\u00a0<\/span><span style=\"font-size: 18pt;\"><strong>uniquement<\/strong> <strong>si<\/strong> au moins une mesure barri\u00e8re et de distanciation sociale list\u00e9e ci-dessus :<\/span><\/span><\/p><p style=\"text-align: justify;\"><span style=\"color: #000000;\"><span style=\"font-size: 18pt;\">\u2022 Des masques conformes aux normes EN 14683 ou NF EN 149, ou selon les r\u00e9f\u00e9rences disponibles sur le site du Minist\u00e8re du Travail<\/span><span style=\"font-size: 18.6667px;\"><br \/><\/span><span style=\"font-size: 18pt;\">\u2022 Des visi\u00e8res et du gel hydro alcoolique.<\/span><\/span><\/p><div style=\"text-align: justify;\"><span style=\"color: #000000;\"><span style=\"font-size: 14pt; text-align: start;\">R\u00e9f\u00e9rence\u00a0:\u00a0<br \/><\/span><span style=\"font-size: 15px; text-align: start;\"><span style=\"font-size: 14pt;\"><b>Article 4 des Conditions g\u00e9n\u00e9rales d\u2019attribution<\/b> pour les entreprises de moins de 50 salari\u00e9s<\/span><\/span><span style=\"text-align: start;\"><span style=\"font-weight: bold;\"> <span style=\"font-size: 18.6667px;\"><br \/><\/span><\/span><\/span><span style=\"font-size: 18.6667px; text-align: start;\"><b>Article 4 des Conditions g\u00e9n\u00e9rales d\u2019attribution<\/b> pour les travailleurs ind\u00e9pendants sans salari\u00e9s<\/span><\/span><\/div><div style=\"text-align: justify;\"><span style=\"color: #000000;\">\u00a0<\/span><\/div>\t\t\t\t\t\t\t\t<\/div>\n\t\t\t\t<\/div>\n\t\t\t\t\t<\/div>\n\t\t<\/div>\n\t\t\t\t\t<\/div>\n\t\t<\/section>\n\t\t\t\t<section class=\"elementor-section elementor-top-section elementor-element elementor-element-d3e2c59 elementor-section-boxed elementor-section-height-default elementor-section-height-default\" data-id=\"d3e2c59\" data-element_type=\"section\">\n\t\t\t\t\t\t<div class=\"elementor-container elementor-column-gap-default\">\n\t\t\t\t\t<div class=\"elementor-column elementor-col-100 elementor-top-column elementor-element elementor-element-6779cac\" data-id=\"6779cac\" data-element_type=\"column\">\n\t\t\t<div class=\"elementor-widget-wrap elementor-element-populated\">\n\t\t\t\t\t\t<div class=\"elementor-element elementor-element-31318a8 elementor-invisible elementor-widget elementor-widget-text-editor\" data-id=\"31318a8\" data-element_type=\"widget\" data-settings=\"{&quot;_animation&quot;:&quot;zoomIn&quot;}\" data-widget_type=\"text-editor.default\">\n\t\t\t\t<div class=\"elementor-widget-container\">\n\t\t\t\t\t\t\t\t\t<h2 style=\"text-align: left;\"><span style=\"font-size: 32px; color: #ff9900;\"><b>COMMENT B\u00c9N\u00c9FICIER DE LA SUBVENTION COVID 19\u00a0 ?<\/b><\/span><\/h2>\t\t\t\t\t\t\t\t<\/div>\n\t\t\t\t<\/div>\n\t\t\t\t\t<\/div>\n\t\t<\/div>\n\t\t\t\t\t<\/div>\n\t\t<\/section>\n\t\t\t\t<section class=\"elementor-section elementor-top-section elementor-element elementor-element-3066899 elementor-section-boxed elementor-section-height-default elementor-section-height-default\" data-id=\"3066899\" data-element_type=\"section\">\n\t\t\t\t\t\t<div class=\"elementor-container elementor-column-gap-default\">\n\t\t\t\t\t<div class=\"elementor-column elementor-col-100 elementor-top-column elementor-element elementor-element-1c75fcb\" data-id=\"1c75fcb\" data-element_type=\"column\">\n\t\t\t<div class=\"elementor-widget-wrap elementor-element-populated\">\n\t\t\t\t\t\t<div class=\"elementor-element elementor-element-c1a42ff elementor-widget elementor-widget-text-editor\" data-id=\"c1a42ff\" data-element_type=\"widget\" data-widget_type=\"text-editor.default\">\n\t\t\t\t<div class=\"elementor-widget-container\">\n\t\t\t\t\t\t\t\t\t<p><span style=\"font-size: 18pt; color: #000000;\"><strong>1 &#8211;\u00a0<\/strong><b>Remplir le formulaire de demande avec les justificatifs n\u00e9cessaires\u00a0<\/b><\/span><\/p><p><span style=\"font-size: 18pt; color: #000000;\">\u2022 pour les entreprises de moins de 50 salari\u00e9s :<\/span><\/p><p><span style=\"font-size: 18pt; color: #000000;\">&#8211; formulaire\u00a0<\/span><span style=\"font-size: 14pt; color: #ff6600;\"><span style=\"color: #000000; font-size: 18pt;\">avec j<\/span><\/span><span style=\"font-size: 18pt; color: #000000;\">ustificatifs \/ article 7 des Conditions g\u00e9n\u00e9rales d\u2019attribution<\/span><\/p><p><span style=\"color: #000000; font-size: 18pt;\">\u2022 aux travailleurs ind\u00e9pendants sans salari\u00e9s :<\/span><\/p><p><span style=\"font-size: 18pt; color: #000000;\">&#8211; formulaire\u00a0<\/span><span style=\"font-size: 18pt; color: #000000;\">avec justificatifs \/ article 7 des Conditions g\u00e9n\u00e9rales d\u2019attribution<\/span><\/p><p><strong><span style=\"font-size: 18pt; color: #000000;\">2 &#8211; L\u2019adresser \u00e0 votre caisse de rattachement (Carsat, Cramif ou Cgss) avant le 31 d\u00e9cembre 2020<\/span><\/strong><\/p><p><span style=\"color: #000000;\"><span style=\"font-size: 24px;\">&#8211; listing des caisses de rattachement<\/span><\/span><\/p><p><strong><span style=\"font-size: 18pt; color: #000000;\">3 &#8211; Versement de la subvention en une seule fois par la caisse r\u00e9gionale apr\u00e8s r\u00e9ception et v\u00e9rification des pi\u00e8ces justificatives.<\/span><\/strong><\/p><p><span style=\"color: #000000; font-family: Roboto, 'Futura Bk Bt'; font-size: 14pt;\">R\u00e9f\u00e9rence\u00a0:\u00a0<br \/><\/span><span style=\"color: #000000; font-family: Roboto, 'Futura Bk Bt';\"><span style=\"font-size: 14pt;\"><span style=\"font-weight: bold;\">Article 7 des Conditions g\u00e9n\u00e9rales d\u2019attribution<\/span> pour les entreprises de moins de 50 salari\u00e9s<\/span><\/span><span style=\"color: #000000; font-family: Roboto, 'Futura Bk Bt';\"><span style=\"font-weight: bold;\"><span style=\"font-size: 18.6667px;\"><br \/><\/span><\/span><\/span><span style=\"color: #000000; font-family: Roboto, 'Futura Bk Bt'; font-size: 18.6667px;\"><span style=\"font-weight: bold;\">Article 7 des Conditions g\u00e9n\u00e9rales d\u2019attribution<\/span> pour les travailleurs ind\u00e9pendants sans salari\u00e9s<\/span><\/p>\t\t\t\t\t\t\t\t<\/div>\n\t\t\t\t<\/div>\n\t\t\t\t<div class=\"elementor-element elementor-element-365ae8d elementor-widget elementor-widget-heading\" data-id=\"365ae8d\" data-element_type=\"widget\" data-widget_type=\"heading.default\">\n\t\t\t\t<div class=\"elementor-widget-container\">\n\t\t\t\t\t<h2 class=\"elementor-heading-title elementor-size-default\"><br><h2 style=\"text-align: center\"><span style=\"font-size: 32px\"><b>MACAP FABRIQUE UNE GAMME SPECIALE PREVENTION COVID 19  <\/b><\/span><\/h2><\/h2>\t\t\t\t<\/div>\n\t\t\t\t<\/div>\n\t\t\t\t<div class=\"elementor-element elementor-element-8b42a1a elementor-widget elementor-widget-text-editor\" data-id=\"8b42a1a\" data-element_type=\"widget\" data-widget_type=\"text-editor.default\">\n\t\t\t\t<div class=\"elementor-widget-container\">\n\t\t\t\t\t\t\t\t\t<p><span style=\"font-size: 18pt; color: #000000;\"><br \/>Fabriquant fran\u00e7ais de supports de communication depuis plus de 50 ans, MACAP accompagne le monde professionnel dans sa pr\u00e9vention contre la transmission du Covid 19 en proposant une gamme sp\u00e9ciale de signal\u00e9tique.<\/span><\/p><p><span style=\"font-size: 18pt; color: #000000;\">Elle se d\u00e9compose en 3 cat\u00e9gories\u00a0:<\/span><\/p><ul><li><span style=\"font-size: 18pt; color: #000000;\"><strong>les solutions de communication personnalis\u00e9es<\/strong> par des visuels, COVID 19, repr\u00e9sentant les mesures barri\u00e8res et de distanciation physique, <span style=\"font-size: 14pt;\"><span style=\"color: #ff9900;\"><b>livrable en 72 h<\/b>.<\/span><\/span><\/span><\/li><li><span style=\"font-size: 18pt; color: #000000;\"><span style=\"color: #ff6600;\"><span style=\"color: #000000;\">l<\/span><b><span style=\"color: #000000;\">es solutions de communication<\/span> <span style=\"color: #000000;\">personnalisables<\/span><\/b><\/span> selon votre besoin, <span style=\"font-size: 14pt;\"><span style=\"color: #ff6600;\"><span style=\"color: #ff9900;\"><b>livrables en 48 h.<\/b><\/span><\/span><\/span><\/span><\/li><li><span style=\"font-size: 18pt; color: #000000;\"><span style=\"color: #000000;\"><strong>les solutions de communication personnalisables <\/strong><\/span>selon votre besoin, <span style=\"font-size: 14pt;\"><span style=\"color: #ff6600;\"><span style=\"color: #ff9900;\"><b>livrables en 72 h.<\/b><\/span><\/span><\/span><\/span><\/li><\/ul><p><span style=\"font-size: 18pt; color: #000000;\">Toutes nos solutions d\u2019affichage Covid 19 sont con\u00e7ues pour r\u00e9pondre \u00e0 des sp\u00e9cificit\u00e9s d\u2019utilisation\u00a0:<\/span><\/p><ul><li><span style=\"font-size: 18pt; color: #000000;\">pour une utilisation exclusivement en int\u00e9rieur\u00a0: <span style=\"color: #ff9900;\">Roll\u2019up<\/span>, X\u2019banner, Cadre r\u00e9tro\u00e9clair\u00e9 avec sa toile tendue, marquage au sol, nappe\u2026<\/span><\/li><li><span style=\"font-size: 18pt; color: #000000;\">pour une utilisation mixte, en int\u00e9rieur comme ext\u00e9rieur\u00a0: Beachflag, <span style=\"color: #ff6600;\"><span style=\"color: #ff9900;\">banderole<\/span><\/span>, kak\u00e9mono, habillage de barri\u00e8re\u2026<\/span><\/li><\/ul><p><span style=\"font-size: 18pt; color: #000000;\">Toute notre \u00e9quipe se mobilise pour s\u00e9curiser vos espaces et redynamiser votre activit\u00e9. <\/span><br \/><span style=\"font-size: 18pt; color: #000000;\">Nous mettons \u00e0 votre disposition\u00a0notre outil de production pour vous offrir le choix d\u2019une production de produits r\u00e9f\u00e9rents, issus de 50 ans d\u2019expertise et le choix d\u2019une production sur mesure pour r\u00e9pondre \u00e0 vos sp\u00e9cificit\u00e9s.<\/span><\/p><p><span style=\"font-size: 18pt;\"><span style=\"color: #000000;\">Nous vous invitons \u00e0 consulter notre site web : <strong><a style=\"color: #000000;\" href=\"https:\/\/www.macapflag.com\/\">www.macapflag.com<\/a><\/strong><br \/><\/span><span style=\"color: #000000;\"><br \/>\u00c0 votre \u00e9coute au <\/span><strong style=\"color: #000000;\">04 94 48 50 57<\/strong><span style=\"color: #000000;\"> et par mail\u00a0: <\/span><a href=\"https:\/\/www.macapflag.com\/nous-contacter\"><strong style=\"color: #000000;\">contact@macapflag.com<\/strong><\/a><span style=\"color: #000000;\">.<\/span><\/span><\/p><p><span style=\"font-size: 18pt;\"><span style=\"color: #000000;\">\u00a0<\/span><\/span><\/p>\t\t\t\t\t\t\t\t<\/div>\n\t\t\t\t<\/div>\n\t\t\t\t<div class=\"elementor-element elementor-element-f9580af elementor-widget elementor-widget-heading\" data-id=\"f9580af\" data-element_type=\"widget\" data-widget_type=\"heading.default\">\n\t\t\t\t<div class=\"elementor-widget-container\">\n\t\t\t\t\t<h2 class=\"elementor-heading-title elementor-size-default\"><b style=\"font-size: 32px;font-family: FuturaBookBT\">DOCUMENTS OFFICIELS SUR LA SUBVENTION PREVENTION COVID 19<\/b><br><\/h2>\t\t\t\t<\/div>\n\t\t\t\t<\/div>\n\t\t\t\t<div class=\"elementor-element elementor-element-ed5be1d elementor-widget elementor-widget-text-editor\" data-id=\"ed5be1d\" data-element_type=\"widget\" data-widget_type=\"text-editor.default\">\n\t\t\t\t<div class=\"elementor-widget-container\">\n\t\t\t\t\t\t\t\t\t<p><span style=\"font-size: 14pt; color: #000000;\">\u00a0<\/span><\/p><p><span style=\"font-size: 14pt; color: #000000;\">1- <a style=\"color: #000000;\" href=\"https:\/\/www.ameli.fr\/sites\/default\/files\/Documents\/684787\/document\/conditions_generales_dattribution_pour_les_entreprises_de_moins_de_50_salaries.pdf\">Conditions G\u00e9n\u00e9rales d\u2019attribution pour les entreprises de moins de 50 salari\u00e9s<\/a><\/span><\/p><p><span style=\"font-size: 14pt; color: #000000;\">2- <a style=\"color: #000000;\" href=\"https:\/\/www.ameli.fr\/sites\/default\/files\/Documents\/684790\/document\/conditions_generales_dattribution_pour_travailleurs_independants_sans_salaries.pdf\">Formulaire de demande de Subvention Pr\u00e9vention Covid pour les entreprises de moins de 50 salari\u00e9s<\/a><\/span><\/p><p><span style=\"font-size: 14pt; color: #000000;\">3- <a style=\"color: #000000;\" href=\"https:\/\/www.ameli.fr\/sites\/default\/files\/Documents\/684793\/document\/formulaire_de_demande_de_subvention_prevention_covid_pour_les_entreprises_de_moins_de_50_salaries_0.pdf\">Conditions G\u00e9n\u00e9rales d\u2019attribution pour les travailleurs ind\u00e9pendants sans salari\u00e9s<\/a><\/span><\/p><p><span style=\"font-size: 14pt; color: #000000;\">4- <a style=\"color: #000000;\" href=\"https:\/\/www.ameli.fr\/sites\/default\/files\/Documents\/684796\/document\/formulaire_de_demande_de_subvention_prevention_covid_pour_les_travailleurs_independants_sans_salarie_0.pdf\">Formulaire de demande de Subvention Pr\u00e9vention Covid les travailleurs ind\u00e9pendants sans salari\u00e9s<\/a><\/span><\/p><p><span style=\"font-size: 14pt; color: #000000;\">5- <a style=\"color: #000000;\" href=\"https:\/\/www.ameli.fr\/sites\/default\/files\/Documents\/684799\/document\/liste_et_coordonnees_des_caisses_regionales_subvention_covid_1.pdf\">Liste et coordonn\u00e9es des caisses r\u00e9gionales Subvention Covid<\/a><\/span><\/p><p><span style=\"font-size: 14pt; color: #000000;\">6- <a style=\"color: #000000;\" href=\"https:\/\/www.ameli.fr\/sites\/default\/files\/Documents\/688354\/document\/11_points_cles_reprise_dactivite.pdf\">INRS \u2013 Covid 19 : 11 points cl\u00e9s pour bien reprendre l\u2019activit\u00e9\u00a0<\/a><\/span><\/p>\t\t\t\t\t\t\t\t<\/div>\n\t\t\t\t<\/div>\n\t\t\t\t<div class=\"elementor-element elementor-element-560b82f elementor-widget elementor-widget-text-editor\" data-id=\"560b82f\" data-element_type=\"widget\" data-widget_type=\"text-editor.default\">\n\t\t\t\t<div class=\"elementor-widget-container\">\n\t\t\t\t\t\t\t\t\t<p><span style=\"font-size: 14pt; text-align: center; color: #000000;\"><strong><span style=\"font-family: 'Futura Bk BT';\">\u00a0<\/span><\/strong><\/span><\/p><p><span style=\"font-size: 14pt; text-align: center; color: #000000;\"><strong><span style=\"font-family: 'Futura Bk BT';\">Macap<\/span><\/strong><\/span> <span style=\"font-size: 14pt; text-align: center; color: #808080;\"><strong><span style=\"font-family: 'Futura Bk BT';\">&#8211; Jeudi 28 Mai 2020<\/span><\/strong><\/span><\/p>\t\t\t\t\t\t\t\t<\/div>\n\t\t\t\t<\/div>\n\t\t\t\t<div class=\"elementor-element elementor-element-0fbacb8 elementor-widget elementor-widget-text-editor\" data-id=\"0fbacb8\" data-element_type=\"widget\" data-widget_type=\"text-editor.default\">\n\t\t\t\t<div class=\"elementor-widget-container\">\n\t\t\t\t\t\t\t\t\t<p><span style=\"font-size: 12pt;\"><span style=\"color: #000000;\">Cet article est r\u00e9dig\u00e9 \u00e0 titre informatif et n&#8217;a aucune valeur l\u00e9gale. Il tient compte des \u00e9l\u00e9ments en notre possession au jour de sa r\u00e9daction et de leurs interpr\u00e9tations. Pour toute demande, nous vous invitons \u00e0 contacter votre autorit\u00e9 comp\u00e9tente <a style=\"color: #000000;\" href=\"https:\/\/www.ameli.fr\/entreprise\/covid-19\/une-subvention-pour-aider-les-tpe-et-pme-prevenir-le-covid-19-au-travail\">(r\u00e9f\u00e9rence : Ameli.fr)<\/a><\/span><\/span><\/p>\t\t\t\t\t\t\t\t<\/div>\n\t\t\t\t<\/div>\n\t\t\t\t\t<\/div>\n\t\t<\/div>\n\t\t\t\t\t<\/div>\n\t\t<\/section>\n\t\t\t\t<\/div>\n\t\t","protected":false},"excerpt":{"rendered":"<div class=\"tmnf_excerpt\"><p>Pour aider les TPE et PME, l\u2019Assurance Maladie \u2013 Risques professionnels vous offre une subvention &#8220;Pr\u00e9vention COVID&#8221; pour vos investissements de vos \u00e9quipements de protection, allant jusqu\u2019\u00e0 50 % dans une limite de 5.000 euros. Cependant le budget d\u00e9di\u00e9 \u00e0 la subvention par l\u2019Assurance Maladie est limit\u00e9e dans son montant, dans sa dur\u00e9e et par &hellip;<\/p>\n<\/div>","protected":false},"author":2,"featured_media":4930,"comment_status":"closed","ping_status":"open","sticky":false,"template":"template-fullwidth.php","format":"standard","meta":{"footnotes":""},"categories":[92],"tags":[159,156,158,155,157],"class_list":["post-4886","post","type-post","status-publish","format-standard","has-post-thumbnail","hentry","category-news","tag-5-000-euros-de-prime-covid-19","tag-aide-covid-19-pour-les-tpe-et-pme","tag-prime-covid-19","tag-subvention-covid-19","tag-subvention-prevention-covid-19"],"yoast_head":"<!-- This site is optimized with the Yoast SEO plugin v26.4 - https:\/\/yoast.com\/wordpress\/plugins\/seo\/ -->\n<title>Subvention &quot;Pr\u00e9vention COVID 19&quot;, jusqu&#039;\u00e0 5 000 \u20ac pour les entreprises<\/title>\n<meta name=\"description\" content=\"L\u2019Assurance Maladie offre une subvention \u00abPr\u00e9vention COVID\u00bb pour les \u00e9quipements de protection, allant jusqu\u2019\u00e0 50 % des investissements des TPE et PME.\" \/>\n<meta name=\"robots\" content=\"index, follow, max-snippet:-1, max-image-preview:large, max-video-preview:-1\" \/>\n<link rel=\"canonical\" href=\"https:\/\/www.macapflag.com\/blog\/subvention-covid-19\/\" \/>\n<meta property=\"og:locale\" content=\"fr_FR\" \/>\n<meta property=\"og:type\" content=\"article\" \/>\n<meta property=\"og:title\" content=\"Subvention &quot;Pr\u00e9vention COVID 19&quot;, jusqu&#039;\u00e0 5 000 \u20ac pour les entreprises\" \/>\n<meta property=\"og:description\" content=\"L\u2019Assurance Maladie offre une subvention \u00abPr\u00e9vention COVID\u00bb pour les \u00e9quipements de protection, allant jusqu\u2019\u00e0 50 % des investissements des TPE et PME.\" \/>\n<meta property=\"og:url\" content=\"https:\/\/www.macapflag.com\/blog\/subvention-covid-19\/\" \/>\n<meta property=\"og:site_name\" content=\"Blog - Macap\" \/>\n<meta property=\"article:publisher\" content=\"https:\/\/www.facebook.com\/macap.pavoisement\/\" \/>\n<meta property=\"article:published_time\" content=\"2020-05-28T07:08:25+00:00\" \/>\n<meta property=\"article:modified_time\" content=\"2021-02-23T15:35:11+00:00\" \/>\n<meta property=\"og:image\" content=\"https:\/\/www.macapflag.com\/blog\/wp-content\/uploads\/2020\/05\/subvention-prev-covid19-TITRE-1.gif\" \/>\n\t<meta property=\"og:image:width\" content=\"700\" \/>\n\t<meta property=\"og:image:height\" content=\"534\" \/>\n\t<meta property=\"og:image:type\" content=\"image\/gif\" \/>\n<meta name=\"author\" content=\"Blog Macap\" \/>\n<meta name=\"twitter:card\" content=\"summary_large_image\" \/>\n<meta name=\"twitter:label1\" content=\"\u00c9crit par\" \/>\n\t<meta name=\"twitter:data1\" content=\"Blog Macap\" \/>\n\t<meta name=\"twitter:label2\" content=\"Dur\u00e9e de lecture estim\u00e9e\" \/>\n\t<meta name=\"twitter:data2\" content=\"5 minutes\" \/>\n<script type=\"application\/ld+json\" class=\"yoast-schema-graph\">{\"@context\":\"https:\/\/schema.org\",\"@graph\":[{\"@type\":\"Article\",\"@id\":\"https:\/\/www.macapflag.com\/blog\/subvention-covid-19\/#article\",\"isPartOf\":{\"@id\":\"https:\/\/www.macapflag.com\/blog\/subvention-covid-19\/\"},\"author\":{\"name\":\"Blog Macap\",\"@id\":\"https:\/\/www.macapflag.com\/blog\/#\/schema\/person\/3fea701f2603875e651e6b662578fc3c\"},\"headline\":\"Prime de 50 % de vos investissements pour l\u2019achat d\u2019\u00e9quipements de protection du COVID-19\",\"datePublished\":\"2020-05-28T07:08:25+00:00\",\"dateModified\":\"2021-02-23T15:35:11+00:00\",\"mainEntityOfPage\":{\"@id\":\"https:\/\/www.macapflag.com\/blog\/subvention-covid-19\/\"},\"wordCount\":1088,\"publisher\":{\"@id\":\"https:\/\/www.macapflag.com\/blog\/#organization\"},\"image\":{\"@id\":\"https:\/\/www.macapflag.com\/blog\/subvention-covid-19\/#primaryimage\"},\"thumbnailUrl\":\"https:\/\/www.macapflag.com\/blog\/wp-content\/uploads\/2020\/05\/subvention-prev-covid19-TITRE-1.gif\",\"keywords\":[\"5 000 euros de prime Covid 19\",\"Aide Covid 19 pour les TPE et PME\",\"Prime Covid 19\",\"Subvention Covid 19\",\"Subvention Pr\u00e9vention Covid 19\"],\"articleSection\":[\"News &amp; Actu\"],\"inLanguage\":\"fr-FR\"},{\"@type\":\"WebPage\",\"@id\":\"https:\/\/www.macapflag.com\/blog\/subvention-covid-19\/\",\"url\":\"https:\/\/www.macapflag.com\/blog\/subvention-covid-19\/\",\"name\":\"Subvention \\\"Pr\u00e9vention COVID 19\\\", jusqu'\u00e0 5 000 \u20ac pour les entreprises\",\"isPartOf\":{\"@id\":\"https:\/\/www.macapflag.com\/blog\/#website\"},\"primaryImageOfPage\":{\"@id\":\"https:\/\/www.macapflag.com\/blog\/subvention-covid-19\/#primaryimage\"},\"image\":{\"@id\":\"https:\/\/www.macapflag.com\/blog\/subvention-covid-19\/#primaryimage\"},\"thumbnailUrl\":\"https:\/\/www.macapflag.com\/blog\/wp-content\/uploads\/2020\/05\/subvention-prev-covid19-TITRE-1.gif\",\"datePublished\":\"2020-05-28T07:08:25+00:00\",\"dateModified\":\"2021-02-23T15:35:11+00:00\",\"description\":\"L\u2019Assurance Maladie offre une subvention \u00abPr\u00e9vention COVID\u00bb pour les \u00e9quipements de protection, allant jusqu\u2019\u00e0 50 % des investissements des TPE et PME.\",\"breadcrumb\":{\"@id\":\"https:\/\/www.macapflag.com\/blog\/subvention-covid-19\/#breadcrumb\"},\"inLanguage\":\"fr-FR\",\"potentialAction\":[{\"@type\":\"ReadAction\",\"target\":[\"https:\/\/www.macapflag.com\/blog\/subvention-covid-19\/\"]}]},{\"@type\":\"ImageObject\",\"inLanguage\":\"fr-FR\",\"@id\":\"https:\/\/www.macapflag.com\/blog\/subvention-covid-19\/#primaryimage\",\"url\":\"https:\/\/www.macapflag.com\/blog\/wp-content\/uploads\/2020\/05\/subvention-prev-covid19-TITRE-1.gif\",\"contentUrl\":\"https:\/\/www.macapflag.com\/blog\/wp-content\/uploads\/2020\/05\/subvention-prev-covid19-TITRE-1.gif\",\"width\":700,\"height\":534,\"caption\":\"L\u2019Assurance Maladie \u2013 Risques professionnels offre une subvention \u00abPr\u00e9vention COVID\u00bb pour vos investissements des \u00e9quipements de protection, allant jusqu\u2019\u00e0 50 % de votre investissement.\"},{\"@type\":\"BreadcrumbList\",\"@id\":\"https:\/\/www.macapflag.com\/blog\/subvention-covid-19\/#breadcrumb\",\"itemListElement\":[{\"@type\":\"ListItem\",\"position\":1,\"name\":\"Accueil\",\"item\":\"https:\/\/www.macapflag.com\/blog\/\"},{\"@type\":\"ListItem\",\"position\":2,\"name\":\"Prime de 50 % de vos investissements pour l\u2019achat d\u2019\u00e9quipements de protection du COVID-19\"}]},{\"@type\":\"WebSite\",\"@id\":\"https:\/\/www.macapflag.com\/blog\/#website\",\"url\":\"https:\/\/www.macapflag.com\/blog\/\",\"name\":\"Blog - Macap\",\"description\":\"Tous nos articles\",\"publisher\":{\"@id\":\"https:\/\/www.macapflag.com\/blog\/#organization\"},\"potentialAction\":[{\"@type\":\"SearchAction\",\"target\":{\"@type\":\"EntryPoint\",\"urlTemplate\":\"https:\/\/www.macapflag.com\/blog\/?s={search_term_string}\"},\"query-input\":{\"@type\":\"PropertyValueSpecification\",\"valueRequired\":true,\"valueName\":\"search_term_string\"}}],\"inLanguage\":\"fr-FR\"},{\"@type\":\"Organization\",\"@id\":\"https:\/\/www.macapflag.com\/blog\/#organization\",\"name\":\"macapflag\",\"url\":\"https:\/\/www.macapflag.com\/blog\/\",\"logo\":{\"@type\":\"ImageObject\",\"inLanguage\":\"fr-FR\",\"@id\":\"https:\/\/www.macapflag.com\/blog\/#\/schema\/logo\/image\/\",\"url\":\"https:\/\/www.macapflag.com\/blog\/wp-content\/uploads\/2020\/12\/cropped-M-512-1.png\",\"contentUrl\":\"https:\/\/www.macapflag.com\/blog\/wp-content\/uploads\/2020\/12\/cropped-M-512-1.png\",\"width\":512,\"height\":512,\"caption\":\"macapflag\"},\"image\":{\"@id\":\"https:\/\/www.macapflag.com\/blog\/#\/schema\/logo\/image\/\"},\"sameAs\":[\"https:\/\/www.facebook.com\/macap.pavoisement\/\",\"https:\/\/www.instagram.com\/macapflag\/?hl=fr\",\"https:\/\/www.linkedin.com\/company\/macap\/?originalSubdomain=fr\",\"https:\/\/www.youtube.com\/channel\/UCXNzTIdZh9poEBjSXEqDtNw\"]},{\"@type\":\"Person\",\"@id\":\"https:\/\/www.macapflag.com\/blog\/#\/schema\/person\/3fea701f2603875e651e6b662578fc3c\",\"name\":\"Blog Macap\",\"image\":{\"@type\":\"ImageObject\",\"inLanguage\":\"fr-FR\",\"@id\":\"https:\/\/www.macapflag.com\/blog\/#\/schema\/person\/image\/\",\"url\":\"https:\/\/secure.gravatar.com\/avatar\/c12551f2dc51f0db049633b03e7856985477a70da834cc8967dea4ce54bdd6a2?s=96&d=mm&r=g\",\"contentUrl\":\"https:\/\/secure.gravatar.com\/avatar\/c12551f2dc51f0db049633b03e7856985477a70da834cc8967dea4ce54bdd6a2?s=96&d=mm&r=g\",\"caption\":\"Blog Macap\"},\"url\":\"https:\/\/www.macapflag.com\/blog\/author\/macap\/\"}]}<\/script>\n<!-- \/ Yoast SEO plugin. -->","yoast_head_json":{"title":"Subvention \"Pr\u00e9vention COVID 19\", jusqu'\u00e0 5 000 \u20ac pour les entreprises","description":"L\u2019Assurance Maladie offre une subvention \u00abPr\u00e9vention COVID\u00bb pour les \u00e9quipements de protection, allant jusqu\u2019\u00e0 50 % des investissements des TPE et PME.","robots":{"index":"index","follow":"follow","max-snippet":"max-snippet:-1","max-image-preview":"max-image-preview:large","max-video-preview":"max-video-preview:-1"},"canonical":"https:\/\/www.macapflag.com\/blog\/subvention-covid-19\/","og_locale":"fr_FR","og_type":"article","og_title":"Subvention \"Pr\u00e9vention COVID 19\", jusqu'\u00e0 5 000 \u20ac pour les entreprises","og_description":"L\u2019Assurance Maladie offre une subvention \u00abPr\u00e9vention COVID\u00bb pour les \u00e9quipements de protection, allant jusqu\u2019\u00e0 50 % des investissements des TPE et PME.","og_url":"https:\/\/www.macapflag.com\/blog\/subvention-covid-19\/","og_site_name":"Blog - Macap","article_publisher":"https:\/\/www.facebook.com\/macap.pavoisement\/","article_published_time":"2020-05-28T07:08:25+00:00","article_modified_time":"2021-02-23T15:35:11+00:00","og_image":[{"width":700,"height":534,"url":"https:\/\/www.macapflag.com\/blog\/wp-content\/uploads\/2020\/05\/subvention-prev-covid19-TITRE-1.gif","type":"image\/gif"}],"author":"Blog Macap","twitter_card":"summary_large_image","twitter_misc":{"\u00c9crit par":"Blog Macap","Dur\u00e9e de lecture estim\u00e9e":"5 minutes"},"schema":{"@context":"https:\/\/schema.org","@graph":[{"@type":"Article","@id":"https:\/\/www.macapflag.com\/blog\/subvention-covid-19\/#article","isPartOf":{"@id":"https:\/\/www.macapflag.com\/blog\/subvention-covid-19\/"},"author":{"name":"Blog Macap","@id":"https:\/\/www.macapflag.com\/blog\/#\/schema\/person\/3fea701f2603875e651e6b662578fc3c"},"headline":"Prime de 50 % de vos investissements pour l\u2019achat d\u2019\u00e9quipements de protection du COVID-19","datePublished":"2020-05-28T07:08:25+00:00","dateModified":"2021-02-23T15:35:11+00:00","mainEntityOfPage":{"@id":"https:\/\/www.macapflag.com\/blog\/subvention-covid-19\/"},"wordCount":1088,"publisher":{"@id":"https:\/\/www.macapflag.com\/blog\/#organization"},"image":{"@id":"https:\/\/www.macapflag.com\/blog\/subvention-covid-19\/#primaryimage"},"thumbnailUrl":"https:\/\/www.macapflag.com\/blog\/wp-content\/uploads\/2020\/05\/subvention-prev-covid19-TITRE-1.gif","keywords":["5 000 euros de prime Covid 19","Aide Covid 19 pour les TPE et PME","Prime Covid 19","Subvention Covid 19","Subvention Pr\u00e9vention Covid 19"],"articleSection":["News &amp; Actu"],"inLanguage":"fr-FR"},{"@type":"WebPage","@id":"https:\/\/www.macapflag.com\/blog\/subvention-covid-19\/","url":"https:\/\/www.macapflag.com\/blog\/subvention-covid-19\/","name":"Subvention \"Pr\u00e9vention COVID 19\", jusqu'\u00e0 5 000 \u20ac pour les entreprises","isPartOf":{"@id":"https:\/\/www.macapflag.com\/blog\/#website"},"primaryImageOfPage":{"@id":"https:\/\/www.macapflag.com\/blog\/subvention-covid-19\/#primaryimage"},"image":{"@id":"https:\/\/www.macapflag.com\/blog\/subvention-covid-19\/#primaryimage"},"thumbnailUrl":"https:\/\/www.macapflag.com\/blog\/wp-content\/uploads\/2020\/05\/subvention-prev-covid19-TITRE-1.gif","datePublished":"2020-05-28T07:08:25+00:00","dateModified":"2021-02-23T15:35:11+00:00","description":"L\u2019Assurance Maladie offre une subvention \u00abPr\u00e9vention COVID\u00bb pour les \u00e9quipements de protection, allant jusqu\u2019\u00e0 50 % des investissements des TPE et PME.","breadcrumb":{"@id":"https:\/\/www.macapflag.com\/blog\/subvention-covid-19\/#breadcrumb"},"inLanguage":"fr-FR","potentialAction":[{"@type":"ReadAction","target":["https:\/\/www.macapflag.com\/blog\/subvention-covid-19\/"]}]},{"@type":"ImageObject","inLanguage":"fr-FR","@id":"https:\/\/www.macapflag.com\/blog\/subvention-covid-19\/#primaryimage","url":"https:\/\/www.macapflag.com\/blog\/wp-content\/uploads\/2020\/05\/subvention-prev-covid19-TITRE-1.gif","contentUrl":"https:\/\/www.macapflag.com\/blog\/wp-content\/uploads\/2020\/05\/subvention-prev-covid19-TITRE-1.gif","width":700,"height":534,"caption":"L\u2019Assurance Maladie \u2013 Risques professionnels offre une subvention \u00abPr\u00e9vention COVID\u00bb pour vos investissements des \u00e9quipements de protection, allant jusqu\u2019\u00e0 50 % de votre investissement."},{"@type":"BreadcrumbList","@id":"https:\/\/www.macapflag.com\/blog\/subvention-covid-19\/#breadcrumb","itemListElement":[{"@type":"ListItem","position":1,"name":"Accueil","item":"https:\/\/www.macapflag.com\/blog\/"},{"@type":"ListItem","position":2,"name":"Prime de 50 % de vos investissements pour l\u2019achat d\u2019\u00e9quipements de protection du COVID-19"}]},{"@type":"WebSite","@id":"https:\/\/www.macapflag.com\/blog\/#website","url":"https:\/\/www.macapflag.com\/blog\/","name":"Blog - Macap","description":"Tous nos articles","publisher":{"@id":"https:\/\/www.macapflag.com\/blog\/#organization"},"potentialAction":[{"@type":"SearchAction","target":{"@type":"EntryPoint","urlTemplate":"https:\/\/www.macapflag.com\/blog\/?s={search_term_string}"},"query-input":{"@type":"PropertyValueSpecification","valueRequired":true,"valueName":"search_term_string"}}],"inLanguage":"fr-FR"},{"@type":"Organization","@id":"https:\/\/www.macapflag.com\/blog\/#organization","name":"macapflag","url":"https:\/\/www.macapflag.com\/blog\/","logo":{"@type":"ImageObject","inLanguage":"fr-FR","@id":"https:\/\/www.macapflag.com\/blog\/#\/schema\/logo\/image\/","url":"https:\/\/www.macapflag.com\/blog\/wp-content\/uploads\/2020\/12\/cropped-M-512-1.png","contentUrl":"https:\/\/www.macapflag.com\/blog\/wp-content\/uploads\/2020\/12\/cropped-M-512-1.png","width":512,"height":512,"caption":"macapflag"},"image":{"@id":"https:\/\/www.macapflag.com\/blog\/#\/schema\/logo\/image\/"},"sameAs":["https:\/\/www.facebook.com\/macap.pavoisement\/","https:\/\/www.instagram.com\/macapflag\/?hl=fr","https:\/\/www.linkedin.com\/company\/macap\/?originalSubdomain=fr","https:\/\/www.youtube.com\/channel\/UCXNzTIdZh9poEBjSXEqDtNw"]},{"@type":"Person","@id":"https:\/\/www.macapflag.com\/blog\/#\/schema\/person\/3fea701f2603875e651e6b662578fc3c","name":"Blog Macap","image":{"@type":"ImageObject","inLanguage":"fr-FR","@id":"https:\/\/www.macapflag.com\/blog\/#\/schema\/person\/image\/","url":"https:\/\/secure.gravatar.com\/avatar\/c12551f2dc51f0db049633b03e7856985477a70da834cc8967dea4ce54bdd6a2?s=96&d=mm&r=g","contentUrl":"https:\/\/secure.gravatar.com\/avatar\/c12551f2dc51f0db049633b03e7856985477a70da834cc8967dea4ce54bdd6a2?s=96&d=mm&r=g","caption":"Blog Macap"},"url":"https:\/\/www.macapflag.com\/blog\/author\/macap\/"}]}},"_links":{"self":[{"href":"https:\/\/www.macapflag.com\/blog\/wp-json\/wp\/v2\/posts\/4886","targetHints":{"allow":["GET"]}}],"collection":[{"href":"https:\/\/www.macapflag.com\/blog\/wp-json\/wp\/v2\/posts"}],"about":[{"href":"https:\/\/www.macapflag.com\/blog\/wp-json\/wp\/v2\/types\/post"}],"author":[{"embeddable":true,"href":"https:\/\/www.macapflag.com\/blog\/wp-json\/wp\/v2\/users\/2"}],"replies":[{"embeddable":true,"href":"https:\/\/www.macapflag.com\/blog\/wp-json\/wp\/v2\/comments?post=4886"}],"version-history":[{"count":95,"href":"https:\/\/www.macapflag.com\/blog\/wp-json\/wp\/v2\/posts\/4886\/revisions"}],"predecessor-version":[{"id":6645,"href":"https:\/\/www.macapflag.com\/blog\/wp-json\/wp\/v2\/posts\/4886\/revisions\/6645"}],"wp:featuredmedia":[{"embeddable":true,"href":"https:\/\/www.macapflag.com\/blog\/wp-json\/wp\/v2\/media\/4930"}],"wp:attachment":[{"href":"https:\/\/www.macapflag.com\/blog\/wp-json\/wp\/v2\/media?parent=4886"}],"wp:term":[{"taxonomy":"category","embeddable":true,"href":"https:\/\/www.macapflag.com\/blog\/wp-json\/wp\/v2\/categories?post=4886"},{"taxonomy":"post_tag","embeddable":true,"href":"https:\/\/www.macapflag.com\/blog\/wp-json\/wp\/v2\/tags?post=4886"}],"curies":[{"name":"wp","href":"https:\/\/api.w.org\/{rel}","templated":true}]}}