{"id":5187,"date":"2020-07-17T08:40:25","date_gmt":"2020-07-17T06:40:25","guid":{"rendered":"https:\/\/www.macapflag.com\/blog\/?p=5187"},"modified":"2021-10-26T17:00:33","modified_gmt":"2021-10-26T15:00:33","slug":"macron-communication","status":"publish","type":"post","link":"https:\/\/www.macapflag.com\/blog\/macron-communication\/","title":{"rendered":"Emmanuel Macron ou une nouvelle forme de communication pr\u00e9sidentielle"},"content":{"rendered":"\t\t<div data-elementor-type=\"wp-post\" data-elementor-id=\"5187\" class=\"elementor elementor-5187\">\n\t\t\t\t\t\t<section class=\"elementor-section elementor-top-section elementor-element elementor-element-412b6ff elementor-section-boxed elementor-section-height-default elementor-section-height-default\" data-id=\"412b6ff\" data-element_type=\"section\">\n\t\t\t\t\t\t<div class=\"elementor-container elementor-column-gap-default\">\n\t\t\t\t\t<div class=\"elementor-column elementor-col-100 elementor-top-column elementor-element elementor-element-52f4f5d\" data-id=\"52f4f5d\" data-element_type=\"column\">\n\t\t\t<div class=\"elementor-widget-wrap elementor-element-populated\">\n\t\t\t\t\t\t<div class=\"elementor-element elementor-element-8778685 elementor-widget elementor-widget-text-editor\" data-id=\"8778685\" data-element_type=\"widget\" data-widget_type=\"text-editor.default\">\n\t\t\t\t<div class=\"elementor-widget-container\">\n\t\t\t\t\t\t\t\t\t<p style=\"text-align: justify;\"><span style=\"font-size: 14pt; color: #000000;\">Dans le domaine de la communication de l\u2019Etat, on peut dire que le Pr\u00e9sident Emmanuel Macron a souhait\u00e9 marquer un changement en modifiant consid\u00e9rablement les us et coutumes de ses pr\u00e9d\u00e9cesseurs dans sa mani\u00e8re de s\u2019adresser aux Fran\u00e7ais.<\/span><\/p>\n<p style=\"text-align: justify;\"><span style=\"font-size: 14pt; color: #000000;\">D\u00e8s le soir de son \u00e9lection, en traversant seul, solennellement, la cour Napol\u00e9on du Louvre faiblement \u00e9clair\u00e9e, il marque sa diff\u00e9rence par rapport \u00e0 ses pr\u00e9d\u00e9cesseurs. Outre la mise en sc\u00e8ne, le choix du lieu n\u2019est pas anodin. \u00c7a n\u2019est ni la place de la Concorde, souvent assimil\u00e9e \u00e0 la droite, ni celle de la Bastille famili\u00e8re \u00e0 la gauche. \u00c7a n\u2019est pas moins que l\u2019esplanade du Louvre qui sera choisie, un lieu aussi politiquement neutre que synonyme de culture.<\/span><\/p>\n<p style=\"text-align: justify;\"><span style=\"font-size: 14pt; color: #000000;\">Depuis cette \u00e9lection du 14 Mai 2017, Emmanuel Macron Pr\u00e9sident ne cessera de casser judicieusement les codes, de customiser les traditions tout en faisant cohabiter nouvelles technologies et symboles forts inh\u00e9rents \u00e0 sa fonction.<\/span><\/p>\t\t\t\t\t\t\t\t<\/div>\n\t\t\t\t<\/div>\n\t\t\t\t\t<\/div>\n\t\t<\/div>\n\t\t\t\t\t<\/div>\n\t\t<\/section>\n\t\t\t\t<section class=\"elementor-section elementor-top-section elementor-element elementor-element-f4bb14b elementor-section-boxed elementor-section-height-default elementor-section-height-default\" data-id=\"f4bb14b\" data-element_type=\"section\">\n\t\t\t\t\t\t<div class=\"elementor-container elementor-column-gap-default\">\n\t\t\t\t\t<div class=\"elementor-column elementor-col-100 elementor-top-column elementor-element elementor-element-cb2288c\" data-id=\"cb2288c\" data-element_type=\"column\">\n\t\t\t<div class=\"elementor-widget-wrap elementor-element-populated\">\n\t\t\t\t\t\t<div class=\"elementor-element elementor-element-52ed68d elementor-widget elementor-widget-text-editor\" data-id=\"52ed68d\" data-element_type=\"widget\" data-widget_type=\"text-editor.default\">\n\t\t\t\t<div class=\"elementor-widget-container\">\n\t\t\t\t\t\t\t\t\t<p style=\"text-align: justify;\"><span style=\"font-size: 14pt; color: #000000;\">Sur ce sujet, on ne r\u00e9siste pas \u00e0 l\u2019envie de citer Christian Monjou, conf\u00e9rencier magistral qui d\u00e9montre en s\u2019appuyant sur des faits historiques et des exemples artistiques qu\u2019aucun pouvoir ne peut tenir sans autorit\u00e9 ni l\u00e9gitimit\u00e9 et que, plus important que le pouvoir est l\u2019image du pouvoir.<\/span><br \/><span style=\"font-size: 14pt; color: #000000;\">Petite anecdote amusante, Christian Monjou, notamment professeur de chaire sup\u00e9rieure au lyc\u00e9e Henri IV, a eu comme \u00e9l\u00e8ve, Emmanuel Macron, alors en classe pr\u00e9pa Kh\u00e2gne dans cet \u00e9tablissement.<\/span><br \/><span style=\"font-size: 14pt; color: #000000;\">L\u2019\u00e9l\u00e8ve aurait-il bien retenu la le\u00e7on de son ma\u00eetre ?&#8230;<\/span><br \/><strong><span style=\"font-size: 14pt; color: #000000;\">Quels sont les \u00e9l\u00e9ments de communication diff\u00e9renciants du pr\u00e9sident Macron ?<\/span><\/strong><\/p>\t\t\t\t\t\t\t\t<\/div>\n\t\t\t\t<\/div>\n\t\t\t\t\t<\/div>\n\t\t<\/div>\n\t\t\t\t\t<\/div>\n\t\t<\/section>\n\t\t\t\t<section class=\"elementor-section elementor-top-section elementor-element elementor-element-109f3d1 elementor-section-boxed elementor-section-height-default elementor-section-height-default\" data-id=\"109f3d1\" data-element_type=\"section\">\n\t\t\t\t\t\t<div class=\"elementor-container elementor-column-gap-default\">\n\t\t\t\t\t<div class=\"elementor-column elementor-col-100 elementor-top-column elementor-element elementor-element-758e05d\" data-id=\"758e05d\" data-element_type=\"column\">\n\t\t\t<div class=\"elementor-widget-wrap elementor-element-populated\">\n\t\t\t\t\t\t<div class=\"elementor-element elementor-element-9b843ff elementor-widget elementor-widget-spacer\" data-id=\"9b843ff\" data-element_type=\"widget\" data-widget_type=\"spacer.default\">\n\t\t\t\t<div class=\"elementor-widget-container\">\n\t\t\t\t\t\t\t<div class=\"elementor-spacer\">\n\t\t\t<div class=\"elementor-spacer-inner\"><\/div>\n\t\t<\/div>\n\t\t\t\t\t\t<\/div>\n\t\t\t\t<\/div>\n\t\t\t\t\t<\/div>\n\t\t<\/div>\n\t\t\t\t\t<\/div>\n\t\t<\/section>\n\t\t\t\t<section class=\"elementor-section elementor-top-section elementor-element elementor-element-511d349 elementor-section-boxed elementor-section-height-default elementor-section-height-default\" data-id=\"511d349\" data-element_type=\"section\">\n\t\t\t\t\t\t<div class=\"elementor-container elementor-column-gap-default\">\n\t\t\t\t\t<div class=\"elementor-column elementor-col-100 elementor-top-column elementor-element elementor-element-d4afa8d\" data-id=\"d4afa8d\" data-element_type=\"column\">\n\t\t\t<div class=\"elementor-widget-wrap elementor-element-populated\">\n\t\t\t\t\t\t<div class=\"elementor-element elementor-element-eb4486d elementor-widget elementor-widget-text-editor\" data-id=\"eb4486d\" data-element_type=\"widget\" data-widget_type=\"text-editor.default\">\n\t\t\t\t<div class=\"elementor-widget-container\">\n\t\t\t\t\t\t\t\t\t<p style=\"text-align: justify;\"><span style=\"font-size: 14pt; color: #000000;\">Commen\u00e7ons par <strong>la photo officielle<\/strong>, symbole fort de l\u2019entr\u00e9e en fonction d\u2019un pr\u00e9sident. Celle d\u2019Emmanuel Macron ne ressemble \u00e0 aucune autre.<\/span><br \/><span style=\"font-size: 14pt; color: #000000;\">Fran\u00e7ois Hollande et Jacques Chirac avaient fait le choix d\u2019une photo cadr\u00e9e fa\u00e7on plan am\u00e9ricain, en ext\u00e9rieur avec le Palais de l\u2019Elys\u00e9e en fond.<\/span><br \/><span style=\"font-size: 14pt; color: #000000;\">Nicolas Sarkozy avait \u00e9galement opt\u00e9 pour une photo en plan am\u00e9ricain mais prise en int\u00e9rieur, devant une biblioth\u00e8que charg\u00e9e de livres aux dorures fines. Cette mise en sc\u00e8ne rappelait d\u2019ailleurs fortement celle de la photo officielle des pr\u00e9sidents Mitterrand et Pompidou, quelques attributs en moins et les <a href=\"https:\/\/www.macapflag.com\/drapeau-officiel\/303-drapeau-officiel-classique-francais.html\" target=\"_blank\" rel=\"noopener\"><span style=\"color: #3366ff;\"><strong>drapeaux fran\u00e7ais<\/strong><\/span><\/a> et <span style=\"color: #3366ff;\"><strong><a style=\"color: #3366ff;\" href=\"https:\/\/www.macapflag.com\/drapeau-officiel\/304-drapeau-officiel-classique-union-europeenne.html\" target=\"_blank\" rel=\"noopener\">europ\u00e9en<\/a><\/strong><\/span> en plus.<\/span><\/p>\t\t\t\t\t\t\t\t<\/div>\n\t\t\t\t<\/div>\n\t\t\t\t\t<\/div>\n\t\t<\/div>\n\t\t\t\t\t<\/div>\n\t\t<\/section>\n\t\t\t\t<section class=\"elementor-section elementor-top-section elementor-element elementor-element-7d18dbf elementor-section-boxed elementor-section-height-default elementor-section-height-default\" data-id=\"7d18dbf\" data-element_type=\"section\">\n\t\t\t\t\t\t<div class=\"elementor-container elementor-column-gap-default\">\n\t\t\t\t\t<div class=\"elementor-column elementor-col-100 elementor-top-column elementor-element elementor-element-0c73354\" data-id=\"0c73354\" data-element_type=\"column\">\n\t\t\t<div class=\"elementor-widget-wrap elementor-element-populated\">\n\t\t\t\t\t\t<div class=\"elementor-element elementor-element-1c9feed elementor-widget elementor-widget-text-editor\" data-id=\"1c9feed\" data-element_type=\"widget\" data-widget_type=\"text-editor.default\">\n\t\t\t\t<div class=\"elementor-widget-container\">\n\t\t\t\t\t\t\t\t\t<p style=\"text-align: justify;\"><span style=\"font-size: 14pt;\"><span style=\"color: #000000;\">Emmanuel Macron lui, choisit un portrait officiel novateur. Une photo prise en int\u00e9rieur mais devant une fen\u00eatre grande ouverte sur l\u2019ext\u00e9rieur avec un pr\u00e9sident qui fait face \u00e0 l\u2019objectif, une posture debout et tr\u00e8s verticale mais en appui sur son bureau. Une fa\u00e7on d\u2019indiquer qu\u2019il est d\u00e9j\u00e0 au travail. Sur ce bureau sont dispos\u00e9s une horloge, un livre et un t\u00e9l\u00e9phone portable. Le message est clair, Emmanuel Macron est un pr\u00e9sident s\u00fbr de lui, d\u00e9j\u00e0 au travail, qui g\u00e8re son temps, un homme moderne et ouvert \u00e0 ce qui l\u2019entoure et aux nouvelles technologies.<\/span> <\/span><\/p>\t\t\t\t\t\t\t\t<\/div>\n\t\t\t\t<\/div>\n\t\t\t\t\t<\/div>\n\t\t<\/div>\n\t\t\t\t\t<\/div>\n\t\t<\/section>\n\t\t\t\t<section class=\"elementor-section elementor-top-section elementor-element elementor-element-27a3082 elementor-section-boxed elementor-section-height-default elementor-section-height-default\" data-id=\"27a3082\" data-element_type=\"section\">\n\t\t\t\t\t\t<div class=\"elementor-container elementor-column-gap-default\">\n\t\t\t\t\t<div class=\"elementor-column elementor-col-100 elementor-top-column elementor-element elementor-element-de5a9c7\" data-id=\"de5a9c7\" data-element_type=\"column\">\n\t\t\t<div class=\"elementor-widget-wrap elementor-element-populated\">\n\t\t\t\t\t\t<div class=\"elementor-element elementor-element-c97e286 elementor-widget elementor-widget-spacer\" data-id=\"c97e286\" data-element_type=\"widget\" data-widget_type=\"spacer.default\">\n\t\t\t\t<div class=\"elementor-widget-container\">\n\t\t\t\t\t\t\t<div class=\"elementor-spacer\">\n\t\t\t<div class=\"elementor-spacer-inner\"><\/div>\n\t\t<\/div>\n\t\t\t\t\t\t<\/div>\n\t\t\t\t<\/div>\n\t\t\t\t\t<\/div>\n\t\t<\/div>\n\t\t\t\t\t<\/div>\n\t\t<\/section>\n\t\t\t\t<section class=\"elementor-section elementor-top-section elementor-element elementor-element-a5f3917 elementor-section-boxed elementor-section-height-default elementor-section-height-default\" data-id=\"a5f3917\" data-element_type=\"section\">\n\t\t\t\t\t\t<div class=\"elementor-container elementor-column-gap-default\">\n\t\t\t\t\t<div class=\"elementor-column elementor-col-100 elementor-top-column elementor-element elementor-element-8444d81\" data-id=\"8444d81\" data-element_type=\"column\">\n\t\t\t<div class=\"elementor-widget-wrap elementor-element-populated\">\n\t\t\t\t\t\t<div class=\"elementor-element elementor-element-fcafebb elementor-widget elementor-widget-text-editor\" data-id=\"fcafebb\" data-element_type=\"widget\" data-widget_type=\"text-editor.default\">\n\t\t\t\t<div class=\"elementor-widget-container\">\n\t\t\t\t\t\t\t\t\t<p style=\"text-align: justify;\"><span style=\"font-size: 14pt; color: #000000;\">Attardons nous ensuite sur <strong>le pupitre pr\u00e9sidentiel<\/strong>&#8230;<\/span><br \/><span style=\"font-size: 14pt; color: #000000;\">Emmanuel Macron a fait le choix d\u2019un pupitre de forme originale qui ressemble \u00e0 la proue d\u2019un bateau. Il n\u2019est d\u2019ailleurs pas sans rappeler celui qu&#8217;utilisait Fran\u00e7ois Mitterrand pendant sa pr\u00e9sidence. <\/span><br \/><span style=\"font-size: 14pt; color: #000000;\">Contrairement \u00e0 ses pr\u00e9d\u00e9cesseurs, Emmanuel Macron a conserv\u00e9 son pupitre de candidat apr\u00e8s son \u00e9lection.<\/span><\/p>\t\t\t\t\t\t\t\t<\/div>\n\t\t\t\t<\/div>\n\t\t\t\t\t<\/div>\n\t\t<\/div>\n\t\t\t\t\t<\/div>\n\t\t<\/section>\n\t\t\t\t<section class=\"elementor-section elementor-top-section elementor-element elementor-element-68bfcf1 elementor-section-boxed elementor-section-height-default elementor-section-height-default\" data-id=\"68bfcf1\" data-element_type=\"section\">\n\t\t\t\t\t\t<div class=\"elementor-container elementor-column-gap-default\">\n\t\t\t\t\t<div class=\"elementor-column elementor-col-100 elementor-top-column elementor-element elementor-element-dfc6ae5\" data-id=\"dfc6ae5\" data-element_type=\"column\">\n\t\t\t<div class=\"elementor-widget-wrap elementor-element-populated\">\n\t\t\t\t\t\t<div class=\"elementor-element elementor-element-cb42f8f elementor-widget elementor-widget-text-editor\" data-id=\"cb42f8f\" data-element_type=\"widget\" data-widget_type=\"text-editor.default\">\n\t\t\t\t<div class=\"elementor-widget-container\">\n\t\t\t\t\t\t\t\t\t<p><span style=\"font-size: 14pt; color: #000000;\">Sur son compte Twitter, Valerio Motta, ancien Dircom du Parti Socialiste et aujourd\u2019hui conseiller en communication, se d\u00e9lecte de chacun de ces d\u00e9tails allant du choix du pupitre \u00e0 la discr\u00e8te modification apport\u00e9e au logo de l\u2019Elys\u00e9e\u2026 Penchons-nous sur ce logo&#8230;<\/span><\/p>\t\t\t\t\t\t\t\t<\/div>\n\t\t\t\t<\/div>\n\t\t\t\t\t<\/div>\n\t\t<\/div>\n\t\t\t\t\t<\/div>\n\t\t<\/section>\n\t\t\t\t<section class=\"elementor-section elementor-top-section elementor-element elementor-element-3d30e28 elementor-section-boxed elementor-section-height-default elementor-section-height-default\" data-id=\"3d30e28\" data-element_type=\"section\">\n\t\t\t\t\t\t<div class=\"elementor-container elementor-column-gap-default\">\n\t\t\t\t\t<div class=\"elementor-column elementor-col-100 elementor-top-column elementor-element elementor-element-2ac5170\" data-id=\"2ac5170\" data-element_type=\"column\">\n\t\t\t<div class=\"elementor-widget-wrap elementor-element-populated\">\n\t\t\t\t\t\t<div class=\"elementor-element elementor-element-e9d00df elementor-widget elementor-widget-text-editor\" data-id=\"e9d00df\" data-element_type=\"widget\" data-widget_type=\"text-editor.default\">\n\t\t\t\t<div class=\"elementor-widget-container\">\n\t\t\t\t\t\t\t\t\t<p style=\"text-align: justify;\"><span style=\"font-size: 14pt; color: #000000;\">On appelle <strong>logo de l\u2019Elys\u00e9e, le faisceau de licteur<\/strong> devenu l\u2019un des symboles de la R\u00e9publique fran\u00e7aise \u00e0 la chute de la Monarchie. Utilis\u00e9 comme embl\u00e8me par le minist\u00e8re des affaires \u00e9trang\u00e8res et la pr\u00e9sidence de la r\u00e9publique, ce logo a \u00e9t\u00e9 modifi\u00e9 en Septembre 2018. <\/span><br \/><span style=\"font-size: 14pt; color: #000000;\">Le palais de l\u2019Elys\u00e9e a indiqu\u00e9 qu\u2019il s\u2019agissait du nouveau logo de la pr\u00e9sidence pour la dur\u00e9e du mandat. Au-dessus des lettres RF, entre les branches de ch\u00eane et d\u2019olivier s\u2019est install\u00e9e une croix de Lorraine. L\u2019apparition de ce discret attribut n\u2019est \u00e9videmment pas pass\u00e9e inaper\u00e7ue et tout le monde s\u2019accorde sur la symbolique forte de cette croix, r\u00e9f\u00e9rence immuable au G\u00e9n\u00e9ral de Gaulle.<\/span><br \/><span style=\"font-size: 14pt; color: #000000;\">D\u2019un point de vue plus graphique, le logo a \u00e9t\u00e9 stylis\u00e9 et all\u00e9g\u00e9 pour \u00eatre plus en phase avec les tendances actuelles.<\/span><\/p>\t\t\t\t\t\t\t\t<\/div>\n\t\t\t\t<\/div>\n\t\t\t\t\t<\/div>\n\t\t<\/div>\n\t\t\t\t\t<\/div>\n\t\t<\/section>\n\t\t\t\t<section class=\"elementor-section elementor-top-section elementor-element elementor-element-0cf42b5 elementor-section-boxed elementor-section-height-default elementor-section-height-default\" data-id=\"0cf42b5\" data-element_type=\"section\">\n\t\t\t\t\t\t<div class=\"elementor-container elementor-column-gap-default\">\n\t\t\t\t\t<div class=\"elementor-column elementor-col-100 elementor-top-column elementor-element elementor-element-6951c99\" data-id=\"6951c99\" data-element_type=\"column\">\n\t\t\t<div class=\"elementor-widget-wrap elementor-element-populated\">\n\t\t\t\t\t\t<div class=\"elementor-element elementor-element-bb7477b elementor-widget elementor-widget-image\" data-id=\"bb7477b\" data-element_type=\"widget\" data-widget_type=\"image.default\">\n\t\t\t\t<div class=\"elementor-widget-container\">\n\t\t\t\t\t\t\t\t\t\t\t\t\t\t\t<img fetchpriority=\"high\" decoding=\"async\" width=\"700\" height=\"534\" src=\"https:\/\/www.macapflag.com\/blog\/wp-content\/uploads\/2020\/06\/logo-elysee-faisceau-de-licteur.jpg\" class=\"attachment-large size-large wp-image-5203\" alt=\"\" srcset=\"https:\/\/www.macapflag.com\/blog\/wp-content\/uploads\/2020\/06\/logo-elysee-faisceau-de-licteur.jpg 700w, https:\/\/www.macapflag.com\/blog\/wp-content\/uploads\/2020\/06\/logo-elysee-faisceau-de-licteur-300x229.jpg 300w, https:\/\/www.macapflag.com\/blog\/wp-content\/uploads\/2020\/06\/logo-elysee-faisceau-de-licteur-80x60.jpg 80w, https:\/\/www.macapflag.com\/blog\/wp-content\/uploads\/2020\/06\/logo-elysee-faisceau-de-licteur-696x531.jpg 696w, https:\/\/www.macapflag.com\/blog\/wp-content\/uploads\/2020\/06\/logo-elysee-faisceau-de-licteur-551x420.jpg 551w\" sizes=\"(max-width: 700px) 100vw, 700px\" \/>\t\t\t\t\t\t\t\t\t\t\t\t\t\t\t<\/div>\n\t\t\t\t<\/div>\n\t\t\t\t\t<\/div>\n\t\t<\/div>\n\t\t\t\t\t<\/div>\n\t\t<\/section>\n\t\t\t\t<section class=\"elementor-section elementor-top-section elementor-element elementor-element-7a08284 elementor-section-boxed elementor-section-height-default elementor-section-height-default\" data-id=\"7a08284\" data-element_type=\"section\">\n\t\t\t\t\t\t<div class=\"elementor-container elementor-column-gap-default\">\n\t\t\t\t\t<div class=\"elementor-column elementor-col-100 elementor-top-column elementor-element elementor-element-89af4f6\" data-id=\"89af4f6\" data-element_type=\"column\">\n\t\t\t<div class=\"elementor-widget-wrap elementor-element-populated\">\n\t\t\t\t\t\t<div class=\"elementor-element elementor-element-9a9ff4d elementor-widget elementor-widget-spacer\" data-id=\"9a9ff4d\" data-element_type=\"widget\" data-widget_type=\"spacer.default\">\n\t\t\t\t<div class=\"elementor-widget-container\">\n\t\t\t\t\t\t\t<div class=\"elementor-spacer\">\n\t\t\t<div class=\"elementor-spacer-inner\"><\/div>\n\t\t<\/div>\n\t\t\t\t\t\t<\/div>\n\t\t\t\t<\/div>\n\t\t\t\t\t<\/div>\n\t\t<\/div>\n\t\t\t\t\t<\/div>\n\t\t<\/section>\n\t\t\t\t<section class=\"elementor-section elementor-top-section elementor-element elementor-element-914ac44 elementor-section-boxed elementor-section-height-default elementor-section-height-default\" data-id=\"914ac44\" data-element_type=\"section\">\n\t\t\t\t\t\t<div class=\"elementor-container elementor-column-gap-default\">\n\t\t\t\t\t<div class=\"elementor-column elementor-col-100 elementor-top-column elementor-element elementor-element-29fc899\" data-id=\"29fc899\" data-element_type=\"column\">\n\t\t\t<div class=\"elementor-widget-wrap elementor-element-populated\">\n\t\t\t\t\t\t<div class=\"elementor-element elementor-element-fff2268 elementor-widget elementor-widget-text-editor\" data-id=\"fff2268\" data-element_type=\"widget\" data-widget_type=\"text-editor.default\">\n\t\t\t\t<div class=\"elementor-widget-container\">\n\t\t\t\t\t\t\t\t\t<p style=\"text-align: justify;\"><span style=\"font-size: 14pt; color: #000000;\">Ce ph\u00e9nom\u00e8ne de modernisation se retrouve aussi dans <strong>le programme de r\u00e9novation et de d\u00e9coration des r\u00e9sidences de la R\u00e9publique<\/strong> initi\u00e9 par le couple Macron. <\/span><br \/><span style=\"font-size: 14pt; color: #000000;\">D\u00e8s le 15 Octobre 2017, lors d\u2019une allocution t\u00e9l\u00e9vis\u00e9e du Pr\u00e9sident Macron, de nouvelles \u0153uvres apparaissent sur les murs du bureau pr\u00e9sidentiel. Chacun remarque notamment <strong>la nouvelle Marianne dessin\u00e9e par Shepard Fairey<\/strong>, figure reconnue du street art am\u00e9ricain (\u00e0 qui l\u2019on doit l\u2019affiche \u201cHope\u201d utilis\u00e9e par Barack Obama pour sa campagne).<\/span><br \/><span style=\"font-size: 14pt; color: #000000;\">Shepard Fairey a initialement cr\u00e9\u00e9 cette \u0153uvre d\u00e9nomm\u00e9e \u201cLibert\u00e9 Egalit\u00e9 Fraternit\u00e9\u201d en r\u00e9action aux attentats qui ont touch\u00e9 la France en 2015. Il a peint cette Marianne en noir et blanc sur fond de drapeau fran\u00e7ais sur une fa\u00e7ade d\u2019un HLM du 13\u00e8me arrondissement.<\/span><br \/><span style=\"font-size: 14pt; color: #000000;\">Une version plus petite tr\u00f4ne aujourd\u2019hui dans le bureau du pr\u00e9sident o\u00f9 elle c\u00f4toie d\u2019autres \u0153uvres d\u2019artistes contemporains tels Pierre Alechinsky, Nicolas de Sta\u00ebl ou encore Robert Delaunay. <\/span><\/p>\t\t\t\t\t\t\t\t<\/div>\n\t\t\t\t<\/div>\n\t\t\t\t\t<\/div>\n\t\t<\/div>\n\t\t\t\t\t<\/div>\n\t\t<\/section>\n\t\t\t\t<section class=\"elementor-section elementor-top-section elementor-element elementor-element-95411ba elementor-section-boxed elementor-section-height-default elementor-section-height-default\" data-id=\"95411ba\" data-element_type=\"section\">\n\t\t\t\t\t\t<div class=\"elementor-container elementor-column-gap-default\">\n\t\t\t\t\t<div class=\"elementor-column elementor-col-100 elementor-top-column elementor-element elementor-element-6d166b7\" data-id=\"6d166b7\" data-element_type=\"column\">\n\t\t\t<div class=\"elementor-widget-wrap elementor-element-populated\">\n\t\t\t\t\t\t<div class=\"elementor-element elementor-element-1513cfd elementor-widget elementor-widget-image\" data-id=\"1513cfd\" data-element_type=\"widget\" data-widget_type=\"image.default\">\n\t\t\t\t<div class=\"elementor-widget-container\">\n\t\t\t\t\t\t\t\t\t\t\t\t\t\t\t<img decoding=\"async\" width=\"700\" height=\"534\" src=\"https:\/\/www.macapflag.com\/blog\/wp-content\/uploads\/2020\/06\/residences-republique.gif\" class=\"attachment-large size-large wp-image-5206\" alt=\"La r\u00e9novation des r\u00e9sidences de la r\u00e9publique lanc\u00e9e par E. Macron\" \/>\t\t\t\t\t\t\t\t\t\t\t\t\t\t\t<\/div>\n\t\t\t\t<\/div>\n\t\t\t\t\t<\/div>\n\t\t<\/div>\n\t\t\t\t\t<\/div>\n\t\t<\/section>\n\t\t\t\t<section class=\"elementor-section elementor-top-section elementor-element elementor-element-8843ab4 elementor-section-boxed elementor-section-height-default elementor-section-height-default\" data-id=\"8843ab4\" data-element_type=\"section\">\n\t\t\t\t\t\t<div class=\"elementor-container elementor-column-gap-default\">\n\t\t\t\t\t<div class=\"elementor-column elementor-col-100 elementor-top-column elementor-element elementor-element-fe495b3\" data-id=\"fe495b3\" data-element_type=\"column\">\n\t\t\t<div class=\"elementor-widget-wrap elementor-element-populated\">\n\t\t\t\t\t\t<div class=\"elementor-element elementor-element-7de0fa1 elementor-widget elementor-widget-text-editor\" data-id=\"7de0fa1\" data-element_type=\"widget\" data-widget_type=\"text-editor.default\">\n\t\t\t\t<div class=\"elementor-widget-container\">\n\t\t\t\t\t\t\t\t\t<p style=\"text-align: justify;\"><span style=\"font-size: 14pt; color: #000000;\">Fin 2018, la salle des f\u00eates de l\u2019Elys\u00e9e a \u00e9galement \u00e9t\u00e9 totalement r\u00e9nov\u00e9e pour devenir moins dor\u00e9e et plus lumineuse. Les tons gris\u00e9s sont venus remplacer les dorures et le rouge empire.<\/span>\n<span style=\"font-size: 14pt; color: #000000;\">Si le co\u00fbt de cette r\u00e9fection a fait grincer des dents certaines personnes en pleine crise des gilets jaunes, elle s\u2019int\u00e8gre n\u00e9anmoins dans un plan de communication bien \u00e9tabli.<\/span>\n<span style=\"font-size: 14pt; color: #000000;\">Le pr\u00e9sident Macron l\u2019a dit lui-m\u00eame, il souhaite faire de l\u2019Elys\u00e9e une vitrine de la France.<\/span><\/p>\t\t\t\t\t\t\t\t<\/div>\n\t\t\t\t<\/div>\n\t\t\t\t\t<\/div>\n\t\t<\/div>\n\t\t\t\t\t<\/div>\n\t\t<\/section>\n\t\t\t\t<section class=\"elementor-section elementor-top-section elementor-element elementor-element-68aebe0 elementor-section-boxed elementor-section-height-default elementor-section-height-default\" data-id=\"68aebe0\" data-element_type=\"section\">\n\t\t\t\t\t\t<div class=\"elementor-container elementor-column-gap-default\">\n\t\t\t\t\t<div class=\"elementor-column elementor-col-100 elementor-top-column elementor-element elementor-element-494f0a2\" data-id=\"494f0a2\" data-element_type=\"column\">\n\t\t\t<div class=\"elementor-widget-wrap elementor-element-populated\">\n\t\t\t\t\t\t<div class=\"elementor-element elementor-element-81af1d4 elementor-widget elementor-widget-image\" data-id=\"81af1d4\" data-element_type=\"widget\" data-widget_type=\"image.default\">\n\t\t\t\t<div class=\"elementor-widget-container\">\n\t\t\t\t\t\t\t\t\t\t\t\t\t\t\t<img decoding=\"async\" width=\"700\" height=\"534\" src=\"https:\/\/www.macapflag.com\/blog\/wp-content\/uploads\/2020\/06\/salle-des-fetes-elysee.gif\" class=\"attachment-large size-large wp-image-5209\" alt=\"La salle des f\u00eates de l&#039;Elys\u00e9e a \u00e9t\u00e9 totalement r\u00e9nov\u00e9e en 2018\" \/>\t\t\t\t\t\t\t\t\t\t\t\t\t\t\t<\/div>\n\t\t\t\t<\/div>\n\t\t\t\t\t<\/div>\n\t\t<\/div>\n\t\t\t\t\t<\/div>\n\t\t<\/section>\n\t\t\t\t<section class=\"elementor-section elementor-top-section elementor-element elementor-element-500fe1d elementor-section-boxed elementor-section-height-default elementor-section-height-default\" data-id=\"500fe1d\" data-element_type=\"section\">\n\t\t\t\t\t\t<div class=\"elementor-container elementor-column-gap-default\">\n\t\t\t\t\t<div class=\"elementor-column elementor-col-100 elementor-top-column elementor-element elementor-element-505ab25\" data-id=\"505ab25\" data-element_type=\"column\">\n\t\t\t<div class=\"elementor-widget-wrap elementor-element-populated\">\n\t\t\t\t\t\t<div class=\"elementor-element elementor-element-2d04245 elementor-widget elementor-widget-spacer\" data-id=\"2d04245\" data-element_type=\"widget\" data-widget_type=\"spacer.default\">\n\t\t\t\t<div class=\"elementor-widget-container\">\n\t\t\t\t\t\t\t<div class=\"elementor-spacer\">\n\t\t\t<div class=\"elementor-spacer-inner\"><\/div>\n\t\t<\/div>\n\t\t\t\t\t\t<\/div>\n\t\t\t\t<\/div>\n\t\t\t\t\t<\/div>\n\t\t<\/div>\n\t\t\t\t\t<\/div>\n\t\t<\/section>\n\t\t\t\t<section class=\"elementor-section elementor-top-section elementor-element elementor-element-61eb9d0 elementor-section-boxed elementor-section-height-default elementor-section-height-default\" data-id=\"61eb9d0\" data-element_type=\"section\">\n\t\t\t\t\t\t<div class=\"elementor-container elementor-column-gap-default\">\n\t\t\t\t\t<div class=\"elementor-column elementor-col-100 elementor-top-column elementor-element elementor-element-c9d0e96\" data-id=\"c9d0e96\" data-element_type=\"column\">\n\t\t\t<div class=\"elementor-widget-wrap elementor-element-populated\">\n\t\t\t\t\t\t<div class=\"elementor-element elementor-element-8c63fa4 elementor-widget elementor-widget-text-editor\" data-id=\"8c63fa4\" data-element_type=\"widget\" data-widget_type=\"text-editor.default\">\n\t\t\t\t<div class=\"elementor-widget-container\">\n\t\t\t\t\t\t\t\t\t<p style=\"text-align: justify;\"><span style=\"font-size: 14pt; color: #000000;\">Le site internet de l\u2019Elys\u00e9e suit cette m\u00eame mouvance puisqu\u2019il a \u00e9galement \u00e9t\u00e9 totalement repens\u00e9. \u00c9pur\u00e9, efficace, il laisse la part belle aux photos, notamment des nombreuses salles de l\u2019Elys\u00e9e red\u00e9cor\u00e9es. Comme indiqu\u00e9 lors de la campagne \u00e9lectorale d\u2019Emmanuel Macron, le r\u00f4le de la premi\u00e8re dame est affirm\u00e9 et transparent, photos et agenda \u00e0 l\u2019appui.<\/span><\/p>\t\t\t\t\t\t\t\t<\/div>\n\t\t\t\t<\/div>\n\t\t\t\t\t<\/div>\n\t\t<\/div>\n\t\t\t\t\t<\/div>\n\t\t<\/section>\n\t\t\t\t<section class=\"elementor-section elementor-top-section elementor-element elementor-element-2a77766 elementor-section-boxed elementor-section-height-default elementor-section-height-default\" data-id=\"2a77766\" data-element_type=\"section\">\n\t\t\t\t\t\t<div class=\"elementor-container elementor-column-gap-default\">\n\t\t\t\t\t<div class=\"elementor-column elementor-col-100 elementor-top-column elementor-element elementor-element-18f9af2\" data-id=\"18f9af2\" data-element_type=\"column\">\n\t\t\t<div class=\"elementor-widget-wrap elementor-element-populated\">\n\t\t\t\t\t\t<div class=\"elementor-element elementor-element-5a0fa8d elementor-widget elementor-widget-image\" data-id=\"5a0fa8d\" data-element_type=\"widget\" data-widget_type=\"image.default\">\n\t\t\t\t<div class=\"elementor-widget-container\">\n\t\t\t\t\t\t\t\t\t\t\t\t\t\t\t<img loading=\"lazy\" decoding=\"async\" width=\"700\" height=\"534\" src=\"https:\/\/www.macapflag.com\/blog\/wp-content\/uploads\/2020\/06\/nouveau-site-internet-elysee.jpg\" class=\"attachment-large size-large wp-image-5233\" alt=\"L&#039;Elys\u00e9e dispose d&#039;un site internet relook\u00e9 par Emmanuel Macron\" srcset=\"https:\/\/www.macapflag.com\/blog\/wp-content\/uploads\/2020\/06\/nouveau-site-internet-elysee.jpg 700w, https:\/\/www.macapflag.com\/blog\/wp-content\/uploads\/2020\/06\/nouveau-site-internet-elysee-300x229.jpg 300w, https:\/\/www.macapflag.com\/blog\/wp-content\/uploads\/2020\/06\/nouveau-site-internet-elysee-80x60.jpg 80w, https:\/\/www.macapflag.com\/blog\/wp-content\/uploads\/2020\/06\/nouveau-site-internet-elysee-696x531.jpg 696w, https:\/\/www.macapflag.com\/blog\/wp-content\/uploads\/2020\/06\/nouveau-site-internet-elysee-551x420.jpg 551w\" sizes=\"(max-width: 700px) 100vw, 700px\" \/>\t\t\t\t\t\t\t\t\t\t\t\t\t\t\t<\/div>\n\t\t\t\t<\/div>\n\t\t\t\t\t<\/div>\n\t\t<\/div>\n\t\t\t\t\t<\/div>\n\t\t<\/section>\n\t\t\t\t<section class=\"elementor-section elementor-top-section elementor-element elementor-element-c1fd6cb elementor-section-boxed elementor-section-height-default elementor-section-height-default\" data-id=\"c1fd6cb\" data-element_type=\"section\">\n\t\t\t\t\t\t<div class=\"elementor-container elementor-column-gap-default\">\n\t\t\t\t\t<div class=\"elementor-column elementor-col-100 elementor-top-column elementor-element elementor-element-97f2580\" data-id=\"97f2580\" data-element_type=\"column\">\n\t\t\t<div class=\"elementor-widget-wrap elementor-element-populated\">\n\t\t\t\t\t\t<div class=\"elementor-element elementor-element-8102bda elementor-widget elementor-widget-text-editor\" data-id=\"8102bda\" data-element_type=\"widget\" data-widget_type=\"text-editor.default\">\n\t\t\t\t<div class=\"elementor-widget-container\">\n\t\t\t\t\t\t\t\t\t<p style=\"text-align: justify;\"><span style=\"font-size: 14pt; color: #000000;\">Et puis surtout, surtout\u2026 Ce site internet est \u00e9quip\u00e9 d\u2019une grande nouveaut\u00e9 \u201c\u00e0 l\u2019am\u00e9ricaine\u201d ! <strong>L\u2019Elys\u00e9e commercialise des goodies au travers de sa boutique officielle en ligne<\/strong>. Et on y trouve de tout, tant que c\u2019est bleu blanc rouge ! De la mode d\u2019abord, avec des collections capsules r\u00e9alis\u00e9es par des marques fran\u00e7aises (Saint James, Le slip fran\u00e7ais), des objets de l\u2019univers de la maison (d\u00e9coration, papeterie, jouets pour enfants) et des objets souvenirs plus classiques.<\/span><br \/><span style=\"font-size: 14pt; color: #000000;\">Tenez-vous bien, outre la boule \u00e0 neige du Palais de l\u2019Elys\u00e9e, vous pouvez aussi acheter la r\u00e9plique du chien Nemo en version peluche ou objet en bois \u00e0 roulettes.<\/span><br \/><span style=\"font-size: 14pt; color: #000000;\">Tout ceci pour la bonne cause ! Le b\u00e9n\u00e9fice de ces ventes sert \u00e0 la sauvegarde du patrimoine de l\u2019Elys\u00e9e et une partie est revers\u00e9e \u00e0 des associations (S.P.A.). L<\/span><span style=\"font-size: 14pt; color: #000000;\">ien vers la boutique :\u00a0<a href=\"https:\/\/boutique.elysee.fr\/fr\/\" target=\"_blank\" rel=\"noopener\"><strong><span style=\"color: #3366ff;\">https:\/\/boutique.elysee.fr\/fr\/ <\/span><\/strong><\/a><\/span><\/p>\t\t\t\t\t\t\t\t<\/div>\n\t\t\t\t<\/div>\n\t\t\t\t\t<\/div>\n\t\t<\/div>\n\t\t\t\t\t<\/div>\n\t\t<\/section>\n\t\t\t\t<section class=\"elementor-section elementor-top-section elementor-element elementor-element-2d72747 elementor-section-boxed elementor-section-height-default elementor-section-height-default\" data-id=\"2d72747\" data-element_type=\"section\">\n\t\t\t\t\t\t<div class=\"elementor-container elementor-column-gap-default\">\n\t\t\t\t\t<div class=\"elementor-column elementor-col-100 elementor-top-column elementor-element elementor-element-3c64a3e\" data-id=\"3c64a3e\" data-element_type=\"column\">\n\t\t\t<div class=\"elementor-widget-wrap elementor-element-populated\">\n\t\t\t\t\t\t<div class=\"elementor-element elementor-element-032f882 elementor-widget elementor-widget-image\" data-id=\"032f882\" data-element_type=\"widget\" data-widget_type=\"image.default\">\n\t\t\t\t<div class=\"elementor-widget-container\">\n\t\t\t\t\t\t\t\t\t\t\t\t\t\t\t<img loading=\"lazy\" decoding=\"async\" width=\"700\" height=\"534\" src=\"https:\/\/www.macapflag.com\/blog\/wp-content\/uploads\/2020\/06\/goodies-elysee.gif\" class=\"attachment-large size-large wp-image-5213\" alt=\"Les goodies et objets vendus sur le site officiel de l&#039;Elys\u00e9e\" \/>\t\t\t\t\t\t\t\t\t\t\t\t\t\t\t<\/div>\n\t\t\t\t<\/div>\n\t\t\t\t\t<\/div>\n\t\t<\/div>\n\t\t\t\t\t<\/div>\n\t\t<\/section>\n\t\t\t\t<section class=\"elementor-section elementor-top-section elementor-element elementor-element-c612867 elementor-section-boxed elementor-section-height-default elementor-section-height-default\" data-id=\"c612867\" data-element_type=\"section\">\n\t\t\t\t\t\t<div class=\"elementor-container elementor-column-gap-default\">\n\t\t\t\t\t<div class=\"elementor-column elementor-col-100 elementor-top-column elementor-element elementor-element-414d65e\" data-id=\"414d65e\" data-element_type=\"column\">\n\t\t\t<div class=\"elementor-widget-wrap elementor-element-populated\">\n\t\t\t\t\t\t<div class=\"elementor-element elementor-element-3ef0a17 elementor-widget elementor-widget-spacer\" data-id=\"3ef0a17\" data-element_type=\"widget\" data-widget_type=\"spacer.default\">\n\t\t\t\t<div class=\"elementor-widget-container\">\n\t\t\t\t\t\t\t<div class=\"elementor-spacer\">\n\t\t\t<div class=\"elementor-spacer-inner\"><\/div>\n\t\t<\/div>\n\t\t\t\t\t\t<\/div>\n\t\t\t\t<\/div>\n\t\t\t\t\t<\/div>\n\t\t<\/div>\n\t\t\t\t\t<\/div>\n\t\t<\/section>\n\t\t\t\t<section class=\"elementor-section elementor-top-section elementor-element elementor-element-ac416e5 elementor-section-boxed elementor-section-height-default elementor-section-height-default\" data-id=\"ac416e5\" data-element_type=\"section\">\n\t\t\t\t\t\t<div class=\"elementor-container elementor-column-gap-default\">\n\t\t\t\t\t<div class=\"elementor-column elementor-col-100 elementor-top-column elementor-element elementor-element-b998628\" data-id=\"b998628\" data-element_type=\"column\">\n\t\t\t<div class=\"elementor-widget-wrap elementor-element-populated\">\n\t\t\t\t\t\t<div class=\"elementor-element elementor-element-7ff138d elementor-widget elementor-widget-text-editor\" data-id=\"7ff138d\" data-element_type=\"widget\" data-widget_type=\"text-editor.default\">\n\t\t\t\t<div class=\"elementor-widget-container\">\n\t\t\t\t\t\t\t\t\t<p style=\"text-align: justify;\"><span style=\"font-size: 14pt; color: #000000;\"><strong>Toujours dans l\u2019univers digital, le pr\u00e9sident twitte et fait des lives<\/strong> (vid\u00e9os en direct). Avec 4 300 000 abonn\u00e9s sur Twitter, 1 500 000 abonn\u00e9s sur LinkedIn, le m\u00eame nombre sur LinkedIn et 2 500 000 personnes qui suivent la page Facebook officielle, l\u2019\u00e9quipe de communication du pr\u00e9sident profite des r\u00e9seaux sociaux pour s\u2019adresser directement aux fran\u00e7ais. Ce mode de communication direct repr\u00e9sente une \u00e9vidente alternative pour un pr\u00e9sident qui entretient parfois des relations d\u00e9licates avec la presse&#8230;<\/span><\/p>\t\t\t\t\t\t\t\t<\/div>\n\t\t\t\t<\/div>\n\t\t\t\t\t<\/div>\n\t\t<\/div>\n\t\t\t\t\t<\/div>\n\t\t<\/section>\n\t\t\t\t<section class=\"elementor-section elementor-top-section elementor-element elementor-element-6ed24ea elementor-section-boxed elementor-section-height-default elementor-section-height-default\" data-id=\"6ed24ea\" data-element_type=\"section\">\n\t\t\t\t\t\t<div class=\"elementor-container elementor-column-gap-default\">\n\t\t\t\t\t<div class=\"elementor-column elementor-col-100 elementor-top-column elementor-element elementor-element-0377ee8\" data-id=\"0377ee8\" data-element_type=\"column\">\n\t\t\t<div class=\"elementor-widget-wrap elementor-element-populated\">\n\t\t\t\t\t\t<div class=\"elementor-element elementor-element-89ab2dc elementor-widget elementor-widget-image\" data-id=\"89ab2dc\" data-element_type=\"widget\" data-widget_type=\"image.default\">\n\t\t\t\t<div class=\"elementor-widget-container\">\n\t\t\t\t\t\t\t\t\t\t\t\t\t\t\t<img loading=\"lazy\" decoding=\"async\" width=\"700\" height=\"534\" src=\"https:\/\/www.macapflag.com\/blog\/wp-content\/uploads\/2020\/06\/macron-reseaux-sociaux.jpg\" class=\"attachment-large size-large wp-image-5215\" alt=\"\" srcset=\"https:\/\/www.macapflag.com\/blog\/wp-content\/uploads\/2020\/06\/macron-reseaux-sociaux.jpg 700w, https:\/\/www.macapflag.com\/blog\/wp-content\/uploads\/2020\/06\/macron-reseaux-sociaux-300x229.jpg 300w, https:\/\/www.macapflag.com\/blog\/wp-content\/uploads\/2020\/06\/macron-reseaux-sociaux-80x60.jpg 80w, https:\/\/www.macapflag.com\/blog\/wp-content\/uploads\/2020\/06\/macron-reseaux-sociaux-696x531.jpg 696w, https:\/\/www.macapflag.com\/blog\/wp-content\/uploads\/2020\/06\/macron-reseaux-sociaux-551x420.jpg 551w\" sizes=\"(max-width: 700px) 100vw, 700px\" \/>\t\t\t\t\t\t\t\t\t\t\t\t\t\t\t<\/div>\n\t\t\t\t<\/div>\n\t\t\t\t\t<\/div>\n\t\t<\/div>\n\t\t\t\t\t<\/div>\n\t\t<\/section>\n\t\t\t\t<section class=\"elementor-section elementor-top-section elementor-element elementor-element-2c4025c elementor-section-boxed elementor-section-height-default elementor-section-height-default\" data-id=\"2c4025c\" data-element_type=\"section\">\n\t\t\t\t\t\t<div class=\"elementor-container elementor-column-gap-default\">\n\t\t\t\t\t<div class=\"elementor-column elementor-col-100 elementor-top-column elementor-element elementor-element-0662dac\" data-id=\"0662dac\" data-element_type=\"column\">\n\t\t\t<div class=\"elementor-widget-wrap elementor-element-populated\">\n\t\t\t\t\t\t<div class=\"elementor-element elementor-element-bd84f92 elementor-widget elementor-widget-spacer\" data-id=\"bd84f92\" data-element_type=\"widget\" data-widget_type=\"spacer.default\">\n\t\t\t\t<div class=\"elementor-widget-container\">\n\t\t\t\t\t\t\t<div class=\"elementor-spacer\">\n\t\t\t<div class=\"elementor-spacer-inner\"><\/div>\n\t\t<\/div>\n\t\t\t\t\t\t<\/div>\n\t\t\t\t<\/div>\n\t\t\t\t\t<\/div>\n\t\t<\/div>\n\t\t\t\t\t<\/div>\n\t\t<\/section>\n\t\t\t\t<section class=\"elementor-section elementor-top-section elementor-element elementor-element-a198710 elementor-section-boxed elementor-section-height-default elementor-section-height-default\" data-id=\"a198710\" data-element_type=\"section\">\n\t\t\t\t\t\t<div class=\"elementor-container elementor-column-gap-default\">\n\t\t\t\t\t<div class=\"elementor-column elementor-col-100 elementor-top-column elementor-element elementor-element-9ce7ba1\" data-id=\"9ce7ba1\" data-element_type=\"column\">\n\t\t\t<div class=\"elementor-widget-wrap elementor-element-populated\">\n\t\t\t\t\t\t<div class=\"elementor-element elementor-element-2156343 elementor-widget elementor-widget-text-editor\" data-id=\"2156343\" data-element_type=\"widget\" data-widget_type=\"text-editor.default\">\n\t\t\t\t<div class=\"elementor-widget-container\">\n\t\t\t\t\t\t\t\t\t<p style=\"text-align: justify;\"><span style=\"font-size: 14pt; color: #000000;\">Alors\u2026 Emmanuel Macron, un communicant r\u00e9volutionnaire ?&#8230;<\/span><br \/><span style=\"font-size: 14pt; color: #000000;\">On peut aussi penser qu\u2019il vit simplement avec son temps. Twitter, Facebook et Instagram n\u2019existaient pas \u00e0 l\u2019\u00e9poque de Jacques Chirac.<\/span><br \/><span style=\"font-size: 14pt; color: #000000;\">Et si ses m\u00e9thodes apparaissent comme pr\u00e9curseurs en France, elles ne sont pas sans rappeler celles utilis\u00e9es par Barack Obama ou les autres pr\u00e9sidents am\u00e9ricains qui n\u2019h\u00e9sitent pas \u00e0 mettre \u00e0 profit toutes sortes de supports de communication pour se faire \u00e9lire et entretenir leur image.<\/span><br \/><span style=\"font-size: 14pt; color: #000000;\">Alors pour conclure, on citera une fois de plus Christian Monjou qui d\u00e9montre qu\u2019en mati\u00e8re d\u2019art comme ailleurs, on innove toujours en s\u2019inspirant de l\u2019existant.<\/span><\/p>\t\t\t\t\t\t\t\t<\/div>\n\t\t\t\t<\/div>\n\t\t\t\t\t<\/div>\n\t\t<\/div>\n\t\t\t\t\t<\/div>\n\t\t<\/section>\n\t\t\t\t<section class=\"elementor-section elementor-top-section elementor-element elementor-element-9a21b90 elementor-section-boxed elementor-section-height-default elementor-section-height-default\" data-id=\"9a21b90\" data-element_type=\"section\">\n\t\t\t\t\t\t<div class=\"elementor-container elementor-column-gap-default\">\n\t\t\t\t\t<div class=\"elementor-column elementor-col-100 elementor-top-column elementor-element elementor-element-b807cee\" data-id=\"b807cee\" data-element_type=\"column\">\n\t\t\t<div class=\"elementor-widget-wrap elementor-element-populated\">\n\t\t\t\t\t\t<div class=\"elementor-element elementor-element-d40e53e elementor-widget elementor-widget-text-editor\" data-id=\"d40e53e\" data-element_type=\"widget\" data-widget_type=\"text-editor.default\">\n\t\t\t\t<div class=\"elementor-widget-container\">\n\t\t\t\t\t\t\t\t\t<p><img loading=\"lazy\" decoding=\"async\" class=\"size-full wp-image-2884 aligncenter\" src=\"https:\/\/www.macapflag.com\/blog\/wp-content\/uploads\/2018\/10\/picto-lemonde-de-la-com-235x135.gif\" alt=\"\" width=\"235\" height=\"135\" \/><\/p><p style=\"text-align: center;\"><span style=\"font-size: 14pt;\"><span style=\"color: #000000;\"><strong><span style=\"font-family: 'Futura Bk BT';\">Macap<\/span><\/strong><\/span> <span style=\"color: #808080;\"><strong><span style=\"font-family: 'Futura Bk BT';\">&#8211; Vendredi 17 Juillet 2020<\/span><\/strong><\/span><\/span><\/p><p><strong>\u00a0<\/strong><\/p>\t\t\t\t\t\t\t\t<\/div>\n\t\t\t\t<\/div>\n\t\t\t\t\t<\/div>\n\t\t<\/div>\n\t\t\t\t\t<\/div>\n\t\t<\/section>\n\t\t\t\t<\/div>\n\t\t","protected":false},"excerpt":{"rendered":"<div class=\"tmnf_excerpt\"><p>Dans le domaine de la communication de l\u2019Etat, on peut dire que le Pr\u00e9sident Emmanuel Macron a souhait\u00e9 marquer un changement en modifiant consid\u00e9rablement les us et coutumes de ses pr\u00e9d\u00e9cesseurs dans sa mani\u00e8re de s\u2019adresser aux Fran\u00e7ais. D\u00e8s le soir de son \u00e9lection, en traversant seul, solennellement, la cour Napol\u00e9on du Louvre faiblement \u00e9clair\u00e9e, &hellip;<\/p>\n<\/div>","protected":false},"author":2,"featured_media":5188,"comment_status":"closed","ping_status":"open","sticky":false,"template":"template-fullwidth.php","format":"standard","meta":{"footnotes":""},"categories":[93],"tags":[],"class_list":["post-5187","post","type-post","status-publish","format-standard","has-post-thumbnail","hentry","category-com"],"yoast_head":"<!-- This site is optimized with the Yoast SEO plugin v26.4 - https:\/\/yoast.com\/wordpress\/plugins\/seo\/ -->\n<title>Emmanuel Macron, une nouvelle forme de communication pr\u00e9sidentielle<\/title>\n<meta name=\"description\" content=\"En mati\u00e8re de communication, Emmanuel Macron a modifi\u00e9 sa mani\u00e8re de s&#039;adresser aux fran\u00e7ais en adoptant de nouvelles m\u00e9thodes de communication\" \/>\n<meta name=\"robots\" content=\"index, follow, max-snippet:-1, max-image-preview:large, max-video-preview:-1\" \/>\n<link rel=\"canonical\" href=\"https:\/\/www.macapflag.com\/blog\/macron-communication\/\" \/>\n<meta property=\"og:locale\" content=\"fr_FR\" \/>\n<meta property=\"og:type\" content=\"article\" \/>\n<meta property=\"og:title\" content=\"Emmanuel Macron, une nouvelle forme de communication pr\u00e9sidentielle\" \/>\n<meta property=\"og:description\" content=\"En mati\u00e8re de communication, Emmanuel Macron a modifi\u00e9 sa mani\u00e8re de s&#039;adresser aux fran\u00e7ais en adoptant de nouvelles m\u00e9thodes de communication\" \/>\n<meta property=\"og:url\" content=\"https:\/\/www.macapflag.com\/blog\/macron-communication\/\" \/>\n<meta property=\"og:site_name\" content=\"Blog - Macap\" \/>\n<meta property=\"article:publisher\" content=\"https:\/\/www.facebook.com\/macap.pavoisement\/\" \/>\n<meta property=\"article:published_time\" content=\"2020-07-17T06:40:25+00:00\" \/>\n<meta property=\"article:modified_time\" content=\"2021-10-26T15:00:33+00:00\" \/>\n<meta property=\"og:image\" content=\"https:\/\/www.macapflag.com\/blog\/wp-content\/uploads\/2020\/06\/macron-TITRE.jpg\" \/>\n\t<meta property=\"og:image:width\" content=\"700\" \/>\n\t<meta property=\"og:image:height\" content=\"534\" \/>\n\t<meta property=\"og:image:type\" content=\"image\/jpeg\" \/>\n<meta name=\"author\" content=\"Blog Macap\" \/>\n<meta name=\"twitter:card\" content=\"summary_large_image\" \/>\n<meta name=\"twitter:label1\" content=\"\u00c9crit par\" \/>\n\t<meta name=\"twitter:data1\" content=\"Blog Macap\" \/>\n\t<meta name=\"twitter:label2\" content=\"Dur\u00e9e de lecture estim\u00e9e\" \/>\n\t<meta name=\"twitter:data2\" content=\"7 minutes\" \/>\n<script type=\"application\/ld+json\" class=\"yoast-schema-graph\">{\"@context\":\"https:\/\/schema.org\",\"@graph\":[{\"@type\":\"Article\",\"@id\":\"https:\/\/www.macapflag.com\/blog\/macron-communication\/#article\",\"isPartOf\":{\"@id\":\"https:\/\/www.macapflag.com\/blog\/macron-communication\/\"},\"author\":{\"name\":\"Blog Macap\",\"@id\":\"https:\/\/www.macapflag.com\/blog\/#\/schema\/person\/3fea701f2603875e651e6b662578fc3c\"},\"headline\":\"Emmanuel Macron ou une nouvelle forme de communication pr\u00e9sidentielle\",\"datePublished\":\"2020-07-17T06:40:25+00:00\",\"dateModified\":\"2021-10-26T15:00:33+00:00\",\"mainEntityOfPage\":{\"@id\":\"https:\/\/www.macapflag.com\/blog\/macron-communication\/\"},\"wordCount\":1483,\"publisher\":{\"@id\":\"https:\/\/www.macapflag.com\/blog\/#organization\"},\"image\":{\"@id\":\"https:\/\/www.macapflag.com\/blog\/macron-communication\/#primaryimage\"},\"thumbnailUrl\":\"https:\/\/www.macapflag.com\/blog\/wp-content\/uploads\/2020\/06\/macron-TITRE.jpg\",\"articleSection\":[\"Le monde de la Com'\"],\"inLanguage\":\"fr-FR\"},{\"@type\":\"WebPage\",\"@id\":\"https:\/\/www.macapflag.com\/blog\/macron-communication\/\",\"url\":\"https:\/\/www.macapflag.com\/blog\/macron-communication\/\",\"name\":\"Emmanuel Macron, une nouvelle forme de communication pr\u00e9sidentielle\",\"isPartOf\":{\"@id\":\"https:\/\/www.macapflag.com\/blog\/#website\"},\"primaryImageOfPage\":{\"@id\":\"https:\/\/www.macapflag.com\/blog\/macron-communication\/#primaryimage\"},\"image\":{\"@id\":\"https:\/\/www.macapflag.com\/blog\/macron-communication\/#primaryimage\"},\"thumbnailUrl\":\"https:\/\/www.macapflag.com\/blog\/wp-content\/uploads\/2020\/06\/macron-TITRE.jpg\",\"datePublished\":\"2020-07-17T06:40:25+00:00\",\"dateModified\":\"2021-10-26T15:00:33+00:00\",\"description\":\"En mati\u00e8re de communication, Emmanuel Macron a modifi\u00e9 sa mani\u00e8re de s'adresser aux fran\u00e7ais en adoptant de nouvelles m\u00e9thodes de communication\",\"breadcrumb\":{\"@id\":\"https:\/\/www.macapflag.com\/blog\/macron-communication\/#breadcrumb\"},\"inLanguage\":\"fr-FR\",\"potentialAction\":[{\"@type\":\"ReadAction\",\"target\":[\"https:\/\/www.macapflag.com\/blog\/macron-communication\/\"]}]},{\"@type\":\"ImageObject\",\"inLanguage\":\"fr-FR\",\"@id\":\"https:\/\/www.macapflag.com\/blog\/macron-communication\/#primaryimage\",\"url\":\"https:\/\/www.macapflag.com\/blog\/wp-content\/uploads\/2020\/06\/macron-TITRE.jpg\",\"contentUrl\":\"https:\/\/www.macapflag.com\/blog\/wp-content\/uploads\/2020\/06\/macron-TITRE.jpg\",\"width\":700,\"height\":534,\"caption\":\"Emmanuel Macron a d\u00e9velopp\u00e9 un nouveau mode de communication\"},{\"@type\":\"BreadcrumbList\",\"@id\":\"https:\/\/www.macapflag.com\/blog\/macron-communication\/#breadcrumb\",\"itemListElement\":[{\"@type\":\"ListItem\",\"position\":1,\"name\":\"Accueil\",\"item\":\"https:\/\/www.macapflag.com\/blog\/\"},{\"@type\":\"ListItem\",\"position\":2,\"name\":\"Emmanuel Macron ou une nouvelle forme de communication pr\u00e9sidentielle\"}]},{\"@type\":\"WebSite\",\"@id\":\"https:\/\/www.macapflag.com\/blog\/#website\",\"url\":\"https:\/\/www.macapflag.com\/blog\/\",\"name\":\"Blog - Macap\",\"description\":\"Tous nos articles\",\"publisher\":{\"@id\":\"https:\/\/www.macapflag.com\/blog\/#organization\"},\"potentialAction\":[{\"@type\":\"SearchAction\",\"target\":{\"@type\":\"EntryPoint\",\"urlTemplate\":\"https:\/\/www.macapflag.com\/blog\/?s={search_term_string}\"},\"query-input\":{\"@type\":\"PropertyValueSpecification\",\"valueRequired\":true,\"valueName\":\"search_term_string\"}}],\"inLanguage\":\"fr-FR\"},{\"@type\":\"Organization\",\"@id\":\"https:\/\/www.macapflag.com\/blog\/#organization\",\"name\":\"macapflag\",\"url\":\"https:\/\/www.macapflag.com\/blog\/\",\"logo\":{\"@type\":\"ImageObject\",\"inLanguage\":\"fr-FR\",\"@id\":\"https:\/\/www.macapflag.com\/blog\/#\/schema\/logo\/image\/\",\"url\":\"https:\/\/www.macapflag.com\/blog\/wp-content\/uploads\/2020\/12\/cropped-M-512-1.png\",\"contentUrl\":\"https:\/\/www.macapflag.com\/blog\/wp-content\/uploads\/2020\/12\/cropped-M-512-1.png\",\"width\":512,\"height\":512,\"caption\":\"macapflag\"},\"image\":{\"@id\":\"https:\/\/www.macapflag.com\/blog\/#\/schema\/logo\/image\/\"},\"sameAs\":[\"https:\/\/www.facebook.com\/macap.pavoisement\/\",\"https:\/\/www.instagram.com\/macapflag\/?hl=fr\",\"https:\/\/www.linkedin.com\/company\/macap\/?originalSubdomain=fr\",\"https:\/\/www.youtube.com\/channel\/UCXNzTIdZh9poEBjSXEqDtNw\"]},{\"@type\":\"Person\",\"@id\":\"https:\/\/www.macapflag.com\/blog\/#\/schema\/person\/3fea701f2603875e651e6b662578fc3c\",\"name\":\"Blog Macap\",\"image\":{\"@type\":\"ImageObject\",\"inLanguage\":\"fr-FR\",\"@id\":\"https:\/\/www.macapflag.com\/blog\/#\/schema\/person\/image\/\",\"url\":\"https:\/\/secure.gravatar.com\/avatar\/c12551f2dc51f0db049633b03e7856985477a70da834cc8967dea4ce54bdd6a2?s=96&d=mm&r=g\",\"contentUrl\":\"https:\/\/secure.gravatar.com\/avatar\/c12551f2dc51f0db049633b03e7856985477a70da834cc8967dea4ce54bdd6a2?s=96&d=mm&r=g\",\"caption\":\"Blog Macap\"},\"url\":\"https:\/\/www.macapflag.com\/blog\/author\/macap\/\"}]}<\/script>\n<!-- \/ Yoast SEO plugin. -->","yoast_head_json":{"title":"Emmanuel Macron, une nouvelle forme de communication pr\u00e9sidentielle","description":"En mati\u00e8re de communication, Emmanuel Macron a modifi\u00e9 sa mani\u00e8re de s'adresser aux fran\u00e7ais en adoptant de nouvelles m\u00e9thodes de communication","robots":{"index":"index","follow":"follow","max-snippet":"max-snippet:-1","max-image-preview":"max-image-preview:large","max-video-preview":"max-video-preview:-1"},"canonical":"https:\/\/www.macapflag.com\/blog\/macron-communication\/","og_locale":"fr_FR","og_type":"article","og_title":"Emmanuel Macron, une nouvelle forme de communication pr\u00e9sidentielle","og_description":"En mati\u00e8re de communication, Emmanuel Macron a modifi\u00e9 sa mani\u00e8re de s'adresser aux fran\u00e7ais en adoptant de nouvelles m\u00e9thodes de communication","og_url":"https:\/\/www.macapflag.com\/blog\/macron-communication\/","og_site_name":"Blog - Macap","article_publisher":"https:\/\/www.facebook.com\/macap.pavoisement\/","article_published_time":"2020-07-17T06:40:25+00:00","article_modified_time":"2021-10-26T15:00:33+00:00","og_image":[{"width":700,"height":534,"url":"https:\/\/www.macapflag.com\/blog\/wp-content\/uploads\/2020\/06\/macron-TITRE.jpg","type":"image\/jpeg"}],"author":"Blog Macap","twitter_card":"summary_large_image","twitter_misc":{"\u00c9crit par":"Blog Macap","Dur\u00e9e de lecture estim\u00e9e":"7 minutes"},"schema":{"@context":"https:\/\/schema.org","@graph":[{"@type":"Article","@id":"https:\/\/www.macapflag.com\/blog\/macron-communication\/#article","isPartOf":{"@id":"https:\/\/www.macapflag.com\/blog\/macron-communication\/"},"author":{"name":"Blog Macap","@id":"https:\/\/www.macapflag.com\/blog\/#\/schema\/person\/3fea701f2603875e651e6b662578fc3c"},"headline":"Emmanuel Macron ou une nouvelle forme de communication pr\u00e9sidentielle","datePublished":"2020-07-17T06:40:25+00:00","dateModified":"2021-10-26T15:00:33+00:00","mainEntityOfPage":{"@id":"https:\/\/www.macapflag.com\/blog\/macron-communication\/"},"wordCount":1483,"publisher":{"@id":"https:\/\/www.macapflag.com\/blog\/#organization"},"image":{"@id":"https:\/\/www.macapflag.com\/blog\/macron-communication\/#primaryimage"},"thumbnailUrl":"https:\/\/www.macapflag.com\/blog\/wp-content\/uploads\/2020\/06\/macron-TITRE.jpg","articleSection":["Le monde de la Com'"],"inLanguage":"fr-FR"},{"@type":"WebPage","@id":"https:\/\/www.macapflag.com\/blog\/macron-communication\/","url":"https:\/\/www.macapflag.com\/blog\/macron-communication\/","name":"Emmanuel Macron, une nouvelle forme de communication pr\u00e9sidentielle","isPartOf":{"@id":"https:\/\/www.macapflag.com\/blog\/#website"},"primaryImageOfPage":{"@id":"https:\/\/www.macapflag.com\/blog\/macron-communication\/#primaryimage"},"image":{"@id":"https:\/\/www.macapflag.com\/blog\/macron-communication\/#primaryimage"},"thumbnailUrl":"https:\/\/www.macapflag.com\/blog\/wp-content\/uploads\/2020\/06\/macron-TITRE.jpg","datePublished":"2020-07-17T06:40:25+00:00","dateModified":"2021-10-26T15:00:33+00:00","description":"En mati\u00e8re de communication, Emmanuel Macron a modifi\u00e9 sa mani\u00e8re de s'adresser aux fran\u00e7ais en adoptant de nouvelles m\u00e9thodes de communication","breadcrumb":{"@id":"https:\/\/www.macapflag.com\/blog\/macron-communication\/#breadcrumb"},"inLanguage":"fr-FR","potentialAction":[{"@type":"ReadAction","target":["https:\/\/www.macapflag.com\/blog\/macron-communication\/"]}]},{"@type":"ImageObject","inLanguage":"fr-FR","@id":"https:\/\/www.macapflag.com\/blog\/macron-communication\/#primaryimage","url":"https:\/\/www.macapflag.com\/blog\/wp-content\/uploads\/2020\/06\/macron-TITRE.jpg","contentUrl":"https:\/\/www.macapflag.com\/blog\/wp-content\/uploads\/2020\/06\/macron-TITRE.jpg","width":700,"height":534,"caption":"Emmanuel Macron a d\u00e9velopp\u00e9 un nouveau mode de communication"},{"@type":"BreadcrumbList","@id":"https:\/\/www.macapflag.com\/blog\/macron-communication\/#breadcrumb","itemListElement":[{"@type":"ListItem","position":1,"name":"Accueil","item":"https:\/\/www.macapflag.com\/blog\/"},{"@type":"ListItem","position":2,"name":"Emmanuel Macron ou une nouvelle forme de communication pr\u00e9sidentielle"}]},{"@type":"WebSite","@id":"https:\/\/www.macapflag.com\/blog\/#website","url":"https:\/\/www.macapflag.com\/blog\/","name":"Blog - Macap","description":"Tous nos articles","publisher":{"@id":"https:\/\/www.macapflag.com\/blog\/#organization"},"potentialAction":[{"@type":"SearchAction","target":{"@type":"EntryPoint","urlTemplate":"https:\/\/www.macapflag.com\/blog\/?s={search_term_string}"},"query-input":{"@type":"PropertyValueSpecification","valueRequired":true,"valueName":"search_term_string"}}],"inLanguage":"fr-FR"},{"@type":"Organization","@id":"https:\/\/www.macapflag.com\/blog\/#organization","name":"macapflag","url":"https:\/\/www.macapflag.com\/blog\/","logo":{"@type":"ImageObject","inLanguage":"fr-FR","@id":"https:\/\/www.macapflag.com\/blog\/#\/schema\/logo\/image\/","url":"https:\/\/www.macapflag.com\/blog\/wp-content\/uploads\/2020\/12\/cropped-M-512-1.png","contentUrl":"https:\/\/www.macapflag.com\/blog\/wp-content\/uploads\/2020\/12\/cropped-M-512-1.png","width":512,"height":512,"caption":"macapflag"},"image":{"@id":"https:\/\/www.macapflag.com\/blog\/#\/schema\/logo\/image\/"},"sameAs":["https:\/\/www.facebook.com\/macap.pavoisement\/","https:\/\/www.instagram.com\/macapflag\/?hl=fr","https:\/\/www.linkedin.com\/company\/macap\/?originalSubdomain=fr","https:\/\/www.youtube.com\/channel\/UCXNzTIdZh9poEBjSXEqDtNw"]},{"@type":"Person","@id":"https:\/\/www.macapflag.com\/blog\/#\/schema\/person\/3fea701f2603875e651e6b662578fc3c","name":"Blog Macap","image":{"@type":"ImageObject","inLanguage":"fr-FR","@id":"https:\/\/www.macapflag.com\/blog\/#\/schema\/person\/image\/","url":"https:\/\/secure.gravatar.com\/avatar\/c12551f2dc51f0db049633b03e7856985477a70da834cc8967dea4ce54bdd6a2?s=96&d=mm&r=g","contentUrl":"https:\/\/secure.gravatar.com\/avatar\/c12551f2dc51f0db049633b03e7856985477a70da834cc8967dea4ce54bdd6a2?s=96&d=mm&r=g","caption":"Blog Macap"},"url":"https:\/\/www.macapflag.com\/blog\/author\/macap\/"}]}},"_links":{"self":[{"href":"https:\/\/www.macapflag.com\/blog\/wp-json\/wp\/v2\/posts\/5187","targetHints":{"allow":["GET"]}}],"collection":[{"href":"https:\/\/www.macapflag.com\/blog\/wp-json\/wp\/v2\/posts"}],"about":[{"href":"https:\/\/www.macapflag.com\/blog\/wp-json\/wp\/v2\/types\/post"}],"author":[{"embeddable":true,"href":"https:\/\/www.macapflag.com\/blog\/wp-json\/wp\/v2\/users\/2"}],"replies":[{"embeddable":true,"href":"https:\/\/www.macapflag.com\/blog\/wp-json\/wp\/v2\/comments?post=5187"}],"version-history":[{"count":32,"href":"https:\/\/www.macapflag.com\/blog\/wp-json\/wp\/v2\/posts\/5187\/revisions"}],"predecessor-version":[{"id":8395,"href":"https:\/\/www.macapflag.com\/blog\/wp-json\/wp\/v2\/posts\/5187\/revisions\/8395"}],"wp:featuredmedia":[{"embeddable":true,"href":"https:\/\/www.macapflag.com\/blog\/wp-json\/wp\/v2\/media\/5188"}],"wp:attachment":[{"href":"https:\/\/www.macapflag.com\/blog\/wp-json\/wp\/v2\/media?parent=5187"}],"wp:term":[{"taxonomy":"category","embeddable":true,"href":"https:\/\/www.macapflag.com\/blog\/wp-json\/wp\/v2\/categories?post=5187"},{"taxonomy":"post_tag","embeddable":true,"href":"https:\/\/www.macapflag.com\/blog\/wp-json\/wp\/v2\/tags?post=5187"}],"curies":[{"name":"wp","href":"https:\/\/api.w.org\/{rel}","templated":true}]}}