{"id":5327,"date":"2020-08-03T08:00:40","date_gmt":"2020-08-03T06:00:40","guid":{"rendered":"https:\/\/www.macapflag.com\/blog\/?p=5327"},"modified":"2025-05-20T11:03:52","modified_gmt":"2025-05-20T09:03:52","slug":"cadre","status":"publish","type":"post","link":"https:\/\/www.macapflag.com\/blog\/cadre\/","title":{"rendered":"Le cadre dans tous ses \u00e9tats !"},"content":{"rendered":"\t\t<div data-elementor-type=\"wp-post\" data-elementor-id=\"5327\" class=\"elementor elementor-5327\">\n\t\t\t\t\t\t<section class=\"elementor-section elementor-top-section elementor-element elementor-element-530f0d0 elementor-section-boxed elementor-section-height-default elementor-section-height-default\" data-id=\"530f0d0\" data-element_type=\"section\">\n\t\t\t\t\t\t<div class=\"elementor-container elementor-column-gap-default\">\n\t\t\t\t\t<div class=\"elementor-column elementor-col-100 elementor-top-column elementor-element elementor-element-92a53a0\" data-id=\"92a53a0\" data-element_type=\"column\">\n\t\t\t<div class=\"elementor-widget-wrap elementor-element-populated\">\n\t\t\t\t\t\t<div class=\"elementor-element elementor-element-a6a513d elementor-widget elementor-widget-text-editor\" data-id=\"a6a513d\" data-element_type=\"widget\" data-widget_type=\"text-editor.default\">\n\t\t\t\t<div class=\"elementor-widget-container\">\n\t\t\t\t\t\t\t\t\t<p>Dans l\u2019univers des supports de communication, le cadre toile tendue occupe une place de choix au sein des mod\u00e8les indoors et cela n\u2019est pas d\u00fb au hasard&#8230;<br \/>Tout d\u2019abord parce que le cadre toile offre un rendu tr\u00e8s qualitatif de votre visuel, mais aussi parce qu\u2019il se d\u00e9cline sous de multiples formes aux dimensions de votre choix.<\/p><h2>Qu&#8217;est-ce qu&#8217;un cadre toile tendue ?<\/h2><p>On appelle cadre toile tendue un cadre en profil\u00e9 aluminium servant de support \u00e0 un ou plusieurs visuels personnalis\u00e9s en textile. Un jonc est cousu sur tout le pourtour du visuel. Il s\u2019ins\u00e8re facilement dans la rainure de la structure en aluminium. Le cadre toile tendue peut \u00eatre suspendu, mural, autoportant, r\u00e9tro \u00e9clair\u00e9 ou encore modulable pliant. La majorit\u00e9 des mod\u00e8les dispose de deux faces permettant de recevoir une toile tendue par face.<br \/>Cet outil de communication est disponible en plusieurs dimensions standards mais aussi au format sur-mesure.<\/p><h2>Quelles sont les mati\u00e8res utilis\u00e9es pour la fabrication de ce produit ?<\/h2><p>Les supports de cadres sont en aluminium. Leur \u00e9paisseur varie selon les mod\u00e8les.<br \/>Les visuels sont imprim\u00e9s sur une mati\u00e8re textile polyester appel\u00e9e Polyd\u00e9co (220 g\/m\u00b2), trait\u00e9e B1 (norme anti-feu) et lavable en machine \u00e0 30\u00b0. Cette mati\u00e8re est disponible en version \u00e9co responsable P.E.T. issue du recyclage des bouteilles en plastique.<br \/>Les visuels peuvent \u00e9galement \u00eatre imprim\u00e9s sur un textile avec dos noir occultant (260 g\/m\u00b2), trait\u00e9 B1 (norme anti-feu). Cette mati\u00e8re est notamment privil\u00e9gi\u00e9e dans les environnements tr\u00e8s lumineux sur une des faces d\u2019un cadre double face afin d\u2019\u00e9viter les effets de transparence entre les 2 faces du cadre.<br \/>Le visuel du cadre r\u00e9tro \u00e9clair\u00e9 est lui confectionn\u00e9 dans une autre mati\u00e8re polyester, le Polyluxe (260 g\/m\u00b2), \u00e9galement trait\u00e9 B1 et lavable \u00e0 30\u00b0 en machine. Cette mati\u00e8re permet en effet de diffuser la lumi\u00e8re des leds ins\u00e9r\u00e9s dans le cadre r\u00e9tro\u00e9clair\u00e9.<\/p><h2>La gamme des cadres toiles tendues<\/h2><h3>Le cadre toile tendue autoportant<\/h3>\t\t\t\t\t\t\t\t<\/div>\n\t\t\t\t<\/div>\n\t\t\t\t\t<\/div>\n\t\t<\/div>\n\t\t\t\t\t<\/div>\n\t\t<\/section>\n\t\t\t\t<section class=\"elementor-section elementor-top-section elementor-element elementor-element-0277ab5 elementor-section-boxed elementor-section-height-default elementor-section-height-default\" data-id=\"0277ab5\" data-element_type=\"section\">\n\t\t\t\t\t\t<div class=\"elementor-container elementor-column-gap-default\">\n\t\t\t\t\t<div class=\"elementor-column elementor-col-100 elementor-top-column elementor-element elementor-element-8453f12\" data-id=\"8453f12\" data-element_type=\"column\">\n\t\t\t<div class=\"elementor-widget-wrap elementor-element-populated\">\n\t\t\t\t\t\t<div class=\"elementor-element elementor-element-6b7cc7d elementor-widget elementor-widget-image\" data-id=\"6b7cc7d\" data-element_type=\"widget\" data-widget_type=\"image.default\">\n\t\t\t\t<div class=\"elementor-widget-container\">\n\t\t\t\t\t\t\t\t\t\t\t\t\t\t\t\t<a href=\"https:\/\/www.macapflag.com\/cadre-toile-tendue\/187-cadre-autoportant-toile-tendue-utilisation-interieure.html\" target=\"_blank\">\n\t\t\t\t\t\t\t<img fetchpriority=\"high\" decoding=\"async\" width=\"700\" height=\"534\" src=\"https:\/\/www.macapflag.com\/blog\/wp-content\/uploads\/2020\/07\/Cadre-toile-tendue-autoportant.jpg\" class=\"attachment-large size-large wp-image-5330\" alt=\"Le cadre toile tendue autoportant sur pieds s&#039;installe partout\" srcset=\"https:\/\/www.macapflag.com\/blog\/wp-content\/uploads\/2020\/07\/Cadre-toile-tendue-autoportant.jpg 700w, https:\/\/www.macapflag.com\/blog\/wp-content\/uploads\/2020\/07\/Cadre-toile-tendue-autoportant-300x229.jpg 300w, https:\/\/www.macapflag.com\/blog\/wp-content\/uploads\/2020\/07\/Cadre-toile-tendue-autoportant-80x60.jpg 80w, https:\/\/www.macapflag.com\/blog\/wp-content\/uploads\/2020\/07\/Cadre-toile-tendue-autoportant-696x531.jpg 696w, https:\/\/www.macapflag.com\/blog\/wp-content\/uploads\/2020\/07\/Cadre-toile-tendue-autoportant-551x420.jpg 551w\" sizes=\"(max-width: 700px) 100vw, 700px\" \/>\t\t\t\t\t\t\t\t<\/a>\n\t\t\t\t\t\t\t\t\t\t\t\t\t\t\t<\/div>\n\t\t\t\t<\/div>\n\t\t\t\t\t<\/div>\n\t\t<\/div>\n\t\t\t\t\t<\/div>\n\t\t<\/section>\n\t\t\t\t<section class=\"elementor-section elementor-top-section elementor-element elementor-element-919c24f elementor-section-boxed elementor-section-height-default elementor-section-height-default\" data-id=\"919c24f\" data-element_type=\"section\">\n\t\t\t\t\t\t<div class=\"elementor-container elementor-column-gap-default\">\n\t\t\t\t\t<div class=\"elementor-column elementor-col-100 elementor-top-column elementor-element elementor-element-4056b2e\" data-id=\"4056b2e\" data-element_type=\"column\">\n\t\t\t<div class=\"elementor-widget-wrap elementor-element-populated\">\n\t\t\t\t\t\t<div class=\"elementor-element elementor-element-9f40d38 elementor-widget elementor-widget-text-editor\" data-id=\"9f40d38\" data-element_type=\"widget\" data-widget_type=\"text-editor.default\">\n\t\t\t\t<div class=\"elementor-widget-container\">\n\t\t\t\t\t\t\t\t\t<p>Il est compos\u00e9 d\u2019un cadre en profil\u00e9 aluminium 46 mm avec pieds autoportants assortis. Le nombre de pieds d\u00e9pend des dimensions du cadre. Le cadre est propos\u00e9 en 4 formats standards et \u00e9galement sur-mesure.<\/p><p>Vous pouvez installer un visuel de chaque c\u00f4t\u00e9 du cadre. Les visuels peuvent \u00eatre identiques ou diff\u00e9rents.<br \/>Vous avez \u00e9galement le choix d\u2019effectuer la personnalisation d\u2019un visuel uniquement sur une seule face. Dans ce cas, un dos noir occultant sera appos\u00e9 sur l\u2019autre face. Si le temps de montage du cadre d\u00e9pend de sa taille, il est approximativement de 5 mn.<\/p><p>Pour garantir une bonne stabilit\u00e9 de l\u2019autoportant, il est recommand\u00e9 de limiter la hauteur \u00e0 2,40 m et de mettre deux faces.<\/p><h3>Le cadre toile tendue suspendu\u00a0<\/h3>\t\t\t\t\t\t\t\t<\/div>\n\t\t\t\t<\/div>\n\t\t\t\t\t<\/div>\n\t\t<\/div>\n\t\t\t\t\t<\/div>\n\t\t<\/section>\n\t\t\t\t<section class=\"elementor-section elementor-top-section elementor-element elementor-element-9ecdf66 elementor-section-boxed elementor-section-height-default elementor-section-height-default\" data-id=\"9ecdf66\" data-element_type=\"section\">\n\t\t\t\t\t\t<div class=\"elementor-container elementor-column-gap-default\">\n\t\t\t\t\t<div class=\"elementor-column elementor-col-100 elementor-top-column elementor-element elementor-element-646ea14\" data-id=\"646ea14\" data-element_type=\"column\">\n\t\t\t<div class=\"elementor-widget-wrap elementor-element-populated\">\n\t\t\t\t\t\t<div class=\"elementor-element elementor-element-c5ab7e7 elementor-widget elementor-widget-image\" data-id=\"c5ab7e7\" data-element_type=\"widget\" data-widget_type=\"image.default\">\n\t\t\t\t<div class=\"elementor-widget-container\">\n\t\t\t\t\t\t\t\t\t\t\t\t\t\t\t\t<a href=\"https:\/\/www.macapflag.com\/cadre-toile-tendue\/109-cadre-toile-tendue-suspendu-utilisation-interieure.html\" target=\"_blank\">\n\t\t\t\t\t\t\t<img decoding=\"async\" width=\"700\" height=\"534\" src=\"https:\/\/www.macapflag.com\/blog\/wp-content\/uploads\/2020\/07\/Cadre-toile-tendue-suspendu.jpg\" class=\"attachment-large size-large wp-image-5331\" alt=\"\" srcset=\"https:\/\/www.macapflag.com\/blog\/wp-content\/uploads\/2020\/07\/Cadre-toile-tendue-suspendu.jpg 700w, https:\/\/www.macapflag.com\/blog\/wp-content\/uploads\/2020\/07\/Cadre-toile-tendue-suspendu-300x229.jpg 300w, https:\/\/www.macapflag.com\/blog\/wp-content\/uploads\/2020\/07\/Cadre-toile-tendue-suspendu-80x60.jpg 80w, https:\/\/www.macapflag.com\/blog\/wp-content\/uploads\/2020\/07\/Cadre-toile-tendue-suspendu-696x531.jpg 696w, https:\/\/www.macapflag.com\/blog\/wp-content\/uploads\/2020\/07\/Cadre-toile-tendue-suspendu-551x420.jpg 551w\" sizes=\"(max-width: 700px) 100vw, 700px\" \/>\t\t\t\t\t\t\t\t<\/a>\n\t\t\t\t\t\t\t\t\t\t\t\t\t\t\t<\/div>\n\t\t\t\t<\/div>\n\t\t\t\t\t<\/div>\n\t\t<\/div>\n\t\t\t\t\t<\/div>\n\t\t<\/section>\n\t\t\t\t<section class=\"elementor-section elementor-top-section elementor-element elementor-element-ada7c2f elementor-section-boxed elementor-section-height-default elementor-section-height-default\" data-id=\"ada7c2f\" data-element_type=\"section\">\n\t\t\t\t\t\t<div class=\"elementor-container elementor-column-gap-default\">\n\t\t\t\t\t<div class=\"elementor-column elementor-col-100 elementor-top-column elementor-element elementor-element-618762a\" data-id=\"618762a\" data-element_type=\"column\">\n\t\t\t<div class=\"elementor-widget-wrap elementor-element-populated\">\n\t\t\t\t\t\t<div class=\"elementor-element elementor-element-1a446a7 elementor-widget elementor-widget-text-editor\" data-id=\"1a446a7\" data-element_type=\"widget\" data-widget_type=\"text-editor.default\">\n\t\t\t\t<div class=\"elementor-widget-container\">\n\t\t\t\t\t\t\t\t\t<p>Dans le m\u00eame esprit que le mod\u00e8le pr\u00e9c\u00e9dent, ce cadre est livr\u00e9 avec des c\u00e2bles de fixation plut\u00f4t qu\u2019avec des pieds puisqu\u2019il a vocation \u00e0 \u00eatre suspendu au plafond. Disponible en 4 formats standards, nous vous offrons \u00e9galement la possibilit\u00e9 de le fabriquer aux dimensions de votre choix. Vous pouvez choisir d\u2019installer un visuel sur une ou deux faces.<\/p><p>On retrouve ce cadre dans les lieux de vente ou d\u2019exposition disposant d\u2019une grande hauteur de plafond.<\/p><h3>Le cadre toile tendue mural\u00a0<\/h3>\t\t\t\t\t\t\t\t<\/div>\n\t\t\t\t<\/div>\n\t\t\t\t\t<\/div>\n\t\t<\/div>\n\t\t\t\t\t<\/div>\n\t\t<\/section>\n\t\t\t\t<section class=\"elementor-section elementor-top-section elementor-element elementor-element-7cad85b elementor-section-boxed elementor-section-height-default elementor-section-height-default\" data-id=\"7cad85b\" data-element_type=\"section\">\n\t\t\t\t\t\t<div class=\"elementor-container elementor-column-gap-default\">\n\t\t\t\t\t<div class=\"elementor-column elementor-col-100 elementor-top-column elementor-element elementor-element-cf5c8bf\" data-id=\"cf5c8bf\" data-element_type=\"column\">\n\t\t\t<div class=\"elementor-widget-wrap elementor-element-populated\">\n\t\t\t\t\t\t<div class=\"elementor-element elementor-element-5a2c79d elementor-widget elementor-widget-image\" data-id=\"5a2c79d\" data-element_type=\"widget\" data-widget_type=\"image.default\">\n\t\t\t\t<div class=\"elementor-widget-container\">\n\t\t\t\t\t\t\t\t\t\t\t\t\t\t\t\t<a href=\"https:\/\/www.macapflag.com\/cadre-toile-tendue\/110-cadre-mural-toile-tendue-utilisation-interieure.html\" target=\"_blank\">\n\t\t\t\t\t\t\t<img decoding=\"async\" width=\"700\" height=\"534\" src=\"https:\/\/www.macapflag.com\/blog\/wp-content\/uploads\/2020\/07\/Cadre-toile-tendue-mural.jpg\" class=\"attachment-large size-large wp-image-5334\" alt=\"Le cadre toile mural est une toile textile imprim\u00e9e sur un cadre alu\" srcset=\"https:\/\/www.macapflag.com\/blog\/wp-content\/uploads\/2020\/07\/Cadre-toile-tendue-mural.jpg 700w, https:\/\/www.macapflag.com\/blog\/wp-content\/uploads\/2020\/07\/Cadre-toile-tendue-mural-300x229.jpg 300w, https:\/\/www.macapflag.com\/blog\/wp-content\/uploads\/2020\/07\/Cadre-toile-tendue-mural-80x60.jpg 80w, https:\/\/www.macapflag.com\/blog\/wp-content\/uploads\/2020\/07\/Cadre-toile-tendue-mural-696x531.jpg 696w, https:\/\/www.macapflag.com\/blog\/wp-content\/uploads\/2020\/07\/Cadre-toile-tendue-mural-551x420.jpg 551w\" sizes=\"(max-width: 700px) 100vw, 700px\" \/>\t\t\t\t\t\t\t\t<\/a>\n\t\t\t\t\t\t\t\t\t\t\t\t\t\t\t<\/div>\n\t\t\t\t<\/div>\n\t\t\t\t\t<\/div>\n\t\t<\/div>\n\t\t\t\t\t<\/div>\n\t\t<\/section>\n\t\t\t\t<section class=\"elementor-section elementor-top-section elementor-element elementor-element-5fe3565 elementor-section-boxed elementor-section-height-default elementor-section-height-default\" data-id=\"5fe3565\" data-element_type=\"section\">\n\t\t\t\t\t\t<div class=\"elementor-container elementor-column-gap-default\">\n\t\t\t\t\t<div class=\"elementor-column elementor-col-100 elementor-top-column elementor-element elementor-element-8cdffd9\" data-id=\"8cdffd9\" data-element_type=\"column\">\n\t\t\t<div class=\"elementor-widget-wrap elementor-element-populated\">\n\t\t\t\t\t\t<div class=\"elementor-element elementor-element-665bfaf elementor-widget elementor-widget-text-editor\" data-id=\"665bfaf\" data-element_type=\"widget\" data-widget_type=\"text-editor.default\">\n\t\t\t\t<div class=\"elementor-widget-container\">\n\t\t\t\t\t\t\t\t\t<p>D\u2019une \u00e9paisseur de 17 mm, le profil\u00e9 en aluminium du cadre est propos\u00e9 en 4 dimensions ou au format de votre choix. Ce mod\u00e8le de cadre se fixe contre un mur comme un cadre classique. Il est donc livr\u00e9 avec un seul visuel personnalis\u00e9 (sans syst\u00e8me de fixation).<\/p><p>Il est fr\u00e9quemment utilis\u00e9 dans les magasins ou dans les entreprises pour d\u00e9corer les murs avec une communication corporate.<\/p><h3>Le cadre toile tendue r\u00e9tro \u00e9clair\u00e9 autoportant<\/h3>\t\t\t\t\t\t\t\t<\/div>\n\t\t\t\t<\/div>\n\t\t\t\t\t<\/div>\n\t\t<\/div>\n\t\t\t\t\t<\/div>\n\t\t<\/section>\n\t\t\t\t<section class=\"elementor-section elementor-top-section elementor-element elementor-element-ff4e485 elementor-section-boxed elementor-section-height-default elementor-section-height-default\" data-id=\"ff4e485\" data-element_type=\"section\">\n\t\t\t\t\t\t<div class=\"elementor-container elementor-column-gap-default\">\n\t\t\t\t\t<div class=\"elementor-column elementor-col-100 elementor-top-column elementor-element elementor-element-f0f3975\" data-id=\"f0f3975\" data-element_type=\"column\">\n\t\t\t<div class=\"elementor-widget-wrap elementor-element-populated\">\n\t\t\t\t\t\t<div class=\"elementor-element elementor-element-0077d61 elementor-widget elementor-widget-image\" data-id=\"0077d61\" data-element_type=\"widget\" data-widget_type=\"image.default\">\n\t\t\t\t<div class=\"elementor-widget-container\">\n\t\t\t\t\t\t\t\t\t\t\t\t\t\t\t\t<a href=\"https:\/\/www.macapflag.com\/cadre-toile-tendue\/790449-cadre-toile-tendue-retroeclaire-autoportant-utilisation-interieure.html\" target=\"_blank\">\n\t\t\t\t\t\t\t<img loading=\"lazy\" decoding=\"async\" width=\"700\" height=\"534\" src=\"https:\/\/www.macapflag.com\/blog\/wp-content\/uploads\/2020\/07\/cadre-toile-tendue-r\u00e9tro\u00e9clair\u00e9.gif\" class=\"attachment-large size-large wp-image-5337\" alt=\"Le cadre r\u00e9tro\u00e9clair\u00e9 autoportant est un cadre lumineux \u00e9quip\u00e9 de leds\" \/>\t\t\t\t\t\t\t\t<\/a>\n\t\t\t\t\t\t\t\t\t\t\t\t\t\t\t<\/div>\n\t\t\t\t<\/div>\n\t\t\t\t\t<\/div>\n\t\t<\/div>\n\t\t\t\t\t<\/div>\n\t\t<\/section>\n\t\t\t\t<section class=\"elementor-section elementor-top-section elementor-element elementor-element-b81dfe8 elementor-section-boxed elementor-section-height-default elementor-section-height-default\" data-id=\"b81dfe8\" data-element_type=\"section\">\n\t\t\t\t\t\t<div class=\"elementor-container elementor-column-gap-default\">\n\t\t\t\t\t<div class=\"elementor-column elementor-col-100 elementor-top-column elementor-element elementor-element-b7c1f4d\" data-id=\"b7c1f4d\" data-element_type=\"column\">\n\t\t\t<div class=\"elementor-widget-wrap elementor-element-populated\">\n\t\t\t\t\t\t<div class=\"elementor-element elementor-element-0ca8b71 elementor-widget elementor-widget-text-editor\" data-id=\"0ca8b71\" data-element_type=\"widget\" data-widget_type=\"text-editor.default\">\n\t\t\t\t<div class=\"elementor-widget-container\">\n\t\t\t\t\t\t\t\t\t<p>Propos\u00e9e en deux dimensions (Hauteur 200 x largeur 100 cm ou hauteur 230 x largeur 200 cm), la structure en aluminium est dot\u00e9e de 2 pieds assortis. La particularit\u00e9 de ce mod\u00e8le est d\u2019\u00eatre r\u00e9tro \u00e9clair\u00e9. \u00c9quip\u00e9 d\u2019ampoules LED positionn\u00e9es sur tout son pourtour, le cadre permet d\u2019attirer le regard sur les visuels en accentuant leur visibilit\u00e9.<br \/>L\u2019ensemble est livr\u00e9 dans une valise de transport \u00e0 roulettes. Le temps de montage du cadre est de 10 mn et 2 personnes sont n\u00e9cessaires pour le plus grand mod\u00e8le (230&#215;200 cm).<br \/>Il est tr\u00e8s facile \u00e0 installer et ne n\u00e9cessite aucune comp\u00e9tence en \u00e9lectricit\u00e9 gr\u00e2ce \u00e0 son syst\u00e8me de \u201cplug &amp; play\u201d.<br \/>Il fait son plus bel effet sur le stand d\u2019un salon ou \u00e0 l\u2019entr\u00e9e d\u2019une entreprise.<\/p><h3>Le cadre toile tendue modulable pliant autoportant<\/h3>\t\t\t\t\t\t\t\t<\/div>\n\t\t\t\t<\/div>\n\t\t\t\t\t<\/div>\n\t\t<\/div>\n\t\t\t\t\t<\/div>\n\t\t<\/section>\n\t\t\t\t<section class=\"elementor-section elementor-top-section elementor-element elementor-element-0778edd elementor-section-boxed elementor-section-height-default elementor-section-height-default\" data-id=\"0778edd\" data-element_type=\"section\">\n\t\t\t\t\t\t<div class=\"elementor-container elementor-column-gap-default\">\n\t\t\t\t\t<div class=\"elementor-column elementor-col-100 elementor-top-column elementor-element elementor-element-56d3fec\" data-id=\"56d3fec\" data-element_type=\"column\">\n\t\t\t<div class=\"elementor-widget-wrap elementor-element-populated\">\n\t\t\t\t\t\t<div class=\"elementor-element elementor-element-0d09acb elementor-widget elementor-widget-image\" data-id=\"0d09acb\" data-element_type=\"widget\" data-widget_type=\"image.default\">\n\t\t\t\t<div class=\"elementor-widget-container\">\n\t\t\t\t\t\t\t\t\t\t\t\t\t\t\t\t<a href=\"https:\/\/www.macapflag.com\/cadre-toile-tendue\/790450-cadre-toile-tendue-modulable-pliant-autoportant-utilisation-interieure.html\" target=\"_blank\">\n\t\t\t\t\t\t\t<img loading=\"lazy\" decoding=\"async\" width=\"700\" height=\"534\" src=\"https:\/\/www.macapflag.com\/blog\/wp-content\/uploads\/2020\/07\/Cadre-toile-tendue-pliant-autoportant.gif\" class=\"attachment-large size-large wp-image-5341\" alt=\"Cadre toile tendue modulable autoportant vendu par lot de 2 cadres\" \/>\t\t\t\t\t\t\t\t<\/a>\n\t\t\t\t\t\t\t\t\t\t\t\t\t\t\t<\/div>\n\t\t\t\t<\/div>\n\t\t\t\t\t<\/div>\n\t\t<\/div>\n\t\t\t\t\t<\/div>\n\t\t<\/section>\n\t\t\t\t<section class=\"elementor-section elementor-top-section elementor-element elementor-element-baad875 elementor-section-boxed elementor-section-height-default elementor-section-height-default\" data-id=\"baad875\" data-element_type=\"section\">\n\t\t\t\t\t\t<div class=\"elementor-container elementor-column-gap-default\">\n\t\t\t\t\t<div class=\"elementor-column elementor-col-100 elementor-top-column elementor-element elementor-element-13526b4\" data-id=\"13526b4\" data-element_type=\"column\">\n\t\t\t<div class=\"elementor-widget-wrap elementor-element-populated\">\n\t\t\t\t\t\t<div class=\"elementor-element elementor-element-ecf45d6 elementor-widget elementor-widget-text-editor\" data-id=\"ecf45d6\" data-element_type=\"widget\" data-widget_type=\"text-editor.default\">\n\t\t\t\t<div class=\"elementor-widget-container\">\n\t\t\t\t\t\t\t\t\t<p>Ce mod\u00e8le est le plus particulier de sa famille car il est vendu par lot de 2 cadres.<br \/>Livr\u00e9s dans leur valise de transport avec accessoires, ces cadres s\u2019installent selon vos souhaits : en accord\u00e9on, l\u2019un sur l\u2019autre ou en ligne, les diff\u00e9rents connecteurs offrent de multiples possibilit\u00e9s d\u2019adapter la disposition de vos cadres \u00e0 vos espaces..<br \/>Chaque cadre mesure 100&#215;100 cm et peut accueillir un visuel personnalis\u00e9 sur chacune de ses faces. Il peut \u00e9galement servir de support \u00e0 un visuel couvrant la dimension de 2, 4 ou 6 cadres.<\/p><p>Ce mod\u00e8le est l\u2019alli\u00e9 des commerciaux itin\u00e9rants qui sont amen\u00e9s \u00e0 se d\u00e9placer fr\u00e9quemment pour effectuer des pr\u00e9sentations commerciales.<\/p><h2>Comment installer un cadre ?<\/h2>\t\t\t\t\t\t\t\t<\/div>\n\t\t\t\t<\/div>\n\t\t\t\t\t<\/div>\n\t\t<\/div>\n\t\t\t\t\t<\/div>\n\t\t<\/section>\n\t\t\t\t<section class=\"elementor-section elementor-top-section elementor-element elementor-element-e2a2fb0 elementor-section-boxed elementor-section-height-default elementor-section-height-default\" data-id=\"e2a2fb0\" data-element_type=\"section\">\n\t\t\t\t\t\t<div class=\"elementor-container elementor-column-gap-default\">\n\t\t\t\t\t<div class=\"elementor-column elementor-col-100 elementor-top-column elementor-element elementor-element-add865c\" data-id=\"add865c\" data-element_type=\"column\">\n\t\t\t<div class=\"elementor-widget-wrap elementor-element-populated\">\n\t\t\t\t\t\t<div class=\"elementor-element elementor-element-3f59e2e elementor-widget elementor-widget-image\" data-id=\"3f59e2e\" data-element_type=\"widget\" data-widget_type=\"image.default\">\n\t\t\t\t<div class=\"elementor-widget-container\">\n\t\t\t\t\t\t\t\t\t\t\t\t\t\t\t<img loading=\"lazy\" decoding=\"async\" width=\"700\" height=\"534\" src=\"https:\/\/www.macapflag.com\/blog\/wp-content\/uploads\/2020\/07\/Montage-facile-cadre-toile-tendue.gif\" class=\"attachment-large size-large wp-image-5342\" alt=\"\" \/>\t\t\t\t\t\t\t\t\t\t\t\t\t\t\t<\/div>\n\t\t\t\t<\/div>\n\t\t\t\t\t<\/div>\n\t\t<\/div>\n\t\t\t\t\t<\/div>\n\t\t<\/section>\n\t\t\t\t<section class=\"elementor-section elementor-top-section elementor-element elementor-element-cc06c4a elementor-section-boxed elementor-section-height-default elementor-section-height-default\" data-id=\"cc06c4a\" data-element_type=\"section\">\n\t\t\t\t\t\t<div class=\"elementor-container elementor-column-gap-default\">\n\t\t\t\t\t<div class=\"elementor-column elementor-col-100 elementor-top-column elementor-element elementor-element-015cb04\" data-id=\"015cb04\" data-element_type=\"column\">\n\t\t\t<div class=\"elementor-widget-wrap elementor-element-populated\">\n\t\t\t\t\t\t<div class=\"elementor-element elementor-element-077d2f5 elementor-widget elementor-widget-text-editor\" data-id=\"077d2f5\" data-element_type=\"widget\" data-widget_type=\"text-editor.default\">\n\t\t\t\t<div class=\"elementor-widget-container\">\n\t\t\t\t\t\t\t\t\t<p>Simple et rapide, une fois le montage du cadre aluminium effectu\u00e9, il suffit de glisser le jonc du visuel dans la rainure.<\/p><h2>Des visuels interchangeables sur tous les cadres<\/h2><p>C\u2019est le deuxi\u00e8me point fort inconditionnel ! Quel que soit le cadre que vous choisissez, vous pouvez \u00e0 tout moment remplacer le ou les visuels par de nouveaux exemplaires de taille identique.<\/p><p>Ce syst\u00e8me d\u2019interchangeabilit\u00e9 des voiles textiles est mis en place sur le maximum de supports Macap pour les rendre encore plus \u00e9conomiques : drapeau personnalis\u00e9 bien s\u00fbr mais aussi beach flag ou mobilier personnalis\u00e9 sont autant d\u2019outils de communication pour lesquels les visuels peuvent \u00eatre facilement remplac\u00e9s par d\u2019autres. Vous commandez et nous fabriquons vos visuels dans nos ateliers varois.<\/p><p>Une mani\u00e8re de consommer \u00e0 la fois \u00e9conomique et responsable : Vos supports en aluminium deviennent r\u00e9utilisables, donc \u00e9conomiques, et vous consommez du 100% made in France !<\/p><h2>La qualit\u00e9 d&#8217;une impression photo<\/h2>\t\t\t\t\t\t\t\t<\/div>\n\t\t\t\t<\/div>\n\t\t\t\t\t<\/div>\n\t\t<\/div>\n\t\t\t\t\t<\/div>\n\t\t<\/section>\n\t\t\t\t<section class=\"elementor-section elementor-top-section elementor-element elementor-element-b03bf27 elementor-section-boxed elementor-section-height-default elementor-section-height-default\" data-id=\"b03bf27\" data-element_type=\"section\">\n\t\t\t\t\t\t<div class=\"elementor-container elementor-column-gap-default\">\n\t\t\t\t\t<div class=\"elementor-column elementor-col-100 elementor-top-column elementor-element elementor-element-9e68233\" data-id=\"9e68233\" data-element_type=\"column\">\n\t\t\t<div class=\"elementor-widget-wrap elementor-element-populated\">\n\t\t\t\t\t\t<div class=\"elementor-element elementor-element-4e119cc elementor-widget elementor-widget-image\" data-id=\"4e119cc\" data-element_type=\"widget\" data-widget_type=\"image.default\">\n\t\t\t\t<div class=\"elementor-widget-container\">\n\t\t\t\t\t\t\t\t\t\t\t\t\t\t\t<img loading=\"lazy\" decoding=\"async\" width=\"700\" height=\"534\" src=\"https:\/\/www.macapflag.com\/blog\/wp-content\/uploads\/2020\/07\/Qualit\u00e9-photo-de-limpression-du-cadre.gif\" class=\"attachment-large size-large wp-image-5343\" alt=\"Le tissu du cadre toile tendu est imprim\u00e9 en HD, qualit\u00e9 photo\" \/>\t\t\t\t\t\t\t\t\t\t\t\t\t\t\t<\/div>\n\t\t\t\t<\/div>\n\t\t\t\t\t<\/div>\n\t\t<\/div>\n\t\t\t\t\t<\/div>\n\t\t<\/section>\n\t\t\t\t<section class=\"elementor-section elementor-top-section elementor-element elementor-element-ef102f1 elementor-section-boxed elementor-section-height-default elementor-section-height-default\" data-id=\"ef102f1\" data-element_type=\"section\">\n\t\t\t\t\t\t<div class=\"elementor-container elementor-column-gap-default\">\n\t\t\t\t\t<div class=\"elementor-column elementor-col-100 elementor-top-column elementor-element elementor-element-0f7247c\" data-id=\"0f7247c\" data-element_type=\"column\">\n\t\t\t<div class=\"elementor-widget-wrap elementor-element-populated\">\n\t\t\t\t\t\t<div class=\"elementor-element elementor-element-2adf7e7 elementor-widget elementor-widget-text-editor\" data-id=\"2adf7e7\" data-element_type=\"widget\" data-widget_type=\"text-editor.default\">\n\t\t\t\t<div class=\"elementor-widget-container\">\n\t\t\t\t\t\t\t\t\t<p>S\u2019il ne fallait retenir qu\u2019un seul point fort du cadre toile tendue, il s\u2019agirait probablement du rendu hautement esth\u00e9tique de ses visuels. Vos photos sont reproduites de mani\u00e8re lumineuse et nette m\u00eame en grand format (sous r\u00e9serve d\u2019une bonne qualit\u00e9 du fichier d\u2019origine). Notre proc\u00e9d\u00e9 d\u2019impression haute d\u00e9finition sur des imprimantes num\u00e9riques est suivi d\u2019une phase de sublimation qui permet de fixer les couleurs tout en renfor\u00e7ant leur luminosit\u00e9.<\/p><h2>Retrouvez toute la gamme des cadres toiles tendues en ligne<\/h2>\t\t\t\t\t\t\t\t<\/div>\n\t\t\t\t<\/div>\n\t\t\t\t\t<\/div>\n\t\t<\/div>\n\t\t\t\t\t<\/div>\n\t\t<\/section>\n\t\t\t\t<section class=\"elementor-section elementor-top-section elementor-element elementor-element-586fe44 elementor-section-boxed elementor-section-height-default elementor-section-height-default\" data-id=\"586fe44\" data-element_type=\"section\">\n\t\t\t\t\t\t<div class=\"elementor-container elementor-column-gap-default\">\n\t\t\t\t\t<div class=\"elementor-column elementor-col-33 elementor-top-column elementor-element elementor-element-c662bb3\" data-id=\"c662bb3\" data-element_type=\"column\">\n\t\t\t<div class=\"elementor-widget-wrap elementor-element-populated\">\n\t\t\t\t\t\t<div class=\"elementor-element elementor-element-5fe541d elementor-widget elementor-widget-shortcode\" data-id=\"5fe541d\" data-element_type=\"widget\" data-widget_type=\"shortcode.default\">\n\t\t\t\t<div class=\"elementor-widget-container\">\n\t\t\t\t\t\t\t<div class=\"elementor-shortcode\"><div class=\"container p-0 m-0\">\n    <div class=\"row m-0 border\">\n        <div class=\"col-12 grid-didpd-body text-center\">\n            <img decoding=\"async\" src=\"https:\/\/www.macapflag.com\/1861214-home_default\/cadre-autoportant-toile-tendue-utilisation-interieure.jpg\" alt=\"Cadre toile tendue autoportant 200x80 cm\" class=\"mx-auto\" \/>\n            <div class=\"grid-didpd-text\">\n                <a href=\"https:\/\/www.macapflag.com\/cadre-toile-tendue\/187-cadre-autoportant-toile-tendue-utilisation-interieure.html\" target=\"_blank\" class=\"stretched-link\">\n                    <h3>Cadre toile tendue autoportant 200x80 cm<\/h3>\n                <\/a>\n            <\/div>\n                        <p class=\"text-center font-weight-bold\">370,00 \u20ac HT<\/p>            <div class=\"text-center\">\n                <button class=\"btn btn-primary\">Achat cadre toile tendue<\/button>\n            <\/div>\n        <\/div>\n    <\/div>\n<\/div>\n <\/div>\n\t\t\t\t\t\t<\/div>\n\t\t\t\t<\/div>\n\t\t\t\t\t<\/div>\n\t\t<\/div>\n\t\t\t\t<div class=\"elementor-column elementor-col-33 elementor-top-column elementor-element elementor-element-3469560\" data-id=\"3469560\" data-element_type=\"column\">\n\t\t\t<div class=\"elementor-widget-wrap elementor-element-populated\">\n\t\t\t\t\t\t<div class=\"elementor-element elementor-element-152736d elementor-widget elementor-widget-shortcode\" data-id=\"152736d\" data-element_type=\"widget\" data-widget_type=\"shortcode.default\">\n\t\t\t\t<div class=\"elementor-widget-container\">\n\t\t\t\t\t\t\t<div class=\"elementor-shortcode\"><div class=\"container p-0 m-0\">\n    <div class=\"row m-0 border\">\n        <div class=\"col-12 grid-didpd-body text-center\">\n            <img decoding=\"async\" src=\"https:\/\/www.macapflag.com\/1861218-home_default\/cadre-mural-toile-tendue-utilisation-interieure.jpg\" alt=\"Cadre toile tendue mural 60x80 cm\" class=\"mx-auto\" \/>\n            <div class=\"grid-didpd-text\">\n                <a href=\"https:\/\/www.macapflag.com\/cadre-toile-tendue\/110-cadre-mural-toile-tendue-utilisation-interieure.html\" target=\"_blank\" class=\"stretched-link\">\n                    <h3>Cadre toile tendue mural 60x80 cm<\/h3>\n                <\/a>\n            <\/div>\n                        <p class=\"text-center font-weight-bold\">104,00 \u20ac HT<\/p>            <div class=\"text-center\">\n                <button class=\"btn btn-primary\">Achat cadre toile tendue<\/button>\n            <\/div>\n        <\/div>\n    <\/div>\n<\/div>\n <\/div>\n\t\t\t\t\t\t<\/div>\n\t\t\t\t<\/div>\n\t\t\t\t\t<\/div>\n\t\t<\/div>\n\t\t\t\t<div class=\"elementor-column elementor-col-33 elementor-top-column elementor-element elementor-element-9b562b3\" data-id=\"9b562b3\" data-element_type=\"column\">\n\t\t\t<div class=\"elementor-widget-wrap elementor-element-populated\">\n\t\t\t\t\t\t<div class=\"elementor-element elementor-element-764760f elementor-widget elementor-widget-shortcode\" data-id=\"764760f\" data-element_type=\"widget\" data-widget_type=\"shortcode.default\">\n\t\t\t\t<div class=\"elementor-widget-container\">\n\t\t\t\t\t\t\t<div class=\"elementor-shortcode\"><div class=\"container p-0 m-0\">\n    <div class=\"row m-0 border\">\n        <div class=\"col-12 grid-didpd-body text-center\">\n            <img decoding=\"async\" src=\"https:\/\/www.macapflag.com\/1860518-home_default\/cadre-toile-tendue-pliable-autoportant-1-ou-2-faces.jpg\" alt=\"Cadre toile tendue pliable autoportant 200x100 cm\" class=\"mx-auto\" \/>\n            <div class=\"grid-didpd-text\">\n                <a href=\"https:\/\/www.macapflag.com\/cadre-toile-tendue\/792370-cadre-toile-tendue-pliable-autoportant-1-ou-2-faces.html\" target=\"_blank\" class=\"stretched-link\">\n                    <h3>Cadre toile tendue pliable autoportant 200x100 cm<\/h3>\n                <\/a>\n            <\/div>\n                        <p class=\"text-center font-weight-bold\">268,03 \u20ac HT<\/p>            <div class=\"text-center\">\n                <button class=\"btn btn-primary\">Achat cadre toile tendue<\/button>\n            <\/div>\n        <\/div>\n    <\/div>\n<\/div>\n <\/div>\n\t\t\t\t\t\t<\/div>\n\t\t\t\t<\/div>\n\t\t\t\t\t<\/div>\n\t\t<\/div>\n\t\t\t\t\t<\/div>\n\t\t<\/section>\n\t\t\t\t<section class=\"elementor-section elementor-top-section elementor-element elementor-element-bd78fa4 elementor-section-boxed elementor-section-height-default elementor-section-height-default\" data-id=\"bd78fa4\" data-element_type=\"section\">\n\t\t\t\t\t\t<div class=\"elementor-container elementor-column-gap-default\">\n\t\t\t\t\t<div class=\"elementor-column elementor-col-33 elementor-top-column elementor-element elementor-element-864b9ba\" data-id=\"864b9ba\" data-element_type=\"column\">\n\t\t\t<div class=\"elementor-widget-wrap elementor-element-populated\">\n\t\t\t\t\t\t<div class=\"elementor-element elementor-element-c3bf87f elementor-widget elementor-widget-shortcode\" data-id=\"c3bf87f\" data-element_type=\"widget\" data-widget_type=\"shortcode.default\">\n\t\t\t\t<div class=\"elementor-widget-container\">\n\t\t\t\t\t\t\t<div class=\"elementor-shortcode\"><div class=\"container p-0 m-0\">\n    <div class=\"row m-0 border\">\n        <div class=\"col-12 grid-didpd-body text-center\">\n            <img decoding=\"async\" src=\"https:\/\/www.macapflag.com\/1853049-home_default\/cadre-toile-tendue-retroeclaire-autoportant-utilisation-interieure.jpg\" alt=\"Cadre toile tendue r&eacute;tro&eacute;clair&eacute; 200x100 cm\" class=\"mx-auto\" \/>\n            <div class=\"grid-didpd-text\">\n                <a href=\"https:\/\/www.macapflag.com\/cadre-toile-tendue\/790449-cadre-toile-tendue-retroeclaire-autoportant-utilisation-interieure.html\" target=\"_blank\" class=\"stretched-link\">\n                    <h3>Cadre toile tendue r\u00e9tro\u00e9clair\u00e9 200x100 cm<\/h3>\n                <\/a>\n            <\/div>\n                        <p class=\"text-center font-weight-bold\">365,00 \u20ac HT<\/p>            <div class=\"text-center\">\n                <button class=\"btn btn-primary\">Achat cadre toile tendue<\/button>\n            <\/div>\n        <\/div>\n    <\/div>\n<\/div>\n <\/div>\n\t\t\t\t\t\t<\/div>\n\t\t\t\t<\/div>\n\t\t\t\t\t<\/div>\n\t\t<\/div>\n\t\t\t\t<div class=\"elementor-column elementor-col-33 elementor-top-column elementor-element elementor-element-075c968\" data-id=\"075c968\" data-element_type=\"column\">\n\t\t\t<div class=\"elementor-widget-wrap elementor-element-populated\">\n\t\t\t\t\t\t<div class=\"elementor-element elementor-element-70b1b36 elementor-widget elementor-widget-shortcode\" data-id=\"70b1b36\" data-element_type=\"widget\" data-widget_type=\"shortcode.default\">\n\t\t\t\t<div class=\"elementor-widget-container\">\n\t\t\t\t\t\t\t<div class=\"elementor-shortcode\"><div class=\"container p-0 m-0\">\n    <div class=\"row m-0 border\">\n        <div class=\"col-12 grid-didpd-body text-center\">\n            <img decoding=\"async\" src=\"https:\/\/www.macapflag.com\/1861228-home_default\/cadre-toile-tendue-suspendu-utilisation-interieure.jpg\" alt=\"Cadre toile tendue suspendu 60x80 cm\" class=\"mx-auto\" \/>\n            <div class=\"grid-didpd-text\">\n                <a href=\"https:\/\/www.macapflag.com\/cadre-toile-tendue\/109-cadre-toile-tendue-suspendu-utilisation-interieure.html\" target=\"_blank\" class=\"stretched-link\">\n                    <h3>Cadre toile tendue suspendu 60x80 cm<\/h3>\n                <\/a>\n            <\/div>\n                        <p class=\"text-center font-weight-bold\">210,00 \u20ac HT<\/p>            <div class=\"text-center\">\n                <button class=\"btn btn-primary\">Achat cadre toile tendue<\/button>\n            <\/div>\n        <\/div>\n    <\/div>\n<\/div>\n <\/div>\n\t\t\t\t\t\t<\/div>\n\t\t\t\t<\/div>\n\t\t\t\t\t<\/div>\n\t\t<\/div>\n\t\t\t\t<div class=\"elementor-column elementor-col-33 elementor-top-column elementor-element elementor-element-903841c\" data-id=\"903841c\" data-element_type=\"column\">\n\t\t\t<div class=\"elementor-widget-wrap elementor-element-populated\">\n\t\t\t\t\t\t<div class=\"elementor-element elementor-element-b5a5e4a elementor-widget elementor-widget-shortcode\" data-id=\"b5a5e4a\" data-element_type=\"widget\" data-widget_type=\"shortcode.default\">\n\t\t\t\t<div class=\"elementor-widget-container\">\n\t\t\t\t\t\t\t<div class=\"elementor-shortcode\"><div class=\"container p-0 m-0\">\n    <div class=\"row m-0 border\">\n        <div class=\"col-12 grid-didpd-body text-center\">\n            <img decoding=\"async\" src=\"https:\/\/www.macapflag.com\/1859564-home_default\/mur-d-image-photocall-autoportant-1-ou-2-faces.jpg\" alt=\"Mur d'image photocall tubulaire 230x300 cm\" class=\"mx-auto\" \/>\n            <div class=\"grid-didpd-text\">\n                <a href=\"https:\/\/www.macapflag.com\/roll-up-plv-expo\/792227-mur-d-image-photocall-autoportant-1-ou-2-faces.html\" target=\"_blank\" class=\"stretched-link\">\n                    <h3>Mur d'image photocall tubulaire 230x300 cm<\/h3>\n                <\/a>\n            <\/div>\n                        <p class=\"text-center font-weight-bold\">445,00 \u20ac HT<\/p>            <div class=\"text-center\">\n                <button class=\"btn btn-primary\">Achat mur d'image photocall<\/button>\n            <\/div>\n        <\/div>\n    <\/div>\n<\/div>\n <\/div>\n\t\t\t\t\t\t<\/div>\n\t\t\t\t<\/div>\n\t\t\t\t\t<\/div>\n\t\t<\/div>\n\t\t\t\t\t<\/div>\n\t\t<\/section>\n\t\t\t\t<section class=\"elementor-section elementor-top-section elementor-element elementor-element-6e42bad elementor-section-boxed elementor-section-height-default elementor-section-height-default\" data-id=\"6e42bad\" data-element_type=\"section\">\n\t\t\t\t\t\t<div class=\"elementor-container elementor-column-gap-default\">\n\t\t\t\t\t<div class=\"elementor-column elementor-col-100 elementor-top-column elementor-element elementor-element-8e2c012\" data-id=\"8e2c012\" data-element_type=\"column\">\n\t\t\t<div class=\"elementor-widget-wrap elementor-element-populated\">\n\t\t\t\t\t\t<div class=\"elementor-element elementor-element-4f529c1 elementor-widget elementor-widget-text-editor\" data-id=\"4f529c1\" data-element_type=\"widget\" data-widget_type=\"text-editor.default\">\n\t\t\t\t<div class=\"elementor-widget-container\">\n\t\t\t\t\t\t\t\t\t<h2>Retrouvez d&#8217;autres articles sur le cadre toile tendue<\/h2><p><blockquote class=\"wp-embedded-content\" data-secret=\"xMp4YK1A9t\"><a href=\"https:\/\/www.macapflag.com\/blog\/cadre-toile\/\">Cadre classique \/ cadre r\u00e9tro \u00e9clair\u00e9<\/a><\/blockquote><iframe class=\"wp-embedded-content\" sandbox=\"allow-scripts\" security=\"restricted\" style=\"position: absolute; visibility: hidden;\" title=\"\u00ab\u00a0Cadre classique \/ cadre r\u00e9tro \u00e9clair\u00e9\u00a0\u00bb &#8212; Blog - Macap\" src=\"https:\/\/www.macapflag.com\/blog\/cadre-toile\/embed\/#?secret=FnZIFKYuTa#?secret=xMp4YK1A9t\" data-secret=\"xMp4YK1A9t\" width=\"600\" height=\"338\" frameborder=\"0\" marginwidth=\"0\" marginheight=\"0\" scrolling=\"no\"><\/iframe><\/p><p><blockquote class=\"wp-embedded-content\" data-secret=\"QySAjcJVbt\"><a href=\"https:\/\/www.macapflag.com\/blog\/fabrication-toile-tendue-sur-cadre\/\">Les 5 \u00e9tapes de la fabrication d\u2019une toile tendue sur cadre<\/a><\/blockquote><iframe class=\"wp-embedded-content\" sandbox=\"allow-scripts\" security=\"restricted\" style=\"position: absolute; visibility: hidden;\" title=\"\u00ab\u00a0Les 5 \u00e9tapes de la fabrication d\u2019une toile tendue sur cadre\u00a0\u00bb &#8212; Blog - Macap\" src=\"https:\/\/www.macapflag.com\/blog\/fabrication-toile-tendue-sur-cadre\/embed\/#?secret=l40rGEO5Sb#?secret=QySAjcJVbt\" data-secret=\"QySAjcJVbt\" width=\"600\" height=\"338\" frameborder=\"0\" marginwidth=\"0\" marginheight=\"0\" scrolling=\"no\"><\/iframe><\/p><p>\u00a0<\/p>\t\t\t\t\t\t\t\t<\/div>\n\t\t\t\t<\/div>\n\t\t\t\t\t<\/div>\n\t\t<\/div>\n\t\t\t\t\t<\/div>\n\t\t<\/section>\n\t\t\t\t<\/div>\n\t\t","protected":false},"excerpt":{"rendered":"<div class=\"tmnf_excerpt\"><p>Dans l\u2019univers des supports de communication, le cadre toile tendue occupe une place de choix au sein des mod\u00e8les indoors et cela n\u2019est pas d\u00fb au hasard&#8230;Tout d\u2019abord parce que le cadre toile offre un rendu tr\u00e8s qualitatif de votre visuel, mais aussi parce qu\u2019il se d\u00e9cline sous de multiples formes aux dimensions de votre &hellip;<\/p>\n<\/div>","protected":false},"author":2,"featured_media":5329,"comment_status":"closed","ping_status":"open","sticky":false,"template":"template-fullwidth.php","format":"standard","meta":{"footnotes":""},"categories":[90],"tags":[],"class_list":["post-5327","post","type-post","status-publish","format-standard","has-post-thumbnail","hentry","category-produits-et-sols"],"yoast_head":"<!-- This site is optimized with the Yoast SEO plugin v26.4 - https:\/\/yoast.com\/wordpress\/plugins\/seo\/ -->\n<title>Le cadre toile tendue mural, autoportant, suspendu, lumineux<\/title>\n<meta name=\"description\" content=\"Le cadre toile ou toile tendue offre un rendu exceptionnel. Cadre \u00e0 suspendre au plafond, contre un mur, cadre sur pieds ou r\u00e9tro\u00e9clair\u00e9\" \/>\n<meta name=\"robots\" content=\"index, follow, max-snippet:-1, max-image-preview:large, max-video-preview:-1\" \/>\n<link rel=\"canonical\" href=\"https:\/\/www.macapflag.com\/blog\/cadre\/\" \/>\n<meta property=\"og:locale\" content=\"fr_FR\" \/>\n<meta property=\"og:type\" content=\"article\" \/>\n<meta property=\"og:title\" content=\"Le cadre toile tendue mural, autoportant, suspendu, lumineux\" \/>\n<meta property=\"og:description\" content=\"Le cadre toile ou toile tendue offre un rendu exceptionnel. Cadre \u00e0 suspendre au plafond, contre un mur, cadre sur pieds ou r\u00e9tro\u00e9clair\u00e9\" \/>\n<meta property=\"og:url\" content=\"https:\/\/www.macapflag.com\/blog\/cadre\/\" \/>\n<meta property=\"og:site_name\" content=\"Blog - Macap\" \/>\n<meta property=\"article:publisher\" content=\"https:\/\/www.facebook.com\/macap.pavoisement\/\" \/>\n<meta property=\"article:published_time\" content=\"2020-08-03T06:00:40+00:00\" \/>\n<meta property=\"article:modified_time\" content=\"2025-05-20T09:03:52+00:00\" \/>\n<meta property=\"og:image\" content=\"https:\/\/www.macapflag.com\/blog\/wp-content\/uploads\/2020\/07\/cadre-toile-tendue-titre.gif\" \/>\n\t<meta property=\"og:image:width\" content=\"700\" \/>\n\t<meta property=\"og:image:height\" content=\"534\" \/>\n\t<meta property=\"og:image:type\" content=\"image\/gif\" \/>\n<meta name=\"author\" content=\"Blog Macap\" \/>\n<meta name=\"twitter:card\" content=\"summary_large_image\" \/>\n<meta name=\"twitter:label1\" content=\"\u00c9crit par\" \/>\n\t<meta name=\"twitter:data1\" content=\"Blog Macap\" \/>\n\t<meta name=\"twitter:label2\" content=\"Dur\u00e9e de lecture estim\u00e9e\" \/>\n\t<meta name=\"twitter:data2\" content=\"7 minutes\" \/>\n<script type=\"application\/ld+json\" class=\"yoast-schema-graph\">{\"@context\":\"https:\/\/schema.org\",\"@graph\":[{\"@type\":\"Article\",\"@id\":\"https:\/\/www.macapflag.com\/blog\/cadre\/#article\",\"isPartOf\":{\"@id\":\"https:\/\/www.macapflag.com\/blog\/cadre\/\"},\"author\":{\"name\":\"Blog Macap\",\"@id\":\"https:\/\/www.macapflag.com\/blog\/#\/schema\/person\/3fea701f2603875e651e6b662578fc3c\"},\"headline\":\"Le cadre dans tous ses \u00e9tats !\",\"datePublished\":\"2020-08-03T06:00:40+00:00\",\"dateModified\":\"2025-05-20T09:03:52+00:00\",\"mainEntityOfPage\":{\"@id\":\"https:\/\/www.macapflag.com\/blog\/cadre\/\"},\"wordCount\":1324,\"publisher\":{\"@id\":\"https:\/\/www.macapflag.com\/blog\/#organization\"},\"image\":{\"@id\":\"https:\/\/www.macapflag.com\/blog\/cadre\/#primaryimage\"},\"thumbnailUrl\":\"https:\/\/www.macapflag.com\/blog\/wp-content\/uploads\/2020\/07\/cadre-toile-tendue-titre.gif\",\"articleSection\":[\"Produits &amp; Solutions\"],\"inLanguage\":\"fr-FR\"},{\"@type\":\"WebPage\",\"@id\":\"https:\/\/www.macapflag.com\/blog\/cadre\/\",\"url\":\"https:\/\/www.macapflag.com\/blog\/cadre\/\",\"name\":\"Le cadre toile tendue mural, autoportant, suspendu, lumineux\",\"isPartOf\":{\"@id\":\"https:\/\/www.macapflag.com\/blog\/#website\"},\"primaryImageOfPage\":{\"@id\":\"https:\/\/www.macapflag.com\/blog\/cadre\/#primaryimage\"},\"image\":{\"@id\":\"https:\/\/www.macapflag.com\/blog\/cadre\/#primaryimage\"},\"thumbnailUrl\":\"https:\/\/www.macapflag.com\/blog\/wp-content\/uploads\/2020\/07\/cadre-toile-tendue-titre.gif\",\"datePublished\":\"2020-08-03T06:00:40+00:00\",\"dateModified\":\"2025-05-20T09:03:52+00:00\",\"description\":\"Le cadre toile ou toile tendue offre un rendu exceptionnel. Cadre \u00e0 suspendre au plafond, contre un mur, cadre sur pieds ou r\u00e9tro\u00e9clair\u00e9\",\"breadcrumb\":{\"@id\":\"https:\/\/www.macapflag.com\/blog\/cadre\/#breadcrumb\"},\"inLanguage\":\"fr-FR\",\"potentialAction\":[{\"@type\":\"ReadAction\",\"target\":[\"https:\/\/www.macapflag.com\/blog\/cadre\/\"]}]},{\"@type\":\"ImageObject\",\"inLanguage\":\"fr-FR\",\"@id\":\"https:\/\/www.macapflag.com\/blog\/cadre\/#primaryimage\",\"url\":\"https:\/\/www.macapflag.com\/blog\/wp-content\/uploads\/2020\/07\/cadre-toile-tendue-titre.gif\",\"contentUrl\":\"https:\/\/www.macapflag.com\/blog\/wp-content\/uploads\/2020\/07\/cadre-toile-tendue-titre.gif\",\"width\":700,\"height\":534,\"caption\":\"Cadre toile tendue modulable, r\u00e9tro\u00e9clair\u00e9, autoportant, mural\"},{\"@type\":\"BreadcrumbList\",\"@id\":\"https:\/\/www.macapflag.com\/blog\/cadre\/#breadcrumb\",\"itemListElement\":[{\"@type\":\"ListItem\",\"position\":1,\"name\":\"Accueil\",\"item\":\"https:\/\/www.macapflag.com\/blog\/\"},{\"@type\":\"ListItem\",\"position\":2,\"name\":\"Le cadre dans tous ses \u00e9tats !\"}]},{\"@type\":\"WebSite\",\"@id\":\"https:\/\/www.macapflag.com\/blog\/#website\",\"url\":\"https:\/\/www.macapflag.com\/blog\/\",\"name\":\"Blog - Macap\",\"description\":\"Tous nos articles\",\"publisher\":{\"@id\":\"https:\/\/www.macapflag.com\/blog\/#organization\"},\"potentialAction\":[{\"@type\":\"SearchAction\",\"target\":{\"@type\":\"EntryPoint\",\"urlTemplate\":\"https:\/\/www.macapflag.com\/blog\/?s={search_term_string}\"},\"query-input\":{\"@type\":\"PropertyValueSpecification\",\"valueRequired\":true,\"valueName\":\"search_term_string\"}}],\"inLanguage\":\"fr-FR\"},{\"@type\":\"Organization\",\"@id\":\"https:\/\/www.macapflag.com\/blog\/#organization\",\"name\":\"macapflag\",\"url\":\"https:\/\/www.macapflag.com\/blog\/\",\"logo\":{\"@type\":\"ImageObject\",\"inLanguage\":\"fr-FR\",\"@id\":\"https:\/\/www.macapflag.com\/blog\/#\/schema\/logo\/image\/\",\"url\":\"https:\/\/www.macapflag.com\/blog\/wp-content\/uploads\/2020\/12\/cropped-M-512-1.png\",\"contentUrl\":\"https:\/\/www.macapflag.com\/blog\/wp-content\/uploads\/2020\/12\/cropped-M-512-1.png\",\"width\":512,\"height\":512,\"caption\":\"macapflag\"},\"image\":{\"@id\":\"https:\/\/www.macapflag.com\/blog\/#\/schema\/logo\/image\/\"},\"sameAs\":[\"https:\/\/www.facebook.com\/macap.pavoisement\/\",\"https:\/\/www.instagram.com\/macapflag\/?hl=fr\",\"https:\/\/www.linkedin.com\/company\/macap\/?originalSubdomain=fr\",\"https:\/\/www.youtube.com\/channel\/UCXNzTIdZh9poEBjSXEqDtNw\"]},{\"@type\":\"Person\",\"@id\":\"https:\/\/www.macapflag.com\/blog\/#\/schema\/person\/3fea701f2603875e651e6b662578fc3c\",\"name\":\"Blog Macap\",\"image\":{\"@type\":\"ImageObject\",\"inLanguage\":\"fr-FR\",\"@id\":\"https:\/\/www.macapflag.com\/blog\/#\/schema\/person\/image\/\",\"url\":\"https:\/\/secure.gravatar.com\/avatar\/c12551f2dc51f0db049633b03e7856985477a70da834cc8967dea4ce54bdd6a2?s=96&d=mm&r=g\",\"contentUrl\":\"https:\/\/secure.gravatar.com\/avatar\/c12551f2dc51f0db049633b03e7856985477a70da834cc8967dea4ce54bdd6a2?s=96&d=mm&r=g\",\"caption\":\"Blog Macap\"},\"url\":\"https:\/\/www.macapflag.com\/blog\/author\/macap\/\"}]}<\/script>\n<!-- \/ Yoast SEO plugin. -->","yoast_head_json":{"title":"Le cadre toile tendue mural, autoportant, suspendu, lumineux","description":"Le cadre toile ou toile tendue offre un rendu exceptionnel. Cadre \u00e0 suspendre au plafond, contre un mur, cadre sur pieds ou r\u00e9tro\u00e9clair\u00e9","robots":{"index":"index","follow":"follow","max-snippet":"max-snippet:-1","max-image-preview":"max-image-preview:large","max-video-preview":"max-video-preview:-1"},"canonical":"https:\/\/www.macapflag.com\/blog\/cadre\/","og_locale":"fr_FR","og_type":"article","og_title":"Le cadre toile tendue mural, autoportant, suspendu, lumineux","og_description":"Le cadre toile ou toile tendue offre un rendu exceptionnel. Cadre \u00e0 suspendre au plafond, contre un mur, cadre sur pieds ou r\u00e9tro\u00e9clair\u00e9","og_url":"https:\/\/www.macapflag.com\/blog\/cadre\/","og_site_name":"Blog - Macap","article_publisher":"https:\/\/www.facebook.com\/macap.pavoisement\/","article_published_time":"2020-08-03T06:00:40+00:00","article_modified_time":"2025-05-20T09:03:52+00:00","og_image":[{"width":700,"height":534,"url":"https:\/\/www.macapflag.com\/blog\/wp-content\/uploads\/2020\/07\/cadre-toile-tendue-titre.gif","type":"image\/gif"}],"author":"Blog Macap","twitter_card":"summary_large_image","twitter_misc":{"\u00c9crit par":"Blog Macap","Dur\u00e9e de lecture estim\u00e9e":"7 minutes"},"schema":{"@context":"https:\/\/schema.org","@graph":[{"@type":"Article","@id":"https:\/\/www.macapflag.com\/blog\/cadre\/#article","isPartOf":{"@id":"https:\/\/www.macapflag.com\/blog\/cadre\/"},"author":{"name":"Blog Macap","@id":"https:\/\/www.macapflag.com\/blog\/#\/schema\/person\/3fea701f2603875e651e6b662578fc3c"},"headline":"Le cadre dans tous ses \u00e9tats !","datePublished":"2020-08-03T06:00:40+00:00","dateModified":"2025-05-20T09:03:52+00:00","mainEntityOfPage":{"@id":"https:\/\/www.macapflag.com\/blog\/cadre\/"},"wordCount":1324,"publisher":{"@id":"https:\/\/www.macapflag.com\/blog\/#organization"},"image":{"@id":"https:\/\/www.macapflag.com\/blog\/cadre\/#primaryimage"},"thumbnailUrl":"https:\/\/www.macapflag.com\/blog\/wp-content\/uploads\/2020\/07\/cadre-toile-tendue-titre.gif","articleSection":["Produits &amp; Solutions"],"inLanguage":"fr-FR"},{"@type":"WebPage","@id":"https:\/\/www.macapflag.com\/blog\/cadre\/","url":"https:\/\/www.macapflag.com\/blog\/cadre\/","name":"Le cadre toile tendue mural, autoportant, suspendu, lumineux","isPartOf":{"@id":"https:\/\/www.macapflag.com\/blog\/#website"},"primaryImageOfPage":{"@id":"https:\/\/www.macapflag.com\/blog\/cadre\/#primaryimage"},"image":{"@id":"https:\/\/www.macapflag.com\/blog\/cadre\/#primaryimage"},"thumbnailUrl":"https:\/\/www.macapflag.com\/blog\/wp-content\/uploads\/2020\/07\/cadre-toile-tendue-titre.gif","datePublished":"2020-08-03T06:00:40+00:00","dateModified":"2025-05-20T09:03:52+00:00","description":"Le cadre toile ou toile tendue offre un rendu exceptionnel. Cadre \u00e0 suspendre au plafond, contre un mur, cadre sur pieds ou r\u00e9tro\u00e9clair\u00e9","breadcrumb":{"@id":"https:\/\/www.macapflag.com\/blog\/cadre\/#breadcrumb"},"inLanguage":"fr-FR","potentialAction":[{"@type":"ReadAction","target":["https:\/\/www.macapflag.com\/blog\/cadre\/"]}]},{"@type":"ImageObject","inLanguage":"fr-FR","@id":"https:\/\/www.macapflag.com\/blog\/cadre\/#primaryimage","url":"https:\/\/www.macapflag.com\/blog\/wp-content\/uploads\/2020\/07\/cadre-toile-tendue-titre.gif","contentUrl":"https:\/\/www.macapflag.com\/blog\/wp-content\/uploads\/2020\/07\/cadre-toile-tendue-titre.gif","width":700,"height":534,"caption":"Cadre toile tendue modulable, r\u00e9tro\u00e9clair\u00e9, autoportant, mural"},{"@type":"BreadcrumbList","@id":"https:\/\/www.macapflag.com\/blog\/cadre\/#breadcrumb","itemListElement":[{"@type":"ListItem","position":1,"name":"Accueil","item":"https:\/\/www.macapflag.com\/blog\/"},{"@type":"ListItem","position":2,"name":"Le cadre dans tous ses \u00e9tats !"}]},{"@type":"WebSite","@id":"https:\/\/www.macapflag.com\/blog\/#website","url":"https:\/\/www.macapflag.com\/blog\/","name":"Blog - Macap","description":"Tous nos articles","publisher":{"@id":"https:\/\/www.macapflag.com\/blog\/#organization"},"potentialAction":[{"@type":"SearchAction","target":{"@type":"EntryPoint","urlTemplate":"https:\/\/www.macapflag.com\/blog\/?s={search_term_string}"},"query-input":{"@type":"PropertyValueSpecification","valueRequired":true,"valueName":"search_term_string"}}],"inLanguage":"fr-FR"},{"@type":"Organization","@id":"https:\/\/www.macapflag.com\/blog\/#organization","name":"macapflag","url":"https:\/\/www.macapflag.com\/blog\/","logo":{"@type":"ImageObject","inLanguage":"fr-FR","@id":"https:\/\/www.macapflag.com\/blog\/#\/schema\/logo\/image\/","url":"https:\/\/www.macapflag.com\/blog\/wp-content\/uploads\/2020\/12\/cropped-M-512-1.png","contentUrl":"https:\/\/www.macapflag.com\/blog\/wp-content\/uploads\/2020\/12\/cropped-M-512-1.png","width":512,"height":512,"caption":"macapflag"},"image":{"@id":"https:\/\/www.macapflag.com\/blog\/#\/schema\/logo\/image\/"},"sameAs":["https:\/\/www.facebook.com\/macap.pavoisement\/","https:\/\/www.instagram.com\/macapflag\/?hl=fr","https:\/\/www.linkedin.com\/company\/macap\/?originalSubdomain=fr","https:\/\/www.youtube.com\/channel\/UCXNzTIdZh9poEBjSXEqDtNw"]},{"@type":"Person","@id":"https:\/\/www.macapflag.com\/blog\/#\/schema\/person\/3fea701f2603875e651e6b662578fc3c","name":"Blog Macap","image":{"@type":"ImageObject","inLanguage":"fr-FR","@id":"https:\/\/www.macapflag.com\/blog\/#\/schema\/person\/image\/","url":"https:\/\/secure.gravatar.com\/avatar\/c12551f2dc51f0db049633b03e7856985477a70da834cc8967dea4ce54bdd6a2?s=96&d=mm&r=g","contentUrl":"https:\/\/secure.gravatar.com\/avatar\/c12551f2dc51f0db049633b03e7856985477a70da834cc8967dea4ce54bdd6a2?s=96&d=mm&r=g","caption":"Blog Macap"},"url":"https:\/\/www.macapflag.com\/blog\/author\/macap\/"}]}},"_links":{"self":[{"href":"https:\/\/www.macapflag.com\/blog\/wp-json\/wp\/v2\/posts\/5327","targetHints":{"allow":["GET"]}}],"collection":[{"href":"https:\/\/www.macapflag.com\/blog\/wp-json\/wp\/v2\/posts"}],"about":[{"href":"https:\/\/www.macapflag.com\/blog\/wp-json\/wp\/v2\/types\/post"}],"author":[{"embeddable":true,"href":"https:\/\/www.macapflag.com\/blog\/wp-json\/wp\/v2\/users\/2"}],"replies":[{"embeddable":true,"href":"https:\/\/www.macapflag.com\/blog\/wp-json\/wp\/v2\/comments?post=5327"}],"version-history":[{"count":25,"href":"https:\/\/www.macapflag.com\/blog\/wp-json\/wp\/v2\/posts\/5327\/revisions"}],"predecessor-version":[{"id":20772,"href":"https:\/\/www.macapflag.com\/blog\/wp-json\/wp\/v2\/posts\/5327\/revisions\/20772"}],"wp:featuredmedia":[{"embeddable":true,"href":"https:\/\/www.macapflag.com\/blog\/wp-json\/wp\/v2\/media\/5329"}],"wp:attachment":[{"href":"https:\/\/www.macapflag.com\/blog\/wp-json\/wp\/v2\/media?parent=5327"}],"wp:term":[{"taxonomy":"category","embeddable":true,"href":"https:\/\/www.macapflag.com\/blog\/wp-json\/wp\/v2\/categories?post=5327"},{"taxonomy":"post_tag","embeddable":true,"href":"https:\/\/www.macapflag.com\/blog\/wp-json\/wp\/v2\/tags?post=5327"}],"curies":[{"name":"wp","href":"https:\/\/api.w.org\/{rel}","templated":true}]}}