{"id":5545,"date":"2020-10-20T08:00:06","date_gmt":"2020-10-20T06:00:06","guid":{"rendered":"https:\/\/www.macapflag.com\/blog\/?p=5545"},"modified":"2020-10-19T08:21:49","modified_gmt":"2020-10-19T06:21:49","slug":"drapeau-onu","status":"publish","type":"post","link":"https:\/\/www.macapflag.com\/blog\/drapeau-onu\/","title":{"rendered":"Le 20 Octobre 1947"},"content":{"rendered":"\t\t<div data-elementor-type=\"wp-post\" data-elementor-id=\"5545\" class=\"elementor elementor-5545 elementor-bc-flex-widget\">\n\t\t\t\t\t\t<section class=\"elementor-section elementor-top-section elementor-element elementor-element-bc05e1a elementor-section-boxed elementor-section-height-default elementor-section-height-default\" data-id=\"bc05e1a\" data-element_type=\"section\">\n\t\t\t\t\t\t<div class=\"elementor-container elementor-column-gap-default\">\n\t\t\t\t\t<div class=\"elementor-column elementor-col-100 elementor-top-column elementor-element elementor-element-8c2cd1b\" data-id=\"8c2cd1b\" data-element_type=\"column\">\n\t\t\t<div class=\"elementor-widget-wrap elementor-element-populated\">\n\t\t\t\t\t\t<div class=\"elementor-element elementor-element-1a86409 elementor-widget elementor-widget-text-editor\" data-id=\"1a86409\" data-element_type=\"widget\" data-widget_type=\"text-editor.default\">\n\t\t\t\t<div class=\"elementor-widget-container\">\n\t\t\t\t\t\t\t\t\t<h2 style=\"text-align: center;\"><span style=\"color: #000000;\"><strong><span style=\"font-size: 30pt;\">La cr\u00e9ation du drapeau de l&#8217;O.N.U.<br \/><\/span><\/strong><\/span><\/h2>\t\t\t\t\t\t\t\t<\/div>\n\t\t\t\t<\/div>\n\t\t\t\t\t<\/div>\n\t\t<\/div>\n\t\t\t\t\t<\/div>\n\t\t<\/section>\n\t\t\t\t<section class=\"elementor-section elementor-top-section elementor-element elementor-element-52b53f4 elementor-section-boxed elementor-section-height-default elementor-section-height-default\" data-id=\"52b53f4\" data-element_type=\"section\">\n\t\t\t\t\t\t<div class=\"elementor-container elementor-column-gap-default\">\n\t\t\t\t\t<div class=\"elementor-column elementor-col-100 elementor-top-column elementor-element elementor-element-f0040b1\" data-id=\"f0040b1\" data-element_type=\"column\">\n\t\t\t<div class=\"elementor-widget-wrap elementor-element-populated\">\n\t\t\t\t\t\t<div class=\"elementor-element elementor-element-f5bf08a elementor-widget elementor-widget-image\" data-id=\"f5bf08a\" data-element_type=\"widget\" data-widget_type=\"image.default\">\n\t\t\t\t<div class=\"elementor-widget-container\">\n\t\t\t\t\t\t\t\t\t\t\t\t\t\t\t<img fetchpriority=\"high\" decoding=\"async\" width=\"700\" height=\"534\" src=\"https:\/\/www.macapflag.com\/blog\/wp-content\/uploads\/2020\/09\/drapeau-onu-20-octobre-1947.gif\" class=\"attachment-large size-large wp-image-5547\" alt=\"Le drapeau de l&#039;ONU est cr\u00e9e en Octobre 1947. Un symbole fort\" \/>\t\t\t\t\t\t\t\t\t\t\t\t\t\t\t<\/div>\n\t\t\t\t<\/div>\n\t\t\t\t\t<\/div>\n\t\t<\/div>\n\t\t\t\t\t<\/div>\n\t\t<\/section>\n\t\t\t\t<section class=\"elementor-section elementor-top-section elementor-element elementor-element-76afa68 elementor-section-boxed elementor-section-height-default elementor-section-height-default\" data-id=\"76afa68\" data-element_type=\"section\">\n\t\t\t\t\t\t<div class=\"elementor-container elementor-column-gap-default\">\n\t\t\t\t\t<div class=\"elementor-column elementor-col-100 elementor-top-column elementor-element elementor-element-c01531f\" data-id=\"c01531f\" data-element_type=\"column\">\n\t\t\t<div class=\"elementor-widget-wrap elementor-element-populated\">\n\t\t\t\t\t\t<div class=\"elementor-element elementor-element-1cdfa35 elementor-widget elementor-widget-text-editor\" data-id=\"1cdfa35\" data-element_type=\"widget\" data-widget_type=\"text-editor.default\">\n\t\t\t\t<div class=\"elementor-widget-container\">\n\t\t\t\t\t\t\t\t\t<p style=\"text-align: justify;\"><span style=\"font-size: 14pt; color: #000000;\">Si les drapeaux sont toujours porteurs de symboles, cela est encore plus vrai pour celui de l&#8217;ONU. Son embl\u00e8me doit facilement \u00eatre identifiable dans des zones de conflits tel un symbole de paix et d&#8217;espoir pour les peuples du monde entier. Le dessin de l&#8217;embl\u00e8me de l&#8217;ONU a \u00e9t\u00e9 command\u00e9 \u00e0 une \u00e9quipe de graphistes pour la conf\u00e9rence de San Fransisco de 1945. Il repr\u00e9sente une carte du monde avec le p\u00f4le nord plac\u00e9 au centre et entour\u00e9e de deux branches d&#8217;olivier crois\u00e9es entre elles. L&#8217;ensemble est de couleur blanche sur un fond bleu. Le 7 d\u00e9cembre 1946, un drapeau est adopt\u00e9 mais le 20 octobre 1947, une nouvelle version viendra remplacer la pr\u00e9c\u00e9dente : l&#8217;orientation des continents a \u00e9t\u00e9 revue pour que le m\u00e9ridien de Greenwich se trouve au centre du drapeau.<\/span><\/p>\t\t\t\t\t\t\t\t<\/div>\n\t\t\t\t<\/div>\n\t\t\t\t\t<\/div>\n\t\t<\/div>\n\t\t\t\t\t<\/div>\n\t\t<\/section>\n\t\t\t\t<section class=\"elementor-section elementor-top-section elementor-element elementor-element-f354102 elementor-section-boxed elementor-section-height-default elementor-section-height-default\" data-id=\"f354102\" data-element_type=\"section\">\n\t\t\t\t\t\t<div class=\"elementor-container elementor-column-gap-default\">\n\t\t\t\t\t<div class=\"elementor-column elementor-col-100 elementor-top-column elementor-element elementor-element-735ca9c\" data-id=\"735ca9c\" data-element_type=\"column\">\n\t\t\t<div class=\"elementor-widget-wrap elementor-element-populated\">\n\t\t\t\t\t\t<div class=\"elementor-element elementor-element-8da3421 elementor-widget elementor-widget-spacer\" data-id=\"8da3421\" data-element_type=\"widget\" data-widget_type=\"spacer.default\">\n\t\t\t\t<div class=\"elementor-widget-container\">\n\t\t\t\t\t\t\t<div class=\"elementor-spacer\">\n\t\t\t<div class=\"elementor-spacer-inner\"><\/div>\n\t\t<\/div>\n\t\t\t\t\t\t<\/div>\n\t\t\t\t<\/div>\n\t\t\t\t\t<\/div>\n\t\t<\/div>\n\t\t\t\t\t<\/div>\n\t\t<\/section>\n\t\t\t\t<section class=\"elementor-section elementor-top-section elementor-element elementor-element-9746607 elementor-section-boxed elementor-section-height-default elementor-section-height-default\" data-id=\"9746607\" data-element_type=\"section\">\n\t\t\t\t\t\t<div class=\"elementor-container elementor-column-gap-default\">\n\t\t\t\t\t<div class=\"elementor-column elementor-col-100 elementor-top-column elementor-element elementor-element-02d227f\" data-id=\"02d227f\" data-element_type=\"column\">\n\t\t\t<div class=\"elementor-widget-wrap\">\n\t\t\t\t\t\t\t<\/div>\n\t\t<\/div>\n\t\t\t\t\t<\/div>\n\t\t<\/section>\n\t\t\t\t<section class=\"elementor-section elementor-top-section elementor-element elementor-element-a294848 elementor-section-boxed elementor-section-height-default elementor-section-height-default\" data-id=\"a294848\" data-element_type=\"section\">\n\t\t\t\t\t\t<div class=\"elementor-container elementor-column-gap-default\">\n\t\t\t\t\t<div class=\"elementor-column elementor-col-100 elementor-top-column elementor-element elementor-element-a8a4036\" data-id=\"a8a4036\" data-element_type=\"column\">\n\t\t\t<div class=\"elementor-widget-wrap elementor-element-populated\">\n\t\t\t\t\t\t<div class=\"elementor-element elementor-element-06c7a5f elementor-widget elementor-widget-text-editor\" data-id=\"06c7a5f\" data-element_type=\"widget\" data-widget_type=\"text-editor.default\">\n\t\t\t\t<div class=\"elementor-widget-container\">\n\t\t\t\t\t\t\t\t\t<p style=\"text-align: center;\"><span style=\"color: #000000;\"><strong><span style=\"font-size: 30pt;\">Et un drapeau a \u00e9t\u00e9 cr\u00e9\u00e9 ce jour l\u00e0 &#8230;<\/span><\/strong><\/span><\/p>\t\t\t\t\t\t\t\t<\/div>\n\t\t\t\t<\/div>\n\t\t\t\t\t<\/div>\n\t\t<\/div>\n\t\t\t\t\t<\/div>\n\t\t<\/section>\n\t\t\t\t<section class=\"elementor-section elementor-top-section elementor-element elementor-element-bd9db21 elementor-section-boxed elementor-section-height-default elementor-section-height-default\" data-id=\"bd9db21\" data-element_type=\"section\">\n\t\t\t\t\t\t<div class=\"elementor-container elementor-column-gap-default\">\n\t\t\t\t\t<div class=\"elementor-column elementor-col-100 elementor-top-column elementor-element elementor-element-40119fd\" data-id=\"40119fd\" data-element_type=\"column\">\n\t\t\t<div class=\"elementor-widget-wrap elementor-element-populated\">\n\t\t\t\t\t\t<div class=\"elementor-element elementor-element-9872ffd elementor-widget elementor-widget-text-editor\" data-id=\"9872ffd\" data-element_type=\"widget\" data-widget_type=\"text-editor.default\">\n\t\t\t\t<div class=\"elementor-widget-container\">\n\t\t\t\t\t\t\t\t\t<p style=\"text-align: center;\"><span style=\"color: #000000; font-size: 14pt;\"><em>Life is a beautiful print !<\/em><\/span><\/p>\t\t\t\t\t\t\t\t<\/div>\n\t\t\t\t<\/div>\n\t\t\t\t\t<\/div>\n\t\t<\/div>\n\t\t\t\t\t<\/div>\n\t\t<\/section>\n\t\t\t\t<\/div>\n\t\t","protected":false},"excerpt":{"rendered":"<div class=\"tmnf_excerpt\"><p>La cr\u00e9ation du drapeau de l&#8217;O.N.U. Si les drapeaux sont toujours porteurs de symboles, cela est encore plus vrai pour celui de l&#8217;ONU. Son embl\u00e8me doit facilement \u00eatre identifiable dans des zones de conflits tel un symbole de paix et d&#8217;espoir pour les peuples du monde entier. Le dessin de l&#8217;embl\u00e8me de l&#8217;ONU a \u00e9t\u00e9 &hellip;<\/p>\n<\/div>","protected":false},"author":2,"featured_media":2440,"comment_status":"closed","ping_status":"open","sticky":false,"template":"template-fullwidth.php","format":"standard","meta":{"footnotes":""},"categories":[92],"tags":[],"class_list":["post-5545","post","type-post","status-publish","format-standard","has-post-thumbnail","hentry","category-news"],"yoast_head":"<!-- This site is optimized with the Yoast SEO plugin v26.4 - https:\/\/yoast.com\/wordpress\/plugins\/seo\/ -->\n<title>La cr\u00e9ation du drapeau de l&#039;ONU a eu lieu le 20 Octobre 1947<\/title>\n<meta name=\"description\" content=\"Le 20 Octobre 1947, le drapeau bleu et blanc de l&#039;ONU est adopt\u00e9 dans sa forme actuelle. Un symbole fort en mati\u00e8re de paix et d&#039;espoir.\" \/>\n<meta name=\"robots\" content=\"index, follow, max-snippet:-1, max-image-preview:large, max-video-preview:-1\" \/>\n<link rel=\"canonical\" href=\"https:\/\/www.macapflag.com\/blog\/drapeau-onu\/\" \/>\n<meta property=\"og:locale\" content=\"fr_FR\" \/>\n<meta property=\"og:type\" content=\"article\" \/>\n<meta property=\"og:title\" content=\"La cr\u00e9ation du drapeau de l&#039;ONU a eu lieu le 20 Octobre 1947\" \/>\n<meta property=\"og:description\" content=\"Le 20 Octobre 1947, le drapeau bleu et blanc de l&#039;ONU est adopt\u00e9 dans sa forme actuelle. Un symbole fort en mati\u00e8re de paix et d&#039;espoir.\" \/>\n<meta property=\"og:url\" content=\"https:\/\/www.macapflag.com\/blog\/drapeau-onu\/\" \/>\n<meta property=\"og:site_name\" content=\"Blog - Macap\" \/>\n<meta property=\"article:publisher\" content=\"https:\/\/www.facebook.com\/macap.pavoisement\/\" \/>\n<meta property=\"article:published_time\" content=\"2020-10-20T06:00:06+00:00\" \/>\n<meta property=\"og:image\" content=\"https:\/\/www.macapflag.com\/blog\/wp-content\/uploads\/2018\/07\/Ca-sest-pass\u00e9-ce-jour-l\u00e0-macap.jpg\" \/>\n\t<meta property=\"og:image:width\" content=\"700\" \/>\n\t<meta property=\"og:image:height\" content=\"537\" \/>\n\t<meta property=\"og:image:type\" content=\"image\/jpeg\" \/>\n<meta name=\"author\" content=\"Blog Macap\" \/>\n<meta name=\"twitter:card\" content=\"summary_large_image\" \/>\n<meta name=\"twitter:label1\" content=\"\u00c9crit par\" \/>\n\t<meta name=\"twitter:data1\" content=\"Blog Macap\" \/>\n\t<meta name=\"twitter:label2\" content=\"Dur\u00e9e de lecture estim\u00e9e\" \/>\n\t<meta name=\"twitter:data2\" content=\"1 minute\" \/>\n<script type=\"application\/ld+json\" class=\"yoast-schema-graph\">{\"@context\":\"https:\/\/schema.org\",\"@graph\":[{\"@type\":\"Article\",\"@id\":\"https:\/\/www.macapflag.com\/blog\/drapeau-onu\/#article\",\"isPartOf\":{\"@id\":\"https:\/\/www.macapflag.com\/blog\/drapeau-onu\/\"},\"author\":{\"name\":\"Blog Macap\",\"@id\":\"https:\/\/www.macapflag.com\/blog\/#\/schema\/person\/3fea701f2603875e651e6b662578fc3c\"},\"headline\":\"Le 20 Octobre 1947\",\"datePublished\":\"2020-10-20T06:00:06+00:00\",\"mainEntityOfPage\":{\"@id\":\"https:\/\/www.macapflag.com\/blog\/drapeau-onu\/\"},\"wordCount\":162,\"publisher\":{\"@id\":\"https:\/\/www.macapflag.com\/blog\/#organization\"},\"image\":{\"@id\":\"https:\/\/www.macapflag.com\/blog\/drapeau-onu\/#primaryimage\"},\"thumbnailUrl\":\"https:\/\/www.macapflag.com\/blog\/wp-content\/uploads\/2018\/07\/Ca-sest-pass\u00e9-ce-jour-l\u00e0-macap.jpg\",\"articleSection\":[\"News &amp; Actu\"],\"inLanguage\":\"fr-FR\"},{\"@type\":\"WebPage\",\"@id\":\"https:\/\/www.macapflag.com\/blog\/drapeau-onu\/\",\"url\":\"https:\/\/www.macapflag.com\/blog\/drapeau-onu\/\",\"name\":\"La cr\u00e9ation du drapeau de l'ONU a eu lieu le 20 Octobre 1947\",\"isPartOf\":{\"@id\":\"https:\/\/www.macapflag.com\/blog\/#website\"},\"primaryImageOfPage\":{\"@id\":\"https:\/\/www.macapflag.com\/blog\/drapeau-onu\/#primaryimage\"},\"image\":{\"@id\":\"https:\/\/www.macapflag.com\/blog\/drapeau-onu\/#primaryimage\"},\"thumbnailUrl\":\"https:\/\/www.macapflag.com\/blog\/wp-content\/uploads\/2018\/07\/Ca-sest-pass\u00e9-ce-jour-l\u00e0-macap.jpg\",\"datePublished\":\"2020-10-20T06:00:06+00:00\",\"description\":\"Le 20 Octobre 1947, le drapeau bleu et blanc de l'ONU est adopt\u00e9 dans sa forme actuelle. Un symbole fort en mati\u00e8re de paix et d'espoir.\",\"breadcrumb\":{\"@id\":\"https:\/\/www.macapflag.com\/blog\/drapeau-onu\/#breadcrumb\"},\"inLanguage\":\"fr-FR\",\"potentialAction\":[{\"@type\":\"ReadAction\",\"target\":[\"https:\/\/www.macapflag.com\/blog\/drapeau-onu\/\"]}]},{\"@type\":\"ImageObject\",\"inLanguage\":\"fr-FR\",\"@id\":\"https:\/\/www.macapflag.com\/blog\/drapeau-onu\/#primaryimage\",\"url\":\"https:\/\/www.macapflag.com\/blog\/wp-content\/uploads\/2018\/07\/Ca-sest-pass\u00e9-ce-jour-l\u00e0-macap.jpg\",\"contentUrl\":\"https:\/\/www.macapflag.com\/blog\/wp-content\/uploads\/2018\/07\/Ca-sest-pass\u00e9-ce-jour-l\u00e0-macap.jpg\",\"width\":700,\"height\":537,\"caption\":\"Ca-s-est-pass\u00e9-ce-jour-l\u00e0-Macap\"},{\"@type\":\"BreadcrumbList\",\"@id\":\"https:\/\/www.macapflag.com\/blog\/drapeau-onu\/#breadcrumb\",\"itemListElement\":[{\"@type\":\"ListItem\",\"position\":1,\"name\":\"Accueil\",\"item\":\"https:\/\/www.macapflag.com\/blog\/\"},{\"@type\":\"ListItem\",\"position\":2,\"name\":\"Le 20 Octobre 1947\"}]},{\"@type\":\"WebSite\",\"@id\":\"https:\/\/www.macapflag.com\/blog\/#website\",\"url\":\"https:\/\/www.macapflag.com\/blog\/\",\"name\":\"Blog - Macap\",\"description\":\"Tous nos articles\",\"publisher\":{\"@id\":\"https:\/\/www.macapflag.com\/blog\/#organization\"},\"potentialAction\":[{\"@type\":\"SearchAction\",\"target\":{\"@type\":\"EntryPoint\",\"urlTemplate\":\"https:\/\/www.macapflag.com\/blog\/?s={search_term_string}\"},\"query-input\":{\"@type\":\"PropertyValueSpecification\",\"valueRequired\":true,\"valueName\":\"search_term_string\"}}],\"inLanguage\":\"fr-FR\"},{\"@type\":\"Organization\",\"@id\":\"https:\/\/www.macapflag.com\/blog\/#organization\",\"name\":\"macapflag\",\"url\":\"https:\/\/www.macapflag.com\/blog\/\",\"logo\":{\"@type\":\"ImageObject\",\"inLanguage\":\"fr-FR\",\"@id\":\"https:\/\/www.macapflag.com\/blog\/#\/schema\/logo\/image\/\",\"url\":\"https:\/\/www.macapflag.com\/blog\/wp-content\/uploads\/2020\/12\/cropped-M-512-1.png\",\"contentUrl\":\"https:\/\/www.macapflag.com\/blog\/wp-content\/uploads\/2020\/12\/cropped-M-512-1.png\",\"width\":512,\"height\":512,\"caption\":\"macapflag\"},\"image\":{\"@id\":\"https:\/\/www.macapflag.com\/blog\/#\/schema\/logo\/image\/\"},\"sameAs\":[\"https:\/\/www.facebook.com\/macap.pavoisement\/\",\"https:\/\/www.instagram.com\/macapflag\/?hl=fr\",\"https:\/\/www.linkedin.com\/company\/macap\/?originalSubdomain=fr\",\"https:\/\/www.youtube.com\/channel\/UCXNzTIdZh9poEBjSXEqDtNw\"]},{\"@type\":\"Person\",\"@id\":\"https:\/\/www.macapflag.com\/blog\/#\/schema\/person\/3fea701f2603875e651e6b662578fc3c\",\"name\":\"Blog Macap\",\"image\":{\"@type\":\"ImageObject\",\"inLanguage\":\"fr-FR\",\"@id\":\"https:\/\/www.macapflag.com\/blog\/#\/schema\/person\/image\/\",\"url\":\"https:\/\/secure.gravatar.com\/avatar\/c12551f2dc51f0db049633b03e7856985477a70da834cc8967dea4ce54bdd6a2?s=96&d=mm&r=g\",\"contentUrl\":\"https:\/\/secure.gravatar.com\/avatar\/c12551f2dc51f0db049633b03e7856985477a70da834cc8967dea4ce54bdd6a2?s=96&d=mm&r=g\",\"caption\":\"Blog Macap\"},\"url\":\"https:\/\/www.macapflag.com\/blog\/author\/macap\/\"}]}<\/script>\n<!-- \/ Yoast SEO plugin. -->","yoast_head_json":{"title":"La cr\u00e9ation du drapeau de l'ONU a eu lieu le 20 Octobre 1947","description":"Le 20 Octobre 1947, le drapeau bleu et blanc de l'ONU est adopt\u00e9 dans sa forme actuelle. Un symbole fort en mati\u00e8re de paix et d'espoir.","robots":{"index":"index","follow":"follow","max-snippet":"max-snippet:-1","max-image-preview":"max-image-preview:large","max-video-preview":"max-video-preview:-1"},"canonical":"https:\/\/www.macapflag.com\/blog\/drapeau-onu\/","og_locale":"fr_FR","og_type":"article","og_title":"La cr\u00e9ation du drapeau de l'ONU a eu lieu le 20 Octobre 1947","og_description":"Le 20 Octobre 1947, le drapeau bleu et blanc de l'ONU est adopt\u00e9 dans sa forme actuelle. Un symbole fort en mati\u00e8re de paix et d'espoir.","og_url":"https:\/\/www.macapflag.com\/blog\/drapeau-onu\/","og_site_name":"Blog - Macap","article_publisher":"https:\/\/www.facebook.com\/macap.pavoisement\/","article_published_time":"2020-10-20T06:00:06+00:00","og_image":[{"width":700,"height":537,"url":"https:\/\/www.macapflag.com\/blog\/wp-content\/uploads\/2018\/07\/Ca-sest-pass\u00e9-ce-jour-l\u00e0-macap.jpg","type":"image\/jpeg"}],"author":"Blog Macap","twitter_card":"summary_large_image","twitter_misc":{"\u00c9crit par":"Blog Macap","Dur\u00e9e de lecture estim\u00e9e":"1 minute"},"schema":{"@context":"https:\/\/schema.org","@graph":[{"@type":"Article","@id":"https:\/\/www.macapflag.com\/blog\/drapeau-onu\/#article","isPartOf":{"@id":"https:\/\/www.macapflag.com\/blog\/drapeau-onu\/"},"author":{"name":"Blog Macap","@id":"https:\/\/www.macapflag.com\/blog\/#\/schema\/person\/3fea701f2603875e651e6b662578fc3c"},"headline":"Le 20 Octobre 1947","datePublished":"2020-10-20T06:00:06+00:00","mainEntityOfPage":{"@id":"https:\/\/www.macapflag.com\/blog\/drapeau-onu\/"},"wordCount":162,"publisher":{"@id":"https:\/\/www.macapflag.com\/blog\/#organization"},"image":{"@id":"https:\/\/www.macapflag.com\/blog\/drapeau-onu\/#primaryimage"},"thumbnailUrl":"https:\/\/www.macapflag.com\/blog\/wp-content\/uploads\/2018\/07\/Ca-sest-pass\u00e9-ce-jour-l\u00e0-macap.jpg","articleSection":["News &amp; Actu"],"inLanguage":"fr-FR"},{"@type":"WebPage","@id":"https:\/\/www.macapflag.com\/blog\/drapeau-onu\/","url":"https:\/\/www.macapflag.com\/blog\/drapeau-onu\/","name":"La cr\u00e9ation du drapeau de l'ONU a eu lieu le 20 Octobre 1947","isPartOf":{"@id":"https:\/\/www.macapflag.com\/blog\/#website"},"primaryImageOfPage":{"@id":"https:\/\/www.macapflag.com\/blog\/drapeau-onu\/#primaryimage"},"image":{"@id":"https:\/\/www.macapflag.com\/blog\/drapeau-onu\/#primaryimage"},"thumbnailUrl":"https:\/\/www.macapflag.com\/blog\/wp-content\/uploads\/2018\/07\/Ca-sest-pass\u00e9-ce-jour-l\u00e0-macap.jpg","datePublished":"2020-10-20T06:00:06+00:00","description":"Le 20 Octobre 1947, le drapeau bleu et blanc de l'ONU est adopt\u00e9 dans sa forme actuelle. Un symbole fort en mati\u00e8re de paix et d'espoir.","breadcrumb":{"@id":"https:\/\/www.macapflag.com\/blog\/drapeau-onu\/#breadcrumb"},"inLanguage":"fr-FR","potentialAction":[{"@type":"ReadAction","target":["https:\/\/www.macapflag.com\/blog\/drapeau-onu\/"]}]},{"@type":"ImageObject","inLanguage":"fr-FR","@id":"https:\/\/www.macapflag.com\/blog\/drapeau-onu\/#primaryimage","url":"https:\/\/www.macapflag.com\/blog\/wp-content\/uploads\/2018\/07\/Ca-sest-pass\u00e9-ce-jour-l\u00e0-macap.jpg","contentUrl":"https:\/\/www.macapflag.com\/blog\/wp-content\/uploads\/2018\/07\/Ca-sest-pass\u00e9-ce-jour-l\u00e0-macap.jpg","width":700,"height":537,"caption":"Ca-s-est-pass\u00e9-ce-jour-l\u00e0-Macap"},{"@type":"BreadcrumbList","@id":"https:\/\/www.macapflag.com\/blog\/drapeau-onu\/#breadcrumb","itemListElement":[{"@type":"ListItem","position":1,"name":"Accueil","item":"https:\/\/www.macapflag.com\/blog\/"},{"@type":"ListItem","position":2,"name":"Le 20 Octobre 1947"}]},{"@type":"WebSite","@id":"https:\/\/www.macapflag.com\/blog\/#website","url":"https:\/\/www.macapflag.com\/blog\/","name":"Blog - Macap","description":"Tous nos articles","publisher":{"@id":"https:\/\/www.macapflag.com\/blog\/#organization"},"potentialAction":[{"@type":"SearchAction","target":{"@type":"EntryPoint","urlTemplate":"https:\/\/www.macapflag.com\/blog\/?s={search_term_string}"},"query-input":{"@type":"PropertyValueSpecification","valueRequired":true,"valueName":"search_term_string"}}],"inLanguage":"fr-FR"},{"@type":"Organization","@id":"https:\/\/www.macapflag.com\/blog\/#organization","name":"macapflag","url":"https:\/\/www.macapflag.com\/blog\/","logo":{"@type":"ImageObject","inLanguage":"fr-FR","@id":"https:\/\/www.macapflag.com\/blog\/#\/schema\/logo\/image\/","url":"https:\/\/www.macapflag.com\/blog\/wp-content\/uploads\/2020\/12\/cropped-M-512-1.png","contentUrl":"https:\/\/www.macapflag.com\/blog\/wp-content\/uploads\/2020\/12\/cropped-M-512-1.png","width":512,"height":512,"caption":"macapflag"},"image":{"@id":"https:\/\/www.macapflag.com\/blog\/#\/schema\/logo\/image\/"},"sameAs":["https:\/\/www.facebook.com\/macap.pavoisement\/","https:\/\/www.instagram.com\/macapflag\/?hl=fr","https:\/\/www.linkedin.com\/company\/macap\/?originalSubdomain=fr","https:\/\/www.youtube.com\/channel\/UCXNzTIdZh9poEBjSXEqDtNw"]},{"@type":"Person","@id":"https:\/\/www.macapflag.com\/blog\/#\/schema\/person\/3fea701f2603875e651e6b662578fc3c","name":"Blog Macap","image":{"@type":"ImageObject","inLanguage":"fr-FR","@id":"https:\/\/www.macapflag.com\/blog\/#\/schema\/person\/image\/","url":"https:\/\/secure.gravatar.com\/avatar\/c12551f2dc51f0db049633b03e7856985477a70da834cc8967dea4ce54bdd6a2?s=96&d=mm&r=g","contentUrl":"https:\/\/secure.gravatar.com\/avatar\/c12551f2dc51f0db049633b03e7856985477a70da834cc8967dea4ce54bdd6a2?s=96&d=mm&r=g","caption":"Blog Macap"},"url":"https:\/\/www.macapflag.com\/blog\/author\/macap\/"}]}},"_links":{"self":[{"href":"https:\/\/www.macapflag.com\/blog\/wp-json\/wp\/v2\/posts\/5545","targetHints":{"allow":["GET"]}}],"collection":[{"href":"https:\/\/www.macapflag.com\/blog\/wp-json\/wp\/v2\/posts"}],"about":[{"href":"https:\/\/www.macapflag.com\/blog\/wp-json\/wp\/v2\/types\/post"}],"author":[{"embeddable":true,"href":"https:\/\/www.macapflag.com\/blog\/wp-json\/wp\/v2\/users\/2"}],"replies":[{"embeddable":true,"href":"https:\/\/www.macapflag.com\/blog\/wp-json\/wp\/v2\/comments?post=5545"}],"version-history":[{"count":4,"href":"https:\/\/www.macapflag.com\/blog\/wp-json\/wp\/v2\/posts\/5545\/revisions"}],"predecessor-version":[{"id":5604,"href":"https:\/\/www.macapflag.com\/blog\/wp-json\/wp\/v2\/posts\/5545\/revisions\/5604"}],"wp:featuredmedia":[{"embeddable":true,"href":"https:\/\/www.macapflag.com\/blog\/wp-json\/wp\/v2\/media\/2440"}],"wp:attachment":[{"href":"https:\/\/www.macapflag.com\/blog\/wp-json\/wp\/v2\/media?parent=5545"}],"wp:term":[{"taxonomy":"category","embeddable":true,"href":"https:\/\/www.macapflag.com\/blog\/wp-json\/wp\/v2\/categories?post=5545"},{"taxonomy":"post_tag","embeddable":true,"href":"https:\/\/www.macapflag.com\/blog\/wp-json\/wp\/v2\/tags?post=5545"}],"curies":[{"name":"wp","href":"https:\/\/api.w.org\/{rel}","templated":true}]}}