{"id":6041,"date":"2021-01-18T10:46:13","date_gmt":"2021-01-18T09:46:13","guid":{"rendered":"https:\/\/www.macapflag.com\/blog\/?p=6041"},"modified":"2021-01-26T10:28:31","modified_gmt":"2021-01-26T09:28:31","slug":"drapeau-francais","status":"publish","type":"post","link":"https:\/\/www.macapflag.com\/blog\/drapeau-francais\/","title":{"rendered":"Comment fabrique-t-on un drapeau fran\u00e7ais, impression ou confection ?"},"content":{"rendered":"\t\t<div data-elementor-type=\"wp-post\" data-elementor-id=\"6041\" class=\"elementor elementor-6041\">\n\t\t\t\t\t\t<section class=\"elementor-section elementor-top-section elementor-element elementor-element-ffccbcc elementor-section-boxed elementor-section-height-default elementor-section-height-default\" data-id=\"ffccbcc\" data-element_type=\"section\">\n\t\t\t\t\t\t<div class=\"elementor-container elementor-column-gap-default\">\n\t\t\t\t\t<div class=\"elementor-column elementor-col-100 elementor-top-column elementor-element elementor-element-74bc227\" data-id=\"74bc227\" data-element_type=\"column\">\n\t\t\t<div class=\"elementor-widget-wrap elementor-element-populated\">\n\t\t\t\t\t\t<div class=\"elementor-element elementor-element-3a25396 elementor-widget elementor-widget-text-editor\" data-id=\"3a25396\" data-element_type=\"widget\" data-widget_type=\"text-editor.default\">\n\t\t\t\t<div class=\"elementor-widget-container\">\n\t\t\t\t\t\t\t\t\t<p><span style=\"font-size: 14pt; color: #000000;\">Notre drapeau tricolore bleu blanc rouge se d\u00e9cline sous de multiples formes. Son champ d\u2019utilisation est tout aussi large : pour pavoiser une fa\u00e7ade, pour des c\u00e9r\u00e9monies officielles, pour un drapeau supporter, le drapeau France est bien souvent de la partie !<\/span><\/p><p><span style=\"font-size: 14pt; color: #000000;\">Pour cr\u00e9er un drapeau fran\u00e7ais, nous avons deux possibilit\u00e9s : <\/span><\/p><p><span style=\"font-size: 14pt; color: #000000;\">. le drapeau est imprim\u00e9 sur un support (textile mais aussi papier ou encore plastique) <\/span><\/p><p><span style=\"font-size: 14pt; color: #000000;\">. il est confectionn\u00e9 avec les 3 bandes tricolores de textile cousues c\u00f4te \u00e0 c\u00f4te.<\/span><\/p>\t\t\t\t\t\t\t\t<\/div>\n\t\t\t\t<\/div>\n\t\t\t\t\t<\/div>\n\t\t<\/div>\n\t\t\t\t\t<\/div>\n\t\t<\/section>\n\t\t\t\t<section class=\"elementor-section elementor-top-section elementor-element elementor-element-5375477 elementor-section-boxed elementor-section-height-default elementor-section-height-default\" data-id=\"5375477\" data-element_type=\"section\">\n\t\t\t\t\t\t<div class=\"elementor-container elementor-column-gap-default\">\n\t\t\t\t\t<div class=\"elementor-column elementor-col-100 elementor-top-column elementor-element elementor-element-608abfc\" data-id=\"608abfc\" data-element_type=\"column\">\n\t\t\t<div class=\"elementor-widget-wrap elementor-element-populated\">\n\t\t\t\t\t\t<div class=\"elementor-element elementor-element-2362102 elementor-widget elementor-widget-text-editor\" data-id=\"2362102\" data-element_type=\"widget\" data-widget_type=\"text-editor.default\">\n\t\t\t\t<div class=\"elementor-widget-container\">\n\t\t\t\t\t\t\t\t\t<h2 style=\"text-align: center;\">Le drapeau fran\u00e7ais textile imprim\u00e9<\/h2>\t\t\t\t\t\t\t\t<\/div>\n\t\t\t\t<\/div>\n\t\t\t\t\t<\/div>\n\t\t<\/div>\n\t\t\t\t\t<\/div>\n\t\t<\/section>\n\t\t\t\t<section class=\"elementor-section elementor-top-section elementor-element elementor-element-ad7707d elementor-section-boxed elementor-section-height-default elementor-section-height-default\" data-id=\"ad7707d\" data-element_type=\"section\">\n\t\t\t\t\t\t<div class=\"elementor-container elementor-column-gap-default\">\n\t\t\t\t\t<div class=\"elementor-column elementor-col-100 elementor-top-column elementor-element elementor-element-7ba23fe\" data-id=\"7ba23fe\" data-element_type=\"column\">\n\t\t\t<div class=\"elementor-widget-wrap elementor-element-populated\">\n\t\t\t\t\t\t<div class=\"elementor-element elementor-element-b154e2c elementor-widget elementor-widget-image\" data-id=\"b154e2c\" data-element_type=\"widget\" data-widget_type=\"image.default\">\n\t\t\t\t<div class=\"elementor-widget-container\">\n\t\t\t\t\t\t\t\t\t\t\t\t\t\t\t<img fetchpriority=\"high\" decoding=\"async\" width=\"700\" height=\"534\" src=\"https:\/\/www.macapflag.com\/blog\/wp-content\/uploads\/2021\/01\/drapeau-france.jpg\" class=\"attachment-large size-large wp-image-6044\" alt=\"Le drapeau france pour mat d\u00e9clin\u00e9 en plusieurs formats et mati\u00e8res\" srcset=\"https:\/\/www.macapflag.com\/blog\/wp-content\/uploads\/2021\/01\/drapeau-france.jpg 700w, https:\/\/www.macapflag.com\/blog\/wp-content\/uploads\/2021\/01\/drapeau-france-300x229.jpg 300w\" sizes=\"(max-width: 700px) 100vw, 700px\" \/>\t\t\t\t\t\t\t\t\t\t\t\t\t\t\t<\/div>\n\t\t\t\t<\/div>\n\t\t\t\t\t<\/div>\n\t\t<\/div>\n\t\t\t\t\t<\/div>\n\t\t<\/section>\n\t\t\t\t<section class=\"elementor-section elementor-top-section elementor-element elementor-element-fd91b29 elementor-section-boxed elementor-section-height-default elementor-section-height-default\" data-id=\"fd91b29\" data-element_type=\"section\">\n\t\t\t\t\t\t<div class=\"elementor-container elementor-column-gap-default\">\n\t\t\t\t\t<div class=\"elementor-column elementor-col-100 elementor-top-column elementor-element elementor-element-0dd4689\" data-id=\"0dd4689\" data-element_type=\"column\">\n\t\t\t<div class=\"elementor-widget-wrap elementor-element-populated\">\n\t\t\t\t\t\t<div class=\"elementor-element elementor-element-8acda6f elementor-widget elementor-widget-text-editor\" data-id=\"8acda6f\" data-element_type=\"widget\" data-widget_type=\"text-editor.default\">\n\t\t\t\t<div class=\"elementor-widget-container\">\n\t\t\t\t\t\t\t\t\t<p><span style=\"font-size: 14pt; color: #000000;\">Les 3 couleurs officielles sont imprim\u00e9es sur un support textile \u00e0 l\u2019origine blanc. <\/span><br \/><span style=\"font-size: 14pt; color: #000000;\">Le proc\u00e9d\u00e9 de fabrication est aussi simple que lorsque vous imprimez un fichier num\u00e9rique sur l&#8217;imprimante papier de votre bureau. Toutefois \u00e0 quelques d\u00e9tails pr\u00e8s !<\/span><\/p><p><span style=\"font-size: 14pt; color: #000000;\">. L\u2019impression du drapeau est effectu\u00e9e sur des imprimantes textile sp\u00e9cialement adapt\u00e9es aux grands formats, apr\u00e8s v\u00e9rification du calibrage des couleurs (caract\u00e9ristiques colorim\u00e9triques officielles). Les textiles choisis ont une composition qui permet \u00e0 l\u2019encre de les traverser. Ainsi les couleurs imprim\u00e9es sont visibles au recto et au verso.<\/span><\/p><p>. <span style=\"font-size: 14pt; color: #000000;\">L\u2019impression est suivie d\u2019une phase de sublimation. Elle permet de fixer durablement les pigments de couleurs et d\u2019en renforcer la luminosit\u00e9 gr\u00e2ce \u00e0 un transfert thermique \u00e0 une temp\u00e9rature avoisinant les 190\u00b0C.<\/span><\/p><p>. <span style=\"font-size: 14pt; color: #000000;\">Le pavillon de la taille pr\u00e9alablement choisie est ensuite d\u00e9coup\u00e9 \u00e0 l\u2019aide d\u2019une table de d\u00e9coupe num\u00e9rique \u00e0 la pr\u00e9cision millim\u00e9tr\u00e9e.<\/span><\/p><p>. <span style=\"font-size: 14pt; color: #000000;\">En fonction des souhaits du client, le drapeau est ensuite dirig\u00e9 vers l\u2019atelier confection puis l\u2019atelier broderie si n\u00e9cessaire. <\/span><\/p><p><span style=\"font-size: 14pt; color: #000000;\">\u00c0 chaque usage sa finition !<\/span><br \/><span style=\"font-size: 14pt; color: #000000;\">L\u2019\u00e9quipe de couturi\u00e8res met en pratique tout son savoir-faire et son exp\u00e9rience pour apposer les derniers d\u00e9tails \u00e0 votre drapeau : ourlets, galons, franges dor\u00e9es ou argent\u00e9es sont autant d\u2019options qui vous permettent de commander des drapeaux qui correspondent totalement \u00e0 vos attentes.<\/span><\/p>\t\t\t\t\t\t\t\t<\/div>\n\t\t\t\t<\/div>\n\t\t\t\t\t<\/div>\n\t\t<\/div>\n\t\t\t\t\t<\/div>\n\t\t<\/section>\n\t\t\t\t<section class=\"elementor-section elementor-top-section elementor-element elementor-element-d8a676a elementor-section-boxed elementor-section-height-default elementor-section-height-default\" data-id=\"d8a676a\" data-element_type=\"section\">\n\t\t\t\t\t\t<div class=\"elementor-container elementor-column-gap-default\">\n\t\t\t\t\t<div class=\"elementor-column elementor-col-100 elementor-top-column elementor-element elementor-element-f1ed205\" data-id=\"f1ed205\" data-element_type=\"column\">\n\t\t\t<div class=\"elementor-widget-wrap elementor-element-populated\">\n\t\t\t\t\t\t<div class=\"elementor-element elementor-element-3950522 elementor-widget elementor-widget-image\" data-id=\"3950522\" data-element_type=\"widget\" data-widget_type=\"image.default\">\n\t\t\t\t<div class=\"elementor-widget-container\">\n\t\t\t\t\t\t\t\t\t\t\t\t\t\t\t<img decoding=\"async\" width=\"700\" height=\"534\" src=\"https:\/\/www.macapflag.com\/blog\/wp-content\/uploads\/2021\/01\/drapeau-francais-personnalise.jpg\" class=\"attachment-large size-large wp-image-6045\" alt=\"Personnalisation d&#039;un drapeau fran\u00e7ais RF et palmes\" srcset=\"https:\/\/www.macapflag.com\/blog\/wp-content\/uploads\/2021\/01\/drapeau-francais-personnalise.jpg 700w, https:\/\/www.macapflag.com\/blog\/wp-content\/uploads\/2021\/01\/drapeau-francais-personnalise-300x229.jpg 300w\" sizes=\"(max-width: 700px) 100vw, 700px\" \/>\t\t\t\t\t\t\t\t\t\t\t\t\t\t\t<\/div>\n\t\t\t\t<\/div>\n\t\t\t\t\t<\/div>\n\t\t<\/div>\n\t\t\t\t\t<\/div>\n\t\t<\/section>\n\t\t\t\t<section class=\"elementor-section elementor-top-section elementor-element elementor-element-2f17e32 elementor-section-boxed elementor-section-height-default elementor-section-height-default\" data-id=\"2f17e32\" data-element_type=\"section\">\n\t\t\t\t\t\t<div class=\"elementor-container elementor-column-gap-default\">\n\t\t\t\t\t<div class=\"elementor-column elementor-col-100 elementor-top-column elementor-element elementor-element-cc0d20a\" data-id=\"cc0d20a\" data-element_type=\"column\">\n\t\t\t<div class=\"elementor-widget-wrap elementor-element-populated\">\n\t\t\t\t\t\t<div class=\"elementor-element elementor-element-57f6e37 elementor-widget elementor-widget-text-editor\" data-id=\"57f6e37\" data-element_type=\"widget\" data-widget_type=\"text-editor.default\">\n\t\t\t\t<div class=\"elementor-widget-container\">\n\t\t\t\t\t\t\t\t\t<p style=\"text-align: center;\"><em><strong><span style=\"font-size: 9pt;\">Drapeau fran\u00e7ais personnalis\u00e9 avec Palmes et RF<\/span><\/strong><\/em><\/p>\t\t\t\t\t\t\t\t<\/div>\n\t\t\t\t<\/div>\n\t\t\t\t\t<\/div>\n\t\t<\/div>\n\t\t\t\t\t<\/div>\n\t\t<\/section>\n\t\t\t\t<section class=\"elementor-section elementor-top-section elementor-element elementor-element-9ea9c0e elementor-section-boxed elementor-section-height-default elementor-section-height-default\" data-id=\"9ea9c0e\" data-element_type=\"section\">\n\t\t\t\t\t\t<div class=\"elementor-container elementor-column-gap-default\">\n\t\t\t\t\t<div class=\"elementor-column elementor-col-100 elementor-top-column elementor-element elementor-element-f2a3a90\" data-id=\"f2a3a90\" data-element_type=\"column\">\n\t\t\t<div class=\"elementor-widget-wrap elementor-element-populated\">\n\t\t\t\t\t\t<div class=\"elementor-element elementor-element-bd4dc1a elementor-widget elementor-widget-text-editor\" data-id=\"bd4dc1a\" data-element_type=\"widget\" data-widget_type=\"text-editor.default\">\n\t\t\t\t<div class=\"elementor-widget-container\">\n\t\t\t\t\t\t\t\t\t<h3 style=\"text-align: left;\">Sous quelles formes se d\u00e9cline le drapeau fran\u00e7ais imprim\u00e9 ?<\/h3>\t\t\t\t\t\t\t\t<\/div>\n\t\t\t\t<\/div>\n\t\t\t\t\t<\/div>\n\t\t<\/div>\n\t\t\t\t\t<\/div>\n\t\t<\/section>\n\t\t\t\t<section class=\"elementor-section elementor-top-section elementor-element elementor-element-09261fa elementor-section-boxed elementor-section-height-default elementor-section-height-default\" data-id=\"09261fa\" data-element_type=\"section\">\n\t\t\t\t\t\t<div class=\"elementor-container elementor-column-gap-default\">\n\t\t\t\t\t<div class=\"elementor-column elementor-col-100 elementor-top-column elementor-element elementor-element-a9f24e0\" data-id=\"a9f24e0\" data-element_type=\"column\">\n\t\t\t<div class=\"elementor-widget-wrap elementor-element-populated\">\n\t\t\t\t\t\t<div class=\"elementor-element elementor-element-ab53981 elementor-widget elementor-widget-text-editor\" data-id=\"ab53981\" data-element_type=\"widget\" data-widget_type=\"text-editor.default\">\n\t\t\t\t<div class=\"elementor-widget-container\">\n\t\t\t\t\t\t\t\t\t<p><span style=\"font-size: 14pt; color: #000000;\">Le <a href=\"https:\/\/www.macapflag.com\/drapeau-officiel-pour-mat\/33-drapeau-francais-officiel.html\"><span style=\"color: #3366ff;\"><strong>pavillon fran\u00e7ais officiel<\/strong><\/span><\/a> peut \u00eatre fix\u00e9 sur un mat droit classique ou sur un mat inclin\u00e9 sp\u00e9cifiquement d\u00e9di\u00e9 au pavoisement de fa\u00e7ade.<\/span><\/p><p><span style=\"font-size: 14pt; color: #000000;\">Il est \u00e9galement tr\u00e8s utilis\u00e9 dans sa version \u201c<a href=\"https:\/\/www.macapflag.com\/drapeau-officiel\/321-drapeau-officiel-a-agiter-francais-.html\"><strong><span style=\"color: #3366ff;\">drapeau \u00e0 agiter<\/span><\/strong><\/a>\u201d gr\u00e2ce \u00e0 une hampe qui lui sert de support (en bois ou en plastique selon le type de drapeau).<\/span><\/p><p><span style=\"font-size: 14pt; color: #000000;\">On le retrouve aussi sous forme de fanions rectangulaires cousus sur un biais pour confectionner les <a href=\"https:\/\/www.macapflag.com\/guirlande-officielle\/929-guirlande-officielle-francaise.html\"><strong><span style=\"color: #3366ff;\">guirlandes<\/span><\/strong><\/a> aux couleurs de la France qui d\u00e9corent les rues lors de comm\u00e9morations nationales telles celles du 14 juillet ou du 11 novembre.<\/span><\/p><p><span style=\"font-size: 14pt; color: #000000;\">Dans une version plus prestigieuse, le drapeau tricolore est aussi un drapeau d\u2019ornement alors pos\u00e9 sur un socle pour habiller l\u2019int\u00e9rieur d\u2019un b\u00e2timent et lui conf\u00e9rer un caract\u00e8re officiel.<\/span><\/p>\t\t\t\t\t\t\t\t<\/div>\n\t\t\t\t<\/div>\n\t\t\t\t\t<\/div>\n\t\t<\/div>\n\t\t\t\t\t<\/div>\n\t\t<\/section>\n\t\t\t\t<section class=\"elementor-section elementor-top-section elementor-element elementor-element-f22869f elementor-section-boxed elementor-section-height-default elementor-section-height-default\" data-id=\"f22869f\" data-element_type=\"section\">\n\t\t\t\t\t\t<div class=\"elementor-container elementor-column-gap-default\">\n\t\t\t\t\t<div class=\"elementor-column elementor-col-100 elementor-top-column elementor-element elementor-element-6acf8c7\" data-id=\"6acf8c7\" data-element_type=\"column\">\n\t\t\t<div class=\"elementor-widget-wrap elementor-element-populated\">\n\t\t\t\t\t\t<div class=\"elementor-element elementor-element-844ada3 elementor-widget elementor-widget-text-editor\" data-id=\"844ada3\" data-element_type=\"widget\" data-widget_type=\"text-editor.default\">\n\t\t\t\t<div class=\"elementor-widget-container\">\n\t\t\t\t\t\t\t\t\t<h3>Peut-on personnaliser son drapeau fran\u00e7ais en textile imprim\u00e9 ?<\/h3>\t\t\t\t\t\t\t\t<\/div>\n\t\t\t\t<\/div>\n\t\t\t\t\t<\/div>\n\t\t<\/div>\n\t\t\t\t\t<\/div>\n\t\t<\/section>\n\t\t\t\t<section class=\"elementor-section elementor-top-section elementor-element elementor-element-a49ade9 elementor-section-boxed elementor-section-height-default elementor-section-height-default\" data-id=\"a49ade9\" data-element_type=\"section\">\n\t\t\t\t\t\t<div class=\"elementor-container elementor-column-gap-default\">\n\t\t\t\t\t<div class=\"elementor-column elementor-col-100 elementor-top-column elementor-element elementor-element-023a784\" data-id=\"023a784\" data-element_type=\"column\">\n\t\t\t<div class=\"elementor-widget-wrap elementor-element-populated\">\n\t\t\t\t\t\t<div class=\"elementor-element elementor-element-486709d elementor-widget elementor-widget-text-editor\" data-id=\"486709d\" data-element_type=\"widget\" data-widget_type=\"text-editor.default\">\n\t\t\t\t<div class=\"elementor-widget-container\">\n\t\t\t\t\t\t\t\t\t<p><span style=\"color: #000000;\">Oui. Soit par un proc\u00e9d\u00e9 d\u2019impression d\u2019\u00e9l\u00e9ments compl\u00e9mentaires aux 3 couleurs bleu blanc rouge (qu\u2019il s\u2019agisse d\u2019un logo, d\u2019un texte ou d\u2019une image) soit par la broderie de lettres or ou argent ou de motifs personnalis\u00e9s (l\u00e9gion d\u2019honneur, lettres RF et palmes ou embl\u00e8me de votre choix).<\/span><\/p>\t\t\t\t\t\t\t\t<\/div>\n\t\t\t\t<\/div>\n\t\t\t\t\t<\/div>\n\t\t<\/div>\n\t\t\t\t\t<\/div>\n\t\t<\/section>\n\t\t\t\t<section class=\"elementor-section elementor-top-section elementor-element elementor-element-3cda702 elementor-section-boxed elementor-section-height-default elementor-section-height-default\" data-id=\"3cda702\" data-element_type=\"section\">\n\t\t\t\t\t\t<div class=\"elementor-container elementor-column-gap-default\">\n\t\t\t\t\t<div class=\"elementor-column elementor-col-100 elementor-top-column elementor-element elementor-element-0787eeb\" data-id=\"0787eeb\" data-element_type=\"column\">\n\t\t\t<div class=\"elementor-widget-wrap elementor-element-populated\">\n\t\t\t\t\t\t<div class=\"elementor-element elementor-element-c74d2ff elementor-widget elementor-widget-text-editor\" data-id=\"c74d2ff\" data-element_type=\"widget\" data-widget_type=\"text-editor.default\">\n\t\t\t\t<div class=\"elementor-widget-container\">\n\t\t\t\t\t\t\t\t\t<h3>Quels sont les formats disponibles pour un drapeau imprim\u00e9 ?<\/h3>\t\t\t\t\t\t\t\t<\/div>\n\t\t\t\t<\/div>\n\t\t\t\t\t<\/div>\n\t\t<\/div>\n\t\t\t\t\t<\/div>\n\t\t<\/section>\n\t\t\t\t<section class=\"elementor-section elementor-top-section elementor-element elementor-element-c1aad20 elementor-section-boxed elementor-section-height-default elementor-section-height-default\" data-id=\"c1aad20\" data-element_type=\"section\">\n\t\t\t\t\t\t<div class=\"elementor-container elementor-column-gap-default\">\n\t\t\t\t\t<div class=\"elementor-column elementor-col-100 elementor-top-column elementor-element elementor-element-be96d57\" data-id=\"be96d57\" data-element_type=\"column\">\n\t\t\t<div class=\"elementor-widget-wrap elementor-element-populated\">\n\t\t\t\t\t\t<div class=\"elementor-element elementor-element-50558a5 elementor-widget elementor-widget-text-editor\" data-id=\"50558a5\" data-element_type=\"widget\" data-widget_type=\"text-editor.default\">\n\t\t\t\t<div class=\"elementor-widget-container\">\n\t\t\t\t\t\t\t\t\t<p><span style=\"font-size: 14pt;\"><span style=\"font-weight: 400;\">La majorit\u00e9 des types de <\/span><span style=\"font-weight: 400;\">drapeaux<\/span><span style=\"font-weight: 400;\"> est propos\u00e9e en plusieurs dimensions standard avec \u00e9galement la possibilit\u00e9 de les faire fabriquer sur mesure. La localisation d\u2019une <\/span><span style=\"font-weight: 400;\">fabrication fran\u00e7aise<\/span><span style=\"font-weight: 400;\"> permet \u00e0 MACAP d\u2019offrir \u00e0 nos clients une grande souplesse et une forte r\u00e9activit\u00e9 tant en mati\u00e8re de personnalisation que de minimas de quantit\u00e9 ou de d\u00e9lais de livraison y compris pour de grandes quantit\u00e9s.<\/span><\/span><\/p>\t\t\t\t\t\t\t\t<\/div>\n\t\t\t\t<\/div>\n\t\t\t\t\t<\/div>\n\t\t<\/div>\n\t\t\t\t\t<\/div>\n\t\t<\/section>\n\t\t\t\t<section class=\"elementor-section elementor-top-section elementor-element elementor-element-b953725 elementor-section-boxed elementor-section-height-default elementor-section-height-default\" data-id=\"b953725\" data-element_type=\"section\">\n\t\t\t\t\t\t<div class=\"elementor-container elementor-column-gap-default\">\n\t\t\t\t\t<div class=\"elementor-column elementor-col-100 elementor-top-column elementor-element elementor-element-44e613a\" data-id=\"44e613a\" data-element_type=\"column\">\n\t\t\t<div class=\"elementor-widget-wrap elementor-element-populated\">\n\t\t\t\t\t\t<div class=\"elementor-element elementor-element-f670790 elementor-widget elementor-widget-text-editor\" data-id=\"f670790\" data-element_type=\"widget\" data-widget_type=\"text-editor.default\">\n\t\t\t\t<div class=\"elementor-widget-container\">\n\t\t\t\t\t\t\t\t\t<h3>Est-ce que je peux choisir la mati\u00e8re du textile de mon drapeau ?<\/h3>\t\t\t\t\t\t\t\t<\/div>\n\t\t\t\t<\/div>\n\t\t\t\t\t<\/div>\n\t\t<\/div>\n\t\t\t\t\t<\/div>\n\t\t<\/section>\n\t\t\t\t<section class=\"elementor-section elementor-top-section elementor-element elementor-element-8e280c7 elementor-section-boxed elementor-section-height-default elementor-section-height-default\" data-id=\"8e280c7\" data-element_type=\"section\">\n\t\t\t\t\t\t<div class=\"elementor-container elementor-column-gap-default\">\n\t\t\t\t\t<div class=\"elementor-column elementor-col-100 elementor-top-column elementor-element elementor-element-2d2e94a\" data-id=\"2d2e94a\" data-element_type=\"column\">\n\t\t\t<div class=\"elementor-widget-wrap elementor-element-populated\">\n\t\t\t\t\t\t<div class=\"elementor-element elementor-element-0b6bef5 elementor-widget elementor-widget-text-editor\" data-id=\"0b6bef5\" data-element_type=\"widget\" data-widget_type=\"text-editor.default\">\n\t\t\t\t<div class=\"elementor-widget-container\">\n\t\t\t\t\t\t\t\t\t<p><span style=\"font-weight: 400; font-size: 14pt; color: #000000;\">Oui, pour la plupart des drapeaux en textile, plusieurs choix de mati\u00e8res vous sont propos\u00e9s. Consultez notre guide des mati\u00e8res pour s\u00e9lectionner la mieux adapt\u00e9e \u00e0 l\u2019utilisation de votre drapeau (exemple : un drapeau pour m\u00e2t expos\u00e9 \u00e0 de fortes rafales de vent gagnera \u00e0 \u00eatre fabriqu\u00e9 en maille air ajour\u00e9e).<\/span><\/p>\t\t\t\t\t\t\t\t<\/div>\n\t\t\t\t<\/div>\n\t\t\t\t\t<\/div>\n\t\t<\/div>\n\t\t\t\t\t<\/div>\n\t\t<\/section>\n\t\t\t\t<section class=\"elementor-section elementor-top-section elementor-element elementor-element-8fc887f elementor-section-boxed elementor-section-height-default elementor-section-height-default\" data-id=\"8fc887f\" data-element_type=\"section\">\n\t\t\t\t\t\t<div class=\"elementor-container elementor-column-gap-default\">\n\t\t\t\t\t<div class=\"elementor-column elementor-col-100 elementor-top-column elementor-element elementor-element-88473a4\" data-id=\"88473a4\" data-element_type=\"column\">\n\t\t\t<div class=\"elementor-widget-wrap elementor-element-populated\">\n\t\t\t\t\t\t<div class=\"elementor-element elementor-element-570ec6a elementor-widget-divider--view-line elementor-widget elementor-widget-divider\" data-id=\"570ec6a\" data-element_type=\"widget\" data-widget_type=\"divider.default\">\n\t\t\t\t<div class=\"elementor-widget-container\">\n\t\t\t\t\t\t\t<div class=\"elementor-divider\">\n\t\t\t<span class=\"elementor-divider-separator\">\n\t\t\t\t\t\t<\/span>\n\t\t<\/div>\n\t\t\t\t\t\t<\/div>\n\t\t\t\t<\/div>\n\t\t\t\t\t<\/div>\n\t\t<\/div>\n\t\t\t\t\t<\/div>\n\t\t<\/section>\n\t\t\t\t<section class=\"elementor-section elementor-top-section elementor-element elementor-element-edbfbc1 elementor-section-boxed elementor-section-height-default elementor-section-height-default\" data-id=\"edbfbc1\" data-element_type=\"section\">\n\t\t\t\t\t\t<div class=\"elementor-container elementor-column-gap-default\">\n\t\t\t\t\t<div class=\"elementor-column elementor-col-100 elementor-top-column elementor-element elementor-element-d819d41\" data-id=\"d819d41\" data-element_type=\"column\">\n\t\t\t<div class=\"elementor-widget-wrap elementor-element-populated\">\n\t\t\t\t\t\t<div class=\"elementor-element elementor-element-c8f5c3f elementor-widget elementor-widget-text-editor\" data-id=\"c8f5c3f\" data-element_type=\"widget\" data-widget_type=\"text-editor.default\">\n\t\t\t\t<div class=\"elementor-widget-container\">\n\t\t\t\t\t\t\t\t\t<h2 style=\"text-align: center;\">Le drapeau fran\u00e7ais confectionn\u00e9 de 3 bandes de tissu<\/h2>\t\t\t\t\t\t\t\t<\/div>\n\t\t\t\t<\/div>\n\t\t\t\t\t<\/div>\n\t\t<\/div>\n\t\t\t\t\t<\/div>\n\t\t<\/section>\n\t\t\t\t<section class=\"elementor-section elementor-top-section elementor-element elementor-element-013c41c elementor-section-boxed elementor-section-height-default elementor-section-height-default\" data-id=\"013c41c\" data-element_type=\"section\">\n\t\t\t\t\t\t<div class=\"elementor-container elementor-column-gap-default\">\n\t\t\t\t\t<div class=\"elementor-column elementor-col-100 elementor-top-column elementor-element elementor-element-bae8750\" data-id=\"bae8750\" data-element_type=\"column\">\n\t\t\t<div class=\"elementor-widget-wrap elementor-element-populated\">\n\t\t\t\t\t\t<div class=\"elementor-element elementor-element-4ba079e elementor-widget elementor-widget-image\" data-id=\"4ba079e\" data-element_type=\"widget\" data-widget_type=\"image.default\">\n\t\t\t\t<div class=\"elementor-widget-container\">\n\t\t\t\t\t\t\t\t\t\t\t\t\t\t\t<img decoding=\"async\" width=\"700\" height=\"534\" src=\"https:\/\/www.macapflag.com\/blog\/wp-content\/uploads\/2021\/01\/drapeau-prestige-defile.jpg\" class=\"attachment-large size-large wp-image-6059\" alt=\"Drapeau fran\u00e7ais de prestige pour les d\u00e9fil\u00e9s et c\u00e9r\u00e9monies\" srcset=\"https:\/\/www.macapflag.com\/blog\/wp-content\/uploads\/2021\/01\/drapeau-prestige-defile.jpg 700w, https:\/\/www.macapflag.com\/blog\/wp-content\/uploads\/2021\/01\/drapeau-prestige-defile-300x229.jpg 300w\" sizes=\"(max-width: 700px) 100vw, 700px\" \/>\t\t\t\t\t\t\t\t\t\t\t\t\t\t\t<\/div>\n\t\t\t\t<\/div>\n\t\t\t\t\t<\/div>\n\t\t<\/div>\n\t\t\t\t\t<\/div>\n\t\t<\/section>\n\t\t\t\t<section class=\"elementor-section elementor-top-section elementor-element elementor-element-8980310 elementor-section-boxed elementor-section-height-default elementor-section-height-default\" data-id=\"8980310\" data-element_type=\"section\">\n\t\t\t\t\t\t<div class=\"elementor-container elementor-column-gap-default\">\n\t\t\t\t\t<div class=\"elementor-column elementor-col-100 elementor-top-column elementor-element elementor-element-af3fefb\" data-id=\"af3fefb\" data-element_type=\"column\">\n\t\t\t<div class=\"elementor-widget-wrap elementor-element-populated\">\n\t\t\t\t\t\t<div class=\"elementor-element elementor-element-890e375 elementor-widget elementor-widget-text-editor\" data-id=\"890e375\" data-element_type=\"widget\" data-widget_type=\"text-editor.default\">\n\t\t\t\t<div class=\"elementor-widget-container\">\n\t\t\t\t\t\t\t\t\t<p><span style=\"font-size: 14pt; color: #000000;\">Ce drapeau de luxe est cr\u00e9\u00e9 en tissu Ottoman, une mati\u00e8re noble compos\u00e9e de coton et viscose (250 g\/m\u00b2). Les bandes de tissu tricolore bleu blanc rouge sont cousues entre elles pour confectionner le drapeau aux dimensions propos\u00e9es :<\/span><br \/><span style=\"font-size: 14pt; color: #000000;\">80 x 120 cm ou 100 x 120 cm pour un format de drapeau rectangulaire et 90 x 90 cm pour un drapeau France carr\u00e9.<\/span><br \/><span style=\"font-size: 14pt; color: #000000;\">Vous pouvez opter pour l\u2019achat d\u2019un drapeau fran\u00e7ais neutre, ou choisir de le personnaliser par la broderie d\u2019un logo et ou d\u2019un texte de votre choix (lettrage au fil dor\u00e9 ou argent\u00e9 et motif brod\u00e9 aux couleurs de votre choix).<\/span><br \/><span style=\"font-size: 14pt; color: #000000;\">Pour les finitions du pourtour de votre drapeau France prestige, des options de galons et franges or ou argent vous sont propos\u00e9es.<\/span><\/p><p><span style=\"font-size: 14pt; color: #000000;\">Sur ce type de drapeau plus encore, le savoir-faire de nos couturi\u00e8res et nos brodeuses font une vraie diff\u00e9rence. Chaque drapeau est une pi\u00e8ce cr\u00e9\u00e9e quasiment sur mesure en fonction des demandes de chaque client.<\/span><\/p>\t\t\t\t\t\t\t\t<\/div>\n\t\t\t\t<\/div>\n\t\t\t\t\t<\/div>\n\t\t<\/div>\n\t\t\t\t\t<\/div>\n\t\t<\/section>\n\t\t\t\t<section class=\"elementor-section elementor-top-section elementor-element elementor-element-47e314c elementor-section-boxed elementor-section-height-default elementor-section-height-default\" data-id=\"47e314c\" data-element_type=\"section\">\n\t\t\t\t\t\t<div class=\"elementor-container elementor-column-gap-default\">\n\t\t\t\t\t<div class=\"elementor-column elementor-col-100 elementor-top-column elementor-element elementor-element-48007d0\" data-id=\"48007d0\" data-element_type=\"column\">\n\t\t\t<div class=\"elementor-widget-wrap elementor-element-populated\">\n\t\t\t\t\t\t<div class=\"elementor-element elementor-element-07fe4c1 elementor-widget elementor-widget-text-editor\" data-id=\"07fe4c1\" data-element_type=\"widget\" data-widget_type=\"text-editor.default\">\n\t\t\t\t<div class=\"elementor-widget-container\">\n\t\t\t\t\t\t\t\t\t<h3>Quand utilise-t-on un drapeau fran\u00e7ais confectionn\u00e9 ?<\/h3>\t\t\t\t\t\t\t\t<\/div>\n\t\t\t\t<\/div>\n\t\t\t\t\t<\/div>\n\t\t<\/div>\n\t\t\t\t\t<\/div>\n\t\t<\/section>\n\t\t\t\t<section class=\"elementor-section elementor-top-section elementor-element elementor-element-78377c6 elementor-section-boxed elementor-section-height-default elementor-section-height-default\" data-id=\"78377c6\" data-element_type=\"section\">\n\t\t\t\t\t\t<div class=\"elementor-container elementor-column-gap-default\">\n\t\t\t\t\t<div class=\"elementor-column elementor-col-100 elementor-top-column elementor-element elementor-element-874a89f\" data-id=\"874a89f\" data-element_type=\"column\">\n\t\t\t<div class=\"elementor-widget-wrap elementor-element-populated\">\n\t\t\t\t\t\t<div class=\"elementor-element elementor-element-2cb277a elementor-widget elementor-widget-text-editor\" data-id=\"2cb277a\" data-element_type=\"widget\" data-widget_type=\"text-editor.default\">\n\t\t\t\t<div class=\"elementor-widget-container\">\n\t\t\t\t\t\t\t\t\t<p><span style=\"font-size: 14pt; color: #000000;\">Ce type de drapeau a deux vocations principales.<\/span><\/p><p>. <span style=\"font-size: 14pt; color: #000000;\">Il est traditionnellement mis \u00e0 l\u2019honneur lors des d\u00e9fil\u00e9s \u00e0 caract\u00e8re solennel comme les comm\u00e9morations ou les c\u00e9l\u00e9brations des f\u00eates nationales. Pour cet usage, le drapeau est fix\u00e9 sur une hampe de d\u00e9fil\u00e9 d\u00e9montable en bois vernis surmont\u00e9e d\u2019une flamme en laiton dor\u00e9 et d\u2019une olive estampill\u00e9e des lettres RF (R\u00e9publique Fran\u00e7aise). Une cravate tricolore \u00e9galement brod\u00e9e peut y \u00eatre appos\u00e9e de mani\u00e8re optionnelle. <\/span><br \/><span style=\"font-size: 14pt; color: #000000;\">Pour le port du drapeau de d\u00e9fil\u00e9, l\u2019achat d\u2019un <a href=\"https:\/\/www.macapflag.com\/drapeau-de-defile-officiel\/21587-baudrier-pour-drapeau-de-defile-.html\"><strong><span style=\"color: #3366ff;\">baudrier<\/span> <\/strong><\/a>porte drapeau en cuir est fortement recommand\u00e9. Pour la bonne conservation de votre drapeau, pensez \u00e9galement \u00e0 sa housse de protection qui permettra de le ranger en toute tranquillit\u00e9.<\/span><\/p><p><span style=\"font-size: 14pt; color: #000000;\">. On retrouve \u00e9galement ce mod\u00e8le de beau drapeau fran\u00e7ais dans la cat\u00e9gorie des drapeaux de d\u00e9coration et d\u2019ornement. Dans le hall d\u2019accueil d\u2019une mairie, dans la salle de r\u00e9ception d\u2019une ambassade ou autres lieux repr\u00e9sentant le prestige de la France dans le monde.<\/span><br \/><span style=\"font-size: 14pt; color: #000000;\">Le drapeau est ici \u00e9galement fix\u00e9 sur une hampe en bois vernis (h\u00eatre) surmont\u00e9e d\u2019une flamme en laiton dor\u00e9. Un socle pour drapeaux en bois permet d\u2019accueillir 1, 2 ou 3 exemplaires selon le mod\u00e8le choisi.<\/span><\/p>\t\t\t\t\t\t\t\t<\/div>\n\t\t\t\t<\/div>\n\t\t\t\t\t<\/div>\n\t\t<\/div>\n\t\t\t\t\t<\/div>\n\t\t<\/section>\n\t\t\t\t<section class=\"elementor-section elementor-top-section elementor-element elementor-element-d45af6f elementor-section-boxed elementor-section-height-default elementor-section-height-default\" data-id=\"d45af6f\" data-element_type=\"section\">\n\t\t\t\t\t\t<div class=\"elementor-container elementor-column-gap-default\">\n\t\t\t\t\t<div class=\"elementor-column elementor-col-100 elementor-top-column elementor-element elementor-element-51f7455\" data-id=\"51f7455\" data-element_type=\"column\">\n\t\t\t<div class=\"elementor-widget-wrap elementor-element-populated\">\n\t\t\t\t\t\t<div class=\"elementor-element elementor-element-1230672 elementor-widget elementor-widget-image\" data-id=\"1230672\" data-element_type=\"widget\" data-widget_type=\"image.default\">\n\t\t\t\t<div class=\"elementor-widget-container\">\n\t\t\t\t\t\t\t\t\t\t\t\t\t\t\t<img loading=\"lazy\" decoding=\"async\" width=\"700\" height=\"534\" src=\"https:\/\/www.macapflag.com\/blog\/wp-content\/uploads\/2021\/01\/drapeau-prestige-broderie.jpg\" class=\"attachment-large size-large wp-image-6060\" alt=\"Le drapeau de luxe fran\u00e7ais des d\u00e9fil\u00e9s et comm\u00e9morations\" srcset=\"https:\/\/www.macapflag.com\/blog\/wp-content\/uploads\/2021\/01\/drapeau-prestige-broderie.jpg 700w, https:\/\/www.macapflag.com\/blog\/wp-content\/uploads\/2021\/01\/drapeau-prestige-broderie-300x229.jpg 300w\" sizes=\"(max-width: 700px) 100vw, 700px\" \/>\t\t\t\t\t\t\t\t\t\t\t\t\t\t\t<\/div>\n\t\t\t\t<\/div>\n\t\t\t\t\t<\/div>\n\t\t<\/div>\n\t\t\t\t\t<\/div>\n\t\t<\/section>\n\t\t\t\t<section class=\"elementor-section elementor-top-section elementor-element elementor-element-d205184 elementor-section-boxed elementor-section-height-default elementor-section-height-default\" data-id=\"d205184\" data-element_type=\"section\">\n\t\t\t\t\t\t<div class=\"elementor-container elementor-column-gap-default\">\n\t\t\t\t\t<div class=\"elementor-column elementor-col-100 elementor-top-column elementor-element elementor-element-e65a61d\" data-id=\"e65a61d\" data-element_type=\"column\">\n\t\t\t<div class=\"elementor-widget-wrap elementor-element-populated\">\n\t\t\t\t\t\t<div class=\"elementor-element elementor-element-3f81241 elementor-widget elementor-widget-text-editor\" data-id=\"3f81241\" data-element_type=\"widget\" data-widget_type=\"text-editor.default\">\n\t\t\t\t<div class=\"elementor-widget-container\">\n\t\t\t\t\t\t\t\t\t<p style=\"text-align: center;\"><em><strong><span style=\"font-size: 9pt;\">Drapeau fran\u00e7ais brod\u00e9 confectionn\u00e9 en tissu Ottoman<\/span><\/strong><\/em><\/p>\t\t\t\t\t\t\t\t<\/div>\n\t\t\t\t<\/div>\n\t\t\t\t\t<\/div>\n\t\t<\/div>\n\t\t\t\t\t<\/div>\n\t\t<\/section>\n\t\t\t\t<section class=\"elementor-section elementor-top-section elementor-element elementor-element-33fc8f2 elementor-section-boxed elementor-section-height-default elementor-section-height-default\" data-id=\"33fc8f2\" data-element_type=\"section\">\n\t\t\t\t\t\t<div class=\"elementor-container elementor-column-gap-default\">\n\t\t\t\t\t<div class=\"elementor-column elementor-col-100 elementor-top-column elementor-element elementor-element-bae08b6\" data-id=\"bae08b6\" data-element_type=\"column\">\n\t\t\t<div class=\"elementor-widget-wrap elementor-element-populated\">\n\t\t\t\t\t\t<div class=\"elementor-element elementor-element-fbf5d0e elementor-widget-divider--view-line elementor-widget elementor-widget-divider\" data-id=\"fbf5d0e\" data-element_type=\"widget\" data-widget_type=\"divider.default\">\n\t\t\t\t<div class=\"elementor-widget-container\">\n\t\t\t\t\t\t\t<div class=\"elementor-divider\">\n\t\t\t<span class=\"elementor-divider-separator\">\n\t\t\t\t\t\t<\/span>\n\t\t<\/div>\n\t\t\t\t\t\t<\/div>\n\t\t\t\t<\/div>\n\t\t\t\t\t<\/div>\n\t\t<\/div>\n\t\t\t\t\t<\/div>\n\t\t<\/section>\n\t\t\t\t<section class=\"elementor-section elementor-top-section elementor-element elementor-element-ad2b54b elementor-section-boxed elementor-section-height-default elementor-section-height-default\" data-id=\"ad2b54b\" data-element_type=\"section\">\n\t\t\t\t\t\t<div class=\"elementor-container elementor-column-gap-default\">\n\t\t\t\t\t<div class=\"elementor-column elementor-col-100 elementor-top-column elementor-element elementor-element-a63669d\" data-id=\"a63669d\" data-element_type=\"column\">\n\t\t\t<div class=\"elementor-widget-wrap elementor-element-populated\">\n\t\t\t\t\t\t<div class=\"elementor-element elementor-element-ce67d58 elementor-widget elementor-widget-spacer\" data-id=\"ce67d58\" data-element_type=\"widget\" data-widget_type=\"spacer.default\">\n\t\t\t\t<div class=\"elementor-widget-container\">\n\t\t\t\t\t\t\t<div class=\"elementor-spacer\">\n\t\t\t<div class=\"elementor-spacer-inner\"><\/div>\n\t\t<\/div>\n\t\t\t\t\t\t<\/div>\n\t\t\t\t<\/div>\n\t\t\t\t\t<\/div>\n\t\t<\/div>\n\t\t\t\t\t<\/div>\n\t\t<\/section>\n\t\t\t\t<section class=\"elementor-section elementor-top-section elementor-element elementor-element-ee71cd5 elementor-section-boxed elementor-section-height-default elementor-section-height-default\" data-id=\"ee71cd5\" data-element_type=\"section\">\n\t\t\t\t\t\t<div class=\"elementor-container elementor-column-gap-default\">\n\t\t\t\t\t<div class=\"elementor-column elementor-col-100 elementor-top-column elementor-element elementor-element-00f7982\" data-id=\"00f7982\" data-element_type=\"column\">\n\t\t\t<div class=\"elementor-widget-wrap elementor-element-populated\">\n\t\t\t\t\t\t<div class=\"elementor-element elementor-element-1253a5f elementor-widget elementor-widget-text-editor\" data-id=\"1253a5f\" data-element_type=\"widget\" data-widget_type=\"text-editor.default\">\n\t\t\t\t<div class=\"elementor-widget-container\">\n\t\t\t\t\t\t\t\t\t<p><span style=\"font-size: 14pt; color: #000000;\">La fabrication d\u2019un drapeau fran\u00e7ais d\u00e9pend de l\u2019usage que vous souhaitez en faire ainsi que du budget que vous comptez lui allouer. Chez Macap, l\u2019achat d\u2019un drapeau fran\u00e7ais pas cher est tout aussi facile que celui d\u2019un drapeau de prestige brod\u00e9 en tissu Ottoman. <\/span><\/p><p><span style=\"font-size: 14pt; color: #000000;\">Retrouvez sur notre site internet la gamme compl\u00e8te des drapeaux de France et du monde. Pour toute demande d\u2019informations compl\u00e9mentaires, contactez notre \u00e9quipe commerciale \u00e0 votre service du Lundi au Vendredi de 9h \u00e0 18h. <\/span><\/p>\t\t\t\t\t\t\t\t<\/div>\n\t\t\t\t<\/div>\n\t\t\t\t\t<\/div>\n\t\t<\/div>\n\t\t\t\t\t<\/div>\n\t\t<\/section>\n\t\t\t\t<section class=\"elementor-section elementor-top-section elementor-element elementor-element-59619b3 elementor-section-boxed elementor-section-height-default elementor-section-height-default\" data-id=\"59619b3\" data-element_type=\"section\">\n\t\t\t\t\t\t<div class=\"elementor-container elementor-column-gap-default\">\n\t\t\t\t\t<div class=\"elementor-column elementor-col-100 elementor-top-column elementor-element elementor-element-7d65421\" data-id=\"7d65421\" data-element_type=\"column\">\n\t\t\t<div class=\"elementor-widget-wrap elementor-element-populated\">\n\t\t\t\t\t\t<div class=\"elementor-element elementor-element-3157462 elementor-widget elementor-widget-text-editor\" data-id=\"3157462\" data-element_type=\"widget\" data-widget_type=\"text-editor.default\">\n\t\t\t\t<div class=\"elementor-widget-container\">\n\t\t\t\t\t\t\t\t\t<p><strong><span style=\"font-size: 18pt;\">Les autres objets de communication aux couleurs fran\u00e7aises<\/span><\/strong><\/p>\t\t\t\t\t\t\t\t<\/div>\n\t\t\t\t<\/div>\n\t\t\t\t\t<\/div>\n\t\t<\/div>\n\t\t\t\t\t<\/div>\n\t\t<\/section>\n\t\t\t\t<section class=\"elementor-section elementor-top-section elementor-element elementor-element-90e79fb elementor-section-boxed elementor-section-height-default elementor-section-height-default\" data-id=\"90e79fb\" data-element_type=\"section\">\n\t\t\t\t\t\t<div class=\"elementor-container elementor-column-gap-default\">\n\t\t\t\t\t<div class=\"elementor-column elementor-col-100 elementor-top-column elementor-element elementor-element-41cd91c\" data-id=\"41cd91c\" data-element_type=\"column\">\n\t\t\t<div class=\"elementor-widget-wrap elementor-element-populated\">\n\t\t\t\t\t\t<div class=\"elementor-element elementor-element-ae070ef elementor-widget elementor-widget-text-editor\" data-id=\"ae070ef\" data-element_type=\"widget\" data-widget_type=\"text-editor.default\">\n\t\t\t\t<div class=\"elementor-widget-container\">\n\t\t\t\t\t\t\t\t\t<p><span style=\"font-size: 14pt; color: #000000;\">Les couleurs tricolores du drapeau France sont \u00e9galement r\u00e9guli\u00e8rement utilis\u00e9es sur une multitude d&#8217;autres supports et produits rattach\u00e9s aux valeurs de la France. <\/span><br \/><span style=\"font-size: 14pt; color: #000000;\">. Des \u00e9l\u00e9ments de d\u2019agencement d\u2019espaces ext\u00e9rieurs et int\u00e9rieurs comme le kak\u00e9mono, la banderole, la nappe personnalis\u00e9e ou le beach flag, <\/span><br \/><span style=\"font-size: 14pt; color: #000000;\">. Des accessoires de c\u00e9r\u00e9monie tels le tissu d\u2019inauguration, l\u2019\u00e9charpe de maire, la cravate tricolore pour drapeau ou encore le drap mortuaire,<\/span><br \/><span style=\"font-size: 14pt; color: #000000;\">. Les supports d\u2019affichage r\u00e9glementaire comme l\u2019 <a href=\"https:\/\/www.macapflag.com\/mairies-collectivites\/200-ecusson-porte-drapeau-officiel.html\"><strong><span style=\"color: #3366ff;\">ecusson porte-drapeau<\/span><\/strong><\/a> ou les paroles de la Marseillaise r\u00e9pondant aux obligations des lois Peillon et Blanquer pour les \u00e9tablissements scolaires.<\/span><\/p>\t\t\t\t\t\t\t\t<\/div>\n\t\t\t\t<\/div>\n\t\t\t\t\t<\/div>\n\t\t<\/div>\n\t\t\t\t\t<\/div>\n\t\t<\/section>\n\t\t\t\t<\/div>\n\t\t","protected":false},"excerpt":{"rendered":"<div class=\"tmnf_excerpt\"><p>Notre drapeau tricolore bleu blanc rouge se d\u00e9cline sous de multiples formes. Son champ d\u2019utilisation est tout aussi large : pour pavoiser une fa\u00e7ade, pour des c\u00e9r\u00e9monies officielles, pour un drapeau supporter, le drapeau France est bien souvent de la partie ! Pour cr\u00e9er un drapeau fran\u00e7ais, nous avons deux possibilit\u00e9s : . le drapeau &hellip;<\/p>\n<\/div>","protected":false},"author":2,"featured_media":6043,"comment_status":"closed","ping_status":"open","sticky":false,"template":"template-fullwidth.php","format":"standard","meta":{"footnotes":""},"categories":[91],"tags":[],"class_list":["post-6041","post","type-post","status-publish","format-standard","has-post-thumbnail","hentry","category-univers-tech"],"yoast_head":"<!-- This site is optimized with the Yoast SEO plugin v26.4 - https:\/\/yoast.com\/wordpress\/plugins\/seo\/ -->\n<title>Comment fabrique-t-on un drapeau fran\u00e7ais, impression ou confection ?<\/title>\n<meta name=\"description\" content=\"Le drapeau fran\u00e7ais peut \u00eatre fabriqu\u00e9 de diff\u00e9rentes mani\u00e8res, imprim\u00e9 ou confectionn\u00e9 mais chez Macap toujours made in France\" \/>\n<meta name=\"robots\" content=\"index, follow, max-snippet:-1, max-image-preview:large, max-video-preview:-1\" \/>\n<link rel=\"canonical\" href=\"https:\/\/www.macapflag.com\/blog\/drapeau-francais\/\" \/>\n<meta property=\"og:locale\" content=\"fr_FR\" \/>\n<meta property=\"og:type\" content=\"article\" \/>\n<meta property=\"og:title\" content=\"Comment fabrique-t-on un drapeau fran\u00e7ais, impression ou confection ?\" \/>\n<meta property=\"og:description\" content=\"Le drapeau fran\u00e7ais peut \u00eatre fabriqu\u00e9 de diff\u00e9rentes mani\u00e8res, imprim\u00e9 ou confectionn\u00e9 mais chez Macap toujours made in France\" \/>\n<meta property=\"og:url\" content=\"https:\/\/www.macapflag.com\/blog\/drapeau-francais\/\" \/>\n<meta property=\"og:site_name\" content=\"Blog - Macap\" \/>\n<meta property=\"article:publisher\" content=\"https:\/\/www.facebook.com\/macap.pavoisement\/\" \/>\n<meta property=\"article:published_time\" content=\"2021-01-18T09:46:13+00:00\" \/>\n<meta property=\"article:modified_time\" content=\"2021-01-26T09:28:31+00:00\" \/>\n<meta property=\"og:image\" content=\"https:\/\/www.macapflag.com\/blog\/wp-content\/uploads\/2021\/01\/drapeau-france-tricolore.jpg\" \/>\n\t<meta property=\"og:image:width\" content=\"870\" \/>\n\t<meta property=\"og:image:height\" content=\"600\" \/>\n\t<meta property=\"og:image:type\" content=\"image\/jpeg\" \/>\n<meta name=\"author\" content=\"Blog Macap\" \/>\n<meta name=\"twitter:card\" content=\"summary_large_image\" \/>\n<meta name=\"twitter:label1\" content=\"\u00c9crit par\" \/>\n\t<meta name=\"twitter:data1\" content=\"Blog Macap\" \/>\n\t<meta name=\"twitter:label2\" content=\"Dur\u00e9e de lecture estim\u00e9e\" \/>\n\t<meta name=\"twitter:data2\" content=\"6 minutes\" \/>\n<script type=\"application\/ld+json\" class=\"yoast-schema-graph\">{\"@context\":\"https:\/\/schema.org\",\"@graph\":[{\"@type\":\"Article\",\"@id\":\"https:\/\/www.macapflag.com\/blog\/drapeau-francais\/#article\",\"isPartOf\":{\"@id\":\"https:\/\/www.macapflag.com\/blog\/drapeau-francais\/\"},\"author\":{\"name\":\"Blog Macap\",\"@id\":\"https:\/\/www.macapflag.com\/blog\/#\/schema\/person\/3fea701f2603875e651e6b662578fc3c\"},\"headline\":\"Comment fabrique-t-on un drapeau fran\u00e7ais, impression ou confection ?\",\"datePublished\":\"2021-01-18T09:46:13+00:00\",\"dateModified\":\"2021-01-26T09:28:31+00:00\",\"mainEntityOfPage\":{\"@id\":\"https:\/\/www.macapflag.com\/blog\/drapeau-francais\/\"},\"wordCount\":1315,\"publisher\":{\"@id\":\"https:\/\/www.macapflag.com\/blog\/#organization\"},\"image\":{\"@id\":\"https:\/\/www.macapflag.com\/blog\/drapeau-francais\/#primaryimage\"},\"thumbnailUrl\":\"https:\/\/www.macapflag.com\/blog\/wp-content\/uploads\/2021\/01\/drapeau-france-tricolore.jpg\",\"articleSection\":[\"L'univers technique\"],\"inLanguage\":\"fr-FR\"},{\"@type\":\"WebPage\",\"@id\":\"https:\/\/www.macapflag.com\/blog\/drapeau-francais\/\",\"url\":\"https:\/\/www.macapflag.com\/blog\/drapeau-francais\/\",\"name\":\"Comment fabrique-t-on un drapeau fran\u00e7ais, impression ou confection ?\",\"isPartOf\":{\"@id\":\"https:\/\/www.macapflag.com\/blog\/#website\"},\"primaryImageOfPage\":{\"@id\":\"https:\/\/www.macapflag.com\/blog\/drapeau-francais\/#primaryimage\"},\"image\":{\"@id\":\"https:\/\/www.macapflag.com\/blog\/drapeau-francais\/#primaryimage\"},\"thumbnailUrl\":\"https:\/\/www.macapflag.com\/blog\/wp-content\/uploads\/2021\/01\/drapeau-france-tricolore.jpg\",\"datePublished\":\"2021-01-18T09:46:13+00:00\",\"dateModified\":\"2021-01-26T09:28:31+00:00\",\"description\":\"Le drapeau fran\u00e7ais peut \u00eatre fabriqu\u00e9 de diff\u00e9rentes mani\u00e8res, imprim\u00e9 ou confectionn\u00e9 mais chez Macap toujours made in France\",\"breadcrumb\":{\"@id\":\"https:\/\/www.macapflag.com\/blog\/drapeau-francais\/#breadcrumb\"},\"inLanguage\":\"fr-FR\",\"potentialAction\":[{\"@type\":\"ReadAction\",\"target\":[\"https:\/\/www.macapflag.com\/blog\/drapeau-francais\/\"]}]},{\"@type\":\"ImageObject\",\"inLanguage\":\"fr-FR\",\"@id\":\"https:\/\/www.macapflag.com\/blog\/drapeau-francais\/#primaryimage\",\"url\":\"https:\/\/www.macapflag.com\/blog\/wp-content\/uploads\/2021\/01\/drapeau-france-tricolore.jpg\",\"contentUrl\":\"https:\/\/www.macapflag.com\/blog\/wp-content\/uploads\/2021\/01\/drapeau-france-tricolore.jpg\",\"width\":870,\"height\":600,\"caption\":\"Un drapeau francais fabriqu\u00e9 en france imprim\u00e9 ou confectionn\u00e9\"},{\"@type\":\"BreadcrumbList\",\"@id\":\"https:\/\/www.macapflag.com\/blog\/drapeau-francais\/#breadcrumb\",\"itemListElement\":[{\"@type\":\"ListItem\",\"position\":1,\"name\":\"Accueil\",\"item\":\"https:\/\/www.macapflag.com\/blog\/\"},{\"@type\":\"ListItem\",\"position\":2,\"name\":\"Comment fabrique-t-on un drapeau fran\u00e7ais, impression ou confection ?\"}]},{\"@type\":\"WebSite\",\"@id\":\"https:\/\/www.macapflag.com\/blog\/#website\",\"url\":\"https:\/\/www.macapflag.com\/blog\/\",\"name\":\"Blog - Macap\",\"description\":\"Tous nos articles\",\"publisher\":{\"@id\":\"https:\/\/www.macapflag.com\/blog\/#organization\"},\"potentialAction\":[{\"@type\":\"SearchAction\",\"target\":{\"@type\":\"EntryPoint\",\"urlTemplate\":\"https:\/\/www.macapflag.com\/blog\/?s={search_term_string}\"},\"query-input\":{\"@type\":\"PropertyValueSpecification\",\"valueRequired\":true,\"valueName\":\"search_term_string\"}}],\"inLanguage\":\"fr-FR\"},{\"@type\":\"Organization\",\"@id\":\"https:\/\/www.macapflag.com\/blog\/#organization\",\"name\":\"macapflag\",\"url\":\"https:\/\/www.macapflag.com\/blog\/\",\"logo\":{\"@type\":\"ImageObject\",\"inLanguage\":\"fr-FR\",\"@id\":\"https:\/\/www.macapflag.com\/blog\/#\/schema\/logo\/image\/\",\"url\":\"https:\/\/www.macapflag.com\/blog\/wp-content\/uploads\/2020\/12\/cropped-M-512-1.png\",\"contentUrl\":\"https:\/\/www.macapflag.com\/blog\/wp-content\/uploads\/2020\/12\/cropped-M-512-1.png\",\"width\":512,\"height\":512,\"caption\":\"macapflag\"},\"image\":{\"@id\":\"https:\/\/www.macapflag.com\/blog\/#\/schema\/logo\/image\/\"},\"sameAs\":[\"https:\/\/www.facebook.com\/macap.pavoisement\/\",\"https:\/\/www.instagram.com\/macapflag\/?hl=fr\",\"https:\/\/www.linkedin.com\/company\/macap\/?originalSubdomain=fr\",\"https:\/\/www.youtube.com\/channel\/UCXNzTIdZh9poEBjSXEqDtNw\"]},{\"@type\":\"Person\",\"@id\":\"https:\/\/www.macapflag.com\/blog\/#\/schema\/person\/3fea701f2603875e651e6b662578fc3c\",\"name\":\"Blog Macap\",\"image\":{\"@type\":\"ImageObject\",\"inLanguage\":\"fr-FR\",\"@id\":\"https:\/\/www.macapflag.com\/blog\/#\/schema\/person\/image\/\",\"url\":\"https:\/\/secure.gravatar.com\/avatar\/c12551f2dc51f0db049633b03e7856985477a70da834cc8967dea4ce54bdd6a2?s=96&d=mm&r=g\",\"contentUrl\":\"https:\/\/secure.gravatar.com\/avatar\/c12551f2dc51f0db049633b03e7856985477a70da834cc8967dea4ce54bdd6a2?s=96&d=mm&r=g\",\"caption\":\"Blog Macap\"},\"url\":\"https:\/\/www.macapflag.com\/blog\/author\/macap\/\"}]}<\/script>\n<!-- \/ Yoast SEO plugin. -->","yoast_head_json":{"title":"Comment fabrique-t-on un drapeau fran\u00e7ais, impression ou confection ?","description":"Le drapeau fran\u00e7ais peut \u00eatre fabriqu\u00e9 de diff\u00e9rentes mani\u00e8res, imprim\u00e9 ou confectionn\u00e9 mais chez Macap toujours made in France","robots":{"index":"index","follow":"follow","max-snippet":"max-snippet:-1","max-image-preview":"max-image-preview:large","max-video-preview":"max-video-preview:-1"},"canonical":"https:\/\/www.macapflag.com\/blog\/drapeau-francais\/","og_locale":"fr_FR","og_type":"article","og_title":"Comment fabrique-t-on un drapeau fran\u00e7ais, impression ou confection ?","og_description":"Le drapeau fran\u00e7ais peut \u00eatre fabriqu\u00e9 de diff\u00e9rentes mani\u00e8res, imprim\u00e9 ou confectionn\u00e9 mais chez Macap toujours made in France","og_url":"https:\/\/www.macapflag.com\/blog\/drapeau-francais\/","og_site_name":"Blog - Macap","article_publisher":"https:\/\/www.facebook.com\/macap.pavoisement\/","article_published_time":"2021-01-18T09:46:13+00:00","article_modified_time":"2021-01-26T09:28:31+00:00","og_image":[{"width":870,"height":600,"url":"https:\/\/www.macapflag.com\/blog\/wp-content\/uploads\/2021\/01\/drapeau-france-tricolore.jpg","type":"image\/jpeg"}],"author":"Blog Macap","twitter_card":"summary_large_image","twitter_misc":{"\u00c9crit par":"Blog Macap","Dur\u00e9e de lecture estim\u00e9e":"6 minutes"},"schema":{"@context":"https:\/\/schema.org","@graph":[{"@type":"Article","@id":"https:\/\/www.macapflag.com\/blog\/drapeau-francais\/#article","isPartOf":{"@id":"https:\/\/www.macapflag.com\/blog\/drapeau-francais\/"},"author":{"name":"Blog Macap","@id":"https:\/\/www.macapflag.com\/blog\/#\/schema\/person\/3fea701f2603875e651e6b662578fc3c"},"headline":"Comment fabrique-t-on un drapeau fran\u00e7ais, impression ou confection ?","datePublished":"2021-01-18T09:46:13+00:00","dateModified":"2021-01-26T09:28:31+00:00","mainEntityOfPage":{"@id":"https:\/\/www.macapflag.com\/blog\/drapeau-francais\/"},"wordCount":1315,"publisher":{"@id":"https:\/\/www.macapflag.com\/blog\/#organization"},"image":{"@id":"https:\/\/www.macapflag.com\/blog\/drapeau-francais\/#primaryimage"},"thumbnailUrl":"https:\/\/www.macapflag.com\/blog\/wp-content\/uploads\/2021\/01\/drapeau-france-tricolore.jpg","articleSection":["L'univers technique"],"inLanguage":"fr-FR"},{"@type":"WebPage","@id":"https:\/\/www.macapflag.com\/blog\/drapeau-francais\/","url":"https:\/\/www.macapflag.com\/blog\/drapeau-francais\/","name":"Comment fabrique-t-on un drapeau fran\u00e7ais, impression ou confection ?","isPartOf":{"@id":"https:\/\/www.macapflag.com\/blog\/#website"},"primaryImageOfPage":{"@id":"https:\/\/www.macapflag.com\/blog\/drapeau-francais\/#primaryimage"},"image":{"@id":"https:\/\/www.macapflag.com\/blog\/drapeau-francais\/#primaryimage"},"thumbnailUrl":"https:\/\/www.macapflag.com\/blog\/wp-content\/uploads\/2021\/01\/drapeau-france-tricolore.jpg","datePublished":"2021-01-18T09:46:13+00:00","dateModified":"2021-01-26T09:28:31+00:00","description":"Le drapeau fran\u00e7ais peut \u00eatre fabriqu\u00e9 de diff\u00e9rentes mani\u00e8res, imprim\u00e9 ou confectionn\u00e9 mais chez Macap toujours made in France","breadcrumb":{"@id":"https:\/\/www.macapflag.com\/blog\/drapeau-francais\/#breadcrumb"},"inLanguage":"fr-FR","potentialAction":[{"@type":"ReadAction","target":["https:\/\/www.macapflag.com\/blog\/drapeau-francais\/"]}]},{"@type":"ImageObject","inLanguage":"fr-FR","@id":"https:\/\/www.macapflag.com\/blog\/drapeau-francais\/#primaryimage","url":"https:\/\/www.macapflag.com\/blog\/wp-content\/uploads\/2021\/01\/drapeau-france-tricolore.jpg","contentUrl":"https:\/\/www.macapflag.com\/blog\/wp-content\/uploads\/2021\/01\/drapeau-france-tricolore.jpg","width":870,"height":600,"caption":"Un drapeau francais fabriqu\u00e9 en france imprim\u00e9 ou confectionn\u00e9"},{"@type":"BreadcrumbList","@id":"https:\/\/www.macapflag.com\/blog\/drapeau-francais\/#breadcrumb","itemListElement":[{"@type":"ListItem","position":1,"name":"Accueil","item":"https:\/\/www.macapflag.com\/blog\/"},{"@type":"ListItem","position":2,"name":"Comment fabrique-t-on un drapeau fran\u00e7ais, impression ou confection ?"}]},{"@type":"WebSite","@id":"https:\/\/www.macapflag.com\/blog\/#website","url":"https:\/\/www.macapflag.com\/blog\/","name":"Blog - Macap","description":"Tous nos articles","publisher":{"@id":"https:\/\/www.macapflag.com\/blog\/#organization"},"potentialAction":[{"@type":"SearchAction","target":{"@type":"EntryPoint","urlTemplate":"https:\/\/www.macapflag.com\/blog\/?s={search_term_string}"},"query-input":{"@type":"PropertyValueSpecification","valueRequired":true,"valueName":"search_term_string"}}],"inLanguage":"fr-FR"},{"@type":"Organization","@id":"https:\/\/www.macapflag.com\/blog\/#organization","name":"macapflag","url":"https:\/\/www.macapflag.com\/blog\/","logo":{"@type":"ImageObject","inLanguage":"fr-FR","@id":"https:\/\/www.macapflag.com\/blog\/#\/schema\/logo\/image\/","url":"https:\/\/www.macapflag.com\/blog\/wp-content\/uploads\/2020\/12\/cropped-M-512-1.png","contentUrl":"https:\/\/www.macapflag.com\/blog\/wp-content\/uploads\/2020\/12\/cropped-M-512-1.png","width":512,"height":512,"caption":"macapflag"},"image":{"@id":"https:\/\/www.macapflag.com\/blog\/#\/schema\/logo\/image\/"},"sameAs":["https:\/\/www.facebook.com\/macap.pavoisement\/","https:\/\/www.instagram.com\/macapflag\/?hl=fr","https:\/\/www.linkedin.com\/company\/macap\/?originalSubdomain=fr","https:\/\/www.youtube.com\/channel\/UCXNzTIdZh9poEBjSXEqDtNw"]},{"@type":"Person","@id":"https:\/\/www.macapflag.com\/blog\/#\/schema\/person\/3fea701f2603875e651e6b662578fc3c","name":"Blog Macap","image":{"@type":"ImageObject","inLanguage":"fr-FR","@id":"https:\/\/www.macapflag.com\/blog\/#\/schema\/person\/image\/","url":"https:\/\/secure.gravatar.com\/avatar\/c12551f2dc51f0db049633b03e7856985477a70da834cc8967dea4ce54bdd6a2?s=96&d=mm&r=g","contentUrl":"https:\/\/secure.gravatar.com\/avatar\/c12551f2dc51f0db049633b03e7856985477a70da834cc8967dea4ce54bdd6a2?s=96&d=mm&r=g","caption":"Blog Macap"},"url":"https:\/\/www.macapflag.com\/blog\/author\/macap\/"}]}},"_links":{"self":[{"href":"https:\/\/www.macapflag.com\/blog\/wp-json\/wp\/v2\/posts\/6041","targetHints":{"allow":["GET"]}}],"collection":[{"href":"https:\/\/www.macapflag.com\/blog\/wp-json\/wp\/v2\/posts"}],"about":[{"href":"https:\/\/www.macapflag.com\/blog\/wp-json\/wp\/v2\/types\/post"}],"author":[{"embeddable":true,"href":"https:\/\/www.macapflag.com\/blog\/wp-json\/wp\/v2\/users\/2"}],"replies":[{"embeddable":true,"href":"https:\/\/www.macapflag.com\/blog\/wp-json\/wp\/v2\/comments?post=6041"}],"version-history":[{"count":52,"href":"https:\/\/www.macapflag.com\/blog\/wp-json\/wp\/v2\/posts\/6041\/revisions"}],"predecessor-version":[{"id":6221,"href":"https:\/\/www.macapflag.com\/blog\/wp-json\/wp\/v2\/posts\/6041\/revisions\/6221"}],"wp:featuredmedia":[{"embeddable":true,"href":"https:\/\/www.macapflag.com\/blog\/wp-json\/wp\/v2\/media\/6043"}],"wp:attachment":[{"href":"https:\/\/www.macapflag.com\/blog\/wp-json\/wp\/v2\/media?parent=6041"}],"wp:term":[{"taxonomy":"category","embeddable":true,"href":"https:\/\/www.macapflag.com\/blog\/wp-json\/wp\/v2\/categories?post=6041"},{"taxonomy":"post_tag","embeddable":true,"href":"https:\/\/www.macapflag.com\/blog\/wp-json\/wp\/v2\/tags?post=6041"}],"curies":[{"name":"wp","href":"https:\/\/api.w.org\/{rel}","templated":true}]}}