{"id":6274,"date":"2025-07-31T08:05:29","date_gmt":"2025-07-31T06:05:29","guid":{"rendered":"https:\/\/www.macapflag.com\/blog\/?p=6274"},"modified":"2025-07-31T08:05:29","modified_gmt":"2025-07-31T06:05:29","slug":"loi-peillon-loi-blanquer","status":"publish","type":"post","link":"https:\/\/www.macapflag.com\/blog\/loi-peillon-loi-blanquer\/","title":{"rendered":"Loi Peillon loi Blanquer, pour qui et pourquoi ?"},"content":{"rendered":"\t\t<div data-elementor-type=\"wp-post\" data-elementor-id=\"6274\" class=\"elementor elementor-6274\">\n\t\t\t\t\t\t<section class=\"elementor-section elementor-top-section elementor-element elementor-element-dbac2c9 elementor-section-boxed elementor-section-height-default elementor-section-height-default\" data-id=\"dbac2c9\" data-element_type=\"section\">\n\t\t\t\t\t\t<div class=\"elementor-container elementor-column-gap-default\">\n\t\t\t\t\t<div class=\"elementor-column elementor-col-100 elementor-top-column elementor-element elementor-element-f5f0954\" data-id=\"f5f0954\" data-element_type=\"column\">\n\t\t\t<div class=\"elementor-widget-wrap elementor-element-populated\">\n\t\t\t\t\t\t<div class=\"elementor-element elementor-element-c15fa37 elementor-widget elementor-widget-text-editor\" data-id=\"c15fa37\" data-element_type=\"widget\" data-widget_type=\"text-editor.default\">\n\t\t\t\t<div class=\"elementor-widget-container\">\n\t\t\t\t\t\t\t\t\t<p>La loi Peillon et la loi Blanquer ont respectivement \u00e9t\u00e9 cr\u00e9\u00e9es par Messieurs Vincent Peillon et Jean-Michel Blanquer. Tous deux ont occup\u00e9 le poste de ministre de l\u2019education nationale.<br \/>Le premier au sein du gouvernement Ayrault sous la pr\u00e9sidence de Fran\u00e7ois Hollande et le second dans le gouvernement form\u00e9 par Edouard Philippe puis Jean Castex.<br \/>Chacun de ces deux ministres a donn\u00e9 son nom \u00e0 une loi r\u00e9glementant l\u2019affichage dans les \u00e9coles et \u00e9tablissements scolaires publics.<\/p>\n<p>Chacune de ces lois impose des obligations pr\u00e9cises en mati\u00e8re d\u2019affichage et de pavoisement dans les \u00e9tablissements scolaires publics et priv\u00e9s sous contrat. Voici un point complet et actualis\u00e9.<\/p>\t\t\t\t\t\t\t\t<\/div>\n\t\t\t\t<\/div>\n\t\t\t\t\t<\/div>\n\t\t<\/div>\n\t\t\t\t\t<\/div>\n\t\t<\/section>\n\t\t\t\t<section class=\"elementor-section elementor-top-section elementor-element elementor-element-22a1d39 elementor-section-boxed elementor-section-height-default elementor-section-height-default\" data-id=\"22a1d39\" data-element_type=\"section\">\n\t\t\t\t\t\t<div class=\"elementor-container elementor-column-gap-default\">\n\t\t\t\t\t<div class=\"elementor-column elementor-col-100 elementor-top-column elementor-element elementor-element-f14d122\" data-id=\"f14d122\" data-element_type=\"column\">\n\t\t\t<div class=\"elementor-widget-wrap elementor-element-populated\">\n\t\t\t\t\t\t<div class=\"elementor-element elementor-element-4904b9e elementor-widget elementor-widget-text-editor\" data-id=\"4904b9e\" data-element_type=\"widget\" data-widget_type=\"text-editor.default\">\n\t\t\t\t<div class=\"elementor-widget-container\">\n\t\t\t\t\t\t\t\t\t<h2>La loi Peillon (8 juillet 2013)<\/h2>\n<h3>Quel est l\u2019objectif de la loi Peillon ?<\/h3>\n<p>La \u00ab loi d\u2019orientation et de programmation pour la refondation de l\u2019\u00c9cole de la R\u00e9publique \u00bb vise \u00e0 :<\/p>\n<ul>\n<li>R\u00e9organiser la formation des enseignants via la cr\u00e9ation des \u00c9coles Sup\u00e9rieures du Professorat et de l&#8217;\u00c9ducation (ESPE, remplac\u00e9es en 2021 par les INSPE).<\/li>\n<li>R\u00e9former l&#8217;enseignement des langues \u00e9trang\u00e8res.<\/li>\n<li>Promouvoir l&#8217;\u00e9ducation civique et morale.<\/li>\n<li>Modifier les rythmes scolaires avec la semaine de 4,5 jours incluant le mercredi matin.<\/li>\n<\/ul>\n<h3>Obligations d&#8217;affichage impos\u00e9es par la loi Peillon<\/h3>\n<p>Chaque \u00e9tablissement scolaire du second degr\u00e9 (coll\u00e8ges et lyc\u00e9es publics ou priv\u00e9s sous contrat) doit :<\/p>\n<ul style=\"list-style-type: disc;\">\n<li>Apposer sur sa fa\u00e7ade :\n<ul style=\"list-style-type: disc;\">\n<li>le drapeau fran\u00e7ais,<\/li>\n<li>le drapeau europ\u00e9en,<\/li>\n<li>la devise de la R\u00e9publique fran\u00e7aise : \u00ab Libert\u00e9, \u00c9galit\u00e9, Fraternit\u00e9 \u00bb.<\/li>\n<\/ul>\n<\/li>\n<li>Afficher \u00e0 l\u2019int\u00e9rieur :\n<ul style=\"list-style-type: disc;\">\n<li>la D\u00e9claration des Droits de l\u2019Homme et du Citoyen de 1789,<\/li>\n<li>la Charte de la La\u00efcit\u00e9 \u00e0 l&#8217;\u00c9cole.<\/li>\n<\/ul>\n<\/li>\n<\/ul>\n<h3>Solutions d\u2019affichage et de pavoisement loi Peillon<\/h3>\n<p>D\u00e9couvrez le kit complet comprenant tous les \u00e9l\u00e9ments obligatoires, les kits simplifi\u00e9s avec blason et drapeaux, les \u00e9l\u00e9ments vendus s\u00e9par\u00e9ment (drapeaux, blasons, plaques PVC, affiches).<br \/>Depuis 2021, certaines acad\u00e9mies insistent aussi sur l&#8217;affichage du drapeau r\u00e9gional, sans caract\u00e8re obligatoire.<\/p>\t\t\t\t\t\t\t\t<\/div>\n\t\t\t\t<\/div>\n\t\t\t\t\t<\/div>\n\t\t<\/div>\n\t\t\t\t\t<\/div>\n\t\t<\/section>\n\t\t\t\t<section class=\"elementor-section elementor-top-section elementor-element elementor-element-8494750 elementor-section-boxed elementor-section-height-default elementor-section-height-default\" data-id=\"8494750\" data-element_type=\"section\">\n\t\t\t\t\t\t<div class=\"elementor-container elementor-column-gap-default\">\n\t\t\t\t\t<div class=\"elementor-column elementor-col-33 elementor-top-column elementor-element elementor-element-74874d7\" data-id=\"74874d7\" data-element_type=\"column\">\n\t\t\t<div class=\"elementor-widget-wrap elementor-element-populated\">\n\t\t\t\t\t\t<div class=\"elementor-element elementor-element-b606b09 elementor-widget elementor-widget-shortcode\" data-id=\"b606b09\" data-element_type=\"widget\" data-widget_type=\"shortcode.default\">\n\t\t\t\t<div class=\"elementor-widget-container\">\n\t\t\t\t\t\t\t<div class=\"elementor-shortcode\"><div class=\"container p-0 m-0\">\n    <div class=\"row m-0 border\">\n        <div class=\"col-12 grid-didpd-body text-center\">\n            <img decoding=\"async\" src=\"https:\/\/www.macapflag.com\/232032-home_default\/kit-complet-loi-peillon.jpg\" alt=\"Kit complet loi Peillon\" class=\"mx-auto\" \/>\n            <div class=\"grid-didpd-text\">\n                <a href=\"https:\/\/www.macapflag.com\/kit-loi-peillon-loi-blanquer\/199-kit-complet-loi-peillon.html\" target=\"_blank\" class=\"stretched-link\">\n                    <h3>Kit complet loi Peillon<\/h3>\n                <\/a>\n            <\/div>\n                        <p class=\"text-center font-weight-bold\">118,00 \u20ac HT<\/p>            <div class=\"text-center\">\n                <button class=\"btn btn-primary\">Vente en ligne<\/button>\n            <\/div>\n        <\/div>\n    <\/div>\n<\/div>\n<\/div>\n\t\t\t\t\t\t<\/div>\n\t\t\t\t<\/div>\n\t\t\t\t\t<\/div>\n\t\t<\/div>\n\t\t\t\t<div class=\"elementor-column elementor-col-33 elementor-top-column elementor-element elementor-element-3e32164\" data-id=\"3e32164\" data-element_type=\"column\">\n\t\t\t<div class=\"elementor-widget-wrap elementor-element-populated\">\n\t\t\t\t\t\t<div class=\"elementor-element elementor-element-733b459 elementor-widget elementor-widget-shortcode\" data-id=\"733b459\" data-element_type=\"widget\" data-widget_type=\"shortcode.default\">\n\t\t\t\t<div class=\"elementor-widget-container\">\n\t\t\t\t\t\t\t<div class=\"elementor-shortcode\"><div class=\"container p-0 m-0\">\n    <div class=\"row m-0 border\">\n        <div class=\"col-12 grid-didpd-body text-center\">\n            <img decoding=\"async\" src=\"https:\/\/www.macapflag.com\/232075-home_default\/kit-loi-peillon-blason-drapeaux.jpg\" alt=\"Kit blason loi Peillon\" class=\"mx-auto\" \/>\n            <div class=\"grid-didpd-text\">\n                <a href=\"https:\/\/www.macapflag.com\/kit-loi-peillon-loi-blanquer\/56909-kit-loi-peillon-blason-drapeaux.html\" target=\"_blank\" class=\"stretched-link\">\n                    <h3>Kit blason loi Peillon<\/h3>\n                <\/a>\n            <\/div>\n                        <p class=\"text-center font-weight-bold\">76,00 \u20ac HT<\/p>            <div class=\"text-center\">\n                <button class=\"btn btn-primary\">Vente en ligne<\/button>\n            <\/div>\n        <\/div>\n    <\/div>\n<\/div>\n<\/div>\n\t\t\t\t\t\t<\/div>\n\t\t\t\t<\/div>\n\t\t\t\t\t<\/div>\n\t\t<\/div>\n\t\t\t\t<div class=\"elementor-column elementor-col-33 elementor-top-column elementor-element elementor-element-a7f23c0\" data-id=\"a7f23c0\" data-element_type=\"column\">\n\t\t\t<div class=\"elementor-widget-wrap elementor-element-populated\">\n\t\t\t\t\t\t<div class=\"elementor-element elementor-element-bedfb7c elementor-widget elementor-widget-shortcode\" data-id=\"bedfb7c\" data-element_type=\"widget\" data-widget_type=\"shortcode.default\">\n\t\t\t\t<div class=\"elementor-widget-container\">\n\t\t\t\t\t\t\t<div class=\"elementor-shortcode\"><div class=\"container p-0 m-0\">\n    <div class=\"row m-0 border\">\n        <div class=\"col-12 grid-didpd-body text-center\">\n            <img decoding=\"async\" src=\"https:\/\/www.macapflag.com\/139078-home_default\/drapeaux-pour-kit-loi-peillon.jpg\" alt=\"Kit drapeaux  loi Peillon\" class=\"mx-auto\" \/>\n            <div class=\"grid-didpd-text\">\n                <a href=\"https:\/\/www.macapflag.com\/kit-loi-peillon-loi-blanquer\/56908-drapeaux-pour-kit-loi-peillon.html\" target=\"_blank\" class=\"stretched-link\">\n                    <h3>Kit drapeaux  loi Peillon<\/h3>\n                <\/a>\n            <\/div>\n                        <p class=\"text-center font-weight-bold\">11,50 \u20ac HT<\/p>            <div class=\"text-center\">\n                <button class=\"btn btn-primary\">Vente en ligne<\/button>\n            <\/div>\n        <\/div>\n    <\/div>\n<\/div>\n<\/div>\n\t\t\t\t\t\t<\/div>\n\t\t\t\t<\/div>\n\t\t\t\t\t<\/div>\n\t\t<\/div>\n\t\t\t\t\t<\/div>\n\t\t<\/section>\n\t\t\t\t<section class=\"elementor-section elementor-top-section elementor-element elementor-element-d14489a elementor-section-boxed elementor-section-height-default elementor-section-height-default\" data-id=\"d14489a\" data-element_type=\"section\">\n\t\t\t\t\t\t<div class=\"elementor-container elementor-column-gap-default\">\n\t\t\t\t\t<div class=\"elementor-column elementor-col-33 elementor-top-column elementor-element elementor-element-9b27a0a\" data-id=\"9b27a0a\" data-element_type=\"column\">\n\t\t\t<div class=\"elementor-widget-wrap elementor-element-populated\">\n\t\t\t\t\t\t<div class=\"elementor-element elementor-element-093aac8 elementor-widget elementor-widget-shortcode\" data-id=\"093aac8\" data-element_type=\"widget\" data-widget_type=\"shortcode.default\">\n\t\t\t\t<div class=\"elementor-widget-container\">\n\t\t\t\t\t\t\t<div class=\"elementor-shortcode\"><div class=\"container p-0 m-0\">\n    <div class=\"row m-0 border\">\n        <div class=\"col-12 grid-didpd-body text-center\">\n            <img decoding=\"async\" src=\"https:\/\/www.macapflag.com\/232033-home_default\/declaration-des-droits-de-l-homme-et-du-citoyen.jpg\" alt=\"D&eacute;claration des droits de l'homme et du citoyen\" class=\"mx-auto\" \/>\n            <div class=\"grid-didpd-text\">\n                <a href=\"https:\/\/www.macapflag.com\/kit-loi-peillon-loi-blanquer\/1402-declaration-des-droits-de-l-homme-et-du-citoyen.html\" target=\"_blank\" class=\"stretched-link\">\n                    <h3>D\u00e9claration des droits de l'homme et du citoyen<\/h3>\n                <\/a>\n            <\/div>\n                        <p class=\"text-center font-weight-bold\">26,00 \u20ac HT<\/p>            <div class=\"text-center\">\n                <button class=\"btn btn-primary\">Vente en ligne<\/button>\n            <\/div>\n        <\/div>\n    <\/div>\n<\/div>\n<\/div>\n\t\t\t\t\t\t<\/div>\n\t\t\t\t<\/div>\n\t\t\t\t\t<\/div>\n\t\t<\/div>\n\t\t\t\t<div class=\"elementor-column elementor-col-33 elementor-top-column elementor-element elementor-element-fba54cd\" data-id=\"fba54cd\" data-element_type=\"column\">\n\t\t\t<div class=\"elementor-widget-wrap elementor-element-populated\">\n\t\t\t\t\t\t<div class=\"elementor-element elementor-element-80dd10e elementor-widget elementor-widget-shortcode\" data-id=\"80dd10e\" data-element_type=\"widget\" data-widget_type=\"shortcode.default\">\n\t\t\t\t<div class=\"elementor-widget-container\">\n\t\t\t\t\t\t\t<div class=\"elementor-shortcode\"><div class=\"container p-0 m-0\">\n    <div class=\"row m-0 border\">\n        <div class=\"col-12 grid-didpd-body text-center\">\n            <img decoding=\"async\" src=\"https:\/\/www.macapflag.com\/1296283-home_default\/ecusson-porte-drapeau.jpg\" alt=\"Ecussion porte drapeau France\" class=\"mx-auto\" \/>\n            <div class=\"grid-didpd-text\">\n                <a href=\"https:\/\/www.macapflag.com\/drapeau-mairie\/58388-ecusson-porte-drapeau.html\" target=\"_blank\" class=\"stretched-link\">\n                    <h3>Ecussion porte drapeau France<\/h3>\n                <\/a>\n            <\/div>\n                        <p class=\"text-center font-weight-bold\">56,00 \u20ac HT<\/p>            <div class=\"text-center\">\n                <button class=\"btn btn-primary\">Vente en ligne<\/button>\n            <\/div>\n        <\/div>\n    <\/div>\n<\/div>\n<\/div>\n\t\t\t\t\t\t<\/div>\n\t\t\t\t<\/div>\n\t\t\t\t\t<\/div>\n\t\t<\/div>\n\t\t\t\t<div class=\"elementor-column elementor-col-33 elementor-top-column elementor-element elementor-element-c214a97\" data-id=\"c214a97\" data-element_type=\"column\">\n\t\t\t<div class=\"elementor-widget-wrap elementor-element-populated\">\n\t\t\t\t\t\t<div class=\"elementor-element elementor-element-7af3bc7 elementor-widget elementor-widget-shortcode\" data-id=\"7af3bc7\" data-element_type=\"widget\" data-widget_type=\"shortcode.default\">\n\t\t\t\t<div class=\"elementor-widget-container\">\n\t\t\t\t\t\t\t<div class=\"elementor-shortcode\"><div class=\"container p-0 m-0\">\n    <div class=\"row m-0 border\">\n        <div class=\"col-12 grid-didpd-body text-center\">\n            <img decoding=\"async\" src=\"https:\/\/www.macapflag.com\/232041-home_default\/charte-de-la-laicite.jpg\" alt=\"Charte de la la&iuml;cit&eacute; (Affiche PVC)\" class=\"mx-auto\" \/>\n            <div class=\"grid-didpd-text\">\n                <a href=\"https:\/\/www.macapflag.com\/kit-loi-peillon-loi-blanquer\/1405-charte-de-la-laicite.html\" target=\"_blank\" class=\"stretched-link\">\n                    <h3>Charte de la la\u00efcit\u00e9 (Affiche PVC)<\/h3>\n                <\/a>\n            <\/div>\n                        <p class=\"text-center font-weight-bold\">26,00 \u20ac HT<\/p>            <div class=\"text-center\">\n                <button class=\"btn btn-primary\">Vente en ligne<\/button>\n            <\/div>\n        <\/div>\n    <\/div>\n<\/div>\n<\/div>\n\t\t\t\t\t\t<\/div>\n\t\t\t\t<\/div>\n\t\t\t\t\t<\/div>\n\t\t<\/div>\n\t\t\t\t\t<\/div>\n\t\t<\/section>\n\t\t\t\t<section class=\"elementor-section elementor-top-section elementor-element elementor-element-6bac716 elementor-section-boxed elementor-section-height-default elementor-section-height-default\" data-id=\"6bac716\" data-element_type=\"section\">\n\t\t\t\t\t\t<div class=\"elementor-container elementor-column-gap-default\">\n\t\t\t\t\t<div class=\"elementor-column elementor-col-100 elementor-top-column elementor-element elementor-element-fe6c5a7\" data-id=\"fe6c5a7\" data-element_type=\"column\">\n\t\t\t<div class=\"elementor-widget-wrap elementor-element-populated\">\n\t\t\t\t\t\t<div class=\"elementor-element elementor-element-20b1ff6 elementor-widget elementor-widget-spacer\" data-id=\"20b1ff6\" data-element_type=\"widget\" data-widget_type=\"spacer.default\">\n\t\t\t\t<div class=\"elementor-widget-container\">\n\t\t\t\t\t\t\t<div class=\"elementor-spacer\">\n\t\t\t<div class=\"elementor-spacer-inner\"><\/div>\n\t\t<\/div>\n\t\t\t\t\t\t<\/div>\n\t\t\t\t<\/div>\n\t\t\t\t\t<\/div>\n\t\t<\/div>\n\t\t\t\t\t<\/div>\n\t\t<\/section>\n\t\t\t\t<section class=\"elementor-section elementor-top-section elementor-element elementor-element-b3168fe elementor-section-boxed elementor-section-height-default elementor-section-height-default\" data-id=\"b3168fe\" data-element_type=\"section\">\n\t\t\t\t\t\t<div class=\"elementor-container elementor-column-gap-default\">\n\t\t\t\t\t<div class=\"elementor-column elementor-col-100 elementor-top-column elementor-element elementor-element-a3332e2\" data-id=\"a3332e2\" data-element_type=\"column\">\n\t\t\t<div class=\"elementor-widget-wrap elementor-element-populated\">\n\t\t\t\t\t\t<div class=\"elementor-element elementor-element-d330e78 elementor-widget-divider--view-line elementor-widget elementor-widget-divider\" data-id=\"d330e78\" data-element_type=\"widget\" data-widget_type=\"divider.default\">\n\t\t\t\t<div class=\"elementor-widget-container\">\n\t\t\t\t\t\t\t<div class=\"elementor-divider\">\n\t\t\t<span class=\"elementor-divider-separator\">\n\t\t\t\t\t\t<\/span>\n\t\t<\/div>\n\t\t\t\t\t\t<\/div>\n\t\t\t\t<\/div>\n\t\t\t\t\t<\/div>\n\t\t<\/div>\n\t\t\t\t\t<\/div>\n\t\t<\/section>\n\t\t\t\t<section class=\"elementor-section elementor-top-section elementor-element elementor-element-0b2f896 elementor-section-boxed elementor-section-height-default elementor-section-height-default\" data-id=\"0b2f896\" data-element_type=\"section\">\n\t\t\t\t\t\t<div class=\"elementor-container elementor-column-gap-default\">\n\t\t\t\t\t<div class=\"elementor-column elementor-col-100 elementor-top-column elementor-element elementor-element-220966a\" data-id=\"220966a\" data-element_type=\"column\">\n\t\t\t<div class=\"elementor-widget-wrap elementor-element-populated\">\n\t\t\t\t\t\t<div class=\"elementor-element elementor-element-eeb72dc elementor-widget elementor-widget-text-editor\" data-id=\"eeb72dc\" data-element_type=\"widget\" data-widget_type=\"text-editor.default\">\n\t\t\t\t<div class=\"elementor-widget-container\">\n\t\t\t\t\t\t\t\t\t<h2>La loi Blanquer (28 juillet 2019)<\/h2>\n<p>La loi qui porte le nom de Jean-michel blanquer r\u00e9forme \u00e0 nouveau le systeme educatif d\u00e8s l\u2019ecole primaire puisqu\u2019elle baisse l\u2019\u00e2ge obligatoire d\u2019entr\u00e9e en ecole maternelle de 6 \u00e0 3 ans.\u00a0<\/p>\n<h3>Quel est l&#8217;objectif de la loi Blanquer ?<\/h3>\n<p>Intitul\u00e9e \u00ab loi pour une \u00e9cole de la confiance \u00bb, elle apporte des changements notables :<\/p>\n<ul>\n<li>Abaissement de l&#8217;instruction obligatoire \u00e0 3 ans,<\/li>\n<li>Inclusion renforc\u00e9e des \u00e9l\u00e8ves en situation de handicap,<\/li>\n<li>R\u00e9forme du lyc\u00e9e et du baccalaur\u00e9at,<\/li>\n<li>Renforcement de la lutte contre le harc\u00e8lement scolaire,<\/li>\n<li>Obligation de formation jusqu\u2019\u00e0 18 ans.<\/li>\n<\/ul>\n<h3>Obligations d&#8217;affichage impos\u00e9es par la loi Blanquer<\/h3>\n<p>\u00c0 compter de la rentr\u00e9e scolaire de l\u2019ann\u00e9e 2019, tous les etablissements publics ou priv\u00e9s sous contrat avec l\u2019Etat sont tenus de respecter, entre autres, l\u2019article L. 111-1-2. : &#8220;L&#8217;embl\u00e8me national de la R\u00e9publique fran\u00e7aise, le drapeau tricolore, bleu, blanc, rouge, le drapeau europ\u00e9en, la devise de la R\u00e9publique et les paroles de l&#8217;hymne national sont affich\u00e9s dans chacune des salles de classe des \u00e9tablissements du premier et du second degr\u00e9s, publics ou priv\u00e9s sous contrat.&#8221;<\/p>\n<p>Depuis la rentr\u00e9e 2019 donc, dans chaque salle de classe du premier et du second degr\u00e9 (\u00e9coles, coll\u00e8ges, lyc\u00e9es), doivent \u00eatre pr\u00e9sents :<\/p>\n<ul>\n<li>Le drapeau fran\u00e7ais,<\/li>\n<li>Le drapeau europ\u00e9en,<\/li>\n<li>La devise nationale,<\/li>\n<li>Les paroles de l\u2019hymne national, \u00ab La Marseillaise \u00bb.<\/li>\n<\/ul>\n<p>L\u2019objectif est de renforcer les valeurs de la R\u00e9publique d\u00e8s le plus jeune \u00e2ge.<\/p>\n<h3>Quelles sont les solutions d\u2019affichage loi Blanquer ?<\/h3>\n<p>Kits complets avec drapeaux, devise et Marseillaise (format 60\u00d740 cm), affiches PVC pour \u00e9coles primaires ou secondaires, tous les \u00e9l\u00e9ments sont vendus s\u00e9par\u00e9ment pour s&#8217;adapter aux besoins sp\u00e9cifiques.<\/p>\t\t\t\t\t\t\t\t<\/div>\n\t\t\t\t<\/div>\n\t\t\t\t\t<\/div>\n\t\t<\/div>\n\t\t\t\t\t<\/div>\n\t\t<\/section>\n\t\t\t\t<section class=\"elementor-section elementor-top-section elementor-element elementor-element-de7d9ac elementor-section-boxed elementor-section-height-default elementor-section-height-default\" data-id=\"de7d9ac\" data-element_type=\"section\">\n\t\t\t\t\t\t<div class=\"elementor-container elementor-column-gap-default\">\n\t\t\t\t\t<div class=\"elementor-column elementor-col-33 elementor-top-column elementor-element elementor-element-b4124f3\" data-id=\"b4124f3\" data-element_type=\"column\">\n\t\t\t<div class=\"elementor-widget-wrap elementor-element-populated\">\n\t\t\t\t\t\t<div class=\"elementor-element elementor-element-a172999 elementor-widget elementor-widget-shortcode\" data-id=\"a172999\" data-element_type=\"widget\" data-widget_type=\"shortcode.default\">\n\t\t\t\t<div class=\"elementor-widget-container\">\n\t\t\t\t\t\t\t<div class=\"elementor-shortcode\"><div class=\"container p-0 m-0\">\n    <div class=\"row m-0 border\">\n        <div class=\"col-12 grid-didpd-body text-center\">\n            <img decoding=\"async\" src=\"https:\/\/www.macapflag.com\/1853101-home_default\/kit-loi-blanquer-affiche-pvc-2-drapeaux-ecole-secondaire.jpg\" alt=\"Kit complet loi Blanquer &eacute;coles secondaires\" class=\"mx-auto\" \/>\n            <div class=\"grid-didpd-text\">\n                <a href=\"https:\/\/www.macapflag.com\/kit-loi-peillon-loi-blanquer\/790456-kit-loi-blanquer-affiche-pvc-2-drapeaux-ecole-secondaire.html\" target=\"_blank\" class=\"stretched-link\">\n                    <h3>Kit complet loi Blanquer \u00e9coles secondaires<\/h3>\n                <\/a>\n            <\/div>\n                        <p class=\"text-center font-weight-bold\">35,00 \u20ac HT<\/p>            <div class=\"text-center\">\n                <button class=\"btn btn-primary\">Vente en ligne<\/button>\n            <\/div>\n        <\/div>\n    <\/div>\n<\/div>\n<\/div>\n\t\t\t\t\t\t<\/div>\n\t\t\t\t<\/div>\n\t\t\t\t\t<\/div>\n\t\t<\/div>\n\t\t\t\t<div class=\"elementor-column elementor-col-33 elementor-top-column elementor-element elementor-element-9339b70\" data-id=\"9339b70\" data-element_type=\"column\">\n\t\t\t<div class=\"elementor-widget-wrap elementor-element-populated\">\n\t\t\t\t\t\t<div class=\"elementor-element elementor-element-d61075c elementor-widget elementor-widget-shortcode\" data-id=\"d61075c\" data-element_type=\"widget\" data-widget_type=\"shortcode.default\">\n\t\t\t\t<div class=\"elementor-widget-container\">\n\t\t\t\t\t\t\t<div class=\"elementor-shortcode\"><div class=\"container p-0 m-0\">\n    <div class=\"row m-0 border\">\n        <div class=\"col-12 grid-didpd-body text-center\">\n            <img decoding=\"async\" src=\"https:\/\/www.macapflag.com\/1853100-home_default\/kit-loi-blanquer-affiche-pvc-2-drapeaux-ecole-primaire.jpg\" alt=\"Kit complet loi Blanquer &eacute;coles primaires\" class=\"mx-auto\" \/>\n            <div class=\"grid-didpd-text\">\n                <a href=\"https:\/\/www.macapflag.com\/kit-loi-peillon-loi-blanquer\/790455-kit-loi-blanquer-affiche-pvc-2-drapeaux-ecole-primaire.html\" target=\"_blank\" class=\"stretched-link\">\n                    <h3>Kit complet loi Blanquer \u00e9coles primaires<\/h3>\n                <\/a>\n            <\/div>\n                        <p class=\"text-center font-weight-bold\">35,00 \u20ac HT<\/p>            <div class=\"text-center\">\n                <button class=\"btn btn-primary\">Vente en ligne<\/button>\n            <\/div>\n        <\/div>\n    <\/div>\n<\/div>\n<\/div>\n\t\t\t\t\t\t<\/div>\n\t\t\t\t<\/div>\n\t\t\t\t\t<\/div>\n\t\t<\/div>\n\t\t\t\t<div class=\"elementor-column elementor-col-33 elementor-top-column elementor-element elementor-element-f2ad643\" data-id=\"f2ad643\" data-element_type=\"column\">\n\t\t\t<div class=\"elementor-widget-wrap elementor-element-populated\">\n\t\t\t\t\t\t<div class=\"elementor-element elementor-element-a404f8f elementor-widget elementor-widget-shortcode\" data-id=\"a404f8f\" data-element_type=\"widget\" data-widget_type=\"shortcode.default\">\n\t\t\t\t<div class=\"elementor-widget-container\">\n\t\t\t\t\t\t\t<div class=\"elementor-shortcode\"><div class=\"container p-0 m-0\">\n    <div class=\"row m-0 border\">\n        <div class=\"col-12 grid-didpd-body text-center\">\n            <img decoding=\"async\" src=\"https:\/\/www.macapflag.com\/1853098-home_default\/loi-blanquer-affiche-pvc-special-ecole-secondaire.jpg\" alt=\"Affiche La Marseillaise en PVC\" class=\"mx-auto\" \/>\n            <div class=\"grid-didpd-text\">\n                <a href=\"https:\/\/www.macapflag.com\/kit-loi-peillon-loi-blanquer\/790453-loi-blanquer-affiche-pvc-special-ecole-secondaire.html\" target=\"_blank\" class=\"stretched-link\">\n                    <h3>Affiche La Marseillaise en PVC<\/h3>\n                <\/a>\n            <\/div>\n                        <p class=\"text-center font-weight-bold\">28,00 \u20ac HT<\/p>            <div class=\"text-center\">\n                <button class=\"btn btn-primary\">Vente en ligne<\/button>\n            <\/div>\n        <\/div>\n    <\/div>\n<\/div>\n<\/div>\n\t\t\t\t\t\t<\/div>\n\t\t\t\t<\/div>\n\t\t\t\t\t<\/div>\n\t\t<\/div>\n\t\t\t\t\t<\/div>\n\t\t<\/section>\n\t\t\t\t<section class=\"elementor-section elementor-top-section elementor-element elementor-element-8760ff0 elementor-section-boxed elementor-section-height-default elementor-section-height-default\" data-id=\"8760ff0\" data-element_type=\"section\">\n\t\t\t\t\t\t<div class=\"elementor-container elementor-column-gap-default\">\n\t\t\t\t\t<div class=\"elementor-column elementor-col-100 elementor-top-column elementor-element elementor-element-58aaafb\" data-id=\"58aaafb\" data-element_type=\"column\">\n\t\t\t<div class=\"elementor-widget-wrap elementor-element-populated\">\n\t\t\t\t\t\t<div class=\"elementor-element elementor-element-7c771b7 elementor-widget elementor-widget-spacer\" data-id=\"7c771b7\" data-element_type=\"widget\" data-widget_type=\"spacer.default\">\n\t\t\t\t<div class=\"elementor-widget-container\">\n\t\t\t\t\t\t\t<div class=\"elementor-spacer\">\n\t\t\t<div class=\"elementor-spacer-inner\"><\/div>\n\t\t<\/div>\n\t\t\t\t\t\t<\/div>\n\t\t\t\t<\/div>\n\t\t\t\t\t<\/div>\n\t\t<\/div>\n\t\t\t\t\t<\/div>\n\t\t<\/section>\n\t\t\t\t<section class=\"elementor-section elementor-top-section elementor-element elementor-element-6ae66dd elementor-section-boxed elementor-section-height-default elementor-section-height-default\" data-id=\"6ae66dd\" data-element_type=\"section\">\n\t\t\t\t\t\t<div class=\"elementor-container elementor-column-gap-default\">\n\t\t\t\t\t<div class=\"elementor-column elementor-col-100 elementor-top-column elementor-element elementor-element-ef3df3d\" data-id=\"ef3df3d\" data-element_type=\"column\">\n\t\t\t<div class=\"elementor-widget-wrap elementor-element-populated\">\n\t\t\t\t\t\t<div class=\"elementor-element elementor-element-47fe478 elementor-widget elementor-widget-text-editor\" data-id=\"47fe478\" data-element_type=\"widget\" data-widget_type=\"text-editor.default\">\n\t\t\t\t<div class=\"elementor-widget-container\">\n\t\t\t\t\t\t\t\t\t<p>Respecter les obligations d&#8217;affichage dans les \u00e9tablissements scolaires ne rel\u00e8ve pas uniquement d&#8217;une d\u00e9marche administrative : c&#8217;est un acte fort pour transmettre aux \u00e9l\u00e8ves les valeurs r\u00e9publicaines et citoyennes.<\/p>\n<p>\ud83d\udd34 En choisissant <strong>des supports de qualit\u00e9<\/strong>, durables et fabriqu\u00e9s en France, vous valorisez encore davantage cet engagement au quotidien.<\/p>\n<p>\ud83d\udd34 Chez <strong><a href=\"https:\/\/www.macapflag.com\/\" target=\"_blank\" rel=\"noopener\"><span style=\"color: #3366ff;\">Macap<\/span><\/a><\/strong>, nous proposons des <strong>solutions compl\u00e8tes, adapt\u00e9es \u00e0 tous les formats et \u00e0 tous les besoins<\/strong>, pour garantir une installation simple, rapide et conforme \u00e0 la r\u00e9glementation.<\/p>\n<p>\ud83d\udd34 Faites de vos obligations une <strong>v\u00e9ritable opportunit\u00e9 de communication positive<\/strong> en choisissant des affichages soign\u00e9s, inspirants et porteurs de sens.<\/p>\t\t\t\t\t\t\t\t<\/div>\n\t\t\t\t<\/div>\n\t\t\t\t\t<\/div>\n\t\t<\/div>\n\t\t\t\t\t<\/div>\n\t\t<\/section>\n\t\t\t\t<section class=\"elementor-section elementor-top-section elementor-element elementor-element-604410b elementor-section-boxed elementor-section-height-default elementor-section-height-default\" data-id=\"604410b\" data-element_type=\"section\">\n\t\t\t\t\t\t<div class=\"elementor-container elementor-column-gap-default\">\n\t\t\t\t\t<div class=\"elementor-column elementor-col-100 elementor-top-column elementor-element elementor-element-275846d\" data-id=\"275846d\" data-element_type=\"column\">\n\t\t\t<div class=\"elementor-widget-wrap elementor-element-populated\">\n\t\t\t\t\t\t<div class=\"elementor-element elementor-element-b318e64 elementor-widget elementor-widget-image\" data-id=\"b318e64\" data-element_type=\"widget\" data-widget_type=\"image.default\">\n\t\t\t\t<div class=\"elementor-widget-container\">\n\t\t\t\t\t\t\t\t\t\t\t\t\t\t\t\t<a href=\"https:\/\/www.macapflag.com\/\" target=\"_blank\">\n\t\t\t\t\t\t\t<img fetchpriority=\"high\" decoding=\"async\" width=\"700\" height=\"320\" src=\"https:\/\/www.macapflag.com\/blog\/wp-content\/uploads\/2021\/04\/fabriquant-de-drapeaux-kakemonos-banderoles-beach-flags-oriflammes-macap.jpg\" class=\"attachment-large size-large wp-image-10133\" alt=\"Macap fabriquant de drapeaux kak\u00e9mono banderole beach flag oriflamme\" srcset=\"https:\/\/www.macapflag.com\/blog\/wp-content\/uploads\/2021\/04\/fabriquant-de-drapeaux-kakemonos-banderoles-beach-flags-oriflammes-macap.jpg 700w, https:\/\/www.macapflag.com\/blog\/wp-content\/uploads\/2021\/04\/fabriquant-de-drapeaux-kakemonos-banderoles-beach-flags-oriflammes-macap-300x137.jpg 300w\" sizes=\"(max-width: 700px) 100vw, 700px\" \/>\t\t\t\t\t\t\t\t<\/a>\n\t\t\t\t\t\t\t\t\t\t\t\t\t\t\t<\/div>\n\t\t\t\t<\/div>\n\t\t\t\t\t<\/div>\n\t\t<\/div>\n\t\t\t\t\t<\/div>\n\t\t<\/section>\n\t\t\t\t<\/div>\n\t\t","protected":false},"excerpt":{"rendered":"<div class=\"tmnf_excerpt\"><p>La loi Peillon et la loi Blanquer ont respectivement \u00e9t\u00e9 cr\u00e9\u00e9es par Messieurs Vincent Peillon et Jean-Michel Blanquer. Tous deux ont occup\u00e9 le poste de ministre de l\u2019education nationale.Le premier au sein du gouvernement Ayrault sous la pr\u00e9sidence de Fran\u00e7ois Hollande et le second dans le gouvernement form\u00e9 par Edouard Philippe puis Jean Castex.Chacun de &hellip;<\/p>\n<\/div>","protected":false},"author":2,"featured_media":6280,"comment_status":"closed","ping_status":"open","sticky":false,"template":"template-fullwidth.php","format":"standard","meta":{"footnotes":""},"categories":[93],"tags":[],"class_list":["post-6274","post","type-post","status-publish","format-standard","has-post-thumbnail","hentry","category-com"],"yoast_head":"<!-- This site is optimized with the Yoast SEO plugin v26.4 - https:\/\/yoast.com\/wordpress\/plugins\/seo\/ -->\n<title>Loi Peillon loi Blanquer, affichage obligatoire des \u00e9coles de France<\/title>\n<meta name=\"description\" content=\"Loi Peillon loi Blanquer, pour qui et pourquoi ont \u00e9t\u00e9 cr\u00e9\u00e9es ces lois visant \u00e0 reformer l&#039;\u00e9cole publique? Un point clair et pr\u00e9cis.\" \/>\n<meta name=\"robots\" content=\"index, follow, max-snippet:-1, max-image-preview:large, max-video-preview:-1\" \/>\n<link rel=\"canonical\" href=\"https:\/\/www.macapflag.com\/blog\/loi-peillon-loi-blanquer\/\" \/>\n<meta property=\"og:locale\" content=\"fr_FR\" \/>\n<meta property=\"og:type\" content=\"article\" \/>\n<meta property=\"og:title\" content=\"Loi Peillon loi Blanquer, affichage obligatoire des \u00e9coles de France\" \/>\n<meta property=\"og:description\" content=\"Loi Peillon loi Blanquer, pour qui et pourquoi ont \u00e9t\u00e9 cr\u00e9\u00e9es ces lois visant \u00e0 reformer l&#039;\u00e9cole publique? Un point clair et pr\u00e9cis.\" \/>\n<meta property=\"og:url\" content=\"https:\/\/www.macapflag.com\/blog\/loi-peillon-loi-blanquer\/\" \/>\n<meta property=\"og:site_name\" content=\"Blog - Macap\" \/>\n<meta property=\"article:publisher\" content=\"https:\/\/www.facebook.com\/macap.pavoisement\/\" \/>\n<meta property=\"article:published_time\" content=\"2025-07-31T06:05:29+00:00\" \/>\n<meta property=\"og:image\" content=\"https:\/\/www.macapflag.com\/blog\/wp-content\/uploads\/2021\/02\/affichage-obligatoire-ecole.jpg\" \/>\n\t<meta property=\"og:image:width\" content=\"870\" \/>\n\t<meta property=\"og:image:height\" content=\"600\" \/>\n\t<meta property=\"og:image:type\" content=\"image\/jpeg\" \/>\n<meta name=\"author\" content=\"Blog Macap\" \/>\n<meta name=\"twitter:card\" content=\"summary_large_image\" \/>\n<meta name=\"twitter:label1\" content=\"\u00c9crit par\" \/>\n\t<meta name=\"twitter:data1\" content=\"Blog Macap\" \/>\n\t<meta name=\"twitter:label2\" content=\"Dur\u00e9e de lecture estim\u00e9e\" \/>\n\t<meta name=\"twitter:data2\" content=\"5 minutes\" \/>\n<script type=\"application\/ld+json\" class=\"yoast-schema-graph\">{\"@context\":\"https:\/\/schema.org\",\"@graph\":[{\"@type\":\"Article\",\"@id\":\"https:\/\/www.macapflag.com\/blog\/loi-peillon-loi-blanquer\/#article\",\"isPartOf\":{\"@id\":\"https:\/\/www.macapflag.com\/blog\/loi-peillon-loi-blanquer\/\"},\"author\":{\"name\":\"Blog Macap\",\"@id\":\"https:\/\/www.macapflag.com\/blog\/#\/schema\/person\/3fea701f2603875e651e6b662578fc3c\"},\"headline\":\"Loi Peillon loi Blanquer, pour qui et pourquoi ?\",\"datePublished\":\"2025-07-31T06:05:29+00:00\",\"mainEntityOfPage\":{\"@id\":\"https:\/\/www.macapflag.com\/blog\/loi-peillon-loi-blanquer\/\"},\"wordCount\":931,\"publisher\":{\"@id\":\"https:\/\/www.macapflag.com\/blog\/#organization\"},\"image\":{\"@id\":\"https:\/\/www.macapflag.com\/blog\/loi-peillon-loi-blanquer\/#primaryimage\"},\"thumbnailUrl\":\"https:\/\/www.macapflag.com\/blog\/wp-content\/uploads\/2021\/02\/affichage-obligatoire-ecole.jpg\",\"articleSection\":[\"Le monde de la Com'\"],\"inLanguage\":\"fr-FR\"},{\"@type\":\"WebPage\",\"@id\":\"https:\/\/www.macapflag.com\/blog\/loi-peillon-loi-blanquer\/\",\"url\":\"https:\/\/www.macapflag.com\/blog\/loi-peillon-loi-blanquer\/\",\"name\":\"Loi Peillon loi Blanquer, affichage obligatoire des \u00e9coles de France\",\"isPartOf\":{\"@id\":\"https:\/\/www.macapflag.com\/blog\/#website\"},\"primaryImageOfPage\":{\"@id\":\"https:\/\/www.macapflag.com\/blog\/loi-peillon-loi-blanquer\/#primaryimage\"},\"image\":{\"@id\":\"https:\/\/www.macapflag.com\/blog\/loi-peillon-loi-blanquer\/#primaryimage\"},\"thumbnailUrl\":\"https:\/\/www.macapflag.com\/blog\/wp-content\/uploads\/2021\/02\/affichage-obligatoire-ecole.jpg\",\"datePublished\":\"2025-07-31T06:05:29+00:00\",\"description\":\"Loi Peillon loi Blanquer, pour qui et pourquoi ont \u00e9t\u00e9 cr\u00e9\u00e9es ces lois visant \u00e0 reformer l'\u00e9cole publique? Un point clair et pr\u00e9cis.\",\"breadcrumb\":{\"@id\":\"https:\/\/www.macapflag.com\/blog\/loi-peillon-loi-blanquer\/#breadcrumb\"},\"inLanguage\":\"fr-FR\",\"potentialAction\":[{\"@type\":\"ReadAction\",\"target\":[\"https:\/\/www.macapflag.com\/blog\/loi-peillon-loi-blanquer\/\"]}]},{\"@type\":\"ImageObject\",\"inLanguage\":\"fr-FR\",\"@id\":\"https:\/\/www.macapflag.com\/blog\/loi-peillon-loi-blanquer\/#primaryimage\",\"url\":\"https:\/\/www.macapflag.com\/blog\/wp-content\/uploads\/2021\/02\/affichage-obligatoire-ecole.jpg\",\"contentUrl\":\"https:\/\/www.macapflag.com\/blog\/wp-content\/uploads\/2021\/02\/affichage-obligatoire-ecole.jpg\",\"width\":870,\"height\":600,\"caption\":\"Loi Peillon loi Blanquer, les obligations pour les \u00e9coles\"},{\"@type\":\"BreadcrumbList\",\"@id\":\"https:\/\/www.macapflag.com\/blog\/loi-peillon-loi-blanquer\/#breadcrumb\",\"itemListElement\":[{\"@type\":\"ListItem\",\"position\":1,\"name\":\"Accueil\",\"item\":\"https:\/\/www.macapflag.com\/blog\/\"},{\"@type\":\"ListItem\",\"position\":2,\"name\":\"Loi Peillon loi Blanquer, pour qui et pourquoi ?\"}]},{\"@type\":\"WebSite\",\"@id\":\"https:\/\/www.macapflag.com\/blog\/#website\",\"url\":\"https:\/\/www.macapflag.com\/blog\/\",\"name\":\"Blog - Macap\",\"description\":\"Tous nos articles\",\"publisher\":{\"@id\":\"https:\/\/www.macapflag.com\/blog\/#organization\"},\"potentialAction\":[{\"@type\":\"SearchAction\",\"target\":{\"@type\":\"EntryPoint\",\"urlTemplate\":\"https:\/\/www.macapflag.com\/blog\/?s={search_term_string}\"},\"query-input\":{\"@type\":\"PropertyValueSpecification\",\"valueRequired\":true,\"valueName\":\"search_term_string\"}}],\"inLanguage\":\"fr-FR\"},{\"@type\":\"Organization\",\"@id\":\"https:\/\/www.macapflag.com\/blog\/#organization\",\"name\":\"macapflag\",\"url\":\"https:\/\/www.macapflag.com\/blog\/\",\"logo\":{\"@type\":\"ImageObject\",\"inLanguage\":\"fr-FR\",\"@id\":\"https:\/\/www.macapflag.com\/blog\/#\/schema\/logo\/image\/\",\"url\":\"https:\/\/www.macapflag.com\/blog\/wp-content\/uploads\/2020\/12\/cropped-M-512-1.png\",\"contentUrl\":\"https:\/\/www.macapflag.com\/blog\/wp-content\/uploads\/2020\/12\/cropped-M-512-1.png\",\"width\":512,\"height\":512,\"caption\":\"macapflag\"},\"image\":{\"@id\":\"https:\/\/www.macapflag.com\/blog\/#\/schema\/logo\/image\/\"},\"sameAs\":[\"https:\/\/www.facebook.com\/macap.pavoisement\/\",\"https:\/\/www.instagram.com\/macapflag\/?hl=fr\",\"https:\/\/www.linkedin.com\/company\/macap\/?originalSubdomain=fr\",\"https:\/\/www.youtube.com\/channel\/UCXNzTIdZh9poEBjSXEqDtNw\"]},{\"@type\":\"Person\",\"@id\":\"https:\/\/www.macapflag.com\/blog\/#\/schema\/person\/3fea701f2603875e651e6b662578fc3c\",\"name\":\"Blog Macap\",\"image\":{\"@type\":\"ImageObject\",\"inLanguage\":\"fr-FR\",\"@id\":\"https:\/\/www.macapflag.com\/blog\/#\/schema\/person\/image\/\",\"url\":\"https:\/\/secure.gravatar.com\/avatar\/c12551f2dc51f0db049633b03e7856985477a70da834cc8967dea4ce54bdd6a2?s=96&d=mm&r=g\",\"contentUrl\":\"https:\/\/secure.gravatar.com\/avatar\/c12551f2dc51f0db049633b03e7856985477a70da834cc8967dea4ce54bdd6a2?s=96&d=mm&r=g\",\"caption\":\"Blog Macap\"},\"url\":\"https:\/\/www.macapflag.com\/blog\/author\/macap\/\"}]}<\/script>\n<!-- \/ Yoast SEO plugin. -->","yoast_head_json":{"title":"Loi Peillon loi Blanquer, affichage obligatoire des \u00e9coles de France","description":"Loi Peillon loi Blanquer, pour qui et pourquoi ont \u00e9t\u00e9 cr\u00e9\u00e9es ces lois visant \u00e0 reformer l'\u00e9cole publique? Un point clair et pr\u00e9cis.","robots":{"index":"index","follow":"follow","max-snippet":"max-snippet:-1","max-image-preview":"max-image-preview:large","max-video-preview":"max-video-preview:-1"},"canonical":"https:\/\/www.macapflag.com\/blog\/loi-peillon-loi-blanquer\/","og_locale":"fr_FR","og_type":"article","og_title":"Loi Peillon loi Blanquer, affichage obligatoire des \u00e9coles de France","og_description":"Loi Peillon loi Blanquer, pour qui et pourquoi ont \u00e9t\u00e9 cr\u00e9\u00e9es ces lois visant \u00e0 reformer l'\u00e9cole publique? Un point clair et pr\u00e9cis.","og_url":"https:\/\/www.macapflag.com\/blog\/loi-peillon-loi-blanquer\/","og_site_name":"Blog - Macap","article_publisher":"https:\/\/www.facebook.com\/macap.pavoisement\/","article_published_time":"2025-07-31T06:05:29+00:00","og_image":[{"width":870,"height":600,"url":"https:\/\/www.macapflag.com\/blog\/wp-content\/uploads\/2021\/02\/affichage-obligatoire-ecole.jpg","type":"image\/jpeg"}],"author":"Blog Macap","twitter_card":"summary_large_image","twitter_misc":{"\u00c9crit par":"Blog Macap","Dur\u00e9e de lecture estim\u00e9e":"5 minutes"},"schema":{"@context":"https:\/\/schema.org","@graph":[{"@type":"Article","@id":"https:\/\/www.macapflag.com\/blog\/loi-peillon-loi-blanquer\/#article","isPartOf":{"@id":"https:\/\/www.macapflag.com\/blog\/loi-peillon-loi-blanquer\/"},"author":{"name":"Blog Macap","@id":"https:\/\/www.macapflag.com\/blog\/#\/schema\/person\/3fea701f2603875e651e6b662578fc3c"},"headline":"Loi Peillon loi Blanquer, pour qui et pourquoi ?","datePublished":"2025-07-31T06:05:29+00:00","mainEntityOfPage":{"@id":"https:\/\/www.macapflag.com\/blog\/loi-peillon-loi-blanquer\/"},"wordCount":931,"publisher":{"@id":"https:\/\/www.macapflag.com\/blog\/#organization"},"image":{"@id":"https:\/\/www.macapflag.com\/blog\/loi-peillon-loi-blanquer\/#primaryimage"},"thumbnailUrl":"https:\/\/www.macapflag.com\/blog\/wp-content\/uploads\/2021\/02\/affichage-obligatoire-ecole.jpg","articleSection":["Le monde de la Com'"],"inLanguage":"fr-FR"},{"@type":"WebPage","@id":"https:\/\/www.macapflag.com\/blog\/loi-peillon-loi-blanquer\/","url":"https:\/\/www.macapflag.com\/blog\/loi-peillon-loi-blanquer\/","name":"Loi Peillon loi Blanquer, affichage obligatoire des \u00e9coles de France","isPartOf":{"@id":"https:\/\/www.macapflag.com\/blog\/#website"},"primaryImageOfPage":{"@id":"https:\/\/www.macapflag.com\/blog\/loi-peillon-loi-blanquer\/#primaryimage"},"image":{"@id":"https:\/\/www.macapflag.com\/blog\/loi-peillon-loi-blanquer\/#primaryimage"},"thumbnailUrl":"https:\/\/www.macapflag.com\/blog\/wp-content\/uploads\/2021\/02\/affichage-obligatoire-ecole.jpg","datePublished":"2025-07-31T06:05:29+00:00","description":"Loi Peillon loi Blanquer, pour qui et pourquoi ont \u00e9t\u00e9 cr\u00e9\u00e9es ces lois visant \u00e0 reformer l'\u00e9cole publique? Un point clair et pr\u00e9cis.","breadcrumb":{"@id":"https:\/\/www.macapflag.com\/blog\/loi-peillon-loi-blanquer\/#breadcrumb"},"inLanguage":"fr-FR","potentialAction":[{"@type":"ReadAction","target":["https:\/\/www.macapflag.com\/blog\/loi-peillon-loi-blanquer\/"]}]},{"@type":"ImageObject","inLanguage":"fr-FR","@id":"https:\/\/www.macapflag.com\/blog\/loi-peillon-loi-blanquer\/#primaryimage","url":"https:\/\/www.macapflag.com\/blog\/wp-content\/uploads\/2021\/02\/affichage-obligatoire-ecole.jpg","contentUrl":"https:\/\/www.macapflag.com\/blog\/wp-content\/uploads\/2021\/02\/affichage-obligatoire-ecole.jpg","width":870,"height":600,"caption":"Loi Peillon loi Blanquer, les obligations pour les \u00e9coles"},{"@type":"BreadcrumbList","@id":"https:\/\/www.macapflag.com\/blog\/loi-peillon-loi-blanquer\/#breadcrumb","itemListElement":[{"@type":"ListItem","position":1,"name":"Accueil","item":"https:\/\/www.macapflag.com\/blog\/"},{"@type":"ListItem","position":2,"name":"Loi Peillon loi Blanquer, pour qui et pourquoi ?"}]},{"@type":"WebSite","@id":"https:\/\/www.macapflag.com\/blog\/#website","url":"https:\/\/www.macapflag.com\/blog\/","name":"Blog - Macap","description":"Tous nos articles","publisher":{"@id":"https:\/\/www.macapflag.com\/blog\/#organization"},"potentialAction":[{"@type":"SearchAction","target":{"@type":"EntryPoint","urlTemplate":"https:\/\/www.macapflag.com\/blog\/?s={search_term_string}"},"query-input":{"@type":"PropertyValueSpecification","valueRequired":true,"valueName":"search_term_string"}}],"inLanguage":"fr-FR"},{"@type":"Organization","@id":"https:\/\/www.macapflag.com\/blog\/#organization","name":"macapflag","url":"https:\/\/www.macapflag.com\/blog\/","logo":{"@type":"ImageObject","inLanguage":"fr-FR","@id":"https:\/\/www.macapflag.com\/blog\/#\/schema\/logo\/image\/","url":"https:\/\/www.macapflag.com\/blog\/wp-content\/uploads\/2020\/12\/cropped-M-512-1.png","contentUrl":"https:\/\/www.macapflag.com\/blog\/wp-content\/uploads\/2020\/12\/cropped-M-512-1.png","width":512,"height":512,"caption":"macapflag"},"image":{"@id":"https:\/\/www.macapflag.com\/blog\/#\/schema\/logo\/image\/"},"sameAs":["https:\/\/www.facebook.com\/macap.pavoisement\/","https:\/\/www.instagram.com\/macapflag\/?hl=fr","https:\/\/www.linkedin.com\/company\/macap\/?originalSubdomain=fr","https:\/\/www.youtube.com\/channel\/UCXNzTIdZh9poEBjSXEqDtNw"]},{"@type":"Person","@id":"https:\/\/www.macapflag.com\/blog\/#\/schema\/person\/3fea701f2603875e651e6b662578fc3c","name":"Blog Macap","image":{"@type":"ImageObject","inLanguage":"fr-FR","@id":"https:\/\/www.macapflag.com\/blog\/#\/schema\/person\/image\/","url":"https:\/\/secure.gravatar.com\/avatar\/c12551f2dc51f0db049633b03e7856985477a70da834cc8967dea4ce54bdd6a2?s=96&d=mm&r=g","contentUrl":"https:\/\/secure.gravatar.com\/avatar\/c12551f2dc51f0db049633b03e7856985477a70da834cc8967dea4ce54bdd6a2?s=96&d=mm&r=g","caption":"Blog Macap"},"url":"https:\/\/www.macapflag.com\/blog\/author\/macap\/"}]}},"_links":{"self":[{"href":"https:\/\/www.macapflag.com\/blog\/wp-json\/wp\/v2\/posts\/6274","targetHints":{"allow":["GET"]}}],"collection":[{"href":"https:\/\/www.macapflag.com\/blog\/wp-json\/wp\/v2\/posts"}],"about":[{"href":"https:\/\/www.macapflag.com\/blog\/wp-json\/wp\/v2\/types\/post"}],"author":[{"embeddable":true,"href":"https:\/\/www.macapflag.com\/blog\/wp-json\/wp\/v2\/users\/2"}],"replies":[{"embeddable":true,"href":"https:\/\/www.macapflag.com\/blog\/wp-json\/wp\/v2\/comments?post=6274"}],"version-history":[{"count":40,"href":"https:\/\/www.macapflag.com\/blog\/wp-json\/wp\/v2\/posts\/6274\/revisions"}],"predecessor-version":[{"id":20569,"href":"https:\/\/www.macapflag.com\/blog\/wp-json\/wp\/v2\/posts\/6274\/revisions\/20569"}],"wp:featuredmedia":[{"embeddable":true,"href":"https:\/\/www.macapflag.com\/blog\/wp-json\/wp\/v2\/media\/6280"}],"wp:attachment":[{"href":"https:\/\/www.macapflag.com\/blog\/wp-json\/wp\/v2\/media?parent=6274"}],"wp:term":[{"taxonomy":"category","embeddable":true,"href":"https:\/\/www.macapflag.com\/blog\/wp-json\/wp\/v2\/categories?post=6274"},{"taxonomy":"post_tag","embeddable":true,"href":"https:\/\/www.macapflag.com\/blog\/wp-json\/wp\/v2\/tags?post=6274"}],"curies":[{"name":"wp","href":"https:\/\/api.w.org\/{rel}","templated":true}]}}