{"id":6323,"date":"2021-02-16T08:00:00","date_gmt":"2021-02-16T07:00:00","guid":{"rendered":"https:\/\/www.macapflag.com\/blog\/?p=6323"},"modified":"2021-10-28T14:23:47","modified_gmt":"2021-10-28T12:23:47","slug":"made-in-france","status":"publish","type":"post","link":"https:\/\/www.macapflag.com\/blog\/made-in-france\/","title":{"rendered":"La fabrication fran\u00e7aise, pourquoi la privil\u00e9gier ?"},"content":{"rendered":"\t\t<div data-elementor-type=\"wp-post\" data-elementor-id=\"6323\" class=\"elementor elementor-6323\">\n\t\t\t\t\t\t<section class=\"elementor-section elementor-top-section elementor-element elementor-element-f661291 elementor-section-boxed elementor-section-height-default elementor-section-height-default\" data-id=\"f661291\" data-element_type=\"section\">\n\t\t\t\t\t\t<div class=\"elementor-container elementor-column-gap-default\">\n\t\t\t\t\t<div class=\"elementor-column elementor-col-100 elementor-top-column elementor-element elementor-element-a479982\" data-id=\"a479982\" data-element_type=\"column\">\n\t\t\t<div class=\"elementor-widget-wrap elementor-element-populated\">\n\t\t\t\t\t\t<div class=\"elementor-element elementor-element-e3bebf6 elementor-widget elementor-widget-text-editor\" data-id=\"e3bebf6\" data-element_type=\"widget\" data-widget_type=\"text-editor.default\">\n\t\t\t\t<div class=\"elementor-widget-container\">\n\t\t\t\t\t\t\t\t\t<p>La crise \u00e9conomique engendr\u00e9e par la pand\u00e9mie de la COVID-19 semble booster le retour \u00e0 la consommation du made in france. Partout les \u00e9conomistes pr\u00f4nent la relocalisation de la fabrication francaise, partout naissent les initiatives de consommateurs qui souhaitent acheter des produits 100% francais. Pourquoi ce retour au made in france para\u00eet aujourd\u2019hui si n\u00e9cessaire et si b\u00e9n\u00e9fique ?<\/p>\t\t\t\t\t\t\t\t<\/div>\n\t\t\t\t<\/div>\n\t\t\t\t\t<\/div>\n\t\t<\/div>\n\t\t\t\t\t<\/div>\n\t\t<\/section>\n\t\t\t\t<section class=\"elementor-section elementor-top-section elementor-element elementor-element-b14ee42 elementor-section-boxed elementor-section-height-default elementor-section-height-default\" data-id=\"b14ee42\" data-element_type=\"section\">\n\t\t\t\t\t\t<div class=\"elementor-container elementor-column-gap-default\">\n\t\t\t\t\t<div class=\"elementor-column elementor-col-100 elementor-top-column elementor-element elementor-element-3e0c15b\" data-id=\"3e0c15b\" data-element_type=\"column\">\n\t\t\t<div class=\"elementor-widget-wrap elementor-element-populated\">\n\t\t\t\t\t\t<div class=\"elementor-element elementor-element-b4e90c7 elementor-widget elementor-widget-text-editor\" data-id=\"b4e90c7\" data-element_type=\"widget\" data-widget_type=\"text-editor.default\">\n\t\t\t\t<div class=\"elementor-widget-container\">\n\t\t\t\t\t\t\t\t\t<h2>Qu&#8217;est-ce qu&#8217;un produit made in france ?<\/h2>\t\t\t\t\t\t\t\t<\/div>\n\t\t\t\t<\/div>\n\t\t\t\t\t<\/div>\n\t\t<\/div>\n\t\t\t\t\t<\/div>\n\t\t<\/section>\n\t\t\t\t<section class=\"elementor-section elementor-top-section elementor-element elementor-element-23eb715 elementor-section-boxed elementor-section-height-default elementor-section-height-default\" data-id=\"23eb715\" data-element_type=\"section\">\n\t\t\t\t\t\t<div class=\"elementor-container elementor-column-gap-default\">\n\t\t\t\t\t<div class=\"elementor-column elementor-col-100 elementor-top-column elementor-element elementor-element-8096a42\" data-id=\"8096a42\" data-element_type=\"column\">\n\t\t\t<div class=\"elementor-widget-wrap elementor-element-populated\">\n\t\t\t\t\t\t<div class=\"elementor-element elementor-element-4feed7d elementor-widget elementor-widget-text-editor\" data-id=\"4feed7d\" data-element_type=\"widget\" data-widget_type=\"text-editor.default\">\n\t\t\t\t<div class=\"elementor-widget-container\">\n\t\t\t\t\t\t\t\t\t<p>D\u2019une mani\u00e8re g\u00e9n\u00e9rale, un produit revendique l\u2019origine du pays dans lequel il a subi sa derni\u00e8re transformation substantielle. On pourrait rapprocher cette r\u00e8gle de celle appliqu\u00e9e pour la mention \u201cfait maison\u201d dans les restaurants (un restaurateur peut acheter des produits pr\u00e9-pr\u00e9par\u00e9s et les afficher \u00e0 la carte comme \u201cfaits maison\u201d \u00e0 partir du moment o\u00f9 il les a consid\u00e9rablement transform\u00e9s.<\/p><p>Cette revendication de l\u2019origine n\u2019est pas obligatoire, sauf pour certains produits agricoles et alimentaires.<\/p>\t\t\t\t\t\t\t\t<\/div>\n\t\t\t\t<\/div>\n\t\t\t\t\t<\/div>\n\t\t<\/div>\n\t\t\t\t\t<\/div>\n\t\t<\/section>\n\t\t\t\t<section class=\"elementor-section elementor-top-section elementor-element elementor-element-7d6dd96 elementor-section-boxed elementor-section-height-default elementor-section-height-default\" data-id=\"7d6dd96\" data-element_type=\"section\">\n\t\t\t\t\t\t<div class=\"elementor-container elementor-column-gap-default\">\n\t\t\t\t\t<div class=\"elementor-column elementor-col-100 elementor-top-column elementor-element elementor-element-2d08ca3\" data-id=\"2d08ca3\" data-element_type=\"column\">\n\t\t\t<div class=\"elementor-widget-wrap elementor-element-populated\">\n\t\t\t\t\t\t<div class=\"elementor-element elementor-element-6e1e2a7 elementor-widget elementor-widget-text-editor\" data-id=\"6e1e2a7\" data-element_type=\"widget\" data-widget_type=\"text-editor.default\">\n\t\t\t\t<div class=\"elementor-widget-container\">\n\t\t\t\t\t\t\t\t\t<h3>Comment savoir si un produit peut-\u00eatre revendiqu\u00e9 \u201cmade in france\u201d?<\/h3>\t\t\t\t\t\t\t\t<\/div>\n\t\t\t\t<\/div>\n\t\t\t\t\t<\/div>\n\t\t<\/div>\n\t\t\t\t\t<\/div>\n\t\t<\/section>\n\t\t\t\t<section class=\"elementor-section elementor-top-section elementor-element elementor-element-0cea7c9 elementor-section-boxed elementor-section-height-default elementor-section-height-default\" data-id=\"0cea7c9\" data-element_type=\"section\">\n\t\t\t\t\t\t<div class=\"elementor-container elementor-column-gap-default\">\n\t\t\t\t\t<div class=\"elementor-column elementor-col-100 elementor-top-column elementor-element elementor-element-0fbca2d\" data-id=\"0fbca2d\" data-element_type=\"column\">\n\t\t\t<div class=\"elementor-widget-wrap elementor-element-populated\">\n\t\t\t\t\t\t<div class=\"elementor-element elementor-element-633a08c elementor-widget elementor-widget-text-editor\" data-id=\"633a08c\" data-element_type=\"widget\" data-widget_type=\"text-editor.default\">\n\t\t\t\t<div class=\"elementor-widget-container\">\n\t\t\t\t\t\t\t\t\t<p>La r\u00e9ponse est \u00e0 trouver aupr\u00e8s du site internet des douanes fran\u00e7aises qui appliquent au niveau europ\u00e9en le r\u00e8glement d\u00e9fini par l\u2019OMC (Organisation Mondiale du Commerce). <br \/>Une proc\u00e9dure simple permet \u00e0 n\u2019importe quelle entreprise de savoir si ses produits peuvent \u00eatre marqu\u00e9s \u201cmade in france\u201d. Il s\u2019agit de l\u2019IMF (information sur le Made in France).<\/p><p><span style=\"font-size: 10pt;\"><em>Pour plus d\u2019informations cliquez sur le lien :<\/em><\/span><br \/><strong><span style=\"font-size: 10pt;\"><a href=\"https:\/\/www.douane.gouv.fr\/demarche\/obtenir-une-information-sur-le-made-france-imf\"><span style=\"color: #3366ff;\">https:\/\/www.douane.gouv.fr\/demarche\/obtenir-une-information-sur-le-made-france-imf<\/span><\/a><\/span><\/strong><\/p>\t\t\t\t\t\t\t\t<\/div>\n\t\t\t\t<\/div>\n\t\t\t\t\t<\/div>\n\t\t<\/div>\n\t\t\t\t\t<\/div>\n\t\t<\/section>\n\t\t\t\t<section class=\"elementor-section elementor-top-section elementor-element elementor-element-2f70052 elementor-section-boxed elementor-section-height-default elementor-section-height-default\" data-id=\"2f70052\" data-element_type=\"section\">\n\t\t\t\t\t\t<div class=\"elementor-container elementor-column-gap-default\">\n\t\t\t\t\t<div class=\"elementor-column elementor-col-100 elementor-top-column elementor-element elementor-element-5920500\" data-id=\"5920500\" data-element_type=\"column\">\n\t\t\t<div class=\"elementor-widget-wrap elementor-element-populated\">\n\t\t\t\t\t\t<div class=\"elementor-element elementor-element-8823dff elementor-widget elementor-widget-image\" data-id=\"8823dff\" data-element_type=\"widget\" data-widget_type=\"image.default\">\n\t\t\t\t<div class=\"elementor-widget-container\">\n\t\t\t\t\t\t\t\t\t\t\t\t<figure class=\"wp-caption\">\n\t\t\t\t\t\t\t\t\t\t\t<a href=\"https:\/\/www.macapflag.com\/134-drapeau-officiel\">\n\t\t\t\t\t\t\t<img fetchpriority=\"high\" decoding=\"async\" width=\"700\" height=\"534\" src=\"https:\/\/www.macapflag.com\/blog\/wp-content\/uploads\/2021\/02\/drapeau-made-in-france.jpg\" class=\"attachment-large size-large wp-image-6328\" alt=\"Macap vous permet d&#039;acheter des drapeaux 100% made in France\" srcset=\"https:\/\/www.macapflag.com\/blog\/wp-content\/uploads\/2021\/02\/drapeau-made-in-france.jpg 700w, https:\/\/www.macapflag.com\/blog\/wp-content\/uploads\/2021\/02\/drapeau-made-in-france-300x229.jpg 300w\" sizes=\"(max-width: 700px) 100vw, 700px\" \/>\t\t\t\t\t\t\t\t<\/a>\n\t\t\t\t\t\t\t\t\t\t\t<figcaption class=\"widget-image-caption wp-caption-text\">Macap, fabricant fran\u00e7ais de vos drapeaux officiels et personnalis\u00e9s<\/figcaption>\n\t\t\t\t\t\t\t\t\t\t<\/figure>\n\t\t\t\t\t\t\t\t\t<\/div>\n\t\t\t\t<\/div>\n\t\t\t\t\t<\/div>\n\t\t<\/div>\n\t\t\t\t\t<\/div>\n\t\t<\/section>\n\t\t\t\t<section class=\"elementor-section elementor-top-section elementor-element elementor-element-9169286 elementor-section-boxed elementor-section-height-default elementor-section-height-default\" data-id=\"9169286\" data-element_type=\"section\">\n\t\t\t\t\t\t<div class=\"elementor-container elementor-column-gap-default\">\n\t\t\t\t\t<div class=\"elementor-column elementor-col-100 elementor-top-column elementor-element elementor-element-077a545\" data-id=\"077a545\" data-element_type=\"column\">\n\t\t\t<div class=\"elementor-widget-wrap elementor-element-populated\">\n\t\t\t\t\t\t<div class=\"elementor-element elementor-element-28fc817 elementor-widget elementor-widget-spacer\" data-id=\"28fc817\" data-element_type=\"widget\" data-widget_type=\"spacer.default\">\n\t\t\t\t<div class=\"elementor-widget-container\">\n\t\t\t\t\t\t\t<div class=\"elementor-spacer\">\n\t\t\t<div class=\"elementor-spacer-inner\"><\/div>\n\t\t<\/div>\n\t\t\t\t\t\t<\/div>\n\t\t\t\t<\/div>\n\t\t\t\t\t<\/div>\n\t\t<\/div>\n\t\t\t\t\t<\/div>\n\t\t<\/section>\n\t\t\t\t<section class=\"elementor-section elementor-top-section elementor-element elementor-element-fe6a79a elementor-section-boxed elementor-section-height-default elementor-section-height-default\" data-id=\"fe6a79a\" data-element_type=\"section\">\n\t\t\t\t\t\t<div class=\"elementor-container elementor-column-gap-default\">\n\t\t\t\t\t<div class=\"elementor-column elementor-col-100 elementor-top-column elementor-element elementor-element-46c93b2\" data-id=\"46c93b2\" data-element_type=\"column\">\n\t\t\t<div class=\"elementor-widget-wrap elementor-element-populated\">\n\t\t\t\t\t\t<div class=\"elementor-element elementor-element-e4559ab elementor-widget elementor-widget-text-editor\" data-id=\"e4559ab\" data-element_type=\"widget\" data-widget_type=\"text-editor.default\">\n\t\t\t\t<div class=\"elementor-widget-container\">\n\t\t\t\t\t\t\t\t\t<h2>Pourquoi c&#8217;est bien de consommer fran\u00e7ais ?<\/h2>\t\t\t\t\t\t\t\t<\/div>\n\t\t\t\t<\/div>\n\t\t\t\t\t<\/div>\n\t\t<\/div>\n\t\t\t\t\t<\/div>\n\t\t<\/section>\n\t\t\t\t<section class=\"elementor-section elementor-top-section elementor-element elementor-element-c19a94c elementor-section-boxed elementor-section-height-default elementor-section-height-default\" data-id=\"c19a94c\" data-element_type=\"section\">\n\t\t\t\t\t\t<div class=\"elementor-container elementor-column-gap-default\">\n\t\t\t\t\t<div class=\"elementor-column elementor-col-100 elementor-top-column elementor-element elementor-element-15cf846\" data-id=\"15cf846\" data-element_type=\"column\">\n\t\t\t<div class=\"elementor-widget-wrap elementor-element-populated\">\n\t\t\t\t\t\t<div class=\"elementor-element elementor-element-e7666e2 elementor-widget elementor-widget-text-editor\" data-id=\"e7666e2\" data-element_type=\"widget\" data-widget_type=\"text-editor.default\">\n\t\t\t\t<div class=\"elementor-widget-container\">\n\t\t\t\t\t\t\t\t\t<p><strong>1 &#8211; Parce que c\u2019est une d\u00e9marche eco responsable<\/strong><br>Acheter francais, c\u2019est consommer local, tout du moins \u00e0 l\u2019\u00e9chelle du monde. <br>Un habitant du sud de la france qui commande des chaussettes ou des vetements fabriques dans la r\u00e9gion lilloise, c\u2019est du circuit court en termes de transport, en tous cas plus court que lorsque les produits sont achemin\u00e9s par avion du Bangladesh ou d\u2019Am\u00e9rique du Sud. Le bilan carbone est \u00e9videmment diff\u00e9rent.<\/p>\n<p><strong>2 &#8211; Parce que le label origine france est souvent signe de qualite<\/strong><br>Les marques qui ont choisi de conserver leur fabrication localis\u00e9e en france sont souvent attach\u00e9es \u00e0 une certaine garantie de qualite et de savoir-faire. Cela n\u2019est certes pas toujours vrai, il existera toujours des exceptions \u00e0 cette r\u00e8gle mais on aime \u00e0 penser qu\u2019elle reste v\u00e9rifi\u00e9e la plupart du temps \u2026<br>Lorsque des produits sont fabriqu\u00e9s en France, ils r\u00e9pondent au respect des lois fran\u00e7aises, notamment en mati\u00e8re de contrefa\u00e7ons et de propri\u00e9t\u00e9s des marques.<\/p>\t\t\t\t\t\t\t\t<\/div>\n\t\t\t\t<\/div>\n\t\t\t\t\t<\/div>\n\t\t<\/div>\n\t\t\t\t\t<\/div>\n\t\t<\/section>\n\t\t\t\t<section class=\"elementor-section elementor-top-section elementor-element elementor-element-eb3c6d7 elementor-section-boxed elementor-section-height-default elementor-section-height-default\" data-id=\"eb3c6d7\" data-element_type=\"section\">\n\t\t\t\t\t\t<div class=\"elementor-container elementor-column-gap-default\">\n\t\t\t\t\t<div class=\"elementor-column elementor-col-100 elementor-top-column elementor-element elementor-element-e8fd23c\" data-id=\"e8fd23c\" data-element_type=\"column\">\n\t\t\t<div class=\"elementor-widget-wrap elementor-element-populated\">\n\t\t\t\t\t\t<div class=\"elementor-element elementor-element-75e87ee elementor-widget elementor-widget-image\" data-id=\"75e87ee\" data-element_type=\"widget\" data-widget_type=\"image.default\">\n\t\t\t\t<div class=\"elementor-widget-container\">\n\t\t\t\t\t\t\t\t\t\t\t\t<figure class=\"wp-caption\">\n\t\t\t\t\t\t\t\t\t\t<img decoding=\"async\" width=\"700\" height=\"534\" src=\"https:\/\/www.macapflag.com\/blog\/wp-content\/uploads\/2021\/02\/macap-fabricant-francais.jpg\" class=\"attachment-large size-large wp-image-6329\" alt=\"atelier broderie des drapeaux de prestige Macap\" srcset=\"https:\/\/www.macapflag.com\/blog\/wp-content\/uploads\/2021\/02\/macap-fabricant-francais.jpg 700w, https:\/\/www.macapflag.com\/blog\/wp-content\/uploads\/2021\/02\/macap-fabricant-francais-300x229.jpg 300w\" sizes=\"(max-width: 700px) 100vw, 700px\" \/>\t\t\t\t\t\t\t\t\t\t\t<figcaption class=\"widget-image-caption wp-caption-text\">Le savoir-faire et la qualit\u00e9 du Made in France au sein des ateliers Macap<\/figcaption>\n\t\t\t\t\t\t\t\t\t\t<\/figure>\n\t\t\t\t\t\t\t\t\t<\/div>\n\t\t\t\t<\/div>\n\t\t\t\t\t<\/div>\n\t\t<\/div>\n\t\t\t\t\t<\/div>\n\t\t<\/section>\n\t\t\t\t<section class=\"elementor-section elementor-top-section elementor-element elementor-element-6d17a95 elementor-section-boxed elementor-section-height-default elementor-section-height-default\" data-id=\"6d17a95\" data-element_type=\"section\">\n\t\t\t\t\t\t<div class=\"elementor-container elementor-column-gap-default\">\n\t\t\t\t\t<div class=\"elementor-column elementor-col-100 elementor-top-column elementor-element elementor-element-6197cbb\" data-id=\"6197cbb\" data-element_type=\"column\">\n\t\t\t<div class=\"elementor-widget-wrap elementor-element-populated\">\n\t\t\t\t\t\t<div class=\"elementor-element elementor-element-1328983 elementor-widget elementor-widget-spacer\" data-id=\"1328983\" data-element_type=\"widget\" data-widget_type=\"spacer.default\">\n\t\t\t\t<div class=\"elementor-widget-container\">\n\t\t\t\t\t\t\t<div class=\"elementor-spacer\">\n\t\t\t<div class=\"elementor-spacer-inner\"><\/div>\n\t\t<\/div>\n\t\t\t\t\t\t<\/div>\n\t\t\t\t<\/div>\n\t\t\t\t\t<\/div>\n\t\t<\/div>\n\t\t\t\t\t<\/div>\n\t\t<\/section>\n\t\t\t\t<section class=\"elementor-section elementor-top-section elementor-element elementor-element-a960972 elementor-section-boxed elementor-section-height-default elementor-section-height-default\" data-id=\"a960972\" data-element_type=\"section\">\n\t\t\t\t\t\t<div class=\"elementor-container elementor-column-gap-default\">\n\t\t\t\t\t<div class=\"elementor-column elementor-col-100 elementor-top-column elementor-element elementor-element-58528ac\" data-id=\"58528ac\" data-element_type=\"column\">\n\t\t\t<div class=\"elementor-widget-wrap elementor-element-populated\">\n\t\t\t\t\t\t<div class=\"elementor-element elementor-element-e035cc2 elementor-widget elementor-widget-text-editor\" data-id=\"e035cc2\" data-element_type=\"widget\" data-widget_type=\"text-editor.default\">\n\t\t\t\t<div class=\"elementor-widget-container\">\n\t\t\t\t\t\t\t\t\t<p><strong>3 &#8211; Parce qu\u2019acheter francais c\u2019est b\u00e9n\u00e9ficier d\u2019un service personnalis\u00e9<\/strong><br \/>Cela peut para\u00eetre d\u00e9risoire quand tout se passe correctement. Cependant, lorsqu\u2019un client ach\u00e8te sur internet un produit \u00e0 l\u2019autre bout du monde et qu\u2019il rencontre un probl\u00e8me sur sa livraison, il est souvent bien emb\u00eat\u00e9 pour trouver un interlocuteur qui l\u2019aidera \u00e0 r\u00e9soudre son probl\u00e8me. Quand un produit est fabriqu\u00e9 en france, le vendeur dispose d\u2019un num\u00e9ro de t\u00e9l\u00e9phone ou d\u2019une adresse e-mail \u00e0 laquelle il accepte d\u2019\u00eatre contact\u00e9 pour r\u00e9pondre rapidement.<\/p><p><strong>4 &#8211; Parce que c\u2019est plus souple et plus rapide<\/strong><br \/>Dans le secteur des supports de communication pour l&#8217;\u00e9v\u00e9nementiel, des fabricants \u00e9trangers proposent parfois des drapeaux ou oriflammes \u00e0 des prix tr\u00e8s comp\u00e9titifs mais les minimas de commande sont tr\u00e8s \u00e9lev\u00e9s et les d\u00e9lais d\u2019acheminement en France tout autant. <br \/>Acheter francais c\u2019est pouvoir commander \u00e0 l\u2019unit\u00e9 et b\u00e9n\u00e9ficier d\u2019une r\u00e9activit\u00e9 forte en termes de d\u00e9lais de livraison. Et si cela n\u2019est pas vrai partout, \u00e7a l\u2019est en tous cas chez <a href=\"https:\/\/www.macapflag.com\/\"><span style=\"color: #3366ff;\"><strong>Macap<\/strong><\/span><\/a> !<\/p><p><strong>5 &#8211; Parce que c\u2019est mieux, tout simplement !<\/strong><br \/>\u2022 D\u2019un point de vue \u00e9conomique et plus pr\u00e9cis\u00e9ment au niveau de l\u2019emploi, la logique est \u00e9vidente. Les francais devraient \u00eatre les premiers \u00e0 \u201cd\u00e9penser leur argent\u201d aupr\u00e8s d\u2019entreprises qui affichent des produits fabriqu\u00e9s en France. Comme une contribution au \u201cbien vivre\u201d de notre voisin et \u00e0 la sant\u00e9 \u00e9conomique de notre pays.<\/p><p>\u2022 D\u2019un point de vue sociologique aussi. Nous devrions \u00eatre fiers et heureux de consommer des produits \u00e9labor\u00e9s sur notre territoire, mettant en valeur un certain savoir-faire.<\/p><p>\u2022 D\u2019un point de vue \u00e9thique, le droit du travail fran\u00e7ais garantit aussi au consommateur que le bien d\u2019origine france a \u00e9t\u00e9 fabriqu\u00e9 dans des conditions r\u00e9glementaires et dans le respect de la s\u00e9curit\u00e9 par des personnes en \u00e2ge de travailler (toute activit\u00e9 professionnelle est interdite aux moins de 16 ans quel que soit le type de contrat).<\/p>\t\t\t\t\t\t\t\t<\/div>\n\t\t\t\t<\/div>\n\t\t\t\t<div class=\"elementor-element elementor-element-b866e28 elementor-widget-divider--view-line elementor-widget elementor-widget-divider\" data-id=\"b866e28\" data-element_type=\"widget\" data-widget_type=\"divider.default\">\n\t\t\t\t<div class=\"elementor-widget-container\">\n\t\t\t\t\t\t\t<div class=\"elementor-divider\">\n\t\t\t<span class=\"elementor-divider-separator\">\n\t\t\t\t\t\t<\/span>\n\t\t<\/div>\n\t\t\t\t\t\t<\/div>\n\t\t\t\t<\/div>\n\t\t\t\t\t<\/div>\n\t\t<\/div>\n\t\t\t\t\t<\/div>\n\t\t<\/section>\n\t\t\t\t<section class=\"elementor-section elementor-top-section elementor-element elementor-element-081ea25 elementor-section-boxed elementor-section-height-default elementor-section-height-default\" data-id=\"081ea25\" data-element_type=\"section\">\n\t\t\t\t\t\t<div class=\"elementor-container elementor-column-gap-default\">\n\t\t\t\t\t<div class=\"elementor-column elementor-col-100 elementor-top-column elementor-element elementor-element-ee3e184\" data-id=\"ee3e184\" data-element_type=\"column\">\n\t\t\t<div class=\"elementor-widget-wrap elementor-element-populated\">\n\t\t\t\t\t\t<div class=\"elementor-element elementor-element-7d43953 elementor-widget elementor-widget-spacer\" data-id=\"7d43953\" data-element_type=\"widget\" data-widget_type=\"spacer.default\">\n\t\t\t\t<div class=\"elementor-widget-container\">\n\t\t\t\t\t\t\t<div class=\"elementor-spacer\">\n\t\t\t<div class=\"elementor-spacer-inner\"><\/div>\n\t\t<\/div>\n\t\t\t\t\t\t<\/div>\n\t\t\t\t<\/div>\n\t\t\t\t\t<\/div>\n\t\t<\/div>\n\t\t\t\t\t<\/div>\n\t\t<\/section>\n\t\t\t\t<section class=\"elementor-section elementor-top-section elementor-element elementor-element-3570360 elementor-section-boxed elementor-section-height-default elementor-section-height-default\" data-id=\"3570360\" data-element_type=\"section\">\n\t\t\t\t\t\t<div class=\"elementor-container elementor-column-gap-default\">\n\t\t\t\t\t<div class=\"elementor-column elementor-col-100 elementor-top-column elementor-element elementor-element-bd2f028\" data-id=\"bd2f028\" data-element_type=\"column\">\n\t\t\t<div class=\"elementor-widget-wrap elementor-element-populated\">\n\t\t\t\t\t\t<div class=\"elementor-element elementor-element-3a622f6 elementor-widget elementor-widget-text-editor\" data-id=\"3a622f6\" data-element_type=\"widget\" data-widget_type=\"text-editor.default\">\n\t\t\t\t<div class=\"elementor-widget-container\">\n\t\t\t\t\t\t\t\t\t<p><span style=\"font-size: 12pt; color: #333333;\">Parmi les marques qui ont r\u00e9ussi ce pari du 100% made in france, citons le <a style=\"color: #333333;\" href=\"https:\/\/www.leslipfrancais.fr\/?gclid=Cj0KCQiA1KiBBhCcARIsAPWqoSrZpvx-Z5Epz5dKwi6wqksFN4wKbzWObgbfEcsXUUIpwDX3d1g-bE4aAuKPEALw_wcB\"><strong>slip francais<\/strong><\/a>, une marque de vetements et accessoires qui revendique une fabrication fran\u00e7aise pour l\u2019ensemble de ses mod\u00e8les. <\/span><br \/><span style=\"font-size: 12pt; color: #333333;\">Des produits de qualit\u00e9 issus d\u2019un circuit court qui s\u2019inscrit dans un \u00e9cosyst\u00e8me, une forte empreinte RSE de l\u2019entreprise et une communication pleine d\u2019humour ont su s\u00e9duire les jeunes et les moins jeunes. Comme un joli pied de nez \u00e0 la fast fashion.<\/span><\/p>\t\t\t\t\t\t\t\t<\/div>\n\t\t\t\t<\/div>\n\t\t\t\t\t<\/div>\n\t\t<\/div>\n\t\t\t\t\t<\/div>\n\t\t<\/section>\n\t\t\t\t<section class=\"elementor-section elementor-top-section elementor-element elementor-element-98c785d elementor-section-boxed elementor-section-height-default elementor-section-height-default\" data-id=\"98c785d\" data-element_type=\"section\">\n\t\t\t\t\t\t<div class=\"elementor-container elementor-column-gap-default\">\n\t\t\t\t\t<div class=\"elementor-column elementor-col-100 elementor-top-column elementor-element elementor-element-684a129\" data-id=\"684a129\" data-element_type=\"column\">\n\t\t\t<div class=\"elementor-widget-wrap elementor-element-populated\">\n\t\t\t\t\t\t<div class=\"elementor-element elementor-element-2906dfb elementor-widget-divider--view-line elementor-widget elementor-widget-divider\" data-id=\"2906dfb\" data-element_type=\"widget\" data-widget_type=\"divider.default\">\n\t\t\t\t<div class=\"elementor-widget-container\">\n\t\t\t\t\t\t\t<div class=\"elementor-divider\">\n\t\t\t<span class=\"elementor-divider-separator\">\n\t\t\t\t\t\t<\/span>\n\t\t<\/div>\n\t\t\t\t\t\t<\/div>\n\t\t\t\t<\/div>\n\t\t\t\t\t<\/div>\n\t\t<\/div>\n\t\t\t\t\t<\/div>\n\t\t<\/section>\n\t\t\t\t<section class=\"elementor-section elementor-top-section elementor-element elementor-element-7bb0c22 elementor-section-boxed elementor-section-height-default elementor-section-height-default\" data-id=\"7bb0c22\" data-element_type=\"section\">\n\t\t\t\t\t\t<div class=\"elementor-container elementor-column-gap-default\">\n\t\t\t\t\t<div class=\"elementor-column elementor-col-100 elementor-top-column elementor-element elementor-element-dc73de9\" data-id=\"dc73de9\" data-element_type=\"column\">\n\t\t\t<div class=\"elementor-widget-wrap elementor-element-populated\">\n\t\t\t\t\t\t<div class=\"elementor-element elementor-element-aca76a1 elementor-widget elementor-widget-text-editor\" data-id=\"aca76a1\" data-element_type=\"widget\" data-widget_type=\"text-editor.default\">\n\t\t\t\t<div class=\"elementor-widget-container\">\n\t\t\t\t\t\t\t\t\t<h2>Le made in france en chiffres<\/h2>\t\t\t\t\t\t\t\t<\/div>\n\t\t\t\t<\/div>\n\t\t\t\t\t<\/div>\n\t\t<\/div>\n\t\t\t\t\t<\/div>\n\t\t<\/section>\n\t\t\t\t<section class=\"elementor-section elementor-top-section elementor-element elementor-element-9e950bd elementor-section-boxed elementor-section-height-default elementor-section-height-default\" data-id=\"9e950bd\" data-element_type=\"section\">\n\t\t\t\t\t\t<div class=\"elementor-container elementor-column-gap-default\">\n\t\t\t\t\t<div class=\"elementor-column elementor-col-100 elementor-top-column elementor-element elementor-element-5e2186d\" data-id=\"5e2186d\" data-element_type=\"column\">\n\t\t\t<div class=\"elementor-widget-wrap elementor-element-populated\">\n\t\t\t\t\t\t<div class=\"elementor-element elementor-element-5de168f elementor-widget elementor-widget-image\" data-id=\"5de168f\" data-element_type=\"widget\" data-widget_type=\"image.default\">\n\t\t\t\t<div class=\"elementor-widget-container\">\n\t\t\t\t\t\t\t\t\t\t\t\t\t\t\t<img decoding=\"async\" width=\"700\" height=\"534\" src=\"https:\/\/www.macapflag.com\/blog\/wp-content\/uploads\/2021\/02\/consommation-produits-made-in-france.jpg\" class=\"attachment-large size-large wp-image-6337\" alt=\"La proportion du made in france dans la consommation des m\u00e9nages\" srcset=\"https:\/\/www.macapflag.com\/blog\/wp-content\/uploads\/2021\/02\/consommation-produits-made-in-france.jpg 700w, https:\/\/www.macapflag.com\/blog\/wp-content\/uploads\/2021\/02\/consommation-produits-made-in-france-300x229.jpg 300w\" sizes=\"(max-width: 700px) 100vw, 700px\" \/>\t\t\t\t\t\t\t\t\t\t\t\t\t\t\t<\/div>\n\t\t\t\t<\/div>\n\t\t\t\t\t<\/div>\n\t\t<\/div>\n\t\t\t\t\t<\/div>\n\t\t<\/section>\n\t\t\t\t<section class=\"elementor-section elementor-top-section elementor-element elementor-element-23270b8 elementor-section-boxed elementor-section-height-default elementor-section-height-default\" data-id=\"23270b8\" data-element_type=\"section\">\n\t\t\t\t\t\t<div class=\"elementor-container elementor-column-gap-default\">\n\t\t\t\t\t<div class=\"elementor-column elementor-col-100 elementor-top-column elementor-element elementor-element-e5463e9\" data-id=\"e5463e9\" data-element_type=\"column\">\n\t\t\t<div class=\"elementor-widget-wrap elementor-element-populated\">\n\t\t\t\t\t\t<div class=\"elementor-element elementor-element-c776aa0 elementor-widget elementor-widget-spacer\" data-id=\"c776aa0\" data-element_type=\"widget\" data-widget_type=\"spacer.default\">\n\t\t\t\t<div class=\"elementor-widget-container\">\n\t\t\t\t\t\t\t<div class=\"elementor-spacer\">\n\t\t\t<div class=\"elementor-spacer-inner\"><\/div>\n\t\t<\/div>\n\t\t\t\t\t\t<\/div>\n\t\t\t\t<\/div>\n\t\t\t\t\t<\/div>\n\t\t<\/div>\n\t\t\t\t\t<\/div>\n\t\t<\/section>\n\t\t\t\t<section class=\"elementor-section elementor-top-section elementor-element elementor-element-850571f elementor-section-boxed elementor-section-height-default elementor-section-height-default\" data-id=\"850571f\" data-element_type=\"section\">\n\t\t\t\t\t\t<div class=\"elementor-container elementor-column-gap-default\">\n\t\t\t\t\t<div class=\"elementor-column elementor-col-100 elementor-top-column elementor-element elementor-element-07d84a0\" data-id=\"07d84a0\" data-element_type=\"column\">\n\t\t\t<div class=\"elementor-widget-wrap elementor-element-populated\">\n\t\t\t\t\t\t<div class=\"elementor-element elementor-element-f6bf10e elementor-widget elementor-widget-text-editor\" data-id=\"f6bf10e\" data-element_type=\"widget\" data-widget_type=\"text-editor.default\">\n\t\t\t\t<div class=\"elementor-widget-container\">\n\t\t\t\t\t\t\t\t\t<p>Une \u00e9tude de l\u2019INSEE (Institut national de la statistique et des \u00e9tudes \u00e9conomiques) parue le 5 Juin 2019 indique que le made in france repr\u00e9sente 81% de la consommation totale des m\u00e9nages. Cette consommation fluctue selon les tranches d\u2019\u00e2ge, elle est plus importante chez les personnes \u00e2g\u00e9es et les cadres. <br \/>Si la consommation de biens made in france est importante au sein des m\u00e9nages, elle ne repr\u00e9sente que 36% de l\u2019ensemble des biens manufactur\u00e9s.<br \/>Notons qu\u2019en mati\u00e8re de \u201cmade in\u201d, les chiffres francais sont proches de ceux de nos voisins europ\u00e9ens.<\/p>\t\t\t\t\t\t\t\t<\/div>\n\t\t\t\t<\/div>\n\t\t\t\t\t<\/div>\n\t\t<\/div>\n\t\t\t\t\t<\/div>\n\t\t<\/section>\n\t\t\t\t<section class=\"elementor-section elementor-top-section elementor-element elementor-element-14c95fc elementor-section-boxed elementor-section-height-default elementor-section-height-default\" data-id=\"14c95fc\" data-element_type=\"section\">\n\t\t\t\t\t\t<div class=\"elementor-container elementor-column-gap-default\">\n\t\t\t\t\t<div class=\"elementor-column elementor-col-100 elementor-top-column elementor-element elementor-element-4827455\" data-id=\"4827455\" data-element_type=\"column\">\n\t\t\t<div class=\"elementor-widget-wrap elementor-element-populated\">\n\t\t\t\t\t\t<div class=\"elementor-element elementor-element-6d4e6af elementor-widget elementor-widget-text-editor\" data-id=\"6d4e6af\" data-element_type=\"widget\" data-widget_type=\"text-editor.default\">\n\t\t\t\t<div class=\"elementor-widget-container\">\n\t\t\t\t\t\t\t\t\t<p><span style=\"font-size: 10pt;\"><em>Liens utiles :<\/em><\/span><br \/><span style=\"font-size: 10pt;\"><a href=\"https:\/\/www.economie.gouv.fr\/cedef\/fabrique-en-france\"><span style=\"color: #3366ff;\"><strong>https:\/\/www.economie.gouv.fr\/cedef\/fabrique-en-france<\/strong><\/span><\/a><\/span><br \/><span style=\"font-size: 10pt;\"><a href=\"https:\/\/www.insee.fr\/fr\/statistiques\/4166056#titre-bloc-12\"><span style=\"color: #3366ff;\"><strong>https:\/\/www.insee.fr\/fr\/statistiques\/4166056#titre-bloc-12<\/strong><\/span><\/a><\/span><\/p>\t\t\t\t\t\t\t\t<\/div>\n\t\t\t\t<\/div>\n\t\t\t\t\t<\/div>\n\t\t<\/div>\n\t\t\t\t\t<\/div>\n\t\t<\/section>\n\t\t\t\t<\/div>\n\t\t","protected":false},"excerpt":{"rendered":"<div class=\"tmnf_excerpt\"><p>La crise \u00e9conomique engendr\u00e9e par la pand\u00e9mie de la COVID-19 semble booster le retour \u00e0 la consommation du made in france. Partout les \u00e9conomistes pr\u00f4nent la relocalisation de la fabrication francaise, partout naissent les initiatives de consommateurs qui souhaitent acheter des produits 100% francais. Pourquoi ce retour au made in france para\u00eet aujourd\u2019hui si n\u00e9cessaire &hellip;<\/p>\n<\/div>","protected":false},"author":2,"featured_media":6325,"comment_status":"closed","ping_status":"open","sticky":false,"template":"template-fullwidth.php","format":"standard","meta":{"footnotes":""},"categories":[91,93],"tags":[],"class_list":["post-6323","post","type-post","status-publish","format-standard","has-post-thumbnail","hentry","category-univers-tech","category-com"],"yoast_head":"<!-- This site is optimized with the Yoast SEO plugin v26.4 - https:\/\/yoast.com\/wordpress\/plugins\/seo\/ -->\n<title>Pourquoi faut-il privil\u00e9gier la fabrication fran\u00e7aise ? Pourquoi c&#039;est bien ?<\/title>\n<meta name=\"description\" content=\"Privil\u00e9gier le made in france est b\u00e9n\u00e9fique, \u00e9conomiquement, \u00e9cologiquement, socialement. Pourquoi et comment consommer local ?\" \/>\n<meta name=\"robots\" content=\"index, follow, max-snippet:-1, max-image-preview:large, max-video-preview:-1\" \/>\n<link rel=\"canonical\" href=\"https:\/\/www.macapflag.com\/blog\/made-in-france\/\" \/>\n<meta property=\"og:locale\" content=\"fr_FR\" \/>\n<meta property=\"og:type\" content=\"article\" \/>\n<meta property=\"og:title\" content=\"Pourquoi faut-il privil\u00e9gier la fabrication fran\u00e7aise ? Pourquoi c&#039;est bien ?\" \/>\n<meta property=\"og:description\" content=\"Privil\u00e9gier le made in france est b\u00e9n\u00e9fique, \u00e9conomiquement, \u00e9cologiquement, socialement. Pourquoi et comment consommer local ?\" \/>\n<meta property=\"og:url\" content=\"https:\/\/www.macapflag.com\/blog\/made-in-france\/\" \/>\n<meta property=\"og:site_name\" content=\"Blog - Macap\" \/>\n<meta property=\"article:publisher\" content=\"https:\/\/www.facebook.com\/macap.pavoisement\/\" \/>\n<meta property=\"article:published_time\" content=\"2021-02-16T07:00:00+00:00\" \/>\n<meta property=\"article:modified_time\" content=\"2021-10-28T12:23:47+00:00\" \/>\n<meta property=\"og:image\" content=\"https:\/\/www.macapflag.com\/blog\/wp-content\/uploads\/2021\/02\/fabrication-francaise.jpg\" \/>\n\t<meta property=\"og:image:width\" content=\"870\" \/>\n\t<meta property=\"og:image:height\" content=\"600\" \/>\n\t<meta property=\"og:image:type\" content=\"image\/jpeg\" \/>\n<meta name=\"author\" content=\"Blog Macap\" \/>\n<meta name=\"twitter:card\" content=\"summary_large_image\" \/>\n<meta name=\"twitter:label1\" content=\"\u00c9crit par\" \/>\n\t<meta name=\"twitter:data1\" content=\"Blog Macap\" \/>\n\t<meta name=\"twitter:label2\" content=\"Dur\u00e9e de lecture estim\u00e9e\" \/>\n\t<meta name=\"twitter:data2\" content=\"5 minutes\" \/>\n<script type=\"application\/ld+json\" class=\"yoast-schema-graph\">{\"@context\":\"https:\/\/schema.org\",\"@graph\":[{\"@type\":\"Article\",\"@id\":\"https:\/\/www.macapflag.com\/blog\/made-in-france\/#article\",\"isPartOf\":{\"@id\":\"https:\/\/www.macapflag.com\/blog\/made-in-france\/\"},\"author\":{\"name\":\"Blog Macap\",\"@id\":\"https:\/\/www.macapflag.com\/blog\/#\/schema\/person\/3fea701f2603875e651e6b662578fc3c\"},\"headline\":\"La fabrication fran\u00e7aise, pourquoi la privil\u00e9gier ?\",\"datePublished\":\"2021-02-16T07:00:00+00:00\",\"dateModified\":\"2021-10-28T12:23:47+00:00\",\"mainEntityOfPage\":{\"@id\":\"https:\/\/www.macapflag.com\/blog\/made-in-france\/\"},\"wordCount\":1023,\"publisher\":{\"@id\":\"https:\/\/www.macapflag.com\/blog\/#organization\"},\"image\":{\"@id\":\"https:\/\/www.macapflag.com\/blog\/made-in-france\/#primaryimage\"},\"thumbnailUrl\":\"https:\/\/www.macapflag.com\/blog\/wp-content\/uploads\/2021\/02\/fabrication-francaise.jpg\",\"articleSection\":[\"L'univers technique\",\"Le monde de la Com'\"],\"inLanguage\":\"fr-FR\"},{\"@type\":\"WebPage\",\"@id\":\"https:\/\/www.macapflag.com\/blog\/made-in-france\/\",\"url\":\"https:\/\/www.macapflag.com\/blog\/made-in-france\/\",\"name\":\"Pourquoi faut-il privil\u00e9gier la fabrication fran\u00e7aise ? Pourquoi c'est bien ?\",\"isPartOf\":{\"@id\":\"https:\/\/www.macapflag.com\/blog\/#website\"},\"primaryImageOfPage\":{\"@id\":\"https:\/\/www.macapflag.com\/blog\/made-in-france\/#primaryimage\"},\"image\":{\"@id\":\"https:\/\/www.macapflag.com\/blog\/made-in-france\/#primaryimage\"},\"thumbnailUrl\":\"https:\/\/www.macapflag.com\/blog\/wp-content\/uploads\/2021\/02\/fabrication-francaise.jpg\",\"datePublished\":\"2021-02-16T07:00:00+00:00\",\"dateModified\":\"2021-10-28T12:23:47+00:00\",\"description\":\"Privil\u00e9gier le made in france est b\u00e9n\u00e9fique, \u00e9conomiquement, \u00e9cologiquement, socialement. Pourquoi et comment consommer local ?\",\"breadcrumb\":{\"@id\":\"https:\/\/www.macapflag.com\/blog\/made-in-france\/#breadcrumb\"},\"inLanguage\":\"fr-FR\",\"potentialAction\":[{\"@type\":\"ReadAction\",\"target\":[\"https:\/\/www.macapflag.com\/blog\/made-in-france\/\"]}]},{\"@type\":\"ImageObject\",\"inLanguage\":\"fr-FR\",\"@id\":\"https:\/\/www.macapflag.com\/blog\/made-in-france\/#primaryimage\",\"url\":\"https:\/\/www.macapflag.com\/blog\/wp-content\/uploads\/2021\/02\/fabrication-francaise.jpg\",\"contentUrl\":\"https:\/\/www.macapflag.com\/blog\/wp-content\/uploads\/2021\/02\/fabrication-francaise.jpg\",\"width\":870,\"height\":600,\"caption\":\"Privil\u00e9gier la fabrication fran\u00e7aise c'est possible\"},{\"@type\":\"BreadcrumbList\",\"@id\":\"https:\/\/www.macapflag.com\/blog\/made-in-france\/#breadcrumb\",\"itemListElement\":[{\"@type\":\"ListItem\",\"position\":1,\"name\":\"Accueil\",\"item\":\"https:\/\/www.macapflag.com\/blog\/\"},{\"@type\":\"ListItem\",\"position\":2,\"name\":\"La fabrication fran\u00e7aise, pourquoi la privil\u00e9gier ?\"}]},{\"@type\":\"WebSite\",\"@id\":\"https:\/\/www.macapflag.com\/blog\/#website\",\"url\":\"https:\/\/www.macapflag.com\/blog\/\",\"name\":\"Blog - Macap\",\"description\":\"Tous nos articles\",\"publisher\":{\"@id\":\"https:\/\/www.macapflag.com\/blog\/#organization\"},\"potentialAction\":[{\"@type\":\"SearchAction\",\"target\":{\"@type\":\"EntryPoint\",\"urlTemplate\":\"https:\/\/www.macapflag.com\/blog\/?s={search_term_string}\"},\"query-input\":{\"@type\":\"PropertyValueSpecification\",\"valueRequired\":true,\"valueName\":\"search_term_string\"}}],\"inLanguage\":\"fr-FR\"},{\"@type\":\"Organization\",\"@id\":\"https:\/\/www.macapflag.com\/blog\/#organization\",\"name\":\"macapflag\",\"url\":\"https:\/\/www.macapflag.com\/blog\/\",\"logo\":{\"@type\":\"ImageObject\",\"inLanguage\":\"fr-FR\",\"@id\":\"https:\/\/www.macapflag.com\/blog\/#\/schema\/logo\/image\/\",\"url\":\"https:\/\/www.macapflag.com\/blog\/wp-content\/uploads\/2020\/12\/cropped-M-512-1.png\",\"contentUrl\":\"https:\/\/www.macapflag.com\/blog\/wp-content\/uploads\/2020\/12\/cropped-M-512-1.png\",\"width\":512,\"height\":512,\"caption\":\"macapflag\"},\"image\":{\"@id\":\"https:\/\/www.macapflag.com\/blog\/#\/schema\/logo\/image\/\"},\"sameAs\":[\"https:\/\/www.facebook.com\/macap.pavoisement\/\",\"https:\/\/www.instagram.com\/macapflag\/?hl=fr\",\"https:\/\/www.linkedin.com\/company\/macap\/?originalSubdomain=fr\",\"https:\/\/www.youtube.com\/channel\/UCXNzTIdZh9poEBjSXEqDtNw\"]},{\"@type\":\"Person\",\"@id\":\"https:\/\/www.macapflag.com\/blog\/#\/schema\/person\/3fea701f2603875e651e6b662578fc3c\",\"name\":\"Blog Macap\",\"image\":{\"@type\":\"ImageObject\",\"inLanguage\":\"fr-FR\",\"@id\":\"https:\/\/www.macapflag.com\/blog\/#\/schema\/person\/image\/\",\"url\":\"https:\/\/secure.gravatar.com\/avatar\/c12551f2dc51f0db049633b03e7856985477a70da834cc8967dea4ce54bdd6a2?s=96&d=mm&r=g\",\"contentUrl\":\"https:\/\/secure.gravatar.com\/avatar\/c12551f2dc51f0db049633b03e7856985477a70da834cc8967dea4ce54bdd6a2?s=96&d=mm&r=g\",\"caption\":\"Blog Macap\"},\"url\":\"https:\/\/www.macapflag.com\/blog\/author\/macap\/\"}]}<\/script>\n<!-- \/ Yoast SEO plugin. -->","yoast_head_json":{"title":"Pourquoi faut-il privil\u00e9gier la fabrication fran\u00e7aise ? Pourquoi c'est bien ?","description":"Privil\u00e9gier le made in france est b\u00e9n\u00e9fique, \u00e9conomiquement, \u00e9cologiquement, socialement. Pourquoi et comment consommer local ?","robots":{"index":"index","follow":"follow","max-snippet":"max-snippet:-1","max-image-preview":"max-image-preview:large","max-video-preview":"max-video-preview:-1"},"canonical":"https:\/\/www.macapflag.com\/blog\/made-in-france\/","og_locale":"fr_FR","og_type":"article","og_title":"Pourquoi faut-il privil\u00e9gier la fabrication fran\u00e7aise ? Pourquoi c'est bien ?","og_description":"Privil\u00e9gier le made in france est b\u00e9n\u00e9fique, \u00e9conomiquement, \u00e9cologiquement, socialement. Pourquoi et comment consommer local ?","og_url":"https:\/\/www.macapflag.com\/blog\/made-in-france\/","og_site_name":"Blog - Macap","article_publisher":"https:\/\/www.facebook.com\/macap.pavoisement\/","article_published_time":"2021-02-16T07:00:00+00:00","article_modified_time":"2021-10-28T12:23:47+00:00","og_image":[{"width":870,"height":600,"url":"https:\/\/www.macapflag.com\/blog\/wp-content\/uploads\/2021\/02\/fabrication-francaise.jpg","type":"image\/jpeg"}],"author":"Blog Macap","twitter_card":"summary_large_image","twitter_misc":{"\u00c9crit par":"Blog Macap","Dur\u00e9e de lecture estim\u00e9e":"5 minutes"},"schema":{"@context":"https:\/\/schema.org","@graph":[{"@type":"Article","@id":"https:\/\/www.macapflag.com\/blog\/made-in-france\/#article","isPartOf":{"@id":"https:\/\/www.macapflag.com\/blog\/made-in-france\/"},"author":{"name":"Blog Macap","@id":"https:\/\/www.macapflag.com\/blog\/#\/schema\/person\/3fea701f2603875e651e6b662578fc3c"},"headline":"La fabrication fran\u00e7aise, pourquoi la privil\u00e9gier ?","datePublished":"2021-02-16T07:00:00+00:00","dateModified":"2021-10-28T12:23:47+00:00","mainEntityOfPage":{"@id":"https:\/\/www.macapflag.com\/blog\/made-in-france\/"},"wordCount":1023,"publisher":{"@id":"https:\/\/www.macapflag.com\/blog\/#organization"},"image":{"@id":"https:\/\/www.macapflag.com\/blog\/made-in-france\/#primaryimage"},"thumbnailUrl":"https:\/\/www.macapflag.com\/blog\/wp-content\/uploads\/2021\/02\/fabrication-francaise.jpg","articleSection":["L'univers technique","Le monde de la Com'"],"inLanguage":"fr-FR"},{"@type":"WebPage","@id":"https:\/\/www.macapflag.com\/blog\/made-in-france\/","url":"https:\/\/www.macapflag.com\/blog\/made-in-france\/","name":"Pourquoi faut-il privil\u00e9gier la fabrication fran\u00e7aise ? Pourquoi c'est bien ?","isPartOf":{"@id":"https:\/\/www.macapflag.com\/blog\/#website"},"primaryImageOfPage":{"@id":"https:\/\/www.macapflag.com\/blog\/made-in-france\/#primaryimage"},"image":{"@id":"https:\/\/www.macapflag.com\/blog\/made-in-france\/#primaryimage"},"thumbnailUrl":"https:\/\/www.macapflag.com\/blog\/wp-content\/uploads\/2021\/02\/fabrication-francaise.jpg","datePublished":"2021-02-16T07:00:00+00:00","dateModified":"2021-10-28T12:23:47+00:00","description":"Privil\u00e9gier le made in france est b\u00e9n\u00e9fique, \u00e9conomiquement, \u00e9cologiquement, socialement. Pourquoi et comment consommer local ?","breadcrumb":{"@id":"https:\/\/www.macapflag.com\/blog\/made-in-france\/#breadcrumb"},"inLanguage":"fr-FR","potentialAction":[{"@type":"ReadAction","target":["https:\/\/www.macapflag.com\/blog\/made-in-france\/"]}]},{"@type":"ImageObject","inLanguage":"fr-FR","@id":"https:\/\/www.macapflag.com\/blog\/made-in-france\/#primaryimage","url":"https:\/\/www.macapflag.com\/blog\/wp-content\/uploads\/2021\/02\/fabrication-francaise.jpg","contentUrl":"https:\/\/www.macapflag.com\/blog\/wp-content\/uploads\/2021\/02\/fabrication-francaise.jpg","width":870,"height":600,"caption":"Privil\u00e9gier la fabrication fran\u00e7aise c'est possible"},{"@type":"BreadcrumbList","@id":"https:\/\/www.macapflag.com\/blog\/made-in-france\/#breadcrumb","itemListElement":[{"@type":"ListItem","position":1,"name":"Accueil","item":"https:\/\/www.macapflag.com\/blog\/"},{"@type":"ListItem","position":2,"name":"La fabrication fran\u00e7aise, pourquoi la privil\u00e9gier ?"}]},{"@type":"WebSite","@id":"https:\/\/www.macapflag.com\/blog\/#website","url":"https:\/\/www.macapflag.com\/blog\/","name":"Blog - Macap","description":"Tous nos articles","publisher":{"@id":"https:\/\/www.macapflag.com\/blog\/#organization"},"potentialAction":[{"@type":"SearchAction","target":{"@type":"EntryPoint","urlTemplate":"https:\/\/www.macapflag.com\/blog\/?s={search_term_string}"},"query-input":{"@type":"PropertyValueSpecification","valueRequired":true,"valueName":"search_term_string"}}],"inLanguage":"fr-FR"},{"@type":"Organization","@id":"https:\/\/www.macapflag.com\/blog\/#organization","name":"macapflag","url":"https:\/\/www.macapflag.com\/blog\/","logo":{"@type":"ImageObject","inLanguage":"fr-FR","@id":"https:\/\/www.macapflag.com\/blog\/#\/schema\/logo\/image\/","url":"https:\/\/www.macapflag.com\/blog\/wp-content\/uploads\/2020\/12\/cropped-M-512-1.png","contentUrl":"https:\/\/www.macapflag.com\/blog\/wp-content\/uploads\/2020\/12\/cropped-M-512-1.png","width":512,"height":512,"caption":"macapflag"},"image":{"@id":"https:\/\/www.macapflag.com\/blog\/#\/schema\/logo\/image\/"},"sameAs":["https:\/\/www.facebook.com\/macap.pavoisement\/","https:\/\/www.instagram.com\/macapflag\/?hl=fr","https:\/\/www.linkedin.com\/company\/macap\/?originalSubdomain=fr","https:\/\/www.youtube.com\/channel\/UCXNzTIdZh9poEBjSXEqDtNw"]},{"@type":"Person","@id":"https:\/\/www.macapflag.com\/blog\/#\/schema\/person\/3fea701f2603875e651e6b662578fc3c","name":"Blog Macap","image":{"@type":"ImageObject","inLanguage":"fr-FR","@id":"https:\/\/www.macapflag.com\/blog\/#\/schema\/person\/image\/","url":"https:\/\/secure.gravatar.com\/avatar\/c12551f2dc51f0db049633b03e7856985477a70da834cc8967dea4ce54bdd6a2?s=96&d=mm&r=g","contentUrl":"https:\/\/secure.gravatar.com\/avatar\/c12551f2dc51f0db049633b03e7856985477a70da834cc8967dea4ce54bdd6a2?s=96&d=mm&r=g","caption":"Blog Macap"},"url":"https:\/\/www.macapflag.com\/blog\/author\/macap\/"}]}},"_links":{"self":[{"href":"https:\/\/www.macapflag.com\/blog\/wp-json\/wp\/v2\/posts\/6323","targetHints":{"allow":["GET"]}}],"collection":[{"href":"https:\/\/www.macapflag.com\/blog\/wp-json\/wp\/v2\/posts"}],"about":[{"href":"https:\/\/www.macapflag.com\/blog\/wp-json\/wp\/v2\/types\/post"}],"author":[{"embeddable":true,"href":"https:\/\/www.macapflag.com\/blog\/wp-json\/wp\/v2\/users\/2"}],"replies":[{"embeddable":true,"href":"https:\/\/www.macapflag.com\/blog\/wp-json\/wp\/v2\/comments?post=6323"}],"version-history":[{"count":42,"href":"https:\/\/www.macapflag.com\/blog\/wp-json\/wp\/v2\/posts\/6323\/revisions"}],"predecessor-version":[{"id":8533,"href":"https:\/\/www.macapflag.com\/blog\/wp-json\/wp\/v2\/posts\/6323\/revisions\/8533"}],"wp:featuredmedia":[{"embeddable":true,"href":"https:\/\/www.macapflag.com\/blog\/wp-json\/wp\/v2\/media\/6325"}],"wp:attachment":[{"href":"https:\/\/www.macapflag.com\/blog\/wp-json\/wp\/v2\/media?parent=6323"}],"wp:term":[{"taxonomy":"category","embeddable":true,"href":"https:\/\/www.macapflag.com\/blog\/wp-json\/wp\/v2\/categories?post=6323"},{"taxonomy":"post_tag","embeddable":true,"href":"https:\/\/www.macapflag.com\/blog\/wp-json\/wp\/v2\/tags?post=6323"}],"curies":[{"name":"wp","href":"https:\/\/api.w.org\/{rel}","templated":true}]}}