{"id":6377,"date":"2025-08-27T08:00:02","date_gmt":"2025-08-27T06:00:02","guid":{"rendered":"https:\/\/www.macapflag.com\/blog\/?p=6377"},"modified":"2025-08-27T08:00:02","modified_gmt":"2025-08-27T06:00:02","slug":"regions","status":"publish","type":"post","link":"https:\/\/www.macapflag.com\/blog\/regions\/","title":{"rendered":"Les drapeaux de l&#8217;univers France, drapeaux r\u00e9gions"},"content":{"rendered":"\t\t<div data-elementor-type=\"wp-post\" data-elementor-id=\"6377\" class=\"elementor elementor-6377\">\n\t\t\t\t\t\t<section class=\"elementor-section elementor-top-section elementor-element elementor-element-52ac31f elementor-section-boxed elementor-section-height-default elementor-section-height-default\" data-id=\"52ac31f\" data-element_type=\"section\">\n\t\t\t\t\t\t<div class=\"elementor-container elementor-column-gap-default\">\n\t\t\t\t\t<div class=\"elementor-column elementor-col-100 elementor-top-column elementor-element elementor-element-d17980e\" data-id=\"d17980e\" data-element_type=\"column\">\n\t\t\t<div class=\"elementor-widget-wrap elementor-element-populated\">\n\t\t\t\t\t\t<div class=\"elementor-element elementor-element-d57da39 elementor-widget elementor-widget-text-editor\" data-id=\"d57da39\" data-element_type=\"widget\" data-widget_type=\"text-editor.default\">\n\t\t\t\t<div class=\"elementor-widget-container\">\n\t\t\t\t\t\t\t\t\t<p>Lorsque l\u2019on pense drapeaux, on pense instinctivement au drapeau de la France, de l\u2019Europe ou aux drapeaux des pays du monde. Pourtant l&#8217;univers des drapeaux officiels ne s\u2019arr\u00eate pas l\u00e0. En France, chaque r\u00e9gion\u00a0(et chaque province) a son propre embl\u00e8me d\u00e9clin\u00e9 sur un pavillon.<\/p>\t\t\t\t\t\t\t\t<\/div>\n\t\t\t\t<\/div>\n\t\t\t\t\t<\/div>\n\t\t<\/div>\n\t\t\t\t\t<\/div>\n\t\t<\/section>\n\t\t\t\t<section class=\"elementor-section elementor-top-section elementor-element elementor-element-f3aefaf elementor-section-boxed elementor-section-height-default elementor-section-height-default\" data-id=\"f3aefaf\" data-element_type=\"section\">\n\t\t\t\t\t\t<div class=\"elementor-container elementor-column-gap-default\">\n\t\t\t\t\t<div class=\"elementor-column elementor-col-100 elementor-top-column elementor-element elementor-element-d9cb3f7\" data-id=\"d9cb3f7\" data-element_type=\"column\">\n\t\t\t<div class=\"elementor-widget-wrap elementor-element-populated\">\n\t\t\t\t\t\t<div class=\"elementor-element elementor-element-f77451b elementor-widget elementor-widget-text-editor\" data-id=\"f77451b\" data-element_type=\"widget\" data-widget_type=\"text-editor.default\">\n\t\t\t\t<div class=\"elementor-widget-container\">\n\t\t\t\t\t\t\t\t\t<h2>Mieux comprendre les r\u00e9gions fran\u00e7aises :<\/h2><h3>Combien existe-t-il de r\u00e9gions fran\u00e7aises ?<\/h3><p>La France compte aujourd\u2019hui 13 r\u00e9gions m\u00e9tropolitaines et 5 r\u00e9gions ultramarines.<br \/>Le dernier d\u00e9coupage du territoire est entr\u00e9 en vigueur sous la pr\u00e9sidence de Fran\u00e7ois Hollande, le 1er janvier 2016.<\/p><p>Chaque r\u00e9gion est compos\u00e9e de d\u00e9partements eux-m\u00eames divis\u00e9s en communes (\u00e0 l\u2019exception des r\u00e9gions de l&#8217;Outre-mer qui sont monod\u00e9partementales).\u00a0Un repr\u00e9sentant de l\u2019Etat est charg\u00e9 de chacune des r\u00e9gions, il s\u2019agit du pr\u00e9fet (le pr\u00e9fet de r\u00e9gion est le pr\u00e9fet du d\u00e9partement dans lequel est situ\u00e9 le chef-lieu r\u00e9gional).<\/p><h3>Quelles sont les r\u00e9gions officielles fran\u00e7aises ?<\/h3>\t\t\t\t\t\t\t\t<\/div>\n\t\t\t\t<\/div>\n\t\t\t\t\t<\/div>\n\t\t<\/div>\n\t\t\t\t\t<\/div>\n\t\t<\/section>\n\t\t\t\t<section class=\"elementor-section elementor-top-section elementor-element elementor-element-40bfe96 elementor-section-boxed elementor-section-height-default elementor-section-height-default\" data-id=\"40bfe96\" data-element_type=\"section\">\n\t\t\t\t\t\t<div class=\"elementor-container elementor-column-gap-default\">\n\t\t\t\t\t<div class=\"elementor-column elementor-col-100 elementor-top-column elementor-element elementor-element-793b55f\" data-id=\"793b55f\" data-element_type=\"column\">\n\t\t\t<div class=\"elementor-widget-wrap elementor-element-populated\">\n\t\t\t\t\t\t<div class=\"elementor-element elementor-element-aa56df2 elementor-widget elementor-widget-image\" data-id=\"aa56df2\" data-element_type=\"widget\" data-widget_type=\"image.default\">\n\t\t\t\t<div class=\"elementor-widget-container\">\n\t\t\t\t\t\t\t\t\t\t\t\t<figure class=\"wp-caption\">\n\t\t\t\t\t\t\t\t\t\t<img fetchpriority=\"high\" decoding=\"async\" width=\"700\" height=\"534\" src=\"https:\/\/www.macapflag.com\/blog\/wp-content\/uploads\/2021\/02\/carte-france-des-regions.jpg\" class=\"attachment-large size-large wp-image-6380\" alt=\"Carte de France des r\u00e9gions fran\u00e7aises\" srcset=\"https:\/\/www.macapflag.com\/blog\/wp-content\/uploads\/2021\/02\/carte-france-des-regions.jpg 700w, https:\/\/www.macapflag.com\/blog\/wp-content\/uploads\/2021\/02\/carte-france-des-regions-300x229.jpg 300w\" sizes=\"(max-width: 700px) 100vw, 700px\" \/>\t\t\t\t\t\t\t\t\t\t\t<figcaption class=\"widget-image-caption wp-caption-text\">Carte de France des r\u00e9gions m\u00e9tropolitaines et ultramarines<\/figcaption>\n\t\t\t\t\t\t\t\t\t\t<\/figure>\n\t\t\t\t\t\t\t\t\t<\/div>\n\t\t\t\t<\/div>\n\t\t\t\t\t<\/div>\n\t\t<\/div>\n\t\t\t\t\t<\/div>\n\t\t<\/section>\n\t\t\t\t<section class=\"elementor-section elementor-top-section elementor-element elementor-element-c16f78c elementor-section-boxed elementor-section-height-default elementor-section-height-default\" data-id=\"c16f78c\" data-element_type=\"section\">\n\t\t\t\t\t\t<div class=\"elementor-container elementor-column-gap-default\">\n\t\t\t\t\t<div class=\"elementor-column elementor-col-100 elementor-top-column elementor-element elementor-element-eb698c9\" data-id=\"eb698c9\" data-element_type=\"column\">\n\t\t\t<div class=\"elementor-widget-wrap elementor-element-populated\">\n\t\t\t\t\t\t<div class=\"elementor-element elementor-element-7c2702a elementor-widget elementor-widget-text-editor\" data-id=\"7c2702a\" data-element_type=\"widget\" data-widget_type=\"text-editor.default\">\n\t\t\t\t<div class=\"elementor-widget-container\">\n\t\t\t\t\t\t\t\t\t<h4>Les r\u00e9gions m\u00e9tropolitaines fran\u00e7aises :<\/h4>\t\t\t\t\t\t\t\t<\/div>\n\t\t\t\t<\/div>\n\t\t\t\t\t<\/div>\n\t\t<\/div>\n\t\t\t\t\t<\/div>\n\t\t<\/section>\n\t\t\t\t<section class=\"elementor-section elementor-top-section elementor-element elementor-element-c6b1b12 elementor-section-boxed elementor-section-height-default elementor-section-height-default\" data-id=\"c6b1b12\" data-element_type=\"section\">\n\t\t\t\t\t\t<div class=\"elementor-container elementor-column-gap-default\">\n\t\t\t\t\t<div class=\"elementor-column elementor-col-50 elementor-top-column elementor-element elementor-element-12eb86a\" data-id=\"12eb86a\" data-element_type=\"column\">\n\t\t\t<div class=\"elementor-widget-wrap elementor-element-populated\">\n\t\t\t\t\t\t<div class=\"elementor-element elementor-element-168bcd9 elementor-widget elementor-widget-text-editor\" data-id=\"168bcd9\" data-element_type=\"widget\" data-widget_type=\"text-editor.default\">\n\t\t\t\t<div class=\"elementor-widget-container\">\n\t\t\t\t\t\t\t\t\t<p>\u2022 Auvergne-Rh\u00f4ne-Alpes<br \/>\u2022 Bourgogne-Franche-Comt\u00e9<br \/>\u2022 Bretagne<br \/>\u2022 Centre-Val de Loire<br \/>\u2022 Corse<br \/>\u2022 Grand Est<\/p>\t\t\t\t\t\t\t\t<\/div>\n\t\t\t\t<\/div>\n\t\t\t\t\t<\/div>\n\t\t<\/div>\n\t\t\t\t<div class=\"elementor-column elementor-col-50 elementor-top-column elementor-element elementor-element-cfdea23\" data-id=\"cfdea23\" data-element_type=\"column\">\n\t\t\t<div class=\"elementor-widget-wrap elementor-element-populated\">\n\t\t\t\t\t\t<div class=\"elementor-element elementor-element-7cdfdea elementor-widget elementor-widget-text-editor\" data-id=\"7cdfdea\" data-element_type=\"widget\" data-widget_type=\"text-editor.default\">\n\t\t\t\t<div class=\"elementor-widget-container\">\n\t\t\t\t\t\t\t\t\t<p>\u2022 Hauts-de-France<br \/>\u2022 \u00cele-de-France<br \/>\u2022 Normandie<br \/>\u2022 Nouvelle-Aquitaine<br \/>\u2022 Occitanie<br \/>\u2022 Pays de la Loire<br \/>\u2022 Provence-Alpes-C\u00f4te d&#8217;Azur<\/p>\t\t\t\t\t\t\t\t<\/div>\n\t\t\t\t<\/div>\n\t\t\t\t\t<\/div>\n\t\t<\/div>\n\t\t\t\t\t<\/div>\n\t\t<\/section>\n\t\t\t\t<section class=\"elementor-section elementor-top-section elementor-element elementor-element-a49b71a elementor-section-boxed elementor-section-height-default elementor-section-height-default\" data-id=\"a49b71a\" data-element_type=\"section\">\n\t\t\t\t\t\t<div class=\"elementor-container elementor-column-gap-default\">\n\t\t\t\t\t<div class=\"elementor-column elementor-col-100 elementor-top-column elementor-element elementor-element-ab8d474\" data-id=\"ab8d474\" data-element_type=\"column\">\n\t\t\t<div class=\"elementor-widget-wrap elementor-element-populated\">\n\t\t\t\t\t\t<div class=\"elementor-element elementor-element-9613773 elementor-widget elementor-widget-text-editor\" data-id=\"9613773\" data-element_type=\"widget\" data-widget_type=\"text-editor.default\">\n\t\t\t\t<div class=\"elementor-widget-container\">\n\t\t\t\t\t\t\t\t\t<h4>Les r\u00e9gions ultramarines fran\u00e7aises :<\/h4>\t\t\t\t\t\t\t\t<\/div>\n\t\t\t\t<\/div>\n\t\t\t\t\t<\/div>\n\t\t<\/div>\n\t\t\t\t\t<\/div>\n\t\t<\/section>\n\t\t\t\t<section class=\"elementor-section elementor-top-section elementor-element elementor-element-0519dda elementor-section-boxed elementor-section-height-default elementor-section-height-default\" data-id=\"0519dda\" data-element_type=\"section\">\n\t\t\t\t\t\t<div class=\"elementor-container elementor-column-gap-default\">\n\t\t\t\t\t<div class=\"elementor-column elementor-col-50 elementor-top-column elementor-element elementor-element-89021b4\" data-id=\"89021b4\" data-element_type=\"column\">\n\t\t\t<div class=\"elementor-widget-wrap elementor-element-populated\">\n\t\t\t\t\t\t<div class=\"elementor-element elementor-element-989023b elementor-widget elementor-widget-text-editor\" data-id=\"989023b\" data-element_type=\"widget\" data-widget_type=\"text-editor.default\">\n\t\t\t\t<div class=\"elementor-widget-container\">\n\t\t\t\t\t\t\t\t\t<p>\u2022 Guadeloupe<br \/>\u2022 Martinique<br \/>\u2022 Guyane<\/p>\t\t\t\t\t\t\t\t<\/div>\n\t\t\t\t<\/div>\n\t\t\t\t\t<\/div>\n\t\t<\/div>\n\t\t\t\t<div class=\"elementor-column elementor-col-50 elementor-top-column elementor-element elementor-element-c8b1948\" data-id=\"c8b1948\" data-element_type=\"column\">\n\t\t\t<div class=\"elementor-widget-wrap elementor-element-populated\">\n\t\t\t\t\t\t<div class=\"elementor-element elementor-element-3c94c0d elementor-widget elementor-widget-text-editor\" data-id=\"3c94c0d\" data-element_type=\"widget\" data-widget_type=\"text-editor.default\">\n\t\t\t\t<div class=\"elementor-widget-container\">\n\t\t\t\t\t\t\t\t\t<p>\u2022 La R\u00e9union<br \/>\u2022 Mayotte<\/p>\t\t\t\t\t\t\t\t<\/div>\n\t\t\t\t<\/div>\n\t\t\t\t\t<\/div>\n\t\t<\/div>\n\t\t\t\t\t<\/div>\n\t\t<\/section>\n\t\t\t\t<section class=\"elementor-section elementor-top-section elementor-element elementor-element-c66b328 elementor-section-boxed elementor-section-height-default elementor-section-height-default\" data-id=\"c66b328\" data-element_type=\"section\">\n\t\t\t\t\t\t<div class=\"elementor-container elementor-column-gap-default\">\n\t\t\t\t\t<div class=\"elementor-column elementor-col-100 elementor-top-column elementor-element elementor-element-b881a4e\" data-id=\"b881a4e\" data-element_type=\"column\">\n\t\t\t<div class=\"elementor-widget-wrap elementor-element-populated\">\n\t\t\t\t\t\t<div class=\"elementor-element elementor-element-13802cd elementor-widget elementor-widget-text-editor\" data-id=\"13802cd\" data-element_type=\"widget\" data-widget_type=\"text-editor.default\">\n\t\t\t\t<div class=\"elementor-widget-container\">\n\t\t\t\t\t\t\t\t\t<h3>L&#8217;histoire des r\u00e9gions fran\u00e7aises<\/h3>\t\t\t\t\t\t\t\t<\/div>\n\t\t\t\t<\/div>\n\t\t\t\t\t<\/div>\n\t\t<\/div>\n\t\t\t\t\t<\/div>\n\t\t<\/section>\n\t\t\t\t<section class=\"elementor-section elementor-top-section elementor-element elementor-element-e515769 elementor-section-boxed elementor-section-height-default elementor-section-height-default\" data-id=\"e515769\" data-element_type=\"section\">\n\t\t\t\t\t\t<div class=\"elementor-container elementor-column-gap-default\">\n\t\t\t\t\t<div class=\"elementor-column elementor-col-100 elementor-top-column elementor-element elementor-element-c4706c6\" data-id=\"c4706c6\" data-element_type=\"column\">\n\t\t\t<div class=\"elementor-widget-wrap elementor-element-populated\">\n\t\t\t\t\t\t<div class=\"elementor-element elementor-element-aeed3f1 elementor-widget elementor-widget-text-editor\" data-id=\"aeed3f1\" data-element_type=\"widget\" data-widget_type=\"text-editor.default\">\n\t\t\t\t<div class=\"elementor-widget-container\">\n\t\t\t\t\t\t\t\t\t<p>Sous l\u2019ancien r\u00e9gime, le royaume de france \u00e9tait d\u00e9coup\u00e9 en territoires alors d\u00e9nomm\u00e9s provinces.<br \/>En 1954, des comit\u00e9s r\u00e9gionaux d\u2019expansion voient le jour, issus d\u2019initiatives priv\u00e9es agr\u00e9\u00e9es par l\u2019Etat. <br \/>En 1955, 21 r\u00e9gions \u00e9conomiques sont cr\u00e9\u00e9es mais c\u2019est \u00e0 partir de l\u2019ann\u00e9e 1959 qu\u2019elles deviennent des circonscriptions d\u2019action r\u00e9gionale d\u00e9centralisant ainsi le pouvoir. <br \/>En 1963, les 21 r\u00e9gions deviennent \u00e9galement administratives avec la nomination d\u2019un pr\u00e9fet pour chacune d\u2019entre elles.<br \/>Depuis cette date, plusieurs modifications du statut des r\u00e9gions sont intervenues, visant \u00e0 accentuer la d\u00e9centralisation du pouvoir de l\u2019Etat au niveau de la r\u00e9gion.<br \/>Elles sont aujourd\u2019hui au nombre de 18.<\/p>\t\t\t\t\t\t\t\t<\/div>\n\t\t\t\t<\/div>\n\t\t\t\t\t<\/div>\n\t\t<\/div>\n\t\t\t\t\t<\/div>\n\t\t<\/section>\n\t\t\t\t<section class=\"elementor-section elementor-top-section elementor-element elementor-element-7417fe3 elementor-section-boxed elementor-section-height-default elementor-section-height-default\" data-id=\"7417fe3\" data-element_type=\"section\">\n\t\t\t\t\t\t<div class=\"elementor-container elementor-column-gap-default\">\n\t\t\t\t\t<div class=\"elementor-column elementor-col-100 elementor-top-column elementor-element elementor-element-f106ae5\" data-id=\"f106ae5\" data-element_type=\"column\">\n\t\t\t<div class=\"elementor-widget-wrap elementor-element-populated\">\n\t\t\t\t\t\t<div class=\"elementor-element elementor-element-d076eaa elementor-widget elementor-widget-text-editor\" data-id=\"d076eaa\" data-element_type=\"widget\" data-widget_type=\"text-editor.default\">\n\t\t\t\t<div class=\"elementor-widget-container\">\n\t\t\t\t\t\t\t\t\t<h3>Quelle diff\u00e9rence entre une region et une province ?<\/h3>\t\t\t\t\t\t\t\t<\/div>\n\t\t\t\t<\/div>\n\t\t\t\t\t<\/div>\n\t\t<\/div>\n\t\t\t\t\t<\/div>\n\t\t<\/section>\n\t\t\t\t<section class=\"elementor-section elementor-top-section elementor-element elementor-element-bf1598a elementor-section-boxed elementor-section-height-default elementor-section-height-default\" data-id=\"bf1598a\" data-element_type=\"section\">\n\t\t\t\t\t\t<div class=\"elementor-container elementor-column-gap-default\">\n\t\t\t\t\t<div class=\"elementor-column elementor-col-50 elementor-top-column elementor-element elementor-element-e37fa9b\" data-id=\"e37fa9b\" data-element_type=\"column\">\n\t\t\t<div class=\"elementor-widget-wrap elementor-element-populated\">\n\t\t\t\t\t\t<div class=\"elementor-element elementor-element-29486a3 elementor-widget elementor-widget-image\" data-id=\"29486a3\" data-element_type=\"widget\" data-widget_type=\"image.default\">\n\t\t\t\t<div class=\"elementor-widget-container\">\n\t\t\t\t\t\t\t\t\t\t\t\t<figure class=\"wp-caption\">\n\t\t\t\t\t\t\t\t\t\t\t<a href=\"https:\/\/www.macapflag.com\/drapeau-officiel-pour-mat\/34-drapeau-des-regions-francaises-officiel.html\">\n\t\t\t\t\t\t\t<img decoding=\"async\" width=\"700\" height=\"534\" src=\"https:\/\/www.macapflag.com\/blog\/wp-content\/uploads\/2021\/02\/drapaeaux-regions-france.jpg\" class=\"attachment-large size-large wp-image-6408\" alt=\"\" srcset=\"https:\/\/www.macapflag.com\/blog\/wp-content\/uploads\/2021\/02\/drapaeaux-regions-france.jpg 700w, https:\/\/www.macapflag.com\/blog\/wp-content\/uploads\/2021\/02\/drapaeaux-regions-france-300x229.jpg 300w\" sizes=\"(max-width: 700px) 100vw, 700px\" \/>\t\t\t\t\t\t\t\t<\/a>\n\t\t\t\t\t\t\t\t\t\t\t<figcaption class=\"widget-image-caption wp-caption-text\">Drapeaux des r\u00e9gions<\/figcaption>\n\t\t\t\t\t\t\t\t\t\t<\/figure>\n\t\t\t\t\t\t\t\t\t<\/div>\n\t\t\t\t<\/div>\n\t\t\t\t\t<\/div>\n\t\t<\/div>\n\t\t\t\t<div class=\"elementor-column elementor-col-50 elementor-top-column elementor-element elementor-element-d6d9d71\" data-id=\"d6d9d71\" data-element_type=\"column\">\n\t\t\t<div class=\"elementor-widget-wrap elementor-element-populated\">\n\t\t\t\t\t\t<div class=\"elementor-element elementor-element-d41eb25 elementor-widget elementor-widget-image\" data-id=\"d41eb25\" data-element_type=\"widget\" data-widget_type=\"image.default\">\n\t\t\t\t<div class=\"elementor-widget-container\">\n\t\t\t\t\t\t\t\t\t\t\t\t<figure class=\"wp-caption\">\n\t\t\t\t\t\t\t\t\t\t\t<a href=\"https:\/\/www.macapflag.com\/drapeau-officiel-pour-mat\/440455-drapeau-des-provinces-francaises-officiel.html\">\n\t\t\t\t\t\t\t<img decoding=\"async\" width=\"700\" height=\"534\" src=\"https:\/\/www.macapflag.com\/blog\/wp-content\/uploads\/2021\/02\/drapeaux-provinces-france.jpg\" class=\"attachment-large size-large wp-image-6409\" alt=\"Drapeaux des provinces fran\u00e7aises\" srcset=\"https:\/\/www.macapflag.com\/blog\/wp-content\/uploads\/2021\/02\/drapeaux-provinces-france.jpg 700w, https:\/\/www.macapflag.com\/blog\/wp-content\/uploads\/2021\/02\/drapeaux-provinces-france-300x229.jpg 300w\" sizes=\"(max-width: 700px) 100vw, 700px\" \/>\t\t\t\t\t\t\t\t<\/a>\n\t\t\t\t\t\t\t\t\t\t\t<figcaption class=\"widget-image-caption wp-caption-text\">Drapeaux des provinces<\/figcaption>\n\t\t\t\t\t\t\t\t\t\t<\/figure>\n\t\t\t\t\t\t\t\t\t<\/div>\n\t\t\t\t<\/div>\n\t\t\t\t\t<\/div>\n\t\t<\/div>\n\t\t\t\t\t<\/div>\n\t\t<\/section>\n\t\t\t\t<section class=\"elementor-section elementor-top-section elementor-element elementor-element-a3f02f0 elementor-section-boxed elementor-section-height-default elementor-section-height-default\" data-id=\"a3f02f0\" data-element_type=\"section\">\n\t\t\t\t\t\t<div class=\"elementor-container elementor-column-gap-default\">\n\t\t\t\t\t<div class=\"elementor-column elementor-col-100 elementor-top-column elementor-element elementor-element-a820ebb\" data-id=\"a820ebb\" data-element_type=\"column\">\n\t\t\t<div class=\"elementor-widget-wrap elementor-element-populated\">\n\t\t\t\t\t\t<div class=\"elementor-element elementor-element-4fbdac8 elementor-widget elementor-widget-text-editor\" data-id=\"4fbdac8\" data-element_type=\"widget\" data-widget_type=\"text-editor.default\">\n\t\t\t\t<div class=\"elementor-widget-container\">\n\t\t\t\t\t\t\t\t\t<p>Le d\u00e9coupage r\u00e9gional du pays a une fonction administrative et officielle alors que la notion de provinces rev\u00eat un caract\u00e8re plus folklorique et historique. <br \/>On retrouve d\u2019ailleurs cette diff\u00e9rence au niveau du pavoisement.<br \/>Le <a href=\"https:\/\/www.macapflag.com\/drapeau-officiel-pour-mat\/34-drapeau-des-regions-francaises-officiel.html\"><span style=\"color: #3366ff;\">pavillon region<\/span><\/a> d\u00e9core fr\u00e9quemment le hall de l&#8217;h\u00f4tel de r\u00e9gion ou le bureau du pr\u00e9fet de r\u00e9gion.<br \/>Le <a href=\"https:\/\/www.macapflag.com\/drapeau-officiel-pour-mat\/440455-drapeau-des-provinces-francaises-officiel.html\"><span style=\"color: #3366ff;\">drapeau province<\/span> <\/a>sera pr\u00e9f\u00e9r\u00e9 pour flotter sur un m\u00e2t ou lors des comm\u00e9morations et des f\u00eates locales.<br \/>On voue aux provinces un attachement affectif li\u00e9 \u00e0 des \u00e9l\u00e9ments historiques : la culture, les traditions et parfois m\u00eame la langue.<\/p>\t\t\t\t\t\t\t\t<\/div>\n\t\t\t\t<\/div>\n\t\t\t\t\t<\/div>\n\t\t<\/div>\n\t\t\t\t\t<\/div>\n\t\t<\/section>\n\t\t\t\t<section class=\"elementor-section elementor-top-section elementor-element elementor-element-5323562 elementor-section-boxed elementor-section-height-default elementor-section-height-default\" data-id=\"5323562\" data-element_type=\"section\">\n\t\t\t\t\t\t<div class=\"elementor-container elementor-column-gap-default\">\n\t\t\t\t\t<div class=\"elementor-column elementor-col-100 elementor-top-column elementor-element elementor-element-cfd1883\" data-id=\"cfd1883\" data-element_type=\"column\">\n\t\t\t<div class=\"elementor-widget-wrap elementor-element-populated\">\n\t\t\t\t\t\t<div class=\"elementor-element elementor-element-13a8ff1 elementor-widget elementor-widget-image\" data-id=\"13a8ff1\" data-element_type=\"widget\" data-widget_type=\"image.default\">\n\t\t\t\t<div class=\"elementor-widget-container\">\n\t\t\t\t\t\t\t\t\t\t\t\t<figure class=\"wp-caption\">\n\t\t\t\t\t\t\t\t\t\t<img loading=\"lazy\" decoding=\"async\" width=\"700\" height=\"534\" src=\"https:\/\/www.macapflag.com\/blog\/wp-content\/uploads\/2021\/02\/region-provinces-nouvelle-aquitaine.jpg\" class=\"attachment-large size-large wp-image-6390\" alt=\"\" srcset=\"https:\/\/www.macapflag.com\/blog\/wp-content\/uploads\/2021\/02\/region-provinces-nouvelle-aquitaine.jpg 700w, https:\/\/www.macapflag.com\/blog\/wp-content\/uploads\/2021\/02\/region-provinces-nouvelle-aquitaine-300x229.jpg 300w\" sizes=\"(max-width: 700px) 100vw, 700px\" \/>\t\t\t\t\t\t\t\t\t\t\t<figcaption class=\"widget-image-caption wp-caption-text\">La r\u00e9gion Nouvelle Aquitaine et ses provinces<\/figcaption>\n\t\t\t\t\t\t\t\t\t\t<\/figure>\n\t\t\t\t\t\t\t\t\t<\/div>\n\t\t\t\t<\/div>\n\t\t\t\t\t<\/div>\n\t\t<\/div>\n\t\t\t\t\t<\/div>\n\t\t<\/section>\n\t\t\t\t<section class=\"elementor-section elementor-top-section elementor-element elementor-element-caf44a0 elementor-section-boxed elementor-section-height-default elementor-section-height-default\" data-id=\"caf44a0\" data-element_type=\"section\">\n\t\t\t\t\t\t<div class=\"elementor-container elementor-column-gap-default\">\n\t\t\t\t\t<div class=\"elementor-column elementor-col-100 elementor-top-column elementor-element elementor-element-b4dc326\" data-id=\"b4dc326\" data-element_type=\"column\">\n\t\t\t<div class=\"elementor-widget-wrap elementor-element-populated\">\n\t\t\t\t\t\t<div class=\"elementor-element elementor-element-9b60b3c elementor-widget-divider--view-line elementor-widget elementor-widget-divider\" data-id=\"9b60b3c\" data-element_type=\"widget\" data-widget_type=\"divider.default\">\n\t\t\t\t<div class=\"elementor-widget-container\">\n\t\t\t\t\t\t\t<div class=\"elementor-divider\">\n\t\t\t<span class=\"elementor-divider-separator\">\n\t\t\t\t\t\t<\/span>\n\t\t<\/div>\n\t\t\t\t\t\t<\/div>\n\t\t\t\t<\/div>\n\t\t\t\t\t<\/div>\n\t\t<\/div>\n\t\t\t\t\t<\/div>\n\t\t<\/section>\n\t\t\t\t<section class=\"elementor-section elementor-top-section elementor-element elementor-element-14fce67 elementor-section-boxed elementor-section-height-default elementor-section-height-default\" data-id=\"14fce67\" data-element_type=\"section\">\n\t\t\t\t\t\t<div class=\"elementor-container elementor-column-gap-default\">\n\t\t\t\t\t<div class=\"elementor-column elementor-col-100 elementor-top-column elementor-element elementor-element-6c2697c\" data-id=\"6c2697c\" data-element_type=\"column\">\n\t\t\t<div class=\"elementor-widget-wrap elementor-element-populated\">\n\t\t\t\t\t\t<div class=\"elementor-element elementor-element-d5c75b5 elementor-widget elementor-widget-text-editor\" data-id=\"d5c75b5\" data-element_type=\"widget\" data-widget_type=\"text-editor.default\">\n\t\t\t\t<div class=\"elementor-widget-container\">\n\t\t\t\t\t\t\t\t\t<h2>Une r\u00e9gion, un drapeau.<\/h2>\t\t\t\t\t\t\t\t<\/div>\n\t\t\t\t<\/div>\n\t\t\t\t\t<\/div>\n\t\t<\/div>\n\t\t\t\t\t<\/div>\n\t\t<\/section>\n\t\t\t\t<section class=\"elementor-section elementor-top-section elementor-element elementor-element-a83bbe2 elementor-section-boxed elementor-section-height-default elementor-section-height-default\" data-id=\"a83bbe2\" data-element_type=\"section\">\n\t\t\t\t\t\t<div class=\"elementor-container elementor-column-gap-default\">\n\t\t\t\t\t<div class=\"elementor-column elementor-col-100 elementor-top-column elementor-element elementor-element-87c93ff\" data-id=\"87c93ff\" data-element_type=\"column\">\n\t\t\t<div class=\"elementor-widget-wrap elementor-element-populated\">\n\t\t\t\t\t\t<div class=\"elementor-element elementor-element-2abef80 elementor-widget elementor-widget-text-editor\" data-id=\"2abef80\" data-element_type=\"widget\" data-widget_type=\"text-editor.default\">\n\t\t\t\t<div class=\"elementor-widget-container\">\n\t\t\t\t\t\t\t\t\t<h3>Comment une r\u00e9gion choisit-elle son drapeau ?<\/h3>\t\t\t\t\t\t\t\t<\/div>\n\t\t\t\t<\/div>\n\t\t\t\t\t<\/div>\n\t\t<\/div>\n\t\t\t\t\t<\/div>\n\t\t<\/section>\n\t\t\t\t<section class=\"elementor-section elementor-top-section elementor-element elementor-element-56a9d7f elementor-section-boxed elementor-section-height-default elementor-section-height-default\" data-id=\"56a9d7f\" data-element_type=\"section\">\n\t\t\t\t\t\t<div class=\"elementor-container elementor-column-gap-default\">\n\t\t\t\t\t<div class=\"elementor-column elementor-col-100 elementor-top-column elementor-element elementor-element-ccde7b6\" data-id=\"ccde7b6\" data-element_type=\"column\">\n\t\t\t<div class=\"elementor-widget-wrap elementor-element-populated\">\n\t\t\t\t\t\t<div class=\"elementor-element elementor-element-2365257 elementor-widget elementor-widget-text-editor\" data-id=\"2365257\" data-element_type=\"widget\" data-widget_type=\"text-editor.default\">\n\t\t\t\t<div class=\"elementor-widget-container\">\n\t\t\t\t\t\t\t\t\t<p>Chaque r\u00e9gion administrative fran\u00e7aise est autonome dans le choix de l\u2019embl\u00e8me qui figure sur son drapeau. <br \/>Certaines r\u00e9gions ont opt\u00e9 pour un logo stylis\u00e9 \u00e0 tendance \u00e9pur\u00e9e (Auvergne-Rh\u00f4ne-Alpes, Grand-Est, Hauts-de-France, Pays-de-la-Loire \u2026) alors que d\u2019autres ont choisi un graphisme plus traditionnel rappelant celui de leurs provinces d\u2019origine (Bretagne, Normandie, R\u00e9gion-Sud, Mayotte). <br \/>Comme pour la cr\u00e9ation du logo d\u2019une marque, le drapeau d\u2019une r\u00e9gion est le produit de son identit\u00e9. Le design et les couleurs ne sont pas laiss\u00e9s au hasard. \u00c0 titre d\u2019exemple, les r\u00e9gions Guadeloupe et La R\u00e9union ont toutes les 2 choisi de repr\u00e9senter le soleil et la mer, atouts majeurs de leur attractivit\u00e9.<\/p>\t\t\t\t\t\t\t\t<\/div>\n\t\t\t\t<\/div>\n\t\t\t\t\t<\/div>\n\t\t<\/div>\n\t\t\t\t\t<\/div>\n\t\t<\/section>\n\t\t\t\t<section class=\"elementor-section elementor-top-section elementor-element elementor-element-a86ab49 elementor-section-boxed elementor-section-height-default elementor-section-height-default\" data-id=\"a86ab49\" data-element_type=\"section\">\n\t\t\t\t\t\t<div class=\"elementor-container elementor-column-gap-default\">\n\t\t\t\t\t<div class=\"elementor-column elementor-col-100 elementor-top-column elementor-element elementor-element-2d1aeda\" data-id=\"2d1aeda\" data-element_type=\"column\">\n\t\t\t<div class=\"elementor-widget-wrap elementor-element-populated\">\n\t\t\t\t\t\t<div class=\"elementor-element elementor-element-3abed77 elementor-widget elementor-widget-text-editor\" data-id=\"3abed77\" data-element_type=\"widget\" data-widget_type=\"text-editor.default\">\n\t\t\t\t<div class=\"elementor-widget-container\">\n\t\t\t\t\t\t\t\t\t<h3>Quelle est la forme du drapeau d\u2019une r\u00e9gion ?<\/h3>\t\t\t\t\t\t\t\t<\/div>\n\t\t\t\t<\/div>\n\t\t\t\t\t<\/div>\n\t\t<\/div>\n\t\t\t\t\t<\/div>\n\t\t<\/section>\n\t\t\t\t<section class=\"elementor-section elementor-top-section elementor-element elementor-element-2bb8ce1 elementor-section-boxed elementor-section-height-default elementor-section-height-default\" data-id=\"2bb8ce1\" data-element_type=\"section\">\n\t\t\t\t\t\t<div class=\"elementor-container elementor-column-gap-default\">\n\t\t\t\t\t<div class=\"elementor-column elementor-col-100 elementor-top-column elementor-element elementor-element-f75269c\" data-id=\"f75269c\" data-element_type=\"column\">\n\t\t\t<div class=\"elementor-widget-wrap elementor-element-populated\">\n\t\t\t\t\t\t<div class=\"elementor-element elementor-element-fc856c4 elementor-widget elementor-widget-image\" data-id=\"fc856c4\" data-element_type=\"widget\" data-widget_type=\"image.default\">\n\t\t\t\t<div class=\"elementor-widget-container\">\n\t\t\t\t\t\t\t\t\t\t\t\t<figure class=\"wp-caption\">\n\t\t\t\t\t\t\t\t\t\t<img loading=\"lazy\" decoding=\"async\" width=\"700\" height=\"534\" src=\"https:\/\/www.macapflag.com\/blog\/wp-content\/uploads\/2021\/02\/drapeau-region-formats.jpg\" class=\"attachment-large size-large wp-image-6394\" alt=\"\" srcset=\"https:\/\/www.macapflag.com\/blog\/wp-content\/uploads\/2021\/02\/drapeau-region-formats.jpg 700w, https:\/\/www.macapflag.com\/blog\/wp-content\/uploads\/2021\/02\/drapeau-region-formats-300x229.jpg 300w\" sizes=\"(max-width: 700px) 100vw, 700px\" \/>\t\t\t\t\t\t\t\t\t\t\t<figcaption class=\"widget-image-caption wp-caption-text\">D\u00e9clinaisons du drapeau de la r\u00e9gion Nouvelle Aquitaine<\/figcaption>\n\t\t\t\t\t\t\t\t\t\t<\/figure>\n\t\t\t\t\t\t\t\t\t<\/div>\n\t\t\t\t<\/div>\n\t\t\t\t\t<\/div>\n\t\t<\/div>\n\t\t\t\t\t<\/div>\n\t\t<\/section>\n\t\t\t\t<section class=\"elementor-section elementor-top-section elementor-element elementor-element-44cd043 elementor-section-boxed elementor-section-height-default elementor-section-height-default\" data-id=\"44cd043\" data-element_type=\"section\">\n\t\t\t\t\t\t<div class=\"elementor-container elementor-column-gap-default\">\n\t\t\t\t\t<div class=\"elementor-column elementor-col-100 elementor-top-column elementor-element elementor-element-034524d\" data-id=\"034524d\" data-element_type=\"column\">\n\t\t\t<div class=\"elementor-widget-wrap elementor-element-populated\">\n\t\t\t\t\t\t<div class=\"elementor-element elementor-element-5d76f43 elementor-widget elementor-widget-text-editor\" data-id=\"5d76f43\" data-element_type=\"widget\" data-widget_type=\"text-editor.default\">\n\t\t\t\t<div class=\"elementor-widget-container\">\n\t\t\t\t\t\t\t\t\t<p>L\u2019identit\u00e9 visuelle d\u2019une r\u00e9gion peut-\u00eatre d\u00e9clin\u00e9e sous de multiples formes de drapeaux :<br \/>\u2022 Drapeau de prestige fix\u00e9 sur une hampe bois pour les d\u00e9fil\u00e9s ou l\u2019ornement,<br \/>\u2022 Drapeau en textile \u00e0 agiter fix\u00e9 sur une hampe bois gainee de plastique bleu,<br \/>\u2022 Drapeau en papier ou en plastique de petit format fix\u00e9 sur une hampe plastique,<br \/>\u2022 Drapeau pavillon \u00e0 fixer sur un m\u00e2t pour flotter au vent,<br \/>\u2022 Drapeau de fa\u00e7ade sp\u00e9cialement adapt\u00e9 au m\u00e2t de fa\u00e7ade inclin\u00e9.<\/p><p>L\u2019embl\u00e8me r\u00e9gional est \u00e9galement fr\u00e9quemment utilis\u00e9 sur d\u2019autres supports de communication tels le kak\u00e9mono oriflamme suspendu, la<a href=\"https:\/\/www.macapflag.com\/125-guirlande-officielle\"><span style=\"color: #3366ff;\"> guirlande<\/span> <\/a>de fanions rectangulaires ou encore la nappe personnalis\u00e9e.<\/p>\t\t\t\t\t\t\t\t<\/div>\n\t\t\t\t<\/div>\n\t\t\t\t\t<\/div>\n\t\t<\/div>\n\t\t\t\t\t<\/div>\n\t\t<\/section>\n\t\t\t\t<section class=\"elementor-section elementor-top-section elementor-element elementor-element-a96bbdf elementor-section-boxed elementor-section-height-default elementor-section-height-default\" data-id=\"a96bbdf\" data-element_type=\"section\">\n\t\t\t\t\t\t<div class=\"elementor-container elementor-column-gap-default\">\n\t\t\t\t\t<div class=\"elementor-column elementor-col-100 elementor-top-column elementor-element elementor-element-be1bf6c\" data-id=\"be1bf6c\" data-element_type=\"column\">\n\t\t\t<div class=\"elementor-widget-wrap elementor-element-populated\">\n\t\t\t\t\t\t<div class=\"elementor-element elementor-element-3ff2645 elementor-widget elementor-widget-text-editor\" data-id=\"3ff2645\" data-element_type=\"widget\" data-widget_type=\"text-editor.default\">\n\t\t\t\t<div class=\"elementor-widget-container\">\n\t\t\t\t\t\t\t\t\t<h3>La forte valeur symbolique du drapeau<\/h3>\t\t\t\t\t\t\t\t<\/div>\n\t\t\t\t<\/div>\n\t\t\t\t\t<\/div>\n\t\t<\/div>\n\t\t\t\t\t<\/div>\n\t\t<\/section>\n\t\t\t\t<section class=\"elementor-section elementor-top-section elementor-element elementor-element-642d7dc elementor-section-boxed elementor-section-height-default elementor-section-height-default\" data-id=\"642d7dc\" data-element_type=\"section\">\n\t\t\t\t\t\t<div class=\"elementor-container elementor-column-gap-default\">\n\t\t\t\t\t<div class=\"elementor-column elementor-col-100 elementor-top-column elementor-element elementor-element-9c880b8\" data-id=\"9c880b8\" data-element_type=\"column\">\n\t\t\t<div class=\"elementor-widget-wrap elementor-element-populated\">\n\t\t\t\t\t\t<div class=\"elementor-element elementor-element-68e8972 elementor-widget elementor-widget-text-editor\" data-id=\"68e8972\" data-element_type=\"widget\" data-widget_type=\"text-editor.default\">\n\t\t\t\t<div class=\"elementor-widget-container\">\n\t\t\t\t\t\t\t\t\t<p>Pour les habitants d\u2019un pays, d\u2019une r\u00e9gion, d\u2019une province et m\u00eame au niveau des villes, le drapeau peut avoir une grande valeur affective. <br \/>Les drapeaux rassemblent, unissent, f\u00e9d\u00e8rent en repr\u00e9sentant l\u2019identit\u00e9 forte des territoires. <br \/>Le blason local est souvent porteur de d\u00e9tails historiques et d\u2019\u00e9l\u00e9ments symboliques de la r\u00e9gion qui font la fiert\u00e9 de ses habitants.<br \/>Pour en savoir plus sur ce sujet, consultez l\u2019article \u201c<a href=\"https:\/\/www.macapflag.com\/blog\/symbole-drapeau\/\"><span style=\"color: #3366ff;\">la charge symbolique du drapeau<\/span><\/a>\u201d<\/p>\t\t\t\t\t\t\t\t<\/div>\n\t\t\t\t<\/div>\n\t\t\t\t\t<\/div>\n\t\t<\/div>\n\t\t\t\t\t<\/div>\n\t\t<\/section>\n\t\t\t\t<section class=\"elementor-section elementor-top-section elementor-element elementor-element-82ebfd3 elementor-section-boxed elementor-section-height-default elementor-section-height-default\" data-id=\"82ebfd3\" data-element_type=\"section\">\n\t\t\t\t\t\t<div class=\"elementor-container elementor-column-gap-default\">\n\t\t\t\t\t<div class=\"elementor-column elementor-col-100 elementor-top-column elementor-element elementor-element-bc338e2\" data-id=\"bc338e2\" data-element_type=\"column\">\n\t\t\t<div class=\"elementor-widget-wrap elementor-element-populated\">\n\t\t\t\t\t\t<div class=\"elementor-element elementor-element-e404abb elementor-widget elementor-widget-image\" data-id=\"e404abb\" data-element_type=\"widget\" data-widget_type=\"image.default\">\n\t\t\t\t<div class=\"elementor-widget-container\">\n\t\t\t\t\t\t\t\t\t\t\t\t<figure class=\"wp-caption\">\n\t\t\t\t\t\t\t\t\t\t<img loading=\"lazy\" decoding=\"async\" width=\"700\" height=\"534\" src=\"https:\/\/www.macapflag.com\/blog\/wp-content\/uploads\/2021\/02\/drapeau-nouvelle-aquitaine.jpg\" class=\"attachment-large size-large wp-image-6401\" alt=\"Embl\u00e8me du drapeau de la r\u00e9gion Nouvelle Aquitaine\" srcset=\"https:\/\/www.macapflag.com\/blog\/wp-content\/uploads\/2021\/02\/drapeau-nouvelle-aquitaine.jpg 700w, https:\/\/www.macapflag.com\/blog\/wp-content\/uploads\/2021\/02\/drapeau-nouvelle-aquitaine-300x229.jpg 300w\" sizes=\"(max-width: 700px) 100vw, 700px\" \/>\t\t\t\t\t\t\t\t\t\t\t<figcaption class=\"widget-image-caption wp-caption-text\">L'embl\u00e8me de la Nouvelle Aquitaine est une t\u00eate de lion rouge qui enserre le territoire en regardant l'oc\u00e9an<\/figcaption>\n\t\t\t\t\t\t\t\t\t\t<\/figure>\n\t\t\t\t\t\t\t\t\t<\/div>\n\t\t\t\t<\/div>\n\t\t\t\t\t<\/div>\n\t\t<\/div>\n\t\t\t\t\t<\/div>\n\t\t<\/section>\n\t\t\t\t<section class=\"elementor-section elementor-top-section elementor-element elementor-element-03639da elementor-section-boxed elementor-section-height-default elementor-section-height-default\" data-id=\"03639da\" data-element_type=\"section\">\n\t\t\t\t\t\t<div class=\"elementor-container elementor-column-gap-default\">\n\t\t\t\t\t<div class=\"elementor-column elementor-col-100 elementor-top-column elementor-element elementor-element-626781d\" data-id=\"626781d\" data-element_type=\"column\">\n\t\t\t<div class=\"elementor-widget-wrap elementor-element-populated\">\n\t\t\t\t\t\t<div class=\"elementor-element elementor-element-d4fe4b6 elementor-widget elementor-widget-text-editor\" data-id=\"d4fe4b6\" data-element_type=\"widget\" data-widget_type=\"text-editor.default\">\n\t\t\t\t<div class=\"elementor-widget-container\">\n\t\t\t\t\t\t\t\t\t<h3>Existe-t-il une taille standard d\u2019un drapeau r\u00e9gion ?<\/h3><p>Ce drapeau, comme la plupart des drapeaux, peut-\u00eatre d\u00e9clin\u00e9 dans diff\u00e9rentes dimensions, du petit drapeau plastique \u00e0 agiter jusqu\u2019au <a href=\"https:\/\/www.macapflag.com\/drapeau-officiel\/324-drapeau-officiel-xxl.html\"><span style=\"color: #3366ff;\">drapeau XXL<\/span><\/a> qui vient recouvrir un monument.<\/p><p>Lorsqu\u2019il est vou\u00e9 \u00e0 \u00eatre install\u00e9 sur un m\u00e2t, certaines dimensions sont pr\u00e9conis\u00e9es pour respecter une bonne proportionnalit\u00e9 entre la taille du drapeau et la hauteur du m\u00e2t.<\/p><p>Pour plus de d\u00e9tails, pour r\u00e9pondre \u00e0 une question ou pour une demande de produit sp\u00e9cifique, l\u2019\u00e9quipe technico-commerciale Macap est \u00e0 votre disposition ! <br \/>Nous sommes en mesure de fabriquer en France une large gamme de supports et drapeaux officiels, du drapeau d\u2019une r\u00e9gion fran\u00e7aise au pavillon d\u2019une province du monde\u2026<\/p><h3>Les drapeaux r\u00e9gionaux, outils de communication \u00e9v\u00e9nementielle<\/h3><div><div>Les <a href=\"https:\/\/www.macapflag.com\/352-drapeau-region-province\/s-38\/modele-regions_francaises\" target=\"_blank\" rel=\"noopener\"><span style=\"color: #3366ff;\">drapeaux des r\u00e9gions fran\u00e7aises<\/span><\/a> ne sont pas seulement des symboles institutionnels ; ils jouent \u00e9galement un r\u00f4le cl\u00e9 dans la communication lors d&#8217;\u00e9v\u00e9nements locaux.<\/div><div>Lors de festivals, de salons ou de manifestations sportives, les oriflammes et drapeaux arborant les couleurs r\u00e9gionales permettent de cr\u00e9er un sentiment d&#8217;appartenance et de dynamiser l&#8217;espace.<\/div><div>\u00a0<\/div><h2>Achetez en ligne votre drapeau officiel de r\u00e9gion fabriqu\u00e9 en France :<\/h2><ul><li><h3>Drapeau r\u00e9gion pour m\u00e2t<\/h3><\/li><\/ul><\/div>\t\t\t\t\t\t\t\t<\/div>\n\t\t\t\t<\/div>\n\t\t\t\t\t<\/div>\n\t\t<\/div>\n\t\t\t\t\t<\/div>\n\t\t<\/section>\n\t\t\t\t<section class=\"elementor-section elementor-top-section elementor-element elementor-element-92158f2 elementor-section-boxed elementor-section-height-default elementor-section-height-default\" data-id=\"92158f2\" data-element_type=\"section\">\n\t\t\t\t\t\t<div class=\"elementor-container elementor-column-gap-default\">\n\t\t\t\t\t<div class=\"elementor-column elementor-col-33 elementor-top-column elementor-element elementor-element-3581fae\" data-id=\"3581fae\" data-element_type=\"column\">\n\t\t\t<div class=\"elementor-widget-wrap elementor-element-populated\">\n\t\t\t\t\t\t<div class=\"elementor-element elementor-element-5da4ea1 elementor-widget elementor-widget-shortcode\" data-id=\"5da4ea1\" data-element_type=\"widget\" data-widget_type=\"shortcode.default\">\n\t\t\t\t<div class=\"elementor-widget-container\">\n\t\t\t\t\t\t\t<div class=\"elementor-shortcode\"><div class=\"container p-0 m-0\">\n    <div class=\"row m-0 border\">\n        <div class=\"col-12 grid-didpd-body text-center\">\n            <img decoding=\"async\" src=\"https:\/\/www.macapflag.com\/1856627-home_default\/drapeau-auvergne-rhone-alpes-pour-mat-region.jpg\" alt=\"Drapeau r&eacute;gion Auvergne Rh&ocirc;ne Alpes pour m&acirc;t\" class=\"mx-auto\" \/>\n            <div class=\"grid-didpd-text\">\n                <a href=\"https:\/\/www.macapflag.com\/drapeau-pays-pour-mat\/791562-drapeau-auvergne-rhone-alpes-pour-mat-region.html\" target=\"_blank\" class=\"stretched-link\">\n                    <h3>Drapeau r\u00e9gion Auvergne Rh\u00f4ne Alpes pour m\u00e2t<\/h3>\n                <\/a>\n            <\/div>\n                        <p class=\"text-center font-weight-bold\">17,50 \u20ac HT<\/p>            <div class=\"text-center\">\n                <button class=\"btn btn-primary\">Vente drapeau r\u00e9gion Rh\u00f4ne Alpes<\/button>\n            <\/div>\n        <\/div>\n    <\/div>\n<\/div>\n <\/div>\n\t\t\t\t\t\t<\/div>\n\t\t\t\t<\/div>\n\t\t\t\t\t<\/div>\n\t\t<\/div>\n\t\t\t\t<div class=\"elementor-column elementor-col-33 elementor-top-column elementor-element elementor-element-feafa4f\" data-id=\"feafa4f\" data-element_type=\"column\">\n\t\t\t<div class=\"elementor-widget-wrap elementor-element-populated\">\n\t\t\t\t\t\t<div class=\"elementor-element elementor-element-b2b0df7 elementor-widget elementor-widget-shortcode\" data-id=\"b2b0df7\" data-element_type=\"widget\" data-widget_type=\"shortcode.default\">\n\t\t\t\t<div class=\"elementor-widget-container\">\n\t\t\t\t\t\t\t<div class=\"elementor-shortcode\"><div class=\"container p-0 m-0\">\n    <div class=\"row m-0 border\">\n        <div class=\"col-12 grid-didpd-body text-center\">\n            <img decoding=\"async\" src=\"https:\/\/www.macapflag.com\/1856640-home_default\/drapeau-normandie-pour-mat-region.jpg\" alt=\"Drapeau r&eacute;gion Normandie pour m&acirc;t\" class=\"mx-auto\" \/>\n            <div class=\"grid-didpd-text\">\n                <a href=\"https:\/\/www.macapflag.com\/drapeau-pays-pour-mat\/791570-drapeau-normandie-pour-mat-region.html\" target=\"_blank\" class=\"stretched-link\">\n                    <h3>Drapeau r\u00e9gion Normandie pour m\u00e2t<\/h3>\n                <\/a>\n            <\/div>\n                        <p class=\"text-center font-weight-bold\">17,50 \u20ac HT<\/p>            <div class=\"text-center\">\n                <button class=\"btn btn-primary\">Vente drapeau Normandie<\/button>\n            <\/div>\n        <\/div>\n    <\/div>\n<\/div>\n <\/div>\n\t\t\t\t\t\t<\/div>\n\t\t\t\t<\/div>\n\t\t\t\t\t<\/div>\n\t\t<\/div>\n\t\t\t\t<div class=\"elementor-column elementor-col-33 elementor-top-column elementor-element elementor-element-1ab50f1\" data-id=\"1ab50f1\" data-element_type=\"column\">\n\t\t\t<div class=\"elementor-widget-wrap elementor-element-populated\">\n\t\t\t\t\t\t<div class=\"elementor-element elementor-element-cd47e3b elementor-widget elementor-widget-shortcode\" data-id=\"cd47e3b\" data-element_type=\"widget\" data-widget_type=\"shortcode.default\">\n\t\t\t\t<div class=\"elementor-widget-container\">\n\t\t\t\t\t\t\t<div class=\"elementor-shortcode\"><div class=\"container p-0 m-0\">\n    <div class=\"row m-0 border\">\n        <div class=\"col-12 grid-didpd-body text-center\">\n            <img decoding=\"async\" src=\"https:\/\/www.macapflag.com\/1856637-home_default\/drapeau-la-reunion-pour-mat-region.jpg\" alt=\"Drapeau r&eacute;gion R&eacute;union pour m&acirc;t\" class=\"mx-auto\" \/>\n            <div class=\"grid-didpd-text\">\n                <a href=\"https:\/\/www.macapflag.com\/drapeau-pays-pour-mat\/791578-drapeau-la-reunion-pour-mat-region.html\" target=\"_blank\" class=\"stretched-link\">\n                    <h3>Drapeau r\u00e9gion R\u00e9union pour m\u00e2t<\/h3>\n                <\/a>\n            <\/div>\n                        <p class=\"text-center font-weight-bold\">17,50 \u20ac HT<\/p>            <div class=\"text-center\">\n                <button class=\"btn btn-primary\">Vente drapeau r\u00e9gion R\u00e9union<\/button>\n            <\/div>\n        <\/div>\n    <\/div>\n<\/div>\n <\/div>\n\t\t\t\t\t\t<\/div>\n\t\t\t\t<\/div>\n\t\t\t\t\t<\/div>\n\t\t<\/div>\n\t\t\t\t\t<\/div>\n\t\t<\/section>\n\t\t\t\t<section class=\"elementor-section elementor-top-section elementor-element elementor-element-03fd531 elementor-section-boxed elementor-section-height-default elementor-section-height-default\" data-id=\"03fd531\" data-element_type=\"section\">\n\t\t\t\t\t\t<div class=\"elementor-container elementor-column-gap-default\">\n\t\t\t\t\t<div class=\"elementor-column elementor-col-100 elementor-top-column elementor-element elementor-element-3613b25\" data-id=\"3613b25\" data-element_type=\"column\">\n\t\t\t<div class=\"elementor-widget-wrap elementor-element-populated\">\n\t\t\t\t\t\t<div class=\"elementor-element elementor-element-cc8271d elementor-widget elementor-widget-text-editor\" data-id=\"cc8271d\" data-element_type=\"widget\" data-widget_type=\"text-editor.default\">\n\t\t\t\t<div class=\"elementor-widget-container\">\n\t\t\t\t\t\t\t\t\t<ul><li><h3>Drapeau r\u00e9gion sur hampe<\/h3><\/li><\/ul>\t\t\t\t\t\t\t\t<\/div>\n\t\t\t\t<\/div>\n\t\t\t\t\t<\/div>\n\t\t<\/div>\n\t\t\t\t\t<\/div>\n\t\t<\/section>\n\t\t\t\t<section class=\"elementor-section elementor-top-section elementor-element elementor-element-f566f8e elementor-section-boxed elementor-section-height-default elementor-section-height-default\" data-id=\"f566f8e\" data-element_type=\"section\">\n\t\t\t\t\t\t<div class=\"elementor-container elementor-column-gap-default\">\n\t\t\t\t\t<div class=\"elementor-column elementor-col-33 elementor-top-column elementor-element elementor-element-b365ab2\" data-id=\"b365ab2\" data-element_type=\"column\">\n\t\t\t<div class=\"elementor-widget-wrap elementor-element-populated\">\n\t\t\t\t\t\t<div class=\"elementor-element elementor-element-8c73299 elementor-widget elementor-widget-shortcode\" data-id=\"8c73299\" data-element_type=\"widget\" data-widget_type=\"shortcode.default\">\n\t\t\t\t<div class=\"elementor-widget-container\">\n\t\t\t\t\t\t\t<div class=\"elementor-shortcode\"><div class=\"container p-0 m-0\">\n    <div class=\"row m-0 border\">\n        <div class=\"col-12 grid-didpd-body text-center\">\n            <img decoding=\"async\" src=\"https:\/\/www.macapflag.com\/1856702-home_default\/drapeau-bretagne-avec-hampe-region.jpg\" alt=\"Drapeau r&eacute;gion Bretagne sur hampe\" class=\"mx-auto\" \/>\n            <div class=\"grid-didpd-text\">\n                <a href=\"https:\/\/www.macapflag.com\/drapeau-pays-avec-hampe\/791582-drapeau-bretagne-avec-hampe-region.html\" target=\"_blank\" class=\"stretched-link\">\n                    <h3>Drapeau r\u00e9gion Bretagne sur hampe<\/h3>\n                <\/a>\n            <\/div>\n                        <p class=\"text-center font-weight-bold\">22,30 \u20ac HT<\/p>            <div class=\"text-center\">\n                <button class=\"btn btn-primary\">Vente drapeau Bretagne<\/button>\n            <\/div>\n        <\/div>\n    <\/div>\n<\/div>\n <\/div>\n\t\t\t\t\t\t<\/div>\n\t\t\t\t<\/div>\n\t\t\t\t\t<\/div>\n\t\t<\/div>\n\t\t\t\t<div class=\"elementor-column elementor-col-33 elementor-top-column elementor-element elementor-element-887c676\" data-id=\"887c676\" data-element_type=\"column\">\n\t\t\t<div class=\"elementor-widget-wrap elementor-element-populated\">\n\t\t\t\t\t\t<div class=\"elementor-element elementor-element-68ae94d elementor-widget elementor-widget-shortcode\" data-id=\"68ae94d\" data-element_type=\"widget\" data-widget_type=\"shortcode.default\">\n\t\t\t\t<div class=\"elementor-widget-container\">\n\t\t\t\t\t\t\t<div class=\"elementor-shortcode\"><div class=\"container p-0 m-0\">\n    <div class=\"row m-0 border\">\n        <div class=\"col-12 grid-didpd-body text-center\">\n            <img decoding=\"async\" src=\"https:\/\/www.macapflag.com\/1860507-home_default\/drapeau-grand-est-avec-hampe-region.jpg\" alt=\"Drapeau r&eacute;gion Grand Est sur hampe\" class=\"mx-auto\" \/>\n            <div class=\"grid-didpd-text\">\n                <a href=\"https:\/\/www.macapflag.com\/drapeau-pays-avec-hampe\/791585-drapeau-grand-est-avec-hampe-region.html\" target=\"_blank\" class=\"stretched-link\">\n                    <h3>Drapeau r\u00e9gion Grand Est sur hampe<\/h3>\n                <\/a>\n            <\/div>\n                        <p class=\"text-center font-weight-bold\">22,30 \u20ac HT<\/p>            <div class=\"text-center\">\n                <button class=\"btn btn-primary\">Vente drapeau Grand Est<\/button>\n            <\/div>\n        <\/div>\n    <\/div>\n<\/div>\n <\/div>\n\t\t\t\t\t\t<\/div>\n\t\t\t\t<\/div>\n\t\t\t\t\t<\/div>\n\t\t<\/div>\n\t\t\t\t<div class=\"elementor-column elementor-col-33 elementor-top-column elementor-element elementor-element-eff0021\" data-id=\"eff0021\" data-element_type=\"column\">\n\t\t\t<div class=\"elementor-widget-wrap elementor-element-populated\">\n\t\t\t\t\t\t<div class=\"elementor-element elementor-element-934a982 elementor-widget elementor-widget-shortcode\" data-id=\"934a982\" data-element_type=\"widget\" data-widget_type=\"shortcode.default\">\n\t\t\t\t<div class=\"elementor-widget-container\">\n\t\t\t\t\t\t\t<div class=\"elementor-shortcode\"><div class=\"container p-0 m-0\">\n    <div class=\"row m-0 border\">\n        <div class=\"col-12 grid-didpd-body text-center\">\n            <img decoding=\"async\" src=\"https:\/\/www.macapflag.com\/1856704-home_default\/drapeau-corse-avec-hampe-region.jpg\" alt=\"Drapeau r&eacute;gion Corse sur hampe\" class=\"mx-auto\" \/>\n            <div class=\"grid-didpd-text\">\n                <a href=\"https:\/\/www.macapflag.com\/drapeau-pays-avec-hampe\/791584-drapeau-corse-avec-hampe-region.html\" target=\"_blank\" class=\"stretched-link\">\n                    <h3>Drapeau r\u00e9gion Corse sur hampe<\/h3>\n                <\/a>\n            <\/div>\n                        <p class=\"text-center font-weight-bold\">22,30 \u20ac HT<\/p>            <div class=\"text-center\">\n                <button class=\"btn btn-primary\">Vente drapeau Corse<\/button>\n            <\/div>\n        <\/div>\n    <\/div>\n<\/div>\n <\/div>\n\t\t\t\t\t\t<\/div>\n\t\t\t\t<\/div>\n\t\t\t\t\t<\/div>\n\t\t<\/div>\n\t\t\t\t\t<\/div>\n\t\t<\/section>\n\t\t\t\t<\/div>\n\t\t","protected":false},"excerpt":{"rendered":"<div class=\"tmnf_excerpt\"><p>Lorsque l\u2019on pense drapeaux, on pense instinctivement au drapeau de la France, de l\u2019Europe ou aux drapeaux des pays du monde. Pourtant l&#8217;univers des drapeaux officiels ne s\u2019arr\u00eate pas l\u00e0. En France, chaque r\u00e9gion\u00a0(et chaque province) a son propre embl\u00e8me d\u00e9clin\u00e9 sur un pavillon. Mieux comprendre les r\u00e9gions fran\u00e7aises : Combien existe-t-il de r\u00e9gions fran\u00e7aises &hellip;<\/p>\n<\/div>","protected":false},"author":2,"featured_media":8443,"comment_status":"closed","ping_status":"closed","sticky":false,"template":"template-fullwidth.php","format":"standard","meta":{"footnotes":""},"categories":[90],"tags":[],"class_list":["post-6377","post","type-post","status-publish","format-standard","has-post-thumbnail","hentry","category-produits-et-sols"],"yoast_head":"<!-- This site is optimized with the Yoast SEO plugin v26.4 - https:\/\/yoast.com\/wordpress\/plugins\/seo\/ -->\n<title>Les drapeaux des r\u00e9gions fran\u00e7aises, une identit\u00e9 r\u00e9gionale<\/title>\n<meta name=\"description\" content=\"Les drapeaux des r\u00e9gions font aussi partie de l&#039;univers des drapeaux France. Chaque r\u00e9gion a son propre drapeau tel un symbole identitaire\" \/>\n<meta name=\"robots\" content=\"index, follow, max-snippet:-1, max-image-preview:large, max-video-preview:-1\" \/>\n<link rel=\"canonical\" href=\"https:\/\/www.macapflag.com\/blog\/regions\/\" \/>\n<meta property=\"og:locale\" content=\"fr_FR\" \/>\n<meta property=\"og:type\" content=\"article\" \/>\n<meta property=\"og:title\" content=\"Les drapeaux des r\u00e9gions fran\u00e7aises, une identit\u00e9 r\u00e9gionale\" \/>\n<meta property=\"og:description\" content=\"Les drapeaux des r\u00e9gions font aussi partie de l&#039;univers des drapeaux France. Chaque r\u00e9gion a son propre drapeau tel un symbole identitaire\" \/>\n<meta property=\"og:url\" content=\"https:\/\/www.macapflag.com\/blog\/regions\/\" \/>\n<meta property=\"og:site_name\" content=\"Blog - Macap\" \/>\n<meta property=\"article:publisher\" content=\"https:\/\/www.facebook.com\/macap.pavoisement\/\" \/>\n<meta property=\"article:published_time\" content=\"2025-08-27T06:00:02+00:00\" \/>\n<meta property=\"og:image\" content=\"https:\/\/www.macapflag.com\/blog\/wp-content\/uploads\/2021\/02\/drapeau-region-et-drapeau-france.jpg\" \/>\n\t<meta property=\"og:image:width\" content=\"870\" \/>\n\t<meta property=\"og:image:height\" content=\"600\" \/>\n\t<meta property=\"og:image:type\" content=\"image\/jpeg\" \/>\n<meta name=\"author\" content=\"Blog Macap\" \/>\n<meta name=\"twitter:card\" content=\"summary_large_image\" \/>\n<meta name=\"twitter:label1\" content=\"\u00c9crit par\" \/>\n\t<meta name=\"twitter:data1\" content=\"Blog Macap\" \/>\n\t<meta name=\"twitter:label2\" content=\"Dur\u00e9e de lecture estim\u00e9e\" \/>\n\t<meta name=\"twitter:data2\" content=\"7 minutes\" \/>\n<script type=\"application\/ld+json\" class=\"yoast-schema-graph\">{\"@context\":\"https:\/\/schema.org\",\"@graph\":[{\"@type\":\"Article\",\"@id\":\"https:\/\/www.macapflag.com\/blog\/regions\/#article\",\"isPartOf\":{\"@id\":\"https:\/\/www.macapflag.com\/blog\/regions\/\"},\"author\":{\"name\":\"Blog Macap\",\"@id\":\"https:\/\/www.macapflag.com\/blog\/#\/schema\/person\/3fea701f2603875e651e6b662578fc3c\"},\"headline\":\"Les drapeaux de l&#8217;univers France, drapeaux r\u00e9gions\",\"datePublished\":\"2025-08-27T06:00:02+00:00\",\"mainEntityOfPage\":{\"@id\":\"https:\/\/www.macapflag.com\/blog\/regions\/\"},\"wordCount\":1241,\"publisher\":{\"@id\":\"https:\/\/www.macapflag.com\/blog\/#organization\"},\"image\":{\"@id\":\"https:\/\/www.macapflag.com\/blog\/regions\/#primaryimage\"},\"thumbnailUrl\":\"https:\/\/www.macapflag.com\/blog\/wp-content\/uploads\/2021\/02\/drapeau-region-et-drapeau-france.jpg\",\"articleSection\":[\"Produits &amp; Solutions\"],\"inLanguage\":\"fr-FR\"},{\"@type\":\"WebPage\",\"@id\":\"https:\/\/www.macapflag.com\/blog\/regions\/\",\"url\":\"https:\/\/www.macapflag.com\/blog\/regions\/\",\"name\":\"Les drapeaux des r\u00e9gions fran\u00e7aises, une identit\u00e9 r\u00e9gionale\",\"isPartOf\":{\"@id\":\"https:\/\/www.macapflag.com\/blog\/#website\"},\"primaryImageOfPage\":{\"@id\":\"https:\/\/www.macapflag.com\/blog\/regions\/#primaryimage\"},\"image\":{\"@id\":\"https:\/\/www.macapflag.com\/blog\/regions\/#primaryimage\"},\"thumbnailUrl\":\"https:\/\/www.macapflag.com\/blog\/wp-content\/uploads\/2021\/02\/drapeau-region-et-drapeau-france.jpg\",\"datePublished\":\"2025-08-27T06:00:02+00:00\",\"description\":\"Les drapeaux des r\u00e9gions font aussi partie de l'univers des drapeaux France. Chaque r\u00e9gion a son propre drapeau tel un symbole identitaire\",\"breadcrumb\":{\"@id\":\"https:\/\/www.macapflag.com\/blog\/regions\/#breadcrumb\"},\"inLanguage\":\"fr-FR\",\"potentialAction\":[{\"@type\":\"ReadAction\",\"target\":[\"https:\/\/www.macapflag.com\/blog\/regions\/\"]}]},{\"@type\":\"ImageObject\",\"inLanguage\":\"fr-FR\",\"@id\":\"https:\/\/www.macapflag.com\/blog\/regions\/#primaryimage\",\"url\":\"https:\/\/www.macapflag.com\/blog\/wp-content\/uploads\/2021\/02\/drapeau-region-et-drapeau-france.jpg\",\"contentUrl\":\"https:\/\/www.macapflag.com\/blog\/wp-content\/uploads\/2021\/02\/drapeau-region-et-drapeau-france.jpg\",\"width\":870,\"height\":600,\"caption\":\"Drapeau r\u00e9gion Occitanie et drapeau France\"},{\"@type\":\"BreadcrumbList\",\"@id\":\"https:\/\/www.macapflag.com\/blog\/regions\/#breadcrumb\",\"itemListElement\":[{\"@type\":\"ListItem\",\"position\":1,\"name\":\"Accueil\",\"item\":\"https:\/\/www.macapflag.com\/blog\/\"},{\"@type\":\"ListItem\",\"position\":2,\"name\":\"Les drapeaux de l&rsquo;univers France, drapeaux r\u00e9gions\"}]},{\"@type\":\"WebSite\",\"@id\":\"https:\/\/www.macapflag.com\/blog\/#website\",\"url\":\"https:\/\/www.macapflag.com\/blog\/\",\"name\":\"Blog - Macap\",\"description\":\"Tous nos articles\",\"publisher\":{\"@id\":\"https:\/\/www.macapflag.com\/blog\/#organization\"},\"potentialAction\":[{\"@type\":\"SearchAction\",\"target\":{\"@type\":\"EntryPoint\",\"urlTemplate\":\"https:\/\/www.macapflag.com\/blog\/?s={search_term_string}\"},\"query-input\":{\"@type\":\"PropertyValueSpecification\",\"valueRequired\":true,\"valueName\":\"search_term_string\"}}],\"inLanguage\":\"fr-FR\"},{\"@type\":\"Organization\",\"@id\":\"https:\/\/www.macapflag.com\/blog\/#organization\",\"name\":\"macapflag\",\"url\":\"https:\/\/www.macapflag.com\/blog\/\",\"logo\":{\"@type\":\"ImageObject\",\"inLanguage\":\"fr-FR\",\"@id\":\"https:\/\/www.macapflag.com\/blog\/#\/schema\/logo\/image\/\",\"url\":\"https:\/\/www.macapflag.com\/blog\/wp-content\/uploads\/2020\/12\/cropped-M-512-1.png\",\"contentUrl\":\"https:\/\/www.macapflag.com\/blog\/wp-content\/uploads\/2020\/12\/cropped-M-512-1.png\",\"width\":512,\"height\":512,\"caption\":\"macapflag\"},\"image\":{\"@id\":\"https:\/\/www.macapflag.com\/blog\/#\/schema\/logo\/image\/\"},\"sameAs\":[\"https:\/\/www.facebook.com\/macap.pavoisement\/\",\"https:\/\/www.instagram.com\/macapflag\/?hl=fr\",\"https:\/\/www.linkedin.com\/company\/macap\/?originalSubdomain=fr\",\"https:\/\/www.youtube.com\/channel\/UCXNzTIdZh9poEBjSXEqDtNw\"]},{\"@type\":\"Person\",\"@id\":\"https:\/\/www.macapflag.com\/blog\/#\/schema\/person\/3fea701f2603875e651e6b662578fc3c\",\"name\":\"Blog Macap\",\"image\":{\"@type\":\"ImageObject\",\"inLanguage\":\"fr-FR\",\"@id\":\"https:\/\/www.macapflag.com\/blog\/#\/schema\/person\/image\/\",\"url\":\"https:\/\/secure.gravatar.com\/avatar\/c12551f2dc51f0db049633b03e7856985477a70da834cc8967dea4ce54bdd6a2?s=96&d=mm&r=g\",\"contentUrl\":\"https:\/\/secure.gravatar.com\/avatar\/c12551f2dc51f0db049633b03e7856985477a70da834cc8967dea4ce54bdd6a2?s=96&d=mm&r=g\",\"caption\":\"Blog Macap\"},\"url\":\"https:\/\/www.macapflag.com\/blog\/author\/macap\/\"}]}<\/script>\n<!-- \/ Yoast SEO plugin. -->","yoast_head_json":{"title":"Les drapeaux des r\u00e9gions fran\u00e7aises, une identit\u00e9 r\u00e9gionale","description":"Les drapeaux des r\u00e9gions font aussi partie de l'univers des drapeaux France. Chaque r\u00e9gion a son propre drapeau tel un symbole identitaire","robots":{"index":"index","follow":"follow","max-snippet":"max-snippet:-1","max-image-preview":"max-image-preview:large","max-video-preview":"max-video-preview:-1"},"canonical":"https:\/\/www.macapflag.com\/blog\/regions\/","og_locale":"fr_FR","og_type":"article","og_title":"Les drapeaux des r\u00e9gions fran\u00e7aises, une identit\u00e9 r\u00e9gionale","og_description":"Les drapeaux des r\u00e9gions font aussi partie de l'univers des drapeaux France. Chaque r\u00e9gion a son propre drapeau tel un symbole identitaire","og_url":"https:\/\/www.macapflag.com\/blog\/regions\/","og_site_name":"Blog - Macap","article_publisher":"https:\/\/www.facebook.com\/macap.pavoisement\/","article_published_time":"2025-08-27T06:00:02+00:00","og_image":[{"width":870,"height":600,"url":"https:\/\/www.macapflag.com\/blog\/wp-content\/uploads\/2021\/02\/drapeau-region-et-drapeau-france.jpg","type":"image\/jpeg"}],"author":"Blog Macap","twitter_card":"summary_large_image","twitter_misc":{"\u00c9crit par":"Blog Macap","Dur\u00e9e de lecture estim\u00e9e":"7 minutes"},"schema":{"@context":"https:\/\/schema.org","@graph":[{"@type":"Article","@id":"https:\/\/www.macapflag.com\/blog\/regions\/#article","isPartOf":{"@id":"https:\/\/www.macapflag.com\/blog\/regions\/"},"author":{"name":"Blog Macap","@id":"https:\/\/www.macapflag.com\/blog\/#\/schema\/person\/3fea701f2603875e651e6b662578fc3c"},"headline":"Les drapeaux de l&#8217;univers France, drapeaux r\u00e9gions","datePublished":"2025-08-27T06:00:02+00:00","mainEntityOfPage":{"@id":"https:\/\/www.macapflag.com\/blog\/regions\/"},"wordCount":1241,"publisher":{"@id":"https:\/\/www.macapflag.com\/blog\/#organization"},"image":{"@id":"https:\/\/www.macapflag.com\/blog\/regions\/#primaryimage"},"thumbnailUrl":"https:\/\/www.macapflag.com\/blog\/wp-content\/uploads\/2021\/02\/drapeau-region-et-drapeau-france.jpg","articleSection":["Produits &amp; Solutions"],"inLanguage":"fr-FR"},{"@type":"WebPage","@id":"https:\/\/www.macapflag.com\/blog\/regions\/","url":"https:\/\/www.macapflag.com\/blog\/regions\/","name":"Les drapeaux des r\u00e9gions fran\u00e7aises, une identit\u00e9 r\u00e9gionale","isPartOf":{"@id":"https:\/\/www.macapflag.com\/blog\/#website"},"primaryImageOfPage":{"@id":"https:\/\/www.macapflag.com\/blog\/regions\/#primaryimage"},"image":{"@id":"https:\/\/www.macapflag.com\/blog\/regions\/#primaryimage"},"thumbnailUrl":"https:\/\/www.macapflag.com\/blog\/wp-content\/uploads\/2021\/02\/drapeau-region-et-drapeau-france.jpg","datePublished":"2025-08-27T06:00:02+00:00","description":"Les drapeaux des r\u00e9gions font aussi partie de l'univers des drapeaux France. Chaque r\u00e9gion a son propre drapeau tel un symbole identitaire","breadcrumb":{"@id":"https:\/\/www.macapflag.com\/blog\/regions\/#breadcrumb"},"inLanguage":"fr-FR","potentialAction":[{"@type":"ReadAction","target":["https:\/\/www.macapflag.com\/blog\/regions\/"]}]},{"@type":"ImageObject","inLanguage":"fr-FR","@id":"https:\/\/www.macapflag.com\/blog\/regions\/#primaryimage","url":"https:\/\/www.macapflag.com\/blog\/wp-content\/uploads\/2021\/02\/drapeau-region-et-drapeau-france.jpg","contentUrl":"https:\/\/www.macapflag.com\/blog\/wp-content\/uploads\/2021\/02\/drapeau-region-et-drapeau-france.jpg","width":870,"height":600,"caption":"Drapeau r\u00e9gion Occitanie et drapeau France"},{"@type":"BreadcrumbList","@id":"https:\/\/www.macapflag.com\/blog\/regions\/#breadcrumb","itemListElement":[{"@type":"ListItem","position":1,"name":"Accueil","item":"https:\/\/www.macapflag.com\/blog\/"},{"@type":"ListItem","position":2,"name":"Les drapeaux de l&rsquo;univers France, drapeaux r\u00e9gions"}]},{"@type":"WebSite","@id":"https:\/\/www.macapflag.com\/blog\/#website","url":"https:\/\/www.macapflag.com\/blog\/","name":"Blog - Macap","description":"Tous nos articles","publisher":{"@id":"https:\/\/www.macapflag.com\/blog\/#organization"},"potentialAction":[{"@type":"SearchAction","target":{"@type":"EntryPoint","urlTemplate":"https:\/\/www.macapflag.com\/blog\/?s={search_term_string}"},"query-input":{"@type":"PropertyValueSpecification","valueRequired":true,"valueName":"search_term_string"}}],"inLanguage":"fr-FR"},{"@type":"Organization","@id":"https:\/\/www.macapflag.com\/blog\/#organization","name":"macapflag","url":"https:\/\/www.macapflag.com\/blog\/","logo":{"@type":"ImageObject","inLanguage":"fr-FR","@id":"https:\/\/www.macapflag.com\/blog\/#\/schema\/logo\/image\/","url":"https:\/\/www.macapflag.com\/blog\/wp-content\/uploads\/2020\/12\/cropped-M-512-1.png","contentUrl":"https:\/\/www.macapflag.com\/blog\/wp-content\/uploads\/2020\/12\/cropped-M-512-1.png","width":512,"height":512,"caption":"macapflag"},"image":{"@id":"https:\/\/www.macapflag.com\/blog\/#\/schema\/logo\/image\/"},"sameAs":["https:\/\/www.facebook.com\/macap.pavoisement\/","https:\/\/www.instagram.com\/macapflag\/?hl=fr","https:\/\/www.linkedin.com\/company\/macap\/?originalSubdomain=fr","https:\/\/www.youtube.com\/channel\/UCXNzTIdZh9poEBjSXEqDtNw"]},{"@type":"Person","@id":"https:\/\/www.macapflag.com\/blog\/#\/schema\/person\/3fea701f2603875e651e6b662578fc3c","name":"Blog Macap","image":{"@type":"ImageObject","inLanguage":"fr-FR","@id":"https:\/\/www.macapflag.com\/blog\/#\/schema\/person\/image\/","url":"https:\/\/secure.gravatar.com\/avatar\/c12551f2dc51f0db049633b03e7856985477a70da834cc8967dea4ce54bdd6a2?s=96&d=mm&r=g","contentUrl":"https:\/\/secure.gravatar.com\/avatar\/c12551f2dc51f0db049633b03e7856985477a70da834cc8967dea4ce54bdd6a2?s=96&d=mm&r=g","caption":"Blog Macap"},"url":"https:\/\/www.macapflag.com\/blog\/author\/macap\/"}]}},"_links":{"self":[{"href":"https:\/\/www.macapflag.com\/blog\/wp-json\/wp\/v2\/posts\/6377","targetHints":{"allow":["GET"]}}],"collection":[{"href":"https:\/\/www.macapflag.com\/blog\/wp-json\/wp\/v2\/posts"}],"about":[{"href":"https:\/\/www.macapflag.com\/blog\/wp-json\/wp\/v2\/types\/post"}],"author":[{"embeddable":true,"href":"https:\/\/www.macapflag.com\/blog\/wp-json\/wp\/v2\/users\/2"}],"replies":[{"embeddable":true,"href":"https:\/\/www.macapflag.com\/blog\/wp-json\/wp\/v2\/comments?post=6377"}],"version-history":[{"count":48,"href":"https:\/\/www.macapflag.com\/blog\/wp-json\/wp\/v2\/posts\/6377\/revisions"}],"predecessor-version":[{"id":20805,"href":"https:\/\/www.macapflag.com\/blog\/wp-json\/wp\/v2\/posts\/6377\/revisions\/20805"}],"wp:featuredmedia":[{"embeddable":true,"href":"https:\/\/www.macapflag.com\/blog\/wp-json\/wp\/v2\/media\/8443"}],"wp:attachment":[{"href":"https:\/\/www.macapflag.com\/blog\/wp-json\/wp\/v2\/media?parent=6377"}],"wp:term":[{"taxonomy":"category","embeddable":true,"href":"https:\/\/www.macapflag.com\/blog\/wp-json\/wp\/v2\/categories?post=6377"},{"taxonomy":"post_tag","embeddable":true,"href":"https:\/\/www.macapflag.com\/blog\/wp-json\/wp\/v2\/tags?post=6377"}],"curies":[{"name":"wp","href":"https:\/\/api.w.org\/{rel}","templated":true}]}}